{"id":23228,"date":"2025-10-20T01:52:45","date_gmt":"2025-10-19T23:52:45","guid":{"rendered":"https:\/\/www.freidenker.org\/?p=23228"},"modified":"2025-11-30T13:21:21","modified_gmt":"2025-11-30T12:21:21","slug":"lisa-fitz-flucht","status":"publish","type":"post","link":"https:\/\/www.freidenker.org\/?p=23228","title":{"rendered":"Lisa Fitz \u2013 Flucht"},"content":{"rendered":"<p><em>Video von\u00a0<strong>Lisa Fitz<\/strong><\/em><\/p>\n<p><span style=\"font-size: 10pt;\">Ver\u00f6ffentlicht am 15.10.2025 auf den <a href=\"https:\/\/www.nachdenkseiten.de\/?p=140593\" target=\"_blank\" rel=\"noopener\">NachDenkSeiten<\/a><\/span><\/p>\n<p>Dieser Beitrag ist auch als Audio-Podcast verf\u00fcgbar.<\/p>\n<audio class=\"wp-audio-shortcode\" id=\"audio-23228-1\" preload=\"none\" style=\"width: 100%;\" controls=\"controls\"><source type=\"audio\/mpeg\" src=\"https:\/\/www.nachdenkseiten.de\/upload\/podcast\/251014-Lisa-Fitz-Flucht-NDS.mp3?_=1\" \/><a href=\"https:\/\/www.nachdenkseiten.de\/upload\/podcast\/251014-Lisa-Fitz-Flucht-NDS.mp3\">https:\/\/www.nachdenkseiten.de\/upload\/podcast\/251014-Lisa-Fitz-Flucht-NDS.mp3<\/a><\/audio>\n<p><span style=\"font-size: 10pt;\">Bereitgestellt von den <a href=\"https:\/\/www.nachdenkseiten.de\/?p=140593\" target=\"_blank\" rel=\"noopener\">NachDenkSeiten<\/a><\/span><br \/>\n<span style=\"font-size: 10pt;\"><a href=\"https:\/\/www.nachdenkseiten.de\/upload\/podcast\/251014-Lisa-Fitz-Flucht-NDS.mp3\" target=\"_blank\" rel=\"noopener\">Download<\/a><\/span><\/p>\n<p>Des Thema Flucht hat mich so besch\u00e4ftigt. Die einen fl\u00fcchten vor Krieg zu uns, die andern vom Inland ins Ausland, vor der Realit\u00e4t in die Illusion und vor der Steuer in die Oase. Man fl\u00fcchtet vor\u2019m Fortschritt in die Nostalgie, vor der Ehefrau ins Bier und vor der Politik ins Pokalspiel. Vor der Verwandtschaft fl\u00fcchtet man zum Stammtisch. Jeder fl\u00fcchtet \u2026, vor der K\u00e4lte nach Malle, vor der Hitze zum See. Vor der Globalisierung in die Nationalisierung und vor Problemen in den Suff.<\/p>\n<div class=\"jetpack-video-wrapper\"><span class=\"embed-youtube\" style=\"text-align:center; display: block;\"><iframe loading=\"lazy\" class=\"youtube-player\" width=\"800\" height=\"450\" src=\"https:\/\/www.youtube.com\/embed\/EO-0dCTIWbI?version=3&#038;rel=1&#038;showsearch=0&#038;showinfo=1&#038;iv_load_policy=1&#038;fs=1&#038;hl=de-DE&#038;autohide=2&#038;wmode=transparent\" allowfullscreen=\"true\" style=\"border:0;\" sandbox=\"allow-scripts allow-same-origin allow-popups allow-presentation allow-popups-to-escape-sandbox\"><\/iframe><\/span><\/div>\n<p><span style=\"font-size: 10pt;\">Direktlink zum Video der Nachdenkseiten auf YouTube: <a href=\"https:\/\/www.youtube.com\/watch?v=EO-0dCTIWbI\" target=\"_blank\" rel=\"noopener\">https:\/\/www.youtube.com\/watch?v=EO-0dCTIWbI<\/a><\/span><\/p>\n<p style=\"text-align: right;\"><em>Lisa Fitz ist Beiratsmitglied des Deutschen Freidenker-Verbandes<\/em><\/p>\n<hr \/>\n<p><span style=\"font-size: 10pt;\">Bild oben: Lisa Fitz<\/span><br \/>\n<span style=\"font-size: 10pt;\">Vorschaubild des <a href=\"https:\/\/www.nachdenkseiten.de\/?p=140593\" target=\"_blank\" rel=\"noopener\">Videos der NachDenkSeiten<\/a><\/span><\/p>\n","protected":false},"excerpt":{"rendered":"<p><b>Video von\u00a0Lisa Fitz<\/b><br \/>\nDes Thema Flucht hat mich so besch\u00e4ftigt. Die einen fl\u00fcchten vor Krieg zu uns, die andern vom Inland ins Ausland, vor der Realit\u00e4t in die Illusion und vor der Steuer in die Oase. Man fl\u00fcchtet vor\u2019m Fortschritt in die Nostalgie, vor der Ehefrau ins Bier und vor der Politik ins Pokalspiel. Vor der Verwandtschaft fl\u00fcchtet man zum Stammtisch. Jeder fl\u00fcchtet \u2026, vor der K\u00e4lte nach Malle, vor der Hitze zum See. Vor der Globalisierung in die Nationalisierung und vor Problemen in den Suff.<\/p>\n","protected":false},"author":3,"featured_media":23229,"comment_status":"closed","ping_status":"closed","sticky":false,"template":"","format":"standard","meta":{"colormag_page_container_layout":"default_layout","colormag_page_sidebar_layout":"default_layout","advanced_seo_description":"","jetpack_seo_html_title":"","jetpack_seo_noindex":false,"jetpack_post_was_ever_published":false,"footnotes":""},"categories":[913],"tags":[402,444,694,532,942,188,469,619,1572,1673],"class_list":["post-23228","post","type-post","status-publish","format-standard","has-post-thumbnail","hentry","category-kultur-kunst","tag-flucht","tag-fortschritt","tag-globalisierung","tag-illusion","tag-kabarett","tag-krieg","tag-realitaet","tag-satire","tag-steuern","tag-video"],"jetpack_featured_media_url":"https:\/\/i0.wp.com\/www.freidenker.org\/fw17\/wp-content\/uploads\/2025\/10\/lisa_fitz_flucht_800x450.jpg?fit=800%2C450&ssl=1","jetpack_shortlink":"https:\/\/wp.me\/p9stpK-62E","jetpack-related-posts":[{"id":22870,"url":"https:\/\/www.freidenker.org\/?p=22870","url_meta":{"origin":23228,"position":0},"title":"Lisa Fitz \u2013 Deutschland im Wahn","author":"Webredaktion","date":"16. September 2025","format":false,"excerpt":"Video von Lisa Fitz Ich habe Angst. Nicht vorm Zahnarzt. Nicht vor der Steuerpr\u00fcfung. Sondern vor Deutschland. Vor dem, was daraus geworden ist. Deutschland im Wahn! Im Wahn! Im Genderwahn, im Kriegswahn, im Zensurwahn, im Kontrollwahn, im Strafanzeigenwahn, Hausdurchsuchungswahn, Windr\u00e4derwahn, im Klima-Weltrettungswahn, im Russenvernichtungswahn, im Ukraine-Sieg-Wahn, Waffenwahn, Hetz-Wahn, CSD-Wahn, im\u2026","rel":"","context":"In &quot;Demokratie \u2013 Medien \u2013 Aufkl\u00e4rung&quot;","block_context":{"text":"Demokratie \u2013 Medien \u2013 Aufkl\u00e4rung","link":"https:\/\/www.freidenker.org\/?cat=12"},"img":{"alt_text":"","src":"https:\/\/i0.wp.com\/www.freidenker.org\/fw17\/wp-content\/uploads\/2025\/09\/lisa_fitz_deutschland_im_wahn_800x450.jpg?fit=800%2C450&ssl=1&resize=350%2C200","width":350,"height":200,"srcset":"https:\/\/i0.wp.com\/www.freidenker.org\/fw17\/wp-content\/uploads\/2025\/09\/lisa_fitz_deutschland_im_wahn_800x450.jpg?fit=800%2C450&ssl=1&resize=350%2C200 1x, https:\/\/i0.wp.com\/www.freidenker.org\/fw17\/wp-content\/uploads\/2025\/09\/lisa_fitz_deutschland_im_wahn_800x450.jpg?fit=800%2C450&ssl=1&resize=525%2C300 1.5x, https:\/\/i0.wp.com\/www.freidenker.org\/fw17\/wp-content\/uploads\/2025\/09\/lisa_fitz_deutschland_im_wahn_800x450.jpg?fit=800%2C450&ssl=1&resize=700%2C400 2x"},"classes":[]},{"id":18514,"url":"https:\/\/www.freidenker.org\/?p=18514","url_meta":{"origin":23228,"position":1},"title":"Lisa Fitz &#8211; Politiker au\u00dfer Rand und Band","author":"Webredaktion","date":"9. M\u00e4rz 2024","format":false,"excerpt":"Video von\u00a0Lisa Fitz In ihrem neuen St\u00fcck f\u00fcr die NachDenkSeiten besch\u00e4ftigt sich Lisa Fitz mit Verbalinjurien und sonstigen Ausf\u00e4llen, mit Cholerikern, P\u00f6beleien im Bundestag und mit sogenannten \u201eEmotionsdilettanten\u201c. Statt Contenance zu wahren, bes\u00e4\u00dfen manche nur emotionale Inkontinenz. Teilweise hat diese Unart in j\u00fcngster Zeit auch sie selbst betroffen. Lisa Fitz\u2026","rel":"","context":"In &quot;Demokratie \u2013 Medien \u2013 Aufkl\u00e4rung&quot;","block_context":{"text":"Demokratie \u2013 Medien \u2013 Aufkl\u00e4rung","link":"https:\/\/www.freidenker.org\/?cat=12"},"img":{"alt_text":"","src":"https:\/\/i0.wp.com\/www.freidenker.org\/fw17\/wp-content\/uploads\/2024\/03\/Lisa_Fitz_Politiker_ausser_Rand_und_Band_800x450.jpg?fit=800%2C450&ssl=1&resize=350%2C200","width":350,"height":200,"srcset":"https:\/\/i0.wp.com\/www.freidenker.org\/fw17\/wp-content\/uploads\/2024\/03\/Lisa_Fitz_Politiker_ausser_Rand_und_Band_800x450.jpg?fit=800%2C450&ssl=1&resize=350%2C200 1x, https:\/\/i0.wp.com\/www.freidenker.org\/fw17\/wp-content\/uploads\/2024\/03\/Lisa_Fitz_Politiker_ausser_Rand_und_Band_800x450.jpg?fit=800%2C450&ssl=1&resize=525%2C300 1.5x, https:\/\/i0.wp.com\/www.freidenker.org\/fw17\/wp-content\/uploads\/2024\/03\/Lisa_Fitz_Politiker_ausser_Rand_und_Band_800x450.jpg?fit=800%2C450&ssl=1&resize=700%2C400 2x"},"classes":[]},{"id":17112,"url":"https:\/\/www.freidenker.org\/?p=17112","url_meta":{"origin":23228,"position":2},"title":"Lisa Fitz: Vor dem Gesetz sind alle gleich \u2026 Denkste!","author":"Webredaktion","date":"29. September 2023","format":false,"excerpt":"Video von Lisa Fitz Im neuen St\u00fcck von Lisa Fitz f\u00fcr die NachDenkSeiten geht es um den seltsam gn\u00e4digen Umgang mit prominenten Steuers\u00fcndern, um Olaf Scholz und Cum Ex, um Helmut Kohl, um Uli Hoene\u00df, Boris Becker, Alfons Schuhbeck usw. Durchgehend f\u00e4llt auf, wie gn\u00e4dig Staat und Justiz mit Prominenten\u2026","rel":"","context":"In &quot;Demokratie \u2013 Medien \u2013 Aufkl\u00e4rung&quot;","block_context":{"text":"Demokratie \u2013 Medien \u2013 Aufkl\u00e4rung","link":"https:\/\/www.freidenker.org\/?cat=12"},"img":{"alt_text":"","src":"https:\/\/i0.wp.com\/www.freidenker.org\/fw17\/wp-content\/uploads\/2023\/09\/Lisa_Fitz_Hubert_Olaf_Helmut_800x450.jpg?fit=800%2C450&ssl=1&resize=350%2C200","width":350,"height":200,"srcset":"https:\/\/i0.wp.com\/www.freidenker.org\/fw17\/wp-content\/uploads\/2023\/09\/Lisa_Fitz_Hubert_Olaf_Helmut_800x450.jpg?fit=800%2C450&ssl=1&resize=350%2C200 1x, https:\/\/i0.wp.com\/www.freidenker.org\/fw17\/wp-content\/uploads\/2023\/09\/Lisa_Fitz_Hubert_Olaf_Helmut_800x450.jpg?fit=800%2C450&ssl=1&resize=525%2C300 1.5x, https:\/\/i0.wp.com\/www.freidenker.org\/fw17\/wp-content\/uploads\/2023\/09\/Lisa_Fitz_Hubert_Olaf_Helmut_800x450.jpg?fit=800%2C450&ssl=1&resize=700%2C400 2x"},"classes":[]},{"id":24465,"url":"https:\/\/www.freidenker.org\/?p=24465","url_meta":{"origin":23228,"position":3},"title":"Lisa Fitz \u2013 Geschichte ist die Politik von gestern","author":"Webredaktion","date":"21. Februar 2026","format":false,"excerpt":"Video von Lisa Fitz Geschichte war gestern. Und es lohnt sich, bissl R\u00fcckschau zu halten \u2026 Weil Geschichte ist ja die Politik von gestern, die zum Heute gef\u00fchrt hat. Heute gibt\u2019s \u00fcberall Alarm! Ganz Europa ist m\u00fcde. M\u00fcde vom Denken, vom Erinnern, vom eigenen Dasein.\u00a0","rel":"","context":"In &quot;Kultur &amp; Kunst&quot;","block_context":{"text":"Kultur &amp; Kunst","link":"https:\/\/www.freidenker.org\/?cat=913"},"img":{"alt_text":"","src":"https:\/\/i0.wp.com\/www.freidenker.org\/fw17\/wp-content\/uploads\/2026\/02\/Lisa_Fitz_Geschichte_ist_Politik_von_gestern_800x450.jpg?fit=800%2C450&ssl=1&resize=350%2C200","width":350,"height":200,"srcset":"https:\/\/i0.wp.com\/www.freidenker.org\/fw17\/wp-content\/uploads\/2026\/02\/Lisa_Fitz_Geschichte_ist_Politik_von_gestern_800x450.jpg?fit=800%2C450&ssl=1&resize=350%2C200 1x, https:\/\/i0.wp.com\/www.freidenker.org\/fw17\/wp-content\/uploads\/2026\/02\/Lisa_Fitz_Geschichte_ist_Politik_von_gestern_800x450.jpg?fit=800%2C450&ssl=1&resize=525%2C300 1.5x, https:\/\/i0.wp.com\/www.freidenker.org\/fw17\/wp-content\/uploads\/2026\/02\/Lisa_Fitz_Geschichte_ist_Politik_von_gestern_800x450.jpg?fit=800%2C450&ssl=1&resize=700%2C400 2x"},"classes":[]},{"id":14941,"url":"https:\/\/www.freidenker.org\/?p=14941","url_meta":{"origin":23228,"position":4},"title":"Lisa Fitz \u2013 Eine Prise Kinski","author":"Webredaktion","date":"5. Januar 2023","format":false,"excerpt":"Video von Lisa Fitz Lisa Fitz, die als Kabarettistin seit Jahrzehnten auf politische und gesellschaftliche Missst\u00e4nde hinweist, besch\u00e4ftigt sich in ihrem neuesten St\u00fcck satirisch mit dem \u201cjournalistischen Meister\u2026 Meisnerhandwerk\u201d sowie Anw\u00fcrfen unter der G\u00fcrtellinie gegen sie und auch gegen die NachDenkSeiten. - \u00dcber die \"M\u00f6chte - gern - auch -\u2026","rel":"","context":"In &quot;Demokratie \u2013 Medien \u2013 Aufkl\u00e4rung&quot;","block_context":{"text":"Demokratie \u2013 Medien \u2013 Aufkl\u00e4rung","link":"https:\/\/www.freidenker.org\/?cat=12"},"img":{"alt_text":"","src":"https:\/\/i0.wp.com\/www.freidenker.org\/fw17\/wp-content\/uploads\/2023\/01\/Lisa-Fitz_Prise-Kinski_800x450.jpg?fit=800%2C450&ssl=1&resize=350%2C200","width":350,"height":200,"srcset":"https:\/\/i0.wp.com\/www.freidenker.org\/fw17\/wp-content\/uploads\/2023\/01\/Lisa-Fitz_Prise-Kinski_800x450.jpg?fit=800%2C450&ssl=1&resize=350%2C200 1x, https:\/\/i0.wp.com\/www.freidenker.org\/fw17\/wp-content\/uploads\/2023\/01\/Lisa-Fitz_Prise-Kinski_800x450.jpg?fit=800%2C450&ssl=1&resize=525%2C300 1.5x, https:\/\/i0.wp.com\/www.freidenker.org\/fw17\/wp-content\/uploads\/2023\/01\/Lisa-Fitz_Prise-Kinski_800x450.jpg?fit=800%2C450&ssl=1&resize=700%2C400 2x"},"classes":[]},{"id":21183,"url":"https:\/\/www.freidenker.org\/?p=21183","url_meta":{"origin":23228,"position":5},"title":"Lisa Fitz \u2013 Farbenblind","author":"Webredaktion","date":"17. M\u00e4rz 2025","format":false,"excerpt":"Video von\u00a0Lisa Fitz Der Fr\u00fchling bringt Hoffnung \u2013 also bring ich schon mal die Farben! Wahlen, Inflation, Kriegsgefahr \u2026 meine Laune war im Keller! Wenn ich morgens zu fr\u00fch in den Spiegel gschaut hab, sah ich aus wie Friedrich Merz. Humor hilft halt doch oft. Ich meine: Ist man blind?\u2026","rel":"","context":"In &quot;Demokratie \u2013 Medien \u2013 Aufkl\u00e4rung&quot;","block_context":{"text":"Demokratie \u2013 Medien \u2013 Aufkl\u00e4rung","link":"https:\/\/www.freidenker.org\/?cat=12"},"img":{"alt_text":"","src":"https:\/\/i0.wp.com\/www.freidenker.org\/fw17\/wp-content\/uploads\/2025\/03\/lisa_fitz_farbenblind_800x450.jpg?fit=800%2C450&ssl=1&resize=350%2C200","width":350,"height":200,"srcset":"https:\/\/i0.wp.com\/www.freidenker.org\/fw17\/wp-content\/uploads\/2025\/03\/lisa_fitz_farbenblind_800x450.jpg?fit=800%2C450&ssl=1&resize=350%2C200 1x, https:\/\/i0.wp.com\/www.freidenker.org\/fw17\/wp-content\/uploads\/2025\/03\/lisa_fitz_farbenblind_800x450.jpg?fit=800%2C450&ssl=1&resize=525%2C300 1.5x, https:\/\/i0.wp.com\/www.freidenker.org\/fw17\/wp-content\/uploads\/2025\/03\/lisa_fitz_farbenblind_800x450.jpg?fit=800%2C450&ssl=1&resize=700%2C400 2x"},"classes":[]}],"_links":{"self":[{"href":"https:\/\/www.freidenker.org\/index.php?rest_route=\/wp\/v2\/posts\/23228","targetHints":{"allow":["GET"]}}],"collection":[{"href":"https:\/\/www.freidenker.org\/index.php?rest_route=\/wp\/v2\/posts"}],"about":[{"href":"https:\/\/www.freidenker.org\/index.php?rest_route=\/wp\/v2\/types\/post"}],"author":[{"embeddable":true,"href":"https:\/\/www.freidenker.org\/index.php?rest_route=\/wp\/v2\/users\/3"}],"replies":[{"embeddable":true,"href":"https:\/\/www.freidenker.org\/index.php?rest_route=%2Fwp%2Fv2%2Fcomments&post=23228"}],"version-history":[{"count":1,"href":"https:\/\/www.freidenker.org\/index.php?rest_route=\/wp\/v2\/posts\/23228\/revisions"}],"predecessor-version":[{"id":23230,"href":"https:\/\/www.freidenker.org\/index.php?rest_route=\/wp\/v2\/posts\/23228\/revisions\/23230"}],"wp:featuredmedia":[{"embeddable":true,"href":"https:\/\/www.freidenker.org\/index.php?rest_route=\/wp\/v2\/media\/23229"}],"wp:attachment":[{"href":"https:\/\/www.freidenker.org\/index.php?rest_route=%2Fwp%2Fv2%2Fmedia&parent=23228"}],"wp:term":[{"taxonomy":"category","embeddable":true,"href":"https:\/\/www.freidenker.org\/index.php?rest_route=%2Fwp%2Fv2%2Fcategories&post=23228"},{"taxonomy":"post_tag","embeddable":true,"href":"https:\/\/www.freidenker.org\/index.php?rest_route=%2Fwp%2Fv2%2Ftags&post=23228"}],"curies":[{"name":"wp","href":"https:\/\/api.w.org\/{rel}","templated":true}]}}