{"id":23224,"date":"2025-10-17T03:07:18","date_gmt":"2025-10-17T01:07:18","guid":{"rendered":"https:\/\/www.freidenker.org\/?p=23224"},"modified":"2025-11-15T17:45:45","modified_gmt":"2025-11-15T16:45:45","slug":"macron-auf-kurs-richtung-abgrund","status":"publish","type":"post","link":"https:\/\/www.freidenker.org\/?p=23224","title":{"rendered":"Macron auf Kurs Richtung Abgrund"},"content":{"rendered":"<h4><strong>Versuch, die Vorg\u00e4nge im Nachbarland zu verstehen<\/strong><\/h4>\n<p><em>Ein Kommentar von <strong>Tilo Gr\u00e4ser<\/strong><\/em><\/p>\n<p><span style=\"font-size: 10pt;\">Erstver\u00f6ffentlichung am 15.10.2025 auf <a href=\"https:\/\/apolut.net\/macron-auf-kurs-richtung-abgrund-von-tilo-graser\/\" target=\"_blank\" rel=\"noopener\">apolut.net<\/a><\/span><\/p>\n<p>Dieser Beitrag ist auch als Audio-Podcast verf\u00fcgbar.<\/p>\n<audio class=\"wp-audio-shortcode\" id=\"audio-23224-1\" preload=\"none\" style=\"width: 100%;\" controls=\"controls\"><source type=\"audio\/mpeg\" src=\"https:\/\/apolut.net\/content\/media\/2025\/10\/tagesdosis-20251015-apolut.mp3?_=1\" \/><a href=\"https:\/\/apolut.net\/content\/media\/2025\/10\/tagesdosis-20251015-apolut.mp3\">https:\/\/apolut.net\/content\/media\/2025\/10\/tagesdosis-20251015-apolut.mp3<\/a><\/audio>\n<p><span style=\"font-size: 10pt;\">Bereitgestellt von <a href=\"https:\/\/apolut.net\/macron-auf-kurs-richtung-abgrund-von-tilo-graser\/\" target=\"_blank\" rel=\"noopener\">apolut.net<\/a><\/span><br \/>\n<a href=\"https:\/\/apolut.net\/content\/media\/2025\/10\/tagesdosis-20251015-apolut.mp3\" target=\"_blank\" rel=\"noopener\"><span style=\"font-size: 10pt;\">Download<\/span><\/a><\/p>\n<p>Die spinnen, die Franzosen \u2013 das lie\u00dfe sich angesichts der Vorg\u00e4nge im Nachbarland sagen. Wobei das nicht f\u00fcr alle Franzosen gilt, sondern insbesondere f\u00fcr die politischen F\u00fchrungskr\u00e4fte wie Pr\u00e4sident Emmanuel Macron. Der hat den zuvor gescheiterten Premierminister S\u00e9bastien Lecornu nun erneut beauftragt, eine neue Regierung zu bilden. Frankreichs Pr\u00e4sident scheint bestrebt zu sein, sein Land nicht aus der Krise zu f\u00fchren, in die er es selbst gef\u00fchrt hat. Das geschah, indem er nach der vorfristig anberaumten Parlamentswahl am 30. Juni und 7. Juli 2024 nicht die Wahlgewinner vom linken B\u00fcndnis Nouveau Front Populaire\u00a0(NFP, deutsch: Neue Volksfront) und auch nicht den Rassemblement National\u00a0(RN, deutsch.: Nationaler Zusammenschluss \u2013 bis 2018: Front National)\u00a0als st\u00e4rkste Einzelpartei mit der Regierungsbildung beauftragte.<\/p>\n<p>RN war diejenige Einzelpartei, die jenseits der verschiedenen B\u00fcndnisse die meisten Sitze in der franz\u00f6sischen Nationalversammlung erhalten hat. Auch wenn die Partei im Vergleich zu den Parteib\u00fcndnissen als Verliererin aus der Wahl hervorging, erreichte die Anzahl ihrer Sitze im Parlament und der Stimmen, die f\u00fcr sie gestimmt haben, ein Rekordniveau. Doch die anderen politischen Kr\u00e4fte taten alles, was ihnen m\u00f6glich war, um einen tats\u00e4chlichen Erfolg des RN, gef\u00fchrt einst von Marine Le Pen und seit 2022 von Jordan Bardella, zu verhindern. In Frankreich ist das \u00e4hnlich wie hierzulande, wenn es um die Alternative f\u00fcr Deutschland (AfD) geht, die die anderen Parteien mit allen, auch undemokratischen Mitteln bek\u00e4mpfen.<\/p>\n<p>Nebenbemerkung: Dabei gilt in beiden F\u00e4llen, dass es sich um <a href=\"https:\/\/www.textstelle.news\/2017\/09\/25\/systempartei-afd-wahl-2017\/?ref=apolut.net\" target=\"_blank\" rel=\"noopener noreferrer\">Systemparteien<\/a> handelt, auch wenn sie sich \u00f6ffentlich gegen das etablierte \u201eSystem\u201c stellen. Wenn es tats\u00e4chlich dazu kommt, dass der RN wie auch die AfD erwartungsgem\u00e4\u00df eines Tages an der Regierung ihrer L\u00e4nder beteiligt werden, werden viele ihrer W\u00e4hler ihr \u201eblaues Wunder\u201c erleben. Der Politikwissenschaftler Erhard Crome <a href=\"https:\/\/www.textstelle.news\/2017\/09\/26\/afd-politische-reserve-eu-crash\/?ref=apolut.net\" target=\"_blank\" rel=\"noopener noreferrer\">bezeichnete<\/a> schon 2017 die AfD als \u201epolitische Reserve des b\u00fcrgerlichen Lagers f\u00fcr den EU-Crash\u201c.<\/p>\n<p>Zur\u00fcck nach Frankreich: Die derzeit herrschenden Kreise im Nachbarland stehen f\u00fcr die globalistisch und auch transatlantisch orientierten Kr\u00e4fte innerhalb der politischen Kreise. Sie verfolgen seit langem \u00e4hnlich wie jene in Deutschland eine Politik gegen die eigentlichen nationalen Interessen \u2013 wenig \u00fcberraschend scheinen sich Macron und Bundeskanzler Friedrich Merz (CDU) gut zu verstehen. Um jeden Preis wollen diese Kr\u00e4fte ihre politische Macht halten, auch gegen den offensichtlichen Willen der Bev\u00f6lkerungsmehrheit, aber im Interesse der B\u00fcrokratie der Europ\u00e4ischen Union (EU).<\/p>\n<h5><strong>Regierung in der Zange<\/strong><\/h5>\n<p>Folge der Politik von Macron sind schon mehrere gescheiterte Regierungen seit der Parlamentswahl 2024. Lecornu ist insgesamt der vierte Premierminister unter dem derzeitigen Pr\u00e4sidenten. Seiner neuen Regierung droht denn auch gleich ein Misstrauensvotum der Opposition im Parlament, jeweils eins vom RN und eines der Fraktion der linken Partei La France Insoumise, wie unter anderem das russische Portal <em>RT DE<\/em> <a href=\"https:\/\/rtde.site\/europa\/258700-franzoesischer-premier-lecornu-kabinett\/?ref=apolut.net\" target=\"_blank\" rel=\"noopener noreferrer\">meldet<\/a>. Der designierte Premierminister will demnach mit den bisherigen Ministern in Schl\u00fcsselressorts arbeiten.<\/p>\n<p>Wenig \u00fcberraschend will er die liberal-konservative, antisoziale Politik, die neben den wirtschaftlichen Problemen zur Krise in Frankreich beigetragen und f\u00fcr massive Proteste gesorgt hat, fortsetzen. Lecornu war erst Anfang September berufen worden, nachdem sein Vorg\u00e4nger Fran\u00e7ois Bayrou daran scheiterte, die Sparpolitik durchzusetzen. Es geht dabei um Einsparungen im Haushalt in H\u00f6he von 44 Milliarden Euro.<\/p>\n<p>\u201eDie anhaltende Regierungskrise resultiert aus haushaltspolitischem Druck und fehlenden Mehrheiten f\u00fcr Reformen\u201c, war Anfang September im Onlinemagazin <em>Makroskop<\/em> zu <a href=\"https:\/\/makroskop.eu\/31-2025\/frankreich-mit-kurzungen-in-die-krise\/?ref=apolut.net\" target=\"_blank\" rel=\"noopener noreferrer\">lesen<\/a>. Demnach stehen seit der Wahl 2024 Macron zwei starke Lager links und rechts entgegen. Dabei gibt es von keiner der derzeitigen politischen Kr\u00e4fte grunds\u00e4tzlichen Widerstand gegen die Sparpolitik. Blo\u00df in der Frage, wo gespart werden soll, gibt es laut <em>Makroskop<\/em> Unterschiede. Das Magazin machte auf Unterschiede in der Ausrichtung der Parteien im Nachbarland zu denen in Deutschland aufmerksam: So sei der RN \u201enicht derart marktliberal wie die AfD\u201c. Er schlage geringere Einsparungen vor und bringe Instrumente wie eine Kapitalertragssteuer oder eine Abgabe auf Aktienr\u00fcckk\u00e4ufe ein, was bei der AfD nicht der Fall sei.<\/p>\n<p>Die sogenannten Zentristen unter Macron seien bei ihren Entscheidungen immer wieder darauf angewiesen, dass sie von links oder rechts unterst\u00fctzt werden. Bereits im September wurde demnach Macrons wiederholter Verzicht darauf, als Premierminister einen Kandidaten des Linksb\u00fcndnisses NFP als st\u00e4rkster Kraft zu ernennen, wie es gegebene Praxis war, als Affront gesehen. Das mache die Mehrheitsbeschaffung aus dem linken Lager schwierig, so das Magazin.<\/p>\n<p>Danach hat Frankreich derzeit mit 3,3 Billionen Euro eine Staatsschuldenquote von 114 Prozent des Bruttoinlandsproduktes, w\u00e4hrend die EU nur 60 Prozent erlaubt. Hinzu kommen Wachstumsraten der Wirtschaft um die Ein-Prozent-Marke und eine beschlussunf\u00e4hige Regierung ohne neuen Haushalt, \u201eV\u00f6llig offen bleibt, wie Frankreich mit einer gel\u00e4hmten Pro-EU-Regierung und starken EU-skeptischen Fraktionen mit den europ\u00e4ischen Schuldenregeln umgeht\u201c, hei\u00dft es bei <em>Makroskop<\/em>. Analytiker w\u00fcrden eine neue europ\u00e4ische Schuldenkrise bef\u00fcrchten, allerdings werde die Europ\u00e4ische Zentralbank (EZB) Frankreich als \u201eein Herzst\u00fcck der europ\u00e4ischen Integration\u201c nicht fallen lassen.<\/p>\n<h5><strong>Sparen und Aufr\u00fcsten<\/strong><\/h5>\n<p>Das Magazin wies daraufhin, dass Berlin die Entwicklung im Nachbarland besorgt verfolge:<\/p>\n<blockquote><p>\u201eDie EU-kritischen, protektionistischen Kr\u00e4fte werden st\u00e4rker, w\u00e4hrend das neoliberale Zentrum seine alten Mehrheiten verloren hat. Zusammen h\u00e4tten Deutschland und Frankreich zwar die Kraft, die europ\u00e4ische Wirtschaftspolitik in neue Bahnen zu lenken. Doch dass die Bundesrepublik ausgerechnet unter Friedrich Merz von den Maastricht-Kriterien abr\u00fcckt, ist unwahrscheinlich.\u201c<\/p><\/blockquote>\n<p>Zu den Folgen der Krise in Frankreich seit mehr als einem Jahr geh\u00f6rt, dass kaum mehr Gesetze gemacht werden und die Regierungen ihre Umbaupl\u00e4ne nicht durchsetzen k\u00f6nnen. Die bisher vorgeschlagenen Sparpl\u00e4ne vor allem zu Lasten der Besch\u00e4ftigten und der einkommensschwachen Bev\u00f6lkerungskreise wie eine Anhebung des Renteneintrittsalters auf 68 Jahre f\u00fchrten zu massiven Streiks. Die Gemeinsamkeit mit Deutschland ist, dass der Bev\u00f6lkerung K\u00fcrzungen im Sozialbereich aufgezwungen werden, w\u00e4hrend gleichzeitig der Krieg in der Ukraine gegen Russland mit Milliarden an Euro von Beginn an und weiter finanziert wird. Zugleich will auch Paris massiv aufr\u00fcsten.<\/p>\n<p>Der franz\u00f6sische Philosoph Pierre Levy <a href=\"https:\/\/de.eureporter.co\/world\/france-world\/2023\/05\/17\/french-philosopher-pierre-levy-believes-that-the-west-should-not-be-involved-in-the-war-in-ukraine\/?ref=apolut.net\" target=\"_blank\" rel=\"noopener noreferrer\">erkl\u00e4rte<\/a> dazu bereits 2023:<\/p>\n<blockquote><p>\u201eZiel der Rentenreform war es, Dutzende Milliarden Euro einzusparen. Uns wurde gesagt, dass dies notwendig sei, dass wir uns in einer schwierigen Situation bef\u00e4nden, dass wir die Ausgaben \u00fcberwachen m\u00fcssten und so weiter. Aber die Regierung liefert weiterhin Waffen und leert unseren Haushalt.\u201c<\/p><\/blockquote>\n<p>Selbst politische Begleiter von Pr\u00e4sident Macron haben sich inzwischen von ihm abgewandt. So <a href=\"https:\/\/www.tagesschau.de\/ausland\/europa\/frankreich-macron-regierungskrise-100.html?ref=apolut.net\" target=\"_blank\" rel=\"noopener noreferrer\">forderte<\/a> wie andere auch sein ehemaliger Premier \u00c9douard Philippe sogar seinen R\u00fccktritt, den Macron aber bis heute ablehnt. Seine regul\u00e4re Amtszeit endet 2027. Beobachtern zufolge h\u00e4tte der Pr\u00e4sident erneut das Parlament aufl\u00f6sen k\u00f6nnen, um stabile Verh\u00e4ltnisse zu erreichen. Aber das will anscheinend Macron aus einem Grund nicht: Umfragen zufolge k\u00f6nnte das rechtsnationale RN bei einer Neuwahl weiter zulegen und m\u00f6glicherweise sogar eine Mehrheit in der Nationalversammlung erringen. Der Pr\u00e4sident hatte versprochen, so zu regieren, dass die Franzosen nach ihm keine \u201eextremen Parteien\u201c mehr w\u00e4hlen w\u00fcrden.<\/p>\n<h5><strong>\u201eDer schlechteste Pr\u00e4sident\u201c<\/strong><\/h5>\n<p>Gewollt ist nur selten gekonnt, lie\u00dfe sich das kommentieren. Und so macht der ehemalige Pr\u00e4sidentenberater Alain Minc Macron f\u00fcr die Krise und deren Folgen verantwortlich. Er bezeichnete ihn jetzt in einem <a href=\"https:\/\/www.lexpress.fr\/politique\/alain-minc-emmanuel-macron-est-le-pire-president-de-la-ve-et-jose-esperer-quil-nen-est-pas-le-3OAQSC6A4ZAQRCOKCPRKCZ46SI\/?ref=apolut.net\" target=\"_blank\" rel=\"noopener noreferrer\">Interview<\/a> als \u201eschlechtesten Pr\u00e4sidenten\u201c der neueren Geschichte Frankreichs, der sogenannten F\u00fcnften Republik, die 1958 mit der R\u00fcckkehr von Charles de Gaulle an die Macht begann. \u201eDie F\u00fcnfte Republik basiert auf einer klaren Mehrheit und einer ebenso klaren Opposition im Parlament\u201c, erkl\u00e4rte Minc. Diese habe Macron 2022 verspielt, weil er kein B\u00fcndnis mit der republikanischen Rechten einging und un\u00fcbliche Schritte bei der Auswahl des Premiers vollzog.<\/p>\n<p>Der Soziologe sieht als Problem, dass die franz\u00f6sische Politik noch nie \u201eso stark von der Psychologie des Pr\u00e4sidenten der Republik dominiert\u201c worden sei wie derzeit. Er macht bei Macron einen \u201efast schon pathologischen Narzissmus\u201c aus, der zur Verleugnung der Realit\u00e4t f\u00fchre. Zudem habe er \u201enie seine spielerische Seite abgelegt, die glaubt, dass die Vorsehung immer auf seiner Seite sein wird\u201c. Au\u00dferdem habe er \u201ekeine historische Bildung, sondern nur eine literarische und philosophische Bildung. F\u00fcr die Politik ist jedoch die historische Bildung am wichtigsten.\u201c<\/p>\n<p>Minc h\u00e4lt den \u201eMacronismus\u201c f\u00fcr gescheitert, was sich bei einer erneuten Neuwahl des Parlaments zeigen w\u00fcrde. In einem Interview mit dem Fernsehsender <em>BFMTV<\/em> warnte er, der Pr\u00e4sident werde \u201eFrankreich in eine noch viel schlimmere Lage bringen\u201c und dass der RN \u201ekurz vor der Macht\u00fcbernahme\u201c stehe.\u00a0Macron sei inzwischen \u201eradioaktiv\u201c, da seine Umfragewerte auf einen historischen Tiefstand von 14 Prozent gesunken seien. Gegen\u00fcber dem Sender wies Minc auf die Kluft zwischen der politischen Klasse und der wirtschaftlichen Realit\u00e4t hin:<\/p>\n<p style=\"padding-left: 40px;\">\u201eDie Menschen konsumieren nicht, Unternehmer investieren nicht, ausl\u00e4ndische Akteure wollen nicht mehr zu uns kommen.\u201c<\/p>\n<p>Der ehemalige Berater warnte vor den Folgen der politischen Blockade: In Frankreich habe die Sparquote 19 Prozent erreicht, was als Zeichen des Misstrauens den Konsum wie auch die Investitionen bremse. Das habe Folgen f\u00fcr das Wirtschaftswachstum und den Haushalt in Frankreich \u2013 was durch die geplante Sparpolitik aber weiter versch\u00e4rft wird.<\/p>\n<h5><strong>Wachsende Wut und deutsche Verantwortung<\/strong><\/h5>\n<p>Derzeit gilt Frankreich als \u201eSorgenkind der Br\u00fcsseler Eurokraten\u201c, wie Pierre Levy Ende September in einem <a href=\"https:\/\/rtde.site\/europa\/257042-frankreich-ist-neues-sorgenkind-bruesseler\/?ref=apolut.net\" target=\"_blank\" rel=\"noopener noreferrer\">Beitrag<\/a> f\u00fcr <em>RT DE<\/em> feststellte. Sorgen bereiten Br\u00fcssel demnach nicht nur die \u00f6konomische Entwicklung Frankreichs, sondern auch die Zunahme der sozialen Bewegungen wie den Demonstrationen und Streiks von beispiellosem Ausma\u00df seit zwei Jahren. Die Wut bei den arbeitenden Menschen sei so gro\u00df, dass es zu weiteren Protesten kommen k\u00f6nne.<\/p>\n<p style=\"padding-left: 40px;\">\u201eDiese Wut richtet sich in erster Linie gegen die sich abzeichnende Versch\u00e4rfung der Sparpolitik, gegen die Verschlechterung der \u00f6ffentlichen Dienstleistungen, die zwangsl\u00e4ufig aus den Haushaltsk\u00fcrzungen resultiert, und nat\u00fcrlich gegen den unertr\u00e4glichen Kaufkraftverlust f\u00fcr Millionen von Arbeitnehmern, die immer mehr M\u00fche haben, \u00fcber die Runden zu kommen.\u201c<\/p>\n<p>Die Situation werde zunehmend explosiver, berichtete Levy. Diese politische Instabilit\u00e4t sei f\u00fcr die EU umso problematischer, als Frankreich die zweitgr\u00f6\u00dfte Volkswirtschaft in der EU und eines ihrer Gr\u00fcndungsmitglieder sei. Macron sei 2017 von vielen als \u201eHoffnungstr\u00e4ger\u201c gesehen worden, w\u00e4hrend er 2022 nur wiedergew\u00e4hlt worden sei, um Marine Le Pen nicht in den Pariser Elys\u00e9e-Palast einziehen zu lassen.<\/p>\n<p>Levy verwies darauf, dass der fr\u00fchere Wirtschaftsminister Eric Lombard am 13. September angesichts des Ausma\u00dfes der sozialen Mobilisierung einr\u00e4umte, dass die von der gescheiterten Bayrou-Regierung f\u00fcr 2026 geplanten \u201e\u2018Sparma\u00dfnahmen\u2018\u00a0reduziert werden m\u00fcssen\u201c. Der Philosoph sieht in der franz\u00f6sischen politischen Klasse keine Abkehr vom \u201eEurop\u00e4ismus\u201c. Aber zahlreiche Anzeichen w\u00fcrden auf eine \u201ewachsende Unbeliebtheit der europ\u00e4ischen Integration\u201c hindeuten.<\/p>\n<p>Der deutsche \u00d6konom Heiner Flassbeck machte in einem aktuellen <a href=\"https:\/\/www.youtube.com\/watch?v=gWwKWlRkAX4&amp;ref=apolut.net\" target=\"_blank\" rel=\"noopener noreferrer\">Interview<\/a> darauf aufmerksam, dass Deutschland mit seiner Export\u00fcberschuss- und Niedriglohnpolitik mitverantwortlich f\u00fcr die franz\u00f6sische Wirtschafts- und Finanzkrise ist. Schon 2017 stellte Flassbeck in einem <a href=\"https:\/\/makroskop.eu\/frankreich-in-der-schuldenfalle-wie-unsinn-zur-staatsraison-werden-kann-2\/?ref=apolut.net\" target=\"_blank\" rel=\"noopener noreferrer\">Beitrag<\/a> klar, \u201ewer in Frankreich \u00fcber die Rolle und die Verschuldung des Staates redet, muss dar\u00fcber reden, wie man \u2013 bei Nullzinsen \u2013 die Unternehmen dazu bringt, sich noch mehr zu verschulden und so viel zu investieren, dass die vom Ausland und von den heimischen Sparern geschaffene Nachfragel\u00fccke geschlossen wird\u201c. Es bliebe nur die M\u00f6glichkeit, das Leistungsbilanzdefizit zu vermindern und in einen \u00dcberschuss zu verkehren oder weiter auf Staatsverschuldung zu setzen, wobei nur Letzteres realistisch sei \u2013 was aber strikt abgelehnt wird.<\/p>\n<p>\u201eNichts au\u00dfer einem sofortigen R\u00fccktritt des Pr\u00e4sidenten wird jetzt ausreichen, um den wichtigsten Nachbarn Deutschlands politisch wieder in halbwegs stabiles Fahrwasser zu bringen\u201c, <a href=\"https:\/\/www.relevante-oekonomik.com\/2025\/10\/06\/deutschland-die-gute-kraft-die-boeses-schafft\/?ref=apolut.net\" target=\"_blank\" rel=\"noopener noreferrer\">schrieb<\/a> Flassbeck am 6. Oktober nach dem ersten R\u00fccktritt von Lecornu.<\/p>\n<p style=\"padding-left: 40px;\">\u201eFrankreich bricht gerade politisch zusammen, weil Deutschland das Land mit seinen \u201aReformen\u2018, seinen Leistungsbilanz\u00fcbersch\u00fcssen und seiner Schuldenpolitik f\u00fcr Europa wirtschaftlich ruiniert hat.\u201c<\/p>\n<p>Aus der Sicht des \u00d6konomen erleben wir derzeit \u201ein Zeitlupe\u201c nicht weniger als den \u201eUntergang Europas\u201c.<\/p>\n<p style=\"text-align: right;\"><em>Tilo Gr\u00e4ser ist diplomierter Journalist und Mitglied des Deutschen Freidenker-Verbandes<\/em><\/p>\n<hr \/>\n<p><span style=\"font-size: 10pt;\">Bild oben: Emmanuel Macron spricht am 6. Juni 2024 auf dem amerikanischen Friedhof in der Normandie anl\u00e4sslich des 80. Jahrestages der Operation Overlord<\/span><br \/>\n<span style=\"font-size: 10pt;\">Foto: U.S. Army \/ Sgt. David Resnick &#8211; <a href=\"https:\/\/commons.wikimedia.org\/wiki\/File:Secretary_of_the_Army_attends_the_80th_Anniversary_of_D-Day_in_Normandy_(8465698).jpg?uselang=de#Lizenz\" target=\"_blank\" rel=\"noopener\">Gemeinfrei<\/a><\/span><br \/>\n<span style=\"font-size: 10pt;\">Quelle: <a href=\"https:\/\/commons.wikimedia.org\/w\/index.php?curid=151040703\" target=\"_blank\" rel=\"noopener\">https:\/\/commons.wikimedia.org\/w\/index.php?curid=151040703<\/a><\/span><\/p>\n","protected":false},"excerpt":{"rendered":"<p><b>Versuch, die Vorg\u00e4nge im Nachbarland zu verstehen<\/b><br \/>\n<b>Ein Kommentar von Tilo Gr\u00e4ser<\/b><br \/>\nDie spinnen, die Franzosen \u2013 das lie\u00dfe sich angesichts der Vorg\u00e4nge im Nachbarland sagen. Wobei das nicht f\u00fcr alle Franzosen gilt, sondern insbesondere f\u00fcr die politischen F\u00fchrungskr\u00e4fte wie Pr\u00e4sident Emmanuel Macron. Der hat den zuvor gescheiterten Premierminister S\u00e9bastien Lecornu nun erneut beauftragt, eine neue Regierung zu bilden. Frankreichs Pr\u00e4sident scheint bestrebt zu sein, sein Land nicht aus der Krise zu f\u00fchren, in die er es selbst gef\u00fchrt hat. Das geschah, indem er nach der vorfristig anberaumten Parlamentswahl am 30. Juni und 7. Juli 2024 nicht die Wahlgewinner vom linken B\u00fcndnis Nouveau Front Populaire\u00a0(NFP, deutsch: Neue Volksfront) und auch nicht den Rassemblement National\u00a0(RN, deutsch.: Nationaler Zusammenschluss \u2013 bis 2018: Front National)\u00a0als st\u00e4rkste Einzelpartei mit der Regierungsbildung beauftragte.<\/p>\n","protected":false},"author":3,"featured_media":23226,"comment_status":"closed","ping_status":"closed","sticky":false,"template":"","format":"standard","meta":{"colormag_page_container_layout":"default_layout","colormag_page_sidebar_layout":"default_layout","advanced_seo_description":"","jetpack_seo_html_title":"","jetpack_seo_noindex":false,"jetpack_post_was_ever_published":false,"footnotes":""},"categories":[12],"tags":[1031,1027,2829,1091,1770,2156,1150,2107,1117,1240,1714,1268,1801,2161,1572,1511,1313],"class_list":["post-23224","post","type-post","status-publish","format-standard","has-post-thumbnail","hentry","category-demokratie-medien-aufklaerung","tag-afd","tag-frankreich","tag-instabilitaet","tag-links-rechts","tag-macron","tag-ministerpraesident","tag-parlament","tag-praesident","tag-reformen","tag-regierung","tag-rentenreform","tag-sparpolitik","tag-staatshaushalt","tag-staatskrise","tag-steuern","tag-verschuldung","tag-wahlen"],"jetpack_featured_media_url":"https:\/\/i0.wp.com\/www.freidenker.org\/fw17\/wp-content\/uploads\/2025\/10\/Macron_on_Anniversary_of_D-Day_in_Normandy_800x450.jpg?fit=800%2C450&ssl=1","jetpack_shortlink":"https:\/\/wp.me\/p9stpK-62A","jetpack-related-posts":[{"id":22640,"url":"https:\/\/www.freidenker.org\/?p=22640","url_meta":{"origin":23224,"position":0},"title":"\u201eEuropa ist auf dem falschen Weg\u201c","author":"Webredaktion","date":"23. August 2025","format":false,"excerpt":"Kommentar von Tilo Gr\u00e4ser W\u00e4hrend die Pr\u00e4sidenten der USA und Russlands Frieden f\u00fcr die Ukraine suchen, wollen die westeurop\u00e4ischen F\u00fchrungen anscheinend einen solchen weiter verhindern. Die westeurop\u00e4ischen Politiker, treue Vasallen der in den USA abgew\u00e4hlten Kriegstreiber hinter Joseph Biden, wollen den Stellvertreterkrieg in dem Land gegen Russland fortsetzen \u2013 bis\u2026","rel":"","context":"In &quot;Frieden - Antifaschismus - Solidarit\u00e4t&quot;","block_context":{"text":"Frieden - Antifaschismus - Solidarit\u00e4t","link":"https:\/\/www.freidenker.org\/?cat=13"},"img":{"alt_text":"","src":"https:\/\/i0.wp.com\/www.freidenker.org\/fw17\/wp-content\/uploads\/2025\/08\/Friedrich_Merz_und_Emmanuel_Macron_54732162600_800x450.jpg?fit=800%2C450&ssl=1&resize=350%2C200","width":350,"height":200,"srcset":"https:\/\/i0.wp.com\/www.freidenker.org\/fw17\/wp-content\/uploads\/2025\/08\/Friedrich_Merz_und_Emmanuel_Macron_54732162600_800x450.jpg?fit=800%2C450&ssl=1&resize=350%2C200 1x, https:\/\/i0.wp.com\/www.freidenker.org\/fw17\/wp-content\/uploads\/2025\/08\/Friedrich_Merz_und_Emmanuel_Macron_54732162600_800x450.jpg?fit=800%2C450&ssl=1&resize=525%2C300 1.5x, https:\/\/i0.wp.com\/www.freidenker.org\/fw17\/wp-content\/uploads\/2025\/08\/Friedrich_Merz_und_Emmanuel_Macron_54732162600_800x450.jpg?fit=800%2C450&ssl=1&resize=700%2C400 2x"},"classes":[]},{"id":22503,"url":"https:\/\/www.freidenker.org\/?p=22503","url_meta":{"origin":23224,"position":1},"title":"\u201eHirntote\u201c f\u00fchren Europa in die Katastrophe","author":"Webredaktion","date":"1. August 2025","format":false,"excerpt":"Im US-Interesse: Kapitulation und Kriegskurs der EU Kommentar von Tilo Gr\u00e4ser Trumps Zoll-Dampfwalze hat die Europ\u00e4ische Union (EU) \u00fcberrollt \u2013 weil diese zuvor bereits kapituliert hat. So hat die Zeitung Financial Times die Vorg\u00e4nge um den \u201eDeal\u201c zu den Zollschranken beschrieben, den US-Pr\u00e4sident Donald Trump und EU-Kommissionspr\u00e4sidentin Ursula von der\u2026","rel":"","context":"In &quot;Demokratie \u2013 Medien \u2013 Aufkl\u00e4rung&quot;","block_context":{"text":"Demokratie \u2013 Medien \u2013 Aufkl\u00e4rung","link":"https:\/\/www.freidenker.org\/?cat=12"},"img":{"alt_text":"","src":"https:\/\/i0.wp.com\/www.freidenker.org\/fw17\/wp-content\/uploads\/2025\/08\/ki-Raketenwerfer_800x450.jpg?fit=800%2C450&ssl=1&resize=350%2C200","width":350,"height":200,"srcset":"https:\/\/i0.wp.com\/www.freidenker.org\/fw17\/wp-content\/uploads\/2025\/08\/ki-Raketenwerfer_800x450.jpg?fit=800%2C450&ssl=1&resize=350%2C200 1x, https:\/\/i0.wp.com\/www.freidenker.org\/fw17\/wp-content\/uploads\/2025\/08\/ki-Raketenwerfer_800x450.jpg?fit=800%2C450&ssl=1&resize=525%2C300 1.5x, https:\/\/i0.wp.com\/www.freidenker.org\/fw17\/wp-content\/uploads\/2025\/08\/ki-Raketenwerfer_800x450.jpg?fit=800%2C450&ssl=1&resize=700%2C400 2x"},"classes":[]},{"id":23856,"url":"https:\/\/www.freidenker.org\/?p=23856","url_meta":{"origin":23224,"position":2},"title":"Kein Frieden f\u00fcr die Ukraine","author":"Webredaktion","date":"12. Dezember 2025","format":false,"excerpt":"Warum Selenskyj, Merz & Co. nicht vom Krieg lassen k\u00f6nnen Ein Kommentar von Tilo Gr\u00e4ser Manches deutet darauf hin, dass der neue Friedensplan von US-Pr\u00e4sident Donald Trump zum Scheitern verurteilt sein k\u00f6nnte. Die Trump-Administration macht Berichten zufolge Druck auf die ukrainische F\u00fchrung, f\u00fcr den Frieden auf verlorenes Territorium zu verzichten.\u2026","rel":"","context":"In &quot;Frieden - Antifaschismus - Solidarit\u00e4t&quot;","block_context":{"text":"Frieden - Antifaschismus - Solidarit\u00e4t","link":"https:\/\/www.freidenker.org\/?cat=13"},"img":{"alt_text":"","src":"https:\/\/i0.wp.com\/www.freidenker.org\/fw17\/wp-content\/uploads\/2025\/12\/Selenskij_Rutte_Costa_von_der_Leyen_2025-12-08_800x450.jpg?fit=800%2C450&ssl=1&resize=350%2C200","width":350,"height":200,"srcset":"https:\/\/i0.wp.com\/www.freidenker.org\/fw17\/wp-content\/uploads\/2025\/12\/Selenskij_Rutte_Costa_von_der_Leyen_2025-12-08_800x450.jpg?fit=800%2C450&ssl=1&resize=350%2C200 1x, https:\/\/i0.wp.com\/www.freidenker.org\/fw17\/wp-content\/uploads\/2025\/12\/Selenskij_Rutte_Costa_von_der_Leyen_2025-12-08_800x450.jpg?fit=800%2C450&ssl=1&resize=525%2C300 1.5x, https:\/\/i0.wp.com\/www.freidenker.org\/fw17\/wp-content\/uploads\/2025\/12\/Selenskij_Rutte_Costa_von_der_Leyen_2025-12-08_800x450.jpg?fit=800%2C450&ssl=1&resize=700%2C400 2x"},"classes":[]},{"id":24227,"url":"https:\/\/www.freidenker.org\/?p=24227","url_meta":{"origin":23224,"position":3},"title":"Ukraine-Krieg: Keine Aussicht auf Frieden","author":"Webredaktion","date":"16. Januar 2026","format":false,"excerpt":"Kommentar von Tilo Gr\u00e4ser Seitdem US-Pr\u00e4sident Donald Trump Venezuela \u00fcberfallen lie\u00df und ank\u00fcndigte, auch andere Staaten ins Visier zu nehmen \u2013 einschlie\u00dflich Gr\u00f6nland \u2013 scheint die mediale und politische Aufmerksamkeit sich vom Geschehen im Ukraine-Krieg abgewendet zu haben. Dabei halten die K\u00e4mpfe dort an, r\u00fccken die russischen Truppen weiter vor\u2026","rel":"","context":"In &quot;Frieden - Antifaschismus - Solidarit\u00e4t&quot;","block_context":{"text":"Frieden - Antifaschismus - Solidarit\u00e4t","link":"https:\/\/www.freidenker.org\/?cat=13"},"img":{"alt_text":"","src":"https:\/\/i0.wp.com\/www.freidenker.org\/fw17\/wp-content\/uploads\/2026\/01\/Prime_Minister_Keir_Starmer_visits_Ukraine_54510250618_800x450.jpg?fit=800%2C450&ssl=1&resize=350%2C200","width":350,"height":200,"srcset":"https:\/\/i0.wp.com\/www.freidenker.org\/fw17\/wp-content\/uploads\/2026\/01\/Prime_Minister_Keir_Starmer_visits_Ukraine_54510250618_800x450.jpg?fit=800%2C450&ssl=1&resize=350%2C200 1x, https:\/\/i0.wp.com\/www.freidenker.org\/fw17\/wp-content\/uploads\/2026\/01\/Prime_Minister_Keir_Starmer_visits_Ukraine_54510250618_800x450.jpg?fit=800%2C450&ssl=1&resize=525%2C300 1.5x, https:\/\/i0.wp.com\/www.freidenker.org\/fw17\/wp-content\/uploads\/2026\/01\/Prime_Minister_Keir_Starmer_visits_Ukraine_54510250618_800x450.jpg?fit=800%2C450&ssl=1&resize=700%2C400 2x"},"classes":[]},{"id":12423,"url":"https:\/\/www.freidenker.org\/?p=12423","url_meta":{"origin":23224,"position":4},"title":"Washingtons \u201eGro\u00dfes Spiel\u201c","author":"Webredaktion","date":"12. M\u00e4rz 2022","format":false,"excerpt":"Ukraine als eingeplantes Bauernopfer - Ein Kommentar von\u00a0Rainer Rupp Wie die j\u00fcngsten Ereignisse seit der russischen Milit\u00e4roperation am 24. Februar zur Entnazifizierung und Demilitarisierung der Ukraine zeigen, ist der besondere Augenmerk der Russen offensichtlich auf die Unterbindung der Entwicklung von Massenvernichtungswaffen in ihrem von Faschisten mitregierten Nachbarland gerichtet. Dabei geht\u2026","rel":"","context":"In &quot;Frieden - Antifaschismus - Solidarit\u00e4t&quot;","block_context":{"text":"Frieden - Antifaschismus - Solidarit\u00e4t","link":"https:\/\/www.freidenker.org\/?cat=13"},"img":{"alt_text":"","src":"https:\/\/i0.wp.com\/www.freidenker.org\/fw17\/wp-content\/uploads\/2022\/03\/chess-1464959_800x450.jpg?fit=800%2C450&ssl=1&resize=350%2C200","width":350,"height":200,"srcset":"https:\/\/i0.wp.com\/www.freidenker.org\/fw17\/wp-content\/uploads\/2022\/03\/chess-1464959_800x450.jpg?fit=800%2C450&ssl=1&resize=350%2C200 1x, https:\/\/i0.wp.com\/www.freidenker.org\/fw17\/wp-content\/uploads\/2022\/03\/chess-1464959_800x450.jpg?fit=800%2C450&ssl=1&resize=525%2C300 1.5x, https:\/\/i0.wp.com\/www.freidenker.org\/fw17\/wp-content\/uploads\/2022\/03\/chess-1464959_800x450.jpg?fit=800%2C450&ssl=1&resize=700%2C400 2x"},"classes":[]},{"id":23659,"url":"https:\/\/www.freidenker.org\/?p=23659","url_meta":{"origin":23224,"position":5},"title":"Gedenken als Widerstand gegen Kriegstreiberei und Geschichtsf\u00e4lschung","author":"Webredaktion","date":"30. November 2025","format":false,"excerpt":"Bericht von Tilo Gr\u00e4ser Vor 80 Jahren, am 20. November 1945, begann im Saal 600 des N\u00fcrnberger Justizpalastes der erste Prozess gegen die deutschen faschistischen Kriegsverbrecher. Das Internationale Milit\u00e4rtribunal begann an dem Tag seine Arbeit und f\u00e4llte am 30. September und 1. Oktober 1946 seine Urteile gegen 21 f\u00fchrende Vertreter\u2026","rel":"","context":"In &quot;Demokratie \u2013 Medien \u2013 Aufkl\u00e4rung&quot;","block_context":{"text":"Demokratie \u2013 Medien \u2013 Aufkl\u00e4rung","link":"https:\/\/www.freidenker.org\/?cat=12"},"img":{"alt_text":"","src":"https:\/\/i0.wp.com\/www.freidenker.org\/fw17\/wp-content\/uploads\/2025\/11\/Graeser_Gedenken_00_800x450.jpg?fit=800%2C450&ssl=1&resize=350%2C200","width":350,"height":200,"srcset":"https:\/\/i0.wp.com\/www.freidenker.org\/fw17\/wp-content\/uploads\/2025\/11\/Graeser_Gedenken_00_800x450.jpg?fit=800%2C450&ssl=1&resize=350%2C200 1x, https:\/\/i0.wp.com\/www.freidenker.org\/fw17\/wp-content\/uploads\/2025\/11\/Graeser_Gedenken_00_800x450.jpg?fit=800%2C450&ssl=1&resize=525%2C300 1.5x, https:\/\/i0.wp.com\/www.freidenker.org\/fw17\/wp-content\/uploads\/2025\/11\/Graeser_Gedenken_00_800x450.jpg?fit=800%2C450&ssl=1&resize=700%2C400 2x"},"classes":[]}],"_links":{"self":[{"href":"https:\/\/www.freidenker.org\/index.php?rest_route=\/wp\/v2\/posts\/23224","targetHints":{"allow":["GET"]}}],"collection":[{"href":"https:\/\/www.freidenker.org\/index.php?rest_route=\/wp\/v2\/posts"}],"about":[{"href":"https:\/\/www.freidenker.org\/index.php?rest_route=\/wp\/v2\/types\/post"}],"author":[{"embeddable":true,"href":"https:\/\/www.freidenker.org\/index.php?rest_route=\/wp\/v2\/users\/3"}],"replies":[{"embeddable":true,"href":"https:\/\/www.freidenker.org\/index.php?rest_route=%2Fwp%2Fv2%2Fcomments&post=23224"}],"version-history":[{"count":2,"href":"https:\/\/www.freidenker.org\/index.php?rest_route=\/wp\/v2\/posts\/23224\/revisions"}],"predecessor-version":[{"id":23227,"href":"https:\/\/www.freidenker.org\/index.php?rest_route=\/wp\/v2\/posts\/23224\/revisions\/23227"}],"wp:featuredmedia":[{"embeddable":true,"href":"https:\/\/www.freidenker.org\/index.php?rest_route=\/wp\/v2\/media\/23226"}],"wp:attachment":[{"href":"https:\/\/www.freidenker.org\/index.php?rest_route=%2Fwp%2Fv2%2Fmedia&parent=23224"}],"wp:term":[{"taxonomy":"category","embeddable":true,"href":"https:\/\/www.freidenker.org\/index.php?rest_route=%2Fwp%2Fv2%2Fcategories&post=23224"},{"taxonomy":"post_tag","embeddable":true,"href":"https:\/\/www.freidenker.org\/index.php?rest_route=%2Fwp%2Fv2%2Ftags&post=23224"}],"curies":[{"name":"wp","href":"https:\/\/api.w.org\/{rel}","templated":true}]}}