{"id":23218,"date":"2025-10-17T03:07:15","date_gmt":"2025-10-17T01:07:15","guid":{"rendered":"https:\/\/www.freidenker.org\/?p=23218"},"modified":"2025-11-15T17:45:35","modified_gmt":"2025-11-15T16:45:35","slug":"kaja-kallas-in-kiew-mit-gefaelschten-zahlen-ist-der-glaube-an-den-endsieg-unerschuetterlich","status":"publish","type":"post","link":"https:\/\/www.freidenker.org\/?p=23218","title":{"rendered":"Kaja Kallas in Kiew: Mit gef\u00e4lschten Zahlen ist der Glaube an den Endsieg unersch\u00fctterlich"},"content":{"rendered":"<p><strong>Kaja Kallas ist wohlbehalten in Kiew eingetroffen. Dort sichert sie der Ukraine weitere Unterst\u00fctzung zu. Mit zehn Millionen Euro soll das Tribunal zur Aburteilung angeblicher russischer Verbrechen angeschoben werden. Das macht deutlich: Die EU strebt weiter einen Sieg \u00fcber Russland an. <\/strong><\/p>\n<p><em>Von <strong>Gert Ewen Ungar<\/strong><\/em><\/p>\n<p><span style=\"font-size: 10pt;\">Erstver\u00f6ffentlichung am 14.10.2025 auf <a href=\"https:\/\/freedert.online\/europa\/258801-kaja-kallas-in-kiew-mit\/\" target=\"_blank\" rel=\"noopener\">RT DE<\/a><\/span><\/p>\n<p>Trotz der Behauptung, Russland w\u00fcrde t\u00e4glich zivile Ziele in der Westukraine angreifen, bleibt die Reisefrequenz westeurop\u00e4ischer Politiker in die Ukraine hoch. Heute stellt die EU-Au\u00dfenbeauftragte Kaja Kallas unter Beweis, dass an der Behauptung, Russland w\u00fcrde einen Vernichtungskrieg gegen die ukrainische Zivilbev\u00f6lkerung f\u00fchren, etwas nicht stimmen kann. Sie kam wohlbehalten und gut gelaunt in Kiew an. Die gute Laune blieb, denn Kallas bekam bei ihrem Besuch reichlich Gelegenheit, ihren Russenhass umf\u00e4nglich auszuleben. Von Gefahr f\u00fcr ihren Leib und ihr Leben fehlte jede Spur.<\/p>\n<p>W\u00e4re die Gefahr f\u00fcr Leib und Leben tats\u00e4chlich so gro\u00df, wie behauptet, w\u00e4re die EU-Au\u00dfenbeauftragte nicht dort. Ihre und die Anwesenheit zahlloser ihrer Kollegen in der Ukraine, die sich in Kiew die Klinke in die Hand geben, verdeutlicht, dass die Unterstellung, Russland beabsichtige, die ukrainische Zivilbev\u00f6lkerung auszul\u00f6schen, in keiner Hinsicht der Wahrheit entspricht. In den sozialen Netzwerken kursieren Aufnahmen von Feiern in Klubs und Restaurants, von Open-Air-Konzerten und \u00f6ffentlichen Veranstaltungen und vom ukrainischen Alltag, durch die die Behauptung, Russland w\u00fcrde in Kiew gezielt die Zivilbev\u00f6lkerung attackieren, als das entlarvt wird, was sie ist: Propaganda und Desinformation.<\/p>\n<p>Der Besuch von Kallas in Kiew macht jedoch noch etwas anderes deutlich: Die EU ist willens, den Krieg weiter zu verl\u00e4ngern, und h\u00e4lt an dem Ziel weiterhin fest, Russland eine strategische Niederlage beizubringen. In Kiew sagte Kallas bei ihrem Treffen mit dem ukrainischen Au\u00dfenminister Andrij Sybiha zehn Millionen Euro f\u00fcr die Einrichtung eines Tribunals zur Aburteilung angeblicher russischer Kriegsverbrechen zu.<\/p>\n<p>Dass Russland sich den Urteilen dieses Tribunals unterwirft und seine B\u00fcrger an das Tribunal ausliefert, ist nur nach einer bedingungslosen Kapitulation vorstellbar. Die Finanzierung des Tribunals durch die EU bedeutet daher konkret, dass Westeuropa an dem Plan festh\u00e4lt, durch die Aufr\u00fcstung der Ukraine einen Sieg \u00fcber Russland erringen zu wollen.<\/p>\n<p>Dabei sieht Kallas die Ukraine und die EU bereits auf der Zielgeraden. Diese Sicht gr\u00fcndet allerdings auf Daten, die nachweislich falsch sind. So glaubt Kallas, die Inflation in Russland betrage derzeit 20 Prozent. Das ist eine Desinformation. Die Inflation liegt bei 8 Prozent. Das ist zwar h\u00f6her als die von der Zentralbank anvisierten 4 Prozent, aber die Inflation ist im zeitlichen Verlauf kontinuierlich gesunken.<\/p>\n<p>Das wirtschaftliche Wachstum in Russland sei zum Erliegen gekommen, behauptet die Au\u00dfenbeauftragte der EU. Auch das ist falsch. F\u00fcr Russland wird in diesem Jahr ein Wachstum zwischen 1,5 und 2 Prozent erwartet. Das ist zwar weniger als im vergangenen Jahr, als die russische Wirtschaft um 4 Prozent wuchs, aber immer noch Wachstum in einer H\u00f6he, von dem EU-L\u00e4nder wie Deutschland und Frankreich nur tr\u00e4umen k\u00f6nnen. Die franz\u00f6sische Wirtschaft wird in diesem Jahr um 0,8 Prozent wachsen, f\u00fcr Deutschland werden 0,2 Prozent Wachstum prognostiziert. Aufgrund der deutschen Exportabh\u00e4ngigkeit und des weiterhin schwelenden Zollstreits mit den USA bleiben insbesondere f\u00fcr Deutschland die Risiken weiterhin hoch. Ein drittes Rezessionsjahr ist nicht ausgeschlossen. Fakt ist: Alle wirtschaftlichen Probleme, die Westeuropa gerade hat, hat Russland nicht. Kallas verweigert sich dieser Erkenntnis.<\/p>\n<p>Problematisch ist daran, dass Kallas ihre falschen Zahlen selbst glaubt und auf ihrer Grundlage Au\u00dfenpolitik gestaltet. Das ist fatal, denn das von ihr behauptete wirtschaftliche Ungleichgewicht zuungunsten Russlands existiert nicht. Russland steht besser da als die EU. Wenn aber die Analyse nicht stimmt, k\u00f6nnen auch die daraus gezogenen Schl\u00fcsse nicht in die richtige Richtung weisen.<\/p>\n<p>Dem ukrainischen Au\u00dfenminister sichert Kallas zu, man werde einen rechtsicheren Weg finden, der Ukraine das in der EU eingefrorene russische Verm\u00f6gen zur Verf\u00fcgung zu stellen. Damit erh\u00f6ht Kallas das wirtschaftliche Risiko f\u00fcr die EU, denn es ist kaum vorstellbar, dass man den Vorgang anders als Diebstahl werten wird. Damit wird der Euro in seiner Funktion als Reservew\u00e4hrung geschw\u00e4cht. Die Anleger werden sich von ihren Euros trennen.<\/p>\n<p>Auch glaubt Kallas die in der EU verbreitete, verk\u00fcrzte Geschichte, wie es zu dem Krieg kam. Der Krieg sei allein die Schuld Russlands, behauptet Kallas unter Ausklammerung der Vorgeschichte des Konflikts. Dabei ist offensichtlich, dass die EU einen essenziellen Anteil an der Entstehung und an der Eskalation des Konflikts hat, in dessen Zentrum die Bereitschaft steht, die Ukraine in die NATO aufzunehmen. Russland sieht dadurch seine Sicherheitsinteressen bedroht.<\/p>\n<p>Aber die EU ist weder bereit, auf eine Aufnahme der Ukraine in die NATO zu verzichten, noch das Angebot Russlands anzunehmen, eine Sicherheitsarchitektur auf der Basis des Prinzips der Kollektiven Sicherheit zu errichten, die allen L\u00e4ndern Europas dient, einschlie\u00dflich Russlands. Allein deshalb ist bereits klar erkennbar, dass die Aggression nicht von Russland, sondern von Br\u00fcssel und den westeurop\u00e4ischen Hauptst\u00e4dten ausgeht.<\/p>\n<p>Was das Tribunal anbelangt, ist es daher auch wahrscheinlicher, dass sich dereinst westliche Politiker verantworten m\u00fcssen. Unklar bleibt, ob Kallas versteht, dass ihre Handlungen auch f\u00fcr sie durchaus negative Konsequenzen nach sich ziehen k\u00f6nnen. Vermutlich \u00fcbersteigt das ihr Verm\u00f6gen, in Zusammenh\u00e4ngen zu denken. Wobei sie sich aber sicher sein kann, ist, dass sich ihre R\u00fcckreise so angenehm und ohne Zwischenf\u00e4lle gestalten wird wie die Anreise nach Kiew. F\u00fcr ein Kriegsgebiet ist das absolut un\u00fcblich, k\u00f6nnte man Kaja Kallas ausrichten.<\/p>\n<p style=\"text-align: right;\"><em>Gert-Ewen Ungar studierte Philosophie und Germanistik und schreibt regelm\u00e4\u00dfig f\u00fcr die <a href=\"https:\/\/www.neulandrebellen.de\/\" target=\"_blank\" rel=\"noopener\">Neulandrebellen<\/a><\/em><\/p>\n<hr \/>\n<p><span style=\"font-size: 10pt;\">Bild oben: Die EU-Au\u00dfenbeauftragte Kaja Kallas w\u00e4hrend einer Debatte im Europ\u00e4ischen Parlament am 9. September 2025\u00a0<\/span><br \/>\n<span style=\"font-size: 10pt;\">Foto: European Parliament &#8211; <a href=\"https:\/\/www.flickr.com\/photos\/36612355@N08\/54781561131\/\" target=\"_blank\" rel=\"noopener\">https:\/\/www.flickr.com\/photos\/36612355@N08\/54781561131\/<\/a>, <a href=\"https:\/\/creativecommons.org\/licenses\/by\/4.0\" target=\"_blank\" rel=\"noopener\">CC BY 4.0<\/a><\/span><br \/>\n<span style=\"font-size: 10pt;\">Quelle: <a href=\"https:\/\/commons.wikimedia.org\/w\/index.php?curid=175060661\" target=\"_blank\" rel=\"noopener\">https:\/\/commons.wikimedia.org\/w\/index.php?curid=175060661<\/a><\/span><\/p>\n","protected":false},"excerpt":{"rendered":"<p><b>Von Gert Ewen Ungar<\/b><br \/>\nTrotz der Behauptung, Russland w\u00fcrde t\u00e4glich zivile Ziele in der Westukraine angreifen, bleibt die Reisefrequenz westeurop\u00e4ischer Politiker in die Ukraine hoch. Heute stellt die EU-Au\u00dfenbeauftragte Kaja Kallas unter Beweis, dass an der Behauptung, Russland w\u00fcrde einen Vernichtungskrieg gegen die ukrainische Zivilbev\u00f6lkerung f\u00fchren, etwas nicht stimmen kann. Sie kam wohlbehalten und gut gelaunt in Kiew an. Die gute Laune blieb, denn Kallas bekam bei ihrem Besuch reichlich Gelegenheit, ihren Russenhass umf\u00e4nglich auszuleben. Von Gefahr f\u00fcr ihren Leib und ihr Leben fehlte jede Spur.\u00a0W\u00e4re die Gefahr f\u00fcr Leib und Leben tats\u00e4chlich so gro\u00df, wie behauptet, w\u00e4re die EU-Au\u00dfenbeauftragte nicht dort. <\/p>\n","protected":false},"author":3,"featured_media":23222,"comment_status":"closed","ping_status":"closed","sticky":false,"template":"","format":"standard","meta":{"colormag_page_container_layout":"default_layout","colormag_page_sidebar_layout":"default_layout","advanced_seo_description":"","jetpack_seo_html_title":"","jetpack_seo_noindex":false,"jetpack_post_was_ever_published":false,"footnotes":""},"categories":[12],"tags":[699,605,182,181,1443,188,56,222,1168,1815,2001,1004,1111,639,2146,1890,2171],"class_list":["post-23218","post","type-post","status-publish","format-standard","has-post-thumbnail","hentry","category-demokratie-medien-aufklaerung","tag-aussenpolitik","tag-desinformation","tag-eu","tag-euro","tag-inflation","tag-krieg","tag-nato","tag-russland","tag-russophobie","tag-selenskyj","tag-sicherheit","tag-tribunal","tag-ukraine","tag-ukraine-konflikt","tag-vermoegenswerte","tag-waehrung","tag-wirtschaftswachstum"],"jetpack_featured_media_url":"https:\/\/i0.wp.com\/www.freidenker.org\/fw17\/wp-content\/uploads\/2025\/10\/Kallas_Debates_-_54781561131_800x450.jpg?fit=800%2C450&ssl=1","jetpack_shortlink":"https:\/\/wp.me\/p9stpK-62u","jetpack-related-posts":[{"id":23893,"url":"https:\/\/www.freidenker.org\/?p=23893","url_meta":{"origin":23218,"position":0},"title":"Kaja Kallas \u2013 &#8222;ein Geschenk f\u00fcr Russland und die ganze Welt&#8220;","author":"Webredaktion","date":"15. Dezember 2025","format":false,"excerpt":"Beitrag von Rainer Rupp Die Podiumsdiskussion in der Hauptstadt von Katar am Persischen Golf war mit Katars Premierminister Sheikh Mohammed bin Abdulrahman Al-Thani, dem spanischen Au\u00dfenminister Jos\u00e9 Manuel Albares und dem t\u00fcrkischen Au\u00dfenminister Hakan Fidan hochrangig besetzt, ein Attribut, das auf die ebenfalls an der Diskussion beteiligte, hohe Vertreterin der\u2026","rel":"","context":"In &quot;Demokratie \u2013 Medien \u2013 Aufkl\u00e4rung&quot;","block_context":{"text":"Demokratie \u2013 Medien \u2013 Aufkl\u00e4rung","link":"https:\/\/www.freidenker.org\/?cat=12"},"img":{"alt_text":"","src":"https:\/\/i0.wp.com\/www.freidenker.org\/fw17\/wp-content\/uploads\/2025\/12\/Kaja_Kallas_at_Expo_2025_in_Osaka_Japan_-_P067406-250388_800x450.jpg?fit=800%2C450&ssl=1&resize=350%2C200","width":350,"height":200,"srcset":"https:\/\/i0.wp.com\/www.freidenker.org\/fw17\/wp-content\/uploads\/2025\/12\/Kaja_Kallas_at_Expo_2025_in_Osaka_Japan_-_P067406-250388_800x450.jpg?fit=800%2C450&ssl=1&resize=350%2C200 1x, https:\/\/i0.wp.com\/www.freidenker.org\/fw17\/wp-content\/uploads\/2025\/12\/Kaja_Kallas_at_Expo_2025_in_Osaka_Japan_-_P067406-250388_800x450.jpg?fit=800%2C450&ssl=1&resize=525%2C300 1.5x, https:\/\/i0.wp.com\/www.freidenker.org\/fw17\/wp-content\/uploads\/2025\/12\/Kaja_Kallas_at_Expo_2025_in_Osaka_Japan_-_P067406-250388_800x450.jpg?fit=800%2C450&ssl=1&resize=700%2C400 2x"},"classes":[]},{"id":20881,"url":"https:\/\/www.freidenker.org\/?p=20881","url_meta":{"origin":23218,"position":1},"title":"Wer ist die radikal anti-russische Kaja Kallas?","author":"Webredaktion","date":"1. Februar 2025","format":false,"excerpt":"Kommentar von\u00a0Thomas R\u00f6per. Wenn Kaja Kallas in den letzten Jahren durch etwas aufgefallen ist, dann vor allem durch ihre radikal anti-russische Haltung und die Horrorgeschichten, die sie westlichen Medien gerne \u00fcber das Leid erz\u00e4hlt, das ihre Familie in der Zeit der Sowjetunion angeblich durchleben musste. Schon daran sieht man allerdings,\u2026","rel":"","context":"In &quot;Demokratie \u2013 Medien \u2013 Aufkl\u00e4rung&quot;","block_context":{"text":"Demokratie \u2013 Medien \u2013 Aufkl\u00e4rung","link":"https:\/\/www.freidenker.org\/?cat=12"},"img":{"alt_text":"","src":"https:\/\/i0.wp.com\/www.freidenker.org\/fw17\/wp-content\/uploads\/2025\/01\/Kaja_Kallas_21_December_2024_Finland_63_800x450.jpg?fit=800%2C450&ssl=1&resize=350%2C200","width":350,"height":200,"srcset":"https:\/\/i0.wp.com\/www.freidenker.org\/fw17\/wp-content\/uploads\/2025\/01\/Kaja_Kallas_21_December_2024_Finland_63_800x450.jpg?fit=800%2C450&ssl=1&resize=350%2C200 1x, https:\/\/i0.wp.com\/www.freidenker.org\/fw17\/wp-content\/uploads\/2025\/01\/Kaja_Kallas_21_December_2024_Finland_63_800x450.jpg?fit=800%2C450&ssl=1&resize=525%2C300 1.5x, https:\/\/i0.wp.com\/www.freidenker.org\/fw17\/wp-content\/uploads\/2025\/01\/Kaja_Kallas_21_December_2024_Finland_63_800x450.jpg?fit=800%2C450&ssl=1&resize=700%2C400 2x"},"classes":[]},{"id":20980,"url":"https:\/\/www.freidenker.org\/?p=20980","url_meta":{"origin":23218,"position":2},"title":"&#8222;Der Ukraine zu einer Position der St\u00e4rke verhelfen&#8220; \u2013 Ewiggestriges aus dem Baerbock-Ministerium","author":"Webredaktion","date":"18. Februar 2025","format":false,"excerpt":"Beitrag von Gert Ewen Ungar Mit einem Griff zum Telefonh\u00f6rer brachte US-Pr\u00e4sident Donald Trump Bewegung in den festgefahrenen Ukraine-Konflikt. Bisher waren sie Standpunkte klar. Der Westen besteht auf der Aufnahme der Ukraine in die NATO, Russland sieht dadurch seine Sicherheit gef\u00e4hrdet \u2013 solange sich in diesem Punkt nichts bewegt, geht\u2026","rel":"","context":"In &quot;Demokratie \u2013 Medien \u2013 Aufkl\u00e4rung&quot;","block_context":{"text":"Demokratie \u2013 Medien \u2013 Aufkl\u00e4rung","link":"https:\/\/www.freidenker.org\/?cat=12"},"img":{"alt_text":"","src":"https:\/\/i0.wp.com\/www.freidenker.org\/fw17\/wp-content\/uploads\/2025\/02\/Munich_Security_Conference_54329445149_800x450.jpg?fit=800%2C450&ssl=1&resize=350%2C200","width":350,"height":200,"srcset":"https:\/\/i0.wp.com\/www.freidenker.org\/fw17\/wp-content\/uploads\/2025\/02\/Munich_Security_Conference_54329445149_800x450.jpg?fit=800%2C450&ssl=1&resize=350%2C200 1x, https:\/\/i0.wp.com\/www.freidenker.org\/fw17\/wp-content\/uploads\/2025\/02\/Munich_Security_Conference_54329445149_800x450.jpg?fit=800%2C450&ssl=1&resize=525%2C300 1.5x, https:\/\/i0.wp.com\/www.freidenker.org\/fw17\/wp-content\/uploads\/2025\/02\/Munich_Security_Conference_54329445149_800x450.jpg?fit=800%2C450&ssl=1&resize=700%2C400 2x"},"classes":[]},{"id":24511,"url":"https:\/\/www.freidenker.org\/?p=24511","url_meta":{"origin":23218,"position":3},"title":"Pipeline statt Panzer? Die Front verl\u00e4uft durch Leitungen","author":"Webredaktion","date":"28. Februar 2026","format":false,"excerpt":"Ein Meinungsbeitrag von Sabiene Jahn Die Front verl\u00e4uft nicht nur im Donbass. Sie verl\u00e4uft durch Leitungen, Netze, Ventile und Umspannwerke. In Mitteleuropa werden Stromlieferungen gestoppt, Pipelinefl\u00fcsse unterbrochen und milliardenschwere Kreditpakete blockiert. Energie ist zur strategischen W\u00e4hrung dieses Krieges geworden. Und mit jeder neuen Eskalation r\u00fcckt eine unbequeme Frage n\u00e4her \u2013\u2026","rel":"","context":"In &quot;Demokratie \u2013 Medien \u2013 Aufkl\u00e4rung&quot;","block_context":{"text":"Demokratie \u2013 Medien \u2013 Aufkl\u00e4rung","link":"https:\/\/www.freidenker.org\/?cat=12"},"img":{"alt_text":"","src":"https:\/\/i0.wp.com\/www.freidenker.org\/fw17\/wp-content\/uploads\/2026\/02\/alexandra_koch-blackout-7644059_800x450.jpg?fit=800%2C450&ssl=1&resize=350%2C200","width":350,"height":200,"srcset":"https:\/\/i0.wp.com\/www.freidenker.org\/fw17\/wp-content\/uploads\/2026\/02\/alexandra_koch-blackout-7644059_800x450.jpg?fit=800%2C450&ssl=1&resize=350%2C200 1x, https:\/\/i0.wp.com\/www.freidenker.org\/fw17\/wp-content\/uploads\/2026\/02\/alexandra_koch-blackout-7644059_800x450.jpg?fit=800%2C450&ssl=1&resize=525%2C300 1.5x, https:\/\/i0.wp.com\/www.freidenker.org\/fw17\/wp-content\/uploads\/2026\/02\/alexandra_koch-blackout-7644059_800x450.jpg?fit=800%2C450&ssl=1&resize=700%2C400 2x"},"classes":[]},{"id":22104,"url":"https:\/\/www.freidenker.org\/?p=22104","url_meta":{"origin":23218,"position":4},"title":"Wie der Tiefe Staat in den USA gemeinsam mit der EU den Ukraine-Krieg anheizt","author":"Webredaktion","date":"12. Juni 2025","format":false,"excerpt":"Beitrag von\u00a0John Laughland Das Bild von US-Senator Lindsey Graham und EU-Kommissionschefin Ursula von der Leyen, die am 2.\u00a0Juni in Br\u00fcssel gemeinsam in eine Kamera grinsen, sagt mehr als tausend Worte. Graham ist einer der extremsten Kriegstreiber in Washington\u00a0\u2013 und die Konkurrenz ist ziemlich gro\u00df. Seit er vor \u00fcber 30\u00a0Jahren Mitglied\u2026","rel":"","context":"In &quot;Demokratie \u2013 Medien \u2013 Aufkl\u00e4rung&quot;","block_context":{"text":"Demokratie \u2013 Medien \u2013 Aufkl\u00e4rung","link":"https:\/\/www.freidenker.org\/?cat=12"},"img":{"alt_text":"","src":"https:\/\/i0.wp.com\/www.freidenker.org\/fw17\/wp-content\/uploads\/2025\/06\/Lindsey_Graham_visited_Kyiv_Ukraine_Mar_18_2024_-_53642732128_800x450.jpg?fit=800%2C450&ssl=1&resize=350%2C200","width":350,"height":200,"srcset":"https:\/\/i0.wp.com\/www.freidenker.org\/fw17\/wp-content\/uploads\/2025\/06\/Lindsey_Graham_visited_Kyiv_Ukraine_Mar_18_2024_-_53642732128_800x450.jpg?fit=800%2C450&ssl=1&resize=350%2C200 1x, https:\/\/i0.wp.com\/www.freidenker.org\/fw17\/wp-content\/uploads\/2025\/06\/Lindsey_Graham_visited_Kyiv_Ukraine_Mar_18_2024_-_53642732128_800x450.jpg?fit=800%2C450&ssl=1&resize=525%2C300 1.5x, https:\/\/i0.wp.com\/www.freidenker.org\/fw17\/wp-content\/uploads\/2025\/06\/Lindsey_Graham_visited_Kyiv_Ukraine_Mar_18_2024_-_53642732128_800x450.jpg?fit=800%2C450&ssl=1&resize=700%2C400 2x"},"classes":[]},{"id":23747,"url":"https:\/\/www.freidenker.org\/?p=23747","url_meta":{"origin":23218,"position":5},"title":"Was der Korruptionsfall in der EU mit dem \u201eReparationskredit\u201c f\u00fcr Kiew zu tun hat","author":"Webredaktion","date":"8. Dezember 2025","format":false,"excerpt":"Machtk\u00e4mpfe und Korruption von Anti-Spiegel Ich habe es bereits in der letzten Tacheles-Sendung gesagt, komme aber erst jetzt dazu, dar\u00fcber zu schreiben und es ausf\u00fchrlich zu begr\u00fcnden: Die Bem\u00fchungen der EU-Kommission, die in der EU eingefrorenen russischen Verm\u00f6genswerte zu enteignen und f\u00fcr einen \u201eReparationskredit\u201c f\u00fcr die Ukraine zu benutzen, stehen\u2026","rel":"","context":"In &quot;Demokratie \u2013 Medien \u2013 Aufkl\u00e4rung&quot;","block_context":{"text":"Demokratie \u2013 Medien \u2013 Aufkl\u00e4rung","link":"https:\/\/www.freidenker.org\/?cat=12"},"img":{"alt_text":"","src":"https:\/\/i0.wp.com\/www.freidenker.org\/fw17\/wp-content\/uploads\/2025\/12\/Federica_Mogherini_12_800x450.jpg?fit=800%2C450&ssl=1&resize=350%2C200","width":350,"height":200,"srcset":"https:\/\/i0.wp.com\/www.freidenker.org\/fw17\/wp-content\/uploads\/2025\/12\/Federica_Mogherini_12_800x450.jpg?fit=800%2C450&ssl=1&resize=350%2C200 1x, https:\/\/i0.wp.com\/www.freidenker.org\/fw17\/wp-content\/uploads\/2025\/12\/Federica_Mogherini_12_800x450.jpg?fit=800%2C450&ssl=1&resize=525%2C300 1.5x, https:\/\/i0.wp.com\/www.freidenker.org\/fw17\/wp-content\/uploads\/2025\/12\/Federica_Mogherini_12_800x450.jpg?fit=800%2C450&ssl=1&resize=700%2C400 2x"},"classes":[]}],"_links":{"self":[{"href":"https:\/\/www.freidenker.org\/index.php?rest_route=\/wp\/v2\/posts\/23218","targetHints":{"allow":["GET"]}}],"collection":[{"href":"https:\/\/www.freidenker.org\/index.php?rest_route=\/wp\/v2\/posts"}],"about":[{"href":"https:\/\/www.freidenker.org\/index.php?rest_route=\/wp\/v2\/types\/post"}],"author":[{"embeddable":true,"href":"https:\/\/www.freidenker.org\/index.php?rest_route=\/wp\/v2\/users\/3"}],"replies":[{"embeddable":true,"href":"https:\/\/www.freidenker.org\/index.php?rest_route=%2Fwp%2Fv2%2Fcomments&post=23218"}],"version-history":[{"count":2,"href":"https:\/\/www.freidenker.org\/index.php?rest_route=\/wp\/v2\/posts\/23218\/revisions"}],"predecessor-version":[{"id":23223,"href":"https:\/\/www.freidenker.org\/index.php?rest_route=\/wp\/v2\/posts\/23218\/revisions\/23223"}],"wp:featuredmedia":[{"embeddable":true,"href":"https:\/\/www.freidenker.org\/index.php?rest_route=\/wp\/v2\/media\/23222"}],"wp:attachment":[{"href":"https:\/\/www.freidenker.org\/index.php?rest_route=%2Fwp%2Fv2%2Fmedia&parent=23218"}],"wp:term":[{"taxonomy":"category","embeddable":true,"href":"https:\/\/www.freidenker.org\/index.php?rest_route=%2Fwp%2Fv2%2Fcategories&post=23218"},{"taxonomy":"post_tag","embeddable":true,"href":"https:\/\/www.freidenker.org\/index.php?rest_route=%2Fwp%2Fv2%2Ftags&post=23218"}],"curies":[{"name":"wp","href":"https:\/\/api.w.org\/{rel}","templated":true}]}}