{"id":23209,"date":"2025-10-17T03:07:08","date_gmt":"2025-10-17T01:07:08","guid":{"rendered":"https:\/\/www.freidenker.org\/?p=23209"},"modified":"2025-11-15T17:45:17","modified_gmt":"2025-11-15T16:45:17","slug":"iii-nationales-denkfest-stephan-ossenkopp-brics-eine-neue-weltordnung","status":"publish","type":"post","link":"https:\/\/www.freidenker.org\/?p=23209","title":{"rendered":"III. Nationales Denkfest &#8211; Stephan Ossenkopp &#8211; BRICS &#8211; eine neue Weltordnung?"},"content":{"rendered":"<p><em>Video eines Vortrages von <strong>Stephan Ossenkopp<\/strong> auf dem III. Denkfest der Aktiven<\/em><\/p>\n<p><span style=\"font-size: 10pt;\">Aufgenommen am am 29.03.2025, ver\u00f6ffentlicht auf YouTube am 30.09.2025<\/span><\/p>\n<p>Im Ferienpark Retgendorf bei Schwerin fand vom 28.\u201030. M\u00e4rz 2025 das 3. \u201eDenkfest der Aktiven\u201c statt. Zahlreiche Mitglieder unseres Verbandes beteiligten sich an der Programmgestaltung (siehe auch <a href=\"https:\/\/www.freidenker.org\/?p=21416\" target=\"_blank\" rel=\"noopener\">Bericht<\/a>).<\/p>\n<p>Wir ver\u00f6ffentlichen hiermit ein Video des Vortrages unseres Mitgliedes <strong>Stephan Ossenkopp<\/strong> zum Thema &#8222;<strong>BRICS &#8211; eine neue Weltordnung auf dem Weg, an Europa vorbei?<\/strong>&#8220;<\/p>\n<div class=\"jetpack-video-wrapper\"><span class=\"embed-youtube\" style=\"text-align:center; display: block;\"><iframe loading=\"lazy\" class=\"youtube-player\" width=\"800\" height=\"450\" src=\"https:\/\/www.youtube.com\/embed\/CdgteXXjoIs?version=3&#038;rel=1&#038;showsearch=0&#038;showinfo=1&#038;iv_load_policy=1&#038;fs=1&#038;hl=de-DE&#038;autohide=2&#038;wmode=transparent\" allowfullscreen=\"true\" style=\"border:0;\" sandbox=\"allow-scripts allow-same-origin allow-popups allow-presentation allow-popups-to-escape-sandbox\"><\/iframe><\/span><\/div>\n<p><span style=\"font-size: 10pt;\">Direktlink zum Video von Denkfest Friedenstaub auf YouTube: <a href=\"https:\/\/www.youtube.com\/watch?v=CdgteXXjoIs\" target=\"_blank\" rel=\"noopener\">https:\/\/www.youtube.com\/watch?v=CdgteXXjoIs<\/a><\/span><\/p>\n<p>Im Vortrag geht es <span class=\"yt-core-attributed-string yt-core-attributed-string--white-space-pre-wrap\" dir=\"auto\" role=\"text\"><span class=\"yt-core-attributed-string--link-inherit-color\" dir=\"auto\">um die Transformation der Welt, weg von der dominanten unipolaren westlichen Ordnung, hin zu den BRICS, dem Globalen S\u00fcden, also der Weltmehrheit.<\/span><\/span><\/p>\n<p style=\"text-align: right;\"><em>Stephan Ossenkopp ist Journalist und Mitglied des Deutschen Freidenker-Verbandes, Landesverband Berlin<\/em><\/p>\n<hr \/>\n<p><span style=\"font-size: 10pt;\">Bild oben: Stephan Ossenkamp<\/span><br \/>\n<span style=\"font-size: 10pt;\">Vorschaubild des <a href=\"https:\/\/www.youtube.com\/watch?v=CdgteXXjoIs\" target=\"_blank\" rel=\"noopener\">Videos von Denkfest Friedenstaub<\/a><\/span><\/p>\n<p>&nbsp;<\/p>\n","protected":false},"excerpt":{"rendered":"<p><b>Video eines Vortrages von Stephan Ossenkopp auf dem III. Denkfest der Aktiven<\/b><br \/>\nIm Ferienpark Retgendorf bei Schwerin fand vom 28.\u201030. M\u00e4rz 2025 das 3. \u201eDenkfest der Aktiven\u201c statt. Zahlreiche Mitglieder unseres Verbandes beteiligten sich an der Programmgestaltung. Wir ver\u00f6ffentlichen hiermit ein Video des Vortrages unseres Mitgliedes Stephan Ossenkopp zum Thema &#8222;BRICS &#8211; eine neue Weltordnung auf dem Weg, an Europa vorbei?&#8220;<br \/>\nIm Vortrag geht es um die Transformation der Welt, weg von der dominanten unipolaren westlichen Ordnung, hin zu den BRICS, dem Globalen S\u00fcden, also der Weltmehrheit.<\/p>\n","protected":false},"author":3,"featured_media":23213,"comment_status":"closed","ping_status":"closed","sticky":false,"template":"","format":"standard","meta":{"colormag_page_container_layout":"default_layout","colormag_page_sidebar_layout":"default_layout","advanced_seo_description":"","jetpack_seo_html_title":"","jetpack_seo_noindex":false,"jetpack_post_was_ever_published":false,"footnotes":""},"categories":[12,20],"tags":[2391,1151,1778,566,1991],"class_list":["post-23209","post","type-post","status-publish","format-standard","has-post-thumbnail","hentry","category-demokratie-medien-aufklaerung","category-zentrale-veranstaltungen","tag-brics","tag-europa","tag-globaler-sueden","tag-neue-weltordnung","tag-unipolare-weltordnung"],"jetpack_featured_media_url":"https:\/\/i0.wp.com\/www.freidenker.org\/fw17\/wp-content\/uploads\/2025\/10\/friedenstaub03_ossenkopp_youtube_800x450.jpg?fit=800%2C450&ssl=1","jetpack_shortlink":"https:\/\/wp.me\/p9stpK-62l","jetpack-related-posts":[{"id":23210,"url":"https:\/\/www.freidenker.org\/?p=23210","url_meta":{"origin":23209,"position":0},"title":"III. Nationales Denkfest &#8211; Werner R\u00fcgemer &#8211; Verh\u00e4ngnisvolle Freundschaft, wie die USA Europa eroberten","author":"Webredaktion","date":"17. Oktober 2025","format":false,"excerpt":"Video eines Vortrages von Dr. Werner R\u00fcgemer auf dem III. Denkfest der Aktiven Im Ferienpark Retgendorf bei Schwerin fand vom 28.\u201030. M\u00e4rz 2025 das 3. \u201eDenkfest der Aktiven\u201c statt. Zahlreiche Mitglieder unseres Verbandes beteiligten sich an der Programmgestaltung. Wir ver\u00f6ffentlichen hiermit ein Video des Vortrages unseres Beiratsmitgliedes Dr. Werner R\u00fcgemer\u2026","rel":"","context":"In &quot;Demokratie \u2013 Medien \u2013 Aufkl\u00e4rung&quot;","block_context":{"text":"Demokratie \u2013 Medien \u2013 Aufkl\u00e4rung","link":"https:\/\/www.freidenker.org\/?cat=12"},"img":{"alt_text":"","src":"https:\/\/i0.wp.com\/www.freidenker.org\/fw17\/wp-content\/uploads\/2025\/10\/friedenstaub03_ruegemer_youtube_800x450.jpg?fit=800%2C450&ssl=1&resize=350%2C200","width":350,"height":200,"srcset":"https:\/\/i0.wp.com\/www.freidenker.org\/fw17\/wp-content\/uploads\/2025\/10\/friedenstaub03_ruegemer_youtube_800x450.jpg?fit=800%2C450&ssl=1&resize=350%2C200 1x, https:\/\/i0.wp.com\/www.freidenker.org\/fw17\/wp-content\/uploads\/2025\/10\/friedenstaub03_ruegemer_youtube_800x450.jpg?fit=800%2C450&ssl=1&resize=525%2C300 1.5x, https:\/\/i0.wp.com\/www.freidenker.org\/fw17\/wp-content\/uploads\/2025\/10\/friedenstaub03_ruegemer_youtube_800x450.jpg?fit=800%2C450&ssl=1&resize=700%2C400 2x"},"classes":[]},{"id":23231,"url":"https:\/\/www.freidenker.org\/?p=23231","url_meta":{"origin":23209,"position":1},"title":"III. Nationales Denkfest &#8211; Rainer Rupp &#8211; Hilflos in der Sackgasse \u2013 Europas hysterische Eliten","author":"Webredaktion","date":"20. Oktober 2025","format":false,"excerpt":"Video eines Vortrages von Rainer Rupp auf dem III. Denkfest der Aktiven Im Ferienpark Retgendorf bei Schwerin fand vom 28.\u201030. M\u00e4rz 2025 das 3. \u201eDenkfest der Aktiven\u201c statt. Zahlreiche Mitglieder unseres Verbandes beteiligten sich an der Programmgestaltung. Wir ver\u00f6ffentlichen hiermit ein Video des Vortrages unseres Mitgliedes Rainer zum Thema \"Hilflos\u2026","rel":"","context":"In &quot;Demokratie \u2013 Medien \u2013 Aufkl\u00e4rung&quot;","block_context":{"text":"Demokratie \u2013 Medien \u2013 Aufkl\u00e4rung","link":"https:\/\/www.freidenker.org\/?cat=12"},"img":{"alt_text":"","src":"https:\/\/i0.wp.com\/www.freidenker.org\/fw17\/wp-content\/uploads\/2025\/10\/friedenstaub03_rupp_youtube_800x450.jpg?fit=800%2C450&ssl=1&resize=350%2C200","width":350,"height":200,"srcset":"https:\/\/i0.wp.com\/www.freidenker.org\/fw17\/wp-content\/uploads\/2025\/10\/friedenstaub03_rupp_youtube_800x450.jpg?fit=800%2C450&ssl=1&resize=350%2C200 1x, https:\/\/i0.wp.com\/www.freidenker.org\/fw17\/wp-content\/uploads\/2025\/10\/friedenstaub03_rupp_youtube_800x450.jpg?fit=800%2C450&ssl=1&resize=525%2C300 1.5x, https:\/\/i0.wp.com\/www.freidenker.org\/fw17\/wp-content\/uploads\/2025\/10\/friedenstaub03_rupp_youtube_800x450.jpg?fit=800%2C450&ssl=1&resize=700%2C400 2x"},"classes":[]},{"id":23233,"url":"https:\/\/www.freidenker.org\/?p=23233","url_meta":{"origin":23209,"position":2},"title":"III. Nationales Denkfest &#8211; Sag mir wo Du stehst &#8211;  Hartmut K\u00f6nig und Tino Eisbrenner","author":"Webredaktion","date":"20. Oktober 2025","format":false,"excerpt":"Video eines musikalischen Programms von Hartmut K\u00f6nig und Tino Eisbrenner\u00a0auf dem III. Denkfest der Aktiven Im Ferienpark Retgendorf bei Schwerin fand vom 28.\u201030. M\u00e4rz 2025 das 3. \u201eDenkfest der Aktiven\u201c statt. Zahlreiche Mitglieder unseres Verbandes beteiligten sich an der Programmgestaltung. Wir ver\u00f6ffentlichen hiermit ein Video des musikalischen Programms \"Sag mir,\u2026","rel":"","context":"In &quot;Kultur &amp; Kunst&quot;","block_context":{"text":"Kultur &amp; Kunst","link":"https:\/\/www.freidenker.org\/?cat=913"},"img":{"alt_text":"","src":"https:\/\/i0.wp.com\/www.freidenker.org\/fw17\/wp-content\/uploads\/2025\/10\/friedenstaub03_koenig-eisbrenner_youtube_800x450.jpg?fit=800%2C450&ssl=1&resize=350%2C200","width":350,"height":200,"srcset":"https:\/\/i0.wp.com\/www.freidenker.org\/fw17\/wp-content\/uploads\/2025\/10\/friedenstaub03_koenig-eisbrenner_youtube_800x450.jpg?fit=800%2C450&ssl=1&resize=350%2C200 1x, https:\/\/i0.wp.com\/www.freidenker.org\/fw17\/wp-content\/uploads\/2025\/10\/friedenstaub03_koenig-eisbrenner_youtube_800x450.jpg?fit=800%2C450&ssl=1&resize=525%2C300 1.5x, https:\/\/i0.wp.com\/www.freidenker.org\/fw17\/wp-content\/uploads\/2025\/10\/friedenstaub03_koenig-eisbrenner_youtube_800x450.jpg?fit=800%2C450&ssl=1&resize=700%2C400 2x"},"classes":[]},{"id":21416,"url":"https:\/\/www.freidenker.org\/?p=21416","url_meta":{"origin":23209,"position":3},"title":"Bericht: 3. Denkfest der Aktiven","author":"Webredaktion","date":"9. April 2025","format":false,"excerpt":"Im Ferienpark Retgendorf bei Schwerin unseres Freidenkers Henry Marek und seiner Frau Andrea fand vom 28.\u201030. M\u00e4rz 2025 das 3. \"Denkfest der Aktiven\" statt. Zahlreiche Mitglieder unseres Verbandes beteiligten sich an der Programmgestaltung, unser Infostand wurde von Toni Brinkmann und Willi Schulze-Barantin betreut. Das Fest war ein voller Erfolg und\u2026","rel":"","context":"In &quot;Frieden - Antifaschismus - Solidarit\u00e4t&quot;","block_context":{"text":"Frieden - Antifaschismus - Solidarit\u00e4t","link":"https:\/\/www.freidenker.org\/?cat=13"},"img":{"alt_text":"","src":"https:\/\/i0.wp.com\/www.freidenker.org\/fw17\/wp-content\/uploads\/2025\/04\/3_Denkfest_Eisbrenner_800x450.jpg?fit=800%2C450&ssl=1&resize=350%2C200","width":350,"height":200,"srcset":"https:\/\/i0.wp.com\/www.freidenker.org\/fw17\/wp-content\/uploads\/2025\/04\/3_Denkfest_Eisbrenner_800x450.jpg?fit=800%2C450&ssl=1&resize=350%2C200 1x, https:\/\/i0.wp.com\/www.freidenker.org\/fw17\/wp-content\/uploads\/2025\/04\/3_Denkfest_Eisbrenner_800x450.jpg?fit=800%2C450&ssl=1&resize=525%2C300 1.5x, https:\/\/i0.wp.com\/www.freidenker.org\/fw17\/wp-content\/uploads\/2025\/04\/3_Denkfest_Eisbrenner_800x450.jpg?fit=800%2C450&ssl=1&resize=700%2C400 2x"},"classes":[]},{"id":21120,"url":"https:\/\/www.freidenker.org\/?p=21120","url_meta":{"origin":23209,"position":4},"title":"Friedenstaub \u2013 III. Nationales Denkfest der Aktiven","author":"Webredaktion","date":"8. M\u00e4rz 2025","format":false,"excerpt":"Einladung zu Friedenstaub - III. Nationales Denkfest der Aktiven vom 28. - 30. M\u00e4rz 2025 im Ferienpark Retgendorf Liebe Friedensfreundinnen und Freunde, mit unseren Denkfesten der Aktiven haben wir uns vorgenommen, uns zu best\u00e4rken, zu motivieren, zusammzuf\u00fchren und Mut zu geben. An den Gr\u00fcnden unseres Treffens, n\u00e4mlich Waffenhandel, Geschichtsf\u00e4lschung, Krieg,\u2026","rel":"","context":"In &quot;Frieden - Antifaschismus - Solidarit\u00e4t&quot;","block_context":{"text":"Frieden - Antifaschismus - Solidarit\u00e4t","link":"https:\/\/www.freidenker.org\/?cat=13"},"img":{"alt_text":"","src":"https:\/\/i0.wp.com\/www.freidenker.org\/fw17\/wp-content\/uploads\/2025\/03\/Friedenstaub_denkfest3_v3_800x450.jpg?fit=800%2C450&ssl=1&resize=350%2C200","width":350,"height":200,"srcset":"https:\/\/i0.wp.com\/www.freidenker.org\/fw17\/wp-content\/uploads\/2025\/03\/Friedenstaub_denkfest3_v3_800x450.jpg?fit=800%2C450&ssl=1&resize=350%2C200 1x, https:\/\/i0.wp.com\/www.freidenker.org\/fw17\/wp-content\/uploads\/2025\/03\/Friedenstaub_denkfest3_v3_800x450.jpg?fit=800%2C450&ssl=1&resize=525%2C300 1.5x, https:\/\/i0.wp.com\/www.freidenker.org\/fw17\/wp-content\/uploads\/2025\/03\/Friedenstaub_denkfest3_v3_800x450.jpg?fit=800%2C450&ssl=1&resize=700%2C400 2x"},"classes":[]},{"id":15985,"url":"https:\/\/www.freidenker.org\/?p=15985","url_meta":{"origin":23209,"position":5},"title":"China und die neue multipolare Weltordnung","author":"Webredaktion","date":"7. Mai 2023","format":false,"excerpt":"Video eines Vortrages von Petra Lehmann Aufgenommen am 14.03.2023 in Berlin. Ein Vortrag auf freundliche Einladung des Landesverband Berlin im Deutschen Freidenker-Verband e.V. : Petra Lehmann, die Vorsitzende des Deutsch-Chinesischen Freundschaftsverein e.V. Ludwigsfelde, stellt bei den Berliner Freidenkern den Verein vor und beleuchtet die dramatischen welthistorischen Umbr\u00fcche, die mit der\u2026","rel":"","context":"In &quot;Veranstaltungen in den DFV-Landesverb\u00e4nden&quot;","block_context":{"text":"Veranstaltungen in den DFV-Landesverb\u00e4nden","link":"https:\/\/www.freidenker.org\/?cat=19"},"img":{"alt_text":"","src":"https:\/\/i0.wp.com\/www.freidenker.org\/fw17\/wp-content\/uploads\/2023\/05\/petra_lehmann_china_800x450.jpg?fit=800%2C450&ssl=1&resize=350%2C200","width":350,"height":200,"srcset":"https:\/\/i0.wp.com\/www.freidenker.org\/fw17\/wp-content\/uploads\/2023\/05\/petra_lehmann_china_800x450.jpg?fit=800%2C450&ssl=1&resize=350%2C200 1x, https:\/\/i0.wp.com\/www.freidenker.org\/fw17\/wp-content\/uploads\/2023\/05\/petra_lehmann_china_800x450.jpg?fit=800%2C450&ssl=1&resize=525%2C300 1.5x, https:\/\/i0.wp.com\/www.freidenker.org\/fw17\/wp-content\/uploads\/2023\/05\/petra_lehmann_china_800x450.jpg?fit=800%2C450&ssl=1&resize=700%2C400 2x"},"classes":[]}],"_links":{"self":[{"href":"https:\/\/www.freidenker.org\/index.php?rest_route=\/wp\/v2\/posts\/23209","targetHints":{"allow":["GET"]}}],"collection":[{"href":"https:\/\/www.freidenker.org\/index.php?rest_route=\/wp\/v2\/posts"}],"about":[{"href":"https:\/\/www.freidenker.org\/index.php?rest_route=\/wp\/v2\/types\/post"}],"author":[{"embeddable":true,"href":"https:\/\/www.freidenker.org\/index.php?rest_route=\/wp\/v2\/users\/3"}],"replies":[{"embeddable":true,"href":"https:\/\/www.freidenker.org\/index.php?rest_route=%2Fwp%2Fv2%2Fcomments&post=23209"}],"version-history":[{"count":3,"href":"https:\/\/www.freidenker.org\/index.php?rest_route=\/wp\/v2\/posts\/23209\/revisions"}],"predecessor-version":[{"id":23220,"href":"https:\/\/www.freidenker.org\/index.php?rest_route=\/wp\/v2\/posts\/23209\/revisions\/23220"}],"wp:featuredmedia":[{"embeddable":true,"href":"https:\/\/www.freidenker.org\/index.php?rest_route=\/wp\/v2\/media\/23213"}],"wp:attachment":[{"href":"https:\/\/www.freidenker.org\/index.php?rest_route=%2Fwp%2Fv2%2Fmedia&parent=23209"}],"wp:term":[{"taxonomy":"category","embeddable":true,"href":"https:\/\/www.freidenker.org\/index.php?rest_route=%2Fwp%2Fv2%2Fcategories&post=23209"},{"taxonomy":"post_tag","embeddable":true,"href":"https:\/\/www.freidenker.org\/index.php?rest_route=%2Fwp%2Fv2%2Ftags&post=23209"}],"curies":[{"name":"wp","href":"https:\/\/api.w.org\/{rel}","templated":true}]}}