{"id":23185,"date":"2025-10-15T20:32:52","date_gmt":"2025-10-15T18:32:52","guid":{"rendered":"https:\/\/www.freidenker.org\/?p=23185"},"modified":"2025-10-31T19:00:32","modified_gmt":"2025-10-31T18:00:32","slug":"corona-klima-kriegstuechtigkeit-die-grosse-abzocke","status":"publish","type":"post","link":"https:\/\/www.freidenker.org\/?p=23185","title":{"rendered":"Corona, Klima, Kriegst\u00fcchtigkeit: Die gro\u00dfe Abzocke"},"content":{"rendered":"<h4><strong>Vortrag und\u00a0<\/strong><strong>Diskussion mit Rainer Rupp<\/strong><\/h4>\n<p><strong>Dienstag, 04. November 2025, 19.00 Uhr<br \/>\n<\/strong><strong>Saalbau Bornheim, Arnsburger Stra\u00dfe 24, 60385 Frankfurt am Main<\/strong><\/p>\n<ul>\n<li>Was haben das Corona-Man\u00f6ver, die Klima-Hysterie und das Ziel einer neuen Kriegst\u00fcchtigkeit miteinander zu tun?<\/li>\n<li>Auf den ersten Blick erkennbar: Einschr\u00e4nkung von Freiheiten und demokratischen Rechten durch Ausnahmezust\u00e4nde.<\/li>\n<li>Besonders gravierend sind jedoch die \u00f6konomischen und sozialen Folgen eines gro\u00dfen Raubzuges gegen die Bev\u00f6lkerung.<\/li>\n<\/ul>\n<p>Der vom US-Imperialismus angef\u00fchrte \u201eKollektive Westen\u201c verliert immer mehr seine Hegemonie in den internationalen Beziehungen. Die Staatsverschuldung der USA betr\u00e4gt aktuell fast 37 Billionen US-Dollar, also rund 11 Billionen mehr als das BIP des Landes. Nur durch die Ausgabe von Staatsanleihen ist die Finanzierung des US-Haushalts m\u00f6glich, die USA lassen sich auf Kredit von anderen L\u00e4ndern finanzieren. Der H\u00f6henflug des Goldpreises ist Ausdruck eines schwindenden Vertrauens in den Dollar und wertloses \u201ebedrucktes Papier\u201c allgemein. Das sich abzeichnende Ende der Dollar-zentrierten Ordnung dokumentiert die Verschiebung globaler Machtverh\u00e4ltnisse.<\/p>\n<p>Die BRICS-Staaten und die Shanghaier Organisation f\u00fcr Zusammenarbeit\u00a0(SOZ) markieren die unaufhaltsame Entwicklung in Richtung einer multipolaren Ordnung, in der alle Staaten gleichberechtigt sind. Anders als der IWF vergibt z.B. die SOZ-Bank Kredite nicht unter der Bedingung sogenannter \u201eReformen\u201c wie der K\u00fcrzung der Staatsausgaben, Privatisierung und \u00d6ffnung der M\u00e4rkte f\u00fcr transnationale Unternehmen, mit der Folge des Verlusts der Staatssouver\u00e4nit\u00e4t.<\/p>\n<p>Durch solche neu entstehenden Strukturen, die Produktion und Handel zum gegenseitigen Vorteil organisieren, verliert die bisher \u00fcbliche Ausbeutung des sogenannten \u201eGlobalen S\u00fcdens&#8220; (die auch relativen Wohlstand in den L\u00e4ndern des \u201eWertewestens\u201c sicherte), zunehmend an Boden. Um ihre Profitraten zu gew\u00e4hrleisten, bleibt f\u00fcr die \u201ewestlichen Eliten\u201c nur die Alternative, die eigene Bev\u00f6lkerung noch st\u00e4rker auszubeuten.<\/p>\n<p>Hierbei wurden und werden \u201ePandemien\u201c, Katastrophenszenarien zur Klimaentwicklung und insbesondere die L\u00fcge einer Bedrohung aus Russland als wichtige Hebel eingesetzt, um die Bev\u00f6lkerung zur Hinnahme ihrer eigenen umfassenden Verarmung zu konditionieren. Auf sichere und billige russische Energie wird \u201ekriegsbedingt\u201c verzichtet, astronomische R\u00fcstungsausgaben werden mit Kriegskrediten, also der \u00dcberschwemmung mit immer neuem Papiergeld \u201ebezahlt\u201c, tats\u00e4chlich werden die B\u00fcrger zur Kasse gebeten: Ob durch die Besteuerung der Atemluft, Reduzierung von Gesundheitsversorgung und Pflegestufen, die Einschr\u00e4nkung der Bargeldnutzung, die Einf\u00fchrung der digitalen ID und eines EU-Verm\u00f6gensregisters.<\/p>\n<p><strong>* <\/strong><\/p>\n<p><em><strong>Rainer Rupp<\/strong> ist Volkswirt und Journalist. Von 1977 an lieferte er 13 Jahre lang Dokumente der h\u00f6chsten Geheimhaltungsstufe aus der \u201eAbteilung f\u00fcr Politische Angelegenheiten\u201c im Hauptquartier der NATO in Br\u00fcssel an die Hauptverwaltung Aufkl\u00e4rung der DDR. Somit wurden die Geheimdienste der Warschauer Vertragsstaaten umfassend \u00fcber die Truppen, Bewaffnung und Atomkriegsplanung der NATO informiert. Sogar der Spiegel schrieb (30.07.2008), Rainer Rupp \u201everhinderte damit wom\u00f6glich einen Atomkrieg.\u201c<\/em><br \/>\n<em>Rainer schreibt heute regelm\u00e4\u00dfig u.a. f\u00fcr RT DE und apolut, er ist Mitglied des Beirats des Deutschen Freidenker-Verbandes.<\/em><\/p>\n<p>&nbsp;<\/p>\n<h5>Veranstalter<\/h5>\n<p><img data-recalc-dims=\"1\" loading=\"lazy\" decoding=\"async\" data-attachment-id=\"18162\" data-permalink=\"https:\/\/www.freidenker.org\/?attachment_id=18162\" data-orig-file=\"https:\/\/i0.wp.com\/www.freidenker.org\/fw17\/wp-content\/uploads\/2024\/02\/Freidenker-Logo_2.jpg?fit=810%2C220&amp;ssl=1\" data-orig-size=\"810,220\" data-comments-opened=\"0\" data-image-meta=\"{&quot;aperture&quot;:&quot;0&quot;,&quot;credit&quot;:&quot;&quot;,&quot;camera&quot;:&quot;&quot;,&quot;caption&quot;:&quot;&quot;,&quot;created_timestamp&quot;:&quot;0&quot;,&quot;copyright&quot;:&quot;&quot;,&quot;focal_length&quot;:&quot;0&quot;,&quot;iso&quot;:&quot;0&quot;,&quot;shutter_speed&quot;:&quot;0&quot;,&quot;title&quot;:&quot;&quot;,&quot;orientation&quot;:&quot;1&quot;}\" data-image-title=\"Freidenker-Logo_2\" data-image-description=\"\" data-image-caption=\"\" data-large-file=\"https:\/\/i0.wp.com\/www.freidenker.org\/fw17\/wp-content\/uploads\/2024\/02\/Freidenker-Logo_2.jpg?fit=800%2C217&amp;ssl=1\" class=\"alignnone wp-image-18162 size-medium\" src=\"https:\/\/i0.wp.com\/www.freidenker.org\/fw17\/wp-content\/uploads\/2024\/02\/Freidenker-Logo_2.jpg?resize=300%2C81&#038;ssl=1\" alt=\"\" width=\"300\" height=\"81\" srcset=\"https:\/\/i0.wp.com\/www.freidenker.org\/fw17\/wp-content\/uploads\/2024\/02\/Freidenker-Logo_2.jpg?resize=300%2C81&amp;ssl=1 300w, https:\/\/i0.wp.com\/www.freidenker.org\/fw17\/wp-content\/uploads\/2024\/02\/Freidenker-Logo_2.jpg?resize=768%2C209&amp;ssl=1 768w, https:\/\/i0.wp.com\/www.freidenker.org\/fw17\/wp-content\/uploads\/2024\/02\/Freidenker-Logo_2.jpg?w=810&amp;ssl=1 810w\" sizes=\"auto, (max-width: 300px) 100vw, 300px\" \/><img data-recalc-dims=\"1\" loading=\"lazy\" decoding=\"async\" data-attachment-id=\"23193\" data-permalink=\"https:\/\/www.freidenker.org\/?attachment_id=23193\" data-orig-file=\"https:\/\/i0.wp.com\/www.freidenker.org\/fw17\/wp-content\/uploads\/2025\/10\/Logo_Nachdenkseiten_FaM.jpg?fit=345%2C108&amp;ssl=1\" data-orig-size=\"345,108\" data-comments-opened=\"0\" data-image-meta=\"{&quot;aperture&quot;:&quot;0&quot;,&quot;credit&quot;:&quot;&quot;,&quot;camera&quot;:&quot;&quot;,&quot;caption&quot;:&quot;&quot;,&quot;created_timestamp&quot;:&quot;0&quot;,&quot;copyright&quot;:&quot;&quot;,&quot;focal_length&quot;:&quot;0&quot;,&quot;iso&quot;:&quot;0&quot;,&quot;shutter_speed&quot;:&quot;0&quot;,&quot;title&quot;:&quot;&quot;,&quot;orientation&quot;:&quot;1&quot;}\" data-image-title=\"Logo_Nachdenkseiten_FaM\" data-image-description=\"\" data-image-caption=\"\" data-large-file=\"https:\/\/i0.wp.com\/www.freidenker.org\/fw17\/wp-content\/uploads\/2025\/10\/Logo_Nachdenkseiten_FaM.jpg?fit=345%2C108&amp;ssl=1\" class=\"alignnone wp-image-23193\" src=\"https:\/\/i0.wp.com\/www.freidenker.org\/fw17\/wp-content\/uploads\/2025\/10\/Logo_Nachdenkseiten_FaM.jpg?resize=300%2C94&#038;ssl=1\" alt=\"\" width=\"300\" height=\"94\" srcset=\"https:\/\/i0.wp.com\/www.freidenker.org\/fw17\/wp-content\/uploads\/2025\/10\/Logo_Nachdenkseiten_FaM.jpg?w=345&amp;ssl=1 345w, https:\/\/i0.wp.com\/www.freidenker.org\/fw17\/wp-content\/uploads\/2025\/10\/Logo_Nachdenkseiten_FaM.jpg?resize=300%2C94&amp;ssl=1 300w\" sizes=\"auto, (max-width: 300px) 100vw, 300px\" \/><\/p>\n<hr \/>\n<p><strong>Download<\/strong><\/p>\n<p><em><img data-recalc-dims=\"1\" loading=\"lazy\" decoding=\"async\" data-attachment-id=\"1076\" data-permalink=\"https:\/\/www.freidenker.org\/?attachment_id=1076\" data-orig-file=\"https:\/\/i0.wp.com\/www.freidenker.org\/fw17\/wp-content\/uploads\/2017\/10\/pdf_icon-2.png?fit=32%2C32&amp;ssl=1\" data-orig-size=\"32,32\" data-comments-opened=\"0\" data-image-meta=\"{&quot;aperture&quot;:&quot;0&quot;,&quot;credit&quot;:&quot;&quot;,&quot;camera&quot;:&quot;&quot;,&quot;caption&quot;:&quot;&quot;,&quot;created_timestamp&quot;:&quot;0&quot;,&quot;copyright&quot;:&quot;&quot;,&quot;focal_length&quot;:&quot;0&quot;,&quot;iso&quot;:&quot;0&quot;,&quot;shutter_speed&quot;:&quot;0&quot;,&quot;title&quot;:&quot;&quot;,&quot;orientation&quot;:&quot;0&quot;}\" data-image-title=\"pdf_icon\" data-image-description=\"\" data-image-caption=\"\" data-large-file=\"https:\/\/i0.wp.com\/www.freidenker.org\/fw17\/wp-content\/uploads\/2017\/10\/pdf_icon-2.png?fit=32%2C32&amp;ssl=1\" class=\"alignnone size-full wp-image-1076\" src=\"https:\/\/i0.wp.com\/www.freidenker.org\/fw17\/wp-content\/uploads\/2017\/10\/pdf_icon-2.png?resize=32%2C32&#038;ssl=1\" alt=\"\" width=\"32\" height=\"32\" \/> <\/em><a href=\"https:\/\/www.freidenker.org\/fw17\/wp-content\/uploads\/2025\/10\/251104-LVHe-FlyerRupp_v01.pdf\" target=\"_blank\" rel=\"noopener\">Flyer zur Veranstaltung<\/a> (267 KB)<\/p>\n<hr \/>\n<p><span style=\"font-size: 10pt;\">Bild oben: Rainer Rupp<\/span><br \/>\n<span style=\"font-size: 10pt;\">Screenshot aus einem Video von <a href=\"https:\/\/rutube.ru\/video\/6962712733eee5672963012c06837490\/\" target=\"_blank\" rel=\"noopener\">rutube.ru<\/a><\/span><\/p>\n<p>&nbsp;<\/p>\n","protected":false},"excerpt":{"rendered":"<p><b>Einladung: Vortrag und\u00a0Diskussion mit Rainer Rupp<\/b><br \/>\nDienstag, 04. November 2025, 19.00 Uhr, Saalbau Bornheim, Arnsburger Stra\u00dfe 24, 60385 Frankfurt am Main<br \/>\nDer vom US-Imperialismus angef\u00fchrte \u201eKollektive Westen\u201c verliert immer mehr seine Hegemonie in den internationalen Beziehungen. Die Staatsverschuldung der USA betr\u00e4gt aktuell fast 37 Billionen US-Dollar, also rund 11 Billionen mehr als das BIP des Landes. Nur durch die Ausgabe von Staatsanleihen ist die Finanzierung des US-Haushalts m\u00f6glich, die USA lassen sich auf Kredit von anderen L\u00e4ndern finanzieren. Der H\u00f6henflug des Goldpreises ist Ausdruck eines schwindenden Vertrauens in den Dollar und wertloses \u201ebedrucktes Papier\u201c allgemein. Das sich abzeichnende Ende der Dollar-zentrierten Ordnung dokumentiert die Verschiebung globaler Machtverh\u00e4ltnisse.\u00a0<\/p>\n","protected":false},"author":3,"featured_media":23188,"comment_status":"closed","ping_status":"closed","sticky":false,"template":"","format":"standard","meta":{"colormag_page_container_layout":"default_layout","colormag_page_sidebar_layout":"default_layout","advanced_seo_description":"","jetpack_seo_html_title":"","jetpack_seo_noindex":false,"jetpack_post_was_ever_published":false,"footnotes":""},"categories":[12,19],"tags":[2391,1256,1273,159,1778,1494,404,1069,84,2440,1067,2828,1257,1844,1060,624,1572,185,1050],"class_list":["post-23185","post","type-post","status-publish","format-standard","has-post-thumbnail","hentry","category-demokratie-medien-aufklaerung","category-veranstaltungen-in-den-dfv-landesverbaenden","tag-brics","tag-corona-virus","tag-demokratische-grundrechte","tag-freiheit","tag-globaler-sueden","tag-handel","tag-imperialismus","tag-katastrophe","tag-klima","tag-kriegstuechtigkeit","tag-lv-hessen","tag-oekonomie","tag-pandemie","tag-soz","tag-soziale-sicherheit","tag-staatsschulden","tag-steuern","tag-usa","tag-veranstaltung"],"jetpack_featured_media_url":"https:\/\/i0.wp.com\/www.freidenker.org\/fw17\/wp-content\/uploads\/2025\/10\/rainer_rupp_haende_800x450.jpg?fit=800%2C450&ssl=1","jetpack_shortlink":"https:\/\/wp.me\/p9stpK-61X","jetpack-related-posts":[{"id":21489,"url":"https:\/\/www.freidenker.org\/?p=21489","url_meta":{"origin":23185,"position":0},"title":"Logik des Wahnsinns","author":"Webredaktion","date":"16. April 2025","format":false,"excerpt":"Ersatz-NATO unter deutscher F\u00fchrung Beitrag von Uli Gellermann Wer aufgeatmet hatte, als sich die USA aus der aktuellen F\u00fchrung der NATO zur\u00fcckzog, wer dachte, die NATO als Instrument des Krieges und der Unterdr\u00fcckung sei am Ende, der sieht sich heute get\u00e4uscht: Die alten Imperien, Gro\u00dfbritannien und Deutschland, haben das Kommando\u2026","rel":"","context":"In &quot;Demokratie \u2013 Medien \u2013 Aufkl\u00e4rung&quot;","block_context":{"text":"Demokratie \u2013 Medien \u2013 Aufkl\u00e4rung","link":"https:\/\/www.freidenker.org\/?cat=12"},"img":{"alt_text":"","src":"https:\/\/i0.wp.com\/www.freidenker.org\/fw17\/wp-content\/uploads\/2025\/04\/Pistorius_250212-D-PM193-1443_54323788015_800x450.jpg?fit=800%2C450&ssl=1&resize=350%2C200","width":350,"height":200,"srcset":"https:\/\/i0.wp.com\/www.freidenker.org\/fw17\/wp-content\/uploads\/2025\/04\/Pistorius_250212-D-PM193-1443_54323788015_800x450.jpg?fit=800%2C450&ssl=1&resize=350%2C200 1x, https:\/\/i0.wp.com\/www.freidenker.org\/fw17\/wp-content\/uploads\/2025\/04\/Pistorius_250212-D-PM193-1443_54323788015_800x450.jpg?fit=800%2C450&ssl=1&resize=525%2C300 1.5x, https:\/\/i0.wp.com\/www.freidenker.org\/fw17\/wp-content\/uploads\/2025\/04\/Pistorius_250212-D-PM193-1443_54323788015_800x450.jpg?fit=800%2C450&ssl=1&resize=700%2C400 2x"},"classes":[]},{"id":7313,"url":"https:\/\/www.freidenker.org\/?p=7313","url_meta":{"origin":23185,"position":1},"title":"FREIDENKER 4-19  \u2013 Klima im Wandel der Zeit","author":"Webredaktion","date":"18. Dezember 2019","format":false,"excerpt":"Die Ausgabe 4-19 des Verbandsorgans FREIDENKER hat das Schwerpunkt-Thema \u201eKlima im Wandel der Zeit\u201c und enth\u00e4lt u.a. folgende Beitr\u00e4ge: - Klaus Hartmann: Kapitalismus, Umweltzerst\u00f6rung und Klimastreit - William F. Engdahl: Das Klima und die Spur des Geldes - Cory Morningstar \u00fcber \u201edie Greta-Konsens-Fabrikation\u201c - Hans-J\u00fcrgen Bandelt: Die Klima-T\u00e4uscher - Annett\u2026","rel":"","context":"In &quot;Verbandsorgan FREIDENKER&quot;","block_context":{"text":"Verbandsorgan FREIDENKER","link":"https:\/\/www.freidenker.org\/?cat=8"},"img":{"alt_text":"","src":"https:\/\/i0.wp.com\/www.freidenker.org\/fw17\/wp-content\/uploads\/2019\/12\/FD_2019-04_Titel_mR.jpg?fit=800%2C445&ssl=1&resize=350%2C200","width":350,"height":200,"srcset":"https:\/\/i0.wp.com\/www.freidenker.org\/fw17\/wp-content\/uploads\/2019\/12\/FD_2019-04_Titel_mR.jpg?fit=800%2C445&ssl=1&resize=350%2C200 1x, https:\/\/i0.wp.com\/www.freidenker.org\/fw17\/wp-content\/uploads\/2019\/12\/FD_2019-04_Titel_mR.jpg?fit=800%2C445&ssl=1&resize=525%2C300 1.5x, https:\/\/i0.wp.com\/www.freidenker.org\/fw17\/wp-content\/uploads\/2019\/12\/FD_2019-04_Titel_mR.jpg?fit=800%2C445&ssl=1&resize=700%2C400 2x"},"classes":[]},{"id":22989,"url":"https:\/\/www.freidenker.org\/?p=22989","url_meta":{"origin":23185,"position":2},"title":"Bundesweite Demonstration am 03. Oktober: Nie wieder Krieg \u2013 die Waffen nieder","author":"Webredaktion","date":"28. September 2025","format":false,"excerpt":"Bundesweite Demonstration am 3. Oktober 2025 in Berlin und in Stuttgart Die Initiative \u201eNie wieder Krieg \u2013 die Waffen nieder!\u201c ruft f\u00fcr den 3. Oktober gemeinsam mit Friedensorganisationen zu einer bundesweiten Demonstration an zwei Orten in Berlin und Stuttgart auf. Aus dem Aufruf: Die Situation in Europa entwickelt sich gef\u00e4hrlich\u2026","rel":"","context":"In &quot;Frieden - Antifaschismus - Solidarit\u00e4t&quot;","block_context":{"text":"Frieden - Antifaschismus - Solidarit\u00e4t","link":"https:\/\/www.freidenker.org\/?cat=13"},"img":{"alt_text":"","src":"https:\/\/i0.wp.com\/www.freidenker.org\/fw17\/wp-content\/uploads\/2025\/09\/Plakat03-oktober_auszug_800x450.jpg?fit=800%2C450&ssl=1&resize=350%2C200","width":350,"height":200,"srcset":"https:\/\/i0.wp.com\/www.freidenker.org\/fw17\/wp-content\/uploads\/2025\/09\/Plakat03-oktober_auszug_800x450.jpg?fit=800%2C450&ssl=1&resize=350%2C200 1x, https:\/\/i0.wp.com\/www.freidenker.org\/fw17\/wp-content\/uploads\/2025\/09\/Plakat03-oktober_auszug_800x450.jpg?fit=800%2C450&ssl=1&resize=525%2C300 1.5x, https:\/\/i0.wp.com\/www.freidenker.org\/fw17\/wp-content\/uploads\/2025\/09\/Plakat03-oktober_auszug_800x450.jpg?fit=800%2C450&ssl=1&resize=700%2C400 2x"},"classes":[]},{"id":22283,"url":"https:\/\/www.freidenker.org\/?p=22283","url_meta":{"origin":23185,"position":3},"title":"FREIDENKER 2-25 \u2013 Faschismus: Formen, Wesen, Aktuelle Gefahren","author":"Webredaktion","date":"3. Juli 2025","format":false,"excerpt":"Die Ausgabe 2-25 des Verbandsorgans FREIDENKER hat das Schwerpunkt-Thema \u201eFaschismus \u2013 Formen, Wesen, Aktuelle Gefahren\u201c und enth\u00e4lt u.a. folgende Beitr\u00e4ge: - Tilo Graeser: In Moskau zum 80. Jahrestag des Sieges \u00fcber den Faschismus - Helmut Selinger: Ist die AfD als faschistisch zu charakterisieren? - Patrik Baab: \u00dcber Corona und Ukraine-Krieg\u2026","rel":"","context":"In &quot;Verbandsorgan FREIDENKER&quot;","block_context":{"text":"Verbandsorgan FREIDENKER","link":"https:\/\/www.freidenker.org\/?cat=8"},"img":{"alt_text":"","src":"https:\/\/i0.wp.com\/www.freidenker.org\/fw17\/wp-content\/uploads\/2025\/07\/FD_2025-02_Titel_mR.jpg?fit=800%2C445&ssl=1&resize=350%2C200","width":350,"height":200,"srcset":"https:\/\/i0.wp.com\/www.freidenker.org\/fw17\/wp-content\/uploads\/2025\/07\/FD_2025-02_Titel_mR.jpg?fit=800%2C445&ssl=1&resize=350%2C200 1x, https:\/\/i0.wp.com\/www.freidenker.org\/fw17\/wp-content\/uploads\/2025\/07\/FD_2025-02_Titel_mR.jpg?fit=800%2C445&ssl=1&resize=525%2C300 1.5x, https:\/\/i0.wp.com\/www.freidenker.org\/fw17\/wp-content\/uploads\/2025\/07\/FD_2025-02_Titel_mR.jpg?fit=800%2C445&ssl=1&resize=700%2C400 2x"},"classes":[]},{"id":11594,"url":"https:\/\/www.freidenker.org\/?p=11594","url_meta":{"origin":23185,"position":4},"title":"Meinungsmache in der Praxis","author":"Webredaktion","date":"11. November 2021","format":false,"excerpt":"Beitrag von Christian Harde Politik und Mainstream \u00fcberschlagen sich seit Tagen mit neuen Horrormeldungen \u00fcber steigende Inzidenzen und volle Krankenh\u00e4user. In dieser Lage kann und will die Welt nicht zur\u00fcckstehen und heizt mit einer tendenzi\u00f6sen Interpretation einer fragw\u00fcrdigen Meinungsumfrage die Panik-Kommunikation weiter an. Eine Versch\u00e4rfung der Ma\u00dfnahmen sei dringend geboten.\u2026","rel":"","context":"In &quot;Demokratie \u2013 Medien \u2013 Aufkl\u00e4rung&quot;","block_context":{"text":"Demokratie \u2013 Medien \u2013 Aufkl\u00e4rung","link":"https:\/\/www.freidenker.org\/?cat=12"},"img":{"alt_text":"","src":"https:\/\/i0.wp.com\/www.freidenker.org\/fw17\/wp-content\/uploads\/2021\/11\/climate-change-5128984_800x446.jpg?fit=800%2C446&ssl=1&resize=350%2C200","width":350,"height":200,"srcset":"https:\/\/i0.wp.com\/www.freidenker.org\/fw17\/wp-content\/uploads\/2021\/11\/climate-change-5128984_800x446.jpg?fit=800%2C446&ssl=1&resize=350%2C200 1x, https:\/\/i0.wp.com\/www.freidenker.org\/fw17\/wp-content\/uploads\/2021\/11\/climate-change-5128984_800x446.jpg?fit=800%2C446&ssl=1&resize=525%2C300 1.5x, https:\/\/i0.wp.com\/www.freidenker.org\/fw17\/wp-content\/uploads\/2021\/11\/climate-change-5128984_800x446.jpg?fit=800%2C446&ssl=1&resize=700%2C400 2x"},"classes":[]},{"id":11144,"url":"https:\/\/www.freidenker.org\/?p=11144","url_meta":{"origin":23185,"position":5},"title":"Andersdenkende: S\u00e4ue oder Nazis?","author":"Webredaktion","date":"28. August 2021","format":false,"excerpt":"Lyrik von Lucie Sponheimer ARD und ZDF hei\u00dft Rundfunkfreiheit, ja die Freiheit, Rundfunkfreiheit. Ihre Freiheit, das ist leider nicht die uns\u2019re, sie verh\u00f6hnt uns und verarscht uns, wo sie kann. \/ Zamperoni und den Kleber kennt ein jeder, eine jede, wirklich jeder, festgezurrt steh\u2018n sie auf der Atlantikbr\u00fccke, biegen uns\u2026","rel":"","context":"In &quot;Kultur &amp; Kunst&quot;","block_context":{"text":"Kultur &amp; Kunst","link":"https:\/\/www.freidenker.org\/?cat=913"},"img":{"alt_text":"","src":"https:\/\/i0.wp.com\/www.freidenker.org\/fw17\/wp-content\/uploads\/2021\/08\/oma_fence_800x450.jpg?fit=800%2C450&ssl=1&resize=350%2C200","width":350,"height":200,"srcset":"https:\/\/i0.wp.com\/www.freidenker.org\/fw17\/wp-content\/uploads\/2021\/08\/oma_fence_800x450.jpg?fit=800%2C450&ssl=1&resize=350%2C200 1x, https:\/\/i0.wp.com\/www.freidenker.org\/fw17\/wp-content\/uploads\/2021\/08\/oma_fence_800x450.jpg?fit=800%2C450&ssl=1&resize=525%2C300 1.5x, https:\/\/i0.wp.com\/www.freidenker.org\/fw17\/wp-content\/uploads\/2021\/08\/oma_fence_800x450.jpg?fit=800%2C450&ssl=1&resize=700%2C400 2x"},"classes":[]}],"_links":{"self":[{"href":"https:\/\/www.freidenker.org\/index.php?rest_route=\/wp\/v2\/posts\/23185","targetHints":{"allow":["GET"]}}],"collection":[{"href":"https:\/\/www.freidenker.org\/index.php?rest_route=\/wp\/v2\/posts"}],"about":[{"href":"https:\/\/www.freidenker.org\/index.php?rest_route=\/wp\/v2\/types\/post"}],"author":[{"embeddable":true,"href":"https:\/\/www.freidenker.org\/index.php?rest_route=\/wp\/v2\/users\/3"}],"replies":[{"embeddable":true,"href":"https:\/\/www.freidenker.org\/index.php?rest_route=%2Fwp%2Fv2%2Fcomments&post=23185"}],"version-history":[{"count":2,"href":"https:\/\/www.freidenker.org\/index.php?rest_route=\/wp\/v2\/posts\/23185\/revisions"}],"predecessor-version":[{"id":23194,"href":"https:\/\/www.freidenker.org\/index.php?rest_route=\/wp\/v2\/posts\/23185\/revisions\/23194"}],"wp:featuredmedia":[{"embeddable":true,"href":"https:\/\/www.freidenker.org\/index.php?rest_route=\/wp\/v2\/media\/23188"}],"wp:attachment":[{"href":"https:\/\/www.freidenker.org\/index.php?rest_route=%2Fwp%2Fv2%2Fmedia&parent=23185"}],"wp:term":[{"taxonomy":"category","embeddable":true,"href":"https:\/\/www.freidenker.org\/index.php?rest_route=%2Fwp%2Fv2%2Fcategories&post=23185"},{"taxonomy":"post_tag","embeddable":true,"href":"https:\/\/www.freidenker.org\/index.php?rest_route=%2Fwp%2Fv2%2Ftags&post=23185"}],"curies":[{"name":"wp","href":"https:\/\/api.w.org\/{rel}","templated":true}]}}