{"id":23089,"date":"2025-10-09T17:17:18","date_gmt":"2025-10-09T15:17:18","guid":{"rendered":"https:\/\/www.freidenker.org\/?p=23089"},"modified":"2025-10-31T18:57:37","modified_gmt":"2025-10-31T17:57:37","slug":"wir-trauern-um-karin-gottlieb","status":"publish","type":"post","link":"https:\/\/www.freidenker.org\/?p=23089","title":{"rendered":"Wir trauern um Karin Gottlieb"},"content":{"rendered":"<div style=\"border: 3pt solid; padding: 20pt; text-align: center;\">\n<p style=\"text-align: center;\"><span style=\"font-size: 14pt;\">Wir trauern um unsere Freundin und Genossin<\/span><\/p>\n<p style=\"text-align: center;\"><strong><span style=\"font-size: 18pt;\">Karin Gottlieb<\/span><\/strong><\/p>\n<p style=\"text-align: center;\"><span style=\"font-size: 14pt;\">23.03.1943 &#8211; 26.09.2025<\/span><\/p>\n<p>Karin wuchs in einem kommunistischen Elternhaus auf, wurde mit 14 Jahren\u00a0Gewerkschaftsmitglied, als gelernte Goldschmiedin arbeitete sie in mehreren Betrieben und engagierte sich als Betriebsr\u00e4tin f\u00fcr die Interessen ihrer Kolleginnen und Kollegen. Mit 16 Jahren organisierte sie sich in der kommunistischen Bewegung, war bis zu ihrem Lebensende Funktion\u00e4rin der DKP sowie zw\u00f6lf Jahre lang als Stadtr\u00e4tin aktiv.<\/p>\n<p>Von der Wandervogelbewegung der 1950er Jahre an sang Karin bis 2025 in zahlreichen Singegruppen. Die Internationale Solidarit\u00e4t war ihr ein Herzensanliegen \u2013 von der Teilnahme an den Weltjugendfestspielen 1962 in Helsinki, den Demonstrationen f\u00fcr die Freilassung von Angela Davis, die Aufnahme von Chilenen nach dem faschistischen Putsch 1973 bis zur\u00a0Teilnahme an der Solidarit\u00e4ts- und Arbeitsbrigade der DKP in Matanzas auf Cuba. 1961 war\u00a0Karin die erste Teilnehmerin aus Idar-Oberstein an den Osterm\u00e4rschen f\u00fcr Frieden und\u00a0Abr\u00fcstung, sie demonstrierte gemeinsam mit ihrem Mann Dieter gegen den US-Krieg in Vietnam, bei den Demonstrationen gegen die die neuen US-Atomraketen in Deutschland waren es mit ihrer Tochter Sonja schon drei Gottliebs. In den letzten Jahren lag der Schwerpunkt auf Protesten gegen die im Fliegerhorst B\u00fcchel gelagerten Atomwaffen und die Kriegszentrale Air Base Ramstein.<\/p>\n<p>F\u00fcr den Deutschen Freidenkerverband Rheinland-Pfalz \/ Saarland war Karin jahrzehntelang als stellvertretende Landesvorsitzende und Landesvorstandsmitglied aktiv sowie Gastgeberin vieler seiner-Sitzungen, zuletzt im Juli 2025. Wir verlieren mit Karin eine starke und mutige Frau, eine bescheidene und liebenswerte Genossin.<\/p>\n<p>Die Trauerfeier und Bestattung findet am Freitag, 17.10.2025 um 14.00 Uhr auf dem Friedhof Allmerich in Oberstein statt.<\/p>\n<p style=\"text-align: center;\"><strong>Deutscher Freidenker-Verband<\/strong><\/p>\n<p style=\"text-align: center;\">Verbandsvorstand<br \/>\nLandesverband Rheinland-Pfalz \/ Saarland<\/p>\n<\/div>\n<hr \/>\n<p><span style=\"font-size: 10pt;\">Bild oben: Karin Gottlieb im Mai 2024. Foto: Privat<\/span><\/p>\n","protected":false},"excerpt":{"rendered":"<p><b>Wir trauern um unsere Freundin und Genossin Karin Gottlieb<\/b><br \/>\nKarin wuchs in einem kommunistischen Elternhaus auf, wurde mit 14 Jahren\u00a0Gewerkschaftsmitglied, als gelernte Goldschmiedin arbeitete sie in mehreren Betrieben und engagierte sich als Betriebsr\u00e4tin f\u00fcr die Interessen ihrer Kolleginnen und Kollegen. Mit 16 Jahren organisierte sie sich in der kommunistischen Bewegung, war bis zu ihrem Lebensende Funktion\u00e4rin der DKP sowie zw\u00f6lf Jahre lang als Stadtr\u00e4tin aktiv. [&#8230;] F\u00fcr den Deutschen Freidenkerverband Rheinland-Pfalz \/ Saarland war Karin jahrzehntelang als stellvertretende Landesvorsitzende und Landesvorstandsmitglied aktiv sowie Gastgeberin vieler seiner-Sitzungen, zuletzt im Juli 2025. Wir verlieren mit Karin eine starke und mutige Frau, eine bescheidene und liebenswerte Genossin.<\/p>\n","protected":false},"author":3,"featured_media":23096,"comment_status":"closed","ping_status":"closed","sticky":false,"template":"","format":"standard","meta":{"colormag_page_container_layout":"default_layout","colormag_page_sidebar_layout":"default_layout","advanced_seo_description":"","jetpack_seo_html_title":"","jetpack_seo_noindex":false,"jetpack_post_was_ever_published":false,"footnotes":""},"categories":[17],"tags":[961,1061,2814,1200,27,789,335,358,392,1140,700,25,989],"class_list":["post-23089","post","type-post","status-publish","format-standard","has-post-thumbnail","hentry","category-weltliche-trauerkultur","tag-abruestung","tag-atomwaffen","tag-betriebsrat","tag-chile","tag-deutscher-freidenker-verband","tag-dkp","tag-frieden","tag-gewerkschaft","tag-kuba","tag-lv-rheinland-pfalz-saarland","tag-nachruf","tag-trauer","tag-vietnamkrieg"],"jetpack_featured_media_url":"https:\/\/i0.wp.com\/www.freidenker.org\/fw17\/wp-content\/uploads\/2025\/10\/Karin_Gottlieb_800x445_v2.jpg?fit=800%2C445&ssl=1","jetpack_shortlink":"https:\/\/wp.me\/p9stpK-60p","jetpack-related-posts":[{"id":9497,"url":"https:\/\/www.freidenker.org\/?p=9497","url_meta":{"origin":23089,"position":0},"title":"Wir trauern um Andr\u00e9 M\u00fcller sen.","author":"Webredaktion","date":"5. Februar 2021","format":false,"excerpt":"Nachruf auf Andr\u00e9 M\u00fcller sen. Andr\u00e9, geboren in einer kommunistischen Arbeiterfamilie und mit b\u00fcrgerlichem Namen Willi Fetz, erlernte das Tischlerhandwerk, bevor er Dichter, Theaterkritiker und Kulturredakteur wurde und sich als Autor von Erz\u00e4hlungen, Romanen, Kinderb\u00fcchern, Anekdoten, Satiren und B\u00fchnenst\u00fccken sowie als Dramaturgie-Dozent einen Namen machte. Zu seinen bedeutendsten Leistungen geh\u00f6rt\u2026","rel":"","context":"In &quot;Weltliche Trauerkultur&quot;","block_context":{"text":"Weltliche Trauerkultur","link":"https:\/\/www.freidenker.org\/?cat=17"},"img":{"alt_text":"","src":"https:\/\/i0.wp.com\/www.freidenker.org\/fw17\/wp-content\/uploads\/2021\/02\/andre_mueller_v2_800x450.jpg?fit=800%2C450&ssl=1&resize=350%2C200","width":350,"height":200,"srcset":"https:\/\/i0.wp.com\/www.freidenker.org\/fw17\/wp-content\/uploads\/2021\/02\/andre_mueller_v2_800x450.jpg?fit=800%2C450&ssl=1&resize=350%2C200 1x, https:\/\/i0.wp.com\/www.freidenker.org\/fw17\/wp-content\/uploads\/2021\/02\/andre_mueller_v2_800x450.jpg?fit=800%2C450&ssl=1&resize=525%2C300 1.5x, https:\/\/i0.wp.com\/www.freidenker.org\/fw17\/wp-content\/uploads\/2021\/02\/andre_mueller_v2_800x450.jpg?fit=800%2C450&ssl=1&resize=700%2C400 2x"},"classes":[]},{"id":6243,"url":"https:\/\/www.freidenker.org\/?p=6243","url_meta":{"origin":23089,"position":1},"title":"Wir trauern um Mira Markovi\u0107","author":"Webredaktion","date":"19. April 2019","format":false,"excerpt":"Das Internationale Komitee Slobodan Milo\u0161evi\u0107 trauert umProf. Dr. Mira Markovi\u0107 (10. Juli 1942 \u2013 14. April 2019). Wir, die Mitglieder des ICSM, gedenken des \u00a0Lebens und Werks der Genossin Dr. Mira Markovi\u0107, die ihr ganzes Leben lang f\u00fcr ein sozialistisches Jugoslawien gearbeitet hat. Als Patriotin k\u00e4mpfte sie gemeinsam mit ihrem\u2026","rel":"","context":"In &quot;Weltliche Trauerkultur&quot;","block_context":{"text":"Weltliche Trauerkultur","link":"https:\/\/www.freidenker.org\/?cat=17"},"img":{"alt_text":"","src":"https:\/\/i0.wp.com\/www.freidenker.org\/fw17\/wp-content\/uploads\/2019\/04\/mira_markovic_800x445.jpg?fit=800%2C445&ssl=1&resize=350%2C200","width":350,"height":200,"srcset":"https:\/\/i0.wp.com\/www.freidenker.org\/fw17\/wp-content\/uploads\/2019\/04\/mira_markovic_800x445.jpg?fit=800%2C445&ssl=1&resize=350%2C200 1x, https:\/\/i0.wp.com\/www.freidenker.org\/fw17\/wp-content\/uploads\/2019\/04\/mira_markovic_800x445.jpg?fit=800%2C445&ssl=1&resize=525%2C300 1.5x, https:\/\/i0.wp.com\/www.freidenker.org\/fw17\/wp-content\/uploads\/2019\/04\/mira_markovic_800x445.jpg?fit=800%2C445&ssl=1&resize=700%2C400 2x"},"classes":[]},{"id":5776,"url":"https:\/\/www.freidenker.org\/?p=5776","url_meta":{"origin":23089,"position":2},"title":"100 Jahre nach der Ermordung \u2013 Luxemburg und Liebknecht bewegen \u00fcber Zehntausend","author":"Webredaktion","date":"15. Januar 2019","format":false,"excerpt":"Bericht von Tilo Gr\u00e4ser von sputniknews.com Menschen aus vielen L\u00e4ndern haben am Sonntag der vor 100 Jahren ermordeten Gr\u00fcnder der Kommunistischen Partei Deutschlands, Rosa Luxemburg und Karl Liebknecht, gedacht. ... Ein Transparent forderte klar: \u201eFrieden mit Russland statt weiter in den dritten Weltkrieg! Deutschland: Raus aus der Nato! Nato: Raus\u2026","rel":"","context":"In &quot;Frieden - Antifaschismus - Solidarit\u00e4t&quot;","block_context":{"text":"Frieden - Antifaschismus - Solidarit\u00e4t","link":"https:\/\/www.freidenker.org\/?cat=13"},"img":{"alt_text":"","src":"https:\/\/i0.wp.com\/www.freidenker.org\/fw17\/wp-content\/uploads\/2019\/01\/LL_100Jahre_sputnik_323576581.jpg?fit=800%2C445&ssl=1&resize=350%2C200","width":350,"height":200,"srcset":"https:\/\/i0.wp.com\/www.freidenker.org\/fw17\/wp-content\/uploads\/2019\/01\/LL_100Jahre_sputnik_323576581.jpg?fit=800%2C445&ssl=1&resize=350%2C200 1x, https:\/\/i0.wp.com\/www.freidenker.org\/fw17\/wp-content\/uploads\/2019\/01\/LL_100Jahre_sputnik_323576581.jpg?fit=800%2C445&ssl=1&resize=525%2C300 1.5x, https:\/\/i0.wp.com\/www.freidenker.org\/fw17\/wp-content\/uploads\/2019\/01\/LL_100Jahre_sputnik_323576581.jpg?fit=800%2C445&ssl=1&resize=700%2C400 2x"},"classes":[]},{"id":10831,"url":"https:\/\/www.freidenker.org\/?p=10831","url_meta":{"origin":23089,"position":3},"title":"Berlin will Regimekritiker zum Schweigen bringen","author":"Webredaktion","date":"13. Juli 2021","format":false,"excerpt":"Freidenker zur Nichtzulassung der DKP bei der Bundestagswahl: Forderung nach \u201eFrieden mit Russland und China\u201c ist der Regierung ein Dorn im Auge Pressemitteilung des Deutschen Freidenker-Verbandes e.V. vom 12.07.2021 Der Deutsche Freidenker-Verband als seit 1881 bestehende parteiunabh\u00e4ngige Weltanschauungsgemeinschaft und Kulturorganisation der sozialistischen Arbeiterbewegung sieht im Kandidaturverbot f\u00fcr Kommunisten in Deutschland\u2026","rel":"","context":"In &quot;Demokratie \u2013 Medien \u2013 Aufkl\u00e4rung&quot;","block_context":{"text":"Demokratie \u2013 Medien \u2013 Aufkl\u00e4rung","link":"https:\/\/www.freidenker.org\/?cat=12"},"img":{"alt_text":"","src":"https:\/\/i0.wp.com\/www.freidenker.org\/fw17\/wp-content\/uploads\/2021\/07\/DKP_LLD_2021_800x450.jpg?fit=800%2C483&ssl=1&resize=350%2C200","width":350,"height":200,"srcset":"https:\/\/i0.wp.com\/www.freidenker.org\/fw17\/wp-content\/uploads\/2021\/07\/DKP_LLD_2021_800x450.jpg?fit=800%2C483&ssl=1&resize=350%2C200 1x, https:\/\/i0.wp.com\/www.freidenker.org\/fw17\/wp-content\/uploads\/2021\/07\/DKP_LLD_2021_800x450.jpg?fit=800%2C483&ssl=1&resize=525%2C300 1.5x, https:\/\/i0.wp.com\/www.freidenker.org\/fw17\/wp-content\/uploads\/2021\/07\/DKP_LLD_2021_800x450.jpg?fit=800%2C483&ssl=1&resize=700%2C400 2x"},"classes":[]},{"id":23957,"url":"https:\/\/www.freidenker.org\/?p=23957","url_meta":{"origin":23089,"position":4},"title":"FREIDENKER 4-25 \u2013 Indianerland in Indianerhand","author":"Webredaktion","date":"23. Dezember 2025","format":false,"excerpt":"Die Ausgabe 4-25 des Verbandsorgans FREIDENKER hat das Schwerpunkt-Thema \u201eIndianerland in Indianerhand\u201c und enth\u00e4lt u.a. folgende Beitr\u00e4ge: - Klaus Hartmann: \u201eAmerika gegen Europa\u201c - Leonard Peltier geht nach Hause! Er ist frei nach einem halben Jahrhundert ungerechtfertigter Inhaftierung - Andreas Wehr: Das Erbe der Herrenvolkdemokratien - Indianer \u2013 darf man\u2026","rel":"","context":"In &quot;Verbandsorgan FREIDENKER&quot;","block_context":{"text":"Verbandsorgan FREIDENKER","link":"https:\/\/www.freidenker.org\/?cat=8"},"img":{"alt_text":"","src":"https:\/\/i0.wp.com\/www.freidenker.org\/fw17\/wp-content\/uploads\/2025\/12\/FD_2025-04_Titel_mR.jpg?fit=800%2C445&ssl=1&resize=350%2C200","width":350,"height":200,"srcset":"https:\/\/i0.wp.com\/www.freidenker.org\/fw17\/wp-content\/uploads\/2025\/12\/FD_2025-04_Titel_mR.jpg?fit=800%2C445&ssl=1&resize=350%2C200 1x, https:\/\/i0.wp.com\/www.freidenker.org\/fw17\/wp-content\/uploads\/2025\/12\/FD_2025-04_Titel_mR.jpg?fit=800%2C445&ssl=1&resize=525%2C300 1.5x, https:\/\/i0.wp.com\/www.freidenker.org\/fw17\/wp-content\/uploads\/2025\/12\/FD_2025-04_Titel_mR.jpg?fit=800%2C445&ssl=1&resize=700%2C400 2x"},"classes":[]},{"id":22234,"url":"https:\/\/www.freidenker.org\/?p=22234","url_meta":{"origin":23089,"position":5},"title":"\u201eHier sind unsere Wurzeln, dies ist unser Land\u201c","author":"Webredaktion","date":"27. Juni 2025","format":false,"excerpt":"Stimmen aus S\u00fcdbeirut \u00fcber die Angriffe Israels Das Opferfest, Eid al-Adha, ist einer der h\u00f6chsten muslimischen Feiertage, der mit der Haj, der Pilgerfahrt nach Mekka zusammenf\u00e4llt. In diesem Jahr fiel das Opferfest auf das gleiche Wochenende wie Pfingsten. Zehntausende Libanesen aus aller Welt flogen nach Beirut, um mit ihren Angeh\u00f6rigen\u2026","rel":"","context":"In &quot;Frieden - Antifaschismus - Solidarit\u00e4t&quot;","block_context":{"text":"Frieden - Antifaschismus - Solidarit\u00e4t","link":"https:\/\/www.freidenker.org\/?cat=13"},"img":{"alt_text":"","src":"https:\/\/i0.wp.com\/www.freidenker.org\/fw17\/wp-content\/uploads\/2025\/06\/Leukefeld_Wurzeln_4_250623-800x450-1.jpg?fit=800%2C450&ssl=1&resize=350%2C200","width":350,"height":200,"srcset":"https:\/\/i0.wp.com\/www.freidenker.org\/fw17\/wp-content\/uploads\/2025\/06\/Leukefeld_Wurzeln_4_250623-800x450-1.jpg?fit=800%2C450&ssl=1&resize=350%2C200 1x, https:\/\/i0.wp.com\/www.freidenker.org\/fw17\/wp-content\/uploads\/2025\/06\/Leukefeld_Wurzeln_4_250623-800x450-1.jpg?fit=800%2C450&ssl=1&resize=525%2C300 1.5x, https:\/\/i0.wp.com\/www.freidenker.org\/fw17\/wp-content\/uploads\/2025\/06\/Leukefeld_Wurzeln_4_250623-800x450-1.jpg?fit=800%2C450&ssl=1&resize=700%2C400 2x"},"classes":[]}],"_links":{"self":[{"href":"https:\/\/www.freidenker.org\/index.php?rest_route=\/wp\/v2\/posts\/23089","targetHints":{"allow":["GET"]}}],"collection":[{"href":"https:\/\/www.freidenker.org\/index.php?rest_route=\/wp\/v2\/posts"}],"about":[{"href":"https:\/\/www.freidenker.org\/index.php?rest_route=\/wp\/v2\/types\/post"}],"author":[{"embeddable":true,"href":"https:\/\/www.freidenker.org\/index.php?rest_route=\/wp\/v2\/users\/3"}],"replies":[{"embeddable":true,"href":"https:\/\/www.freidenker.org\/index.php?rest_route=%2Fwp%2Fv2%2Fcomments&post=23089"}],"version-history":[{"count":6,"href":"https:\/\/www.freidenker.org\/index.php?rest_route=\/wp\/v2\/posts\/23089\/revisions"}],"predecessor-version":[{"id":23097,"href":"https:\/\/www.freidenker.org\/index.php?rest_route=\/wp\/v2\/posts\/23089\/revisions\/23097"}],"wp:featuredmedia":[{"embeddable":true,"href":"https:\/\/www.freidenker.org\/index.php?rest_route=\/wp\/v2\/media\/23096"}],"wp:attachment":[{"href":"https:\/\/www.freidenker.org\/index.php?rest_route=%2Fwp%2Fv2%2Fmedia&parent=23089"}],"wp:term":[{"taxonomy":"category","embeddable":true,"href":"https:\/\/www.freidenker.org\/index.php?rest_route=%2Fwp%2Fv2%2Fcategories&post=23089"},{"taxonomy":"post_tag","embeddable":true,"href":"https:\/\/www.freidenker.org\/index.php?rest_route=%2Fwp%2Fv2%2Ftags&post=23089"}],"curies":[{"name":"wp","href":"https:\/\/api.w.org\/{rel}","templated":true}]}}