{"id":23080,"date":"2025-10-09T16:43:42","date_gmt":"2025-10-09T14:43:42","guid":{"rendered":"https:\/\/www.freidenker.org\/?p=23080"},"modified":"2025-10-31T18:57:18","modified_gmt":"2025-10-31T17:57:18","slug":"chefdiplomat-als-unaufgeregter-aufreger-mdep-schulenburg-zu-80-jahren-un-charta","status":"publish","type":"post","link":"https:\/\/www.freidenker.org\/?p=23080","title":{"rendered":"Chefdiplomat als unaufgeregter Aufreger. MdEP Schulenburg zu 80 Jahren UN-Charta"},"content":{"rendered":"<p><strong>Michael Graf von der Schulenburg tritt der Kriegshy\u00e4ne, welche bei uns zu Hause \u00fcber Regierung und Medien thront, ohne Gekeife entgegen. Man sp\u00fcrt: Er ist gelernter Verhandler, war aktiv unter anderem in Afghanistan, Sierra Leone, New York, Somalia und im Iran. Und zwar als einer der f\u00fchrenden Diplomaten der westlichen Welt: f\u00fcr die OSZE und die UN. Famili\u00e4re Vorfahren von ihm starben unter Hitlers Fallbeil, er selbst lernte in der DDR Tischler, floh aber mit 21 Jahren \u00fcber die Ostsee nach Westdeutschland. Heute sitzt von der Schulenburg f\u00fcr das BSW im Europaparlament. Vielleicht haben solcherlei Widerspr\u00fcche ihn so mitgeformt, dass er qualifizierte Widerworte gegen den NATO-Mainstream nicht bereits als neue, \u201eabsolute Wahrheiten\u201c ausposaunt. Seine jetzt elektronisch vorgelegte Brosch\u00fcre \u00fcber die Vereinten Nationen und ihre Charta, welche gerade 80 Jahre alt geworden ist, ist also mehr unaufgeregtes Angebot als Postulat.<\/strong><\/p>\n<p><em>Von <strong>Diether Dehm<\/strong>.<\/em><\/p>\n<p><span style=\"font-size: 10pt;\">Erstver\u00f6ffentlichung am 06.10.2025 auf den <a href=\"https:\/\/www.nachdenkseiten.de\/?p=140098\" target=\"_blank\" rel=\"noopener\">NachDenkSeiten<\/a><\/span><br \/>\n<span id=\"more-140098\"><\/span><br \/>\nDass er gerade heute das V\u00f6lkerrecht neu aufruft, liegt vor allem daran, dass jetzt wohl dessen schwierigste Bew\u00e4hrung angebrochen zu sein scheint. Der sich fr\u00fcher als Garantiemacht der UNO verstehende \u201eWesten\u201c f\u00fchlt sich gerade von einer BRICS-plus-Staatenkonstellation in seinem Hochmut tief gekr\u00e4nkt \u2013 gerade von Schwellen-L\u00e4ndern, die bis vor kurzem noch von NATO, Wallstreet, IWF, WHO und FED wie Fu\u00dfabtreter behandelt worden waren. Heute droht dem \u201eWesten\u201c der \u201eBRICS+-Verbund\u201c \u00fcber den Kopf zu wachsen \u2013 nicht nur in Wirtschaftsleistung und Bev\u00f6lkerungszahlen, auch in kultureller Vernetzung. Da bleibt der angeschlagenen West-Weltelite wohl nur noch sein \u201eKerngesch\u00e4ft\u201c: das Milit\u00e4r. Schulenburg fragt: \u201eWird der `Westen\u00b4 \u2013 insbesondere die NATO-Staaten \u2013 die politischen Ver\u00e4nderungen und den Verlust ihrer einst dominierenden Rolle akzeptieren? Oder wird er versuchen, dies durch milit\u00e4rische Eskalation aufzuhalten?\u201c<\/p>\n<p>Im Westen w\u00fcrde bereits davon gesprochen, dass es \u201esogar schon in drei Jahren zu einem Krieg kommen werde\u2026 Schon heute machen die Verteidigungsausgaben der NATO rund 55 % der weltweiten Milit\u00e4rausgaben aus \u2013 verglichen mit gesch\u00e4tzten 13 % von China, 6 % von Russland und 3,5 % von Indien.\u201c<\/p>\n<p>Schulenburg zeichnet eine Entwicklung der Charta-Verst\u00f6\u00dfe zum noch Schlimmeren: vom NATO-\u00dcberfall auf Jugoslawien bis zum \u201eKopfgeld auf den Pr\u00e4sidenten eines anderen Landes ohne UN-Mandat\u2026\u201c Und er res\u00fcmiert:<\/p>\n<p style=\"padding-left: 40px;\">\u201eWir rutschen so in eine Welt, in der nur das Recht des St\u00e4rkeren gilt.\u201c<\/p>\n<p>Die komplett unterschiedlichen Kriegsursachen in der Ukraine und im Gaza-Streifen skizziert Schulenburg detailgetreu. Und auch die Zielvorgabe, f\u00fcr die \u201eder Westen\u201c Selenskyj 2022 unter Druck setzte, die soeben in Antalya und Istanbul mit Russland ausgehandelten Verhandlungsergebnisse f\u00fcr einen Waffenstillstand ger\u00e4uschvoll in die Tonne zu treten: \u201eDurch eine russische Niederlage h\u00e4tte die NATO die Kontrolle \u00fcber die Ukraine und das Schwarze Meer erlangt; ein strategisch bedeutendes Faustpfand auch in einer m\u00f6glichen zuk\u00fcnftigen Auseinandersetzung mit China.\u201c<\/p>\n<p>Schulenburgs Brosch\u00fcre beschreibt aber nicht nur, wie Joe Biden und Boris Johnson den ukrainisch-russischen Verhandlungsdeal sabotiert hatten, sondern auch, wie Israel die Verhandlungen zwischen den USA und dem Iran torpedierte, um auch dort Krieg weiter anzuheizen.<\/p>\n<p>Schulenburg sieht allerdings in den Vereinten Nationen, trotz deren gelegentlicher Wirkarmut, die dauerhaft einzig praktikable, institutionelle Chance zur Kriegsvermeidung. Bevor der Autor in seinem Booklet einzelne Kapitel den entsprechenden Artikeln der Charta widmet, kommt er zun\u00e4chst bez\u00fcglich Artikel 3 zu einer grunds\u00e4tzlichen Empfehlung: \u201eDie UN-Charta muss das Herz und die Seele jeder neuen Friedensarchitektur sein!\u201c<\/p>\n<p>Das mag angesichts (besonders von Israel) missachteter UN-Beschl\u00fcsse in manch revolution\u00e4rem Ohr kindergl\u00e4ubig klingen. Aber welche Alternative g\u00e4be es f\u00fcrs \u00dcberleben, als den rechtsf\u00f6rmigen Rahmen dieser UN zu st\u00e4rken?<\/p>\n<p>Schulenburg ist nun nicht so naiv, seine Kenntnisse \u00fcber die UN nur statisch auf deren global-strategische Kr\u00e4ftekonstellation anzuwenden:<\/p>\n<p style=\"padding-left: 40px;\">\u201eEine Konsequenz des Ukraine-Kriegs ist bereits, dass sich die globale Position des globalen S\u00fcdens verst\u00e4rkt hat.\u201c<\/p>\n<p>Wenige Seiten sp\u00e4ter spitzt er zu:<\/p>\n<p style=\"padding-left: 40px;\">\u201eEine \u00e4hnliche Situation bestand 1917\/18, als Hunderttausende Verarmte und Entrechtete die angeblich gottgegebenen Ordnungen in Europa hinwegfegten. In Zukunft k\u00f6nnten es weltweit hundert Millionen Menschen sein, die aus Hoffnungslosigkeit staatliche Ordnungen und Grenzen \u00fcberrennen.\u201c<\/p>\n<p>Und genau dagegen r\u00fcstet \u201eder Westen\u201c gerade martialisch auf: \u201eAuch die Nennung des Jahres 2029 als m\u00f6glicher Kriegsbeginn sollte uns nachdenklich stimmen, denn im Januar jenes Jahres wird die Pr\u00e4sidentschaft Donald Trumps enden.\u201c<\/p>\n<p>Bis dahin sucht \u201eder Westen\u201c, die UN \u201ezu reformieren\u201c. Das Wort \u201ereformieren\u201c war einst Fortschritt verhei\u00dfend. Mit Kohl und einiger Medien-Finesse wurde daraus ein Trojaner, Krieg und Massenverarmungsprogramme in \u00f6ffentliche Akzeptanz zu schmuggeln. Schulenburg:<\/p>\n<p style=\"padding-left: 40px;\">\u201eIch stehe vielen \u2013 um nicht zu sagen: den meisten \u2013 dieser Reform-Vorschl\u00e4ge eher skeptisch gegen\u00fcber\u2026 Ich glaube auch, dass weiterhin nur Mitgliedsl\u00e4nder entscheiden sollen, dass die UN ausschlie\u00dflich durch Beitr\u00e4ge finanziert wird, dass Polizei und Milit\u00e4r von Fall zu Fall von Mitgliedstaaten f\u00fcr klar definierte Aufgaben bereitgestellt werden. Die UN darf nicht den Weg der Europ\u00e4ischen Union gehen, in der zunehmend Technokraten das Sagen haben.\u201c<\/p>\n<p>Zwei Reformen hingegen h\u00e4lt Schulenburg f\u00fcr n\u00f6tig:<\/p>\n<p>Erstens m\u00fcsse der \u201eWesten\u201c zugunsten \u201edes Globalen S\u00fcdens Macht abgeben\u201c.<\/p>\n<p>Und zweitens: die UN-Charta sollte auch zum Umgang mit innerstaatlichen Konflikten erg\u00e4nzt werden, da sie seinerzeit noch nicht daf\u00fcr entwickelt worden war, Entwicklungen Rechnung zu tragen, die zu B\u00fcrgerkriegen f\u00fchren. Gerade weil diese innerstaatlichen Entwicklungen neuerdings auch von au\u00dfen gef\u00fchrt <strong>werden<\/strong> \u2013 und zwar zu dem, was man gemeinhin \u201eRegimechanges\u201c nennt.<\/p>\n<p style=\"text-align: right;\"><em>Dr. Diether Dehm ist Mitglied des Deutschen Freidenker-Verbandes und seines Beirats<\/em><\/p>\n<p><img data-recalc-dims=\"1\" loading=\"lazy\" decoding=\"async\" data-attachment-id=\"23081\" data-permalink=\"https:\/\/www.freidenker.org\/?attachment_id=23081\" data-orig-file=\"https:\/\/i0.wp.com\/www.freidenker.org\/fw17\/wp-content\/uploads\/2025\/10\/Schulenburg_UN_Charta.jpg?fit=792%2C1120&amp;ssl=1\" data-orig-size=\"792,1120\" data-comments-opened=\"0\" data-image-meta=\"{&quot;aperture&quot;:&quot;0&quot;,&quot;credit&quot;:&quot;&quot;,&quot;camera&quot;:&quot;&quot;,&quot;caption&quot;:&quot;&quot;,&quot;created_timestamp&quot;:&quot;0&quot;,&quot;copyright&quot;:&quot;&quot;,&quot;focal_length&quot;:&quot;0&quot;,&quot;iso&quot;:&quot;0&quot;,&quot;shutter_speed&quot;:&quot;0&quot;,&quot;title&quot;:&quot;&quot;,&quot;orientation&quot;:&quot;1&quot;}\" data-image-title=\"Schulenburg_UN_Charta\" data-image-description=\"\" data-image-caption=\"\" data-large-file=\"https:\/\/i0.wp.com\/www.freidenker.org\/fw17\/wp-content\/uploads\/2025\/10\/Schulenburg_UN_Charta.jpg?fit=724%2C1024&amp;ssl=1\" class=\"alignnone wp-image-23081\" src=\"https:\/\/i0.wp.com\/www.freidenker.org\/fw17\/wp-content\/uploads\/2025\/10\/Schulenburg_UN_Charta.jpg?resize=400%2C566&#038;ssl=1\" alt=\"\" width=\"400\" height=\"566\" srcset=\"https:\/\/i0.wp.com\/www.freidenker.org\/fw17\/wp-content\/uploads\/2025\/10\/Schulenburg_UN_Charta.jpg?resize=724%2C1024&amp;ssl=1 724w, https:\/\/i0.wp.com\/www.freidenker.org\/fw17\/wp-content\/uploads\/2025\/10\/Schulenburg_UN_Charta.jpg?resize=212%2C300&amp;ssl=1 212w, https:\/\/i0.wp.com\/www.freidenker.org\/fw17\/wp-content\/uploads\/2025\/10\/Schulenburg_UN_Charta.jpg?resize=768%2C1086&amp;ssl=1 768w, https:\/\/i0.wp.com\/www.freidenker.org\/fw17\/wp-content\/uploads\/2025\/10\/Schulenburg_UN_Charta.jpg?w=792&amp;ssl=1 792w\" sizes=\"auto, (max-width: 400px) 100vw, 400px\" \/><\/p>\n<p><strong>Michael von der Schulenburg \u2013 Nie wieder Krieg \u2013 Die Charta der Vereinten Nationen<\/strong><\/p>\n<p><span style=\"font-size: 12pt;\">E-Book, zu laden \u00fcber: <a href=\"https:\/\/bsw-ep.eu\/publikationen\/\" target=\"_blank\" rel=\"noopener\">https:\/\/bsw-ep.eu\/publikationen\/<\/a><\/span><\/p>\n<p><img data-recalc-dims=\"1\" loading=\"lazy\" decoding=\"async\" data-attachment-id=\"1076\" data-permalink=\"https:\/\/www.freidenker.org\/?attachment_id=1076\" data-orig-file=\"https:\/\/i0.wp.com\/www.freidenker.org\/fw17\/wp-content\/uploads\/2017\/10\/pdf_icon-2.png?fit=32%2C32&amp;ssl=1\" data-orig-size=\"32,32\" data-comments-opened=\"0\" data-image-meta=\"{&quot;aperture&quot;:&quot;0&quot;,&quot;credit&quot;:&quot;&quot;,&quot;camera&quot;:&quot;&quot;,&quot;caption&quot;:&quot;&quot;,&quot;created_timestamp&quot;:&quot;0&quot;,&quot;copyright&quot;:&quot;&quot;,&quot;focal_length&quot;:&quot;0&quot;,&quot;iso&quot;:&quot;0&quot;,&quot;shutter_speed&quot;:&quot;0&quot;,&quot;title&quot;:&quot;&quot;,&quot;orientation&quot;:&quot;0&quot;}\" data-image-title=\"pdf_icon\" data-image-description=\"\" data-image-caption=\"\" data-large-file=\"https:\/\/i0.wp.com\/www.freidenker.org\/fw17\/wp-content\/uploads\/2017\/10\/pdf_icon-2.png?fit=32%2C32&amp;ssl=1\" class=\"alignnone size-full wp-image-1076\" src=\"https:\/\/i0.wp.com\/www.freidenker.org\/fw17\/wp-content\/uploads\/2017\/10\/pdf_icon-2.png?resize=32%2C32&#038;ssl=1\" alt=\"\" width=\"32\" height=\"32\" \/> Direktlink zur <a href=\"https:\/\/bsw-ep.eu\/wp-content\/uploads\/DIGITAL_Nie-wieder-Krieg-Die-Charta-der-Vereinten-Nationen.pdf\" target=\"_blank\" rel=\"noopener\">PDF-Datei<\/a> (2,4 MB)<\/p>\n<hr \/>\n<p><span style=\"font-size: 10pt;\">Bild oben: Collage der <a href=\"https:\/\/www.nachdenkseiten.de\/?p=140098\" target=\"_blank\" rel=\"noopener\">NachDenkSeiten<\/a> unter Verwendung des Titelbildes der <a href=\"https:\/\/www.amazon.de\/dp\/3885209985\" target=\"_blank\" rel=\"noopener\">Printausgabe<\/a>, Espresso Verlag 2025, ISBN <span class=\"a-list-item\"><span class=\"a-text-bold\"> \u200e <\/span> 978-3885209980, 5,00 \u20ac<\/span><\/span><\/p>\n","protected":false},"excerpt":{"rendered":"<p><b>Beitrag von Diether Dehm<\/b><br \/>\nMichael Graf von der Schulenburg tritt der Kriegshy\u00e4ne, welche bei uns zu Hause \u00fcber Regierung und Medien thront, ohne Gekeife entgegen. Man sp\u00fcrt: Er ist gelernter Verhandler, war aktiv unter anderem in Afghanistan, Sierra Leone, New York, Somalia und im Iran. Und zwar als einer der f\u00fchrenden Diplomaten der westlichen Welt: f\u00fcr die OSZE und die UN. Famili\u00e4re Vorfahren von ihm starben unter Hitlers Fallbeil, er selbst lernte in der DDR Tischler, floh aber mit 21 Jahren \u00fcber die Ostsee nach Westdeutschland. Heute sitzt von der Schulenburg f\u00fcr das BSW im Europaparlament. Vielleicht haben solcherlei Widerspr\u00fcche ihn so mitgeformt, dass er qualifizierte Widerworte gegen den NATO-Mainstream nicht bereits als neue, \u201eabsolute Wahrheiten\u201c ausposaunt. Seine jetzt elektronisch vorgelegte Brosch\u00fcre \u00fcber die Vereinten Nationen und ihre Charta, welche gerade 80 Jahre alt geworden ist, ist also mehr unaufgeregtes Angebot als Postulat.<\/p>\n","protected":false},"author":3,"featured_media":23085,"comment_status":"closed","ping_status":"closed","sticky":false,"template":"","format":"standard","meta":{"colormag_page_container_layout":"default_layout","colormag_page_sidebar_layout":"default_layout","advanced_seo_description":"","jetpack_seo_html_title":"","jetpack_seo_noindex":false,"jetpack_post_was_ever_published":false,"footnotes":""},"categories":[12,6],"tags":[2391,1406,1021,182,393,56,2532,1117,1154,138,2632,639,946,1120,345],"class_list":["post-23080","post","type-post","status-publish","format-standard","has-post-thumbnail","hentry","category-demokratie-medien-aufklaerung","category-publikationen-fuer-freidenker","tag-brics","tag-diplomatie","tag-donald-trump","tag-eu","tag-israel","tag-nato","tag-recht-des-staerkeren","tag-reformen","tag-regime-change","tag-revolution","tag-technokratie","tag-ukraine-konflikt","tag-un-charta","tag-uno","tag-voelkerrecht"],"jetpack_featured_media_url":"https:\/\/i0.wp.com\/www.freidenker.org\/fw17\/wp-content\/uploads\/2025\/10\/dehm-krieg-schulenburg_800x450.jpg?fit=800%2C450&ssl=1","jetpack_shortlink":"https:\/\/wp.me\/p9stpK-60g","jetpack-related-posts":[{"id":22209,"url":"https:\/\/www.freidenker.org\/?p=22209","url_meta":{"origin":23080,"position":0},"title":"Strafanzeige gegen Bundeskanzler Friedrich Merz","author":"Webredaktion","date":"25. Juni 2025","format":false,"excerpt":"Wortlaut der Strafanzeige von Dieter Hallervorden und anderen gegen Bundeskanzler Friedrich Merz Hiermit erstatten wir Unterzeichnenden Strafanzeige gegen den deutschen Bundeskanzler Friedrich Merz. Dieser hat u.a. gegen das deutsche Grundgesetz versto\u00dfen \u2013 insbesondere gegen Art. 9, 25 und 26. Herr Merz, der vor seiner T\u00e4tigkeit als Bundeskanzler Aufsichtsratsvorsitzender des weltgr\u00f6\u00dften\u2026","rel":"","context":"In &quot;Demokratie \u2013 Medien \u2013 Aufkl\u00e4rung&quot;","block_context":{"text":"Demokratie \u2013 Medien \u2013 Aufkl\u00e4rung","link":"https:\/\/www.freidenker.org\/?cat=12"},"img":{"alt_text":"","src":"https:\/\/i0.wp.com\/www.freidenker.org\/fw17\/wp-content\/uploads\/2025\/06\/Merz_Strafanzeige_800x450.jpg?fit=800%2C450&ssl=1&resize=350%2C200","width":350,"height":200,"srcset":"https:\/\/i0.wp.com\/www.freidenker.org\/fw17\/wp-content\/uploads\/2025\/06\/Merz_Strafanzeige_800x450.jpg?fit=800%2C450&ssl=1&resize=350%2C200 1x, https:\/\/i0.wp.com\/www.freidenker.org\/fw17\/wp-content\/uploads\/2025\/06\/Merz_Strafanzeige_800x450.jpg?fit=800%2C450&ssl=1&resize=525%2C300 1.5x, https:\/\/i0.wp.com\/www.freidenker.org\/fw17\/wp-content\/uploads\/2025\/06\/Merz_Strafanzeige_800x450.jpg?fit=800%2C450&ssl=1&resize=700%2C400 2x"},"classes":[]},{"id":23238,"url":"https:\/\/www.freidenker.org\/?p=23238","url_meta":{"origin":23080,"position":1},"title":"25.10.2025: Frieden schaffen &#8211; Vom Krefelder zum Berliner Appell","author":"Webredaktion","date":"22. Oktober 2025","format":false,"excerpt":"Veranstaltung \u201eKunst und Wissenschaft f\u00fcr den Frieden\u201c mit prominenten G\u00e4sten Samstag. 25. Oktober 2025 von 15 \u201319 Uhr im Seidenweberhaus in Krefeld (Einlass 14 Uhr) Mitwirkende u.a.:\u00a0Reiner Braun Daniel Minetti, Christina Wouters, Kai Degenhardt, Rolf Becker, Michael von der Schulenburg, Hartmut K\u00f6nig, Dr. Werner R\u00fcgemer, Hermann Ploppa, Dr. Eugen Drewermann,\u2026","rel":"","context":"In &quot;Frieden - Antifaschismus - Solidarit\u00e4t&quot;","block_context":{"text":"Frieden - Antifaschismus - Solidarit\u00e4t","link":"https:\/\/www.freidenker.org\/?cat=13"},"img":{"alt_text":"","src":"https:\/\/i0.wp.com\/www.freidenker.org\/fw17\/wp-content\/uploads\/2025\/10\/Krefeld_Frieden-schaffen_800x450.jpg?fit=800%2C450&ssl=1&resize=350%2C200","width":350,"height":200,"srcset":"https:\/\/i0.wp.com\/www.freidenker.org\/fw17\/wp-content\/uploads\/2025\/10\/Krefeld_Frieden-schaffen_800x450.jpg?fit=800%2C450&ssl=1&resize=350%2C200 1x, https:\/\/i0.wp.com\/www.freidenker.org\/fw17\/wp-content\/uploads\/2025\/10\/Krefeld_Frieden-schaffen_800x450.jpg?fit=800%2C450&ssl=1&resize=525%2C300 1.5x, https:\/\/i0.wp.com\/www.freidenker.org\/fw17\/wp-content\/uploads\/2025\/10\/Krefeld_Frieden-schaffen_800x450.jpg?fit=800%2C450&ssl=1&resize=700%2C400 2x"},"classes":[]},{"id":24107,"url":"https:\/\/www.freidenker.org\/?p=24107","url_meta":{"origin":23080,"position":2},"title":"Die EU im Krieg gegen die Wahrheit","author":"Webredaktion","date":"2. Januar 2026","format":false,"excerpt":"Kommentar von Tilo Gr\u00e4ser. \u201eDie Meinungsfreiheit\u00a0ist f\u00fcr die Demokratie unerl\u00e4sslich. Sie bedeutet, dass sich jeder an politischen Diskussionen beteiligen kann, und die Medien k\u00f6nnen jene, die die Macht haben, zur Rechenschaft ziehen.\u201c Das ist auf der Webseite des Europarates zur Europ\u00e4ischen Menschenrechtskonvention (EMRK) zu lesen. Weiter hei\u00dft es da: \u201eFreie,\u2026","rel":"","context":"In &quot;Demokratie \u2013 Medien \u2013 Aufkl\u00e4rung&quot;","block_context":{"text":"Demokratie \u2013 Medien \u2013 Aufkl\u00e4rung","link":"https:\/\/www.freidenker.org\/?cat=12"},"img":{"alt_text":"","src":"https:\/\/i0.wp.com\/www.freidenker.org\/fw17\/wp-content\/uploads\/2026\/01\/sanktionen_ki-bild-erstellen.de_800x450.jpg?fit=800%2C450&ssl=1&resize=350%2C200","width":350,"height":200,"srcset":"https:\/\/i0.wp.com\/www.freidenker.org\/fw17\/wp-content\/uploads\/2026\/01\/sanktionen_ki-bild-erstellen.de_800x450.jpg?fit=800%2C450&ssl=1&resize=350%2C200 1x, https:\/\/i0.wp.com\/www.freidenker.org\/fw17\/wp-content\/uploads\/2026\/01\/sanktionen_ki-bild-erstellen.de_800x450.jpg?fit=800%2C450&ssl=1&resize=525%2C300 1.5x, https:\/\/i0.wp.com\/www.freidenker.org\/fw17\/wp-content\/uploads\/2026\/01\/sanktionen_ki-bild-erstellen.de_800x450.jpg?fit=800%2C450&ssl=1&resize=700%2C400 2x"},"classes":[]},{"id":17054,"url":"https:\/\/www.freidenker.org\/?p=17054","url_meta":{"origin":23080,"position":3},"title":"Die Grundsatzrede des russischen Au\u00dfenministers Lawrow im UN-Sicherheitsrat im O-Ton","author":"Webredaktion","date":"23. September 2023","format":false,"excerpt":"Beitrag von Anti-Spiegel (d.i. Thomas R\u00f6per) Die Rede, die Au\u00dfenminister Lawrow im UN-Sicherheitsrat gehalten hat, d\u00fcrfte eine der wichtigsten Reden der letzten Zeit gewesen sein, denn er hat den russischen Standpunkt zur Ukraine-Krise, zum V\u00f6lkerrecht und zum Verhalten des US-gef\u00fchrten Westens im Detail dargelegt. Die Rede zeigt \u00fcbrigens auch den\u2026","rel":"","context":"In &quot;Demokratie \u2013 Medien \u2013 Aufkl\u00e4rung&quot;","block_context":{"text":"Demokratie \u2013 Medien \u2013 Aufkl\u00e4rung","link":"https:\/\/www.freidenker.org\/?cat=12"},"img":{"alt_text":"","src":"https:\/\/i0.wp.com\/www.freidenker.org\/fw17\/wp-content\/uploads\/2023\/09\/Lawrow_VVS35286_800x450.jpg?fit=800%2C450&ssl=1&resize=350%2C200","width":350,"height":200,"srcset":"https:\/\/i0.wp.com\/www.freidenker.org\/fw17\/wp-content\/uploads\/2023\/09\/Lawrow_VVS35286_800x450.jpg?fit=800%2C450&ssl=1&resize=350%2C200 1x, https:\/\/i0.wp.com\/www.freidenker.org\/fw17\/wp-content\/uploads\/2023\/09\/Lawrow_VVS35286_800x450.jpg?fit=800%2C450&ssl=1&resize=525%2C300 1.5x, https:\/\/i0.wp.com\/www.freidenker.org\/fw17\/wp-content\/uploads\/2023\/09\/Lawrow_VVS35286_800x450.jpg?fit=800%2C450&ssl=1&resize=700%2C400 2x"},"classes":[]},{"id":8476,"url":"https:\/\/www.freidenker.org\/?p=8476","url_meta":{"origin":23080,"position":4},"title":"Nord Stream 2 und die US-Sanktionen","author":"Webredaktion","date":"29. Juli 2020","format":false,"excerpt":"Beitrag von Jochen Scholz, Oberstleutnant a. D. Von Beginn der Bauarbeiten an machten die USA deutlich, dass sie nichts unversucht lassen w\u00fcrden, um die zweite Pipeline von Russland durch die Ostsee nach Deutschland zu verhindern. Waren es anfangs Einflussversuche auf diplomatischen Kan\u00e4len oder \u00fcber die Medien, die auf\u00a0 US-h\u00f6rige Mitglieder\u2026","rel":"","context":"In &quot;Frieden - Antifaschismus - Solidarit\u00e4t&quot;","block_context":{"text":"Frieden - Antifaschismus - Solidarit\u00e4t","link":"https:\/\/www.freidenker.org\/?cat=13"},"img":{"alt_text":"","src":"https:\/\/i0.wp.com\/www.freidenker.org\/fw17\/wp-content\/uploads\/2020\/07\/Nordstream_252808872_800x446_mR.jpg?fit=800%2C446&ssl=1&resize=350%2C200","width":350,"height":200,"srcset":"https:\/\/i0.wp.com\/www.freidenker.org\/fw17\/wp-content\/uploads\/2020\/07\/Nordstream_252808872_800x446_mR.jpg?fit=800%2C446&ssl=1&resize=350%2C200 1x, https:\/\/i0.wp.com\/www.freidenker.org\/fw17\/wp-content\/uploads\/2020\/07\/Nordstream_252808872_800x446_mR.jpg?fit=800%2C446&ssl=1&resize=525%2C300 1.5x, https:\/\/i0.wp.com\/www.freidenker.org\/fw17\/wp-content\/uploads\/2020\/07\/Nordstream_252808872_800x446_mR.jpg?fit=800%2C446&ssl=1&resize=700%2C400 2x"},"classes":[]},{"id":382,"url":"https:\/\/www.freidenker.org\/?p=382","url_meta":{"origin":23080,"position":5},"title":"Demokratie, v\u00f6lkerrechtliches Gewaltverbot und nationaler Befreiungskampf","author":"Webmaster","date":"17. Juli 2010","format":false,"excerpt":"Beitrag von Klaus von Raussendorff aus FREIDENKER 2-10 Unterschiedlichste Theoretiker und Propagandisten der Demokratie stimmen darin \u00fcberein, dass diese Staatsform sich in besonderem Ma\u00dfe durch ihre Bindung an das Recht auszeichnet. Dies schlie\u00dft das jeweilige nationale wie das internationale Recht ein. Dementgegen h\u00e4ufen sich in den letzten Jahren die F\u00e4lle,\u2026","rel":"","context":"In &quot;Demokratie \u2013 Medien \u2013 Aufkl\u00e4rung&quot;","block_context":{"text":"Demokratie \u2013 Medien \u2013 Aufkl\u00e4rung","link":"https:\/\/www.freidenker.org\/?cat=12"},"img":{"alt_text":"","src":"https:\/\/i0.wp.com\/www.freidenker.org\/fw17\/wp-content\/uploads\/2016\/08\/Ketten-Fuesse-1.jpg?fit=800%2C445&ssl=1&resize=350%2C200","width":350,"height":200,"srcset":"https:\/\/i0.wp.com\/www.freidenker.org\/fw17\/wp-content\/uploads\/2016\/08\/Ketten-Fuesse-1.jpg?fit=800%2C445&ssl=1&resize=350%2C200 1x, https:\/\/i0.wp.com\/www.freidenker.org\/fw17\/wp-content\/uploads\/2016\/08\/Ketten-Fuesse-1.jpg?fit=800%2C445&ssl=1&resize=525%2C300 1.5x, https:\/\/i0.wp.com\/www.freidenker.org\/fw17\/wp-content\/uploads\/2016\/08\/Ketten-Fuesse-1.jpg?fit=800%2C445&ssl=1&resize=700%2C400 2x"},"classes":[]}],"_links":{"self":[{"href":"https:\/\/www.freidenker.org\/index.php?rest_route=\/wp\/v2\/posts\/23080","targetHints":{"allow":["GET"]}}],"collection":[{"href":"https:\/\/www.freidenker.org\/index.php?rest_route=\/wp\/v2\/posts"}],"about":[{"href":"https:\/\/www.freidenker.org\/index.php?rest_route=\/wp\/v2\/types\/post"}],"author":[{"embeddable":true,"href":"https:\/\/www.freidenker.org\/index.php?rest_route=\/wp\/v2\/users\/3"}],"replies":[{"embeddable":true,"href":"https:\/\/www.freidenker.org\/index.php?rest_route=%2Fwp%2Fv2%2Fcomments&post=23080"}],"version-history":[{"count":2,"href":"https:\/\/www.freidenker.org\/index.php?rest_route=\/wp\/v2\/posts\/23080\/revisions"}],"predecessor-version":[{"id":23088,"href":"https:\/\/www.freidenker.org\/index.php?rest_route=\/wp\/v2\/posts\/23080\/revisions\/23088"}],"wp:featuredmedia":[{"embeddable":true,"href":"https:\/\/www.freidenker.org\/index.php?rest_route=\/wp\/v2\/media\/23085"}],"wp:attachment":[{"href":"https:\/\/www.freidenker.org\/index.php?rest_route=%2Fwp%2Fv2%2Fmedia&parent=23080"}],"wp:term":[{"taxonomy":"category","embeddable":true,"href":"https:\/\/www.freidenker.org\/index.php?rest_route=%2Fwp%2Fv2%2Fcategories&post=23080"},{"taxonomy":"post_tag","embeddable":true,"href":"https:\/\/www.freidenker.org\/index.php?rest_route=%2Fwp%2Fv2%2Ftags&post=23080"}],"curies":[{"name":"wp","href":"https:\/\/api.w.org\/{rel}","templated":true}]}}