{"id":23075,"date":"2025-10-09T16:43:38","date_gmt":"2025-10-09T14:43:38","guid":{"rendered":"https:\/\/www.freidenker.org\/?p=23075"},"modified":"2025-10-31T18:56:14","modified_gmt":"2025-10-31T17:56:14","slug":"israels-politik-wird-von-einer-voelkermoerderischen-logik-getrieben","status":"publish","type":"post","link":"https:\/\/www.freidenker.org\/?p=23075","title":{"rendered":"\u201eIsraels Politik wird von einer v\u00f6lkerm\u00f6rderischen Logik getrieben\u201c"},"content":{"rendered":"<p><strong>Der israelische Historiker Avi Shlaim analysiert in seinem neuen Buch die Gewaltpolitik des Zionismus, die zum Genozid im Gazastreifen f\u00fchrte <\/strong><\/p>\n<p><em>Rezension von <strong>Arn Strohmeyer<\/strong><\/em><\/p>\n<p>Avi Shlaim ist einer der renommiertesten israelischen Historiker. Bei dieser Feststellung muss man aber eine Differenzierung vornehmen. Denn die israelische Geschichtsschreibung steht in der Regel unter dem Diktat der zionistischen Staatsideologie. Die Historiker dieser Richtung erf\u00fcllen die Vorgaben dieser Ideologie, sind also in ihrem Forschen weltanschaulich gebunden. Gegen diese staatlich institutionalisierte Geschichtsschreibung bildete sich in den 1990er Jahren \u2013 etwa zur Zeit, als sich durch die Oslo-Vertr\u00e4ge so etwas wie eine kurzzeitige Entspannung zwischen Israel und den Pal\u00e4stinensern abzeichnete \u2013 eine Richtung in der israelischen historischen Forschung heraus, deren Vertreter die Vorgaben des Zionismus ablehnten und in die damals f\u00fcr kurze Zeit ge\u00f6ffneten Archive gingen, um zu erfahren, \u201ewie es wirklich war\u201c.<\/p>\n<p>Es entstanden damals wichtige Werke \u2013 vor allem \u00fcber die Nakba und den israelisch-arabischen Krieg 1948\/49. Zu diesen sogenannten \u201eneuen Historikern\u201c geh\u00f6ren so bedeutende Wissenschaftler wie Benny Morris, Ilan Pappe, Tom Segev und eben Avi Shlaim. Um den Anfeindungen von zionistischer Seite zu entgehen, nahm Ilan Pappe einen Ruf an die Universit\u00e4t in Exeter in England an. Shlaim war schon vorher aus pers\u00f6nlichen Gr\u00fcnden nach England gegangen und forschte und lehrte an der Universit\u00e4t Oxford. Morris wechselte dagegen die politische Seite und wurde ein gl\u00e4ubiger Zionist.<\/p>\n<p>Shlaim beschreibt in seinem Buch \u2013 einer Sammlung von Essays aus den letzten Jahren \u2013 sehr genau die Entstehung und den Werdegang des Konfliktes der Zionisten mit den Pal\u00e4stinensern, vom Eintreffen der ersten j\u00fcdischen Einwanderer in Pal\u00e4stina, ihre allm\u00e4hliche Inbesitznahme des Landes, die Aufst\u00e4nde gegen die fremden Usurpatoren und die Kriege der neuen Herren des Landes mit den Arabern bis zum noch andauernden schrecklichen V\u00f6lkermord in Gaza.<\/p>\n<p>Der Autor macht als Ursache f\u00fcr die seit \u00fcber einem Jahrhundert anhaltende Gewalt den zionistischen Siedlerkolonialismus aus, dessen einzige Logik die Vertreibung der Einheimischen und die totale \u00dcbernahme des Landes war und ist. Er schreibt: \u201eDieses Ziel kann nicht durch Diplomatie und Verhandlungen erreicht werden. Gewalt liegt Israel als Kolonialmacht im Blut. Israel behauptet, die Gewalt sei nicht von ihm initiiert, sondern ihm aufgezwungen worden. (\u2026) Diese Sichtweise ignoriert jedoch v\u00f6llig die Rolle, die Israel besonders durch die Besetzung arabischer und pal\u00e4stinensischer Gebiete gespielt hat. In allen Kriegen Israels seit 1967 ging es darum, das zionistische Kolonialprojekt \u00fcber die Gr\u00fcne Linie [die Waffenstillstandslinie von 1949] hinaus zu verteidigen und auszuweiten.\u201c<\/p>\n<p>Der absolute Hohepunkt der zionistischen Gewalt ist Israels V\u00f6lkermord im Gazastreifen nach dem Hamas-Anschlag nach dem 7. Oktober 2023, dessen genauer Ablauf noch gar nicht gekl\u00e4rt ist, da Israel keine internationale Untersuchung des Geschehens zul\u00e4sst. Der zionistische Staat nahm den Hamas-\u00dcberfall aber zum Vorwand f\u00fcr seine genozidale Gewaltorgie, die \u2013 daf\u00fcr sprechen die Aussagen sehr vieler israelischer Politiker und Milit\u00e4rs \u2013 nur ein Ziel hat: den Gazastreifen vollst\u00e4ndig zu zerst\u00f6ren und seine Bewohner entweder zu vertreiben oder zu eliminieren, um auch dieses pal\u00e4stinensische Gebiet dem zionistischen Projekt einzugliedern. Shlaim bekennt, dass er lange gez\u00f6gert hat, das Wort V\u00f6lkermord in diesem Kontext zu benutzen, aber die Fakten des Geschehens im Gazastreifen haben ihn dann \u00fcberzeugt, den Genozid dort als Tatsache anzunehmen.<\/p>\n<p>Mit Selbstverteidigung, wie Israel behauptet, hat dieser Mord- und Zerst\u00f6rungsfeldzug nichts zu tun. Shlaim weist ausdr\u00fccklich darauf hin: Ein Besatzerstaat kann sich nach dem V\u00f6lkerrecht nicht gegen die von ihm Besetzten \u201eselbst verteidigen\u201c. Wobei auch erg\u00e4nzt werden muss, dass der Widerstand der Hamas gegen den Besatzer und Unterdr\u00fccker Israel v\u00f6lkerrechtlich v\u00f6llig legal ist, er darf sich nur nicht gegen Zivilisten richten.<\/p>\n<p>Im Westen wird der Hamas-Anschlag vornehmlich als antisemitische Attacke auf Juden verstanden \u2013 eine ganz unhistorische Betrachtungsweise, wenn man den Anschlag in den Kontext des israelisch-pal\u00e4stinensischen Konfliktes von seinem Beginn an einordnet. Israel hat unendlich viele Massaker an den Pal\u00e4stinensern begangen, zudem sieben Kriege gegen den von ihm vollst\u00e4ndig eingeschlossenen und belagerten Gazastreifen gef\u00fchrt \u2013 mit immensen Zerst\u00f6rungen und Tausenden von Toten als Folge. Die Israelis nennen diese Kriege zynischerweise \u201eRasenm\u00e4hen\u201c, womit sie ein Vorgehen meinen, das regelm\u00e4\u00dfig und mechanisch ohne ein absehbares Ende durchgef\u00fchrt wird, wobei das T\u00f6ten von Zivilisten und die Zerst\u00f6rung der Infrastruktur als ganz selbstverst\u00e4ndlich dazugeh\u00f6ren.<\/p>\n<p>Shlaim ordnet die Hamas-Attacke so in die Geschichte des Konfliktes ein: \u201eDer Hamas-Anschlag vom 7. Oktober, so brutal und m\u00f6rderisch er auch war, ereignete sich nicht im luftleeren Raum. Er geschah vor dem d\u00fcsteren Hintergrund der totalen Blockade Gazas seit 2007 und dem st\u00e4ndigen Einsatz milit\u00e4rischer Gewalt gegen das Gebiet. Im wahrsten Sinne des Wortes war er eine Reaktion auf ein halbes Jahrhundert brutaler Besatzung und grausamer Unterdr\u00fcckung.\u201c<\/p>\n<p>Der Autor bezeichnet das Vorgehen Israels gegen die Pal\u00e4stinenser \u2013 nicht nur in Gaza \u2013 als \u201eStaatsterrorismus\u201c. Diese Gewalt ist, wie erw\u00e4hnt, eine logische Folge des Siedlerkolonialismus. Durch eine solche Politik hat Israel die Kernwerte des Judentums \u2013 Altruismus, Wahrheit, Gerechtigkeit, Gewaltlosigkeit und Frieden \u2013 verraten. Die Politik der Regierung von Benjamin Netanjahu stellt f\u00fcr Shlaim das genaue Gegenteil dieser j\u00fcdischen Kernwerte dar. Sie steht f\u00fcr Gewalt, Unterdr\u00fcckung und Friedlosigkeit. Sie ist die \u201eaggressivste, nationalistischste, ethnozentrischste, messianistischste und gewaltt\u00e4tigste in der Geschichte Israels.\u201c<\/p>\n<p>Dass ein solches Regime einen entsprechenden F\u00fchrer hat, verwundert da nicht. Shlaim schildert Netanjahu als skrupellosen und verlogenen Macht- und Gewaltmenschen, der nur ein Ziel verfolgt: ganz Pal\u00e4stina unter die Kontrolle der Zionisten zu bringen, wobei ihm jedes Mittel recht ist \u2013 auch die Instrumentalisierung des Holocaust f\u00fcr den Genozid in Gaza. Der zionistische Staat hat den Mord an den europ\u00e4ischen Juden durch die Nazis immer schon als Erpressungs- und Rechtfertigungsmittel f\u00fcr seine Gewaltpolitik instrumentalisiert. Netanjahu setzt das in gesteigerter Weise fort, denunziert die Hamas als die \u201eneuen Nazis\u201c und leitet daraus das Recht ab, sie zu vernichten. Abgesehen davon, dass der Vergleich der Hamas mit den Nazis historisch v\u00f6llig unsinnig ist, ist es eine Perversion, einen V\u00f6lkermord durch einen anderen zu rechtfertigen!<\/p>\n<p>Shlaim spricht in diesem Zusammenhang von \u201eParanoia\u201c und wirft der israelischen politischen Elite vor, die Sicherheitsbesorgnis und das Bedrohungsgef\u00fchl ihrer B\u00fcrger skrupellos zu manipulieren: \u201eDer Erzmanipulator ist Benjamin Netanjahu. Er ist der Hohepriester der Angst, der unaufh\u00f6rlich auf den existenziellen Bedrohungen des Landes herumreitet. Die Rhetorik, die Hamas stelle eine existenzielle Bedrohung f\u00fcr Israel dar, ist angesichts der milit\u00e4rischen Asymmetrie zwischen den beiden Seiten v\u00f6llig absurd, erzielt aber die gew\u00fcnschten psychologischen und politischen Effekte. (\u2026.) Die Formulierungen, mit denen Netanjahu und seine rechten Kollegen den Konflikt mit der Hamas darstellen, sind eine Mischung aus Halbwahrheiten, Verschleierung, T\u00e4uschung und Doppelmoral. Die Darstellung bietet keinen friedlichen Ausweg aus dem Dilemma. Sie ist das Problem, nicht die L\u00f6sung.\u201c<\/p>\n<p>Die entmenschlichende und d\u00e4monisierende Rhetorik der israelischen Politiker und Milit\u00e4rs \u2013 dass die Pal\u00e4stinenser \u201emenschliche Tiere\u201c seien, dass man sie wie Amalek (ein Volk in Pal\u00e4stina im Alten Testament) vernichten und dass man Gaza v\u00f6llig zerst\u00f6ren m\u00fcsse \u2013 erinnert in der Tat an die unmenschliche Sprache der Nazis. Es handelt sich aber nicht nur um Rhetorik, sondern um Absichtserkl\u00e4rungen, die Israel ja auch in die genozidale Realit\u00e4t umgesetzt hat.<\/p>\n<p>Wie weit ist Israel mit seiner ultrarechten Regierung schon ein faschistischer Staat? Shlaim geht mit dem Wort Faschismus eher vorsichtig um, sieht aber Merkmale, die die Bezeichnung durchaus rechtfertigen: den Glauben an die Doktrin, dass Gewalt die Welt nach der rassistisch-j\u00fcdisch-suprematistischen Vision formen k\u00f6nne und dass Macht sowohl in der Innen- wie in der Au\u00dfenpolitik Recht schaffe. Dazu kommen weitere Kriterien: die Nation \u00fcber den Einzelnen zu stellen, Nichtjuden zu diskriminieren, die Rechtsstaatlichkeit im Inneren zu untergraben und im Ausland eben auf nackte Gewalt zu setzen.<\/p>\n<p>Shlaim bezeichnet die israelische politische Rhetorik und die Politik vor Ort in Gaza nicht nur als \u201efaschistisch\u201c, sondern als \u201ev\u00f6lkerm\u00f6rderisch-faschistisch\u201c. Zweimal f\u00e4llt in seinem Text die \u00e4u\u00dferst harte Benennung Israels als \u201eSchurkenstaat\u201c. Das \u201eneue Modell\u201c brutaler Kriegsf\u00fchrung gegen die Hamas und die Bev\u00f6lkerung in Gaza bezeichnet er nicht nur als V\u00f6lkermord, sondern eben auch als \u201eStaatsterrorismus\u201c.<\/p>\n<p>Der Autor unterzieht aber nicht nur die israelische Politik einer harten Kritik, sondern auch die der westlichen Staatengemeinschaft, die hinter Israels verbrecherischer und v\u00f6lkerrechtswidriger Politik steht. Die Doppelmoral des Westens, Russlands Angriff auf die Ukraine scharf zu verurteilen, Israels V\u00f6lkermord in Gaza aber moralisch zu verteidigen und mit Waffenlieferungen zu unterst\u00fctzen, ist f\u00fcr Shlaim ein deutliches Zeichen f\u00fcr den totalen Glaubw\u00fcrdigkeitsverlust des Westens: \u201eIsraels Verhalten im jahrelangen Gaza-Krieg schadet nicht nur seinem eignen Ruf, sondern beschleunigt auch den Niedergang der von den USA gef\u00fchrten liberalen internationalen Ordnung, die nach dem Zweiten Weltkrieg errichtet worden war.\u201c<\/p>\n<p>Den Grundfehler in der Politik des Westens sieht Shlaim darin, dass sie Israel eine Ausnahme- und Sonderstellung einger\u00e4umt hat: Es kann tun und lassen, was es will, es wird nie zur Verantwortung gezogen, bleibt immer straffrei. Dieser rechtliche und moralische Freibrief erweist sich nun als Bumerang f\u00fcr den Westen, denn die Duldung und Unterst\u00fctzung des V\u00f6lkermords in Gaza zieht den gesamten Westen in den moralischen Abgrund.<\/p>\n<p>Das Erscheinen von Avi Shlaims Buch in Deutschland kann nicht hoch genug eingesch\u00e4tzt werden. Aus zwei Gr\u00fcnden: Er zeigt uns ohne ideologische Scheuklappen und Ausfl\u00fcchte die Wahrheit \u00fcber das unselige Geschehen im Gazastreifen auf \u2013 dass dort eben ein brutaler und kaltbl\u00fctiger Genozid durchgef\u00fchrt wird. Und damit legt er indirekt auch, also ohne das direkt auszusprechen, das v\u00f6llig falsche und auf Illusionen und L\u00fcgen beruhende deutsche Israel-Bild blo\u00df: dass Israel von Anfang an nicht der moralisch saubere Staat der Holocaust-\u00dcberlebenden war (nat\u00fcrlich gab es dort Holocaust\u00fcberlebende, aber sie wurden diskriminiert und verachtet, weil sie nicht dem Pionier-Ideal des \u201eneuen Juden\u201c entsprachen), sondern ein siedlerkolonialistisches Projekt, das einzig und allein auf Gewalt \u2013 Vertreibung, Besatzung und Unterdr\u00fcckung \u2013 gegr\u00fcndet war und immer noch ist. Ein Staat, der glaubt, dass f\u00fcr ihn V\u00f6lkerrecht und Menschenrechte nicht gelten, weil er \u00fcber dem Gesetz steht.<\/p>\n<p>Man darf die Prophezeiung wagen, dass Israel f\u00fcr diese Hybris, die in Gaza ihren H\u00f6hepunkt erreicht hat, einen hohen Preis wird zahlen m\u00fcssen. Das Buch von Avi Shlaim geh\u00f6rt in die H\u00e4nde jedes Interessierten, der die Realit\u00e4t dessen, was in Israel und den pal\u00e4stinensischen Gebieten geschieht, verstehen will. Der Autor leistet mit ihm Aufkl\u00e4rung im besten Sinne. Vor allem auch deutschen Politikern t\u00e4te die Lekt\u00fcre gut, um endlich von den Illusionen \u00fcber den zionistischen Staat Abschied zu nehmen und die wahre Realit\u00e4t Israel zur Kenntnis zu nehmen.<\/p>\n<p style=\"text-align: right;\"><em>Arn Strohmeyer lebt und arbeitet als Journalist und freier Schriftsteller in Bremen.\u00a0Zuletzt schrieb er im\u00a0\u00a0\u201e<a href=\"https:\/\/www.freidenker.org\/?p=20604\" target=\"_blank\" rel=\"noopener\">FREIDENKER\u201c Nr. 4-24<\/a>\u00a0den Beitrag \u201eIsrael begeht V\u00f6lkermord im Gazastreifen und Deutschland ist Mitt\u00e4ter\u201c<\/em><\/p>\n<p><strong><img data-recalc-dims=\"1\" loading=\"lazy\" decoding=\"async\" data-attachment-id=\"23076\" data-permalink=\"https:\/\/www.freidenker.org\/?attachment_id=23076\" data-orig-file=\"https:\/\/i0.wp.com\/www.freidenker.org\/fw17\/wp-content\/uploads\/2025\/10\/Schlaim_Genozid-in-Gaza.jpg?fit=486%2C804&amp;ssl=1\" data-orig-size=\"486,804\" data-comments-opened=\"0\" data-image-meta=\"{&quot;aperture&quot;:&quot;0&quot;,&quot;credit&quot;:&quot;&quot;,&quot;camera&quot;:&quot;&quot;,&quot;caption&quot;:&quot;&quot;,&quot;created_timestamp&quot;:&quot;0&quot;,&quot;copyright&quot;:&quot;&quot;,&quot;focal_length&quot;:&quot;0&quot;,&quot;iso&quot;:&quot;0&quot;,&quot;shutter_speed&quot;:&quot;0&quot;,&quot;title&quot;:&quot;&quot;,&quot;orientation&quot;:&quot;0&quot;}\" data-image-title=\"Schlaim_Genozid-in-Gaza\" data-image-description=\"\" data-image-caption=\"\" data-large-file=\"https:\/\/i0.wp.com\/www.freidenker.org\/fw17\/wp-content\/uploads\/2025\/10\/Schlaim_Genozid-in-Gaza.jpg?fit=486%2C804&amp;ssl=1\" class=\"alignnone wp-image-23076 size-full\" src=\"https:\/\/i0.wp.com\/www.freidenker.org\/fw17\/wp-content\/uploads\/2025\/10\/Schlaim_Genozid-in-Gaza.jpg?resize=486%2C804&#038;ssl=1\" alt=\"\" width=\"486\" height=\"804\" srcset=\"https:\/\/i0.wp.com\/www.freidenker.org\/fw17\/wp-content\/uploads\/2025\/10\/Schlaim_Genozid-in-Gaza.jpg?w=486&amp;ssl=1 486w, https:\/\/i0.wp.com\/www.freidenker.org\/fw17\/wp-content\/uploads\/2025\/10\/Schlaim_Genozid-in-Gaza.jpg?resize=181%2C300&amp;ssl=1 181w\" sizes=\"auto, (max-width: 486px) 100vw, 486px\" \/><\/strong><\/p>\n<p><strong>Avi Shlaim: Genozid in Gaza. Israels langer Krieg gegen Pal\u00e4stina<br \/>\nAbraham Melzer Verlag Neu-Isenburg<br \/>\nISBN 978-3-00-083771-5<br \/>\n24,00 Euro<\/strong><\/p>\n<hr \/>\n<p><span style=\"font-size: 10pt;\">Bild oben: Collage von Ralf Lux unter Verwendung des Titelbildes vom Abraham Melzer Verlag<\/span><\/p>\n","protected":false},"excerpt":{"rendered":"<p><b>Rezension von Arn Strohmeyer zu Avi Shlaim: Genozid in Gaza. Israels langer Krieg gegen Pal\u00e4stina<\/b><br \/>\nAvi Shlaim ist einer der renommiertesten israelischen Historiker. Bei dieser Feststellung muss man aber eine Differenzierung vornehmen. Denn die israelische Geschichtsschreibung steht in der Regel unter dem Diktat der zionistischen Staatsideologie. Die Historiker dieser Richtung erf\u00fcllen die Vorgaben dieser Ideologie, sind also in ihrem Forschen weltanschaulich gebunden. Gegen diese staatlich institutionalisierte Geschichtsschreibung bildete sich in den 1990er Jahren \u2013 etwa zur Zeit, als sich durch die Oslo-Vertr\u00e4ge so etwas wie eine kurzzeitige Entspannung zwischen Israel und den Pal\u00e4stinensern abzeichnete \u2013 eine Richtung in der israelischen historischen Forschung heraus, deren Vertreter die Vorgaben des Zionismus ablehnten und in die damals f\u00fcr kurze Zeit ge\u00f6ffneten Archive gingen, um zu erfahren, \u201ewie es wirklich war\u201c.<\/p>\n","protected":false},"author":3,"featured_media":23077,"comment_status":"closed","ping_status":"closed","sticky":false,"template":"","format":"standard","meta":{"colormag_page_container_layout":"default_layout","colormag_page_sidebar_layout":"default_layout","advanced_seo_description":"","jetpack_seo_html_title":"","jetpack_seo_noindex":false,"jetpack_post_was_ever_published":false,"footnotes":""},"categories":[12,6],"tags":[512,1458,2004,1613,1115,451,1172,1589,1644,1954,277,393,1955,394,954,345,579],"class_list":["post-23075","post","type-post","status-publish","format-standard","has-post-thumbnail","hentry","category-demokratie-medien-aufklaerung","category-publikationen-fuer-freidenker","tag-antisemitismus","tag-bedrohung","tag-besatzung","tag-blockade","tag-buch","tag-faschismus","tag-gaza","tag-genozid","tag-gewalt","tag-hamas","tag-holocaust","tag-israel","tag-nahostkonflikt","tag-palaestina","tag-rezension","tag-voelkerrecht","tag-zionismus"],"jetpack_featured_media_url":"https:\/\/i0.wp.com\/www.freidenker.org\/fw17\/wp-content\/uploads\/2025\/10\/Shlaim_Genozid_in_Gaza_800x450_v2.jpg?fit=800%2C450&ssl=1","jetpack_shortlink":"https:\/\/wp.me\/p9stpK-60b","jetpack-related-posts":[{"id":22570,"url":"https:\/\/www.freidenker.org\/?p=22570","url_meta":{"origin":23075,"position":0},"title":"Schmerzhafter Abschied von der Illusion Israel","author":"Webredaktion","date":"7. August 2025","format":false,"excerpt":"Rezension von Arn Strohmeyer Die deutsch-israelische Schauspielerin, S\u00e4ngerin und Schriftstellerin Nirit Sommerfeld setzt sich seit Jahren als politische Aktivistin Vortr\u00e4ge haltend, singend und schreibend f\u00fcr eine gerechte L\u00f6sung des israelisch-pal\u00e4stinensischen Konflikts ein. Das hei\u00dft f\u00fcr sie vor allem, dass auch die Pal\u00e4stinenser einen Anspruch auf Freiheit, Gerechtigkeit und Selbstbestimmung haben.\u2026","rel":"","context":"In &quot;Kultur &amp; Kunst&quot;","block_context":{"text":"Kultur &amp; Kunst","link":"https:\/\/www.freidenker.org\/?cat=913"},"img":{"alt_text":"","src":"https:\/\/i0.wp.com\/www.freidenker.org\/fw17\/wp-content\/uploads\/2025\/08\/sommerfeld_beduinenmilch_800x450.jpg?fit=800%2C450&ssl=1&resize=350%2C200","width":350,"height":200,"srcset":"https:\/\/i0.wp.com\/www.freidenker.org\/fw17\/wp-content\/uploads\/2025\/08\/sommerfeld_beduinenmilch_800x450.jpg?fit=800%2C450&ssl=1&resize=350%2C200 1x, https:\/\/i0.wp.com\/www.freidenker.org\/fw17\/wp-content\/uploads\/2025\/08\/sommerfeld_beduinenmilch_800x450.jpg?fit=800%2C450&ssl=1&resize=525%2C300 1.5x, https:\/\/i0.wp.com\/www.freidenker.org\/fw17\/wp-content\/uploads\/2025\/08\/sommerfeld_beduinenmilch_800x450.jpg?fit=800%2C450&ssl=1&resize=700%2C400 2x"},"classes":[]},{"id":24435,"url":"https:\/\/www.freidenker.org\/?p=24435","url_meta":{"origin":23075,"position":1},"title":"Als Zionisten noch die Koexistenz mit den Pal\u00e4stinensern anstrebten","author":"Webredaktion","date":"18. Februar 2026","format":false,"excerpt":"Rezension von Arn Strohmeyer zu Shlomo Sand: Ein Staat f\u00fcr zwei V\u00f6lker? Angesichts der unvers\u00f6hnlichen und starren zionistischen Haltung in Sachen Frieden ist es fast nicht vorstellbar, dass es einmal ernst gemeinte Vorschl\u00e4ge von zionistischer Seite zur L\u00f6sung des Konflikts mit den Pal\u00e4stinensern gab. Verschiedene Vorschl\u00e4ge wurden unterbreitet, und sie\u2026","rel":"","context":"In &quot;Demokratie \u2013 Medien \u2013 Aufkl\u00e4rung&quot;","block_context":{"text":"Demokratie \u2013 Medien \u2013 Aufkl\u00e4rung","link":"https:\/\/www.freidenker.org\/?cat=12"},"img":{"alt_text":"","src":"https:\/\/i0.wp.com\/www.freidenker.org\/fw17\/wp-content\/uploads\/2026\/02\/shlomo_sand_ein_staat_zwei_voelker_800x450.jpg?fit=800%2C450&ssl=1&resize=350%2C200","width":350,"height":200,"srcset":"https:\/\/i0.wp.com\/www.freidenker.org\/fw17\/wp-content\/uploads\/2026\/02\/shlomo_sand_ein_staat_zwei_voelker_800x450.jpg?fit=800%2C450&ssl=1&resize=350%2C200 1x, https:\/\/i0.wp.com\/www.freidenker.org\/fw17\/wp-content\/uploads\/2026\/02\/shlomo_sand_ein_staat_zwei_voelker_800x450.jpg?fit=800%2C450&ssl=1&resize=525%2C300 1.5x, https:\/\/i0.wp.com\/www.freidenker.org\/fw17\/wp-content\/uploads\/2026\/02\/shlomo_sand_ein_staat_zwei_voelker_800x450.jpg?fit=800%2C450&ssl=1&resize=700%2C400 2x"},"classes":[]},{"id":23773,"url":"https:\/\/www.freidenker.org\/?p=23773","url_meta":{"origin":23075,"position":2},"title":"Die deutschen Wurzeln des Zionismus","author":"Webredaktion","date":"9. Dezember 2025","format":false,"excerpt":"Wie der Zionismus aus dem Vorbild des deutsch-v\u00f6lkischen Nationalismus entstand und die Pal\u00e4stinenser dabei auf der Strecke blieben Rezension von Arn Strohmeyer Der Palmyra-Verlag in Heidelberg hat sehr interessante Texte des Nahost-Experten Clemens Messerschmid als Buch herausgegeben. Clemens Messerschmid war eine Ausnahmeerscheinung in der Pal\u00e4stina-Szene: ein hoch qualifizierter Experte, der\u2026","rel":"","context":"In &quot;Demokratie \u2013 Medien \u2013 Aufkl\u00e4rung&quot;","block_context":{"text":"Demokratie \u2013 Medien \u2013 Aufkl\u00e4rung","link":"https:\/\/www.freidenker.org\/?cat=12"},"img":{"alt_text":"","src":"https:\/\/i0.wp.com\/www.freidenker.org\/fw17\/wp-content\/uploads\/2025\/12\/Messerschmid_Wurzeln_des_Zionismus_coll_800x450.jpg?fit=800%2C450&ssl=1&resize=350%2C200","width":350,"height":200,"srcset":"https:\/\/i0.wp.com\/www.freidenker.org\/fw17\/wp-content\/uploads\/2025\/12\/Messerschmid_Wurzeln_des_Zionismus_coll_800x450.jpg?fit=800%2C450&ssl=1&resize=350%2C200 1x, https:\/\/i0.wp.com\/www.freidenker.org\/fw17\/wp-content\/uploads\/2025\/12\/Messerschmid_Wurzeln_des_Zionismus_coll_800x450.jpg?fit=800%2C450&ssl=1&resize=525%2C300 1.5x, https:\/\/i0.wp.com\/www.freidenker.org\/fw17\/wp-content\/uploads\/2025\/12\/Messerschmid_Wurzeln_des_Zionismus_coll_800x450.jpg?fit=800%2C450&ssl=1&resize=700%2C400 2x"},"classes":[]},{"id":17717,"url":"https:\/\/www.freidenker.org\/?p=17717","url_meta":{"origin":23075,"position":3},"title":"Zur Gleichsetzung von Juden, Zionismus und Israel","author":"Webredaktion","date":"30. Dezember 2023","format":false,"excerpt":"Beitrag von Doris und George Pumphrey Im Zuge einer sogenannten \u201eDeutschen Staatsraison\u201c-Doktrin ist es \u00fcblich geworden, antizionistische Proteste als \u201eAntisemitismus\u201c zu diffamieren, selbst wenn es Juden sind, die protestieren. Deshalb ist die folgende Klarstellung immer wieder notwendig. Antisemitismus ist seit geraumer Zeit einer der meist missbrauchten Begriffe der politi\u00adschen Terminologie\u2026","rel":"","context":"In &quot;Demokratie \u2013 Medien \u2013 Aufkl\u00e4rung&quot;","block_context":{"text":"Demokratie \u2013 Medien \u2013 Aufkl\u00e4rung","link":"https:\/\/www.freidenker.org\/?cat=12"},"img":{"alt_text":"","src":"https:\/\/i0.wp.com\/www.freidenker.org\/fw17\/wp-content\/uploads\/2023\/12\/Herzl_erster_Zionistenkongress_800x450.jpg?fit=800%2C450&ssl=1&resize=350%2C200","width":350,"height":200,"srcset":"https:\/\/i0.wp.com\/www.freidenker.org\/fw17\/wp-content\/uploads\/2023\/12\/Herzl_erster_Zionistenkongress_800x450.jpg?fit=800%2C450&ssl=1&resize=350%2C200 1x, https:\/\/i0.wp.com\/www.freidenker.org\/fw17\/wp-content\/uploads\/2023\/12\/Herzl_erster_Zionistenkongress_800x450.jpg?fit=800%2C450&ssl=1&resize=525%2C300 1.5x, https:\/\/i0.wp.com\/www.freidenker.org\/fw17\/wp-content\/uploads\/2023\/12\/Herzl_erster_Zionistenkongress_800x450.jpg?fit=800%2C450&ssl=1&resize=700%2C400 2x"},"classes":[]},{"id":22358,"url":"https:\/\/www.freidenker.org\/?p=22358","url_meta":{"origin":23075,"position":4},"title":"Die fatale deutsche Unterscheidung zwischen \u201erichtigen\u201c und \u201efalschen\u201c Juden","author":"Webredaktion","date":"10. Juli 2025","format":false,"excerpt":"Warum die j\u00fcdische Psychoanalytikerin Iris Heftes in der Bremer Universit\u00e4t nicht sprechen durfte Beitrag von Arn Strohmeyer Die j\u00fcdische Psychoanalytikerin Iris Hefets, die aus Israel stammt und seit einigen Jahren in Berlin lebt, sollte am vergangenen Samstag in der Bremer Universit\u00e4t einen Vortrag zum Thema Schweigen und Schuld \u2013 psychologische\u2026","rel":"","context":"In &quot;Demokratie \u2013 Medien \u2013 Aufkl\u00e4rung&quot;","block_context":{"text":"Demokratie \u2013 Medien \u2013 Aufkl\u00e4rung","link":"https:\/\/www.freidenker.org\/?cat=12"},"img":{"alt_text":"","src":"https:\/\/i0.wp.com\/www.freidenker.org\/fw17\/wp-content\/uploads\/2025\/07\/iris_hefets_bremen2_800x450.jpg?fit=800%2C450&ssl=1&resize=350%2C200","width":350,"height":200,"srcset":"https:\/\/i0.wp.com\/www.freidenker.org\/fw17\/wp-content\/uploads\/2025\/07\/iris_hefets_bremen2_800x450.jpg?fit=800%2C450&ssl=1&resize=350%2C200 1x, https:\/\/i0.wp.com\/www.freidenker.org\/fw17\/wp-content\/uploads\/2025\/07\/iris_hefets_bremen2_800x450.jpg?fit=800%2C450&ssl=1&resize=525%2C300 1.5x, https:\/\/i0.wp.com\/www.freidenker.org\/fw17\/wp-content\/uploads\/2025\/07\/iris_hefets_bremen2_800x450.jpg?fit=800%2C450&ssl=1&resize=700%2C400 2x"},"classes":[]},{"id":7061,"url":"https:\/\/www.freidenker.org\/?p=7061","url_meta":{"origin":23075,"position":5},"title":"Buchlesung: Barry M. Lituchy &#8211; Jasenovac und der Holocaust in Jugoslawien","author":"Webredaktion","date":"16. Oktober 2019","format":false,"excerpt":"Freidenker zur Frankfurter Buchmesse: Freitag, 18.10.2019, 19.30 Uhr \/ Wiener Hof, Langener Stra\u00dfe 23 in Offenbach-Bieber: Jasenovac und der Holocaust in Jugoslawien - Buchlesung mit dem Autor Barry M. Lituchy, New York Als der Balkan mit Stichworten wie Genozid und Kriegsverbrechen auf die Titelseiten der westlichen Medien kam, blieb die\u2026","rel":"","context":"In &quot;Publikationen f\u00fcr Freidenker&quot;","block_context":{"text":"Publikationen f\u00fcr Freidenker","link":"https:\/\/www.freidenker.org\/?cat=6"},"img":{"alt_text":"","src":"https:\/\/i0.wp.com\/www.freidenker.org\/fw17\/wp-content\/uploads\/2019\/10\/lituchy_800x445.jpg?fit=800%2C445&ssl=1&resize=350%2C200","width":350,"height":200,"srcset":"https:\/\/i0.wp.com\/www.freidenker.org\/fw17\/wp-content\/uploads\/2019\/10\/lituchy_800x445.jpg?fit=800%2C445&ssl=1&resize=350%2C200 1x, https:\/\/i0.wp.com\/www.freidenker.org\/fw17\/wp-content\/uploads\/2019\/10\/lituchy_800x445.jpg?fit=800%2C445&ssl=1&resize=525%2C300 1.5x, https:\/\/i0.wp.com\/www.freidenker.org\/fw17\/wp-content\/uploads\/2019\/10\/lituchy_800x445.jpg?fit=800%2C445&ssl=1&resize=700%2C400 2x"},"classes":[]}],"_links":{"self":[{"href":"https:\/\/www.freidenker.org\/index.php?rest_route=\/wp\/v2\/posts\/23075","targetHints":{"allow":["GET"]}}],"collection":[{"href":"https:\/\/www.freidenker.org\/index.php?rest_route=\/wp\/v2\/posts"}],"about":[{"href":"https:\/\/www.freidenker.org\/index.php?rest_route=\/wp\/v2\/types\/post"}],"author":[{"embeddable":true,"href":"https:\/\/www.freidenker.org\/index.php?rest_route=\/wp\/v2\/users\/3"}],"replies":[{"embeddable":true,"href":"https:\/\/www.freidenker.org\/index.php?rest_route=%2Fwp%2Fv2%2Fcomments&post=23075"}],"version-history":[{"count":2,"href":"https:\/\/www.freidenker.org\/index.php?rest_route=\/wp\/v2\/posts\/23075\/revisions"}],"predecessor-version":[{"id":23079,"href":"https:\/\/www.freidenker.org\/index.php?rest_route=\/wp\/v2\/posts\/23075\/revisions\/23079"}],"wp:featuredmedia":[{"embeddable":true,"href":"https:\/\/www.freidenker.org\/index.php?rest_route=\/wp\/v2\/media\/23077"}],"wp:attachment":[{"href":"https:\/\/www.freidenker.org\/index.php?rest_route=%2Fwp%2Fv2%2Fmedia&parent=23075"}],"wp:term":[{"taxonomy":"category","embeddable":true,"href":"https:\/\/www.freidenker.org\/index.php?rest_route=%2Fwp%2Fv2%2Fcategories&post=23075"},{"taxonomy":"post_tag","embeddable":true,"href":"https:\/\/www.freidenker.org\/index.php?rest_route=%2Fwp%2Fv2%2Ftags&post=23075"}],"curies":[{"name":"wp","href":"https:\/\/api.w.org\/{rel}","templated":true}]}}