{"id":23058,"date":"2025-10-07T15:54:32","date_gmt":"2025-10-07T13:54:32","guid":{"rendered":"https:\/\/www.freidenker.org\/?p=23058"},"modified":"2025-10-31T18:55:46","modified_gmt":"2025-10-31T17:55:46","slug":"die-zeit-der-piraten","status":"publish","type":"post","link":"https:\/\/www.freidenker.org\/?p=23058","title":{"rendered":"Die Zeit der Piraten"},"content":{"rendered":"<p><strong>Wenn es nach den deutschen Medien geht, wurde da die Gaza-Flotille &#8222;gestoppt&#8220;, und vor der franz\u00f6sischen K\u00fcste &#8222;Putins Tanker&#8220;. Alles ganz unschuldig. Alles in Ordnung. Kann man ja mal machen, Schiffe anhalten. So sieht es das Seerecht allerdings nicht. <\/strong><\/p>\n<p><em>Von <strong>Dagmar Henn<\/strong><\/em><\/p>\n<p><span style=\"font-size: 10pt;\">Erstver\u00f6ffentlichung am 02.10.2025 auf <a href=\"https:\/\/freedert.online\/meinung\/257780-zeit-piraten\/\" target=\"_blank\" rel=\"noopener\">RT DE<\/a><\/span><\/p>\n<p>Es sind zwei unterschiedliche Ereignisse an unterschiedlichen Orten, aber sie eint ein \u00e4hnliches Vorgehen. Und, dass die westlichen Medien diese Ereignisse gleicherma\u00dfen falsch berichten, n\u00e4mlich nicht als die Rechtsverletzungen, um die es sich dabei handelt.<\/p>\n<p>Der eine Fall sind die Schiffe der Gaza-Hilfsflotte, die inzwischen fast alle von Israel aufgebracht wurden. Das wird noch getreulich berichtet. Auch, dass die Menschen, die auf diesen Schiffen waren, von der israelischen Armee gefangen genommen wurden, nach Israel gebracht und von dort dann abgeschoben werden sollen. Aber die entscheidende Information in diesem Zusammenhang fehlt: in internationalen Gew\u00e4ssern.<\/p>\n<p>Genau so verh\u00e4lt es sich auch mit dem Tanker Boracay, der derzeit in der Bucht von Biscaya ankert, nachdem das Schiff geentert und der Kapit\u00e4n festgenommen wurde. Dem Kapit\u00e4n wird \u00fcbrigens vorgeworfen, er sei, so formuliert es der <em>Spiegel<\/em>, einer &#8222;beh\u00f6rdlichen Anordnung&#8220; nicht gefolgt. Auch hier: Das franz\u00f6sische Milit\u00e4r enterte den Tanker, als er sich in internationalen Gew\u00e4ssern befand. Als Begr\u00fcndung dient der Vorwurf, von diesem Schiff seien Drohnen gestartet worden, die angeblich in D\u00e4nemark vor einigen Tagen den Flugverkehr zum Stillstand gebracht h\u00e4tten.<\/p>\n<p>Der Witz an der Geschichte: Auf diesem Schiff ist noch nicht einmal eine russische Mannschaft\u00a0\u2012 der Kapit\u00e4n und sein erster Offizier sind Chinesen. Der 18 Jahre alte, in Japan gebaute Tanker (IMO 9332810) befand sich auf dem Weg von Primorsk nach Indien und transportierte russisches \u00d6l. Ansonsten f\u00e4hrt er derzeit unter der Flagge von Benin. Das Schiff hat seit 2013 viermal den Besitzer gewechselt und sechsmal das Management, aber das ist kein Skandal. Es hat ein leicht unterdurchschnittliches Alter (das Durchschnittsalter der \u00d6ltanker weltweit betr\u00e4gt\u00a019,5 Jahre), ist mit Sicherheit nicht in London versichert, aber ein gew\u00f6hnliches, solides Schiff, dessen letzte Namen an einen indischen Eigner denken lassen (f\u00fcr viel Geld k\u00f6nnte man das auch nachsehen).<\/p>\n<p>Der einzige Grund, warum der Besatzung des Tankers vorgeworfen wird, irgendwelche Drohnen gestartet zu haben, ist, dass sich die EU \u00fcber den Kauf russischen \u00d6ls durch Indien \u00e4rgert und der franz\u00f6sische Pr\u00e4sident Emmanuel Macron immer tiefer in der Staatskrise versinkt und vielleicht denkt, mit so ein klein wenig Piraterie k\u00f6nne er sein Image verbessern. Schlie\u00dflich hatte er in Kopenhagen auf dem EU-Gipfel vorgeschlagen, &#8222;das Gesch\u00e4ftsmodell zu zerst\u00f6ren, indem man diese Schiffe f\u00fcr ein paar Tage oder Wochen festh\u00e4lt&#8220;, und offenbar gleich beschlossen, diese Gedanken in die Tat umzusetzen.<\/p>\n<p>Ja, das ist das Wort, das die beiden Ereignisse verkn\u00fcpft: Piraterie. Wobei es dann besonders dreist ist, dem Kapit\u00e4n der Boracay auch noch zum Vorwurf zu machen, nicht auf die franz\u00f6sischen Piraten geh\u00f6rt zu haben, die, wenn es nach dem internationalen Seerecht geht, froh sein d\u00fcrfen, nicht unter Feuer geraten zu sein.<\/p>\n<p>Wobei nat\u00fcrlich sogar der Begriff Piraterie noch verharmlost. Nach Artikel 110 der Seerechtskonvention gibt es nur drei denkbare Gr\u00fcnde, die Kontrolle \u00fcber ein Schiff in internationalen Gew\u00e4ssern zu \u00fcbernehmen: Es besteht ernstlicher Grund zur Annahme, dass das Schiff Seer\u00e4uberei oder Sklavenhandel betreibt, oder dass es der Nationalit\u00e4t des kapernden Staates angeh\u00f6rt, aber falsch beflaggt ist.<\/p>\n<p>Franz\u00f6sisch ist die Boracay aber wohl eher nicht. Also gibt es keine Rechtsgrundlage f\u00fcr diesen Angriff, was \u00fcbrigens exakt so auch f\u00fcr die Schiffe der Gaza-Flotte gilt. Und jetzt, warum der Begriff Piraterie sogar noch verharmlost: Davon spricht man bei privaten, kommerziellen Akteuren. Wenn dieselbe Handlung, also die unrechtm\u00e4\u00dfige \u00dcbernahme der Kontrolle \u00fcber ein fremdes Schiff, von einem Staat begangen wird, dann ist das eine Kriegshandlung. Und zwar\u00a0\u2012 das ist der einzige Grund, warum das nicht sofort eskaliert\u00a0\u2012 gegen den Flaggenstaat.<\/p>\n<p>Im Falle der Boracay also gegen Benin. Im Falle der Global Sumud Flotilla ist das Angebot an Flaggenstaaten <a href=\"https:\/\/globalsumudflotilla.org\/tracker\/\" target=\"_blank\" rel=\"noopener noreferrer\">gro\u00df<\/a>: die Alma, das Flaggschiff, l\u00e4sst sich anhand ihrer MMSI-Nummer als britisch identifizieren, die Adagio als spanisch, so wie auch die Adara, die All In als franz\u00f6sisch, die Aurora als italienisch, die Mohammad Bar als niederl\u00e4ndisch, die Seulle verweist auf San Marino. Nach <a href=\"https:\/\/globalsumudflotilla.org\/media\/press\/Interception_Update_10_1.pdf\" target=\"_blank\" rel=\"noopener noreferrer\">Angaben<\/a> der Flotilla selbst sind auch noch mehrere Schiffe unter polnischer Flagge, eins unter algerischer und sogar eins, die Catalina, unter deutscher Flagge beteiligt.<\/p>\n<p>All diese Schiffe, so klein sie auch sind, sind Territorium des Flaggenstaats. Die israelische Armee hat also durch das Kapern dieser Schiffe einen Kriegsakt gegen Gro\u00dfbritannien, Frankreich, Spanien, Italien, die Niederlande und San Marino begangen. Die Menschen auf diesen Schiffen wurden nicht festgenommen, sie wurden entf\u00fchrt. So, wie das auch die Piraten vor Somalia zu machen pflegten. Das erkl\u00e4rt auch, warum die Schiffe der spanischen und italienischen Marine l\u00e4ngst nicht mehr in der N\u00e4he der Flotilla waren \u2012 sie h\u00e4tten wom\u00f6glich auf diesen israelischen Angriff reagieren m\u00fcssen.<\/p>\n<p>H\u00e4tten sie die israelische Marine unter Feuer genommen, w\u00e4re das vom V\u00f6lkerrecht gedeckt gewesen. Sie haben sich lieber zur\u00fcckgezogen und die Kriegshandlung geschehen lassen. Ein Schiff, die in Frankreich registrierte Mikeno, hat \u00fcbrigens als bisher einziges Schiff der gesamten Flotille die Hoheitsgew\u00e4sser vor Gaza erreicht. Die Global Sumud Flotilla berichtete, es gebe keinen Kontakt mehr, hat aber inzwischen die Kennzeichnung auf &#8222;vermutlich abgefangen&#8220; ge\u00e4ndert.<\/p>\n<p>Die Besatzungsmitglieder der aufgebrachten Schiffe sollen, so die <a href=\"https:\/\/globalsumudflotilla.org\/media\/press\/Interception_Update_10_1.pdf\" target=\"_blank\" rel=\"noopener noreferrer\">Presseerkl\u00e4rung<\/a> der Flotilla, auf das Containerschiff MSC Johannesburg gebracht worden sein, ein 23 Jahre altes Gef\u00e4hrt, das in seiner Jugend einmal der Gro\u00dfreederei Maersk geh\u00f6rte und aktuell gerade auf dem Weg in den israelischen Hafen Aschdod ist. \u00dcbrigens eine interessante Frage, wie sich der Flaggenstaat Liberia dazu verh\u00e4lt, an diesen Entf\u00fchrungen beteiligt worden zu sein, wenn die Angabe mit der MSC Johannesburg stimmt.<\/p>\n<p style=\"padding-left: 40px;\"><em>&#8222;Das ist eine widerrechtliche Entf\u00fchrung, in direkter Verletzung des V\u00f6lkerrechts und grundlegender Menschenrechte. Humanit\u00e4re Schiffe in internationalen Gew\u00e4ssern abzufangen ist ein Kriegsverbrechen&#8220;<\/em>,<\/p>\n<p>hei\u00dft es \u2012 rechtlich zutreffend \u2012 in der Presseerkl\u00e4rung.<\/p>\n<p>Gestern hatte es im Funk einen Wortwechsel zwischen einem Mitglied der Flotilla und einem Angeh\u00f6rigen der israelischen Armee <a href=\"https:\/\/x.com\/MyLordBebo\/status\/1973451159286456436\" target=\"_blank\" rel=\"noopener noreferrer\">gegeben<\/a>. &#8222;Der internationale Gerichtshof&#8220;, so der Brasilianer Thiago Avila, &#8222;entschied in seinem vorl\u00e4ufigen Beschluss, dass jeder Versuch, eine humanit\u00e4re Mission nach Gaza zu behindern, nach dem V\u00f6lkerrecht verboten ist.&#8220;<\/p>\n<p>Die Begr\u00fcndungen, warum diese kriegerischen Handlungen erfolgen, sind eigentlich v\u00f6llig irrelevant, weil sie an der Rechtslage nichts \u00e4ndern. Frankreich hat mit der Kaperung des Tankers nur bewiesen, dass es ebenso illegal zu handeln vermag, wie man das von Israel schon lang gew\u00f6hnt ist. Wobei die Begr\u00fcndung f\u00fcr den Angriff der franz\u00f6sischen Marine, die <em>Euronews<\/em> liefert, durchaus Unterhaltungswert hat: &#8222;Laut der franz\u00f6sischen Marine f\u00fchrte das Schiff verd\u00e4chtige Man\u00f6ver durch und bewegte sich in einem Bereich nahe den franz\u00f6sischen Hoheitsgew\u00e4ssern in Kreisen.&#8220; Und wenn es Vierecke oder Sterne gewesen w\u00e4ren \u2012 internationale Gew\u00e4sser bleiben internationale Gew\u00e4sser&#8230;<\/p>\n<p>Immerhin, der Angriff auf die Global Sumud Flotilla hat noch andere Folgen. Dass das Ausw\u00e4rtige Amt auf die Kaperung eines Schiffes unter deutscher Flagge nicht mehr zustande bringt, als &#8222;bitte bitte&#8220; f\u00fcr die Sicherheit der Besatzungen zu machen, ist keine \u00dcberraschung. Aber die gr\u00f6\u00dfte italienische Gewerkschaft hat zu einem Generalstreik aufgerufen\u00a0\u2012 das, nachdem j\u00fcngst die Hafenarbeiter von Genua die Abfertigung von Waffenlieferungen nach Israel verweigerten. Und Kolumbien hat die diplomatischen Kontakte zu Israel abgebrochen.<\/p>\n<p>Wird die Kaperung der Boracay Folgen haben? Wenn sich Macrons Idee, k\u00fcnftig alle Schiffe, die russisches \u00d6l nach Indien oder China transportieren, auf diese Weise zu behandeln, weiter verbreitet, verblieben zwei M\u00f6glichkeiten: milit\u00e4rische Begleitung oder bewaffnetes Personal auf den Schiffen. Nach dem Seerecht ist es legal, sich gegen Piraten zur Wehr zu setzen. Das f\u00e4llt unter Notwehr. Wenn es ein Staat ist, der das versucht, ist es ebenso legal, nennt sich aber dann Selbstverteidigung gegen einen bewaffneten Angriff.<\/p>\n<p>Es wird auf Dauer nicht so bleiben, wie es jetzt ist. Weil das, was da versucht wird, eine massive Erosion des V\u00f6lkerrechts darstellt. W\u00fcrden alle so handeln, w\u00e4re der internationale Seehandel tot. Ein regelloser Akteur wie Israel, das geht vielleicht eine Zeit lang gut. Aber je l\u00e4nger die Liste wird, desto h\u00f6her ist die Wahrscheinlichkeit, dass eine dieser Konfrontationen eskaliert. Oder dass eben Gleiches mit Gleichem vergolten wird. Es hat schon seinen Grund, dass im ganzen Kontext dieses &#8222;Schattenflotte&#8220;-M\u00e4rchens mal hier, mal da ein Nadelstich erfolgt, jetzt eben in Frankreich. Gleich, wie sehr man die Erz\u00e4hlung aufh\u00fcbscht, es bleibt ein kriegerischer Akt. Es ist die Zeit der Piraten.<\/p>\n<p style=\"text-align: right;\"><em>Dagmar Henn ist Mitglied des Deutschen Freidenker-Verbandes<\/em><\/p>\n<hr \/>\n<p><span style=\"font-size: 10pt;\">Bild oben: <span class=\"Cover-caption\"><span class=\"Cover-captionItem\">Israelische Truppen vor dem Entern, 02.10.2025<\/span><\/span><\/span><br \/>\n<span style=\"font-size: 10pt;\">Foto: <span class=\"Cover-imageSource\"><span class=\"Cover-captionItem\">\u00a9 Global Sumud Flotilla<\/span><\/span><br \/>\n\u00dcbernommen von <a href=\"https:\/\/freedert.online\/meinung\/257780-zeit-piraten\/\" target=\"_blank\" rel=\"noopener\">RT DE<\/a><\/span><\/p>\n","protected":false},"excerpt":{"rendered":"<p><b>Beitrag von Dagmar Henn<\/b><br \/>\nEs sind zwei unterschiedliche Ereignisse an unterschiedlichen Orten, aber sie eint ein \u00e4hnliches Vorgehen. Und, dass die westlichen Medien diese Ereignisse gleicherma\u00dfen falsch berichten, n\u00e4mlich nicht als die Rechtsverletzungen, um die es sich dabei handelt. Der eine Fall sind die Schiffe der Gaza-Hilfsflotte, die inzwischen fast alle von Israel aufgebracht wurden. Das wird noch getreulich berichtet. Auch, dass die Menschen, die auf diesen Schiffen waren, von der israelischen Armee gefangen genommen wurden, nach Israel gebracht und von dort dann abgeschoben werden sollen. Aber die entscheidende Information in diesem Zusammenhang fehlt: in internationalen Gew\u00e4ssern. Genau so verh\u00e4lt es sich auch mit dem Tanker Boracay, der derzeit in der Bucht von Biscaya ankert, nachdem das Schiff geentert und der Kapit\u00e4n festgenommen wurde. Dem Kapit\u00e4n wird \u00fcbrigens vorgeworfen, er sei, so formuliert es der Spiegel, einer &#8222;beh\u00f6rdlichen Anordnung&#8220; nicht gefolgt. &#8230;<\/p>\n","protected":false},"author":3,"featured_media":23068,"comment_status":"closed","ping_status":"closed","sticky":false,"template":"","format":"standard","meta":{"colormag_page_container_layout":"default_layout","colormag_page_sidebar_layout":"default_layout","advanced_seo_description":"","jetpack_seo_html_title":"","jetpack_seo_noindex":false,"jetpack_post_was_ever_published":false,"footnotes":""},"categories":[12],"tags":[2792,699,2396,2294,1027,1172,2073,393,2305,394,2458,1143,2483,2691,2057,345],"class_list":["post-23058","post","type-post","status-publish","format-standard","has-post-thumbnail","hentry","category-demokratie-medien-aufklaerung","tag-angriffe","tag-aussenpolitik","tag-drohnen","tag-flotte","tag-frankreich","tag-gaza","tag-igh","tag-israel","tag-kriegshandlung","tag-palaestina","tag-piraterie","tag-pressemitteilung","tag-schattenflotte","tag-seerecht","tag-selbstverteidigung","tag-voelkerrecht"],"jetpack_featured_media_url":"https:\/\/i0.wp.com\/www.freidenker.org\/fw17\/wp-content\/uploads\/2025\/10\/Global-Sumud-Flotilla-Enterung_800x450.jpg?fit=800%2C450&ssl=1","jetpack_shortlink":"https:\/\/wp.me\/p9stpK-5ZU","jetpack-related-posts":[{"id":17318,"url":"https:\/\/www.freidenker.org\/?p=17318","url_meta":{"origin":23058,"position":0},"title":"Kriegsverbrechen: Vom unterschiedlichen Wert menschlichen Lebens","author":"Webredaktion","date":"24. Oktober 2023","format":false,"excerpt":"Beitrag von Gert Ewen Ungar Die Abriegelung des Gazastreifens durch Israel, die Blockade der Wasser- und Stromversorgung sowie der Beschuss von Zivilisten und ziviler Infrastruktur durch das israelische Milit\u00e4r sind Kriegsverbrechen. Das Leben von Zivilisten ist w\u00e4hrend eines milit\u00e4rischen Konflikts zu sch\u00fctzen, schreibt die Charta der UN vor. Auch ein\u2026","rel":"","context":"In &quot;Demokratie \u2013 Medien \u2013 Aufkl\u00e4rung&quot;","block_context":{"text":"Demokratie \u2013 Medien \u2013 Aufkl\u00e4rung","link":"https:\/\/www.freidenker.org\/?cat=12"},"img":{"alt_text":"","src":"https:\/\/i0.wp.com\/www.freidenker.org\/fw17\/wp-content\/uploads\/2023\/10\/children-8221325_800x450.jpg?fit=800%2C450&ssl=1&resize=350%2C200","width":350,"height":200,"srcset":"https:\/\/i0.wp.com\/www.freidenker.org\/fw17\/wp-content\/uploads\/2023\/10\/children-8221325_800x450.jpg?fit=800%2C450&ssl=1&resize=350%2C200 1x, https:\/\/i0.wp.com\/www.freidenker.org\/fw17\/wp-content\/uploads\/2023\/10\/children-8221325_800x450.jpg?fit=800%2C450&ssl=1&resize=525%2C300 1.5x, https:\/\/i0.wp.com\/www.freidenker.org\/fw17\/wp-content\/uploads\/2023\/10\/children-8221325_800x450.jpg?fit=800%2C450&ssl=1&resize=700%2C400 2x"},"classes":[]},{"id":22549,"url":"https:\/\/www.freidenker.org\/?p=22549","url_meta":{"origin":23058,"position":1},"title":"Keine Sorge \u2013 wir k\u00f6nnen Hilfe f\u00fcr Gaza verz\u00f6gern, bis alle tot sind.","author":"Webredaktion","date":"6. August 2025","format":false,"excerpt":"Beitrag von Rainer Rupp Uns wird vorgespielt, als h\u00e4tte sich was ver\u00e4ndert, als wollten die westlichen Unterst\u00fctzer des zionistischen Massenmords in Gaza dort tats\u00e4chlich die Menschen retten. Doch das sind nur Placebos f\u00fcr die aufgew\u00fchlten Seelen im Westen. F\u00fcr Gaza ist das alles viel zu wenig und viel zu sp\u00e4t;\u2026","rel":"","context":"In &quot;Demokratie \u2013 Medien \u2013 Aufkl\u00e4rung&quot;","block_context":{"text":"Demokratie \u2013 Medien \u2013 Aufkl\u00e4rung","link":"https:\/\/www.freidenker.org\/?cat=12"},"img":{"alt_text":"","src":"https:\/\/i0.wp.com\/www.freidenker.org\/fw17\/wp-content\/uploads\/2025\/08\/U_S_Air_Force_airdrops_humanitarian_aid_for_Gaza_from_C-17_8314510_800x450.jpg?fit=800%2C450&ssl=1&resize=350%2C200","width":350,"height":200,"srcset":"https:\/\/i0.wp.com\/www.freidenker.org\/fw17\/wp-content\/uploads\/2025\/08\/U_S_Air_Force_airdrops_humanitarian_aid_for_Gaza_from_C-17_8314510_800x450.jpg?fit=800%2C450&ssl=1&resize=350%2C200 1x, https:\/\/i0.wp.com\/www.freidenker.org\/fw17\/wp-content\/uploads\/2025\/08\/U_S_Air_Force_airdrops_humanitarian_aid_for_Gaza_from_C-17_8314510_800x450.jpg?fit=800%2C450&ssl=1&resize=525%2C300 1.5x, https:\/\/i0.wp.com\/www.freidenker.org\/fw17\/wp-content\/uploads\/2025\/08\/U_S_Air_Force_airdrops_humanitarian_aid_for_Gaza_from_C-17_8314510_800x450.jpg?fit=800%2C450&ssl=1&resize=700%2C400 2x"},"classes":[]},{"id":23359,"url":"https:\/\/www.freidenker.org\/?p=23359","url_meta":{"origin":23058,"position":2},"title":"Deutsche Journalisten und Israel \u2013 Zu lange geschwiegen","author":"Webredaktion","date":"29. Oktober 2025","format":false,"excerpt":"Beitrag Von Karin Leukefeld. Ausl\u00e4ndische Journalisten berichten seit 748 Tagen aus Israel \u00fcber den israelischen Feldzug gegen Gaza. Manche von ihnen fuhren \u201eembedded\u201c in Jeeps oder auf Panzern der israelischen Streitkr\u00e4fte mit der israelischen Armee durch die Tr\u00fcmmerw\u00fcste. Ber\u00fchmt sind die Fotos von einer Art Aussichtsh\u00fcgel s\u00fcdlich von Ashdod an\u2026","rel":"","context":"In &quot;Demokratie \u2013 Medien \u2013 Aufkl\u00e4rung&quot;","block_context":{"text":"Demokratie \u2013 Medien \u2013 Aufkl\u00e4rung","link":"https:\/\/www.freidenker.org\/?cat=12"},"img":{"alt_text":"","src":"https:\/\/i0.wp.com\/www.freidenker.org\/fw17\/wp-content\/uploads\/2025\/10\/Netanjahu_December_2023_800x450.jpg?fit=800%2C450&ssl=1&resize=350%2C200","width":350,"height":200,"srcset":"https:\/\/i0.wp.com\/www.freidenker.org\/fw17\/wp-content\/uploads\/2025\/10\/Netanjahu_December_2023_800x450.jpg?fit=800%2C450&ssl=1&resize=350%2C200 1x, https:\/\/i0.wp.com\/www.freidenker.org\/fw17\/wp-content\/uploads\/2025\/10\/Netanjahu_December_2023_800x450.jpg?fit=800%2C450&ssl=1&resize=525%2C300 1.5x, https:\/\/i0.wp.com\/www.freidenker.org\/fw17\/wp-content\/uploads\/2025\/10\/Netanjahu_December_2023_800x450.jpg?fit=800%2C450&ssl=1&resize=700%2C400 2x"},"classes":[]},{"id":20583,"url":"https:\/\/www.freidenker.org\/?p=20583","url_meta":{"origin":23058,"position":3},"title":"Vom Chaos in Syrien zur Todesfalle Gaza","author":"Webredaktion","date":"25. Dezember 2024","format":false,"excerpt":"Beitrag von Rainer Rupp Syrien, wie ich und viele andere es von Besuchen gekannt und gesch\u00e4tzt haben, n\u00e4mlich als s\u00e4kularen Staat, in dem viele Religionen und Sekten neben- und miteinander lebten, in einer Gesellschaft mit vielen sozialistischen Strukturen, die vor allem im Bildungswesen und der Gesundheitsversorgung hervortraten, dieses Syrien ist\u2026","rel":"","context":"In &quot;Demokratie \u2013 Medien \u2013 Aufkl\u00e4rung&quot;","block_context":{"text":"Demokratie \u2013 Medien \u2013 Aufkl\u00e4rung","link":"https:\/\/www.freidenker.org\/?cat=12"},"img":{"alt_text":"","src":"https:\/\/i0.wp.com\/www.freidenker.org\/fw17\/wp-content\/uploads\/2024\/12\/palestine-8695562_800x450.jpg?fit=800%2C450&ssl=1&resize=350%2C200","width":350,"height":200,"srcset":"https:\/\/i0.wp.com\/www.freidenker.org\/fw17\/wp-content\/uploads\/2024\/12\/palestine-8695562_800x450.jpg?fit=800%2C450&ssl=1&resize=350%2C200 1x, https:\/\/i0.wp.com\/www.freidenker.org\/fw17\/wp-content\/uploads\/2024\/12\/palestine-8695562_800x450.jpg?fit=800%2C450&ssl=1&resize=525%2C300 1.5x, https:\/\/i0.wp.com\/www.freidenker.org\/fw17\/wp-content\/uploads\/2024\/12\/palestine-8695562_800x450.jpg?fit=800%2C450&ssl=1&resize=700%2C400 2x"},"classes":[]},{"id":23511,"url":"https:\/\/www.freidenker.org\/?p=23511","url_meta":{"origin":23058,"position":4},"title":"Video: Seit mehr als 100 Jahren \u2013 Krieg um Pal\u00e4stina","author":"Webredaktion","date":"9. November 2025","format":false,"excerpt":"Friedensverhandlungen - aber die Pal\u00e4stinenser sind nicht dabei. Video eines Vortrages von Karin Leukefeld, gehalten am 04.11.2025 in Bremen Die renommierte Journalistin und Korrespondentin Karin Leukefeld, diesmal zu Gast in Bremen, analysiert das Interessengeflecht um einen Waffenstillstand \/ Frieden in Gaza. [...] Ihr Schwerpunkt ist es, \u00fcber \u201eDas Leben hinter\u2026","rel":"","context":"In &quot;Demokratie \u2013 Medien \u2013 Aufkl\u00e4rung&quot;","block_context":{"text":"Demokratie \u2013 Medien \u2013 Aufkl\u00e4rung","link":"https:\/\/www.freidenker.org\/?cat=12"},"img":{"alt_text":"","src":"https:\/\/i0.wp.com\/www.freidenker.org\/fw17\/wp-content\/uploads\/2025\/11\/Leukefeld_Vortrag_Bremen_2025_800x450.jpg?fit=800%2C450&ssl=1&resize=350%2C200","width":350,"height":200,"srcset":"https:\/\/i0.wp.com\/www.freidenker.org\/fw17\/wp-content\/uploads\/2025\/11\/Leukefeld_Vortrag_Bremen_2025_800x450.jpg?fit=800%2C450&ssl=1&resize=350%2C200 1x, https:\/\/i0.wp.com\/www.freidenker.org\/fw17\/wp-content\/uploads\/2025\/11\/Leukefeld_Vortrag_Bremen_2025_800x450.jpg?fit=800%2C450&ssl=1&resize=525%2C300 1.5x, https:\/\/i0.wp.com\/www.freidenker.org\/fw17\/wp-content\/uploads\/2025\/11\/Leukefeld_Vortrag_Bremen_2025_800x450.jpg?fit=800%2C450&ssl=1&resize=700%2C400 2x"},"classes":[]},{"id":22719,"url":"https:\/\/www.freidenker.org\/?p=22719","url_meta":{"origin":23058,"position":5},"title":"Die Feigheit westlicher Journalisten angesichts des israelischen V\u00f6lkermordes","author":"Webredaktion","date":"1. September 2025","format":false,"excerpt":"von Tilo Gr\u00e4ser Die Deutsche Welle geh\u00f6rt zu den vielen Medien, die Israel nicht zur Rechenschaft ziehen. Darauf macht der US-Journalist David Cronin in einem aktuellen Beitrag auf dem Onlineportal The Electronic Intifada (TEI) aufmerksam, dessen Mitherausgeber er ist. Cronin weist auf das Beispiel des Journalisten Jack Parrock hin, der\u2026","rel":"","context":"In &quot;Demokratie \u2013 Medien \u2013 Aufkl\u00e4rung&quot;","block_context":{"text":"Demokratie \u2013 Medien \u2013 Aufkl\u00e4rung","link":"https:\/\/www.freidenker.org\/?cat=12"},"img":{"alt_text":"","src":"https:\/\/i0.wp.com\/www.freidenker.org\/fw17\/wp-content\/uploads\/2025\/09\/gaza-6017354_800x450.jpg?fit=800%2C450&ssl=1&resize=350%2C200","width":350,"height":200,"srcset":"https:\/\/i0.wp.com\/www.freidenker.org\/fw17\/wp-content\/uploads\/2025\/09\/gaza-6017354_800x450.jpg?fit=800%2C450&ssl=1&resize=350%2C200 1x, https:\/\/i0.wp.com\/www.freidenker.org\/fw17\/wp-content\/uploads\/2025\/09\/gaza-6017354_800x450.jpg?fit=800%2C450&ssl=1&resize=525%2C300 1.5x, https:\/\/i0.wp.com\/www.freidenker.org\/fw17\/wp-content\/uploads\/2025\/09\/gaza-6017354_800x450.jpg?fit=800%2C450&ssl=1&resize=700%2C400 2x"},"classes":[]}],"_links":{"self":[{"href":"https:\/\/www.freidenker.org\/index.php?rest_route=\/wp\/v2\/posts\/23058","targetHints":{"allow":["GET"]}}],"collection":[{"href":"https:\/\/www.freidenker.org\/index.php?rest_route=\/wp\/v2\/posts"}],"about":[{"href":"https:\/\/www.freidenker.org\/index.php?rest_route=\/wp\/v2\/types\/post"}],"author":[{"embeddable":true,"href":"https:\/\/www.freidenker.org\/index.php?rest_route=\/wp\/v2\/users\/3"}],"replies":[{"embeddable":true,"href":"https:\/\/www.freidenker.org\/index.php?rest_route=%2Fwp%2Fv2%2Fcomments&post=23058"}],"version-history":[{"count":2,"href":"https:\/\/www.freidenker.org\/index.php?rest_route=\/wp\/v2\/posts\/23058\/revisions"}],"predecessor-version":[{"id":23069,"href":"https:\/\/www.freidenker.org\/index.php?rest_route=\/wp\/v2\/posts\/23058\/revisions\/23069"}],"wp:featuredmedia":[{"embeddable":true,"href":"https:\/\/www.freidenker.org\/index.php?rest_route=\/wp\/v2\/media\/23068"}],"wp:attachment":[{"href":"https:\/\/www.freidenker.org\/index.php?rest_route=%2Fwp%2Fv2%2Fmedia&parent=23058"}],"wp:term":[{"taxonomy":"category","embeddable":true,"href":"https:\/\/www.freidenker.org\/index.php?rest_route=%2Fwp%2Fv2%2Fcategories&post=23058"},{"taxonomy":"post_tag","embeddable":true,"href":"https:\/\/www.freidenker.org\/index.php?rest_route=%2Fwp%2Fv2%2Ftags&post=23058"}],"curies":[{"name":"wp","href":"https:\/\/api.w.org\/{rel}","templated":true}]}}