{"id":23054,"date":"2025-10-07T15:54:26","date_gmt":"2025-10-07T13:54:26","guid":{"rendered":"https:\/\/www.freidenker.org\/?p=23054"},"modified":"2025-10-31T18:55:24","modified_gmt":"2025-10-31T17:55:24","slug":"warum-hofiert-der-berliner-senat-den-viel-kritisierten-zdf-clown-jan-boehmermann","status":"publish","type":"post","link":"https:\/\/www.freidenker.org\/?p=23054","title":{"rendered":"Warum hofiert der Berliner Senat den viel kritisierten ZDF-Clown Jan B\u00f6hmermann?"},"content":{"rendered":"<p><strong>Politik und Medien agieren seit rund f\u00fcnf Jahren nachweislich Hand in Hand, um kritische Stimmen und willk\u00fcrlich deklarierte &#8222;Feinde der Demokratie&#8220; auf allen ihnen zur Verf\u00fcgung stehenden Ebenen biografisch zu zerst\u00f6ren. Das offizielle Hofieren von Jan B\u00f6hmermann in der Hauptstadt gilt als neuer Tiefpunkt der unangenehmen Melange. <\/strong><\/p>\n<p><em>Von <strong>Bernhard Loyen<\/strong><\/em><\/p>\n<p><span style=\"font-size: 10pt;\">Erstver\u00f6ffentlichung am 26.09.2025 auf <a href=\"https:\/\/freedert.online\/meinung\/257158-warum-hofiert-berliner-senat-viel\/\" target=\"_blank\" rel=\"noopener\">RT DE<\/a><\/span><\/p>\n<p>&#8222;Pack schl\u00e4gt sich, Pack vertr\u00e4gt sich&#8220; lautete mal eine schlichte Formel des normalen Diskurses in der Gesellschaftsgruppe der &#8222;einfachen B\u00fcrger&#8220; aus der Arbeiterklasse beim Versuch einer effektiven, konstruktiven Auseinandersetzung.<\/p>\n<p>Die Gegenwart seit 2020 pr\u00e4sentiert demgegen\u00fcber kritischen geerdeten B\u00fcrgern die schmierige Adaption &#8222;der Guten&#8220;, der vermeintlich &#8222;aufrechten Demokraten&#8220; aus meist gut dotiertem Elternhaus und Umfeld. Die ehemals selbstverst\u00e4ndliche Regel lautet nun: &#8222;Pack pflegt sich, Pack\u00a0schmiert\u00a0sich, Pack vertr\u00e4gt sich.&#8220; Das j\u00fcngste Beispiel der ebenso unangenehmen\u00a0wie gef\u00e4hrlichen Verstrickung von Politik und Medien findet sich mal wieder in der Hauptstadt Berlin. So\u00a0hei\u00dft es in der <em>Berliner Zeitung <\/em>vom 25.\u00a0September:<\/p>\n<p style=\"padding-left: 40px;\"><em>&#8222;B\u00f6hmermanns dubiose Gesch\u00e4fte: Ist auch Steuergeld im Spiel?\u00a0Jan B\u00f6hmermann k\u00fcndigt eine Ausstellung im Haus der Kulturen der Welt an. Es gibt Hinweise, dass dahinter der Kampf gegen unabh\u00e4ngige Medien steckt\u00a0\u2013 mit Steuergeldern finanziert. Auch die Berliner Zeitung ist betroffen.&#8220;<\/em><\/p>\n<p>Nicht abwinken, B\u00f6hmermann ist und bleibt gef\u00e4hrlich, sozusagen ein erb\u00e4rmlicher\u00a0<a href=\"https:\/\/www.youtube.com\/watch?v=jvMo9U8Lxd0\" target=\"_blank\" rel=\"noopener noreferrer\">Gustav-Gr\u00fcndgens<\/a>-Verschnitt f\u00fcr eine anspruchslose Verehrergemeinde. Anbiedern an die Macht ist\u00a0seit Jahren auch sein Motto. Oben bleiben. GEZ-Zwangsgelder erm\u00f6glichen ihm\u00a0seit Jahren ein beeindruckend unantastbares, unbek\u00fcmmertes Dasein als lupenreiner Denunziant, Gesellschaftsspalter und Biografie-Zerst\u00f6rer. Seine destruktiven Auftragsarbeiten sind breit dokumentiert.<\/p>\n<p>Die j\u00fcngste Attacke B\u00f6hmermanns belegt eine vorherige Absprache und Planung der Redaktion mit der Hauptstadtpolitik, wie dem Roten Rathaus, willf\u00e4hriger Geldgeber und Financier des Hauses der Kulturen der Welt (HKW)\u00a0\u2013 mehr als sinnbildlich vis-a-vis des Kanzleramts an der Spree gelegen, unweit des Regierungsviertels. Worum geht es? Die HKW-<a href=\"https:\/\/www.hkw.de\/the-house\/press\/2025\/06-30-2025-Die-M-glichkeit-Der-Unvernunft\" target=\"_blank\" rel=\"noopener noreferrer\">Bewerbung<\/a> des Spektakels lautet:<\/p>\n<p style=\"padding-left: 40px;\"><em>&#8222;Jan B\u00f6hmermann &amp; Gruppe Royale, die Macherinnen des ZDF Magazin Royale, besetzen vom 27. September bis 19.\u00a0Oktober 2025 mit der Ausstellung\u00a0\u2013 Die M\u00f6glichkeit der Unvernunft \u2013 und\u00a0<\/em><em>einem umfangreichen Veranstaltungsprogramm das Haus der Kulturen der Welt (HKW) in Berlin.&#8220;<\/em><\/p>\n<figure id=\"attachment_23055\" aria-describedby=\"caption-attachment-23055\" style=\"width: 800px\" class=\"wp-caption alignnone\"><img data-recalc-dims=\"1\" loading=\"lazy\" decoding=\"async\" data-attachment-id=\"23055\" data-permalink=\"https:\/\/www.freidenker.org\/?attachment_id=23055\" data-orig-file=\"https:\/\/i0.wp.com\/www.freidenker.org\/fw17\/wp-content\/uploads\/2025\/10\/boehmermann_takeover.jpg?fit=960%2C514&amp;ssl=1\" data-orig-size=\"960,514\" data-comments-opened=\"0\" data-image-meta=\"{&quot;aperture&quot;:&quot;0&quot;,&quot;credit&quot;:&quot;&quot;,&quot;camera&quot;:&quot;&quot;,&quot;caption&quot;:&quot;&quot;,&quot;created_timestamp&quot;:&quot;0&quot;,&quot;copyright&quot;:&quot;&quot;,&quot;focal_length&quot;:&quot;0&quot;,&quot;iso&quot;:&quot;0&quot;,&quot;shutter_speed&quot;:&quot;0&quot;,&quot;title&quot;:&quot;&quot;,&quot;orientation&quot;:&quot;0&quot;}\" data-image-title=\"boehmermann_takeover\" data-image-description=\"\" data-image-caption=\"\" data-large-file=\"https:\/\/i0.wp.com\/www.freidenker.org\/fw17\/wp-content\/uploads\/2025\/10\/boehmermann_takeover.jpg?fit=800%2C428&amp;ssl=1\" class=\"wp-image-23055\" src=\"https:\/\/i0.wp.com\/www.freidenker.org\/fw17\/wp-content\/uploads\/2025\/10\/boehmermann_takeover.jpg?resize=800%2C428&#038;ssl=1\" alt=\"\" width=\"800\" height=\"428\" srcset=\"https:\/\/i0.wp.com\/www.freidenker.org\/fw17\/wp-content\/uploads\/2025\/10\/boehmermann_takeover.jpg?w=960&amp;ssl=1 960w, https:\/\/i0.wp.com\/www.freidenker.org\/fw17\/wp-content\/uploads\/2025\/10\/boehmermann_takeover.jpg?resize=300%2C161&amp;ssl=1 300w, https:\/\/i0.wp.com\/www.freidenker.org\/fw17\/wp-content\/uploads\/2025\/10\/boehmermann_takeover.jpg?resize=768%2C411&amp;ssl=1 768w\" sizes=\"auto, (max-width: 800px) 100vw, 800px\" \/><figcaption id=\"caption-attachment-23055\" class=\"wp-caption-text\"><span style=\"font-size: 10pt;\">Archiv B. Loyen<\/span><\/figcaption><\/figure>\n<p>Der Gro\u00dfmeister der selbstverliebten Destruktivit\u00e4t darf pers\u00f6nlich weiter erkl\u00e4ren:<\/p>\n<p style=\"padding-left: 40px;\"><em>&#8222;&#8218;Die Korridore des Sagbaren, Erkundbaren und Darstellbaren gilt es zu weiten, anstatt sie zu verengen. Es ist an der Zeit, der Gesellschaft die Wurst vorzuhalten&#8216;, beschreibt Jan B\u00f6hmermann den Leitgedanken der dreiw\u00f6chigen Residenz in dem 1957 als Kongresshalle von den USA gestifteten Haus der Kulturen der Welt (HKW).&#8220;<\/em><\/p>\n<p>Alles nat\u00fcrlich unter dem windigen Deckmantel vermeintlicher Satire, lustiger Provokation und nat\u00fcrlich auch etwas ernstem Hintergrund. Der lupenreine Westdeutsche Jahrgang 1981 darf erkl\u00e4ren:<\/p>\n<p style=\"padding-left: 40px;\"><em>&#8222;&#8218;Die politischen, gesellschaftlichen und juristischen Fragen der Gegenwart sind dort zu stellen, wo sie verhandelt werden&#8216;, begr\u00fcndet Jan B\u00f6hmermann die Wahl des Projektortes im Herzen Berlins\u00a0\u2013 direkt neben Kanzleramt, Reichstag und Schloss Bellevue: &#8218;Dieses Geb\u00e4ude \u2013 ein Geschenk der USA an West-Berlin und die demokratische Bundesrepublik Deutschland\u00a0\u2013 ist eine Zeitkapsel und mahnt uns, das Leuchtfeuer der Freiheit niemals erl\u00f6schen zu lassen.'&#8220;<\/em><\/p>\n<p>Das erkl\u00e4rt einer der verbalen Brandstifter der Gegenwart. Vermeintliche Seriosit\u00e4t mit politischem Anspruch, gepaart mit vermeintlichem Schalk, so m\u00f6chte &#8222;B\u00f6hmi&#8220; wahrgenommen werden. Er ist und war aber\u00a0noch nie ein Karl Valentin, kein Vicco von B\u00fclow (Loriot) oder Gerhard Polt. Kein Dieter Hildebrandt oder Harald Schmidt. Er ist nicht einmal eine schlechte Kopie der genannten\u00a0Grandseigneurs des politischen Kabaretts. Er ist ein geduldeter, bauchgepinselter Hofnarr, dem mit\u00a0rund 30 <a href=\"https:\/\/de.wikipedia.org\/wiki\/Jan_B%C3%B6hmermann#Auszeichnungen_und_Nominierungen\" target=\"_blank\" rel=\"noopener noreferrer\">Auszeichnungen<\/a> und Preisen seit rund 16\u00a0Jahren vermittelt wird: Du bist wichtig, du geh\u00f6rst zu uns, wir brauchen dich.<\/p>\n<p>B\u00f6hmermann stand dabei in der Win-win-Absprache in der &#8222;Corona-Krise&#8220; verbal treu Gewehr bei Fu\u00df\u00a0und agiert aktiv im endlosen &#8222;Kampf gegen rechts&#8220;. Nun muss im gro\u00dfen Rahmen das Feld in Berlin bearbeitet werden. Die <em>Berliner Zeitung<\/em> erkl\u00e4rt die j\u00fcngste Attacke von Politik und Medien&#8220;kollegen&#8220;:<\/p>\n<p style=\"padding-left: 40px;\"><em>&#8222;Die &#8218;Gespr\u00e4che&#8216; wird B\u00f6hmermann mit Kulturstaatsminister Wolfram Weimer und Promi-Anwalt Christian Schertz f\u00fchren. Schertz antwortete bis Redaktionsschluss dieser Ausgabe nicht, ob er f\u00fcr den Auftritt ein Honorar erh\u00e4lt.&#8220;<\/em><\/p>\n<p>Schertz vertrat unter anderem\u00a0vor Gericht G\u00fcnther Jauch,\u00a0Helene Fischer und\u00a0\u2013\u00a0<a href=\"https:\/\/www.lto.de\/recht\/nachrichten\/n\/olg-dresden-4U32324-boehmermann-heinzig-imker-honig-satire\" target=\"_blank\" rel=\"noopener noreferrer\">B\u00f6hmermann<\/a>. Im Artikel wird weiter ausgef\u00fchrt:<\/p>\n<p style=\"padding-left: 40px;\"><em>&#8222;\u00dcber die Finanzierung der Ausstellung wollen die Beteiligten lieber schweigen. Allerdings ist klar, dass B\u00f6hmermann mit seinen neuen Aktivit\u00e4ten nun nicht mehr nur durch die\u00a0ZDF-Geb\u00fchrengelder, sondern direkt mit Steuergeldern finanziert wird.&#8220;<\/em><\/p>\n<p>Das HKW bekam zum \u00dcberleben nach <a href=\"https:\/\/www.nius.de\/gesellschaft\/news\/jan-boehmermann-und-israelhasser-im-haus-der-kulturen-der-welt-gesellschaft-der-bundesregierung-veranstaltet-antisemiten-stadl-am-7-oktober\/c1058cad-4494-4dad-9316-8ec203f546a2\" target=\"_blank\" rel=\"noopener noreferrer\">Medienanfrage<\/a> nachweislich rund 57\u00a0Millionen Euro aus dem Bundeshaushalt, also Steuergelder, seitens des\u00a0Beauftragten der Bundesregierung f\u00fcr Kultur und Medien. Die HKW-Leitung windet sich hinsichtlich Erkl\u00e4rungen, da sie abh\u00e4ngig vom Geld ist. Dazu hei\u00dft es im <em>BZ-<\/em>Artikel:<\/p>\n<p style=\"padding-left: 40px;\"><em>&#8222;Das HKW sieht sich demnach au\u00dfer Stande, die Frage, ob man Mitveranstalter sei, mit Ja oder Nein zu beantworten. Da die Ank\u00fcndigung der Veranstaltung auf HKW-Briefpapier erfolgte, ist klar: Der Steuerzahler finanziert B\u00f6hmermanns Auftritte mindestens mit.&#8220;<\/em><\/p>\n<p>Nun wird es erkenntnisreich: Die Redaktion der <em>Berliner Zeitung<\/em> berichtet dar\u00fcber, dass die B\u00f6hmermann-Redaktion anscheinend ihre Anwesenheit in Berlin sehr gezielt ausgew\u00e4hlt hat. Der Inhaber und Verleger\u00a0Holger Friedrich gilt als unbeeindruckter St\u00f6rfaktor in der Medien- und Polithauptstadt. Er hat eine DDR-Biografie und ist trotzdem Million\u00e4r, daher geschult, unabh\u00e4ngig und unbestechlich im Agieren, nicht russophob und laut entsprechenden Artikelver\u00f6ffentlichungen zumindest interessiert an einer tieferen &#8222;Corona-Aufarbeitung&#8220;. Und damit ist er der richtige Mann f\u00fcr B\u00f6hmermanns neuen Auftrag. Dazu hei\u00dft es, die entsprechenden f\u00fcnf Fragen der B\u00f6hmermann-Redaktion sind <a href=\"https:\/\/www.berliner-zeitung.de\/kultur-vergnuegen\/tv-medien\/boehmermanns-dubiose-geschaefte-ist-auch-steuergeld-im-spiel-li.2359516\" target=\"_blank\" rel=\"noopener noreferrer\">im Artikel<\/a> alle abgebildet:<\/p>\n<p style=\"padding-left: 40px;\"><em>&#8222;B\u00f6hmermann will offenbar seinen Kreuzzug gegen unabh\u00e4ngige Medien nun auch mit Steuergeldern finanzieren; zeitgleich mit unseren Anfragen [an das HKW] schickte Jan B\u00f6hmermann einige &#8218;Fragen&#8216; an die Berliner Zeitung, in denen der Satiriker einzelne Redakteure dieser Zeitung attackiert und ihr unterschwellig eine finstere russisch-ungarische Verschw\u00f6rung andichtet.&#8220;<\/em><\/p>\n<p>So lautet Frage 2:<\/p>\n<p style=\"padding-left: 40px;\"><em>&#8222;Im Mai 2023 waren Sie [Verleger Friedrich] zu Gast bei einem Empfang in der Russischen Botschaft (<a href=\"https:\/\/www.berliner-zeitung.de\/wirtschaft-verantwortung\/jahrestag-des-sieges-ueber-die-nazis-empfang-in-der-russischen-botschaft-li.346797\" target=\"_blank\" rel=\"nofollow noopener noreferrer\">siehe hier<\/a>). Warum sind Sie der Einladung gefolgt?&#8220;<\/em><\/p>\n<p>Tja, warum auch nicht? Aber in der Siegermentalit\u00e4tswelt junger Wessi-Redakteure gegen\u00fcber DDR-Biografien ist das eine Anma\u00dfung. Die <em>Berliner Zeitung<\/em> erkennt demnach gegen\u00fcber dem Clown die Notwendigkeit von Erkl\u00e4rungen:<\/p>\n<p style=\"padding-left: 40px;\"><em>&#8222;Holger Friedrich ist an diesem Tag nacheinander drei Einladungen gefolgt: einer in die israelische Botschaft, einer U.S.-Veranstaltung der Familie Bush sowie einer in die russische Botschaft.&#8220;<\/em><\/p>\n<p>Aktuell wird wieder geholzt gegen kritische Journalisten. So <a href=\"https:\/\/www.swr.de\/swraktuell\/rheinland-pfalz\/mainz\/nach-absage-in-mainz-verschwoerungsideologe-ken-jebsen-tritt-in-bodenheim-auf-100.html\" target=\"_blank\" rel=\"noopener noreferrer\">hie\u00df es<\/a>\u00a0beim\u00a0<em>SWR<\/em> vor wenigen Tagen:<\/p>\n<p style=\"padding-left: 40px;\"><em>&#8222;Demo gegen Veranstaltung\u00a0\u2013 Auftritt von Verschw\u00f6rungsideologe Ken Jebsen in Bodenheim verl\u00e4uft friedlich&#8220;<\/em><\/p>\n<p>Die<em> ARD<\/em>&#8211;<em>Tagesschau<\/em>\u00a0hatte zwei Tage zuvor <a href=\"https:\/\/www.tagesschau.de\/inland\/regional\/rheinlandpfalz\/swr-verschwoerungsideologe-ken-jebsen-darf-nicht-in-mainz-auftreten-100.html\" target=\"_blank\" rel=\"noopener noreferrer\">berichtet<\/a>:<\/p>\n<p style=\"padding-left: 40px;\"><em>&#8222;Rheinland-Pfalz: Verschw\u00f6rungsideologe\u00a0Ken Jebsen darf nicht in Mainz auftreten&#8220;<\/em><\/p>\n<p>Bewusst wird in beiden Artikeln &#8222;Ken Jebsen&#8220; geschrieben, nicht Kayvan Soufi-Siavash, der reale Name, weil der erstgenannte im Hinterhirn der Leser manipulativ als &#8222;rechter St\u00f6rfaktor&#8220; eingebrannt ist. Die Stadt Mainz informiert zum Auftrittsverbot f\u00fcr Soufi-Siavash:<\/p>\n<p style=\"padding-left: 40px;\"><em>&#8222;&#8218;Die Meinungsfreiheit ist ein hohes Gut in unserem Rechtsstaat. Aber Hass und Hetze sind keine Meinung, hierf\u00fcr ist in Mainz kein Platz.&#8216; Die Stadt hei\u00dfe Extremisten und Verschw\u00f6rungsideologen nicht willkommen.&#8220;<\/em><\/p>\n<p>Demgegen\u00fcber hei\u00dft die Stadt Berlin als Meinung getarnte &#8222;Hass und Hetze&#8220; eines bezahlten Denunzierungsclowns samt Entourage herzlich willkommen. Die Reihen sind erneut fest geschlossen. <a href=\"https:\/\/odysee.com\/@23bloyen:e\/DieReihen:7\" target=\"_blank\" rel=\"noopener noreferrer\">Politik und Medien mobilisieren<\/a> diesmal gegen Russland. Verteidigungsminister Pistorius <a href=\"https:\/\/www.youtube.com\/watch?v=8dpnlIVMFJc\" target=\"_blank\" rel=\"noopener noreferrer\">erkl\u00e4rte<\/a> am 25.\u00a0September w\u00f6rtlich f\u00fcr die digitalen Geschichtsb\u00fccher:<\/p>\n<p style=\"padding-left: 40px;\"><em>&#8222;Wir sind nicht im Krieg, aber wir sind auch mehr im kompletten Frieden. Wir werden attackiert.&#8220;<\/em><\/p>\n<p>Eine unmissverst\u00e4ndliche Ank\u00fcndigung von nahenden noch unruhigeren Zeiten. Die Propagandaabteilung der Gro\u00dfen Koalition in der Hauptstadt r\u00fcstet sich mehr als bedenklich\u00a0\u2013 erneut mit parallel zuarbeitenden Medien\u00a0\u2013 f\u00fcr kommende Aufgaben zur ben\u00f6tigten Willensst\u00e4rkung der B\u00fcrger.<\/p>\n<p>B\u00f6hmermann <a href=\"https:\/\/www.spiegel.de\/kultur\/jan-boehmermann-ueber-kulturkampf-man-muss-nicht-mit-jeder-arschgeige-reden-a-e4b780fc-ee88-41c5-b774-59f2543d3bf1\" target=\"_blank\" rel=\"noopener noreferrer\">erkl\u00e4rt<\/a> dazu unmissverst\u00e4ndlich: &#8222;Man muss nicht mit jeder Arschgeige reden&#8220;, um chiffriert zur erneuten spalterischen Aufgabe seiner Person den Lesern des<em>\u00a0Spiegels zur <\/em>HKW-&#8222;Besetzung&#8220; hinter der Bezahlschranke &#8222;satirisch&#8220; zu diktieren:<\/p>\n<p style=\"padding-left: 40px;\"><em>&#8222;Wir kommen mit Vernunft nicht weiter, mit diesem krampfhaften Anspruch, Dinge rational zu kl\u00e4ren. Als w\u00e4re das per se etwas Gutes. Die Nationalsozialisten haben mit Vernunft ihre Verbrechen begr\u00fcndet. Und als h\u00e4tten wir nichts gelernt, greifen auch wir heute zuerst zur Vernunft und rennen mit dem Kopf gegen die Wand.&#8220;<\/em><\/p>\n<p style=\"text-align: right;\"><em>Bernhard Loyen ist freier Journalist und schreibt f\u00fcr verschiedene alternative Portale<\/em><\/p>\n<hr \/>\n<p><span style=\"font-size: 10pt;\">Bild oben: <span class=\"mw-mmv-title\">Jan B\u00f6hmermann beim Deutschen Fernsehpreis 2021<\/span><\/span><br \/>\n<span style=\"font-size: 10pt;\">Foto: Superbass, <a href=\"https:\/\/creativecommons.org\/licenses\/by-sa\/4.0\" target=\"_blank\" rel=\"noopener\">CC BY-SA 4.0<\/a><\/span><br \/>\n<span style=\"font-size: 10pt;\">Quelle: <a href=\"https:\/\/commons.wikimedia.org\/w\/index.php?curid=110143814\" target=\"_blank\" rel=\"noopener\">https:\/\/commons.wikimedia.org\/w\/index.php?curid=110143814<\/a><\/span><\/p>\n","protected":false},"excerpt":{"rendered":"<p><b>Beitrag von Bernhard Loyen<\/b><br \/>\nPolitik und Medien agieren seit rund f\u00fcnf Jahren nachweislich Hand in Hand, um kritische Stimmen und willk\u00fcrlich deklarierte &#8222;Feinde der Demokratie&#8220; auf allen ihnen zur Verf\u00fcgung stehenden Ebenen biografisch zu zerst\u00f6ren. Das offizielle Hofieren von Jan B\u00f6hmermann in der Hauptstadt gilt als neuer Tiefpunkt der unangenehmen Melange.<br \/>\n<i>&#8222;Pack schl\u00e4gt sich, Pack vertr\u00e4gt sich&#8220;<\/i> lautete mal eine schlichte Formel des normalen Diskurses in der Gesellschaftsgruppe der &#8222;einfachen B\u00fcrger&#8220; aus der Arbeiterklasse beim Versuch einer effektiven, konstruktiven Auseinandersetzung. Die Gegenwart seit 2020 pr\u00e4sentiert demgegen\u00fcber kritischen geerdeten B\u00fcrgern die schmierige Adaption &#8222;der Guten&#8220;, der vermeintlich &#8222;aufrechten Demokraten&#8220; aus meist gut dotiertem Elternhaus und Umfeld. Die ehemals selbstverst\u00e4ndliche Regel lautet nun: <i>&#8222;Pack pflegt sich, Pack\u00a0schmiert\u00a0sich, Pack vertr\u00e4gt sich.&#8220;<\/i> <\/p>\n","protected":false},"author":3,"featured_media":23056,"comment_status":"closed","ping_status":"closed","sticky":false,"template":"","format":"standard","meta":{"colormag_page_container_layout":"default_layout","colormag_page_sidebar_layout":"default_layout","advanced_seo_description":"","jetpack_seo_html_title":"","jetpack_seo_noindex":false,"jetpack_post_was_ever_published":false,"footnotes":""},"categories":[12],"tags":[409,2533,1256,1541,159,335,1643,1951,942,188,121,124,1396,1578,619,1852,1510,641,1110],"class_list":["post-23054","post","type-post","status-publish","format-standard","has-post-thumbnail","hentry","category-demokratie-medien-aufklaerung","tag-berlin","tag-bundeshaushalt","tag-corona-virus","tag-denunziation","tag-freiheit","tag-frieden","tag-hass","tag-hetze","tag-kabarett","tag-krieg","tag-medien","tag-politik","tag-provokation","tag-rundfunkgebuehren","tag-satire","tag-spaltung","tag-steuergelder","tag-verschwoerungstheorie","tag-zdf"],"jetpack_featured_media_url":"https:\/\/i0.wp.com\/www.freidenker.org\/fw17\/wp-content\/uploads\/2025\/10\/2021-09-16-Jan_Boehmermann_Deutscher_Fernsehpreis_2021_-3858_800x450.jpg?fit=800%2C450&ssl=1","jetpack_shortlink":"https:\/\/wp.me\/p9stpK-5ZQ","jetpack-related-posts":[{"id":22525,"url":"https:\/\/www.freidenker.org\/?p=22525","url_meta":{"origin":23054,"position":0},"title":"Causa Ballweg: Das B\u00f6hmermann-Gr\u00fcnen-Komplott gegen einen missliebigen B\u00fcrger","author":"Webredaktion","date":"3. August 2025","format":false,"excerpt":"Beitrag von Bernhard Loyen Der Unternehmer Michael Ballweg geriet in den Fokus der zerst\u00f6rerischen Koalition aus Medien und Politik. Erneut dabei war der ZDF-Hofnarr Jan B\u00f6hmermann, zudem Akteure aus dem Umfeld der Gr\u00fcnen. Von der unterstellten Steuerhinterziehung in H\u00f6he von 575.000 Euro blieben am Ende sage und schreibe 19,53 Euro\u2026","rel":"","context":"In &quot;Demokratie \u2013 Medien \u2013 Aufkl\u00e4rung&quot;","block_context":{"text":"Demokratie \u2013 Medien \u2013 Aufkl\u00e4rung","link":"https:\/\/www.freidenker.org\/?cat=12"},"img":{"alt_text":"","src":"https:\/\/i0.wp.com\/www.freidenker.org\/fw17\/wp-content\/uploads\/2025\/08\/Ballweg_boehmermann_v2_800x450.jpg?fit=800%2C450&ssl=1&resize=350%2C200","width":350,"height":200,"srcset":"https:\/\/i0.wp.com\/www.freidenker.org\/fw17\/wp-content\/uploads\/2025\/08\/Ballweg_boehmermann_v2_800x450.jpg?fit=800%2C450&ssl=1&resize=350%2C200 1x, https:\/\/i0.wp.com\/www.freidenker.org\/fw17\/wp-content\/uploads\/2025\/08\/Ballweg_boehmermann_v2_800x450.jpg?fit=800%2C450&ssl=1&resize=525%2C300 1.5x, https:\/\/i0.wp.com\/www.freidenker.org\/fw17\/wp-content\/uploads\/2025\/08\/Ballweg_boehmermann_v2_800x450.jpg?fit=800%2C450&ssl=1&resize=700%2C400 2x"},"classes":[]},{"id":11144,"url":"https:\/\/www.freidenker.org\/?p=11144","url_meta":{"origin":23054,"position":1},"title":"Andersdenkende: S\u00e4ue oder Nazis?","author":"Webredaktion","date":"28. August 2021","format":false,"excerpt":"Lyrik von Lucie Sponheimer ARD und ZDF hei\u00dft Rundfunkfreiheit, ja die Freiheit, Rundfunkfreiheit. Ihre Freiheit, das ist leider nicht die uns\u2019re, sie verh\u00f6hnt uns und verarscht uns, wo sie kann. \/ Zamperoni und den Kleber kennt ein jeder, eine jede, wirklich jeder, festgezurrt steh\u2018n sie auf der Atlantikbr\u00fccke, biegen uns\u2026","rel":"","context":"In &quot;Kultur &amp; Kunst&quot;","block_context":{"text":"Kultur &amp; Kunst","link":"https:\/\/www.freidenker.org\/?cat=913"},"img":{"alt_text":"","src":"https:\/\/i0.wp.com\/www.freidenker.org\/fw17\/wp-content\/uploads\/2021\/08\/oma_fence_800x450.jpg?fit=800%2C450&ssl=1&resize=350%2C200","width":350,"height":200,"srcset":"https:\/\/i0.wp.com\/www.freidenker.org\/fw17\/wp-content\/uploads\/2021\/08\/oma_fence_800x450.jpg?fit=800%2C450&ssl=1&resize=350%2C200 1x, https:\/\/i0.wp.com\/www.freidenker.org\/fw17\/wp-content\/uploads\/2021\/08\/oma_fence_800x450.jpg?fit=800%2C450&ssl=1&resize=525%2C300 1.5x, https:\/\/i0.wp.com\/www.freidenker.org\/fw17\/wp-content\/uploads\/2021\/08\/oma_fence_800x450.jpg?fit=800%2C450&ssl=1&resize=700%2C400 2x"},"classes":[]},{"id":11381,"url":"https:\/\/www.freidenker.org\/?p=11381","url_meta":{"origin":23054,"position":2},"title":"Ein Kessel Hetze \u2013 gegen \u201eAlles auf den Tisch!\u201c","author":"Webredaktion","date":"9. Oktober 2021","format":false,"excerpt":"Kommentar von Klaus Hartmann \u00dcber eines k\u00f6nnen sich die \u00fcber 100 Schauspieler, K\u00fcnstler und Wissenschaftler der Aktion \u201e#allesaufdentisch\u201c nicht beklagen: \u00fcber zu wenig mediale Aufmerksamkeit. 91 TV- und Radiostationen sowie \u00fcberregionale und regionale Zeitungen (Stand 03.10.2021) haben berichtet und kommentiert (Nachricht und Kommentar meist unaufl\u00f6slich vermischt). \u00dcber zu wenig H\u00e4me\u2026","rel":"","context":"In &quot;Demokratie \u2013 Medien \u2013 Aufkl\u00e4rung&quot;","block_context":{"text":"Demokratie \u2013 Medien \u2013 Aufkl\u00e4rung","link":"https:\/\/www.freidenker.org\/?cat=12"},"img":{"alt_text":"","src":"https:\/\/i0.wp.com\/www.freidenker.org\/fw17\/wp-content\/uploads\/2021\/10\/Alles_auf_den_Tisch_800x450.jpg?fit=800%2C450&ssl=1&resize=350%2C200","width":350,"height":200,"srcset":"https:\/\/i0.wp.com\/www.freidenker.org\/fw17\/wp-content\/uploads\/2021\/10\/Alles_auf_den_Tisch_800x450.jpg?fit=800%2C450&ssl=1&resize=350%2C200 1x, https:\/\/i0.wp.com\/www.freidenker.org\/fw17\/wp-content\/uploads\/2021\/10\/Alles_auf_den_Tisch_800x450.jpg?fit=800%2C450&ssl=1&resize=525%2C300 1.5x, https:\/\/i0.wp.com\/www.freidenker.org\/fw17\/wp-content\/uploads\/2021\/10\/Alles_auf_den_Tisch_800x450.jpg?fit=800%2C450&ssl=1&resize=700%2C400 2x"},"classes":[]},{"id":11254,"url":"https:\/\/www.freidenker.org\/?p=11254","url_meta":{"origin":23054,"position":3},"title":"Hofschranze des EU-Imperialismus","author":"Webredaktion","date":"28. September 2021","format":false,"excerpt":"Beitrag von Diether Dehm In dieser Woche erreichte mich eine Anfrage der Redaktion von \"ZDF Magazin Royale\": Man sei im Zuge einer Recherche \"an Informationen dar\u00fcber gelangt\", dass meine Facebookseite bei der Bewerbung einiger Wahlkampf-Posts auch Nutzer mit den Interessen \"RT\u201d, \u201cKenFM\u201d oder \u201cWladimir Wladimirowitsch Putin\" adressiere. Dar\u00fcber verlangte ein\u2026","rel":"","context":"In &quot;Zeit der Verleumder - Freidenker f\u00fcr Klartext&quot;","block_context":{"text":"Zeit der Verleumder - Freidenker f\u00fcr Klartext","link":"https:\/\/www.freidenker.org\/?cat=937"},"img":{"alt_text":"","src":"https:\/\/i0.wp.com\/www.freidenker.org\/fw17\/wp-content\/uploads\/2021\/09\/klartext_boehmermann_faksimile_800x450.jpg?fit=800%2C450&ssl=1&resize=350%2C200","width":350,"height":200,"srcset":"https:\/\/i0.wp.com\/www.freidenker.org\/fw17\/wp-content\/uploads\/2021\/09\/klartext_boehmermann_faksimile_800x450.jpg?fit=800%2C450&ssl=1&resize=350%2C200 1x, https:\/\/i0.wp.com\/www.freidenker.org\/fw17\/wp-content\/uploads\/2021\/09\/klartext_boehmermann_faksimile_800x450.jpg?fit=800%2C450&ssl=1&resize=525%2C300 1.5x, https:\/\/i0.wp.com\/www.freidenker.org\/fw17\/wp-content\/uploads\/2021\/09\/klartext_boehmermann_faksimile_800x450.jpg?fit=800%2C450&ssl=1&resize=700%2C400 2x"},"classes":[]},{"id":22987,"url":"https:\/\/www.freidenker.org\/?p=22987","url_meta":{"origin":23054,"position":4},"title":"Umwelt-Schock: ZDF thematisiert toxischen Schrott beim Abbau von Windr\u00e4dern","author":"Webredaktion","date":"28. September 2025","format":false,"excerpt":"Beitrag von Rainer Rupp Seit Jahren wird uns bei jeder passenden und unpassenden Gelegenheit das gr\u00fcne Mantra eingeimpft, dass Windr\u00e4der umweltfreundlich sind und ein wesentlicher Bestandteil der so benannten Energiewende hin zur billigen, erneuerbaren Energie sind. Und die Entsorgung der Windr\u00e4der sei auch \u00fcberhaupt kein Problem; alles total easy. Kritiker,\u2026","rel":"","context":"In &quot;Demokratie \u2013 Medien \u2013 Aufkl\u00e4rung&quot;","block_context":{"text":"Demokratie \u2013 Medien \u2013 Aufkl\u00e4rung","link":"https:\/\/www.freidenker.org\/?cat=12"},"img":{"alt_text":"","src":"https:\/\/i0.wp.com\/www.freidenker.org\/fw17\/wp-content\/uploads\/2025\/09\/Neuenkirchen_windraeder_mit_heide_turm_800x450.jpg?fit=800%2C450&ssl=1&resize=350%2C200","width":350,"height":200,"srcset":"https:\/\/i0.wp.com\/www.freidenker.org\/fw17\/wp-content\/uploads\/2025\/09\/Neuenkirchen_windraeder_mit_heide_turm_800x450.jpg?fit=800%2C450&ssl=1&resize=350%2C200 1x, https:\/\/i0.wp.com\/www.freidenker.org\/fw17\/wp-content\/uploads\/2025\/09\/Neuenkirchen_windraeder_mit_heide_turm_800x450.jpg?fit=800%2C450&ssl=1&resize=525%2C300 1.5x, https:\/\/i0.wp.com\/www.freidenker.org\/fw17\/wp-content\/uploads\/2025\/09\/Neuenkirchen_windraeder_mit_heide_turm_800x450.jpg?fit=800%2C450&ssl=1&resize=700%2C400 2x"},"classes":[]},{"id":14665,"url":"https:\/\/www.freidenker.org\/?p=14665","url_meta":{"origin":23054,"position":5},"title":"&#8222;Warum stoppt niemand RT DE?&#8220;","author":"Webredaktion","date":"15. November 2022","format":false,"excerpt":"Beitrag von Gert Ewen Ungar Mit dem\u00a0der als Dokumentation getarnten Propagandasendung \"Russlands deutsche Propagandakrieger\" l\u00e4utet das ZDF die n\u00e4chste Runde im Kampf gegen russische Medien, vor allem aber gegen eine ausgewogene Berichterstattung und Diskussion zum Themenkomplex Ukraine-Konflikt ein.\u00a0Es ist ein weiterer Schritt in Richtung einer bereitwilligen Preisgabe grundlegender journalistischer Standards\u2026","rel":"","context":"In &quot;Demokratie \u2013 Medien \u2013 Aufkl\u00e4rung&quot;","block_context":{"text":"Demokratie \u2013 Medien \u2013 Aufkl\u00e4rung","link":"https:\/\/www.freidenker.org\/?cat=12"},"img":{"alt_text":"","src":"https:\/\/i0.wp.com\/www.freidenker.org\/fw17\/wp-content\/uploads\/2022\/11\/Lampe_-Russia_Today_800x450.jpg?fit=800%2C450&ssl=1&resize=350%2C200","width":350,"height":200,"srcset":"https:\/\/i0.wp.com\/www.freidenker.org\/fw17\/wp-content\/uploads\/2022\/11\/Lampe_-Russia_Today_800x450.jpg?fit=800%2C450&ssl=1&resize=350%2C200 1x, https:\/\/i0.wp.com\/www.freidenker.org\/fw17\/wp-content\/uploads\/2022\/11\/Lampe_-Russia_Today_800x450.jpg?fit=800%2C450&ssl=1&resize=525%2C300 1.5x, https:\/\/i0.wp.com\/www.freidenker.org\/fw17\/wp-content\/uploads\/2022\/11\/Lampe_-Russia_Today_800x450.jpg?fit=800%2C450&ssl=1&resize=700%2C400 2x"},"classes":[]}],"_links":{"self":[{"href":"https:\/\/www.freidenker.org\/index.php?rest_route=\/wp\/v2\/posts\/23054","targetHints":{"allow":["GET"]}}],"collection":[{"href":"https:\/\/www.freidenker.org\/index.php?rest_route=\/wp\/v2\/posts"}],"about":[{"href":"https:\/\/www.freidenker.org\/index.php?rest_route=\/wp\/v2\/types\/post"}],"author":[{"embeddable":true,"href":"https:\/\/www.freidenker.org\/index.php?rest_route=\/wp\/v2\/users\/3"}],"replies":[{"embeddable":true,"href":"https:\/\/www.freidenker.org\/index.php?rest_route=%2Fwp%2Fv2%2Fcomments&post=23054"}],"version-history":[{"count":1,"href":"https:\/\/www.freidenker.org\/index.php?rest_route=\/wp\/v2\/posts\/23054\/revisions"}],"predecessor-version":[{"id":23057,"href":"https:\/\/www.freidenker.org\/index.php?rest_route=\/wp\/v2\/posts\/23054\/revisions\/23057"}],"wp:featuredmedia":[{"embeddable":true,"href":"https:\/\/www.freidenker.org\/index.php?rest_route=\/wp\/v2\/media\/23056"}],"wp:attachment":[{"href":"https:\/\/www.freidenker.org\/index.php?rest_route=%2Fwp%2Fv2%2Fmedia&parent=23054"}],"wp:term":[{"taxonomy":"category","embeddable":true,"href":"https:\/\/www.freidenker.org\/index.php?rest_route=%2Fwp%2Fv2%2Fcategories&post=23054"},{"taxonomy":"post_tag","embeddable":true,"href":"https:\/\/www.freidenker.org\/index.php?rest_route=%2Fwp%2Fv2%2Ftags&post=23054"}],"curies":[{"name":"wp","href":"https:\/\/api.w.org\/{rel}","templated":true}]}}