{"id":23022,"date":"2025-10-05T03:28:35","date_gmt":"2025-10-05T01:28:35","guid":{"rendered":"https:\/\/www.freidenker.org\/?p=23022"},"modified":"2025-10-31T18:54:28","modified_gmt":"2025-10-31T17:54:28","slug":"milliarden-fuer-russland-reparationen-fuer-vermoegen-und-verbrechen","status":"publish","type":"post","link":"https:\/\/www.freidenker.org\/?p=23022","title":{"rendered":"Milliarden f\u00fcr Russland \u2013 Reparationen f\u00fcr Verm\u00f6gen und Verbrechen"},"content":{"rendered":"<p class=\"sp-n-t-xxs sp-b-m\"><em>von <strong>Uli Gellermann<\/strong><\/em><\/p>\n<p><span style=\"font-size: 10pt;\">Erstver\u00f6ffentlichung am 03.10.2025 auf <a href=\"https:\/\/www.rationalgalerie.de\/home\/milliarden-fuer-russland\" target=\"_blank\" rel=\"noopener\">rationalgalerie.de<\/a><\/span><\/p>\n<div class=\"article-body\">\n<div class=\"aticle-text\">\n<p>Der Drecksarbeit-Kanzler k\u00f6nnte sehr viel Geld brauchen: Wenn er mit seiner Kriegstreiberei so weitermacht, k\u00f6nnten die Russen ihre Geduld und die Nerven verlieren, und in diesem Fall wird Merz den F\u00fchrerbunker (liegt immer noch unter dem Holocaust-Denkmal in Berlin) dringend brauchen. Das historische Relikt aus dem letzten Krieg gegen Russland wird dann reaktiviert werden, und das wird teuer.<\/p>\n<h5>Hauptziel der Nazis<\/h5>\n<p>Der Merz will das von der EU \u201eeingefrorene\u201c russische Verm\u00f6gen f\u00fcr die Ukraine fl\u00fcssig machen; 125 Milliarden Euro sollen an die Ukraine flie\u00dfen und das vollenden, was der NS-Gro\u00dfvater von Merz nicht geschafft hat: Die Russen zu besiegen, denn das war das Hauptziel der Nazis. Es ist den bundesdeutschen Medien zu verdanken, dass der deutschen \u00d6ffentlichkeit nicht auffallen will, dass die Bundesrepublik mit ihrem organisierten Russenhass eine braune Kontinuit\u00e4t lebt.<\/p>\n<h5>27 Millionen Menschen<\/h5>\n<p>Bei dem Versuch, die V\u00f6lker der Sowjetunion auszurotten, zu denen neben den Russen auch die Ukrainer geh\u00f6rten, wurden gesch\u00e4tzte 27 Millionen Menschen umgebracht. Was ist ein Toter wert? Was ist das Leid der Kinder, der Eltern und Gro\u00dfeltern wert? Der Million\u00e4r Merz kann ja schon mal mit dem Rechnen beginnen.<\/p>\n<h5>F\u00fcr Jahrzehnte verschuldet<\/h5>\n<p>Wie beziffert man den Wert der russischen Produktionsst\u00e4tten, der Verkehrs-Struktur und der Kulturst\u00e4tten, die von den Nazis zerst\u00f6rt wurden? Wieviel Milliarden betr\u00e4gt allein der Produktions-Ausfall, den die Deutschen verursacht haben? Reichen Milliarden aus oder sind wir schon im Billionen-Bereich? Deutschland w\u00fcrde f\u00fcr Jahrzehnte verschuldet sein, wenn diese Rechnung aufgemacht w\u00fcrde. Merz k\u00f6nnte den Laden schlie\u00dfen und die Schl\u00fcssel wegwerfen.<\/p>\n<h5>Die Polen kennen den Weg<\/h5>\n<p>Die Polen kennen den Weg zur Kasse: Bei seinem Antrittsbesuch in Berlin hat Polens Pr\u00e4sident Nawrocki die Forderung nach Reparationszahlungen von 1,3 Billionen Euro wieder ins Gespr\u00e4ch gebracht. Die Russen haben bisher vornehm auf Reparationsforderungen verzichtet. Sie haben sogar kein Veto gegen die deutsche Einheit eingelegt. Eine Freundlichkeit, die von deutscher Seite mit andauerndem Hass beantwortet wird.<\/p>\n<h5>Den Profiteuren das Handwerk legen<\/h5>\n<p>Wer sich jetzt, wie Merz und Konsorten, dummdreist das \u201eeingefrorene\u201c russische Verm\u00f6gen aneignen will, dem sollte mit einer kr\u00e4ftigen Reparationsforderung geantwortet werden. Offenkundig m\u00fcssen die deutschen Eliten drastisch an ihre Wurzeln erinnert werden. Die Mehrheit der deutschen Konzerne haben sich in der Nazi-Zeit an j\u00fcdischem Verm\u00f6gen bereichert. Sie waren am Raubzug der Nazis gegen die Sowjetunion und der Ausbeutung der \u201eFremdarbeiter\u201c profitabel beteiligt. Diesen Raub wollen Merz und Co. heute fortsetzen. Es ist an der Zeit, dass den deutschen Profiteuren das Handwerk gelegt wird.<\/p>\n<p style=\"text-align: right;\"><em>Uli Gellermann ist Journalist und Filmemacher und betreibt die Internetseite \u201e<a href=\"https:\/\/www.rationalgalerie.de\/\" target=\"_blank\" rel=\"noopener\">Rationalgalerie<\/a>\u201c auf der auch dieser Text ver\u00f6ffentlicht wurde.<\/em><\/p>\n<hr \/>\n<p><span style=\"font-size: 10pt;\">Bild oben: Zerst\u00f6rungen im Hafen von Sewastopol, 1942<\/span><br \/>\n<span style=\"font-size: 10pt;\">Foto: Bundesarchiv, N 1603 Bild-126 \/ Horst Grund \/ <a href=\"https:\/\/creativecommons.org\/licenses\/by-sa\/3.0\/de\/deed.en\" target=\"_blank\" rel=\"noopener\">CC BY-SA 3.0 de<\/a><\/span><br \/>\n<span style=\"font-size: 10pt;\">Quelle: <a href=\"https:\/\/commons.wikimedia.org\/w\/index.php?curid=5441430\" target=\"_blank\" rel=\"noopener\">https:\/\/commons.wikimedia.org\/w\/index.php?curid=5441430<\/a><\/span><\/p>\n<\/div>\n<\/div>\n","protected":false},"excerpt":{"rendered":"<p><b>Beitrag von Uli Gellermann<\/b><br \/>\nDer Drecksarbeit-Kanzler k\u00f6nnte sehr viel Geld brauchen: Wenn er mit seiner Kriegstreiberei so weitermacht, k\u00f6nnten die Russen ihre Geduld und die Nerven verlieren, und in diesem Fall wird Merz den F\u00fchrerbunker (liegt immer noch unter dem Holocaust-Denkmal in Berlin) dringend brauchen. Das historische Relikt aus dem letzten Krieg gegen Russland wird dann reaktiviert werden, und das wird teuer. Der Merz will das von der EU \u201eeingefrorene\u201c russische Verm\u00f6gen f\u00fcr die Ukraine fl\u00fcssig machen; 125 Milliarden Euro sollen an die Ukraine flie\u00dfen und das vollenden, was der NS-Gro\u00dfvater von Merz nicht geschafft hat: Die Russen zu besiegen, denn das war das Hauptziel der Nazis. Es ist den bundesdeutschen Medien zu verdanken, dass der deutschen \u00d6ffentlichkeit nicht auffallen will, dass die Bundesrepublik mit ihrem organisierten Russenhass eine braune Kontinuit\u00e4t lebt.<\/p>\n","protected":false},"author":3,"featured_media":23030,"comment_status":"closed","ping_status":"closed","sticky":false,"template":"","format":"standard","meta":{"colormag_page_container_layout":"default_layout","colormag_page_sidebar_layout":"default_layout","advanced_seo_description":"","jetpack_seo_html_title":"","jetpack_seo_noindex":false,"jetpack_post_was_ever_published":false,"footnotes":""},"categories":[12],"tags":[648,217,409,1463,452,1159,2489,1491,2807,2081,222,430,2146],"class_list":["post-23022","post","type-post","status-publish","format-standard","has-post-thumbnail","hentry","category-demokratie-medien-aufklaerung","tag-2-weltkrieg","tag-ausbeutung","tag-berlin","tag-bundeskanzler","tag-deutschland","tag-eliten","tag-friedrich-merz","tag-kriegstreiberei","tag-raubzug","tag-reparationen","tag-russland","tag-sowjetunion","tag-vermoegenswerte"],"jetpack_featured_media_url":"https:\/\/i0.wp.com\/www.freidenker.org\/fw17\/wp-content\/uploads\/2025\/10\/Bundesarchiv_N_1603_Bild-126_Russland_bei_Sewastopol_Zerstoerungen_800x450.jpg?fit=800%2C450&ssl=1","jetpack_shortlink":"https:\/\/wp.me\/p9stpK-5Zk","jetpack-related-posts":[{"id":23931,"url":"https:\/\/www.freidenker.org\/?p=23931","url_meta":{"origin":23022,"position":0},"title":"EU-Gipfel: Der Kanzler ist nackt","author":"Webredaktion","date":"22. Dezember 2025","format":false,"excerpt":"Beitrag von Gert Ewen Ungar Die EU ist mit ihrem Vorhaben, das eingefrorene russische Verm\u00f6gen zu stehlen, am Widerstand einiger ihrer Mitgliedstaaten gescheitert. Auch der Plan B, eine gemeinschaftliche Schuldenaufnahme der EU-Staaten zugunsten der Ukraine, ist aufgrund der Verweigerung dreier L\u00e4nder gescheitert. Das Risiko teilen sich die verbliebenen 24 Staaten\u2026","rel":"","context":"In &quot;Demokratie \u2013 Medien \u2013 Aufkl\u00e4rung&quot;","block_context":{"text":"Demokratie \u2013 Medien \u2013 Aufkl\u00e4rung","link":"https:\/\/www.freidenker.org\/?cat=12"},"img":{"alt_text":"","src":"https:\/\/i0.wp.com\/www.freidenker.org\/fw17\/wp-content\/uploads\/2025\/12\/Friedrich_Merz_to_the_European_Commission_-_2025_800x450.jpg?fit=800%2C450&ssl=1&resize=350%2C200","width":350,"height":200,"srcset":"https:\/\/i0.wp.com\/www.freidenker.org\/fw17\/wp-content\/uploads\/2025\/12\/Friedrich_Merz_to_the_European_Commission_-_2025_800x450.jpg?fit=800%2C450&ssl=1&resize=350%2C200 1x, https:\/\/i0.wp.com\/www.freidenker.org\/fw17\/wp-content\/uploads\/2025\/12\/Friedrich_Merz_to_the_European_Commission_-_2025_800x450.jpg?fit=800%2C450&ssl=1&resize=525%2C300 1.5x, https:\/\/i0.wp.com\/www.freidenker.org\/fw17\/wp-content\/uploads\/2025\/12\/Friedrich_Merz_to_the_European_Commission_-_2025_800x450.jpg?fit=800%2C450&ssl=1&resize=700%2C400 2x"},"classes":[]},{"id":23677,"url":"https:\/\/www.freidenker.org\/?p=23677","url_meta":{"origin":23022,"position":1},"title":"Die R\u00fcckkehr der Barbaren: Westeuropas Wille zum ewigen Krieg","author":"Webredaktion","date":"30. November 2025","format":false,"excerpt":"Beitrag von Gert Ewen Ungar Der weder beliebte noch sonderlich begabte Friedrich Merz hat den 28 Punkte umfassenden Friedensplan, der zwischen den USA und Russland ausgearbeitet und gestern in Genf Vertretern der Ukraine in einem Sondierungsgespr\u00e4ch vorgelegt wurde, einer Revision unterzogen. Merz und die willigen Koalition\u00e4re Starmer und Macron haben\u2026","rel":"","context":"In &quot;Frieden - Antifaschismus - Solidarit\u00e4t&quot;","block_context":{"text":"Frieden - Antifaschismus - Solidarit\u00e4t","link":"https:\/\/www.freidenker.org\/?cat=13"},"img":{"alt_text":"","src":"https:\/\/i0.wp.com\/www.freidenker.org\/fw17\/wp-content\/uploads\/2025\/11\/Starmer_Macron_und_Merz_auf_dem_G20-Gipfel_2025_800x450.jpg?fit=800%2C450&ssl=1&resize=350%2C200","width":350,"height":200,"srcset":"https:\/\/i0.wp.com\/www.freidenker.org\/fw17\/wp-content\/uploads\/2025\/11\/Starmer_Macron_und_Merz_auf_dem_G20-Gipfel_2025_800x450.jpg?fit=800%2C450&ssl=1&resize=350%2C200 1x, https:\/\/i0.wp.com\/www.freidenker.org\/fw17\/wp-content\/uploads\/2025\/11\/Starmer_Macron_und_Merz_auf_dem_G20-Gipfel_2025_800x450.jpg?fit=800%2C450&ssl=1&resize=525%2C300 1.5x, https:\/\/i0.wp.com\/www.freidenker.org\/fw17\/wp-content\/uploads\/2025\/11\/Starmer_Macron_und_Merz_auf_dem_G20-Gipfel_2025_800x450.jpg?fit=800%2C450&ssl=1&resize=700%2C400 2x"},"classes":[]},{"id":24973,"url":"https:\/\/www.freidenker.org\/?p=24973","url_meta":{"origin":23022,"position":2},"title":"Der pers\u00f6nliche Einsatz des Friedrich Merz f\u00fcr die Ukraine","author":"Webredaktion","date":"23. April 2026","format":false,"excerpt":"Buchauszug von Wolfgang Bittner Der deutsche Bundeskanzler Friedrich Merz freut sich, dass Victor Orb\u00e1n nicht wiedergew\u00e4hlt wurde und dass die EU jetzt 90 Milliarden Euro an die Ukraine \u00fcberweisen kann. Am 14. April hat Merz den ukrainischen Machthaber Wolodymyr Selenskyj mit milit\u00e4rischen Ehren in Berlin empfangen. Unter anderem wurde eine\u2026","rel":"","context":"In &quot;Aktuelles&quot;","block_context":{"text":"Aktuelles","link":"https:\/\/www.freidenker.org\/?cat=574"},"img":{"alt_text":"","src":"https:\/\/i0.wp.com\/www.freidenker.org\/fw17\/wp-content\/uploads\/2026\/04\/merz_selenskyj_berlin_2026-04-14_800x450.jpg?fit=800%2C450&ssl=1&resize=350%2C200","width":350,"height":200,"srcset":"https:\/\/i0.wp.com\/www.freidenker.org\/fw17\/wp-content\/uploads\/2026\/04\/merz_selenskyj_berlin_2026-04-14_800x450.jpg?fit=800%2C450&ssl=1&resize=350%2C200 1x, https:\/\/i0.wp.com\/www.freidenker.org\/fw17\/wp-content\/uploads\/2026\/04\/merz_selenskyj_berlin_2026-04-14_800x450.jpg?fit=800%2C450&ssl=1&resize=525%2C300 1.5x, https:\/\/i0.wp.com\/www.freidenker.org\/fw17\/wp-content\/uploads\/2026\/04\/merz_selenskyj_berlin_2026-04-14_800x450.jpg?fit=800%2C450&ssl=1&resize=700%2C400 2x"},"classes":[]},{"id":22222,"url":"https:\/\/www.freidenker.org\/?p=22222","url_meta":{"origin":23022,"position":3},"title":"Merz-Rede: Der (Alb-)Traum von Deutschland als Milit\u00e4rmacht ist zur\u00fcck","author":"Webredaktion","date":"26. Juni 2025","format":false,"excerpt":"Beitrag von Gert Ewen Ungar Mit einem Video, das sich \u00e4sthetisch und inhaltlich in die Tradition des Nazi-Hetzblatts Der St\u00fcrmer stellt, macht das Ausw\u00e4rtige Amt unter F\u00fchrung von Johann Wadephul die Welt mit dem au\u00dfenpolitischen Teil der Regierungserkl\u00e4rung von\u00a0Friedrich Merz vertraut. Die \u00dcbernahme von Ton und \u00c4sthetik der nationalsozialistischen Propaganda\u2026","rel":"","context":"In &quot;Demokratie \u2013 Medien \u2013 Aufkl\u00e4rung&quot;","block_context":{"text":"Demokratie \u2013 Medien \u2013 Aufkl\u00e4rung","link":"https:\/\/www.freidenker.org\/?cat=12"},"img":{"alt_text":"","src":"https:\/\/i0.wp.com\/www.freidenker.org\/fw17\/wp-content\/uploads\/2025\/06\/2024-08-21_Wahlkampf_Friedrich_Merz.jpg?fit=800%2C450&ssl=1&resize=350%2C200","width":350,"height":200,"srcset":"https:\/\/i0.wp.com\/www.freidenker.org\/fw17\/wp-content\/uploads\/2025\/06\/2024-08-21_Wahlkampf_Friedrich_Merz.jpg?fit=800%2C450&ssl=1&resize=350%2C200 1x, https:\/\/i0.wp.com\/www.freidenker.org\/fw17\/wp-content\/uploads\/2025\/06\/2024-08-21_Wahlkampf_Friedrich_Merz.jpg?fit=800%2C450&ssl=1&resize=525%2C300 1.5x, https:\/\/i0.wp.com\/www.freidenker.org\/fw17\/wp-content\/uploads\/2025\/06\/2024-08-21_Wahlkampf_Friedrich_Merz.jpg?fit=800%2C450&ssl=1&resize=700%2C400 2x"},"classes":[]},{"id":22623,"url":"https:\/\/www.freidenker.org\/?p=22623","url_meta":{"origin":23022,"position":4},"title":"100 Tage Merz \u2013 Kanzlerschaft ohne Gewissen und Empathie","author":"Webredaktion","date":"21. August 2025","format":false,"excerpt":"Beitrag von Gert Ewen Ungar Die Bundesregierung ist inzwischen 100 Tage im Amt. Mit Ruhm bekleckert hat sie sich bisher nicht. Den gro\u00dfen wirtschaftspolitischen Ank\u00fcndigungen folgten keine Taten. Es herrscht weiter Stillstand in Deutschland. Die wirtschaftlichen Indikatoren weisen steil nach unten: Das produzierende Gewerbe klagt \u00fcber hohe Energiepreise und f\u00e4hrt\u2026","rel":"","context":"In &quot;Arbeit &amp; Soziales&quot;","block_context":{"text":"Arbeit &amp; Soziales","link":"https:\/\/www.freidenker.org\/?cat=11"},"img":{"alt_text":"","src":"https:\/\/i0.wp.com\/www.freidenker.org\/fw17\/wp-content\/uploads\/2025\/08\/Merz_2025-05-05_Unterzeichnung_Koalitionsvertrag_800x450.jpg?fit=800%2C450&ssl=1&resize=350%2C200","width":350,"height":200,"srcset":"https:\/\/i0.wp.com\/www.freidenker.org\/fw17\/wp-content\/uploads\/2025\/08\/Merz_2025-05-05_Unterzeichnung_Koalitionsvertrag_800x450.jpg?fit=800%2C450&ssl=1&resize=350%2C200 1x, https:\/\/i0.wp.com\/www.freidenker.org\/fw17\/wp-content\/uploads\/2025\/08\/Merz_2025-05-05_Unterzeichnung_Koalitionsvertrag_800x450.jpg?fit=800%2C450&ssl=1&resize=525%2C300 1.5x, https:\/\/i0.wp.com\/www.freidenker.org\/fw17\/wp-content\/uploads\/2025\/08\/Merz_2025-05-05_Unterzeichnung_Koalitionsvertrag_800x450.jpg?fit=800%2C450&ssl=1&resize=700%2C400 2x"},"classes":[]},{"id":21131,"url":"https:\/\/www.freidenker.org\/?p=21131","url_meta":{"origin":23022,"position":5},"title":"Schulden, um in den Krieg zu ziehen &#8211; Der W\u00e4hlerbetrug des Friedrich M.","author":"Webredaktion","date":"11. M\u00e4rz 2025","format":false,"excerpt":"Beitrag von Gert Ewen Ungar Die k\u00fcnftige Bundesregierung plant, mit Unterst\u00fctzung von Teilen der alten Bundesregierung das Grundgesetz zu \u00e4ndern, um Schulden in gro\u00dfem Umfang aufzunehmen.\u00a0Dazu ist ganz viel anzumerken, nur eines nicht: \"Generationengerechtigkeit\". Die Schuldenaufnahme geht nicht auf Kosten sp\u00e4terer Generationen. Dieses Argument, das auch Merz im Wahlkampf noch\u2026","rel":"","context":"In &quot;Demokratie \u2013 Medien \u2013 Aufkl\u00e4rung&quot;","block_context":{"text":"Demokratie \u2013 Medien \u2013 Aufkl\u00e4rung","link":"https:\/\/www.freidenker.org\/?cat=12"},"img":{"alt_text":"","src":"https:\/\/i0.wp.com\/www.freidenker.org\/fw17\/wp-content\/uploads\/2025\/03\/EPP_Summit_54368791313_800x450.jpg?fit=800%2C450&ssl=1&resize=350%2C200","width":350,"height":200,"srcset":"https:\/\/i0.wp.com\/www.freidenker.org\/fw17\/wp-content\/uploads\/2025\/03\/EPP_Summit_54368791313_800x450.jpg?fit=800%2C450&ssl=1&resize=350%2C200 1x, https:\/\/i0.wp.com\/www.freidenker.org\/fw17\/wp-content\/uploads\/2025\/03\/EPP_Summit_54368791313_800x450.jpg?fit=800%2C450&ssl=1&resize=525%2C300 1.5x, https:\/\/i0.wp.com\/www.freidenker.org\/fw17\/wp-content\/uploads\/2025\/03\/EPP_Summit_54368791313_800x450.jpg?fit=800%2C450&ssl=1&resize=700%2C400 2x"},"classes":[]}],"_links":{"self":[{"href":"https:\/\/www.freidenker.org\/index.php?rest_route=\/wp\/v2\/posts\/23022","targetHints":{"allow":["GET"]}}],"collection":[{"href":"https:\/\/www.freidenker.org\/index.php?rest_route=\/wp\/v2\/posts"}],"about":[{"href":"https:\/\/www.freidenker.org\/index.php?rest_route=\/wp\/v2\/types\/post"}],"author":[{"embeddable":true,"href":"https:\/\/www.freidenker.org\/index.php?rest_route=\/wp\/v2\/users\/3"}],"replies":[{"embeddable":true,"href":"https:\/\/www.freidenker.org\/index.php?rest_route=%2Fwp%2Fv2%2Fcomments&post=23022"}],"version-history":[{"count":3,"href":"https:\/\/www.freidenker.org\/index.php?rest_route=\/wp\/v2\/posts\/23022\/revisions"}],"predecessor-version":[{"id":23040,"href":"https:\/\/www.freidenker.org\/index.php?rest_route=\/wp\/v2\/posts\/23022\/revisions\/23040"}],"wp:featuredmedia":[{"embeddable":true,"href":"https:\/\/www.freidenker.org\/index.php?rest_route=\/wp\/v2\/media\/23030"}],"wp:attachment":[{"href":"https:\/\/www.freidenker.org\/index.php?rest_route=%2Fwp%2Fv2%2Fmedia&parent=23022"}],"wp:term":[{"taxonomy":"category","embeddable":true,"href":"https:\/\/www.freidenker.org\/index.php?rest_route=%2Fwp%2Fv2%2Fcategories&post=23022"},{"taxonomy":"post_tag","embeddable":true,"href":"https:\/\/www.freidenker.org\/index.php?rest_route=%2Fwp%2Fv2%2Ftags&post=23022"}],"curies":[{"name":"wp","href":"https:\/\/api.w.org\/{rel}","templated":true}]}}