{"id":22987,"date":"2025-09-28T23:52:28","date_gmt":"2025-09-28T21:52:28","guid":{"rendered":"https:\/\/www.freidenker.org\/?p=22987"},"modified":"2025-10-15T20:57:13","modified_gmt":"2025-10-15T18:57:13","slug":"umwelt-schock-zdf-thematisiert-toxischen-schrott-beim-abbau-von-windraedern","status":"publish","type":"post","link":"https:\/\/www.freidenker.org\/?p=22987","title":{"rendered":"Umwelt-Schock: ZDF thematisiert toxischen Schrott beim Abbau von Windr\u00e4dern"},"content":{"rendered":"<p><strong>Windr\u00e4der sind nicht umweltfreundlich. Es geht nur um den Profit und die Regierung steckt da auch mit drin. Das ist kurz zusammengefasst der Inhalt der unl\u00e4ngst auf ZDF-Frontal gesendeten Dokumentation; f\u00fcr das Mainstream-Medium eine Sensation! Dreht sich der Wind weg vom Klima-Wahn? <\/strong><\/p>\n<p><em>Von <strong>Rainer Rupp<\/strong><\/em><\/p>\n<p><span style=\"font-size: 10pt;\">Erstver\u00f6ffentlichung am 27.09.2025 auf <a href=\"https:\/\/freedert.online\/inland\/257012-umwelt-schock-zdf-thematisiert-toxischen\/\">RT DE<\/a><\/span><\/p>\n<p>Seit Jahren wird uns bei jeder passenden und unpassenden Gelegenheit das gr\u00fcne Mantra eingeimpft, dass Windr\u00e4der umweltfreundlich sind und ein wesentlicher Bestandteil der so benannten Energiewende hin zur billigen, erneuerbaren Energie sind. Und die Entsorgung der Windr\u00e4der sei auch \u00fcberhaupt kein Problem; alles total easy. Kritiker, die schon lange das Gegenteil behaupteten, wurden von den Mainstream-Medien, zu denen auch das <em>ZDF<\/em> geh\u00f6rt, in die Ecke von Verschw\u00f6rungstheoretikern und Klimaleugnern gestellt. Und jetzt kommt diese unglaubliche <em>ZDF<\/em>-Frontal-Doku.<\/p>\n<p>Der Titel der Doku lautet: &#8222;Wohin mit dem Windm\u00fchlenschrott, wenn Windr\u00e4der abgebaut werden? Den Link zur auf jeden Fall sehenswerten <em>ZDF<\/em>-Doku finden Sie\u00a0<a href=\"https:\/\/www.zdfheute.de\/video\/frontal\/wohin-mit-dem-windrad-schrott-100.html\" target=\"_blank\" rel=\"noopener noreferrer\">hier<\/a>. Zum Auftakt stellt der Moderator zwei Fragen:<\/p>\n<p style=\"padding-left: 40px;\"><em>&#8222;Ich sage Ihnen zwei S\u00e4tze und Sie k\u00f6nnen sich \u00fcberlegen, welcher von beiden falsch ist.<\/em><\/p>\n<p style=\"padding-left: 40px;\"><em>Erstens: Die F\u00f6rderung von Windkraft ist per se im Sinne der Natur.<\/em><\/p>\n<p style=\"padding-left: 40px;\"><em>Zweitens: Windkraftbetreiber sind grunds\u00e4tzlich umweltfreundliche Menschen.&#8220;<\/em><\/p>\n<p>Dann gibt der Moderator selbst die Antwort:<\/p>\n<p style=\"padding-left: 40px;\"><em>&#8222;Na, beide sind falsch&#8220;.<\/em><\/p>\n<p>Und das vom <em>ZDF<\/em> gleich am Anfang. Weiter geht es dann \u00fcber den Umgang in Deutschland mit \u00e4lteren Windr\u00e4dern, \u00e4lteren, wohlgemerkt nicht funktionsunt\u00fcchtigen. Dieser Umgang wird als exemplarisch f\u00fcr gleich mehrere Fehlentwicklungen dargestellt. Da w\u00e4re zum einen die staatliche F\u00f6rder- bzw. Subventionspolitik, die nur auf mehr Stromproduktion fokussiert ist, die Folgewirkungen, bzw. Umweltkosten bei der Entsorgung der R\u00e4der au\u00dfer Acht l\u00e4sst.<\/p>\n<p>Dabei wird deutlich, dass:<\/p>\n<ul>\n<li><em>a) im Bereich der sogenannten &#8222;erneuerbaren&#8220; Energien \u2013 wie in jedem anderen Wirtschaftsbereich \u2013 in der Regel der Fokus auf mehr Profit liegt als auf der Verringerung des umweltsch\u00e4dlichen &#8222;Fu\u00dfabdrucks&#8220;, und<\/em><\/li>\n<li><em>b) die Politik mitunter wenig Bereitschaft erkennen l\u00e4sst, offenkundige und selbst geschaffene Missst\u00e4nde zu beheben.<\/em><\/li>\n<\/ul>\n<p>Ja, das sagt der <em>ZDF<\/em>-Frontal-Moderator wirklich. Und dann f\u00e4ngt er erst richtig an und kritisiert Windr\u00e4der als &#8222;nicht umweltfreundlich&#8220;. Es ginge nur um den Profit und die Regierung stecke da auch mit drin. Im weiteren Verlauf der Sendung wird best\u00e4tigt, wovor Kritiker seit eh und je warnen: Windr\u00e4der bestehen aus hochtoxischen Materialien, deren Entsorgung sich \u00fcberaus schwierig gestaltet. Und ZDF gibt auch zu: Windr\u00e4der werden abgebaut, weil sie nicht mehr gef\u00f6rdert, bzw. subventioniert werden.<\/p>\n<p>Tats\u00e4chlich baut die angebliche Energiewende auch auf einer ganzen Reihe von anderen Schwindeleien auf. Das j\u00fcngste Beispiel sind die &#8222;Erneuerbare-Energien-Gemeinschaften&#8220;, die angeblich erm\u00f6glichen sollen, dass lokal erzeugter Strom auch lokal verbraucht wird \u2013 kompletter Unsinn, genauso wie die Behauptung, dass Energie erneuerbar sei, Windr\u00e4der die Umwelt sch\u00fctzen oder billigen Strom liefern. Das Problem der Entsorgung, insbesondere der Rotorbl\u00e4tter, wird nonchalant ignoriert.<\/p>\n<p>Dankenswerterweise hat nun das <em>ZDF<\/em> das Thema aufgegriffen und stellt eine der vielen Fragen bez\u00fcglich der Windr\u00e4der, um die sich die Bef\u00fcrworter und Betreiber dr\u00fccken:<\/p>\n<p style=\"padding-left: 40px;\"><em>&#8222;Denn um leicht und gleichzeitig stabil zu sein, bestehen sie aus verschiedenen, miteinander verklebten Materialien, die nur schwer voneinander getrennt werden k\u00f6nnen. &#8218;Frontal&#8216; fragt: Wohin mit dem Windradschrott, der nicht recycelt werden kann?&#8220;<\/em><\/p>\n<p>Das Problem, das damit gleichzeitig zumindest implizit angerissen wird, ist die Kontamination durch den Abrieb von diesen toxischen Klebern und Verbundmaterialien von den Vorder- und Hinterseiten der Rotorbl\u00e4tter. Steht das Windrad in landwirtschaftlich genutzten Fl\u00e4chen, so sollten diese nach einiger Zeit nicht mehr f\u00fcr die Produktion von Nahrungsmitteln verwendet werden, um gesundheitliche Sch\u00e4den beim Verzehr der Produkte zu vermeiden. J\u00e4gern wird ja mittlerweile geraten, die Leber von erlegten Wildschweinen in Regionen mit Windr\u00e4dern wegen der Kontamination nicht mehr zu verzehren.<\/p>\n<p>Die ausrangierten Rotorbl\u00e4tter werden in riesigen Deponien gelagert, egal welche Sch\u00e4den dadurch m\u00f6glicherweise entstehen. Die 50 bis 80 Meter langen, tonnenschweren Fl\u00fcgel sind nicht leicht zu transportieren und werden daher oft gleich an Ort und Stelle zers\u00e4gt. Die Rotorbl\u00e4tter bestehen aus Kunstharzen, die mit Glas- oder Carbonfasern verst\u00e4rkt werden. Der Abrieb, der an der Vorder- und Hinterkante der Rotorbl\u00e4tter unvermeidlich ist, wird im weiten Umkreis verstreut und kontaminiert die B\u00f6den. Die freigesetzten Mikropartikel entsprechen von der Sch\u00e4dlichkeit etwa Asbest, enthalten PFAS, eine Reihe gef\u00e4hrlicher Chemikalien, u.\u00a0a. Bisphenol\u00a0A, und verschiedene Metalle.<\/p>\n<p>Die sch\u00e4dlichen Inhaltsstoffe wurden nicht nur in der Leber von Wildschweinen nachgewiesen, sondern auch in Muscheln bei Offshore-Windparks.<\/p>\n<p>Dazu kommt das Problem der Entsorgung. Im Video von Schwarzwald-TV \u00fcber das Mega-Windrad &#8222;Holzschl\u00e4germatte&#8220; bei Freiburg berichten Anwohner, dass die riesigen Rotorbl\u00e4tter vor Ort einfach zers\u00e4gt und liegengelassen wurden. Der hochgiftige S\u00e4gestaub hat sich dadurch in der Gegend verbreitet.<\/p>\n<p>Getauscht wurde aus finanziellen Gr\u00fcnden. Die alten Anlagen rechneten sich nicht mehr, denn die Subventionen fielen weg. An Windr\u00e4dern verdienen viele, es war und ist immer noch eine Geldmaschine. Die Rechnung zahlen die Steuerzahler. Genau das kritisierte auch der ZDF-Beitrag, der schon Anfang September ausgestrahlt, aber von anderen Medien diesmal weitgehend oder ganz ignoriert wurde. Es war die \u00f6sterreichische, <a href=\"https:\/\/tkp.at\/?s=Windr%C3%A4der&amp;orderby=relevance&amp;order=DESC&amp;post_type=post\" target=\"_blank\" rel=\"noopener noreferrer\">alternative Webseite <\/a>f\u00fcr Wissenschaft und Politik (tkp),\u00a0die daf\u00fcr gesorgt hat, dass der Beitrag von <em>ZDF<\/em>-Frontal nicht m\u00f6glichst schnell im Ged\u00e4chtnisloch entsorgt werden konnte.<\/p>\n<p style=\"text-align: right;\"><em>Rainer Rupp ist Mitglied des Beirats des Deutschen Freidenker-Verbandes<\/em><\/p>\n<hr \/>\n<p><span style=\"font-size: 10pt;\">Bild oben: <span class=\"mw-mmv-title\">Windkraftanlagen bei Neuenkirchen, Schleswig-Holstein<br \/>\nFoto: Dirk Ingo Franke, CC BY-SA 2.0<br \/>\nQuelle: <a href=\"https:\/\/commons.wikimedia.org\/w\/index.php?curid=5766562\" target=\"_blank\" rel=\"noopener\">https:\/\/commons.wikimedia.org\/w\/index.php?curid=5766562<\/a><\/span><\/span><\/p>\n","protected":false},"excerpt":{"rendered":"<p><b>Beitrag von Rainer Rupp<\/b><br \/>\nSeit Jahren wird uns bei jeder passenden und unpassenden Gelegenheit das gr\u00fcne Mantra eingeimpft, dass Windr\u00e4der umweltfreundlich sind und ein wesentlicher Bestandteil der so benannten Energiewende hin zur billigen, erneuerbaren Energie sind. Und die Entsorgung der Windr\u00e4der sei auch \u00fcberhaupt kein Problem; alles total easy. Kritiker, die schon lange das Gegenteil behaupteten, wurden von den Mainstream-Medien, zu denen auch das ZDF geh\u00f6rt, in die Ecke von Verschw\u00f6rungstheoretikern und Klimaleugnern gestellt. Und jetzt kommt diese unglaubliche ZDF-Frontal-Doku. Der Titel der Doku lautet: &#8222;Wohin mit dem Windm\u00fchlenschrott, wenn Windr\u00e4der abgebaut werden?&#8220;<\/p>\n","protected":false},"author":3,"featured_media":22999,"comment_status":"closed","ping_status":"closed","sticky":false,"template":"","format":"standard","meta":{"colormag_page_container_layout":"default_layout","colormag_page_sidebar_layout":"default_layout","advanced_seo_description":"","jetpack_seo_html_title":"","jetpack_seo_noindex":false,"jetpack_post_was_ever_published":false,"footnotes":""},"categories":[12],"tags":[1768,627,2804,2803,1309,628,2802,1110],"class_list":["post-22987","post","type-post","status-publish","format-standard","has-post-thumbnail","hentry","category-demokratie-medien-aufklaerung","tag-alternative-energien","tag-energiepolitik","tag-entsorgung","tag-erneuerbare-energien","tag-technologie","tag-umweltschutz","tag-windraeder","tag-zdf"],"jetpack_featured_media_url":"https:\/\/i0.wp.com\/www.freidenker.org\/fw17\/wp-content\/uploads\/2025\/09\/Neuenkirchen_windraeder_mit_heide_turm_800x450.jpg?fit=800%2C450&ssl=1","jetpack_shortlink":"https:\/\/wp.me\/p9stpK-5YL","jetpack-related-posts":[{"id":15722,"url":"https:\/\/www.freidenker.org\/?p=15722","url_meta":{"origin":22987,"position":0},"title":"&#8222;Fiffi-Politik&#8220;: Aus dem Bauch heraus und ohne Sinn und Verstand","author":"Webredaktion","date":"7. April 2023","format":false,"excerpt":"Beitrag von Tom J. Wellbrock Ricarda Lang (B\u00fcndnis 90\/Die\u00a0Gr\u00fcnen) bringt es auf den Punkt: \"Im letzten Jahr haben wir gesehen, wie verwundbar uns die Abh\u00e4ngigkeit von fossilem Gas macht. Jede eingebaute W\u00e4rmepumpe, jede Sanierung, jedes neue Windrad macht uns unabh\u00e4ngiger von Putin und anderen autorit\u00e4ren Regimen. Die Energiewende schafft Sicherheit.\"\u00a0Dieser\u2026","rel":"","context":"In &quot;Demokratie \u2013 Medien \u2013 Aufkl\u00e4rung&quot;","block_context":{"text":"Demokratie \u2013 Medien \u2013 Aufkl\u00e4rung","link":"https:\/\/www.freidenker.org\/?cat=12"},"img":{"alt_text":"","src":"https:\/\/i0.wp.com\/www.freidenker.org\/fw17\/wp-content\/uploads\/2023\/04\/baerbock_habeck_2021_c_800x450.jpg?fit=799%2C450&ssl=1&resize=350%2C200","width":350,"height":200,"srcset":"https:\/\/i0.wp.com\/www.freidenker.org\/fw17\/wp-content\/uploads\/2023\/04\/baerbock_habeck_2021_c_800x450.jpg?fit=799%2C450&ssl=1&resize=350%2C200 1x, https:\/\/i0.wp.com\/www.freidenker.org\/fw17\/wp-content\/uploads\/2023\/04\/baerbock_habeck_2021_c_800x450.jpg?fit=799%2C450&ssl=1&resize=525%2C300 1.5x, https:\/\/i0.wp.com\/www.freidenker.org\/fw17\/wp-content\/uploads\/2023\/04\/baerbock_habeck_2021_c_800x450.jpg?fit=799%2C450&ssl=1&resize=700%2C400 2x"},"classes":[]},{"id":10827,"url":"https:\/\/www.freidenker.org\/?p=10827","url_meta":{"origin":22987,"position":1},"title":"Gr\u00fcn, bis das Licht ausgeht \u2013 die untersch\u00e4tzten Gefahren der Energiewende","author":"Webredaktion","date":"12. Juli 2021","format":false,"excerpt":"Beitrag von Dagmar Henn Deutschland soll seinen Energiebedarf mit erneuerbaren Energien decken, Kohlekraftwerke abschalten und Elektroautos fahren. Gleichzeitig soll das Stromnetz in Europa immer enger verbunden werden. Das ist nicht nur f\u00fcr Deutschland riskant. Schon seit einigen Jahren muss die Bundesrepublik massiv Strom zukaufen, wenn ein gef\u00fcrchteter Zustand eintritt: dunkelkalt.\u2026","rel":"","context":"In &quot;Arbeit &amp; Soziales&quot;","block_context":{"text":"Arbeit &amp; Soziales","link":"https:\/\/www.freidenker.org\/?cat=11"},"img":{"alt_text":"","src":"https:\/\/i0.wp.com\/www.freidenker.org\/fw17\/wp-content\/uploads\/2021\/07\/gruen_strom_800x450.jpg?fit=800%2C450&ssl=1&resize=350%2C200","width":350,"height":200,"srcset":"https:\/\/i0.wp.com\/www.freidenker.org\/fw17\/wp-content\/uploads\/2021\/07\/gruen_strom_800x450.jpg?fit=800%2C450&ssl=1&resize=350%2C200 1x, https:\/\/i0.wp.com\/www.freidenker.org\/fw17\/wp-content\/uploads\/2021\/07\/gruen_strom_800x450.jpg?fit=800%2C450&ssl=1&resize=525%2C300 1.5x, https:\/\/i0.wp.com\/www.freidenker.org\/fw17\/wp-content\/uploads\/2021\/07\/gruen_strom_800x450.jpg?fit=800%2C450&ssl=1&resize=700%2C400 2x"},"classes":[]},{"id":13801,"url":"https:\/\/www.freidenker.org\/?p=13801","url_meta":{"origin":22987,"position":2},"title":"Aufgemerkt! Eine bisher ungehaltene Rede des deutschen Bundeskanzlers an sein Volk","author":"Webredaktion","date":"22. Juli 2022","format":false,"excerpt":"Beitrag von Doris Pumphrey Der Bundeskanzler sollte sich dringend an das Volk wenden und ihm ein paar Hintergr\u00fcnde erkl\u00e4ren, damit es genug Verst\u00e4ndnis und Unterst\u00fctzung f\u00fcr die schwere Arbeit der Regierung aufbringen kann ... Liebe Mitb\u00fcrgerinnen und Mitb\u00fcrger, mit Freude und Stolz hat mein Kabinett f\u00fcr unser Land die \"dienende\u2026","rel":"","context":"In &quot;Demokratie \u2013 Medien \u2013 Aufkl\u00e4rung&quot;","block_context":{"text":"Demokratie \u2013 Medien \u2013 Aufkl\u00e4rung","link":"https:\/\/www.freidenker.org\/?cat=12"},"img":{"alt_text":"","src":"https:\/\/i0.wp.com\/www.freidenker.org\/fw17\/wp-content\/uploads\/2022\/07\/Olaf_Scholz_by_OlafKosinsky_MG_2569_800x450.jpg?fit=800%2C450&ssl=1&resize=350%2C200","width":350,"height":200,"srcset":"https:\/\/i0.wp.com\/www.freidenker.org\/fw17\/wp-content\/uploads\/2022\/07\/Olaf_Scholz_by_OlafKosinsky_MG_2569_800x450.jpg?fit=800%2C450&ssl=1&resize=350%2C200 1x, https:\/\/i0.wp.com\/www.freidenker.org\/fw17\/wp-content\/uploads\/2022\/07\/Olaf_Scholz_by_OlafKosinsky_MG_2569_800x450.jpg?fit=800%2C450&ssl=1&resize=525%2C300 1.5x, https:\/\/i0.wp.com\/www.freidenker.org\/fw17\/wp-content\/uploads\/2022\/07\/Olaf_Scholz_by_OlafKosinsky_MG_2569_800x450.jpg?fit=800%2C450&ssl=1&resize=700%2C400 2x"},"classes":[]},{"id":5618,"url":"https:\/\/www.freidenker.org\/?p=5618","url_meta":{"origin":22987,"position":3},"title":"Vergelt\u00b4s Gott","author":"Webredaktion","date":"16. Dezember 2018","format":false,"excerpt":"Beitrag von Volker Br\u00e4utigam aus FREIDENKER 4-18 Die \u00f6ffentlich-rechtlichen Rundfunkanstalten, neun Landessender der ARD, das ZDF, Deutschlandfunk und Deutsche Welle, weisen gerne auf ihr breites Angebot \u00fcber Religion, Glauben und Ethik hin. Befreien diese Programme den \u2013 zahlenden! \u2013 Zuschauer\/Zuh\u00f6rer aus dessen \u201eUnverm\u00f6gen, sich seines Verstandes ohne Leitung eines Anderen\u2026","rel":"","context":"In &quot;Demokratie \u2013 Medien \u2013 Aufkl\u00e4rung&quot;","block_context":{"text":"Demokratie \u2013 Medien \u2013 Aufkl\u00e4rung","link":"https:\/\/www.freidenker.org\/?cat=12"},"img":{"alt_text":"","src":"https:\/\/i0.wp.com\/www.freidenker.org\/fw17\/wp-content\/uploads\/2018\/12\/Guido_Zingerl_In_Nomine_Patris_800x445.jpg?fit=800%2C445&ssl=1&resize=350%2C200","width":350,"height":200,"srcset":"https:\/\/i0.wp.com\/www.freidenker.org\/fw17\/wp-content\/uploads\/2018\/12\/Guido_Zingerl_In_Nomine_Patris_800x445.jpg?fit=800%2C445&ssl=1&resize=350%2C200 1x, https:\/\/i0.wp.com\/www.freidenker.org\/fw17\/wp-content\/uploads\/2018\/12\/Guido_Zingerl_In_Nomine_Patris_800x445.jpg?fit=800%2C445&ssl=1&resize=525%2C300 1.5x, https:\/\/i0.wp.com\/www.freidenker.org\/fw17\/wp-content\/uploads\/2018\/12\/Guido_Zingerl_In_Nomine_Patris_800x445.jpg?fit=800%2C445&ssl=1&resize=700%2C400 2x"},"classes":[]},{"id":11254,"url":"https:\/\/www.freidenker.org\/?p=11254","url_meta":{"origin":22987,"position":4},"title":"Hofschranze des EU-Imperialismus","author":"Webredaktion","date":"28. September 2021","format":false,"excerpt":"Beitrag von Diether Dehm In dieser Woche erreichte mich eine Anfrage der Redaktion von \"ZDF Magazin Royale\": Man sei im Zuge einer Recherche \"an Informationen dar\u00fcber gelangt\", dass meine Facebookseite bei der Bewerbung einiger Wahlkampf-Posts auch Nutzer mit den Interessen \"RT\u201d, \u201cKenFM\u201d oder \u201cWladimir Wladimirowitsch Putin\" adressiere. Dar\u00fcber verlangte ein\u2026","rel":"","context":"In &quot;Zeit der Verleumder - Freidenker f\u00fcr Klartext&quot;","block_context":{"text":"Zeit der Verleumder - Freidenker f\u00fcr Klartext","link":"https:\/\/www.freidenker.org\/?cat=937"},"img":{"alt_text":"","src":"https:\/\/i0.wp.com\/www.freidenker.org\/fw17\/wp-content\/uploads\/2021\/09\/klartext_boehmermann_faksimile_800x450.jpg?fit=800%2C450&ssl=1&resize=350%2C200","width":350,"height":200,"srcset":"https:\/\/i0.wp.com\/www.freidenker.org\/fw17\/wp-content\/uploads\/2021\/09\/klartext_boehmermann_faksimile_800x450.jpg?fit=800%2C450&ssl=1&resize=350%2C200 1x, https:\/\/i0.wp.com\/www.freidenker.org\/fw17\/wp-content\/uploads\/2021\/09\/klartext_boehmermann_faksimile_800x450.jpg?fit=800%2C450&ssl=1&resize=525%2C300 1.5x, https:\/\/i0.wp.com\/www.freidenker.org\/fw17\/wp-content\/uploads\/2021\/09\/klartext_boehmermann_faksimile_800x450.jpg?fit=800%2C450&ssl=1&resize=700%2C400 2x"},"classes":[]},{"id":16353,"url":"https:\/\/www.freidenker.org\/?p=16353","url_meta":{"origin":22987,"position":5},"title":"Habeck im Bundestag: &#8222;Falschunterstellungen&#8220; und ein &#8222;erster russischer Angriffskrieg 2014&#8220;","author":"Webredaktion","date":"24. Juni 2023","format":false,"excerpt":"Beitrag von Dagmar Henn Bundeswirtschaftsminister Habeck wurde im Bundestag befragt und benahm sich wie \u00fcblich \u2013 Antworten nur, wenn die Frage entsprechend unterw\u00fcrfig gestellt wurde, auf massivere Kritik jedoch arrogant und ausfallend. Bis hin zu eigenen neuen Geschichtsf\u00e4lschungen. Auch wenn Bundeswirtschaftsminister Robert Habeck in der Fragestunde des Bundestags nur selten\u2026","rel":"","context":"In &quot;Demokratie \u2013 Medien \u2013 Aufkl\u00e4rung&quot;","block_context":{"text":"Demokratie \u2013 Medien \u2013 Aufkl\u00e4rung","link":"https:\/\/www.freidenker.org\/?cat=12"},"img":{"alt_text":"","src":"https:\/\/i0.wp.com\/www.freidenker.org\/fw17\/wp-content\/uploads\/2023\/06\/Habeck-2023-06-07_Event_Konferenz_re-publica_800x450.jpg?fit=800%2C450&ssl=1&resize=350%2C200","width":350,"height":200,"srcset":"https:\/\/i0.wp.com\/www.freidenker.org\/fw17\/wp-content\/uploads\/2023\/06\/Habeck-2023-06-07_Event_Konferenz_re-publica_800x450.jpg?fit=800%2C450&ssl=1&resize=350%2C200 1x, https:\/\/i0.wp.com\/www.freidenker.org\/fw17\/wp-content\/uploads\/2023\/06\/Habeck-2023-06-07_Event_Konferenz_re-publica_800x450.jpg?fit=800%2C450&ssl=1&resize=525%2C300 1.5x, https:\/\/i0.wp.com\/www.freidenker.org\/fw17\/wp-content\/uploads\/2023\/06\/Habeck-2023-06-07_Event_Konferenz_re-publica_800x450.jpg?fit=800%2C450&ssl=1&resize=700%2C400 2x"},"classes":[]}],"_links":{"self":[{"href":"https:\/\/www.freidenker.org\/index.php?rest_route=\/wp\/v2\/posts\/22987","targetHints":{"allow":["GET"]}}],"collection":[{"href":"https:\/\/www.freidenker.org\/index.php?rest_route=\/wp\/v2\/posts"}],"about":[{"href":"https:\/\/www.freidenker.org\/index.php?rest_route=\/wp\/v2\/types\/post"}],"author":[{"embeddable":true,"href":"https:\/\/www.freidenker.org\/index.php?rest_route=\/wp\/v2\/users\/3"}],"replies":[{"embeddable":true,"href":"https:\/\/www.freidenker.org\/index.php?rest_route=%2Fwp%2Fv2%2Fcomments&post=22987"}],"version-history":[{"count":3,"href":"https:\/\/www.freidenker.org\/index.php?rest_route=\/wp\/v2\/posts\/22987\/revisions"}],"predecessor-version":[{"id":23003,"href":"https:\/\/www.freidenker.org\/index.php?rest_route=\/wp\/v2\/posts\/22987\/revisions\/23003"}],"wp:featuredmedia":[{"embeddable":true,"href":"https:\/\/www.freidenker.org\/index.php?rest_route=\/wp\/v2\/media\/22999"}],"wp:attachment":[{"href":"https:\/\/www.freidenker.org\/index.php?rest_route=%2Fwp%2Fv2%2Fmedia&parent=22987"}],"wp:term":[{"taxonomy":"category","embeddable":true,"href":"https:\/\/www.freidenker.org\/index.php?rest_route=%2Fwp%2Fv2%2Fcategories&post=22987"},{"taxonomy":"post_tag","embeddable":true,"href":"https:\/\/www.freidenker.org\/index.php?rest_route=%2Fwp%2Fv2%2Ftags&post=22987"}],"curies":[{"name":"wp","href":"https:\/\/api.w.org\/{rel}","templated":true}]}}