{"id":22983,"date":"2025-09-28T23:51:59","date_gmt":"2025-09-28T21:51:59","guid":{"rendered":"https:\/\/www.freidenker.org\/?p=22983"},"modified":"2025-10-15T20:57:07","modified_gmt":"2025-10-15T18:57:07","slug":"auf-dem-weg-nach-gleiwitz","status":"publish","type":"post","link":"https:\/\/www.freidenker.org\/?p=22983","title":{"rendered":"Auf dem Weg nach Gleiwitz?"},"content":{"rendered":"<p><strong>Politik und Medien im Westen heizen die Kriegshysterie an<\/strong><\/p>\n<p><em>Ein Kommentar von <strong>Tilo Gr\u00e4ser<\/strong><\/em><\/p>\n<p><span style=\"font-size: 10pt;\">Erstver\u00f6ffentlichung am 24.09.2025 auf <a href=\"https:\/\/apolut.net\/auf-dem-weg-nach-gleiwitz-von-tilo-graser\/\">apolut.net<\/a><\/span><\/p>\n<p>Der Beitrag ist auch als Audiopodcast verf\u00fcgbar:<\/p>\n<audio class=\"wp-audio-shortcode\" id=\"audio-22983-1\" preload=\"none\" style=\"width: 100%;\" controls=\"controls\"><source type=\"audio\/mpeg\" src=\"https:\/\/apolut.net\/content\/media\/2025\/09\/tagesdosis-20250924-apolut.mp3?_=1\" \/><a href=\"https:\/\/apolut.net\/content\/media\/2025\/09\/tagesdosis-20250924-apolut.mp3\">https:\/\/apolut.net\/content\/media\/2025\/09\/tagesdosis-20250924-apolut.mp3<\/a><\/audio>\n<p><span style=\"font-size: 10pt;\">Bereitgestellt von <a href=\"https:\/\/apolut.net\/auf-dem-weg-nach-gleiwitz-von-tilo-graser\/\" target=\"_blank\" rel=\"noopener\">apolut.net<\/a><\/span><br \/>\n<span style=\"font-size: 10pt;\"><a href=\"https:\/\/apolut.net\/content\/media\/2025\/09\/tagesdosis-20250924-apolut.mp3\" target=\"_blank\" rel=\"noopener\">Download<\/a><\/span><\/p>\n<p>Kann es sein, dass der kollektive Westen,\u00a0ob mit oder ohne US-F\u00fchrung, einen Krieg gegen Russland vorbereitet? Einen Krieg, f\u00fcr den ein Anlass geschaffen wird, wenn es soweit ist, wie einst beispielsweise mit dem Anschlag auf die USS \u201eMaine\u201c 1898, mit dem \u00dcberfall auf den Sender Gleiwitz 1939 oder dem Zwischenfall im Golf von Tonkin 1964? Mit diesen und anderen Vorf\u00e4llen wurden Kriege begr\u00fcndet \u2013 hinterher kam raus, dass sie gef\u00e4lscht beziehungsweise klassische False-Flag-Operationen waren. Aber da war es l\u00e4ngst zu sp\u00e4t, Millionen Menschen waren get\u00f6tet, millionenfaches Leid angerichtet und L\u00e4nder zerst\u00f6rt.<\/p>\n<p>Ich stellte mir diese Frage, nachdem ich mehrere ehemalige Milit\u00e4rs und Sicherheitsexperten h\u00f6rte, die vehement der von Regierungen von EU- und NATO-Staaten verbreiteten Behauptung widersprachen, Russland bereite in den n\u00e4chsten Jahren einen Angriff auf den Westen vor. Daf\u00fcr w\u00fcrden schon Pl\u00e4ne ausgearbeitet wie der \u201eOperationsplan Deutschland\u201c, \u00fcber den zwar manches zu <a href=\"https:\/\/www.berliner-zeitung.de\/politik-gesellschaft\/operationsplan-deutschland-was-berlin-im-krieg-droht-li.2357285?ref=apolut.net\" target=\"_blank\" rel=\"noopener noreferrer\">lesen<\/a> war, der aber geheim bleibt. Da werden gar Jahreszahlen genannt und sollen Milliarden ausgegeben werden, um \u201ekriegst\u00fcchtig\u201c zu werden \u2013 nat\u00fcrlich nur zur Verteidigung, um Russland abzuschrecken, hei\u00dft es.<\/p>\n<p>Davon reden regierende Politiker, sogenannte Milit\u00e4rexperten und mit den regierenden verbundene Mainstream-Journalisten. Ehemalige hochrangige westliche Offiziere\u00a0wie Harald Kujat oder Erich Vad und auch fr\u00fchere Au\u00dfenpolitiker wie Klaus von Dohnanyi oder G\u00fcnter Verheugen erkl\u00e4ren das dagegen f\u00fcr Unsinn. Eines ihrer Argumente ist, dass es keinerlei Aussagen von Russlands Pr\u00e4sident Wladimir Putin \u00fcber m\u00f6gliche Pl\u00e4ne f\u00fcr den Angriff auf den Westen gibt. Sie machen zum anderen darauf aufmerksam, Russland sei milit\u00e4risch dazu auch gar nicht in der Lage, was der langsame Vormarsch in der Ukraine zeige und das Kr\u00e4fteverh\u00e4ltnis mit der NATO in Westeuropa belege.<\/p>\n<p>Eine im Februar dieses Jahres ver\u00f6ffentlichte\u00a0<a href=\"https:\/\/www.greenpeace.de\/frieden\/kraeftevergleich-nato-russland?ref=apolut.net\" target=\"_blank\" rel=\"noopener noreferrer\">Studie<\/a> der Organisation Greenpeace fand heraus, dass \u201edie NATO in fast allen Dimensionen Russland \u00fcberlegen ist \u2013 und trotzdem weiter aufr\u00fcsten will\u201c. Danach h\u00e4tte Russland gar keine Chance, wenn in Moskau jemand auf die Idee k\u00e4me, den Westen angreifen zu wollen. Wenn dem so ist, wozu dann die angek\u00fcndigte milliardenschwere Aufr\u00fcstung? Wirklich nur, weil den Wirtschaftspolitikern des Westens nichts anderes einf\u00e4llt, um die selbst verursachte Wirtschaftskrise zu bew\u00e4ltigen und weil die R\u00fcstungsmilliarden der eigenen Bev\u00f6lkerung nur mit Hilfe der \u201erussischen Gefahr\u201c \u00fcbergeholfen werden k\u00f6nnen?<\/p>\n<p>Geschieht das wirklich nur, weil seit langem Angst\u00a0das bevorzugte Mittel der Herrschenden und M\u00e4chtigen im Westen ist, um die eigene Bev\u00f6lkerung unter Druck und Kontrolle zu halten? Oder steht dahinter, was noch immer hinter den Kriegen des Kapitalismus steckte: \u00dcberfall, um zu erobern und den Gegner zu zerst\u00f6ren, um ihn als Konkurrenten auszuschalten und sich seine Reicht\u00fcmer anzueignen zum eigenen Profit?<\/p>\n<h5>Anschwellende Kriegshysterie<\/h5>\n<p>Der westliche Unwille, den Ukraine-Krieg zu beenden,\u00a0bringt mich ebenso auf solche Gedanken, wie auch die aktuelle Hysterie um angebliche russische\u00a0<a href=\"https:\/\/www.dw.com\/de\/nato-reagiert-auf-vorfall-mit-drohnen-in-polen-russland-luftverteidigung-eastern-sentry-v2\/video-74068524?ref=apolut.net\" target=\"_blank\" rel=\"noopener noreferrer\">Drohnenangriffe<\/a>\u00a0auf Polen und\u00a0gemeldete angebliche <a href=\"https:\/\/www.tagesanzeiger.ch\/estland-russische-kampfjets-verletzen-nato-luftraum-300552186991?ref=apolut.net\" target=\"_blank\" rel=\"noopener noreferrer\">Zwischenf\u00e4lle<\/a>\u00a0mit russischen Kampfjets. Erst am Dienstag wurde <a href=\"https:\/\/www.ndr.de\/nachrichten\/mecklenburg-vorpommern\/alarmrotte-aus-laage-identifiziert-erneut-russische-maschine,laage-108.html?ref=apolut.net\" target=\"_blank\" rel=\"noopener noreferrer\">gemeldet<\/a>, dass eine Alarmrotte der Bundesluftwaffe aufgestiegen sei, weil eine russische Aufkl\u00e4rungsmaschine \u00fcber der Ostsee \u201enah am NATO-Luftraum\u201c gesichtet worden sei.<\/p>\n<p>Ebenfalls am Freitag hatte Estland Konsultationen nach Artikel 4 des Nato-Vertrags mit den Verb\u00fcndeten beantragt, nachdem es drei russische MiG-31-Flugzeuge \u00fcber der estnischen Insel Vaindloo gemeldet hatte. Auch die befanden sich laut Moskaus Dementi nach in internationalem Luftraum, was aber NATO-Politiker und -Medien nicht weiter k\u00fcmmert. Estland behauptet, die drei \u00dcberschall-Jets h\u00e4tten sich zw\u00f6lf Minuten in seinem Luftraum nahe der Insel aufgehalten.<\/p>\n<p>Daf\u00fcr wird auch das Ereignis genutzt, um die Kriegshysterie gegen Russland weiter anzufachen. Estlands Pr\u00e4sident Alar Karis bezeichnete die angebliche Luftraumverletzung als \u201eweitere Provokation\u201c Russlands. Ins selbe Horn stie\u00df nun Manuela Schwesig (SPD), die Ministerpr\u00e4sidentin von Mecklenburg-Vorpommern, die gegen\u00fcber der ARD von \u201eganz klaren Bedrohungen von Putin und Putins Russland gegen\u00fcber uns und gegen\u00fcber ganz Europa\u201c sprach.<\/p>\n<p>Warum Moskau mit solchen Vorf\u00e4llen, zu denen auch die angeblichen russischen Drohnen in Polen geh\u00f6ren, die NATO provozieren sollte, erkl\u00e4rt niemand von den westlichen Politikern und ihren medialen Lakaien. Wie sie auch nicht die Bev\u00f6lkerung dar\u00fcber aufkl\u00e4ren, warum der NATO-Luftraum so nah an Russland heranger\u00fcckt ist, so dass jederzeit die Gefahr einer versehentlichen Verletzung besteht. Zudem warnen die erw\u00e4hnten Ex-Milit\u00e4rs und fr\u00fcheren Au\u00dfenpolitiker seit langem davor, dass in der Atmosph\u00e4re der Konfrontation und in Folge des weiter gef\u00fchrten Krieges in der Ukraine ein unbeabsichtigter Zwischenfall zu fatalen Folgen f\u00fchren kann und Europa in einen gro\u00dfen Krieg f\u00fchren k\u00f6nnte.<\/p>\n<p>Die Reaktionen westlicher Politiker und Medien auf die angeblichen Vorf\u00e4lle, f\u00fcr die keine Beweise oder nicht nachpr\u00fcfbare Karten und Fotos vorgelegt werden, deuten darauf hin, dass eine Zuspitzung der Lage gewollt sein kann. Ginge es ihnen um eine Verringerung der Spannungen, w\u00fcrden sie anders reagieren und versuchen, mit Moskau zu sprechen \u2013 und vor allem wie die zunehmende Konfrontation im engen Ostseeraum zwischen NATO und Russland verringert werden k\u00f6nnte.<\/p>\n<h5>Konfliktzone Ostsee<\/h5>\n<p>Der russische Milit\u00e4rexperte Alexej Anpilogow <a href=\"https:\/\/vz.ru\/politics\/2025\/9\/21\/1361336.html?ref=apolut.net\" target=\"_blank\" rel=\"noopener noreferrer\">erkl\u00e4rte<\/a> gegen\u00fcber der russischen Zeitung <em>Wsgljad<\/em> zum von Estland gemeldeten \u201eZwischenfall\u201c, dass in der Zivilluftfahrt der festgelegte Flugkorridor f\u00fcr Flugzeuge zehn Kilometer betr\u00e4gt. Die neutralen Gew\u00e4sser (und der Luftraum) \u00fcber der Ostsee w\u00fcrden in diesem Abschnitt nur drei Kilometer betragen. Selbst wenn russische Kampfflugzeuge tats\u00e4chlich in den estnischen Luftraum eingedrungen seien, sehe das \u201ein jedem Fall wie ein Zufall aus, der beispielsweise mit starkem Wind zusammenh\u00e4ngt\u201c. Selbst auf der von den estnischen Beh\u00f6rden <a href=\"https:\/\/t.me\/vzglyad_ru\/128089?ref=apolut.net\" target=\"_blank\" rel=\"noopener noreferrer\">ver\u00f6ffentlichten<\/a> \u201eKarte der Verst\u00f6\u00dfe\u201d sei zu sehen, dass die Flugzeuge tangential in den estnischen Luftraum eindringen und nach Kaliningrad fliegen, also keineswegs tief in das estnische Hoheitsgebiet hinein. Deshalb k\u00f6nne nicht von einem \u201eAngriff\u201c oder einer \u201eInvasion&#8220; gesprochen werden.<\/p>\n<p>Bei Streitigkeiten oder Konflikten m\u00fcsse \u201ein einer ruhigen Atmosph\u00e4re ein bilateraler Ausschuss zur Untersuchung des Vorfalls einberufen werden\u201c, so der Experte. Doch Estland vertrete eine v\u00f6llig unkonstruktive Haltung und erhebe unbegr\u00fcndete Anschuldigungen, f\u00fcr die nicht einmal Radardaten vorgelegt worden seien.<\/p>\n<p>Das westliche B\u00fcndnis sieht die Ostsee als seinen Machtbereich und will Russlands Aktivit\u00e4ten dort einschr\u00e4nken, anscheinend mit allen Mitteln. Dabei sind es gerade die EU- und NATO-Staaten, die die Situation in der Ostsee eskalieren, zum Beispiel in dem sie Schiffe aufbringt, die von oder nach russischen H\u00e4fen unterwegs sind. Anpilogow sagte dazu:<\/p>\n<p style=\"padding-left: 40px;\">\u201eH\u00f6chstwahrscheinlich versucht die Europ\u00e4ische Union, den Boden f\u00fcr eine Ausweitung der Blockade der Region Kaliningrad sowie f\u00fcr eine Versch\u00e4rfung der Ma\u00dfnahmen gegen Schiffe unter der Flagge von Drittl\u00e4ndern, die unsere Energieressourcen transportieren, zu bereiten.\u201c<\/p>\n<p>Auf eine gewollte zunehmende Konfrontation deutet auch der Vorgang um den angeblich von Russland gest\u00f6rten GPS-Sender des Flugzeuges hin, mit dem die Pr\u00e4sidentin der EU-Kommission Ursula von der Leyen Anfang September nach Bulgarien flog. Die sogenannten Leitmedien <a href=\"https:\/\/www.tagesschau.de\/ausland\/europa\/leyen-flugzeug-gps-100.html?ref=apolut.net\" target=\"_blank\" rel=\"noopener noreferrer\">meldeten<\/a> am 1. September, das Flugzeug der EU-Kommissionspr\u00e4sidentin sei durch ein gest\u00f6rtes GPS-Signal \u201emutma\u00dflich\u201c von Russland gef\u00e4hrdet worden. Die <em>ARD<\/em> schrieb auf ihrer Webseite, das Flugzeug sei \u201emutma\u00dflich Ziel einer absichtlichen St\u00f6rung des satellitenbasierten Navigationssystems GPS durch Russland geworden\u201c. Das <a href=\"https:\/\/euractiv.de\/news\/eu-wirft-russland-stoerangriff-auf-von-der-leyens-flugzeug-vor\/?ref=apolut.net\" target=\"_blank\" rel=\"noopener noreferrer\">verk\u00fcndete<\/a> auch gleich die EU-Kommission. In der <em>Financial Times<\/em> wurde <a href=\"https:\/\/www.ft.com\/content\/8ade14ca-7aa1-4413-887b-59712037665c?ref=apolut.net\" target=\"_blank\" rel=\"noopener noreferrer\">behauptet<\/a>, dass von der Leyen erst mit einer Stunde Versp\u00e4tung und dank der analogen F\u00e4higkeiten des Piloten landen konnte \u2013 und alle \u201eLeitmedien\u201c plapperten es nach.<\/p>\n<p>Als ich das im Radio h\u00f6rte, habe ich gleich gedacht, dass es sich um eine sprichw\u00f6rtliche R\u00e4uberpistole handeln k\u00f6nnte. Und prompt <a href=\"https:\/\/x.com\/flightradar24\/status\/1962565122326700178?ref=apolut.net\" target=\"_blank\" rel=\"noopener noreferrer\">berichtete<\/a> der Flugbeobachtungsdienst <em>Flightradar24<\/em> am selben Tag auf der Plattform <em>X<\/em> zu dem angeblichen Vorfall:<\/p>\n<p style=\"padding-left: 40px;\">\u201eIn den Medien wird \u00fcber GPS-St\u00f6rungen berichtet, die das Flugzeug mit Ursula von der Leyen an Bord auf dem Weg nach Plovdiv in Bulgarien beeintr\u00e4chtigt haben sollen. Einige Berichte behaupten, dass das Flugzeug eine Stunde lang in einer Warteschleife gekreist sei.<\/p>\n<p>Das k\u00f6nnen wir aus unseren Daten ableiten.<\/p>\n<p>* Der Flug sollte 1 Stunde und 48 Minuten dauern. Er dauerte 1 Stunde und 57 Minuten.<br \/>\n* Der Transponder des Flugzeugs meldete vom Start bis zur Landung eine gute GPS-Signalqualit\u00e4t.\u201c<\/p>\n<p>Selbst die bulgarische Regierung, auf die sich die EU-Kommission bei ihrer Meldung von einem russischen elektronischen Angriff berufen hatte, ruderte nur wenige Tage sp\u00e4ter zur\u00fcck. Der bulgarische Ministerpr\u00e4sident Rosen Zhelyazkov <a href=\"https:\/\/de.euronews.com\/my-europe\/2025\/09\/04\/bulgarien-rudert-zuruck-doch-kein-gps-angriff-auf-von-der-leyens-flugzeug?ref=apolut.net\" target=\"_blank\" rel=\"noopener noreferrer\">erkl\u00e4rte<\/a> laut dem Sender <em>EuroNews<\/em> vier Tage nach dem Vorfall vor dem Parlament, dass von der Leyens Flugzeug keine &#8222;anhaltende Interferenz oder St\u00f6rung&#8220; erfahren habe. Auch andere Regierungsmitglieder widersprachen den Behauptungen der EU-Kommission, sie h\u00e4tten eine von Russland verursachte St\u00f6rung gemeldet.<\/p>\n<h5>Waffenbruder Schweiz<\/h5>\n<p>Von den deutschen Mainstream-Medien, die ohne irgendeinen Beweis heftig \u00fcber einen m\u00f6glichen russischen Angriff auf die deutsche EU-Politikerin spekulierten, war die Korrektur kaum zu h\u00f6ren oder zu lesen. Am Ende ist der angebliche russische Angriff auf das Flugzeug mit der EU-Kommissionspr\u00e4sidentin ein weiteres Beispiel f\u00fcr den gef\u00e4hrlichen <a href=\"https:\/\/apolut.net\/wahrheitsleugnerin-ursula-von-der-leyen-auf-gefahrlichem-kurs-von-tilo-graser\/\" rel=\"noreferrer\">Kurs<\/a> in Richtung Krieg, auf den von der Leyen die EU f\u00fchrt. Er ist auch ein Beleg f\u00fcr das Niveau, auf dem sich die EU-Politik bewegt \u2013 und auf dem sie bleibt, wie die j\u00fcngsten kriegshysterischen Ausbr\u00fcche wegen angeblicher russischer Luftraumverletzungen zeigen.<\/p>\n<p>Hinzu kommt etwas, was auf langfristige Pl\u00e4ne im Westen hindeutet: Selbst die Schweiz scheint sich mit der NATO, mit der sie bereits eng zusammenarbeitet, auf einen solchen Krieg vorzubereiten. Da erkl\u00e4rte der scheidende Kommandant der Schweizer Luftwaffe,\u00a0Peter Merz, k\u00fcrzlich in einem\u00a0<a href=\"https:\/\/archive.ph\/fClHK?ref=apolut.net\" target=\"_blank\" rel=\"noopener noreferrer\">Interview<\/a>\u00a0allen Ernstes zum Kauf der\u00a0<a href=\"https:\/\/www.textstelle.news\/2021\/10\/20\/f-35-als-trojanisches-pferd-in-den-alpen-schweiz\/?ref=apolut.net\" target=\"_blank\" rel=\"noopener noreferrer\">\u00fcberteuerten<\/a>\u00a0und f\u00fcr Schweizer Bed\u00fcrfnisse \u00fcberdimensionierten US-Kampfjets F-35, die nicht nur als Luftpolizei eingesetzt werden sollen:<\/p>\n<p style=\"padding-left: 40px;\">\u201eAngriff ist die beste Verteidigung. Wer im Fussball nicht angreift, kommt h\u00f6chstens auf ein 0:0.\u201c<\/p>\n<p>Und dabei verweist Merz \u2013 ein anscheinend unheilvoller Name\u00a0\u2013 auf die Ukraine und dass diese Russland in der Tiefe angreifen m\u00f6chte. Nein, das ist kein Versehen, sondern steht f\u00fcr das Denken der Herrschenden im Westen und ihrer politischen, milit\u00e4rischen und auch medialen Diener. Sie haben Russland seit langem im Visier, vernebeln ihr Ziele mit L\u00fcge und Propaganda, und wenn sie den Zeitpunkt f\u00fcr gekommen halten, werden sie es mit ihrer tats\u00e4chlichen oder eingebildeten \u00dcberlegenheit angreifen und daf\u00fcr einen Vorwand geschaffen haben.<\/p>\n<h5>Anhaltende Kriegstreiberei<\/h5>\n<p>Die Ukraine hat mit all dem zu tun, will sie doch seit langem, dass die NATO direkt in den Krieg gegen Russland eintritt. Daf\u00fcr wird notfalls auch ein Vorwand geschaffen, wie es anscheinend schon mehrmals versucht wurde. Dabei wird sie von den Politikern und Medien der selbsternannten \u201eKoalition der Willigen\u201c unterst\u00fctzt, die den Krieg in der Ukraine so lang fortsetzen wollen, bis Russland doch noch ruiniert ist. Davon k\u00fcnden auch die j\u00fcngsten Aussagen des Bundeskanzlers Friedrich Merz (CDU), der in gef\u00e4hrlicher Weise Kriegshetze betreibt anstatt gem\u00e4\u00df seines Amtseides Wege zum Frieden zu suchen und zu er\u00f6ffnen.<\/p>\n<p>Von den westlichen Politikern, vor allen denen Westeuropas, kommen bis heute keine ernsthaften Vorschl\u00e4ge, die helfen k\u00f6nnten, den Ukraine-Krieg zu beenden und die Ursachen daf\u00fcr zu beseitigen. Zu Letzteren geh\u00f6rt die Missachtung der russischen Sicherheitsinteressen, angefangen bei der NATO-Osterweiterung. Stattdessen wird weiter eskaliert, verbal und zunehmend auch milit\u00e4risch, anstatt alles daf\u00fcr zu tun, einen Kriegsausbruch infolge eines m\u00f6glichen Zwischenfalls zu verhindern. Ein wichtiger Schritt dazu w\u00e4re, mit Russland Gespr\u00e4che und Verhandlungen aufzunehmen. Stattdessen kommen Drohungen und Aufr\u00fcstung, verbunden mit einer nicht enden wollenden Kriegshetze und Russophobie.<\/p>\n<p>\u201eEs wird so viele \u201aLuftraumverletzungen\u2018 geben, wie erforderlich sind, um nach Gleiwitz zu kommen\u201c, kommentierte ein Nutzer auf der Plattform <em>Telegram<\/em> die westliche Hysterie. Auf der Plattform <em>X<\/em> <a href=\"https:\/\/x.com\/DrLuetke\/status\/1969476720731226308?ref=apolut.net\" target=\"_blank\" rel=\"noopener noreferrer\">schrieb<\/a> ein anderer:<\/p>\n<p style=\"padding-left: 40px;\">\u201eVorletzte Woche: \u201aRussischer GPS St\u00f6rangriff\u2018 = FAKE!<br \/>\nLetzte Woche: \u201aRussische Shahed Drohnen\u2018 = FAKE!<br \/>\nDiese Woche: \u201aRussische Luftraumverletzung\u2018 = ???<br \/>\nEs geht nicht um Fakten, es geht um die Vorbereitung eines Kriegsgrunds.\u201c<\/p>\n<h5>Massive Drohungen<\/h5>\n<p>Schon droht Polens Regierung damit, russische Flugzeuge abzuschie\u00dfen, wie unter anderem das russische Portal <em>RT DE<\/em> <a href=\"https:\/\/test.rtde.tech\/europa\/256811-sie-sind-gewarnt-polen-droht\/?ref=apolut.net\" target=\"_blank\" rel=\"noopener noreferrer\">meldet<\/a>. Solche Vorschl\u00e4ge kommen auch aus den Reihen der CDU\/CSU-Bundestagsfraktion, deren au\u00dfenpolitischer Sprecher J\u00fcrgen Hardt <a href=\"https:\/\/www.focus.de\/politik\/ausland\/bis-hin-zum-abschuss-russischer-kampfjets-union-fordert-klare-nato-antwort_c4da2907-93cc-41aa-9f61-466b280e0d28.html?ref=apolut.net\" target=\"_blank\" rel=\"noopener noreferrer\">forderte<\/a>, \u201emilit\u00e4rische Grenzverletzungen mit milit\u00e4rischen Mitteln\u201c zu beantworten, \u201ebis hin zum Abschuss russischer Kampfjets \u00fcber Nato-Gebiet\u201c. Das Kriegstreiber-Organ <em>Frankfurter Allgemeine Zeitung<\/em> <a href=\"https:\/\/www.faz.net\/aktuell\/politik\/ausland\/russische-flugzeuge-in-nato-luftraum-das-naechste-mal-abschuss-accg-110696709.html?ref=apolut.net\" target=\"_blank\" rel=\"noopener noreferrer\">titelte<\/a> bereits in seiner Online-Ausgabe: \u201eDas n\u00e4chste Mal: Abschuss\u201c.<\/p>\n<p>Inzwischen meldete auch D\u00e4nemark einen vermeintlichen Drohnenvorfall und sperrte den Luftraum \u00fcber dem Flughafen Kopenhagen. Die d\u00e4nische Ministerpr\u00e4sidentin Mette Friederiksen sprach den <a href=\"https:\/\/www.spiegel.de\/ausland\/drohnen-ueber-kopenhagen-und-oslo-was-ueber-die-vorfaelle-an-den-flughaefen-bekannt-ist-a-2e3120ed-5148-49ae-b039-ab26f57f4622?ref=apolut.net\" target=\"_blank\" rel=\"noopener noreferrer\">Meldungen<\/a> zufolge vom \u201ebislang schwerwiegendsten Angriff auf die kritische Infrastruktur D\u00e4nemarks\u201c. Thomas R\u00f6per hat in einem <a href=\"https:\/\/anti-spiegel.ru\/2025\/warum-offensichtlich-ist-dass-die-medienkampagne-ueber-drohnenvorfaelle-die-menschen-in-europa-auf-einen-krieg-mit-russland-vorbereiten-soll\/?ref=apolut.net\" target=\"_blank\" rel=\"noopener noreferrer\">Beitrag<\/a> in seinem Online-Magazin <em>Anti-Spiegel<\/em> am Dienstag den Vorfall analysiert und zeigt, \u201ewarum das reine Panikmache und die Vorbereitung der \u00d6ffentlichkeit auf einen Krieg gegen Russland ist\u201c.<\/p>\n<p>R\u00f6per schreibt:<\/p>\n<p style=\"padding-left: 40px;\">\u201eWas wir hier erleben, ist klassische Kriegspropaganda nach dem Lehrbuch, mit der die Menschen auf einen kommenden Krieg gegen Russland eingeschworen werden sollen. Dar\u00fcber habe ich bereits <a href=\"https:\/\/anti-spiegel.ru\/2025\/was-hat-es-mit-all-den-luftraumverletzungen-auf-sich\/?ref=apolut.net\" target=\"_blank\" rel=\"noopener noreferrer\">berichtet<\/a>, aber ich wiederhole es hier noch einmal, weil die derzeitige mediale Hysterie zeigt, dass man daran erinnern muss.\u201c<\/p>\n<p>Und w\u00e4hrend Bundeswehr-Kampfjets russische Flugzeuge \u00fcber der Ostsee abfangen, \u00fcbt die Bundeswehr im Rahmen ihres Gro\u00dfman\u00f6vers Quadriga dort einen m\u00f6glichen Krieg gegen Russland. Darauf macht das au\u00dfenpolitische Magazin <em>German Foreign Policy<\/em> (<em>GFP<\/em>) in einem aktuellen <a href=\"https:\/\/www.german-foreign-policy.com\/news\/detail\/10127?ref=apolut.net\" target=\"_blank\" rel=\"noopener noreferrer\">Beitrag<\/a> aufmerksam. An der \u00fcber mehrere Wochen dauernden \u00dcbung seien Soldaten aus mehreren NATO-Staaten beteiligt. Diese trainieren demnach unter deutscher F\u00fchrung in einer Reihe miteinander verkn\u00fcpfter Einzelman\u00f6ver offiziell noch bis Ende September die Verlegung ins Baltikum und die Kriegsf\u00fchrung dort. Verantwortlich f\u00fcr Planung und Umsetzung des Man\u00f6vers ist laut <em>GFP<\/em> das Marinekommando in Rostock. Neben dem \u201estrategische[n] Seetransport von Landstreitkr\u00e4ften nach Litauen\u201c trainiere die Bundeswehr nach eigenen Angaben erstmals auch das Eskortieren ziviler Handelsschiffe.<\/p>\n<p style=\"padding-left: 40px;\">\u201eMultinationale Marineeinheiten sammelten sich dabei laut der Bundeswehr zun\u00e4chst in Kiel, um dann unter deutschem Kommando gemeinsam auf die Ostsee auszulaufen \u2013 ausrechnet am 1. September, dem Jahrestag des deutschen \u00dcberfalls auf Polen 1939.\u201c<\/p>\n<p>Es bleibt die Frage, wer die gef\u00e4hrliche Politik des Westens und vor allem bestimmter Regierungen in Westeuropa, einschlie\u00dflich der deutschen, stoppt. Wer kann die immer schnellere Fahrt in Richtung Gleiwitz aufhalten?<\/p>\n<p style=\"text-align: right;\"><em>Tilo Gr\u00e4ser ist diplomierter Journalist und Mitglied des Deutschen Freidenker-Verbandes<\/em><\/p>\n<hr \/>\n<p><span style=\"font-size: 10pt;\">Bild oben: Gliwice, Komplex der Geb\u00e4ude des ehemaligen Radiosenders Gleiwitz aus den Jahren 1934\u20131936. Aufnahme von 2014<\/span><br \/>\n<span style=\"font-size: 10pt;\">Foto: By Ebielmaj, <a href=\"https:\/\/creativecommons.org\/licenses\/by-sa\/3.0\/pl\/deed.en\">CC BY-SA 3.0 pl<\/a><\/span><br \/>\n<span style=\"font-size: 10pt;\">Quelle: <a href=\"https:\/\/commons.wikimedia.org\/w\/index.php?curid=35661843\" target=\"_blank\" rel=\"noopener\">https:\/\/commons.wikimedia.org\/w\/index.php?curid=35661843<\/a><\/span><\/p>\n","protected":false},"excerpt":{"rendered":"<p><b>Politik und Medien im Westen heizen die Kriegshysterie an<\/b><br \/>\n<b>Kommentar von Tilo Gr\u00e4ser<\/b><br \/>\nKann es sein, dass der kollektive Westen,\u00a0ob mit oder ohne US-F\u00fchrung, einen Krieg gegen Russland vorbereitet? Einen Krieg, f\u00fcr den ein Anlass geschaffen wird, wenn es soweit ist, wie einst beispielsweise mit dem Anschlag auf die USS \u201eMaine\u201c 1898, mit dem \u00dcberfall auf den Sender Gleiwitz 1939 oder dem Zwischenfall im Golf von Tonkin 1964? Mit diesen und anderen Vorf\u00e4llen wurden Kriege begr\u00fcndet \u2013 hinterher kam raus, dass sie gef\u00e4lscht beziehungsweise klassische False-Flag-Operationen waren. Aber da war es l\u00e4ngst zu sp\u00e4t, Millionen Menschen waren get\u00f6tet, millionenfaches Leid angerichtet und L\u00e4nder zerst\u00f6rt. Ich stellte mir diese Frage, nachdem ich mehrere ehemalige Milit\u00e4rs und Sicherheitsexperten h\u00f6rte, die vehement der von Regierungen von EU- und NATO-Staaten verbreiteten Behauptung widersprachen, Russland bereite in den n\u00e4chsten Jahren einen Angriff auf den Westen vor.<\/p>\n","protected":false},"author":3,"featured_media":22997,"comment_status":"closed","ping_status":"closed","sticky":false,"template":"","format":"standard","meta":{"colormag_page_container_layout":"default_layout","colormag_page_sidebar_layout":"default_layout","advanced_seo_description":"","jetpack_seo_html_title":"","jetpack_seo_noindex":false,"jetpack_post_was_ever_published":false,"footnotes":""},"categories":[12],"tags":[648,1398,2396,2568,2791,188,2186,1491,2440,121,56,124,222,1632],"class_list":["post-22983","post","type-post","status-publish","format-standard","has-post-thumbnail","hentry","category-demokratie-medien-aufklaerung","tag-2-weltkrieg","tag-aufruestung","tag-drohnen","tag-drohung","tag-hysterie","tag-krieg","tag-kriegshetze","tag-kriegstreiberei","tag-kriegstuechtigkeit","tag-medien","tag-nato","tag-politik","tag-russland","tag-von-der-leyen"],"jetpack_featured_media_url":"https:\/\/i0.wp.com\/www.freidenker.org\/fw17\/wp-content\/uploads\/2025\/09\/Spokojne_miejsce_06_800x450.jpg?fit=800%2C450&ssl=1","jetpack_shortlink":"https:\/\/wp.me\/p9stpK-5YH","jetpack-related-posts":[{"id":22432,"url":"https:\/\/www.freidenker.org\/?p=22432","url_meta":{"origin":22983,"position":0},"title":"Lichtblick im Dunkel der Kriegshetze gegen Russland","author":"Webredaktion","date":"25. Juli 2025","format":false,"excerpt":"Buch \u201eMit Russland \u2013 F\u00fcr einen Politikwechsel\u201c vorgestellt Kommentar von Tilo Gr\u00e4ser. Was f\u00fcr eine Kakophonie der Kriegshetze und Aufr\u00fcstung, die anscheinend nicht endet: Die Bundesrepublik Deutschland, Gro\u00dfbritannien und Frankreich wollen ihre Zusammenarbeit im \u201eVerteidigung\u201c genannten Bereich der Aufr\u00fcstung und Militarisierung ausbauen. [...] Zuvor hatten Frankreich und Gro\u00dfbritannien sich ebenfalls\u2026","rel":"","context":"In &quot;Demokratie \u2013 Medien \u2013 Aufkl\u00e4rung&quot;","block_context":{"text":"Demokratie \u2013 Medien \u2013 Aufkl\u00e4rung","link":"https:\/\/www.freidenker.org\/?cat=12"},"img":{"alt_text":"","src":"https:\/\/i0.wp.com\/www.freidenker.org\/fw17\/wp-content\/uploads\/2025\/07\/politikwechsel_800x450.jpg?fit=800%2C450&ssl=1&resize=350%2C200","width":350,"height":200,"srcset":"https:\/\/i0.wp.com\/www.freidenker.org\/fw17\/wp-content\/uploads\/2025\/07\/politikwechsel_800x450.jpg?fit=800%2C450&ssl=1&resize=350%2C200 1x, https:\/\/i0.wp.com\/www.freidenker.org\/fw17\/wp-content\/uploads\/2025\/07\/politikwechsel_800x450.jpg?fit=800%2C450&ssl=1&resize=525%2C300 1.5x, https:\/\/i0.wp.com\/www.freidenker.org\/fw17\/wp-content\/uploads\/2025\/07\/politikwechsel_800x450.jpg?fit=800%2C450&ssl=1&resize=700%2C400 2x"},"classes":[]},{"id":24270,"url":"https:\/\/www.freidenker.org\/?p=24270","url_meta":{"origin":22983,"position":1},"title":"Wird Russland Deutschland mit Atomwaffen bestrafen?","author":"Webredaktion","date":"23. Januar 2026","format":false,"excerpt":"Kommentar von Tilo Gr\u00e4ser.\u00a0 Deutschland und Gro\u00dfbritannien sind \u201evorrangige Ziele\u201c f\u00fcr einen russischen Atomwaffeneinsatz, meint der russische Historiker und einflussreiche Politikwissenschaftler Sergej Karaganow. \u201eDeutschland sollte an erster Stelle stehen, denn Deutschland ist die Quelle des Schlimmsten in der Geschichte Europas.\u201c Das erkl\u00e4rte er in einem k\u00fcrzlich ver\u00f6ffentlichten Interview mit dem\u2026","rel":"","context":"In &quot;Demokratie \u2013 Medien \u2013 Aufkl\u00e4rung&quot;","block_context":{"text":"Demokratie \u2013 Medien \u2013 Aufkl\u00e4rung","link":"https:\/\/www.freidenker.org\/?cat=12"},"img":{"alt_text":"","src":"https:\/\/i0.wp.com\/www.freidenker.org\/fw17\/wp-content\/uploads\/2026\/01\/Atomraketen_ki_800x450.jpg?fit=800%2C450&ssl=1&resize=350%2C200","width":350,"height":200,"srcset":"https:\/\/i0.wp.com\/www.freidenker.org\/fw17\/wp-content\/uploads\/2026\/01\/Atomraketen_ki_800x450.jpg?fit=800%2C450&ssl=1&resize=350%2C200 1x, https:\/\/i0.wp.com\/www.freidenker.org\/fw17\/wp-content\/uploads\/2026\/01\/Atomraketen_ki_800x450.jpg?fit=800%2C450&ssl=1&resize=525%2C300 1.5x, https:\/\/i0.wp.com\/www.freidenker.org\/fw17\/wp-content\/uploads\/2026\/01\/Atomraketen_ki_800x450.jpg?fit=800%2C450&ssl=1&resize=700%2C400 2x"},"classes":[]},{"id":22503,"url":"https:\/\/www.freidenker.org\/?p=22503","url_meta":{"origin":22983,"position":2},"title":"\u201eHirntote\u201c f\u00fchren Europa in die Katastrophe","author":"Webredaktion","date":"1. August 2025","format":false,"excerpt":"Im US-Interesse: Kapitulation und Kriegskurs der EU Kommentar von Tilo Gr\u00e4ser Trumps Zoll-Dampfwalze hat die Europ\u00e4ische Union (EU) \u00fcberrollt \u2013 weil diese zuvor bereits kapituliert hat. So hat die Zeitung Financial Times die Vorg\u00e4nge um den \u201eDeal\u201c zu den Zollschranken beschrieben, den US-Pr\u00e4sident Donald Trump und EU-Kommissionspr\u00e4sidentin Ursula von der\u2026","rel":"","context":"In &quot;Demokratie \u2013 Medien \u2013 Aufkl\u00e4rung&quot;","block_context":{"text":"Demokratie \u2013 Medien \u2013 Aufkl\u00e4rung","link":"https:\/\/www.freidenker.org\/?cat=12"},"img":{"alt_text":"","src":"https:\/\/i0.wp.com\/www.freidenker.org\/fw17\/wp-content\/uploads\/2025\/08\/ki-Raketenwerfer_800x450.jpg?fit=800%2C450&ssl=1&resize=350%2C200","width":350,"height":200,"srcset":"https:\/\/i0.wp.com\/www.freidenker.org\/fw17\/wp-content\/uploads\/2025\/08\/ki-Raketenwerfer_800x450.jpg?fit=800%2C450&ssl=1&resize=350%2C200 1x, https:\/\/i0.wp.com\/www.freidenker.org\/fw17\/wp-content\/uploads\/2025\/08\/ki-Raketenwerfer_800x450.jpg?fit=800%2C450&ssl=1&resize=525%2C300 1.5x, https:\/\/i0.wp.com\/www.freidenker.org\/fw17\/wp-content\/uploads\/2025\/08\/ki-Raketenwerfer_800x450.jpg?fit=800%2C450&ssl=1&resize=700%2C400 2x"},"classes":[]},{"id":22594,"url":"https:\/\/www.freidenker.org\/?p=22594","url_meta":{"origin":22983,"position":3},"title":"Ein gef\u00e4hrlicher Traum und ein Weckruf","author":"Webredaktion","date":"11. August 2025","format":false,"excerpt":"Eine EU-Denkfabrik will wie einst die USA im Kalten Krieg den Kreml \u201eentmachten\u201c Ein Kommentar von Tilo Gr\u00e4ser Das US-Au\u00dfenministerium, das State Department, \u201eist zu dem Schluss gelangt, dass das Einzige, was wir tun k\u00f6nnen, darin besteht, Russland \u201ain seine Schranken zu verweisen\u2018, bis Russland sich \u00e4ndert, nicht mehr unser\u2026","rel":"","context":"In &quot;Demokratie \u2013 Medien \u2013 Aufkl\u00e4rung&quot;","block_context":{"text":"Demokratie \u2013 Medien \u2013 Aufkl\u00e4rung","link":"https:\/\/www.freidenker.org\/?cat=12"},"img":{"alt_text":"","src":"https:\/\/i0.wp.com\/www.freidenker.org\/fw17\/wp-content\/uploads\/2025\/08\/russland-farben-wellenbanner_cc-by-20_800x450.jpg?fit=800%2C450&ssl=1&resize=350%2C200","width":350,"height":200,"srcset":"https:\/\/i0.wp.com\/www.freidenker.org\/fw17\/wp-content\/uploads\/2025\/08\/russland-farben-wellenbanner_cc-by-20_800x450.jpg?fit=800%2C450&ssl=1&resize=350%2C200 1x, https:\/\/i0.wp.com\/www.freidenker.org\/fw17\/wp-content\/uploads\/2025\/08\/russland-farben-wellenbanner_cc-by-20_800x450.jpg?fit=800%2C450&ssl=1&resize=525%2C300 1.5x, https:\/\/i0.wp.com\/www.freidenker.org\/fw17\/wp-content\/uploads\/2025\/08\/russland-farben-wellenbanner_cc-by-20_800x450.jpg?fit=800%2C450&ssl=1&resize=700%2C400 2x"},"classes":[]},{"id":24554,"url":"https:\/\/www.freidenker.org\/?p=24554","url_meta":{"origin":22983,"position":4},"title":"Ukraine-Krieg: Ausbleibender Frieden und Deutschlands Mitverantwortung","author":"Webredaktion","date":"9. M\u00e4rz 2026","format":false,"excerpt":"Kommentar von Tilo Gr\u00e4ser Am 24. Februar j\u00e4hrte sich zum vierten Mal der Einmarsch der russischen Armee mit sch\u00e4tzungsweise 150.000 Mann ins Nachbarland Ukraine. Aus dem jahrelangen Konflikt in und um das Land wurde ein Krieg, bei dem inzwischen beide Seiten mehrere Hunderttausend Soldaten einsetzen sowie viele ihr Leben lie\u00dfen.\u2026","rel":"","context":"In &quot;Frieden - Antifaschismus - Solidarit\u00e4t&quot;","block_context":{"text":"Frieden - Antifaschismus - Solidarit\u00e4t","link":"https:\/\/www.freidenker.org\/?cat=13"},"img":{"alt_text":"","src":"https:\/\/i0.wp.com\/www.freidenker.org\/fw17\/wp-content\/uploads\/2026\/03\/Soldier_of_the_Ukrainian_800x450.jpg?fit=800%2C450&ssl=1&resize=350%2C200","width":350,"height":200,"srcset":"https:\/\/i0.wp.com\/www.freidenker.org\/fw17\/wp-content\/uploads\/2026\/03\/Soldier_of_the_Ukrainian_800x450.jpg?fit=800%2C450&ssl=1&resize=350%2C200 1x, https:\/\/i0.wp.com\/www.freidenker.org\/fw17\/wp-content\/uploads\/2026\/03\/Soldier_of_the_Ukrainian_800x450.jpg?fit=800%2C450&ssl=1&resize=525%2C300 1.5x, https:\/\/i0.wp.com\/www.freidenker.org\/fw17\/wp-content\/uploads\/2026\/03\/Soldier_of_the_Ukrainian_800x450.jpg?fit=800%2C450&ssl=1&resize=700%2C400 2x"},"classes":[]},{"id":22912,"url":"https:\/\/www.freidenker.org\/?p=22912","url_meta":{"origin":22983,"position":5},"title":"Medienkampagne \u00fcber Drohnenvorf\u00e4lle soll auf einen Krieg mit Russland vorbereiten","author":"Webredaktion","date":"24. September 2025","format":false,"excerpt":"Beitrag von Anti-Spiegel (d.i. Thomas R\u00f6per) Warum offensichtlich ist, dass die Medienkampagne \u00fcber Drohnenvorf\u00e4lle die Menschen in Europa auf einen Krieg mit Russland vorbereiten soll Die Meldungen aus D\u00e4nemark klingen dramatisch. Der Flughafen von Kopenhagen musste stundenlang gesperrt werden, weil dort Drohnen gesichtet wurden. Die d\u00e4nische Ministerpr\u00e4sidentin spricht von einem\u2026","rel":"","context":"In &quot;Demokratie \u2013 Medien \u2013 Aufkl\u00e4rung&quot;","block_context":{"text":"Demokratie \u2013 Medien \u2013 Aufkl\u00e4rung","link":"https:\/\/www.freidenker.org\/?cat=12"},"img":{"alt_text":"","src":"https:\/\/i0.wp.com\/www.freidenker.org\/fw17\/wp-content\/uploads\/2025\/09\/eu-evil1_800x450.jpg?fit=800%2C450&ssl=1&resize=350%2C200","width":350,"height":200,"srcset":"https:\/\/i0.wp.com\/www.freidenker.org\/fw17\/wp-content\/uploads\/2025\/09\/eu-evil1_800x450.jpg?fit=800%2C450&ssl=1&resize=350%2C200 1x, https:\/\/i0.wp.com\/www.freidenker.org\/fw17\/wp-content\/uploads\/2025\/09\/eu-evil1_800x450.jpg?fit=800%2C450&ssl=1&resize=525%2C300 1.5x, https:\/\/i0.wp.com\/www.freidenker.org\/fw17\/wp-content\/uploads\/2025\/09\/eu-evil1_800x450.jpg?fit=800%2C450&ssl=1&resize=700%2C400 2x"},"classes":[]}],"_links":{"self":[{"href":"https:\/\/www.freidenker.org\/index.php?rest_route=\/wp\/v2\/posts\/22983","targetHints":{"allow":["GET"]}}],"collection":[{"href":"https:\/\/www.freidenker.org\/index.php?rest_route=\/wp\/v2\/posts"}],"about":[{"href":"https:\/\/www.freidenker.org\/index.php?rest_route=\/wp\/v2\/types\/post"}],"author":[{"embeddable":true,"href":"https:\/\/www.freidenker.org\/index.php?rest_route=\/wp\/v2\/users\/3"}],"replies":[{"embeddable":true,"href":"https:\/\/www.freidenker.org\/index.php?rest_route=%2Fwp%2Fv2%2Fcomments&post=22983"}],"version-history":[{"count":2,"href":"https:\/\/www.freidenker.org\/index.php?rest_route=\/wp\/v2\/posts\/22983\/revisions"}],"predecessor-version":[{"id":22998,"href":"https:\/\/www.freidenker.org\/index.php?rest_route=\/wp\/v2\/posts\/22983\/revisions\/22998"}],"wp:featuredmedia":[{"embeddable":true,"href":"https:\/\/www.freidenker.org\/index.php?rest_route=\/wp\/v2\/media\/22997"}],"wp:attachment":[{"href":"https:\/\/www.freidenker.org\/index.php?rest_route=%2Fwp%2Fv2%2Fmedia&parent=22983"}],"wp:term":[{"taxonomy":"category","embeddable":true,"href":"https:\/\/www.freidenker.org\/index.php?rest_route=%2Fwp%2Fv2%2Fcategories&post=22983"},{"taxonomy":"post_tag","embeddable":true,"href":"https:\/\/www.freidenker.org\/index.php?rest_route=%2Fwp%2Fv2%2Ftags&post=22983"}],"curies":[{"name":"wp","href":"https:\/\/api.w.org\/{rel}","templated":true}]}}