{"id":22981,"date":"2025-09-29T22:57:03","date_gmt":"2025-09-29T20:57:03","guid":{"rendered":"https:\/\/www.freidenker.org\/?p=22981"},"modified":"2025-10-15T20:57:20","modified_gmt":"2025-10-15T18:57:20","slug":"die-nato-macht-mobil","status":"publish","type":"post","link":"https:\/\/www.freidenker.org\/?p=22981","title":{"rendered":"Die NATO macht mobil"},"content":{"rendered":"<p><a id=\"top\"><\/a>Rund vier Wochen lang hat der in St. Petersburg wohnende deutsche Journalist <strong><em>Thomas R\u00f6per<\/em> <\/strong>(mit Einreiseverbot in die EU) die \u201eZwischenf\u00e4lle\u201c zusammengetragen und ausgewertet, die uns von den Medien t\u00e4glich pr\u00e4sentiert werden: Luftraumverletzungen, Drohnen, St\u00f6rungen des Funkverkehrs, besch\u00e4digte Unterwasserkabel, Eindringen in Hoheitsgew\u00e4sser und dergleichen mehr. Sie werden auf Wahrheitsgehalt und Plausibilit\u00e4t abgeklopft, mit dem wenig \u00fcberraschenden Ergebnis: Der Bev\u00f6lkerung in den NATO-Staaten soll die L\u00fcge einer Bedrohung durch Russland in die K\u00f6pfe geh\u00e4mmert werden, w\u00e4hrend die NATO damit den eigenen massiven Milit\u00e4raufmarsch an der russischen Grenze rechtfertigen will.<\/p>\n<p><strong>Die Stationen von Thomas\u2018 Untersuchung:<\/strong><\/p>\n<ol>\n<li>Eine \u00fcber Estland abgest\u00fcrzte Drohne kam aus der Ukraine und geh\u00f6rte offenbar zu jenem Drohnenverband, der zeitgleich St. Petersburg angriff. Darf die Ukraine den Luftraum Polens und der baltischen Staaten f\u00fcr Angriffe auf Russland nutzen?<\/li>\n<li>Die 19 Drohnen im polnischen Luftraum werden als \u201erussisch\u201c klassifiziert, obwohl deren Reichweite von der russischen Frontlinie nicht bis Polen reicht.<\/li>\n<li>Der Dachschaden eines polnischen Hauses stammte nicht von einer russischen Drohne, sondern von einem ungeschickten, missgl\u00fcckten Abschussversuch der polnischen Luftabwehr.<\/li>\n<li>Unbewiesene Luftraumverletzung durch russische Flugzeuge, aber reale, v\u00f6lkerrechtswidrige Kaperung von Handelsschiffen in der Ostsee durch NATO-Staaten.<\/li>\n<li>Nach Mission Baltic Sentry (\u201eBaltischer W\u00e4chter\u201d) setzt die NATO noch einen Eastern Sentry drauf: die dauerhafte Entsendung neuer Land-, See- und Luftstreitkr\u00e4fte an die russische Grenze. Mit der Stationierung atomwaffentragender Kampfflugzeuge schafft die NATO eine permanente nukleare Bedrohung direkt an der Grenze zur Russischen F\u00f6deration.<\/li>\n<\/ol>\n<p style=\"text-align: right;\"><em>Webredaktion<\/em><\/p>\n<hr \/>\n<p><strong>Navigation<\/strong><br \/>\n\u2193 <a href=\"#artikel1\">1. Ukrainische Kamikazedrohne \u00fcber Estland abgest\u00fcrzt<\/a><br \/>\n\u2193 <a href=\"#artikel2\">2. Der Drohnenvorfall \u00fcber Polen wurde zum Vorwand f\u00fcr massive Truppenverlegungen der NATO<\/a><br \/>\n\u2193 <a href=\"#artikel3\">3. Wie ein polnisches Dorf von einer polnischen Rakete getroffen wurde<\/a><br \/>\n\u2193 <a href=\"#artikel4\">4. Was hat es mit all den Luftraumverletzungen auf sich?<\/a><br \/>\n\u2193 <a href=\"#artikel5\">5. Was hinter der NATO-Mission \u201eEastern Sentry\u201c in Osteuropa steckt<\/a><\/p>\n<hr \/>\n<h5><strong><a id=\"artikel1\"><\/a>Offiziell best\u00e4tigt<\/strong><\/h5>\n<h3>Ukrainische Kamikazedrohne \u00fcber Estland abgest\u00fcrzt<\/h3>\n<p><strong>Litauische Medien best\u00e4tigen, dass eine ukrainische Kamikazedrohne in Estland abgest\u00fcrzt ist. Datum und Uhrzeit stimmen mit dem Angriff auf eine russische Raffinerie \u00fcberein, der am letzten Sonntag stattfand. Wie tief sind die Baltenstaaten in die Angriffe auf Russland verstrickt?<\/strong><\/p>\n<p><em>von <strong>Anti-Spiegel<\/strong> (d.i. <strong>Thomas R\u00f6per<\/strong>)<\/em><\/p>\n<p><span style=\"font-size: 10pt;\">Erstver\u00f6ffentlichung am 31.08.2025 auf <a href=\"https:\/\/anti-spiegel.ru\/2025\/ukrainische-kamikazedrohne-ueber-estland-abgestuerzt\/\" target=\"_blank\" rel=\"noopener\">anti-spiegel.ru<\/a><\/span><\/p>\n<p>\u00dcber den Drohnenangriff auf die Raffinerie im russischen Ust Luga nahe der estnischen Grenze und nicht weit von der russischen Millionenstadt St. Petersburg vom letzten Sonntag habe ich bereits berichtet. In dem <a href=\"https:\/\/anti-spiegel.ru\/2025\/wer-hat-die-raffinerie-bei-petersburg-mit-drohnen-angegriffen\/\">Artikel<\/a> habe ich auch die Frage aufgeworfen, ob die Drohnen, die den Gro\u00dfraum St. Petersburg angreifen, aus dem Baltikum kommen. Den Verdacht, dass die baltischen Staaten etwas mit dem Beschuss von Zielen im Nordwesten Russlands zu tun haben, hat bereits <a href=\"https:\/\/anti-spiegel.ru\/2025\/wird-russland-aus-den-baltischen-staaten-mit-drohnen-beschossen\/\">Anfang Juli<\/a> ein einflussreicher russischer Abgeordneter ge\u00e4u\u00dfert und mit milit\u00e4rischen Konsequenzen gedroht, sollte sich das best\u00e4tigen.<\/p>\n<p>W\u00e4ren die baltischen Staaten an den ukrainischen Angriffe auf Ziele im Nordwesten Russlands beteiligt, w\u00e4re das eine offene Beteiligung von NATO-Staaten an einem Krieg mit Russland. Daher ist dieses Thema hochsensibel und daher w\u00e4ge ich bei Artikeln \u00fcber dieses Thema jedes Wort genauestens ab.<\/p>\n<h5>Ukrainische Drohne in Estland abgest\u00fcrzt<\/h5>\n<p>Nun gibt es allerdings eine Meldung aus dem Baltikum, die die zumindest indirekte Beteiligung der baltischen Staaten an diesen Angriffen zu best\u00e4tigen scheint.<\/p>\n<p>Der halbstaatliche litauische Fernsehsender <a href=\"https:\/\/www.lrt.lt\/en\/news-in-english\/19\/2655734\/suspected-ukrainian-drone-wreck-found-in-estonia\">LRT hat vor einigen Tagen gemeldet<\/a>, eine offenbar ukrainische Drohne sei \u00fcber Estland abgest\u00fcrzt. Der Sender zitierte den Chef des estnischen Geheimdienstes und schrieb:<\/p>\n<p style=\"padding-left: 40px;\"><em>\u201e\u201eAufgrund vorl\u00e4ufiger Informationen haben wir Grund zu der Annahme, dass es sich m\u00f6glicherweise um eine ukrainische Drohne handelte, die russische Stellungen anvisierte. Russland hat die Drohne mithilfe von GPS-St\u00f6rsendern und anderen elektronischen Mitteln vom Kurs abgelenkt, sodass sie in Estland gelandet ist\u201c, sagte er und f\u00fcgte hinzu, dass sie m\u00f6glicherweise von russischem oder lettischem Territorium aus in den Luftraum des Landes eingedrungen sei. Das Wrack und ein durch eine Explosion entstandener Krater wurden urspr\u00fcnglich am Montag von einem Landwirt in der N\u00e4he des V\u00f5rtsj\u00e4rv-Sees im Kreis Tartu entdeckt, berichtete der estnische \u00f6ffentlich-rechtliche Sender ERR am Dienstag. Estnische Beh\u00f6rden gaben an, die Drohne sei am Sonntagmorgen zwischen 4:00 und 5:00 Uhr etwa 75 Kilometer von der russischen Grenze entfernt abgest\u00fcrzt.\u201c<\/em><\/p>\n<p>Die Meldung ist hochbrisant, denn zum Zeitpunkt dieses Absturzes in Estland wurde auch die russische Raffinerie in Ust Luga angegriffen. Hinzu kommt, dass es zu dem Zeitpunkt Drohnensichtungen gab. Zeugen meldeten Drohnenger\u00e4usche an estnisch-lettischen Grenze, au\u00dferdem wurden zwei Drohnen \u00fcber den estnischen Peipussee geortet, von denen eine in den See gest\u00fcrzt sein soll. All dies fand in der genannten Zeit am fr\u00fchen Sonntagmorgen des 24. August statt.<\/p>\n<p>Ich bin nur ein Schreiberling und meine Kenntnisse mit grafischen Arbeiten sind minimal, weshalb ich f\u00fcr diese primitive Darstellung um Verzeihung bitte, aber ich habe diese Punkte zum Verst\u00e4ndnis auf der Karte markiert und mit einer schwarzen Linie verbunden: Rot: Der Ort der Drohnenger\u00e4usche an der estnisch-lettischen Grenze, Blau: der Absturzort der Drohne, Gr\u00fcn: der Peipussee, wo zwei Drohnen gesichtet wurden, Gelb: die russische Raffinerie, die zu dem Zeitpunkt mit Drohnen angegriffen wurde.<\/p>\n<figure id=\"attachment_23011\" aria-describedby=\"caption-attachment-23011\" style=\"width: 600px\" class=\"wp-caption alignnone\"><img data-recalc-dims=\"1\" loading=\"lazy\" decoding=\"async\" data-attachment-id=\"23011\" data-permalink=\"https:\/\/www.freidenker.org\/?attachment_id=23011\" data-orig-file=\"https:\/\/i0.wp.com\/www.freidenker.org\/fw17\/wp-content\/uploads\/2025\/09\/roeper_estland-drohnen_600px.jpg?fit=600%2C337&amp;ssl=1\" data-orig-size=\"600,337\" data-comments-opened=\"0\" data-image-meta=\"{&quot;aperture&quot;:&quot;0&quot;,&quot;credit&quot;:&quot;&quot;,&quot;camera&quot;:&quot;&quot;,&quot;caption&quot;:&quot;&quot;,&quot;created_timestamp&quot;:&quot;0&quot;,&quot;copyright&quot;:&quot;&quot;,&quot;focal_length&quot;:&quot;0&quot;,&quot;iso&quot;:&quot;0&quot;,&quot;shutter_speed&quot;:&quot;0&quot;,&quot;title&quot;:&quot;&quot;,&quot;orientation&quot;:&quot;1&quot;}\" data-image-title=\"r\u00f6per_estland-drohnen_600px\" data-image-description=\"\" data-image-caption=\"\" data-large-file=\"https:\/\/i0.wp.com\/www.freidenker.org\/fw17\/wp-content\/uploads\/2025\/09\/roeper_estland-drohnen_600px.jpg?fit=600%2C337&amp;ssl=1\" class=\"wp-image-23011 size-full\" src=\"https:\/\/i0.wp.com\/www.freidenker.org\/fw17\/wp-content\/uploads\/2025\/09\/roeper_estland-drohnen_600px.jpg?resize=600%2C337&#038;ssl=1\" alt=\"\" width=\"600\" height=\"337\" srcset=\"https:\/\/i0.wp.com\/www.freidenker.org\/fw17\/wp-content\/uploads\/2025\/09\/roeper_estland-drohnen_600px.jpg?w=600&amp;ssl=1 600w, https:\/\/i0.wp.com\/www.freidenker.org\/fw17\/wp-content\/uploads\/2025\/09\/roeper_estland-drohnen_600px.jpg?resize=300%2C169&amp;ssl=1 300w\" sizes=\"auto, (max-width: 600px) 100vw, 600px\" \/><figcaption id=\"caption-attachment-23011\" class=\"wp-caption-text\"><span style=\"font-size: 10pt;\">Grafik: Thomas R\u00f6per, Kartengrundlage Google Maps<\/span><\/figcaption><\/figure>\n<h5>Woher kamen die Drohnen?<\/h5>\n<p>Man kann, nachdem der litauische Fernsehsender und auch andere baltische Medien best\u00e4tigt haben, dass zum Zeitpunkt des Angriffs auf die russische Raffinerie nahe der estnisch-russischen Grenze ukrainische Kamikazedrohnen das Baltikum \u00fcberflogen haben, nicht mehr bestreiten, dass meine Theorie stimmt, dass die Drohnen, die den Gro\u00dfraum Petersburg angreifen, zumindest teilweise aus den baltischen Staaten nach Russland einfliegen.<\/p>\n<p>Das wirft zun\u00e4chst einmal die Frage auf, wo die Drohnen gestartet werden. Wenn sie in der Ukraine gestartet werden, dann d\u00fcrften sie kaum \u00fcber das mit Russland verb\u00fcndete Wei\u00dfrussland fliegen, sondern m\u00fcssten die Route \u00fcber Polen und dann die drei baltischen Staaten nach Russland nehmen. Diese Strecke w\u00e4re etwa 1.600 Kilometer lang.<\/p>\n<figure id=\"attachment_23010\" aria-describedby=\"caption-attachment-23010\" style=\"width: 600px\" class=\"wp-caption alignnone\"><img data-recalc-dims=\"1\" loading=\"lazy\" decoding=\"async\" data-attachment-id=\"23010\" data-permalink=\"https:\/\/www.freidenker.org\/?attachment_id=23010\" data-orig-file=\"https:\/\/i0.wp.com\/www.freidenker.org\/fw17\/wp-content\/uploads\/2025\/09\/roeper_ust-luga_600px.jpg?fit=600%2C338&amp;ssl=1\" data-orig-size=\"600,338\" data-comments-opened=\"0\" data-image-meta=\"{&quot;aperture&quot;:&quot;0&quot;,&quot;credit&quot;:&quot;&quot;,&quot;camera&quot;:&quot;&quot;,&quot;caption&quot;:&quot;&quot;,&quot;created_timestamp&quot;:&quot;0&quot;,&quot;copyright&quot;:&quot;&quot;,&quot;focal_length&quot;:&quot;0&quot;,&quot;iso&quot;:&quot;0&quot;,&quot;shutter_speed&quot;:&quot;0&quot;,&quot;title&quot;:&quot;&quot;,&quot;orientation&quot;:&quot;1&quot;}\" data-image-title=\"r\u00f6per_ust-luga_600px\" data-image-description=\"\" data-image-caption=\"\" data-large-file=\"https:\/\/i0.wp.com\/www.freidenker.org\/fw17\/wp-content\/uploads\/2025\/09\/roeper_ust-luga_600px.jpg?fit=600%2C338&amp;ssl=1\" class=\"wp-image-23010 size-full\" src=\"https:\/\/i0.wp.com\/www.freidenker.org\/fw17\/wp-content\/uploads\/2025\/09\/roeper_ust-luga_600px.jpg?resize=600%2C338&#038;ssl=1\" alt=\"\" width=\"600\" height=\"338\" srcset=\"https:\/\/i0.wp.com\/www.freidenker.org\/fw17\/wp-content\/uploads\/2025\/09\/roeper_ust-luga_600px.jpg?w=600&amp;ssl=1 600w, https:\/\/i0.wp.com\/www.freidenker.org\/fw17\/wp-content\/uploads\/2025\/09\/roeper_ust-luga_600px.jpg?resize=300%2C169&amp;ssl=1 300w\" sizes=\"auto, (max-width: 600px) 100vw, 600px\" \/><figcaption id=\"caption-attachment-23010\" class=\"wp-caption-text\"><span style=\"font-size: 10pt;\">Grafik: Thomas R\u00f6per, Kartengrundlage Google Maps<\/span><\/figcaption><\/figure>\n<p>Die Ukraine verf\u00fcgt mit der AN-196 \u00fcber ein Langstreckendrohne, deren Reichweite mit bis zu 2.000 Kilometer und deren H\u00f6chstgeschwindigkeit mit 400 km\/h angegeben wird. Es w\u00e4re technisch also nicht ausgeschlossen, dass die Drohnen tats\u00e4chlich aus der Ukraine kommen und mit Erlaubnis Polens und der Baltenstaaten deren Luftraum f\u00fcr Angriffe auf Ziele in Russland nutzen.<\/p>\n<p>Um einsch\u00e4tzen zu k\u00f6nnen, ob diese Version stimmt, m\u00fcsste Russland mitteilen, ob es AN-196 sind, die die Ziele bei Petersburg angreifen. Oder Estland m\u00fcsste mitteilen, welcher Drohnentyp dort abgest\u00fcrzt ist.<\/p>\n<h5>Was bedeutet das?<\/h5>\n<p>Nat\u00fcrlich k\u00f6nnten sich Polen und die Baltenstaaten dumm stellen und behaupten, die Ukraine w\u00fcrde ihren Luftraum ohne ihr Wissen und ohne ihre Erlaubnis f\u00fcr Angriffe auf Ziele in Russland nutzen. Und sie k\u00f6nnten auch behaupten, dass ihre Radare entlang der Grenze zwischen der NATO einerseits und Wei\u00dfrussland und Russland andererseits die ukrainischen Drohnen nicht bemerkt h\u00e4tten. Nur wer soll letzteres angesichts der dort zusammengezogenen NATO-Streitkr\u00e4fte und dem Geschrei in Europa \u00fcber die angebliche russische Bedrohung glauben?<\/p>\n<p>Also k\u00f6nnen wir davon ausgehen, dass die Ukraine den Luftraum der NATO-Staaten mit deren Erlaubnis f\u00fcr Angriffe auf Ziele im Gro\u00dfraum St. Petersburg nutzt.<\/p>\n<p>Ich will den Gedanken nicht zu Ende denken, denn wenn das stimmen sollte, dann w\u00fcrde das bedeuten, dass fr\u00fcher oder sp\u00e4ter eine milit\u00e4rische Reaktion Russlands erfolgen wird, weil die NATO, oder zumindest Polen und die baltischen Staaten, an Angriffen auf Ziele in Russland beteiligt w\u00e4ren.<\/p>\n<p><a href=\"#top\"><span style=\"font-size: 10pt;\">\u2191 nach oben<\/span><\/a><\/p>\n<hr \/>\n<h5><a id=\"artikel2\"><\/a>Cui bono?<\/h5>\n<h3>Der Drohnenvorfall \u00fcber Polen wurde zum Vorwand f\u00fcr massive Truppenverlegungen der NATO<\/h3>\n<p><strong>Der Drohnenvorfall \u00fcber Polen ist noch nicht gekl\u00e4rt, aber die NATO beschuldigt Russland und nimmt den Vorfall zum Vorwand, um eine zeitlich unbeschr\u00e4nkte, massive Verlegung von Truppen und Material an die &#8222;Ostflanke&#8220; zu beschlie\u00dfen, Grenzen zu schlie\u00dfen und Flugverbotszonen auszurufen.<\/strong><\/p>\n<p><em>von <strong>Anti-Spiegel<\/strong> (d.i. <strong>Thomas R\u00f6per<\/strong>)<\/em><\/p>\n<p><span style=\"font-size: 10pt;\">Erstver\u00f6ffentlichung am 17.09.2025 auf <a href=\"https:\/\/anti-spiegel.ru\/2025\/der-drohnenvorfall-ueber-polen-wurde-zum-vorwand-fuer-massive-truppenverlegungen-der-nato\/\" target=\"_blank\" rel=\"noopener\">anti-spiegel.ru<\/a><\/span><\/p>\n<p>Der <a href=\"https:\/\/anti-spiegel.ru\/2025\/der-mittwoch-der-totalen-kriegspropaganda\/\">Drohnenvorfall \u00fcber Polen<\/a> ist nicht gekl\u00e4rt und es gibt dazu immer noch viele Fragen. Der polnische Generalstab hat best\u00e4tigt, dass der wei\u00dfrussische Generalstab ihn in der fraglichen Nacht kontaktiert und vor vom Kurs abgebrachten Drohnen gewarnt hat, die aus der Ukraine in Richtung Wei\u00dfrussland und Polen geflogen sind. Die Generalst\u00e4be waren von 23.00 Uhr bis 4.00 morgens deswegen in Kontakt.<\/p>\n<p>Das spricht definitiv gegen das von westlichen Politikern und Medien verbreitete Narrativ einer geplanten Luftraumverletzung durch Russland.<\/p>\n<p>Hinzu kommt, dass Polen inzwischen gemeldet hat, dass keine der in Polen gefundenen Drohnen Sprengstoff geladen hatte. Den ver\u00f6ffentlichten Fotos nach waren es Drohnen vom Typ Gerbera, die Russland oft als St\u00f6rk\u00f6rper einsetzt, um die ukrainische Luftabwehr zu \u00fcberlasten und so den Weg f\u00fcr die mit Sprengstoff best\u00fcckten Drohne freizumachen.<\/p>\n<p>Und damit kommt das n\u00e4chste Problem ins Spiel, denn die Gerbera-Drohnen haben eine Reichweite von maximal 700 Kilometern, was bedeutet, dass aus Russland abgefeuerte Gerberas Polen gar nicht erreichen k\u00f6nnen, weil die Entfernung die Reichweite der Drohnen \u00fcbersteigt.<\/p>\n<p>Das bedeutet, dass die Drohnen entweder aus Wei\u00dfrussland gestartet wurden, was aber niemand im Westen behauptet, oder aus der Ukraine. Die Gerbera sind recht einfache Modelle, die die Ukraine notfalls nachbauen k\u00f6nnte.<\/p>\n<h5>Cui bono?<\/h5>\n<p>Da an dem Vorfall so viel unklar ist, versuchen wir uns dem Thema zu n\u00e4hern, wie es Kriminalisten tun, und stellen uns die Frage, wer ein Motiv daf\u00fcr hatte, so einen Vorfall zu provozieren. Cui bono, oder wem n\u00fctzt es?<\/p>\n<p>Selensky h\u00e4tte definitiv ein Motiv f\u00fcr eine solche Provokation, denn sogar der extrem anti-russische ehemalige polnische Pr\u00e4sident Duda <a href=\"https:\/\/anti-spiegel.ru\/2025\/duda-selensky-hat-versucht-polen-mit-dem-vorfall-mit-der-rakete-in-kampfhandlungen-mit-russland-zu-verwickeln\/\">sagte<\/a> gerade erst in einem Interview, dass es das Interesse Kiews ist, die NATO in den Krieg mit Russland hineinzuziehen, und dass Selensky Ende 2022, als eine Rakete in Polen abgest\u00fcrzt ist und zwei Menschen get\u00f6tet hat, Druck auf Duda gemacht habe, die Rakete als russische Rakete zu bezeichnen, obwohl es eine ukrainische Abfangrakete vom Typ S-300 war.<\/p>\n<p>Aber auch ein starkes Motiv ist bekanntlich noch kein Beweis f\u00fcr die T\u00e4terschaft.<\/p>\n<p>Auch die Falken in Br\u00fcssel \u2013 sowohl bei der NATO als auch in der EU \u2013 haben ein Motiv. Oder sogar zwei, denn erstens hat man in Br\u00fcssel gehofft, dass der Vorfall Trump endlich umstimmen und zu einem harten Kurs gegen Russland bringen w\u00fcrde. Die <a href=\"https:\/\/www.reuters.com\/business\/aerospace-defense\/trumps-public-shrug-over-drone-incursion-poland-fuels-unease-europe-2025-09-13\/\">Entt\u00e4uschung in Br\u00fcssel<\/a> dar\u00fcber, dass Trump den Vorfall sehr gelassen beurteilt, ist allenthalben sichtbar.<\/p>\n<p>Das zweite Br\u00fcsseler Motiv ist es, einen Vorwand f\u00fcr eine weitere Truppenverlegung nach Osten zu bekommen. Da die Menschen in Europa die Kriegsbegeisterung der Br\u00fcsseler Clique nicht teilen und auf eine massive, aber grundlose Verst\u00e4rkung der NATO-Truppen an Russlands Grenze ablehnend reagieren k\u00f6nnten, brauchte Br\u00fcssel einen Vorfall, der sich medial ausschlachten l\u00e4sst. Eine massive Verletzung des NATO-Luftraums durch Russland kam ihnen da gerade recht.<\/p>\n<p>Und auch die mediale Ausschlachtung erleben wir gerade, denn die westlichen Medien halten das Thema in den Schlagzeilen, obwohl de facto nichts passiert ist. In Deutschland wurde zwar gemeldet, das Dach eines Wohnhauses sei von einer abgest\u00fcrzten Drohne zerst\u00f6rt worden, aber auch das hat sich als L\u00fcge herausgestellt, <a href=\"https:\/\/anti-spiegel.ru\/2025\/rzeczpospolita-auf-das-wohnhaus-in-polen-ist-die-rakete-einer-f-16-gefallen\/\">denn in Polen wird berichtet<\/a>, dass keine Drohne, sondern eine vom Kurs abgekommene Flugabwehrrakete auf das Haus gest\u00fcrzt sei. Zun\u00e4chst wurde versucht, das geheim zu halten, aber inzwischen wird es in Polen gemeldet. Allerdings habe ich dar\u00fcber keine Berichte in deutschen Medien gefunden.<\/p>\n<p>Um ein russisches Motiv zu finden, muss man sehr lange suchen, denn es gibt keines. Es sei denn, dass an den <a href=\"https:\/\/anti-spiegel.ru\/2025\/ukrainische-kamikazedrohne-ueber-estland-abgestuerzt\/\">Spekulationen<\/a>, dass das russische St. Petersburg aus den baltischen Staaten und nicht aus der Ukraine mit Drohnen beschossen wird, etwas dran ist. In dem Falle k\u00f6nnte Russland den Luftraum Polens gezielt verletzt haben, um die NATO zu warnen, dass auch Russland so etwas tun kann und dass die Luftabwehr der NATO darauf nicht vorbereitet ist.<\/p>\n<p>Dass die Luftabwehr der NATO darauf nicht vorbereitet ist, hat man in der Nacht ja erlebt, denn von 19 Drohnen konnte die NATO trotz der Vorwarnung aus Wei\u00dfrussland und der Aktivierung aller in Polen vorhandenen Kr\u00e4fte nur vier abschie\u00dfen \u2013 und man hat dabei mit teuren Raketen, die hunderttausende Dollar pro St\u00fcck kosten, leere Drohnen vom Himmel geholt, die nur etwas \u00fcber 10.000 Dollar pro St\u00fcck kosten.<\/p>\n<h5>Die Reaktionen<\/h5>\n<p>Polen hat als Reaktion auf den Vorfall seine Grenzen zu Wei\u00dfrussland auf unbestimmte Zeit geschlossen.<\/p>\n<p>NATO-Generalsekret\u00e4r Rutte hat seine Kriegsrhetorik nach dem Drohnenvorfall noch einen Gang h\u00f6her geschaltet und die NATO hat umgehend beschlossen, auf den Vorfall mit einer Mission namens \u201eEastern Sentry\u201c zu reagieren. Rutte sprach von steigender russischer \u201cGef\u00e4hrlichkeit\u201d in der Luft und <a href=\"https:\/\/www.nato.int\/cps\/en\/natohq\/news_237601.htm\">erkl\u00e4rte<\/a>, was \u201eEastern Sentry\u201c bedeutet:<\/p>\n<p style=\"padding-left: 40px;\"><em>\u201eAus diesem Grund haben wir in acht L\u00e4ndern vorgeschobene Landstreitkr\u00e4fte stationiert, die von allen Verb\u00fcndeten unterst\u00fctzt werden. Au\u00dferdem gibt es Pl\u00e4ne, unsere Pr\u00e4senz bei Bedarf zu verst\u00e4rken.\u201c<\/em><\/p>\n<p>In den deutschen Medien wird meist nur berichtet, die NATO schicke weitere Kampfflugzeuge nach Polen, um die Luftabwehr zu st\u00e4rken. Tats\u00e4chlich umfasst \u201eEastern Sentry\u201c aber weit mehr, denn die NATO verlegt auch Kriegsschiffe n\u00e4her an Russland heran. Und Rutte deutete, wie gesehen, auch mehr Bodentruppen an.<\/p>\n<p>Auch das ist nicht meine Fantasie, der polnische Verteidigungsminister hat schon am 11. September, dem Tag nach dem Drohnenvorfall, <a href=\"https:\/\/tass.ru\/mezhdunarodnaya-panorama\/25030823\">verk\u00fcndet<\/a>, Polen wolle wegen des derzeit stattfindenden allj\u00e4hrlichen russisch-wei\u00dfrussischen Man\u00f6vers \u201eSapad-2025\u201c in den folgenden Tagen 40.000 Soldaten an der Grenze zu Wei\u00dfrussland aufmarschieren lassen. 30.000 aus der polnischen Armee, der Rest aus anderen NATO-Staaten. Ob und wann sie wieder abgezogen werden sollen, sagte er hingegen nicht.<\/p>\n<p>De facto ist all das ein massiver Aufmarsch von NATO-Truppen zu Lande, zur See und in der Luft an Russlands Grenze \u2013 und als Vorwand dient ein Vorfall, bei dem de facto nichts passiert ist und von dem nicht klar ist, wer dahinter steckt und was wirklich passiert ist.<\/p>\n<p>Au\u00dferdem hat Estland dem zivilen Flugverkehr <a href=\"https:\/\/tass.ru\/mezhdunarodnaya-panorama\/25073667\">empfohlen<\/a>, nicht n\u00e4her als 200 Meilen (ca. 370 Kilometer) an die russische und die ukrainische Grenze zu fliegen. Litauen hat entlang der russischen Grenze ab dem 18. September sogar den Luftraum unter sechs Kilometern H\u00f6he gesperrt, was der Einsatzh\u00f6he kleiner Luftabwehrsysteme entspricht. Der Transitflugverkehr oberhalb von sechs Kilometern bleibt jedoch erlaubt.<\/p>\n<p>Und in Russland fragt man sich nat\u00fcrlich, wozu die NATO eine immer gr\u00f6\u00dfere Streitmacht an Russlands Grenzen zusammenzieht und Flugverbotszonen entlang der Grenzen verh\u00e4ngt, wenn nicht, um einen Angriff auf Russland vorzubereiten\u2026<\/p>\n<p><a href=\"#top\"><span style=\"font-size: 10pt;\">\u2191 nach oben<\/span><\/a><\/p>\n<hr \/>\n<h5><a id=\"artikel3\"><\/a>Drohnenvorfall in Polen<\/h5>\n<h3>Wie ein polnisches Dorf von einer polnischen Rakete getroffen wurde<\/h3>\n<p><strong>Die Bilder des bei dem Drohnenvorfall \u00fcber Polen besch\u00e4digten Hauses gingen um die Welt. Inzwischen wurde bekannt, dass das Haus nicht von einer russischen Drohne, sondern von einer polnischen Abfangrakete getroffen wurde.<\/strong><\/p>\n<p><em>von <strong>Anti-Spiegel<\/strong> (d.i. <strong>Thomas R\u00f6per<\/strong>)<\/em><\/p>\n<p><span style=\"font-size: 10pt;\">Erstver\u00f6ffentlichung am 19.09.2025 auf <a href=\"https:\/\/anti-spiegel.ru\/2025\/wie-ein-polnisches-dorf-von-einer-polnischen-rakete-getroffen-wurde\/\" target=\"_blank\" rel=\"noopener\">anti-spiegel.ru<\/a><\/span><\/p>\n<p>Dass das Haus in einem polnischen Dorf, das angeblich von einer russischen Drohne besch\u00e4digt wurde, in Wahrheit von einer polnischen Luftabwehrrakete getroffen wurde, wurde in Polen <a href=\"https:\/\/anti-spiegel.ru\/2025\/die-polnische-staatsanwaltschaft-hat-bestaetigt-dass-auf-das-haus-im-osten-des-landes-keine-drohne-gestuerzt-ist\/\">inzwischen einger\u00e4umt<\/a>, allerdings verschweigen deutsche Medien das bisher. Die TASS hat in einem Artikel erkl\u00e4rt, wie es zu dem Vorfall gekommen ist, und ich habe den <a href=\"https:\/\/tass.ru\/mezhdunarodnaya-panorama\/25096897\">Artikel<\/a> \u00fcbersetzt.<\/p>\n<p><span style=\"font-family: 'courier new', courier, monospace;\"><strong>Beginn der \u00dcbersetzung:<\/strong><\/span><\/p>\n<h4 style=\"padding-left: 40px;\">Besch\u00e4digung eines Daches in Polen: Wie Warschau sein eigenes Dorf mit einer Rakete getroffen hat<\/h4>\n<p style=\"padding-left: 40px;\"><strong>In der Nacht zum 10. September 2025 haben die russischen Streitkr\u00e4fte einen weiteren Schlag gegen milit\u00e4rische Einrichtungen der Ukraine gef\u00fchrt. Am Morgen des 10. September meldete Polen, dass etwa 20 Drohnen in den Luftraum des Landes eingedrungen und mehrere davon abgefangen worden seien. Bei dem Vorfall wurde in Polen ein Haus besch\u00e4digt, h\u00f6chstwahrscheinlich durch eine Flugabwehrrakete. Die TASS hat Meinungen dazu gesammelt, was das polnische Dach warum getroffen hat.<\/strong><\/p>\n<p style=\"padding-left: 40px;\">Laut dem polnischen Ministerpr\u00e4sident Donald Tusk wurden am 10. September \u00fcber Polen 19 Drohnen entdeckt. Am 12. September erkl\u00e4rte Marcin Przydacz, Leiter des B\u00fcros f\u00fcr internationale Politik des polnischen Pr\u00e4sidialamtes, dass mindestens 21 Drohnen in den polnischen Luftraum eingedrungen seien. Ihm zufolge drangen einige der Drohnen nur f\u00fcr wenige Sekunden in den polnischen Luftraum ein und verlie\u00dfen ihn dann wieder.<\/p>\n<p style=\"padding-left: 40px;\">Noch bevor offizielle Informationen dar\u00fcber vorlagen, wem die nach Polen eingeflogenen Drohnen geh\u00f6rten, beeilte sich Tusk, sie als russischen Ursprungs zu deklarieren \u2013 angeblich seien \u201erussische Drohnen zum ersten Mal \u00fcber dem Gebiet von NATO-L\u00e4ndern abgeschossen worden\u201d. Das russische Verteidigungsministerium hat sich zu Konsultationen mit der polnischen Seite \u201ezu diesem Thema\u201c bereit erkl\u00e4rt. Die Drohnen, deren Tr\u00fcmmer auf polnischem Gebiet gefunden wurden, trugen keine Sprengstoffe. Auch Wei\u00dfrussland hat in seinem Luftraum Flugger\u00e4te gesichtet und die polnische Seite gewarnt, dass die Drohnen auf Polen zusteuern.<\/p>\n<p style=\"padding-left: 40px;\">W\u00e4hrend des Vorfalls versuchten die polnischen Streitkr\u00e4fte, die Flugobjekte abzufangen. Warschau nennt unterschiedliche Zahlen f\u00fcr abgeschossene Drohnen. Tusk berichtete von drei abgefangenen Flugger\u00e4ten, sp\u00e4ter hielt der stellvertretende polnische Verteidigungsminister Cezary Tomczyk es f\u00fcr m\u00f6glich, dass die Streitkr\u00e4fte bis zu sechs Drohnen abgeschossen h\u00e4tten.<\/p>\n<p style=\"padding-left: 40px;\">Bereits am Morgen des 10. September gab es die Meldung, dass es im polnischen Dorf Wyryki, das nahe der Grenze zu Ukraine und Wei\u00dfrussland liegt, \u201ezu einem Zwischenfall gekommen ist, bei dem ein Wohnhaus besch\u00e4digt wurde\u201c, und zwar das Dach und die Decke eines Geb\u00e4udes. Es gab keine Opfer. Mariusz Zanko, der Leiter des Bezirks Wlodawa, teilte an dem Tag mit, dass er nicht wisse, ob eine Drohne oder nur deren Tr\u00fcmmer auf das Geb\u00e4ude gefallen seien.<\/p>\n<h5 style=\"padding-left: 40px;\">3 von 19<\/h5>\n<p style=\"padding-left: 40px;\">Experten haben auf den geringen Prozentsatz der im polnischen Luftraum abgefangenen Drohnen sowie auf die unverh\u00e4ltnism\u00e4\u00dfig hohen Kosten f\u00fcr die Abwehrma\u00dfnahmen hingewiesen. Die Bild-Zeitung vermutete, dass drei der 19 Drohnen von F-35-Kampfflugzeugen mit AIM-9 Sidewinder-Raketen abgeschossen wurden. Jede dieser Raketen kostet etwa 400.000 Euro. Die spanische Zeitung El Mundo schreibt unter Berufung auf Tusk, dass die Drohnen mit noch teureren AMRAAM AIM-120-Raketen abgeschossen wurden, und bezeichnet die allgemeine Reaktion der NATO auf den Vorfall als \u201eentt\u00e4uschend\u201d.<\/p>\n<p style=\"padding-left: 40px;\">Das Portal Army Recognition vermutet, dass Polen f\u00fcr die Luftverteidigung sowohl sein eigenes Arsenal als auch die Kr\u00e4fte seiner NATO-Verb\u00fcndeten eingesetzt habe. Nach Ansicht der Experten des Portals sind polnische F-16-Kampfflugzeuge, amerikanische F-35-Flugzeuge der f\u00fcnften Generation, Fernerkundungsflugzeuge \u2013 \u201efliegende Radare\u201d \u2013 sowie Tankflugzeuge, die die Fl\u00fcge der Kampfflugzeuge unterst\u00fctzen, aufgestiegen und haben bei der \u00dcberwachung des Luftraums geholfen. Die in Polen stationierten deutschen Patriot-Flugabwehrraketenbatterien wurden in Alarmbereitschaft versetzt. Und obwohl mehrere Drohnen abgeschossen wurden, weist das Portal darauf hin, dass es schwierig ist, den Luftraum Nacht f\u00fcr Nacht zu verteidigen, wenn der Preis einer abgeschossenen Drohne nur den Bruchteil der Kosten einer modernen Flugabwehrrakete ausmacht.<\/p>\n<p style=\"padding-left: 40px;\">Am 16. September berichtete die Zeitung Rzeczpospolita unter Berufung auf Quellen, dass das Objekt, das das Dach des Hauses in Wyryki besch\u00e4digt hat, eine polnische Rakete war. \u201eEs handelte sich um eine Luft-Luft-Rakete vom Typ AMRAAM AIM-120 von unserer F-16, bei der w\u00e4hrend des Fluges ein Fehler im Leitsystem auftrat, weshalb sie nicht funktionierte\u201c, zitierte die Zeitung eine Quelle. \u201eGl\u00fccklicherweise ist sie nicht explodiert, da die Sicherungen des Z\u00fcnders funktionierten.\u201c Dass es keine Drohne war, die auf das polnische Haus gefallen ist, best\u00e4tigte auch der Minister und Mitglied des Ministerrats f\u00fcr Geheimdienstangelegenheiten Polens, Tomasz Siemoniak. \u201eDie Hinweise darauf, dass unsere Piloten oder Verb\u00fcndeten Waffen eingesetzt haben und dieser [Vorfall] eine Folge des Waffeneinsatzes war, erscheinen sehr glaubw\u00fcrdig\u201c, sagte er.<\/p>\n<h5 style=\"padding-left: 40px;\"><strong>Eine Million pro Schuss<\/strong><\/h5>\n<p style=\"padding-left: 40px;\">Die lenkbare Luft-Luft-Rakete AMRAAM AIM-120 wurde vom amerikanischen Konzern Raytheon in Zusammenarbeit mit der Firma Hughes (die sp\u00e4ter Teil des Konzerns wurde) entwickelt. Die Rakete hat eine komplexe Konstruktion: An Bord befinden sich ein Autopilot mit Funksteuerung zur Kurskorrektur und ein eigenes Miniaturradar (aktiver Radar-Zielsuchkopf). Bei Ann\u00e4herung an das Ziel schaltet sich der aktive Radar-Zielsuchkopf ein, erfasst das Objekt und steuert selbstst\u00e4ndig darauf zu, um es dann mit einer Sprengladung von etwa 20 Kilogramm Splittern zu treffen. Nach Angaben aus offenen zug\u00e4nglichen Quellen betr\u00e4gt die Reichweite der AMRAAM etwa 120 Kilometer. Der Hersteller behauptet, dass das moderne Steuerungssystem \u201ees der Rakete erm\u00f6glicht, Ziele unter schwierigsten Bedingungen schnell zu finden\u201d, und gibt an, dass diese Rakete im Laufe von 30 Jahren Einsatzzeit an Kampfhandlungen teilgenommen und fast 5.000 Teststarts durchgef\u00fchrt hat.<\/p>\n<p style=\"padding-left: 40px;\">F\u00fcr diese Funktionalit\u00e4t muss man im wahrsten Sinne des Wortes bezahlen: Die Milit\u00e4rredaktion des amerikanischen Portals The Drive hat berechnet, dass die Rakete die US-Streitkr\u00e4fte im Finanzjahr 2021 etwa eine Million Dollar pro St\u00fcck gekostet hat.<\/p>\n<p style=\"padding-left: 40px;\">Die gleichen teuren Raketen werden in den amerikanischen NASAMS-Luftabwehrsystemen eingesetzt, die die USA an die Ukraine liefern. Beim Start von einer Bodenabschussrampe verringert sich die Reichweite der f\u00fcr den Abschuss aus Flugzeugen bestimmten Rakete auf ein Viertel, also auf 30 Kilometer.<\/p>\n<p style=\"padding-left: 40px;\">Auch die Ukraine versucht, F-16-Kampfflugzeuge mit Luft-Luft-Raketen f\u00fcr die Luftabwehr einzusetzen.<\/p>\n<h5 style=\"padding-left: 40px;\">Das falsche Ziel getroffen<\/h5>\n<p style=\"padding-left: 40px;\">F\u00e4lle von fehlerhaften Absch\u00fcssen von Raketen, die zum Abfangen von Luftzielen eingesetzt wurden, kommen in der an Polen angrenzenden Ukraine st\u00e4ndig vor. Ein solcher Vorfall, f\u00fcr den ukrainische Flugabwehrsoldaten verantwortlich gemacht werden, ereignete sich am 7. September 2025. Damals brach im Regierungsgeb\u00e4ude der Ukraine in Kiew ein Feuer aus.<\/p>\n<p style=\"padding-left: 40px;\">Einer der tragischsten F\u00e4lle ereignete sich im September 2023 in der von der Ukraine kontrollierten Stadt Konstantinowka. Damals traf eine Flugabwehrrakete des Komplexes \u201eBuk\u201d, mit dem die ukrainischen Streitkr\u00e4fte ausger\u00fcstet sind, einen vielbesuchten Markt, wodurch 16 Menschen ums Leben kamen und 32 verletzt wurden. Kiew beschuldigte Russland des Raketenangriffs und verbot Journalisten zun\u00e4chst, den Ort der Trag\u00f6die zu besichtigen.<\/p>\n<p style=\"padding-left: 40px;\">Auch Polen hat unter den Ma\u00dfnahmen der ukrainischen Luftabwehr gelitten. Am 15. November 2022 kamen im Dorf Przewod\u00f3w im Osten Polens zwei Menschen durch den Absturz einer Flugabwehrrakete des Komplexes S-300 ums Leben. Kiew bestritt seine Beteiligung.<\/p>\n<p style=\"padding-left: 40px;\">Unterdessen gehen Vorf\u00e4lle mit Drohnen am Himmel \u00fcber Polen weiter. Am 15. September 2025 flog eine unbekannte Drohne \u00fcber Regierungsgeb\u00e4ude und den Belvedere-Palast in der polnischen Hauptstadt. Der polnische Ministerpr\u00e4sident Donald Tusk erkl\u00e4rte, dass die Drohne neutralisiert worden sei und dass im Zusammenhang mit dem Vorfall zwei wei\u00dfrussische Staatsb\u00fcrger festgenommen worden seien. Sp\u00e4ter stellte sich jedoch heraus, dass einer der Festgenommenen ein 21-j\u00e4hriger ukrainischer Staatsb\u00fcrger war. Er wurde zu einer Geldstrafe verurteilt und mit einem Einreiseverbot aus Polen ausgewiesen. Eine 17-j\u00e4hrige wei\u00dfrussische Staatsb\u00fcrgerin wurde nach dem Verh\u00f6r freigelassen. Es entstanden keine Sch\u00e4den an polnischen Geb\u00e4uden.<\/p>\n<p><span style=\"font-family: 'courier new', courier, monospace;\"><strong>Ende der \u00dcbersetzung<\/strong><\/span><\/p>\n<p><a href=\"#top\"><span style=\"font-size: 10pt;\">\u2191 nach oben<\/span><\/a><\/p>\n<hr \/>\n<h5><a id=\"artikel4\"><\/a>Kriegsgefahr<\/h5>\n<h3>Was hat es mit all den Luftraumverletzungen auf sich?<\/h3>\n<p><strong>Die NATO-Staaten melden in immer k\u00fcrzeren Abst\u00e4nden Verletzungen ihres Luftraums durch russische Flugzeuge und Drohnen. Testet Russland die NATO aus, oder basteln NATO-Staaten an einem Vorwand f\u00fcr eine milit\u00e4rische Eskalation mit Russland?<\/strong><\/p>\n<p><em>von <strong>Anti-Spiegel<\/strong> (d.i. <strong>Thomas R\u00f6per<\/strong>)<\/em><\/p>\n<p><span style=\"font-size: 10pt;\">Erstver\u00f6ffentlichung am 21.09.2025 auf <a href=\"https:\/\/anti-spiegel.ru\/2025\/was-hat-es-mit-all-den-luftraumverletzungen-auf-sich\/\" target=\"_blank\" rel=\"noopener\">anti-spiegel.ru<\/a><\/span><\/p>\n<p>Die Serie angeblicher Verletzungen des Luftraums von NATO-Staaten begann in der Nacht vom 10. auf den 11. September, als <a href=\"https:\/\/anti-spiegel.ru\/2025\/der-mittwoch-der-totalen-kriegspropaganda\/\">19 Drohnen in den polnischen Luftraum eindrangen<\/a>. F\u00fcr die deutschen Medien war das wieder ein Anlass f\u00fcr Kriegspropaganda gem\u00e4\u00df Lehrbuch, denn sie stellten das als bewusste russische Provokation dar, obwohl vieles dagegen spricht. Und sie sind dabei geblieben, obwohl beispielsweise inzwischen klar ist, dass der einzige Schaden des Vorfalls nicht von einer Drohne herr\u00fchrte, sondern <a href=\"https:\/\/anti-spiegel.ru\/2025\/wie-ein-polnisches-dorf-von-einer-polnischen-rakete-getroffen-wurde\/\">von einer polnischen Abfangrakete<\/a>.<\/p>\n<p>Die Tatsache, dass keine der Drohnen Sprengstoff geladen hatte und dass die auf Fotos gezeigten angeblichen russischen Gerbera-Drohnen gar keine ausreichende Reichweite haben, um aus Russland gestartet \u00fcber die ganze Ukraine bis nach Polen zu fliegen, haben deutsche Medien auch nicht erw\u00e4hnt. Es ist daher keineswegs erwiesen, dass es sich tats\u00e4chlich um russische Drohnen handelt, es k\u00f6nnte genauso gut eine False-Flag-Operation sein, bei der Drohnen nachgebaut wurden, die russischen Gerbera-Drohnen \u00e4hnlich sehen.<\/p>\n<p>Wir haben hier also die Aussage der NATO, die von einer russischen Provokation spricht, und wir haben die Aussage Russlands, das bestreitet, dass diese Drohnen Polen \u00fcberhaupt erreichen konnten. Wem soll man glauben?<\/p>\n<p>Polen meldete am 19. September au\u00dferdem, russische Kampfjets seien im Tiefflug \u00fcber eine polnische Bohrinsel in der Ostsee hinweggeflogen und h\u00e4tten die Sicherheitszone der Plattform verletzt. Und Estland meldete am gleichen Tag, drei russische MiG-31 h\u00e4tten den estnischen Luftraum verletzt.<\/p>\n<p>Russland bestreitet das und gibt an, seine Jets seien planm\u00e4\u00dfig aus dem russischen Karelien nach Kaliningrad geflogen und h\u00e4tten sich dabei ausschlie\u00dflich im internationalen Luftraum bewegt.<\/p>\n<p>Wem soll man glauben?<\/p>\n<h5>Cui bono?<\/h5>\n<p>Da wir alle nicht die Radardaten vorliegen haben, um das selbst zu \u00fcberpr\u00fcfen, kann nun jeder der Seite glauben, die ihm sympathischer ist. Aber man kann sich fragen, welche Seite von solchen Provokationen profitieren w\u00fcrde, also ein Motiv h\u00e4tte.<\/p>\n<p>Hat Russland ein Motiv, die NATO zu einem Krieg zu provozieren? Wenn man den westlichen Propagandisten glauben will, dann will Putin nach der Ukraine ja die NATO angreifen. Aber auch diese Herrschaften sagen alle, dass Russland dazu jetzt nicht bereit sei, solange der Krieg in der Ukraine tobt. Und sie sagen auch alle, dass Russland sich nach dem Ukraine-Krieg noch einige Jahre erholen m\u00fcsse und angeblich erst 2029 bereit f\u00fcr einen Angriff auf die NATO sei.<\/p>\n<p>Das spricht gegen die These, dass Russland jetzt in immer k\u00fcrzeren Abst\u00e4nden den Luftraum von NATO-Staaten verletzt und einen Krieg mit der NATO provozieren will.<\/p>\n<p>Andererseits haben wir in den letzten Monaten viele Provokationen von Seiten der Europ\u00e4er gesehen. Es sei nur an die v\u00f6lkerrechtlich illegale Kaperung von Handelsschiffen mit Ladung f\u00fcr oder aus Russland erinnert. Und es sei daran erinnert, dass die EU versucht, einen rechtlichen Rahmen zu finden, um die Ostsee f\u00fcr Handelsschiffe mit Ziel Russland zu blockieren. Hinzu kommt die Medienkampagne \u00fcber angeblich von Russland besch\u00e4digte Unterseekabel in der Ostsee, Details zu all dem finden Sie <a href=\"https:\/\/anti-spiegel.ru\/2025\/provoziert-die-eu-in-der-ostsee-den-krieg-gegen-russland\/\">hier<\/a>.<\/p>\n<p>Europ\u00e4ische Staaten haben in den letzten Monaten also bereits diverse Provokationen in der Ostsee durchgef\u00fchrt, von denen eine sogar dazu f\u00fchrte, dass ein russischer Kampfjet einem Handelsschiff zur Hilfe kommen musste, das die estnische Marine in ihre Gew\u00e4sser abdr\u00e4ngen wollte, um es zu kapern. Und auch der Verdacht, dass die russische Region St. Petersburg aus Estland mit Drohnen beschossen wird, ist keineswegs vom Tisch.<\/p>\n<p>Die europ\u00e4ischen Staaten spielen definitiv mit dem Feuer, indem sie russische Handelsschiffe kapern. Und es ist offensichtlich, dass sie ihren Luftraum f\u00fcr ukrainische Drohnen \u00f6ffnen, die Angriffe auf Petersburg fliegen, was eindeutig eine Kriegsbeteiligung ist. Und das ist noch die wohlwollende Vermutung, denn die Alternative w\u00e4re, dass St. Petersburg vom Baltikum aus angegriffen wird, die Details k\u00f6nnen Sie <a href=\"https:\/\/anti-spiegel.ru\/2025\/ukrainische-kamikazedrohne-ueber-estland-abgestuerzt\/\">hier<\/a> nachlesen.<\/p>\n<p>Auch von Versuchen einer Deeskalation ist auf Seiten der Europ\u00e4er nichts zu sehen, denn obwohl es zu dem Drohnenvorfall in Polen viele offene Fragen gibt und obwohl in Polen zun\u00e4chst sogar die Falschmeldung verbreitet wurde, ein Haus sei von einer Drohne besch\u00e4digt worden, wobei sich sp\u00e4ter herausstellte, dass es eine polnische Raketen gewesen ist, fordert niemand im Westen zumindest mal eine Untersuchung der Drohnen. Vielleicht waren es keine russischen Drohnen, sondern Attrappen f\u00fcr eine False-Flag-Operation. Das lie\u00dfe sich ja schnell und leicht feststellen, wenn die Drohnen von einer neutralen Kommission untersucht w\u00fcrden.<\/p>\n<p>Aber das geschieht nicht. Stattdessen hat die NATO umgehend die <a href=\"https:\/\/anti-spiegel.ru\/2025\/der-drohnenvorfall-ueber-polen-wurde-zum-vorwand-fuer-massive-truppenverlegungen-der-nato\/\">Entsendung von Truppen an die Ostflanke<\/a> gestartet und das mit der \u2013 ich wiederhole es: unbewiesenen \u2013 Behauptung einer russischen Provokation begr\u00fcndet.<\/p>\n<p>Es ist also offensichtlich, dass die Europ\u00e4er jeden Vorwand nutzen, um die Lage weiter zu eskalieren. Und es ist offensichtlich, dass die europ\u00e4ischen Medien das Spiel mitspielen und keine Fragen stellen.<\/p>\n<p>Daher ist es keineswegs ausgeschlossen, dass Polen und Estland die Luftraumverletzungen durch russische Flugzeuge erfunden haben.<\/p>\n<p>Aber nat\u00fcrlich kann man das auch anders sehen, denn wie gesagt liegen uns die Radardaten ja nicht vor. Wir sollen den Vorw\u00fcrfen aus Polen und Estland blind glauben.<\/p>\n<p>Vor unser aller Augen findet ein sehr gef\u00e4hrliches Spiel statt, bei dem wir alle nur spekulieren k\u00f6nnen, was wirklich passiert.<\/p>\n<p><a href=\"#top\"><span style=\"font-size: 10pt;\">\u2191 nach oben<\/span><\/a><\/p>\n<hr \/>\n<h5><a id=\"artikel5\"><\/a>Kriegsvorbereitungen<\/h5>\n<h3>Was hinter der NATO-Mission \u201eEastern Sentry\u201c in Osteuropa steckt<\/h3>\n<p><strong>Als Reaktion auf der Verletzungen des polnischen Luftraums durch angeblich russische Drohnen hat die NATO die Mission &#8222;Eastern Sentry&#8220; ausgerufen, die neue Land-, See- und Luftstreitkr\u00e4fte dauerhaft an die russische Grenze entsendet. Wer die Vorgeschichte kennt, versteht, was hinter der Mission steckt.<\/strong><\/p>\n<p><em>von <strong>Anti-Spiegel<\/strong> (d.i. <strong>Thomas R\u00f6per<\/strong>)<\/em><\/p>\n<p><span style=\"font-size: 10pt;\">Erstver\u00f6ffentlichung am 23.09.2025 auf <a href=\"https:\/\/anti-spiegel.ru\/2025\/was-hinter-der-nato-mission-eastern-sentry-in-osteuropa-steckt\/\" target=\"_blank\" rel=\"noopener\">anti-spiegel.ru<\/a><\/span><\/p>\n<p>Ich habe bereits darauf hingewiesen, dass die in letzter Zeit gemeldeten angeblichen Verletzungen des NATO-Luftraums durch russische Flugzeuge und Drohnen nur ein Vorwand f\u00fcr die Stationierung weiterer NATO-Kr\u00e4fte an der Grenze Russlands waren. Ich habe dabei auch auf die Vorgeschichte der Eskalationen hingewiesen, denn alle von der NATO vorgebrachten Vorw\u00fcrfe gegen Russland (Besch\u00e4digung von Unterseekabeln, etc.) haben sich im Nachhinein als unwahr oder zumindest keineswegs erwiesen herausgestellt. Aber die NATO hat jeden dieser Vorf\u00e4lle als Grund f\u00fcr eine Eskalation herangezogen. Die Details dazu finden Sie in diesem <a href=\"https:\/\/anti-spiegel.ru\/2025\/was-hat-es-mit-all-den-luftraumverletzungen-auf-sich\/\">Artikel<\/a>, wobei ich auch empfehle, die in dem Artikel verlinkten anderen Artikel zu lesen, um die Kausalkette besser zu verstehen.<\/p>\n<p>Ein russischer Milit\u00e4ranalyst hat sich dieses Thema ebenfalls angeschaut und dabei einen genaueren Blick auf die Aktionen der NATO geworfen, die parallel zu den Ereignissen stattgefunden haben. Das Ergebnis ist in meinen Augen noch d\u00fcsterer, als ich es in meinem Artikel gesehen habe, denn es zeichnet sich ein Bild mit von der NATO bewusst herbeigef\u00fchrten Vorw\u00e4nden ab, die auf einander aufbauen und im Ergebnis an Russlands Grenze eine starke und atomar bewaffnete NATO-Streitmacht aufgebaut haben. Ich habe den russischen <a href=\"https:\/\/tass.ru\/opinions\/25122461\">Artikel<\/a> daher \u00fcbersetzt.<\/p>\n<p><span style=\"font-family: 'courier new', courier, monospace;\"><strong>Beginn der \u00dcbersetzung:<\/strong><\/span><\/p>\n<h4 style=\"padding-left: 40px;\">NATO-\u201cW\u00e4chter\u201d: Welche Gefahren von den Initiativen im Baltikum und in Polen ausgehen<\/h4>\n<p style=\"padding-left: 40px;\"><strong>Alexander Stepanow \u00fcber die Kontrolle des Luftraums an den Grenzen Russlands und die Schaffung eines nuklearen G\u00fcrtels.<\/strong><\/p>\n<p style=\"padding-left: 40px;\">Die Strategie der NATO zur Eind\u00e4mmung Russlands nimmt immer klarere und gef\u00e4hrlichere Konturen an. Sie wird durch eine Reihe von \u201eWachmissionen\u201d umgesetzt und entwickelt sich von einer punktuellen \u00dcberwachung zu einer permanenten milit\u00e4rischen Pr\u00e4senz. Dabei w\u00e4chst sie allm\u00e4hlich zu einem komplexen und vielschichtigen System der Machtprojektion heran, dessen Schl\u00fcsselelement die nukleare Komponente ist.<\/p>\n<h5 style=\"padding-left: 40px;\">Baltic Sentry: der erste Schritt zur permanenten Kontrolle<\/h5>\n<p style=\"padding-left: 40px;\">Die Geschichte der NATO-\u201eW\u00e4chter\u201d begann mit einer Initiative, die im Laufe der Zeit den Status einer permanenten \u00dcberwachung des Luft- und Seeraums in der Ostsee erlangte. Es geht um die Mission Baltic Sentry (\u201eBaltischer W\u00e4chter\u201d), die Anfang Januar 2025 vom NATO-Generalsekret\u00e4r Mark Rutte offiziell ins Leben gerufen wurde.<\/p>\n<p style=\"padding-left: 40px;\">Der formelle Anlass f\u00fcr ihre Gr\u00fcndung waren Vorf\u00e4lle mit Sch\u00e4den an der Unterwasserinfrastruktur Ende 2024: am 25. Dezember an einem Kabel zwischen Finnland und Estland und zuvor an Leitungen, die Deutschland mit Finnland und Schweden mit Litauen verbinden. Die wahren Ziele der Mission sind jedoch nat\u00fcrlich viel weitreichender.<\/p>\n<p style=\"padding-left: 40px;\">Nach Angaben des Hauptquartiers der NATO-Streitkr\u00e4fte in Europa ist Baltic Sentry unbefristet und umfasst Mittel zur See, in der Luft, an Land und unter Wasser. Die Luftkomponente spielt dabei die Schl\u00fcsselrolle, aber das ist die erste segmentierte Ma\u00dfnahme zur umfassenden Kontrolle des Grenzgebiets zu Russland mit allen Streitkr\u00e4ften und Mitteln der NATO.<\/p>\n<p style=\"padding-left: 40px;\">Das Baltops-2025-Man\u00f6ver im Finnischen Meerbusen, das im Juni in einem strategisch wichtigen Gebiet westlich der Halbinsel Porkkala durchgef\u00fchrt wurde, demonstrierte die technologische \u201eF\u00fcllung\u201d dieser Mission. Die Allianz hat die neuesten maritimen Drohnen (WAM-V, Exile Drix X-8, HSMUSV, Voyager) f\u00fcr die Langzeit\u00fcberwachung des Meeresbodens und die Daten\u00fcbertragung \u00fcber das Satellitensystem Starlink getestet. Meiner Meinung nach ist das ein klarer Hinweis auf die Absicht, ein undurchdringliches und verteiltes robotergest\u00fctztes \u00dcberwachungsnetzwerk zu schaffen, das in der Lage ist, die Ostseeregion \u201eabzuriegeln\u201d.<\/p>\n<h5 style=\"padding-left: 40px;\">Eastern Sentry: Eskalation und Eintritt in eine neue Phase<\/h5>\n<p style=\"padding-left: 40px;\">Die Erfahrungen mit Baltic Sentry wurden umgehend auf eine neue \u201eHerausforderung\u201d \u00fcbertragen. Am 12. September 2025 verk\u00fcndete Mark Rutte den Beginn der Operation Eastern Sentry (\u201e\u00d6stlicher W\u00e4chter\u201d) als Reaktion auf einen Vorfall, bei dem ein unbemanntes Flugger\u00e4t in den polnischen Luftraum eingedrungen war. Ein weiterer \u201eplausibler\u201d Fake-Vorwand.<\/p>\n<p style=\"padding-left: 40px;\">De facto erh\u00e4lt Eastern Sentry eine permanente systemisch Grundlage f\u00fcr die \u00dcberwachung des Luftraums im Grenzgebiet des Unionsstaates aus Russland und Wei\u00dfrussland. Die nicht erkl\u00e4rten Ziele der Initiative sind jedoch weitaus anspruchsvoller. Es geht nicht nur um das Abfangen von Drohnen, sondern um die Blockade des Luftraums insgesamt und die Schaffung von Bedingungen f\u00fcr die Projektion der milit\u00e4rischen Macht der NATO auf ukrainisches Gebiet.<\/p>\n<p style=\"padding-left: 40px;\">Das ist ein Zwischenschritt, der im Rahmen der Stationierung eines multinationalen Kontingents die zuk\u00fcnftige vollst\u00e4ndige Kontrolle gew\u00e4hrleistet. Er beginnt mit der Dominanz in der Luft und dem Versuch, eine Flugverbotszone zu schaffen, um zu versuchen, unsere hochpr\u00e4zisen Raketenwaffen und Drohnen direkt abzufangen und die Aktivit\u00e4ten der russischen Luft- und Raumfahrtstreitkr\u00e4fte zu blockieren, was der Verwirklichung der Ziele der Milit\u00e4roperation zuwiderl\u00e4uft.<\/p>\n<p style=\"padding-left: 40px;\">Zu diesem Zweck werden in den russischen Grenzgebieten verschiedene Arten von hochpr\u00e4zisen Waffen stationiert: Eurofighter, Rafale und F-16. Insgesamt erf\u00fcllt dieses Man\u00f6ver mehrere Aufgaben: die Entsorgung veralteter Technik in einem potenziellen Konflikt, die Remilitarisierung Europas und die S\u00e4uberung des Vertragsraums f\u00fcr moderne amerikanische Waffen, vor allem die F-35. Es entsteht ein europaweites integriertes Raketenabwehr- und Luftverteidigungssystem sowie ein Netz von Flugh\u00e4fen mit entsprechender Infrastruktur, deren technologische Ausstattung wiederum dem milit\u00e4risch-industriellen Komplex der USA zur Verf\u00fcgung gestellt wird.<\/p>\n<h5 style=\"padding-left: 40px;\">Die nukleare Komponente: strategische Abschreckung durch direkte Bedrohung<\/h5>\n<p style=\"padding-left: 40px;\">Der beunruhigendste Aspekt der Mission Eastern Sentry ist die technologische nukleare Komponente. Die nach Polen verlegten franz\u00f6sischen Rafale-Kampfflugzeuge sind zertifizierte Tr\u00e4ger von ASMP-A-Raketen (Air-sol moyenne portee) mit einem Atomsprengkopf mit einer Sprengkraft von bis zu 300 Kilotonnen.<\/p>\n<p style=\"padding-left: 40px;\">Die Tatsache, dass sie in unmittelbarer N\u00e4he der russischen Grenze stationiert sind, ist die Umsetzung der zuvor vom franz\u00f6sischen Pr\u00e4sidenten Emmanuel Macron ge\u00e4u\u00dferten Ideen \u00fcber \u201eOffenheit f\u00fcr einen Dialog \u00fcber die m\u00f6gliche Stationierung franz\u00f6sischer Atomwaffen in anderen europ\u00e4ischen L\u00e4ndern\u201c.<\/p>\n<p style=\"padding-left: 40px;\">Dar\u00fcber hinaus sind an der Operation von D\u00e4nemark zur Verf\u00fcgung gestellte F-16 beteiligt, die f\u00fcr den Einsatz von B61-Thermonuklearbomben zertifiziert sind. Kopenhagen hat bereits seine Politik der Nichtstationierung von Atomwaffen auf seinem Territorium in Friedenszeiten \u00fcberarbeitet, was nicht nur den Weg f\u00fcr die Nuklearisierung Osteuropas, sondern auch f\u00fcr eine m\u00f6gliche R\u00fcckkehr amerikanischer Atomwaffen nach Gr\u00f6nland (das sich noch unter dem Protektorat des d\u00e4nischen K\u00f6nigreichs befindet) \u00f6ffnet.<\/p>\n<p style=\"padding-left: 40px;\">Deutschland, das Mehrzweckkampfflugzeuge vom Typ Eurofighter zur Verf\u00fcgung gestellt hat, f\u00fchrt derzeit intensive Verhandlungen mit den USA \u00fcber die Zertifizierung dieser Flugzeuge f\u00fcr den Einsatz derselben B61-Bomben. Es ist nicht auszuschlie\u00dfen, dass im Falle einer Eskalation alle geeigneten europ\u00e4ischen Tr\u00e4gerflugzeuge rasch f\u00fcr den Transport von Atomsprengk\u00f6pfen umger\u00fcstet werden.<\/p>\n<p style=\"padding-left: 40px;\">Somit ist Eastern Sentry nicht nur eine Operation zur St\u00e4rkung des Luftabwehrsystems. Es ist eine Plattform f\u00fcr die Kampfabstimmung der unterschiedlichen europ\u00e4ischen Luftstreitkr\u00e4fte mit amerikanischen Instrumenten, um den Einsatz hochpr\u00e4ziser Waffen, einschlie\u00dflich Atomwaffen, zu trainieren und sie unter der \u00c4gide der USA in ein einheitliches Kontrollsystem zu integrieren. Es entsteht eine offensive nukleare Luftwaffenkomponente des kollektiven Westens, die auf die strategische Eind\u00e4mmung Russlands durch die direkte Projektion einer nuklearen Bedrohung abzielt.<\/p>\n<p style=\"padding-left: 40px;\">Beide Missionen \u2013 Baltic Sentry und Eastern Sentry \u2013 sind Varianten einer einzigen Strategie. Es geht darum, einen dichten, technologisch hochentwickelten und permanenten Milit\u00e4rring an den Grenzen Russlands zu schaffen. Unter dem kaum konstruierten Vorwand der \u201eInfrastruktursicherung\u201d und \u201eLuftraum\u00fcberwachung\u201d wird dort ein System aufgebaut, dessen Schl\u00fcsselelement nicht nur die Abschreckung, sondern die Bedrohung durch den Einsatz von Atomwaffen ist. Das ist eine qualitativ neue Eskalationsstufe, die Osteuropa zu einem nuklearen Vorposten der NATO macht.<\/p>\n<h5 style=\"padding-left: 40px;\">Die russische Antwort: Verst\u00e4rkung in der Hoffnung auf Vernunft<\/h5>\n<p style=\"padding-left: 40px;\">Unterdessen ist bis Ende 2025 die Stationierung des russischen Raketensystems Oreschnik in Wei\u00dfrussland geplant. Au\u00dferdem wurde im Rahmen der Mitte September durchgef\u00fchrten \u00dcbungen Sapad-2025 der operative Einsatz und die Steuerung einer multikomponentigen Struktur der nicht-strategischen Nuklearstreitkr\u00e4fte mit Iskander, Hyperschallsystemen Kalibr und Zirkon erprobt. Dar\u00fcber hinaus hat Russland den Schutz von St. Petersburg und des gesamten Nordwestens des Landes im Rahmen des wieder geschaffenen Leningrader Milit\u00e4rbezirks durch mehrere neue motorisierte Infanterieverb\u00e4nde und eine Panzerdivision verst\u00e4rkt. Seine direkte Aufgabe ist es, Bedrohungen durch das der NATO beigetretene Finnland sowie durch Schweden, Norwegen und die baltischen Staaten zu neutralisieren.<\/p>\n<p style=\"padding-left: 40px;\">Die russische Antwort auf die Militarisierung und den Ausbau der milit\u00e4rischen Infrastruktur der NATO an ihrer Ostflanke erscheint daher zum gegenw\u00e4rtigen Zeitpunkt mehr als \u00fcberzeugend.<\/p>\n<p><strong><span style=\"font-family: 'courier new', courier, monospace;\">Ende der \u00dcbersetzung<\/span><\/strong><\/p>\n<p><a href=\"#top\"><span style=\"font-size: 10pt;\">\u2191 nach oben<\/span><\/a><\/p>\n<p style=\"text-align: right;\"><em>Thomas R\u00f6per, geboren 1971, lebt seit \u00fcber 15 Jahren in Russland. Die Schwerpunkte seiner medienkritischen Arbeit sind das (mediale) Russlandbild in Deutschland, Kritik an der Berichterstattung westlicher Medien im Allgemeinen und die Themen (Geo-)Politik und Wirtschaft.<\/em><\/p>\n<hr \/>\n<p><span style=\"font-size: 10pt;\">Bild oben: Russische <span class=\"mw-mmv-title\">Gerbera-Flugdrohne (Beispielbild)<br \/>\nFoto: Dpsu.gov.ua, <a href=\"https:\/\/creativecommons.org\/licenses\/by\/4.0\" target=\"_blank\" rel=\"noopener\">CC BY 4.0<\/a><br \/>\nQuellle: <a href=\"https:\/\/commons.wikimedia.org\/w\/index.php?curid=157767831\" target=\"_blank\" rel=\"noopener\">https:\/\/commons.wikimedia.org\/w\/index.php?curid=157767831<\/a><\/span><\/span><\/p>\n","protected":false},"excerpt":{"rendered":"<p><b>Eine Sammlung von 5 Beitr\u00e4gen von Thomas R\u00f6per<\/b><br \/>\nRund vier Wochen lang hat der in St. Petersburg wohnende deutsche Journalist Thomas R\u00f6per (mit Einreiseverbot in die EU) die \u201eZwischenf\u00e4lle\u201c zusammengetragen und ausgewertet, die uns von den Medien t\u00e4glich pr\u00e4sentiert werden: Luftraumverletzungen, Drohnen, St\u00f6rungen des Funkverkehrs, besch\u00e4digte Unterwasserkabel, Eindringen in Hoheitsgew\u00e4sser und dergleichen mehr. Sie werden auf Wahrheitsgehalt und Plausibilit\u00e4t abgeklopft, mit dem wenig \u00fcberraschenden Ergebnis: Der Bev\u00f6lkerung in den NATO-Staaten soll die L\u00fcge einer Bedrohung durch Russland in die K\u00f6pfe geh\u00e4mmert werden, w\u00e4hrend die NATO damit den eigenen massiven Milit\u00e4raufmarsch an der russischen Grenze rechtfertigen will.<\/p>\n","protected":false},"author":3,"featured_media":23012,"comment_status":"closed","ping_status":"closed","sticky":false,"template":"","format":"standard","meta":{"colormag_page_container_layout":"default_layout","colormag_page_sidebar_layout":"default_layout","advanced_seo_description":"","jetpack_seo_html_title":"","jetpack_seo_noindex":false,"jetpack_post_was_ever_published":false,"footnotes":""},"categories":[12],"tags":[1217,1458,1312,2396,2500,1491,1442,1819,56,1311,1396,1672,222,1815,1876,2224,1111,639],"class_list":["post-22981","post","type-post","status-publish","format-standard","has-post-thumbnail","hentry","category-demokratie-medien-aufklaerung","tag-baltikum","tag-bedrohung","tag-belarus","tag-drohnen","tag-estland","tag-kriegstreiberei","tag-luftraum","tag-marschflugkoerper","tag-nato","tag-polen","tag-provokation","tag-raketen","tag-russland","tag-selenskyj","tag-spekulation","tag-truppenstationierung","tag-ukraine","tag-ukraine-konflikt"],"jetpack_featured_media_url":"https:\/\/i0.wp.com\/www.freidenker.org\/fw17\/wp-content\/uploads\/2025\/09\/Drohne_Gerbera_800x450.jpg?fit=800%2C450&ssl=1","jetpack_shortlink":"https:\/\/wp.me\/p9stpK-5YF","jetpack-related-posts":[{"id":12367,"url":"https:\/\/www.freidenker.org\/?p=12367","url_meta":{"origin":22981,"position":0},"title":"Erkl\u00e4rung der GRH","author":"Webredaktion","date":"4. M\u00e4rz 2022","format":false,"excerpt":"Erkl\u00e4rung der GRH - Gesellschaft zur Rechtlichen und Humanit\u00e4ren Unterst\u00fctzung e.V. Seit dem 24.2. 2022 herrscht in der Ukraine Krieg. Der russische Pr\u00e4sident Putin hatte den Befehl zu einer Milit\u00e4roperation gegeben. Unmittelbarer Anlass f\u00fcr diese Entscheidung war eine Zuspitzung der Situation um die beiden Republiken des Donbass Donezk und Lugansk.\u2026","rel":"","context":"In &quot;Frieden - Antifaschismus - Solidarit\u00e4t&quot;","block_context":{"text":"Frieden - Antifaschismus - Solidarit\u00e4t","link":"https:\/\/www.freidenker.org\/?cat=13"},"img":{"alt_text":"","src":"https:\/\/i0.wp.com\/www.freidenker.org\/fw17\/wp-content\/uploads\/2022\/03\/grh-erklaerung_800x450.jpg?fit=800%2C450&ssl=1&resize=350%2C200","width":350,"height":200,"srcset":"https:\/\/i0.wp.com\/www.freidenker.org\/fw17\/wp-content\/uploads\/2022\/03\/grh-erklaerung_800x450.jpg?fit=800%2C450&ssl=1&resize=350%2C200 1x, https:\/\/i0.wp.com\/www.freidenker.org\/fw17\/wp-content\/uploads\/2022\/03\/grh-erklaerung_800x450.jpg?fit=800%2C450&ssl=1&resize=525%2C300 1.5x, https:\/\/i0.wp.com\/www.freidenker.org\/fw17\/wp-content\/uploads\/2022\/03\/grh-erklaerung_800x450.jpg?fit=800%2C450&ssl=1&resize=700%2C400 2x"},"classes":[]},{"id":22912,"url":"https:\/\/www.freidenker.org\/?p=22912","url_meta":{"origin":22981,"position":1},"title":"Medienkampagne \u00fcber Drohnenvorf\u00e4lle soll auf einen Krieg mit Russland vorbereiten","author":"Webredaktion","date":"24. September 2025","format":false,"excerpt":"Beitrag von Anti-Spiegel (d.i. Thomas R\u00f6per) Warum offensichtlich ist, dass die Medienkampagne \u00fcber Drohnenvorf\u00e4lle die Menschen in Europa auf einen Krieg mit Russland vorbereiten soll Die Meldungen aus D\u00e4nemark klingen dramatisch. Der Flughafen von Kopenhagen musste stundenlang gesperrt werden, weil dort Drohnen gesichtet wurden. Die d\u00e4nische Ministerpr\u00e4sidentin spricht von einem\u2026","rel":"","context":"In &quot;Demokratie \u2013 Medien \u2013 Aufkl\u00e4rung&quot;","block_context":{"text":"Demokratie \u2013 Medien \u2013 Aufkl\u00e4rung","link":"https:\/\/www.freidenker.org\/?cat=12"},"img":{"alt_text":"","src":"https:\/\/i0.wp.com\/www.freidenker.org\/fw17\/wp-content\/uploads\/2025\/09\/eu-evil1_800x450.jpg?fit=800%2C450&ssl=1&resize=350%2C200","width":350,"height":200,"srcset":"https:\/\/i0.wp.com\/www.freidenker.org\/fw17\/wp-content\/uploads\/2025\/09\/eu-evil1_800x450.jpg?fit=800%2C450&ssl=1&resize=350%2C200 1x, https:\/\/i0.wp.com\/www.freidenker.org\/fw17\/wp-content\/uploads\/2025\/09\/eu-evil1_800x450.jpg?fit=800%2C450&ssl=1&resize=525%2C300 1.5x, https:\/\/i0.wp.com\/www.freidenker.org\/fw17\/wp-content\/uploads\/2025\/09\/eu-evil1_800x450.jpg?fit=800%2C450&ssl=1&resize=700%2C400 2x"},"classes":[]},{"id":19215,"url":"https:\/\/www.freidenker.org\/?p=19215","url_meta":{"origin":22981,"position":2},"title":"Angriffe auf Russlands Fr\u00fchwarnradarsystem \u2013 Eskalation in Richtung Atomkrieg","author":"Webredaktion","date":"31. Mai 2024","format":false,"excerpt":"Beitrag von Rainer Rupp In der Nacht von Mittwoch auf Donnerstag haben ukrainische Drohnen die Radarstation Armawir in der s\u00fcdwestlichen russischen Region Krasnodar angegriffen. Armawir ist nicht irgendein Radarsystem, sondern ein wichtiger Teil des russischen Fr\u00fchwarnsystems zur Erkennung von Angriffen mit Interkontinentalen Ballistischen Raketen (ICBMs). Damit ist dieses Radar zusammen\u2026","rel":"","context":"In &quot;Demokratie \u2013 Medien \u2013 Aufkl\u00e4rung&quot;","block_context":{"text":"Demokratie \u2013 Medien \u2013 Aufkl\u00e4rung","link":"https:\/\/www.freidenker.org\/?cat=12"},"img":{"alt_text":"","src":"https:\/\/i0.wp.com\/www.freidenker.org\/fw17\/wp-content\/uploads\/2024\/05\/April_9th_rehearsal_in_Alabino_of_2014_Victory_Day_Parade_558-56_800x450.jpg?fit=800%2C450&ssl=1&resize=350%2C200","width":350,"height":200,"srcset":"https:\/\/i0.wp.com\/www.freidenker.org\/fw17\/wp-content\/uploads\/2024\/05\/April_9th_rehearsal_in_Alabino_of_2014_Victory_Day_Parade_558-56_800x450.jpg?fit=800%2C450&ssl=1&resize=350%2C200 1x, https:\/\/i0.wp.com\/www.freidenker.org\/fw17\/wp-content\/uploads\/2024\/05\/April_9th_rehearsal_in_Alabino_of_2014_Victory_Day_Parade_558-56_800x450.jpg?fit=800%2C450&ssl=1&resize=525%2C300 1.5x, https:\/\/i0.wp.com\/www.freidenker.org\/fw17\/wp-content\/uploads\/2024\/05\/April_9th_rehearsal_in_Alabino_of_2014_Victory_Day_Parade_558-56_800x450.jpg?fit=800%2C450&ssl=1&resize=700%2C400 2x"},"classes":[]},{"id":22232,"url":"https:\/\/www.freidenker.org\/?p=22232","url_meta":{"origin":22981,"position":3},"title":"Die Abschlusserkl\u00e4rung des NATO-Gipfels hat nur ein Thema","author":"Webredaktion","date":"27. Juni 2025","format":false,"excerpt":"Beitrag von Anti-Spiegel (d.i. Thomas R\u00f6per) Die Abschlusserkl\u00e4rung des NATO-Gipfels in Den Haag ist die k\u00fcrzeste seit mindestens 30 Jahren. Der Umfang des Kommuniqu\u00e9s betrug nur 10 Prozent des Vorjahres. Es sind 427 gegen\u00fcber den 5.000 W\u00f6rtern der Erkl\u00e4rung nach dem Treffen in Washington 2024, hat die russische Nachrichtenagentur TASS\u2026","rel":"","context":"In &quot;Demokratie \u2013 Medien \u2013 Aufkl\u00e4rung&quot;","block_context":{"text":"Demokratie \u2013 Medien \u2013 Aufkl\u00e4rung","link":"https:\/\/www.freidenker.org\/?cat=12"},"img":{"alt_text":"","src":"https:\/\/i0.wp.com\/www.freidenker.org\/fw17\/wp-content\/uploads\/2025\/06\/NATO_Summit_2025_54611755854_800x450.jpg?fit=800%2C450&ssl=1&resize=350%2C200","width":350,"height":200,"srcset":"https:\/\/i0.wp.com\/www.freidenker.org\/fw17\/wp-content\/uploads\/2025\/06\/NATO_Summit_2025_54611755854_800x450.jpg?fit=800%2C450&ssl=1&resize=350%2C200 1x, https:\/\/i0.wp.com\/www.freidenker.org\/fw17\/wp-content\/uploads\/2025\/06\/NATO_Summit_2025_54611755854_800x450.jpg?fit=800%2C450&ssl=1&resize=525%2C300 1.5x, https:\/\/i0.wp.com\/www.freidenker.org\/fw17\/wp-content\/uploads\/2025\/06\/NATO_Summit_2025_54611755854_800x450.jpg?fit=800%2C450&ssl=1&resize=700%2C400 2x"},"classes":[]},{"id":17282,"url":"https:\/\/www.freidenker.org\/?p=17282","url_meta":{"origin":22981,"position":4},"title":"Neue Rolle f\u00fcr Polen und Ukraine","author":"Webredaktion","date":"19. Oktober 2023","format":false,"excerpt":"Ein Kommentar von\u00a0Rainer Rupp Wenn die nachfolgend geschilderten RAND-Vorschl\u00e4ge realistisch w\u00e4ren, k\u00f6nnten US\/NATO mit einem blauen Auge davonkommen und w\u00fcrden nicht \u2013 wie zu erwarten \u2013 eklatant als die gro\u00dfen Verlierer in der Ukraine dastehen. Und wom\u00f6glich k\u00e4me Washington auch seinem Ziel, Russland strategisch zu schw\u00e4chen, doch noch etwas n\u00e4her.\u2026","rel":"","context":"In &quot;Demokratie \u2013 Medien \u2013 Aufkl\u00e4rung&quot;","block_context":{"text":"Demokratie \u2013 Medien \u2013 Aufkl\u00e4rung","link":"https:\/\/www.freidenker.org\/?cat=12"},"img":{"alt_text":"","src":"https:\/\/i0.wp.com\/www.freidenker.org\/fw17\/wp-content\/uploads\/2023\/10\/Ukraine%E2%80%93NATO_Fahnen_800x450.jpg?fit=800%2C450&ssl=1&resize=350%2C200","width":350,"height":200,"srcset":"https:\/\/i0.wp.com\/www.freidenker.org\/fw17\/wp-content\/uploads\/2023\/10\/Ukraine%E2%80%93NATO_Fahnen_800x450.jpg?fit=800%2C450&ssl=1&resize=350%2C200 1x, https:\/\/i0.wp.com\/www.freidenker.org\/fw17\/wp-content\/uploads\/2023\/10\/Ukraine%E2%80%93NATO_Fahnen_800x450.jpg?fit=800%2C450&ssl=1&resize=525%2C300 1.5x, https:\/\/i0.wp.com\/www.freidenker.org\/fw17\/wp-content\/uploads\/2023\/10\/Ukraine%E2%80%93NATO_Fahnen_800x450.jpg?fit=800%2C450&ssl=1&resize=700%2C400 2x"},"classes":[]},{"id":17757,"url":"https:\/\/www.freidenker.org\/?p=17757","url_meta":{"origin":22981,"position":5},"title":"Profitabler Familienladen h\u00e4lt US\/NATO-Kriege am Laufen","author":"Webredaktion","date":"6. Januar 2024","format":false,"excerpt":"Beitrag von Rainer Rupp Das \"Institute for the Study of War\" (ISW) ist eine vom US-Milit\u00e4risch-Industriellen Komplex (MIK) finanzierte Propaganda- und Desinformationsfabrik, die von f\u00fchrenden, neokonservativen Kriegstreibern betrieben wird. In dem eng verfilzten sicherheitspolitischen Establishment des \"Kollektiven Westens\" werden die antirussischen, vor allem aber die pers\u00f6nlich gegen \"Zar Putin den\u2026","rel":"","context":"In &quot;Demokratie \u2013 Medien \u2013 Aufkl\u00e4rung&quot;","block_context":{"text":"Demokratie \u2013 Medien \u2013 Aufkl\u00e4rung","link":"https:\/\/www.freidenker.org\/?cat=12"},"img":{"alt_text":"","src":"https:\/\/i0.wp.com\/www.freidenker.org\/fw17\/wp-content\/uploads\/2024\/01\/veteran-1807121_800x450.jpg?fit=800%2C450&ssl=1&resize=350%2C200","width":350,"height":200,"srcset":"https:\/\/i0.wp.com\/www.freidenker.org\/fw17\/wp-content\/uploads\/2024\/01\/veteran-1807121_800x450.jpg?fit=800%2C450&ssl=1&resize=350%2C200 1x, https:\/\/i0.wp.com\/www.freidenker.org\/fw17\/wp-content\/uploads\/2024\/01\/veteran-1807121_800x450.jpg?fit=800%2C450&ssl=1&resize=525%2C300 1.5x, https:\/\/i0.wp.com\/www.freidenker.org\/fw17\/wp-content\/uploads\/2024\/01\/veteran-1807121_800x450.jpg?fit=800%2C450&ssl=1&resize=700%2C400 2x"},"classes":[]}],"_links":{"self":[{"href":"https:\/\/www.freidenker.org\/index.php?rest_route=\/wp\/v2\/posts\/22981","targetHints":{"allow":["GET"]}}],"collection":[{"href":"https:\/\/www.freidenker.org\/index.php?rest_route=\/wp\/v2\/posts"}],"about":[{"href":"https:\/\/www.freidenker.org\/index.php?rest_route=\/wp\/v2\/types\/post"}],"author":[{"embeddable":true,"href":"https:\/\/www.freidenker.org\/index.php?rest_route=\/wp\/v2\/users\/3"}],"replies":[{"embeddable":true,"href":"https:\/\/www.freidenker.org\/index.php?rest_route=%2Fwp%2Fv2%2Fcomments&post=22981"}],"version-history":[{"count":8,"href":"https:\/\/www.freidenker.org\/index.php?rest_route=\/wp\/v2\/posts\/22981\/revisions"}],"predecessor-version":[{"id":23015,"href":"https:\/\/www.freidenker.org\/index.php?rest_route=\/wp\/v2\/posts\/22981\/revisions\/23015"}],"wp:featuredmedia":[{"embeddable":true,"href":"https:\/\/www.freidenker.org\/index.php?rest_route=\/wp\/v2\/media\/23012"}],"wp:attachment":[{"href":"https:\/\/www.freidenker.org\/index.php?rest_route=%2Fwp%2Fv2%2Fmedia&parent=22981"}],"wp:term":[{"taxonomy":"category","embeddable":true,"href":"https:\/\/www.freidenker.org\/index.php?rest_route=%2Fwp%2Fv2%2Fcategories&post=22981"},{"taxonomy":"post_tag","embeddable":true,"href":"https:\/\/www.freidenker.org\/index.php?rest_route=%2Fwp%2Fv2%2Ftags&post=22981"}],"curies":[{"name":"wp","href":"https:\/\/api.w.org\/{rel}","templated":true}]}}