{"id":22923,"date":"2025-09-25T21:58:48","date_gmt":"2025-09-25T19:58:48","guid":{"rendered":"https:\/\/www.freidenker.org\/?p=22923"},"modified":"2026-03-17T20:02:56","modified_gmt":"2026-03-17T19:02:56","slug":"freidenker-3-25-thomas-muentzer-500-jahre-fruehbuergerliche-revolution","status":"publish","type":"post","link":"https:\/\/www.freidenker.org\/?p=22923","title":{"rendered":"FREIDENKER 3-25 \u2013 Thomas M\u00fcntzer: 500 Jahre Fr\u00fchb\u00fcrgerliche Revolution"},"content":{"rendered":"<p>FREIDENKER Nr. 3-25, September 2025, 84. Jahrgang<\/p>\n<h4>Thomas M\u00fcntzer: 500 Jahre Fr\u00fchb\u00fcrgerliche Revolution<\/h4>\n<p><em>Dieses Heft enth\u00e4lt die Redebeitr\u00e4ge der Thomas-M\u00fcntzer-Tagung des DFV in Bad Frankenhausen am 30.05.2025<\/em><\/p>\n<p><strong>Editorial<\/strong><\/p>\n<p>Liebe Leserin, lieber Leser,<\/p>\n<p>gegen den laut Fritz Merz \u201evielleicht schwer\u00adsten Kriegsverbrecher unserer Zeit\u201c wird in Deutschland jetzt wieder die Kriegsdienst\u00adpflicht eingef\u00fchrt. Zur Probe erstmal f\u00fcr Frei\u00adwillige (auch Frauen), wenn so nicht genug Kanonenfutter zusammenkommt, werden die Z\u00fcgel angezogen. Da das wom\u00f6glich auch noch nicht reicht, schl\u00e4gt DIW-Chef Fratz\u00adscher ein \u201ePflichtjahr\u201c f\u00fcr Rentner vor, als \u201eWiedergutmachung\u201c daf\u00fcr, \u201ezu wenig Kin\u00adder f\u00fcr die Verteidigung\u201c bekommen zu ha\u00adben. Womit der Volkssturm dann wieder komplett w\u00e4re, wie kriegst\u00fcchtig auch immer.<\/p>\n<p>In Moskau erkl\u00e4rte Pr\u00e4sidentensprecher Peskow, Merz\u2018 \u201eMeinung spielt f\u00fcr uns keine Rolle\u201c, und der russische Auslandsgeheim\u00addienst urteilte, Merz sei \u201evon dem Gedanken besessen, sich f\u00fcr die Niederlage Nazi-Deutschlands gegen die Sowjetunion zu r\u00e4chen\u201c, er sei im Geiste \u201eseines Gro\u00dfvaters Joseph Paul Sauvigny und seines Vaters Jo\u00adachim Merz erzogen\u201c worden, die \u201edem NS-Regime treu und redlich gedient hatten.\u201c<\/p>\n<p>In Berlin wiederholt der Untergangskanzler \u201eDeutschland ist aufgrund seiner Gr\u00f6\u00dfe und seiner wirtschaftlichen St\u00e4rke das Land, das in der NATO auf europ\u00e4ischer Seite die st\u00e4rk\u00adste konventionelle Armee haben muss\u201c. Sein Vize hei\u00dft Klingbeil, und als nebenberuflicher Finanzminister Kiews verk\u00fcndete er: \u201eWir werden die Ukraine j\u00e4hrlich mit neun Milliar\u00adden unterst\u00fctzen\u201c. Daf\u00fcr reicht unsere \u201ewirt\u00adschaftliche St\u00e4rke\u201c, aber: \u201eDer Sozialstaat, wie wir ihn heute haben, ist mit dem, was wir volkswirtschaftlich leisten, nicht mehr finan\u00adzierbar\u201c, l\u00fcgt Fritz Merz unverdrossen weiter. Wenn er dann \u201evon einer \u00f6konomischen Er\u00adsch\u00f6pfung\u201c spricht, \u201edie wir mit herbeif\u00fchren m\u00fcssen\u201c, meint er aber wieder Russland.<\/p>\n<p>Dazu passt ein irrer Generalmajor Freu\u00adding, der den ukrainischen Angriff auf russi\u00adsche Atomstreitkr\u00e4fte begr\u00fc\u00dft, einschlie\u00dflich der Sprengung von Eisenbahnbr\u00fccken in Brjansk und Kursk, bei der sieben Zivilisten starben und \u00fcber hundert verletzt wurden. Daf\u00fcr wird er von Kriegsert\u00fcchtiger Pistorius nicht etwa entlassen, sondern zum Inspekteur des Heeres bef\u00f6rdert \u2013 kriminell wie ekelhaft.<\/p>\n<p><em>Herzlichst Klaus Hartmann<\/em><\/p>\n<p>Inhalt<\/p>\n<p><strong>Verbandsgeschichte<\/strong><\/p>\n<ul>\n<li><a href=\"https:\/\/www.freidenker.org\/?p=22949\">Vor 100 Jahren erschien: Der Freidenker, Nummer 1<\/a><\/li>\n<li>Max Sievers<br \/>\n<a href=\"https:\/\/www.freidenker.org\/?p=22949\">Um des Geistes Freiheit<\/a><br \/>\n(<img data-recalc-dims=\"1\" loading=\"lazy\" decoding=\"async\" data-attachment-id=\"1072\" data-permalink=\"https:\/\/www.freidenker.org\/?attachment_id=1072\" data-orig-file=\"https:\/\/i0.wp.com\/www.freidenker.org\/fw17\/wp-content\/uploads\/2017\/10\/pdf_icon-e1509487447542.png?fit=16%2C16&amp;ssl=1\" data-orig-size=\"16,16\" data-comments-opened=\"0\" data-image-meta=\"{&quot;aperture&quot;:&quot;0&quot;,&quot;credit&quot;:&quot;&quot;,&quot;camera&quot;:&quot;&quot;,&quot;caption&quot;:&quot;&quot;,&quot;created_timestamp&quot;:&quot;0&quot;,&quot;copyright&quot;:&quot;&quot;,&quot;focal_length&quot;:&quot;0&quot;,&quot;iso&quot;:&quot;0&quot;,&quot;shutter_speed&quot;:&quot;0&quot;,&quot;title&quot;:&quot;&quot;,&quot;orientation&quot;:&quot;0&quot;}\" data-image-title=\"pdf_icon_16\" data-image-description=\"\" data-image-caption=\"\" data-large-file=\"https:\/\/i0.wp.com\/www.freidenker.org\/fw17\/wp-content\/uploads\/2017\/10\/pdf_icon-e1509487447542.png?fit=16%2C16&amp;ssl=1\" class=\"alignnone size-full wp-image-1072\" src=\"https:\/\/i0.wp.com\/www.freidenker.org\/fw17\/wp-content\/uploads\/2017\/10\/pdf_icon-e1509487447542.png?resize=16%2C16&#038;ssl=1\" alt=\"\" width=\"16\" height=\"16\" \/> <a href=\"https:\/\/www.freidenker.org\/fw17\/wp-content\/uploads\/2025\/09\/Freidenker_2025-03_Vor100JahrenErschienDerFreidenkerNummer1.pdf\" target=\"_blank\" rel=\"noopener\">PDF-Dokument<\/a>, ca. 351 KB)<\/li>\n<\/ul>\n<p><strong>Thema<\/strong><\/p>\n<ul>\n<li>Thomas Loch<br \/>\n<a href=\"https:\/\/www.freidenker.org\/?p=22957\">Thomas M\u00fcntzer, Theologe und Revolution\u00e4r<\/a><br \/>\n(<img data-recalc-dims=\"1\" loading=\"lazy\" decoding=\"async\" data-attachment-id=\"1072\" data-permalink=\"https:\/\/www.freidenker.org\/?attachment_id=1072\" data-orig-file=\"https:\/\/i0.wp.com\/www.freidenker.org\/fw17\/wp-content\/uploads\/2017\/10\/pdf_icon-e1509487447542.png?fit=16%2C16&amp;ssl=1\" data-orig-size=\"16,16\" data-comments-opened=\"0\" data-image-meta=\"{&quot;aperture&quot;:&quot;0&quot;,&quot;credit&quot;:&quot;&quot;,&quot;camera&quot;:&quot;&quot;,&quot;caption&quot;:&quot;&quot;,&quot;created_timestamp&quot;:&quot;0&quot;,&quot;copyright&quot;:&quot;&quot;,&quot;focal_length&quot;:&quot;0&quot;,&quot;iso&quot;:&quot;0&quot;,&quot;shutter_speed&quot;:&quot;0&quot;,&quot;title&quot;:&quot;&quot;,&quot;orientation&quot;:&quot;0&quot;}\" data-image-title=\"pdf_icon_16\" data-image-description=\"\" data-image-caption=\"\" data-large-file=\"https:\/\/i0.wp.com\/www.freidenker.org\/fw17\/wp-content\/uploads\/2017\/10\/pdf_icon-e1509487447542.png?fit=16%2C16&amp;ssl=1\" class=\"alignnone size-full wp-image-1072\" src=\"https:\/\/i0.wp.com\/www.freidenker.org\/fw17\/wp-content\/uploads\/2017\/10\/pdf_icon-e1509487447542.png?resize=16%2C16&#038;ssl=1\" alt=\"\" width=\"16\" height=\"16\" \/> <a href=\"https:\/\/www.freidenker.org\/fw17\/wp-content\/uploads\/2025\/09\/Freidenker_2025-03_Loch_ThomasMuentzer-TheologeUndRevolutionaer.pdf\" target=\"_blank\" rel=\"noopener\">PDF-Dokument<\/a>, ca. 656 KB)<\/li>\n<li>Klaus Hartmann<br \/>\nDie fr\u00fchb\u00fcrgerliche Revolution als Vorl\u00e4ufer des neueren Sozialismus<\/li>\n<li>Wolfgang Beck<br \/>\nVom Bauernkrieg zur Bedarfswirtschaft \u2013 eine historische Einordnung<\/li>\n<li>Witold Fischer<br \/>\nDie Macht soll gegeben werden dem gemeinen Volk!<\/li>\n<\/ul>\n<p><strong>Meldungen, Meinungen\u00a0<\/strong><\/p>\n<ul>\n<li>Tobias Baumann<br \/>\nSowjetisch-franz\u00f6sische Ann\u00e4herung torpediert<\/li>\n<\/ul>\n<p><strong>Leserbriefe\u00a0<\/strong><\/p>\n<ul>\n<li>Zu \u201eIst die AfD als faschistisch zu charakterisieren?\u201c, Freidenker 2-2025, S. 12-18\n<ul>\n<li>F. Stanke<\/li>\n<li>Klaus Ried: Weit hergeholt, historisch falsch<\/li>\n<\/ul>\n<\/li>\n<\/ul>\n<p><strong>Chronik<\/strong><\/p>\n<ul>\n<li>Weltunion der Freidenker: Konferenz in Gy\u00f6r, Ungarn\n<ul>\n<li><a href=\"https:\/\/www.freidenker.org\/?p=22661\">Resolution: Krieg und Faschismus den Weg versperren!<\/a><\/li>\n<\/ul>\n<\/li>\n<li>Wir gratulieren herzlich<\/li>\n<li>Abschied von Heinz Timm<\/li>\n<li><a href=\"https:\/\/www.freidenker.org\/?p=22382\">Wir trauern um Prof. Dr. Erich Hahn<\/a><\/li>\n<li>Erinnerung an Hajo Kahlke<\/li>\n<\/ul>\n<p><strong>B\u00fccher f\u00fcr Freidenker\u00a0<\/strong><\/p>\n<ul>\n<li>Christel Buchinger<br \/>\nDer Kaiser ist nackt\u2026 Marx f\u00fcr den modischen Zeitgeist<br \/>\n(Rezension zu Kohei Saito: Systemsturz. Der Sieg der Natur \u00fcber den Kapitalismus.)<\/li>\n<\/ul>\n<p><strong>Lyrik<\/strong><\/p>\n<ul>\n<li>Die Schmetterlinge<br \/>\nBericht \u00fcber Thomas M\u00fcntzer<\/li>\n<\/ul>\n<p><img data-recalc-dims=\"1\" loading=\"lazy\" decoding=\"async\" data-attachment-id=\"22924\" data-permalink=\"https:\/\/www.freidenker.org\/?attachment_id=22924\" data-orig-file=\"https:\/\/i0.wp.com\/www.freidenker.org\/fw17\/wp-content\/uploads\/2025\/09\/fd_2025-03_640px.jpg?fit=456%2C642&amp;ssl=1\" data-orig-size=\"456,642\" data-comments-opened=\"0\" data-image-meta=\"{&quot;aperture&quot;:&quot;0&quot;,&quot;credit&quot;:&quot;&quot;,&quot;camera&quot;:&quot;&quot;,&quot;caption&quot;:&quot;&quot;,&quot;created_timestamp&quot;:&quot;0&quot;,&quot;copyright&quot;:&quot;&quot;,&quot;focal_length&quot;:&quot;0&quot;,&quot;iso&quot;:&quot;0&quot;,&quot;shutter_speed&quot;:&quot;0&quot;,&quot;title&quot;:&quot;&quot;,&quot;orientation&quot;:&quot;1&quot;}\" data-image-title=\"fd_2025-03_640px\" data-image-description=\"\" data-image-caption=\"\" data-large-file=\"https:\/\/i0.wp.com\/www.freidenker.org\/fw17\/wp-content\/uploads\/2025\/09\/fd_2025-03_640px.jpg?fit=456%2C642&amp;ssl=1\" class=\"alignnone wp-image-22924 size-full\" src=\"https:\/\/i0.wp.com\/www.freidenker.org\/fw17\/wp-content\/uploads\/2025\/09\/fd_2025-03_640px.jpg?resize=456%2C642&#038;ssl=1\" alt=\"\" width=\"456\" height=\"642\" srcset=\"https:\/\/i0.wp.com\/www.freidenker.org\/fw17\/wp-content\/uploads\/2025\/09\/fd_2025-03_640px.jpg?w=456&amp;ssl=1 456w, https:\/\/i0.wp.com\/www.freidenker.org\/fw17\/wp-content\/uploads\/2025\/09\/fd_2025-03_640px.jpg?resize=213%2C300&amp;ssl=1 213w\" sizes=\"auto, (max-width: 456px) 100vw, 456px\" \/><\/p>\n<h5>Online-Ausgabe:<\/h5>\n<p>Das Heft kann hier voraussichtlich ab dem 15.09.2026 komplett als PDF-Dokument angesehen und heruntergeladen werden.<\/p>\n<p>Zum\u00a0<a href=\"https:\/\/www.freidenker.org\/?page_id=1682\">\u00dcberblick \u00fcber alle Online-Ausgaben<\/a><\/p>\n<p>&nbsp;<\/p>\n","protected":false},"excerpt":{"rendered":"<p><b>Die Ausgabe 3-25 des Verbandsorgans FREIDENKER hat das Schwerpunkt-Thema \u201eThomas M\u00fcntzer: 500 Jahre Fr\u00fchb\u00fcrgerliche Revolution\u201c und enth\u00e4lt u.a. folgende Beitr\u00e4ge:<\/b><br \/>\n&#8211; Max Sievers: Um des Geistes Freiheit<br \/>\n&#8211; Thomas Loch: Thomas M\u00fcntzer, Theologe und Revolution\u00e4r\u00a0<br \/>\n&#8211; Klaus Hartmann: Die fr\u00fchb\u00fcrgerliche Revolution als Vorl\u00e4ufer des neueren Sozialismus<br \/>\n&#8211; Wolfgang Beck: Vom Bauernkrieg zur Bedarfswirtschaft \u2013 eine historische Einordnung\u00a0<br \/>\n&#8211; Witold Fischer: Die Macht soll gegeben werden dem gemeinen Volk!\u00a0<br \/>\n&#8211; Tobias Baumann: Sowjetisch-franz\u00f6sische Ann\u00e4herung torpediert<br \/>\n&#8211; Christel Buchinger: Der Kaiser ist nackt\u2026 Marx f\u00fcr den modischen Zeitgeist (Rezension)<\/p>\n","protected":false},"author":3,"featured_media":22925,"comment_status":"closed","ping_status":"closed","sticky":false,"template":"","format":"standard","meta":{"colormag_page_container_layout":"default_layout","colormag_page_sidebar_layout":"default_layout","advanced_seo_description":"","jetpack_seo_html_title":"","jetpack_seo_noindex":false,"jetpack_post_was_ever_published":false,"footnotes":""},"categories":[8],"tags":[919,2795,2794,1872,451,1027,159,496,921,923,390,138,430,564,2721,2553,479,726,2185],"class_list":["post-22923","post","type-post","status-publish","format-standard","has-post-thumbnail","hentry","category-verbandsorgan-freidenker","tag-bauernkrieg","tag-bedarfswirtschaft","tag-der-freidenker","tag-epoche","tag-faschismus","tag-frankreich","tag-freiheit","tag-karl-marx","tag-martin-luther","tag-max-sievers","tag-papst","tag-revolution","tag-sowjetunion","tag-sozialismus","tag-theologie","tag-thomas-muentzer","tag-volk","tag-weltunion-der-freidenker","tag-zeitgeist"],"jetpack_featured_media_url":"https:\/\/i0.wp.com\/www.freidenker.org\/fw17\/wp-content\/uploads\/2025\/09\/FD_2025-03_Titel_mR.jpg?fit=800%2C445&ssl=1","jetpack_shortlink":"https:\/\/wp.me\/p9stpK-5XJ","jetpack-related-posts":[{"id":21785,"url":"https:\/\/www.freidenker.org\/?p=21785","url_meta":{"origin":22923,"position":0},"title":"Tagung &#8222;Thomas M\u00fcntzer und 500 Jahre Fr\u00fchb\u00fcrgerliche Revolution&#8220;","author":"Webredaktion","date":"9. Mai 2025","format":false,"excerpt":"Der Deutsche Freidenker-Verband l\u00e4dt ein zur Tagung: Thomas M\u00fcntzer \u2013 1489 - 27. Mai 1525 \u2013 und\u00a0500 Jahre Fr\u00fchb\u00fcrgerliche Revolution * Treffpunkt zum gemeinsamen Spaziergang zum Panorama-Museum: Freitag, 30. Mai 2025, 10 Uhr, Hotel Th\u00fcringer Hof,\u00a0Anger 15, 06567 Bad Frankenhausen * F\u00fchrung durch das Panoramamuseum mit dem Rundgem\u00e4lde\u00a0von Werner T\u00fcbke:\u00a0\u201e500\u2026","rel":"","context":"In &quot;Geschichte&quot;","block_context":{"text":"Geschichte","link":"https:\/\/www.freidenker.org\/?cat=1162"},"img":{"alt_text":"","src":"https:\/\/i0.wp.com\/www.freidenker.org\/fw17\/wp-content\/uploads\/2025\/05\/Portret_van_Thomas_Muntzer_RP-P-1909-414_ausschnitt_800x450.jpg?fit=800%2C450&ssl=1&resize=350%2C200","width":350,"height":200,"srcset":"https:\/\/i0.wp.com\/www.freidenker.org\/fw17\/wp-content\/uploads\/2025\/05\/Portret_van_Thomas_Muntzer_RP-P-1909-414_ausschnitt_800x450.jpg?fit=800%2C450&ssl=1&resize=350%2C200 1x, https:\/\/i0.wp.com\/www.freidenker.org\/fw17\/wp-content\/uploads\/2025\/05\/Portret_van_Thomas_Muntzer_RP-P-1909-414_ausschnitt_800x450.jpg?fit=800%2C450&ssl=1&resize=525%2C300 1.5x, https:\/\/i0.wp.com\/www.freidenker.org\/fw17\/wp-content\/uploads\/2025\/05\/Portret_van_Thomas_Muntzer_RP-P-1909-414_ausschnitt_800x450.jpg?fit=800%2C450&ssl=1&resize=700%2C400 2x"},"classes":[]},{"id":21275,"url":"https:\/\/www.freidenker.org\/?p=21275","url_meta":{"origin":22923,"position":1},"title":"Freidenker-Treffen Sachsen-Anhalt 2025 und Konferenz &#8222;Thomas M\u00fcntzer \u2013 500 Jahre Deutscher Bauernkrieg&#8220;","author":"Webredaktion","date":"27. M\u00e4rz 2025","format":false,"excerpt":"Epochen des Umbruch! Freidenker-Treffen Sachsen-Anhalt 2025 Am Wochenende vom 25. bis 27.04.2025 findet in Quedlinburg das diesj\u00e4hrige offene Bildungswochenende des Landesverbandes Sachsen-Anhalt im Deutschen Freidenker-Verband in Quedlinburg statt. Am Freitag den 25.04.2025 wird es ab 19:00 Uhr eine Lesung mit Diskussion zum Thema des Wochenendes, Epochen des Umbruch und die\u2026","rel":"","context":"In &quot;Kultur &amp; Kunst&quot;","block_context":{"text":"Kultur &amp; Kunst","link":"https:\/\/www.freidenker.org\/?cat=913"},"img":{"alt_text":"","src":"https:\/\/i0.wp.com\/www.freidenker.org\/fw17\/wp-content\/uploads\/2025\/03\/Muentzer-Kolage2_800x450.jpg?fit=800%2C450&ssl=1&resize=350%2C200","width":350,"height":200,"srcset":"https:\/\/i0.wp.com\/www.freidenker.org\/fw17\/wp-content\/uploads\/2025\/03\/Muentzer-Kolage2_800x450.jpg?fit=800%2C450&ssl=1&resize=350%2C200 1x, https:\/\/i0.wp.com\/www.freidenker.org\/fw17\/wp-content\/uploads\/2025\/03\/Muentzer-Kolage2_800x450.jpg?fit=800%2C450&ssl=1&resize=525%2C300 1.5x, https:\/\/i0.wp.com\/www.freidenker.org\/fw17\/wp-content\/uploads\/2025\/03\/Muentzer-Kolage2_800x450.jpg?fit=800%2C450&ssl=1&resize=700%2C400 2x"},"classes":[]},{"id":22957,"url":"https:\/\/www.freidenker.org\/?p=22957","url_meta":{"origin":22923,"position":2},"title":"Thomas M\u00fcntzer, Theologe und Revolution\u00e4r","author":"Webredaktion","date":"27. September 2025","format":false,"excerpt":"Der Gro\u00dfe Bauernkrieg \u2013 H\u00f6hepunkt einer Epoche im Umbruch und historische Parallelen von Thomas Loch Vortrag, gehalten auf der Thomas-M\u00fcntzer-Tagung des DFV in Bad Frankenhausen am 30.05.2025. - Die Epoche, in welcher Thomas M\u00fcntzer lebte, war eine Epoche des Umbruchs, des \u00dcbergangs vom Feudalismus zum Kapitalismus. Damit \u00e4hnelt sie in\u2026","rel":"","context":"In &quot;Geschichte&quot;","block_context":{"text":"Geschichte","link":"https:\/\/www.freidenker.org\/?cat=1162"},"img":{"alt_text":"","src":"https:\/\/i0.wp.com\/www.freidenker.org\/fw17\/wp-content\/uploads\/2025\/09\/Loch_Muentzer_vortrag.jpg?fit=800%2C450&ssl=1&resize=350%2C200","width":350,"height":200,"srcset":"https:\/\/i0.wp.com\/www.freidenker.org\/fw17\/wp-content\/uploads\/2025\/09\/Loch_Muentzer_vortrag.jpg?fit=800%2C450&ssl=1&resize=350%2C200 1x, https:\/\/i0.wp.com\/www.freidenker.org\/fw17\/wp-content\/uploads\/2025\/09\/Loch_Muentzer_vortrag.jpg?fit=800%2C450&ssl=1&resize=525%2C300 1.5x, https:\/\/i0.wp.com\/www.freidenker.org\/fw17\/wp-content\/uploads\/2025\/09\/Loch_Muentzer_vortrag.jpg?fit=800%2C450&ssl=1&resize=700%2C400 2x"},"classes":[]},{"id":21987,"url":"https:\/\/www.freidenker.org\/?p=21987","url_meta":{"origin":22923,"position":3},"title":"Pressemitteilung: Freidenker-Verbandstag 2025","author":"Webredaktion","date":"3. Juni 2025","format":false,"excerpt":"Gegen Militarismus, Gesinnungsjustiz und Zensur! Freundschaft mit Russland und China! Unter dieser Losung tagten am Wochenende (30. Mai - 01. Juni 2025) die Delegierten des Freidenkerverbandes in Bad Frankenhausen\/Th\u00fcringen. Der Tagungsort wurde wegen eines Revolutions-Jahrestages gew\u00e4hlt: \u201eThomas M\u00fcntzer: 1489 - 27. Mai 1525 \u2013 und 500 Jahre Fr\u00fchb\u00fcrgerliche Revolution\u201c war\u2026","rel":"","context":"In &quot;Frieden - Antifaschismus - Solidarit\u00e4t&quot;","block_context":{"text":"Frieden - Antifaschismus - Solidarit\u00e4t","link":"https:\/\/www.freidenker.org\/?cat=13"},"img":{"alt_text":"","src":"https:\/\/i0.wp.com\/www.freidenker.org\/fw17\/wp-content\/uploads\/2025\/06\/VT-2025_Bahlo_20250601_105803.jpg?fit=800%2C450&ssl=1&resize=350%2C200","width":350,"height":200,"srcset":"https:\/\/i0.wp.com\/www.freidenker.org\/fw17\/wp-content\/uploads\/2025\/06\/VT-2025_Bahlo_20250601_105803.jpg?fit=800%2C450&ssl=1&resize=350%2C200 1x, https:\/\/i0.wp.com\/www.freidenker.org\/fw17\/wp-content\/uploads\/2025\/06\/VT-2025_Bahlo_20250601_105803.jpg?fit=800%2C450&ssl=1&resize=525%2C300 1.5x, https:\/\/i0.wp.com\/www.freidenker.org\/fw17\/wp-content\/uploads\/2025\/06\/VT-2025_Bahlo_20250601_105803.jpg?fit=800%2C450&ssl=1&resize=700%2C400 2x"},"classes":[]},{"id":21994,"url":"https:\/\/www.freidenker.org\/?p=21994","url_meta":{"origin":22923,"position":4},"title":"Freidenker-Verbandstag 2025: Dokumente und Galerie","author":"Webredaktion","date":"6. Juni 2025","format":false,"excerpt":"Am 30. Mai fand in Bad Frankenhausen eine Gedenktagung zu Ehren von Thomas M\u00fcntzer und am 31. Mai und 1. Juni 2025 am selben Ort der Verbandstag des Deutschen Freidenker-Verbandes statt. Wir ver\u00f6ffentlichen hier die Er\u00f6ffnungsrede und den Bericht des Vorsitzenden des Verbandes, Sebastian Bahlo, sowie eine Bildergalerie. [Aus der\u2026","rel":"","context":"In &quot;Frieden - Antifaschismus - Solidarit\u00e4t&quot;","block_context":{"text":"Frieden - Antifaschismus - Solidarit\u00e4t","link":"https:\/\/www.freidenker.org\/?cat=13"},"img":{"alt_text":"","src":"https:\/\/i0.wp.com\/www.freidenker.org\/fw17\/wp-content\/uploads\/2025\/06\/Konferenzmappe_VT2015_800x450_v1.jpg?fit=800%2C450&ssl=1&resize=350%2C200","width":350,"height":200,"srcset":"https:\/\/i0.wp.com\/www.freidenker.org\/fw17\/wp-content\/uploads\/2025\/06\/Konferenzmappe_VT2015_800x450_v1.jpg?fit=800%2C450&ssl=1&resize=350%2C200 1x, https:\/\/i0.wp.com\/www.freidenker.org\/fw17\/wp-content\/uploads\/2025\/06\/Konferenzmappe_VT2015_800x450_v1.jpg?fit=800%2C450&ssl=1&resize=525%2C300 1.5x, https:\/\/i0.wp.com\/www.freidenker.org\/fw17\/wp-content\/uploads\/2025\/06\/Konferenzmappe_VT2015_800x450_v1.jpg?fit=800%2C450&ssl=1&resize=700%2C400 2x"},"classes":[]},{"id":4286,"url":"https:\/\/www.freidenker.org\/?p=4286","url_meta":{"origin":22923,"position":5},"title":"500 Jahre Reformation","author":"Webredaktion","date":"12. November 2017","format":false,"excerpt":"Bericht \u00fcber eine Veranstaltung am 11.11.2017 in Eisenach Reformationsjubil\u00e4um, 1517 schlug Luther seine Thesen (oder auch nicht) an das Tor der Wittenberger Schlosskirche und 500 Jahre sp\u00e4ter wird das Reformationsjubil\u00e4um mit nicht unerheblichen Pomp begangen. Ein Jahrmarkt der Eitelkeiten, G\u00e4ste reichten sich die Klinke in die Hand, es wird jubiliert\u2026","rel":"","context":"In &quot;Geschichte&quot;","block_context":{"text":"Geschichte","link":"https:\/\/www.freidenker.org\/?cat=1162"},"img":{"alt_text":"","src":"https:\/\/i0.wp.com\/www.freidenker.org\/fw17\/wp-content\/uploads\/2017\/11\/luther-1821759_800x445.jpg?fit=800%2C445&ssl=1&resize=350%2C200","width":350,"height":200,"srcset":"https:\/\/i0.wp.com\/www.freidenker.org\/fw17\/wp-content\/uploads\/2017\/11\/luther-1821759_800x445.jpg?fit=800%2C445&ssl=1&resize=350%2C200 1x, https:\/\/i0.wp.com\/www.freidenker.org\/fw17\/wp-content\/uploads\/2017\/11\/luther-1821759_800x445.jpg?fit=800%2C445&ssl=1&resize=525%2C300 1.5x, https:\/\/i0.wp.com\/www.freidenker.org\/fw17\/wp-content\/uploads\/2017\/11\/luther-1821759_800x445.jpg?fit=800%2C445&ssl=1&resize=700%2C400 2x"},"classes":[]}],"_links":{"self":[{"href":"https:\/\/www.freidenker.org\/index.php?rest_route=\/wp\/v2\/posts\/22923","targetHints":{"allow":["GET"]}}],"collection":[{"href":"https:\/\/www.freidenker.org\/index.php?rest_route=\/wp\/v2\/posts"}],"about":[{"href":"https:\/\/www.freidenker.org\/index.php?rest_route=\/wp\/v2\/types\/post"}],"author":[{"embeddable":true,"href":"https:\/\/www.freidenker.org\/index.php?rest_route=\/wp\/v2\/users\/3"}],"replies":[{"embeddable":true,"href":"https:\/\/www.freidenker.org\/index.php?rest_route=%2Fwp%2Fv2%2Fcomments&post=22923"}],"version-history":[{"count":8,"href":"https:\/\/www.freidenker.org\/index.php?rest_route=\/wp\/v2\/posts\/22923\/revisions"}],"predecessor-version":[{"id":24657,"href":"https:\/\/www.freidenker.org\/index.php?rest_route=\/wp\/v2\/posts\/22923\/revisions\/24657"}],"wp:featuredmedia":[{"embeddable":true,"href":"https:\/\/www.freidenker.org\/index.php?rest_route=\/wp\/v2\/media\/22925"}],"wp:attachment":[{"href":"https:\/\/www.freidenker.org\/index.php?rest_route=%2Fwp%2Fv2%2Fmedia&parent=22923"}],"wp:term":[{"taxonomy":"category","embeddable":true,"href":"https:\/\/www.freidenker.org\/index.php?rest_route=%2Fwp%2Fv2%2Fcategories&post=22923"},{"taxonomy":"post_tag","embeddable":true,"href":"https:\/\/www.freidenker.org\/index.php?rest_route=%2Fwp%2Fv2%2Ftags&post=22923"}],"curies":[{"name":"wp","href":"https:\/\/api.w.org\/{rel}","templated":true}]}}