{"id":22912,"date":"2025-09-24T12:49:41","date_gmt":"2025-09-24T10:49:41","guid":{"rendered":"https:\/\/www.freidenker.org\/?p=22912"},"modified":"2025-10-15T20:55:51","modified_gmt":"2025-10-15T18:55:51","slug":"medienkampagne-ueber-drohnenvorfaelle-soll-auf-einen-krieg-mit-russland-vorbereiten","status":"publish","type":"post","link":"https:\/\/www.freidenker.org\/?p=22912","title":{"rendered":"Medienkampagne \u00fcber Drohnenvorf\u00e4lle soll auf einen Krieg mit Russland vorbereiten"},"content":{"rendered":"<h4>Warum offensichtlich ist, dass die Medienkampagne \u00fcber Drohnenvorf\u00e4lle die Menschen in Europa auf einen Krieg mit Russland vorbereiten soll<\/h4>\n<p><strong>D\u00e4nemark meldet Drohnen \u00fcber dem Flughafen Kopenhagen, die d\u00e4nische Ministerpr\u00e4sidentin spricht von einem &#8222;Angriff&#8220;, dabei sind solche Vorf\u00e4lle allt\u00e4gliche Routine. Der Medienhype ist ein Beleg daf\u00fcr, dass die Europ\u00e4er die Menschen auf einen Krieg mit Russland vorbereiten wollen.<\/strong><\/p>\n<p><em> von <strong>Anti-Spiegel<\/strong> (d.i. <strong>Thomas R\u00f6per)<\/strong><\/em><\/p>\n<p><span style=\"font-size: 10pt;\">Erstver\u00f6ffentlichung am 23.09.2025 auf <a href=\"https:\/\/anti-spiegel.ru\/2025\/warum-offensichtlich-ist-dass-die-medienkampagne-ueber-drohnenvorfaelle-die-menschen-in-europa-auf-einen-krieg-mit-russland-vorbereiten-soll\/\" target=\"_blank\" rel=\"noopener\">anti-spiegel.ru<\/a><\/span><\/p>\n<p>Die Meldungen aus D\u00e4nemark klingen dramatisch. Der Flughafen von Kopenhagen musste stundenlang gesperrt werden, weil dort Drohnen gesichtet wurden. Die d\u00e4nische Ministerpr\u00e4sidentin spricht von einem \u201eAngriff\u201c. <a href=\"https:\/\/www.spiegel.de\/ausland\/drohnen-ueber-kopenhagen-und-oslo-was-ueber-die-vorfaelle-an-den-flughaefen-bekannt-ist-a-2e3120ed-5148-49ae-b039-ab26f57f4622\"><u>Der Spiegel schreibt<\/u><\/a>:<\/p>\n<p style=\"padding-left: 40px;\"><em>\u201e\u00bbWas wir letzte Nacht erlebt haben, ist der bislang schwerwiegendste Angriff auf die kritische Infrastruktur D\u00e4nemarks\u00ab, sagte Premierminister Mette Frederiksen. \u00bbUnabh\u00e4ngig davon, wer hinter dem Drohnenangriff steckt, m\u00fcssen wir davon ausgehen, dass jemand ein Motiv daf\u00fcr hatte.\u00ab Diesen Jemand benannte sie bislang nicht. Dennoch scheine das Ziel offensichtlich, so die Politikerin: \u00bbSt\u00f6ren und Unruhe stiften. Besorgnis erregen. Zu sehen, wie weit man gehen kann, und die Grenzen austesten.\u00ab<br \/>\nFrederiksen sagte, der Zwischenfall m\u00fcsse im Lichte aller anderen Vorkommnisse der j\u00fcngsten Vergangenheit in Europa betrachtet werden. \u00bbWir haben Drohnen \u00fcber Polen gesehen, die dort nicht h\u00e4tten sein sollen. Wir haben Aktivit\u00e4ten in Rum\u00e4nien gesehen. Wir haben Verletzungen des estnischen Luftraums gesehen. Wir haben am Wochenende einen Hackerangriff auf europ\u00e4ische Flugh\u00e4fen gesehen und nun Drohnen in D\u00e4nemark und auch in Oslo\u00ab, sagte sie. Auf die Frage, ob sie Russland in Verdacht habe, sagte sie: \u00bbIch kann jedenfalls \u00fcberhaupt nicht zur\u00fcckweisen, dass es Russland ist.\u00ab\u201c<\/em><\/p>\n<p>Nehmen wir das mal auseinander, um zu verstehen, warum das reine Panikmache und die Vorbereitung der \u00d6ffentlichkeit auf einen Krieg gegen Russland ist.<\/p>\n<h5 class=\"wp-block-heading\">Der \u201eDrohnenangriff\u201c<\/h5>\n<p>Die Formulierung von Frederiksen klingt dramatisch, dabei gab es gar keinen \u201eDrohnenangriff\u201c. Tats\u00e4chlich sind laut den offiziellen Angaben zwei Drohnen aus verschiedenen Richtungen kommend nahe des Flughafens herumgeflogen. Es wurde nichts angegriffen und nichts besch\u00e4digt, aber die Formulierung soll die Kriegshysterie weiter befeuern, nur darum geht es dabei.<\/p>\n<h5 class=\"wp-block-heading\">Sind solche Vorf\u00e4lle ungew\u00f6hnlich?<\/h5>\n<p>Dass Drohnen in der N\u00e4he von Flugh\u00e4fen herumfliegen, ist geradezu normal und war nie ein Grund f\u00fcr solche hysterischen Schlagzeilen und Politiker-Erkl\u00e4rungen, wie wir sie jetzt erleben.<\/p>\n<p>Der letzte derartige Vorfall in Frankfurt fand beispielsweise <a href=\"https:\/\/www.hessenschau.de\/panorama\/drohne-am-flughafen-frankfurt-gesichtet-flugbetrieb-voruebergehend-gestoppt-v1,flieger-wegen-drohne-umgeleitet-100.html\"><u>am 11. August statt<\/u><\/a>. Damals flog eine Drohne in der N\u00e4he des Flughafens herum, eine Landebahn wurde vor\u00fcbergehend gesperrt, aber es gab keine mediale Hysterie. Das ist kein Wunder, denn wie gesagt sind solche Vorf\u00e4lle normal. Im ersten Halbjahr 2025 gab es alleine in Frankfurt zehn solcher Vorf\u00e4lle, ohne dass irgendwer dar\u00fcber gro\u00df berichtet h\u00e4tte. Und von Januar bis November 2024 wurden in Deutschland \u201e<a href=\"https:\/\/www.schwaebische.de\/regional\/baden-wuerttemberg\/gefaehrliche-flugobjekte-flughafen-stuttgart-in-alarmbereitschaft-drohnen-3191882\"><u>149 F\u00e4lle registriert, in denen die unbemannten Flugobjekte zivilen Flugzeugen oder Luftverkehrseinrichtungen gef\u00e4hrlich nahe gekommen<\/u><\/a>\u201c sind.<\/p>\n<p>Und nie gab es die jetzt gezeigte Hysterie in Medien und Politik. Daran sieht man, dass wieder einmal eine Panik gesch\u00fcrt werden soll, obwohl es daf\u00fcr objektiv keinen Grund gibt.<\/p>\n<h5 class=\"wp-block-heading\">Der Fall in Oslo<\/h5>\n<p>Noch deutlicher wird die Tatsache, dass Medien und Politik hier bewusst eine Kriegspanik sch\u00fcren wollen, wo es keinen Grund daf\u00fcr gibt, bei der Drohnenmeldung aus Oslo. Sogar der Spiegel erw\u00e4hnt in seinem Artikel:<\/p>\n<p style=\"padding-left: 40px;\">\u201eAuch in Oslo wurden in der Nacht Drohnen gesichtet. Gegen Mitternacht stellten die Beh\u00f6rden den Flugverkehr ein, eine zweistellige Zahl von Fl\u00fcgen fiel aus oder musste umgeleitet werden. Die Lage ist hier allerdings unklarer. Eine erste Sichtung entpuppte sich laut norwegischen Medien bereits nach kurzer Zeit als Fehlalarm.\u201c<\/p>\n<p>Und dabei blieb es auch, denn der Flug einer Drohne nahe des Flughafens konnte in Oslo nicht best\u00e4tigt werden.<\/p>\n<p>Das hindert die Medien aber nicht daran, \u00fcberall davon zu sprechen, es habe \u201eVorf\u00e4lle\u201c oder gar \u201eAngriffe\u201c sowohl in Kopenhagen und Oslo gegeben. Und nat\u00fcrlich suggerieren sie, dass Russland daran Schuld ist, obwohl es beispielsweise in Oslo nicht einmal einen Vorfall gab, an dem Russland Schuld sein k\u00f6nnte.<\/p>\n<h5 class=\"wp-block-heading\">Hackerangriffe auf deutsche Flugh\u00e4fen<\/h5>\n<p>Dass die d\u00e4nische Ministerpr\u00e4sidentin in diesem Zusammenhang auch die Hackerangriffe auf deutsche Flugh\u00e4fen von vor einigen Tagen erw\u00e4hnt, ist besonders verr\u00e4terisch, denn die haben mit den Drohnenvorf\u00e4llen nichts zu tun und niemand hat behauptet, Russland habe etwas mit den Hackerangriffen zu tun. Das hat mich \u00fcberrascht, denn normalerweise ist Russland ja inzwischen an allem Schuld, was in Europa passiert, aber hier wurde Russland nicht beschuldigt.<\/p>\n<p>Aber dass die d\u00e4nische Ministerpr\u00e4sidentin all das gemeinsam erw\u00e4hnt, soll den Menschen suggerieren, wie aggressiv Russland angeblich vorgeht, dabei haben die Drohnenvorf\u00e4lle mit den Hackerangriffen nichts zu tun und niemand hat Russland wegen der Hackerangriffe beschuldigt.<\/p>\n<p>Aber das vergisst der Spiegel nat\u00fcrlich zu erw\u00e4hnen, er zitiert stattdessen kommentarlos die Kriegshysterie der D\u00e4nin.<\/p>\n<h5 class=\"wp-block-heading\">Russland ist Schuld!<\/h5>\n<p>Obwohl solche Drohnenvorf\u00e4lle, wie gesehen, vollkommen normal sind, hat die d\u00e4nische Ministerpr\u00e4sidentin mit ihren Aussagen suggeriert, es handle sich um russische \u201eAngriffe\u201c. Und auf die Frage, ob Russland hinter dem Drohnenvorfall bei Kopenhagen stecken k\u00f6nnte, sagte sie, sie k\u00f6nne \u201ejedenfalls \u00fcberhaupt nicht zur\u00fcckweisen, dass es Russland\u201c sei.<\/p>\n<p>Auch diese Aussage soll nur die Kriegshysterie anheizen, denn was sie nicht gesagt hat, ist, dass es \u00fcberhaupt keinen Hinweis auf Russland gibt. Das ist die klassische Schuldumkehr, der sich die westliche Propaganda immer bedient: \u201eWir haben keine Ahnung, wer es war und was genau passiert ist, aber wir k\u00f6nnen nicht ausschlie\u00dfen, dass Russland Schuld ist.\u201c Im Zuge des Falles Skripal wurde daf\u00fcr ein gefl\u00fcgeltes Wort geboren: \u201cHighly Likely\u201d, also \u201ch\u00f6chstwahrscheinlich\u201d, hie\u00df es in den Erkl\u00e4rungen der britischen Regierung immer, was bedeutet, man wusste nichts, aber Russland beschuldigen, das geht immer.<\/p>\n<p>Auch der Spiegel bedient sich in seinem Artikel \u00fcber die Drohnen bei Kopenhagen dieses Tricks, um die Kriegshysterie weiter anzuheizen. Auf die Frage, ob es \u201eErkenntnisse zu den Verantwortlichen\u201c gibt, schreibt der Spiegel:<\/p>\n<p style=\"padding-left: 40px;\">\u201eDie Ermittler sprechen von einem \u00bbf\u00e4higen Akteur\u00ab hinter der Aktion. Eine Formulierung, die viele M\u00f6glichkeiten offenl\u00e4sst, aber wohl nicht zuf\u00e4llig so klingt, als sei ein staatlicher Akteur wahrscheinlich.\u201c<\/p>\n<p>Obwohl nichts bekannt ist, schreibt der Spiegel, es sei ein \u201estaatlicher Akteur\u201c gewesen, womit nat\u00fcrlich nur Russland gemeint sein kann. Dass es tausende f\u00e4higer Drohnenpiloten gibt, die das einfach nur als Hobby betreiben, erw\u00e4hnt der Spiegel hingegen nicht. Und nat\u00fcrlich erfahren wir im Spiegel auch nicht, dass es alleine in Deutschland jedes Jahr \u00fcber 150 Drohnenvorf\u00e4lle nahe von Flugh\u00e4fen gibt, die dem Spiegel bisher nie eine nennenswerte Meldung wert waren.<\/p>\n<h5 class=\"wp-block-heading\">Norwegen<\/h5>\n<p>Auch Norwegen will anscheinend nicht hinten an stehen, wenn es um das Anheizen der anti-russischen Kriegshysterie geht. Der norwegische Regierung hat eine Pressemeldung herausgegeben, <a href=\"https:\/\/tass.ru\/mezhdunarodnaya-panorama\/25133925\"><u>in der es hei\u00dft<\/u><\/a>:<\/p>\n<p style=\"padding-left: 40px;\">\u201eRussland hat im Fr\u00fchjahr und Sommer dreimal den norwegischen Luftraum verletzt. Die Verletzungen dauerten zwischen einer und vier Minuten. Wir k\u00f6nnen nicht feststellen, ob dies vors\u00e4tzlich geschah oder auf Navigationsfehler zur\u00fcckzuf\u00fchren ist.\u201c<\/p>\n<p>Die norwegische Regierung, hei\u00dft es in der Pressemitteilung, hielt die Vorf\u00e4lle f\u00fcr inakzeptabel und \u201ehat dies der russischen Regierung klargemacht\u201c. Nach Angaben der norwegischen Regierung ereigneten sich die Vorf\u00e4lle am 25. April, 24. Juli und 18. August.<\/p>\n<h5 class=\"wp-block-heading\">Kriegspropaganda<\/h5>\n<p>Was wir hier erleben, ist klassische Kriegspropaganda nach dem Lehrbuch, mit der die Menschen auf einen kommenden Krieg gegen Russland eingeschworen werden sollen. Dar\u00fcber habe ich bereits <a href=\"https:\/\/anti-spiegel.ru\/2025\/was-hat-es-mit-all-den-luftraumverletzungen-auf-sich\/\"><u>berichtet<\/u><\/a>, aber ich wiederhole es hier noch einmal, weil die derzeitige mediale Hysterie zeigt, dass man daran erinnern muss.<\/p>\n<p>Genauso sind die NATO-Medien n\u00e4mlich gerade erst schon einmal vorgegangen, als es um Vorf\u00e4lle in der Ostsee ging. J\u00e4hrlich gibt es weltweit jedes Jahr <a href=\"https:\/\/www.bbc.com\/future\/article\/20241014-the-deep-sea-emergency-service-that-keeps-the-internet-running\"><u>durchschnittlich zu 150 bis 200 Sch\u00e4den<\/u><\/a> an Unterseekabeln, die den Medien nie Meldungen wert gewesen sind. Trotzdem haben sie letztes Jahr <a href=\"https:\/\/anti-spiegel.ru\/2025\/provoziert-die-eu-in-der-ostsee-den-krieg-gegen-russland\/\"><u>eine Medienkampagne veranstaltet<\/u><\/a>, um Russland wegen der Besch\u00e4digungen einiger Kabel in der Ostsee zu beschuldigen. Belege f\u00fcr die russische T\u00e4terschaft gab es nie, aber das haben die NATO-Medien nicht berichtet.<\/p>\n<p>Im Gegenteil: Alle aufgekl\u00e4rten F\u00e4lle zeigten <a href=\"https:\/\/web.archive.org\/web\/20250216052727\/https:\/\/anti-spiegel.ru\/2025\/washington-post-die-unterwasserkabel-in-der-ostsee-wurden-nicht-durch-sabotage-beschaedigt\/\"><u>nat\u00fcrliche Ursachen der Sch\u00e4den<\/u><\/a>, es gab keine Hinweise auf eine russische T\u00e4terschaft. Ich wiederhole mich, aber das haben deutsche Medien nat\u00fcrlich nicht berichtet.<\/p>\n<p>Sie haben stattdessen eine Kriegshysterie gesch\u00fcrt, genauso, wie wir es nun auch bei den Drohnenvorf\u00e4llen erleben. Das Spiel ist bekannt \u2013 und es wird nun wiederholt.<\/p>\n<p>Und die Europ\u00e4er haben diese, von ihnen selbst grundlos gesch\u00fcrte Hysterie als Vorwand genommen, um <a href=\"https:\/\/web.archive.org\/web\/20250418034031\/https:\/\/anti-spiegel.ru\/2025\/nach-deutschland-hat-auch-estland-ein-schiff-gekapert-und-provoziert-russland-zu-militaerischen-reaktionen\/\"><u>in der Ostsee russische Schiffe zu kapern<\/u><\/a>, was eindeutige Kriegshandlungen waren.<\/p>\n<h5 class=\"wp-block-heading\">Russland zu einer Reaktion provozieren<\/h5>\n<p>Man will Russland ganz eindeutig zu Reaktionen provozieren, um einen Vorwand f\u00fcr einen Krieg zu bekommen, nachdem die Ukraine ihren Krieg gegen Russland verliert. Und da die Europ\u00e4er mit ihrer hunderte Milliarden schweren Unterst\u00fctzung f\u00fcr Kiew in der Ukraine \u201eall in\u201c gegangen sind, verlieren auch sie den Krieg in der Ukraine.<\/p>\n<p>Das scheinen sie nicht akzeptieren zu k\u00f6nnen und suchen deshalb nach einem Vorwand, den Krieg zu eskalieren. Alles, was sie dazu brauchen, ist eine durch mediale Kriegshysterie aufgepeitschte \u00d6ffentlichkeit und irgendein Vorfall, bei dem Russland endlich milit\u00e4risch auf eine Provokation reagiert.<\/p>\n<p>Nun hat die NATO gewarnt, sie werde auf weitere russische Luftraumverletzungen (von denen wie gesagt gar nicht erwiesen ist, dass es sie gegeben hat) <a href=\"https:\/\/www.spiegel.de\/ausland\/nato-warnt-russland-vor-weiteren-verletzungen-des-luftraums-a-25a7bb1e-dfdc-4d0a-808a-7aec7162c054\"><u>auch mit milit\u00e4rischen Mitteln reagieren<\/u><\/a> und der polnische Au\u00dfenminister <a href=\"https:\/\/www.sueddeutsche.de\/politik\/estland-un-sicherheitsrat-sitzung-luftraumverletzung-li.3316029\"><u>Sikorski hat gedroht<\/u><\/a>, man werde russische Flugzeuge k\u00fcnftig abschie\u00dfen.<\/p>\n<p>Ich wei\u00df, dass meine pessimistischen Prognosen niemandem gefallen, aber wenn ich das alles sehe, dann bin ich immer mehr der Meinung, dass ein gro\u00dfer Krieg zwischen Russland und den europ\u00e4ischen Staaten nur noch eine Frage der Zeit ist. Es scheint nicht mehr die Frage zu sein, ob er kommt, sondern nur noch, wann er kommt, denn die Europ\u00e4er tun alles, um die Spannungen weiter zu eskalieren.<\/p>\n<h5 class=\"wp-block-heading\">Die Reaktion der USA<\/h5>\n<p>Interessant ist, dass die US-Regierung auf die Hysterie der Europ\u00e4er gelassen reagiert. US-Au\u00dfenminister Rubio <a href=\"https:\/\/tass.ru\/mezhdunarodnaya-panorama\/25135037\"><u>sagte<\/u><\/a> in einem Interview:<\/p>\n<p style=\"padding-left: 40px;\">\u201eWir haben \u00dcberfl\u00fcge gesehen, und das ist nichts Neues. Tats\u00e4chlich ist es auch schon fr\u00fcher passiert, vielleicht nicht so h\u00e4ufig. Aber wenn ein russischer Kampfjet oder Bomber in die Luftverteidigungszone eindringt, schickt man Flugzeuge, um ihn abzufangen. Das ist auch fr\u00fcher passiert. Wir mussten das schon vor der K\u00fcste Alaskas oft tun.\u201c<\/p>\n<p>Ihm zufolge \u201ereagiert die NATO entsprechend\u201c und er f\u00fcgte hinzu:<\/p>\n<p style=\"padding-left: 40px;\">\u201eWenn eine Drohne in den Luftraum eindringt, schie\u00dft man sie ab. Das wurde getan.\u201c<\/p>\n<p>Rubio hat damit vollkommen recht, denn es ist mittlerweile Alltag, dass russische und NATO-Flugzeuge aufsteigen, um die Flugzeuge der anderen Seite abzufangen und zu begleiten, wenn sie sich dem eigenen Luftraum n\u00e4hern. Das ist nicht sch\u00f6n und vor allem nicht ungef\u00e4hrlich, aber leider Alltag. Schon <a href=\"https:\/\/web.archive.org\/web\/20230923210733\/https:\/\/anti-spiegel.ru\/2020\/aber-russland-ist-aggressiv-mehr-als-50-vorfaelle-mit-us-militaerflugzeugen-in-7-tagen-an-russlands-grenzen\/\"><u>2020 gab es hunderte solcher F\u00e4lle<\/u><\/a>, bei denen Russland NATO-Spionageflugzeuge und auch Kampfjets von seinem Luftraum fernhalten musste. Und deren Anzahl ist seitdem nat\u00fcrlich stark gestiegen. Sogar nukleare Angriffe auf Kaliningrad haben US-Atombomber schon 2020 \u00fcber der Ostsee ge\u00fcbt.<\/p>\n<p>Dass auch russische Flugzeuge daher immer wieder nahe den NATO-Luftraums auftauchen, kann niemanden \u00fcberraschen.<\/p>\n<p>Die Reaktion von Rubio zeigt, dass die US-Regierung sich in den Krieg, den die Europ\u00e4er \u2013 offenbar um jeden Preis und unter jedem erfundenen Vorwand \u2013 gegen Russland entfesseln wollen, nicht hineinziehen lassen will.<\/p>\n<p style=\"text-align: right;\"><em>Thomas R\u00f6per, geboren 1971, lebt seit \u00fcber 15 Jahren in Russland. Die Schwerpunkte seiner medienkritischen Arbeit sind das (mediale) Russlandbild in Deutschland, Kritik an der Berichterstattung westlicher Medien im Allgemeinen und die Themen (Geo-)Politik und Wirtschaft.<\/em><\/p>\n<p>&nbsp;<\/p>\n<hr \/>\n<p><span style=\"font-size: 10pt;\">Bild oben: <\/span><span style=\"font-size: 10pt;\"><a href=\"https:\/\/rostov.aif.ru\" target=\"_blank\" rel=\"noopener\">aif.ru<\/a><br \/>\nQuelle: <a href=\"https:\/\/anti-spiegel.ru\/2025\/warum-offensichtlich-ist-dass-die-medienkampagne-ueber-drohnenvorfaelle-die-menschen-in-europa-auf-einen-krieg-mit-russland-vorbereiten-soll\/\" target=\"_blank\" rel=\"noopener\">anti-spiegel.ru<\/a><\/span><\/p>\n","protected":false},"excerpt":{"rendered":"<p><b>Beitrag von Anti-Spiegel (d.i. Thomas R\u00f6per)<\/b><br \/>\n<b>Warum offensichtlich ist, dass die Medienkampagne \u00fcber Drohnenvorf\u00e4lle die Menschen in Europa auf einen Krieg mit Russland vorbereiten soll<\/b><br \/>\nDie Meldungen aus D\u00e4nemark klingen dramatisch. Der Flughafen von Kopenhagen musste stundenlang gesperrt werden, weil dort Drohnen gesichtet wurden. Die d\u00e4nische Ministerpr\u00e4sidentin spricht von einem \u201eAngriff\u201c. [&#8230;] <i>Auf die Frage, ob sie Russland in Verdacht habe, sagte sie: \u00bbIch kann jedenfalls \u00fcberhaupt nicht zur\u00fcckweisen, dass es Russland ist.\u00ab\u201c<\/i> [&#8230;] Die Formulierung von Frederiksen klingt dramatisch, dabei gab es gar keinen \u201eDrohnenangriff\u201c. Tats\u00e4chlich sind laut den offiziellen Angaben zwei Drohnen aus verschiedenen Richtungen kommend nahe des Flughafens herumgeflogen. Es wurde nichts angegriffen und nichts besch\u00e4digt, aber die Formulierung soll die Kriegshysterie weiter befeuern, nur darum geht es dabei.<\/p>\n","protected":false},"author":3,"featured_media":22914,"comment_status":"closed","ping_status":"closed","sticky":false,"template":"","format":"standard","meta":{"colormag_page_container_layout":"default_layout","colormag_page_sidebar_layout":"default_layout","advanced_seo_description":"","jetpack_seo_html_title":"","jetpack_seo_noindex":false,"jetpack_post_was_ever_published":false,"footnotes":""},"categories":[12],"tags":[2792,2487,2396,2791,339,1442,56,1717,1718,222,185],"class_list":["post-22912","post","type-post","status-publish","format-standard","has-post-thumbnail","hentry","category-demokratie-medien-aufklaerung","tag-angriffe","tag-daenemark","tag-drohnen","tag-hysterie","tag-kriegspropaganda","tag-luftraum","tag-nato","tag-norwegen","tag-ostsee","tag-russland","tag-usa"],"jetpack_featured_media_url":"https:\/\/i0.wp.com\/www.freidenker.org\/fw17\/wp-content\/uploads\/2025\/09\/eu-evil1_800x450.jpg?fit=800%2C450&ssl=1","jetpack_shortlink":"https:\/\/wp.me\/p9stpK-5Xy","jetpack-related-posts":[{"id":23157,"url":"https:\/\/www.freidenker.org\/?p=23157","url_meta":{"origin":22912,"position":0},"title":"Die medial angeheizte Drohnen-Hysterie f\u00e4llt jeden Tag mehr in sich zusammen","author":"Webredaktion","date":"14. Oktober 2025","format":false,"excerpt":"Beitrag von Florian Warweg So ziemlich alle \u201eRussen-Drohnen\u201c-Berichte der letzten Wochen aus Deutschland, Polen, Frankreich, Norwegen, Litauen und D\u00e4nemark haben sich mittlerweile als unbegr\u00fcndet herausgestellt. In Litauen waren es Zigaretten-Schmuggler, in Norwegen, beim Frankfurter Flughafen sowie beim Warschauer Pr\u00e4sidentenpalast \u201eHobbydrohnenpiloten\u201c, die ihren Neuerwerb testen wollten. Die Bundeswehr sah sich gezwungen,\u2026","rel":"","context":"In &quot;Demokratie \u2013 Medien \u2013 Aufkl\u00e4rung&quot;","block_context":{"text":"Demokratie \u2013 Medien \u2013 Aufkl\u00e4rung","link":"https:\/\/www.freidenker.org\/?cat=12"},"img":{"alt_text":"","src":"https:\/\/i0.wp.com\/www.freidenker.org\/fw17\/wp-content\/uploads\/2025\/10\/warweg_251007-drohnen-Cover-800x450-1.jpg?fit=800%2C450&ssl=1&resize=350%2C200","width":350,"height":200,"srcset":"https:\/\/i0.wp.com\/www.freidenker.org\/fw17\/wp-content\/uploads\/2025\/10\/warweg_251007-drohnen-Cover-800x450-1.jpg?fit=800%2C450&ssl=1&resize=350%2C200 1x, https:\/\/i0.wp.com\/www.freidenker.org\/fw17\/wp-content\/uploads\/2025\/10\/warweg_251007-drohnen-Cover-800x450-1.jpg?fit=800%2C450&ssl=1&resize=525%2C300 1.5x, https:\/\/i0.wp.com\/www.freidenker.org\/fw17\/wp-content\/uploads\/2025\/10\/warweg_251007-drohnen-Cover-800x450-1.jpg?fit=800%2C450&ssl=1&resize=700%2C400 2x"},"classes":[]},{"id":24230,"url":"https:\/\/www.freidenker.org\/?p=24230","url_meta":{"origin":22912,"position":1},"title":"KP-Vorsitzende D\u00e4nemarks: US-Gr\u00f6nland-Pl\u00e4ne stellen d\u00e4nische Au\u00dfenpolitik infrage","author":"Webredaktion","date":"16. Januar 2026","format":false,"excerpt":"Interview von Felicitas Rabe mit Lotte R\u00f8rtoft-Madsen An der Demonstration zum Gedenken an Rosa Luxemburg und Karl Liebknecht nahmen am Sonntag in Berlin Vertreter kommunistischer Parteien und linker Organisationen aus verschiedenen L\u00e4ndern teil. Unter anderem kam auch eine Delegation der\u00a0D\u00e4nischen Kommunistischen Partei (DKP) nach Berlin. Nach dem Gedenkmarsch bekam RT\u2026","rel":"","context":"In &quot;Demokratie \u2013 Medien \u2013 Aufkl\u00e4rung&quot;","block_context":{"text":"Demokratie \u2013 Medien \u2013 Aufkl\u00e4rung","link":"https:\/\/www.freidenker.org\/?cat=12"},"img":{"alt_text":"","src":"https:\/\/i0.wp.com\/www.freidenker.org\/fw17\/wp-content\/uploads\/2026\/01\/Groenland_Protest_ChatGPT_Image_800x450.jpg?fit=800%2C451&ssl=1&resize=350%2C200","width":350,"height":200,"srcset":"https:\/\/i0.wp.com\/www.freidenker.org\/fw17\/wp-content\/uploads\/2026\/01\/Groenland_Protest_ChatGPT_Image_800x450.jpg?fit=800%2C451&ssl=1&resize=350%2C200 1x, https:\/\/i0.wp.com\/www.freidenker.org\/fw17\/wp-content\/uploads\/2026\/01\/Groenland_Protest_ChatGPT_Image_800x450.jpg?fit=800%2C451&ssl=1&resize=525%2C300 1.5x, https:\/\/i0.wp.com\/www.freidenker.org\/fw17\/wp-content\/uploads\/2026\/01\/Groenland_Protest_ChatGPT_Image_800x450.jpg?fit=800%2C451&ssl=1&resize=700%2C400 2x"},"classes":[]},{"id":22981,"url":"https:\/\/www.freidenker.org\/?p=22981","url_meta":{"origin":22912,"position":2},"title":"Die NATO macht mobil","author":"Webredaktion","date":"29. September 2025","format":false,"excerpt":"Eine Sammlung von 5 Beitr\u00e4gen von Thomas R\u00f6per Rund vier Wochen lang hat der in St. Petersburg wohnende deutsche Journalist Thomas R\u00f6per (mit Einreiseverbot in die EU) die \u201eZwischenf\u00e4lle\u201c zusammengetragen und ausgewertet, die uns von den Medien t\u00e4glich pr\u00e4sentiert werden: Luftraumverletzungen, Drohnen, St\u00f6rungen des Funkverkehrs, besch\u00e4digte Unterwasserkabel, Eindringen in Hoheitsgew\u00e4sser\u2026","rel":"","context":"In &quot;Demokratie \u2013 Medien \u2013 Aufkl\u00e4rung&quot;","block_context":{"text":"Demokratie \u2013 Medien \u2013 Aufkl\u00e4rung","link":"https:\/\/www.freidenker.org\/?cat=12"},"img":{"alt_text":"","src":"https:\/\/i0.wp.com\/www.freidenker.org\/fw17\/wp-content\/uploads\/2025\/09\/Drohne_Gerbera_800x450.jpg?fit=800%2C450&ssl=1&resize=350%2C200","width":350,"height":200,"srcset":"https:\/\/i0.wp.com\/www.freidenker.org\/fw17\/wp-content\/uploads\/2025\/09\/Drohne_Gerbera_800x450.jpg?fit=800%2C450&ssl=1&resize=350%2C200 1x, https:\/\/i0.wp.com\/www.freidenker.org\/fw17\/wp-content\/uploads\/2025\/09\/Drohne_Gerbera_800x450.jpg?fit=800%2C450&ssl=1&resize=525%2C300 1.5x, https:\/\/i0.wp.com\/www.freidenker.org\/fw17\/wp-content\/uploads\/2025\/09\/Drohne_Gerbera_800x450.jpg?fit=800%2C450&ssl=1&resize=700%2C400 2x"},"classes":[]},{"id":24308,"url":"https:\/\/www.freidenker.org\/?p=24308","url_meta":{"origin":22912,"position":3},"title":"Zunehmende Zerfallserscheinungen \u2013 NATO-Krise vertieft sich","author":"Webredaktion","date":"27. Januar 2026","format":false,"excerpt":"Beitrag von Rainer Rupp Trump macht in der D\u00e4nemark-Gr\u00f6nland-Aff\u00e4re nicht nur sich selbst zum Clown, sondern auch seine europ\u00e4ischen NATO-Vasallen. Die wurden vom erratischem Verhalten des Machthabers in Washington aus der Bahn geworfen und machen sich mit kindlichem Trotz, gepaart mit devoter Unterw\u00fcrfigkeit, l\u00e4cherlich. Die erste Lachnummer war die d\u00e4nische\u2026","rel":"","context":"In &quot;Demokratie \u2013 Medien \u2013 Aufkl\u00e4rung&quot;","block_context":{"text":"Demokratie \u2013 Medien \u2013 Aufkl\u00e4rung","link":"https:\/\/www.freidenker.org\/?cat=12"},"img":{"alt_text":"","src":"https:\/\/i0.wp.com\/www.freidenker.org\/fw17\/wp-content\/uploads\/2026\/01\/NATO-Zerfall_KI_RT-DE_800x450.jpg?fit=800%2C450&ssl=1&resize=350%2C200","width":350,"height":200,"srcset":"https:\/\/i0.wp.com\/www.freidenker.org\/fw17\/wp-content\/uploads\/2026\/01\/NATO-Zerfall_KI_RT-DE_800x450.jpg?fit=800%2C450&ssl=1&resize=350%2C200 1x, https:\/\/i0.wp.com\/www.freidenker.org\/fw17\/wp-content\/uploads\/2026\/01\/NATO-Zerfall_KI_RT-DE_800x450.jpg?fit=800%2C450&ssl=1&resize=525%2C300 1.5x, https:\/\/i0.wp.com\/www.freidenker.org\/fw17\/wp-content\/uploads\/2026\/01\/NATO-Zerfall_KI_RT-DE_800x450.jpg?fit=800%2C450&ssl=1&resize=700%2C400 2x"},"classes":[]},{"id":22983,"url":"https:\/\/www.freidenker.org\/?p=22983","url_meta":{"origin":22912,"position":4},"title":"Auf dem Weg nach Gleiwitz?","author":"Webredaktion","date":"28. September 2025","format":false,"excerpt":"Politik und Medien im Westen heizen die Kriegshysterie an Kommentar von Tilo Gr\u00e4ser Kann es sein, dass der kollektive Westen,\u00a0ob mit oder ohne US-F\u00fchrung, einen Krieg gegen Russland vorbereitet? Einen Krieg, f\u00fcr den ein Anlass geschaffen wird, wenn es soweit ist, wie einst beispielsweise mit dem Anschlag auf die USS\u2026","rel":"","context":"In &quot;Demokratie \u2013 Medien \u2013 Aufkl\u00e4rung&quot;","block_context":{"text":"Demokratie \u2013 Medien \u2013 Aufkl\u00e4rung","link":"https:\/\/www.freidenker.org\/?cat=12"},"img":{"alt_text":"","src":"https:\/\/i0.wp.com\/www.freidenker.org\/fw17\/wp-content\/uploads\/2025\/09\/Spokojne_miejsce_06_800x450.jpg?fit=800%2C450&ssl=1&resize=350%2C200","width":350,"height":200,"srcset":"https:\/\/i0.wp.com\/www.freidenker.org\/fw17\/wp-content\/uploads\/2025\/09\/Spokojne_miejsce_06_800x450.jpg?fit=800%2C450&ssl=1&resize=350%2C200 1x, https:\/\/i0.wp.com\/www.freidenker.org\/fw17\/wp-content\/uploads\/2025\/09\/Spokojne_miejsce_06_800x450.jpg?fit=800%2C450&ssl=1&resize=525%2C300 1.5x, https:\/\/i0.wp.com\/www.freidenker.org\/fw17\/wp-content\/uploads\/2025\/09\/Spokojne_miejsce_06_800x450.jpg?fit=800%2C450&ssl=1&resize=700%2C400 2x"},"classes":[]},{"id":22854,"url":"https:\/\/www.freidenker.org\/?p=22854","url_meta":{"origin":22912,"position":5},"title":"Drohnenalarm in Polen: Der Mittwoch der totalen Kriegspropaganda","author":"Webredaktion","date":"16. September 2025","format":false,"excerpt":"Beitrag von Anti-Spiegel, d.i. Thomas R\u00f6per Die Geschichte dessen, was in der Nacht von Dienstag und Mittwoch geschehen ist, ist schnell erz\u00e4hlt. Wie jede Nacht haben Russland und die Ukraine sich gegenseitig mit Drohnen beschossen und einige russische Drohen, die Rede ist von etwa 16 St\u00fcck, wurden in der Nordwest-Ukraine\u2026","rel":"","context":"In &quot;Demokratie \u2013 Medien \u2013 Aufkl\u00e4rung&quot;","block_context":{"text":"Demokratie \u2013 Medien \u2013 Aufkl\u00e4rung","link":"https:\/\/www.freidenker.org\/?cat=12"},"img":{"alt_text":"","src":"https:\/\/i0.wp.com\/www.freidenker.org\/fw17\/wp-content\/uploads\/2025\/09\/9-10_September_2025_Russian_drone_incursion_into_Poland_800x450.jpg?fit=800%2C450&ssl=1&resize=350%2C200","width":350,"height":200,"srcset":"https:\/\/i0.wp.com\/www.freidenker.org\/fw17\/wp-content\/uploads\/2025\/09\/9-10_September_2025_Russian_drone_incursion_into_Poland_800x450.jpg?fit=800%2C450&ssl=1&resize=350%2C200 1x, https:\/\/i0.wp.com\/www.freidenker.org\/fw17\/wp-content\/uploads\/2025\/09\/9-10_September_2025_Russian_drone_incursion_into_Poland_800x450.jpg?fit=800%2C450&ssl=1&resize=525%2C300 1.5x, https:\/\/i0.wp.com\/www.freidenker.org\/fw17\/wp-content\/uploads\/2025\/09\/9-10_September_2025_Russian_drone_incursion_into_Poland_800x450.jpg?fit=800%2C450&ssl=1&resize=700%2C400 2x"},"classes":[]}],"_links":{"self":[{"href":"https:\/\/www.freidenker.org\/index.php?rest_route=\/wp\/v2\/posts\/22912","targetHints":{"allow":["GET"]}}],"collection":[{"href":"https:\/\/www.freidenker.org\/index.php?rest_route=\/wp\/v2\/posts"}],"about":[{"href":"https:\/\/www.freidenker.org\/index.php?rest_route=\/wp\/v2\/types\/post"}],"author":[{"embeddable":true,"href":"https:\/\/www.freidenker.org\/index.php?rest_route=\/wp\/v2\/users\/3"}],"replies":[{"embeddable":true,"href":"https:\/\/www.freidenker.org\/index.php?rest_route=%2Fwp%2Fv2%2Fcomments&post=22912"}],"version-history":[{"count":2,"href":"https:\/\/www.freidenker.org\/index.php?rest_route=\/wp\/v2\/posts\/22912\/revisions"}],"predecessor-version":[{"id":22916,"href":"https:\/\/www.freidenker.org\/index.php?rest_route=\/wp\/v2\/posts\/22912\/revisions\/22916"}],"wp:featuredmedia":[{"embeddable":true,"href":"https:\/\/www.freidenker.org\/index.php?rest_route=\/wp\/v2\/media\/22914"}],"wp:attachment":[{"href":"https:\/\/www.freidenker.org\/index.php?rest_route=%2Fwp%2Fv2%2Fmedia&parent=22912"}],"wp:term":[{"taxonomy":"category","embeddable":true,"href":"https:\/\/www.freidenker.org\/index.php?rest_route=%2Fwp%2Fv2%2Fcategories&post=22912"},{"taxonomy":"post_tag","embeddable":true,"href":"https:\/\/www.freidenker.org\/index.php?rest_route=%2Fwp%2Fv2%2Ftags&post=22912"}],"curies":[{"name":"wp","href":"https:\/\/api.w.org\/{rel}","templated":true}]}}