{"id":22905,"date":"2025-09-24T12:49:33","date_gmt":"2025-09-24T10:49:33","guid":{"rendered":"https:\/\/www.freidenker.org\/?p=22905"},"modified":"2025-10-15T20:55:31","modified_gmt":"2025-10-15T18:55:31","slug":"traditionelles-nicht-ereignis-in-bruessel-die-jaehrlich-gehaltene-rede-zur-lage-der-union","status":"publish","type":"post","link":"https:\/\/www.freidenker.org\/?p=22905","title":{"rendered":"Traditionelles Nicht-Ereignis in Br\u00fcssel: die j\u00e4hrlich gehaltene &#8222;Rede zur Lage der Union&#8220;"},"content":{"rendered":"<p><strong>Garniert mit einer Prise &#8222;Kampf gegen die Armut&#8220; und &#8222;Macht den Arbeitnehmern&#8220; ging es Ursula von der Leyen vor allem um die Rechtfertigung ihres Zollabkommens mit Donald Trump und um die Verbreitung der \u00fcblichen Narrative zum Konflikt in der Ukraine und im Gazastreifen. Und auch die geplanten Ma\u00dfnahmen sollen dem entsprechen. <\/strong><\/p>\n<p><em>Von <strong>Pierre Levy<\/strong><\/em><\/p>\n<p><span style=\"font-size: 10pt;\">Erstver\u00f6ffentlichung am 20.09.2025 auf <a href=\"https:\/\/freedert.online\/meinung\/256372-traditionelles-nicht-ereignis-in-bruessel\/\" target=\"_blank\" rel=\"noopener\">RT DE<\/a><\/span><\/p>\n<p>Es war anscheinend ein &#8222;mit Spannung erwartetes&#8220; Ereignis. So kommentierte jedenfalls die Moderatorin der Arte-Nachrichten, ohne Ironie, die Rede von Ursula von der Leyen vor dem Europ\u00e4ischen Parlament am 10. September. Es handelte sich um die traditionelle &#8222;Rede zur Lage der Union&#8220; (&#8222;SOTEU&#8220; f\u00fcr Eingeweihte, nach dem englischen Akronym).<\/p>\n<p>Diese Tradition, die einst von der Europ\u00e4ischen Kommission eingef\u00fchrt wurde, entstand eigentlich als direkte Nachahmung der in Amerika \u00fcblichen Praxis, wonach der Pr\u00e4sident der Vereinigten Staaten j\u00e4hrlich vor den Mitgliedern des Kongresses spricht. Es war die Zeit, in der manche noch von den &#8222;Vereinigten Staaten von Europa&#8220; tr\u00e4umten und Washington ein unangefochtenes Vorbild war.<\/p>\n<p>Die Rede der Pr\u00e4sidentin der Europ\u00e4ischen Kommission vor dem Plenum in Stra\u00dfburg war in Wirklichkeit, wie immer, ein Nicht-Ereignis, au\u00dfer f\u00fcr die kleine Br\u00fcsseler Blase. Es \u00fcberrascht nicht, dass dabei von &#8222;Unabh\u00e4ngigkeit Europas&#8220;, Wettbewerbsf\u00e4higkeit, &#8222;digitalen und sauberen Technologien&#8220;, k\u00fcnstlicher Intelligenz, &#8222;innovativen Start-ups&#8220; und &#8222;Gigafabriken&#8220;, der Verbindung zwischen \u00f6ffentlicher und privater Finanzierung in Europa, der Vollendung des Binnenmarktes, Elektrobatterien und Klimazielen die Rede war.<\/p>\n<p>Das Ganze wurde begleitet von einer Prise &#8222;Kampf gegen die Armut&#8220; und sogar dem Versprechen, &#8222;den Arbeitnehmern mehr Macht zu geben&#8220;.\u00a0Frau von der Leyen widmete au\u00dferdem mehrere Minuten der Rechtfertigung des Ende Juli mit Donald Trump geschlossenen Abkommens \u00fcber Z\u00f6lle. &#8222;Kapitulation&#8220; w\u00e4re ein passenderer Begriff als &#8222;Abkommen&#8220;, da das Wei\u00dfe Haus eine Besteuerung von 15 Prozent f\u00fcr einen Gro\u00dfteil der europ\u00e4ischen Exporte durchgesetzt hat, w\u00e4hrend amerikanische Waren fast vollst\u00e4ndig von Z\u00f6llen befreit sind. Selbst viele \u00fcberzeugte Br\u00fcssel-Bef\u00fcrworter erkennen diese Dem\u00fctigung an und bedauern sie.<\/p>\n<p>Die Chefin der Br\u00fcsseler Exekutive widmete den Anfang ihrer Rede den internationalen Nachrichten, insbesondere der Ukraine und dem Gazastreifen. Wie zu erwarten war, wurden die beiden Themen sehr unterschiedlich behandelt. Im ersten Fall wurden &#8222;die Freiheit und Unabh\u00e4ngigkeit (f\u00fcr die) das ukrainische Volk heute k\u00e4mpft&#8220; mit bewegenden Berichten \u00fcber den &#8222;russischen Bombenhagel&#8220; hervorgehoben.<\/p>\n<p>Auf diese erschreckende Beschreibung folgte logischerweise die Erw\u00e4hnung der Ma\u00dfnahmen der EU, um Russland die Stirn zu bieten. Insbesondere mit der Vorbereitung des neunzehnten Sanktionspakets gegen Moskau \u2013 die achtzehn vorherigen Pakete, die seit 2022 beschlossen wurden, sollten die russische Wirtschaft in die Knie zwingen und damit den Kreml zur Kapitulation f\u00fchren\u00a0\u2026<\/p>\n<p>Die Pr\u00e4sidentin der Kommission erinnerte au\u00dferdem daran, dass &#8222;bislang 170 Milliarden Euro an milit\u00e4rischer und finanzieller Hilfe&#8220; von der EU an Kiew gezahlt worden sind. Und sie betonte sofort: &#8222;Es wird noch mehr ben\u00f6tigt werden.&#8220; Auf dem Programm stehen unter anderem die St\u00e4rkung der ukrainischen Armee und die Zusammenarbeit mit der R\u00fcstungsindustrie des Landes.<\/p>\n<p>Hinter dieser Unterst\u00fctzung steht die Schaffung einer &#8222;starken und glaubw\u00fcrdigen europ\u00e4ischen Verteidigungsposition&#8220;, insbesondere durch das Programm, das eine &#8222;kriegsbereite&#8220; EU bis 2030 vorsieht. Dieses Programm k\u00f6nnte mit Investitionen in H\u00f6he von bis zu 800 Milliarden Euro ausgestattet werden. Denn laut Frau von der Leyen &#8222;wird Putins Kriegswirtschaft nicht aufh\u00f6ren, auch wenn der Krieg endet&#8220;.<\/p>\n<p>W\u00e4hrend die EU gegen\u00fcber Russland kriegerischer denn je erscheint (zur gro\u00dfen Freude der Waffenh\u00e4ndler), sieht es ganz anders aus, wenn es um Israel geht, um die Fortsetzung dessen, was f\u00fcr die UNO immer deutlicher als V\u00f6lkermord in Gaza erscheint und ganz allgemein um die grenzenlose Arroganz der Beh\u00f6rden dieses Landes gegen\u00fcber dem gesamten Nahen Osten.<\/p>\n<p>Muss man noch erw\u00e4hnen, dass Br\u00fcssel weder plant, 170 Milliarden f\u00fcr den pal\u00e4stinensischen Widerstand bereitzustellen, noch ein neunzehntes Sanktionspaket gegen Tel Aviv zu verh\u00e4ngen? Sanktionen waren bisher undenkbar, zumal eine Reihe von Mitgliedstaaten, darunter Deutschland, die &#8222;Freundschaft&#8220; mit dem j\u00fcdischen Staat zur &#8222;Staatsr\u00e4son&#8220; erhoben hat. Geopolitisch gesehen wird dieses Land traditionell als Vorposten des Westens in dieser Region der Welt angesehen.<\/p>\n<p>Die st\u00e4ndig zunehmende Barbarei Israels hat jedoch ein solches Ausma\u00df erreicht, dass sie seine traditionellen und unersch\u00fctterlichen Verb\u00fcndeten in Unbehagen versetzt hat. Dies ging so weit, dass Frau von der Leyen in ihrer Rede darauf eingehen musste. Sie musste zugeben, dass &#8222;das, was in Gaza geschieht, das Gewissen der ganzen Welt ersch\u00fcttert hat&#8220;. &#8222;Eine vom Menschen verursachte Hungersnot kann unter keinen Umst\u00e4nden eine Kriegswaffe sein&#8220;, f\u00fcgte die Pr\u00e4sidentin hinzu und pr\u00e4zisierte, dass &#8222;dies auch Teil einer systematischeren Ver\u00e4nderung ist, die in den letzten Monaten zu beobachten war und die einfach inakzeptabel ist&#8220;.<\/p>\n<p>Sie stimmte sogar zu, dass &#8222;f\u00fcr viele B\u00fcrger die Unf\u00e4higkeit Europas, sich auf eine gemeinsame Vorgehensweise zu einigen, ebenso schmerzlich ist&#8220;. Und sie erinnerte daran: &#8222;Wir haben vorgeschlagen, einen Teil unserer Finanzierung f\u00fcr Horizon (das Programm f\u00fcr wissenschaftliche Zusammenarbeit) auszusetzen, aber dieser Vorschlag ist mangels Mehrheit blockiert.&#8220;<\/p>\n<p>Zu den geplanten Ma\u00dfnahmen geh\u00f6ren die Aussetzung der bilateralen Hilfe der Kommission, der Vorschlag f\u00fcr &#8222;Sanktionen gegen extremistische Minister&#8220; und &#8222;eine teilweise Aussetzung des Assoziierungsabkommens in Handelsfragen&#8220;. Nicht vorgesehen sind jedoch die Unterbrechung der akademischen Zusammenarbeit oder der wissenschaftlichen F\u00f6rdermittel in diesem Rahmen\u00a0\u2026<\/p>\n<p>Zu den geplanten Ma\u00dfnahmen geh\u00f6ren die Aussetzung der bilateralen Hilfe der Kommission, der Vorschlag f\u00fcr &#8222;Sanktionen gegen extremistische Minister&#8220; und &#8222;eine teilweise Aussetzung des Assoziierungsabkommens in Handelsfragen&#8220;, was zu einer Anhebung bestimmter Z\u00f6lle f\u00fchren k\u00f6nnte. Eine Unterbrechung der akademischen Zusammenarbeit oder der wissenschaftlichen F\u00f6rderungen in diesem Rahmen kommt jedoch nicht infrage \u2026<\/p>\n<p>Es sei au\u00dferdem angemerkt, dass Benjamin Netanjahu nicht als extremistischer Minister gilt und dass die geplante \u201eAussetzung\u201c des Assoziierungsabkommens &#8222;teilweise&#8220; ist\u00a0\u2026 Dar\u00fcber hinaus werden Vergeltungsma\u00dfnahmen erw\u00e4hnt, aber bisher gibt es keine Anzeichen daf\u00fcr, dass diese tats\u00e4chlich in Kraft treten werden.<\/p>\n<p>Das hat also nichts mit der angek\u00fcndigten Konfrontation mit Russland zu tun. Ein Kontrast, der umso auff\u00e4lliger ist, als die beiden Konflikte unterschiedlicher Gr\u00f6\u00dfenordnung und Natur sind. Auch wenn alle Kriege \u2013 mit ihren Opfern und Zerst\u00f6rungen \u2013 das Gewissen der Menschheit ersch\u00fcttern sollten, kann man doch darauf hinweisen, dass die Folgen in beiden F\u00e4llen sehr unterschiedlich sind.<\/p>\n<p>Nach Angaben der UNO bel\u00e4uft sich die Zahl der ukrainischen Zivilopfer auf etwa 14.000 \u2013 14 000 zu viel, nat\u00fcrlich \u2013 f\u00fcr ein Land mit 45 Millionen Einwohnern. Im Gazastreifen wurden allein durch Bombardierungen mehr als 64 000 M\u00e4nner, Frauen und Kinder get\u00f6tet, bei einer Bev\u00f6lkerung von zwei Millionen, die in einem Freiluftgef\u00e4ngnis leben, dessen Zug\u00e4nge blockiert sind und zu dem nichtlokale Journalisten keinen Zugang haben. Lokale Reporter werden besonders ins Visier genommen.<\/p>\n<p>In einem Fall handelt es sich vor allem um eine politisch-milit\u00e4rische Operation (deren Begr\u00fcndetheit man nat\u00fcrlich anzweifeln darf). Im anderen Fall geht es um nichts weniger als die Ausl\u00f6schung eines Volkes und seiner Geschichte: die systematische Vernichtung von Schulen (und des kulturellen Erbes), des gesamten Gesundheitssystems einschlie\u00dflich des Pflegepersonals, der Wasser- und Energieinfrastruktur sowie der landwirtschaftlichen Produktionskapazit\u00e4ten. Und um die quasi offen eingesetzte Waffe der Hungersnot und der fehlenden medizinischen Versorgung (Plagen, deren Opferzahl zu der oben genannten Zahl hinzukommt) gegen das, was ein ehemaliger Verteidigungsminister als &#8222;menschliche Tiere&#8220; bezeichnet hat.<\/p>\n<p>Die j\u00fcngste Offensive der israelischen Armee in der Stadt Gaza mit ihrer Zerst\u00f6rungswut und den endlosen Zwangsumsiedlungen hat das Grauen noch um eine Stufe gesteigert. Angesichts dieser apokalyptischen Situation unterstreichen die vorsichtigen Proteste aus Br\u00fcssel nur die Doppelmoral, die noch nie ein solches Ausma\u00df erreicht hat.<\/p>\n<p style=\"text-align: right;\"><em>Pierre L\u00e9vy war Gewerkschaftsfunktion\u00e4r der CGT-Metall und von 1996 bis 2001 Redakteur bei \u201cL\u2019Humanit\u00e9\u201c. Er lancierte 2000 eine \u201eradikal eurokritische, fortschrittliche Monatszeitung\u201c unter dem symbolischen Titel \u201eBastille-R\u00e9publique-Nation\u201c, die ab Fr\u00fchjahr 2015 als \u201eRuptures\u201c (dt. \u201eBr\u00fcche\u201c) fortgesetzt wird, zus\u00e4tzlich mit der Webseite: <a href=\"https:\/\/ruptures-presse.fr\/\" target=\"_blank\" rel=\"noopener\">ruptures-presse.fr<\/a><\/em><\/p>\n<hr \/>\n<p><span style=\"font-size: 10pt;\">Bild oben: Ursula von der Leyen auf einem Gipfel der European People&#8217;s Party in Br\u00fcssel, Juni 2025<\/span><br \/>\n<span style=\"font-size: 10pt;\">Foto: epp.eu &#8211; <a href=\"https:\/\/www.flickr.com\/photos\/45198836@N04\/54614873953\/\" target=\"_blank\" rel=\"noopener\">https:\/\/www.flickr.com\/photos\/45198836@N04\/54614873953\/<\/a>, <a href=\"https:\/\/www.freidenker.org\/?p=22894\" target=\"_blank\" rel=\"noopener\">CC BY 4.0<\/a><\/span><br \/>\n<span style=\"font-size: 10pt;\">Quelle: <a href=\"https:\/\/commons.wikimedia.org\/w\/index.php?curid=168664807\">https:\/\/commons.wikimedia.org\/w\/index.php?curid=168664807<\/a><\/span><\/p>\n","protected":false},"excerpt":{"rendered":"<p><b>Beitrag von Pierre Levy<\/b><br \/>\nEs war anscheinend ein &#8222;mit Spannung erwartetes&#8220; Ereignis. So kommentierte jedenfalls die Moderatorin der Arte-Nachrichten, ohne Ironie, die Rede von Ursula von der Leyen vor dem Europ\u00e4ischen Parlament am 10. September. Es handelte sich um die traditionelle &#8222;Rede zur Lage der Union&#8220; (&#8222;SOTEU&#8220; f\u00fcr Eingeweihte, nach dem englischen Akronym). Diese Tradition, die einst von der Europ\u00e4ischen Kommission eingef\u00fchrt wurde, entstand eigentlich als direkte Nachahmung der in Amerika \u00fcblichen Praxis, wonach der Pr\u00e4sident der Vereinigten Staaten j\u00e4hrlich vor den Mitgliedern des Kongresses spricht. Es war die Zeit, in der manche noch von den &#8222;Vereinigten Staaten von Europa&#8220; tr\u00e4umten und Washington ein unangefochtenes Vorbild war.<\/p>\n","protected":false},"author":3,"featured_media":22917,"comment_status":"closed","ping_status":"closed","sticky":false,"template":"","format":"standard","meta":{"colormag_page_container_layout":"default_layout","colormag_page_sidebar_layout":"default_layout","advanced_seo_description":"","jetpack_seo_html_title":"","jetpack_seo_noindex":false,"jetpack_post_was_ever_published":false,"footnotes":""},"categories":[12],"tags":[182,1702,1676,1172,1589,393,1389,1955,222,639,1120,1632],"class_list":["post-22905","post","type-post","status-publish","format-standard","has-post-thumbnail","hentry","category-demokratie-medien-aufklaerung","tag-eu","tag-eu-kommission","tag-eu-parlament","tag-gaza","tag-genozid","tag-israel","tag-konfrontation","tag-nahostkonflikt","tag-russland","tag-ukraine-konflikt","tag-uno","tag-von-der-leyen"],"jetpack_featured_media_url":"https:\/\/i0.wp.com\/www.freidenker.org\/fw17\/wp-content\/uploads\/2025\/09\/EPP_Summit_Brussels_26_June_2025_133_800x450.jpg?fit=800%2C450&ssl=1","jetpack_shortlink":"https:\/\/wp.me\/p9stpK-5Xr","jetpack-related-posts":[{"id":18412,"url":"https:\/\/www.freidenker.org\/?p=18412","url_meta":{"origin":22905,"position":0},"title":"Demokratie \u00e0 la EU: Von der Leyen hat die Wahl schon vor der Wahl gewonnen","author":"Webredaktion","date":"29. Februar 2024","format":false,"excerpt":"Beitrag von Gert Ewen Ungar Im Juni finden in der EU Wahlen zum EU-Parlament statt. Wie sich das f\u00fcr Demokratien geh\u00f6rt, steht die Siegerin bereits fest. Die mehr als nur umstrittene EU-Kommissionspr\u00e4sidentin Ursula von der Leyen bekommt eine zweite Amtszeit verpasst. Die CDU machte sie zur Spitzenkandidatin der EVP-Fraktion im\u2026","rel":"","context":"In &quot;Demokratie \u2013 Medien \u2013 Aufkl\u00e4rung&quot;","block_context":{"text":"Demokratie \u2013 Medien \u2013 Aufkl\u00e4rung","link":"https:\/\/www.freidenker.org\/?cat=12"},"img":{"alt_text":"","src":"https:\/\/i0.wp.com\/www.freidenker.org\/fw17\/wp-content\/uploads\/2024\/02\/von_der_Leyen_on_5_January_2024.jpg?fit=800%2C450&ssl=1&resize=350%2C200","width":350,"height":200,"srcset":"https:\/\/i0.wp.com\/www.freidenker.org\/fw17\/wp-content\/uploads\/2024\/02\/von_der_Leyen_on_5_January_2024.jpg?fit=800%2C450&ssl=1&resize=350%2C200 1x, https:\/\/i0.wp.com\/www.freidenker.org\/fw17\/wp-content\/uploads\/2024\/02\/von_der_Leyen_on_5_January_2024.jpg?fit=800%2C450&ssl=1&resize=525%2C300 1.5x, https:\/\/i0.wp.com\/www.freidenker.org\/fw17\/wp-content\/uploads\/2024\/02\/von_der_Leyen_on_5_January_2024.jpg?fit=800%2C450&ssl=1&resize=700%2C400 2x"},"classes":[]},{"id":23108,"url":"https:\/\/www.freidenker.org\/?p=23108","url_meta":{"origin":22905,"position":1},"title":"Verk\u00f6rperung des Niedergangs der EU","author":"Webredaktion","date":"13. Oktober 2025","format":false,"excerpt":"Ein Kommentar von\u00a0Rainer Rupp. Das Europ\u00e4ische Parlament pr\u00fcfte diese Woche gleich zwei Misstrauensantr\u00e4ge gegen die abgehobene, aber inkompetente Frau an der Spitze der EU-Kommission. Obwohl beide Antr\u00e4ge scheiterten, wird europaweit dennoch die Frage gestellt, wie lange sie sich noch in ihrer Position halten kann und ob die zunehmende Kritik an\u2026","rel":"","context":"In &quot;Demokratie \u2013 Medien \u2013 Aufkl\u00e4rung&quot;","block_context":{"text":"Demokratie \u2013 Medien \u2013 Aufkl\u00e4rung","link":"https:\/\/www.freidenker.org\/?cat=12"},"img":{"alt_text":"","src":"https:\/\/i0.wp.com\/www.freidenker.org\/fw17\/wp-content\/uploads\/2025\/10\/Ursula_von_der_Leyen_in_Scotland_July_27_2025_800x450.jpg?fit=800%2C450&ssl=1&resize=350%2C200","width":350,"height":200,"srcset":"https:\/\/i0.wp.com\/www.freidenker.org\/fw17\/wp-content\/uploads\/2025\/10\/Ursula_von_der_Leyen_in_Scotland_July_27_2025_800x450.jpg?fit=800%2C450&ssl=1&resize=350%2C200 1x, https:\/\/i0.wp.com\/www.freidenker.org\/fw17\/wp-content\/uploads\/2025\/10\/Ursula_von_der_Leyen_in_Scotland_July_27_2025_800x450.jpg?fit=800%2C450&ssl=1&resize=525%2C300 1.5x, https:\/\/i0.wp.com\/www.freidenker.org\/fw17\/wp-content\/uploads\/2025\/10\/Ursula_von_der_Leyen_in_Scotland_July_27_2025_800x450.jpg?fit=800%2C450&ssl=1&resize=700%2C400 2x"},"classes":[]},{"id":14426,"url":"https:\/\/www.freidenker.org\/?p=14426","url_meta":{"origin":22905,"position":2},"title":"Weg in Abh\u00e4ngigkeit und Autokratie.","author":"Webredaktion","date":"12. Oktober 2022","format":false,"excerpt":"Beitrag von Gert Ewen Ungar Kaum eine Person verk\u00f6rpert die viel beschworenen europ\u00e4ischen Werte und den Begriff Demokratie so wenig wie Kommissionspr\u00e4sidentin Ursula von der Leyen. Das legt ein Beitrag\u00a0der Washingtoner Tageszeitung Politico nahe. Das Blatt geh\u00f6rt seit August 2021 zu dem deutschen Medienkonzern Axel Springer. Der mit \"Europas Amerikanische\u2026","rel":"","context":"In &quot;Demokratie \u2013 Medien \u2013 Aufkl\u00e4rung&quot;","block_context":{"text":"Demokratie \u2013 Medien \u2013 Aufkl\u00e4rung","link":"https:\/\/www.freidenker.org\/?cat=12"},"img":{"alt_text":"","src":"https:\/\/i0.wp.com\/www.freidenker.org\/fw17\/wp-content\/uploads\/2022\/10\/von_der_Leyen_51988071051_800x450.jpg?fit=800%2C450&ssl=1&resize=350%2C200","width":350,"height":200,"srcset":"https:\/\/i0.wp.com\/www.freidenker.org\/fw17\/wp-content\/uploads\/2022\/10\/von_der_Leyen_51988071051_800x450.jpg?fit=800%2C450&ssl=1&resize=350%2C200 1x, https:\/\/i0.wp.com\/www.freidenker.org\/fw17\/wp-content\/uploads\/2022\/10\/von_der_Leyen_51988071051_800x450.jpg?fit=800%2C450&ssl=1&resize=525%2C300 1.5x, https:\/\/i0.wp.com\/www.freidenker.org\/fw17\/wp-content\/uploads\/2022\/10\/von_der_Leyen_51988071051_800x450.jpg?fit=800%2C450&ssl=1&resize=700%2C400 2x"},"classes":[]},{"id":16197,"url":"https:\/\/www.freidenker.org\/?p=16197","url_meta":{"origin":22905,"position":3},"title":"Die EU-Kommissionspr\u00e4sidentin, ihr Mann und die mRNA-Impfstoffe","author":"Webredaktion","date":"29. Mai 2023","format":false,"excerpt":"Beitrag von Anti-Spiegel (d.i. Thomas R\u00f6per) Dass Ursula von der Leyen \u00fcber 70 Milliarden Euro f\u00fcr die Bestellung von Impfstoffen gegen Covid-19 ausgegeben hat, ist nicht neu. Sie hat 4,2 Milliarden Impfdosen (fast ausschlie\u00dflich bei Pfizer) bestellt. Das ist genug, um jeden EU-B\u00fcrger neun Mal gegen die von der US-Regierung\u2026","rel":"","context":"In &quot;Demokratie \u2013 Medien \u2013 Aufkl\u00e4rung&quot;","block_context":{"text":"Demokratie \u2013 Medien \u2013 Aufkl\u00e4rung","link":"https:\/\/www.freidenker.org\/?cat=12"},"img":{"alt_text":"","src":"https:\/\/i0.wp.com\/www.freidenker.org\/fw17\/wp-content\/uploads\/2023\/05\/von-der-leyen_pfizer_800x450.jpg?fit=800%2C450&ssl=1&resize=350%2C200","width":350,"height":200,"srcset":"https:\/\/i0.wp.com\/www.freidenker.org\/fw17\/wp-content\/uploads\/2023\/05\/von-der-leyen_pfizer_800x450.jpg?fit=800%2C450&ssl=1&resize=350%2C200 1x, https:\/\/i0.wp.com\/www.freidenker.org\/fw17\/wp-content\/uploads\/2023\/05\/von-der-leyen_pfizer_800x450.jpg?fit=800%2C450&ssl=1&resize=525%2C300 1.5x, https:\/\/i0.wp.com\/www.freidenker.org\/fw17\/wp-content\/uploads\/2023\/05\/von-der-leyen_pfizer_800x450.jpg?fit=800%2C450&ssl=1&resize=700%2C400 2x"},"classes":[]},{"id":15112,"url":"https:\/\/www.freidenker.org\/?p=15112","url_meta":{"origin":22905,"position":4},"title":"Die Tiefschattenseite der EU-Sonnenk\u00f6nigin v. d. Leyen","author":"Webredaktion","date":"1. Februar 2023","format":false,"excerpt":"Beitrag von Friedhelm Klinkhammer und Volker Br\u00e4utigam Ursula von der Leyen, Pr\u00e4sidentin der EU-Kommission, ohne Charisma und mit Spitznamen (in Deutschland) \u201eFlinten-Uschi\u201c, ist unheilbar \u201ekrank\u201c. Das Kriegsfieber hat sie gepackt, ein b\u00f6sartiges Symptom der russophoben Hirnhautreizung. Gegen die politische Enzephalitis gibt es keine Therapie. Zur Begrenzung der Ansteckungsgefahr w\u00e4ren Amtsenthebung\u2026","rel":"","context":"In &quot;Demokratie \u2013 Medien \u2013 Aufkl\u00e4rung&quot;","block_context":{"text":"Demokratie \u2013 Medien \u2013 Aufkl\u00e4rung","link":"https:\/\/www.freidenker.org\/?cat=12"},"img":{"alt_text":"","src":"https:\/\/i0.wp.com\/www.freidenker.org\/fw17\/wp-content\/uploads\/2023\/02\/vonderleyen_sonnenkoenigin_v2_800x450.jpg?fit=800%2C450&ssl=1&resize=350%2C200","width":350,"height":200,"srcset":"https:\/\/i0.wp.com\/www.freidenker.org\/fw17\/wp-content\/uploads\/2023\/02\/vonderleyen_sonnenkoenigin_v2_800x450.jpg?fit=800%2C450&ssl=1&resize=350%2C200 1x, https:\/\/i0.wp.com\/www.freidenker.org\/fw17\/wp-content\/uploads\/2023\/02\/vonderleyen_sonnenkoenigin_v2_800x450.jpg?fit=800%2C450&ssl=1&resize=525%2C300 1.5x, https:\/\/i0.wp.com\/www.freidenker.org\/fw17\/wp-content\/uploads\/2023\/02\/vonderleyen_sonnenkoenigin_v2_800x450.jpg?fit=800%2C450&ssl=1&resize=700%2C400 2x"},"classes":[]},{"id":22768,"url":"https:\/\/www.freidenker.org\/?p=22768","url_meta":{"origin":22905,"position":5},"title":"Wahrheitsleugnerin Ursula von der Leyen auf gef\u00e4hrlichem Kurs","author":"Webredaktion","date":"7. September 2025","format":false,"excerpt":"Die EU-Kommissionspr\u00e4sidentin ignoriert Moskaus Warnungen vor einem Einsatz europ\u00e4ischer Nato-Truppen in der Ukraine Ein Kommentar von Tilo Gr\u00e4ser Die nicht durch eine demokratische Wahl ins Amt gekommene Pr\u00e4sidentin der EU-Kommission Ursula von der Leyen spielt anscheinend schon mal Oberkommandierende einer nichtexistierenden EU-Armee. So kann zumindest gedeutet werden, was sie am\u2026","rel":"","context":"In &quot;Demokratie \u2013 Medien \u2013 Aufkl\u00e4rung&quot;","block_context":{"text":"Demokratie \u2013 Medien \u2013 Aufkl\u00e4rung","link":"https:\/\/www.freidenker.org\/?cat=12"},"img":{"alt_text":"","src":"https:\/\/i0.wp.com\/www.freidenker.org\/fw17\/wp-content\/uploads\/2025\/09\/Press_conference__Zelensky_and_von_der_Leyen_at_the_EC_-_2025_800x450.jpg?fit=800%2C450&ssl=1&resize=350%2C200","width":350,"height":200,"srcset":"https:\/\/i0.wp.com\/www.freidenker.org\/fw17\/wp-content\/uploads\/2025\/09\/Press_conference__Zelensky_and_von_der_Leyen_at_the_EC_-_2025_800x450.jpg?fit=800%2C450&ssl=1&resize=350%2C200 1x, https:\/\/i0.wp.com\/www.freidenker.org\/fw17\/wp-content\/uploads\/2025\/09\/Press_conference__Zelensky_and_von_der_Leyen_at_the_EC_-_2025_800x450.jpg?fit=800%2C450&ssl=1&resize=525%2C300 1.5x, https:\/\/i0.wp.com\/www.freidenker.org\/fw17\/wp-content\/uploads\/2025\/09\/Press_conference__Zelensky_and_von_der_Leyen_at_the_EC_-_2025_800x450.jpg?fit=800%2C450&ssl=1&resize=700%2C400 2x"},"classes":[]}],"_links":{"self":[{"href":"https:\/\/www.freidenker.org\/index.php?rest_route=\/wp\/v2\/posts\/22905","targetHints":{"allow":["GET"]}}],"collection":[{"href":"https:\/\/www.freidenker.org\/index.php?rest_route=\/wp\/v2\/posts"}],"about":[{"href":"https:\/\/www.freidenker.org\/index.php?rest_route=\/wp\/v2\/types\/post"}],"author":[{"embeddable":true,"href":"https:\/\/www.freidenker.org\/index.php?rest_route=\/wp\/v2\/users\/3"}],"replies":[{"embeddable":true,"href":"https:\/\/www.freidenker.org\/index.php?rest_route=%2Fwp%2Fv2%2Fcomments&post=22905"}],"version-history":[{"count":3,"href":"https:\/\/www.freidenker.org\/index.php?rest_route=\/wp\/v2\/posts\/22905\/revisions"}],"predecessor-version":[{"id":22918,"href":"https:\/\/www.freidenker.org\/index.php?rest_route=\/wp\/v2\/posts\/22905\/revisions\/22918"}],"wp:featuredmedia":[{"embeddable":true,"href":"https:\/\/www.freidenker.org\/index.php?rest_route=\/wp\/v2\/media\/22917"}],"wp:attachment":[{"href":"https:\/\/www.freidenker.org\/index.php?rest_route=%2Fwp%2Fv2%2Fmedia&parent=22905"}],"wp:term":[{"taxonomy":"category","embeddable":true,"href":"https:\/\/www.freidenker.org\/index.php?rest_route=%2Fwp%2Fv2%2Fcategories&post=22905"},{"taxonomy":"post_tag","embeddable":true,"href":"https:\/\/www.freidenker.org\/index.php?rest_route=%2Fwp%2Fv2%2Ftags&post=22905"}],"curies":[{"name":"wp","href":"https:\/\/api.w.org\/{rel}","templated":true}]}}