{"id":22894,"date":"2025-09-20T01:36:56","date_gmt":"2025-09-19T23:36:56","guid":{"rendered":"https:\/\/www.freidenker.org\/?p=22894"},"modified":"2025-10-15T20:55:14","modified_gmt":"2025-10-15T18:55:14","slug":"causa-charlie-kirk-und-deutsche-medien-%e2%80%92-gute-einschaetzungen-und-negative-polarisierungen","status":"publish","type":"post","link":"https:\/\/www.freidenker.org\/?p=22894","title":{"rendered":"Causa Charlie Kirk und deutsche Medien \u2012 &#8222;Gute&#8220; Einsch\u00e4tzungen und &#8222;negative Polarisierungen&#8220;"},"content":{"rendered":"<p><strong>Die Ermordung des MAGA-Aktivisten Charlie Kirk wird auch in Deutschland gesellschaftspolitisch kontrovers wahrgenommen und diskutiert. Personen des \u00f6ffentlichen Lebens, die ihr Bedauern \u00e4u\u00dfern, werden umgehend abgemahnt. Leitende ZDF-Mitarbeiter d\u00fcrfen zur besten Sendezeit ihre subjektiven Wahrnehmungen ungest\u00f6rt mitteilen. <\/strong><\/p>\n<p><em>Von <strong>Bernhard Loyen<\/strong><\/em><\/p>\n<p><span style=\"font-size: 10pt;\">Erstver\u00f6ffentlichung am 13.09.2025 auf <a href=\"https:\/\/freedert.online\/inland\/255916-causa-charlie-kirk-und-deutsche\/\" target=\"_blank\" rel=\"noopener\">RT DE<\/a><\/span><\/p>\n<div class=\"EmbedBlock-root EmbedBlock-all\">\n<div class=\"AllEmbed\"><iframe loading=\"lazy\" title=\"Causa Charlie Kirk und deutsche Medien \u2012 &quot;Gute&quot; Einsch\u00e4tzungen und &quot;negative Polarisierungen&quot;\" src=\"https:\/\/www.podbean.com\/player-v2\/?i=f2j9j-1967c0b-pb&amp;from=pb6admin&amp;share=1&amp;download=1&amp;rtl=0&amp;fonts=Arial&amp;skin=f6f6f6&amp;font-color=auto&amp;logo_link=episode_page&amp;btn-skin=7\" width=\"100%\" height=\"150\" scrolling=\"no\" data-name=\"pb-iframe-player\" data-mce-fragment=\"1\"><\/iframe><\/div>\n<\/div>\n<p>Die Ermordung des US-Aktivisten Charlie Kirk, enger Vertrauter und einflussreicher Unterst\u00fctzer von US-Pr\u00e4sident Donald Trump, liefert in den Reaktionen\u00a0\u2012 wenig \u00fcberraschend \u2012 eine erneute umgehende Spiegelung der deutschen Gesellschaft. Dies bezieht sich speziell auf die seit 2020 forcierten K\u00e4mpfe um Deutungshoheit, Reflexion und Provokation, Gut und B\u00f6se, links und rechts sowie weitere Themenfelder der Gegenwart.<\/p>\n<p>Der Blick auf die Mainstream-Medien offenbart, in den Redaktionsstuben finden sich nur wenige Stimmen, die Charlie Kirk den Lesern und Zuschauern n\u00fcchtern, sachlich und\/oder als ruhigen, ja, auch bewusst provozierenden &#8222;Influencer&#8220; der Stunde pr\u00e4sentieren. Es \u00fcberwiegen unmissverst\u00e4ndliche Formulierungen, die das Attentatsopfer posthum vordergr\u00fcndig bewusst als &#8222;ultrarechten Provokateur&#8220; brandmarken wollen. Die mittlerweile international wahrgenommenen \u00c4u\u00dferungen zweier <em>ZDF<\/em>-Spitzenkr\u00e4fte, Dunja Hayali und Elmar Theve\u00dfen, repr\u00e4sentieren dabei exemplarisch die unangenehme Speerspitze der subjektiv ausgelebten Arroganz, des Bewusstseins der Unantastbarkeit.<\/p>\n<p>Hayali zelebrierte dabei\u00a0abermals die Macht des \u00d6RR in der Berichterstattung, da ihre Anmoderation zum T\u00f6tungsereignis vom Sender nicht als pers\u00f6nlicher, wertender Meinungskommentar entsprechend gekennzeichnet wurde. Die Inhaberin des &#8222;Toleranzpreises der Evangelischen Akademie Tutzing&#8220; (2020) erkl\u00e4rte den <em>heute journal<\/em>-Zuschauern w\u00f6rtlich, bei Kirk handele es sich um einen &#8222;extrem umstrittenen Influencer&#8220;, um weiter auszuf\u00fchren:<\/p>\n<p style=\"padding-left: 40px;\"><em>&#8222;Dass es nun Gruppen gibt, die seinen Tod feiern, ist mit nichts zu rechtfertigen, auch nicht mit seinen oftmals abscheulichen, rassistischen, sexistischen und menschenfeindlichen Aussagen. Offensichtlich hat der radikal-religi\u00f6se Verschw\u00f6rungsanh\u00e4nger aber auch genau damit einen Nerv getroffen.&#8220;<\/em><\/p>\n<div class=\"embed-twitter\">\n<blockquote class=\"twitter-tweet\" data-width=\"550\" data-dnt=\"true\">\n<p lang=\"zxx\" dir=\"ltr\"><a href=\"https:\/\/t.co\/tSSucElXp2\">pic.twitter.com\/tSSucElXp2<\/a><\/p>\n<p>&mdash; Argo Nerd (@argonerd) <a href=\"https:\/\/twitter.com\/argonerd\/status\/1966737614322757837?ref_src=twsrc%5Etfw\">September 13, 2025<\/a><\/p><\/blockquote>\n<p><script async src=\"https:\/\/platform.twitter.com\/widgets.js\" charset=\"utf-8\"><\/script><\/div>\n<div class=\"EmbedBlock-root EmbedBlock-twitter\">\n<div class=\"TwitterEmbed\">\n<div class=\"twitter-tweet twitter-tweet-rendered\">Eine &#8222;prominente&#8220; CDU-Hinterb\u00e4nklerin, Caroline Bosbach \u2012 als exemplarischer Kontrapunkt \u2012 beschrieb Kirk demgegen\u00fcber als &#8222;K\u00e4mpfer f\u00fcr westliche Werte&#8220; und erl\u00e4uterte auf Instagram:<\/div>\n<\/div>\n<\/div>\n<p style=\"padding-left: 40px;\"><em>&#8222;Kaum jemand stand so f\u00fcr freie Debatten wie er. Kirk grenzte Andersdenkende nicht aus, sondern reiste durch ganz\u00a0Amerika, um mit ihnen ins Gespr\u00e4ch zu kommen.&#8220;<\/em><\/p>\n<p>Diese Formulierung und private Wahrnehmung sorgte in der<em> Spiegel<\/em>-Redaktion\u00a0umgehend f\u00fcr das Aufgl\u00fchen der Tastaturen. So <a href=\"https:\/\/www.spiegel.de\/politik\/deutschland\/cdu-caroline-bosbach-entfernt-umstrittenen-post-ueber-charlie-kirk-a-b6d9d030-b657-48aa-95b4-589d90175854\" target=\"_blank\" rel=\"noopener noreferrer\">hei\u00dft es<\/a>:<\/p>\n<p style=\"padding-left: 40px;\"><em>&#8222;CDU-Abgeordnete Bosbach l\u00f6scht umstrittenen Post \u00fcber Kirk. Beinahe wie eine Lobeshymne auf den get\u00f6teten Rechtsradikalen las sich ein Post von Caroline Bosbach. Inzwischen hat die Bundestagsabgeordnete den Beitrag gel\u00f6scht. Sie f\u00fchlt sich missverstanden.&#8220;<\/em><\/p>\n<p>Der B\u00fcrger lernt hierbei: Eine Person, die der rein subjektiven, wertenden Zusammenfassung einer Hayali oder eines Elmar Theve\u00dfen widerspricht oder kontr\u00e4r formuliert, gilt mal wieder als &#8222;umstritten&#8220;, vulgo &#8222;rechts&#8220;, also gedanklich falsch abgebogen. Theve\u00dfen durfte ungest\u00f6rt, ohne berufliche Konsequenzen, zur besten Sendezeit bei Lanz im <em>ZDF<\/em>\u00a0<a href=\"https:\/\/www.cicero.de\/kultur\/elmar-thevessen-und-charlie-kirk-weltanschauung-fullt-wissenslucken\" target=\"_blank\" rel=\"noopener noreferrer\">behaupten<\/a>:<\/p>\n<p style=\"padding-left: 40px;\"><em>&#8222;Kirk\u00a0hat sehr, sehr scharf rechte \u00dcberzeugungen. Ich will mal ein paar Beispiele nennen. Er hat beispielsweise gesagt, dass Homosexuelle gesteinigt werden m\u00fcssten [\u2026].&#8220;<\/em><\/p>\n<p>Kann man so formulieren, wenn man verbal bewusst nachtreten, Zusammenh\u00e4nge nicht erkl\u00e4ren\u00a0und damit mutwillig Stimmung gegen ein Mordopfer\u00a0machen m\u00f6chte. Vielleicht hat Theve\u00dfen, der <em>ZDF<\/em>-Mann in Washington, seine perfide Argumentation 1:1 vom US-Schriftsteller Stephen King \u00fcbernommen. Der ruderte mittlerweile auf X nach entsprechender Kritik hektisch zur\u00fcck, um zu erkl\u00e4ren:<\/p>\n<p style=\"padding-left: 40px;\"><em>&#8222;Ich habe mich geirrt und entschuldige mich daf\u00fcr. Ich habe den Beitrag gel\u00f6scht.&#8220;<\/em><\/p>\n<div class=\"embed-twitter\">\n<blockquote class=\"twitter-tweet\" data-width=\"550\" data-dnt=\"true\">\n<p lang=\"en\" dir=\"ltr\">I was wrong, and I apologize. I have deleted the post. <a href=\"https:\/\/t.co\/v6NOIUGEvS\">https:\/\/t.co\/v6NOIUGEvS<\/a><\/p>\n<p>&mdash; Stephen King (@StephenKing) <a href=\"https:\/\/twitter.com\/StephenKing\/status\/1966484038648021264?ref_src=twsrc%5Etfw\">September 12, 2025<\/a><\/p><\/blockquote>\n<p><script async src=\"https:\/\/platform.twitter.com\/widgets.js\" charset=\"utf-8\"><\/script><\/div>\n<div class=\"EmbedBlock-root EmbedBlock-twitter\">\n<div class=\"TwitterEmbed\">\n<div class=\"twitter-tweet twitter-tweet-rendered\">In einem weiteren X-<a href=\"https:\/\/x.com\/StephenKing\/status\/1966474125616013664\" target=\"_blank\" rel=\"noopener noreferrer\">Beitrag<\/a> schrieb King:<\/div>\n<\/div>\n<\/div>\n<p style=\"padding-left: 40px;\"><em>&#8222;Ich\u00a0entschuldige mich\u00a0daf\u00fcr, dass ich gesagt habe, Charlie Kirk bef\u00fcrworte die Steinigung von Homosexuellen. Was er tats\u00e4chlich [in einem Interview] aufgezeigt hat, war, wie manche Menschen Bibelstellen selektiv ausw\u00e4hlen.&#8220;<\/em><\/p>\n<p>Kirk galt als ultrakonservativer tiefgl\u00e4ubiger Christ, mit engen Auslegungen zu den Inhalten der Bibel, so wie der deutsche Fu\u00dfballprofi\u00a0und Nationalspieler\u00a0Felix Nmecha. Seinen anma\u00dfenden Fehler in der Causa Kirk erkl\u00e4rte erneut die <em>Spiegel<\/em>-Redaktion:<\/p>\n<p style=\"padding-left: 40px;\"><em>&#8222;Nmecha polarisiert mit Trauer-Post zu Charlie Kirk \u2013 BVB will mit ihm dar\u00fcber sprechen. Mit einem Instagram-Post zur T\u00f6tung von Charlie Kirk hat Nationalspieler Felix Nmecha Emp\u00f6rung ausgel\u00f6st, sein Klub Borussia Dortmund (BVB) reagiert.&#8220;<\/em><\/p>\n<p>Der B\u00fcrger lernt an diesen Beispielen: Bosbach und Nmecha &#8222;polarisieren&#8220;, pr\u00e4sentieren sich auf der &#8222;falschen Seite&#8220; der Wahrnehmung, demgegen\u00fcber Hayali und Theve\u00dfen auf der &#8222;guten Seite&#8220;. Ausl\u00f6ser f\u00fcr die Nmecha-Schelte war ein X-Beitrag des Chefredakteurs der Fu\u00dfballzeitschrift\u00a0<em data-start=\"235\" data-end=\"247\">11 Freunde<\/em>, Philipp K\u00f6ster. Im <em>Spiegel<\/em>-Artikel wurde dazu erinnert: &#8222;Es ist nicht das erste Mal, dass der Dortmunder mit Social-Media-Kommentaren f\u00fcr Unmut sorgt.&#8220; Seit 2023 h\u00e4lt der <em>Spiegel<\/em>-Verlag zudem die Mehrheit an dem Fu\u00dfballmagazin.\u00a0K\u00f6ster echauffierte sich verbal, mit der Forderung nach Bestrafung:<\/p>\n<p style=\"padding-left: 40px;\"><em>&#8222;Knallharter und menschenverachtender Rassismus. Felix Nmecha feiert Charlie Kirk als &#8218;man, who stands for his beliefs and values&#8216; [als Mann, der f\u00fcr seine \u00dcberzeugungen und Werte einsteht]. Wie lange will sich der BVB das eigentlich noch anschauen?&#8220;<\/em><\/p>\n<div class=\"embed-twitter\">\n<blockquote class=\"twitter-tweet\" data-width=\"550\" data-dnt=\"true\">\n<p lang=\"de\" dir=\"ltr\">Knallharter und menschenverachtender Rassismus. Felix Nmecha feiert Charlie Kirk als \u201eman, who stands for his beliefs and values\u201c. Wie lange will sich der BVB das eigentlich noch anschauen? <a href=\"https:\/\/t.co\/fRyaQURSgu\">pic.twitter.com\/fRyaQURSgu<\/a><\/p>\n<p>&mdash; Philipp K\u00f6ster (@philippkoester) <a href=\"https:\/\/twitter.com\/philippkoester\/status\/1966200744568406030?ref_src=twsrc%5Etfw\">September 11, 2025<\/a><\/p><\/blockquote>\n<p><script async src=\"https:\/\/platform.twitter.com\/widgets.js\" charset=\"utf-8\"><\/script><\/div>\n<div class=\"EmbedBlock-root EmbedBlock-twitter\">\n<div class=\"TwitterEmbed\">\n<div class=\"twitter-tweet twitter-tweet-rendered\">Der B\u00fcrger lernt wieder:\u00a0Wenn ein &#8222;wei\u00dfer&#8220;, linker Wutb\u00fcrger einen &#8222;gl\u00e4ubigen schwarzen&#8220;\u00a0Beileidsbekunder \u00f6ffentlich attackiert und ma\u00dfregelt, ist das nat\u00fcrlich kein Rassismus, geht mit R\u00fcckendeckung der Geldgeber schon in Ordnung. Der gesamte Inhalt der Nmecha-Wahrnehmungen wurde im\u00a0<em>Spiegel<\/em>-Artikel\u00a0zitiert:<\/div>\n<\/div>\n<\/div>\n<p style=\"padding-left: 40px;\"><em>&#8222;&#8218;Ruhe in Frieden bei Gott. So ein trauriger Tag&#8216;, hatte der 24-j\u00e4hrige BVB-Profi zun\u00e4chst geschrieben, der Post wurde danach \u00fcberarbeitet. &#8218;M\u00f6ge der Herr der Familie Kirk in dieser Zeit mit besonderer Gnade beistehen. Jesus ist der wahre Weg zu Frieden und Liebe&#8216; [&#8230;]. In einem weiteren, inzwischen gel\u00f6schten Beitrag hatte Nmecha geschrieben, der f\u00fcr radikale Positionen ber\u00fcchtigte Kirk sei &#8218;friedlich f\u00fcr seine \u00dcberzeugungen und Werte eingestanden&#8216;.&#8220;<\/em><\/p>\n<p>Laut <em>Spiegel<\/em>-Redaktion &#8222;eine fragw\u00fcrdige Einordnung&#8220;. K\u00f6sters Wahrnehmung zufolge darf Charlie Kirk anscheinend nicht in Frieden ruhen, sondern&#8230;in der H\u00f6lle schmoren? Die <em>Spiegel<\/em>-Redaktion erinnerte ihre Leser:<\/p>\n<p style=\"padding-left: 40px;\"><em>&#8222;Nmecha gilt als tiefgl\u00e4ubig und ist auch in der Vergangenheit damit aufgefallen, christlich-konservative Positionen in den sozialen Medien zu liken. Er hatte vor zwei Jahren Posts geteilt, die als homophob und queerfeindlich gewertet wurden.&#8220;<\/em><\/p>\n<p>Geteilt, also nicht verfasst. In der heutigen Zeit nachweislich ausreichender Grund f\u00fcr strafrechtliche Anzeigen und Anklagen, Polizeibesuche samt Wohnungsdurchsuchungen, Berufsverluste und weitere Schikanen im Dasein.\u00a0Lars Wienand von der <em>T-Online<\/em>-Redaktion und X-Nutzer, die\u00a0Wienands subjektive Wahrnehmung teilen, haben demgegen\u00fcber nichts zu bef\u00fcrchten.\u00a0Der <em>T-Online<\/em>-Redakteur kokettierte \u2012\u00a0in Anspielung auf Kirks Position zum Waffenbesitz \u2012 mit der Bemerkung und dem fraglichen &#8222;Charme der Guten&#8220;: &#8222;Part of Liberty? Vielleicht k\u00f6nnte der ersch\u00fctternde Mord an Charlie Kirk auch Grund f\u00fcr das rechte Lager in den USA sein, \u00fcber die Waffengesetze nachzudenken.&#8220; Kleiner Schenkelklopfer nach einer Ermordung. Es wird dabei noch perfider, im Rahmen einer genervt klingenden &#8222;Entschuldigung&#8220;:<\/p>\n<p style=\"padding-left: 40px;\"><em>&#8222;Ich habe einen Tweet zum ersch\u00fctternden Mord an Charlie Kirk gel\u00f6scht. Er war nicht respekt- oder piet\u00e4tlos, aber zu fr\u00fch.&#8220;<\/em><\/p>\n<div class=\"embed-twitter\">\n<blockquote class=\"twitter-tweet\" data-width=\"550\" data-dnt=\"true\">\n<p lang=\"de\" dir=\"ltr\">Ich habe einen Tweet zum ersch\u00fctternden Mord an Charlie Kirk gel\u00f6scht. Er war nicht respekt- oder piet\u00e4tlos, aber zu fr\u00fch.<\/p>\n<p>&mdash; Lars Wienand (@LarsWienand) <a href=\"https:\/\/twitter.com\/LarsWienand\/status\/1965900339665842553?ref_src=twsrc%5Etfw\">September 10, 2025<\/a><\/p><\/blockquote>\n<p><script async src=\"https:\/\/platform.twitter.com\/widgets.js\" charset=\"utf-8\"><\/script><\/div>\n<div class=\"EmbedBlock-root EmbedBlock-twitter\">\n<div class=\"TwitterEmbed\">\n<div class=\"twitter-tweet twitter-tweet-rendered\">Zu fr\u00fch? Die <em>ARD<\/em>-Journalistin und Podcasterin Annika Brockschmidt <a href=\"https:\/\/bsky.app\/profile\/did:plc:66w2des2djumuvbnnusbhfuw\/post\/3lykcq65h3k22?ref_src=embed&amp;ref_url=https%253A%252F%252Fwww.watson.ch%252Fdigital%252Fanalyse%252F831518097-reaktionen-auf-mord-an-charlie-kirk-bei-x-und-bluesky\" target=\"_blank\" rel=\"noopener noreferrer\">belehrt <\/a>auf Bluesky:<\/div>\n<\/div>\n<\/div>\n<p style=\"padding-left: 40px;\"><em>&#8222;Charlie Kirk war nicht &#8218;rechtskonservativ&#8216;. Er war in den letzten Jahren dem Spektrum des White Nationalism zuzuordnen, ein Faschist und offen rechtsextrem, hat gegen BPoC und LGBTQ Menschen gehetzt, ein radikaler Sexist obendrein. Man kann seine Ermordung verurteilen ohne ihn zu verharmlosen.&#8220;<\/em><\/p>\n<p>Die Aussagen und Beitr\u00e4ge von\u00a0allen &#8222;linken&#8220; genannten Protagonisten wurden dabei bewusst so formuliert, wie sie ausgesprochen und ver\u00f6ffentlicht wurden: als erneute Belehrung, Warnung und Konditionierung. Wer in diesem Land kontr\u00e4re, wertekonservative Standpunkte vertritt, privat wie auch \u00f6ffentlich, sich unmissverst\u00e4ndlich als &#8222;Corona-Ma\u00dfnahmenkritiker&#8220;, &#8222;Putin-Versteher&#8220;, &#8222;Gr\u00fcnen-Nichtversteher&#8220;, Regierungskritiker \u00e4u\u00dfert oder die manipulierende Berichterstattung der \u00d6RR- und Mainstream-Medien bem\u00e4ngelt, benennt und hinterfragt, lebt gef\u00e4hrlich. Er setzt sich der Gefahr aus, zur Zielscheibe der\u00a0Legislative, Exekutive und Judikative zu werden.<\/p>\n<p>Mediale Hofschranzen und Erf\u00fcllungsgehilfen sorgen zudem mit ihren Verlautbarungen, die die mentalen Burggr\u00e4ben samt Wacht\u00fcrmen k\u00fcnstlich erweitern, f\u00fcr eine sich kontinuierlich vertiefende Spaltung der Gesellschaft, bis auch in Deutschland reelle Gefahren der Totaleskalation nach &#8222;US-Vorbild&#8220; drohen. Dies gilt umso mehr angesichts der gegenw\u00e4rtig bereits mehr als bedenklichen landesweiten Realdynamiken auf den Stra\u00dfen der D\u00f6rfer, St\u00e4dte und Metropolen.<\/p>\n<p style=\"text-align: right;\"><em>Bernhard Loyen ist freier Journalist und schreibt f\u00fcr verschiedene alternative Portale<\/em><\/p>\n<hr \/>\n<p><span style=\"font-size: 10pt;\">Bild oben: <\/span><span class=\"mw-mmv-title\"><span style=\"font-size: 10pt;\">Charlie Kirk am 28. Februar 2025 bei einer Diskussionsveranstaltung an der Florida State University<\/span><br \/>\n<span style=\"font-size: 10pt;\">Foto: Gage Skidmore from Surprise, AZ, <a href=\"https:\/\/creativecommons.org\/licenses\/by-sa\/2.0\" target=\"_blank\" rel=\"noopener\">CC BY-SA 2.0<\/a><\/span><br \/>\n<span style=\"font-size: 10pt;\">Quelle: <a href=\"https:\/\/commons.wikimedia.org\/w\/index.php?curid=174849727\" target=\"_blank\" rel=\"noopener\">https:\/\/commons.wikimedia.org\/w\/index.php?curid=174849727<\/a><\/span><br \/>\n<\/span><\/p>\n","protected":false},"excerpt":{"rendered":"<p><b>Beitrag von Bernhard Loyen<\/b><br \/>\nDie Ermordung des US-Aktivisten Charlie Kirk, enger Vertrauter und einflussreicher Unterst\u00fctzer von US-Pr\u00e4sident Donald Trump, liefert in den Reaktionen\u00a0\u2012 wenig \u00fcberraschend \u2012 eine erneute umgehende Spiegelung der deutschen Gesellschaft. Dies bezieht sich speziell auf die seit 2020 forcierten K\u00e4mpfe um Deutungshoheit, Reflexion und Provokation, Gut und B\u00f6se, links und rechts sowie weitere Themenfelder der Gegenwart. Der Blick auf die Mainstream-Medien offenbart, in den Redaktionsstuben finden sich nur wenige Stimmen, die Charlie Kirk den Lesern und Zuschauern n\u00fcchtern, sachlich und\/oder als ruhigen, ja, auch bewusst provozierenden &#8222;Influencer&#8220; der Stunde pr\u00e4sentieren. Es \u00fcberwiegen unmissverst\u00e4ndliche Formulierungen, die das Attentatsopfer posthum vordergr\u00fcndig bewusst als &#8222;ultrarechten Provokateur&#8220; brandmarken wollen.<\/p>\n","protected":false},"author":3,"featured_media":22897,"comment_status":"closed","ping_status":"closed","sticky":false,"template":"","format":"standard","meta":{"colormag_page_container_layout":"default_layout","colormag_page_sidebar_layout":"default_layout","advanced_seo_description":"","jetpack_seo_html_title":"","jetpack_seo_noindex":false,"jetpack_post_was_ever_published":false,"footnotes":""},"categories":[12],"tags":[1096,980,387,1500,1021,1841,2789,121,1586,1579,1396,653,1561,1852,1338,185,1110],"class_list":["post-22894","post","type-post","status-publish","format-standard","has-post-thumbnail","hentry","category-demokratie-medien-aufklaerung","tag-attentat","tag-bibel","tag-christentum","tag-der-spiegel","tag-donald-trump","tag-homosexualitaet","tag-konservatismus","tag-medien","tag-mord","tag-oeffentlich-rechtlicher-rundfunk","tag-provokation","tag-rassismus","tag-sexismus","tag-spaltung","tag-strafrecht","tag-usa","tag-zdf"],"jetpack_featured_media_url":"https:\/\/i0.wp.com\/www.freidenker.org\/fw17\/wp-content\/uploads\/2025\/09\/Charlie_Kirk_54506777721_800x450.jpg?fit=800%2C450&ssl=1","jetpack_shortlink":"https:\/\/wp.me\/p9stpK-5Xg","jetpack-related-posts":[{"id":22932,"url":"https:\/\/www.freidenker.org\/?p=22932","url_meta":{"origin":22894,"position":0},"title":"&#8222;Vergiftung der Seelen&#8220;","author":"Webredaktion","date":"25. September 2025","format":false,"excerpt":"Politik, Medien und Kirche mobilisieren erneut gegen kritische Wahrnehmung Von Bernhard Loyen Die sinnbildliche gro\u00dfe Glocke der mentalen M\u00fcdigkeit senkt sich konstant mehr als bedenklich nieder auf die K\u00f6pfe kritisch wahrnehmender, differenzierender B\u00fcrger.\u00a0Die soweit bekannten Melodien und nur teilweise neu arrangierten Texte und Inhalte des woken Panikorchesters, zum vermeintlichen Dauerleid\u2026","rel":"","context":"In &quot;Demokratie \u2013 Medien \u2013 Aufkl\u00e4rung&quot;","block_context":{"text":"Demokratie \u2013 Medien \u2013 Aufkl\u00e4rung","link":"https:\/\/www.freidenker.org\/?cat=12"},"img":{"alt_text":"","src":"https:\/\/i0.wp.com\/www.freidenker.org\/fw17\/wp-content\/uploads\/2025\/09\/2018-12-17-Annette_Behnken-hart_aber_fair-1194_800x450_mitLogo.jpg?fit=800%2C450&ssl=1&resize=350%2C200","width":350,"height":200,"srcset":"https:\/\/i0.wp.com\/www.freidenker.org\/fw17\/wp-content\/uploads\/2025\/09\/2018-12-17-Annette_Behnken-hart_aber_fair-1194_800x450_mitLogo.jpg?fit=800%2C450&ssl=1&resize=350%2C200 1x, https:\/\/i0.wp.com\/www.freidenker.org\/fw17\/wp-content\/uploads\/2025\/09\/2018-12-17-Annette_Behnken-hart_aber_fair-1194_800x450_mitLogo.jpg?fit=800%2C450&ssl=1&resize=525%2C300 1.5x, https:\/\/i0.wp.com\/www.freidenker.org\/fw17\/wp-content\/uploads\/2025\/09\/2018-12-17-Annette_Behnken-hart_aber_fair-1194_800x450_mitLogo.jpg?fit=800%2C450&ssl=1&resize=700%2C400 2x"},"classes":[]},{"id":16649,"url":"https:\/\/www.freidenker.org\/?p=16649","url_meta":{"origin":22894,"position":1},"title":"N\u00fctzliche Idioten: Die Letzte Generation als hofierte und respektierte &#8222;Querdenker&#8220;","author":"Webredaktion","date":"18. Juli 2023","format":false,"excerpt":"Beitrag von Bernhard Loyen Es ist schon beeindruckend, mit welcher Kaltschn\u00e4uzigkeit die etablierten Medien im Land ihre rein subjektive Deutungshoheit bei weiterhin 100-prozentig eingeforderter Finanzierung durch die B\u00fcrger trotz einer nachweislich kontroversen Wahrnehmung der Zuschauer und Leser unbeeindruckt manipulativ fortsetzen. Beeindruckend ist dabei milde formuliert, es geht um fortdauernde Arroganz\u2026","rel":"","context":"In &quot;Demokratie \u2013 Medien \u2013 Aufkl\u00e4rung&quot;","block_context":{"text":"Demokratie \u2013 Medien \u2013 Aufkl\u00e4rung","link":"https:\/\/www.freidenker.org\/?cat=12"},"img":{"alt_text":"","src":"https:\/\/i0.wp.com\/www.freidenker.org\/fw17\/wp-content\/uploads\/2023\/07\/Aktivist_festgeklebt_51900620052_800x450.jpg?fit=800%2C450&ssl=1&resize=350%2C200","width":350,"height":200,"srcset":"https:\/\/i0.wp.com\/www.freidenker.org\/fw17\/wp-content\/uploads\/2023\/07\/Aktivist_festgeklebt_51900620052_800x450.jpg?fit=800%2C450&ssl=1&resize=350%2C200 1x, https:\/\/i0.wp.com\/www.freidenker.org\/fw17\/wp-content\/uploads\/2023\/07\/Aktivist_festgeklebt_51900620052_800x450.jpg?fit=800%2C450&ssl=1&resize=525%2C300 1.5x, https:\/\/i0.wp.com\/www.freidenker.org\/fw17\/wp-content\/uploads\/2023\/07\/Aktivist_festgeklebt_51900620052_800x450.jpg?fit=800%2C450&ssl=1&resize=700%2C400 2x"},"classes":[]},{"id":16223,"url":"https:\/\/www.freidenker.org\/?p=16223","url_meta":{"origin":22894,"position":2},"title":"Von einer Pandemie zur n\u00e4chsten?","author":"Webredaktion","date":"2. Juni 2023","format":false,"excerpt":"Karl Lauterbach, die WHO und Rockefeller-Millionen Podcast von Bernhard Loyen Millionen Menschen weltweit leiden weiterhin unter den Auswirkungen der politischen Ma\u00dfnahmen in der Corona-Krise. Im Hintergrund bastelt ein elit\u00e4rer Kreis von Krisenprofiteuren am n\u00e4chsten m\u00f6glichen Ereignis. Nat\u00fcrlich alles unter dem Deckmantel vorbeugender Ma\u00dfnahmen und rein zum Schutze der Menschheit.","rel":"","context":"In &quot;Demokratie \u2013 Medien \u2013 Aufkl\u00e4rung&quot;","block_context":{"text":"Demokratie \u2013 Medien \u2013 Aufkl\u00e4rung","link":"https:\/\/www.freidenker.org\/?cat=12"},"img":{"alt_text":"","src":"https:\/\/i0.wp.com\/www.freidenker.org\/fw17\/wp-content\/uploads\/2023\/06\/Karl_Lauterbach_by_OlafKosinsky_2019_MG_2423_800x450_ausschnitt.jpg?fit=800%2C450&ssl=1&resize=350%2C200","width":350,"height":200,"srcset":"https:\/\/i0.wp.com\/www.freidenker.org\/fw17\/wp-content\/uploads\/2023\/06\/Karl_Lauterbach_by_OlafKosinsky_2019_MG_2423_800x450_ausschnitt.jpg?fit=800%2C450&ssl=1&resize=350%2C200 1x, https:\/\/i0.wp.com\/www.freidenker.org\/fw17\/wp-content\/uploads\/2023\/06\/Karl_Lauterbach_by_OlafKosinsky_2019_MG_2423_800x450_ausschnitt.jpg?fit=800%2C450&ssl=1&resize=525%2C300 1.5x, https:\/\/i0.wp.com\/www.freidenker.org\/fw17\/wp-content\/uploads\/2023\/06\/Karl_Lauterbach_by_OlafKosinsky_2019_MG_2423_800x450_ausschnitt.jpg?fit=800%2C450&ssl=1&resize=700%2C400 2x"},"classes":[]},{"id":23638,"url":"https:\/\/www.freidenker.org\/?p=23638","url_meta":{"origin":22894,"position":3},"title":"5. Jahrestag: Der 18. November 2020 als mentales Brandmal zum Thema Erm\u00e4chtigung des Staates","author":"Webredaktion","date":"29. November 2025","format":false,"excerpt":"Beitrag von Bernhard Loyen Genau heute (18.11.2025) vor f\u00fcnf Jahren, am Ende des ersten bizarren Jahres der \"Corona-Krise\", gab es f\u00fcr die sogenannten \"Volksvertreter\" im Berliner Reichstag einen Anwesenheitspflichttermin. [...] Zur Erinnerung: Es ging um die erneute, vermeintlich notwendige, Modifizierung eines Gesetzes rein f\u00fcr den \"Bev\u00f6lkerungsschutz\". Was folgte, f\u00fcr weitere\u2026","rel":"","context":"In &quot;Demokratie \u2013 Medien \u2013 Aufkl\u00e4rung&quot;","block_context":{"text":"Demokratie \u2013 Medien \u2013 Aufkl\u00e4rung","link":"https:\/\/www.freidenker.org\/?cat=12"},"img":{"alt_text":"","src":"https:\/\/i0.wp.com\/www.freidenker.org\/fw17\/wp-content\/uploads\/2025\/11\/Loyen_Brandmal_02_800x450.jpg?fit=800%2C450&ssl=1&resize=350%2C200","width":350,"height":200,"srcset":"https:\/\/i0.wp.com\/www.freidenker.org\/fw17\/wp-content\/uploads\/2025\/11\/Loyen_Brandmal_02_800x450.jpg?fit=800%2C450&ssl=1&resize=350%2C200 1x, https:\/\/i0.wp.com\/www.freidenker.org\/fw17\/wp-content\/uploads\/2025\/11\/Loyen_Brandmal_02_800x450.jpg?fit=800%2C450&ssl=1&resize=525%2C300 1.5x, https:\/\/i0.wp.com\/www.freidenker.org\/fw17\/wp-content\/uploads\/2025\/11\/Loyen_Brandmal_02_800x450.jpg?fit=800%2C450&ssl=1&resize=700%2C400 2x"},"classes":[]},{"id":23054,"url":"https:\/\/www.freidenker.org\/?p=23054","url_meta":{"origin":22894,"position":4},"title":"Warum hofiert der Berliner Senat den viel kritisierten ZDF-Clown Jan B\u00f6hmermann?","author":"Webredaktion","date":"7. Oktober 2025","format":false,"excerpt":"Beitrag von Bernhard Loyen Politik und Medien agieren seit rund f\u00fcnf Jahren nachweislich Hand in Hand, um kritische Stimmen und willk\u00fcrlich deklarierte \"Feinde der Demokratie\" auf allen ihnen zur Verf\u00fcgung stehenden Ebenen biografisch zu zerst\u00f6ren. Das offizielle Hofieren von Jan B\u00f6hmermann in der Hauptstadt gilt als neuer Tiefpunkt der unangenehmen\u2026","rel":"","context":"In &quot;Demokratie \u2013 Medien \u2013 Aufkl\u00e4rung&quot;","block_context":{"text":"Demokratie \u2013 Medien \u2013 Aufkl\u00e4rung","link":"https:\/\/www.freidenker.org\/?cat=12"},"img":{"alt_text":"","src":"https:\/\/i0.wp.com\/www.freidenker.org\/fw17\/wp-content\/uploads\/2025\/10\/2021-09-16-Jan_Boehmermann_Deutscher_Fernsehpreis_2021_-3858_800x450.jpg?fit=800%2C450&ssl=1&resize=350%2C200","width":350,"height":200,"srcset":"https:\/\/i0.wp.com\/www.freidenker.org\/fw17\/wp-content\/uploads\/2025\/10\/2021-09-16-Jan_Boehmermann_Deutscher_Fernsehpreis_2021_-3858_800x450.jpg?fit=800%2C450&ssl=1&resize=350%2C200 1x, https:\/\/i0.wp.com\/www.freidenker.org\/fw17\/wp-content\/uploads\/2025\/10\/2021-09-16-Jan_Boehmermann_Deutscher_Fernsehpreis_2021_-3858_800x450.jpg?fit=800%2C450&ssl=1&resize=525%2C300 1.5x, https:\/\/i0.wp.com\/www.freidenker.org\/fw17\/wp-content\/uploads\/2025\/10\/2021-09-16-Jan_Boehmermann_Deutscher_Fernsehpreis_2021_-3858_800x450.jpg?fit=800%2C450&ssl=1&resize=700%2C400 2x"},"classes":[]},{"id":22525,"url":"https:\/\/www.freidenker.org\/?p=22525","url_meta":{"origin":22894,"position":5},"title":"Causa Ballweg: Das B\u00f6hmermann-Gr\u00fcnen-Komplott gegen einen missliebigen B\u00fcrger","author":"Webredaktion","date":"3. August 2025","format":false,"excerpt":"Beitrag von Bernhard Loyen Der Unternehmer Michael Ballweg geriet in den Fokus der zerst\u00f6rerischen Koalition aus Medien und Politik. Erneut dabei war der ZDF-Hofnarr Jan B\u00f6hmermann, zudem Akteure aus dem Umfeld der Gr\u00fcnen. Von der unterstellten Steuerhinterziehung in H\u00f6he von 575.000 Euro blieben am Ende sage und schreibe 19,53 Euro\u2026","rel":"","context":"In &quot;Demokratie \u2013 Medien \u2013 Aufkl\u00e4rung&quot;","block_context":{"text":"Demokratie \u2013 Medien \u2013 Aufkl\u00e4rung","link":"https:\/\/www.freidenker.org\/?cat=12"},"img":{"alt_text":"","src":"https:\/\/i0.wp.com\/www.freidenker.org\/fw17\/wp-content\/uploads\/2025\/08\/Ballweg_boehmermann_v2_800x450.jpg?fit=800%2C450&ssl=1&resize=350%2C200","width":350,"height":200,"srcset":"https:\/\/i0.wp.com\/www.freidenker.org\/fw17\/wp-content\/uploads\/2025\/08\/Ballweg_boehmermann_v2_800x450.jpg?fit=800%2C450&ssl=1&resize=350%2C200 1x, https:\/\/i0.wp.com\/www.freidenker.org\/fw17\/wp-content\/uploads\/2025\/08\/Ballweg_boehmermann_v2_800x450.jpg?fit=800%2C450&ssl=1&resize=525%2C300 1.5x, https:\/\/i0.wp.com\/www.freidenker.org\/fw17\/wp-content\/uploads\/2025\/08\/Ballweg_boehmermann_v2_800x450.jpg?fit=800%2C450&ssl=1&resize=700%2C400 2x"},"classes":[]}],"_links":{"self":[{"href":"https:\/\/www.freidenker.org\/index.php?rest_route=\/wp\/v2\/posts\/22894","targetHints":{"allow":["GET"]}}],"collection":[{"href":"https:\/\/www.freidenker.org\/index.php?rest_route=\/wp\/v2\/posts"}],"about":[{"href":"https:\/\/www.freidenker.org\/index.php?rest_route=\/wp\/v2\/types\/post"}],"author":[{"embeddable":true,"href":"https:\/\/www.freidenker.org\/index.php?rest_route=\/wp\/v2\/users\/3"}],"replies":[{"embeddable":true,"href":"https:\/\/www.freidenker.org\/index.php?rest_route=%2Fwp%2Fv2%2Fcomments&post=22894"}],"version-history":[{"count":3,"href":"https:\/\/www.freidenker.org\/index.php?rest_route=\/wp\/v2\/posts\/22894\/revisions"}],"predecessor-version":[{"id":22898,"href":"https:\/\/www.freidenker.org\/index.php?rest_route=\/wp\/v2\/posts\/22894\/revisions\/22898"}],"wp:featuredmedia":[{"embeddable":true,"href":"https:\/\/www.freidenker.org\/index.php?rest_route=\/wp\/v2\/media\/22897"}],"wp:attachment":[{"href":"https:\/\/www.freidenker.org\/index.php?rest_route=%2Fwp%2Fv2%2Fmedia&parent=22894"}],"wp:term":[{"taxonomy":"category","embeddable":true,"href":"https:\/\/www.freidenker.org\/index.php?rest_route=%2Fwp%2Fv2%2Fcategories&post=22894"},{"taxonomy":"post_tag","embeddable":true,"href":"https:\/\/www.freidenker.org\/index.php?rest_route=%2Fwp%2Fv2%2Ftags&post=22894"}],"curies":[{"name":"wp","href":"https:\/\/api.w.org\/{rel}","templated":true}]}}