{"id":22891,"date":"2025-09-20T01:36:51","date_gmt":"2025-09-19T23:36:51","guid":{"rendered":"https:\/\/www.freidenker.org\/?p=22891"},"modified":"2025-10-15T20:54:52","modified_gmt":"2025-10-15T18:54:52","slug":"trump-fordert-wirtschaftlichen-selbstmord-der-eu-%e2%80%92-von-der-leyen-stimmt-zu","status":"publish","type":"post","link":"https:\/\/www.freidenker.org\/?p=22891","title":{"rendered":"Trump fordert wirtschaftlichen Selbstmord der EU \u2012 von der Leyen stimmt zu"},"content":{"rendered":"<p><strong>F\u00fcr weitere US-Sanktionen gegen Russland fordert Donald Trump von der EU, vollst\u00e4ndig auf russische Energietr\u00e4ger zu verzichten. Zudem soll die EU hohe Z\u00f6lle auf Waren aus China erheben. Trump nutzt die Br\u00fcsseler Ressentiments gegen Russland und China, um einen Konkurrenten auszuschalten: die EU. <\/strong><\/p>\n<p><em>Von <strong>Gert Ewen Ungar<\/strong><\/em><\/p>\n<p><span style=\"font-size: 10pt;\">Erstver\u00f6ffentlichung am 18.09.2025 auf <a href=\"https:\/\/freedert.online\/meinung\/256308-trump-fordert-wirtschaftlichen-selbstmord-eu\/\" target=\"_blank\" rel=\"noopener\">RT DE<\/a><\/span><\/p>\n<p>Trump ist ein gewitzter Gesch\u00e4ftsmann. Er nutzt den Russenhass der Westeurop\u00e4er und insbesondere den der EU-Kommission, um Gesch\u00e4fte zum Vorteil der USA zu machen. Die EU-Kommission ist bereit, Entscheidungen zu treffen, die massive Nachteile mit sich bringen, wenn sie damit gelockt wird, dass Russland dadurch Schaden nimmt.<\/p>\n<p>Nach dem Zolldeal, bei dem sich EU-Kommissionspr\u00e4sidentin Ursula von der Leyen von Trump vorf\u00fchren lie\u00df und sie einem allgemeinen Zoll von 15 Prozent auf alle Waren zustimmte, die von der EU in die USA ausgef\u00fchrt werden, legt von der Leyen jetzt noch einmal nach. In einem &#8222;konstruktiven Gespr\u00e4ch&#8220; sicherte sie zu, dass die EU fr\u00fcher als geplant aus dem Bezug von russischer fossiler Energie aussteigen wird. Fr\u00fcher als geplant bedeutet: fr\u00fcher als Ende 2027, also in weniger als zwei Jahren.<\/p>\n<p>Urspr\u00fcnglich wollte die EU erst zum Ende des Jahres 2027 auf fossile Energie aus Russland verzichten. Schon dieser Plan ist ziemlich ambitioniert. Jetzt soll es laut von der Leyen noch schneller gehen. Wie schnell genau, hat sie nicht gesagt. Aber dennoch ist klar, die EU begeht wirtschaftlichen Suizid und hat es dabei auch noch eilig.<\/p>\n<p>Trump fordert zudem, dass sich die EU am Zollkrieg gegen China beteiligt. Dass sich\u00a0die EU-Kommissionspr\u00e4sidentin\u00a0dagegen str\u00e4ubt, ist kaum zu erwarten. Trump kann ihr alles ins Notizbuch diktieren\u00a0\u2012 von der Leyen setzt es um. Ihr Hass auf Russland ist mindestens ebenso gro\u00df wie ihre Abneigung gegen\u00fcber Chinesen. Mit ihrem kolonialistischen Weltbild, dem ein rassistisches Menschenbild unterlegt ist, ist von der Leyen ein einfaches Opfer f\u00fcr Trumps Manipulationen.<\/p>\n<p>Dass die EU diesen von Hass getriebenen Ritt in die energie- und wirtschaftspolitische Unvernunft heil \u00fcbersteht, ist nicht zu erwarten. Der Glaube, man k\u00f6nnte einem Energielieferanten einfach absagen und ihn durch einen anderen ersetzen, ohne dass sich die Kosten dadurch dauerhaft erh\u00f6hen, ist naiv. Diese h\u00f6heren Kosten sind ein Wettbewerbsnachteil. \u00dcberl\u00e4sst man einem Lieferanten auch noch eine Monopolstellung, kann dieser den Preis diktieren. Die EU hat genau das vor. Sie macht sich von den USA abh\u00e4ngig. Dass Trump diese Dummheit nicht in einen Preisaufschlag umzusetzen w\u00fcsste, glaubt hoffentlich niemand.<\/p>\n<p>Noch naiver ist die Vorstellung, durch einen Boykott des Bezugs russischer Energietr\u00e4ger lie\u00dfe sich Einfluss auf das Geschehen an der Front nehmen. Einfluss auf die Geschehnisse an der Front lie\u00dfe sich durch eine diplomatische Initiative nehmen. Aber mit Russland reden will in Br\u00fcssel niemand. Man will einen Sieg \u00fcber Waffenlieferungen an die Ukraine und den wirtschaftlichen Niedergang Russlands durch Sanktionen erzielen. Diese Idee ist so psychotisch verschroben, dass man gar nicht weiter ergr\u00fcnden m\u00f6chte, in welchen Vorstellungswelten sich von der Leyen, Kallas und der Rest der Br\u00fcsseler Kommission aufhalten. Das w\u00fcrde den gesunden Geist nur tief schockieren.<\/p>\n<p>Trump w\u00e4re als Gesch\u00e4ftsmann allerdings dumm, wenn er aus der psychischen Konstitution und den kognitiven Defiziten der Br\u00fcsseler F\u00fchrungsriege f\u00fcr sich und die USA keinen Vorteil herausschlagen w\u00fcrde. Er hat die M\u00f6glichkeit, durch harte Vorgaben, die zum wirtschaftlichen Zerfall der EU f\u00fchren m\u00fcssen, einen Konkurrenten auf dem Weltmarkt aus dem Weg zu r\u00e4umen. Diese Chance ergreift er.<\/p>\n<p>Setzt Br\u00fcssel die Vorgaben aus Washington um, wozu von der Leyen offenbar die Absicht hat, wird die EU zwischen den geopolitischen Fronten wirtschaftlich zerrieben. Die EU verf\u00fcgt nicht \u00fcber die wirtschaftliche St\u00e4rke, um gleichzeitig auf g\u00fcnstige russische Energie verzichten zu k\u00f6nnen, sich v\u00f6llig von US-amerikanischen Energielieferungen abh\u00e4ngig zu machen, den Handelskrieg mit China zu eskalieren und die Zoll- und Investitionsforderungen der USA zu bedienen. Trump wei\u00df das auch. Die Forderungen, die er stellt, f\u00fchren zum Zerfall der EU. Das ist sein Ziel. Die EU soll weg.<\/p>\n<p>In Br\u00fcssel hat man das wohl nicht verstanden, denn es gibt bisher keine Gegenwehr, keine Suche nach neuen Allianzen, nichts, was auch nur darauf hindeutet, dass man die Situation angemessen einordnen w\u00fcrde. Br\u00fcssel f\u00fcgt sich, von der Leyen ist handzahm, von der sonst dauerschrillen Kallas h\u00f6rt man bislang zu Trumps Forderungen kein Wort. Intellektuell ist Kallas dem, was\u00a0Trump plant, ohnehin nicht gewachsen. Sie versteht es einfach nicht.<\/p>\n<p>Als angenehmer Nebeneffekt f\u00fcr die USA wird Russland als Konkurrent auf dem globalen Energiemarkt um seinen westlichen Absatzmarkt gebracht. Das ist f\u00fcr Russland zwar bedauerlich, denn es erfordert die Umstellung auf Absatzm\u00e4rkte im Osten. Der Bau einer neuen Pipeline, die das Gas\u00a0aus\u00a0den Jamal-Feldern, das f\u00fcr den europ\u00e4ischen Markt bestimmt war, nach China umleitet, ist beschlossen. Indien wird ebenso wenig auf russische Energielieferungen verzichten wie China.<\/p>\n<p>F\u00fcr Westeuropa aber ist es nicht bedauerlich, sondern tragisch. W\u00e4hrend man in Br\u00fcssel, Berlin, Paris und Warschau glaubt, Russland bereite sich auf einen Angriff auf die Staaten der EU vor, sieht man dort nicht, wer tats\u00e4chlich in die Schlacht gegen die EU gezogen ist. Dabei ist Trump nicht nur in die Schlacht gezogen, er ist sogar dabei, sie zu gewinnen.<\/p>\n<p style=\"text-align: right;\"><em>Gert-Ewen Ungar studierte Philosophie und Germanistik und schreibt regelm\u00e4\u00dfig f\u00fcr die <a href=\"https:\/\/www.neulandrebellen.de\/\" target=\"_blank\" rel=\"noopener\">Neulandrebellen<\/a><\/em><\/p>\n<hr \/>\n<p><span style=\"font-size: 10pt;\">Bild oben: Ursula von der Leyen, Pr\u00e4sidentin der Europ\u00e4ischen Kommission und US-Pr\u00e4sident Donald Trump bei einem Treffen am 26. und 27. Juli 2025 in Schottland<\/span><br \/>\n<span style=\"font-size: 10pt;\">Foto: \u00a9 European Union, 2025, <a href=\"https:\/\/creativecommons.org\/licenses\/by\/4.0\" target=\"_blank\" rel=\"noopener\">CC BY 4.0<\/a><\/span><br \/>\n<span style=\"font-size: 10pt;\">Quelle: <a href=\"https:\/\/commons.wikimedia.org\/w\/index.php?curid=170815950\" target=\"_blank\" rel=\"noopener\">https:\/\/commons.wikimedia.org\/w\/index.php?curid=170815950<\/a>\u00a0<\/span><\/p>\n","protected":false},"excerpt":{"rendered":"<p><b>Beitrag von Gert Ewen Ungar<\/b><br \/>\nTrump ist ein gewitzter Gesch\u00e4ftsmann. Er nutzt den Russenhass der Westeurop\u00e4er und insbesondere den der EU-Kommission, um Gesch\u00e4fte zum Vorteil der USA zu machen. Die EU-Kommission ist bereit, Entscheidungen zu treffen, die massive Nachteile mit sich bringen, wenn sie damit gelockt wird, dass Russland dadurch Schaden nimmt.\u00a0Nach dem Zolldeal, bei dem sich EU-Kommissionspr\u00e4sidentin Ursula von der Leyen von Trump vorf\u00fchren lie\u00df und sie einem allgemeinen Zoll von 15 Prozent auf alle Waren zustimmte, die von der EU in die USA ausgef\u00fchrt werden, legt von der Leyen jetzt noch einmal nach. In einem &#8222;konstruktiven Gespr\u00e4ch&#8220; sicherte sie zu, dass die EU fr\u00fcher als geplant aus dem Bezug von russischer fossiler Energie aussteigen wird. <\/p>\n","protected":false},"author":3,"featured_media":22892,"comment_status":"closed","ping_status":"closed","sticky":false,"template":"","format":"standard","meta":{"colormag_page_container_layout":"default_layout","colormag_page_sidebar_layout":"default_layout","advanced_seo_description":"","jetpack_seo_html_title":"","jetpack_seo_noindex":false,"jetpack_post_was_ever_published":false,"footnotes":""},"categories":[12],"tags":[413,1021,1283,627,182,2046,222,1168,719,185,1632,1528,2232],"class_list":["post-22891","post","type-post","status-publish","format-standard","has-post-thumbnail","hentry","category-demokratie-medien-aufklaerung","tag-china","tag-donald-trump","tag-energie","tag-energiepolitik","tag-eu","tag-handelskrieg","tag-russland","tag-russophobie","tag-sanktionen","tag-usa","tag-von-der-leyen","tag-wirtschaftspolitik","tag-zoelle"],"jetpack_featured_media_url":"https:\/\/i0.wp.com\/www.freidenker.org\/fw17\/wp-content\/uploads\/2025\/09\/von_der_Leyen_and_Trump_2025_2_800x450.jpg?fit=800%2C450&ssl=1","jetpack_shortlink":"https:\/\/wp.me\/p9stpK-5Xd","jetpack-related-posts":[{"id":22512,"url":"https:\/\/www.freidenker.org\/?p=22512","url_meta":{"origin":22891,"position":0},"title":"Trumps neue Handelssanktionen gegen Russland zielen aufs eigene Knie","author":"Webredaktion","date":"2. August 2025","format":false,"excerpt":"Beitrag von\u00a0Rainer Rupp Beim Treffen mit der demokratisch nicht gew\u00e4hlten Vorsitzenden der EU-Kommission Ursula von der Leyen in Schottland am 28.\u00a0Juli hat US-Pr\u00e4sident Donald Trump die Frist seines Ultimatums an Russland, den Krieg in der Ukraine zu beenden, von urspr\u00fcnglich 50 Tagen auf zehn bis zw\u00f6lf Tage verk\u00fcrzt. Trump warnte\u2026","rel":"","context":"In &quot;Arbeit &amp; Soziales&quot;","block_context":{"text":"Arbeit &amp; Soziales","link":"https:\/\/www.freidenker.org\/?cat=11"},"img":{"alt_text":"","src":"https:\/\/i0.wp.com\/www.freidenker.org\/fw17\/wp-content\/uploads\/2025\/08\/Vladivostok_commercial_port2_800x450.jpg?fit=800%2C450&ssl=1&resize=350%2C200","width":350,"height":200,"srcset":"https:\/\/i0.wp.com\/www.freidenker.org\/fw17\/wp-content\/uploads\/2025\/08\/Vladivostok_commercial_port2_800x450.jpg?fit=800%2C450&ssl=1&resize=350%2C200 1x, https:\/\/i0.wp.com\/www.freidenker.org\/fw17\/wp-content\/uploads\/2025\/08\/Vladivostok_commercial_port2_800x450.jpg?fit=800%2C450&ssl=1&resize=525%2C300 1.5x, https:\/\/i0.wp.com\/www.freidenker.org\/fw17\/wp-content\/uploads\/2025\/08\/Vladivostok_commercial_port2_800x450.jpg?fit=800%2C450&ssl=1&resize=700%2C400 2x"},"classes":[]},{"id":21437,"url":"https:\/\/www.freidenker.org\/?p=21437","url_meta":{"origin":22891,"position":1},"title":"Trump bef\u00f6rdert Machtverschiebung von EU-Br\u00fcssel zur\u00fcck zu Mitgliedsstaaten","author":"Webredaktion","date":"11. April 2025","format":false,"excerpt":"Beitrag von Rainer Rupp Ein eisiger Wind weht zwischen Br\u00fcssel und Washington. Trump benimmt sich gegen\u00fcber den europ\u00e4ischen US-Vasallen, wie dies die r\u00f6mischen Gott-Kaiser einst mit ihren Untertanen in Rom taten. Er \u2013 und nur er pers\u00f6nlich \u2013 entscheidet, wer was, wo tun und nicht tun darf. Die EU-Kommissionspr\u00e4sidentin Ursula\u2026","rel":"","context":"In &quot;Demokratie \u2013 Medien \u2013 Aufkl\u00e4rung&quot;","block_context":{"text":"Demokratie \u2013 Medien \u2013 Aufkl\u00e4rung","link":"https:\/\/www.freidenker.org\/?cat=12"},"img":{"alt_text":"","src":"https:\/\/i0.wp.com\/www.freidenker.org\/fw17\/wp-content\/uploads\/2025\/04\/Giorgia_Meloni_at_the_Special_European_Council_-_February_2023_06_800x450.jpg?fit=800%2C450&ssl=1&resize=350%2C200","width":350,"height":200,"srcset":"https:\/\/i0.wp.com\/www.freidenker.org\/fw17\/wp-content\/uploads\/2025\/04\/Giorgia_Meloni_at_the_Special_European_Council_-_February_2023_06_800x450.jpg?fit=800%2C450&ssl=1&resize=350%2C200 1x, https:\/\/i0.wp.com\/www.freidenker.org\/fw17\/wp-content\/uploads\/2025\/04\/Giorgia_Meloni_at_the_Special_European_Council_-_February_2023_06_800x450.jpg?fit=800%2C450&ssl=1&resize=525%2C300 1.5x, https:\/\/i0.wp.com\/www.freidenker.org\/fw17\/wp-content\/uploads\/2025\/04\/Giorgia_Meloni_at_the_Special_European_Council_-_February_2023_06_800x450.jpg?fit=800%2C450&ssl=1&resize=700%2C400 2x"},"classes":[]},{"id":22901,"url":"https:\/\/www.freidenker.org\/?p=22901","url_meta":{"origin":22891,"position":2},"title":"Ukraine \u2013 Trump setzt mit starkem Zug EU-NATO-Falken matt","author":"Webredaktion","date":"24. September 2025","format":false,"excerpt":"Beitrag von Rainer Rupp Dank seiner Bereitschaft, direkte Gespr\u00e4che mit der russischen Seite zu f\u00fchren, hat Trump schlie\u00dflich verstanden, dass seine urspr\u00fcngliche Forderung nach einem bedingungslosen Waffenstillstand in der Ukraine keinen Sinn ergeben hatte, solange die Ursachen f\u00fcr den Konflikt nicht zuvor in Verhandlungen gel\u00f6st worden waren. Damit hatte sich\u2026","rel":"","context":"In &quot;Demokratie \u2013 Medien \u2013 Aufkl\u00e4rung&quot;","block_context":{"text":"Demokratie \u2013 Medien \u2013 Aufkl\u00e4rung","link":"https:\/\/www.freidenker.org\/?cat=12"},"img":{"alt_text":"","src":"https:\/\/i0.wp.com\/www.freidenker.org\/fw17\/wp-content\/uploads\/2025\/09\/trump_und_von-der-leyen_beim_schach_800x450.jpg?fit=800%2C450&ssl=1&resize=350%2C200","width":350,"height":200,"srcset":"https:\/\/i0.wp.com\/www.freidenker.org\/fw17\/wp-content\/uploads\/2025\/09\/trump_und_von-der-leyen_beim_schach_800x450.jpg?fit=800%2C450&ssl=1&resize=350%2C200 1x, https:\/\/i0.wp.com\/www.freidenker.org\/fw17\/wp-content\/uploads\/2025\/09\/trump_und_von-der-leyen_beim_schach_800x450.jpg?fit=800%2C450&ssl=1&resize=525%2C300 1.5x, https:\/\/i0.wp.com\/www.freidenker.org\/fw17\/wp-content\/uploads\/2025\/09\/trump_und_von-der-leyen_beim_schach_800x450.jpg?fit=800%2C450&ssl=1&resize=700%2C400 2x"},"classes":[]},{"id":14426,"url":"https:\/\/www.freidenker.org\/?p=14426","url_meta":{"origin":22891,"position":3},"title":"Weg in Abh\u00e4ngigkeit und Autokratie.","author":"Webredaktion","date":"12. Oktober 2022","format":false,"excerpt":"Beitrag von Gert Ewen Ungar Kaum eine Person verk\u00f6rpert die viel beschworenen europ\u00e4ischen Werte und den Begriff Demokratie so wenig wie Kommissionspr\u00e4sidentin Ursula von der Leyen. Das legt ein Beitrag\u00a0der Washingtoner Tageszeitung Politico nahe. Das Blatt geh\u00f6rt seit August 2021 zu dem deutschen Medienkonzern Axel Springer. Der mit \"Europas Amerikanische\u2026","rel":"","context":"In &quot;Demokratie \u2013 Medien \u2013 Aufkl\u00e4rung&quot;","block_context":{"text":"Demokratie \u2013 Medien \u2013 Aufkl\u00e4rung","link":"https:\/\/www.freidenker.org\/?cat=12"},"img":{"alt_text":"","src":"https:\/\/i0.wp.com\/www.freidenker.org\/fw17\/wp-content\/uploads\/2022\/10\/von_der_Leyen_51988071051_800x450.jpg?fit=800%2C450&ssl=1&resize=350%2C200","width":350,"height":200,"srcset":"https:\/\/i0.wp.com\/www.freidenker.org\/fw17\/wp-content\/uploads\/2022\/10\/von_der_Leyen_51988071051_800x450.jpg?fit=800%2C450&ssl=1&resize=350%2C200 1x, https:\/\/i0.wp.com\/www.freidenker.org\/fw17\/wp-content\/uploads\/2022\/10\/von_der_Leyen_51988071051_800x450.jpg?fit=800%2C450&ssl=1&resize=525%2C300 1.5x, https:\/\/i0.wp.com\/www.freidenker.org\/fw17\/wp-content\/uploads\/2022\/10\/von_der_Leyen_51988071051_800x450.jpg?fit=800%2C450&ssl=1&resize=700%2C400 2x"},"classes":[]},{"id":22412,"url":"https:\/\/www.freidenker.org\/?p=22412","url_meta":{"origin":22891,"position":4},"title":"Waffenlieferung und 50 Tage: Was Trumps Erkl\u00e4rungen zum Ukraine-Krieg bedeuten","author":"Webredaktion","date":"17. Juli 2025","format":false,"excerpt":"Beitrag von Anti-Spiegel (d.i. Thomas R\u00f6per) US-Pr\u00e4sident Trump hat am Montag (14.07.2025) eine mit gro\u00dfem Tamtam angek\u00fcndigte \u201eErkl\u00e4rung zu Russland\u201c abgegeben. Da Trump sich vorher zusehends negativ \u00fcber Putin ge\u00e4u\u00dfert hatte, hofften die Falken im Westen, Trump w\u00fcrde sich voll hinter die Ukraine stellen und die harten Sanktionen ank\u00fcndigen, die\u2026","rel":"","context":"In &quot;Frieden - Antifaschismus - Solidarit\u00e4t&quot;","block_context":{"text":"Frieden - Antifaschismus - Solidarit\u00e4t","link":"https:\/\/www.freidenker.org\/?cat=13"},"img":{"alt_text":"","src":"https:\/\/i0.wp.com\/www.freidenker.org\/fw17\/wp-content\/uploads\/2025\/07\/Trump_Waffenverkaeufer_KI_800x450.jpg?fit=800%2C450&ssl=1&resize=350%2C200","width":350,"height":200,"srcset":"https:\/\/i0.wp.com\/www.freidenker.org\/fw17\/wp-content\/uploads\/2025\/07\/Trump_Waffenverkaeufer_KI_800x450.jpg?fit=800%2C450&ssl=1&resize=350%2C200 1x, https:\/\/i0.wp.com\/www.freidenker.org\/fw17\/wp-content\/uploads\/2025\/07\/Trump_Waffenverkaeufer_KI_800x450.jpg?fit=800%2C450&ssl=1&resize=525%2C300 1.5x, https:\/\/i0.wp.com\/www.freidenker.org\/fw17\/wp-content\/uploads\/2025\/07\/Trump_Waffenverkaeufer_KI_800x450.jpg?fit=800%2C450&ssl=1&resize=700%2C400 2x"},"classes":[]},{"id":22104,"url":"https:\/\/www.freidenker.org\/?p=22104","url_meta":{"origin":22891,"position":5},"title":"Wie der Tiefe Staat in den USA gemeinsam mit der EU den Ukraine-Krieg anheizt","author":"Webredaktion","date":"12. Juni 2025","format":false,"excerpt":"Beitrag von\u00a0John Laughland Das Bild von US-Senator Lindsey Graham und EU-Kommissionschefin Ursula von der Leyen, die am 2.\u00a0Juni in Br\u00fcssel gemeinsam in eine Kamera grinsen, sagt mehr als tausend Worte. Graham ist einer der extremsten Kriegstreiber in Washington\u00a0\u2013 und die Konkurrenz ist ziemlich gro\u00df. Seit er vor \u00fcber 30\u00a0Jahren Mitglied\u2026","rel":"","context":"In &quot;Demokratie \u2013 Medien \u2013 Aufkl\u00e4rung&quot;","block_context":{"text":"Demokratie \u2013 Medien \u2013 Aufkl\u00e4rung","link":"https:\/\/www.freidenker.org\/?cat=12"},"img":{"alt_text":"","src":"https:\/\/i0.wp.com\/www.freidenker.org\/fw17\/wp-content\/uploads\/2025\/06\/Lindsey_Graham_visited_Kyiv_Ukraine_Mar_18_2024_-_53642732128_800x450.jpg?fit=800%2C450&ssl=1&resize=350%2C200","width":350,"height":200,"srcset":"https:\/\/i0.wp.com\/www.freidenker.org\/fw17\/wp-content\/uploads\/2025\/06\/Lindsey_Graham_visited_Kyiv_Ukraine_Mar_18_2024_-_53642732128_800x450.jpg?fit=800%2C450&ssl=1&resize=350%2C200 1x, https:\/\/i0.wp.com\/www.freidenker.org\/fw17\/wp-content\/uploads\/2025\/06\/Lindsey_Graham_visited_Kyiv_Ukraine_Mar_18_2024_-_53642732128_800x450.jpg?fit=800%2C450&ssl=1&resize=525%2C300 1.5x, https:\/\/i0.wp.com\/www.freidenker.org\/fw17\/wp-content\/uploads\/2025\/06\/Lindsey_Graham_visited_Kyiv_Ukraine_Mar_18_2024_-_53642732128_800x450.jpg?fit=800%2C450&ssl=1&resize=700%2C400 2x"},"classes":[]}],"_links":{"self":[{"href":"https:\/\/www.freidenker.org\/index.php?rest_route=\/wp\/v2\/posts\/22891","targetHints":{"allow":["GET"]}}],"collection":[{"href":"https:\/\/www.freidenker.org\/index.php?rest_route=\/wp\/v2\/posts"}],"about":[{"href":"https:\/\/www.freidenker.org\/index.php?rest_route=\/wp\/v2\/types\/post"}],"author":[{"embeddable":true,"href":"https:\/\/www.freidenker.org\/index.php?rest_route=\/wp\/v2\/users\/3"}],"replies":[{"embeddable":true,"href":"https:\/\/www.freidenker.org\/index.php?rest_route=%2Fwp%2Fv2%2Fcomments&post=22891"}],"version-history":[{"count":1,"href":"https:\/\/www.freidenker.org\/index.php?rest_route=\/wp\/v2\/posts\/22891\/revisions"}],"predecessor-version":[{"id":22893,"href":"https:\/\/www.freidenker.org\/index.php?rest_route=\/wp\/v2\/posts\/22891\/revisions\/22893"}],"wp:featuredmedia":[{"embeddable":true,"href":"https:\/\/www.freidenker.org\/index.php?rest_route=\/wp\/v2\/media\/22892"}],"wp:attachment":[{"href":"https:\/\/www.freidenker.org\/index.php?rest_route=%2Fwp%2Fv2%2Fmedia&parent=22891"}],"wp:term":[{"taxonomy":"category","embeddable":true,"href":"https:\/\/www.freidenker.org\/index.php?rest_route=%2Fwp%2Fv2%2Fcategories&post=22891"},{"taxonomy":"post_tag","embeddable":true,"href":"https:\/\/www.freidenker.org\/index.php?rest_route=%2Fwp%2Fv2%2Ftags&post=22891"}],"curies":[{"name":"wp","href":"https:\/\/api.w.org\/{rel}","templated":true}]}}