{"id":22875,"date":"2025-09-18T15:12:16","date_gmt":"2025-09-18T13:12:16","guid":{"rendered":"https:\/\/www.freidenker.org\/?p=22875"},"modified":"2025-10-15T20:54:26","modified_gmt":"2025-10-15T18:54:26","slug":"meinungsvielfalt-und-die-buendelung-unserer-kraefte","status":"publish","type":"post","link":"https:\/\/www.freidenker.org\/?p=22875","title":{"rendered":"Meinungsvielfalt und die B\u00fcndelung unserer Kr\u00e4fte"},"content":{"rendered":"<p><strong>Die B\u00fcrgerinitiative Leuchtturm ARD ORF SRG ruft die friedlichen oppositionellen Kr\u00e4fte str\u00f6mungs\u00fcbergreifend auf zur Teilnahme am Revisionsverfahren gegen die einseitige Berichterstattung des \u00d6RR, stattfindend vor dem Bundesverwaltungsgericht in Leipzig am 1. Oktober 2025 (siehe auch: <a href=\"https:\/\/www.freidenker.org\/?p=22865\" target=\"_blank\" rel=\"noopener\">https:\/\/www.freidenker.org\/?p=22865<\/a>). Dabei kann sie sich auf das von ihr im Juli 2025 einberufene &#8222;Forum konstruktiver Kritiker&#8220; mit inzwischen etwa 150 Pers\u00f6nlichkeiten aus den Bereichen Medien, Jurisdiktion, Sachbuchliteratur, Zivilgesellschaft, Wissenschaft, Kunst, Wirtschaft und Politik st\u00fctzen.<\/strong><\/p>\n<p><em>Von <strong>Jimmy C. Gerum<\/strong> und <strong>Jan Veil<\/strong><\/em><\/p>\n<p>Auf dieser Erde beobachten wir, gerade in den letzten 25 Jahren, eine zunehmende Gewalt. Im Jahr 2023 f\u00fchrte die Menschheit laut Heidelberger Institut f\u00fcr internationale Konfliktforschung 22 Kriege, 21 limitierte Kriege und weitere 177 bewaffnete Konflikte \u2013 s. <a href=\"https:\/\/hiik.de\/wp-content\/uploads\/2024\/12\/coba23_v3.pdf\">https:\/\/hiik.de\/wp-content\/uploads\/2024\/12\/coba23_v3.pdf<\/a><\/p>\n<p>Wir gew\u00e4rtigen national und international eine breite und kreative b\u00fcrgerliche Opposition, die sich f\u00fcr die gewaltlose L\u00f6sung unserer Konflikte einsetzt. Weder in den letzten Jahren noch in den letzten Jahrzehnten hat diese Opposition einen signifikanten Einfluss auf die Entscheidungen der globalen Mandatstr\u00e4ger gewonnen.<\/p>\n<p>Ein wichtiger Grund daf\u00fcr liegt in der Verteilung der Macht und damit in der Deutungshoheit bei der Bewertung der vielgestaltigen Konflikte. Der offene, direkte und faire Diskurs \u00fcber deren Ursachen sowie \u00fcber sinnvolle L\u00f6sungsans\u00e4tze wird nicht zugelassen.<\/p>\n<p>Die Leitmedien lassen sich als Sprachrohr der Mandatstr\u00e4ger des \u201eWerte-Westens\u201c missbrauchen, statt Teil einer funktionierenden Gewaltenteilung zu sein, die den offenen Diskurs bef\u00f6rdert.<br \/>\nDas Ergebnis ist eine in erheblichen Teilen unm\u00fcndige Bev\u00f6lkerung, die kein ausreichendes Wissen \u00fcber die Genese der Konflikte besitzt oder gar ganz aufgegeben hat, sich politisch und gesellschaftlich zu engagieren.<\/p>\n<p>Der gr\u00f6\u00dfte Teil unserer akademischen Eliten ist dabei die gr\u00f6\u00dfte Entt\u00e4uschung; viele sind zu \u201eBrotgelehrten\u201c verkommen, wie das bereits Friedrich Schiller definierte. Wissenschaftler, die sich in die Abh\u00e4ngigkeiten von Narrativen und Agenden begeben haben, sei es beispielsweise, um sich pers\u00f6nliche Vorteile zu sichern oder bei der sog. Drittmittelvergabe nicht leer auszugehen, statt mit universellem Blick f\u00fcr ethische Werte einzustehen, die unsere Zivilisation zukunftsf\u00e4hig gestalten k\u00f6nnten.<\/p>\n<p>Als Teil der kreativen b\u00fcrgerlichen Opposition arbeitet unsere B\u00fcrgerinitiative Leuchtturm ARD ORF SRG seit \u00fcber drei Jahren an dem L\u00f6sungsansatz der \u201eB\u00fcndelung der guten Kr\u00e4fte\u201c.<br \/>\nUnser Name steht f\u00fcr Orientierung in unseren gesellschaftlichen und ethischen Belangen; er bekennt sich zum per definitionem demokratischen Prinzip eines \u00f6ffentlich-rechtlichen Rundfunks (\u00d6RR) als unserer besten Chance f\u00fcr eine positive demokratische Zukunftsvision.<\/p>\n<p>In unserer kapitalgesteuerten Welt, die sich mehr und mehr unf\u00e4hig zeigt, gewaltt\u00e4tige und unethische Motive ins Abseits zu dr\u00e4ngen, sehnen wir uns nach einer Quelle der Vertrauensw\u00fcrdigkeit und des unzensierten \u00f6ffentlichen Meinungsaustausches und Meinungsbildungsprozesses im Sinne der Grund- und Menschenrechte und des Humanismus in der Tradition der Aufkl\u00e4rung.<\/p>\n<p>Ein unabh\u00e4ngiger \u00d6RR als B\u00fcrgerfunk, der unvoreingenommen Informationen ausw\u00e4hlt und bewertet sowie nationale und internationale Achtung erf\u00e4hrt als ausgleichende Stimme im Sturm der nationalen und globalen Einzelinteressen, ist so eine wegweisende Zukunftsvision.<\/p>\n<p>Ein B\u00fcrgerfunk, der unser kulturelles Selbstbewusstsein st\u00e4rkt, in seinen Analysen zu beachteten L\u00f6sungsans\u00e4tzen kommt und zunehmend das Geh\u00f6r verantwortlicher Entscheidungstr\u00e4ger findet.<\/p>\n<p>Ein B\u00fcrgerfunk, der auch unsere historische Verantwortung f\u00f6rdert, auf die Aggressionen einzelner Akteure mit vermittelnden und dialogischen Prozessen zu antworten.<br \/>\nHannah Arendt sagte: \u201eDie Meinungsfreiheit ist ein hohles Recht, wenn die Tatsachen, auf denen Meinungen beruhen, systematisch verzerrt oder verborgen werden.\u201c Sowie auch: \u201eWas n\u00fctzt uns die Meinungsfreiheit, wenn wir nichts mehr zu sagen haben?\u201c<\/p>\n<p>Wir brauchen so einen Ort der Meinungsvielfalt.<\/p>\n<p>Unser Informationszeitalter hat uns in eine Flut von Informationen geworfen, und die manipulierten Narrative lassen dieses Meer t\u00e4glich aufbrausen. Es wird Zeit, dass wir einen Leuchtturm bauen.<\/p>\n<p>Paragraph 26 im Medienstaatsvertrag ist unsere Bauanleitung.<\/p>\n<p>Seit einem Jahr ist unsere B\u00fcrgerinitiative im Gr\u00fcndungsvorstand des &#8222;Bund der Rundfunkbeitragszahler e.V.&#8220;, einer Interessenvertretung aller B\u00fcrger, Rundfunkteilnehmer und Beitragszahler in Deutschland.<\/p>\n<p>Dieser Verein ist Schirmherr unseres Prozesses vor dem Bundesverwaltungsgericht Leipzig beim Revisionsverfahren einer von Hunderten unserer Kl\u00e4gerInnen gegen das strukturelle Versagen des \u00d6RR bei seinem Auftrag gem\u00e4\u00df \u00a726, einer Vielfaltsicherung und ausgewogenen Darstellung der regionalen, nationalen und globalen Geschehnisse. Das Mandat der Vertretung dieser Klage liegt bei einem erfahrenen juristischen Team unter der Leitung von Dr. Harald von Herget, der auch Vorstandsvorsitzender im Bund der Rundfunkbeitragszahler e.V. ist.<\/p>\n<p>Zur Unterst\u00fctzung der \u00f6ffentlichen Diskussion \u00fcber die klaren Defizite bei der Meinungsvielfalt hat die B\u00fcrgerinitiative ein Forum konstruktiver Kritiker gegr\u00fcndet, das helfen kann, eine breite Aufmerksamkeit f\u00fcr dieses wichtige Thema zu schaffen. Viele Pers\u00f6nlichkeiten aus Politik, Wirtschaft, Wissenschaft, aus der Friedensarbeit und dem Journalismus erheben gemeinsam ihre Stimme f\u00fcr Meinungsvielfalt und f\u00fcr eine gesunde europ\u00e4ische Friedensordnung, die sehr eng mit einer fairen Diskurskultur zusammenh\u00e4ngt.<\/p>\n<p>Die hierzu am 14. Juli ver\u00f6ffentlichte Pressemitteilung finden Sie hier: <a href=\"https:\/\/leuchtturmard.de\/mahnwachen-material\/dokumente\">https:\/\/leuchtturmard.de\/mahnwachen-material\/dokumente<\/a><\/p>\n<p>Da das Gerichtsverfahren f\u00fcr mehr Meinungsvielfalt \u00f6ffentlich stattfindet, rufen wir die interessierte Bev\u00f6lkerung auf, am Mittwoch, dem 1. Oktober ab 10 Uhr gemeinsam daran teilzunehmen.<br \/>\nEs bietet jedem demokratisch motivierten B\u00fcrger die Gelegenheit, ein Zeichen zu setzen f\u00fcr die gar nicht hoch genug einsch\u00e4tzbare Bedeutung der Meinungsvielfalt und eines fairen und breiten Debattenraumes.<\/p>\n<p>Zwei Beispiele, wie sich die Defizite bei der Meinungsvielfalt darstellen:<\/p>\n<p>Der am 19. Mai 2025 von dem MWGFD e.V. verschickte offene Brief an die Intendanten des \u00d6RR handelte von der unzureichenden Aufarbeitung der entstandenen Fehler in der Corona-Krise.<br \/>\nDie Antworten des ZDF am 23.5. und der ARD am 2.6. offenbaren das nicht existente Problembewusstsein bei den Anstalten des \u00d6RR. Die standardisierten Antwort-Briefe k\u00fcnden von der Selbsteinsch\u00e4tzung eines fehlerlos erf\u00fcllten Auftrages zur Meinungsvielfalt, w\u00e4hrend ein direkter Diskurs mit den Kritikern, stammend aus zahlreichen \u2013 wissenschaftlichen, politischen und zivilgesellschaftlichen, ja sogar beh\u00f6rdlichen \u2013 Bereichen, \u00fcber diese relevante Frage seit nunmehr \u00fcber f\u00fcnf Jahren verweigert wird!<\/p>\n<p>Das zweite Beispiel ist noch ersch\u00fctternder, denn bei der \u00f6ffentlichen Sitzung des HR-Rundfunkrates am 6. Juni 2025 zeigte eines der zust\u00e4ndigen Aufsichtsgremien eine eklatante Unkenntnis der Problemstellung. Das Thema der Sitzung war die Sicherung der Ausgewogenheit im \u00d6RR, und keine\/r der u.a. genau daf\u00fcr Verantwortlichen fasste auch nur vage die M\u00f6glichkeit ins Auge, dass, gerade in den wichtigsten gesellschaftspolitischen Themenfeldern, nahezu ausschlie\u00dflich einseitige Regierungsnarrative verbreitet werden, die zunehmend das Vertrauen in den \u00d6RR nachhaltig besch\u00e4digen.<\/p>\n<p>In einer Beschwerde an den ARD-Vorsitzenden und HR-Intendanten Florian Hager nahm unsere B\u00fcrgerinitiative am 6. Juni Bezug darauf, dass die Verletzung russischer Sicherheitsinteressen als Ursache der Ukrainekrise durchgehend verschwiegen wird. Putin wies bereits 2008 auf die rote Linie seines Landes in dieser Frage hin, w\u00e4hrend die Arroganz des Westens seine Haltung konsequent ignorierte.<\/p>\n<p>Auf der anderen Seite ist es eine Selbstverst\u00e4ndlichkeit, dass ein souver\u00e4nes Land wie Mexiko keinesfalls die rote Line der USA \u00fcbertreten darf, indem es Beziehungen zu Russland und die Stationierung russischer Raketen auf seinem Staatsgebiet andenkt. Der gesunde Menschenverstand setzt hier kollektiv aus, indem augenf\u00e4lligst mit zweierlei Ma\u00df gemessen wird, ohne das Problem und dessen Hintergr\u00fcnde ausreichend zu thematisieren.<\/p>\n<p>Die Verantwortung daf\u00fcr tr\u00e4gt eine undifferenzierte und einseitige Berichterstattung in allen deutschen Leitmedien, die die Regeln des deutschen Pressekodex vors\u00e4tzlich missachten.<\/p>\n<p>Unsere Zivilisation braucht die historische Z\u00e4sur einer neuen Ethik des Journalismus, die sich konsequent an die bereits bestehenden Regeln der Meinungsvielfalt h\u00e4lt und nur so zur Zukunftsf\u00e4higkeit unserer Gesellschaften beitragen kann.<\/p>\n<p>F\u00fcr diese Zukunftsvision lohnt es sich, die Kr\u00e4fte der b\u00fcrgerlichen Opposition zu b\u00fcndeln, um eine gemeinsame Stimme laut werden zu lassen, die sich kompromisslos f\u00fcr wirkliche Meinungsvielfalt und den damit untrennbar verbundenen Frieden einsetzt.<\/p>\n<p style=\"text-align: right;\"><em>Jimmy C. Gerum ist Kinofilmproduzent und Gr\u00fcnder der B\u00fcrgerinitiative Leuchtturm ARD ORF SRG, um den \u00f6ffentlichen Rundfunk zur Einhaltung der Ausgewogenheit und Staatsferne bei der Berichterstattung aufzufordern.<\/em><\/p>\n<p style=\"text-align: right;\"><em>Jan Veil, Frankfurt a. Main, ist unabh\u00e4ngiger Aktivist innerhalb der Demokratie- und Friedensbewegung und geh\u00f6rt der str\u00f6mungs\u00fcbergreifenden Bewegung &#8222;Freie Linke&#8220; an<\/em><\/p>\n<hr \/>\n<p>Melden Sie sich gerne bei der B\u00fcrgerinitiative Leuchtturm ARD ORF SRG und helfen Sie mit: <a href=\"mailto:info@leuchtturmARD.de\">info@leuchtturmARD.de<\/a>, Hotline 0151-5055 2062<\/p>\n<p><img data-recalc-dims=\"1\" loading=\"lazy\" decoding=\"async\" data-attachment-id=\"13977\" data-permalink=\"https:\/\/www.freidenker.org\/?attachment_id=13977\" data-orig-file=\"https:\/\/i0.wp.com\/www.freidenker.org\/fw17\/wp-content\/uploads\/2022\/08\/External_Link_24px.jpg?fit=24%2C24&amp;ssl=1\" data-orig-size=\"24,24\" data-comments-opened=\"0\" data-image-meta=\"{&quot;aperture&quot;:&quot;0&quot;,&quot;credit&quot;:&quot;&quot;,&quot;camera&quot;:&quot;&quot;,&quot;caption&quot;:&quot;&quot;,&quot;created_timestamp&quot;:&quot;0&quot;,&quot;copyright&quot;:&quot;&quot;,&quot;focal_length&quot;:&quot;0&quot;,&quot;iso&quot;:&quot;0&quot;,&quot;shutter_speed&quot;:&quot;0&quot;,&quot;title&quot;:&quot;&quot;,&quot;orientation&quot;:&quot;1&quot;}\" data-image-title=\"External_Link_24px icon\" data-image-description=\"\" data-image-caption=\"\" data-large-file=\"https:\/\/i0.wp.com\/www.freidenker.org\/fw17\/wp-content\/uploads\/2022\/08\/External_Link_24px.jpg?fit=24%2C24&amp;ssl=1\" class=\"alignnone size-full wp-image-13977\" src=\"https:\/\/i0.wp.com\/www.freidenker.org\/fw17\/wp-content\/uploads\/2022\/08\/External_Link_24px.jpg?resize=24%2C24&#038;ssl=1\" alt=\"\" width=\"24\" height=\"24\" \/>\u00a0<a href=\"https:\/\/LeuchtturmARD.de\">https:\/\/LeuchtturmARD.de<\/a><\/p>\n<p><span style=\"font-size: 12pt;\">siehe auch: <a href=\"https:\/\/www.freidenker.org\/?p=22865\" target=\"_blank\" rel=\"noopener\">https:\/\/www.freidenker.org\/?p=22865<\/a><\/span><\/p>\n<p><strong>Download<\/strong><\/p>\n<p><img data-recalc-dims=\"1\" loading=\"lazy\" decoding=\"async\" data-attachment-id=\"1076\" data-permalink=\"https:\/\/www.freidenker.org\/?attachment_id=1076\" data-orig-file=\"https:\/\/i0.wp.com\/www.freidenker.org\/fw17\/wp-content\/uploads\/2017\/10\/pdf_icon-2.png?fit=32%2C32&amp;ssl=1\" data-orig-size=\"32,32\" data-comments-opened=\"0\" data-image-meta=\"{&quot;aperture&quot;:&quot;0&quot;,&quot;credit&quot;:&quot;&quot;,&quot;camera&quot;:&quot;&quot;,&quot;caption&quot;:&quot;&quot;,&quot;created_timestamp&quot;:&quot;0&quot;,&quot;copyright&quot;:&quot;&quot;,&quot;focal_length&quot;:&quot;0&quot;,&quot;iso&quot;:&quot;0&quot;,&quot;shutter_speed&quot;:&quot;0&quot;,&quot;title&quot;:&quot;&quot;,&quot;orientation&quot;:&quot;0&quot;}\" data-image-title=\"pdf_icon\" data-image-description=\"\" data-image-caption=\"\" data-large-file=\"https:\/\/i0.wp.com\/www.freidenker.org\/fw17\/wp-content\/uploads\/2017\/10\/pdf_icon-2.png?fit=32%2C32&amp;ssl=1\" class=\"alignnone size-full wp-image-1076\" src=\"https:\/\/i0.wp.com\/www.freidenker.org\/fw17\/wp-content\/uploads\/2017\/10\/pdf_icon-2.png?resize=32%2C32&#038;ssl=1\" alt=\"\" width=\"32\" height=\"32\" \/>\u00a0<a href=\"https:\/\/www.freidenker.org\/fw17\/wp-content\/uploads\/2025\/09\/Pressemitteilung-14.-Juli-2025-fuer-mehr-Meinungsvielfalt.pdf\" target=\"_blank\" rel=\"noopener\">Pressemitteilung und Erkl\u00e4rung<\/a><\/p>\n<p>&nbsp;<\/p>\n<hr \/>\n<p><span style=\"font-size: 10pt;\">Bild oben: <a href=\"https:\/\/pixabay.com\/de\/illustrations\/ai-generiert-einheit-h%C3%A4nde-8806927\/\" target=\"_blank\" rel=\"noopener\">www.pixabay.com<\/a> \/ <a class=\"userName--owby3\" href=\"https:\/\/pixabay.com\/de\/users\/tylijura-22072131\/\" target=\"_blank\" rel=\"noopener\">TyliJura<\/a> \/ <a href=\"https:\/\/pixabay.com\/de\/service\/license-summary\/\" target=\"_blank\" rel=\"noopener\">Inhaltslizenz<\/a><\/span><\/p>\n<p>&nbsp;<\/p>\n","protected":false},"excerpt":{"rendered":"<p><b>Beitrag von Jimmy C. Gerum und Jan Veil<\/b><br \/>\nAuf dieser Erde beobachten wir, gerade in den letzten 25 Jahren, eine zunehmende Gewalt. Im Jahr 2023 f\u00fchrte die Menschheit laut Heidelberger Institut f\u00fcr internationale Konfliktforschung 22 Kriege, 21 limitierte Kriege und weitere 177 bewaffnete Konflikte. Wir gew\u00e4rtigen national und international eine breite und kreative b\u00fcrgerliche Opposition, die sich f\u00fcr die gewaltlose L\u00f6sung unserer Konflikte einsetzt. Weder in den letzten Jahren noch in den letzten Jahrzehnten hat diese Opposition einen signifikanten Einfluss auf die Entscheidungen der globalen Mandatstr\u00e4ger gewonnen. Ein wichtiger Grund daf\u00fcr liegt in der Verteilung der Macht und damit in der Deutungshoheit bei der Bewertung der vielgestaltigen Konflikte.<\/p>\n","protected":false},"author":3,"featured_media":22876,"comment_status":"closed","ping_status":"closed","sticky":false,"template":"","format":"standard","meta":{"colormag_page_container_layout":"default_layout","colormag_page_sidebar_layout":"default_layout","advanced_seo_description":"","jetpack_seo_html_title":"","jetpack_seo_noindex":false,"jetpack_post_was_ever_published":false,"footnotes":""},"categories":[12],"tags":[2462,1256,778,1255,1644,1315,2433,668,121,395,2781,1579,1194,639,1591],"class_list":["post-22875","post","type-post","status-publish","format-standard","has-post-thumbnail","hentry","category-demokratie-medien-aufklaerung","tag-berichterstattung","tag-corona-virus","tag-ethik-und-moral","tag-gerichtsprozess","tag-gewalt","tag-journalismus","tag-konflikt","tag-kultur","tag-medien","tag-meinungsfreiheit","tag-meinungsvielfalt","tag-oeffentlich-rechtlicher-rundfunk","tag-opposition","tag-ukraine-konflikt","tag-wertewesten"],"jetpack_featured_media_url":"https:\/\/i0.wp.com\/www.freidenker.org\/fw17\/wp-content\/uploads\/2025\/09\/ai-generated-8806927_800x450.jpg?fit=800%2C450&ssl=1","jetpack_shortlink":"https:\/\/wp.me\/p9stpK-5WX","jetpack-related-posts":[{"id":22865,"url":"https:\/\/www.freidenker.org\/?p=22865","url_meta":{"origin":22875,"position":0},"title":"Die L\u00f6sung f\u00fcr unsere Probleme: Eine funktionierende Gewaltenteilung","author":"Webredaktion","date":"16. September 2025","format":false,"excerpt":"Beitrag von Jimmy C. Gerum und Jan Veil Wesentliche Grundvoraussetzung f\u00fcr eine funktionierende staatliche Gewaltenteilung ist ein \u00d6RR, der seinen in den Medienstaatsvertr\u00e4gen festgelegten Verpflichtungen tats\u00e4chlich gerecht wird. Eben diese werden Gegenstand im Revisionsverfahren gegen die einseitige Berichterstattung des \u00d6RR in vielen gesellschaftspolitischen Bereichen sein, das vor dem Bundesverwaltungsgericht in\u2026","rel":"","context":"In &quot;Demokratie \u2013 Medien \u2013 Aufkl\u00e4rung&quot;","block_context":{"text":"Demokratie \u2013 Medien \u2013 Aufkl\u00e4rung","link":"https:\/\/www.freidenker.org\/?cat=12"},"img":{"alt_text":"","src":"https:\/\/i0.wp.com\/www.freidenker.org\/fw17\/wp-content\/uploads\/2025\/09\/Bundesverwaltungsgericht_Detail_800x450.jpg?fit=800%2C450&ssl=1&resize=350%2C200","width":350,"height":200,"srcset":"https:\/\/i0.wp.com\/www.freidenker.org\/fw17\/wp-content\/uploads\/2025\/09\/Bundesverwaltungsgericht_Detail_800x450.jpg?fit=800%2C450&ssl=1&resize=350%2C200 1x, https:\/\/i0.wp.com\/www.freidenker.org\/fw17\/wp-content\/uploads\/2025\/09\/Bundesverwaltungsgericht_Detail_800x450.jpg?fit=800%2C450&ssl=1&resize=525%2C300 1.5x, https:\/\/i0.wp.com\/www.freidenker.org\/fw17\/wp-content\/uploads\/2025\/09\/Bundesverwaltungsgericht_Detail_800x450.jpg?fit=800%2C450&ssl=1&resize=700%2C400 2x"},"classes":[]},{"id":15501,"url":"https:\/\/www.freidenker.org\/?p=15501","url_meta":{"origin":22875,"position":1},"title":"&#8222;Kriegste nicht zusammen im Kopf&#8220;","author":"Webredaktion","date":"16. M\u00e4rz 2023","format":false,"excerpt":"Beitrag von Gert Ewen Ungar Ina Ruck ist ARD-Moskau-Korrespondentin. Sie berichtet aus Russland und bedient sich dabei gern in Deutschland verbreiteten Klischees \u00fcber Russland und die Russen. Ihr wird oft Einseitigkeit in der Berichterstattung vorgeworfen und die Vorw\u00fcrfe sind begr\u00fcndet. Schon an ihrer Berichterstattung zu Nawalny wurde deutlich, dass Ruck\u2026","rel":"","context":"In &quot;Demokratie \u2013 Medien \u2013 Aufkl\u00e4rung&quot;","block_context":{"text":"Demokratie \u2013 Medien \u2013 Aufkl\u00e4rung","link":"https:\/\/www.freidenker.org\/?cat=12"},"img":{"alt_text":"","src":"https:\/\/i0.wp.com\/www.freidenker.org\/fw17\/wp-content\/uploads\/2023\/03\/ina_ruck_coll_800x450.jpg?fit=800%2C450&ssl=1&resize=350%2C200","width":350,"height":200,"srcset":"https:\/\/i0.wp.com\/www.freidenker.org\/fw17\/wp-content\/uploads\/2023\/03\/ina_ruck_coll_800x450.jpg?fit=800%2C450&ssl=1&resize=350%2C200 1x, https:\/\/i0.wp.com\/www.freidenker.org\/fw17\/wp-content\/uploads\/2023\/03\/ina_ruck_coll_800x450.jpg?fit=800%2C450&ssl=1&resize=525%2C300 1.5x, https:\/\/i0.wp.com\/www.freidenker.org\/fw17\/wp-content\/uploads\/2023\/03\/ina_ruck_coll_800x450.jpg?fit=800%2C450&ssl=1&resize=700%2C400 2x"},"classes":[]},{"id":14665,"url":"https:\/\/www.freidenker.org\/?p=14665","url_meta":{"origin":22875,"position":2},"title":"&#8222;Warum stoppt niemand RT DE?&#8220;","author":"Webredaktion","date":"15. November 2022","format":false,"excerpt":"Beitrag von Gert Ewen Ungar Mit dem\u00a0der als Dokumentation getarnten Propagandasendung \"Russlands deutsche Propagandakrieger\" l\u00e4utet das ZDF die n\u00e4chste Runde im Kampf gegen russische Medien, vor allem aber gegen eine ausgewogene Berichterstattung und Diskussion zum Themenkomplex Ukraine-Konflikt ein.\u00a0Es ist ein weiterer Schritt in Richtung einer bereitwilligen Preisgabe grundlegender journalistischer Standards\u2026","rel":"","context":"In &quot;Demokratie \u2013 Medien \u2013 Aufkl\u00e4rung&quot;","block_context":{"text":"Demokratie \u2013 Medien \u2013 Aufkl\u00e4rung","link":"https:\/\/www.freidenker.org\/?cat=12"},"img":{"alt_text":"","src":"https:\/\/i0.wp.com\/www.freidenker.org\/fw17\/wp-content\/uploads\/2022\/11\/Lampe_-Russia_Today_800x450.jpg?fit=800%2C450&ssl=1&resize=350%2C200","width":350,"height":200,"srcset":"https:\/\/i0.wp.com\/www.freidenker.org\/fw17\/wp-content\/uploads\/2022\/11\/Lampe_-Russia_Today_800x450.jpg?fit=800%2C450&ssl=1&resize=350%2C200 1x, https:\/\/i0.wp.com\/www.freidenker.org\/fw17\/wp-content\/uploads\/2022\/11\/Lampe_-Russia_Today_800x450.jpg?fit=800%2C450&ssl=1&resize=525%2C300 1.5x, https:\/\/i0.wp.com\/www.freidenker.org\/fw17\/wp-content\/uploads\/2022\/11\/Lampe_-Russia_Today_800x450.jpg?fit=800%2C450&ssl=1&resize=700%2C400 2x"},"classes":[]},{"id":12340,"url":"https:\/\/www.freidenker.org\/?p=12340","url_meta":{"origin":22875,"position":3},"title":"Der Donbass und seine kleinen begrabenen K\u00f6rper","author":"Webredaktion","date":"27. Februar 2022","format":false,"excerpt":"Ein Essay von Sabiene Jahn Aus der Ferne, gem\u00fctlich auf der Couch sitzend, geht man oft oberfl\u00e4chlich mit Zahlen von Opfern um, die uns vom Nachrichtensprecher aus einem Krisengebiet \u00fcberbracht werden. Zu viele Meldungen sind es geworden, zu viele Krisen. Das an sich ist schon sehr tragisch. Und dann gibt\u2026","rel":"","context":"In &quot;Frieden - Antifaschismus - Solidarit\u00e4t&quot;","block_context":{"text":"Frieden - Antifaschismus - Solidarit\u00e4t","link":"https:\/\/www.freidenker.org\/?cat=13"},"img":{"alt_text":"","src":"https:\/\/i0.wp.com\/www.freidenker.org\/fw17\/wp-content\/uploads\/2022\/02\/donbass_begrabene_koerper_800x450.jpg?fit=800%2C450&ssl=1&resize=350%2C200","width":350,"height":200,"srcset":"https:\/\/i0.wp.com\/www.freidenker.org\/fw17\/wp-content\/uploads\/2022\/02\/donbass_begrabene_koerper_800x450.jpg?fit=800%2C450&ssl=1&resize=350%2C200 1x, https:\/\/i0.wp.com\/www.freidenker.org\/fw17\/wp-content\/uploads\/2022\/02\/donbass_begrabene_koerper_800x450.jpg?fit=800%2C450&ssl=1&resize=525%2C300 1.5x, https:\/\/i0.wp.com\/www.freidenker.org\/fw17\/wp-content\/uploads\/2022\/02\/donbass_begrabene_koerper_800x450.jpg?fit=800%2C450&ssl=1&resize=700%2C400 2x"},"classes":[]},{"id":18649,"url":"https:\/\/www.freidenker.org\/?p=18649","url_meta":{"origin":22875,"position":4},"title":"Verfassungsrechtler: Heuchlerische Aufarbeitung der Corona-Ma\u00dfnahmen von Politikern und Medien","author":"Webredaktion","date":"31. M\u00e4rz 2024","format":false,"excerpt":"Beitrag von Felicitas Rabe Der ehemalige nordrhein-westf\u00e4lische Ministerpr\u00e4sident Armin Laschet hofft, dass man die Spaltung der Gesellschaft nach der COVID-19-Pandemie \u00fcberwinden kann. Im Interview mit dem ZDF heute-journal erkl\u00e4rte er am Sonntag, in einer neuen Dialogkultur m\u00fcssten Politiker und Medien Fehler eingestehen und andere Meinungen respektieren. Das gelte nicht nur\u2026","rel":"","context":"In &quot;Demokratie \u2013 Medien \u2013 Aufkl\u00e4rung&quot;","block_context":{"text":"Demokratie \u2013 Medien \u2013 Aufkl\u00e4rung","link":"https:\/\/www.freidenker.org\/?cat=12"},"img":{"alt_text":"","src":"https:\/\/i0.wp.com\/www.freidenker.org\/fw17\/wp-content\/uploads\/2024\/03\/demo_magdeburg_rabe_800x450.jpg?fit=800%2C450&ssl=1&resize=350%2C200","width":350,"height":200,"srcset":"https:\/\/i0.wp.com\/www.freidenker.org\/fw17\/wp-content\/uploads\/2024\/03\/demo_magdeburg_rabe_800x450.jpg?fit=800%2C450&ssl=1&resize=350%2C200 1x, https:\/\/i0.wp.com\/www.freidenker.org\/fw17\/wp-content\/uploads\/2024\/03\/demo_magdeburg_rabe_800x450.jpg?fit=800%2C450&ssl=1&resize=525%2C300 1.5x, https:\/\/i0.wp.com\/www.freidenker.org\/fw17\/wp-content\/uploads\/2024\/03\/demo_magdeburg_rabe_800x450.jpg?fit=800%2C450&ssl=1&resize=700%2C400 2x"},"classes":[]},{"id":22470,"url":"https:\/\/www.freidenker.org\/?p=22470","url_meta":{"origin":22875,"position":5},"title":"Was geschah in Sweida \u2013 und warum?","author":"Webredaktion","date":"30. Juli 2025","format":false,"excerpt":"Beitrag von Karin Leukefeld. Viel wurde in den vergangenen Tagen \u00fcber \u201ekonfessionelle Konflikte in S\u00fcdsyrien\u201c geschrieben und geredet. Die \u201evom schiitischen Islam abstammenden\u201c Drusen w\u00fcrden von \u201esunnitischen beduinischen St\u00e4mmen\u201c bek\u00e4mpft, wurde \u00fcber Medien verbreitet. Allerdings ist die ethnische und religi\u00f6se Vielfalt Syriens und der gesamten Region nicht der Grund, warum\u2026","rel":"","context":"In &quot;Demokratie \u2013 Medien \u2013 Aufkl\u00e4rung&quot;","block_context":{"text":"Demokratie \u2013 Medien \u2013 Aufkl\u00e4rung","link":"https:\/\/www.freidenker.org\/?cat=12"},"img":{"alt_text":"","src":"https:\/\/i0.wp.com\/www.freidenker.org\/fw17\/wp-content\/uploads\/2025\/07\/Swaida_city_800x450.jpg?fit=800%2C450&ssl=1&resize=350%2C200","width":350,"height":200,"srcset":"https:\/\/i0.wp.com\/www.freidenker.org\/fw17\/wp-content\/uploads\/2025\/07\/Swaida_city_800x450.jpg?fit=800%2C450&ssl=1&resize=350%2C200 1x, https:\/\/i0.wp.com\/www.freidenker.org\/fw17\/wp-content\/uploads\/2025\/07\/Swaida_city_800x450.jpg?fit=800%2C450&ssl=1&resize=525%2C300 1.5x, https:\/\/i0.wp.com\/www.freidenker.org\/fw17\/wp-content\/uploads\/2025\/07\/Swaida_city_800x450.jpg?fit=800%2C450&ssl=1&resize=700%2C400 2x"},"classes":[]}],"_links":{"self":[{"href":"https:\/\/www.freidenker.org\/index.php?rest_route=\/wp\/v2\/posts\/22875","targetHints":{"allow":["GET"]}}],"collection":[{"href":"https:\/\/www.freidenker.org\/index.php?rest_route=\/wp\/v2\/posts"}],"about":[{"href":"https:\/\/www.freidenker.org\/index.php?rest_route=\/wp\/v2\/types\/post"}],"author":[{"embeddable":true,"href":"https:\/\/www.freidenker.org\/index.php?rest_route=\/wp\/v2\/users\/3"}],"replies":[{"embeddable":true,"href":"https:\/\/www.freidenker.org\/index.php?rest_route=%2Fwp%2Fv2%2Fcomments&post=22875"}],"version-history":[{"count":2,"href":"https:\/\/www.freidenker.org\/index.php?rest_route=\/wp\/v2\/posts\/22875\/revisions"}],"predecessor-version":[{"id":22886,"href":"https:\/\/www.freidenker.org\/index.php?rest_route=\/wp\/v2\/posts\/22875\/revisions\/22886"}],"wp:featuredmedia":[{"embeddable":true,"href":"https:\/\/www.freidenker.org\/index.php?rest_route=\/wp\/v2\/media\/22876"}],"wp:attachment":[{"href":"https:\/\/www.freidenker.org\/index.php?rest_route=%2Fwp%2Fv2%2Fmedia&parent=22875"}],"wp:term":[{"taxonomy":"category","embeddable":true,"href":"https:\/\/www.freidenker.org\/index.php?rest_route=%2Fwp%2Fv2%2Fcategories&post=22875"},{"taxonomy":"post_tag","embeddable":true,"href":"https:\/\/www.freidenker.org\/index.php?rest_route=%2Fwp%2Fv2%2Ftags&post=22875"}],"curies":[{"name":"wp","href":"https:\/\/api.w.org\/{rel}","templated":true}]}}