{"id":22870,"date":"2025-09-16T19:19:36","date_gmt":"2025-09-16T17:19:36","guid":{"rendered":"https:\/\/www.freidenker.org\/?p=22870"},"modified":"2025-10-15T20:54:18","modified_gmt":"2025-10-15T18:54:18","slug":"lisa-fitz-deutschland-im-wahn","status":"publish","type":"post","link":"https:\/\/www.freidenker.org\/?p=22870","title":{"rendered":"Lisa Fitz \u2013 Deutschland im Wahn"},"content":{"rendered":"<p><em>Video von <strong>Lisa Fitz<\/strong><\/em><\/p>\n<p><span style=\"font-size: 10pt;\">Ver\u00f6ffentlicht am 15.09.2025 auf den <a href=\"https:\/\/www.nachdenkseiten.de\/?p=139046\" target=\"_blank\" rel=\"noopener\">NachDenkSeiten<\/a><\/span><\/p>\n<p>Dieser Beitrag ist auch als Audio-Podcast verf\u00fcgbar.<\/p>\n<audio class=\"wp-audio-shortcode\" id=\"audio-22870-1\" preload=\"none\" style=\"width: 100%;\" controls=\"controls\"><source type=\"audio\/mpeg\" src=\"https:\/\/www.nachdenkseiten.de\/upload\/podcast\/250915-Lisa-Fitz-Deutschland-im-Wahn-NDS.mp3?_=1\" \/><a href=\"https:\/\/www.nachdenkseiten.de\/upload\/podcast\/250915-Lisa-Fitz-Deutschland-im-Wahn-NDS.mp3\">https:\/\/www.nachdenkseiten.de\/upload\/podcast\/250915-Lisa-Fitz-Deutschland-im-Wahn-NDS.mp3<\/a><\/audio>\n<p><span style=\"font-size: 10pt;\">Bereitgestellt von den <a href=\"https:\/\/www.nachdenkseiten.de\/?p=139046\" target=\"_blank\" rel=\"noopener\">NachDenkSeiten<\/a><\/span><br \/>\n<span style=\"font-size: 10pt;\"><a href=\"https:\/\/www.nachdenkseiten.de\/upload\/podcast\/250915-Lisa-Fitz-Deutschland-im-Wahn-NDS.mp3\" target=\"_blank\" rel=\"noopener\">Download<\/a><\/span><\/p>\n<p><span class=\"yt-core-attributed-string yt-core-attributed-string--white-space-pre-wrap\" dir=\"auto\"><span class=\"yt-core-attributed-string--link-inherit-color\" dir=\"auto\">Ich habe Angst. Nicht vorm Zahnarzt. Nicht vor der Steuerpr\u00fcfung. Sondern vor Deutschland. Vor dem, was daraus geworden ist. Deutschland im Wahn! Im Wahn! Im Genderwahn, im Kriegswahn, im Zensurwahn, im Kontrollwahn, im Strafanzeigenwahn, Hausdurchsuchungswahn, Windr\u00e4derwahn, im Klima-Weltrettungswahn, im Russenvernichtungswahn, im Ukraine-Sieg-Wahn, Waffenwahn, Hetz-Wahn, CSD-Wahn, im Transenwahn. Also, wenn mein Mann sowas h\u00e4tt, w\u00fcrde ich sagen, der hat einen Vollvogel! Schuss! Gr\u00f6\u00dfenwahn! \u201eAlle Macht geht vom Volke aus\u201c\u2026 Ja, ich wei\u00df: das ist \u00fcbelste Verschw\u00f6rungstheorie.<\/span><\/span><\/p>\n<div class=\"jetpack-video-wrapper\"><span class=\"embed-youtube\" style=\"text-align:center; display: block;\"><iframe loading=\"lazy\" class=\"youtube-player\" width=\"800\" height=\"450\" src=\"https:\/\/www.youtube.com\/embed\/DSCrVtUuO34?version=3&#038;rel=1&#038;showsearch=0&#038;showinfo=1&#038;iv_load_policy=1&#038;fs=1&#038;hl=de-DE&#038;autohide=2&#038;wmode=transparent\" allowfullscreen=\"true\" style=\"border:0;\" sandbox=\"allow-scripts allow-same-origin allow-popups allow-presentation allow-popups-to-escape-sandbox\"><\/iframe><\/span><\/div>\n<p><span style=\"font-size: 10pt;\">Direktlink zum Video der Nachdenkseiten auf YouTube: <a href=\"https:\/\/www.youtube.com\/watch?v=DSCrVtUuO34\" target=\"_blank\" rel=\"noopener\">https:\/\/www.youtube.com\/watch?v=DSCrVtUuO34<\/a><\/span><\/p>\n<p><span style=\"font-size: 10pt;\">Alternative Ver\u00f6ffentlichung auf odysee.com: <a href=\"https:\/\/odysee.com\/@NachDenkSeiten:4\/lisa-fitz-%E2%80%93-deutschland-im-wahn-nds:3\" target=\"_blank\" rel=\"noopener\">https:\/\/odysee.com\/@NachDenkSeiten:4\/lisa-fitz-%E2%80%93-deutschland-im-wahn-nds:3<\/a><\/span><\/p>\n<p style=\"text-align: right;\"><em>Lisa Fitz ist Beiratsmitglied des Deutschen Freidenker-Verbandes<\/em><\/p>\n<hr \/>\n<p><span style=\"font-size: 10pt;\">Bild oben: Lisa Fitz<\/span><br \/>\n<span style=\"font-size: 10pt;\">Screenshot aus dem\u00a0<a href=\"https:\/\/www.nachdenkseiten.de\/?p=139046\" target=\"_blank\" rel=\"noopener\">Video der NachDenkSeiten<\/a><\/span><\/p>\n","protected":false},"excerpt":{"rendered":"<p><b>Video von Lisa Fitz<\/b><br \/>\nIch habe Angst. Nicht vorm Zahnarzt. Nicht vor der Steuerpr\u00fcfung. Sondern vor Deutschland. Vor dem, was daraus geworden ist. Deutschland im Wahn! Im Wahn! Im Genderwahn, im Kriegswahn, im Zensurwahn, im Kontrollwahn, im Strafanzeigenwahn, Hausdurchsuchungswahn, Windr\u00e4derwahn, im Klima-Weltrettungswahn, im Russenvernichtungswahn, im Ukraine-Sieg-Wahn, Waffenwahn, Hetz-Wahn, CSD-Wahn, im Transenwahn. Also, wenn mein Mann sowas h\u00e4tt, w\u00fcrde ich sagen, der hat einen Vollvogel! Schuss! Gr\u00f6\u00dfenwahn! \u201eAlle Macht geht vom Volke aus\u201c\u2026 Ja, ich wei\u00df: das ist \u00fcbelste Verschw\u00f6rungstheorie.<\/p>\n","protected":false},"author":3,"featured_media":22871,"comment_status":"closed","ping_status":"closed","sticky":false,"template":"","format":"standard","meta":{"colormag_page_container_layout":"default_layout","colormag_page_sidebar_layout":"default_layout","advanced_seo_description":"","jetpack_seo_html_title":"","jetpack_seo_noindex":false,"jetpack_post_was_ever_published":false,"footnotes":""},"categories":[12,913],"tags":[1280,452,1052,942,2674,2783,57,407,1168,639,641,1673,1525,527],"class_list":["post-22870","post","type-post","status-publish","format-standard","has-post-thumbnail","hentry","category-demokratie-medien-aufklaerung","category-kultur-kunst","tag-angst","tag-deutschland","tag-genderismus","tag-kabarett","tag-klimaglauben","tag-kontrollwahn","tag-kriegsgefahr","tag-kunst","tag-russophobie","tag-ukraine-konflikt","tag-verschwoerungstheorie","tag-video","tag-waffenlieferungen","tag-zensur"],"jetpack_featured_media_url":"https:\/\/i0.wp.com\/www.freidenker.org\/fw17\/wp-content\/uploads\/2025\/09\/lisa_fitz_deutschland_im_wahn_800x450.jpg?fit=800%2C450&ssl=1","jetpack_shortlink":"https:\/\/wp.me\/p9stpK-5WS","jetpack-related-posts":[{"id":18514,"url":"https:\/\/www.freidenker.org\/?p=18514","url_meta":{"origin":22870,"position":0},"title":"Lisa Fitz &#8211; Politiker au\u00dfer Rand und Band","author":"Webredaktion","date":"9. M\u00e4rz 2024","format":false,"excerpt":"Video von\u00a0Lisa Fitz In ihrem neuen St\u00fcck f\u00fcr die NachDenkSeiten besch\u00e4ftigt sich Lisa Fitz mit Verbalinjurien und sonstigen Ausf\u00e4llen, mit Cholerikern, P\u00f6beleien im Bundestag und mit sogenannten \u201eEmotionsdilettanten\u201c. Statt Contenance zu wahren, bes\u00e4\u00dfen manche nur emotionale Inkontinenz. Teilweise hat diese Unart in j\u00fcngster Zeit auch sie selbst betroffen. Lisa Fitz\u2026","rel":"","context":"In &quot;Demokratie \u2013 Medien \u2013 Aufkl\u00e4rung&quot;","block_context":{"text":"Demokratie \u2013 Medien \u2013 Aufkl\u00e4rung","link":"https:\/\/www.freidenker.org\/?cat=12"},"img":{"alt_text":"","src":"https:\/\/i0.wp.com\/www.freidenker.org\/fw17\/wp-content\/uploads\/2024\/03\/Lisa_Fitz_Politiker_ausser_Rand_und_Band_800x450.jpg?fit=800%2C450&ssl=1&resize=350%2C200","width":350,"height":200,"srcset":"https:\/\/i0.wp.com\/www.freidenker.org\/fw17\/wp-content\/uploads\/2024\/03\/Lisa_Fitz_Politiker_ausser_Rand_und_Band_800x450.jpg?fit=800%2C450&ssl=1&resize=350%2C200 1x, https:\/\/i0.wp.com\/www.freidenker.org\/fw17\/wp-content\/uploads\/2024\/03\/Lisa_Fitz_Politiker_ausser_Rand_und_Band_800x450.jpg?fit=800%2C450&ssl=1&resize=525%2C300 1.5x, https:\/\/i0.wp.com\/www.freidenker.org\/fw17\/wp-content\/uploads\/2024\/03\/Lisa_Fitz_Politiker_ausser_Rand_und_Band_800x450.jpg?fit=800%2C450&ssl=1&resize=700%2C400 2x"},"classes":[]},{"id":17112,"url":"https:\/\/www.freidenker.org\/?p=17112","url_meta":{"origin":22870,"position":1},"title":"Lisa Fitz: Vor dem Gesetz sind alle gleich \u2026 Denkste!","author":"Webredaktion","date":"29. September 2023","format":false,"excerpt":"Video von Lisa Fitz Im neuen St\u00fcck von Lisa Fitz f\u00fcr die NachDenkSeiten geht es um den seltsam gn\u00e4digen Umgang mit prominenten Steuers\u00fcndern, um Olaf Scholz und Cum Ex, um Helmut Kohl, um Uli Hoene\u00df, Boris Becker, Alfons Schuhbeck usw. Durchgehend f\u00e4llt auf, wie gn\u00e4dig Staat und Justiz mit Prominenten\u2026","rel":"","context":"In &quot;Demokratie \u2013 Medien \u2013 Aufkl\u00e4rung&quot;","block_context":{"text":"Demokratie \u2013 Medien \u2013 Aufkl\u00e4rung","link":"https:\/\/www.freidenker.org\/?cat=12"},"img":{"alt_text":"","src":"https:\/\/i0.wp.com\/www.freidenker.org\/fw17\/wp-content\/uploads\/2023\/09\/Lisa_Fitz_Hubert_Olaf_Helmut_800x450.jpg?fit=800%2C450&ssl=1&resize=350%2C200","width":350,"height":200,"srcset":"https:\/\/i0.wp.com\/www.freidenker.org\/fw17\/wp-content\/uploads\/2023\/09\/Lisa_Fitz_Hubert_Olaf_Helmut_800x450.jpg?fit=800%2C450&ssl=1&resize=350%2C200 1x, https:\/\/i0.wp.com\/www.freidenker.org\/fw17\/wp-content\/uploads\/2023\/09\/Lisa_Fitz_Hubert_Olaf_Helmut_800x450.jpg?fit=800%2C450&ssl=1&resize=525%2C300 1.5x, https:\/\/i0.wp.com\/www.freidenker.org\/fw17\/wp-content\/uploads\/2023\/09\/Lisa_Fitz_Hubert_Olaf_Helmut_800x450.jpg?fit=800%2C450&ssl=1&resize=700%2C400 2x"},"classes":[]},{"id":21868,"url":"https:\/\/www.freidenker.org\/?p=21868","url_meta":{"origin":22870,"position":2},"title":"Lisa Fitz \u2013 Schwarz-Rot ist zur\u00fcck","author":"Webredaktion","date":"15. Mai 2025","format":false,"excerpt":"Video von\u00a0Lisa Fitz So. Die neue Regierung steht \u2026 Also mit Vorbehalt \u2026 vielleicht \u00e4ndert sich\u2019s ja morgen wieder. Willkommen zur neuesten Staffel von \u201eDeutschland zerlegt sich selbst \u2013 diesmal mit Friedrich Merz!\u201d","rel":"","context":"In &quot;Demokratie \u2013 Medien \u2013 Aufkl\u00e4rung&quot;","block_context":{"text":"Demokratie \u2013 Medien \u2013 Aufkl\u00e4rung","link":"https:\/\/www.freidenker.org\/?cat=12"},"img":{"alt_text":"","src":"https:\/\/i0.wp.com\/www.freidenker.org\/fw17\/wp-content\/uploads\/2025\/05\/lisa_fitz_schwarzrot_800x450.jpg?fit=800%2C450&ssl=1&resize=350%2C200","width":350,"height":200,"srcset":"https:\/\/i0.wp.com\/www.freidenker.org\/fw17\/wp-content\/uploads\/2025\/05\/lisa_fitz_schwarzrot_800x450.jpg?fit=800%2C450&ssl=1&resize=350%2C200 1x, https:\/\/i0.wp.com\/www.freidenker.org\/fw17\/wp-content\/uploads\/2025\/05\/lisa_fitz_schwarzrot_800x450.jpg?fit=800%2C450&ssl=1&resize=525%2C300 1.5x, https:\/\/i0.wp.com\/www.freidenker.org\/fw17\/wp-content\/uploads\/2025\/05\/lisa_fitz_schwarzrot_800x450.jpg?fit=800%2C450&ssl=1&resize=700%2C400 2x"},"classes":[]},{"id":24132,"url":"https:\/\/www.freidenker.org\/?p=24132","url_meta":{"origin":22870,"position":3},"title":"Lisa Fitz \u2013 Dammbruch &#038; Haarrisse (Neujahrsrede)","author":"Webredaktion","date":"6. Januar 2026","format":false,"excerpt":"Video von Lisa Fitz Neues Jahr. Neue Hoffnung. Oder zumindest der Wunsch danach. Viele Menschen waren oder sind unzufrieden, unzufrieden mit der aktuellen Lage. Die restlichen arbeiten im Ministerium \u2013 oder haben WLAN-Probleme. Oder es sind einfach Berufsignoranten, weil das fr\u00f6hlicher macht, wenn einem was wurscht ist. Noch mehr sind\u2026","rel":"","context":"In &quot;Kultur &amp; Kunst&quot;","block_context":{"text":"Kultur &amp; Kunst","link":"https:\/\/www.freidenker.org\/?cat=913"},"img":{"alt_text":"","src":"https:\/\/i0.wp.com\/www.freidenker.org\/fw17\/wp-content\/uploads\/2026\/01\/Lisa_Fitz_Dammbruch_800x450.jpg?fit=800%2C450&ssl=1&resize=350%2C200","width":350,"height":200,"srcset":"https:\/\/i0.wp.com\/www.freidenker.org\/fw17\/wp-content\/uploads\/2026\/01\/Lisa_Fitz_Dammbruch_800x450.jpg?fit=800%2C450&ssl=1&resize=350%2C200 1x, https:\/\/i0.wp.com\/www.freidenker.org\/fw17\/wp-content\/uploads\/2026\/01\/Lisa_Fitz_Dammbruch_800x450.jpg?fit=800%2C450&ssl=1&resize=525%2C300 1.5x, https:\/\/i0.wp.com\/www.freidenker.org\/fw17\/wp-content\/uploads\/2026\/01\/Lisa_Fitz_Dammbruch_800x450.jpg?fit=800%2C450&ssl=1&resize=700%2C400 2x"},"classes":[]},{"id":21183,"url":"https:\/\/www.freidenker.org\/?p=21183","url_meta":{"origin":22870,"position":4},"title":"Lisa Fitz \u2013 Farbenblind","author":"Webredaktion","date":"17. M\u00e4rz 2025","format":false,"excerpt":"Video von\u00a0Lisa Fitz Der Fr\u00fchling bringt Hoffnung \u2013 also bring ich schon mal die Farben! Wahlen, Inflation, Kriegsgefahr \u2026 meine Laune war im Keller! Wenn ich morgens zu fr\u00fch in den Spiegel gschaut hab, sah ich aus wie Friedrich Merz. Humor hilft halt doch oft. Ich meine: Ist man blind?\u2026","rel":"","context":"In &quot;Demokratie \u2013 Medien \u2013 Aufkl\u00e4rung&quot;","block_context":{"text":"Demokratie \u2013 Medien \u2013 Aufkl\u00e4rung","link":"https:\/\/www.freidenker.org\/?cat=12"},"img":{"alt_text":"","src":"https:\/\/i0.wp.com\/www.freidenker.org\/fw17\/wp-content\/uploads\/2025\/03\/lisa_fitz_farbenblind_800x450.jpg?fit=800%2C450&ssl=1&resize=350%2C200","width":350,"height":200,"srcset":"https:\/\/i0.wp.com\/www.freidenker.org\/fw17\/wp-content\/uploads\/2025\/03\/lisa_fitz_farbenblind_800x450.jpg?fit=800%2C450&ssl=1&resize=350%2C200 1x, https:\/\/i0.wp.com\/www.freidenker.org\/fw17\/wp-content\/uploads\/2025\/03\/lisa_fitz_farbenblind_800x450.jpg?fit=800%2C450&ssl=1&resize=525%2C300 1.5x, https:\/\/i0.wp.com\/www.freidenker.org\/fw17\/wp-content\/uploads\/2025\/03\/lisa_fitz_farbenblind_800x450.jpg?fit=800%2C450&ssl=1&resize=700%2C400 2x"},"classes":[]},{"id":15476,"url":"https:\/\/www.freidenker.org\/?p=15476","url_meta":{"origin":22870,"position":5},"title":"Lisa Fitz &#8211; Bin Ich Rechts??","author":"Webredaktion","date":"12. M\u00e4rz 2023","format":false,"excerpt":"Zweiteiliges Video von Lisa Fitz So, der Karneval ist vorbei, Gott sei Dank. Annalena hat den Faschingsdings gekriegt, wider den tierischen Ernst. Dass man den auch f\u00fcr unfreiwillige Komik bekommt, wusste ich nicht?! Aber\u2026 Mann, war ich erleichtert! Jetzt ist klar, dass sie den Krampf, den sie redet, gar nicht\u2026","rel":"","context":"In &quot;Demokratie \u2013 Medien \u2013 Aufkl\u00e4rung&quot;","block_context":{"text":"Demokratie \u2013 Medien \u2013 Aufkl\u00e4rung","link":"https:\/\/www.freidenker.org\/?cat=12"},"img":{"alt_text":"","src":"https:\/\/i0.wp.com\/www.freidenker.org\/fw17\/wp-content\/uploads\/2023\/03\/lisa_fitz_binichrechts_3_800x450.jpg?fit=800%2C450&ssl=1&resize=350%2C200","width":350,"height":200,"srcset":"https:\/\/i0.wp.com\/www.freidenker.org\/fw17\/wp-content\/uploads\/2023\/03\/lisa_fitz_binichrechts_3_800x450.jpg?fit=800%2C450&ssl=1&resize=350%2C200 1x, https:\/\/i0.wp.com\/www.freidenker.org\/fw17\/wp-content\/uploads\/2023\/03\/lisa_fitz_binichrechts_3_800x450.jpg?fit=800%2C450&ssl=1&resize=525%2C300 1.5x, https:\/\/i0.wp.com\/www.freidenker.org\/fw17\/wp-content\/uploads\/2023\/03\/lisa_fitz_binichrechts_3_800x450.jpg?fit=800%2C450&ssl=1&resize=700%2C400 2x"},"classes":[]}],"_links":{"self":[{"href":"https:\/\/www.freidenker.org\/index.php?rest_route=\/wp\/v2\/posts\/22870","targetHints":{"allow":["GET"]}}],"collection":[{"href":"https:\/\/www.freidenker.org\/index.php?rest_route=\/wp\/v2\/posts"}],"about":[{"href":"https:\/\/www.freidenker.org\/index.php?rest_route=\/wp\/v2\/types\/post"}],"author":[{"embeddable":true,"href":"https:\/\/www.freidenker.org\/index.php?rest_route=\/wp\/v2\/users\/3"}],"replies":[{"embeddable":true,"href":"https:\/\/www.freidenker.org\/index.php?rest_route=%2Fwp%2Fv2%2Fcomments&post=22870"}],"version-history":[{"count":1,"href":"https:\/\/www.freidenker.org\/index.php?rest_route=\/wp\/v2\/posts\/22870\/revisions"}],"predecessor-version":[{"id":22872,"href":"https:\/\/www.freidenker.org\/index.php?rest_route=\/wp\/v2\/posts\/22870\/revisions\/22872"}],"wp:featuredmedia":[{"embeddable":true,"href":"https:\/\/www.freidenker.org\/index.php?rest_route=\/wp\/v2\/media\/22871"}],"wp:attachment":[{"href":"https:\/\/www.freidenker.org\/index.php?rest_route=%2Fwp%2Fv2%2Fmedia&parent=22870"}],"wp:term":[{"taxonomy":"category","embeddable":true,"href":"https:\/\/www.freidenker.org\/index.php?rest_route=%2Fwp%2Fv2%2Fcategories&post=22870"},{"taxonomy":"post_tag","embeddable":true,"href":"https:\/\/www.freidenker.org\/index.php?rest_route=%2Fwp%2Fv2%2Ftags&post=22870"}],"curies":[{"name":"wp","href":"https:\/\/api.w.org\/{rel}","templated":true}]}}