{"id":22854,"date":"2025-09-16T19:19:11","date_gmt":"2025-09-16T17:19:11","guid":{"rendered":"https:\/\/www.freidenker.org\/?p=22854"},"modified":"2025-10-15T20:53:42","modified_gmt":"2025-10-15T18:53:42","slug":"drohnenalarm-in-polen-der-mittwoch-der-totalen-kriegspropaganda","status":"publish","type":"post","link":"https:\/\/www.freidenker.org\/?p=22854","title":{"rendered":"Drohnenalarm in Polen: Der Mittwoch der totalen Kriegspropaganda"},"content":{"rendered":"<p><strong>Am Mittwoch sind von der ukrainischen Flugabwehr abgelenkte russische Drohnen in den polnischen Luftraum eingedrungen. Die Hintergr\u00fcnde waren schnell gekl\u00e4rt, aber die deutschen Medien und Politiker haben eine Kriegspropaganda losgetreten, die ihresgleichen sucht.<\/strong><\/p>\n<p><em>von <strong>Anti-Spiegel<\/strong>, d.i. <strong>Thomas R\u00f6per<\/strong><\/em><\/p>\n<p><span style=\"font-size: 10pt;\">Erstver\u00f6ffentlichung am 11.09.2025 auf <a href=\"https:\/\/anti-spiegel.ru\/2025\/der-mittwoch-der-totalen-kriegspropaganda\/\" target=\"_blank\" rel=\"noopener\">anti-spiegel.ru<\/a><\/span><\/p>\n<p>Die Geschichte dessen, was in der Nacht von Dienstag und Mittwoch geschehen ist, ist schnell erz\u00e4hlt. Wie jede Nacht haben Russland und die Ukraine sich gegenseitig mit Drohnen beschossen und einige russische Drohen, die Rede ist von etwa 16 St\u00fcck, wurden in der Nordwest-Ukraine von der elektronischen Luftabwehr der Ukraine gest\u00f6rt, haben die Orientierung verloren und sind in den polnischen Luftraum eingedrungen, wo sie abgest\u00fcrzt sind oder von der polnischen Flugabwehr abgeschossen wurden, ohne nennenswerten Schaden anzurichten.<\/p>\n<h5 class=\"wp-block-heading\">Was in der Nacht auf Mittwoch passiert ist<\/h5>\n<p>Der ukrainische, dem Milit\u00e4r nahestehende Telegram-Kanal monitorwar ver\u00f6ffentlicht regelm\u00e4\u00dfig Grafiken der n\u00e4chtlichen russischen Angriffe auf die Ukraine. Diese Grafik wurde <a href=\"https:\/\/t.me\/monitoringwar\"><u>am Morgen des 10. September ver\u00f6ffentlicht<\/u><\/a> und sie zeigt auch die Flugbahnen der Drohnen, die in der Nacht auf Mittwoch den polnischen Luftraum eingedrungen sind.<\/p>\n<p>Es gab in der Nacht sofort Kontakte zwischen dem wei\u00dfrussischen und der polnischen Milit\u00e4r. Die <a href=\"https:\/\/de.rt.com\/europa\/255609-weissrussischer-generalstab-drohnen-in-polen-stoersender-verlaufen\/\"><u>Wei\u00dfrussen haben die Polen gewarnt<\/u><\/a>, dass einige russische Drohnen durch elektronische Gegenma\u00dfnahmen der Ukraine au\u00dfer Kontrolle geraten sind und sich aus der Ukraine Wei\u00dfrussland und Polen n\u00e4hern. Der Kontakt soll zwischen 23:00 Uhr am 9. September und 4:00 Uhr am 10. September stattgefunden haben. Am Abend des 10. September hat der Chef des polnischen Generalstabes die Erkl\u00e4rungen aus Wei\u00dfrussland <a href=\"https:\/\/tass.ru\/mezhdunarodnaya-panorama\/25020043\"><u>best\u00e4tigt<\/u><\/a>.<\/p>\n<p>Man kann also zusammenfassend sagen, dass der Vorfall die ganze Zeit \u00fcber unter Kontrolle war und dass niemand der Betroffenen Russland vorgeworfen hat, Polen bewusst angegriffen zu haben. Gegen Mittag <a href=\"https:\/\/tass.ru\/mezhdunarodnaya-panorama\/25015197\"><u>erkl\u00e4rte<\/u><\/a> beispielsweise das litauische Au\u00dfenministerium, es g\u00e4be keinerlei Hinweise darauf, dass Russland Polen gezielt angegriffen h\u00e4tte. Auch aus Polen gab es keine Erkl\u00e4rungen, die Russland Absicht vorgeworfen h\u00e4tten. Der Vorfall war eine Verkettung von Umst\u00e4nden, die die Drohnen vom Kurs abgebracht haben.<\/p>\n<p>Die Drohnen sind entweder selbst abgest\u00fcrzt oder wurden von der Flugabwehr abgeschossen. Nennenswerte Sch\u00e4den gab es nicht, Menschen kamen nicht zu Schaden.<\/p>\n<h5 class=\"wp-block-heading\">Die Kriegshetze deutscher Politiker<\/h5>\n<p>Dass es sich dabei also um einen, unter den Umst\u00e4nden eines nahen Krieges, im Grunde harmlosen Vorfall gehandelt hat, hat deutsche Politiker nicht davon abgehalten, \u00f6ffentlich zu l\u00fcgen und eine Eskalation und einen Krieg gegen Russland regelrecht herbeizureden. Ich zitiere hier Beispiele, \u00fcber die der Spiegel unter der \u00dcberschrift \u201e<a href=\"https:\/\/www.spiegel.de\/politik\/deutschland\/russische-drohnen-ueber-polen-cdu-politiker-nobert-roettgen-verlangt-russische-entschuldigung-a-aa2cf7cb-3cbc-4bb9-8da8-8a2ea9453428\"><u>Russische Drohnen \u00fcber Polen \u2013 Deutsche Politiker warnen vor Eskalation des Krieges<\/u><\/a>\u201c berichtet hat.<\/p>\n<p>Der Spiegel schreibt beispielsweise:<\/p>\n<p style=\"padding-left: 40px;\">\u201eDer SPD-Au\u00dfenpolitiker Adis Ahmetovic erkl\u00e4rte, diese \u00bbwiederholten Provokationen Russlands nehmen wir sehr ernst\u00ab. Eine abschlie\u00dfende Bewertung erfolge gemeinsam mit den Nato-Partnern. \u00bbAngesichts der j\u00fcngsten Drohungen und brutalen Angriffe gegen die Ukraine zeigt sich klar: Russland ist weiter nicht zu Verhandlungen \u00fcber ein Ende des Krieges und des damit verbundenen Leids bereit\u00ab, sagte der Sozialdemokrat.\u201c<\/p>\n<p>Worin bestand die Provokation, von der dieser Herr redet, wenn niemand Russland vorgeworfen hat, Polen gezielt angegriffen zu haben? Und von welchen \u201ej\u00fcngsten Drohungen\u201c redet er? Solche Fragen stellt der Spiegel nicht.<\/p>\n<p>Der Spiegel zitierte auch einen Herrn, an dessen Geisteszustand ich schon lange gro\u00dfe Zweifel habe:<\/p>\n<p style=\"padding-left: 40px;\">\u201eAuch der Gr\u00fcnen-Europapolitiker Anton Hofreiter wies darauf hin, dass es \u00bbnoch unklar\u00ab sei, wie genau es zu dem Vorfall gekommen sei. \u00bbKlar ist aber: Russland testet erneut, wie weit es gehen kann. Moskau verschiebt bewusst die Grenzen des Krieges, das ist auch Folge westlicher Unentschlossenheit\u00ab, sagte der Vorsitzende des Europaausschusses dem SPIEGEL.\u201c<\/p>\n<p>Diese Aussage von Hofreiter zeigt, warum ich an seinem Geisteszustand zweifle. Erst sagt er, es sei noch gar nicht klar, was passiert ist, aber er wirft Russland schon im n\u00e4chsten Satz vor, es h\u00e4tte den Westen mit dem Vorfall ausgetestet. Ja was denn nun? Ist es unklar, was passiert ist, oder ist es klar und Russland testen den Westen aus? Der Spiegel hinterfragt auch diesen Bl\u00f6dsinn nicht, sondern zitiert ihn brav.<\/p>\n<p>Und nat\u00fcrlich darf die gr\u00f6\u00dfte Kriegshetzerin Deutschlands in dem Spiegel-Artikel nicht fehlen:<\/p>\n<p style=\"padding-left: 40px;\">\u201eDie Vorsitzende des Verteidigungsausschusses im Europaparlament, Marie-Agnes Strack-Zimmermann (FDP) sagte dem SPIEGEL, in den vergangenen Wochen sei immer wieder zu beobachten gewesen, dass einzelne Drohnen das Gebiet der Nato \u00bbber\u00fchrt\u00ab h\u00e4tten. \u00bbDass allerdings \u00fcber 20 Drohnen konzentriert \u00fcber 100 km auf polnisches Staatsgebiet eindringen, hat eine neue Qualit\u00e4t, die aber der russischen Kriegslogik konsequent folgt\u00ab, so die FDP-Politikerin.\u201c<\/p>\n<p>Auch hier zitiert der Spiegel nur, was die Dame gesagt hat \u2013 und l\u00e4sst sie damit suggerieren, dass Russland Polen bewusst angegriffen habe, wenn sie behauptet, der Vorfall folge der \u201eder russischen Kriegslogik konsequent\u201c.<\/p>\n<h5 class=\"wp-block-heading\">Kriegspropaganda im Spiegel<\/h5>\n<p>Der Spiegel-Artikel ist \u00fcbrigens erschienen, als bereits bekannt war, dass die Milit\u00e4rs Wei\u00dfrusslands und Polens die Nacht \u00fcber in Kontakt standen, um die Situation zu meistern. Und als der Spiegel-Artikel erschien, hatte Litauen bereits gemeldet, es g\u00e4be keine Hinweise auf einen bewusst herbeigef\u00fchrten russischen Angriff.<\/p>\n<p>Der Spiegel l\u00e4sst die lautesten Kriegshetzer der deutschen Politik in seinem Artikel trotzdem unhinterfragt zu Wort kommen und informiert seine Leser nicht dar\u00fcber, was zu dem Zeitpunkt bereits bekannt war. Das ist Desinformation per Definition \u2013 und in diesem Fall ist es auch unbestreitbar Kriegspropaganda per Definition.<\/p>\n<p>Und das war kein dummer Fehler, das hat beim Spiegel System. Am gleichen Tag erschien einige Stunden sp\u00e4ter ein weiterer Spiegel Artikel, der die \u00dcberschrift \u201e<a href=\"https:\/\/www.spiegel.de\/ausland\/russische-drohnen-ueber-polen-droht-eine-direkte-konfrontation-zwischen-russland-und-der-nato-a-c8859a30-4aac-40d5-98bd-8cf9f318a9f2\"><u>Drohnenangriff auf Polen \u2013 Droht eine direkte Konfrontation zwischen Russland und der Nato?<\/u><\/a>\u201c trug und an dem Christina Hebel, <a href=\"https:\/\/web.archive.org\/web\/20240616160018\/https:\/\/anti-spiegel.com\/2019\/dreiste-luege-bei-spon-aufgezeigt-reaktion-der-spiegel-vertuscht-das-durch-heimliche-aenderung-im-artikel\/\"><u>die L\u00fcgenbaronin des Spiegel<\/u><\/a>, mitgearbeitet hat. Es war also sofort klar, was man von dem Artikel erwarten konnte.<\/p>\n<p>Wenn ich es in den n\u00e4chsten Tagen zeitlich schaffe, werde ich mir den Artikel noch im Detail vornehmen, hier will ich nur ein Beispiel f\u00fcr die L\u00fcgen des Spiegel zeigen.<\/p>\n<p>In dem Artikel suggerieren die Autoren um L\u00fcgenbaronin Hebel, wie schon die \u00dcberschrift \u201eDrohnenangriff auf Polen\u201c zeigt, Russland habe Polen gezielt angegriffen. Zur Frage, wie schwerwiegend der Vorfall ist, schreiben sie:<\/p>\n<p style=\"padding-left: 40px;\">\u201eEs ist derzeit zudem unklar, ob es sich bei dem aktuellen Vorfall um einen vors\u00e4tzlichen Angriff durch Russland handelt. Experten diskutieren derzeit \u00fcber die M\u00f6glichkeit, dass es sich um einen Fehler bei der Programmierung der Flugroute gehandelt haben k\u00f6nnte oder, dass die Flugger\u00e4te durch St\u00f6rsignale \u2013 sogenanntes \u00bbJamming\u00ab \u2013 umgeleitet wurden.\u201c<\/p>\n<p>Das ist, wie gesehen, gelogen. Zu dem Zeitpunkt, als der Artikel erschienen ist, war bereits mehrere Stunden vollkommen klar, was passiert ist.<\/p>\n<p>Aber den Spiegel-Propagandisten geht es ja um die Erzeugung einer Kriegsstimmung, also schreiben sie an anderer Stelle auch noch zur Frage, welche Ziele \u201eder Kreml\u201c angeblich verfolgt:<\/p>\n<p style=\"padding-left: 40px;\">\u201eRusslands Machthaber Wladimir Putin testet aus, wie weit er gehen kann, ohne dass die westlichen Staaten, vor allem die USA, wirklich reagieren.\u201c<\/p>\n<p>Wenn ich sehe, was deutsche \u201eJournalisten\u201c schreiben und wie sie offen l\u00fcgen, um bei ihren Lesern die offenbar gewollte Kriegsstimmung zu erzeugen, dann frage ich mich, ob die wirklich wissen, was sie tun. Oder glauben die, wenn der Krieg, den sie mit aller Macht herbeizuschreiben versuchen, ausbricht, dann sind sie davon nicht betroffen?<\/p>\n<p style=\"text-align: right;\"><em>Thomas R\u00f6per, geboren 1971, lebt seit \u00fcber 15 Jahren in Russland. Die Schwerpunkte seiner medienkritischen Arbeit sind das (mediale) Russlandbild in Deutschland, Kritik an der Berichterstattung westlicher Medien im Allgemeinen und die Themen (Geo-)Politik und Wirtschaft.<\/em><\/p>\n<hr \/>\n<p><span style=\"font-size: 10pt;\">Bild oben: Visualisierung der Flugbahn russischer Drohnen, die am 10.09.2025 in den polnischen Luftraum eingedrungen sind (Ausschnitt)<\/span><br \/>\n<span style=\"font-size: 10pt;\">Von \u041f\u041f\u041e \u0440\u0430\u0434\u0430\u0440 &#8211; monitorwar; mon1tor_ua, <a href=\"https:\/\/creativecommons.org\/licenses\/by\/4.0\" target=\"_blank\" rel=\"noopener\">CC BY 4.0<\/a>,<\/span><br \/>\n<span style=\"font-size: 10pt;\">Quelle: <a href=\"https:\/\/commons.wikimedia.org\/w\/index.php?curid=174871722\" target=\"_blank\" rel=\"noopener\">https:\/\/commons.wikimedia.org\/w\/index.php?curid=174871722<\/a><\/span><\/p>\n","protected":false},"excerpt":{"rendered":"<p><b>Beitrag von Anti-Spiegel, d.i. Thomas R\u00f6per<\/b><br \/>\nDie Geschichte dessen, was in der Nacht von Dienstag und Mittwoch geschehen ist, ist schnell erz\u00e4hlt. Wie jede Nacht haben Russland und die Ukraine sich gegenseitig mit Drohnen beschossen und einige russische Drohen, die Rede ist von etwa 16 St\u00fcck, wurden in der Nordwest-Ukraine von der elektronischen Luftabwehr der Ukraine gest\u00f6rt, haben die Orientierung verloren und sind in den polnischen Luftraum eingedrungen, wo sie abgest\u00fcrzt sind oder von der polnischen Flugabwehr abgeschossen wurden, ohne nennenswerten Schaden anzurichten. [&#8230;] Es gab in der Nacht sofort Kontakte zwischen dem wei\u00dfrussischen und der polnischen Milit\u00e4r. Die Wei\u00dfrussen haben die Polen gewarnt, dass einige russische Drohnen durch elektronische Gegenma\u00dfnahmen der Ukraine au\u00dfer Kontrolle geraten sind und sich aus der Ukraine Wei\u00dfrussland und Polen n\u00e4hern.<\/p>\n","protected":false},"author":3,"featured_media":22857,"comment_status":"closed","ping_status":"closed","sticky":false,"template":"","format":"standard","meta":{"colormag_page_container_layout":"default_layout","colormag_page_sidebar_layout":"default_layout","advanced_seo_description":"","jetpack_seo_html_title":"","jetpack_seo_noindex":false,"jetpack_post_was_ever_published":false,"footnotes":""},"categories":[12],"tags":[1312,1500,2396,1389,339,2139,56,1311,222,639],"class_list":["post-22854","post","type-post","status-publish","format-standard","has-post-thumbnail","hentry","category-demokratie-medien-aufklaerung","tag-belarus","tag-der-spiegel","tag-drohnen","tag-konfrontation","tag-kriegspropaganda","tag-luege","tag-nato","tag-polen","tag-russland","tag-ukraine-konflikt"],"jetpack_featured_media_url":"https:\/\/i0.wp.com\/www.freidenker.org\/fw17\/wp-content\/uploads\/2025\/09\/9-10_September_2025_Russian_drone_incursion_into_Poland_800x450.jpg?fit=800%2C450&ssl=1","jetpack_shortlink":"https:\/\/wp.me\/p9stpK-5WC","jetpack-related-posts":[{"id":22981,"url":"https:\/\/www.freidenker.org\/?p=22981","url_meta":{"origin":22854,"position":0},"title":"Die NATO macht mobil","author":"Webredaktion","date":"29. September 2025","format":false,"excerpt":"Eine Sammlung von 5 Beitr\u00e4gen von Thomas R\u00f6per Rund vier Wochen lang hat der in St. Petersburg wohnende deutsche Journalist Thomas R\u00f6per (mit Einreiseverbot in die EU) die \u201eZwischenf\u00e4lle\u201c zusammengetragen und ausgewertet, die uns von den Medien t\u00e4glich pr\u00e4sentiert werden: Luftraumverletzungen, Drohnen, St\u00f6rungen des Funkverkehrs, besch\u00e4digte Unterwasserkabel, Eindringen in Hoheitsgew\u00e4sser\u2026","rel":"","context":"In &quot;Demokratie \u2013 Medien \u2013 Aufkl\u00e4rung&quot;","block_context":{"text":"Demokratie \u2013 Medien \u2013 Aufkl\u00e4rung","link":"https:\/\/www.freidenker.org\/?cat=12"},"img":{"alt_text":"","src":"https:\/\/i0.wp.com\/www.freidenker.org\/fw17\/wp-content\/uploads\/2025\/09\/Drohne_Gerbera_800x450.jpg?fit=800%2C450&ssl=1&resize=350%2C200","width":350,"height":200,"srcset":"https:\/\/i0.wp.com\/www.freidenker.org\/fw17\/wp-content\/uploads\/2025\/09\/Drohne_Gerbera_800x450.jpg?fit=800%2C450&ssl=1&resize=350%2C200 1x, https:\/\/i0.wp.com\/www.freidenker.org\/fw17\/wp-content\/uploads\/2025\/09\/Drohne_Gerbera_800x450.jpg?fit=800%2C450&ssl=1&resize=525%2C300 1.5x, https:\/\/i0.wp.com\/www.freidenker.org\/fw17\/wp-content\/uploads\/2025\/09\/Drohne_Gerbera_800x450.jpg?fit=800%2C450&ssl=1&resize=700%2C400 2x"},"classes":[]},{"id":22912,"url":"https:\/\/www.freidenker.org\/?p=22912","url_meta":{"origin":22854,"position":1},"title":"Medienkampagne \u00fcber Drohnenvorf\u00e4lle soll auf einen Krieg mit Russland vorbereiten","author":"Webredaktion","date":"24. September 2025","format":false,"excerpt":"Beitrag von Anti-Spiegel (d.i. Thomas R\u00f6per) Warum offensichtlich ist, dass die Medienkampagne \u00fcber Drohnenvorf\u00e4lle die Menschen in Europa auf einen Krieg mit Russland vorbereiten soll Die Meldungen aus D\u00e4nemark klingen dramatisch. Der Flughafen von Kopenhagen musste stundenlang gesperrt werden, weil dort Drohnen gesichtet wurden. Die d\u00e4nische Ministerpr\u00e4sidentin spricht von einem\u2026","rel":"","context":"In &quot;Demokratie \u2013 Medien \u2013 Aufkl\u00e4rung&quot;","block_context":{"text":"Demokratie \u2013 Medien \u2013 Aufkl\u00e4rung","link":"https:\/\/www.freidenker.org\/?cat=12"},"img":{"alt_text":"","src":"https:\/\/i0.wp.com\/www.freidenker.org\/fw17\/wp-content\/uploads\/2025\/09\/eu-evil1_800x450.jpg?fit=800%2C450&ssl=1&resize=350%2C200","width":350,"height":200,"srcset":"https:\/\/i0.wp.com\/www.freidenker.org\/fw17\/wp-content\/uploads\/2025\/09\/eu-evil1_800x450.jpg?fit=800%2C450&ssl=1&resize=350%2C200 1x, https:\/\/i0.wp.com\/www.freidenker.org\/fw17\/wp-content\/uploads\/2025\/09\/eu-evil1_800x450.jpg?fit=800%2C450&ssl=1&resize=525%2C300 1.5x, https:\/\/i0.wp.com\/www.freidenker.org\/fw17\/wp-content\/uploads\/2025\/09\/eu-evil1_800x450.jpg?fit=800%2C450&ssl=1&resize=700%2C400 2x"},"classes":[]},{"id":19215,"url":"https:\/\/www.freidenker.org\/?p=19215","url_meta":{"origin":22854,"position":2},"title":"Angriffe auf Russlands Fr\u00fchwarnradarsystem \u2013 Eskalation in Richtung Atomkrieg","author":"Webredaktion","date":"31. Mai 2024","format":false,"excerpt":"Beitrag von Rainer Rupp In der Nacht von Mittwoch auf Donnerstag haben ukrainische Drohnen die Radarstation Armawir in der s\u00fcdwestlichen russischen Region Krasnodar angegriffen. Armawir ist nicht irgendein Radarsystem, sondern ein wichtiger Teil des russischen Fr\u00fchwarnsystems zur Erkennung von Angriffen mit Interkontinentalen Ballistischen Raketen (ICBMs). Damit ist dieses Radar zusammen\u2026","rel":"","context":"In &quot;Demokratie \u2013 Medien \u2013 Aufkl\u00e4rung&quot;","block_context":{"text":"Demokratie \u2013 Medien \u2013 Aufkl\u00e4rung","link":"https:\/\/www.freidenker.org\/?cat=12"},"img":{"alt_text":"","src":"https:\/\/i0.wp.com\/www.freidenker.org\/fw17\/wp-content\/uploads\/2024\/05\/April_9th_rehearsal_in_Alabino_of_2014_Victory_Day_Parade_558-56_800x450.jpg?fit=800%2C450&ssl=1&resize=350%2C200","width":350,"height":200,"srcset":"https:\/\/i0.wp.com\/www.freidenker.org\/fw17\/wp-content\/uploads\/2024\/05\/April_9th_rehearsal_in_Alabino_of_2014_Victory_Day_Parade_558-56_800x450.jpg?fit=800%2C450&ssl=1&resize=350%2C200 1x, https:\/\/i0.wp.com\/www.freidenker.org\/fw17\/wp-content\/uploads\/2024\/05\/April_9th_rehearsal_in_Alabino_of_2014_Victory_Day_Parade_558-56_800x450.jpg?fit=800%2C450&ssl=1&resize=525%2C300 1.5x, https:\/\/i0.wp.com\/www.freidenker.org\/fw17\/wp-content\/uploads\/2024\/05\/April_9th_rehearsal_in_Alabino_of_2014_Victory_Day_Parade_558-56_800x450.jpg?fit=800%2C450&ssl=1&resize=700%2C400 2x"},"classes":[]},{"id":16925,"url":"https:\/\/www.freidenker.org\/?p=16925","url_meta":{"origin":22854,"position":3},"title":"Der Spiegel und seine Desinformation \u00fcber das Getreideabkommen","author":"Webredaktion","date":"13. September 2023","format":false,"excerpt":"Kommentar von Thomas R\u00f6per Der t\u00fcrkische Pr\u00e4sident Erdogan hat seinen russischen Amtskollegen Putin besucht und eines der Hauptanliegen von Erdogan ist die Wiederinkraftsetzung des Getreideabkommens. F\u00fcr deutsche Medien ist das wieder einmal ein Grund f\u00fcr Desinformation. Vorweg sei gesagt, dass journalistische Arbeit manchmal erm\u00fcdend ist, weil man \u00fcber manche Themen\u2026","rel":"","context":"In &quot;Demokratie \u2013 Medien \u2013 Aufkl\u00e4rung&quot;","block_context":{"text":"Demokratie \u2013 Medien \u2013 Aufkl\u00e4rung","link":"https:\/\/www.freidenker.org\/?cat=12"},"img":{"alt_text":"","src":"https:\/\/i0.wp.com\/www.freidenker.org\/fw17\/wp-content\/uploads\/2023\/09\/der-spiegel-6866071_800x450.jpg?fit=800%2C450&ssl=1&resize=350%2C200","width":350,"height":200,"srcset":"https:\/\/i0.wp.com\/www.freidenker.org\/fw17\/wp-content\/uploads\/2023\/09\/der-spiegel-6866071_800x450.jpg?fit=800%2C450&ssl=1&resize=350%2C200 1x, https:\/\/i0.wp.com\/www.freidenker.org\/fw17\/wp-content\/uploads\/2023\/09\/der-spiegel-6866071_800x450.jpg?fit=800%2C450&ssl=1&resize=525%2C300 1.5x, https:\/\/i0.wp.com\/www.freidenker.org\/fw17\/wp-content\/uploads\/2023\/09\/der-spiegel-6866071_800x450.jpg?fit=800%2C450&ssl=1&resize=700%2C400 2x"},"classes":[]},{"id":24460,"url":"https:\/\/www.freidenker.org\/?p=24460","url_meta":{"origin":22854,"position":4},"title":"Wie der Spiegel die ukrainische \u00d6lblockade Ungarns und der Slowakei vertuscht","author":"Webredaktion","date":"21. Februar 2026","format":false,"excerpt":"Beitrag von Anti-Spiegel (d.i. Thomas R\u00f6per) Die Ukraine hat die Lieferungen von russischem \u00d6l nach Ungarn und damit auch in die Slowakei eingestellt, um vor den Wahlen in Ungarn eine Krise herbeizuf\u00fchren, wobei Kiew von der EU unterst\u00fctzt wird. Der Spiegel verschweigt die Zusammenh\u00e4nge und suggeriert, Russland sei an allem\u2026","rel":"","context":"In &quot;Demokratie \u2013 Medien \u2013 Aufkl\u00e4rung&quot;","block_context":{"text":"Demokratie \u2013 Medien \u2013 Aufkl\u00e4rung","link":"https:\/\/www.freidenker.org\/?cat=12"},"img":{"alt_text":"","src":"https:\/\/i0.wp.com\/www.freidenker.org\/fw17\/wp-content\/uploads\/2026\/02\/Mazir-Druzsba_800x450.jpg?fit=800%2C450&ssl=1&resize=350%2C200","width":350,"height":200,"srcset":"https:\/\/i0.wp.com\/www.freidenker.org\/fw17\/wp-content\/uploads\/2026\/02\/Mazir-Druzsba_800x450.jpg?fit=800%2C450&ssl=1&resize=350%2C200 1x, https:\/\/i0.wp.com\/www.freidenker.org\/fw17\/wp-content\/uploads\/2026\/02\/Mazir-Druzsba_800x450.jpg?fit=800%2C450&ssl=1&resize=525%2C300 1.5x, https:\/\/i0.wp.com\/www.freidenker.org\/fw17\/wp-content\/uploads\/2026\/02\/Mazir-Druzsba_800x450.jpg?fit=800%2C450&ssl=1&resize=700%2C400 2x"},"classes":[]},{"id":13277,"url":"https:\/\/www.freidenker.org\/?p=13277","url_meta":{"origin":22854,"position":5},"title":"Der n\u00e4chste Schritt: Polen will die Ukraine schlucken","author":"Webredaktion","date":"29. Mai 2022","format":false,"excerpt":"Beitrag von Anti-Spiegel (d.i. Thomas R\u00f6per) Polens Ambitionen, zur alten Gr\u00f6\u00dfe des mittelalterlichen Polens zur\u00fcckzukehren, machen Fortschritte. Faszinierend dabei ist, dass die deutschen Medien diese Ereignisse komplett verschweigen. Schon seit Beginn der russischen Milit\u00e4roperation dr\u00e4ngt Polen darauf, eigene \u201eFriedenstruppen\u201c in die Ukraine zu entsenden. Da die USA klar gemacht haben,\u2026","rel":"","context":"In &quot;Demokratie \u2013 Medien \u2013 Aufkl\u00e4rung&quot;","block_context":{"text":"Demokratie \u2013 Medien \u2013 Aufkl\u00e4rung","link":"https:\/\/www.freidenker.org\/?cat=12"},"img":{"alt_text":"","src":"https:\/\/i0.wp.com\/www.freidenker.org\/fw17\/wp-content\/uploads\/2022\/05\/Source_riviere_San_1_800x450.jpg?fit=800%2C450&ssl=1&resize=350%2C200","width":350,"height":200,"srcset":"https:\/\/i0.wp.com\/www.freidenker.org\/fw17\/wp-content\/uploads\/2022\/05\/Source_riviere_San_1_800x450.jpg?fit=800%2C450&ssl=1&resize=350%2C200 1x, https:\/\/i0.wp.com\/www.freidenker.org\/fw17\/wp-content\/uploads\/2022\/05\/Source_riviere_San_1_800x450.jpg?fit=800%2C450&ssl=1&resize=525%2C300 1.5x, https:\/\/i0.wp.com\/www.freidenker.org\/fw17\/wp-content\/uploads\/2022\/05\/Source_riviere_San_1_800x450.jpg?fit=800%2C450&ssl=1&resize=700%2C400 2x"},"classes":[]}],"_links":{"self":[{"href":"https:\/\/www.freidenker.org\/index.php?rest_route=\/wp\/v2\/posts\/22854","targetHints":{"allow":["GET"]}}],"collection":[{"href":"https:\/\/www.freidenker.org\/index.php?rest_route=\/wp\/v2\/posts"}],"about":[{"href":"https:\/\/www.freidenker.org\/index.php?rest_route=\/wp\/v2\/types\/post"}],"author":[{"embeddable":true,"href":"https:\/\/www.freidenker.org\/index.php?rest_route=\/wp\/v2\/users\/3"}],"replies":[{"embeddable":true,"href":"https:\/\/www.freidenker.org\/index.php?rest_route=%2Fwp%2Fv2%2Fcomments&post=22854"}],"version-history":[{"count":4,"href":"https:\/\/www.freidenker.org\/index.php?rest_route=\/wp\/v2\/posts\/22854\/revisions"}],"predecessor-version":[{"id":22874,"href":"https:\/\/www.freidenker.org\/index.php?rest_route=\/wp\/v2\/posts\/22854\/revisions\/22874"}],"wp:featuredmedia":[{"embeddable":true,"href":"https:\/\/www.freidenker.org\/index.php?rest_route=\/wp\/v2\/media\/22857"}],"wp:attachment":[{"href":"https:\/\/www.freidenker.org\/index.php?rest_route=%2Fwp%2Fv2%2Fmedia&parent=22854"}],"wp:term":[{"taxonomy":"category","embeddable":true,"href":"https:\/\/www.freidenker.org\/index.php?rest_route=%2Fwp%2Fv2%2Fcategories&post=22854"},{"taxonomy":"post_tag","embeddable":true,"href":"https:\/\/www.freidenker.org\/index.php?rest_route=%2Fwp%2Fv2%2Ftags&post=22854"}],"curies":[{"name":"wp","href":"https:\/\/api.w.org\/{rel}","templated":true}]}}