{"id":22829,"date":"2025-09-15T15:44:06","date_gmt":"2025-09-15T13:44:06","guid":{"rendered":"https:\/\/www.freidenker.org\/?p=22829"},"modified":"2025-10-15T20:53:19","modified_gmt":"2025-10-15T18:53:19","slug":"in-freiburg-immer-weiter-entdeckt-felix-mendelssohn-ein-deutsches-problem","status":"publish","type":"post","link":"https:\/\/www.freidenker.org\/?p=22829","title":{"rendered":"In Freiburg immer weiter entdeckt &#8211; Felix Mendelssohn, ein deutsches Problem"},"content":{"rendered":"<p><em>von <strong>Stefan Siegert<\/strong><\/em><\/p>\n<p>Der \u2013 assimiliert \u2013 j\u00fcdische Bankierssohn\u00a0<em>Felix Mendelssohn<\/em>\u00a0(1809-1847) war f\u00fcr die erste H\u00e4lfte des 19. Jahrhunderts das Wegekreuz von Mozart und Beethoven zu Schumann, Liszt, Wagner \u2013 ein hei\u00dfes Eisen. Denn der zu Lebzeiten europaweit h\u00f6chst gefragte Mendelssohn fiel, kaum verstorben, dem katholisch\/protestantisch abendl\u00e4ndischen Rassismus zum Opfer. Der Klassikbetrieb beschr\u00e4nkte sich bis vor nicht allzu langer Zeit auf eine ausgesuchte Auswahl seines Oeuvre; am Spezifikum der Musik dieses Komponisten war ein gr\u00f6\u00dferes Interesse lange nicht erkennbar.<\/p>\n<p>Liest oder h\u00f6rt\u00a0man heute Texte \u00fcber ihn, mag nicht selten, wenn auch subtiler, immer noch der Eindruck entstehen, als sei dieser Komponist den Ruf des eleganten Leichtgewichts und glatten Klassizisten, des hochbegabten Epigonen und wendigen Zusammengie\u00dfers nicht wirklich und restlos losgeworden. Darum ist die Neuproduktion von Mendelsohns B\u00fchnenmusiken zu Shakespeares \u201eSommernachtstraum\u201c durch die Musiker des Freiburger Barockorchesters (FBO) mit dem Dirigenten Pablo Heras Casado zwar nicht das erste, aber ein weiteres \u2013 und ein wichtiges \u2013 Projekt, das sich um die Entdeckung der Musik Felix Mendelssohns verdient macht. Es bereichert und aktualisiert den g\u00e4ngigen Konzertsaal-Blick auf Mendelssohns\u00a0Repertoire, auf seinen Stil.<\/p>\n<p>Das Ressentiment, es hat selbst linke Kenner wie\u00a0<em>Theodor Adorno\u00a0<\/em>und\u00a0<em>Ernst Bloch<\/em>\u00a0nicht unber\u00fchrt gelassen, geht auf\u00a0<em>Richard Wagners\u00a0<\/em>Text \u201eDas Judentum in der Musik\u201c von 1850 zur\u00fcck. Dessen Kerngedanke bestand in der Feststellung, Komponisten wie \u2013 der knapp vor Abfassung des Wagnerelaborats verstorbene \u2013 Mendelssohn und\u00a0<em>Giacomo Meyerbeer,<\/em>\u00a0zwei der\u00a0erfolgreichsten Wagner-Konkurrenten, ermangelten einer speziell teutonischen Tiefe, die, so Wagner, den Juden aus Gr\u00fcnden der \u201eRasse\u201c verwehrt sei.<\/p>\n<p>Gegen Wagners eklige Dominanz gab es allerdings, sp\u00e4rlich aber prominent, schon seinerzeit eine Sorte Einspruch, die sich mit musikalischen Alternativen r\u00fcstete: \u201eDiese Musik scheint mir vollkommen. Sie kommt leicht, biegsam, mit H\u00f6flichkeit daher. Sie ist liebensw\u00fcrdig, sie schwitzt nicht. Diese Musik ist b\u00f6se, raffinirt, fatalistisch: sie bleibt dabei popul\u00e4r. Sie ist reich. Sie ist pr\u00e4cis. Sie baut, organisirt, wird fertig\u201c. Solche S\u00e4tze des gro\u00dfen Stilisten und Liebhabers der Musik,\u00a0<em>Friedrich Nietzsche<\/em>, finden sich in \u201eDer Fall Wagner\u201c, Nietzsches literarischem, am Ende seines Lebens erfolglosen Versuch, sich von seinem Abgott und Nebenmann in der Abteilung Dekadenz zu l\u00f6sen. Er bediente sich daf\u00fcr provokativ\u00a0<em>George Bizets<\/em>\u00a0Oper \u201eCarmen\u201c als eines Gegenmodells und Antidots zur Rauschmusik Wagners.<\/p>\n<p>Nietzsches Belobigung erscheint bis heute modern. Die Freiburger Aufnahme klingt, als h\u00e4tten die Breisgauer sie beim Wort genommen. Der nach Alfred Einstein \u201eromantische Klassizismus\u201c Mendelssohns kommt bei ihnen darum nicht mehr beethovenheroisch daher, nicht mehr als verbiedermeierter Mozart, nicht antiketrunken marmorklar, sondern \u2013 mediterran. Dialektisch listig hat die Geschichte der Auff\u00fchrungspraxis daf\u00fcr gesorgt, dass es im Sommer 2025 erstaunlich viele Italiener sind, etwa Giovanni Antonini oder Riccardo Minasi, ein Grieche wie Teodor Currentzis, ein Katalane wie Jordi Savall oder eben ein Spanier wie Heras Casado, die sich allerheiligsten Bezirken deutscher Gef\u00fchlskultur widmen und daf\u00fcr sorgen, dass beispielsweise Felix Mendelssohns Sommernachtstraum-Musik in die schillersch-naive Lebenskraft eines shakespeareschen Arkadien auswandert.<\/p>\n<p>Die vier Eingangsakkorde der Ouvert\u00fcre, f\u00fcnf Takte ganzer Noten in Holzbl\u00e4sern und H\u00f6rnern stellen das f\u00fcr den weiteren Verlauf grundlegende Ger\u00fcst vor. Heras-Casado gibt diesen Beginn nicht als Portal, nicht als demonstrative Festlegung der Tonart des St\u00fccks. Es ist, als lie\u00dfen die h\u00f6lzernen Fl\u00f6ten der Freiburger, ihre kehligen Oboen und ventillosen H\u00f6rner im piano, lyrisch zur\u00fcckhaltend, den Vorhang aufgehen: Theaterluft str\u00f6mt in den Konzertsaal. Bei Theaterluft bleibt es. Vom Scherzo und \u201eR\u00fcpeltanz\u201c bis zum Nocturno und Marcia funebre wird es in den verschiedenen Stimmungen und Gesellschaftsschichten der vierzehn Teile dieser Sommernachtstraum-Musik, selbst in den mehr repr\u00e4sentativen Passagen der Theseus-Sph\u00e4re \u2013 so im ber\u00fchmten Hochzeitsmarsch &#8211; wie Kom\u00f6die klingen. Denn Mozarts junge Nachfolger, unter ihnen Mendelssohn, eiferten selbstverst\u00e4ndlich Mozarts Ma\u00dfst\u00e4ben nach, wenn es darum ging, Musik theaterhaft plastisch zu gestalten.<\/p>\n<p>Aber es war dann eben doch der ihm vom Alter her zwei Jahrzehnte n\u00e4here\u00a0<em>Carl Maria von Weber\u00a0<\/em>(1786-1826) mit seiner Adaption des \u201eSommernachtstraum\u201c, dem \u201eOberon\u201c, der den 17-j\u00e4hrigen Mendelssohn zur Komposition seines Fr\u00fchreifezeugnisses und Durchbruchswerks, der Sommernachtstraum-Ouvert\u00fcre op. 21, stimulierte. Sie blieb lange das einzige Ergebnis der Besch\u00e4ftigung Mendelssohns mit Shakespeares \u201eSommernachtstraum\u201c. Die B\u00fchnenmusiken op. 26 entstanden sechzehn Jahre sp\u00e4ter. Der Preu\u00dfenk\u00f6nig Friedrich Wilhelm IV hatte sich f\u00fcr die von Ludwig Tieck geleitete Berliner Auff\u00fchrung des schlegeldeutschen Shakespeare-M\u00e4rchens eine B\u00fchnenmusik gew\u00fcnscht. Sie blieb und bleibt in der Gunst des Publikums bis heute hinter der Ouvert\u00fcre zur\u00fcck. Denn man pr\u00e4sentierte die B\u00fchnenmusiken, wenn \u00fcberhaupt, als eine Art Orchestersuite, enttheatert, ohne Gesang und Sprechpartien.<\/p>\n<p>Die flinken H\u00e4nde und singenden Lungen von FBO und RIAS-Kammerchor erwecken nun freilich die vollst\u00e4ndigen und f\u00fcr die neue Produktion voller Witz bearbeiteten B\u00fchnenmusiken zu neuem Leben. Kein weiteres Lobeswort dar\u00fcber, dass das FBO spielend in der Lage ist, Ketten schneller Vierachtel-Gruppen der hohen Streicher ins atmosph\u00e4rische Wispern eines Elfenwalds zu verwandeln. Die Sommernachtstraum-Musik des FBO im Ohr, meint man zu h\u00f6ren, Mendelssohn w\u00e4re, h\u00e4tte sein Organismus ihm mehr Zeit gegeben, durchaus, wie geplant, auch noch in der Lage gewesen, Opern zu komponieren (er hat erst am Lebensende damit begonnen). Die in dieser Aufnahme zu h\u00f6renden vokalen Teile, die volksliednahen Chorpassagen, eingestreut h\u00fcbsche Ariosi der Chorsolistinnen, die Melodramen, mit spielerischen Ausfl\u00fcgen bis in Randbezirke von Secco und Accompagnato belegen, Mendelssohn konnte auch Oper.<\/p>\n<p>Das FBO macht in den Farben seiner Instrumentengruppen den Wandel der Tonarten, die Freude am Tanzen, den Einfallsreichtum und die unpr\u00e4tenti\u00f6se Raffinesse der Instrumentierung Mendelssohns h\u00f6rbar. Dabei sind Orchester und Kammerchor in dieser Produktion nur das eine. Der Schauspieler Max Urlacher ist das zweite. Er erz\u00e4hlt in den Zwischentexten in Ausschnitten die umfangreiche Handlung Shakespeares, er ist eine multiple Allround-Verk\u00f6rperung repr\u00e4sentativer Handlungspersonen. Urlacher macht Witze im Idiom der Gegenwart, l\u00e4sst etwa, um die Liebesglut Lysanders f\u00fcr Hermia zu schildern \u2013 \u201eHermia \u2013 Hermia!\u201c \u2013 die kindisch kindliche Begeisterung der S\u00fcdkurven h\u00f6ren und gelangt wenig sp\u00e4ter in gereimtem Schlegel-Deutsch in den bilderreichen Sprachwitz des St\u00fcckeschreibers aus Stratford, UK. Von der Differenzierung der Geschlechter und von den Albernheiten des dritten Jahrtausends zur\u00fcck bis zu biedermeierlicher Poesie verf\u00fcgt Urlacher \u00fcber ein Sortiment an Stimm- und Stimmungsnuancen; so unmerklich wie gekonnt stellt er das Gesprochene vorbereitend, engf\u00fchrend und nachwirkend auf die Temperatur des Orchesters ein. Und wer immer den ins Deutsche \u00fcbersetzten Shakespeare durch die Zwischentexte dieser Sommernachtstraum-Produktion erg\u00e4nzt hat, hat gute Arbeit geleistet.<\/p>\n<p>So kann man es machen. Leicht und biegsam, liebensw\u00fcrdig und fatalistisch, raffinirt, pr\u00e4cis und popul\u00e4r. Nietzsche h\u00e4tte es gefallen, freilich, der m\u00e4chtige Wagner h\u00e4tte davon nichts wissen d\u00fcrfen.<\/p>\n<p><span style=\"font-size: 10pt;\"><strong>Felix Mendelssohn:\u00a0<\/strong>Ouvert\u00fcre op. 21 und B\u00fchnenmusiken op. 26<strong>\u00a0<\/strong>zum \u201eSommernachtstraum \u2013 Freiburger Barockorchester \/ Max Urlacher \/ RIAS Kammerchor \/ Pablo Heras Casado (Harmonia Mundi France)<\/span><\/p>\n<p style=\"text-align: right;\"><i>Stefan Siegert ist Autor mit Schwerpunkt Musik, er schreibt aber auch politische Feuilletons, verfasst K\u00fcnstler-Features f\u00fcr den Rundfunk und zeichnet Buch-Illustrationen sowie Comics.<\/i><\/p>\n<p>&nbsp;<\/p>\n<p><span style=\"font-size: 10pt;\">Der Beitrag wurde der Redaktion per Mail zugestellt am 13.09.2025<\/span><\/p>\n<hr \/>\n<p><span style=\"font-size: 10pt;\">Bild oben: Portr\u00e4t von Felix Mendelssohn Bartholdy (Ausschnitt). <\/span><br \/>\n<span style=\"font-size: 10pt;\">Lithografie von Eduard Magnus, Public Domain<\/span><br \/>\n<span style=\"font-size: 10pt;\">Quelle: <a href=\"https:\/\/commons.wikimedia.org\/w\/index.php?curid=159015750\" target=\"_blank\" rel=\"noopener\">https:\/\/commons.wikimedia.org\/w\/index.php?curid=159015750<\/a><\/span><\/p>\n<p>&nbsp;<\/p>\n<p>&nbsp;<\/p>\n","protected":false},"excerpt":{"rendered":"<p><b>Beitrag von Stefan Siegert<\/b><br \/>\nDer \u2013 assimiliert \u2013 j\u00fcdische Bankierssohn\u00a0Felix Mendelssohn\u00a0(1809-1847) war f\u00fcr die erste H\u00e4lfte des 19. Jahrhunderts das Wegekreuz von Mozart und Beethoven zu Schumann, Liszt, Wagner \u2013 ein hei\u00dfes Eisen. Denn der zu Lebzeiten europaweit h\u00f6chst gefragte Mendelssohn fiel, kaum verstorben, dem katholisch\/protestantisch abendl\u00e4ndischen Rassismus zum Opfer. Der Klassikbetrieb beschr\u00e4nkte sich bis vor nicht allzu langer Zeit auf eine ausgesuchte Auswahl seines Oeuvre; am Spezifikum der Musik dieses Komponisten war ein gr\u00f6\u00dferes Interesse lange nicht erkennbar. Liest oder h\u00f6rt\u00a0man heute Texte \u00fcber ihn, mag nicht selten, wenn auch subtiler, immer noch der Eindruck entstehen, als sei dieser Komponist den Ruf des eleganten Leichtgewichts und glatten Klassizisten, des hochbegabten Epigonen und wendigen Zusammengie\u00dfers nicht wirklich und restlos losgeworden.<\/p>\n","protected":false},"author":3,"featured_media":22830,"comment_status":"closed","ping_status":"closed","sticky":false,"template":"","format":"standard","meta":{"colormag_page_container_layout":"default_layout","colormag_page_sidebar_layout":"default_layout","advanced_seo_description":"","jetpack_seo_html_title":"","jetpack_seo_noindex":false,"jetpack_post_was_ever_published":false,"footnotes":""},"categories":[913],"tags":[2767,2768,939,495,1334],"class_list":["post-22829","post","type-post","status-publish","format-standard","has-post-thumbnail","hentry","category-kultur-kunst","tag-dichtung","tag-komposition","tag-musik","tag-philosophie","tag-theater"],"jetpack_featured_media_url":"https:\/\/i0.wp.com\/www.freidenker.org\/fw17\/wp-content\/uploads\/2025\/09\/Felix_Mendelssohn_Bartholdy_BM_18620524.183_cropped_800x450.jpg?fit=800%2C450&ssl=1","jetpack_shortlink":"https:\/\/wp.me\/p9stpK-5Wd","jetpack-related-posts":[{"id":4279,"url":"https:\/\/www.freidenker.org\/?p=4279","url_meta":{"origin":22829,"position":0},"title":"Bericht vom Linken Liedersommer 2013 auf der Burg Waldeck","author":"Webredaktion","date":"30. Juni 2013","format":false,"excerpt":"Bericht von Jane Zahn Wieder 130 Teilnehmer \u2013 wie es einer auf der Auswertungsdiskussion formulierte: \u201eDas ist heutzutage schon ein Erfolg!\u201c \u2013 beim Linken Liedersommer im Hunsr\u00fcck. Das legendenumwobene, traditionsreiche Gel\u00e4nde neben der Burg Waldeck war erf\u00fcllt von Musik, Gesang, Diskussionen, gesch\u00e4ftigem Betrieb. Mit 8 Workshop-Angeboten von \u201e150 Jahre Arbeiterlieder\u201c\u2026","rel":"","context":"In &quot;Kultur &amp; Kunst&quot;","block_context":{"text":"Kultur &amp; Kunst","link":"https:\/\/www.freidenker.org\/?cat=913"},"img":{"alt_text":"","src":"https:\/\/i0.wp.com\/www.freidenker.org\/fw17\/wp-content\/uploads\/2018\/01\/01-2013-06-21-23-af-0992_800x445.jpg?fit=800%2C445&ssl=1&resize=350%2C200","width":350,"height":200,"srcset":"https:\/\/i0.wp.com\/www.freidenker.org\/fw17\/wp-content\/uploads\/2018\/01\/01-2013-06-21-23-af-0992_800x445.jpg?fit=800%2C445&ssl=1&resize=350%2C200 1x, https:\/\/i0.wp.com\/www.freidenker.org\/fw17\/wp-content\/uploads\/2018\/01\/01-2013-06-21-23-af-0992_800x445.jpg?fit=800%2C445&ssl=1&resize=525%2C300 1.5x, https:\/\/i0.wp.com\/www.freidenker.org\/fw17\/wp-content\/uploads\/2018\/01\/01-2013-06-21-23-af-0992_800x445.jpg?fit=800%2C445&ssl=1&resize=700%2C400 2x"},"classes":[]},{"id":7193,"url":"https:\/\/www.freidenker.org\/?p=7193","url_meta":{"origin":22829,"position":1},"title":"Ich bin Antiimperialist und Antikapitalist","author":"Webredaktion","date":"12. November 2019","format":false,"excerpt":"Am 25. September 2019 fand der gemeinsame Auftritt von Johanna Arndt, Anna von Rohden und Nicolas Miquea in Darmstadt in der Bessunger Knabenschule statt \u2013 veranstaltet vom Deutschen Freidenker-Verband, vom Bundesverband Arbeiterfotografie, von der DKP und der LINKEN. Das Motto des Abends lautete: \"Ich schreibe, um zu leben - Gef\u00e4ngnisbriefe,\u2026","rel":"","context":"In &quot;Kultur &amp; Kunst&quot;","block_context":{"text":"Kultur &amp; Kunst","link":"https:\/\/www.freidenker.org\/?cat=913"},"img":{"alt_text":"","src":"https:\/\/i0.wp.com\/www.freidenker.org\/fw17\/wp-content\/uploads\/2019\/11\/nicolas_miquea_800x445.jpg?fit=800%2C445&ssl=1&resize=350%2C200","width":350,"height":200,"srcset":"https:\/\/i0.wp.com\/www.freidenker.org\/fw17\/wp-content\/uploads\/2019\/11\/nicolas_miquea_800x445.jpg?fit=800%2C445&ssl=1&resize=350%2C200 1x, https:\/\/i0.wp.com\/www.freidenker.org\/fw17\/wp-content\/uploads\/2019\/11\/nicolas_miquea_800x445.jpg?fit=800%2C445&ssl=1&resize=525%2C300 1.5x, https:\/\/i0.wp.com\/www.freidenker.org\/fw17\/wp-content\/uploads\/2019\/11\/nicolas_miquea_800x445.jpg?fit=800%2C445&ssl=1&resize=700%2C400 2x"},"classes":[]},{"id":22217,"url":"https:\/\/www.freidenker.org\/?p=22217","url_meta":{"origin":22829,"position":2},"title":"Die Zeit der Ablassh\u00e4ndler &#8211; Tetzel sitzt heute blond und toupiert in der EU-Kommission","author":"Webredaktion","date":"26. Juni 2025","format":false,"excerpt":"Beitrag von Dagmar Henn Wenn man das Grauen betrachtet, dass derzeit aus den westlichen Gesellschaften herausflie\u00dft wie Blut aus den K\u00f6rper\u00f6ffnungen eines am h\u00e4morrhagischen Fieber Erkrankten, wenn man dieser Flut an Meldungen ausgesetzt ist, fragt man sich, ob Irrsinn und Normalit\u00e4t die Pl\u00e4tze getauscht haben und die Humanit\u00e4t, die man\u2026","rel":"","context":"In &quot;Demokratie \u2013 Medien \u2013 Aufkl\u00e4rung&quot;","block_context":{"text":"Demokratie \u2013 Medien \u2013 Aufkl\u00e4rung","link":"https:\/\/www.freidenker.org\/?cat=12"},"img":{"alt_text":"","src":"https:\/\/i0.wp.com\/www.freidenker.org\/fw17\/wp-content\/uploads\/2025\/06\/vonderleyen_und_tetzel_800x450.jpg?fit=800%2C450&ssl=1&resize=350%2C200","width":350,"height":200,"srcset":"https:\/\/i0.wp.com\/www.freidenker.org\/fw17\/wp-content\/uploads\/2025\/06\/vonderleyen_und_tetzel_800x450.jpg?fit=800%2C450&ssl=1&resize=350%2C200 1x, https:\/\/i0.wp.com\/www.freidenker.org\/fw17\/wp-content\/uploads\/2025\/06\/vonderleyen_und_tetzel_800x450.jpg?fit=800%2C450&ssl=1&resize=525%2C300 1.5x, https:\/\/i0.wp.com\/www.freidenker.org\/fw17\/wp-content\/uploads\/2025\/06\/vonderleyen_und_tetzel_800x450.jpg?fit=800%2C450&ssl=1&resize=700%2C400 2x"},"classes":[]},{"id":21435,"url":"https:\/\/www.freidenker.org\/?p=21435","url_meta":{"origin":22829,"position":3},"title":"Ein Chorfestival als Skandal? B\u00f6se Menschen haben keine Lieder","author":"Webredaktion","date":"11. April 2025","format":false,"excerpt":"Beitrag von Dagmar Henn Welch ein Skandal. Zumindest, wenn man der Zeit Glauben schenkt:\u00a0\"AfD-Au\u00dfenpolitiker Moosdorf traf sich mit Putin-Berater in Moskau\". Der hat da sicher ausgehandelt, wie er die Schl\u00fcssel zum Bundestagsgeb\u00e4ude \u00fcbergeben kann, oder? In Wirklichkeit geht es um ein Chorfestival, das 2027 in Russland stattfinden soll. Und Matthias\u2026","rel":"","context":"In &quot;Demokratie \u2013 Medien \u2013 Aufkl\u00e4rung&quot;","block_context":{"text":"Demokratie \u2013 Medien \u2013 Aufkl\u00e4rung","link":"https:\/\/www.freidenker.org\/?cat=12"},"img":{"alt_text":"","src":"https:\/\/i0.wp.com\/www.freidenker.org\/fw17\/wp-content\/uploads\/2025\/04\/Moosdorf_800x450.jpg?fit=800%2C450&ssl=1&resize=350%2C200","width":350,"height":200,"srcset":"https:\/\/i0.wp.com\/www.freidenker.org\/fw17\/wp-content\/uploads\/2025\/04\/Moosdorf_800x450.jpg?fit=800%2C450&ssl=1&resize=350%2C200 1x, https:\/\/i0.wp.com\/www.freidenker.org\/fw17\/wp-content\/uploads\/2025\/04\/Moosdorf_800x450.jpg?fit=800%2C450&ssl=1&resize=525%2C300 1.5x, https:\/\/i0.wp.com\/www.freidenker.org\/fw17\/wp-content\/uploads\/2025\/04\/Moosdorf_800x450.jpg?fit=800%2C450&ssl=1&resize=700%2C400 2x"},"classes":[]},{"id":21974,"url":"https:\/\/www.freidenker.org\/?p=21974","url_meta":{"origin":22829,"position":4},"title":"Braindead \u2013 Was die Tagesschau und Joe Biden gemeinsam haben","author":"Webredaktion","date":"29. Mai 2025","format":false,"excerpt":"Beitrag von Gert Ewen Ungar Vor rund einem Jahr ver\u00f6ffentlichte die Tagesschau einen Faktenfinder, mit dem sie auf Ger\u00fcchte um die geistige Gesundheit von Joe Biden reagierte. Verfasst hat den Faktencheck der Oberchecker Pascal Siggelkow. Siggelkow passt zur Tagesschau, denn auch ihm geht es nicht um Fakten, sondern um die\u2026","rel":"","context":"In &quot;Demokratie \u2013 Medien \u2013 Aufkl\u00e4rung&quot;","block_context":{"text":"Demokratie \u2013 Medien \u2013 Aufkl\u00e4rung","link":"https:\/\/www.freidenker.org\/?cat=12"},"img":{"alt_text":"","src":"https:\/\/i0.wp.com\/www.freidenker.org\/fw17\/wp-content\/uploads\/2025\/05\/Joe_Biden_49385647696_800x450.jpg?fit=800%2C450&ssl=1&resize=350%2C200","width":350,"height":200,"srcset":"https:\/\/i0.wp.com\/www.freidenker.org\/fw17\/wp-content\/uploads\/2025\/05\/Joe_Biden_49385647696_800x450.jpg?fit=800%2C450&ssl=1&resize=350%2C200 1x, https:\/\/i0.wp.com\/www.freidenker.org\/fw17\/wp-content\/uploads\/2025\/05\/Joe_Biden_49385647696_800x450.jpg?fit=800%2C450&ssl=1&resize=525%2C300 1.5x, https:\/\/i0.wp.com\/www.freidenker.org\/fw17\/wp-content\/uploads\/2025\/05\/Joe_Biden_49385647696_800x450.jpg?fit=800%2C450&ssl=1&resize=700%2C400 2x"},"classes":[]},{"id":12941,"url":"https:\/\/www.freidenker.org\/?p=12941","url_meta":{"origin":22829,"position":5},"title":"Der WDR s\u00e4ubert die Salzburger Festspiele von Russen","author":"Webredaktion","date":"29. April 2022","format":false,"excerpt":"Beitrag von Dagmar Henn Wenn man betrachtet, mit welchem Eifer gerade jeder Inhaber eines russischen Passes, der kulturell t\u00e4tig ist, einer peinlichen Befragung unterzogen und zum Abschw\u00f6ren gedr\u00e4ngt wird, erinnert das an sehr d\u00fcstere Zeiten. Der WDR lieferte ein neues Belegst\u00fcck. \"Verschw\u00f6rungstheorie\" ist ein Begriff, hinter dem sich zu viele\u2026","rel":"","context":"In &quot;Demokratie \u2013 Medien \u2013 Aufkl\u00e4rung&quot;","block_context":{"text":"Demokratie \u2013 Medien \u2013 Aufkl\u00e4rung","link":"https:\/\/www.freidenker.org\/?cat=12"},"img":{"alt_text":"","src":"https:\/\/i0.wp.com\/www.freidenker.org\/fw17\/wp-content\/uploads\/2022\/04\/salzburg-933819_800x450.jpg?fit=800%2C450&ssl=1&resize=350%2C200","width":350,"height":200,"srcset":"https:\/\/i0.wp.com\/www.freidenker.org\/fw17\/wp-content\/uploads\/2022\/04\/salzburg-933819_800x450.jpg?fit=800%2C450&ssl=1&resize=350%2C200 1x, https:\/\/i0.wp.com\/www.freidenker.org\/fw17\/wp-content\/uploads\/2022\/04\/salzburg-933819_800x450.jpg?fit=800%2C450&ssl=1&resize=525%2C300 1.5x, https:\/\/i0.wp.com\/www.freidenker.org\/fw17\/wp-content\/uploads\/2022\/04\/salzburg-933819_800x450.jpg?fit=800%2C450&ssl=1&resize=700%2C400 2x"},"classes":[]}],"_links":{"self":[{"href":"https:\/\/www.freidenker.org\/index.php?rest_route=\/wp\/v2\/posts\/22829","targetHints":{"allow":["GET"]}}],"collection":[{"href":"https:\/\/www.freidenker.org\/index.php?rest_route=\/wp\/v2\/posts"}],"about":[{"href":"https:\/\/www.freidenker.org\/index.php?rest_route=\/wp\/v2\/types\/post"}],"author":[{"embeddable":true,"href":"https:\/\/www.freidenker.org\/index.php?rest_route=\/wp\/v2\/users\/3"}],"replies":[{"embeddable":true,"href":"https:\/\/www.freidenker.org\/index.php?rest_route=%2Fwp%2Fv2%2Fcomments&post=22829"}],"version-history":[{"count":3,"href":"https:\/\/www.freidenker.org\/index.php?rest_route=\/wp\/v2\/posts\/22829\/revisions"}],"predecessor-version":[{"id":22853,"href":"https:\/\/www.freidenker.org\/index.php?rest_route=\/wp\/v2\/posts\/22829\/revisions\/22853"}],"wp:featuredmedia":[{"embeddable":true,"href":"https:\/\/www.freidenker.org\/index.php?rest_route=\/wp\/v2\/media\/22830"}],"wp:attachment":[{"href":"https:\/\/www.freidenker.org\/index.php?rest_route=%2Fwp%2Fv2%2Fmedia&parent=22829"}],"wp:term":[{"taxonomy":"category","embeddable":true,"href":"https:\/\/www.freidenker.org\/index.php?rest_route=%2Fwp%2Fv2%2Fcategories&post=22829"},{"taxonomy":"post_tag","embeddable":true,"href":"https:\/\/www.freidenker.org\/index.php?rest_route=%2Fwp%2Fv2%2Ftags&post=22829"}],"curies":[{"name":"wp","href":"https:\/\/api.w.org\/{rel}","templated":true}]}}