{"id":22818,"date":"2025-09-11T15:04:41","date_gmt":"2025-09-11T13:04:41","guid":{"rendered":"https:\/\/www.freidenker.org\/?p=22818"},"modified":"2025-10-15T20:52:54","modified_gmt":"2025-10-15T18:52:54","slug":"zum-70-jahrestag-der-herstellung-diplomatischer-beziehungen-zwischen-der-udssr-und-der-brd","status":"publish","type":"post","link":"https:\/\/www.freidenker.org\/?p=22818","title":{"rendered":"Zum 70. Jahrestag der Herstellung diplomatischer Beziehungen zwischen der UdSSR und der BRD"},"content":{"rendered":"<p><em>von <strong>Prof. Dr.\u00a0Anton Latzo<\/strong><\/em><\/p>\n<p>Generell war die Herstellung diplomatischer Beziehungen zwischen der Sowjetunion und einem kapitalistischen Staat im Jahre 1955 wahrlich keine Sensation mehr.<\/p>\n<p>Aber die Regierung der 1949 gegr\u00fcndeten Bundessrepublik Deutschland weigerte sich bis zu diesem Zeitpunkt, mit der Regierung der Macht, die den Hauptanteil an der Zerschlagung des Faschismus hatte, mit der Sowjetunion, diplomatische Beziehungen herzustellen. Die Bonner Regierung weigerte sich, anzuerkennen, dass die Unterschriften vom 8. Mai 1945 das Ende des \u201eTausendj\u00e4hrigen Reiches\u201c besiegelt hatten.<\/p>\n<p>Die Regierung Adenauer und seine Auftragsgeber wollten auch nicht wahrhaben, dass die bedingungslose Kapitulation des faschistischen Deutschlands am 8. Mai 1945 auch f\u00fcr eine grundlegende Kr\u00e4fteverschiebung im Weltma\u00dfstab stand.<\/p>\n<p>Der Ausgang des 2. Weltkrieges verk\u00f6rperte zudem die Sprengung der imperialistischen Umkreisung der UdSSR. Sie erm\u00f6glichte die Revolution in einer Reihe vom faschistischen Aggressor befreiten L\u00e4nder Europas und Asiens und f\u00fchrte zur Herausbildung mehrerer sozialistischer Staaten.<\/p>\n<p>Die Regierung der BRD war aber nicht gewillt, die Lehren aus der Geschichte zu ziehen. Die Politik der Regierung des Monopolkapitals hatte ihre st\u00e4rksten Wurzeln in der imperialistischen Ideologie und Politik des Antikommunismus und des Antisowjetismus. Mitte der 1950er Jahre war die materielle Grundlage, auf der sie ihre Politik entwickeln und verwirklichen konnte, dadurch charakterisiert, dass die Restauration des deutschen Imperialismus im Wesentlichen abgeschlossen war.<\/p>\n<p>Die Pariser Vertr\u00e4ge, durch welche die Bundesrepublik in das von dem zur politischen Gewalt gewordenen Milit\u00e4risch-Industriellen Komplex der USA beherrschten Milit\u00e4rb\u00fcndnis einbezogen wurde, waren ein Ausdruck daf\u00fcr.<\/p>\n<p>Innenpolitisch stand die Verfolgung der Kommunisten und das Verbot ihrer Organisationen f\u00fcr die reaktion\u00e4re Entwicklung. Der Remilitarisierung der BRD stand nunmehr nichts mehr im Wege. Es war die Zeit des \u00dcbergangs der Herrschaft der Monopole von der Periode der Stabilisierung zur Politik der aggressiven L\u00f6sung der deutschen Frage auf ihre Weise.<\/p>\n<p>Angesichts dieser Entwicklungen gingen die Sowjetunion und die DDR in ihrer Politik jetzt davon aus, dass sich immer klarer die Tatsache abzeichnete, dass die beiden deutschen Staaten f\u00fcr eine l\u00e4ngere Zeit nebeneinander bestehen werden m\u00fcssen.<\/p>\n<p>Unter den neuen Bedingungen konnte die Frage der Wiedervereinigung Deutschlands nicht mehr als vordringlichste Frage betrachtet werden. Zum Angelpunkt der L\u00f6sung des Deutschlandproblems wurde die Sicherung des Friedens.<\/p>\n<p>Dem entsprechend war die UdSSR bestrebt, ihren Beitrag dadurch zu leisten, dass sie einerseits Bem\u00fchungen um ein europ\u00e4isches Sicherheitssystem unterbreitete und andererseits Schritte und Vorschl\u00e4ge zur Normalisierung der Beziehungen zwischen der Sowjetunion und der Bundesrepublik Deutschland unternahm.<\/p>\n<p>Deutlich kam das zum Beispiel in der Note der Sowjetregierung vom 7. Juni 1955 an die Bundessregierung zum Ausdruck, in der sie \u2013 nach der formalen Verk\u00fcndung der Souver\u00e4nit\u00e4t der BRD am 5. Mai 1955 &#8211; Verhandlungen \u00fcber die Herstellung diplomatischer, wirtschaftlicher und kultureller Beziehungen vorschlug.<\/p>\n<p>Auch in den Monaten davor hat die Sowjetunion die Aufmerksamkeit auf diese Frage gelenkt. So geschehen w\u00e4hrend der Berliner Au\u00dfenministerkonferenz im Februar 1954 oder in der Erkl\u00e4rung des Vorsitzenden des Ministerrates der UdSSR vom 11. Juni 1954. Am 15. Januar 1955 ver\u00f6ffentlichte die Sowjetregierung eine weitere diesbez\u00fcgliche Erkl\u00e4rung. Durch Erlass des Obersten Sowjets der UdSSR \u00fcber die Beendigung des Kriegszustandes mit Deutschland vom 25. Januar 1955 wurden auch daf\u00fcr notwendige Rechtsgrundlagen geschaffen.<\/p>\n<p>In der Erkl\u00e4rung vom 5. Juni 1955 teilte die Sowjetregierung ihre Auffassung mit, dass \u201edie Interessen des Friedens und der Sicherheit in Europa wie auch die Interessen des sowjetischen und des deutschen Volkes die Normalisierung der Beziehungen\u201c zwischen der UdSSR und der BRD erfordern. Es wurde vorgeschlagen, \u201edirekte diplomatische und kommerzielle sowie kulturelle Beziehungen zwischen den beiden L\u00e4ndern herzustellen\u201c. Sie lud den Bundesskanzler und andere Pers\u00f6nlichkeiten der BRD zum Besuch nach Moskau ein, \u201eum die Frage der Herstellung diplomatischer und kommerzieller Beziehungen\u201c zwischen beiden Staaten zu er\u00f6rtern.<\/p>\n<p>Wie Adenauer in seinen Memoiren best\u00e4tigt, hat er als damaliger Bundeskanzler versucht, die in Zusammenhang mit der Reise stattgefundenen Ereignisse, einseitig als Best\u00e4tigung der Richtigkeit seiner Konzeption darzustellen, wonach die BRD eine \u201ePolitik der St\u00e4rke\u201c betreiben m\u00fcsse, weil \u201edie Russen nicht mit Schwachen\u201c reden.<\/p>\n<p>Gleichzeitig versuchte die Regierung der BRD, die sowjetische Initiative als \u201eneue Propagandaoffensive der Russen\u201c , als \u201eVersuch, einen Keil\u201c zwischen die BRD und ihre verb\u00fcndeten M\u00e4chte u treiben, hinzustellen.<\/p>\n<p>Trotzdem nahm er die Einladung an, weil er nicht nur unter internationalem Druck stand, sondern auch der innenpolitischen Stimmung Rechnung tragen musste. Umfragewerte besagten, dass 85 Prozent der Befragten f\u00fcr die Reise waren.<\/p>\n<p>Am 12. August 1955 stimmte die BRD-Regierung den sowjetischen Vorschl\u00e4gen zu. Am 9. September fand das erste offizielle Treffen statt.<\/p>\n<p>Von Anfang an wurde deutlich, dass Adenauer versuchte, die Herstellung diplomatischer Beziehungen mit der Erf\u00fcllung einer Reihe von Vorbedingungen zu verbinden. Dabei warf er erneut die Frage der \u201efreien Wahlen\u201c, die Er\u00f6rterung der Frage der staatlichen Einheit Deutschlands auf. Einen weiteren Komplex bildete Frage der Freilassung der deutschen \u201eKriegsgefangenen\u201c durch die UdSSR.<\/p>\n<p>Eine Verleumdungskampagne sollte entfaltet werden, um die Sowjetunion national und international unter Druck setzen zu k\u00f6nnen. In der eigenen Bev\u00f6lkerung sollte durch Desinformation und Verleumdung Zustimmung erzeugt werden.<\/p>\n<p>Die sowjetische Delegation entgegnete eindeutig, dass sie mit dem einen der auf deutschem Boden entstandenen Staaten \u2013 mit der DDR \u2013 \u201ebereits gute, freundschaftliche Beziehungen hergestellt\u201c habe. \u201eDiese Beziehungen werden sich auch weiter auf der Grundlage der Gleichberechtigung und der gegenseitigen Nichteinmischung in die inneren Angelegenheiten entwickeln.\u201c Damit wies sie den Anspruch Adenauers zur\u00fcck, im Namen aller Deutschen zu sprechen. Ausdr\u00fccklich erkl\u00e4rte sie, dass sie gleichberechtigte Beziehungen auch zur BRD herstellen wolle.<\/p>\n<p>In den Jahren 1950 bis 1955 hatte sich die Bundesregierung nie um die L\u00f6sung der Frage der \u201eKriegsgefangenen\u201c ernsthaft bem\u00fcht. Sie wurde in Zusammenhang mit der Vorbereitung der Verhandlungen zur Aufnahme der diplomatischen Beziehungen f\u00fcr so lebenswichtig erkl\u00e4rt, dass die Bonner Regierung sie zur Vorbedingung f\u00fcr die Herstellung diplomatischer Beziehungen zur Sowjetunion machte.<\/p>\n<p>Die sowjetische Seite erkl\u00e4rte dazu u.a.: \u201eIn der Sowjetunion gibt es keine deutschen Kriegsgefangenen\u201c mehr, sie seien entlassen und zur\u00fcckgekehrt. Es gebe \u201enur Kriegsverbrecher aus der ehemaligen Hitlerarmee, Verbrecher, die von sowjetischen Gerichten wegen besonders schwerer Verbrechen gegen das sowjetische Volk, gegen den Frieden und die Menschlichkeit verurteilt wurden\u201c, und zwar insgesamt 9626 Personen. Wenn man \u00fcber diese Frage verhandeln wolle, m\u00fcssten sowohl Vertreter der BRD als auch Vertreter der DDR beteiligt sein, da es eine Frage sei, die beide deutsche Staaten betreffe. Au\u00dferdem, erkl\u00e4rte die Sowjetunion, sei die Frage \u00fcberhaupt nicht Gegenstand der Verhandlungen.<\/p>\n<p>Das wichtigste Ergebnis der Verhandlungen war die Herstellung diplomatischer Beziehungen zwischen der Sowjetunion und der BRD. Die Bedeutung des Vorgangs ging weit \u00fcber einen formellen v\u00f6lkerrechtlichen Akt hinaus.<\/p>\n<p>Es wurde der Nachweis erbracht, dass Verhandlungen der einzige erfolgversprechende Weg sind, um strittige Fragen zu l\u00f6sen oder sie einer L\u00f6sung n\u00e4her zu bringen.<\/p>\n<p>Mit der Herstellung diplomatischer Beziehungen zwischen beiden Staaten waren beide deutsche Staaten gleicherma\u00dfen in der sowjetischen Au\u00dfenpolitik offiziell verankert. Der Alleinvertretungsanspruch der BRD wurde damit zum ersten Male auf der diplomatischen Ebene durchbrochen.<\/p>\n<p>Die Bonner Regierung hat diese Fakten nicht akzeptiert. Sie versuchte, diesen Prozess mit Hilfe der Hallstein-Doktrin zu verhindern bzw. wenigstens zu bremsen. Diese Doktrin wurde zum ersten Mal auf einer Botschafter-Konferenz vom 8. bis 10. Dezember 1955 in Bonn offiziell proklamiert. Sie besagte bekanntlich, dass die Bundesrepublik ihre diplomatischen Beziehungen zu jedem Staat abbrechen wird, der die DDR diplomatisch anerkennt. Das bestimmte die Au\u00dfenpolitik der BRD in den folgenden Jahren!<\/p>\n<p style=\"text-align: right;\"><em>Prof. Dr. Anton Latzo ist Historiker und Mitglied des Beirats des Deutschen Freidenker-Verbandes<\/em><\/p>\n<hr \/>\n<p><span style=\"font-size: 10pt;\">Bild oben: Bundeskanzler Konrad Adenauer (rechts) mit dem sowjetischen Ministerpr\u00e4sidenten Nikolai Bulganin am 10.09.1955 in Moskau<\/span><br \/>\n<span style=\"font-size: 10pt;\">Foto: AP\\TASS, <a href=\"https:\/\/creativecommons.org\/licenses\/by-sa\/4.0\" target=\"_blank\" rel=\"noopener\">CC BY-SA 4.0<\/a>, <\/span><br \/>\n<span style=\"font-size: 10pt;\">Quelle: <a href=\"https:\/\/commons.wikimedia.org\/w\/index.php?curid=43832730\" target=\"_blank\" rel=\"noopener\">https:\/\/commons.wikimedia.org\/w\/index.php?curid=43832730<\/a><\/span><\/p>\n","protected":false},"excerpt":{"rendered":"<p><b>Beitrag von Prof. Dr.\u00a0Anton Latzo<\/b><br \/>\nGenerell war die Herstellung diplomatischer Beziehungen zwischen der Sowjetunion und einem kapitalistischen Staat im Jahre 1955 wahrlich keine Sensation mehr. Aber die Regierung der 1949 gegr\u00fcndeten Bundessrepublik Deutschland weigerte sich bis zu diesem Zeitpunkt, mit der Regierung der Macht, die den Hauptanteil an der Zerschlagung des Faschismus hatte, mit der Sowjetunion, diplomatische Beziehungen herzustellen. Die Bonner Regierung weigerte sich, anzuerkennen, dass die Unterschriften vom 8. Mai 1945 das Ende des \u201eTausendj\u00e4hrigen Reiches\u201c besiegelt hatten. Die Regierung Adenauer und seine Auftragsgeber wollten auch nicht wahrhaben, dass die bedingungslose Kapitulation des faschistischen Deutschlands am 8. Mai 1945 auch f\u00fcr eine grundlegende Kr\u00e4fteverschiebung im Weltma\u00dfstab stand.<\/p>\n","protected":false},"author":3,"featured_media":22819,"comment_status":"closed","ping_status":"closed","sticky":false,"template":"","format":"standard","meta":{"colormag_page_container_layout":"default_layout","colormag_page_sidebar_layout":"default_layout","advanced_seo_description":"","jetpack_seo_html_title":"","jetpack_seo_noindex":false,"jetpack_post_was_ever_published":false,"footnotes":""},"categories":[1162],"tags":[648,2147,699,2578,455,1463,452,1406,1535,746,430,1715],"class_list":["post-22818","post","type-post","status-publish","format-standard","has-post-thumbnail","hentry","category-geschichte","tag-2-weltkrieg","tag-adenauer","tag-aussenpolitik","tag-bilaterale-beziehungen","tag-brd","tag-bundeskanzler","tag-deutschland","tag-diplomatie","tag-kriegsgefangene","tag-kriegsverbrechen","tag-sowjetunion","tag-verhandlungen"],"jetpack_featured_media_url":"https:\/\/i0.wp.com\/www.freidenker.org\/fw17\/wp-content\/uploads\/2025\/09\/Bulganin-Adenauer-1955_800x450.jpg?fit=800%2C450&ssl=1","jetpack_shortlink":"https:\/\/wp.me\/p9stpK-5W2","jetpack-related-posts":[{"id":24152,"url":"https:\/\/www.freidenker.org\/?p=24152","url_meta":{"origin":22818,"position":0},"title":"Werner R\u00fcgemer \u00fcber Adenauers &#8222;Weichenstellung&#8220;: Deutschlands Unterwerfung unter die USA","author":"Webredaktion","date":"9. Januar 2026","format":false,"excerpt":"Felicitas Rabe interviewt Dr. Werner R\u00fcgemer Konrad Adenauer war 1949 der erste Regierungschef der neu gegr\u00fcndeten Bundesrepublik Deutschland. Am 5. Januar 2026 hatte er seinen 150. Geburtstag: Der angeblich bekannteste und beliebteste Deutsche wurde von allen Leitmedien gefeiert, auch von seinem gegenw\u00e4rtigen Nachfolger, Bundeskanzler Friedrich Merz. In seinem Buch \"Verh\u00e4ngnisvolle\u2026","rel":"","context":"In &quot;Demokratie \u2013 Medien \u2013 Aufkl\u00e4rung&quot;","block_context":{"text":"Demokratie \u2013 Medien \u2013 Aufkl\u00e4rung","link":"https:\/\/www.freidenker.org\/?cat=12"},"img":{"alt_text":"","src":"https:\/\/i0.wp.com\/www.freidenker.org\/fw17\/wp-content\/uploads\/2026\/01\/McCloy_Adenauer_Eisenhower_800x450.jpg?fit=800%2C450&ssl=1&resize=350%2C200","width":350,"height":200,"srcset":"https:\/\/i0.wp.com\/www.freidenker.org\/fw17\/wp-content\/uploads\/2026\/01\/McCloy_Adenauer_Eisenhower_800x450.jpg?fit=800%2C450&ssl=1&resize=350%2C200 1x, https:\/\/i0.wp.com\/www.freidenker.org\/fw17\/wp-content\/uploads\/2026\/01\/McCloy_Adenauer_Eisenhower_800x450.jpg?fit=800%2C450&ssl=1&resize=525%2C300 1.5x, https:\/\/i0.wp.com\/www.freidenker.org\/fw17\/wp-content\/uploads\/2026\/01\/McCloy_Adenauer_Eisenhower_800x450.jpg?fit=800%2C450&ssl=1&resize=700%2C400 2x"},"classes":[]},{"id":14382,"url":"https:\/\/www.freidenker.org\/?p=14382","url_meta":{"origin":22818,"position":1},"title":"Wende zu Friedenspolitik ist notwendig!","author":"Webredaktion","date":"9. Oktober 2022","format":false,"excerpt":"Rede von\u00a0Prof. Dr. Anton Latzo\u00a0, gehalten am 07.10.2022 auf der Alternativen Einheitsfeier des OKV in Berlin Am 7. Oktober eines jeden Jahres wird der deutsche Staat gew\u00fcrdigt, der Millionen Menschen gepr\u00e4gt hat, der ihnen aber genommen wurde. Seiner Hauptstadt wurde der Ehrentitel \u201eStadt des Friedens\u201c verliehen, weil seine Bev\u00f6lkerung und\u2026","rel":"","context":"In &quot;Frieden - Antifaschismus - Solidarit\u00e4t&quot;","block_context":{"text":"Frieden - Antifaschismus - Solidarit\u00e4t","link":"https:\/\/www.freidenker.org\/?cat=13"},"img":{"alt_text":"","src":"https:\/\/i0.wp.com\/www.freidenker.org\/fw17\/wp-content\/uploads\/2022\/10\/Street_art_Friedenstaube_800x450.jpg?fit=800%2C450&ssl=1&resize=350%2C200","width":350,"height":200,"srcset":"https:\/\/i0.wp.com\/www.freidenker.org\/fw17\/wp-content\/uploads\/2022\/10\/Street_art_Friedenstaube_800x450.jpg?fit=800%2C450&ssl=1&resize=350%2C200 1x, https:\/\/i0.wp.com\/www.freidenker.org\/fw17\/wp-content\/uploads\/2022\/10\/Street_art_Friedenstaube_800x450.jpg?fit=800%2C450&ssl=1&resize=525%2C300 1.5x, https:\/\/i0.wp.com\/www.freidenker.org\/fw17\/wp-content\/uploads\/2022\/10\/Street_art_Friedenstaube_800x450.jpg?fit=800%2C450&ssl=1&resize=700%2C400 2x"},"classes":[]},{"id":19899,"url":"https:\/\/www.freidenker.org\/?p=19899","url_meta":{"origin":22818,"position":2},"title":"Die Bildung der ersten westdeutschen Regierung am 20. September 1949","author":"Webredaktion","date":"3. Oktober 2024","format":false,"excerpt":"Historischer \u00dcberblick von Wolfgang Sch\u00fcrer Am 05. Juni 1945 erkl\u00e4rten die Sowjetunion (SU), die Vereinigten Staaten (US), das Vereinigte K\u00f6nigreich (UK) und Frankreich (FR) die gemeinsame \u00dcbernahme der Souver\u00e4nit\u00e4t \u00fcber Deutschland (DE). DE wurde in 4 Zonen eingeteilt, in jeder Zone hatte eine der 4 Besatzungsm\u00e4chte die Hoheit. Berlin, in\u2026","rel":"","context":"In &quot;Geschichte&quot;","block_context":{"text":"Geschichte","link":"https:\/\/www.freidenker.org\/?cat=1162"},"img":{"alt_text":"","src":"https:\/\/i0.wp.com\/www.freidenker.org\/fw17\/wp-content\/uploads\/2024\/09\/Bundesarchiv_B_145_Bild-F006929-0004_Bundeskanzler_Adenauer_mit_Theodor_Heuss_800x450.jpg?fit=800%2C450&ssl=1&resize=350%2C200","width":350,"height":200,"srcset":"https:\/\/i0.wp.com\/www.freidenker.org\/fw17\/wp-content\/uploads\/2024\/09\/Bundesarchiv_B_145_Bild-F006929-0004_Bundeskanzler_Adenauer_mit_Theodor_Heuss_800x450.jpg?fit=800%2C450&ssl=1&resize=350%2C200 1x, https:\/\/i0.wp.com\/www.freidenker.org\/fw17\/wp-content\/uploads\/2024\/09\/Bundesarchiv_B_145_Bild-F006929-0004_Bundeskanzler_Adenauer_mit_Theodor_Heuss_800x450.jpg?fit=800%2C450&ssl=1&resize=525%2C300 1.5x, https:\/\/i0.wp.com\/www.freidenker.org\/fw17\/wp-content\/uploads\/2024\/09\/Bundesarchiv_B_145_Bild-F006929-0004_Bundeskanzler_Adenauer_mit_Theodor_Heuss_800x450.jpg?fit=800%2C450&ssl=1&resize=700%2C400 2x"},"classes":[]},{"id":7830,"url":"https:\/\/www.freidenker.org\/?p=7830","url_meta":{"origin":22818,"position":3},"title":"Die BRD &#8211; ihre Stellung in Europa und ihr Verh\u00e4ltnis zu Russland","author":"Webredaktion","date":"27. M\u00e4rz 2020","format":false,"excerpt":"Beitrag von Prof. Dr. Anton Latzo Der ehemalige deutsche Reichskanzler Prinz Max von Baden schrieb in seinen Erinnerungen \u00fcber die Wirkung der Oktoberrevolution auf Deutschland, man habe das \u201eunheimliche Gef\u00fchl\u201c gehabt, dass der Sieg der Bolschewiki in Russland all denen in Deutschland den R\u00fccken st\u00e4rke, die den Krieg \u201est\u00f6ren\u201c wollen.\u2026","rel":"","context":"In &quot;Frieden - Antifaschismus - Solidarit\u00e4t&quot;","block_context":{"text":"Frieden - Antifaschismus - Solidarit\u00e4t","link":"https:\/\/www.freidenker.org\/?cat=13"},"img":{"alt_text":"","src":"https:\/\/i0.wp.com\/www.freidenker.org\/fw17\/wp-content\/uploads\/2020\/03\/Angela_Merkel_and_Vladimir_Putin_2019-06-29_800x450.jpg?fit=800%2C450&ssl=1&resize=350%2C200","width":350,"height":200,"srcset":"https:\/\/i0.wp.com\/www.freidenker.org\/fw17\/wp-content\/uploads\/2020\/03\/Angela_Merkel_and_Vladimir_Putin_2019-06-29_800x450.jpg?fit=800%2C450&ssl=1&resize=350%2C200 1x, https:\/\/i0.wp.com\/www.freidenker.org\/fw17\/wp-content\/uploads\/2020\/03\/Angela_Merkel_and_Vladimir_Putin_2019-06-29_800x450.jpg?fit=800%2C450&ssl=1&resize=525%2C300 1.5x, https:\/\/i0.wp.com\/www.freidenker.org\/fw17\/wp-content\/uploads\/2020\/03\/Angela_Merkel_and_Vladimir_Putin_2019-06-29_800x450.jpg?fit=800%2C450&ssl=1&resize=700%2C400 2x"},"classes":[]},{"id":22123,"url":"https:\/\/www.freidenker.org\/?p=22123","url_meta":{"origin":22818,"position":4},"title":"Die Au\u00dfenpolitik der Sowjetunion unter der Leitung von Maxim Litwinow","author":"Webredaktion","date":"14. Juni 2025","format":false,"excerpt":"Ein historischer \u00dcberblick von Wofgang Sch\u00fcrer Bemerkungen zu Maxim Litwinow, geboren am 17. Juli 1876, gestorben am 31. Dezember 1951: Er wurde in Bialystok geboren. Die Stadt geh\u00f6rte damals zum zaristischen Russland und geh\u00f6rt heute zu Polen. Er entstammte einer aschkenasischen j\u00fcdischen Familie. Nach der sozialistischen Revolution in Russland (07.\u2026","rel":"","context":"In &quot;Geschichte&quot;","block_context":{"text":"Geschichte","link":"https:\/\/www.freidenker.org\/?cat=1162"},"img":{"alt_text":"","src":"https:\/\/i0.wp.com\/www.freidenker.org\/fw17\/wp-content\/uploads\/2025\/06\/Litvinovs_visit_to_Turkey_1931_800x450.jpg?fit=800%2C450&ssl=1&resize=350%2C200","width":350,"height":200,"srcset":"https:\/\/i0.wp.com\/www.freidenker.org\/fw17\/wp-content\/uploads\/2025\/06\/Litvinovs_visit_to_Turkey_1931_800x450.jpg?fit=800%2C450&ssl=1&resize=350%2C200 1x, https:\/\/i0.wp.com\/www.freidenker.org\/fw17\/wp-content\/uploads\/2025\/06\/Litvinovs_visit_to_Turkey_1931_800x450.jpg?fit=800%2C450&ssl=1&resize=525%2C300 1.5x, https:\/\/i0.wp.com\/www.freidenker.org\/fw17\/wp-content\/uploads\/2025\/06\/Litvinovs_visit_to_Turkey_1931_800x450.jpg?fit=800%2C450&ssl=1&resize=700%2C400 2x"},"classes":[]},{"id":19763,"url":"https:\/\/www.freidenker.org\/?p=19763","url_meta":{"origin":22818,"position":5},"title":"Der deutsch-sowjetische Nichtangriffsvertrag vom 23. August 1939","author":"Webredaktion","date":"23. August 2024","format":false,"excerpt":"Historischer \u00dcberblick von Wolfgang Sch\u00fcrer [...] Am 18. April 1939 bot die Sowjetunion den beiden Westm\u00e4chten eine Abwehr-Allianz gegen Deutschland an, f\u00fcr den Fall eines deutschen Angriffs auf Polen, f\u00fcr den Fall eines deutschen Angriffs auf Frankreich, und f\u00fcr den Fall eines deutschen Angriffs auf die Sowjetunion, unter Umgehung Polens,\u2026","rel":"","context":"In &quot;Geschichte&quot;","block_context":{"text":"Geschichte","link":"https:\/\/www.freidenker.org\/?cat=1162"},"img":{"alt_text":"","src":"https:\/\/i0.wp.com\/www.freidenker.org\/fw17\/wp-content\/uploads\/2024\/08\/Sowjetisch-deutscher_Nichtangriffspakt_800x450.jpg?fit=800%2C450&ssl=1&resize=350%2C200","width":350,"height":200,"srcset":"https:\/\/i0.wp.com\/www.freidenker.org\/fw17\/wp-content\/uploads\/2024\/08\/Sowjetisch-deutscher_Nichtangriffspakt_800x450.jpg?fit=800%2C450&ssl=1&resize=350%2C200 1x, https:\/\/i0.wp.com\/www.freidenker.org\/fw17\/wp-content\/uploads\/2024\/08\/Sowjetisch-deutscher_Nichtangriffspakt_800x450.jpg?fit=800%2C450&ssl=1&resize=525%2C300 1.5x, https:\/\/i0.wp.com\/www.freidenker.org\/fw17\/wp-content\/uploads\/2024\/08\/Sowjetisch-deutscher_Nichtangriffspakt_800x450.jpg?fit=800%2C450&ssl=1&resize=700%2C400 2x"},"classes":[]}],"_links":{"self":[{"href":"https:\/\/www.freidenker.org\/index.php?rest_route=\/wp\/v2\/posts\/22818","targetHints":{"allow":["GET"]}}],"collection":[{"href":"https:\/\/www.freidenker.org\/index.php?rest_route=\/wp\/v2\/posts"}],"about":[{"href":"https:\/\/www.freidenker.org\/index.php?rest_route=\/wp\/v2\/types\/post"}],"author":[{"embeddable":true,"href":"https:\/\/www.freidenker.org\/index.php?rest_route=\/wp\/v2\/users\/3"}],"replies":[{"embeddable":true,"href":"https:\/\/www.freidenker.org\/index.php?rest_route=%2Fwp%2Fv2%2Fcomments&post=22818"}],"version-history":[{"count":1,"href":"https:\/\/www.freidenker.org\/index.php?rest_route=\/wp\/v2\/posts\/22818\/revisions"}],"predecessor-version":[{"id":22820,"href":"https:\/\/www.freidenker.org\/index.php?rest_route=\/wp\/v2\/posts\/22818\/revisions\/22820"}],"wp:featuredmedia":[{"embeddable":true,"href":"https:\/\/www.freidenker.org\/index.php?rest_route=\/wp\/v2\/media\/22819"}],"wp:attachment":[{"href":"https:\/\/www.freidenker.org\/index.php?rest_route=%2Fwp%2Fv2%2Fmedia&parent=22818"}],"wp:term":[{"taxonomy":"category","embeddable":true,"href":"https:\/\/www.freidenker.org\/index.php?rest_route=%2Fwp%2Fv2%2Fcategories&post=22818"},{"taxonomy":"post_tag","embeddable":true,"href":"https:\/\/www.freidenker.org\/index.php?rest_route=%2Fwp%2Fv2%2Ftags&post=22818"}],"curies":[{"name":"wp","href":"https:\/\/api.w.org\/{rel}","templated":true}]}}