{"id":22774,"date":"2025-09-08T03:11:18","date_gmt":"2025-09-08T01:11:18","guid":{"rendered":"https:\/\/www.freidenker.org\/?p=22774"},"modified":"2025-10-15T20:52:20","modified_gmt":"2025-10-15T18:52:20","slug":"energiewende-die-befreiung-russlands-vom-unzuverlaessigen-westen-durch-die-eu","status":"publish","type":"post","link":"https:\/\/www.freidenker.org\/?p=22774","title":{"rendered":"Energiewende: Die Befreiung Russlands vom unzuverl\u00e4ssigen Westen durch die EU"},"content":{"rendered":"<p><strong>Russland hat im Energiebereich mit Westeuropa kooperiert. Die Erschlie\u00dfung der Gasfelder auf der Jamal-Halbinsel ist daf\u00fcr ein Beispiel. Dieses Gas soll k\u00fcnftig nach China flie\u00dfen. Die EU sagt den Bezug ab, befreit Russland so von einem unzuverl\u00e4ssigen Partner und besiegelt ihren Niedergang.<\/strong><\/p>\n<p><em>Von <strong>Gert Ewen Ungar<\/strong><\/em><\/p>\n<p><span style=\"font-size: 10pt;\">Erstver\u00f6ffentlichung am 06.09.2025 auf <a href=\"https:\/\/freedert.online\/meinung\/255138-befreiung-russlands-von-westeuropa-durch\/\" target=\"_blank\" rel=\"noopener\">RT DE<\/a><\/span><\/p>\n<p>Die Jamal-Halbinsel liegt in Nordwest-Sibirien. Die indigene Bev\u00f6lkerung lebt nomadisch und betreibt Rentierzucht. Ein recht verlassener Flecken. Allerdings liegen dort die weltweit gr\u00f6\u00dften Erdgasvorkommen\u00a0\u2013 ein gigantischer Schatz an Energie. Das macht die Jamal-Halbinsel daher nicht nur f\u00fcr Anthropologen interessant. Jamal steht symbolisch einerseits f\u00fcr den wirtschaftlichen Erfolg einer Kooperation zwischen Russland und der EU und zudem inzwischen andererseits f\u00fcr den Zerfall der Wirtschaft Westeuropas.<\/p>\n<p>Die Vorkommen wurden in den 90er Jahren erschlossen, um Europa per Pipeline mit Erdgas zu versorgen. Die Infrastrukturprojekte dazu waren ebenfalls gigantisch. Die \u00fcber 4000 Kilometer lange Erdgasleitung Jamal-Europa verl\u00e4uft \u00fcber Wei\u00dfrussland und Polen bis nach Deutschland. Auch durch die Ostsee-Pipeline Nord Stream floss Gas von der Halbinsel Jamal. F\u00fcr die Umsetzung der Projekte haben sich westeurop\u00e4ische und russische Unternehmen zu Konsortien zusammengeschlossen. Allein in den Bau von Nord Stream 2 sind fast 10 Milliarden Euro geflossen. In Betrieb ging die Pipeline aber nie, denn man hatte es sich in Westeuropa und in Deutschland pl\u00f6tzlich anders \u00fcberlegt.<\/p>\n<p>Schon vor Beginn der milit\u00e4rischen Spezialoperation in der Ukraine sagte man dem Bezug von russischem Pipelinegas den Kampf an. Die Vorreiterrolle im Hinblick auf energiepolitische Unvernunft \u00fcbernahmen dabei die Gr\u00fcnen. Diese Unvernunft wurde dann zur deutschen Staatsr\u00e4son und auch von den Br\u00fcsseler Technokraten \u00fcbernommen. Aus \u00fcberwiegend moralischen Erw\u00e4gungen und in der Absicht, Russland wirtschaftlich zu schaden, will man sich in der EU und in Deutschland vom Bezug russischer Energietr\u00e4ger l\u00f6sen.<\/p>\n<p>Russland hat vermutlich in der Erwartung, dass in Berlin und Br\u00fcssel wieder wirtschaftspolitische Vernunft einkehrt, einige Zeit verstreichen lassen. Aber ein Umdenken fand nicht statt. Nun unterzeichnete der russische Energieriese Gazprom am Rande des SOZ-Gipfels in Peking ein Abkommen mit China und der Mongolei zum Bau einer Gaspipeline von der Halbinsel Jamal nach China, wobei die Mongolei ebenfalls von russischen Gaslieferungen profitieren soll.<\/p>\n<p>Konkret hei\u00dft das: Die f\u00fcr Europa erschlossenen Gasvorr\u00e4te werden jetzt umgeleitet. Da sich jedes Kohlenwasserstoffmolek\u00fcl jeweils aber nur einmal verbrennen l\u00e4sst, ist das Gas f\u00fcr Europa dauerhaft verloren. In recht einf\u00e4ltigen Kreisen in Deutschland jubelt man. Den Russen hat man es jetzt aber mal gezeigt. Deutschland habe sich aus der Abh\u00e4ngigkeit von Russland befreit, glaubt man an den Stammtischen \u2013 vor allem des gr\u00fcnen urbanen B\u00fcrgertums.<\/p>\n<p>Daran wird das ganze Ausma\u00df der mangelnden Einsicht in \u00f6konomische Zusammenh\u00e4nge deutlich. Denn mit dem Ausstieg aus dem direkten Bezug von russischen Energietr\u00e4gern wurde gleichzeitig der wirtschaftliche Abstieg Westeuropas beschlossen.<\/p>\n<p>Es gibt schlicht und einfach keine anderen Bezugsquellen von Gas in einem \u00e4hnlichen Volumen, zu einem \u00e4hnlich g\u00fcnstigen Preis bei ebenso hoher Zuverl\u00e4ssigkeit und Vertragstreue, wie es der Bezug aus Russland bot.<\/p>\n<p>Das eigentlich f\u00fcr Europa bestimmte Gas der Jamal-Halbinsel l\u00e4sst sich auch nicht durch gr\u00fcnen Wasserstoff ersetzen, wie das der gr\u00fcne Wirtschaftsminister Robert Habeck seinen W\u00e4hlern vorgegaukelt und gegen jede Vernunft\u00a0als nationales Wirtschaftsprojekt durchgedr\u00fcckt\u00a0hat. Diese Technik steht noch \u00fcberhaupt nicht in ausreichendem Ma\u00dfe zur Verf\u00fcgung. Die Konzerne steigen aus Kostengr\u00fcnden daher reihenweise aus den entsprechenden Wasserstoffprojekten wieder aus.<\/p>\n<p>&#8222;Es war Selbstmord&#8220; wird daher auf dem Grabstein der EU einst stehen. Der Niedergang\u00a0ist selbst verschuldet. Die Frage wird dann sein, wie es dazu kommen konnte. Offenbar herrscht in der EU und in den deutschen Ministerien fundamentale Unkenntnis dar\u00fcber, wie die globalen Energiem\u00e4rkte funktionieren. Unkenntnis herrscht auch dar\u00fcber, was es bedarf, um Produktionswachstum zu erzielen, und was man ben\u00f6tigt, um zukunftsf\u00e4hig zu werden.<\/p>\n<p>Um die Produktion zu steigern, braucht es Energie. Das hei\u00dft konkret: Um wirtschaftliches Wachstum zu erzeugen, muss in diesem Jahr mehr Energie eingesetzt werden als im vergangenen. Ein bisschen was l\u00e4sst sich \u00fcber Effizienzsteigerung erreichen, aber im Grundsatz \u00e4ndert das an dem Zusammenhang nichts: Die Verf\u00fcgbarkeit von Energie ist die Voraussetzung f\u00fcr wirtschaftliches Wachstum.<\/p>\n<p>Gerade Deutschland ist daf\u00fcr ein gutes Beispiel, denn der R\u00fcckgang des Energieverbrauchs in Deutschland geht einher mit sinkender Produktion und schrumpfender Wirtschaftsleistung. Der H\u00f6hepunkt des Energieverbrauchs lag im Jahr 2007, dann kam die Finanzkrise, die in die Griechenlandkrise \u00fcberging. Die Wirtschaftsleistung brach ein, es wurde weniger Energie verbraucht.<\/p>\n<p>Kaum war Deutschland halbwegs aus dem Tal, kamen die repressiven Ma\u00dfnahmen zur Eind\u00e4mmung der Ausbreitung von Corona. Die Wirtschaftsleistung brach erneut ein, der Energieverbrauch ging zur\u00fcck. Unmittelbar daran schlossen sich die Russlandsanktionen an. Seitdem ist Deutschland dauerhaft in der Rezession. Mit sinkendem Energieverbrauch sind Wohlstandsverluste verbunden. Dieser Zusammenhang ist ganz einfach zu verstehen und gesetzm\u00e4\u00dfig.<\/p>\n<p>Nun glaubt die EU \u00fcber den Verzicht auf russische Energie der russischen Wirtschaft Schaden zuf\u00fcgen zu k\u00f6nnen.\u00a0Man ist emp\u00f6rt \u00fcber Russlands Einmarsch in die Ukraine im Jahr 2022 und m\u00f6chte das Land bestrafen. Ein Energieboykott ist dazu aber das falsche Mittel, denn in einer Welt mit wachsendem Energiebedarf l\u00e4sst sich ein Boykott eines wichtigen Energielieferanten nicht durchsetzen, weil man in allen Volkswirtschaften au\u00dferhalb der EU versteht, dass wirtschaftliches Wachstum den Einsatz von Energie fordert.<\/p>\n<p>Will die EU andere L\u00e4nder zu einem Boykott zwingen, f\u00fchrt das zur Isolation der EU und nicht zur Isolation Russlands. Die Bilder vom Gipfel in Peking haben dies aller Welt deutlich gezeigt. Wer \u00fcber die Energie verf\u00fcgt, hat die Solidarit\u00e4t auf seiner Seite. Das ist ebenfalls ganz einfach zu verstehen.<\/p>\n<p>Wirtschaftliches Wachstum zu generieren ist essenziell, denn es sichert den sozialen Frieden. Auch das versteht man \u00fcberall, au\u00dfer in der EU und den westeurop\u00e4ischen Hauptst\u00e4dten. Dass man diesen Zusammenhang aber ignoriert, l\u00e4sst f\u00fcr die Zukunft der westeurop\u00e4ischen Gesellschaften keine positiven Prognosen zu. Die EU wird zerfallen, ihre Gesellschaften werden instabil.<\/p>\n<p>Keine Volkswirtschaft, die noch \u00fcber einen Hauch Restverstand verf\u00fcgt, wird daher Energielieferungen aus Russland eine Absage erteilen \u2013 und aus moralischen Gr\u00fcnden schon gleich zweimal nicht. Die EU opfert dagegen ihre eigene Zukunft auf dem Altar des Russenhasses und der moralischen Hybris.<\/p>\n<p>Die Energie der Jamal-Halbinsel flie\u00dft k\u00fcnftig nach China. Entwicklung und Fortschritt finden\u00a0aufgrund der Verf\u00fcgbarkeit von Energie\u00a0k\u00fcnftig verst\u00e4rkt in Asien und nicht mehr in Westeuropa statt. Die L\u00e4nder der EU werden dagegen den technologischen Anschluss verlieren.\u00a0Auch dieser Zusammenhang ist zwingend.<\/p>\n<p>Allein durch den zunehmenden Einsatz von KI steigt der Stromverbrauch der Rechenzentren exponentiell an. Schon jetzt ist klar, dass die Ausweitung des Einsatzes von KI die Stromnetze und Erzeuger vor erhebliche Herausforderungen stellen wird. In Br\u00fcssel, Berlin und Paris wird es absehbar aufgrund der hohen Energiepreis nicht nur an nat\u00fcrlicher, sondern auch noch an k\u00fcnstlicher Intelligenz mangeln.<\/p>\n<p>Der Schwenk geht nach Asien. Bereits heute kommen aus China die Innovationen, zu denen die L\u00e4nder der EU l\u00e4ngst nicht mehr f\u00e4hig sind. Indien schlie\u00dft auf. Russland liefert die f\u00fcr die Entwicklung notwendige Energie und befreit sich gleichzeitig von g\u00e4nzlich unzuverl\u00e4ssigen Handelspartnern, die meinen, gemeinsam entwickelte Projekte als politisches Druckmittel benutzen zu k\u00f6nnen.<\/p>\n<p>Allein 17 Milliarden Euro hat die Umsetzung von Nord Stream 1 und 2 gekostet. Das Geld kann Russland ebenso abschreiben wie die Energierechnung der EU in H\u00f6he von rund 300 Milliarden Euro. Das Geld aus dem Energiegesch\u00e4ft hat die EU eingefroren. Zugespitzt formuliert: Die EU hat schlicht ihre Stromrechnung nicht bezahlt. Br\u00fcssel ist ein betr\u00fcgerischer Haufen. Eine R\u00fcckzahlung des eingefrorenen russischen Verm\u00f6gens ist unwahrscheinlich.<\/p>\n<p>Mit solchen Gaunern macht man keine Gesch\u00e4fte. Die EU und Deutschland haben ihren Abtritt von der geopolitischen B\u00fchne daher ganz allein verschuldet. Als kleiner Trost: Eventuell wird dadurch die Region Westeuropa f\u00fcr Anthropologen nach und nach wieder interessanter \u2013 so v\u00f6llig ohne positiven Ausblick wollte ich die Leser nicht entlassen.<\/p>\n<p style=\"text-align: right;\"><em>Gert-Ewen Ungar studierte Philosophie und Germanistik und schreibt regelm\u00e4\u00dfig f\u00fcr die <a href=\"https:\/\/www.neulandrebellen.de\/\" target=\"_blank\" rel=\"noopener\">Neulandrebellen<\/a>\u00a0<\/em><\/p>\n<hr \/>\n<p><span style=\"font-size: 10pt;\">Bild oben: Gas-Pipeline Br\u00fccke in der Slowakei (Symbolbild)<\/span><br \/>\n<span style=\"font-size: 10pt;\">Foto: Szombat78, <a href=\"http:\/\/creativecommons.org\/publicdomain\/zero\/1.0\/deed.en\">CC0<\/a><\/span><br \/>\n<span style=\"font-size: 10pt;\">Quelle: <a href=\"https:\/\/commons.wikimedia.org\/w\/index.php?curid=112354733\" target=\"_blank\" rel=\"noopener\">https:\/\/commons.wikimedia.org\/w\/index.php?curid=112354733<\/a><\/span><\/p>\n","protected":false},"excerpt":{"rendered":"<p><b>Beitrag von Gert Ewen Ungar<\/b><br \/>\nDie Jamal-Halbinsel liegt in Nordwest-Sibirien. Die indigene Bev\u00f6lkerung lebt nomadisch und betreibt Rentierzucht. Ein recht verlassener Flecken. Allerdings liegen dort die weltweit gr\u00f6\u00dften Erdgasvorkommen\u00a0\u2013 ein gigantischer Schatz an Energie. Das macht die Jamal-Halbinsel daher nicht nur f\u00fcr Anthropologen interessant. Jamal steht symbolisch einerseits f\u00fcr den wirtschaftlichen Erfolg einer Kooperation zwischen Russland und der EU und zudem inzwischen andererseits f\u00fcr den Zerfall der Wirtschaft Westeuropas. Die Vorkommen wurden in den 90er Jahren erschlossen, um Europa per Pipeline mit Erdgas zu versorgen. Die Infrastrukturprojekte dazu waren ebenfalls gigantisch. Die \u00fcber 4000 Kilometer lange Erdgasleitung Jamal-Europa verl\u00e4uft \u00fcber Wei\u00dfrussland und Polen bis nach Deutschland. <\/p>\n","protected":false},"author":3,"featured_media":22776,"comment_status":"closed","ping_status":"closed","sticky":false,"template":"","format":"standard","meta":{"colormag_page_container_layout":"default_layout","colormag_page_sidebar_layout":"default_layout","advanced_seo_description":"","jetpack_seo_html_title":"","jetpack_seo_noindex":false,"jetpack_post_was_ever_published":false,"footnotes":""},"categories":[11],"tags":[1707,413,1283,1473,182,1631,2067,1317,222,719,1153,1550,1528,2171],"class_list":["post-22774","post","type-post","status-publish","format-standard","has-post-thumbnail","hentry","category-arbeit-soziales","tag-absatzmaerkte","tag-china","tag-energie","tag-erdgas","tag-eu","tag-geopolitik","tag-ki","tag-nord-stream","tag-russland","tag-sanktionen","tag-westeuropa","tag-wirtschaftskraft","tag-wirtschaftspolitik","tag-wirtschaftswachstum"],"jetpack_featured_media_url":"https:\/\/i0.wp.com\/www.freidenker.org\/fw17\/wp-content\/uploads\/2025\/09\/Dolne_Zelenice_Slovakia__gas_pipeline_bridge_800x450.jpg?fit=800%2C450&ssl=1","jetpack_shortlink":"https:\/\/wp.me\/p9stpK-5Vk","jetpack-related-posts":[{"id":22891,"url":"https:\/\/www.freidenker.org\/?p=22891","url_meta":{"origin":22774,"position":0},"title":"Trump fordert wirtschaftlichen Selbstmord der EU \u2012 von der Leyen stimmt zu","author":"Webredaktion","date":"20. September 2025","format":false,"excerpt":"Beitrag von Gert Ewen Ungar Trump ist ein gewitzter Gesch\u00e4ftsmann. Er nutzt den Russenhass der Westeurop\u00e4er und insbesondere den der EU-Kommission, um Gesch\u00e4fte zum Vorteil der USA zu machen. Die EU-Kommission ist bereit, Entscheidungen zu treffen, die massive Nachteile mit sich bringen, wenn sie damit gelockt wird, dass Russland dadurch\u2026","rel":"","context":"In &quot;Demokratie \u2013 Medien \u2013 Aufkl\u00e4rung&quot;","block_context":{"text":"Demokratie \u2013 Medien \u2013 Aufkl\u00e4rung","link":"https:\/\/www.freidenker.org\/?cat=12"},"img":{"alt_text":"","src":"https:\/\/i0.wp.com\/www.freidenker.org\/fw17\/wp-content\/uploads\/2025\/09\/von_der_Leyen_and_Trump_2025_2_800x450.jpg?fit=800%2C450&ssl=1&resize=350%2C200","width":350,"height":200,"srcset":"https:\/\/i0.wp.com\/www.freidenker.org\/fw17\/wp-content\/uploads\/2025\/09\/von_der_Leyen_and_Trump_2025_2_800x450.jpg?fit=800%2C450&ssl=1&resize=350%2C200 1x, https:\/\/i0.wp.com\/www.freidenker.org\/fw17\/wp-content\/uploads\/2025\/09\/von_der_Leyen_and_Trump_2025_2_800x450.jpg?fit=800%2C450&ssl=1&resize=525%2C300 1.5x, https:\/\/i0.wp.com\/www.freidenker.org\/fw17\/wp-content\/uploads\/2025\/09\/von_der_Leyen_and_Trump_2025_2_800x450.jpg?fit=800%2C450&ssl=1&resize=700%2C400 2x"},"classes":[]},{"id":23308,"url":"https:\/\/www.freidenker.org\/?p=23308","url_meta":{"origin":22774,"position":1},"title":"Dummheit in Gesetz gegossen: EU verbietet den Bezug von russischem \u00d6l und Gas","author":"Webredaktion","date":"24. Oktober 2025","format":false,"excerpt":"Beitrag von Gert Ewen Ungar Die EU verbietet den Bezug und Transit von russischem \u00d6l und Gas ab Januar 2028. Um den absehbaren Widerstand gegen das Vorhaben schon im Vorfeld zu brechen, hat die EU-Kommission den Weg \u00fcber ein Gesetz und nicht \u00fcber Sanktionen gew\u00e4hlt. Sanktionen m\u00fcssen einstimmig vom Rat\u2026","rel":"","context":"In &quot;Demokratie \u2013 Medien \u2013 Aufkl\u00e4rung&quot;","block_context":{"text":"Demokratie \u2013 Medien \u2013 Aufkl\u00e4rung","link":"https:\/\/www.freidenker.org\/?cat=12"},"img":{"alt_text":"","src":"https:\/\/i0.wp.com\/www.freidenker.org\/fw17\/wp-content\/uploads\/2025\/10\/energy-7438075_800x450.jpg?fit=800%2C450&ssl=1&resize=350%2C200","width":350,"height":200,"srcset":"https:\/\/i0.wp.com\/www.freidenker.org\/fw17\/wp-content\/uploads\/2025\/10\/energy-7438075_800x450.jpg?fit=800%2C450&ssl=1&resize=350%2C200 1x, https:\/\/i0.wp.com\/www.freidenker.org\/fw17\/wp-content\/uploads\/2025\/10\/energy-7438075_800x450.jpg?fit=800%2C450&ssl=1&resize=525%2C300 1.5x, https:\/\/i0.wp.com\/www.freidenker.org\/fw17\/wp-content\/uploads\/2025\/10\/energy-7438075_800x450.jpg?fit=800%2C450&ssl=1&resize=700%2C400 2x"},"classes":[]},{"id":15293,"url":"https:\/\/www.freidenker.org\/?p=15293","url_meta":{"origin":22774,"position":2},"title":"Ende der westlichen Dominanz?","author":"Webredaktion","date":"19. Februar 2023","format":false,"excerpt":"Vortrag und Diskussion mit J\u00f6rg Kronauer Montag, 06. 03.2023, 19.00 Uhr, EineWeltHaus M\u00fcnchen Die globalen Kr\u00e4fteverh\u00e4ltnisse haben sich ver\u00e4ndert. Chinas vieldiskutierter Aufstieg, Indiens \u201eAsiatisches Jahrhundert\u201c und Lateinamerika gehen eigene Wege und l\u00f6sen sich aus der US-Hegemonie. Neue nichtwestliche B\u00fcndnisse wie BRICS oder die Shanghai Cooperation Organisation (SCO). Selbst die Staaten\u2026","rel":"","context":"In &quot;Veranstaltungen in den DFV-Landesverb\u00e4nden&quot;","block_context":{"text":"Veranstaltungen in den DFV-Landesverb\u00e4nden","link":"https:\/\/www.freidenker.org\/?cat=19"},"img":{"alt_text":"","src":"https:\/\/i0.wp.com\/www.freidenker.org\/fw17\/wp-content\/uploads\/2023\/02\/kronauer_800x450.jpg?fit=800%2C450&ssl=1&resize=350%2C200","width":350,"height":200,"srcset":"https:\/\/i0.wp.com\/www.freidenker.org\/fw17\/wp-content\/uploads\/2023\/02\/kronauer_800x450.jpg?fit=800%2C450&ssl=1&resize=350%2C200 1x, https:\/\/i0.wp.com\/www.freidenker.org\/fw17\/wp-content\/uploads\/2023\/02\/kronauer_800x450.jpg?fit=800%2C450&ssl=1&resize=525%2C300 1.5x, https:\/\/i0.wp.com\/www.freidenker.org\/fw17\/wp-content\/uploads\/2023\/02\/kronauer_800x450.jpg?fit=800%2C450&ssl=1&resize=700%2C400 2x"},"classes":[]},{"id":23609,"url":"https:\/\/www.freidenker.org\/?p=23609","url_meta":{"origin":22774,"position":3},"title":"Historische Abl\u00e4ufe als Zumutung","author":"Webredaktion","date":"21. November 2025","format":false,"excerpt":"Beitrag von Gert Ewen Ungar Das russische Au\u00dfenministerium hat der italienischen Tageszeitung Corriere della Sera ein Interview mit Au\u00dfenminister Sergei Lawrow angeboten. Die Zeitung nahm das Angebot an und schickte Fragen. Die Fragen speisen sich aus dem Geist der westlichen Propaganda. Die Antworten Lawrows darauf korrigieren diese Sicht, indem sie\u2026","rel":"","context":"In &quot;Demokratie \u2013 Medien \u2013 Aufkl\u00e4rung&quot;","block_context":{"text":"Demokratie \u2013 Medien \u2013 Aufkl\u00e4rung","link":"https:\/\/www.freidenker.org\/?cat=12"},"img":{"alt_text":"","src":"https:\/\/i0.wp.com\/www.freidenker.org\/fw17\/wp-content\/uploads\/2025\/11\/Lawrow_UNESCO_meeting_2022-12-20_01_800x450.jpg?fit=800%2C450&ssl=1&resize=350%2C200","width":350,"height":200,"srcset":"https:\/\/i0.wp.com\/www.freidenker.org\/fw17\/wp-content\/uploads\/2025\/11\/Lawrow_UNESCO_meeting_2022-12-20_01_800x450.jpg?fit=800%2C450&ssl=1&resize=350%2C200 1x, https:\/\/i0.wp.com\/www.freidenker.org\/fw17\/wp-content\/uploads\/2025\/11\/Lawrow_UNESCO_meeting_2022-12-20_01_800x450.jpg?fit=800%2C450&ssl=1&resize=525%2C300 1.5x, https:\/\/i0.wp.com\/www.freidenker.org\/fw17\/wp-content\/uploads\/2025\/11\/Lawrow_UNESCO_meeting_2022-12-20_01_800x450.jpg?fit=800%2C450&ssl=1&resize=700%2C400 2x"},"classes":[]},{"id":20844,"url":"https:\/\/www.freidenker.org\/?p=20844","url_meta":{"origin":22774,"position":4},"title":"Russlandsanktionen: In Br\u00fcssel regiert die Inkompetenz","author":"Webredaktion","date":"27. Januar 2025","format":false,"excerpt":"Beitrag von Gert Ewen Ungar In Davos trifft sich derzeit die politische Elite. Sie diskutiert \u00fcber wirtschaftliche Herausforderungen und sucht nach L\u00f6sungen \u2013 selten im Interesse der Allgemeinheit. Das World Economic Forum (WEF) ist Ausdruck der Entdemokratisierung der westlichen Hemisph\u00e4re. Es ist in keiner Weise demokratisch legitimiert, versteht sich aber\u2026","rel":"","context":"In &quot;Demokratie \u2013 Medien \u2013 Aufkl\u00e4rung&quot;","block_context":{"text":"Demokratie \u2013 Medien \u2013 Aufkl\u00e4rung","link":"https:\/\/www.freidenker.org\/?cat=12"},"img":{"alt_text":"","src":"https:\/\/i0.wp.com\/www.freidenker.org\/fw17\/wp-content\/uploads\/2025\/01\/svantesson_EU2024BE_2402242322_800x450.jpg?fit=800%2C450&ssl=1&resize=350%2C200","width":350,"height":200,"srcset":"https:\/\/i0.wp.com\/www.freidenker.org\/fw17\/wp-content\/uploads\/2025\/01\/svantesson_EU2024BE_2402242322_800x450.jpg?fit=800%2C450&ssl=1&resize=350%2C200 1x, https:\/\/i0.wp.com\/www.freidenker.org\/fw17\/wp-content\/uploads\/2025\/01\/svantesson_EU2024BE_2402242322_800x450.jpg?fit=800%2C450&ssl=1&resize=525%2C300 1.5x, https:\/\/i0.wp.com\/www.freidenker.org\/fw17\/wp-content\/uploads\/2025\/01\/svantesson_EU2024BE_2402242322_800x450.jpg?fit=800%2C450&ssl=1&resize=700%2C400 2x"},"classes":[]},{"id":23218,"url":"https:\/\/www.freidenker.org\/?p=23218","url_meta":{"origin":22774,"position":5},"title":"Kaja Kallas in Kiew: Mit gef\u00e4lschten Zahlen ist der Glaube an den Endsieg unersch\u00fctterlich","author":"Webredaktion","date":"17. Oktober 2025","format":false,"excerpt":"Von Gert Ewen Ungar Trotz der Behauptung, Russland w\u00fcrde t\u00e4glich zivile Ziele in der Westukraine angreifen, bleibt die Reisefrequenz westeurop\u00e4ischer Politiker in die Ukraine hoch. Heute stellt die EU-Au\u00dfenbeauftragte Kaja Kallas unter Beweis, dass an der Behauptung, Russland w\u00fcrde einen Vernichtungskrieg gegen die ukrainische Zivilbev\u00f6lkerung f\u00fchren, etwas nicht stimmen kann.\u2026","rel":"","context":"In &quot;Demokratie \u2013 Medien \u2013 Aufkl\u00e4rung&quot;","block_context":{"text":"Demokratie \u2013 Medien \u2013 Aufkl\u00e4rung","link":"https:\/\/www.freidenker.org\/?cat=12"},"img":{"alt_text":"","src":"https:\/\/i0.wp.com\/www.freidenker.org\/fw17\/wp-content\/uploads\/2025\/10\/Kallas_Debates_-_54781561131_800x450.jpg?fit=800%2C450&ssl=1&resize=350%2C200","width":350,"height":200,"srcset":"https:\/\/i0.wp.com\/www.freidenker.org\/fw17\/wp-content\/uploads\/2025\/10\/Kallas_Debates_-_54781561131_800x450.jpg?fit=800%2C450&ssl=1&resize=350%2C200 1x, https:\/\/i0.wp.com\/www.freidenker.org\/fw17\/wp-content\/uploads\/2025\/10\/Kallas_Debates_-_54781561131_800x450.jpg?fit=800%2C450&ssl=1&resize=525%2C300 1.5x, https:\/\/i0.wp.com\/www.freidenker.org\/fw17\/wp-content\/uploads\/2025\/10\/Kallas_Debates_-_54781561131_800x450.jpg?fit=800%2C450&ssl=1&resize=700%2C400 2x"},"classes":[]}],"_links":{"self":[{"href":"https:\/\/www.freidenker.org\/index.php?rest_route=\/wp\/v2\/posts\/22774","targetHints":{"allow":["GET"]}}],"collection":[{"href":"https:\/\/www.freidenker.org\/index.php?rest_route=\/wp\/v2\/posts"}],"about":[{"href":"https:\/\/www.freidenker.org\/index.php?rest_route=\/wp\/v2\/types\/post"}],"author":[{"embeddable":true,"href":"https:\/\/www.freidenker.org\/index.php?rest_route=\/wp\/v2\/users\/3"}],"replies":[{"embeddable":true,"href":"https:\/\/www.freidenker.org\/index.php?rest_route=%2Fwp%2Fv2%2Fcomments&post=22774"}],"version-history":[{"count":3,"href":"https:\/\/www.freidenker.org\/index.php?rest_route=\/wp\/v2\/posts\/22774\/revisions"}],"predecessor-version":[{"id":22789,"href":"https:\/\/www.freidenker.org\/index.php?rest_route=\/wp\/v2\/posts\/22774\/revisions\/22789"}],"wp:featuredmedia":[{"embeddable":true,"href":"https:\/\/www.freidenker.org\/index.php?rest_route=\/wp\/v2\/media\/22776"}],"wp:attachment":[{"href":"https:\/\/www.freidenker.org\/index.php?rest_route=%2Fwp%2Fv2%2Fmedia&parent=22774"}],"wp:term":[{"taxonomy":"category","embeddable":true,"href":"https:\/\/www.freidenker.org\/index.php?rest_route=%2Fwp%2Fv2%2Fcategories&post=22774"},{"taxonomy":"post_tag","embeddable":true,"href":"https:\/\/www.freidenker.org\/index.php?rest_route=%2Fwp%2Fv2%2Ftags&post=22774"}],"curies":[{"name":"wp","href":"https:\/\/api.w.org\/{rel}","templated":true}]}}