{"id":22661,"date":"2025-08-26T03:07:09","date_gmt":"2025-08-26T01:07:09","guid":{"rendered":"https:\/\/www.freidenker.org\/?p=22661"},"modified":"2025-09-16T03:07:43","modified_gmt":"2025-09-16T01:07:43","slug":"wuf-resolution-krieg-und-faschismus-den-weg-versperren","status":"publish","type":"post","link":"https:\/\/www.freidenker.org\/?p=22661","title":{"rendered":"WUF-Resolution: Krieg und Faschismus den Weg versperren!"},"content":{"rendered":"<h4>Krieg und Faschismus den Weg versperren!<\/h4>\n<p><em><strong>Resolution der Tagung der Weltunion der Freidenker in Gy\u00f6r, Ungarn, 15.-17. 08. 2025<\/strong><\/em><\/p>\n<p>In den letzten Jahren hat sich im \u201ekollektiven Westen\u201c eine pathologische Russophobie und Kriegspsychose breit gemacht. Repr\u00e4sentativ daf\u00fcr steht die au\u00dfenpolitische EU-Repr\u00e4sentantin Kaja Kallas: \u201eWenn Europa Russland nicht besiegen kann, wie soll es dann mit China fertig werden?\u201c Die vielen tausend von den NATO-Staaten gegen die Russische F\u00f6deration verh\u00e4ngten Sanktionen sind nicht v\u00f6lkerrechtskonform, da nach UN-Charta ausschlie\u00dflich der Sicherheitsrat dazu befugt w\u00e4re, somit sind sie Waffen einer Kriegspartei in dem Versuch, den Gegner zu besiegen. Dass diese NATO-Sanktionen auch von \u00d6sterreich und der Schweiz voll mitgetragen werden, beweist, dass deren formale Neutralit\u00e4t solange Illusion bleibt, bis Druck aus der Bev\u00f6lkerung f\u00fcr politische Mehrheiten sorgt, die sie Realit\u00e4t werden l\u00e4sst.<\/p>\n<h5><strong>Mit antirussischen Sanktionen raus aus dem demokratischen Sektor<\/strong><\/h5>\n<p>Die antirussische Sanktionitis ruiniert nicht nur die westeurop\u00e4ische Wirtschaft zu Ungunsten der in diesem Bereich lebenden Lohnarbeiter durch Abnabelung von den g\u00fcnstigen russischen Rohstoffen und der ebenso g\u00fcnstigen russischen Energietr\u00e4ger, sondern auch die Menschenrechte, wobei das sich im Inneren, aber auch in der Au\u00dfenpolitik manifestiert. Es geht das sogar \u00fcber den europ\u00e4ischen Kontinent im kollektiven Westen hinaus, wenn unter der Biden-Administration dem Milit\u00e4ranalysten und ehemaligen Waffeninspektor <strong>Scott Ritter<\/strong> der Pass abgenommen wurde, um ihn an einer Reise in die Russische F\u00f6deration zu hindern, und er den erst nach einem halben Jahr der Trump-Administration wiederbekam, oder wenn dem Rechtsanwalt <strong>Yair Dagan Biran<\/strong>, bekannt geworden durchs Vertreten von Plandemie-Gegnern und mRNA-Spritzenverweigerern in Israel, Anfang August das Buchen eines Flugs von Israel nach Bulgarien verboten wurde, auch wenn es ihm rasch gelang, dieses Verbot mit einer Gerichtsklage zu kippen.<\/p>\n<p>Es ist also egal, ob sich die Herrscher im kollektiven Westen in ihrer pro-zionistischen oder anti-russischen Politik gest\u00f6rt f\u00fchlen durch Menschen, die ihre Narrative dekonstruieren. Es sind das eindeutige Menschenrechtsverst\u00f6\u00dfe, deren Auswirkungen \u00fcber das Recht auf freie Meinungs\u00e4u\u00dferung hinausgehen, auch wenn es mit Einschr\u00e4nkungen derselben beginnt.<\/p>\n<p>So bei <strong>Francesca Paola Albanese<\/strong>, eine italienische Rechtswissenschaftlerin mit Spezialisierung auf Internationales Recht und Menschenrechte, die seit 2022 UN-Sonderberichterstatterin f\u00fcr die besetzten Gebiete Pal\u00e4stinas ist. Im Juli 2025 verh\u00e4ngten die USA Sanktionen gegen Albanese, da sie eine \u00bbKampagne politischer und wirtschaftlicher Kriegsf\u00fchrung\u00ab gegen die USA und die zionistische Entit\u00e4t Israel f\u00fchre, indem sie Ro\u00df und Reiter beim Genozid in Gaza offen benannte.<\/p>\n<p><strong>Evghenia Gu\u021bul<\/strong>, Ba\u015fkan Gagausiens, <strong>Milorad Dodik<\/strong>, Pr\u00e4sident der Republika Srpska in Bosnien-Herzegowina und <strong>Blagomir Kotsew<\/strong>, B\u00fcrgermeister der Stadt Varna in Bulgarien waren dem antirussischen Furor im Weg. Sie wurden und werden verfolgt, weil sie zu Recht argumentierten, wir alle h\u00e4tten \u2013 unabh\u00e4ngig vom jeweiligen Wohnsitzland \u2013 an V\u00f6lkerfreundschaft mit der Russischen F\u00f6deration zu gewinnen. Blagomir sitzt seit 8. Juli unter dem Vorwand windiger Korruptionsvorw\u00fcrfe in Untersuchungshaft, Evghenia bereits in Strafhaft f\u00fcr sieben Jahre, obwohl keinerlei Beweise f\u00fcr die ihr vorgeworfene Finanzierung eines Wahlkampfs mit russischen Geldern pr\u00e4sentiert wurden, w\u00e4hrend Milorad sich bislang der Verhaftung zum Strafantritt entziehen konnte, nachdem er eine Anweisung vom EU-Statthalter, des Kolonialherrn, nicht ausgef\u00fchrt hatte. In Wahrheit geht es wie im Fall der Wahlanullierung und der Kandidaturverbote in Rum\u00e4nien darum, \u00fcberall die antirussische NATO-Linie mit Unterst\u00fctzung des faschistisch-banderistischen Regimes in Kiew durchzudr\u00fccken.<\/p>\n<p>Eine eindeutige Menschenrechtsverletzung wurde mit der Sanktionierung im 17. EU-Sanktionspaket gegen die Journalisten <strong>Thomas R\u00f6per<\/strong> und <strong>Alina Lipp<\/strong> gesetzt, die als deutsche Staatsb\u00fcrger nicht mehr aus der Russischen F\u00f6deration nach Deutschland einreisen d\u00fcrfen und denen wegen Verm\u00f6gensentzug und Verbot von finanziellen Zuwendungen kein Rechtsweg gegen die Willk\u00fcrma\u00dfnahmen offensteht. Entsprechendes gilt f\u00fcr die deutschen Haftbefehle gegen f\u00fchrende Mitglieder des Vereins \u201eFriedensbr\u00fccke \u2013 Kriegsopferhilfe\u201c, denen wegen der Lieferung humanit\u00e4rer Hilfe in den Donbass eine Unterst\u00fctzung von \u201eTerrorismus\u201c vorgeworfen wird.<\/p>\n<p>Am heftigsten betroffen ist der in Berlin mit Familie lebende deutsche Staatsb\u00fcrger <strong>H\u00fcseyin Do\u011fru<\/strong>. Er ist sonderbarerweise wegen antizionistischer Pal\u00e4stina-Berichterstattung auf die Sanktionsliste gekommen, weil das Berichten \u00fcber zionistische Verbrechen \u00bbantirussische Narrative bedient\u00ab. Es darf vermutet werden, dass die Berliner BRD-Regierung sich dies bei der EU-Kommission bestellt hat, da f\u00fcr sie die Verteidigung der zionistischen Entit\u00e4t Israel \u00bbStaatsr\u00e4son\u00ab ist, wobei es dahinter in Wirklichkeit um die Profitinteressen der Waffenindustrie geht.<\/p>\n<p>Die Weltunion der Freidenker protestiert energisch gegen diese eklatante Menschenrechtsverletzungen und ruft dazu auf, dem sanktionierten H\u00fcseyin Do\u011fru jede Hilfe zukommen zu lassen, auch wenn dies ein Sanktionsversto\u00df ist. Denn diese Sanktionen sind v\u00f6lkerrechtlich illegal und illegitim: NUR Sanktionen des UN-Sicherheitsrats sind legal, wobei auch diese illegitim w\u00e4ren, wenn sie wie im Fall H\u00fcseyin Do\u011fru, Alina Lipp und Thomas R\u00f6per gegen die Menschenrechte versto\u00dfen.<\/p>\n<p>Diese Sanktionierungen sind nichts anderes als ein weiterer Beweis, da\u00df die BRD mit EU und NATO den demokratischen Sektor verlassen hat auf dem Weg zu einem neuen Faschismus, der ohne Braun- und Schwarzhemden daherkommt und droht, nicht weniger t\u00f6dlich zu enden wie jener des Tausendj\u00e4hrigen Reichs. Wo Unrecht zu Recht wird, wird Widerstand zur Pflicht!<\/p>\n<p><em>Klaus Hartmann<\/em><br \/>\nPr\u00e4sident<\/p>\n<p><em>Jean-Marie Jacoby<\/em><br \/>\nGeneralsekret\u00e4r<\/p>\n<p>&nbsp;<\/p>\n<hr \/>\n<p><span style=\"font-size: 10pt;\">Bild oben: Mahnmal f\u00fcr die Opfer von Faschismus und Krieg in Potsdam (errichtet 1975, Aufnahme von 2007)<\/span><br \/>\n<span style=\"font-size: 10pt;\">Foto: Nocona, <a href=\"https:\/\/creativecommons.org\/licenses\/by-sa\/3.0\" target=\"_blank\" rel=\"noopener\">CC BY-SA 3.0<\/a><\/span><br \/>\n<span style=\"font-size: 10pt;\">Quelle: <a href=\"https:\/\/commons.wikimedia.org\/w\/index.php?curid=16466166\" target=\"_blank\" rel=\"noopener\">https:\/\/commons.wikimedia.org\/w\/index.php?curid=16466166<\/a><\/span><\/p>\n","protected":false},"excerpt":{"rendered":"<p><b>Resolution der Tagung der Weltunion der Freidenker in Gy\u00f6r, Ungarn, 15.-17. 08. 2025<\/b><br \/>\nIn den letzten Jahren hat sich im \u201ekollektiven Westen\u201c eine pathologische Russophobie und Kriegspsychose breit gemacht. Repr\u00e4sentativ daf\u00fcr steht die au\u00dfenpolitische EU-Repr\u00e4sentantin Kaja Kallas: \u201eWenn Europa Russland nicht besiegen kann, wie soll es dann mit China fertig werden?\u201c Die vielen tausend von den NATO-Staaten gegen die Russische F\u00f6deration verh\u00e4ngten Sanktionen sind nicht v\u00f6lkerrechtskonform, da nach UN-Charta ausschlie\u00dflich der Sicherheitsrat dazu befugt w\u00e4re, somit sind sie Waffen einer Kriegspartei in dem Versuch, den Gegner zu besiegen. Dass diese NATO-Sanktionen auch von \u00d6sterreich und der Schweiz voll mitgetragen werden, beweist, dass deren formale Neutralit\u00e4t solange Illusion bleibt, bis Druck aus der Bev\u00f6lkerung f\u00fcr politische Mehrheiten sorgt, die sie Realit\u00e4t werden l\u00e4sst.<\/p>\n","protected":false},"author":3,"featured_media":22664,"comment_status":"closed","ping_status":"closed","sticky":false,"template":"","format":"standard","meta":{"colormag_page_container_layout":"default_layout","colormag_page_sidebar_layout":"default_layout","advanced_seo_description":"","jetpack_seo_html_title":"","jetpack_seo_noindex":false,"jetpack_post_was_ever_published":false,"footnotes":""},"categories":[12,210],"tags":[511,1032,1121,1702,451,2641,563,56,1775,222,719,639,946,796,726,1153],"class_list":["post-22661","post","type-post","status-publish","format-standard","has-post-thumbnail","hentry","category-demokratie-medien-aufklaerung","category-positionen","tag-antizionismus","tag-bundesregierung","tag-donbass","tag-eu-kommission","tag-faschismus","tag-friedensbruecke","tag-menschenrechte","tag-nato","tag-resolution","tag-russland","tag-sanktionen","tag-ukraine-konflikt","tag-un-charta","tag-un-sicherheitsrat","tag-weltunion-der-freidenker","tag-westeuropa"],"jetpack_featured_media_url":"https:\/\/i0.wp.com\/www.freidenker.org\/fw17\/wp-content\/uploads\/2025\/08\/Denkmal_Faschismus_Potsdam_mit_WUF-Logo.jpg?fit=800%2C450&ssl=1","jetpack_shortlink":"https:\/\/wp.me\/p9stpK-5Tv","jetpack-related-posts":[{"id":12595,"url":"https:\/\/www.freidenker.org\/?p=12595","url_meta":{"origin":22661,"position":0},"title":"Freidenker zu den Osterm\u00e4rschen 2022","author":"Webredaktion","date":"10. April 2022","format":false,"excerpt":"Anl\u00e4sslich der bevorstehenden Osterm\u00e4rsche hat der Deutsche Freidenker-Verband ein Faltblatt herausgegeben. Wir ver\u00f6ffentlichen hier den einleitenden Text und bieten das gesamte Faltblatt zum Download an. Ukraine: Nein zu Faschismus und Krieg Wann begann der Krieg in der Ukraine? Von \u201eQualit\u00e4tsmedien\u201c und NATO-Politikern, selbst aus der Friedensbewegung h\u00f6ren wir von einem\u2026","rel":"","context":"In &quot;Frieden - Antifaschismus - Solidarit\u00e4t&quot;","block_context":{"text":"Frieden - Antifaschismus - Solidarit\u00e4t","link":"https:\/\/www.freidenker.org\/?cat=13"},"img":{"alt_text":"","src":"https:\/\/i0.wp.com\/www.freidenker.org\/fw17\/wp-content\/uploads\/2022\/04\/Faltblatt_grafik_800x450.jpg?fit=800%2C450&ssl=1&resize=350%2C200","width":350,"height":200,"srcset":"https:\/\/i0.wp.com\/www.freidenker.org\/fw17\/wp-content\/uploads\/2022\/04\/Faltblatt_grafik_800x450.jpg?fit=800%2C450&ssl=1&resize=350%2C200 1x, https:\/\/i0.wp.com\/www.freidenker.org\/fw17\/wp-content\/uploads\/2022\/04\/Faltblatt_grafik_800x450.jpg?fit=800%2C450&ssl=1&resize=525%2C300 1.5x, https:\/\/i0.wp.com\/www.freidenker.org\/fw17\/wp-content\/uploads\/2022\/04\/Faltblatt_grafik_800x450.jpg?fit=800%2C450&ssl=1&resize=700%2C400 2x"},"classes":[]},{"id":8476,"url":"https:\/\/www.freidenker.org\/?p=8476","url_meta":{"origin":22661,"position":1},"title":"Nord Stream 2 und die US-Sanktionen","author":"Webredaktion","date":"29. Juli 2020","format":false,"excerpt":"Beitrag von Jochen Scholz, Oberstleutnant a. D. Von Beginn der Bauarbeiten an machten die USA deutlich, dass sie nichts unversucht lassen w\u00fcrden, um die zweite Pipeline von Russland durch die Ostsee nach Deutschland zu verhindern. Waren es anfangs Einflussversuche auf diplomatischen Kan\u00e4len oder \u00fcber die Medien, die auf\u00a0 US-h\u00f6rige Mitglieder\u2026","rel":"","context":"In &quot;Frieden - Antifaschismus - Solidarit\u00e4t&quot;","block_context":{"text":"Frieden - Antifaschismus - Solidarit\u00e4t","link":"https:\/\/www.freidenker.org\/?cat=13"},"img":{"alt_text":"","src":"https:\/\/i0.wp.com\/www.freidenker.org\/fw17\/wp-content\/uploads\/2020\/07\/Nordstream_252808872_800x446_mR.jpg?fit=800%2C446&ssl=1&resize=350%2C200","width":350,"height":200,"srcset":"https:\/\/i0.wp.com\/www.freidenker.org\/fw17\/wp-content\/uploads\/2020\/07\/Nordstream_252808872_800x446_mR.jpg?fit=800%2C446&ssl=1&resize=350%2C200 1x, https:\/\/i0.wp.com\/www.freidenker.org\/fw17\/wp-content\/uploads\/2020\/07\/Nordstream_252808872_800x446_mR.jpg?fit=800%2C446&ssl=1&resize=525%2C300 1.5x, https:\/\/i0.wp.com\/www.freidenker.org\/fw17\/wp-content\/uploads\/2020\/07\/Nordstream_252808872_800x446_mR.jpg?fit=800%2C446&ssl=1&resize=700%2C400 2x"},"classes":[]},{"id":22923,"url":"https:\/\/www.freidenker.org\/?p=22923","url_meta":{"origin":22661,"position":2},"title":"FREIDENKER 3-25 \u2013 Thomas M\u00fcntzer: 500 Jahre Fr\u00fchb\u00fcrgerliche Revolution","author":"Webredaktion","date":"25. September 2025","format":false,"excerpt":"Die Ausgabe 3-25 des Verbandsorgans FREIDENKER hat das Schwerpunkt-Thema \u201eThomas M\u00fcntzer: 500 Jahre Fr\u00fchb\u00fcrgerliche Revolution\u201c und enth\u00e4lt u.a. folgende Beitr\u00e4ge: - Max Sievers: Um des Geistes Freiheit - Thomas Loch: Thomas M\u00fcntzer, Theologe und Revolution\u00e4r\u00a0 - Klaus Hartmann: Die fr\u00fchb\u00fcrgerliche Revolution als Vorl\u00e4ufer des neueren Sozialismus - Wolfgang Beck: Vom\u2026","rel":"","context":"In &quot;Verbandsorgan FREIDENKER&quot;","block_context":{"text":"Verbandsorgan FREIDENKER","link":"https:\/\/www.freidenker.org\/?cat=8"},"img":{"alt_text":"","src":"https:\/\/i0.wp.com\/www.freidenker.org\/fw17\/wp-content\/uploads\/2025\/09\/FD_2025-03_Titel_mR.jpg?fit=800%2C445&ssl=1&resize=350%2C200","width":350,"height":200,"srcset":"https:\/\/i0.wp.com\/www.freidenker.org\/fw17\/wp-content\/uploads\/2025\/09\/FD_2025-03_Titel_mR.jpg?fit=800%2C445&ssl=1&resize=350%2C200 1x, https:\/\/i0.wp.com\/www.freidenker.org\/fw17\/wp-content\/uploads\/2025\/09\/FD_2025-03_Titel_mR.jpg?fit=800%2C445&ssl=1&resize=525%2C300 1.5x, https:\/\/i0.wp.com\/www.freidenker.org\/fw17\/wp-content\/uploads\/2025\/09\/FD_2025-03_Titel_mR.jpg?fit=800%2C445&ssl=1&resize=700%2C400 2x"},"classes":[]},{"id":23475,"url":"https:\/\/www.freidenker.org\/?p=23475","url_meta":{"origin":22661,"position":3},"title":"Russlands Intervention und das internationale Recht &#8211; Eine Rekapitulation","author":"Webredaktion","date":"8. November 2025","format":false,"excerpt":"Beitrag von George Pumphrey \"Russland f\u00fchrt einen v\u00f6lkerrechtswidrigen Angriffskrieg gegen die Ukraine\". Dieses NATO-Narrativ, basierend auf einem selektiven Umgang mit der UN-Charta, hat sich als allgemeing\u00fcltige Meinung durchgesetzt. Es wurde auch von der Mehrheit in der Friedensbewegung sofort und unkritisch \u00fcbernommen. Obwohl die UN-Charta zur Nichtanwendung von Gewalt in internationalen\u2026","rel":"","context":"In &quot;Demokratie \u2013 Medien \u2013 Aufkl\u00e4rung&quot;","block_context":{"text":"Demokratie \u2013 Medien \u2013 Aufkl\u00e4rung","link":"https:\/\/www.freidenker.org\/?cat=12"},"img":{"alt_text":"","src":"https:\/\/i0.wp.com\/www.freidenker.org\/fw17\/wp-content\/uploads\/2025\/11\/Panzer_mit_Z_007_800x450.jpg?fit=800%2C450&ssl=1&resize=350%2C200","width":350,"height":200,"srcset":"https:\/\/i0.wp.com\/www.freidenker.org\/fw17\/wp-content\/uploads\/2025\/11\/Panzer_mit_Z_007_800x450.jpg?fit=800%2C450&ssl=1&resize=350%2C200 1x, https:\/\/i0.wp.com\/www.freidenker.org\/fw17\/wp-content\/uploads\/2025\/11\/Panzer_mit_Z_007_800x450.jpg?fit=800%2C450&ssl=1&resize=525%2C300 1.5x, https:\/\/i0.wp.com\/www.freidenker.org\/fw17\/wp-content\/uploads\/2025\/11\/Panzer_mit_Z_007_800x450.jpg?fit=800%2C450&ssl=1&resize=700%2C400 2x"},"classes":[]},{"id":14959,"url":"https:\/\/www.freidenker.org\/?p=14959","url_meta":{"origin":22661,"position":4},"title":"NATO z\u00fcndelt im Kosovo","author":"Webredaktion","date":"7. Januar 2023","format":false,"excerpt":"Beitrag von Klaus Hartmann Die regelm\u00e4\u00dfigen und j\u00fcngst wieder aufflammenden Konflikte zwischen Kosovo-Albanern und Serben rufen uns in Erinnerung, was aus dem Bewusstsein der Bev\u00f6lkerung im \u201eWesten\u201c verdr\u00e4ngt werden soll: Nicht der Konflikt in der Ukraine hat \u201eden Krieg nach Europa zur\u00fcckgebracht\u201c, sondern die NATO selbst mit ihrer v\u00f6lkerrechtswidrigen Aggression\u2026","rel":"","context":"In &quot;Demokratie \u2013 Medien \u2013 Aufkl\u00e4rung&quot;","block_context":{"text":"Demokratie \u2013 Medien \u2013 Aufkl\u00e4rung","link":"https:\/\/www.freidenker.org\/?cat=12"},"img":{"alt_text":"","src":"https:\/\/i0.wp.com\/www.freidenker.org\/fw17\/wp-content\/uploads\/2023\/01\/The_Killer_Bees_by_Harley_Copic_800x450.jpg?fit=800%2C450&ssl=1&resize=350%2C200","width":350,"height":200,"srcset":"https:\/\/i0.wp.com\/www.freidenker.org\/fw17\/wp-content\/uploads\/2023\/01\/The_Killer_Bees_by_Harley_Copic_800x450.jpg?fit=800%2C450&ssl=1&resize=350%2C200 1x, https:\/\/i0.wp.com\/www.freidenker.org\/fw17\/wp-content\/uploads\/2023\/01\/The_Killer_Bees_by_Harley_Copic_800x450.jpg?fit=800%2C450&ssl=1&resize=525%2C300 1.5x, https:\/\/i0.wp.com\/www.freidenker.org\/fw17\/wp-content\/uploads\/2023\/01\/The_Killer_Bees_by_Harley_Copic_800x450.jpg?fit=800%2C450&ssl=1&resize=700%2C400 2x"},"classes":[]},{"id":22283,"url":"https:\/\/www.freidenker.org\/?p=22283","url_meta":{"origin":22661,"position":5},"title":"FREIDENKER 2-25 \u2013 Faschismus: Formen, Wesen, Aktuelle Gefahren","author":"Webredaktion","date":"3. Juli 2025","format":false,"excerpt":"Die Ausgabe 2-25 des Verbandsorgans FREIDENKER hat das Schwerpunkt-Thema \u201eFaschismus \u2013 Formen, Wesen, Aktuelle Gefahren\u201c und enth\u00e4lt u.a. folgende Beitr\u00e4ge: - Tilo Graeser: In Moskau zum 80. Jahrestag des Sieges \u00fcber den Faschismus - Helmut Selinger: Ist die AfD als faschistisch zu charakterisieren? - Patrik Baab: \u00dcber Corona und Ukraine-Krieg\u2026","rel":"","context":"In &quot;Verbandsorgan FREIDENKER&quot;","block_context":{"text":"Verbandsorgan FREIDENKER","link":"https:\/\/www.freidenker.org\/?cat=8"},"img":{"alt_text":"","src":"https:\/\/i0.wp.com\/www.freidenker.org\/fw17\/wp-content\/uploads\/2025\/07\/FD_2025-02_Titel_mR.jpg?fit=800%2C445&ssl=1&resize=350%2C200","width":350,"height":200,"srcset":"https:\/\/i0.wp.com\/www.freidenker.org\/fw17\/wp-content\/uploads\/2025\/07\/FD_2025-02_Titel_mR.jpg?fit=800%2C445&ssl=1&resize=350%2C200 1x, https:\/\/i0.wp.com\/www.freidenker.org\/fw17\/wp-content\/uploads\/2025\/07\/FD_2025-02_Titel_mR.jpg?fit=800%2C445&ssl=1&resize=525%2C300 1.5x, https:\/\/i0.wp.com\/www.freidenker.org\/fw17\/wp-content\/uploads\/2025\/07\/FD_2025-02_Titel_mR.jpg?fit=800%2C445&ssl=1&resize=700%2C400 2x"},"classes":[]}],"_links":{"self":[{"href":"https:\/\/www.freidenker.org\/index.php?rest_route=\/wp\/v2\/posts\/22661","targetHints":{"allow":["GET"]}}],"collection":[{"href":"https:\/\/www.freidenker.org\/index.php?rest_route=\/wp\/v2\/posts"}],"about":[{"href":"https:\/\/www.freidenker.org\/index.php?rest_route=\/wp\/v2\/types\/post"}],"author":[{"embeddable":true,"href":"https:\/\/www.freidenker.org\/index.php?rest_route=\/wp\/v2\/users\/3"}],"replies":[{"embeddable":true,"href":"https:\/\/www.freidenker.org\/index.php?rest_route=%2Fwp%2Fv2%2Fcomments&post=22661"}],"version-history":[{"count":5,"href":"https:\/\/www.freidenker.org\/index.php?rest_route=\/wp\/v2\/posts\/22661\/revisions"}],"predecessor-version":[{"id":22667,"href":"https:\/\/www.freidenker.org\/index.php?rest_route=\/wp\/v2\/posts\/22661\/revisions\/22667"}],"wp:featuredmedia":[{"embeddable":true,"href":"https:\/\/www.freidenker.org\/index.php?rest_route=\/wp\/v2\/media\/22664"}],"wp:attachment":[{"href":"https:\/\/www.freidenker.org\/index.php?rest_route=%2Fwp%2Fv2%2Fmedia&parent=22661"}],"wp:term":[{"taxonomy":"category","embeddable":true,"href":"https:\/\/www.freidenker.org\/index.php?rest_route=%2Fwp%2Fv2%2Fcategories&post=22661"},{"taxonomy":"post_tag","embeddable":true,"href":"https:\/\/www.freidenker.org\/index.php?rest_route=%2Fwp%2Fv2%2Ftags&post=22661"}],"curies":[{"name":"wp","href":"https:\/\/api.w.org\/{rel}","templated":true}]}}