{"id":22644,"date":"2025-08-25T01:33:04","date_gmt":"2025-08-24T23:33:04","guid":{"rendered":"https:\/\/www.freidenker.org\/?p=22644"},"modified":"2025-09-16T03:07:31","modified_gmt":"2025-09-16T01:07:31","slug":"die-mitschuld-am-tod-hunderter-journalisten","status":"publish","type":"post","link":"https:\/\/www.freidenker.org\/?p=22644","title":{"rendered":"Die Mitschuld am Tod hunderter Journalisten"},"content":{"rendered":"<h5><strong>Israelische Kriegsverbrechen<\/strong><\/h5>\n<h4><strong>Die Mitschuld der westlichen Medien am Tod hunderter Journalisten in Gaza<\/strong><\/h4>\n<p><strong>In keinem Krieg wurden in so kurzer Zeit so viele Journalisten get\u00f6tet, wie im Gaza-Krieg. Die westlichen Medien verschlie\u00dfen davor die Augen und unterst\u00fctzen Israel sogar bei seinen Kriegsverbrechen gegen Journalistenkollegen.<\/strong><\/p>\n<p><em>Ein Kommentar von\u00a0<strong>Thomas R\u00f6per<\/strong><\/em><\/p>\n<p><span style=\"font-size: 10pt;\">Erstver\u00f6ffentlichung am 20.08.2025 auf <a href=\"https:\/\/anti-spiegel.ru\/2025\/die-mitschuld-der-westlichen-medien-am-tod-hunderter-journalisten-in-gaza\/\" target=\"_blank\" rel=\"noopener\">anti-spiegel.ru<\/a><\/span><br \/>\n<span style=\"font-size: 10pt;\">Auch ver\u00f6ffentlicht als Tagesdosis vom 21.08.2025 auf <a href=\"https:\/\/apolut.net\/die-mitschuld-am-tod-hunderter-journalisten-von-thomas-roper\/\" target=\"_blank\" rel=\"noopener\">apolut.net<\/a><\/span><\/p>\n<p>Der Beitrag ist auch als Audiopodcast verf\u00fcgbar:<\/p>\n<audio class=\"wp-audio-shortcode\" id=\"audio-22644-1\" preload=\"none\" style=\"width: 100%;\" controls=\"controls\"><source type=\"audio\/mpeg\" src=\"https:\/\/apolut.net\/content\/media\/2025\/08\/tagesdosis-20250821-apolut.mp3?_=1\" \/><a href=\"https:\/\/apolut.net\/content\/media\/2025\/08\/tagesdosis-20250821-apolut.mp3\">https:\/\/apolut.net\/content\/media\/2025\/08\/tagesdosis-20250821-apolut.mp3<\/a><\/audio>\n<p><span style=\"font-size: 10pt;\">Bereitgestellt von <a href=\"https:\/\/apolut.net\/die-mitschuld-am-tod-hunderter-journalisten-von-thomas-roper\/\" target=\"_blank\" rel=\"noopener\">apolut.net<\/a><\/span><br \/>\n<span style=\"font-size: 10pt;\"><a href=\"https:\/\/apolut.net\/content\/media\/2025\/08\/tagesdosis-20250821-apolut.mp3\" target=\"_blank\" rel=\"noopener\">Download<\/a><\/span><\/p>\n<p>&nbsp;<\/p>\n<p>Dass die meisten westlichen Journalisten nicht als Journalisten bezeichnet werden d\u00fcrften, ist mir schon lange aufgefallen. Der Grund ist, dass sie Journalistenkollegen verraten, wenn diese f\u00fcr ihre Arbeit bestraft werden. Das konnte die ganze Welt am Fall von Julian Assange sehen, zu dem die westlichen Medien weitgehend geschwiegen haben. Eine Medienkampagne, um Druck auf Gro\u00dfbritannien auszu\u00fcben, Assange freizulassen, dessen einziges \u201cVerbrechen\u201d die Aufdeckung von amerikanischen Kriegsverbrechen war, f\u00fcr die niemand ernsthaft bestraft wurde, gab es nicht.<\/p>\n<p>Wenn die ukrainischen Geheimdienste russische Journalisten gezielt ermorden, dann feiern westliche Medien dies regelrecht und bezeichnen die russischen Journalistenkollegen nicht als Journalisten, sondern als <em>\u201cPropagandisten\u201d<\/em> oder <em>\u201cNationalisten\u201d<\/em>, die man nach Meinung westlicher Medien anscheinend nicht nur ermorden darf, sondern auch muss.<\/p>\n<p>Ich erlebe den Unterschied in Russland bei jedem Gespr\u00e4ch mit Journalisten, denn die sind solidarisch mit Kollegen, auch wenn die eine andere Meinung vertreten. Russische Journalisten haben noch den Geist des Journalismus, bei dem unter Journalisten auch bei unterschiedlichen Meinungen Solidarit\u00e4t gelten muss, um den Beruf des Journalisten vor Verfolgung zu sch\u00fctzen (Ich wei\u00df, Leser westlicher Medien glauben mir hier kein Wort, aber es ist tats\u00e4chlich so. Kein ernstzunehmender russischer Journalist k\u00e4me auf die Idee, die Ermordung eines Journalisten in der Ukraine zu feiern)<\/p>\n<p>Besonders schlimm ist die Rolle derer, die sich im Westen als \u201cJournalisten\u201d bezeichnen beim Gaza-Krieg, denn in dem Krieg ermordet die israelische Armee gezielt Journalisten. In keinem anderen Krieg sind je in so kurzer Zeit so viele Journalisten get\u00f6tet worden, wie die israelische Armee in Gaza abgeschlachtet hat.<\/p>\n<p>Dar\u00fcber habe ich einen sehr informativen und nachdenklich machenden\u00a0<a href=\"https:\/\/thecradle.co\/articles\/dehumanize-and-destroy-how-western-media-helped-target-gazas-journalists?ref=apolut.net\" target=\"_blank\" rel=\"noopener noreferrer\">Artikel<\/a>\u00a0gefunden, den ich \u00fcbersetzt habe. Die Links habe ich aus dem Original \u00fcbernommen.<\/p>\n<p><span style=\"font-family: 'courier new', courier, monospace;\"><strong>Beginn der \u00dcbersetzung:<\/strong><\/span><\/p>\n<h4 style=\"padding-left: 40px;\"><strong>Entmenschlichen und zerst\u00f6ren: Wie westliche Medien halfen, Gazas Journalisten ins Visier zu nehmen.<\/strong><\/h4>\n<p style=\"padding-left: 40px;\"><strong>Wafa al-Udaini wurde aus demselben Grund ermordet wie Anas al-Sharif \u2013 als Teil einer westlich unterst\u00fctzten Kampagne, Gazas Journalisten zu diffamieren, zum Schweigen zu bringen und zu eliminieren.<\/strong><\/p>\n<p style=\"padding-left: 40px;\"><em>Von Robert Inlakesh |\u00a0The Cradle<\/em><\/p>\n<h5 style=\"padding-left: 40px;\">\u201eDie Moderatorin hat mich get\u00f6tet\u201c<\/h5>\n<p style=\"padding-left: 40px;\">Am 29. September 2024 griff ein israelischer Luftschlag das Haus der vertriebenen pal\u00e4stinensischen Journalistin\u00a0<a href=\"https:\/\/www.middleeastmonitor.com\/20240930-gaza-noted-palestinian-journalist-aludaini-and-family-martyred-in-israeli-air-strike\/?ref=apolut.net\" target=\"_blank\" rel=\"noopener noreferrer\">Wafa al-Udaini<\/a>\u00a0in Deir al-Balah im Zentrum des Gazastreifens an. Sie, ihr Ehemann und ihre zwei kleinen T\u00f6chter wurden get\u00f6tet. Ihre beiden S\u00f6hne \u00fcberlebten, wurden jedoch verletzt und zu Waisen.<\/p>\n<p style=\"padding-left: 40px;\">Udaini war schon lange ein Ziel. Zu Beginn des Krieges gegen Gaza trat sie in einer\u00a0<a href=\"https:\/\/www.youtube.com\/watch?v=aG0Zd2X8YJY&amp;ref=apolut.net\" target=\"_blank\" rel=\"noopener noreferrer\">Talk-Sendung<\/a>\u00a0im Fernsehen auf, die von der britischen Moderatorin Julia Hartley-Brewer geleitet wurde, die gerade ein sanftes Interview mit dem israelischen Armeesprecher Peter Lerner gef\u00fchrt hatte. Als al-Udaini die israelischen Angriffe auf Pal\u00e4stinenser als \u201eMassaker\u201c bezeichnete \u2013 dasselbe Wort, das Lerner in Bezug zur Hamas verwendet hatte \u2013 wurde sie verspottet und abgew\u00fcrgt.<\/p>\n<p style=\"padding-left: 40px;\">Der Ausschnitt ging viral. Israelische Medien nutzten das Interview als Waffe, um al-Udaini zu diffamieren. Bald erhielt sie direkte Drohungen vom israelischen Milit\u00e4r. In privaten Gespr\u00e4chen beschrieb sie sich als <em>\u201egebrandmarkte Frau\u201c<\/em>. In den folgenden Monaten, als sie von\u00a0The Cradle\u00a0gefragt wurde, ob sie aus ihrem Haus in al-Rimal in Gaza-Stadt, ausgezogen sei, antwortete sie:<em> \u201eIch kann das nicht sagen, tut mir leid.\u201c <\/em>Sie f\u00fcgte hinzu:<\/p>\n<p style=\"padding-left: 80px;\">\u201eDie Moderatorin hat mich get\u00f6tet \u2026 Sie benutzen das Interview, um meine T\u00f6tung zu rechtfertigen.\u201c<\/p>\n<p style=\"padding-left: 40px;\">Monate sp\u00e4ter t\u00f6tete Israel Wafa.<\/p>\n<p style=\"padding-left: 40px;\">Die Ermordung von Wafa war kein Einzelfall. Sie war der H\u00f6hepunkt einer Kampagne, die\u00a0<a href=\"https:\/\/thecradle.co\/articles\/israels-army-formed-special-intel-unit-to-justify-killing-of-hundreds-of-gaza-journalists?ref=apolut.net\" target=\"_blank\" rel=\"noopener noreferrer\">Ausl\u00f6schung pal\u00e4stinensischer Journalisten zu normalisieren<\/a>. Die Besatzungsarmee hat sogar eine spezielle Einheit, die diesem Kriegsverbrechen gewidmet ist und als \u201eLegitimationszelle\u201c bekannt ist.<\/p>\n<h5 style=\"padding-left: 40px;\">Die Ermordung von Anas al-Sharif<\/h5>\n<p style=\"padding-left: 40px;\">Das j\u00fcngste prominente Beispiel war die Ermordung eines der bekanntesten Reporter Gazas durch Israel, des Journalisten von al-Jazeera Anas al-Sharif, und seiner gesamten Crew. Seit Oktober 2023 sind fast 270 pal\u00e4stinensische Journalisten get\u00f6tet worden. Die westliche Presse hat aktiv dazu beigetragen, die Ermordung von Journalisten in Gaza zu vertuschen und den Besatzungsstaat nicht zur Verantwortung zu ziehen. Forderungen nach Rechenschaft haben Israel und die westlichen Medien herausgefordert, die die gezielte Kampagne zur Ermordung von Journalisten gedeckt haben.<\/p>\n<p style=\"padding-left: 40px;\">Bereits im Oktober 2024 ver\u00f6ffentlichte das israelische Milit\u00e4r eine\u00a0<a href=\"https:\/\/www.cbc.ca\/news\/world\/israel-gaza-al-jazeera-journalists-1.7361844?ref=apolut.net\" target=\"_blank\" rel=\"noopener noreferrer\">Todesliste<\/a>\u00a0mit sechs pal\u00e4stinensischen Journalisten, die f\u00fcr al-Jazeera arbeiteten, und behauptete, der Besatzungsstaat habe Dokumente erlangt, die bewiesen, dass sie entweder K\u00e4mpfer der Hamas oder der PIJ seien. Sharif stand auf dieser Liste.<\/p>\n<p style=\"padding-left: 40px;\">Al-Jazeera\u00a0<a href=\"https:\/\/network.aljazeera.net\/en\/press-releases\/al-jazeera-condemns-israeli-accusations-towards-its-journalists-gaza-and-warns?ref=apolut.net\" target=\"_blank\" rel=\"noopener noreferrer\">wies die Anschuldigungen zur\u00fcck<\/a>. Die sogenannten Geheimdienstakten, die Israel ver\u00f6ffentlichte, waren voller Widerspr\u00fcche, Erfindungen und recycelter Narrative. Eine behauptete, al-Sharif sei Kommandeur in der Nukhba-Einheit der Qassem-Brigaden gewesen; eine andere erkl\u00e4rte, er sei Anfang 2023 bei einer \u00dcbung verletzt worden und f\u00fcr den Kampf ungeeignet. Beide Behauptungen k\u00f6nnen nicht zugleich wahr sein. Tats\u00e4chlich ist keine davon zutreffend.<\/p>\n<p style=\"padding-left: 40px;\">Als der Besatzungsstaat die Ermordung von al-Sharif bekannt gab, versch\u00e4rfte er seine Diffamierungskampagne, indem er ihn\u00a0<a href=\"https:\/\/www.ynetnews.com\/article\/hjbv0qpdxg?ref=apolut.net\" target=\"_blank\" rel=\"noopener noreferrer\">beschuldigte<\/a>, Raketen abgefeuert zu haben. Ein hochrangiger Funktion\u00e4r der Hamas wies die Behauptung gegen\u00fcber\u00a0The Cradle\u00a0unter der Bedingung der Anonymit\u00e4t als<em> \u201el\u00e4cherlich\u201c<\/em> zur\u00fcck und merkte an, dass Raketen-Einheiten und Kr\u00e4fte der Nukhba nicht dasselbe seien und dass Anas nie einer von beiden angeh\u00f6rt habe.<\/p>\n<p style=\"padding-left: 40px;\">Dies waren nicht die ersten Drohungen, die Anas erhielt. Am 22. November 2023 enth\u00fcllte er \u00f6ffentlich, dass israelische Offiziere ihm \u00fcber WhatsApp\u00a0<a href=\"https:\/\/x.com\/AnasAlSharif0\/status\/1727394597708673461?ref=apolut.net\" target=\"_blank\" rel=\"noopener noreferrer\">gedroht<\/a>\u00a0und seinen Standort geortet hatten. Wochen sp\u00e4ter wurde sein 90-j\u00e4hriger Vater bei einem Luftschlag auf das Haus der Familie im Fl\u00fcchtlingslager Jabalia\u00a0<a href=\"https:\/\/cpj.org\/2023\/12\/father-of-al-jazeeras-anas-al-sharif-killed-in-gaza-after-journalist-receives-threats\/?ref=apolut.net\" target=\"_blank\" rel=\"noopener noreferrer\">get\u00f6tet<\/a>.<\/p>\n<p style=\"padding-left: 40px;\">Die israelischen Milit\u00e4rdokumente, in denen Anas als K\u00e4mpfer bezeichnet wurde, sind seit fast einem Jahr verf\u00fcgbar. Doch kein gro\u00dfes Medienunternehmen versuchte, sie zu \u00fcberpr\u00fcfen. Allerdings wiesen sowohl die UN-Sonderberichterstatterin f\u00fcr Pressefreiheit, Irene Khan, als auch das Komitee zum Schutz von Journalisten die israelischen Behauptungen zur\u00fcck. Aber die Desinformationskampagne intensivierte sich.<\/p>\n<p style=\"padding-left: 40px;\">Das israelische Au\u00dfenministerium begann, alte Fotos von Anas zu verbreiten, die ihn mit Funktion\u00e4ren der Hamas zeigen. Pro-israelische Social-Media-Accounts gruben Jahrzehnte alte Tweets aus, in denen er seine Unterst\u00fctzung f\u00fcr den Widerstand ausdr\u00fcckte. Der US-Anwalt Stanley Cohen sagte gegen\u00fcber\u00a0The Cradle:<\/p>\n<p style=\"padding-left: 80px;\">\u201eNach dem humanit\u00e4ren V\u00f6lkerrecht und dem Kriegsrecht sind Journalisten als Zivilisten gesch\u00fctzt. Sie ins Visier zu nehmen kann daher ein Kriegsverbrechen darstellen, selbst wenn sie beim Interviewen von K\u00e4mpfern gesehen werden oder in ihrer Berichterstattung positiv \u00fcber diese und ihre Ziele geschrieben oder sie unterst\u00fctzt haben.\u201c<\/p>\n<h5 style=\"padding-left: 40px;\">Verschw\u00f6rung und Verst\u00e4rkung<\/h5>\n<p style=\"padding-left: 40px;\">Obwohl westliche Medien Zugang zu all diesen Informationen und zu Israels langer Geschichte von erfundenen Geschichten hatten, verst\u00e4rkten sie weiterhin das Narrativ aus Tel Aviv und die Rufmordkampagnen gegen Gazas Journalisten.<\/p>\n<p style=\"padding-left: 40px;\">W\u00e4hrend Israel eine Reihe von Behauptungen aufstellte, um die Ermordung von Anas al-Sharif zu rechtfertigen, gab es keinerlei Rechtfertigung f\u00fcr den Angriff auf das allseits bekannte Zelt des Teams von al-Jazeera, darunter Korrespondent Mohammed Qreiqeh, Assistent Mohammed Noufal sowie die Kameram\u00e4nner Ibrahim Zaher und Moamen Aliwa.<\/p>\n<p style=\"padding-left: 40px;\">Trotzdem titelte\u00a0Reuters\u00a0<a href=\"https:\/\/www.reuters.com\/world\/middle-east\/israel-strike-kills-al-jazeera-journalists-gaza-2025-08-11\/?ref=apolut.net\" target=\"_blank\" rel=\"noopener noreferrer\">\u201e<em>Israel t\u00f6tet Journalisten von al-Jazeera, den es als Hamas-F\u00fchrer bezeichnet\u201c<\/em><\/a>, eine Schlagzeile, die so viel Gegenreaktion hervorrief, dass sie in das abgeschw\u00e4chte <em>\u201eIsraelischer Angriff t\u00f6tet Journalisten von al-Jazeera in Gaza\u201c<\/em> ge\u00e4ndert wurde.<\/p>\n<p style=\"padding-left: 40px;\">Das deutsche Boulevard-Blatt\u00a0Bild, die auflagenst\u00e4rkste Zeitung Europas, ver\u00f6ffentlichte vielleicht die emp\u00f6rendste \u00dcberschrift:\u00a0<a href=\"https:\/\/x.com\/tparsi\/status\/1954902316982661464?ref=apolut.net\" target=\"_blank\" rel=\"noopener noreferrer\"><em>\u201eAls Journalist getarnter Terrorist in Gaza get\u00f6tet\u201c<\/em><\/a>, sp\u00e4ter ebenfalls ge\u00e4ndert in\u00a0<a href=\"https:\/\/x.com\/tparsi\/status\/1954902316982661464?ref=apolut.net\" target=\"_blank\" rel=\"noopener noreferrer\"><em>\u201eGet\u00f6teter Journalist war angeblich ein Terrorist\u201c<\/em><\/a>.\u00a0<a href=\"https:\/\/www.foxnews.com\/world\/israel-says-al-jazeera-journalist-killed-airstrike-head-hamas-terrorist-cell?ref=apolut.net\" target=\"_blank\" rel=\"noopener noreferrer\">Fox News<\/a>\u00a0und Kanadas\u00a0<a href=\"https:\/\/nationalpost.com\/news\/world\/israel-middle-east\/idf-kills-hamas-terror-cell-leader-posing-as-al-jazeera-journalist?ref=apolut.net\" target=\"_blank\" rel=\"noopener noreferrer\">National Post<\/a>\u00a0stimmten in den Chor ein und plapperten das Narrativ der Besatzungsarmee nach.<\/p>\n<p style=\"padding-left: 40px;\">Die\u00a0<a href=\"https:\/\/x.com\/Hamza_a96\/status\/1954666053151105212?ref=apolut.net\" target=\"_blank\" rel=\"noopener noreferrer\">Berichterstattung der\u00a0BBC<\/a>\u00a0war ebenso mitschuldig. In einem\u00a0<a href=\"https:\/\/www.bbc.com\/news\/articles\/c6200wnez73o?ref=apolut.net\" target=\"_blank\" rel=\"noopener noreferrer\">profilartigen Artikel<\/a>\u00a0erkl\u00e4rte der britische Sender:<em> \u201eDie BBC versteht, dass al-Sharif vor dem aktuellen Konflikt f\u00fcr ein Hamas-Medienteam in Gaza gearbeitet hat\u201c<\/em>. Diese unbelegte Behauptung widerspricht Sharifs eigenen, vor dem Krieg ge\u00e4u\u00dferten Kritiken an Hamas. Selbst die pal\u00e4stinensische Widerstandsbewegung bestritt eine formale Zugeh\u00f6rigkeit. Hamas-Funktion\u00e4r Bassem Naim sagte gegen\u00fcber\u00a0The Cradle, es gebe keine bekannte Beziehung zwischen al-Sharif und<em> \u201eder Bewegung oder ihrem milit\u00e4rischen Fl\u00fcgel\u201c.<\/em><\/p>\n<h5 style=\"padding-left: 40px;\">Dokumentierte Zielerfassung und Widerspruch in Redaktionen<\/h5>\n<p style=\"padding-left: 40px;\">Die Vers\u00e4umnisse westlicher Medien begannen lange vor diesen Ermordungen. Israels systematische Angriffe auf Medienarbeiter sind umfangreich dokumentiert. Im August 2024 ver\u00f6ffentlichte Human Rights Watch (HRW) einen\u00a0<a href=\"https:\/\/www.hrw.org\/news\/2024\/08\/26\/joint-statement-requesting-eu-action-israels-unprecedented-killing-journalists-and?ref=apolut.net\" target=\"_blank\" rel=\"noopener noreferrer\">offenen Brief<\/a>, den \u00fcber 60 Menschenrechtsgruppen und Journalistenverb\u00e4nde unterzeichnet hatten und der die EU aufforderte, gegen Israels<\/p>\n<p style=\"padding-left: 80px;\">\u201ebeispiellose T\u00f6tung von Journalisten und andere Verletzungen der Pressefreiheit\u201c in Gaza als Teil \u201eweit verbreiteter und systematischer Missbr\u00e4uche\u201c vorzugehen.<\/p>\n<p style=\"padding-left: 40px;\">Innerhalb der Redaktionen wuchs der Widerspruch. Marina Watanabe, ehemals von der\u00a0LA Times, wurde f\u00fcr drei Monate von der Berichterstattung \u00fcber Pal\u00e4stina ausgeschlossen, nachdem sie eine Petition gegen die T\u00f6tung von Journalisten unterzeichnet hatte. Im Juli unterzeichneten \u00fcber 100 Mitarbeiter der BBC und 306 Medienfachleute einen offenen Brief, in dem sie den Sender des<em> \u201eanti-pal\u00e4stinensischen Rassismus\u201c<\/em> beschuldigten.<\/p>\n<p style=\"padding-left: 40px;\">In diesem Brief hei\u00dft es au\u00dferdem:<\/p>\n<p style=\"padding-left: 80px;\"><em>\u201eDie redaktionellen Entscheidungen der BBC scheinen zunehmend aus der Realit\u00e4t herauszufallen. Wir mussten zu dem Schluss kommen, dass Entscheidungen getroffen werden, um einer politischen Agenda zu entsprechen, statt den Bed\u00fcrfnissen des Publikums zu dienen. Als Brancheninsider und als Mitarbeiter der BBC haben wir dies aus erster Hand erlebt. Das Problem ist mit den j\u00fcngsten Eskalationen in der Region noch dringlicher geworden. Wieder hat die Berichterstattung der BBC Israels Rolle heruntergespielt und damit ein \u201aIsrael-first\u2018-Framing verst\u00e4rkt, das unsere Glaubw\u00fcrdigkeit untergr\u00e4bt.\u201c<\/em><\/p>\n<p style=\"padding-left: 40px;\">Laut Cohen k\u00f6nnte es, wenn Medienagenturen oder Reporter nachweislich an Propaganda beteiligt sind, die als Deckung f\u00fcr die gezielte T\u00f6tung von Journalisten in Gaza dient, <em>\u201eeine Verschw\u00f6rung zur F\u00f6rderung von Handlungen des V\u00f6lkermords darstellen, da es diese Geisteshaltung und Absicht mit sich tr\u00e4gt\u201c<\/em>. Er argumentiert, dass solche F\u00e4lle gegen Medien und Journalisten zwar schwer vor Gericht zu gewinnen seien, es jedoch Pr\u00e4zedenzf\u00e4lle f\u00fcr Strafen gebe.<\/p>\n<p style=\"padding-left: 40px;\">Westliche Konzernmedien sind jedoch nicht nur beschuldigt worden, Israel absichtlich bei der Reinwaschung von Kriegsverbrechen geholfen zu haben, sondern auch in spezifische F\u00e4lle offener Entmenschlichung von Gazas Journalisten verwickelt zu sein, die direkt mit Drohungen und Bel\u00e4stigungen korrelierten.<\/p>\n<h5 style=\"padding-left: 40px;\">Straffreiheit durch vergangene T\u00f6tungen geebnet<\/h5>\n<p style=\"padding-left: 40px;\">Das B\u00fcro des Hohen Kommissars der Vereinten Nationen f\u00fcr Menschenrechte (OHCHR) schl\u00e4gt wegen der Ermordung von Journalisten in Gaza\u00a0<a href=\"https:\/\/www.un.org\/unispal\/document\/killings-of-journalists-and-their-family-members-in-gaza-dec14-2023\/?ref=apolut.net\" target=\"_blank\" rel=\"noopener noreferrer\">seit dem 14. Dezember 2023<\/a>\u00a0Alarm. Dennoch haben westliche Konzernmedien weiterhin Unwissenheit vorget\u00e4uscht und Israels wiederholte L\u00fcgen behandelt, als seien sie glaubw\u00fcrdig.<\/p>\n<p style=\"padding-left: 40px;\">Reuters, das gerade seine voreingenommene Schlagzeile zur Ermordung von al-Sharif ver\u00f6ffentlicht und dann ge\u00e4ndert hat, ist vielleicht einer der schlimmsten T\u00e4ter bei der absichtlichen Verschleierung von Israels Verbrechen. Am 13. Oktober 2023 griff Tel Aviv eine Gruppe von Journalisten im S\u00fcden des Libanons an und t\u00f6tete den Videojournalisten von\u00a0Reuters\u00a0<a href=\"https:\/\/thecradle.co\/articles\/over-two-dozen-journalists-killed-by-israeli-bombs-in-gaza?ref=apolut.net\" target=\"_blank\" rel=\"noopener noreferrer\">Issam Abdallah<\/a>. Damals weigerte sich\u00a0<em>Reuters<\/em>, den Angreifer zu benennen, und erkl\u00e4rte nur, dass das Geschoss aus Richtung Israel gekommen sei. Erst am 7. Dezember ver\u00f6ffentlichte die Agentur eine Untersuchung, die\u00a0<a href=\"https:\/\/www.reuters.com\/graphics\/ISRAEL-LEBANON\/JOURNALIST\/akveabxrzvr\/?ref=apolut.net\" target=\"_blank\" rel=\"noopener noreferrer\">best\u00e4tigte<\/a>, was ohnehin jeder wusste: Israel war verantwortlich. Zu diesem Zeitpunkt war das Fenster f\u00fcr Rechenschaft l\u00e4ngst geschlossen.<\/p>\n<p style=\"padding-left: 40px;\">Am 11. Mai 2021 wurde die pal\u00e4stinensisch-amerikanische Journalistin von\u00a0<a href=\"https:\/\/www.aljazeera.com\/news\/2023\/5\/11\/one-year-on-no-justice-at-icc-for-shireen-abu-akleh?ref=apolut.net\" target=\"_blank\" rel=\"noopener noreferrer\">al-Jazeera<\/a>\u00a0Shireen Abu Akleh von einem israelischen Scharfsch\u00fctzen erschossen, w\u00e4hrend sie \u00fcber eine Razzia der israelischen Armee in der besetzten Stadt Jenin in der Westbank berichtete. Trotz erdr\u00fcckender Beweise und internationaler Emp\u00f6rung wurden ihre M\u00f6rder nicht belangt \u2013 ein Pr\u00e4zedenzfall, der den Weg f\u00fcr die heutige Jagd auf Gazas Journalisten ebnete.<\/p>\n<p style=\"padding-left: 40px;\">Dieses Schweigen \u2013 oder schlimmer noch: diese Mitt\u00e4terschaft \u2013 hat\u00a0<a href=\"https:\/\/thecradle.co\/articles\/western-media-whitewashes-israels-murder-of-al-jazeera-journalist?ref=apolut.net\" target=\"_blank\" rel=\"noopener noreferrer\">Konsequenzen<\/a>. Ehrlicher Journalismus verlangt \u00dcberpr\u00fcfung, nicht Protokollf\u00fchrung. Jedes Mal, wenn westliche Medien die L\u00fcgen aus Tel Aviv nachplappern, helfen sie dabei, das Abschlachten pal\u00e4stinensischer Journalisten zu normalisieren \u2013 nicht aus Unwissenheit, sondern um bewusst Propaganda zu verbreiten.<\/p>\n<p><span style=\"font-family: 'courier new', courier, monospace;\"><strong>Ende der \u00dcbersetzung<\/strong><\/span><\/p>\n<p id=\"anmerkungen\" style=\"text-align: right;\"><em>Thomas R\u00f6per, geboren 1971, lebt seit \u00fcber 15 Jahren in Russland. Die Schwerpunkte seiner medienkritischen Arbeit sind das (mediale) Russlandbild in Deutschland, Kritik an der Berichterstattung westlicher Medien im Allgemeinen und die Themen (Geo-)Politik und Wirtschaft.<\/em><\/p>\n<p style=\"text-align: right;\"><em>Robert Inlakesh\u00a0ist Politikwissenschaftler, Journalist und Dokumentarfilmer. Er berichtete aus den besetzten pal\u00e4stinensischen Gebieten und lebte dort. Er arbeitete f\u00fcr RT, Middle East Eye, The New Arab, MEMO, Mint Press News, al-Mayadeen English, TRT World und verschiedene andere Medien. Er arbeitete als Nachrichtenkorrespondent, Politikwissenschaftler und produzierte zahlreiche Dokumentarfilme.<\/em><\/p>\n<p>&nbsp;<\/p>\n<hr \/>\n<p><span style=\"font-size: 10pt;\">Bild oben: <a href=\"https:\/\/pixabay.com\/de\/photos\/kameramann-kamera-dr%C3%BCcken-sie-6467051\/\" target=\"_blank\" rel=\"noopener\">pixabay.com<\/a> \/ <a class=\"userName--owby3\" href=\"https:\/\/pixabay.com\/de\/users\/hosnysalah-10285169\/\" target=\"_blank\" rel=\"noopener\">hosnysalah<\/a> \/ <a href=\"https:\/\/pixabay.com\/de\/service\/license-summary\/\" target=\"_blank\" rel=\"noopener\">Inhaltslizenz<\/a><\/span><\/p>\n","protected":false},"excerpt":{"rendered":"<p><b>Ein Kommentar von\u00a0Thomas R\u00f6per<\/b><br \/>\nDass die meisten westlichen Journalisten nicht als Journalisten bezeichnet werden d\u00fcrften, ist mir schon lange aufgefallen. Der Grund ist, dass sie Journalistenkollegen verraten, wenn diese f\u00fcr ihre Arbeit bestraft werden. Das konnte die ganze Welt am Fall von Julian Assange sehen, zu dem die westlichen Medien weitgehend geschwiegen haben. Eine Medienkampagne, um Druck auf Gro\u00dfbritannien auszu\u00fcben, Assange freizulassen, dessen einziges \u201cVerbrechen\u201d die Aufdeckung von amerikanischen Kriegsverbrechen war, f\u00fcr die niemand ernsthaft bestraft wurde, gab es nicht. Wenn die ukrainischen Geheimdienste russische Journalisten gezielt ermorden, dann feiern westliche Medien dies regelrecht und bezeichnen die russischen Journalistenkollegen nicht als Journalisten, sondern als \u201cPropagandisten\u201d oder \u201cNationalisten\u201d, die man nach Meinung westlicher Medien anscheinend nicht nur ermorden darf, sondern auch muss.<\/p>\n","protected":false},"author":3,"featured_media":22646,"comment_status":"closed","ping_status":"closed","sticky":false,"template":"","format":"standard","meta":{"colormag_page_container_layout":"default_layout","colormag_page_sidebar_layout":"default_layout","advanced_seo_description":"","jetpack_seo_html_title":"","jetpack_seo_noindex":false,"jetpack_post_was_ever_published":false,"footnotes":""},"categories":[12],"tags":[2462,2568,1172,1954,393,1315,395,1586,1955,394,1388,2651,218],"class_list":["post-22644","post","type-post","status-publish","format-standard","has-post-thumbnail","hentry","category-demokratie-medien-aufklaerung","tag-berichterstattung","tag-drohung","tag-gaza","tag-hamas","tag-israel","tag-journalismus","tag-meinungsfreiheit","tag-mord","tag-nahostkonflikt","tag-palaestina","tag-presse","tag-toeten","tag-unterdrueckung"],"jetpack_featured_media_url":"https:\/\/i0.wp.com\/www.freidenker.org\/fw17\/wp-content\/uploads\/2025\/08\/cameraman-6467051_800x450.jpg?fit=800%2C450&ssl=1","jetpack_shortlink":"https:\/\/wp.me\/p9stpK-5Te","jetpack-related-posts":[{"id":23359,"url":"https:\/\/www.freidenker.org\/?p=23359","url_meta":{"origin":22644,"position":0},"title":"Deutsche Journalisten und Israel \u2013 Zu lange geschwiegen","author":"Webredaktion","date":"29. Oktober 2025","format":false,"excerpt":"Beitrag Von Karin Leukefeld. Ausl\u00e4ndische Journalisten berichten seit 748 Tagen aus Israel \u00fcber den israelischen Feldzug gegen Gaza. Manche von ihnen fuhren \u201eembedded\u201c in Jeeps oder auf Panzern der israelischen Streitkr\u00e4fte mit der israelischen Armee durch die Tr\u00fcmmerw\u00fcste. Ber\u00fchmt sind die Fotos von einer Art Aussichtsh\u00fcgel s\u00fcdlich von Ashdod an\u2026","rel":"","context":"In &quot;Demokratie \u2013 Medien \u2013 Aufkl\u00e4rung&quot;","block_context":{"text":"Demokratie \u2013 Medien \u2013 Aufkl\u00e4rung","link":"https:\/\/www.freidenker.org\/?cat=12"},"img":{"alt_text":"","src":"https:\/\/i0.wp.com\/www.freidenker.org\/fw17\/wp-content\/uploads\/2025\/10\/Netanjahu_December_2023_800x450.jpg?fit=800%2C450&ssl=1&resize=350%2C200","width":350,"height":200,"srcset":"https:\/\/i0.wp.com\/www.freidenker.org\/fw17\/wp-content\/uploads\/2025\/10\/Netanjahu_December_2023_800x450.jpg?fit=800%2C450&ssl=1&resize=350%2C200 1x, https:\/\/i0.wp.com\/www.freidenker.org\/fw17\/wp-content\/uploads\/2025\/10\/Netanjahu_December_2023_800x450.jpg?fit=800%2C450&ssl=1&resize=525%2C300 1.5x, https:\/\/i0.wp.com\/www.freidenker.org\/fw17\/wp-content\/uploads\/2025\/10\/Netanjahu_December_2023_800x450.jpg?fit=800%2C450&ssl=1&resize=700%2C400 2x"},"classes":[]},{"id":22770,"url":"https:\/\/www.freidenker.org\/?p=22770","url_meta":{"origin":22644,"position":1},"title":"V\u00f6lkermord und von Menschen gemachte Hungersnot","author":"Webredaktion","date":"7. September 2025","format":false,"excerpt":"UNO-Experten fordern alle Mitgliedstaaten auf, Israel zu stoppen Beitrag von Karin Leukefeld Im zweiw\u00f6chentlichen Bericht des UNO-Nothilfeprogramms OCHA \u00fcber die Situation in Gaza hei\u00dft es, da\u00df zwischen dem 27. August und dem 3. September 2025, also innerhalb einer Woche, 571 Pal\u00e4stinenser get\u00f6tet und 2.318 verletzt wurden. Die Gesamtzahl get\u00f6teter Pal\u00e4stinenser\u2026","rel":"","context":"In &quot;Frieden - Antifaschismus - Solidarit\u00e4t&quot;","block_context":{"text":"Frieden - Antifaschismus - Solidarit\u00e4t","link":"https:\/\/www.freidenker.org\/?cat=13"},"img":{"alt_text":"","src":"https:\/\/i0.wp.com\/www.freidenker.org\/fw17\/wp-content\/uploads\/2025\/09\/Israeli_airstrike_on_Gaza_Strip_during_Gaza_War_23-25_800x450.jpg?fit=800%2C450&ssl=1&resize=350%2C200","width":350,"height":200,"srcset":"https:\/\/i0.wp.com\/www.freidenker.org\/fw17\/wp-content\/uploads\/2025\/09\/Israeli_airstrike_on_Gaza_Strip_during_Gaza_War_23-25_800x450.jpg?fit=800%2C450&ssl=1&resize=350%2C200 1x, https:\/\/i0.wp.com\/www.freidenker.org\/fw17\/wp-content\/uploads\/2025\/09\/Israeli_airstrike_on_Gaza_Strip_during_Gaza_War_23-25_800x450.jpg?fit=800%2C450&ssl=1&resize=525%2C300 1.5x, https:\/\/i0.wp.com\/www.freidenker.org\/fw17\/wp-content\/uploads\/2025\/09\/Israeli_airstrike_on_Gaza_Strip_during_Gaza_War_23-25_800x450.jpg?fit=800%2C450&ssl=1&resize=700%2C400 2x"},"classes":[]},{"id":22719,"url":"https:\/\/www.freidenker.org\/?p=22719","url_meta":{"origin":22644,"position":2},"title":"Die Feigheit westlicher Journalisten angesichts des israelischen V\u00f6lkermordes","author":"Webredaktion","date":"1. September 2025","format":false,"excerpt":"von Tilo Gr\u00e4ser Die Deutsche Welle geh\u00f6rt zu den vielen Medien, die Israel nicht zur Rechenschaft ziehen. Darauf macht der US-Journalist David Cronin in einem aktuellen Beitrag auf dem Onlineportal The Electronic Intifada (TEI) aufmerksam, dessen Mitherausgeber er ist. Cronin weist auf das Beispiel des Journalisten Jack Parrock hin, der\u2026","rel":"","context":"In &quot;Demokratie \u2013 Medien \u2013 Aufkl\u00e4rung&quot;","block_context":{"text":"Demokratie \u2013 Medien \u2013 Aufkl\u00e4rung","link":"https:\/\/www.freidenker.org\/?cat=12"},"img":{"alt_text":"","src":"https:\/\/i0.wp.com\/www.freidenker.org\/fw17\/wp-content\/uploads\/2025\/09\/gaza-6017354_800x450.jpg?fit=800%2C450&ssl=1&resize=350%2C200","width":350,"height":200,"srcset":"https:\/\/i0.wp.com\/www.freidenker.org\/fw17\/wp-content\/uploads\/2025\/09\/gaza-6017354_800x450.jpg?fit=800%2C450&ssl=1&resize=350%2C200 1x, https:\/\/i0.wp.com\/www.freidenker.org\/fw17\/wp-content\/uploads\/2025\/09\/gaza-6017354_800x450.jpg?fit=800%2C450&ssl=1&resize=525%2C300 1.5x, https:\/\/i0.wp.com\/www.freidenker.org\/fw17\/wp-content\/uploads\/2025\/09\/gaza-6017354_800x450.jpg?fit=800%2C450&ssl=1&resize=700%2C400 2x"},"classes":[]},{"id":12336,"url":"https:\/\/www.freidenker.org\/?p=12336","url_meta":{"origin":22644,"position":3},"title":"Stimmungsmache f\u00fcr den Krieg &#8211; wie Bilder l\u00fcgen k\u00f6nnen","author":"Webredaktion","date":"27. Februar 2022","format":false,"excerpt":"Beitrag von Evelyn Hecht-Galinski Am ersten Tag des ersten gro\u00dfen Landkriegs in Europa seit Jahrzehnten hat Moskau gestern eine gro\u00df angelegte Invasion der Ukraine zu Lande, zu Wasser und aus der Luft gestartet. .... Aus der Region erreichen uns Bilder und Videos von dem russischen Angriff, die Tod und Verw\u00fcstung\u2026","rel":"","context":"In &quot;Demokratie \u2013 Medien \u2013 Aufkl\u00e4rung&quot;","block_context":{"text":"Demokratie \u2013 Medien \u2013 Aufkl\u00e4rung","link":"https:\/\/www.freidenker.org\/?cat=12"},"img":{"alt_text":"","src":"https:\/\/i0.wp.com\/www.freidenker.org\/fw17\/wp-content\/uploads\/2022\/02\/gazaGettyImages-1232810997_800x450.jpg?fit=800%2C450&ssl=1&resize=350%2C200","width":350,"height":200,"srcset":"https:\/\/i0.wp.com\/www.freidenker.org\/fw17\/wp-content\/uploads\/2022\/02\/gazaGettyImages-1232810997_800x450.jpg?fit=800%2C450&ssl=1&resize=350%2C200 1x, https:\/\/i0.wp.com\/www.freidenker.org\/fw17\/wp-content\/uploads\/2022\/02\/gazaGettyImages-1232810997_800x450.jpg?fit=800%2C450&ssl=1&resize=525%2C300 1.5x, https:\/\/i0.wp.com\/www.freidenker.org\/fw17\/wp-content\/uploads\/2022\/02\/gazaGettyImages-1232810997_800x450.jpg?fit=800%2C450&ssl=1&resize=700%2C400 2x"},"classes":[]},{"id":22709,"url":"https:\/\/www.freidenker.org\/?p=22709","url_meta":{"origin":22644,"position":4},"title":"Fast-Abschaffung der Pressefreiheit \u2013 R\u00f6per und Lipp klagen gegen EU-Sanktionen","author":"Webredaktion","date":"1. September 2025","format":false,"excerpt":"Beitrag von Felicitas Rabe\u00a0 Die Journalisten Alina Lipp und Thomas R\u00f6per wurden im Mai dieses Jahres als erste europ\u00e4ische B\u00fcrger im 17. EU-Sanktionspaket gegen die Russische F\u00f6deration namentlich in der Liste sanktionierter Personen aufgenommen. [...] Seitens der EU wird R\u00f6per und Lipp vorgeworfen, sie w\u00fcrden einen russischen Angriffskrieg unterst\u00fctzen. Als\u2026","rel":"","context":"In &quot;Demokratie \u2013 Medien \u2013 Aufkl\u00e4rung&quot;","block_context":{"text":"Demokratie \u2013 Medien \u2013 Aufkl\u00e4rung","link":"https:\/\/www.freidenker.org\/?cat=12"},"img":{"alt_text":"","src":"https:\/\/i0.wp.com\/www.freidenker.org\/fw17\/wp-content\/uploads\/2025\/09\/Tacheles_mit_Roeper_und_Stein_800x450.jpg?fit=800%2C450&ssl=1&resize=350%2C200","width":350,"height":200,"srcset":"https:\/\/i0.wp.com\/www.freidenker.org\/fw17\/wp-content\/uploads\/2025\/09\/Tacheles_mit_Roeper_und_Stein_800x450.jpg?fit=800%2C450&ssl=1&resize=350%2C200 1x, https:\/\/i0.wp.com\/www.freidenker.org\/fw17\/wp-content\/uploads\/2025\/09\/Tacheles_mit_Roeper_und_Stein_800x450.jpg?fit=800%2C450&ssl=1&resize=525%2C300 1.5x, https:\/\/i0.wp.com\/www.freidenker.org\/fw17\/wp-content\/uploads\/2025\/09\/Tacheles_mit_Roeper_und_Stein_800x450.jpg?fit=800%2C450&ssl=1&resize=700%2C400 2x"},"classes":[]},{"id":17318,"url":"https:\/\/www.freidenker.org\/?p=17318","url_meta":{"origin":22644,"position":5},"title":"Kriegsverbrechen: Vom unterschiedlichen Wert menschlichen Lebens","author":"Webredaktion","date":"24. Oktober 2023","format":false,"excerpt":"Beitrag von Gert Ewen Ungar Die Abriegelung des Gazastreifens durch Israel, die Blockade der Wasser- und Stromversorgung sowie der Beschuss von Zivilisten und ziviler Infrastruktur durch das israelische Milit\u00e4r sind Kriegsverbrechen. Das Leben von Zivilisten ist w\u00e4hrend eines milit\u00e4rischen Konflikts zu sch\u00fctzen, schreibt die Charta der UN vor. Auch ein\u2026","rel":"","context":"In &quot;Demokratie \u2013 Medien \u2013 Aufkl\u00e4rung&quot;","block_context":{"text":"Demokratie \u2013 Medien \u2013 Aufkl\u00e4rung","link":"https:\/\/www.freidenker.org\/?cat=12"},"img":{"alt_text":"","src":"https:\/\/i0.wp.com\/www.freidenker.org\/fw17\/wp-content\/uploads\/2023\/10\/children-8221325_800x450.jpg?fit=800%2C450&ssl=1&resize=350%2C200","width":350,"height":200,"srcset":"https:\/\/i0.wp.com\/www.freidenker.org\/fw17\/wp-content\/uploads\/2023\/10\/children-8221325_800x450.jpg?fit=800%2C450&ssl=1&resize=350%2C200 1x, https:\/\/i0.wp.com\/www.freidenker.org\/fw17\/wp-content\/uploads\/2023\/10\/children-8221325_800x450.jpg?fit=800%2C450&ssl=1&resize=525%2C300 1.5x, https:\/\/i0.wp.com\/www.freidenker.org\/fw17\/wp-content\/uploads\/2023\/10\/children-8221325_800x450.jpg?fit=800%2C450&ssl=1&resize=700%2C400 2x"},"classes":[]}],"_links":{"self":[{"href":"https:\/\/www.freidenker.org\/index.php?rest_route=\/wp\/v2\/posts\/22644","targetHints":{"allow":["GET"]}}],"collection":[{"href":"https:\/\/www.freidenker.org\/index.php?rest_route=\/wp\/v2\/posts"}],"about":[{"href":"https:\/\/www.freidenker.org\/index.php?rest_route=\/wp\/v2\/types\/post"}],"author":[{"embeddable":true,"href":"https:\/\/www.freidenker.org\/index.php?rest_route=\/wp\/v2\/users\/3"}],"replies":[{"embeddable":true,"href":"https:\/\/www.freidenker.org\/index.php?rest_route=%2Fwp%2Fv2%2Fcomments&post=22644"}],"version-history":[{"count":2,"href":"https:\/\/www.freidenker.org\/index.php?rest_route=\/wp\/v2\/posts\/22644\/revisions"}],"predecessor-version":[{"id":22647,"href":"https:\/\/www.freidenker.org\/index.php?rest_route=\/wp\/v2\/posts\/22644\/revisions\/22647"}],"wp:featuredmedia":[{"embeddable":true,"href":"https:\/\/www.freidenker.org\/index.php?rest_route=\/wp\/v2\/media\/22646"}],"wp:attachment":[{"href":"https:\/\/www.freidenker.org\/index.php?rest_route=%2Fwp%2Fv2%2Fmedia&parent=22644"}],"wp:term":[{"taxonomy":"category","embeddable":true,"href":"https:\/\/www.freidenker.org\/index.php?rest_route=%2Fwp%2Fv2%2Fcategories&post=22644"},{"taxonomy":"post_tag","embeddable":true,"href":"https:\/\/www.freidenker.org\/index.php?rest_route=%2Fwp%2Fv2%2Ftags&post=22644"}],"curies":[{"name":"wp","href":"https:\/\/api.w.org\/{rel}","templated":true}]}}