{"id":22612,"date":"2025-08-19T01:35:03","date_gmt":"2025-08-18T23:35:03","guid":{"rendered":"https:\/\/www.freidenker.org\/?p=22612"},"modified":"2025-09-16T03:05:45","modified_gmt":"2025-09-16T01:05:45","slug":"protestcamp-des-buendnisses-rheinmetall-entwaffnen-wird-gerichtlich-verboten","status":"publish","type":"post","link":"https:\/\/www.freidenker.org\/?p=22612","title":{"rendered":"Protestcamp des B\u00fcndnisses &#8222;Rheinmetall Entwaffnen&#8220; wird gerichtlich verboten"},"content":{"rendered":"<p><strong>Das Verwaltungsgericht K\u00f6ln hat das polizeiliche Verbot gegen das Protestcamp &#8222;Rheinmetall Entwaffnen&#8220; best\u00e4tigt. Das B\u00fcndnis will sich juristisch zur Wehr setzen. Es d\u00fcrfe weder ein Verbot der Versammlungsfreiheit noch der Meinungsfreiheit geben.<\/strong><\/p>\n<p><em>Von <strong>Felicitas Rabe<\/strong><\/em><\/p>\n<p><span style=\"font-size: 10pt;\">Erstver\u00f6ffentlichung am 17.08.2025 auf <a href=\"https:\/\/freedert.online\/inland\/253606-protestcamp-buendnisses-rheinmetall-entwaffnen-wird\/\" target=\"_blank\" rel=\"noopener\">RT DE<\/a><\/span><\/p>\n<p>Dieses Jahr wurde das Protestcamp &#8222;Rheinmetall Entwaffnen&#8220; vom 26. bis zum 31. August in K\u00f6ln angemeldet. Wie die Aktivisten der gleichnamigen Initiative in der vergangenen Woche auf ihrer Webseite <a href=\"https:\/\/rheinmetallentwaffnen.noblogs.org\/\" target=\"_blank\" rel=\"noopener noreferrer\">mitteilten<\/a>, wurde das mehrt\u00e4gige Camp im K\u00f6lner Gr\u00fcng\u00fcrtel von der K\u00f6lner Polizei verboten. Die Verbotsverf\u00fcgung sei mit absurdesten Konstruktionen und Anschuldigungen begr\u00fcndet worden, berichtete das bundesweit bekannte B\u00fcndnis, das in den vergangenen Jahren bereits Camps in Kassel und Kiel organisiert hatte.<\/p>\n<p>Wie &#8222;Rheinmetall Entwaffnen&#8220; erkl\u00e4rte, attestierte die K\u00f6lner Polizei den Campteilnehmern &#8222;Unfriedlichkeit&#8220; und &#8222;Gewaltbereitschaft&#8220;. Zudem sehe die Polizeibeh\u00f6rde die im Aufruf genutzte Parole &#8222;Krieg dem Krieg&#8220; als Ank\u00fcndigung, der von der Regierung forcierten Aufr\u00fcstung mit &#8222;kriegerischen Mitteln&#8220; begegnen zu wollen. Stattdessen werde diese Formulierung schon seit \u00fcber hundert Jahren von der antimilitaristischen Bewegung genutzt, erkl\u00e4rten die Aktivisten. Sie sei im Ersten Weltkrieg entstanden und durch Kurt Tucholskys gleichnamiges Gedicht popul\u00e4r geworden. Das B\u00fcndnis klagt gegen das Camp-Verbot.<\/p>\n<p>Am vergangenen Freitag best\u00e4tigte das Verwaltungsgericht K\u00f6ln das Verbot des Protestcamps. Wie die <em>K\u00f6lner Rundschau<\/em> am Freitag <a href=\"https:\/\/www.rundschau-online.de\/koeln\/rheinmetall-entwaffnen-protest-camp-im-koelner-gruenguertel-bleibt-verboten-1086595\" target=\"_blank\" rel=\"noopener noreferrer\">berichtete<\/a>, gef\u00e4hrde die Durchf\u00fchrung des Protestcamps mit erwartungsgem\u00e4\u00df mehreren Hundert Teilnehmern nach Ansicht der Polizei die \u00f6ffentliche Sicherheit. Dieser Auffassung sei das Verwaltungsgericht gefolgt. Angeblich sei es bei den fr\u00fcheren Camps zu rechtswidrigen Aktionen gekommen. Daher bestehe die Gefahr, dass derartige Aktionen auch in K\u00f6ln stattfinden k\u00f6nnten. Die <em>Rundschau<\/em> zitierte dazu aus dem K\u00f6lner Gerichtsbeschluss:<\/p>\n<p style=\"padding-left: 40px;\" data-v-586984a4=\"\"><em>&#8222;Zum anderen haben die Veranstalter durch die Gestaltung ihrer Aufrufe f\u00fcr das diesj\u00e4hrige Camp deutlich gemacht, dass sie derartige &#8218;Aktionen&#8216; auch in K\u00f6ln und Umgebung zumindest billigen.&#8220;<\/em><\/p>\n<p>So seien auf der Rheinmetall-Entwaffnen-Webseite &#8222;Videos von fr\u00fcheren Blockade-Aktionen eingestellt, bei denen sie angeblich die Produktion von Unternehmen lahmgelegt haben&#8220;, wie aus der Urteilsbegr\u00fcndung hervorgeht. In Kassel h\u00e4tten sich Polizeibeamte und Campteilnehmer angeblich gegenseitig mit Baustellengegenst\u00e4nden, Pfefferspray und Schlagst\u00f6cken bek\u00e4mpft, erkl\u00e4rte eine Sprecherin der dortigen Polizei.<\/p>\n<p>Einem K\u00f6lner Gerichtssprecher zufolge sei damit &#8222;das Verbot des Camps gerechtfertigt, auch wenn es jegliche legitime Meinungsbildung und -kundgebung vollst\u00e4ndig verhindere&#8220;. Nach dem Gerichtsurteil erwartete der Autor des <em>Rundschau<\/em>-Berichts, &#8222;dass die Veranstalter vor das Oberverwaltungsgericht in M\u00fcnster ziehen werden und dort Protest einlegen werden&#8220;.<\/p>\n<h5>Geplante Demonstration vor Villa des Rheinmetall Chefs Armin Papperger<\/h5>\n<p>Der <em>WDR<\/em>\u00a0<a href=\"https:\/\/www1.wdr.de\/nachrichten\/landespolitik\/demo-vor-privathaus-rheinmetallchef-geplant-100.html\" target=\"_blank\" rel=\"noopener noreferrer\">vermeldete<\/a> diesbez\u00fcglich am Freitag, dass das linke B\u00fcndnis &#8222;Rheinmetall entwaffnen&#8220; im Rahmen des diesj\u00e4hrigen Camps auch eine Demonstration vor dem Wohnhaus des Chefs von Rheinmetall in D\u00fcsseldorf geplant habe. Dazu ermittle derzeit der Staatsschutz.<\/p>\n<p>Die Gegner des D\u00fcsseldorfer R\u00fcstungsunternehmens Rheinmetall werfen dem Konzern vor, &#8222;Gesch\u00e4fte mit dem Krieg zu machen&#8220;. Der Aktienkurs von Rheinmetall habe sich &#8222;seit Beginn des russischen Angriffskriegs&#8220; verzehnfacht, so der <em>WDR<\/em>. Gegen\u00fcber dem Sender\u00a0habe ein Mitglied der Gruppe Rheinmetall am Freitag im Interview erkl\u00e4rt, dass 80 Teilnehmer f\u00fcr die Demo vor dem Haus von Firmenchef Armin Papperger angemeldet worden seien.<\/p>\n<h5>Russischer Anschlagsplan auf Rheinmetall-Chefmanager?<\/h5>\n<p>Der 62-j\u00e4hrige Papperger geh\u00f6re zu den gef\u00e4hrdetsten Managern in Deutschland. Er und seine Villa st\u00fcnden unter st\u00e4ndigem Polizeischutz. Der\u00a0<em>WDR<\/em>\u00a0erinnerte angesichts des Verbots des &#8222;Rheinmetall Entwaffnen&#8220;-Camps an einen angeblichen russischen Anschlagsplan auf den Rheinmetall-Chef: &#8222;Russland soll einen Anschlag auf ihn geplant haben&#8220;, der von den amerikanischen und deutschen Geheimdiensten verhindert worden sein soll. Die <em>Tagesschau<\/em> hatte am 12. Juli 2024 \u00fcber den Verdacht eines russischen Anschlagsplans auf den Rheinmetall-Chef wie folgt <a href=\"https:\/\/www.tagesschau.de\/inland\/rheinmetall-anschlagsplan-papperger-100.html\" target=\"_blank\" rel=\"noopener noreferrer\">berichtet<\/a>:<\/p>\n<p style=\"padding-left: 40px;\"><em>&#8222;Die <a href=\"https:\/\/www.tagesschau.de\/ausland\/europa\/cnn-bericht-moeglicher-anschlagsplan-rheinmetall-100.html\">Meldung des US-Senders CNN<\/a> am Donnerstagabend klang besorgniserregend: Sollte es tats\u00e4chlich einen Anschlagsplan gegen Rheinmetall-Chef Armin Papperger gegeben haben, w\u00e4re das eine dramatische Eskalation der Aktivit\u00e4ten russischer Geheimdienste gegen Deutschland. Fest steht, dass der urspr\u00fcngliche Hinweis von US-Geheimdiensten kam \u2026 Gleichzeitig wurde die Bedrohung so ernst genommen, dass Rheinmetall informiert und der Personenschutz f\u00fcr Papperger deutlich verst\u00e4rkt wurde.&#8220;\u00a0<\/em><\/p>\n<p>Im Interview mit dem <em>WDR<\/em> erkl\u00e4rten die Aktivisten am Freitag, dass man Demonstrationen vor dem Privathaus des Managers f\u00fcr legitim halte. Der Staatsrechtler Markus Thiel widersprach dieser Haltung im\u00a0<em>WDR<\/em>: &#8222;Die Privatsph\u00e4re darf nicht eingeschr\u00e4nkt werden. Au\u00dferdem darf es zu keinen Bedrohungen und Einsch\u00fcchterungen kommen.&#8220;<\/p>\n<h5>B\u00fcndnis will Camp juristisch durchsetzen \u2013 Pr\u00e4zedenzfall gegen die Versammlungsfreiheit verhindern<\/h5>\n<p>&#8222;Rheinmetall Entwaffnen&#8220; will sich gegen den richterlichen Beschluss wehren. Das B\u00fcndnis sieht in dem Verbot einen gef\u00e4hrlichen Pr\u00e4zedenzfall f\u00fcr andere politische Versammlungen und einen Angriff auf die Meinungsfreiheit. In der <a href=\"https:\/\/rheinmetallentwaffnen.noblogs.org\/presse\/pressemitteilungen-2025\/\" target=\"_blank\" rel=\"noopener noreferrer\">Presseerkl\u00e4rung<\/a> schreibt die Initiative:<\/p>\n<p style=\"padding-left: 40px;\"><em>&#8222;Wir, das B\u00fcndnis &#8218;Rheinmetall Entwaffnen&#8216;, sind fest entschlossen, das Camp juristisch durchzusetzen und den Angriff auf die antimilitaristische Bewegung, die dieser Verbotsversuch darstellt, angemessen zu politisieren. Neben unserer politischen Arbeit im Campzeitraum wollen wir daher m\u00f6glichst viel \u00f6ffentliche Debatte und Aufmerksamkeit auf den Verbotsversuch und unseren Kampf dagegen schaffen, um den Druck auf die Beh\u00f6rden zu erh\u00f6hen und dem Angriff auf die Versammlungsfreiheit, der einen gef\u00e4hrlichen Pr\u00e4zedenzfall f\u00fcr andere politische Camps und Versammlungen schaffen w\u00fcrde, die angemessene \u00d6ffentlichkeit zu bieten.<\/em><\/p>\n<p style=\"padding-left: 40px;\"><em>Daher rufen wir Kulturschaffende, \u00f6ffentliche Institutionen, politische Organisationen, Personen des \u00f6ffentlichen Lebens und alle weiteren interessierten Gruppen und Einzelpersonen auf, sich unserem Protest gegen das Verbot \u00f6ffentlich anzuschlie\u00dfen. Wir haben eine <a href=\"https:\/\/www.change.org\/p\/f%C3%BCr-demokratie-und-versammlungsfreiheit-in-k%C3%B6ln-gegen-das-verbot-des-rme-camps?recruiter=1381106625&amp;recruited_by_id=3a566940-7761-11f0-b51c-bfab1269443c&amp;utm_source=share_petition&amp;utm_campaign=petition_dashboard&amp;utm_medium=copylink\" target=\"_blank\" rel=\"noopener noreferrer\">Petition<\/a> gegen das Campverbot gestartet, deren weite Verbreitung uns sehr helfen w\u00fcrde und au\u00dferdem eine Crowdfunding-Kampagne zur Finanzierung von Camp und Gerichtskosten eingerichtet, um deren Verbreitung wir ebenfalls bitten.&#8220;<\/em><\/p>\n<p style=\"text-align: right;\"><em>Felicitas Rabe ist freie Journalistin und berichtete u.a. \u00fcber die <a href=\"https:\/\/www.freidenker.org\/?p=16200\" target=\"_blank\" rel=\"noopener\">Konferenz der Weltunion der Freidenker 2023<\/a><\/em><\/p>\n<hr \/>\n<p><span style=\"font-size: 10pt;\">Bild oben: Yes, we camp! Pressekonferenz von &#8222;Rheinmetall Entwaffnen&#8220; am 15. August 2025 vor dem K\u00f6lner Dom<\/span><br \/>\n<span style=\"font-size: 10pt;\">Foto: \u00a9 Initiative &#8222;Rheinmetall Entwaffnen&#8220;<\/span><br \/>\n<span style=\"font-size: 10pt;\">Quelle: <a href=\"https:\/\/rheinmetallentwaffnen.noblogs.org\/post\/2025\/08\/12\/werdet-aktiv-gegen-das-camp-verbot\/\" target=\"_blank\" rel=\"noopener\">rheinmetallentwaffnen.noblogs.org<\/a>\u00a0<\/span><\/p>\n","protected":false},"excerpt":{"rendered":"<p><b>Beitrag von Felicitas Rabe<\/b><br \/>\nDieses Jahr wurde das Protestcamp &#8222;Rheinmetall Entwaffnen&#8220; vom 26. bis zum 31. August in K\u00f6ln angemeldet. Wie die Aktivisten der gleichnamigen Initiative in der vergangenen Woche auf ihrer Webseite mitteilten, wurde das mehrt\u00e4gige Camp im K\u00f6lner Gr\u00fcng\u00fcrtel von der K\u00f6lner Polizei verboten. Die Verbotsverf\u00fcgung sei mit absurdesten Konstruktionen und Anschuldigungen begr\u00fcndet worden, berichtete das bundesweit bekannte B\u00fcndnis, das in den vergangenen Jahren bereits Camps in Kassel und Kiel organisiert hatte. Wie &#8222;Rheinmetall Entwaffnen&#8220; erkl\u00e4rte, attestierte die K\u00f6lner Polizei den Campteilnehmern &#8222;Unfriedlichkeit&#8220; und &#8222;Gewaltbereitschaft&#8220;. Zudem sehe die Polizeibeh\u00f6rde die im Aufruf genutzte Parole &#8222;Krieg dem Krieg&#8220; als Ank\u00fcndigung, der von der Regierung forcierten Aufr\u00fcstung mit &#8222;kriegerischen Mitteln&#8220; begegnen zu wollen.<\/p>\n","protected":false},"author":3,"featured_media":22614,"comment_status":"closed","ping_status":"closed","sticky":false,"template":"","format":"standard","meta":{"colormag_page_container_layout":"default_layout","colormag_page_sidebar_layout":"default_layout","advanced_seo_description":"","jetpack_seo_html_title":"","jetpack_seo_noindex":false,"jetpack_post_was_ever_published":false,"footnotes":""},"categories":[12],"tags":[1587,141,411,1412,2725,289,1456,346,2422,812,2419,1784,1855,986],"class_list":["post-22612","post","type-post","status-publish","format-standard","has-post-thumbnail","hentry","category-demokratie-medien-aufklaerung","tag-anschlag","tag-antimilitarismus","tag-demonstration","tag-gerichtsurteil","tag-gewaltbereitschaft","tag-koeln","tag-meinungsbildung","tag-petition","tag-praezedenzfall","tag-protest","tag-rheinmetall","tag-ruestungsindustrie","tag-verbot","tag-versammlungsfreiheit"],"jetpack_featured_media_url":"https:\/\/i0.wp.com\/www.freidenker.org\/fw17\/wp-content\/uploads\/2025\/08\/yes_we_camp_preko2025_800x450.jpg?fit=800%2C450&ssl=1","jetpack_shortlink":"https:\/\/wp.me\/p9stpK-5SI","jetpack-related-posts":[{"id":15933,"url":"https:\/\/www.freidenker.org\/?p=15933","url_meta":{"origin":22612,"position":0},"title":"Ein Geschenk zum &#8222;Tag der Pressefreiheit&#8220;","author":"Webredaktion","date":"3. Mai 2023","format":false,"excerpt":"Die Berliner Zeitung hat einen von ihr bei Freidenker-Beiratsmitglied Werner R\u00fcgemer bestellten Artikel \u00fcber Rheinmetall zensiert und sch\u00fctzt damit die R\u00fcstungslobbyistin Strack-Zimmermann und den Verteidigungsminister Pistorius. Auf Antrag von Werner R\u00fcgemer hin hat das Landgericht K\u00f6ln gegen die Berliner Zeitung eine Einstweilige Verf\u00fcgung erlassen: Der Originaltext ist wieder herzustellen! Zum\u2026","rel":"","context":"In &quot;Demokratie \u2013 Medien \u2013 Aufkl\u00e4rung&quot;","block_context":{"text":"Demokratie \u2013 Medien \u2013 Aufkl\u00e4rung","link":"https:\/\/www.freidenker.org\/?cat=12"},"img":{"alt_text":"","src":"https:\/\/i0.wp.com\/www.freidenker.org\/fw17\/wp-content\/uploads\/2023\/05\/strack_berlinerzeitung_zensur_800x450.jpg?fit=800%2C450&ssl=1&resize=350%2C200","width":350,"height":200,"srcset":"https:\/\/i0.wp.com\/www.freidenker.org\/fw17\/wp-content\/uploads\/2023\/05\/strack_berlinerzeitung_zensur_800x450.jpg?fit=800%2C450&ssl=1&resize=350%2C200 1x, https:\/\/i0.wp.com\/www.freidenker.org\/fw17\/wp-content\/uploads\/2023\/05\/strack_berlinerzeitung_zensur_800x450.jpg?fit=800%2C450&ssl=1&resize=525%2C300 1.5x, https:\/\/i0.wp.com\/www.freidenker.org\/fw17\/wp-content\/uploads\/2023\/05\/strack_berlinerzeitung_zensur_800x450.jpg?fit=800%2C450&ssl=1&resize=700%2C400 2x"},"classes":[]},{"id":15498,"url":"https:\/\/www.freidenker.org\/?p=15498","url_meta":{"origin":22612,"position":1},"title":"Die neuen gr\u00fcnen Krieger, CO\u2082-neutral","author":"Webredaktion","date":"16. M\u00e4rz 2023","format":false,"excerpt":"Beitrag von Dr. Werner R\u00fcgemer Der deutsche R\u00fcstungskonzern Rheinmetall hat schon Kaiser Wilhelm und Adolf Hitler im Ersten und Zweiten Weltkrieg lukrativ gedient. In der Bundesrepublik Deutschland mit dem Gr\u00fcndungskanzler Konrad Adenauer stieg er mit amerikanischer Hilfe wieder auf: Er produzierte f\u00fcr den Krieg der USA gegen Korea. Heute produziert\u2026","rel":"","context":"In &quot;Demokratie \u2013 Medien \u2013 Aufkl\u00e4rung&quot;","block_context":{"text":"Demokratie \u2013 Medien \u2013 Aufkl\u00e4rung","link":"https:\/\/www.freidenker.org\/?cat=12"},"img":{"alt_text":"","src":"https:\/\/i0.wp.com\/www.freidenker.org\/fw17\/wp-content\/uploads\/2023\/03\/rheinmetall_800x450.jpg?fit=800%2C450&ssl=1&resize=350%2C200","width":350,"height":200,"srcset":"https:\/\/i0.wp.com\/www.freidenker.org\/fw17\/wp-content\/uploads\/2023\/03\/rheinmetall_800x450.jpg?fit=800%2C450&ssl=1&resize=350%2C200 1x, https:\/\/i0.wp.com\/www.freidenker.org\/fw17\/wp-content\/uploads\/2023\/03\/rheinmetall_800x450.jpg?fit=800%2C450&ssl=1&resize=525%2C300 1.5x, https:\/\/i0.wp.com\/www.freidenker.org\/fw17\/wp-content\/uploads\/2023\/03\/rheinmetall_800x450.jpg?fit=800%2C450&ssl=1&resize=700%2C400 2x"},"classes":[]},{"id":19511,"url":"https:\/\/www.freidenker.org\/?p=19511","url_meta":{"origin":22612,"position":2},"title":"Anschlagspl\u00e4ne auf Rheinmetall-Chef und das Sommerloch","author":"Webredaktion","date":"15. Juli 2024","format":false,"excerpt":"Beitrag von Gert Ewen Ungar Russland hatte Pl\u00e4ne f\u00fcr ein Attentat auf den Vorstandsvorsitzenden des R\u00fcstungskonzerns Rheinmetall, Armin Papperger, behauptet der US-Sender CNN und deutsche Medien springen unmittelbar darauf an. Handfeste Belege f\u00fcr die Anschuldigung gibt es keine, die entsprechenden Medienberichte ergehen sich in Konjunktiven, selbst deutsche Sicherheitsbeh\u00f6rden kochen die\u2026","rel":"","context":"In &quot;Demokratie \u2013 Medien \u2013 Aufkl\u00e4rung&quot;","block_context":{"text":"Demokratie \u2013 Medien \u2013 Aufkl\u00e4rung","link":"https:\/\/www.freidenker.org\/?cat=12"},"img":{"alt_text":"","src":"https:\/\/i0.wp.com\/www.freidenker.org\/fw17\/wp-content\/uploads\/2024\/07\/Rheinmetall_Zentrale_Duesseldorf_800x450.jpg?fit=800%2C450&ssl=1&resize=350%2C200","width":350,"height":200,"srcset":"https:\/\/i0.wp.com\/www.freidenker.org\/fw17\/wp-content\/uploads\/2024\/07\/Rheinmetall_Zentrale_Duesseldorf_800x450.jpg?fit=800%2C450&ssl=1&resize=350%2C200 1x, https:\/\/i0.wp.com\/www.freidenker.org\/fw17\/wp-content\/uploads\/2024\/07\/Rheinmetall_Zentrale_Duesseldorf_800x450.jpg?fit=800%2C450&ssl=1&resize=525%2C300 1.5x, https:\/\/i0.wp.com\/www.freidenker.org\/fw17\/wp-content\/uploads\/2024\/07\/Rheinmetall_Zentrale_Duesseldorf_800x450.jpg?fit=800%2C450&ssl=1&resize=700%2C400 2x"},"classes":[]},{"id":9592,"url":"https:\/\/www.freidenker.org\/?p=9592","url_meta":{"origin":22612,"position":3},"title":"US-Medienbericht: Deutsche Nonnen &#8222;vermieteten&#8220; Waisenkinder f\u00fcr Orgien","author":"Webredaktion","date":"17. Februar 2021","format":false,"excerpt":"Beitrag von RT DE Die katholische Erzdi\u00f6zese in K\u00f6ln steht schon seit L\u00e4ngerem schwer in der Kritik. 2020 sollte ein\u00a0Gutachten der M\u00fcnchner Anwaltskanzlei Westpfahl Spilker Wastl zu Missbrauchsvorw\u00fcrfen erscheinen, die zum Teil Jahrzehnte zur\u00fcckreichen. In Auftrag gegeben wurde\u00a0das\u00a0Gutachten vom K\u00f6lner Erzbischof Rainer Maria Woelki.\u00a0Der Bericht sollte untersuchen, wie Bistumsverantwortliche in\u2026","rel":"","context":"In &quot;Religions- &amp; Kirchenkritik, S\u00e4kulare Szene&quot;","block_context":{"text":"Religions- &amp; Kirchenkritik, S\u00e4kulare Szene","link":"https:\/\/www.freidenker.org\/?cat=15"},"img":{"alt_text":"","src":"https:\/\/i0.wp.com\/www.freidenker.org\/fw17\/wp-content\/uploads\/2021\/02\/boy-1636731_800x450.jpg?fit=800%2C450&ssl=1&resize=350%2C200","width":350,"height":200,"srcset":"https:\/\/i0.wp.com\/www.freidenker.org\/fw17\/wp-content\/uploads\/2021\/02\/boy-1636731_800x450.jpg?fit=800%2C450&ssl=1&resize=350%2C200 1x, https:\/\/i0.wp.com\/www.freidenker.org\/fw17\/wp-content\/uploads\/2021\/02\/boy-1636731_800x450.jpg?fit=800%2C450&ssl=1&resize=525%2C300 1.5x, https:\/\/i0.wp.com\/www.freidenker.org\/fw17\/wp-content\/uploads\/2021\/02\/boy-1636731_800x450.jpg?fit=800%2C450&ssl=1&resize=700%2C400 2x"},"classes":[]},{"id":625,"url":"https:\/\/www.freidenker.org\/?p=625","url_meta":{"origin":22612,"position":4},"title":"\u00bbSpontan w\u00fcrde ich \u203aK\u00f6lle Alaaf\u2039 sagen\u00ab","author":"Webmaster","date":"5. August 2005","format":false,"excerpt":"Interview der \"jungen Welt\" mit Klaus Hartmann, Bundesvorsitzender des Deutschen Freidenker-Verbandes F: Wie stehen die Freidenker zu der katholischen Massenveranstaltung, die vom 15. bis 21. August in K\u00f6ln stattfindet? A: Angesichts der pr\u00e4chtigen Kost\u00fcme k\u00f6nnte man spontan \u00bbK\u00f6lle Alaaf\u00ab sagen. Aber bei n\u00e4herer Betrachtung stellt man doch fest, da\u00df dort\u2026","rel":"","context":"In &quot;Religions- &amp; Kirchenkritik, S\u00e4kulare Szene&quot;","block_context":{"text":"Religions- &amp; Kirchenkritik, S\u00e4kulare Szene","link":"https:\/\/www.freidenker.org\/?cat=15"},"img":{"alt_text":"","src":"https:\/\/i0.wp.com\/www.freidenker.org\/fw17\/wp-content\/uploads\/2016\/08\/Koelln.jpg?fit=800%2C445&ssl=1&resize=350%2C200","width":350,"height":200,"srcset":"https:\/\/i0.wp.com\/www.freidenker.org\/fw17\/wp-content\/uploads\/2016\/08\/Koelln.jpg?fit=800%2C445&ssl=1&resize=350%2C200 1x, https:\/\/i0.wp.com\/www.freidenker.org\/fw17\/wp-content\/uploads\/2016\/08\/Koelln.jpg?fit=800%2C445&ssl=1&resize=525%2C300 1.5x, https:\/\/i0.wp.com\/www.freidenker.org\/fw17\/wp-content\/uploads\/2016\/08\/Koelln.jpg?fit=800%2C445&ssl=1&resize=700%2C400 2x"},"classes":[]},{"id":13874,"url":"https:\/\/www.freidenker.org\/?p=13874","url_meta":{"origin":22612,"position":5},"title":"Vom Volksfestschlager zum Protestsong \u2013 Wird Deutschland im Herbst &#8222;Layla&#8220; singen?","author":"Webredaktion","date":"30. Juli 2022","format":false,"excerpt":"Beitrag von Dagmar Henn Es ist ausgesprochen albern, Zeit mit einer Debatte \u00fcber den Sexismus eines Lieds zu verbringen, wenn die Layla des zugeh\u00f6rigen Videos ein Transvestit ist. Schlie\u00dflich sind die Videos schon seit den 80ern das Medium, das gewisserma\u00dfen die offizielle Interpretation des St\u00fccks liefert. Das Gesamtpaket aus Lied\u2026","rel":"","context":"In &quot;Kultur &amp; Kunst&quot;","block_context":{"text":"Kultur &amp; Kunst","link":"https:\/\/www.freidenker.org\/?cat=913"},"img":{"alt_text":"","src":"https:\/\/i0.wp.com\/www.freidenker.org\/fw17\/wp-content\/uploads\/2022\/07\/Oktoberfest_Munich_-_panoramio_800x450.jpg?fit=800%2C450&ssl=1&resize=350%2C200","width":350,"height":200,"srcset":"https:\/\/i0.wp.com\/www.freidenker.org\/fw17\/wp-content\/uploads\/2022\/07\/Oktoberfest_Munich_-_panoramio_800x450.jpg?fit=800%2C450&ssl=1&resize=350%2C200 1x, https:\/\/i0.wp.com\/www.freidenker.org\/fw17\/wp-content\/uploads\/2022\/07\/Oktoberfest_Munich_-_panoramio_800x450.jpg?fit=800%2C450&ssl=1&resize=525%2C300 1.5x, https:\/\/i0.wp.com\/www.freidenker.org\/fw17\/wp-content\/uploads\/2022\/07\/Oktoberfest_Munich_-_panoramio_800x450.jpg?fit=800%2C450&ssl=1&resize=700%2C400 2x"},"classes":[]}],"_links":{"self":[{"href":"https:\/\/www.freidenker.org\/index.php?rest_route=\/wp\/v2\/posts\/22612","targetHints":{"allow":["GET"]}}],"collection":[{"href":"https:\/\/www.freidenker.org\/index.php?rest_route=\/wp\/v2\/posts"}],"about":[{"href":"https:\/\/www.freidenker.org\/index.php?rest_route=\/wp\/v2\/types\/post"}],"author":[{"embeddable":true,"href":"https:\/\/www.freidenker.org\/index.php?rest_route=\/wp\/v2\/users\/3"}],"replies":[{"embeddable":true,"href":"https:\/\/www.freidenker.org\/index.php?rest_route=%2Fwp%2Fv2%2Fcomments&post=22612"}],"version-history":[{"count":2,"href":"https:\/\/www.freidenker.org\/index.php?rest_route=\/wp\/v2\/posts\/22612\/revisions"}],"predecessor-version":[{"id":22615,"href":"https:\/\/www.freidenker.org\/index.php?rest_route=\/wp\/v2\/posts\/22612\/revisions\/22615"}],"wp:featuredmedia":[{"embeddable":true,"href":"https:\/\/www.freidenker.org\/index.php?rest_route=\/wp\/v2\/media\/22614"}],"wp:attachment":[{"href":"https:\/\/www.freidenker.org\/index.php?rest_route=%2Fwp%2Fv2%2Fmedia&parent=22612"}],"wp:term":[{"taxonomy":"category","embeddable":true,"href":"https:\/\/www.freidenker.org\/index.php?rest_route=%2Fwp%2Fv2%2Fcategories&post=22612"},{"taxonomy":"post_tag","embeddable":true,"href":"https:\/\/www.freidenker.org\/index.php?rest_route=%2Fwp%2Fv2%2Ftags&post=22612"}],"curies":[{"name":"wp","href":"https:\/\/api.w.org\/{rel}","templated":true}]}}