{"id":22575,"date":"2025-08-07T23:42:06","date_gmt":"2025-08-07T21:42:06","guid":{"rendered":"https:\/\/www.freidenker.org\/?p=22575"},"modified":"2025-09-16T03:05:18","modified_gmt":"2025-09-16T01:05:18","slug":"stoppt-rassismus-stoppt-israels-voelkermord-in-gaza","status":"publish","type":"post","link":"https:\/\/www.freidenker.org\/?p=22575","title":{"rendered":"Stoppt Rassismus! Stoppt Israels V\u00f6lkermord in Gaza!"},"content":{"rendered":"<h4>Pressemitteilung des Landesverbands Nordrhein-Westfalen im Deutschen Freidenker-Verband, 6. August 2025<\/h4>\n<p><img data-recalc-dims=\"1\" loading=\"lazy\" decoding=\"async\" data-attachment-id=\"22576\" data-permalink=\"https:\/\/www.freidenker.org\/?attachment_id=22576\" data-orig-file=\"https:\/\/i0.wp.com\/www.freidenker.org\/fw17\/wp-content\/uploads\/2025\/08\/FD_Logo_NRW.jpg?fit=680%2C228&amp;ssl=1\" data-orig-size=\"680,228\" data-comments-opened=\"0\" data-image-meta=\"{&quot;aperture&quot;:&quot;0&quot;,&quot;credit&quot;:&quot;&quot;,&quot;camera&quot;:&quot;&quot;,&quot;caption&quot;:&quot;&quot;,&quot;created_timestamp&quot;:&quot;0&quot;,&quot;copyright&quot;:&quot;&quot;,&quot;focal_length&quot;:&quot;0&quot;,&quot;iso&quot;:&quot;0&quot;,&quot;shutter_speed&quot;:&quot;0&quot;,&quot;title&quot;:&quot;&quot;,&quot;orientation&quot;:&quot;1&quot;}\" data-image-title=\"FD_Logo_NRW\" data-image-description=\"\" data-image-caption=\"\" data-large-file=\"https:\/\/i0.wp.com\/www.freidenker.org\/fw17\/wp-content\/uploads\/2025\/08\/FD_Logo_NRW.jpg?fit=680%2C228&amp;ssl=1\" class=\"alignnone wp-image-22576 size-medium\" src=\"https:\/\/i0.wp.com\/www.freidenker.org\/fw17\/wp-content\/uploads\/2025\/08\/FD_Logo_NRW.jpg?resize=300%2C101&#038;ssl=1\" alt=\"\" width=\"300\" height=\"101\" srcset=\"https:\/\/i0.wp.com\/www.freidenker.org\/fw17\/wp-content\/uploads\/2025\/08\/FD_Logo_NRW.jpg?resize=300%2C101&amp;ssl=1 300w, https:\/\/i0.wp.com\/www.freidenker.org\/fw17\/wp-content\/uploads\/2025\/08\/FD_Logo_NRW.jpg?w=680&amp;ssl=1 680w\" sizes=\"auto, (max-width: 300px) 100vw, 300px\" \/><\/p>\n<p>Der Freidenker-Landesverband NRW bezieht Stellung zu den Geschehnissen in Pal\u00e4stina. Was sich dort vollzieht, ist eine extreme Form von Rassismus &#8211; exekutiert von den zionistischen Kr\u00e4ften Israels und gebilligt insbesondere von den Regierungsparteien der BRD. Der von Israel in Gaza vollzogene V\u00f6lkermord verletzt das V\u00f6lkerrecht in extremer Weise.<\/p>\n<p>Das Unheil begann sp\u00e4testens 1948. Es war die Gr\u00fcndung eines Staates mit dem Namen Israel, der sich Land aneignete, das ihm nicht geh\u00f6rte, und gro\u00dfe Teile der einheimischen Bev\u00f6lkerung massakrierte oder vertrieb. Die Gr\u00fcndung Israels war die Katastrophe \u2013 die Nakba \u2013 f\u00fcr Pal\u00e4stina. Die Katastrophe dauert an bis heute. \u201cDie Pal\u00e4stinenser sollten wie Heuschrecken zermalmt werden &#8230; ihre K\u00f6pfe an Felsen und Mauern zerdr\u00fcckt werden\u201c, sagte der israelische Premierminister Yitzhak Shamir in einer Rede vor j\u00fcdischen Siedlern 1988. Dieser Charakter Israels wird zurzeit besonders deutlich. Er ist zutiefst rassistisch.<\/p>\n<p>Erinnerungen an die Kolonisierung Amerikas, die zur Ausrottung fast der gesamten einheimischen Bev\u00f6lkerung von ca. 75 Millionen f\u00fchrte, werden wach. Das 2022 verstorbene NRW-Freidenker-Mitglied Elias Davidsson erinnert an die Bez\u00fcge zum rassistischen Hitler-Deutschland: &#8222;Adolf Eichmann war von den Zionisten begeistert und wollte sich in Pal\u00e4stina anschauen, wie die Zionisten ihren Rassenstaat aufbauen.&#8220; Der in New York lebende Professor f\u00fcr arabische Politik Joseph Massad erg\u00e4nzt: &#8222;Adolf Eichmann kehrte 1937 von seiner Reise nach Pal\u00e4stina voller Begeisterung \u00fcber die Errungenschaften der nach dem Prinzip der Rassentrennung organisierten Ashkenazi-Kibbuzim zur\u00fcck.&#8220;<\/p>\n<p>Um in eine Endphase der ethnischen S\u00e4uberung einzutreten, kam der 7. Oktober 2023 f\u00fcr das zionistische Israel wie gerufen. Von einem &#8222;israelischen Pearl Harbor&#8220; und einem &#8222;9\/11 f\u00fcr den israelischen Staat&#8220; ist die Rede. Mit 9\/11 wird die Operation vom 11. September 2001 bezeichnet, mit der der so genannte &#8222;Krieg gegen den Terror&#8220; legitimiert wurde. Mit der Pearl-Harbor-Inszenierung sind die USA in den Zweiten Weltkrieg eingestiegen. Am 7. Oktober 2023 ist es nun Israels Ministerpr\u00e4sident Netanjahu, der erkl\u00e4ren kann: &#8222;Wir sind im Krieg&#8220;. Der ehemalige US-Offizier und UN-Waffeninspekteur Scott Ritter kommentiert: &#8222;Au\u00dferdem hat sich herausgestellt, dass nicht die Hamas oder andere pal\u00e4stinensische Gruppierungen, sondern das israelische Milit\u00e4r am 7. Oktober der &#8218;Killer Nummer 1&#8216; war und selbst die meisten Israelis get\u00f6tet hat.&#8220;<\/p>\n<p>Seitdem l\u00e4uft die systematische Vernichtung der pal\u00e4stinensischen Bev\u00f6lkerung im Freiluft-KZ Gaza. Die im Freidenker-Verband gesch\u00e4tzte freie Journalistin Karin Leukefeld: &#8222;Es ist die H\u00f6lle auf Erden!&#8220; In einem ihrer aufschlussreichen Artikel weitet sie den Horizont: &#8222;Heute f\u00fchrt der 1948 gegr\u00fcndete Staat Israel direkt und indirekt &#8218;Krieg an sieben Fronten&#8216;: im Gazastreifen, im Westjordanland, Libanon, Syrien, Irak, Jemen und Iran. Die Territorien der V\u00f6lker der Region werden verw\u00fcstet und besetzt. Aus Weizenfeldern werden Schlachtfelder, Lebensgrundlagen werden verbrannt. Wer sich widersetzt und sein Recht, sein Land, seine Heimat verteidigt, wird als &#8218;terroristisch&#8216; gebrandmarkt und get\u00f6tet. Die Menschen sollen sich unterwerfen, werden vertrieben oder in Fl\u00fcchtlingslagern eingesperrt.&#8220;<\/p>\n<p>Der Freidenker-Landesverband NRW klagt an und ruft auf zu energischem Protest und wirkungsvollen Ma\u00dfnahmen. Das rassistische Israel muss in seine Schranken verwiesen werden! Sein jahrzehntelanges verbrecherisches Treiben muss endlich gestoppt werden! Wenn es etwas gibt, was Deutschland gelernt haben muss, ist es, dass Verbrechen &#8211; zumal rassistisch motivierte &#8211; nicht zur Staatsr\u00e4son geh\u00f6ren d\u00fcrfen. Unterdessen h\u00e4lt die Bundesregierung schamlos an R\u00fcstungslieferungen f\u00fcr Israel fest. Dies ist eine direkte Unterst\u00fctzung des israelichen V\u00f6lkermordes.<\/p>\n<p>&nbsp;<\/p>\n<hr \/>\n<p><span style=\"font-size: 10pt;\">Bild oben: Demonstration in M\u00fcnchen am 09.10.2023\u00a0<\/span><br \/>\n<span style=\"font-size: 10pt;\">Foto: Henning Schlottmann (User:H-stt), <a href=\"https:\/\/creativecommons.org\/licenses\/by-sa\/4.0\" target=\"_blank\" rel=\"noopener\">CC BY-SA 4.0<\/a><\/span><br \/>\n<span style=\"font-size: 10pt;\">Quelle: <a href=\"https:\/\/commons.wikimedia.org\/w\/index.php?curid=139108147\" target=\"_blank\" rel=\"noopener\">https:\/\/commons.wikimedia.org\/w\/index.php?curid=139108147<\/a><\/span><\/p>\n","protected":false},"excerpt":{"rendered":"<p><b>Pressemitteilung des Landesverbands Nordrhein-Westfalen im Deutschen Freidenker-Verband, 6. August 2025<\/b><br \/>\nDer Freidenker-Landesverband NRW bezieht Stellung zu den Geschehnissen in Pal\u00e4stina. Was sich dort vollzieht, ist eine extreme Form von Rassismus &#8211; exekutiert von den zionistischen Kr\u00e4ften Israels und gebilligt insbesondere von den Regierungsparteien der BRD. Der von Israel in Gaza vollzogene V\u00f6lkermord verletzt das V\u00f6lkerrecht in extremer Weise. Das Unheil begann sp\u00e4testens 1948. Es war die Gr\u00fcndung eines Staates mit dem Namen Israel, der sich Land aneignete, das ihm nicht geh\u00f6rte, und gro\u00dfe Teile der einheimischen Bev\u00f6lkerung massakrierte oder vertrieb. Die Gr\u00fcndung Israels war die Katastrophe \u2013 die Nakba \u2013 f\u00fcr Pal\u00e4stina. Die Katastrophe dauert an bis heute. <\/p>\n","protected":false},"author":3,"featured_media":22578,"comment_status":"closed","ping_status":"closed","sticky":false,"template":"","format":"standard","meta":{"colormag_page_container_layout":"default_layout","colormag_page_sidebar_layout":"default_layout","advanced_seo_description":"","jetpack_seo_html_title":"","jetpack_seo_noindex":false,"jetpack_post_was_ever_published":false,"footnotes":""},"categories":[13,210],"tags":[1032,1084,1172,393,562,1955,807,2429,394,2569,1143,653,1931,345,1525,579],"class_list":["post-22575","post","type-post","status-publish","format-standard","has-post-thumbnail","hentry","category-frieden-antifaschismus-solidaritaet","category-positionen","tag-bundesregierung","tag-fluechtlinge","tag-gaza","tag-israel","tag-kolonialismus","tag-nahostkonflikt","tag-nakba","tag-netanjahu","tag-palaestina","tag-palaestinenser","tag-pressemitteilung","tag-rassismus","tag-voelkermord","tag-voelkerrecht","tag-waffenlieferungen","tag-zionismus"],"jetpack_featured_media_url":"https:\/\/i0.wp.com\/www.freidenker.org\/fw17\/wp-content\/uploads\/2025\/08\/Palestina_spricht_Munich_2023-10-09_5074_800x450.jpg?fit=800%2C450&ssl=1","jetpack_shortlink":"https:\/\/wp.me\/p9stpK-5S7","jetpack-related-posts":[{"id":20594,"url":"https:\/\/www.freidenker.org\/?p=20594","url_meta":{"origin":22575,"position":0},"title":"FREIDENKER 4-24 \u2013 V\u00f6lkermord in Pal\u00e4stina stoppen!","author":"Webredaktion","date":"27. Dezember 2024","format":false,"excerpt":"Die Ausgabe 4-24 des Verbandsorgans FREIDENKER hat das Schwerpunkt-Thema \u201eV\u00f6lkermord in Pal\u00e4stina stoppen!\u201c und enth\u00e4lt u.a. folgende Beitr\u00e4ge: - Arn Strohmeyer: Israel begeht V\u00f6lkermord im Gazastreifen und Deutschland ist Mitt\u00e4ter - Evelyn Hecht-Galinski: Von Kopf bis Fu\u00df auf Krieg eingestellt - Volker Metzroth: Israels Angriff auf die internationale Begegnungsst\u00e4tte Dar\u2026","rel":"","context":"In &quot;Verbandsorgan FREIDENKER&quot;","block_context":{"text":"Verbandsorgan FREIDENKER","link":"https:\/\/www.freidenker.org\/?cat=8"},"img":{"alt_text":"","src":"https:\/\/i0.wp.com\/www.freidenker.org\/fw17\/wp-content\/uploads\/2024\/12\/FD_2024-04_Titel_mR.jpg?fit=800%2C445&ssl=1&resize=350%2C200","width":350,"height":200,"srcset":"https:\/\/i0.wp.com\/www.freidenker.org\/fw17\/wp-content\/uploads\/2024\/12\/FD_2024-04_Titel_mR.jpg?fit=800%2C445&ssl=1&resize=350%2C200 1x, https:\/\/i0.wp.com\/www.freidenker.org\/fw17\/wp-content\/uploads\/2024\/12\/FD_2024-04_Titel_mR.jpg?fit=800%2C445&ssl=1&resize=525%2C300 1.5x, https:\/\/i0.wp.com\/www.freidenker.org\/fw17\/wp-content\/uploads\/2024\/12\/FD_2024-04_Titel_mR.jpg?fit=800%2C445&ssl=1&resize=700%2C400 2x"},"classes":[]},{"id":20659,"url":"https:\/\/www.freidenker.org\/?p=20659","url_meta":{"origin":22575,"position":1},"title":"Stoppt das Morden in Pal\u00e4stina und der Ukraine","author":"Webredaktion","date":"14. Januar 2025","format":false,"excerpt":"Kundgebung und Demonstrationszug am Samstag, 18. Januar 2025 um 14 Uhr (vor dem DGB-Haus) in D\u00fcsseldorf, Friedrich-Ebert-Stra\u00dfe 32 mit: Andrej Hunko (MdB), Moaz Abdallah (International Generation), Wa\u2019el Jarar(Pal\u00e4stinensische Gemeinde), Michael Aggelidis (Friedensb\u00fcndnis NRW) Unsere Bundesregierung unterst\u00fctzt das sinnlose Sterben in der Ukraine und den V\u00f6lkermord in Pal\u00e4stina unter Nutzung deutscher\u2026","rel":"","context":"In &quot;Frieden - Antifaschismus - Solidarit\u00e4t&quot;","block_context":{"text":"Frieden - Antifaschismus - Solidarit\u00e4t","link":"https:\/\/www.freidenker.org\/?cat=13"},"img":{"alt_text":"","src":"https:\/\/i0.wp.com\/www.freidenker.org\/fw17\/wp-content\/uploads\/2025\/01\/friedensbuendnis-nrw-galerie-16_800x450.jpg?fit=800%2C450&ssl=1&resize=350%2C200","width":350,"height":200,"srcset":"https:\/\/i0.wp.com\/www.freidenker.org\/fw17\/wp-content\/uploads\/2025\/01\/friedensbuendnis-nrw-galerie-16_800x450.jpg?fit=800%2C450&ssl=1&resize=350%2C200 1x, https:\/\/i0.wp.com\/www.freidenker.org\/fw17\/wp-content\/uploads\/2025\/01\/friedensbuendnis-nrw-galerie-16_800x450.jpg?fit=800%2C450&ssl=1&resize=525%2C300 1.5x, https:\/\/i0.wp.com\/www.freidenker.org\/fw17\/wp-content\/uploads\/2025\/01\/friedensbuendnis-nrw-galerie-16_800x450.jpg?fit=800%2C450&ssl=1&resize=700%2C400 2x"},"classes":[]},{"id":18631,"url":"https:\/\/www.freidenker.org\/?p=18631","url_meta":{"origin":22575,"position":2},"title":"Die unertr\u00e4gliche Leichtigkeit eines zionistischen V\u00f6lkermords in Gaza","author":"Webredaktion","date":"28. M\u00e4rz 2024","format":false,"excerpt":"Kommentar von Evelyn Hecht-Galinski Im Dritten Reich ermordeten Deutsche den Gro\u00dfteil der europ\u00e4ischen Juden. In Netanjahus Reich ermorden die Nachfahren der Holocaustopfer Pal\u00e4stinenser in Gaza\/Pal\u00e4stina. Wie sich die Bilder gleichen in ihrer skrupellosen Brutalit\u00e4t, ist unfassbar. Deutschland ist es dabei wieder gelungen, nicht nur auf der falschen Seite der Geschichte\u2026","rel":"","context":"In &quot;Frieden - Antifaschismus - Solidarit\u00e4t&quot;","block_context":{"text":"Frieden - Antifaschismus - Solidarit\u00e4t","link":"https:\/\/www.freidenker.org\/?cat=13"},"img":{"alt_text":"","src":"https:\/\/i0.wp.com\/www.freidenker.org\/fw17\/wp-content\/uploads\/2024\/03\/palaestina-web-1-2-800x450-1.jpg?fit=800%2C450&ssl=1&resize=350%2C200","width":350,"height":200,"srcset":"https:\/\/i0.wp.com\/www.freidenker.org\/fw17\/wp-content\/uploads\/2024\/03\/palaestina-web-1-2-800x450-1.jpg?fit=800%2C450&ssl=1&resize=350%2C200 1x, https:\/\/i0.wp.com\/www.freidenker.org\/fw17\/wp-content\/uploads\/2024\/03\/palaestina-web-1-2-800x450-1.jpg?fit=800%2C450&ssl=1&resize=525%2C300 1.5x, https:\/\/i0.wp.com\/www.freidenker.org\/fw17\/wp-content\/uploads\/2024\/03\/palaestina-web-1-2-800x450-1.jpg?fit=800%2C450&ssl=1&resize=700%2C400 2x"},"classes":[]},{"id":17537,"url":"https:\/\/www.freidenker.org\/?p=17537","url_meta":{"origin":22575,"position":3},"title":"Prof. Norman Paech: Nach dem V\u00f6lkerrecht betreibt Israel V\u00f6lkermord","author":"Webredaktion","date":"14. November 2023","format":false,"excerpt":"Video-Interview von Diether Dehm mit Prof. Dr. Norman Paech Der Hamburger Jurist und V\u00f6lkerrechtler Prof. Dr. Norman Paech gibt eine fachkundige Einsch\u00e4tzung zum Vorgehen Israels im Gaza-Streifen. Wie viele internationale Experten sieht auch er die Grenzen legitimer Selbstverteidigung oder auch nur v\u00f6lkerrechtskonformer Kriegsf\u00fchrung durch Israel weit \u00fcberschritten. Er verweist auf\u2026","rel":"","context":"In &quot;Demokratie \u2013 Medien \u2013 Aufkl\u00e4rung&quot;","block_context":{"text":"Demokratie \u2013 Medien \u2013 Aufkl\u00e4rung","link":"https:\/\/www.freidenker.org\/?cat=12"},"img":{"alt_text":"","src":"https:\/\/i0.wp.com\/www.freidenker.org\/fw17\/wp-content\/uploads\/2023\/11\/interview_dehm_paech_800x450.jpg?fit=800%2C450&ssl=1&resize=350%2C200","width":350,"height":200,"srcset":"https:\/\/i0.wp.com\/www.freidenker.org\/fw17\/wp-content\/uploads\/2023\/11\/interview_dehm_paech_800x450.jpg?fit=800%2C450&ssl=1&resize=350%2C200 1x, https:\/\/i0.wp.com\/www.freidenker.org\/fw17\/wp-content\/uploads\/2023\/11\/interview_dehm_paech_800x450.jpg?fit=800%2C450&ssl=1&resize=525%2C300 1.5x, https:\/\/i0.wp.com\/www.freidenker.org\/fw17\/wp-content\/uploads\/2023\/11\/interview_dehm_paech_800x450.jpg?fit=800%2C450&ssl=1&resize=700%2C400 2x"},"classes":[]},{"id":23075,"url":"https:\/\/www.freidenker.org\/?p=23075","url_meta":{"origin":22575,"position":4},"title":"\u201eIsraels Politik wird von einer v\u00f6lkerm\u00f6rderischen Logik getrieben\u201c","author":"Webredaktion","date":"9. Oktober 2025","format":false,"excerpt":"Rezension von Arn Strohmeyer zu Avi Shlaim: Genozid in Gaza. Israels langer Krieg gegen Pal\u00e4stina Avi Shlaim ist einer der renommiertesten israelischen Historiker. Bei dieser Feststellung muss man aber eine Differenzierung vornehmen. Denn die israelische Geschichtsschreibung steht in der Regel unter dem Diktat der zionistischen Staatsideologie. Die Historiker dieser Richtung\u2026","rel":"","context":"In &quot;Demokratie \u2013 Medien \u2013 Aufkl\u00e4rung&quot;","block_context":{"text":"Demokratie \u2013 Medien \u2013 Aufkl\u00e4rung","link":"https:\/\/www.freidenker.org\/?cat=12"},"img":{"alt_text":"","src":"https:\/\/i0.wp.com\/www.freidenker.org\/fw17\/wp-content\/uploads\/2025\/10\/Shlaim_Genozid_in_Gaza_800x450_v2.jpg?fit=800%2C450&ssl=1&resize=350%2C200","width":350,"height":200,"srcset":"https:\/\/i0.wp.com\/www.freidenker.org\/fw17\/wp-content\/uploads\/2025\/10\/Shlaim_Genozid_in_Gaza_800x450_v2.jpg?fit=800%2C450&ssl=1&resize=350%2C200 1x, https:\/\/i0.wp.com\/www.freidenker.org\/fw17\/wp-content\/uploads\/2025\/10\/Shlaim_Genozid_in_Gaza_800x450_v2.jpg?fit=800%2C450&ssl=1&resize=525%2C300 1.5x, https:\/\/i0.wp.com\/www.freidenker.org\/fw17\/wp-content\/uploads\/2025\/10\/Shlaim_Genozid_in_Gaza_800x450_v2.jpg?fit=800%2C450&ssl=1&resize=700%2C400 2x"},"classes":[]},{"id":19366,"url":"https:\/\/www.freidenker.org\/?p=19366","url_meta":{"origin":22575,"position":5},"title":"Deutsche Verantwortung: gegen V\u00f6lkermord, f\u00fcr die Menschen in Pal\u00e4stina","author":"Webredaktion","date":"19. Juni 2024","format":false,"excerpt":"Redebeitrag von Joachim Guilliard auf der Demonstration \u201eF\u00fcr einen gerechten Frieden im Nahen Osten\" am 8. Juni 2024 in Darmstadt \u00dcber den f\u00fcrchterlichen Krieg gegen den Gazastreifen und die unbeschreiblichen humanit\u00e4ren Verh\u00e4ltnisse dort, die von UN-Vertretern schon lange als \u201eH\u00f6lle auf Erden\u201c bezeichnet werden, wurde heute von den Vorrednern und\u2026","rel":"","context":"In &quot;Frieden - Antifaschismus - Solidarit\u00e4t&quot;","block_context":{"text":"Frieden - Antifaschismus - Solidarit\u00e4t","link":"https:\/\/www.freidenker.org\/?cat=13"},"img":{"alt_text":"","src":"https:\/\/i0.wp.com\/www.freidenker.org\/fw17\/wp-content\/uploads\/2024\/06\/Free_Palestine_will_not_be_cancelled_53308440087._800x450jpg.jpg?fit=800%2C450&ssl=1&resize=350%2C200","width":350,"height":200,"srcset":"https:\/\/i0.wp.com\/www.freidenker.org\/fw17\/wp-content\/uploads\/2024\/06\/Free_Palestine_will_not_be_cancelled_53308440087._800x450jpg.jpg?fit=800%2C450&ssl=1&resize=350%2C200 1x, https:\/\/i0.wp.com\/www.freidenker.org\/fw17\/wp-content\/uploads\/2024\/06\/Free_Palestine_will_not_be_cancelled_53308440087._800x450jpg.jpg?fit=800%2C450&ssl=1&resize=525%2C300 1.5x, https:\/\/i0.wp.com\/www.freidenker.org\/fw17\/wp-content\/uploads\/2024\/06\/Free_Palestine_will_not_be_cancelled_53308440087._800x450jpg.jpg?fit=800%2C450&ssl=1&resize=700%2C400 2x"},"classes":[]}],"_links":{"self":[{"href":"https:\/\/www.freidenker.org\/index.php?rest_route=\/wp\/v2\/posts\/22575","targetHints":{"allow":["GET"]}}],"collection":[{"href":"https:\/\/www.freidenker.org\/index.php?rest_route=\/wp\/v2\/posts"}],"about":[{"href":"https:\/\/www.freidenker.org\/index.php?rest_route=\/wp\/v2\/types\/post"}],"author":[{"embeddable":true,"href":"https:\/\/www.freidenker.org\/index.php?rest_route=\/wp\/v2\/users\/3"}],"replies":[{"embeddable":true,"href":"https:\/\/www.freidenker.org\/index.php?rest_route=%2Fwp%2Fv2%2Fcomments&post=22575"}],"version-history":[{"count":2,"href":"https:\/\/www.freidenker.org\/index.php?rest_route=\/wp\/v2\/posts\/22575\/revisions"}],"predecessor-version":[{"id":22579,"href":"https:\/\/www.freidenker.org\/index.php?rest_route=\/wp\/v2\/posts\/22575\/revisions\/22579"}],"wp:featuredmedia":[{"embeddable":true,"href":"https:\/\/www.freidenker.org\/index.php?rest_route=\/wp\/v2\/media\/22578"}],"wp:attachment":[{"href":"https:\/\/www.freidenker.org\/index.php?rest_route=%2Fwp%2Fv2%2Fmedia&parent=22575"}],"wp:term":[{"taxonomy":"category","embeddable":true,"href":"https:\/\/www.freidenker.org\/index.php?rest_route=%2Fwp%2Fv2%2Fcategories&post=22575"},{"taxonomy":"post_tag","embeddable":true,"href":"https:\/\/www.freidenker.org\/index.php?rest_route=%2Fwp%2Fv2%2Ftags&post=22575"}],"curies":[{"name":"wp","href":"https:\/\/api.w.org\/{rel}","templated":true}]}}