{"id":22570,"date":"2025-08-07T23:41:48","date_gmt":"2025-08-07T21:41:48","guid":{"rendered":"https:\/\/www.freidenker.org\/?p=22570"},"modified":"2025-09-16T03:05:06","modified_gmt":"2025-09-16T01:05:06","slug":"schmerzhafter-abschied-von-der-illusion-israel","status":"publish","type":"post","link":"https:\/\/www.freidenker.org\/?p=22570","title":{"rendered":"Schmerzhafter Abschied von der Illusion Israel"},"content":{"rendered":"<p><strong>Die Deutsch-Israelin Nirit Sommerfeld hat einen eindrucksvollen und sehr aktuellen Roman geschrieben<\/strong><\/p>\n<p><em>Rezension von <strong>Arn Strohmeyer<\/strong><\/em><\/p>\n<p>Die deutsch-israelische Schauspielerin, S\u00e4ngerin und Schriftstellerin Nirit Sommerfeld setzt sich seit Jahren als politische Aktivistin Vortr\u00e4ge haltend, singend und schreibend f\u00fcr eine gerechte L\u00f6sung des israelisch-pal\u00e4stinensischen Konflikts ein. Das hei\u00dft f\u00fcr sie vor allem, dass auch die Pal\u00e4stinenser einen Anspruch auf Freiheit, Gerechtigkeit und Selbstbestimmung haben. Wer diese Frau einmal auf der B\u00fchne erlebt hat, wird diesen Auftritt nicht vergessen.<\/p>\n<p>Diese vielseitige K\u00fcnstlerin hat nun einen Roman mit dem geheimnisvollen Titel \u201eBeduinenmilch\u201c vorgelegt. Sie schildert in diesem Werk den Entwicklungsweg einer jungen Deutsch-Israelin, die als \u00fcberzeugte und begeisterte Zionistin von Berlin nach Israel reist, um \u201eihrem Land zu dienen\u201c, das hei\u00dft, dort Wehrdienst zu leisten. Die israelische Wirklichkeit, der sie dort begegnet (Besatzung, Unterdr\u00fcckung, die rassistische Verachtung der Pal\u00e4stinenser, permanente Gewalt und Krieg) ersch\u00fcttert sie zutiefst und l\u00e4sst sie einen ganz anderen Weg einschlagen. Nirit Sommerfelds Romanheldin Talia, die sicher autobiographische Z\u00fcge tr\u00e4gt, \u00e4ndert aber in Israel nicht nur ihr politisches Weltbild, sie findet in der Auseinandersetzung mit der furchtbaren Realit\u00e4t dort zu eigener Kraft und St\u00e4rke und damit zu sich selbst.<\/p>\n<p>Damit hat der Schreiber dieser Zeilen eigentlich schon zu viel vom Inhalt und der Handlung des Romans verraten, was ja die Gefahr in sich birgt, dass potenzielle Leser gar nicht mehr zu dem Buch greifen, weil die Rezension ihnen schon alles Wichtige \u00fcber das Werk mitgeteilt hat. Das w\u00e4re sehr schade und gar nicht die Absicht des Rezensenten, der diesen gro\u00dfartigen Roman unbedingt zur Lekt\u00fcre empfehlen m\u00f6chte. Denn die Erlebnisse Talias in Israel geben einen tiefen Einblick in die sehr widerspr\u00fcchliche israelische Realit\u00e4t \u2013 die gegenw\u00e4rtige und die vergangene. Da ist auf der einen Seite der grausame Besatzungs- und Apartheid-Staat mit all seinen widerw\u00e4rtigen Ausw\u00fcchsen, und da sind auf der anderen Seite viele liebenswerte Menschen aus Talias n\u00e4herer Umgebung \u2013 Verwandte, Freunde und Friedensaktivisten, die sie kennenlernt. Und auch die Landschaften Pal\u00e4stinas bzw. Israels liebt sie \u00fcber alles, besonders die Gegend um Eilat, wo sie aufgewachsen ist.<\/p>\n<p>Aber auch mit der immer noch tabuisierten Vergangenheit des zionistischen Staates wird Talia konfrontiert. Der inzwischen verstorbene Gro\u00dfvater, den sie \u00fcber alles geliebt hat, hinterl\u00e4sst ihr ein Tagebuch, aus dem sie erf\u00e4hrt, dass dieser Mann an f\u00fchrender Stelle in den zionistischen Milizen Palmach und Hagana 1948 an der Nakba teilgenommen hat, auch und gerade an furchtbaren Massakern wie in Tantura. Dieser Gro\u00dfvater war sicher kein Unmensch, er ermahnt seine Soldaten immer wieder, die Gebote der Menschlichkeit einzuhalten. Aber es bleibt der schreckliche Zwiespalt: Kann man an einer ethnischen S\u00e4uberung teilnehmen und dabei anst\u00e4ndig und moralisch sauber bleiben? Und so ger\u00e4t Talia immer mehr in einen tiefen, fast ausweglosen Gewissenskonflikt: Israel ist ihr Land und doch nicht ihr Land!<\/p>\n<p>Sie muss f\u00fcr sich vor allem das offizielle israelische Bild von den Pal\u00e4stinensern korrigieren, die die zionistische Propaganda ausschlie\u00dflich als \u201eTiere\u201c oder \u201eTerroristen\u201c diffamiert. Sie wird in den \u201eGebieten\u201c, wie sie in Israel offiziell hei\u00dfen, von den Menschen dort sehr freundlich und warmherzig aufgenommen. Es gibt keine Vorurteile und keinen Hass gegen sie als J\u00fcdin, sondern eine gro\u00dfe Zuwendung und Gastfreundschaft.<\/p>\n<p>Ein Schl\u00fcsselerlebnis hat sie, als sie an einem Protest von Aktivisten gegen die Zerst\u00f6rung eines Beduinendorfes teilnimmt. Sie sieht, wie die Bulldozer die einfachen Behausungen dieser W\u00fcstenbewohner aus Wellblech und Zeltplanen plattmachen. Gegen die unerw\u00fcnschten Zeugen dieses Vorganges setzen Polizei und Armee Tr\u00e4nengas ein, Talia verliert das Bewusstsein. Sie wacht in einem noch nicht zerst\u00f6rten Zelt wieder auf und die Beduinen geben ihr einen Trunk aus Schafsmilch mit Kr\u00e4utern, also \u201eBeduinenmilch\u201c, die ihr die Lebenskr\u00e4fte wiedergibt. Ein Beduine, der sich gegen die Zerst\u00f6rung seines Hauses und Dorfes auflehnt, wird von den israelischen \u201eOrdnungsh\u00fctern\u201c erschossen. Zuvor hatte er Talia, als sie mutig gegen einen Soldaten vorgegangen war, noch zugerufen: \u201eDu hast die Seele einer Beduinin, das ist gut. Lass Dich nicht unterkriegen!\u201c Dieser Satz wird f\u00fcr sie zu einem Leitmotiv f\u00fcr ihr Leben.<\/p>\n<p>Dieser Roman hat mehrere Ebenen. Er erz\u00e4hlt einerseits die Geschichte einer mutigen jungen Frau, die einen Lernprozess durchmacht und schlie\u00dflich gegen Ungerechtigkeit und Unmenschlichkeit k\u00e4mpft, daran w\u00e4chst und so zu sich selbst findet. Talia steht so gesehen f\u00fcr das gro\u00dfe Problem des gegenw\u00e4rtigen Judentums \u00fcberhaupt: die Spaltung in stammesbezogenen gewaltt\u00e4tigen Nationalismus (Zionismus) einerseits und in Universalismus und Kosmopolitismus mit dem Vorrang von Menschenrechten und V\u00f6lkerrecht andererseits. Auch wenn die Menschen in Israel in ihrer Umgebung ihr noch so oft versichern, dass es zum zionistischen Weg der Gewalt gegen\u00fcber den Pal\u00e4stinensern keine Alternative gebe, sie l\u00e4sst sich \u201enicht unterkriegen\u201c, wie der Beduine ihr geraten hat, und kann nur den universalistischen Weg einschlagen.<\/p>\n<p>Man kann dem Roman noch eine Ebene entnehmen, von der man aber nicht behaupten kann, dass die Autorin sie beabsichtigt hat. Das Buch vermittelt auch die Einsicht, die vielen Deutschen und besonders der deutschen Politik so schwerf\u00e4llt: Israel ist ganz anders! Es ist nicht in erster Linie der Staat der Holocaust-\u00dcberlebenden, der permanent von seinen Nachbarn bedroht wird und sich wehren muss. Israel ist in Wirklichkeit ein siedlerkolonialistischer, aggressiver \u201cKriegerstaat\u201c, der unf\u00e4hig ist, mit seinen Nachbarn in Frieden zu leben und nur ein Gesetz kennt: das der Gewalt.<\/p>\n<p>Insofern hat die Handlung von Nirit Sommerfelds Roman gleichnishaften Charakter: Die Entwicklung, die die Heldin des Buches durchmacht, steht der deutschen Politik noch bevor. Nach dem Genozid in Gaza gilt es, Abschied zu nehmen von dem illusion\u00e4ren Wunsch-Israel, das die deutsche Politik so lange beherrscht hat und ein neues und auf den Realit\u00e4ten beruhendes Verh\u00e4ltnis zu diesem Staat zu finden. Dass der Universalismus und nicht die Identifizierung mit dem chauvinistischen Zionismus dabei das ma\u00dfgebende Prinzip sein muss, steht au\u00dfer Frage.<\/p>\n<p>Der Roman h\u00e4lt den Deutschen so gesehen einen Spiegel vor, der zu ihrer Selbsterkenntnis beitragen kann. Dem Buch ist weiteste Verbreitung zu w\u00fcnschen. Es liest sich spannend wie ein Krimi und ist dabei gleichzeitig politische Aufkl\u00e4rung im besten Sinne!<\/p>\n<p style=\"text-align: right;\"><em>Arn Strohmeyer lebt und arbeitet als Journalist und freier Schriftsteller in Bremen.\u00a0Zuletzt schrieb er im\u00a0\u00a0\u201eFREIDENKER\u201c Nr. 4-24\u00a0den Beitrag \u201e<a href=\"https:\/\/www.freidenker.org\/?p=20604\" target=\"_blank\" rel=\"noopener\">Israel begeht V\u00f6lkermord im Gazastreifen und Deutschland ist Mitt\u00e4ter<\/a>\u201c<\/em><\/p>\n<p><img data-recalc-dims=\"1\" loading=\"lazy\" decoding=\"async\" data-attachment-id=\"22571\" data-permalink=\"https:\/\/www.freidenker.org\/?attachment_id=22571\" data-orig-file=\"https:\/\/i0.wp.com\/www.freidenker.org\/fw17\/wp-content\/uploads\/2025\/08\/sommerfeld_beduinenmilch.jpg?fit=800%2C1159&amp;ssl=1\" data-orig-size=\"800,1159\" data-comments-opened=\"0\" data-image-meta=\"{&quot;aperture&quot;:&quot;0&quot;,&quot;credit&quot;:&quot;&quot;,&quot;camera&quot;:&quot;&quot;,&quot;caption&quot;:&quot;&quot;,&quot;created_timestamp&quot;:&quot;0&quot;,&quot;copyright&quot;:&quot;&quot;,&quot;focal_length&quot;:&quot;0&quot;,&quot;iso&quot;:&quot;0&quot;,&quot;shutter_speed&quot;:&quot;0&quot;,&quot;title&quot;:&quot;&quot;,&quot;orientation&quot;:&quot;0&quot;}\" data-image-title=\"sommerfeld_beduinenmilch\" data-image-description=\"\" data-image-caption=\"\" data-large-file=\"https:\/\/i0.wp.com\/www.freidenker.org\/fw17\/wp-content\/uploads\/2025\/08\/sommerfeld_beduinenmilch.jpg?fit=707%2C1024&amp;ssl=1\" class=\"alignnone wp-image-22571\" src=\"https:\/\/i0.wp.com\/www.freidenker.org\/fw17\/wp-content\/uploads\/2025\/08\/sommerfeld_beduinenmilch.jpg?resize=414%2C600&#038;ssl=1\" alt=\"\" width=\"414\" height=\"600\" srcset=\"https:\/\/i0.wp.com\/www.freidenker.org\/fw17\/wp-content\/uploads\/2025\/08\/sommerfeld_beduinenmilch.jpg?resize=707%2C1024&amp;ssl=1 707w, https:\/\/i0.wp.com\/www.freidenker.org\/fw17\/wp-content\/uploads\/2025\/08\/sommerfeld_beduinenmilch.jpg?resize=207%2C300&amp;ssl=1 207w, https:\/\/i0.wp.com\/www.freidenker.org\/fw17\/wp-content\/uploads\/2025\/08\/sommerfeld_beduinenmilch.jpg?resize=768%2C1113&amp;ssl=1 768w, https:\/\/i0.wp.com\/www.freidenker.org\/fw17\/wp-content\/uploads\/2025\/08\/sommerfeld_beduinenmilch.jpg?w=800&amp;ssl=1 800w\" sizes=\"auto, (max-width: 414px) 100vw, 414px\" \/><\/p>\n<p>Nirit Sommerfeld:\u00a0<strong><br \/>\nBeduinenmilch<br \/>\n<\/strong>344 S., Hardcover<br \/>\nCadolzburg: ars vivendi Verlag, 2025<br \/>\nISBN 978-3-7472-0716-1<br \/>\n22 Euro<\/p>\n<hr \/>\n<p><span style=\"font-size: 10pt;\">Bild oben: Titelansicht des Buches von Nirit Sommerfeld<\/span><br \/>\n<span style=\"font-size: 10pt;\">\u00a9 ars vivendi Verlag<\/span><\/p>\n","protected":false},"excerpt":{"rendered":"<p><b>Rezension von Arn Strohmeyer<\/b><br \/>\nDie deutsch-israelische Schauspielerin, S\u00e4ngerin und Schriftstellerin Nirit Sommerfeld setzt sich seit Jahren als politische Aktivistin Vortr\u00e4ge haltend, singend und schreibend f\u00fcr eine gerechte L\u00f6sung des israelisch-pal\u00e4stinensischen Konflikts ein. Das hei\u00dft f\u00fcr sie vor allem, dass auch die Pal\u00e4stinenser einen Anspruch auf Freiheit, Gerechtigkeit und Selbstbestimmung haben. Wer diese Frau einmal auf der B\u00fchne erlebt hat, wird diesen Auftritt nicht vergessen. Diese vielseitige K\u00fcnstlerin hat nun einen Roman mit dem geheimnisvollen Titel \u201eBeduinenmilch\u201c vorgelegt. Sie schildert in diesem Werk den Entwicklungsweg einer jungen Deutsch-Israelin, die als \u00fcberzeugte und begeisterte Zionistin von Berlin nach Israel reist, um \u201eihrem Land zu dienen\u201c, das hei\u00dft, dort Wehrdienst zu leisten. Die israelische Wirklichkeit, der sie dort begegnet [&#8230;] ersch\u00fcttert sie zutiefst &#8230;<\/p>\n","protected":false},"author":3,"featured_media":22572,"comment_status":"closed","ping_status":"closed","sticky":false,"template":"","format":"standard","meta":{"colormag_page_container_layout":"default_layout","colormag_page_sidebar_layout":"default_layout","advanced_seo_description":"","jetpack_seo_html_title":"","jetpack_seo_noindex":false,"jetpack_post_was_ever_published":false,"footnotes":""},"categories":[913,6],"tags":[2004,1115,452,1979,159,718,1644,393,807,394,2569,954,2722,1472,2709,218,579],"class_list":["post-22570","post","type-post","status-publish","format-standard","has-post-thumbnail","hentry","category-kultur-kunst","category-publikationen-fuer-freidenker","tag-besatzung","tag-buch","tag-deutschland","tag-ethnische-saeuberung","tag-freiheit","tag-gerechtigkeit","tag-gewalt","tag-israel","tag-nakba","tag-palaestina","tag-palaestinenser","tag-rezension","tag-roman","tag-selbstbestimmung","tag-siedlungsbau","tag-unterdrueckung","tag-zionismus"],"jetpack_featured_media_url":"https:\/\/i0.wp.com\/www.freidenker.org\/fw17\/wp-content\/uploads\/2025\/08\/sommerfeld_beduinenmilch_800x450.jpg?fit=800%2C450&ssl=1","jetpack_shortlink":"https:\/\/wp.me\/p9stpK-5S2","jetpack-related-posts":[{"id":20365,"url":"https:\/\/www.freidenker.org\/?p=20365","url_meta":{"origin":22570,"position":0},"title":"Wenn Widerstand in Pal\u00e4stina zur Existenzfrage wird","author":"Webredaktion","date":"23. November 2024","format":false,"excerpt":"Kommentar von Evelyn Hecht-Galinski Es ist an der Zeit, dass die Weltgemeinschaft akzeptiert, dass Pal\u00e4stinenser als besetztes Volk das Recht hat, Widerstand zu leisten \u2013 und zwar auf jede erdenkliche Weise? Pal\u00e4stinensern wird das Grundrecht auf Freiheit, Selbstbestimmung und Unabh\u00e4ngigkeit seit Staatsgr\u00fcndung des \u201ej\u00fcdischen Staats\u201c 1948 verweigert. Wurde nicht dem\u2026","rel":"","context":"In &quot;Frieden - Antifaschismus - Solidarit\u00e4t&quot;","block_context":{"text":"Frieden - Antifaschismus - Solidarit\u00e4t","link":"https:\/\/www.freidenker.org\/?cat=13"},"img":{"alt_text":"","src":"https:\/\/i0.wp.com\/www.freidenker.org\/fw17\/wp-content\/uploads\/2024\/11\/injury-6860646_800x450.jpg?fit=800%2C450&ssl=1&resize=350%2C200","width":350,"height":200,"srcset":"https:\/\/i0.wp.com\/www.freidenker.org\/fw17\/wp-content\/uploads\/2024\/11\/injury-6860646_800x450.jpg?fit=800%2C450&ssl=1&resize=350%2C200 1x, https:\/\/i0.wp.com\/www.freidenker.org\/fw17\/wp-content\/uploads\/2024\/11\/injury-6860646_800x450.jpg?fit=800%2C450&ssl=1&resize=525%2C300 1.5x, https:\/\/i0.wp.com\/www.freidenker.org\/fw17\/wp-content\/uploads\/2024\/11\/injury-6860646_800x450.jpg?fit=800%2C450&ssl=1&resize=700%2C400 2x"},"classes":[]},{"id":10352,"url":"https:\/\/www.freidenker.org\/?p=10352","url_meta":{"origin":22570,"position":1},"title":"15. Mai 2021: 73. Jahrestag der Nakba \u2013 der pal\u00e4stinensischen Katastrophe","author":"Webredaktion","date":"15. Mai 2021","format":false,"excerpt":"Der Deutsche Freidenker-Verband erkl\u00e4rt seine Solidarit\u00e4t mit dem pal\u00e4stinensischen Volk und verurteilt den Terror der israelischen Besatzer. Die deutschen Politiker und die sogenannten \u201eQualit\u00e4tsmedien\u201c wollen uns weismachen, dass die Schuld wie immer bei den sogenannten \u201emilitanten\u201d Pal\u00e4stinensern und der Hamas liegt, die deshalb immer \u201eradikal-islamische\u201d Hamas genannt werden muss. Die\u2026","rel":"","context":"In &quot;Frieden - Antifaschismus - Solidarit\u00e4t&quot;","block_context":{"text":"Frieden - Antifaschismus - Solidarit\u00e4t","link":"https:\/\/www.freidenker.org\/?cat=13"},"img":{"alt_text":"","src":"https:\/\/i0.wp.com\/www.freidenker.org\/fw17\/wp-content\/uploads\/2021\/05\/nakba_2021_v2_800x450.jpg?fit=800%2C450&ssl=1&resize=350%2C200","width":350,"height":200,"srcset":"https:\/\/i0.wp.com\/www.freidenker.org\/fw17\/wp-content\/uploads\/2021\/05\/nakba_2021_v2_800x450.jpg?fit=800%2C450&ssl=1&resize=350%2C200 1x, https:\/\/i0.wp.com\/www.freidenker.org\/fw17\/wp-content\/uploads\/2021\/05\/nakba_2021_v2_800x450.jpg?fit=800%2C450&ssl=1&resize=525%2C300 1.5x, https:\/\/i0.wp.com\/www.freidenker.org\/fw17\/wp-content\/uploads\/2021\/05\/nakba_2021_v2_800x450.jpg?fit=800%2C450&ssl=1&resize=700%2C400 2x"},"classes":[]},{"id":23773,"url":"https:\/\/www.freidenker.org\/?p=23773","url_meta":{"origin":22570,"position":2},"title":"Die deutschen Wurzeln des Zionismus","author":"Webredaktion","date":"9. Dezember 2025","format":false,"excerpt":"Wie der Zionismus aus dem Vorbild des deutsch-v\u00f6lkischen Nationalismus entstand und die Pal\u00e4stinenser dabei auf der Strecke blieben Rezension von Arn Strohmeyer Der Palmyra-Verlag in Heidelberg hat sehr interessante Texte des Nahost-Experten Clemens Messerschmid als Buch herausgegeben. Clemens Messerschmid war eine Ausnahmeerscheinung in der Pal\u00e4stina-Szene: ein hoch qualifizierter Experte, der\u2026","rel":"","context":"In &quot;Demokratie \u2013 Medien \u2013 Aufkl\u00e4rung&quot;","block_context":{"text":"Demokratie \u2013 Medien \u2013 Aufkl\u00e4rung","link":"https:\/\/www.freidenker.org\/?cat=12"},"img":{"alt_text":"","src":"https:\/\/i0.wp.com\/www.freidenker.org\/fw17\/wp-content\/uploads\/2025\/12\/Messerschmid_Wurzeln_des_Zionismus_coll_800x450.jpg?fit=800%2C450&ssl=1&resize=350%2C200","width":350,"height":200,"srcset":"https:\/\/i0.wp.com\/www.freidenker.org\/fw17\/wp-content\/uploads\/2025\/12\/Messerschmid_Wurzeln_des_Zionismus_coll_800x450.jpg?fit=800%2C450&ssl=1&resize=350%2C200 1x, https:\/\/i0.wp.com\/www.freidenker.org\/fw17\/wp-content\/uploads\/2025\/12\/Messerschmid_Wurzeln_des_Zionismus_coll_800x450.jpg?fit=800%2C450&ssl=1&resize=525%2C300 1.5x, https:\/\/i0.wp.com\/www.freidenker.org\/fw17\/wp-content\/uploads\/2025\/12\/Messerschmid_Wurzeln_des_Zionismus_coll_800x450.jpg?fit=800%2C450&ssl=1&resize=700%2C400 2x"},"classes":[]},{"id":24903,"url":"https:\/\/www.freidenker.org\/?p=24903","url_meta":{"origin":22570,"position":3},"title":"Wenn der T\u00e4ter sich zum Richter erhebt","author":"Webredaktion","date":"18. April 2026","format":false,"excerpt":"Einige Anmerkungen zur Einf\u00fchrung der Todesstrafe f\u00fcr pal\u00e4stinensische \u201eTerroristen\u201c in Israel Beitrag von Arn Strohmeyer Wer es bisher immer noch nicht geglaubt oder sogar abgestritten hat, dass Israel ein Apartheidstaat ist, jetzt hat er den endg\u00fcltigen Beweis daf\u00fcr. Der zionistische Staat hat die Todesstrafe eingef\u00fchrt \u2013 aber nur f\u00fcr Pal\u00e4stinenser!\u2026","rel":"","context":"In &quot;Aktuelles&quot;","block_context":{"text":"Aktuelles","link":"https:\/\/www.freidenker.org\/?cat=574"},"img":{"alt_text":"","src":"https:\/\/i0.wp.com\/www.freidenker.org\/fw17\/wp-content\/uploads\/2026\/04\/The_knesset_illuminated_800x450.jpg?fit=800%2C450&ssl=1&resize=350%2C200","width":350,"height":200,"srcset":"https:\/\/i0.wp.com\/www.freidenker.org\/fw17\/wp-content\/uploads\/2026\/04\/The_knesset_illuminated_800x450.jpg?fit=800%2C450&ssl=1&resize=350%2C200 1x, https:\/\/i0.wp.com\/www.freidenker.org\/fw17\/wp-content\/uploads\/2026\/04\/The_knesset_illuminated_800x450.jpg?fit=800%2C450&ssl=1&resize=525%2C300 1.5x, https:\/\/i0.wp.com\/www.freidenker.org\/fw17\/wp-content\/uploads\/2026\/04\/The_knesset_illuminated_800x450.jpg?fit=800%2C450&ssl=1&resize=700%2C400 2x"},"classes":[]},{"id":18631,"url":"https:\/\/www.freidenker.org\/?p=18631","url_meta":{"origin":22570,"position":4},"title":"Die unertr\u00e4gliche Leichtigkeit eines zionistischen V\u00f6lkermords in Gaza","author":"Webredaktion","date":"28. M\u00e4rz 2024","format":false,"excerpt":"Kommentar von Evelyn Hecht-Galinski Im Dritten Reich ermordeten Deutsche den Gro\u00dfteil der europ\u00e4ischen Juden. In Netanjahus Reich ermorden die Nachfahren der Holocaustopfer Pal\u00e4stinenser in Gaza\/Pal\u00e4stina. Wie sich die Bilder gleichen in ihrer skrupellosen Brutalit\u00e4t, ist unfassbar. Deutschland ist es dabei wieder gelungen, nicht nur auf der falschen Seite der Geschichte\u2026","rel":"","context":"In &quot;Frieden - Antifaschismus - Solidarit\u00e4t&quot;","block_context":{"text":"Frieden - Antifaschismus - Solidarit\u00e4t","link":"https:\/\/www.freidenker.org\/?cat=13"},"img":{"alt_text":"","src":"https:\/\/i0.wp.com\/www.freidenker.org\/fw17\/wp-content\/uploads\/2024\/03\/palaestina-web-1-2-800x450-1.jpg?fit=800%2C450&ssl=1&resize=350%2C200","width":350,"height":200,"srcset":"https:\/\/i0.wp.com\/www.freidenker.org\/fw17\/wp-content\/uploads\/2024\/03\/palaestina-web-1-2-800x450-1.jpg?fit=800%2C450&ssl=1&resize=350%2C200 1x, https:\/\/i0.wp.com\/www.freidenker.org\/fw17\/wp-content\/uploads\/2024\/03\/palaestina-web-1-2-800x450-1.jpg?fit=800%2C450&ssl=1&resize=525%2C300 1.5x, https:\/\/i0.wp.com\/www.freidenker.org\/fw17\/wp-content\/uploads\/2024\/03\/palaestina-web-1-2-800x450-1.jpg?fit=800%2C450&ssl=1&resize=700%2C400 2x"},"classes":[]},{"id":19230,"url":"https:\/\/www.freidenker.org\/?p=19230","url_meta":{"origin":22570,"position":5},"title":"Die Farce mit der \u201eZivilcourage\u201c, \u201eMeinungsfreiheit\u201c und \u201eW\u00fcrde des Menschen\u201c","author":"Webredaktion","date":"31. Mai 2024","format":false,"excerpt":"Kommentar von Evelyn Hecht-Galinski Als am 23. Mai 2024 75 Jahre Grundgesetz gefeiert wurde, dachte ich mir, wie kann man so verlogen und geschichtsverleugnend \u201efeiern\u201c? Mich verbindet mit dem Grundgesetz besonders, dass es im selben Jahr geboren wurde wie ich, und der pr\u00e4gende Satz: \u201eDie W\u00fcrde des Menschen ist unantastbar\u201c\u2026","rel":"","context":"In &quot;Demokratie \u2013 Medien \u2013 Aufkl\u00e4rung&quot;","block_context":{"text":"Demokratie \u2013 Medien \u2013 Aufkl\u00e4rung","link":"https:\/\/www.freidenker.org\/?cat=12"},"img":{"alt_text":"","src":"https:\/\/i0.wp.com\/www.freidenker.org\/fw17\/wp-content\/uploads\/2024\/05\/the-basic-law-2454404_800x450.jpg?fit=800%2C450&ssl=1&resize=350%2C200","width":350,"height":200,"srcset":"https:\/\/i0.wp.com\/www.freidenker.org\/fw17\/wp-content\/uploads\/2024\/05\/the-basic-law-2454404_800x450.jpg?fit=800%2C450&ssl=1&resize=350%2C200 1x, https:\/\/i0.wp.com\/www.freidenker.org\/fw17\/wp-content\/uploads\/2024\/05\/the-basic-law-2454404_800x450.jpg?fit=800%2C450&ssl=1&resize=525%2C300 1.5x, https:\/\/i0.wp.com\/www.freidenker.org\/fw17\/wp-content\/uploads\/2024\/05\/the-basic-law-2454404_800x450.jpg?fit=800%2C450&ssl=1&resize=700%2C400 2x"},"classes":[]}],"_links":{"self":[{"href":"https:\/\/www.freidenker.org\/index.php?rest_route=\/wp\/v2\/posts\/22570","targetHints":{"allow":["GET"]}}],"collection":[{"href":"https:\/\/www.freidenker.org\/index.php?rest_route=\/wp\/v2\/posts"}],"about":[{"href":"https:\/\/www.freidenker.org\/index.php?rest_route=\/wp\/v2\/types\/post"}],"author":[{"embeddable":true,"href":"https:\/\/www.freidenker.org\/index.php?rest_route=\/wp\/v2\/users\/3"}],"replies":[{"embeddable":true,"href":"https:\/\/www.freidenker.org\/index.php?rest_route=%2Fwp%2Fv2%2Fcomments&post=22570"}],"version-history":[{"count":2,"href":"https:\/\/www.freidenker.org\/index.php?rest_route=\/wp\/v2\/posts\/22570\/revisions"}],"predecessor-version":[{"id":22574,"href":"https:\/\/www.freidenker.org\/index.php?rest_route=\/wp\/v2\/posts\/22570\/revisions\/22574"}],"wp:featuredmedia":[{"embeddable":true,"href":"https:\/\/www.freidenker.org\/index.php?rest_route=\/wp\/v2\/media\/22572"}],"wp:attachment":[{"href":"https:\/\/www.freidenker.org\/index.php?rest_route=%2Fwp%2Fv2%2Fmedia&parent=22570"}],"wp:term":[{"taxonomy":"category","embeddable":true,"href":"https:\/\/www.freidenker.org\/index.php?rest_route=%2Fwp%2Fv2%2Fcategories&post=22570"},{"taxonomy":"post_tag","embeddable":true,"href":"https:\/\/www.freidenker.org\/index.php?rest_route=%2Fwp%2Fv2%2Ftags&post=22570"}],"curies":[{"name":"wp","href":"https:\/\/api.w.org\/{rel}","templated":true}]}}