{"id":225,"date":"2015-10-08T13:59:55","date_gmt":"2015-10-08T11:59:55","guid":{"rendered":"http:\/\/www.freidenker.org\/fw17\/?p=225"},"modified":"2018-02-18T14:29:54","modified_gmt":"2018-02-18T13:29:54","slug":"weltliche-trauerkultur","status":"publish","type":"post","link":"https:\/\/www.freidenker.org\/?p=225","title":{"rendered":"Weltliche Trauerkultur"},"content":{"rendered":"<header class=\"entry-header\">\n<h1 class=\"entry-title\"><strong>Weltliche Bestattungs- und Trauerkultur<\/strong><\/h1>\n<\/header>\n<div class=\"entry-content clearfix\">\n<p>Zu unserem Leben geh\u00f6ren Sterben, Tod und Trauer. Wir Menschen sind in den nat\u00fcrlichen Lebenskreislauf fest eingebunden. Verlieren wir einen uns nahestehenden Menschen, ganz gleich ob nun aus dem Kreise unserer Angeh\u00f6rigen oder aus unserem Freundeskreis, so ber\u00fchrt uns das sehr und geht uns nahe. Wir m\u00f6chten Euch in dieser schwierigen Lebenssituation beistehen, weiterhelfen und beraten. F\u00fcr uns Freidenkerinnen und Freidenker ist es wichtig, diese Unterst\u00fctzung auf den verstorbenen Menschen, anhand seiner Biografie, an den Bed\u00fcrfnissen der Bleibenden auszurichten, um mit dem Abschied umzugehen.<\/p>\n<p>Mit dem Aufkommen der organisierten freigeistigen Bewegung im 19. Jahrhundert wuchs gleichzeitig das Bestreben, die Abschiedszeremonie f\u00fcr einen gestorbenen Menschen und dessen Gedenken von traditionell \u00fcberkommenen religi\u00f6sen Riten zu l\u00f6sen und eine eigenst\u00e4ndige, konfessionsfreie Bestattungs- und Trauerkultur auszubilden.<\/p>\n<p>Der Deutsche Freidenker-Verband e.V. sieht sich unvermindert in dieser Tradition. Er unterst\u00fctzt Hinterbliebene in ihrem Bestreben, eine w\u00fcrdevolle, weltlich \u2013 freigeistige Trauerfeier f\u00fcr ihre gestorbenen Angeh\u00f6rigen zu gestalten, auf der sie auf unverwechselbare Weise von den Toten Abschied nehmen k\u00f6nnen.<\/p>\n<p><strong>Bitte beachten:<\/strong> Wir \u00fcberarbeiten gegenw\u00e4rtig unsere Webseite, sind aber dennoch f\u00fcr Euch \/ f\u00fcr Sie \u00fcber E-Mail erreichbar. Bitte schreibt, schreiben Sie uns an <strong><a href=\"mailto:trauerkultur@freidenker.org\">trauerkultur@freidenker.org<\/a><\/strong>. Vielen Dank.<\/p>\n<p>Weitere Informationen zum Deutschen-Freidenker-Verband e.V.: <strong><a href=\"https:\/\/www.freidenker.org\/?page_id=64\" target=\"_blank\" rel=\"noopener\">Wer sind wir Freidenker?<\/a><\/strong> (Berliner Erkl\u00e4rung von 1994). Weitere Kontaktm\u00f6glichkeiten finden Sie hier: <a href=\"https:\/\/www.freidenker.org\/?page_id=594\" target=\"_blank\" rel=\"noopener\"><strong>Vorstand des Deutschen Freidenker-Verbandes e.V.<\/strong><\/a><\/p>\n<hr \/>\n<p><em>Fotografie: Jens Oldenburg, Potsdam<\/em><\/p>\n<\/div>\n","protected":false},"excerpt":{"rendered":"<p>Zu unserem Leben geh\u00f6ren Sterben, Tod und Trauer. Wir Menschen sind in den nat\u00fcrlichen Lebenskreislauf fest eingebunden. Verlieren wir einen uns nahestehenden Menschen, ganz gleich ob nun aus dem Kreise unserer Angeh\u00f6rigen oder aus unserem Freundeskreis, so ber\u00fchrt uns das sehr und geht uns nahe. Wir m\u00f6chten Euch in dieser schwierigen Lebenssituation beistehen, weiterhelfen und beraten. F\u00fcr uns Freidenkerinnen und Freidenker ist es wichtig, diese Unterst\u00fctzung auf den verstorbenen Menschen, anhand seiner Biografie, an den Bed\u00fcrfnissen der Bleibenden auszurichten, um mit dem Abschied umzugehen.<\/p>\n","protected":false},"author":2,"featured_media":167,"comment_status":"closed","ping_status":"closed","sticky":false,"template":"","format":"standard","meta":{"colormag_page_container_layout":"default_layout","colormag_page_sidebar_layout":"default_layout","advanced_seo_description":"","jetpack_seo_html_title":"","jetpack_seo_noindex":false,"jetpack_post_was_ever_published":false,"footnotes":""},"categories":[17],"tags":[972,24,25,22],"class_list":["post-225","post","type-post","status-publish","format-standard","has-post-thumbnail","hentry","category-weltliche-trauerkultur","tag-bestattung","tag-tod","tag-trauer","tag-weltliche-trauerkultur"],"jetpack_featured_media_url":"https:\/\/i0.wp.com\/www.freidenker.org\/fw17\/wp-content\/uploads\/2016\/05\/jens_oldenburg_potsdam_blumen_volkspark.jpg?fit=1280%2C710&ssl=1","jetpack_shortlink":"https:\/\/wp.me\/p9stpK-3D","jetpack-related-posts":[{"id":9497,"url":"https:\/\/www.freidenker.org\/?p=9497","url_meta":{"origin":225,"position":0},"title":"Wir trauern um Andr\u00e9 M\u00fcller sen.","author":"Webredaktion","date":"5. Februar 2021","format":false,"excerpt":"Nachruf auf Andr\u00e9 M\u00fcller sen. Andr\u00e9, geboren in einer kommunistischen Arbeiterfamilie und mit b\u00fcrgerlichem Namen Willi Fetz, erlernte das Tischlerhandwerk, bevor er Dichter, Theaterkritiker und Kulturredakteur wurde und sich als Autor von Erz\u00e4hlungen, Romanen, Kinderb\u00fcchern, Anekdoten, Satiren und B\u00fchnenst\u00fccken sowie als Dramaturgie-Dozent einen Namen machte. Zu seinen bedeutendsten Leistungen geh\u00f6rt\u2026","rel":"","context":"In &quot;Weltliche Trauerkultur&quot;","block_context":{"text":"Weltliche Trauerkultur","link":"https:\/\/www.freidenker.org\/?cat=17"},"img":{"alt_text":"","src":"https:\/\/i0.wp.com\/www.freidenker.org\/fw17\/wp-content\/uploads\/2021\/02\/andre_mueller_v2_800x450.jpg?fit=800%2C450&ssl=1&resize=350%2C200","width":350,"height":200,"srcset":"https:\/\/i0.wp.com\/www.freidenker.org\/fw17\/wp-content\/uploads\/2021\/02\/andre_mueller_v2_800x450.jpg?fit=800%2C450&ssl=1&resize=350%2C200 1x, https:\/\/i0.wp.com\/www.freidenker.org\/fw17\/wp-content\/uploads\/2021\/02\/andre_mueller_v2_800x450.jpg?fit=800%2C450&ssl=1&resize=525%2C300 1.5x, https:\/\/i0.wp.com\/www.freidenker.org\/fw17\/wp-content\/uploads\/2021\/02\/andre_mueller_v2_800x450.jpg?fit=800%2C450&ssl=1&resize=700%2C400 2x"},"classes":[]},{"id":3172,"url":"https:\/\/www.freidenker.org\/?p=3172","url_meta":{"origin":225,"position":1},"title":"Kondolenzschreiben an die Botschaft Venezuelas","author":"Webredaktion","date":"22. November 2010","format":false,"excerpt":"Sehr geehrte Damen und Herren, liebe Genossinnen und Genossen, die Nachricht vom Tod Ihrer Exzellenz Frau Dr. Blancanieve Portocarrero de Guzm\u00e1n, Botschafterin der Bolivarischen Republik Venezuela in der Bundesrepublik Deutschland, hat uns tief getroffen. Wir hatten in den vergangenen Jahren das Gl\u00fcck und die Freude, Genossin Blancanieve als K\u00e4mpferin f\u00fcr\u2026","rel":"","context":"In &quot;Weltliche Trauerkultur&quot;","block_context":{"text":"Weltliche Trauerkultur","link":"https:\/\/www.freidenker.org\/?cat=17"},"img":{"alt_text":"","src":"https:\/\/i0.wp.com\/www.freidenker.org\/fw17\/wp-content\/uploads\/2010\/11\/sunset-539510_800x445.jpg?fit=800%2C445&ssl=1&resize=350%2C200","width":350,"height":200,"srcset":"https:\/\/i0.wp.com\/www.freidenker.org\/fw17\/wp-content\/uploads\/2010\/11\/sunset-539510_800x445.jpg?fit=800%2C445&ssl=1&resize=350%2C200 1x, https:\/\/i0.wp.com\/www.freidenker.org\/fw17\/wp-content\/uploads\/2010\/11\/sunset-539510_800x445.jpg?fit=800%2C445&ssl=1&resize=525%2C300 1.5x, https:\/\/i0.wp.com\/www.freidenker.org\/fw17\/wp-content\/uploads\/2010\/11\/sunset-539510_800x445.jpg?fit=800%2C445&ssl=1&resize=700%2C400 2x"},"classes":[]},{"id":11226,"url":"https:\/\/www.freidenker.org\/?p=11226","url_meta":{"origin":225,"position":2},"title":"Wir trauern um Edi Mader","author":"Webredaktion","date":"24. September 2021","format":false,"excerpt":"Mit Edi verlieren wir einen aufrechten und vorbildlichen Menschen, einen liebenswerten Freund und zuverl\u00e4ssigen Genossen. In einer Arbeiterfamilie in Ulm geboren, zweieinhalb Jahre nach dem Machtantritt der Faschisten in bescheidenen Verh\u00e4ltnissen aufgewachsen, erlebte er als kleines Kind, wie sein Vater als Kommunist Schikanen der Nazis ausgesetzt war, mehrfach seine Arbeit\u2026","rel":"","context":"In &quot;Weltliche Trauerkultur&quot;","block_context":{"text":"Weltliche Trauerkultur","link":"https:\/\/www.freidenker.org\/?cat=17"},"img":{"alt_text":"","src":"https:\/\/i0.wp.com\/www.freidenker.org\/fw17\/wp-content\/uploads\/2021\/09\/Edi_Portrait_mR_800x450.jpg?fit=800%2C450&ssl=1&resize=350%2C200","width":350,"height":200,"srcset":"https:\/\/i0.wp.com\/www.freidenker.org\/fw17\/wp-content\/uploads\/2021\/09\/Edi_Portrait_mR_800x450.jpg?fit=800%2C450&ssl=1&resize=350%2C200 1x, https:\/\/i0.wp.com\/www.freidenker.org\/fw17\/wp-content\/uploads\/2021\/09\/Edi_Portrait_mR_800x450.jpg?fit=800%2C450&ssl=1&resize=525%2C300 1.5x, https:\/\/i0.wp.com\/www.freidenker.org\/fw17\/wp-content\/uploads\/2021\/09\/Edi_Portrait_mR_800x450.jpg?fit=800%2C450&ssl=1&resize=700%2C400 2x"},"classes":[]},{"id":9641,"url":"https:\/\/www.freidenker.org\/?p=9641","url_meta":{"origin":225,"position":3},"title":"Trauerrede f\u00fcr Andr\u00e9 M\u00fcller sen.","author":"Webredaktion","date":"1. M\u00e4rz 2021","format":false,"excerpt":"Trauerrede von Klaus Hartmann f\u00fcr Andr\u00e9 M\u00fcller sen. Wir trauern um unseren Genossen Andr\u00e9 M\u00fcller sen.. Wir verlieren einen Vater, einen liebenswerten und wertvollen Menschen, einen zuverl\u00e4ssigen, standhaften Genossen; der Deutsche Freidenker-Verband verliert sein \u00e4ltestes Beiratsmitglied. Andr\u00e9 wurde am 8. M\u00e4rz 1925 geboren, in K\u00f6ln, in einer Arbeiterfamilie, unter dem\u2026","rel":"","context":"In &quot;Kultur &amp; Kunst&quot;","block_context":{"text":"Kultur &amp; Kunst","link":"https:\/\/www.freidenker.org\/?cat=913"},"img":{"alt_text":"","src":"https:\/\/i0.wp.com\/www.freidenker.org\/fw17\/wp-content\/uploads\/2021\/03\/andremuellersen_800x450.jpg?fit=800%2C449&ssl=1&resize=350%2C200","width":350,"height":200,"srcset":"https:\/\/i0.wp.com\/www.freidenker.org\/fw17\/wp-content\/uploads\/2021\/03\/andremuellersen_800x450.jpg?fit=800%2C449&ssl=1&resize=350%2C200 1x, https:\/\/i0.wp.com\/www.freidenker.org\/fw17\/wp-content\/uploads\/2021\/03\/andremuellersen_800x450.jpg?fit=800%2C449&ssl=1&resize=525%2C300 1.5x, https:\/\/i0.wp.com\/www.freidenker.org\/fw17\/wp-content\/uploads\/2021\/03\/andremuellersen_800x450.jpg?fit=800%2C449&ssl=1&resize=700%2C400 2x"},"classes":[]},{"id":6231,"url":"https:\/\/www.freidenker.org\/?p=6231","url_meta":{"origin":225,"position":4},"title":"Wir trauern um Horst Schild","author":"Webredaktion","date":"16. April 2019","format":false,"excerpt":"Wir trauern um Dr. phil. habil. Horst Schild (7. Dezember 1940 \u2013 7. April 2019) Horst war Gr\u00fcndungsmitglied des Verbandes der Freidenker der DDR und gestaltete die beim Verbandstag 1991 in Braunschweig vollzogene Vereinigung zu einem gemeinsamen Deutschen Freidenker-Verband aktiv mit. Seitdem war er ununterbrochen f\u00fcr die Freidenker in Dresden\u2026","rel":"","context":"In &quot;Weltliche Trauerkultur&quot;","block_context":{"text":"Weltliche Trauerkultur","link":"https:\/\/www.freidenker.org\/?cat=17"},"img":{"alt_text":"","src":"https:\/\/i0.wp.com\/www.freidenker.org\/fw17\/wp-content\/uploads\/2019\/04\/horst_schild_nachruf_800x445.jpg?fit=800%2C445&ssl=1&resize=350%2C200","width":350,"height":200,"srcset":"https:\/\/i0.wp.com\/www.freidenker.org\/fw17\/wp-content\/uploads\/2019\/04\/horst_schild_nachruf_800x445.jpg?fit=800%2C445&ssl=1&resize=350%2C200 1x, https:\/\/i0.wp.com\/www.freidenker.org\/fw17\/wp-content\/uploads\/2019\/04\/horst_schild_nachruf_800x445.jpg?fit=800%2C445&ssl=1&resize=525%2C300 1.5x, https:\/\/i0.wp.com\/www.freidenker.org\/fw17\/wp-content\/uploads\/2019\/04\/horst_schild_nachruf_800x445.jpg?fit=800%2C445&ssl=1&resize=700%2C400 2x"},"classes":[]},{"id":10426,"url":"https:\/\/www.freidenker.org\/?p=10426","url_meta":{"origin":225,"position":5},"title":"Wir trauern um Dr. Werner Seppmann","author":"Webredaktion","date":"26. Mai 2021","format":false,"excerpt":"Mit Werner verliert die Linke in Deutschland einen bedeutenden marxistischen Philosophen und Soziologen, der Deutsche Freidenker-Verband verliert ein profiliertes Mitglied seines Beirats. Sein Schaffen folgte dem Ziel, die Marx\u2019sche Lehre als Instrument der gesellschaftlichen Erkenntnis, der Kapitalismuskritik und der sozialistischen Perspektive lebendig zu halten und als Instrument gegen die Unterwerfung\u2026","rel":"","context":"In &quot;Weltanschauung &amp; Philosophie&quot;","block_context":{"text":"Weltanschauung &amp; Philosophie","link":"https:\/\/www.freidenker.org\/?cat=16"},"img":{"alt_text":"","src":"https:\/\/i0.wp.com\/www.freidenker.org\/fw17\/wp-content\/uploads\/2021\/05\/werner_seppmann_mangroven_800x450.jpg?fit=800%2C450&ssl=1&resize=350%2C200","width":350,"height":200,"srcset":"https:\/\/i0.wp.com\/www.freidenker.org\/fw17\/wp-content\/uploads\/2021\/05\/werner_seppmann_mangroven_800x450.jpg?fit=800%2C450&ssl=1&resize=350%2C200 1x, https:\/\/i0.wp.com\/www.freidenker.org\/fw17\/wp-content\/uploads\/2021\/05\/werner_seppmann_mangroven_800x450.jpg?fit=800%2C450&ssl=1&resize=525%2C300 1.5x, https:\/\/i0.wp.com\/www.freidenker.org\/fw17\/wp-content\/uploads\/2021\/05\/werner_seppmann_mangroven_800x450.jpg?fit=800%2C450&ssl=1&resize=700%2C400 2x"},"classes":[]}],"_links":{"self":[{"href":"https:\/\/www.freidenker.org\/index.php?rest_route=\/wp\/v2\/posts\/225","targetHints":{"allow":["GET"]}}],"collection":[{"href":"https:\/\/www.freidenker.org\/index.php?rest_route=\/wp\/v2\/posts"}],"about":[{"href":"https:\/\/www.freidenker.org\/index.php?rest_route=\/wp\/v2\/types\/post"}],"author":[{"embeddable":true,"href":"https:\/\/www.freidenker.org\/index.php?rest_route=\/wp\/v2\/users\/2"}],"replies":[{"embeddable":true,"href":"https:\/\/www.freidenker.org\/index.php?rest_route=%2Fwp%2Fv2%2Fcomments&post=225"}],"version-history":[{"count":0,"href":"https:\/\/www.freidenker.org\/index.php?rest_route=\/wp\/v2\/posts\/225\/revisions"}],"wp:featuredmedia":[{"embeddable":true,"href":"https:\/\/www.freidenker.org\/index.php?rest_route=\/wp\/v2\/media\/167"}],"wp:attachment":[{"href":"https:\/\/www.freidenker.org\/index.php?rest_route=%2Fwp%2Fv2%2Fmedia&parent=225"}],"wp:term":[{"taxonomy":"category","embeddable":true,"href":"https:\/\/www.freidenker.org\/index.php?rest_route=%2Fwp%2Fv2%2Fcategories&post=225"},{"taxonomy":"post_tag","embeddable":true,"href":"https:\/\/www.freidenker.org\/index.php?rest_route=%2Fwp%2Fv2%2Ftags&post=225"}],"curies":[{"name":"wp","href":"https:\/\/api.w.org\/{rel}","templated":true}]}}