{"id":22486,"date":"2025-07-30T01:54:01","date_gmt":"2025-07-29T23:54:01","guid":{"rendered":"https:\/\/www.freidenker.org\/?p=22486"},"modified":"2025-08-26T03:21:33","modified_gmt":"2025-08-26T01:21:33","slug":"wie-sich-die-brics-frauenallianz-fuer-eine-gerechtere-weltwirtschaft-einsetzt","status":"publish","type":"post","link":"https:\/\/www.freidenker.org\/?p=22486","title":{"rendered":"Wie sich die BRICS-Frauenallianz f\u00fcr eine gerechtere Weltwirtschaft einsetzt"},"content":{"rendered":"<p><strong>Die Vorsitzende Monica Monteiro erkl\u00e4rt, warum es den WBA-Frauen um eine andere Perspektive auf wirtschaftliches Handeln geht: &#8222;Letztlich wollen wir den Erfolg in der Wirtschaft neu definieren \u2013 nicht nur durch finanziellen Gewinn, sondern durch die positiven Auswirkungen, die wir f\u00fcr die Gesellschaft schaffen.&#8220; <\/strong><\/p>\n<p><em>Interview von <strong>Felicitas Rabe <\/strong>mit <strong><span class=\"RTImage-caption\"><span class=\"RTImage-captionItem\">Monica Monteiro<\/span><\/span><\/strong><\/em><\/p>\n<p><span style=\"font-size: 10pt;\">Erstver\u00f6ffentlichung am 28.07.2025 au <a href=\"https:\/\/freedert.online\/international\/251750-wie-brics-frauenorganisation-sich-fuer\/\" target=\"_blank\" rel=\"noopener\">RT DE<\/a><\/span><\/p>\n<div class=\"EmbedBlock-root EmbedBlock-all\">\n<div class=\"AllEmbed\"><iframe loading=\"lazy\" title=\"Wie sich die BRICS-Frauenallianz f\u00fcr eine gerechtere Weltwirtschaft einsetzt\" src=\"https:\/\/www.podbean.com\/player-v2\/?i=8y4he-191a7f2-pb&amp;from=pb6admin&amp;share=1&amp;download=1&amp;rtl=0&amp;fonts=Arial&amp;skin=f6f6f6&amp;font-color=auto&amp;logo_link=episode_page&amp;btn-skin=7\" width=\"100%\" height=\"150\" scrolling=\"no\" data-name=\"pb-iframe-player\" data-mce-fragment=\"1\"><\/iframe><\/div>\n<\/div>\n<p>Vor f\u00fcnf Jahren, am 20. Juli 2020, wurde im Rahmen des russischen BRICS-Vorsitzes die BRICS Frauen Wirtschaftsallianz gegr\u00fcndet. Seitdem f\u00fchrt die <a href=\"https:\/\/bricswomen.com\/\" target=\"_blank\" rel=\"noopener noreferrer\">BRICS Women Business Alliance<\/a> (WBA) regelm\u00e4\u00dfig eigene Veranstaltungen durch. Vom 3. bis 5. Juli fand w\u00e4hrend des internationalen BRICS-Gipfels in Rio de Janeiro parallel auch die <a href=\"https:\/\/bricswomen.com\/2025\/07\/11\/brics-womens-business-alliance-summed-up-the-results-of-its-work-at-the-brics-summit\/\" target=\"_blank\" rel=\"noopener noreferrer\">internationale WBA-Frauenkonferenz<\/a> statt. Im Interview mit der globalen WBA-Vorstandsfrau Monica Monteiro wollte <em>RT DE<\/em> mehr \u00fcber die Anliegen und Inhalte der BRICS-Frauenkonferenzen erfahren. Am Donnerstag beantwortete die brasilianische Gesch\u00e4ftsf\u00fchrerin eines Medienunternehmens die Fragen von Felicitas Rabe:<\/p>\n<p><strong>Felicitas Rabe<\/strong>:<em> Vielen Dank, Frau Monteiro, dass Sie sich die Zeit genommen haben, die Bedeutung der BRICS Women Business Alliance und ihre Ziele zu erl\u00e4utern. Zun\u00e4chst einmal m\u00f6chte ich Sie fragen, wie die WBA entstanden ist. Was war und ist die urspr\u00fcngliche Motivation f\u00fcr die Einrichtung dieses internationalen Frauenforums im Rahmen der BRICS-Kooperation?<\/em><\/p>\n<p><strong>Monica Monteiro<\/strong>: Die Women Business Alliance (WBA) wurde 2020 w\u00e4hrend des BRICS-Gipfels in Russland gegr\u00fcndet, um eine entscheidende L\u00fccke zu schlie\u00dfen: den Bedarf an einer dauerhaften Plattform, auf der Unternehmerinnen aus Schwellenl\u00e4ndern zusammenarbeiten, f\u00fchrende Rollen spielen und die globale Wirtschaftsagenda beeinflussen k\u00f6nnen. Auf die BRICS-L\u00e4nder entf\u00e4llt fast die H\u00e4lfte der Weltbev\u00f6lkerung. In diesen L\u00e4ndern gibt es eine vitale, aber unterrepr\u00e4sentierte weibliche Gesch\u00e4ftswelt. Das wollen wir \u00e4ndern, indem wir grenz\u00fcberschreitende Netzwerke aufbauen, Partnerschaften f\u00f6rdern und ein integratives und nachhaltiges Wirtschaftswachstum unterst\u00fctzen.<\/p>\n<p><strong>Felicitas Rabe<\/strong>:<em> K\u00f6nnen Sie uns etwas \u00fcber die Organisationsstruktur der WBA erz\u00e4hlen? Gibt es nationale Sektionen oder Untergliederungen? Wie werden die Vorstandsmitglieder gew\u00e4hlt und wer entscheidet \u00fcber die Tagesordnung?<\/em><\/p>\n<figure class=\"RTImage-root\">\n<div class=\"RTImage-image RTImage-original\">\n<figure id=\"attachment_22490\" aria-describedby=\"caption-attachment-22490\" style=\"width: 800px\" class=\"wp-caption alignnone\"><img data-recalc-dims=\"1\" loading=\"lazy\" decoding=\"async\" data-attachment-id=\"22490\" data-permalink=\"https:\/\/www.freidenker.org\/?attachment_id=22490\" data-orig-file=\"https:\/\/i0.wp.com\/www.freidenker.org\/fw17\/wp-content\/uploads\/2025\/07\/brics_wba_02.jpg?fit=1620%2C1080&amp;ssl=1\" data-orig-size=\"1620,1080\" data-comments-opened=\"0\" data-image-meta=\"{&quot;aperture&quot;:&quot;0&quot;,&quot;credit&quot;:&quot;&quot;,&quot;camera&quot;:&quot;&quot;,&quot;caption&quot;:&quot;&quot;,&quot;created_timestamp&quot;:&quot;0&quot;,&quot;copyright&quot;:&quot;&quot;,&quot;focal_length&quot;:&quot;0&quot;,&quot;iso&quot;:&quot;0&quot;,&quot;shutter_speed&quot;:&quot;0&quot;,&quot;title&quot;:&quot;&quot;,&quot;orientation&quot;:&quot;0&quot;}\" data-image-title=\"brics_wba_02\" data-image-description=\"\" data-image-caption=\"\" data-large-file=\"https:\/\/i0.wp.com\/www.freidenker.org\/fw17\/wp-content\/uploads\/2025\/07\/brics_wba_02.jpg?fit=800%2C534&amp;ssl=1\" class=\"wp-image-22490 size-large\" src=\"https:\/\/i0.wp.com\/www.freidenker.org\/fw17\/wp-content\/uploads\/2025\/07\/brics_wba_02.jpg?resize=800%2C534&#038;ssl=1\" alt=\"\" width=\"800\" height=\"534\" srcset=\"https:\/\/i0.wp.com\/www.freidenker.org\/fw17\/wp-content\/uploads\/2025\/07\/brics_wba_02.jpg?resize=1024%2C683&amp;ssl=1 1024w, https:\/\/i0.wp.com\/www.freidenker.org\/fw17\/wp-content\/uploads\/2025\/07\/brics_wba_02.jpg?resize=300%2C200&amp;ssl=1 300w, https:\/\/i0.wp.com\/www.freidenker.org\/fw17\/wp-content\/uploads\/2025\/07\/brics_wba_02.jpg?resize=768%2C512&amp;ssl=1 768w, https:\/\/i0.wp.com\/www.freidenker.org\/fw17\/wp-content\/uploads\/2025\/07\/brics_wba_02.jpg?resize=1536%2C1024&amp;ssl=1 1536w, https:\/\/i0.wp.com\/www.freidenker.org\/fw17\/wp-content\/uploads\/2025\/07\/brics_wba_02.jpg?w=1620&amp;ssl=1 1620w\" sizes=\"auto, (max-width: 800px) 100vw, 800px\" \/><figcaption id=\"caption-attachment-22490\" class=\"wp-caption-text\"><span style=\"font-size: 10pt;\">Die brasilianische Unternehmerin und aktuelle Vorsitzende der BRICS Frauenorganisation WBA, Monica Monteiro, bei der BRICS Frauenkonferenz im Rahmen des BRICS-Gipfels in Rio De Janeiro, Juli 2025 \/ <span class=\"Cover-imageSource\"><span class=\"Cover-captionItem\">\u00a9 BRICS Women Fotogalarie<\/span><\/span> <a href=\"https:\/\/bricswomen.com\/multimedias\/wba-plenary-highlights\/#gallery-11\" target=\"_blank\" rel=\"noopener\">https:\/\/bricswomen.com\/multimedias\/wba-plenary-highlights\/#gallery-11<\/a><\/span><\/figcaption><\/figure>\n<\/div><figcaption class=\"RTImage-footer\"><\/figcaption><\/figure>\n<p><strong>Monica Monteiro<\/strong>: Wir haben eine rotierende Pr\u00e4sidentschaft, die mit dem F\u00fchrungszyklus der BRICS-Staaten \u00fcbereinstimmt. In diesem Jahr hat Brasilien den Vorsitz inne, und ich habe das Privileg, die globale Vorsitzende zu sein. Die Confedera\u00e7\u00e3o Nacional da Ind\u00fastria (CNI) koordiniert unser Sekretariat w\u00e4hrend der Amtszeit Brasiliens.<\/p>\n<p>Unsere Arbeit ist in sechs Bereiche unterteilt: <a href=\"https:\/\/bricswomen.com\/healthcare-group\/\" target=\"_blank\" rel=\"noopener noreferrer\">Gesundheit<\/a>, <a href=\"https:\/\/bricswomen.com\/innovative-development-group\/\" target=\"_blank\" rel=\"noopener noreferrer\">Innovative Entwicklung<\/a>, Inklusive Wirtschaft, Kreative Industrien, Tourismus sowie <a href=\"https:\/\/bricswomen.com\/food-security-and-environmental-safety-group\/\" target=\"_blank\" rel=\"noopener noreferrer\">Ern\u00e4hrungssicherheit und Umweltschutz<\/a>.\u00a0Jedes Land hat eine nationale Sektion, und F\u00fchrungsentscheidungen werden kollektiv getroffen. Unsere j\u00e4hrliche Plenarsitzung ist das wichtigste Entscheidungsforum. Dar\u00fcber hinaus halten wir das ganze Jahr \u00fcber <a href=\"https:\/\/bricswomen.com\/calendar\/\" target=\"_blank\" rel=\"noopener noreferrer\">regelm\u00e4\u00dfige Treffen<\/a> ab, um Initiativen zu entwickeln und unsere Strategie abzustimmen.<\/p>\n<p><strong>Felicitas Rabe<\/strong>:<em> Was ist Ihre pers\u00f6nliche Motivation, sich als Vorstandsfrau in der WBA zu engagieren? Warum ist die internationale Vernetzung f\u00fcr Sie wichtig?<\/em><\/p>\n<p><strong>Monica Monteiro<\/strong>: F\u00fcr mich ist die WBA mehr als nur ein Wirtschaftsverband \u2013 es geht um Ver\u00e4nderung und um ein langfristiges Verm\u00e4chtnis. Wir wissen, dass Frauen in F\u00fchrungspositionen tendenziell integrativere, nachhaltigere und sozialere Gesch\u00e4ftsmodelle schaffen. Die internationale WBA-Vernetzung erm\u00f6glicht es Frauen, sich bei \u00e4hnlichen Problemlagen \u00fcber ihre L\u00f6sungsans\u00e4tze auszutauschen und neue Gesch\u00e4ftsm\u00f6glichkeiten zu erschlie\u00dfen. Au\u00dferdem k\u00f6nnen sie von den Erfahrungen anderer Frauen lernen. Das gilt insbesondere f\u00fcr Schwellenl\u00e4nder, in denen die Herausforderungen oft \u00e4hnlich sind und die L\u00f6sungen oft gemeinsam gefunden werden.<\/p>\n<p>Was mich zudem zutiefst motiviert, ist die Wirkung, die wir bereits jetzt erzielen. So war beispielsweise das Medieninteresse an der WBA-Vollversammlung und dem BRICS-Business-Forum in Rio de Janeiro in diesem Jahr beeindruckend. Laut unserer Medienbeobachtung erreichte das Medienecho weltweit \u00fcber 158 Millionen Menschen. Dieses Ausma\u00df an Aufmerksamkeit zeigt, dass die Welt dem, was Frauen in den BRICS-L\u00e4ndern aufbauen, Beachtung schenkt. Wir nehmen nicht nur an der Diskussion teil \u2013 wir gestalten sie mit.<\/p>\n<figure class=\"RTImage-root\">\n<div class=\"RTImage-image RTImage-original\">\n<figure id=\"attachment_22489\" aria-describedby=\"caption-attachment-22489\" style=\"width: 800px\" class=\"wp-caption alignnone\"><img data-recalc-dims=\"1\" loading=\"lazy\" decoding=\"async\" data-attachment-id=\"22489\" data-permalink=\"https:\/\/www.freidenker.org\/?attachment_id=22489\" data-orig-file=\"https:\/\/i0.wp.com\/www.freidenker.org\/fw17\/wp-content\/uploads\/2025\/07\/brics_wba_03.jpg?fit=1620%2C1080&amp;ssl=1\" data-orig-size=\"1620,1080\" data-comments-opened=\"0\" data-image-meta=\"{&quot;aperture&quot;:&quot;0&quot;,&quot;credit&quot;:&quot;&quot;,&quot;camera&quot;:&quot;&quot;,&quot;caption&quot;:&quot;&quot;,&quot;created_timestamp&quot;:&quot;0&quot;,&quot;copyright&quot;:&quot;&quot;,&quot;focal_length&quot;:&quot;0&quot;,&quot;iso&quot;:&quot;0&quot;,&quot;shutter_speed&quot;:&quot;0&quot;,&quot;title&quot;:&quot;&quot;,&quot;orientation&quot;:&quot;0&quot;}\" data-image-title=\"brics_wba_03\" data-image-description=\"\" data-image-caption=\"\" data-large-file=\"https:\/\/i0.wp.com\/www.freidenker.org\/fw17\/wp-content\/uploads\/2025\/07\/brics_wba_03.jpg?fit=800%2C534&amp;ssl=1\" class=\"wp-image-22489 size-large\" src=\"https:\/\/i0.wp.com\/www.freidenker.org\/fw17\/wp-content\/uploads\/2025\/07\/brics_wba_03.jpg?resize=800%2C534&#038;ssl=1\" alt=\"\" width=\"800\" height=\"534\" srcset=\"https:\/\/i0.wp.com\/www.freidenker.org\/fw17\/wp-content\/uploads\/2025\/07\/brics_wba_03.jpg?resize=1024%2C683&amp;ssl=1 1024w, https:\/\/i0.wp.com\/www.freidenker.org\/fw17\/wp-content\/uploads\/2025\/07\/brics_wba_03.jpg?resize=300%2C200&amp;ssl=1 300w, https:\/\/i0.wp.com\/www.freidenker.org\/fw17\/wp-content\/uploads\/2025\/07\/brics_wba_03.jpg?resize=768%2C512&amp;ssl=1 768w, https:\/\/i0.wp.com\/www.freidenker.org\/fw17\/wp-content\/uploads\/2025\/07\/brics_wba_03.jpg?resize=1536%2C1024&amp;ssl=1 1536w, https:\/\/i0.wp.com\/www.freidenker.org\/fw17\/wp-content\/uploads\/2025\/07\/brics_wba_03.jpg?w=1620&amp;ssl=1 1620w\" sizes=\"auto, (max-width: 800px) 100vw, 800px\" \/><figcaption id=\"caption-attachment-22489\" class=\"wp-caption-text\"><span style=\"font-size: 10pt;\">Konferenz der BRICS Frauenorganisation beim BRICS Gipfel in Rio De Janeiro, Juli 2025 \/ <span class=\"Cover-imageSource\"><span class=\"Cover-captionItem\">\u00a9 BRICS Women Fotogalarie<\/span><\/span> <a href=\"https:\/\/bricswomen.com\/multimedias\/wba-plenary-highlights\/#gallery-36\" target=\"_blank\" rel=\"noopener\">https:\/\/bricswomen.com\/multimedias\/wba-plenary-highlights\/#gallery-36<\/a><\/span><\/figcaption><\/figure>\n<\/div><figcaption class=\"RTImage-footer\"><\/figcaption><\/figure>\n<p><strong>Felicitas Rabe<\/strong>:<em> Wie unterscheidet sich die wirtschaftliche Beteiligung von Frauen von der von M\u00e4nnern?\u00a0<\/em><\/p>\n<p><strong>Monica Monteiro<\/strong>: Der Unterschied liegt im Zugang und in den M\u00f6glichkeiten. Weltweit werden nur 15 Prozent der Unternehmen, die internationalen Handel betreiben, von Frauen gef\u00fchrt (Welthandelsorganisation, 2024). In den BRICS-L\u00e4ndern werden die Herausforderungen oft durch kulturelle Normen und systemische Barrieren versch\u00e4rft.\u00a0Ich nenne ein paar Beispiele:<\/p>\n<ul>\n<li>In Indien sind weniger als 1 Prozent der Frauen formelle Unternehmerinnen.<\/li>\n<li>In S\u00fcdafrika werden nur 22 Prozent der Unternehmen von Frauen gef\u00fchrt (BRICS Women&#8217;s Development Report 2024).<\/li>\n<li>In Brasilien stammen trotz aller Fortschritte nur 2 Prozent der Gesamtexporte aus von Frauen gef\u00fchrten Unternehmen (Mulheres no Com\u00e9rcio Exterior, MDIC, 2025).<\/li>\n<\/ul>\n<p>Diese Zahlen sind nicht einfach nur Statistiken \u2013 sie stehen f\u00fcr verlorenes Potenzial. Die WBA gibt es, um dies zu \u00e4ndern.<\/p>\n<p><strong>Felicitas Rabe<\/strong>:<em> K\u00f6nnen Sie uns etwas Allgemeines \u00fcber die wirtschaftliche Beteiligung von Frauen weltweit sagen?<\/em><\/p>\n<p><strong>Monica Monteiro<\/strong>: Frauen sehen sich in der globalen Wirtschaft immer noch mit systemischen Hindernissen konfrontiert. Nach Angaben der Women Entrepreneurs Finance Initiative (WE-FI) haben 70 Prozent der von Frauen gef\u00fchrten KMU (kleine oder mittelgro\u00dfe Unternehmen) weltweit keinen Zugang zu angemessenen Krediten, Schulungen oder Netzwerken.<\/p>\n<p>Dabei schaffen weibliche Unternehmungsleitungen einen viel breiteren gesellschaftlichen Nutzen. Studien zeigen, dass Frauen einen gr\u00f6\u00dferen Teil ihrer Eink\u00fcnfte in ihre Familien und Gemeinden reinvestieren \u2013 bis zu 90 Prozent im Vergleich zu etwa 30 bis 40 Prozent bei M\u00e4nnern. Deshalb ist die F\u00f6rderung von Unternehmerinnen nicht nur eine Geschlechterfrage, sondern eine Entwicklungsstrategie.<\/p>\n<figure class=\"RTImage-root\">\n<div class=\"RTImage-image RTImage-original\">\n<figure id=\"attachment_22488\" aria-describedby=\"caption-attachment-22488\" style=\"width: 800px\" class=\"wp-caption alignnone\"><img data-recalc-dims=\"1\" loading=\"lazy\" decoding=\"async\" data-attachment-id=\"22488\" data-permalink=\"https:\/\/www.freidenker.org\/?attachment_id=22488\" data-orig-file=\"https:\/\/i0.wp.com\/www.freidenker.org\/fw17\/wp-content\/uploads\/2025\/07\/brics_wba_04.jpg?fit=1620%2C1080&amp;ssl=1\" data-orig-size=\"1620,1080\" data-comments-opened=\"0\" data-image-meta=\"{&quot;aperture&quot;:&quot;0&quot;,&quot;credit&quot;:&quot;&quot;,&quot;camera&quot;:&quot;&quot;,&quot;caption&quot;:&quot;&quot;,&quot;created_timestamp&quot;:&quot;0&quot;,&quot;copyright&quot;:&quot;&quot;,&quot;focal_length&quot;:&quot;0&quot;,&quot;iso&quot;:&quot;0&quot;,&quot;shutter_speed&quot;:&quot;0&quot;,&quot;title&quot;:&quot;&quot;,&quot;orientation&quot;:&quot;0&quot;}\" data-image-title=\"brics_wba_04\" data-image-description=\"\" data-image-caption=\"\" data-large-file=\"https:\/\/i0.wp.com\/www.freidenker.org\/fw17\/wp-content\/uploads\/2025\/07\/brics_wba_04.jpg?fit=800%2C534&amp;ssl=1\" class=\"wp-image-22488 size-large\" src=\"https:\/\/i0.wp.com\/www.freidenker.org\/fw17\/wp-content\/uploads\/2025\/07\/brics_wba_04.jpg?resize=800%2C534&#038;ssl=1\" alt=\"\" width=\"800\" height=\"534\" srcset=\"https:\/\/i0.wp.com\/www.freidenker.org\/fw17\/wp-content\/uploads\/2025\/07\/brics_wba_04.jpg?resize=1024%2C683&amp;ssl=1 1024w, https:\/\/i0.wp.com\/www.freidenker.org\/fw17\/wp-content\/uploads\/2025\/07\/brics_wba_04.jpg?resize=300%2C200&amp;ssl=1 300w, https:\/\/i0.wp.com\/www.freidenker.org\/fw17\/wp-content\/uploads\/2025\/07\/brics_wba_04.jpg?resize=768%2C512&amp;ssl=1 768w, https:\/\/i0.wp.com\/www.freidenker.org\/fw17\/wp-content\/uploads\/2025\/07\/brics_wba_04.jpg?resize=1536%2C1024&amp;ssl=1 1536w, https:\/\/i0.wp.com\/www.freidenker.org\/fw17\/wp-content\/uploads\/2025\/07\/brics_wba_04.jpg?w=1620&amp;ssl=1 1620w\" sizes=\"auto, (max-width: 800px) 100vw, 800px\" \/><figcaption id=\"caption-attachment-22488\" class=\"wp-caption-text\"><span style=\"font-size: 10pt;\">Sitzung der BRICS Frauen beim BRICS-Gipfel in Rio de Janeiro, Juli 2025 \/ <span class=\"Cover-imageSource\"><span class=\"Cover-captionItem\">\u00a9 BRICS Women Fotogalarie<\/span><\/span> <a href=\"https:\/\/bricswomen.com\/multimedias\/wba-plenary-highlights\/#gallery-9\" target=\"_blank\" rel=\"noopener\">https:\/\/bricswomen.com\/multimedias\/wba-plenary-highlights\/#gallery-9<\/a><\/span><\/figcaption><\/figure>\n<\/div><figcaption class=\"RTImage-footer\"><\/figcaption><\/figure>\n<p><strong>Felicitas Rabe<\/strong>:<em> Haben Frauen im Vergleich zu M\u00e4nnern ein anderes Verh\u00e4ltnis zu wirtschaftlichen Aktivit\u00e4ten?<\/em><\/p>\n<p><strong>Monica Monteiro<\/strong>: In vielen F\u00e4llen, ja. Frauen gehen in der Regel mit einer umfassenderen Vision an ein Unternehmen heran\u00a0\u2013 sie balancieren Gewinn mit sozialer Wirkung, Nachhaltigkeit und langfristiger Widerstandsf\u00e4higkeit.<\/p>\n<p>Wir denken \u00fcber das langfristige Verm\u00e4chtnis nach. Wir denken dar\u00fcber nach, wie sich unser heutiges Handeln auf unsere Kinder, unsere Gemeinschaften und den Planeten auswirken wird. F\u00fcr mich ist das nicht nur anekdotisch; es ist ein Muster, das ich bei den von Frauen gef\u00fchrten Unternehmen, mit denen ich zusammengearbeitet habe, immer wieder beobachten konnte.<\/p>\n<p><strong>Felicitas Rabe<\/strong>:<em> Warum ist eine Frauenorganisation und eine weibliche Perspektive auf die Weltwirtschaft so wichtig?<\/em><\/p>\n<p><strong>Monica Monteiro<\/strong>: Weil das derzeitige globale Wirtschaftsmodell historisch gesehen ohne Ber\u00fccksichtigung der Erfahrungen, Stimmen und Perspektiven von Frauen entwickelt wurde. Dies hat zu einer Politik und Praxis gef\u00fchrt, die den Bed\u00fcrfnissen der H\u00e4lfte der Weltbev\u00f6lkerung nicht gerecht werden. Mit der WBA wollen wir diese Verh\u00e4ltnisse \u00e4ndern. Wir bitten nicht um einen Platz am Tisch\u00a0\u2013 wir bauen neue Tische, an denen unterschiedliche F\u00fchrungspersonen die Regel und nicht die Ausnahme sind.<\/p>\n<p><strong>Felicitas Rabe<\/strong>:<em> W\u00fcrden Sie sagen, dass die Atmosph\u00e4re auf Frauenkonferenzen anders ist als auf gemischten Konferenzen?<\/em><\/p>\n<p><strong>Monica Monteiro<\/strong>: Auf jeden Fall. Es gibt eine nat\u00fcrliche Tendenz, R\u00e4ume der Empathie, der Zusammenarbeit und der gemeinsamen F\u00fchrung zu schaffen, die sich auf kollektives Wachstum und nicht nur auf individuellen Erfolg konzentrieren. Der Dialog ist in der Regel offener, die Zusammenarbeit flie\u00dfender und die Ziele sind st\u00e4rker auf den Aufbau einer Gemeinschaft und die Schaffung langfristiger Partnerschaften ausgerichtet. Ich will damit nicht sagen, dass M\u00e4nner nicht zusammenarbeiten\u00a0\u2013 aber wenn Frauen zusammenkommen, kommt oft eine zus\u00e4tzliche Ebene der Empathie und der unbedingte Wunsch hinzu, einander aufzubauen. Das ist kraftvoll.<\/p>\n<p><strong>Felicitas Rabe<\/strong>:<em> An welchen Themen und Projekten arbeitet die WBA derzeit?<\/em><\/p>\n<p><strong>Monica Monteiro<\/strong>: Wir konzentrieren uns derzeit auf vier strategische S\u00e4ulen:<\/p>\n<ul>\n<li>Wirtschaftsf\u00f6rderung, darunter der <a href=\"https:\/\/bricswomen.com\/brics-womensstartups-contest\/\" target=\"_blank\" rel=\"noopener noreferrer\">BRICS Women&#8217;s Startups Contest<\/a>, wobei besonders die von Frauen gef\u00fchrten Initiativen in den Bereichen Bio-\u00d6konomie, digitale Transformation, Kreislaufwirtschaft und nachhaltige Lebensmittelproduktion ausgezeichnet werden. In diesem Jahr haben wir 18 Initiativen mit Preisen ausgezeichnet.<\/li>\n<li>Politische Handlungsempfehlungen, die von unseren Arbeitsgruppen entwickelt und den BRICS-Staatschefs vorgelegt wurden.<\/li>\n<li>Kooperationsprojekte, insbesondere in der Kreativwirtschaft, einem Bereich, in dem Frauen bereits f\u00fchrend sind.<\/li>\n<li>Integration neuer Mitglieder wie \u00c4gypten, Iran, die Vereinigten Arabischen Emirate und Indonesien\u00a0\u2013 damit wird sichergestellt, dass mit der Erweiterung der BRICS auch die Reichweite der weiblichen F\u00fchrungsrollen w\u00e4chst.<\/li>\n<\/ul>\n<div class=\"ReadMore-root Section-root Section-is1to3-xs_is1to1\" data-widgets=\"ReadMore\" data-has-alias=\"\">\n<div class=\"Section-container Section-isRow-isTop-isWrap\">\n<article class=\"Card-root Card-is1to1 Card-default \">\n<div class=\"Card-imageWrap\">Insgesamt haben wir in diesem Jahr <a href=\"https:\/\/bricswomen.com\/projects\/\" target=\"_blank\" rel=\"noopener noreferrer\">49 Initiativen<\/a> unterst\u00fctzt, 218 Treffen abgehalten und \u00fcber 3,7 Millionen US-Dollar an geplanten Gesch\u00e4ftsabschl\u00fcssen vermittelt, wobei 800.000 US-Dollar bereits direkt durch unsere Partnerschaften mit CNI und ApexBrasil erm\u00f6glicht wurden.<\/div>\n<\/article>\n<\/div>\n<\/div>\n<p><strong>Felicitas Rabe<\/strong>:<em> Was sind die Hauptziele der WBA?<\/em><\/p>\n<p><strong>Monica Monteiro<\/strong>: Wir wollen die strukturellen Hindernisse beseitigen, die Frauen daran hindern, in vollem Umfang am Wirtschaftsleben teilzunehmen. Zu unseren Zielen geh\u00f6ren:<\/p>\n<ul>\n<li>Ausweitung des Marktzugangs f\u00fcr von Frauen gef\u00fchrte Unternehmen<\/li>\n<li>F\u00f6rderung des grenz\u00fcberschreitenden Handels der von Frauen gef\u00fchrten Unternehmen.<\/li>\n<li>Einflussnahme auf die \u00f6ffentliche Politik zur F\u00f6rderung der Geschlechtergerechtigkeit im Unternehmertum<\/li>\n<li>Aufbau eines Netzwerks, das die Kooperation der BRICS-Mitglieder durch weibliche F\u00fchrungskr\u00e4fte st\u00e4rkt<\/li>\n<\/ul>\n<p>Letztlich wollen wir den Erfolg in der Wirtschaft neu definieren \u2013 nicht nur durch finanziellen Gewinn, sondern durch die positiven Auswirkungen, die wir f\u00fcr die Gesellschaft schaffen.<\/p>\n<p><strong>Felicitas Rabe<\/strong>:<em> Wie gelingt die Zusammenarbeit zwischen Frauen aus verschiedenen Kulturen und Religionen innerhalb der BRICS?<\/em><\/p>\n<p><strong>Monica Monteiro<\/strong>: Unsere St\u00e4rke liegt in unserer Vielfalt. Die Frauen der BRICS repr\u00e4sentieren ein reiches Mosaik von Kulturen, Religionen und Lebenserfahrungen. Was uns eint, ist unser gemeinsames Engagement f\u00fcr Selbsterm\u00e4chtigung, Zusammenarbeit und F\u00fchrung. In der WBA setzen wir auf Respekt und Dialog. Wir h\u00f6ren zu, wir lernen voneinander und wir erarbeiten gemeinsam L\u00f6sungen. Genau diese Vielfalt der Gedanken macht unser B\u00fcndnis so effektiv.<\/p>\n<p><strong>Felicitas Rabe<\/strong>:<em> Vor welchen besonderen Herausforderungen stehen<\/em>\u00a0<em>Frauen, wenn sie versuchen, Beruf und Privatleben miteinander zu vereinbaren?<\/em><\/p>\n<p><strong>Monica Monteiro<\/strong>: Frauen haben oft eine Doppelrolle inne, indem sie ihre berufliche Karriere mit famili\u00e4ren und pflegerischen Pflichten in Einklang bringen. Dies ist nicht nur eine pers\u00f6nliche Herausforderung, sondern auch eine strukturelle. Wir brauchen Ma\u00dfnahmen, die die Vereinbarkeit von Beruf und Privatleben unterst\u00fctzen, wie flexible Arbeitsmodelle, zug\u00e4ngliche Kinderbetreuungseinrichtungen und eine Unternehmenskultur, die Inklusion f\u00f6rdert. Solange diese Strukturen nicht vorhanden sind, werden Frauen weiterhin ungerechten Belastungen ausgesetzt sein.<\/p>\n<p><strong>Felicitas Rabe<\/strong>:<em> Warum ist es wichtig, dass Frauen ihre Perspektive in wirtschaftliche Debatten einbringen?<\/em><\/p>\n<p><strong>Monica Monteiro:<\/strong> Weil die Zukunft der Wirtschaft neue L\u00f6sungen ben\u00f6tigt, und Frauen bringen Ideen und Erfahrungen ein, die f\u00fcr diese Entwicklung entscheidend sind.\u00a0Wir denken nicht nur \u00fcber Wachstum nach, sondern dar\u00fcber, wie wir besser wachsen k\u00f6nnen \u2013 auf eine Weise, die die Menschen, den Planeten und die kommenden Generationen respektiert. Wenn wir uns nur auf die gleichen Stimmen verlassen, werden wir auch die gleichen Ergebnisse erzielen. Wenn wir die Perspektiven von Frauen einbeziehen, k\u00f6nnen wir die Zukunft zum Besseren ver\u00e4ndern.<\/p>\n<p style=\"text-align: right;\"><em>Die <a href=\"https:\/\/tvbrics.com\/en\/news\/monica-monteiro-hairperson-of-brics-wba-brazilian-chapter-revolution-of-our-time-is-increasing-numbe\/\" target=\"_blank\" rel=\"noopener noreferrer\">diesj\u00e4hrige Vorsitzende des BRICS-Weltfrauenverbands<\/a> WBA, <strong>Monica Monteiro<\/strong>, hat auch den Vorsitz der brasilianischen BRICS-WBA-Sektion. Sie ist Gesch\u00e4ftsf\u00fchrerin der Pay-TV-Bandeirantes-Group. Ihren Studienabschluss im Bereich Erziehungswissenschaften hat sie an der Katholischen Universit\u00e4t von S\u00e3o Paulo erworben. Seit 2021 ist sie Mitglied der G100, einer Gruppe von weiblichen F\u00fchrungskr\u00e4ften im Bereich Medienkunst und Kommunikation, der weltweit nur 100 Frauen angeh\u00f6ren. Monica Monteiro ist seit mehr als 25 Jahren im Bereich der audiovisuellen Medien t\u00e4tig. Seit 2022 ist sie Vorsitzende des Nationalen Rates der Unternehmerinnen Brasiliens.<\/em><\/p>\n<p style=\"text-align: right;\"><em><strong>Felicitas Rabe<\/strong> ist freie Journalistin und berichtete u.a. \u00fcber die<a href=\"https:\/\/www.freidenker.org\/?p=16200\"> Konferenz der Weltunion der Freidenker 2023<\/a><\/em><\/p>\n<hr \/>\n<p><span style=\"font-size: 10pt;\">Bild oben: <span class=\"Cover-caption\"><span class=\"Cover-captionItem\">BRICS-Frauen Konferenz 2025; <\/span><\/span><span class=\"Cover-caption\"><span class=\"Cover-captionItem\">vierte von links die WBA-Vorsitzende Monica Monteiro, Rio De Janeiro, Juli 2025<\/span><\/span><br \/>\n<span class=\"Cover-imageSource\"><span class=\"Cover-captionItem\">Quelle: \u00a9 BRICS Women Fotogalarie <a href=\"https:\/\/bricswomen.com\/multimedias\/wba-plenary-highlights\/#gallery-15\" target=\"_blank\" rel=\"noopener\">https:\/\/bricswomen.com\/multimedias\/wba-plenary-highlights\/#gallery-15<\/a><\/span><\/span><\/span><\/p>\n","protected":false},"excerpt":{"rendered":"<p><b>Interview von Felicitas Rabe mit Monica Monteiro<\/b><br \/>\nVor f\u00fcnf Jahren, am 20. Juli 2020, wurde im Rahmen des russischen BRICS-Vorsitzes die BRICS Frauen Wirtschaftsallianz gegr\u00fcndet. Seitdem f\u00fchrt die BRICS Women Business Alliance (WBA) regelm\u00e4\u00dfig eigene Veranstaltungen durch. Vom 3. bis 5. Juli fand w\u00e4hrend des internationalen BRICS-Gipfels in Rio de Janeiro parallel auch die internationale WBA-Frauenkonferenz statt. Die Brasilianerin Monica Monteiro, globale WBA-Vorstandsfrau und Gesch\u00e4ftsf\u00fchrerin eines Medienunternehmens beantwortete die Fragen von Felicitas Rabe. Sie erkl\u00e4rt, warum es den WBA-Frauen um eine andere Perspektive auf wirtschaftliches Handeln geht: <i>&#8222;Letztlich wollen wir den Erfolg in der Wirtschaft neu definieren \u2013 nicht nur durch finanziellen Gewinn, sondern durch die positiven Auswirkungen, die wir f\u00fcr die Gesellschaft schaffen.&#8220;<\/i><\/p>\n","protected":false},"author":3,"featured_media":22487,"comment_status":"closed","ping_status":"closed","sticky":false,"template":"","format":"standard","meta":{"colormag_page_container_layout":"default_layout","colormag_page_sidebar_layout":"default_layout","advanced_seo_description":"","jetpack_seo_html_title":"","jetpack_seo_noindex":false,"jetpack_post_was_ever_published":false,"footnotes":""},"categories":[11],"tags":[1776,2391,1926,610,1800,391,1494,71,1041,222,1352,2705,122,2704,2703],"class_list":["post-22486","post","type-post","status-publish","format-standard","has-post-thumbnail","hentry","category-arbeit-soziales","tag-brasilien","tag-brics","tag-entwicklung","tag-frauen","tag-geschaeft","tag-gesundheitswesen","tag-handel","tag-nachhaltigkeit","tag-netzwerke","tag-russland","tag-strategie","tag-vereinbarkeit-familie-und-beruf","tag-wirtschaft","tag-wirtschaftsfoerderung","tag-women-business-alliance"],"jetpack_featured_media_url":"https:\/\/i0.wp.com\/www.freidenker.org\/fw17\/wp-content\/uploads\/2025\/07\/brics_wba_01_800x450.jpg?fit=800%2C450&ssl=1","jetpack_shortlink":"https:\/\/wp.me\/p9stpK-5QG","jetpack-related-posts":[{"id":19756,"url":"https:\/\/www.freidenker.org\/?p=19756","url_meta":{"origin":22486,"position":0},"title":"Die zwei Pfeiler der BRICS: Russland und China als treibende Kr\u00e4fte einer neuen Weltordnung","author":"Webredaktion","date":"21. August 2024","format":false,"excerpt":"Beitrag von Rainer Rupp Im Oktober versammelt sich die BRICS-Gruppe in Kasan, Tatarstan \u2013 \u00fcber 90 Staaten sind dabei, als Mitglieder, Anw\u00e4rter oder Beobachter. Doch wie wurden die BRICS zu einer derart m\u00e4chtigen Kraft, die nicht nur den Globalen S\u00fcden, sondern auch europ\u00e4ische Nationen in ihren Bann zieht? Die BRICS-Vereinigung,\u00a0in\u2026","rel":"","context":"In &quot;Demokratie \u2013 Medien \u2013 Aufkl\u00e4rung&quot;","block_context":{"text":"Demokratie \u2013 Medien \u2013 Aufkl\u00e4rung","link":"https:\/\/www.freidenker.org\/?cat=12"},"img":{"alt_text":"","src":"https:\/\/i0.wp.com\/www.freidenker.org\/fw17\/wp-content\/uploads\/2024\/08\/BRICS_Brasil_2019_48531502032_800x450.jpg?fit=800%2C450&ssl=1&resize=350%2C200","width":350,"height":200,"srcset":"https:\/\/i0.wp.com\/www.freidenker.org\/fw17\/wp-content\/uploads\/2024\/08\/BRICS_Brasil_2019_48531502032_800x450.jpg?fit=800%2C450&ssl=1&resize=350%2C200 1x, https:\/\/i0.wp.com\/www.freidenker.org\/fw17\/wp-content\/uploads\/2024\/08\/BRICS_Brasil_2019_48531502032_800x450.jpg?fit=800%2C450&ssl=1&resize=525%2C300 1.5x, https:\/\/i0.wp.com\/www.freidenker.org\/fw17\/wp-content\/uploads\/2024\/08\/BRICS_Brasil_2019_48531502032_800x450.jpg?fit=800%2C450&ssl=1&resize=700%2C400 2x"},"classes":[]},{"id":21149,"url":"https:\/\/www.freidenker.org\/?p=21149","url_meta":{"origin":22486,"position":1},"title":"Diskussion: Die geopolitische Bedeutung der BRICS+","author":"Webredaktion","date":"12. M\u00e4rz 2025","format":false,"excerpt":"Einladung: Sonnabend, 15. M\u00e4rz 2025, 10:00 Uhr, Jugendherberge Leiterstra\u00dfe 10, 39104 Magdeburg Einleitungsreferat: Dr. Wolfgang Effenberger Die Chance, nach Aufl\u00f6sung der Warschauer Vertragsorganisation und dem Ende der Sowjetunion eine Friedensordnung f\u00fcr das 21. Jahrhundert zu begr\u00fcnden, wurde vertan. .... Die Entwicklung der BRIC-\/ BRICS-\/ BRICS+ Staaten markiert den Weg in\u2026","rel":"","context":"In &quot;Zentrale Veranstaltungen&quot;","block_context":{"text":"Zentrale Veranstaltungen","link":"https:\/\/www.freidenker.org\/?cat=20"},"img":{"alt_text":"","src":"https:\/\/i0.wp.com\/www.freidenker.org\/fw17\/wp-content\/uploads\/2025\/03\/2018_BRICS_summit_6_800x450.jpg?fit=800%2C450&ssl=1&resize=350%2C200","width":350,"height":200,"srcset":"https:\/\/i0.wp.com\/www.freidenker.org\/fw17\/wp-content\/uploads\/2025\/03\/2018_BRICS_summit_6_800x450.jpg?fit=800%2C450&ssl=1&resize=350%2C200 1x, https:\/\/i0.wp.com\/www.freidenker.org\/fw17\/wp-content\/uploads\/2025\/03\/2018_BRICS_summit_6_800x450.jpg?fit=800%2C450&ssl=1&resize=525%2C300 1.5x, https:\/\/i0.wp.com\/www.freidenker.org\/fw17\/wp-content\/uploads\/2025\/03\/2018_BRICS_summit_6_800x450.jpg?fit=800%2C450&ssl=1&resize=700%2C400 2x"},"classes":[]},{"id":18649,"url":"https:\/\/www.freidenker.org\/?p=18649","url_meta":{"origin":22486,"position":2},"title":"Verfassungsrechtler: Heuchlerische Aufarbeitung der Corona-Ma\u00dfnahmen von Politikern und Medien","author":"Webredaktion","date":"31. M\u00e4rz 2024","format":false,"excerpt":"Beitrag von Felicitas Rabe Der ehemalige nordrhein-westf\u00e4lische Ministerpr\u00e4sident Armin Laschet hofft, dass man die Spaltung der Gesellschaft nach der COVID-19-Pandemie \u00fcberwinden kann. Im Interview mit dem ZDF heute-journal erkl\u00e4rte er am Sonntag, in einer neuen Dialogkultur m\u00fcssten Politiker und Medien Fehler eingestehen und andere Meinungen respektieren. Das gelte nicht nur\u2026","rel":"","context":"In &quot;Demokratie \u2013 Medien \u2013 Aufkl\u00e4rung&quot;","block_context":{"text":"Demokratie \u2013 Medien \u2013 Aufkl\u00e4rung","link":"https:\/\/www.freidenker.org\/?cat=12"},"img":{"alt_text":"","src":"https:\/\/i0.wp.com\/www.freidenker.org\/fw17\/wp-content\/uploads\/2024\/03\/demo_magdeburg_rabe_800x450.jpg?fit=800%2C450&ssl=1&resize=350%2C200","width":350,"height":200,"srcset":"https:\/\/i0.wp.com\/www.freidenker.org\/fw17\/wp-content\/uploads\/2024\/03\/demo_magdeburg_rabe_800x450.jpg?fit=800%2C450&ssl=1&resize=350%2C200 1x, https:\/\/i0.wp.com\/www.freidenker.org\/fw17\/wp-content\/uploads\/2024\/03\/demo_magdeburg_rabe_800x450.jpg?fit=800%2C450&ssl=1&resize=525%2C300 1.5x, https:\/\/i0.wp.com\/www.freidenker.org\/fw17\/wp-content\/uploads\/2024\/03\/demo_magdeburg_rabe_800x450.jpg?fit=800%2C450&ssl=1&resize=700%2C400 2x"},"classes":[]},{"id":24312,"url":"https:\/\/www.freidenker.org\/?p=24312","url_meta":{"origin":22486,"position":3},"title":"Gabriele Gysi: &#8222;Die aktuelle Rechts-links-Diskussion schafft ein Verkehrschaos der Begriffe&#8220;","author":"Webredaktion","date":"27. Januar 2026","format":false,"excerpt":"Interview von Felicitas Rabe mit Gabriele Gysi Im Interview mit RT\u00a0DE spricht die Schauspielerin und Regisseurin Gabriele Gysi \u00fcber ihre Sicht auf die Links-rechts-Debatte in Deutschland. Sie erl\u00e4utert Hintergr\u00fcnde der heutigen Verwirrung politisch linker und rechter Positionen. Unterschiedliche Bildung trage ebenso zur Verwirrung bei wie fehlende klare Definitionen von f\u00fcr\u2026","rel":"","context":"In &quot;Demokratie \u2013 Medien \u2013 Aufkl\u00e4rung&quot;","block_context":{"text":"Demokratie \u2013 Medien \u2013 Aufkl\u00e4rung","link":"https:\/\/www.freidenker.org\/?cat=12"},"img":{"alt_text":"","src":"https:\/\/i0.wp.com\/www.freidenker.org\/fw17\/wp-content\/uploads\/2026\/01\/2015-06-13_Ich_stelle_mich_Gabriele_Gysi_800x450.jpg?fit=800%2C450&ssl=1&resize=350%2C200","width":350,"height":200,"srcset":"https:\/\/i0.wp.com\/www.freidenker.org\/fw17\/wp-content\/uploads\/2026\/01\/2015-06-13_Ich_stelle_mich_Gabriele_Gysi_800x450.jpg?fit=800%2C450&ssl=1&resize=350%2C200 1x, https:\/\/i0.wp.com\/www.freidenker.org\/fw17\/wp-content\/uploads\/2026\/01\/2015-06-13_Ich_stelle_mich_Gabriele_Gysi_800x450.jpg?fit=800%2C450&ssl=1&resize=525%2C300 1.5x, https:\/\/i0.wp.com\/www.freidenker.org\/fw17\/wp-content\/uploads\/2026\/01\/2015-06-13_Ich_stelle_mich_Gabriele_Gysi_800x450.jpg?fit=800%2C450&ssl=1&resize=700%2C400 2x"},"classes":[]},{"id":20249,"url":"https:\/\/www.freidenker.org\/?p=20249","url_meta":{"origin":22486,"position":4},"title":"Steppenm\u00e4chte gegen die Seem\u00e4chte","author":"Webredaktion","date":"10. November 2024","format":false,"excerpt":"Standpunkt von\u00a0Wolfgang Effenberger Am 24. Oktober 2024 endete der dreit\u00e4gige Gipfel der 2024 auf 9 Mitglieder angewachsenen BRICS-Staaten \u2013 darunter China und Indien als die zwei bev\u00f6lkerungsreichsten und Russland als das fl\u00e4chengr\u00f6\u00dfte Land der Erde \u2013 im russischen Kasan, der Hauptstadt der russischen Teilrepublik Tatarstan, an dem insgesamt 36 Staaten\u2026","rel":"","context":"In &quot;Demokratie \u2013 Medien \u2013 Aufkl\u00e4rung&quot;","block_context":{"text":"Demokratie \u2013 Medien \u2013 Aufkl\u00e4rung","link":"https:\/\/www.freidenker.org\/?cat=12"},"img":{"alt_text":"","src":"https:\/\/i0.wp.com\/www.freidenker.org\/fw17\/wp-content\/uploads\/2024\/11\/Second_day_of_16th_BRICS_Summit_800x450.jpg?fit=800%2C450&ssl=1&resize=350%2C200","width":350,"height":200,"srcset":"https:\/\/i0.wp.com\/www.freidenker.org\/fw17\/wp-content\/uploads\/2024\/11\/Second_day_of_16th_BRICS_Summit_800x450.jpg?fit=800%2C450&ssl=1&resize=350%2C200 1x, https:\/\/i0.wp.com\/www.freidenker.org\/fw17\/wp-content\/uploads\/2024\/11\/Second_day_of_16th_BRICS_Summit_800x450.jpg?fit=800%2C450&ssl=1&resize=525%2C300 1.5x, https:\/\/i0.wp.com\/www.freidenker.org\/fw17\/wp-content\/uploads\/2024\/11\/Second_day_of_16th_BRICS_Summit_800x450.jpg?fit=800%2C450&ssl=1&resize=700%2C400 2x"},"classes":[]},{"id":21075,"url":"https:\/\/www.freidenker.org\/?p=21075","url_meta":{"origin":22486,"position":5},"title":"Auf dem Weg zu einer &#8222;Multipolaren Friedensordnung&#8220;?","author":"Webredaktion","date":"3. M\u00e4rz 2025","format":false,"excerpt":"Die beachtliche Rede des chinesischen Au\u00dfenministers Wang Yi auf der SiKo. Trump \u00fcbt sich im \"Echternacher Pilgerschritt\" und Deutschland st\u00f6\u00dft in die Kriegsfanfare. Standpunkt von Wolfgang Effenberger Die 61. M\u00fcnchner Sicherheitskonferenz fand vom 14. bis 16. Februar 2025 im Hotel Bayerischer Hof in M\u00fcnchen statt. W\u00e4hrend der Konferenz hielt der\u2026","rel":"","context":"In &quot;Demokratie \u2013 Medien \u2013 Aufkl\u00e4rung&quot;","block_context":{"text":"Demokratie \u2013 Medien \u2013 Aufkl\u00e4rung","link":"https:\/\/www.freidenker.org\/?cat=12"},"img":{"alt_text":"","src":"https:\/\/i0.wp.com\/www.freidenker.org\/fw17\/wp-content\/uploads\/2025\/03\/Wang_Yi_02_cropped_800x450.jpg?fit=800%2C450&ssl=1&resize=350%2C200","width":350,"height":200,"srcset":"https:\/\/i0.wp.com\/www.freidenker.org\/fw17\/wp-content\/uploads\/2025\/03\/Wang_Yi_02_cropped_800x450.jpg?fit=800%2C450&ssl=1&resize=350%2C200 1x, https:\/\/i0.wp.com\/www.freidenker.org\/fw17\/wp-content\/uploads\/2025\/03\/Wang_Yi_02_cropped_800x450.jpg?fit=800%2C450&ssl=1&resize=525%2C300 1.5x, https:\/\/i0.wp.com\/www.freidenker.org\/fw17\/wp-content\/uploads\/2025\/03\/Wang_Yi_02_cropped_800x450.jpg?fit=800%2C450&ssl=1&resize=700%2C400 2x"},"classes":[]}],"_links":{"self":[{"href":"https:\/\/www.freidenker.org\/index.php?rest_route=\/wp\/v2\/posts\/22486","targetHints":{"allow":["GET"]}}],"collection":[{"href":"https:\/\/www.freidenker.org\/index.php?rest_route=\/wp\/v2\/posts"}],"about":[{"href":"https:\/\/www.freidenker.org\/index.php?rest_route=\/wp\/v2\/types\/post"}],"author":[{"embeddable":true,"href":"https:\/\/www.freidenker.org\/index.php?rest_route=\/wp\/v2\/users\/3"}],"replies":[{"embeddable":true,"href":"https:\/\/www.freidenker.org\/index.php?rest_route=%2Fwp%2Fv2%2Fcomments&post=22486"}],"version-history":[{"count":5,"href":"https:\/\/www.freidenker.org\/index.php?rest_route=\/wp\/v2\/posts\/22486\/revisions"}],"predecessor-version":[{"id":22495,"href":"https:\/\/www.freidenker.org\/index.php?rest_route=\/wp\/v2\/posts\/22486\/revisions\/22495"}],"wp:featuredmedia":[{"embeddable":true,"href":"https:\/\/www.freidenker.org\/index.php?rest_route=\/wp\/v2\/media\/22487"}],"wp:attachment":[{"href":"https:\/\/www.freidenker.org\/index.php?rest_route=%2Fwp%2Fv2%2Fmedia&parent=22486"}],"wp:term":[{"taxonomy":"category","embeddable":true,"href":"https:\/\/www.freidenker.org\/index.php?rest_route=%2Fwp%2Fv2%2Fcategories&post=22486"},{"taxonomy":"post_tag","embeddable":true,"href":"https:\/\/www.freidenker.org\/index.php?rest_route=%2Fwp%2Fv2%2Ftags&post=22486"}],"curies":[{"name":"wp","href":"https:\/\/api.w.org\/{rel}","templated":true}]}}