{"id":22472,"date":"2025-07-30T01:53:46","date_gmt":"2025-07-29T23:53:46","guid":{"rendered":"https:\/\/www.freidenker.org\/?p=22472"},"modified":"2025-08-26T03:21:24","modified_gmt":"2025-08-26T01:21:24","slug":"kritische-fragen-zu-israels-gazakrieg-seine-mittel-und-seine-ziele","status":"publish","type":"post","link":"https:\/\/www.freidenker.org\/?p=22472","title":{"rendered":"Kritische Fragen zu Israels Gazakrieg, seine Mittel und seine Ziele"},"content":{"rendered":"<h4>Aufruf zum Protest gegen Israels Gazakrieg<\/h4>\n<p><em>von <strong>Bernhard H. F. Taureck<\/strong><\/em><\/p>\n<p>Wenn Bewertungen verpuffen und Tatsachen nicht z\u00e4hlen: K\u00f6nnen folgende Entscheidungsfragen dann ein Protestinteresse ausl\u00f6sen?<\/p>\n<ol>\n<li>Beschreibt folgende durch keine Tatsachen begr\u00fcndete Bewertung eines israelischen TV-Moderators die Absicht der israelischen Regierung: Die Gaza-Pal\u00e4stinenser verdienen einen langsamen und qualvollen Tod, denn es gibt dort keine unschuldigen Menschen (Vgl. M. L\u00fcders, Krieg ohne Ende? M\u00fcnchen 2024, 293)?<\/li>\n<\/ol>\n<ol start=\"2\">\n<li>Will Israel Hunger als Waffe einsetzen? Warum spendet es f\u00fcr die Ern\u00e4hrung von S\u00e4uglingen und Kleinkindern ungeeignete Lebensmittel wie Mehl, Zucker und Konserven?<\/li>\n<\/ol>\n<ol start=\"3\">\n<li>Stellt Anti-Semitismus einen Decknamen f\u00fcr Anti-Israelismus dar?<\/li>\n<\/ol>\n<ol start=\"4\">\n<li>Wenn Staatsr\u00e4son einen Vorrang von Gewalt vor Recht und Moral in einem Staat darstellt und damit die Wiederkehr einer zeitlich begrenzten Diktatur unter einem modernisierten Namen: Darf diese in einem Land geltende Staatsr\u00e4son nicht auch f\u00fcr die Belange anderer Staaten gelten?<\/li>\n<\/ol>\n<ol start=\"5\">\n<li>Wenn innerhalb der UNO der israelische Krieg gegen die Pal\u00e4stinenser als V\u00f6lkermord gilt (vgl. die Stellungnahmen von Franca Albanese): Warum schlie\u00dft sich die deutsche Regierung diesem Urteil nicht an?<\/li>\n<\/ol>\n<ol start=\"6\">\n<li>K\u00f6nnte es zutreffen, dass die israelische Regierung von der Vorstellung bestimmt wird, dass gro\u00dfe Teile Jordaniens unter israelischer Souver\u00e4nit\u00e4t stehen sollen (Gro\u00df-Israel)?<\/li>\n<\/ol>\n<p>Eine Beantwortung dieser Entscheidungsfragen setzt voraus, dass dieser Krieg nicht zur Vergeltung an dem \u00dcberfall der Hamas, sondern zu einer t\u00f6dlichen Abrechnung und Vertreibung aller Bewohner des Gazastreifens gef\u00fchrt wird. Gegen dieses Kriegsziel wird an dieser Stelle mit allem Nachdruck protestiert im Namen allgemeing\u00fcltig vern\u00fcnftiger Besonnenheit, der W\u00fcrde aller Menschen und dem Existenzrecht aller V\u00f6lker und Staaten.<\/p>\n<p style=\"text-align: right;\"><em>Bernhard H. F. Taureck\u00a0 ist Mitglied des Deutschen Freidenker-Verbandes Rheinland-Pfalz \/ Saarland <\/em><\/p>\n<p><span style=\"font-size: 10pt;\">Der Redaktion per Mail zugestellt am 28. Juli 2025 mit ausdr\u00fccklicher Genehmigung zur Weiterverbreitung<\/span><\/p>\n<hr \/>\n<p><span style=\"font-size: 10pt;\">Bild oben: Zwangsvertreibung von Bewohnern des Gazastreifens, Januar 2025<\/span><br \/>\n<span style=\"font-size: 10pt;\">Foto: Jaber Jehad Badwan, <a href=\"https:\/\/creativecommons.org\/licenses\/by-sa\/4.0\" target=\"_blank\" rel=\"noopener\">CC BY-SA 4.0<\/a><\/span><br \/>\n<span style=\"font-size: 10pt;\">Quelle: <a href=\"https:\/\/commons.wikimedia.org\/w\/index.php?curid=159486769\" target=\"_blank\" rel=\"noopener\">https:\/\/commons.wikimedia.org\/w\/index.php?curid=159486769<\/a><\/span><\/p>\n","protected":false},"excerpt":{"rendered":"<p><b>Aufruf zum Protest gegen Israels Gazakrieg<\/b><br \/>\n<b>von Bernhard H. F. Taureck<\/b><br \/>\nWenn Bewertungen verpuffen und Tatsachen nicht z\u00e4hlen: K\u00f6nnen folgende Entscheidungsfragen dann ein Protestinteresse ausl\u00f6sen?<br \/>\n1. Beschreibt folgende durch keine Tatsachen begr\u00fcndete Bewertung eines israelischen TV-Moderators die Absicht der israelischen Regierung: &#8222;Die Gaza-Pal\u00e4stinenser verdienen einen langsamen und qualvollen Tod, denn es gibt dort keine unschuldigen Menschen&#8220;? 2. Will Israel Hunger als Waffe einsetzen? [&#8230;] 3. Stellt Anti-Semitismus einen Decknamen f\u00fcr Anti-Israelismus dar? [&#8230;]<br \/>\nEine Beantwortung dieser Entscheidungsfragen setzt voraus, dass dieser Krieg nicht zur Vergeltung an dem \u00dcberfall der Hamas, sondern zu einer t\u00f6dlichen Abrechnung und Vertreibung aller Bewohner des Gazastreifens gef\u00fchrt wird. [&#8230;]<\/p>\n","protected":false},"author":3,"featured_media":22483,"comment_status":"closed","ping_status":"closed","sticky":false,"template":"","format":"standard","meta":{"colormag_page_container_layout":"default_layout","colormag_page_sidebar_layout":"default_layout","advanced_seo_description":"","jetpack_seo_html_title":"","jetpack_seo_noindex":false,"jetpack_post_was_ever_published":false,"footnotes":""},"categories":[12],"tags":[512,1201,1172,1954,393,188,1955,394,812,992],"class_list":["post-22472","post","type-post","status-publish","format-standard","has-post-thumbnail","hentry","category-demokratie-medien-aufklaerung","tag-antisemitismus","tag-aufruf","tag-gaza","tag-hamas","tag-israel","tag-krieg","tag-nahostkonflikt","tag-palaestina","tag-protest","tag-vertreibung"],"jetpack_featured_media_url":"https:\/\/i0.wp.com\/www.freidenker.org\/fw17\/wp-content\/uploads\/2025\/07\/Forced_Displacement_of_Gaza_Strip_800x450.jpg?fit=800%2C450&ssl=1","jetpack_shortlink":"https:\/\/wp.me\/p9stpK-5Qs","jetpack-related-posts":[{"id":22095,"url":"https:\/\/www.freidenker.org\/?p=22095","url_meta":{"origin":22472,"position":0},"title":"Genug der deutschen Scheinheiligkeit und Schamlosigkeit \u2013 Gaza und die deutschen Krokodilstr\u00e4nen","author":"Webredaktion","date":"12. Juni 2025","format":false,"excerpt":"Kommentar von Von Evelyn Hecht-Galinski Wie lange kann und will man das israelische Regime noch als \u201eeinzige\u201c Demokratie im Nahen Osten bezeichnen? Dieses Regime wurde zwar demokratisch gew\u00e4hlt, aber was hei\u00dft das schon? Eine Demokratie besteht nicht nur aus Wahlen, sondern auch aus W\u00e4hlern. Wenn also 82% dieser W\u00e4hler die\u2026","rel":"","context":"In &quot;Frieden - Antifaschismus - Solidarit\u00e4t&quot;","block_context":{"text":"Frieden - Antifaschismus - Solidarit\u00e4t","link":"https:\/\/www.freidenker.org\/?cat=13"},"img":{"alt_text":"","src":"https:\/\/i0.wp.com\/www.freidenker.org\/fw17\/wp-content\/uploads\/2025\/06\/palestine-6950484_800x450.jpg?fit=800%2C450&ssl=1&resize=350%2C200","width":350,"height":200,"srcset":"https:\/\/i0.wp.com\/www.freidenker.org\/fw17\/wp-content\/uploads\/2025\/06\/palestine-6950484_800x450.jpg?fit=800%2C450&ssl=1&resize=350%2C200 1x, https:\/\/i0.wp.com\/www.freidenker.org\/fw17\/wp-content\/uploads\/2025\/06\/palestine-6950484_800x450.jpg?fit=800%2C450&ssl=1&resize=525%2C300 1.5x, https:\/\/i0.wp.com\/www.freidenker.org\/fw17\/wp-content\/uploads\/2025\/06\/palestine-6950484_800x450.jpg?fit=800%2C450&ssl=1&resize=700%2C400 2x"},"classes":[]},{"id":23359,"url":"https:\/\/www.freidenker.org\/?p=23359","url_meta":{"origin":22472,"position":1},"title":"Deutsche Journalisten und Israel \u2013 Zu lange geschwiegen","author":"Webredaktion","date":"29. Oktober 2025","format":false,"excerpt":"Beitrag Von Karin Leukefeld. Ausl\u00e4ndische Journalisten berichten seit 748 Tagen aus Israel \u00fcber den israelischen Feldzug gegen Gaza. Manche von ihnen fuhren \u201eembedded\u201c in Jeeps oder auf Panzern der israelischen Streitkr\u00e4fte mit der israelischen Armee durch die Tr\u00fcmmerw\u00fcste. Ber\u00fchmt sind die Fotos von einer Art Aussichtsh\u00fcgel s\u00fcdlich von Ashdod an\u2026","rel":"","context":"In &quot;Demokratie \u2013 Medien \u2013 Aufkl\u00e4rung&quot;","block_context":{"text":"Demokratie \u2013 Medien \u2013 Aufkl\u00e4rung","link":"https:\/\/www.freidenker.org\/?cat=12"},"img":{"alt_text":"","src":"https:\/\/i0.wp.com\/www.freidenker.org\/fw17\/wp-content\/uploads\/2025\/10\/Netanjahu_December_2023_800x450.jpg?fit=800%2C450&ssl=1&resize=350%2C200","width":350,"height":200,"srcset":"https:\/\/i0.wp.com\/www.freidenker.org\/fw17\/wp-content\/uploads\/2025\/10\/Netanjahu_December_2023_800x450.jpg?fit=800%2C450&ssl=1&resize=350%2C200 1x, https:\/\/i0.wp.com\/www.freidenker.org\/fw17\/wp-content\/uploads\/2025\/10\/Netanjahu_December_2023_800x450.jpg?fit=800%2C450&ssl=1&resize=525%2C300 1.5x, https:\/\/i0.wp.com\/www.freidenker.org\/fw17\/wp-content\/uploads\/2025\/10\/Netanjahu_December_2023_800x450.jpg?fit=800%2C450&ssl=1&resize=700%2C400 2x"},"classes":[]},{"id":22770,"url":"https:\/\/www.freidenker.org\/?p=22770","url_meta":{"origin":22472,"position":2},"title":"V\u00f6lkermord und von Menschen gemachte Hungersnot","author":"Webredaktion","date":"7. September 2025","format":false,"excerpt":"UNO-Experten fordern alle Mitgliedstaaten auf, Israel zu stoppen Beitrag von Karin Leukefeld Im zweiw\u00f6chentlichen Bericht des UNO-Nothilfeprogramms OCHA \u00fcber die Situation in Gaza hei\u00dft es, da\u00df zwischen dem 27. August und dem 3. September 2025, also innerhalb einer Woche, 571 Pal\u00e4stinenser get\u00f6tet und 2.318 verletzt wurden. Die Gesamtzahl get\u00f6teter Pal\u00e4stinenser\u2026","rel":"","context":"In &quot;Frieden - Antifaschismus - Solidarit\u00e4t&quot;","block_context":{"text":"Frieden - Antifaschismus - Solidarit\u00e4t","link":"https:\/\/www.freidenker.org\/?cat=13"},"img":{"alt_text":"","src":"https:\/\/i0.wp.com\/www.freidenker.org\/fw17\/wp-content\/uploads\/2025\/09\/Israeli_airstrike_on_Gaza_Strip_during_Gaza_War_23-25_800x450.jpg?fit=800%2C450&ssl=1&resize=350%2C200","width":350,"height":200,"srcset":"https:\/\/i0.wp.com\/www.freidenker.org\/fw17\/wp-content\/uploads\/2025\/09\/Israeli_airstrike_on_Gaza_Strip_during_Gaza_War_23-25_800x450.jpg?fit=800%2C450&ssl=1&resize=350%2C200 1x, https:\/\/i0.wp.com\/www.freidenker.org\/fw17\/wp-content\/uploads\/2025\/09\/Israeli_airstrike_on_Gaza_Strip_during_Gaza_War_23-25_800x450.jpg?fit=800%2C450&ssl=1&resize=525%2C300 1.5x, https:\/\/i0.wp.com\/www.freidenker.org\/fw17\/wp-content\/uploads\/2025\/09\/Israeli_airstrike_on_Gaza_Strip_during_Gaza_War_23-25_800x450.jpg?fit=800%2C450&ssl=1&resize=700%2C400 2x"},"classes":[]},{"id":22128,"url":"https:\/\/www.freidenker.org\/?p=22128","url_meta":{"origin":22472,"position":3},"title":"Israel bombt eine Weltkrise herbei","author":"Webredaktion","date":"14. Juni 2025","format":false,"excerpt":"Der Angriff auf den Iran wird unabsehbare globale Folgen haben Beitrag von Arn Strohmeyer Der V\u00f6lkermord im Gazastreifen ist noch nicht genug. Israel bombt weiter, wie es will \u2013 in Syrien, dem Libanon und im Jemen und nun nimmt es die Atomanlagen im Iran unter Bombardement. Der \u201ewerteorientierte\u201c Westen schaut\u2026","rel":"","context":"In &quot;Frieden - Antifaschismus - Solidarit\u00e4t&quot;","block_context":{"text":"Frieden - Antifaschismus - Solidarit\u00e4t","link":"https:\/\/www.freidenker.org\/?cat=13"},"img":{"alt_text":"","src":"https:\/\/i0.wp.com\/www.freidenker.org\/fw17\/wp-content\/uploads\/2025\/06\/Pictures_of_the_Israeli_attack_on_Tehran_1_Mehr_2_800x450.jpg?fit=800%2C450&ssl=1&resize=350%2C200","width":350,"height":200,"srcset":"https:\/\/i0.wp.com\/www.freidenker.org\/fw17\/wp-content\/uploads\/2025\/06\/Pictures_of_the_Israeli_attack_on_Tehran_1_Mehr_2_800x450.jpg?fit=800%2C450&ssl=1&resize=350%2C200 1x, https:\/\/i0.wp.com\/www.freidenker.org\/fw17\/wp-content\/uploads\/2025\/06\/Pictures_of_the_Israeli_attack_on_Tehran_1_Mehr_2_800x450.jpg?fit=800%2C450&ssl=1&resize=525%2C300 1.5x, https:\/\/i0.wp.com\/www.freidenker.org\/fw17\/wp-content\/uploads\/2025\/06\/Pictures_of_the_Israeli_attack_on_Tehran_1_Mehr_2_800x450.jpg?fit=800%2C450&ssl=1&resize=700%2C400 2x"},"classes":[]},{"id":22575,"url":"https:\/\/www.freidenker.org\/?p=22575","url_meta":{"origin":22472,"position":4},"title":"Stoppt Rassismus! Stoppt Israels V\u00f6lkermord in Gaza!","author":"Webredaktion","date":"7. August 2025","format":false,"excerpt":"Pressemitteilung des Landesverbands Nordrhein-Westfalen im Deutschen Freidenker-Verband, 6. August 2025 Der Freidenker-Landesverband NRW bezieht Stellung zu den Geschehnissen in Pal\u00e4stina. Was sich dort vollzieht, ist eine extreme Form von Rassismus - exekutiert von den zionistischen Kr\u00e4ften Israels und gebilligt insbesondere von den Regierungsparteien der BRD. Der von Israel in Gaza\u2026","rel":"","context":"In &quot;Frieden - Antifaschismus - Solidarit\u00e4t&quot;","block_context":{"text":"Frieden - Antifaschismus - Solidarit\u00e4t","link":"https:\/\/www.freidenker.org\/?cat=13"},"img":{"alt_text":"","src":"https:\/\/i0.wp.com\/www.freidenker.org\/fw17\/wp-content\/uploads\/2025\/08\/Palestina_spricht_Munich_2023-10-09_5074_800x450.jpg?fit=800%2C450&ssl=1&resize=350%2C200","width":350,"height":200,"srcset":"https:\/\/i0.wp.com\/www.freidenker.org\/fw17\/wp-content\/uploads\/2025\/08\/Palestina_spricht_Munich_2023-10-09_5074_800x450.jpg?fit=800%2C450&ssl=1&resize=350%2C200 1x, https:\/\/i0.wp.com\/www.freidenker.org\/fw17\/wp-content\/uploads\/2025\/08\/Palestina_spricht_Munich_2023-10-09_5074_800x450.jpg?fit=800%2C450&ssl=1&resize=525%2C300 1.5x, https:\/\/i0.wp.com\/www.freidenker.org\/fw17\/wp-content\/uploads\/2025\/08\/Palestina_spricht_Munich_2023-10-09_5074_800x450.jpg?fit=800%2C450&ssl=1&resize=700%2C400 2x"},"classes":[]},{"id":22251,"url":"https:\/\/www.freidenker.org\/?p=22251","url_meta":{"origin":22472,"position":5},"title":"Gaza: Massaker, Aushungern, Vertreibung stoppen!","author":"Webredaktion","date":"30. Juni 2025","format":false,"excerpt":"Aufruf zu einer \u00fcberregionalen Demonstration in Heidelberg Gaza: Massaker, Aushungern, Vertreibung stoppen! Kriege gegen Iran, Syrien und Libanon beenden! Schluss mit Waffen und Beihilfe aus Deutschland! F\u00fcr einen gerechten Frieden im Nahen Osten! u.a. mit Tsafrir Cohen (medico inernational) und Prof. Helga Baumgarten (Birzeit Universit\u00e4t) am 05.07.2025 in Heidelberg, Auftakt:\u2026","rel":"","context":"In &quot;Frieden - Antifaschismus - Solidarit\u00e4t&quot;","block_context":{"text":"Frieden - Antifaschismus - Solidarit\u00e4t","link":"https:\/\/www.freidenker.org\/?cat=13"},"img":{"alt_text":"","src":"https:\/\/i0.wp.com\/www.freidenker.org\/fw17\/wp-content\/uploads\/2025\/06\/gaza_demo_heidelberg_plakat2_800x450.jpg?fit=800%2C450&ssl=1&resize=350%2C200","width":350,"height":200,"srcset":"https:\/\/i0.wp.com\/www.freidenker.org\/fw17\/wp-content\/uploads\/2025\/06\/gaza_demo_heidelberg_plakat2_800x450.jpg?fit=800%2C450&ssl=1&resize=350%2C200 1x, https:\/\/i0.wp.com\/www.freidenker.org\/fw17\/wp-content\/uploads\/2025\/06\/gaza_demo_heidelberg_plakat2_800x450.jpg?fit=800%2C450&ssl=1&resize=525%2C300 1.5x, https:\/\/i0.wp.com\/www.freidenker.org\/fw17\/wp-content\/uploads\/2025\/06\/gaza_demo_heidelberg_plakat2_800x450.jpg?fit=800%2C450&ssl=1&resize=700%2C400 2x"},"classes":[]}],"_links":{"self":[{"href":"https:\/\/www.freidenker.org\/index.php?rest_route=\/wp\/v2\/posts\/22472","targetHints":{"allow":["GET"]}}],"collection":[{"href":"https:\/\/www.freidenker.org\/index.php?rest_route=\/wp\/v2\/posts"}],"about":[{"href":"https:\/\/www.freidenker.org\/index.php?rest_route=\/wp\/v2\/types\/post"}],"author":[{"embeddable":true,"href":"https:\/\/www.freidenker.org\/index.php?rest_route=\/wp\/v2\/users\/3"}],"replies":[{"embeddable":true,"href":"https:\/\/www.freidenker.org\/index.php?rest_route=%2Fwp%2Fv2%2Fcomments&post=22472"}],"version-history":[{"count":7,"href":"https:\/\/www.freidenker.org\/index.php?rest_route=\/wp\/v2\/posts\/22472\/revisions"}],"predecessor-version":[{"id":22566,"href":"https:\/\/www.freidenker.org\/index.php?rest_route=\/wp\/v2\/posts\/22472\/revisions\/22566"}],"wp:featuredmedia":[{"embeddable":true,"href":"https:\/\/www.freidenker.org\/index.php?rest_route=\/wp\/v2\/media\/22483"}],"wp:attachment":[{"href":"https:\/\/www.freidenker.org\/index.php?rest_route=%2Fwp%2Fv2%2Fmedia&parent=22472"}],"wp:term":[{"taxonomy":"category","embeddable":true,"href":"https:\/\/www.freidenker.org\/index.php?rest_route=%2Fwp%2Fv2%2Fcategories&post=22472"},{"taxonomy":"post_tag","embeddable":true,"href":"https:\/\/www.freidenker.org\/index.php?rest_route=%2Fwp%2Fv2%2Ftags&post=22472"}],"curies":[{"name":"wp","href":"https:\/\/api.w.org\/{rel}","templated":true}]}}