{"id":22470,"date":"2025-07-30T01:53:43","date_gmt":"2025-07-29T23:53:43","guid":{"rendered":"https:\/\/www.freidenker.org\/?p=22470"},"modified":"2025-08-26T03:21:16","modified_gmt":"2025-08-26T01:21:16","slug":"was-geschah-in-sweida-und-warum","status":"publish","type":"post","link":"https:\/\/www.freidenker.org\/?p=22470","title":{"rendered":"Was geschah in Sweida \u2013 und warum?"},"content":{"rendered":"<p>Viel wurde in den vergangenen Tagen \u00fcber \u201ekonfessionelle Konflikte in S\u00fcdsyrien\u201c geschrieben und geredet. Die \u201evom schiitischen Islam abstammenden\u201c Drusen w\u00fcrden von \u201esunnitischen beduinischen St\u00e4mmen\u201c bek\u00e4mpft, wurde \u00fcber Medien verbreitet. Allerdings ist die ethnische und religi\u00f6se Vielfalt Syriens und der gesamten Region nicht der Grund, warum dort Kriege gef\u00fchrt werden. Die gro\u00dfartige kulturelle und soziale Vielfalt zwischen dem \u00f6stlichen Mittelmeer und der Persischen Golfregion \u2013 und dar\u00fcber hinaus \u2013 ist eine Waffe, mit der verschiedene Akteure die Gesellschaft Syriens und der gesamten Region spalten und f\u00fcr eigene Interessen nutzen wollen.<\/p>\n<p><em>Von <strong>Karin Leukefeld<\/strong><\/em><\/p>\n<p><span style=\"font-size: 10pt;\">Erstver\u00f6ffentlichung am 23.07.2025 auf den <a href=\"https:\/\/www.nachdenkseiten.de\/?p=136348\" target=\"_blank\" rel=\"noopener\">NachDenkSeiten<\/a><\/span><\/p>\n<p>Dieser Beitrag ist auch als Audio-Podcast verf\u00fcgbar.<\/p>\n<audio class=\"wp-audio-shortcode\" id=\"audio-22470-1\" preload=\"none\" style=\"width: 100%;\" controls=\"controls\"><source type=\"audio\/mpeg\" src=\"https:\/\/www.nachdenkseiten.de\/upload\/podcast\/250723-Was-geschah-in-Sweida-NDS.mp3?_=1\" \/><a href=\"https:\/\/www.nachdenkseiten.de\/upload\/podcast\/250723-Was-geschah-in-Sweida-NDS.mp3\">https:\/\/www.nachdenkseiten.de\/upload\/podcast\/250723-Was-geschah-in-Sweida-NDS.mp3<\/a><\/audio>\n<p><span style=\"font-size: 10pt;\">Bereitgestellt von den <a href=\"https:\/\/www.nachdenkseiten.de\/?p=136348\" target=\"_blank\" rel=\"noopener\">NachDenkSeiten<\/a><\/span><br \/>\n<span style=\"font-size: 10pt;\"><a href=\"https:\/\/www.nachdenkseiten.de\/upload\/podcast\/250723-Was-geschah-in-Sweida-NDS.mp3\" target=\"_blank\" rel=\"noopener\">Download<\/a><\/span><\/p>\n<p>&nbsp;<\/p>\n<p>Seit mehr als 100 Jahren \u2013 mit der Zerteilung der Region durch das britisch-franz\u00f6sische Sykes-Picot-Abkommen (1916) und die anschlie\u00dfende britisch-imperiale Balfour-Erkl\u00e4rung (1917) \u2013 intervenieren Gro\u00dfbritannien, Frankreich, Deutschland (E3) und die USA in die Angelegenheiten souver\u00e4ner Staaten Westasiens. Ihr Statthalter ist Israel, das sie aufr\u00fcsten und finanzieren, um ganz in imperial-kolonialer Tradition die Region zu zerteilen und zu beherrschen.<\/p>\n<p>Wie damals geht es um die Kontrolle von See- und Transportwegen zwischen Ost und West, es geht um Gas, \u00d6l und andere Rohstoffe, und es geht um Land; um Land, das die Menschen der Region seit Generationen bewohnt, bearbeitet und entwickelt haben und das die USA, die E3 und Israel sich aneignen wollen.<\/p>\n<h5>S\u00fcdsyrien \u2013 Sweida, Qunaitra, Deraa<\/h5>\n<p>In den s\u00fcdsyrischen Provinzen Sweida, Deraa und Qunaitra leben arabische und Beduinenst\u00e4mme, Christen, sunnitische und schiitische Muslime, Drusen und Tscherkessen. Seit der Unabh\u00e4ngigkeit Syriens vom franz\u00f6sischen Mandat (April 1946) sind sie alle B\u00fcrger der Syrischen Arabischen Republik. Syrien ist ein s\u00e4kularer Staat, wie die Verfassung festlegt (die aktuell au\u00dfer Kraft gesetzt ist). \u201eReligion ist zwischen mir und Gott, der Staat ist f\u00fcr uns alle\u201c, ist ein bekannter Satz in Syrien. Die drei Provinzen sind Zeugnis der gesellschaftlichen Vielfalt. Kirchen, Moscheen, Gottesh\u00e4user der Drusen wechseln sich ab. Als der Krieg 2011 begann, suchten Tausende Muslime aus der Provinz Deraa Zuflucht in den Kirchen von Kharaba, einem christlichen Dorf in Sweida.<\/p>\n<p>Das Zusammenleben war nie konfliktfrei, doch kennen die alten Volksgruppen und Kulturen der Region Mechanismen, die helfen, Konflikte zu l\u00f6sen oder sich zu vers\u00f6hnen. So gibt es seit Jahrhunderten Konflikte der sesshaften Bev\u00f6lkerung mit Beduinenst\u00e4mmen, und zwar nicht nur in Syrien und nicht nur in Sweida. Es ist kein religi\u00f6ser Konflikt, sondern es ist ein Konflikt um Land, der vor allem auf v\u00f6llig verschiedenen Lebensweisen basiert.<\/p>\n<p>Beduinen leben in St\u00e4mmen und ziehen mit ihren Herden (Schafen, Ziegen, Kamelen) quer \u00fcber die arabische Halbinsel, sie respektieren keine Regierungen, da sie mit ihren Herden und Zelten in vielen Staaten zu Hause sind. Konflikte treten mit Sesshaften auf, wenn Beduinen mit ihren Herden quer durch deren Ansiedlungen, Felder und Plantagen ziehen, weil es ihre uralten Wanderrouten sind. Die Tiere fressen die Pflanzen, zertrampeln neue Aussaaten und ziehen durch Wasserbecken, die f\u00fcr die Bew\u00e4sserung der Landwirtschaft angelegt wurden. In Kriegs- und Krisenzeiten werden die Beduinenst\u00e4mme gegen gutes Geld zu Tr\u00e4gern von Nachrichten \u00fcber Grenzen. Sie helfen, Waffen und K\u00e4mpfer ebenso wie Fl\u00fcchtlinge zu schmuggeln. Sie transportieren Waren aller Art \u00fcber beliebige Grenzen. Jenseits ihrer Stammesverb\u00e4nde kennen sie keine Loyalit\u00e4ten und haben daher viele Auftraggeber.<\/p>\n<h5>Was hat den aktuellen Konflikt ausgel\u00f6st?<\/h5>\n<p>Am Wochenende des 12.\/13. Juli wird ein drusischer Kaufmann auf dem Weg von Sweida nach Damaskus von Beduinen entf\u00fchrt, er wird ausgeraubt und geschlagen. Eigentlich ist das nichts Ungew\u00f6hnliches in der Region, das mal mehr, mal weniger h\u00e4ufig geschieht und normalerweise mit Verhandlungen und Geldzahlungen gel\u00f6st wird. Drusenmilizen werden alarmiert, um zu verhandeln und den Mann zu befreien. Doch an diesem Tag werden sie von einer gro\u00dfen \u201eStreitmacht\u201c verschiedener Beduinenst\u00e4mme erwartet. Es wird nicht verhandelt, es wird gek\u00e4mpft, der Kampf eskaliert.<\/p>\n<h5>Die Eskalation<\/h5>\n<p>Am 14. Juli berichtet die \u201eSyrische Beobachtungsstelle f\u00fcr Menschenrechte\u201c mit Sitz in London \u00fcber <a href=\"https:\/\/www.syriahr.com\/en\/category\/sohr\/\">\u201eSchnell-Hinrichtungen\u201c<\/a>.<\/p>\n<p>Als Opfer werden \u201emehrheitlich\u201c Angeh\u00f6rige der syrischen Sicherheitskr\u00e4fte genannt, auch Beduinen und Drusen seien get\u00f6tet worden. Die Machthaber in Damaskus schicken bewaffnete Truppen des Verteidigungs- und Innenministeriums, um Ruhe und Ordnung wiederherzustellen, wie es in einer Erkl\u00e4rung hei\u00dft. Ob absichtlich oder aus Versehen ziehen Teile der Truppen aus Damaskus allerdings nach Sweida, in die Stadt hinein und greifen H\u00e4user von Drusen an.<\/p>\n<p>Der israelische Verteidigungsminister Israel Katz erkl\u00e4rt, Israel werde die Drusen <a href=\"https:\/\/www.jpost.com\/middle-east\/article-861194\">\u201enicht im Stich lassen\u201c<\/a>, beschuldigt die syrischen Regierungstruppen, die Drusen anzugreifen, und fordert deren Abzug.<\/p>\n<p>Um der Forderung Nachdruck zu verleihen, werden Panzer der syrischen Armee zerst\u00f6rt, die vor Sweida Stellung bezogen haben. Die Zahl der Toten steigt rapide an. Auch eine Kirche in der Ortschaft Al Soura wird in Brand gesetzt, der Priester mit seiner Familie wird get\u00f6tet, H\u00e4user von Christen in dem Ort gehen in Flammen auf. Ahmed al-Sharaa, Interimspr\u00e4sident und Oberkommandierender der syrischen Armee, ordnet den R\u00fcckzug der syrischen Truppen aus Sweida an, der offensichtlich nicht eingehalten wird. Die K\u00e4mpfe gehen weiter.<\/p>\n<p>Videoaufnahmen (die der Autorin vorliegen) zirkulieren, auf denen bewaffnete M\u00e4nner auf den Stra\u00dfen von Sweida zu sehen sind, die offensichtlich zu Einheiten der aus Damaskus entsandten syrischen Armee geh\u00f6ren. Ihre Parolen richten sich gegen die Drusen, gegen \u201eUngl\u00e4ubige\u201c. Andere Videoaufnahmen, die teilweise mit Kameras aufgenommen sind, die die T\u00e4ter am Leib oder auf dem Kopf tragen, zeigen, wie bereits am Boden liegenden M\u00e4nnern \u2013 vermutlich Drusen \u2013 mit langen Messern die Kehle durchstochen, der Kopf abgeschnitten wird. Andere Aufnahmen zeigen M\u00e4nner, die H\u00e4user und offizielle Geb\u00e4ude in Brand setzen und sich stolz vor der Zerst\u00f6rung selbst filmen. Vorgehen und Taten erinnern an die Massaker an Alawiten im syrischen K\u00fcstengebiet Anfang M\u00e4rz 2025 und an die Angriffe auf Drusen in den zwei Damaszener Vororten Jaramana und Sehnaya Ende April, Anfang Mai 2025. In beiden F\u00e4llen werden als T\u00e4ter die extremistischen-dschihadistischen K\u00e4mpfer von Hay\u2019at Tahrir al-Scham (HTS) genannt, die heute Einheiten innerhalb der syrischen Armee bilden.<\/p>\n<p>Am 16. Juli 2025 bombardieren israelische Kampfjets\/Drohnen das Verteidigungsministerium in Damaskus am <a href=\"https:\/\/www.aljazeera.com\/news\/2025\/7\/16\/israel-bombards-syrias-damascus-as-us-says-steps-agreed-to-end-violence\">Umayyaden-Platz im Zentrum der Stadt<\/a>.<\/p>\n<p>Ahmed al-Sharaa ordnet erneut den R\u00fcckzug der syrischen Truppen aus Sweida an. Gleichzeitig mobilisieren arabische und Beduinenst\u00e4mme aus der Provinz Deraa und aus Hama ihre jungen M\u00e4nner, um die Beduinen in Sweida zu unterst\u00fctzen. Die K\u00e4mpfe gehen weiter, die Zahl der Toten steigt t\u00e4glich um weitere 100 an.<\/p>\n<p>Am gleichen Tag beginnen in Damaskus Oppositionelle einen \u201eSchweigeprotest\u201c gegen das Geschehen in Sweida. Sie versammeln sich unter dem Motto \u201eHeute und jeden Tag: Syrisches Blut ist heilig\u201d, was so viel hei\u00dft wie: Syrer d\u00fcrfen Syrer nicht t\u00f6ten. Das Motto steht auf einem schwarzen Transparent, das die Demonstranten am Zaun des syrischen Parlaments in Damaskus aufgeh\u00e4ngt haben. Daneben steht: \u201eGewalt ist keine Antwort, die Antwort ist Dialog.\u201c Seit der Macht\u00fcbernahme von Ahmed al-Sharaa und Hay\u2019at Tahrir al Sham im Dezember 2024 ist das Parlament aufgel\u00f6st und steht leer. Auf Schildern fordern die Demonstranten einen \u201enationalen Dialog\u201c und ein Ende der Gewalt im ganzen Land. Syrien ben\u00f6tige dringend \u201eGerechtigkeit, Frieden und politische L\u00f6sungen\u201c. Als die Demonstranten am n\u00e4chsten Tag ihren Protest fortsetzen wollen, werden sie von Anh\u00e4ngern des Machthabers Al Sharaa beschimpft, sie seien Verr\u00e4ter und werden <a href=\"https:\/\/syriacpress.com\/blog\/2025\/07\/19\/daramsuq-silent-protesters-attacked-as-syrians-demand-end-to-bloodshed\/\">mit Holzkn\u00fcppeln bedroht<\/a>.<\/p>\n<h5>Die Waffen schweigen<\/h5>\n<p>Am 19. Juli wird zum dritten Mal seit Beginn der K\u00e4mpfe von US-Au\u00dfenminister Marco Rubio eine Waffenruhe verk\u00fcndet. Ausgehandelt wird das von <a href=\"https:\/\/www.state.gov\/barrack-jr-thomas-j-republic-of-turkiye-march-2025\">Tom Barrack<\/a>, dem US-Botschafter in der T\u00fcrkei, der auch US-Sonderbeauftragter f\u00fcr Syrien und Libanon ist.<\/p>\n<p>Er erkl\u00e4rt, der israelische Ministerpr\u00e4sident Benjamin Netanjahu und der syrische \u201eInterimspr\u00e4sident\u201c Ahmed al Sharaa h\u00e4tten sich geeinigt, die Waffen schweigen zu lassen. Die USA, die T\u00fcrkei und Jordanien unterst\u00fctzten die Vereinbarung, auch Paris und London stimmten zu, berichten die Medien. Per <em>X<\/em> (vormals <em>Twitter<\/em>) ruft Barrack alle bewaffneten Gruppen, \u201eDrusen, Beduinen und Sunniten\u201c auf, ihre Waffen niederzulegen und \u201egemeinsam mit den anderen Minderheiten eine neue, geeinte syrische Identit\u00e4t in Frieden und Wohlstand aufzubauen.\u201c<\/p>\n<p>Der Plan sieht vor, dass der Milit\u00e4rrat von Sweida als bewaffnete Gruppe in die syrische Armee integriert und anschlie\u00dfend in Sweida als offizielle Ordnungsmacht eingesetzt werden soll. Damit die verschiedenen Parteien ihr Gesicht wahren k\u00f6nnen, sollen sowohl die Fahne der Drusen als auch die neue syrische Fahne gehisst werden. In den einw\u00f6chigen K\u00e4mpfen werden mehr als 1.000 Menschen get\u00f6tet. Die Berichterstattung variiert <a href=\"https:\/\/www.theglobeandmail.com\/world\/article-syrian-forces-withdraw-from-sweida-after-ceasefire-goes-into-effect\/\">je nach Perspektive<\/a>.<\/p>\n<h5>Nachbetrachtung<\/h5>\n<p>Die intensive Berichterstattung \u00fcber das Geschehen in Sweida macht deutlich, wie viele Staaten und Akteure die Zukunft Syriens zu beeinflussen versuchen. Die syrische Gesellschaft bleibt mit ihren Forderungen \u2013 auch in der Berichterstattung \u2013 au\u00dfen vor.<\/p>\n<p>Der Waffenstillstandsplan, der von dem US-Beauftragten Barrack am 19. Juli 2025 bekannt gegeben wird, war tats\u00e4chlich im Grundsatz bereits eine Woche zuvor bei einem <a href=\"https:\/\/www.turkiyetoday.com\/region\/syrian-israeli-officials-reportedly-hold-rare-meeting-in-baku-3204193\">Geheimtreffen zwischen Syrien und Israel<\/a> in der aserbaidschanischen Hauptstadt Baku ausgehandelt worden. Das Treffen, das von den USA vermittelt worden war, hatte im Schatten eines <a href=\"https:\/\/english.alarabiya.net\/News\/middle-east\/2025\/07\/13\/syrian-israeli-officials-meet-in-baku-diplomatic-source-in-damascus-\">offiziellen Besuchs von Ahmed al-Sharaa in Baku<\/a> stattgefunden, bei dem dieser mit dem aserbaidschanischen Pr\u00e4sidenten Ilham Aliyev \u00fcber Gaslieferungen an Syrien verhandelt hatte. Bei dem Geheimtreffen waren von syrischer Seite das Au\u00dfenministerium (Al Shibani) und Geheimdienstvertreter anwesend, Israel war durch eine Geheimdienstdelegation vertreten.<\/p>\n<p>Israel forderte Berichten zufolge Damaskus auf, die drei s\u00fcdsyrischen Provinzen zu entmilitarisieren. Damaskus stimmte zu und forderte im Gegenzug von Israel, die F\u00fchrung in Damaskus zu stabilisieren. Israel stimmte zu, dass syrische Truppen nach Sweida marschieren und die dort als Milit\u00e4rrat von Sweida bekannte drusische Miliz entwaffnen sollten. Allerdings wurde Damaskus gewarnt, dass es dabei nicht zu Massakern wie an den Alawiten Anfang M\u00e4rz im syrischen K\u00fcstengebiet kommen sollte.<\/p>\n<p>Ob aus Absicht oder wegen chaotischer Befehlsstrukturen in der syrischen Armee ist der Plan gr\u00fcndlich schiefgegangen. Mehr als 1.000 Tote sind zu beklagen, aber letztlich haben sich die USA und Israel durchgesetzt. Die USA wollen das Anliegen Israels st\u00e4rken, den S\u00fcden Syriens zu entmilitarisieren und damit de facto unter israelische Kontrolle zu bringen. So will Washington Israel zumindest vorerst daran hindern, gegen die T\u00fcrkei, die ihren Einfluss im Norden Syriens ausgebaut hat, eine neue Front zu er\u00f6ffnen. F\u00fcr Israel ist das ein wichtiger Schritt auf dem Weg zur Umsetzung von <a href=\"https:\/\/syrianobserver.com\/foreign-actors\/israels-strategic-ambitions-in-syria-fragmentation-the-david-corridor-and-confrontation-with-turkey.html\">\u201eDavids Korridor\u201c<\/a>, der die Kontrolle Israels vom besetzten und annektierten Golan bis zum Euphrat und in den Nordirak ausdehnen soll, auf dem Weg zu \u201eGro\u00df-Israel\u201c.<\/p>\n<p>Syrien geht weiter geschw\u00e4cht aus dem einw\u00f6chigen Kampf um Sweida hervor. Die USA und Israel gehen als Sieger vom Platz, dschihadistische Kr\u00e4fte werden ihre Kr\u00e4fte neu sammeln, w\u00e4hrend die Spaltung der syrischen Gesellschaft sich weiter vertieft hat.<\/p>\n<p style=\"text-align: right;\"><em>Karin Leukefeld ist Buchautorin und arbeitet als freie Journalistin im Mittleren Osten<\/em><\/p>\n<p><span style=\"font-size: 10pt;\">Weitere Informationen zu den Ereignissen siehe auch <a href=\"https:\/\/globalbridge.ch\/der-israelische-vernichtungskrieg-weitet-sich-aus\/\">hier<\/a>.<\/span><\/p>\n<hr \/>\n<p><span style=\"font-size: 10pt;\">Bild oben: <span class=\"mw-mmv-title\">Luftaufnahme der Stadt as-Suwaida, Oktober 2011<\/span><\/span><br \/>\n<span style=\"font-size: 10pt;\">Foto: Shadi Alashkar, <a href=\"https:\/\/creativecommons.org\/licenses\/by\/2.0\" target=\"_blank\" rel=\"noopener\">CC BY 2.0<\/a><\/span><br \/>\n<span style=\"font-size: 10pt;\">Quelle: <a href=\"https:\/\/commons.wikimedia.org\/w\/index.php?curid=22030286\" target=\"_blank\" rel=\"noopener\">https:\/\/commons.wikimedia.org\/w\/index.php?curid=22030286<\/a><\/span><\/p>\n","protected":false},"excerpt":{"rendered":"<p><b>Beitrag von Karin Leukefeld.<\/b><br \/>\nViel wurde in den vergangenen Tagen \u00fcber \u201ekonfessionelle Konflikte in S\u00fcdsyrien\u201c geschrieben und geredet. Die \u201evom schiitischen Islam abstammenden\u201c Drusen w\u00fcrden von \u201esunnitischen beduinischen St\u00e4mmen\u201c bek\u00e4mpft, wurde \u00fcber Medien verbreitet. Allerdings ist die ethnische und religi\u00f6se Vielfalt Syriens und der gesamten Region nicht der Grund, warum dort Kriege gef\u00fchrt werden. Die gro\u00dfartige kulturelle und soziale Vielfalt zwischen dem \u00f6stlichen Mittelmeer und der Persischen Golfregion \u2013 und dar\u00fcber hinaus \u2013 ist eine Waffe, mit der verschiedene Akteure die Gesellschaft Syriens und der gesamten Region spalten und f\u00fcr eigene Interessen nutzen wollen.<\/p>\n","protected":false},"author":3,"featured_media":22481,"comment_status":"closed","ping_status":"closed","sticky":false,"template":"","format":"standard","meta":{"colormag_page_container_layout":"default_layout","colormag_page_sidebar_layout":"default_layout","advanced_seo_description":"","jetpack_seo_html_title":"","jetpack_seo_noindex":false,"jetpack_post_was_ever_published":false,"footnotes":""},"categories":[12],"tags":[699,2462,2180,2701,2464,393,2700,1955,371,1125,1852,336,2702,185],"class_list":["post-22470","post","type-post","status-publish","format-standard","has-post-thumbnail","hentry","category-demokratie-medien-aufklaerung","tag-aussenpolitik","tag-berichterstattung","tag-damaskus","tag-drusen","tag-dschihadisten","tag-israel","tag-muslime","tag-nahostkonflikt","tag-religion","tag-saekularitaet-des-staates","tag-spaltung","tag-syrien","tag-unglaeubige","tag-usa"],"jetpack_featured_media_url":"https:\/\/i0.wp.com\/www.freidenker.org\/fw17\/wp-content\/uploads\/2025\/07\/Swaida_city_800x450.jpg?fit=800%2C450&ssl=1","jetpack_shortlink":"https:\/\/wp.me\/p9stpK-5Qq","jetpack-related-posts":[{"id":21402,"url":"https:\/\/www.freidenker.org\/?p=21402","url_meta":{"origin":22470,"position":0},"title":"Karin Leukefeld: Erzwingt Israel die Neustrukturierung der Levante?","author":"Webredaktion","date":"9. April 2025","format":false,"excerpt":"Video-Interview von\u00a0Sabine Kebir\u00a0mit\u00a0Karin Leukefeld Direkt nach Karin Leukefelds R\u00fcckkehr aus dem Libanon wurde sie von Sabine Kebir \u00fcber die Ver\u00e4nderungen befragt, die der Krieg zwischen Israel und der Hisbollah dort bewirkt hat. Thema sind auch die Massaker in Syrien, die Aktivit\u00e4t der neuen Machthaber und die Ziele, die der Westen\u2026","rel":"","context":"In &quot;Demokratie \u2013 Medien \u2013 Aufkl\u00e4rung&quot;","block_context":{"text":"Demokratie \u2013 Medien \u2013 Aufkl\u00e4rung","link":"https:\/\/www.freidenker.org\/?cat=12"},"img":{"alt_text":"","src":"https:\/\/i0.wp.com\/www.freidenker.org\/fw17\/wp-content\/uploads\/2025\/04\/Leukefeld_Kebir_800x450.jpg?fit=800%2C450&ssl=1&resize=350%2C200","width":350,"height":200,"srcset":"https:\/\/i0.wp.com\/www.freidenker.org\/fw17\/wp-content\/uploads\/2025\/04\/Leukefeld_Kebir_800x450.jpg?fit=800%2C450&ssl=1&resize=350%2C200 1x, https:\/\/i0.wp.com\/www.freidenker.org\/fw17\/wp-content\/uploads\/2025\/04\/Leukefeld_Kebir_800x450.jpg?fit=800%2C450&ssl=1&resize=525%2C300 1.5x, https:\/\/i0.wp.com\/www.freidenker.org\/fw17\/wp-content\/uploads\/2025\/04\/Leukefeld_Kebir_800x450.jpg?fit=800%2C450&ssl=1&resize=700%2C400 2x"},"classes":[]},{"id":13756,"url":"https:\/\/www.freidenker.org\/?p=13756","url_meta":{"origin":22470,"position":1},"title":"Von Syrien bis zur Ukraine: Dieselben Regeln der Kriegspropaganda","author":"Webredaktion","date":"14. Juli 2022","format":false,"excerpt":"Beitrag von Karin Leukefeld. Bei der Berichterstattung \u00fcber den Krieg in der Ukraine werden in deutschen Medien altbekannte Regeln der Kriegspropaganda aus dem Syrienkrieg angewendet. Die gegnerische Seite (Russland) sei verantwortlich, der russische Pr\u00e4sident wird d\u00e4monisiert. Man sei \u201enicht Kriegspartei\u201c, die gelieferten Waffen dienten nur der Selbstverteidigung der Angegriffenen. Diese\u2026","rel":"","context":"In &quot;Demokratie \u2013 Medien \u2013 Aufkl\u00e4rung&quot;","block_context":{"text":"Demokratie \u2013 Medien \u2013 Aufkl\u00e4rung","link":"https:\/\/www.freidenker.org\/?cat=12"},"img":{"alt_text":"","src":"https:\/\/i0.wp.com\/www.freidenker.org\/fw17\/wp-content\/uploads\/2022\/07\/kriegspropaganda_v2_800x450.jpg?fit=800%2C450&ssl=1&resize=350%2C200","width":350,"height":200,"srcset":"https:\/\/i0.wp.com\/www.freidenker.org\/fw17\/wp-content\/uploads\/2022\/07\/kriegspropaganda_v2_800x450.jpg?fit=800%2C450&ssl=1&resize=350%2C200 1x, https:\/\/i0.wp.com\/www.freidenker.org\/fw17\/wp-content\/uploads\/2022\/07\/kriegspropaganda_v2_800x450.jpg?fit=800%2C450&ssl=1&resize=525%2C300 1.5x, https:\/\/i0.wp.com\/www.freidenker.org\/fw17\/wp-content\/uploads\/2022\/07\/kriegspropaganda_v2_800x450.jpg?fit=800%2C450&ssl=1&resize=700%2C400 2x"},"classes":[]},{"id":24121,"url":"https:\/\/www.freidenker.org\/?p=24121","url_meta":{"origin":22470,"position":2},"title":"Kein Frieden in Syrien","author":"Webredaktion","date":"3. Januar 2026","format":false,"excerpt":"Alawiten protestieren, Kurden sagen Treffen in Damaskus ab von Karin Leukefeld W\u00e4hrend die Altstadt von Damaskus mit glitzerndem Schmuck und einem Lichtermeer zu Weihnachten erstrahlte, und in Aleppo \u2013 in alter Tradition \u2013 liberale sunnitische Geistliche die christlichen Gemeinden besuchten und ihren christlichen Nachbarn zum Weihnachtsfest gratulierten, wurde Syrien in\u2026","rel":"","context":"In &quot;Frieden - Antifaschismus - Solidarit\u00e4t&quot;","block_context":{"text":"Frieden - Antifaschismus - Solidarit\u00e4t","link":"https:\/\/www.freidenker.org\/?cat=13"},"img":{"alt_text":"","src":"https:\/\/i0.wp.com\/www.freidenker.org\/fw17\/wp-content\/uploads\/2026\/01\/moschee_in_homs_800x450.jpg?fit=800%2C450&ssl=1&resize=350%2C200","width":350,"height":200,"srcset":"https:\/\/i0.wp.com\/www.freidenker.org\/fw17\/wp-content\/uploads\/2026\/01\/moschee_in_homs_800x450.jpg?fit=800%2C450&ssl=1&resize=350%2C200 1x, https:\/\/i0.wp.com\/www.freidenker.org\/fw17\/wp-content\/uploads\/2026\/01\/moschee_in_homs_800x450.jpg?fit=800%2C450&ssl=1&resize=525%2C300 1.5x, https:\/\/i0.wp.com\/www.freidenker.org\/fw17\/wp-content\/uploads\/2026\/01\/moschee_in_homs_800x450.jpg?fit=800%2C450&ssl=1&resize=700%2C400 2x"},"classes":[]},{"id":20521,"url":"https:\/\/www.freidenker.org\/?p=20521","url_meta":{"origin":22470,"position":3},"title":"Washington feiert Al-Qaida-Sieg in Syrien","author":"Webredaktion","date":"13. Dezember 2024","format":false,"excerpt":"Von Rainer Rupp Was 2011 als geheime CIA-Operation mit dem Schmuggel von Waffen und Dschihadisten von Libyen nach Syrien begonnen hatte, wurde nun mit einem weiteren ekelerregenden Beispiel westlicher Doppelmoral und Heuchelei gekr\u00f6nt, indem Terrorismus \u00f6ffentlich verurteilt und zugleich \u00fcber geheime Wege unterst\u00fctzt wird. Der Terroristen-Chef Dschaulani, der neue Herr\u2026","rel":"","context":"In &quot;Demokratie \u2013 Medien \u2013 Aufkl\u00e4rung&quot;","block_context":{"text":"Demokratie \u2013 Medien \u2013 Aufkl\u00e4rung","link":"https:\/\/www.freidenker.org\/?cat=12"},"img":{"alt_text":"","src":"https:\/\/i0.wp.com\/www.freidenker.org\/fw17\/wp-content\/uploads\/2024\/12\/Syrian_Civil_War_20160107_01_800x450.jpg?fit=800%2C450&ssl=1&resize=350%2C200","width":350,"height":200,"srcset":"https:\/\/i0.wp.com\/www.freidenker.org\/fw17\/wp-content\/uploads\/2024\/12\/Syrian_Civil_War_20160107_01_800x450.jpg?fit=800%2C450&ssl=1&resize=350%2C200 1x, https:\/\/i0.wp.com\/www.freidenker.org\/fw17\/wp-content\/uploads\/2024\/12\/Syrian_Civil_War_20160107_01_800x450.jpg?fit=800%2C450&ssl=1&resize=525%2C300 1.5x, https:\/\/i0.wp.com\/www.freidenker.org\/fw17\/wp-content\/uploads\/2024\/12\/Syrian_Civil_War_20160107_01_800x450.jpg?fit=800%2C450&ssl=1&resize=700%2C400 2x"},"classes":[]},{"id":13549,"url":"https:\/\/www.freidenker.org\/?p=13549","url_meta":{"origin":22470,"position":4},"title":"Dialog mit Nachbarn?","author":"Webredaktion","date":"18. Juni 2022","format":false,"excerpt":"Themenabend am Freitag, den 8. Juli 2022, 19:30 Uhr in der Villa Leon, N\u00fcrnberg Mit Karin Leukefeld und Sabine Schiffer Was steckt hinter der sch\u00f6n klingenden \u201eNachbarschaftspolitik\u201c, mit der die EU nach eigenen Angaben eine \u201eenge und partnerschaftliche Zusammenarbeit mit den unmittelbaren Nachbarn (\u2026) Stabilit\u00e4t, Wohlstand und Sicherheit an den\u2026","rel":"","context":"In &quot;Veranstaltungen in den DFV-Landesverb\u00e4nden&quot;","block_context":{"text":"Veranstaltungen in den DFV-Landesverb\u00e4nden","link":"https:\/\/www.freidenker.org\/?cat=19"},"img":{"alt_text":"","src":"https:\/\/i0.wp.com\/www.freidenker.org\/fw17\/wp-content\/uploads\/2022\/06\/dialog_mit_nachbarn_800x450-2.jpg?fit=800%2C450&ssl=1&resize=350%2C200","width":350,"height":200,"srcset":"https:\/\/i0.wp.com\/www.freidenker.org\/fw17\/wp-content\/uploads\/2022\/06\/dialog_mit_nachbarn_800x450-2.jpg?fit=800%2C450&ssl=1&resize=350%2C200 1x, https:\/\/i0.wp.com\/www.freidenker.org\/fw17\/wp-content\/uploads\/2022\/06\/dialog_mit_nachbarn_800x450-2.jpg?fit=800%2C450&ssl=1&resize=525%2C300 1.5x, https:\/\/i0.wp.com\/www.freidenker.org\/fw17\/wp-content\/uploads\/2022\/06\/dialog_mit_nachbarn_800x450-2.jpg?fit=800%2C450&ssl=1&resize=700%2C400 2x"},"classes":[]},{"id":4468,"url":"https:\/\/www.freidenker.org\/?p=4468","url_meta":{"origin":22470,"position":5},"title":"Kurden im Zwielicht","author":"Webredaktion","date":"26. Januar 2018","format":false,"excerpt":"Die t\u00fcrkische Aggression gegen Afrin und die Problematik der Solidarit\u00e4t mit den syrischen Kurden. Beitrag von Joachim Guilliard: Der Einmarsch t\u00fcrkischer Truppen und dschihadistischen Milizen im Norden Syriens ist zweifelsohne ein verbrecherischer Angriff, der scharf zu verurteilen ist. Proteste gegen diese Aggression, die zum guten Teil mit deutschen Waffen durchgef\u00fchrt\u2026","rel":"","context":"In &quot;Frieden - Antifaschismus - Solidarit\u00e4t&quot;","block_context":{"text":"Frieden - Antifaschismus - Solidarit\u00e4t","link":"https:\/\/www.freidenker.org\/?cat=13"},"img":{"alt_text":"","src":"https:\/\/i0.wp.com\/www.freidenker.org\/fw17\/wp-content\/uploads\/2018\/01\/klartext_kurdistan-risse_800x445.jpg?fit=800%2C445&ssl=1&resize=350%2C200","width":350,"height":200,"srcset":"https:\/\/i0.wp.com\/www.freidenker.org\/fw17\/wp-content\/uploads\/2018\/01\/klartext_kurdistan-risse_800x445.jpg?fit=800%2C445&ssl=1&resize=350%2C200 1x, https:\/\/i0.wp.com\/www.freidenker.org\/fw17\/wp-content\/uploads\/2018\/01\/klartext_kurdistan-risse_800x445.jpg?fit=800%2C445&ssl=1&resize=525%2C300 1.5x, https:\/\/i0.wp.com\/www.freidenker.org\/fw17\/wp-content\/uploads\/2018\/01\/klartext_kurdistan-risse_800x445.jpg?fit=800%2C445&ssl=1&resize=700%2C400 2x"},"classes":[]}],"_links":{"self":[{"href":"https:\/\/www.freidenker.org\/index.php?rest_route=\/wp\/v2\/posts\/22470","targetHints":{"allow":["GET"]}}],"collection":[{"href":"https:\/\/www.freidenker.org\/index.php?rest_route=\/wp\/v2\/posts"}],"about":[{"href":"https:\/\/www.freidenker.org\/index.php?rest_route=\/wp\/v2\/types\/post"}],"author":[{"embeddable":true,"href":"https:\/\/www.freidenker.org\/index.php?rest_route=\/wp\/v2\/users\/3"}],"replies":[{"embeddable":true,"href":"https:\/\/www.freidenker.org\/index.php?rest_route=%2Fwp%2Fv2%2Fcomments&post=22470"}],"version-history":[{"count":2,"href":"https:\/\/www.freidenker.org\/index.php?rest_route=\/wp\/v2\/posts\/22470\/revisions"}],"predecessor-version":[{"id":22482,"href":"https:\/\/www.freidenker.org\/index.php?rest_route=\/wp\/v2\/posts\/22470\/revisions\/22482"}],"wp:featuredmedia":[{"embeddable":true,"href":"https:\/\/www.freidenker.org\/index.php?rest_route=\/wp\/v2\/media\/22481"}],"wp:attachment":[{"href":"https:\/\/www.freidenker.org\/index.php?rest_route=%2Fwp%2Fv2%2Fmedia&parent=22470"}],"wp:term":[{"taxonomy":"category","embeddable":true,"href":"https:\/\/www.freidenker.org\/index.php?rest_route=%2Fwp%2Fv2%2Fcategories&post=22470"},{"taxonomy":"post_tag","embeddable":true,"href":"https:\/\/www.freidenker.org\/index.php?rest_route=%2Fwp%2Fv2%2Ftags&post=22470"}],"curies":[{"name":"wp","href":"https:\/\/api.w.org\/{rel}","templated":true}]}}