{"id":22432,"date":"2025-07-25T03:43:37","date_gmt":"2025-07-25T01:43:37","guid":{"rendered":"https:\/\/www.freidenker.org\/?p=22432"},"modified":"2025-08-26T03:20:32","modified_gmt":"2025-08-26T01:20:32","slug":"lichtblick-im-dunkel-der-kriegshetze-gegen-russland","status":"publish","type":"post","link":"https:\/\/www.freidenker.org\/?p=22432","title":{"rendered":"Lichtblick im Dunkel der Kriegshetze gegen Russland"},"content":{"rendered":"<p><strong>Buch \u201eMit Russland \u2013 F\u00fcr einen Politikwechsel\u201c vorgestellt<\/strong><\/p>\n<p><em>Kommentar von <strong>Tilo Gr\u00e4ser <\/strong>zu:<\/em><\/p>\n<p style=\"padding-left: 40px;\">Stefan Luft, Jan Opielka, J\u00fcrgen Wendler:<br \/>\n<u>\u201e<\/u><a href=\"https:\/\/westendverlag.de\/Mit-Russland\/2314?ref=apolut.net\" target=\"_blank\" rel=\"noopener noreferrer\">Mit Russland \u2013 F\u00fcr einen Politikwechsel<\/a>\u201c<br \/>\n(mit einem Vorwort von G\u00fcnter Verheugen)<br \/>\nWestend Verlag 2025<\/p>\n<p><span style=\"font-size: 10pt;\">Erstver\u00f6ffentlichung als Tagesdosis vom 23.07.2025 auf <a href=\"https:\/\/apolut.net\/lichtblick-im-dunkel-der-kriegshetze-gegen-russland-von-tilo-graser\/\" target=\"_blank\" rel=\"noopener\">apolut.net<\/a><\/span><\/p>\n<p>Der Beitrag ist auch als Audiopodcast verf\u00fcgbar:<\/p>\n<audio class=\"wp-audio-shortcode\" id=\"audio-22432-1\" preload=\"none\" style=\"width: 100%;\" controls=\"controls\"><source type=\"audio\/mpeg\" src=\"https:\/\/apolut.net\/content\/media\/2025\/07\/tagesdosis-20250723-apolut.mp3?_=1\" \/><a href=\"https:\/\/apolut.net\/content\/media\/2025\/07\/tagesdosis-20250723-apolut.mp3\">https:\/\/apolut.net\/content\/media\/2025\/07\/tagesdosis-20250723-apolut.mp3<\/a><\/audio>\n<p><span style=\"font-size: 10pt;\">Bereitgestellt von <a href=\"https:\/\/apolut.net\/lichtblick-im-dunkel-der-kriegshetze-gegen-russland-von-tilo-graser\/\" target=\"_blank\" rel=\"noopener\">apolut.net<\/a><\/span><br \/>\n<span style=\"font-size: 10pt;\"><a href=\"https:\/\/apolut.net\/content\/media\/2025\/07\/tagesdosis-20250723-apolut.mp3\" target=\"_blank\" rel=\"noopener\">Download<\/a><\/span><\/p>\n<p>Was f\u00fcr eine Kakophonie der Kriegshetze und Aufr\u00fcstung, die anscheinend nicht endet: Die Bundesrepublik Deutschland, Gro\u00dfbritannien und Frankreich wollen ihre Zusammenarbeit im \u201eVerteidigung\u201c genannten Bereich der Aufr\u00fcstung und Militarisierung ausbauen. Das haben die Regierungschefs Friedrich Merz und Keir Starmer <a href=\"https:\/\/www.fr.de\/politik\/europas-sicherheit-macron-merz-und-starmer-gruenden-dreiecksbuendnis-ohne-trump-93844773.html?ref=apolut.net\" target=\"_blank\" rel=\"noopener noreferrer\">Medienberichten<\/a> zufolge erkl\u00e4rt, nachdem sie am 17. Juli den deutsch-britischen Freundschaftsvertrag unterzeichneten. Bei dem geht es demnach vor allem um engere Kooperation in den Bereichen Sicherheit, Verteidigung, Wirtschaft und Migration, dann auch noch um die Bereiche Forschung, Energie- und Klimapolitik.<\/p>\n<p>Zuvor hatten Frankreich und Gro\u00dfbritannien sich ebenfalls auf mehr Zusammenarbeit in der Kriegsvorbereitung geeinigt, einschlie\u00dflich der Atomwaffen. <a href=\"https:\/\/www.german-foreign-policy.com\/news\/detail\/10069?ref=apolut.net\" target=\"_blank\" rel=\"noopener noreferrer\">Beobachter<\/a> sehen ein Dreiecksb\u00fcndnis Berlin-Paris-London sich herausbilden, das auch ohne die USA Krieg f\u00fchren will. Als Grund f\u00fcr das alles wird das angeblich aggressive und imperialistische Russland dargestellt, gegen das sich \u201eEuropa\u201c verteidigen m\u00fcsse. Vorneweg ist dabei der deutsche Bundeskanzler Merz, der in der EU den (An-)F\u00fchrer <a href=\"https:\/\/www.berliner-zeitung.de\/politik-gesellschaft\/geopolitik\/aufruestung-der-eu-merz-will-fuehren-aber-die-europaeer-folgen-ihm-nicht-li.2340568?ref=apolut.net\" target=\"_blank\" rel=\"noopener noreferrer\">spielen<\/a> will. Er <a href=\"https:\/\/www.merkur.de\/politik\/ukraine-kurs-von-merz-spd-manifest-rebelliert-gegen-aufruestung-und-zr-93778819.html?ref=apolut.net\" target=\"_blank\" rel=\"noopener noreferrer\">erkl\u00e4rte<\/a> im Juni \u201eRussland ist ein Risiko f\u00fcr die Sicherheit diesseits und jenseits des Atlantiks.\u201c In seiner <a href=\"https:\/\/www.welt.de\/politik\/deutschland\/article256298278\/bundeskanzler-merz-warnt-muessen-befuerchten-dass-russland-den-krieg-ueber-die-ukraine-hinaus-fortsetzen-wird.html?ref=apolut.net\" target=\"_blank\" rel=\"noopener noreferrer\">Regierungserkl\u00e4rung<\/a> am 24. Juni legte er nach und behauptete, dass Russland die Sicherheit und Freiheit im gesamten euroatlantischen Raum aktiv und aggressiv bedrohe. Und es sei zu bef\u00fcrchten, \u201edass Russland den Krieg \u00fcber die Ukraine hinaus fortsetzen wird\u201c. Am 1. Juli legte er noch einmal nach und <a href=\"https:\/\/www.nachdenkseiten.de\/?p=135674&amp;ref=apolut.net\" target=\"_blank\" rel=\"noopener noreferrer\">behauptete<\/a>, \u201eRussland greift uns heute schon an\u201c und begr\u00fcndete das mit angeblichen russischen Anschl\u00e4gen, Sabotage und Falschmeldungen.<\/p>\n<p>Bei all der Kriegshysterie wird Merz unterst\u00fctzt vom Koalitionspartner SPD, deren Vorsitzender Lars Klingbeil bereits im Oktober 2022 <a href=\"https:\/\/www.spd.de\/aktuelles\/detail\/news\/zeitenwende-sicherheit-und-frieden-in-europa\/19\/10\/2022?ref=apolut.net\" target=\"_blank\" rel=\"noopener noreferrer\">verk\u00fcndet<\/a> hatte:<\/p>\n<p style=\"padding-left: 40px;\">\u201eDie Aussage, dass es Sicherheit und Stabilit\u00e4t in Europa nicht gegen, sondern nur mit Russland geben kann; dieser Satz hat keinen Bestand mehr. Heute geht es darum, Sicherheit vor Russland zu organisieren.\u201c<\/p>\n<p>Mit dieser fast ununterbrochenen Kriegshetze wird die eigene Aufr\u00fcstung begr\u00fcndet, da den Regierenden anscheinend nichts anderes einf\u00e4llt, was sie f\u00fcr die Wirtschaft tun k\u00f6nnen, die sie mit ihrer Politik selbst ruinieren. In diese Kakophonie hinein taucht ein Buch auf, das schon mit seinem Titel <strong>\u201eMit Russland \u2013 F\u00fcr einen Politikwechsel\u201c<\/strong> einen Kontrapunkt setzt. Die mutigen Autoren Stefan Luft, Jan Opielka und J\u00fcrgen Wendler haben es im Westend Verlag herausgebracht und am Dienstag in Berlin vorgestellt. Ihnen zur Seite sa\u00df der ehemalige SPD-Au\u00dfenpolitiker und fr\u00fchere EU-Kommissar G\u00fcnter Verheugen.<\/p>\n<h5>F\u00fcr Kooperation statt Konfrontation<\/h5>\n<p>Der sieht das Buch als Beitrag zur Debatte, die in \u201eeiner Zeit politischer Radikalisierung und st\u00e4ndiger Gewaltbereitschaft und wachsender internationaler Spannungen\u201c dringend fortgesetzt werden m\u00fcsse. Es gehe darum, \u201enicht aufzugeben in dem Ziel, den im Grunde sehr einfachen Gedanken der \u00d6ffentlichkeit n\u00e4herzubringen, dass im Atom-Zeitalter Konfrontation nur der Weg ins Verderben sein kann. Und dass die einzige M\u00f6glichkeit, unser \u00dcberleben zu sichern, darin besteht, dass wir, so schwer es im Einzelfall sein mag und so sehr wir uns im Einzelfall \u00fcberwinden m\u00fcssen, dass es keinen anderen Weg gibt als die Kooperation.\u201c<\/p>\n<p>Daf\u00fcr sprechen sich die Autoren des Buches klar aus, zu dem Verheugen auch das Vorwort geschrieben hat. Der Journalist J\u00fcrgen Wendler sieht den Westen \u201eam Scheideweg\u201c und beschreibt, wie er dahin kam. Er habe seine jahrhundertelange Rolle als \u201eallein ma\u00dfgebliche Kraft\u201c in der Welt verloren, doch er sei gezwungen, sich in dieser ver\u00e4nderten Situation zurecht zu finden:<\/p>\n<p style=\"padding-left: 40px;\">\u201eDazu bedarf es innerer St\u00e4rke, die ohne Identit\u00e4t nicht denkbar ist.\u201c<\/p>\n<p>Der Historiker und Politikwissenschaftler Stefan Luft zeigt in seinem Beitrag, wie die bundesdeutsche Gesellschaft \u201ekriegst\u00fcchtig\u201c gemacht wird. Russland sei zum \u201eFeind\u201c erkl\u00e4rt worden, dessen Angriff bereits begonnen habe. Deutschland und Europa w\u00fcrden sich deshalb \u201enicht mehr im Frieden, sondern in einem Stadium zwischen Frieden und Spannungsfall\u201c befinden. Der Wirklichkeitsverlust in der \u00f6ffentlichen Debatte in Deutschland sei frappierend, stellt er in seinem Text fest.<\/p>\n<p>Er analysiert den bekanntgewordenen, aber immer noch geheimen \u201eOperationsplan Deutschland\u201c, mit dem die Bev\u00f6lkerung auf einen Krieg vorbereitet werden soll. Ebenso benennt er die politischen und gesellschaftlichen Akteure und seziert die \u00f6ffentliche Debatte, die die \u201eHeimatfront\u201c auf den Krieg vorbereitet, f\u00fcr den aufger\u00fcstet wird.<\/p>\n<p>Der Journalist Jan Opielka, der aus Polen stammt und dort wieder lebt, schaut in seinem Text im Buch auf Mittelosteuropa, das eine Br\u00fccke zwischen Ost und West sein k\u00f6nnte. Es wolle aber anscheinend eher Festung sein und folge blind den Interessen des US-gef\u00fchrten Westens, allen voran Polen. Opielka mahnt wie die anderen Autoren, dass \u201ewir im Zuge des Ukrainekrieges in eine bedrohliche Situation geraten sind\u201c.<\/p>\n<p style=\"padding-left: 40px;\">\u201eDer atomare Rubikon ist nah, in Sichtweite. Diese Gefahr scheint nicht jeder zu sehen.\u201c<\/p>\n<p>Worum es beim Krieg in der Ukraine geht, benannte Ex-EU-Kommissar Verheugen bei der Buchvorstellung am Dienstag deutlich. Der habe \u201efast gar nichts mit Freiheit und Demokratie, Rechtsstaatlichkeit, Selbstbestimmung, Souver\u00e4nit\u00e4t, territoriale Integrit\u00e4t, all die Schlagworte, die uns jeden Tag um die Ohren gehauen werden\u201c, zu tun.<\/p>\n<p style=\"padding-left: 40px;\">\u201eEs geht in Wahrheit darum, eine strategische Schw\u00e4chung Russlands im globalen Pokerspiel der Superm\u00e4chte zu erreichen, Russland auf lange Sicht und wom\u00f6glich f\u00fcr immer als einen Rivalen im geopolitischen Wettstreit auszuschalten.\u201c<\/p>\n<p>Doch die westliche Strategie, Russland zu ruinieren, sei \u201eruhmlos\u201c gescheitert, sagte Verheugen. Dieser Krieg sei f\u00fcr die Ukraine bereits verloren und der Preis, den das Land f\u00fcr seine Fortsetzung zahle, werde jeden Tag h\u00f6her. \u201eUnd es wird nicht besser werden, wenn nicht ein Stoppzeichen kommt\u201c, so der ehemalige FDP- und sp\u00e4tere SPD-Politiker, der sich f\u00fcr eine \u201eR\u00fcckkehr zur Politik, weg vom Krieg\u201c aussprach.<\/p>\n<h5>F\u00fcr stabiles statt ruiniertes Russland<\/h5>\n<p>R\u00fcckblickend auf die Aussage der ehemaligen Bundesau\u00dfenministerin Annalena Baerbock, Russland ruinieren zu wollen, sagte er, dass das unverantwortlich gegen\u00fcber einer Atommacht sei. Das deutsche und auch europ\u00e4ische Interesse k\u00f6nne nur Stabilit\u00e4t in dem Vielv\u00f6lkerstaat Russland sein. Die \u00f6konomischen Zahlen w\u00fcrden zeigen, dass die Sanktionen gegen Russland vor allem ihren Urhebern und insbesondere Deutschland schaden. Doch sie w\u00fcrden nun mit dem 18. Sanktionspaket der EU fortgesetzt, wozu auch das Verbot der Reparatur der Nord Stream-Pipelines in der Ostsee geh\u00f6re. Verheugen kommentierte das so:<\/p>\n<p style=\"padding-left: 40px;\">\u201eIch kann mich des Gedankens nicht erwehren, dass da irgendjemand f\u00fcr die in Br\u00fcssel und Berlin die Drecksarbeit erledigt hat.\u201c<\/p>\n<p>Jetzt seien die \u00f6konomischen Folgen des Anschlags zu bew\u00e4ltigen. Zu den Konsequenzen der Sanktionspolitik des Westens geh\u00f6re, dass Russland die Zusammenarbeit mit dem Rest der Welt ausgebaut habe. Seine Zukunftschancen h\u00e4tten sich daher verbessert, w\u00e4hrend die des Westens sich verschlechterten.<\/p>\n<p>Aus Sicht Verheugens befinden wir uns in der \u201egef\u00e4hrlichsten Situation seit dem Ende des Zweiten Weltkrieges\u201c. Dazu geh\u00f6re, dass die Politik von US-Pr\u00e4sident Donald Trump v\u00f6llig unberechenbar sei, w\u00e4hrend die Ukraine \u201eunter der Last dieses Krieges mehr und mehr zusammenbricht und wie sich gezeigt hat, auch zu Verzweiflungstaten neigt\u201c. Die \u201eOperation Spinnennetz\u201c, bei der die Ukraine Mitte Juni mit Drohnen russische Flugpl\u00e4tze der Atombomberflotte angriff, sei ein \u201eSpiel mit dem Feuer\u201c gewesen.<\/p>\n<p>Ein solches gef\u00e4hrliches \u201eSpiel\u201c seien auch die vor wenigen Tagen bekanntgewordenen <a href=\"https:\/\/www.merkur.de\/politik\/us-general-nato-koennte-kaliningrad-in-rekordzeit-erobern-zr-93840916.html?ref=apolut.net\" target=\"_blank\" rel=\"noopener noreferrer\">Aussagen<\/a> des Befehlshabers der US-Armee f\u00fcr Europa und Afrika, Christopher Donahue, die russische Exklave Kaliningrad an der Ostsee schnell einnehmen zu k\u00f6nnen. Verheugen dazu:<\/p>\n<p style=\"padding-left: 40px;\">\u201eWer hier mit \u00dcbernahme droht, der l\u00f6st in Russland genau das aus, das wir unter keinen Umst\u00e4nden aufl\u00f6sen d\u00fcrfen: N\u00e4mlich den Eindruck, dass ein Angriff auf das russische Mutterland geplant ist. Kaliningrad ist in Moskaus Augen russisches Mutterland und muss von uns weiter so gesehen werden. Dann wird es sehr gef\u00e4hrlich.\u201c<\/p>\n<p>Der fr\u00fchere EU-Kommissar kritisierte die Haltung, dass mit Russland und dessen Pr\u00e4sidenten nicht verhandelt werden k\u00f6nne. Er stelle sich die Frage \u201eWoher wissen wir, dass wir mit Putin nicht verhandeln k\u00f6nnen?\u201c. In den 1970er Jahren sei ebenso erkl\u00e4rt worden, mit dem sowjetischen Parteichef Leonid Breschnew k\u00f6nne nicht verhandelt werden. Das habe dann aber sehr gut geklappt und zu guten Ergebnissen gef\u00fchrt. Niemand im Westen habe Russland ein Verhandlungsangebot gemacht und Moskaus Verhandlungsbereitschaft getestet. Niemand habe die Streitfragen auf den Tisch gelegt, um dar\u00fcber zu reden und die gemeinsamen Interessen identifiziert, um sie vertraglich zu fixieren.<\/p>\n<h5>Diplomatie als Zeichen der St\u00e4rke<\/h5>\n<p>Stattdessen werden jene bundesdeutschen Pers\u00f6nlichkeiten, die sich darum bem\u00fchen, die Br\u00fccken nach Russland nicht v\u00f6llig abrei\u00dfen zu lassen, mit regelrechten \u201eR\u00e4uberpistolen\u201c im Stil des tiefsten Kalten Krieges <a href=\"https:\/\/archive.ph\/PU5FG?ref=apolut.net\" target=\"_blank\" rel=\"noopener noreferrer\">diffamiert<\/a> und <a href=\"https:\/\/www.berliner-zeitung.de\/politik-gesellschaft\/geopolitik\/deutsch-russisches-kontaktverbot-wer-nicht-reden-will-hat-nichts-mehr-zu-sagen-li.2341076?ref=apolut.net\" target=\"_blank\" rel=\"noopener noreferrer\">Kontaktverbote<\/a> erteilt. Ihnen werde gar \u201eCharakterlosigkeit\u201c vorgeworfen, so Verheugen, dabei seien jene charakterlos, die \u201ehinzunehmen, dass Zehntausende f\u00fcr nichts und gar nichts in den Tod geschickt werden\u201c.<\/p>\n<p>Der ehemalige SPD-Au\u00dfenpolitiker beklagte au\u00dferdem den Mangel an Diplomatie in der gegenw\u00e4rtigen Situation. Dabei sei der Griff zur Diplomatie \u201ekein Zeichen von \u00c4ngstlichkeit, Charakterlosigkeit oder \u00fcbertriebener Vorsicht\u201c, sondern \u201eein Ausdruck von Selbstsicherheit und St\u00e4rke\u201c. Es d\u00fcrfe deshalb keine Gespr\u00e4chsverbote geben, \u201eob uns Putin gef\u00e4llt oder nicht, ob uns die Zust\u00e4nde in Russland gefallen oder nicht, ob uns Herrschaftsmethoden gefallen oder nicht\u201c.<\/p>\n<p style=\"padding-left: 40px;\">\u201eWenn wir nur mit solchen kooperieren, mit deren politischen Systemen und Herrschaftsmethoden wir vollst\u00e4ndig \u00fcbereinstimmen, dann bleiben nicht sehr viele \u00fcbrig.\u201c<\/p>\n<p>Es gebe \u201eein gemeinsames Interesse aller Menschen auf dem europ\u00e4ischen Kontinent\u201c, betonte Verheugen, \u201eund dieses gemeinsame Interesse hei\u00dft Sicherheit und Zusammenarbeit\u201c. Er h\u00e4lt gesamteurop\u00e4ische Kooperation immer noch f\u00fcr m\u00f6glich. Die R\u00fcckkehr zur Politik gesamt-europ\u00e4ischer Kooperationen, vor allem auf dem Feld der Sicherheit, \u201ew\u00e4re ein Beitrag, den wir als Deutsche und als Europ\u00e4ische Union machen k\u00f6nnten in dem Bewusstsein, das gemeinsame Sicherheit, das ist, was uns verbindet\u201c.<\/p>\n<p>Er wandte sich \u201emit Entschiedenheit\u201c gegen jene, die wie SPD-Chef Klingbeil sagen, Sicherheit gebe es nur noch gegen Russland. Das f\u00fchre nur zu immer mehr R\u00fcstung, immer mehr Spannungen und am Ende zu Konfliktentladungen. Sicherheit sei nur dann garantiert, wenn beide Seiten sich sicher f\u00fchlen. Die Mittel daf\u00fcr gebe es l\u00e4ngst, betonte Verheugen und erinnerte an die verschiedenen Instrumente der Abr\u00fcstung, der R\u00fcstungskontrolle, der R\u00fcstungsbegrenzung, die vertrauensbildenden Ma\u00dfnahmen, wirtschaftliche, kulturelle, soziale, technologische Kooperation \u2013 \u201ealles haben wir schon gehabt und man muss das Rad nicht neu erfinden\u201c.<\/p>\n<p>Er wandte sich ebenso gegen die Behauptungen, dass Verhandlungen und Frieden ein \u201eVerrat an der Ukraine\u201c seien. Verhandlungen seien keine Kapitulation, sondern w\u00fcrden der Verantwortung f\u00fcr die Zukunft und unsere Nachkommen gerecht. Das missachte Kanzler Merz, wenn er wie in seiner Rede nach der Wahl im Bundestag das Feindbild Russland \u201ein sehr kr\u00e4ftigen Farben\u201c darstelle.<\/p>\n<p style=\"padding-left: 40px;\">\u201eDas Beste f\u00fcr die Ukraine ist, wenn man alles daf\u00fcr tut, um das T\u00f6ten zu beenden und dem Land die Chance gibt zum Wiederaufbau.\u201c<\/p>\n<p>Verheugen stellte auch klar, dass es nicht allein um die EU gehe, wenn von Europa gesprochen werde. Dieser falsche Eindruck werde aber zunehmend vermittelt \u2013 und die beiden gro\u00dfen europ\u00e4ischen Staaten Russland und T\u00fcrkei ausgegrenzt. Die angek\u00fcndigte Militarisierung der EU f\u00fchre zur st\u00e4rkeren Abh\u00e4ngigkeit von den USA, die die Nato nie aufgeben w\u00fcrden. Der Grund: Das westliche Milit\u00e4rb\u00fcndnis diene zur Kontrolle Europas und vor allem Deutschlands durch die USA. Trotz dieser Einsicht verweigerte der fr\u00fchere EU-Kommissar sp\u00e4ter eine Antwort auf die Frage aus dem Publikum, ob es zur Kriegsverhinderung nicht notwendig sei, aus dem \u201eVerbrecherb\u00fcndnis\u201c Nato auszutreten.<\/p>\n<h5>Kriegstreiberei statt Vernunft<\/h5>\n<p>Zuvor hatte er noch erkl\u00e4rt, die europ\u00e4ische St\u00e4rke sei nicht milit\u00e4risches Potenzial, sondern liege in der friedlichen Zusammenarbeit. In diese Richtung entwickle sich \u201edie Welt au\u00dferhalb unseres engeren Horizonts\u201c. \u201eTeil dieser Welt zu sein, in kooperativen Strukturen\u201c, w\u00fcrde aus seiner Sicht die europ\u00e4ische Zukunft sicherer machen als der Weg in die Militarisierung.<\/p>\n<p>Doch solche Worte sind von den derzeit Regierenden und Herrschenden nicht zu vernehmen. Sie bek\u00e4mpfen solche Vorschl\u00e4ge mit allen medialen Mitteln der Demagogie und Hetze. So erging es auch den Unterzeichnern des Mitte Juni ver\u00f6ffentlichten <a href=\"https:\/\/www.erhard-eppler-kreis.de\/manifest\/?ref=apolut.net\" target=\"_blank\" rel=\"noopener noreferrer\">Manifestes<\/a> der SPD-Friedenskreise \u201eFriedenssicherung in Europa durch Verteidigungsf\u00e4higkeit, Ru\u0308stungskontrolle und Verst\u00e4ndigung\u201c. Interessanterweise geh\u00f6rt Verheugen nicht zu den Unterzeichnern. Er ging bei der Buchvorstellung am Dienstag auch nicht auf das Manifest ein.<\/p>\n<p>Im vergangenen Jahr hatte der ehemalige SPD-Politiker gemeinsam mit Petra Erler das <a href=\"https:\/\/www.penguin.de\/buecher\/guenter-verheugen-der-lange-weg-zum-krieg\/buch\/9783453218833?ref=apolut.net\" target=\"_blank\" rel=\"noopener noreferrer\">Buch<\/a> \u201eDer lange Weg zum Krieg \u2013 Russland, die Ukraine und der Westen \u2014 Eskalation statt Entspannung\u201c ver\u00f6ffentlicht. Auf meine Frage, wie lange aus seiner Sicht der Weg aus dem Krieg dauere, antwortete er am Dienstag ehrlich, er wisse das nicht und k\u00f6nne keine Prognose abgeben. Seine anf\u00e4ngliche Hoffnung auf Trumps Versprechen, den Krieg zu beenden, habe sich als Illusion erwiesen. Er sehe im westlichen Lager keinerlei Bewegung weg von der gescheiterten \u201eSiegfrieden\u201c-Strategie und vermutet, \u201eirgendwann haben die Ukrainer genug\u201c.<\/p>\n<p style=\"padding-left: 40px;\">\u201eDas kann nicht noch jahrelang so weitergehen. Die Menschen werden irgendwann genug haben davon und es wird eine breite Str\u00f6mung geben, die sagt: Macht der Sache ein Ende! Je l\u00e4nger man damit wartet, der Sache zu Ende zu setzen, desto h\u00f6her wird der Preis, den man zahlen muss.\u201c<\/p>\n<p>Die bundesdeutsche Elite in Politik und Milit\u00e4r samt ihrer Helfershelfer in Medien und Universit\u00e4ten will unterdessen anscheinend unbedingt wieder Krieg gegen Russland \u2013 den sie dann zum dritten Mal als \u00abPr\u00e4ventivkrieg\u00bb gegen des \u00abimperialistische\u00bb und \u00abrevanchistische\u00bb Russland verkaufen wollen, sekundiert von sogenannten Linken. \u00abWir brauchen Waffensysteme, die weit auch in die Tiefe des russischen Raumes reichen, die Depots, F\u00fchrungseinrichtungen, Flugpl\u00e4tze und Flugzeuge angreifen k\u00f6nnen\u00bb, <a href=\"https:\/\/www.zdfheute.de\/politik\/ausland\/waffen-unterstuetzung-deutschland-ukraine-krieg-russland-100.html?ref=apolut.net\" target=\"_blank\" rel=\"noopener noreferrer\">erkl\u00e4rte<\/a> dementsprechend vor wenigen Tagen Bundeswehr-Generalmajor Christian Freuding gegen\u00fcber dem <em>ZDF<\/em>. Er ist Leiter des Sonderstabs Ukraine im Bundesverteidigungsministerium und verantwortlich f\u00fcr die Koordinierung der Waffenunterst\u00fctzung f\u00fcr die Ukraine.<\/p>\n<h5>Kriegsvorbereitung statt Friedensl\u00f6sung<\/h5>\n<p>Ich muss angesichts dessen daran denken, dass die Zeitung <em>Welt am Sonntag<\/em> am 26. September 2021 in ihrer gedruckten Ausgabe <a href=\"https:\/\/www.textstelle.news\/2022\/09\/25\/2021-angekuendigt-verzicht-energiekrise-krieg-russland\/?ref=apolut.net\" target=\"_blank\" rel=\"noopener noreferrer\">berichtete<\/a>:<\/p>\n<p style=\"padding-left: 40px;\">\u00abDie Bundeswehr l\u00e4sst Karten von Putins Riesenreich drucken. Sie sind so detailliert wie wohl nie zuvor.\u00bb<\/p>\n<p>Die Frage, wozu die Bundeswehr solche Karten braucht, blieb damals unbeantwortet. Die Antwort wird inzwischen erkennbar: Die Kriegsvorbereitungen gegen Russland begannen vor dessen Einmarsch in die Ukraine im Februar 2022.<\/p>\n<p>Eine Antwort auf die Frage, warum die deutsche Politik erneut auf Kriegskurs gen Osten ist und wieder <a href=\"https:\/\/weltwoche.ch\/daily\/verteidigungsminister-boris-pistorius-deutsche-truppen-waeren-bereit-russische-soldaten-zu-toeten\/?ref=apolut.net\" target=\"_blank\" rel=\"noopener noreferrer\">Befehl<\/a> geben will, \u00abRussen zu t\u00f6ten\u00bb, gibt die <a href=\"https:\/\/link.springer.com\/article\/10.1007\/s11609-025-00557-4?ref=apolut.net\" target=\"_blank\" rel=\"noopener noreferrer\">Studie<\/a> von Michael Hartmann \u00fcber die Kontinuit\u00e4ten der deutschen Eliten seit dem Kaiserreich bis heute. Nur von 1945 bis 1990 gab es in einem Teil Deutschlands mit der DDR eine Unterbrechung dieser Kontinuit\u00e4t.<\/p>\n<p>Von dieser war leider bei der Buchvorstellung am Dienstag keine Rede, auch wenn ein Teilnehmer im Publikum einforderte, offen zu sagen, \u201ewer denn in unserem Land die Verbrecher sind, die den Krieg wollen\u201c. Das ging den Autoren und Verheugen dann anscheinend etwas zu weit. Ungeachtet dessen haben sie ein mutiges und dringend zu empfehlendes Buch vorgestellt. Es ist ein Lichtblick im Dunkel der Kriegshetze und des Russlandhasses, die mehr als nur ein b\u00f6ser Traum, sondern ganz gef\u00e4hrliche Realit\u00e4t sind.<\/p>\n<p style=\"text-align: right;\"><em>Tilo Gr\u00e4ser ist diplomierter Journalist und Mitglied des Deutschen Freidenker-Verbandes<\/em><\/p>\n<hr \/>\n<p>Informationen zum Buch:<\/p>\n<p><img data-recalc-dims=\"1\" loading=\"lazy\" decoding=\"async\" data-attachment-id=\"22444\" data-permalink=\"https:\/\/www.freidenker.org\/?attachment_id=22444\" data-orig-file=\"https:\/\/i0.wp.com\/www.freidenker.org\/fw17\/wp-content\/uploads\/2025\/07\/mit_Russland_Poltikwechsel_800px.jpg?fit=502%2C800&amp;ssl=1\" data-orig-size=\"502,800\" data-comments-opened=\"0\" data-image-meta=\"{&quot;aperture&quot;:&quot;0&quot;,&quot;credit&quot;:&quot;&quot;,&quot;camera&quot;:&quot;&quot;,&quot;caption&quot;:&quot;&quot;,&quot;created_timestamp&quot;:&quot;0&quot;,&quot;copyright&quot;:&quot;&quot;,&quot;focal_length&quot;:&quot;0&quot;,&quot;iso&quot;:&quot;0&quot;,&quot;shutter_speed&quot;:&quot;0&quot;,&quot;title&quot;:&quot;&quot;,&quot;orientation&quot;:&quot;1&quot;}\" data-image-title=\"mit_Russland_Poltikwechsel_800px\" data-image-description=\"\" data-image-caption=\"\" data-large-file=\"https:\/\/i0.wp.com\/www.freidenker.org\/fw17\/wp-content\/uploads\/2025\/07\/mit_Russland_Poltikwechsel_800px.jpg?fit=502%2C800&amp;ssl=1\" class=\"alignnone wp-image-22444 size-full\" src=\"https:\/\/i0.wp.com\/www.freidenker.org\/fw17\/wp-content\/uploads\/2025\/07\/mit_Russland_Poltikwechsel_800px.jpg?resize=502%2C800&#038;ssl=1\" alt=\"\" width=\"502\" height=\"800\" srcset=\"https:\/\/i0.wp.com\/www.freidenker.org\/fw17\/wp-content\/uploads\/2025\/07\/mit_Russland_Poltikwechsel_800px.jpg?w=502&amp;ssl=1 502w, https:\/\/i0.wp.com\/www.freidenker.org\/fw17\/wp-content\/uploads\/2025\/07\/mit_Russland_Poltikwechsel_800px.jpg?resize=188%2C300&amp;ssl=1 188w\" sizes=\"auto, (max-width: 502px) 100vw, 502px\" \/><\/p>\n<p>Stefan Luft, Jan Opielka, J\u00fcrgen Wendler:<br \/>\n<u>\u201e<\/u><a href=\"https:\/\/westendverlag.de\/Mit-Russland\/2314?ref=apolut.net\" target=\"_blank\" rel=\"noopener noreferrer\">Mit Russland \u2013 F\u00fcr einen Politikwechsel<\/a>\u201c<br \/>\n(mit einem Vorwort von G\u00fcnter Verheugen)<br \/>\nWestend Verlag 2025<\/p>\n<hr \/>\n<p>Von G\u00fcnter Verheugen erschien au\u00dferdem:<\/p>\n<p><img data-recalc-dims=\"1\" loading=\"lazy\" decoding=\"async\" data-attachment-id=\"22443\" data-permalink=\"https:\/\/www.freidenker.org\/?attachment_id=22443\" data-orig-file=\"https:\/\/i0.wp.com\/www.freidenker.org\/fw17\/wp-content\/uploads\/2025\/07\/verheugen_langer_weg_zum_krieg_800px.jpg?fit=504%2C800&amp;ssl=1\" data-orig-size=\"504,800\" data-comments-opened=\"0\" data-image-meta=\"{&quot;aperture&quot;:&quot;0&quot;,&quot;credit&quot;:&quot;&quot;,&quot;camera&quot;:&quot;&quot;,&quot;caption&quot;:&quot;&quot;,&quot;created_timestamp&quot;:&quot;0&quot;,&quot;copyright&quot;:&quot;&quot;,&quot;focal_length&quot;:&quot;0&quot;,&quot;iso&quot;:&quot;0&quot;,&quot;shutter_speed&quot;:&quot;0&quot;,&quot;title&quot;:&quot;&quot;,&quot;orientation&quot;:&quot;1&quot;}\" data-image-title=\"verheugen_langer_weg_zum_krieg_800px\" data-image-description=\"\" data-image-caption=\"\" data-large-file=\"https:\/\/i0.wp.com\/www.freidenker.org\/fw17\/wp-content\/uploads\/2025\/07\/verheugen_langer_weg_zum_krieg_800px.jpg?fit=504%2C800&amp;ssl=1\" class=\"alignnone wp-image-22443 size-full\" src=\"https:\/\/i0.wp.com\/www.freidenker.org\/fw17\/wp-content\/uploads\/2025\/07\/verheugen_langer_weg_zum_krieg_800px.jpg?resize=504%2C800&#038;ssl=1\" alt=\"\" width=\"504\" height=\"800\" srcset=\"https:\/\/i0.wp.com\/www.freidenker.org\/fw17\/wp-content\/uploads\/2025\/07\/verheugen_langer_weg_zum_krieg_800px.jpg?w=504&amp;ssl=1 504w, https:\/\/i0.wp.com\/www.freidenker.org\/fw17\/wp-content\/uploads\/2025\/07\/verheugen_langer_weg_zum_krieg_800px.jpg?resize=189%2C300&amp;ssl=1 189w\" sizes=\"auto, (max-width: 504px) 100vw, 504px\" \/><\/p>\n<p>G\u00fcnter Verheugen \u00b7 Petra Erler<br \/>\n<a href=\"https:\/\/www.bic-media.com\/widget\/?isbn=9783453218833&amp;https=yes&amp;socialSelfBackLink=yes&amp;lang=de&amp;fullscreen=yes&amp;jump2=0&amp;openFSIPN=yes&amp;resizable=yes&amp;showSocial=no&amp;template=rhservice&amp;showHelp=no&amp;showSettings=no&amp;showExtraDownloadButton=yes&amp;ui-state=dialog&amp;shopsFilter=print\" target=\"_blank\" rel=\"noopener\">Der lange Weg zum Krieg<\/a><br \/>\nHeyne Verlag 2024<\/p>\n<hr \/>\n<p><span style=\"font-size: 10pt;\">Bild ganz oben: <a href=\"https:\/\/westendverlag.de\/Mit-Russland\/2314\" target=\"_blank\" rel=\"noopener\">Buchtitel des Westend-Verlages<\/a><\/span><\/p>\n","protected":false},"excerpt":{"rendered":"<p><b>Buch \u201eMit Russland \u2013 F\u00fcr einen Politikwechsel\u201c vorgestellt<\/b><br \/>\n<b>Kommentar von Tilo Gr\u00e4ser.<\/b><br \/>\nWas f\u00fcr eine Kakophonie der Kriegshetze und Aufr\u00fcstung, die anscheinend nicht endet: Die Bundesrepublik Deutschland, Gro\u00dfbritannien und Frankreich wollen ihre Zusammenarbeit im \u201eVerteidigung\u201c genannten Bereich der Aufr\u00fcstung und Militarisierung ausbauen. [&#8230;] Zuvor hatten Frankreich und Gro\u00dfbritannien sich ebenfalls auf mehr Zusammenarbeit in der Kriegsvorbereitung geeinigt, einschlie\u00dflich der Atomwaffen. [&#8230;]  In diese Kakophonie hinein taucht ein Buch auf, das schon mit seinem Titel \u201eMit Russland \u2013 F\u00fcr einen Politikwechsel\u201c einen Kontrapunkt setzt. Die mutigen Autoren <b>Stefan Luft, Jan Opielka und J\u00fcrgen Wendler<\/b> haben es im Westend Verlag herausgebracht und am Dienstag in Berlin vorgestellt. Ihnen zur Seite sa\u00df der ehemalige SPD-Au\u00dfenpolitiker und fr\u00fchere EU-Kommissar <b>G\u00fcnter Verheugen.<\/b><\/p>\n","protected":false},"author":3,"featured_media":22442,"comment_status":"closed","ping_status":"closed","sticky":false,"template":"","format":"standard","meta":{"colormag_page_container_layout":"default_layout","colormag_page_sidebar_layout":"default_layout","advanced_seo_description":"","jetpack_seo_html_title":"","jetpack_seo_noindex":false,"jetpack_post_was_ever_published":false,"footnotes":""},"categories":[12,6],"tags":[1398,1423,1115,452,1406,182,1151,1027,2019,1038,1389,1978,2186,2440,2276,222,719,1352,639,185],"class_list":["post-22432","post","type-post","status-publish","format-standard","has-post-thumbnail","hentry","category-demokratie-medien-aufklaerung","category-publikationen-fuer-freidenker","tag-aufruestung","tag-baerbock","tag-buch","tag-deutschland","tag-diplomatie","tag-eu","tag-europa","tag-frankreich","tag-friedensplan","tag-grossbritannien","tag-konfrontation","tag-kooperation","tag-kriegshetze","tag-kriegstuechtigkeit","tag-kriegsvorbereitung","tag-russland","tag-sanktionen","tag-strategie","tag-ukraine-konflikt","tag-usa"],"jetpack_featured_media_url":"https:\/\/i0.wp.com\/www.freidenker.org\/fw17\/wp-content\/uploads\/2025\/07\/politikwechsel_800x450.jpg?fit=800%2C450&ssl=1","jetpack_shortlink":"https:\/\/wp.me\/p9stpK-5PO","jetpack-related-posts":[{"id":21542,"url":"https:\/\/www.freidenker.org\/?p=21542","url_meta":{"origin":22432,"position":0},"title":"Merz will \u201eTaurus\u201c liefern","author":"Webredaktion","date":"24. April 2025","format":false,"excerpt":"K\u00fcnftiger Kanzler verst\u00f6\u00dft vor Amtsantritt gegen den Amtseid \u2013 und beweist seine Ahnungslosigkeit Ein Kommentar von Tilo Gr\u00e4ser Der allen Voraussetzungen nach n\u00e4chste deutsche Bundeskanzler Friedrich Merz (CDU) hat bereits vor Amtsantritt angek\u00fcndigt, dass er seinen Amtseid brechen wird. Er tat das am Sonntag in der ARD-Sendung \u201eCaren Miosga\u201c, in\u2026","rel":"","context":"In &quot;Demokratie \u2013 Medien \u2013 Aufkl\u00e4rung&quot;","block_context":{"text":"Demokratie \u2013 Medien \u2013 Aufkl\u00e4rung","link":"https:\/\/www.freidenker.org\/?cat=12"},"img":{"alt_text":"","src":"https:\/\/i0.wp.com\/www.freidenker.org\/fw17\/wp-content\/uploads\/2025\/04\/Wahlkampf_mit_Friedrich_Merz_in_Erfurt_2024_STP_3071_800x450.jpg?fit=800%2C450&ssl=1&resize=350%2C200","width":350,"height":200,"srcset":"https:\/\/i0.wp.com\/www.freidenker.org\/fw17\/wp-content\/uploads\/2025\/04\/Wahlkampf_mit_Friedrich_Merz_in_Erfurt_2024_STP_3071_800x450.jpg?fit=800%2C450&ssl=1&resize=350%2C200 1x, https:\/\/i0.wp.com\/www.freidenker.org\/fw17\/wp-content\/uploads\/2025\/04\/Wahlkampf_mit_Friedrich_Merz_in_Erfurt_2024_STP_3071_800x450.jpg?fit=800%2C450&ssl=1&resize=525%2C300 1.5x, https:\/\/i0.wp.com\/www.freidenker.org\/fw17\/wp-content\/uploads\/2025\/04\/Wahlkampf_mit_Friedrich_Merz_in_Erfurt_2024_STP_3071_800x450.jpg?fit=800%2C450&ssl=1&resize=700%2C400 2x"},"classes":[]},{"id":22983,"url":"https:\/\/www.freidenker.org\/?p=22983","url_meta":{"origin":22432,"position":1},"title":"Auf dem Weg nach Gleiwitz?","author":"Webredaktion","date":"28. September 2025","format":false,"excerpt":"Politik und Medien im Westen heizen die Kriegshysterie an Kommentar von Tilo Gr\u00e4ser Kann es sein, dass der kollektive Westen,\u00a0ob mit oder ohne US-F\u00fchrung, einen Krieg gegen Russland vorbereitet? Einen Krieg, f\u00fcr den ein Anlass geschaffen wird, wenn es soweit ist, wie einst beispielsweise mit dem Anschlag auf die USS\u2026","rel":"","context":"In &quot;Demokratie \u2013 Medien \u2013 Aufkl\u00e4rung&quot;","block_context":{"text":"Demokratie \u2013 Medien \u2013 Aufkl\u00e4rung","link":"https:\/\/www.freidenker.org\/?cat=12"},"img":{"alt_text":"","src":"https:\/\/i0.wp.com\/www.freidenker.org\/fw17\/wp-content\/uploads\/2025\/09\/Spokojne_miejsce_06_800x450.jpg?fit=800%2C450&ssl=1&resize=350%2C200","width":350,"height":200,"srcset":"https:\/\/i0.wp.com\/www.freidenker.org\/fw17\/wp-content\/uploads\/2025\/09\/Spokojne_miejsce_06_800x450.jpg?fit=800%2C450&ssl=1&resize=350%2C200 1x, https:\/\/i0.wp.com\/www.freidenker.org\/fw17\/wp-content\/uploads\/2025\/09\/Spokojne_miejsce_06_800x450.jpg?fit=800%2C450&ssl=1&resize=525%2C300 1.5x, https:\/\/i0.wp.com\/www.freidenker.org\/fw17\/wp-content\/uploads\/2025\/09\/Spokojne_miejsce_06_800x450.jpg?fit=800%2C450&ssl=1&resize=700%2C400 2x"},"classes":[]},{"id":23856,"url":"https:\/\/www.freidenker.org\/?p=23856","url_meta":{"origin":22432,"position":2},"title":"Kein Frieden f\u00fcr die Ukraine","author":"Webredaktion","date":"12. Dezember 2025","format":false,"excerpt":"Warum Selenskyj, Merz & Co. nicht vom Krieg lassen k\u00f6nnen Ein Kommentar von Tilo Gr\u00e4ser Manches deutet darauf hin, dass der neue Friedensplan von US-Pr\u00e4sident Donald Trump zum Scheitern verurteilt sein k\u00f6nnte. Die Trump-Administration macht Berichten zufolge Druck auf die ukrainische F\u00fchrung, f\u00fcr den Frieden auf verlorenes Territorium zu verzichten.\u2026","rel":"","context":"In &quot;Frieden - Antifaschismus - Solidarit\u00e4t&quot;","block_context":{"text":"Frieden - Antifaschismus - Solidarit\u00e4t","link":"https:\/\/www.freidenker.org\/?cat=13"},"img":{"alt_text":"","src":"https:\/\/i0.wp.com\/www.freidenker.org\/fw17\/wp-content\/uploads\/2025\/12\/Selenskij_Rutte_Costa_von_der_Leyen_2025-12-08_800x450.jpg?fit=800%2C450&ssl=1&resize=350%2C200","width":350,"height":200,"srcset":"https:\/\/i0.wp.com\/www.freidenker.org\/fw17\/wp-content\/uploads\/2025\/12\/Selenskij_Rutte_Costa_von_der_Leyen_2025-12-08_800x450.jpg?fit=800%2C450&ssl=1&resize=350%2C200 1x, https:\/\/i0.wp.com\/www.freidenker.org\/fw17\/wp-content\/uploads\/2025\/12\/Selenskij_Rutte_Costa_von_der_Leyen_2025-12-08_800x450.jpg?fit=800%2C450&ssl=1&resize=525%2C300 1.5x, https:\/\/i0.wp.com\/www.freidenker.org\/fw17\/wp-content\/uploads\/2025\/12\/Selenskij_Rutte_Costa_von_der_Leyen_2025-12-08_800x450.jpg?fit=800%2C450&ssl=1&resize=700%2C400 2x"},"classes":[]},{"id":23613,"url":"https:\/\/www.freidenker.org\/?p=23613","url_meta":{"origin":22432,"position":3},"title":"Plan gegen den Atomkrieg","author":"Webredaktion","date":"21. November 2025","format":false,"excerpt":"US-Analytiker schl\u00e4gt Friedensabkommen mit Putin vor Ein Kommentar von Tilo Gr\u00e4ser. [Es] wird weiter Stimmung gemacht, um einen Krieg gegen Russland zu rechtfertigen. Das geschieht aber nicht nur im Interesse von Selenskyj und Co., sondern auch im Interesse derer in der EU und anderer europ\u00e4ischer Nato-Staaten wie Gro\u00dfbritannien und Norwegen,\u2026","rel":"","context":"In &quot;Frieden - Antifaschismus - Solidarit\u00e4t&quot;","block_context":{"text":"Frieden - Antifaschismus - Solidarit\u00e4t","link":"https:\/\/www.freidenker.org\/?cat=13"},"img":{"alt_text":"","src":"https:\/\/i0.wp.com\/www.freidenker.org\/fw17\/wp-content\/uploads\/2025\/11\/nuclear-explosion-8787177_800x450.jpg?fit=800%2C450&ssl=1&resize=350%2C200","width":350,"height":200,"srcset":"https:\/\/i0.wp.com\/www.freidenker.org\/fw17\/wp-content\/uploads\/2025\/11\/nuclear-explosion-8787177_800x450.jpg?fit=800%2C450&ssl=1&resize=350%2C200 1x, https:\/\/i0.wp.com\/www.freidenker.org\/fw17\/wp-content\/uploads\/2025\/11\/nuclear-explosion-8787177_800x450.jpg?fit=800%2C450&ssl=1&resize=525%2C300 1.5x, https:\/\/i0.wp.com\/www.freidenker.org\/fw17\/wp-content\/uploads\/2025\/11\/nuclear-explosion-8787177_800x450.jpg?fit=800%2C450&ssl=1&resize=700%2C400 2x"},"classes":[]},{"id":22594,"url":"https:\/\/www.freidenker.org\/?p=22594","url_meta":{"origin":22432,"position":4},"title":"Ein gef\u00e4hrlicher Traum und ein Weckruf","author":"Webredaktion","date":"11. August 2025","format":false,"excerpt":"Eine EU-Denkfabrik will wie einst die USA im Kalten Krieg den Kreml \u201eentmachten\u201c Ein Kommentar von Tilo Gr\u00e4ser Das US-Au\u00dfenministerium, das State Department, \u201eist zu dem Schluss gelangt, dass das Einzige, was wir tun k\u00f6nnen, darin besteht, Russland \u201ain seine Schranken zu verweisen\u2018, bis Russland sich \u00e4ndert, nicht mehr unser\u2026","rel":"","context":"In &quot;Demokratie \u2013 Medien \u2013 Aufkl\u00e4rung&quot;","block_context":{"text":"Demokratie \u2013 Medien \u2013 Aufkl\u00e4rung","link":"https:\/\/www.freidenker.org\/?cat=12"},"img":{"alt_text":"","src":"https:\/\/i0.wp.com\/www.freidenker.org\/fw17\/wp-content\/uploads\/2025\/08\/russland-farben-wellenbanner_cc-by-20_800x450.jpg?fit=800%2C450&ssl=1&resize=350%2C200","width":350,"height":200,"srcset":"https:\/\/i0.wp.com\/www.freidenker.org\/fw17\/wp-content\/uploads\/2025\/08\/russland-farben-wellenbanner_cc-by-20_800x450.jpg?fit=800%2C450&ssl=1&resize=350%2C200 1x, https:\/\/i0.wp.com\/www.freidenker.org\/fw17\/wp-content\/uploads\/2025\/08\/russland-farben-wellenbanner_cc-by-20_800x450.jpg?fit=800%2C450&ssl=1&resize=525%2C300 1.5x, https:\/\/i0.wp.com\/www.freidenker.org\/fw17\/wp-content\/uploads\/2025\/08\/russland-farben-wellenbanner_cc-by-20_800x450.jpg?fit=800%2C450&ssl=1&resize=700%2C400 2x"},"classes":[]},{"id":24554,"url":"https:\/\/www.freidenker.org\/?p=24554","url_meta":{"origin":22432,"position":5},"title":"Ukraine-Krieg: Ausbleibender Frieden und Deutschlands Mitverantwortung","author":"Webredaktion","date":"9. M\u00e4rz 2026","format":false,"excerpt":"Kommentar von Tilo Gr\u00e4ser Am 24. Februar j\u00e4hrte sich zum vierten Mal der Einmarsch der russischen Armee mit sch\u00e4tzungsweise 150.000 Mann ins Nachbarland Ukraine. Aus dem jahrelangen Konflikt in und um das Land wurde ein Krieg, bei dem inzwischen beide Seiten mehrere Hunderttausend Soldaten einsetzen sowie viele ihr Leben lie\u00dfen.\u2026","rel":"","context":"In &quot;Frieden - Antifaschismus - Solidarit\u00e4t&quot;","block_context":{"text":"Frieden - Antifaschismus - Solidarit\u00e4t","link":"https:\/\/www.freidenker.org\/?cat=13"},"img":{"alt_text":"","src":"https:\/\/i0.wp.com\/www.freidenker.org\/fw17\/wp-content\/uploads\/2026\/03\/Soldier_of_the_Ukrainian_800x450.jpg?fit=800%2C450&ssl=1&resize=350%2C200","width":350,"height":200,"srcset":"https:\/\/i0.wp.com\/www.freidenker.org\/fw17\/wp-content\/uploads\/2026\/03\/Soldier_of_the_Ukrainian_800x450.jpg?fit=800%2C450&ssl=1&resize=350%2C200 1x, https:\/\/i0.wp.com\/www.freidenker.org\/fw17\/wp-content\/uploads\/2026\/03\/Soldier_of_the_Ukrainian_800x450.jpg?fit=800%2C450&ssl=1&resize=525%2C300 1.5x, https:\/\/i0.wp.com\/www.freidenker.org\/fw17\/wp-content\/uploads\/2026\/03\/Soldier_of_the_Ukrainian_800x450.jpg?fit=800%2C450&ssl=1&resize=700%2C400 2x"},"classes":[]}],"_links":{"self":[{"href":"https:\/\/www.freidenker.org\/index.php?rest_route=\/wp\/v2\/posts\/22432","targetHints":{"allow":["GET"]}}],"collection":[{"href":"https:\/\/www.freidenker.org\/index.php?rest_route=\/wp\/v2\/posts"}],"about":[{"href":"https:\/\/www.freidenker.org\/index.php?rest_route=\/wp\/v2\/types\/post"}],"author":[{"embeddable":true,"href":"https:\/\/www.freidenker.org\/index.php?rest_route=\/wp\/v2\/users\/3"}],"replies":[{"embeddable":true,"href":"https:\/\/www.freidenker.org\/index.php?rest_route=%2Fwp%2Fv2%2Fcomments&post=22432"}],"version-history":[{"count":4,"href":"https:\/\/www.freidenker.org\/index.php?rest_route=\/wp\/v2\/posts\/22432\/revisions"}],"predecessor-version":[{"id":22445,"href":"https:\/\/www.freidenker.org\/index.php?rest_route=\/wp\/v2\/posts\/22432\/revisions\/22445"}],"wp:featuredmedia":[{"embeddable":true,"href":"https:\/\/www.freidenker.org\/index.php?rest_route=\/wp\/v2\/media\/22442"}],"wp:attachment":[{"href":"https:\/\/www.freidenker.org\/index.php?rest_route=%2Fwp%2Fv2%2Fmedia&parent=22432"}],"wp:term":[{"taxonomy":"category","embeddable":true,"href":"https:\/\/www.freidenker.org\/index.php?rest_route=%2Fwp%2Fv2%2Fcategories&post=22432"},{"taxonomy":"post_tag","embeddable":true,"href":"https:\/\/www.freidenker.org\/index.php?rest_route=%2Fwp%2Fv2%2Ftags&post=22432"}],"curies":[{"name":"wp","href":"https:\/\/api.w.org\/{rel}","templated":true}]}}