{"id":22428,"date":"2025-07-25T03:43:30","date_gmt":"2025-07-25T01:43:30","guid":{"rendered":"https:\/\/www.freidenker.org\/?p=22428"},"modified":"2025-08-26T03:19:51","modified_gmt":"2025-08-26T01:19:51","slug":"wie-pistorius-den-deutschen-ein-fadenkreuz-auf-die-stirn-malt","status":"publish","type":"post","link":"https:\/\/www.freidenker.org\/?p=22428","title":{"rendered":"Wie Pistorius den Deutschen ein Fadenkreuz auf die Stirn malt"},"content":{"rendered":"<p><strong>Ja, es geht immer noch ein wenig schlimmer. Die nun durch einen &#8222;Letter of Request&#8220; formalisierten Raketenpl\u00e4ne von Boris Pistorius sind dabei keine Ausnahme. Er will die Politiker der 1980er \u00fcbertreffen, die Deutschland damals die Pershing einbrockten. <\/strong><\/p>\n<p><em>Von <strong>Dagmar Henn<\/strong><\/em><\/p>\n<p><span style=\"font-size: 10pt;\">Erstver\u00f6ffentlichung am 22.07.2025 auf <a href=\"https:\/\/freedert.online\/meinung\/251340-wie-pistorius-den-deutschen-ein-fadenkreuz-auf-die-stirn-malt\/\" target=\"_blank\" rel=\"noopener\">RT DE<\/a><\/span><\/p>\n<div class=\"EmbedBlock-root EmbedBlock-all\">\n<div class=\"AllEmbed\"><iframe loading=\"lazy\" title=\"Wie Pistorius den Deutschen ein Fadenkreuz auf die Stirn malt\" src=\"https:\/\/www.podbean.com\/player-v2\/?i=fex8a-1913b93-pb&amp;from=pb6admin&amp;share=1&amp;download=1&amp;rtl=0&amp;fonts=Arial&amp;skin=f6f6f6&amp;font-color=auto&amp;logo_link=episode_page&amp;btn-skin=7\" width=\"100%\" height=\"150\" scrolling=\"no\" allowfullscreen=\"allowfullscreen\" data-name=\"pb-iframe-player\" data-mce-fragment=\"1\"><\/iframe><\/div>\n<\/div>\n<p>Beinahe 45\u00a0Jahre nach dem Krefelder Appell sorgt Verteidigungsminister Boris Pistorius daf\u00fcr, dieselbe Situation, gegen die sich damals die gr\u00f6\u00dfte Friedensbewegung in der bundesdeutschen Nachkriegsgeschichte entwickelte, noch einmal nachzustellen\u00a0\u2013 nur noch ein wenig schlimmer.<\/p>\n<p>Damals ging es in der Auseinandersetzung um den sogenannten NATO-Doppelbeschluss um die Stationierung US-amerikanischer Pershing-Raketen auf deutschem Boden. Diese Raketen mit einer Reichweite von bis zu 1.770\u00a0Kilometern waren atomwaffenf\u00e4hig. Dies sei ein Einstieg in einen R\u00fcstungswettlauf in Europa, hie\u00df es damals; und, das war damals vielen klar, eine weitere Erh\u00f6hung des Risikos, dass Deutschland im Falle eines Konflikts zwischen NATO und Warschauer Vertrag zum Schlachtfeld w\u00fcrde. Den Protesten gelang es trotz ihrer Gr\u00f6\u00dfe (mit \u00fcber 500.000 Demonstranten im Bonner Hofgarten 1981) nicht, die bundesdeutschen Politiker davon abzubringen, diese Raketenstationierung zuzulassen. Aber der INF-Vertrag, der 1988 abgeschlossen wurde, sorgte daf\u00fcr, dass die Pershings wieder verschwanden.<\/p>\n<p>Im Sommer vergangenen Jahres beschloss dann die Biden-Regierung, erneut US-Mittelstreckenraketen in Deutschland zu stationieren; diesmal Tomahawk-Lenkraketen mit einer Reichweite bis zu 2.500\u00a0Kilometern. Tats\u00e4chlich sind die Tomahawk, die 1983 in Dienst gestellt wurden, nur ein Jahrzehnt &#8222;j\u00fcnger&#8220; als die Pershing-Raketen, um die es damals ging; aber sie liefern genau die zus\u00e4tzliche Reichweite, um von Deutschland aus russisches Gebiet erreichen zu k\u00f6nnen. Eigentlich handelt es sich hier um Schiffsraketen, die als Tr\u00e4ger f\u00fcr Atomwaffen vor allem auf U-Booten eingesetzt wurden. Seit sich die USA in der ersten Amtszeit von US-Pr\u00e4sident Donald Trump vom INF-Vertrag zur\u00fcckzogen, laufen Arbeiten an einer bodengest\u00fctzten Version der Tomahawk. Das, was die Biden-Regierung ab Sommer\u00a02026 in Deutschland stationieren wollte, waren Tomahawks mit einem mobilen landgest\u00fctzten Feuersystem namens Typhon, das sich noch in der Erprobungsphase befindet.<\/p>\n<p>Schlimm genug, k\u00f6nnte man sagen, denn jeder Ort, an dem derartige Waffen stationiert sind, wird gleichzeitig zum Ziel. Nicht, dass man derzeit von deutschen Politikern erwarten k\u00f6nnte, auch nur einen Finger zu regen, um daf\u00fcr zu sorgen, dass Deutschland nicht durch die US-Truppen zumindest alle negativen Folgen atomarer Bewaffnung zu tragen hat. Nein, Pistorius will dieses Problem auch noch freiwillig verschlimmern und hat inzwischen eine offizielle Anfrage an die US-Regierung geschickt, um Typhons samt Tomahawks auch f\u00fcr die Bundeswehr geliefert zu bekommen. &#8222;Deutschland kann damit seine eigene Verteidigungsf\u00e4higkeit steigern und seine Abschreckungsf\u00e4higkeit deutlich verbessern&#8220;, <a href=\"https:\/\/www.fr.de\/politik\/ukraine-krieg-tomahawk-pistorius-spd-patriot-bundeswehr-nato-putin-usa-trump-93845611.html\" target=\"_blank\" rel=\"noopener noreferrer\">t\u00f6nte<\/a> er.<\/p>\n<p>Was allein schon schlimm genug w\u00e4re, weil sich darin der offensichtlich tief verankerte Wunsch manifestiert, endlich mal wieder auf Moskau schie\u00dfen zu k\u00f6nnen. Richtig \u00fcbel wird das allerdings im Zusammenhang mit den geplanten Stationierungen, und es ist nicht klar, ob das der Dummheit Pistorius&#8216; geschuldet ist oder ob sich dahinter ein ebenso gro\u00dfer Deutschen- wie Russenhass verbirgt. Denn jedem, der eins und eins zusammenz\u00e4hlen kann, ist klar, dass von deutschen Typhon abgefeuerte Tomahawk-Raketen eine nukleare Antwort Russlands erzwingen, solange nicht absolut (n\u00e4mlich durch Nichtstationierung) ausgeschlossen ist, dass es sich dabei um US-Tomahawks mit atomaren Sprengk\u00f6pfen handeln k\u00f6nnte.<\/p>\n<p>Warum? Das Typhon-Abschusssystem ist mobil, weshalb der Startpunkt einer solchen Rakete nicht verr\u00e4t, wer sie abgefeuert hat. Sie ist durch ihre Reichweite und ihre Fluggeschwindigkeit durchaus identifizierbar; was bedeutet, sobald sie sich im Anflug auf Russland bef\u00e4nde, tr\u00e4ten dort die nuklearen Abwehrpl\u00e4ne in Kraft\u00a0\u2013 eine atomare Antwort an den Absender dieser Raketen eingeschlossen. Keine Atommacht der Welt w\u00fcrde erst einmal in Ruhe abwarten, ob es sich vielleicht doch um eine konventionell best\u00fcckte Tomahawk der Bundeswehr handelt, wenn auch nur das geringste Risiko besteht, dass es eine nuklear best\u00fcckte der US-Amerikaner ist. Die Antwort erfolgt, ehe das Ziel auch nur erreicht ist.<\/p>\n<p>Selbst die <em>Frankfurter Rundschau<\/em> schrieb in diesem Zusammenhang: &#8222;Mit dem Kauf von Tomahawk-Raketen und dem dazu geh\u00f6renden Abschusssystem gr\u00e4bt die Bundesregierung das Kriegsbeil aus.&#8220; Mal abgesehen davon, dass die deutsche Neigung derzeit weniger in Richtung Kriegsbeil als in Richtung Bumerang geht\u00a0\u2013 man h\u00e4tte sich kaum vorstellen k\u00f6nnen, dass jemand auf die Gefahr, die schon von der Stationierung der Tomahawks durch die USA ausgeht, noch einen draufsetzen k\u00f6nnte.<\/p>\n<p>Selbst wenn das Hauptmotiv f\u00fcr diesen irrwitzigen Schritt Pistorius&#8216; nur die Tatsache sein sollte, dass die Tomahawk in gr\u00f6\u00dferen Mengen bereits vorhanden sind und damit zumindest zum Schein das Problem der industriellen Kapazit\u00e4ten zu umgehen ist\u00a0\u2013 zu glauben, das Ergebnis sei &#8222;Abschreckung&#8220;, ist wahnhaft. Denn zum einen ist dieser Marschflugk\u00f6rper mit \u00fcber 40\u00a0Jahren alt genug, dass er gut bekannt sein d\u00fcrfte und mit hoher Wahrscheinlichkeit von der russischen Luftabwehr abgefangen w\u00fcrde. Diese wurde schlie\u00dflich schon lange auch mit Blick auf diese Raketen entwickelt, die immerhin ein entscheidender Teil der nuklearen Triade der USA sind. Und zum anderen hat Russland genug konventionelle Kapazit\u00e4ten, um nicht in Bedr\u00e4ngnis zu geraten.<\/p>\n<p>Sollte Pistorius glauben, gerade dass die USA dieselben Abschussrampen und Marschflugk\u00f6rper f\u00fcr Atomsprengk\u00f6pfe in Deutschland stationieren wollen, w\u00fcrde eine zus\u00e4tzliche &#8222;Abschreckung&#8220; generieren, dann t\u00e4uscht er sich jedenfalls gewaltig. Denn das ist keine &#8222;strategische Ambiguit\u00e4t&#8220;, wie die Westeurop\u00e4er es derzeit gerne nennen, wenn sie besonderen Unfug anstellen. Das ist nichts anderes, als jedem Deutschen ein dickes, fettes Fadenkreuz auf die Stirn zu malen.<\/p>\n<p>Und das Schlimmste daran: Wenn die Bev\u00f6lkerung auch das widerstandslos hinnimmt, hat sie es sich selbst eingebrockt.<\/p>\n<p style=\"text-align: right;\"><em>Dagmar Henn ist Mitglied des Deutschen Freidenker-Verbandes<\/em><\/p>\n<hr \/>\n<p><span style=\"font-size: 10pt;\">Bild oben: Symbolbild, KI-generiert via <a href=\"https:\/\/ki-bild-erstellen.de\/app\/ki-bilder\/\" target=\"_blank\" rel=\"noopener\">ki-bild-erstellen.de<\/a><\/span><\/p>\n","protected":false},"excerpt":{"rendered":"<p><b>Beitrag von Dagmar Henn<\/b><br \/>\nBeinahe 45\u00a0Jahre nach dem Krefelder Appell sorgt Verteidigungsminister Boris Pistorius daf\u00fcr, dieselbe Situation, gegen die sich damals die gr\u00f6\u00dfte Friedensbewegung in der bundesdeutschen Nachkriegsgeschichte entwickelte, noch einmal nachzustellen\u00a0\u2013 nur noch ein wenig schlimmer. Damals ging es in der Auseinandersetzung um den sogenannten NATO-Doppelbeschluss um die Stationierung US-amerikanischer Pershing-Raketen auf deutschem Boden. Diese Raketen mit einer Reichweite von bis zu 1.770\u00a0Kilometern waren atomwaffenf\u00e4hig. Dies sei ein Einstieg in einen R\u00fcstungswettlauf in Europa, hie\u00df es damals; und, das war damals vielen klar, eine weitere Erh\u00f6hung des Risikos, dass Deutschland im Falle eines Konflikts zwischen NATO und Warschauer Vertrag zum Schlachtfeld w\u00fcrde. <\/p>\n","protected":false},"author":3,"featured_media":22439,"comment_status":"closed","ping_status":"closed","sticky":false,"template":"","format":"standard","meta":{"colormag_page_container_layout":"default_layout","colormag_page_sidebar_layout":"default_layout","advanced_seo_description":"","jetpack_seo_html_title":"","jetpack_seo_noindex":false,"jetpack_post_was_ever_published":false,"footnotes":""},"categories":[12],"tags":[2100,1061,1097,1819,2293,56,1990,2291,2264,222,185],"class_list":["post-22428","post","type-post","status-publish","format-standard","has-post-thumbnail","hentry","category-demokratie-medien-aufklaerung","tag-abschreckung","tag-atomwaffen","tag-inf-vertrag","tag-marschflugkoerper","tag-mittelstreckenraketen","tag-nato","tag-pershing-ii","tag-pistorius","tag-raketenstationierung","tag-russland","tag-usa"],"jetpack_featured_media_url":"https:\/\/i0.wp.com\/www.freidenker.org\/fw17\/wp-content\/uploads\/2025\/07\/Zielscheibe_KI_800x450.jpg?fit=800%2C450&ssl=1","jetpack_shortlink":"https:\/\/wp.me\/p9stpK-5PK","jetpack-related-posts":[{"id":21055,"url":"https:\/\/www.freidenker.org\/?p=21055","url_meta":{"origin":22428,"position":0},"title":"Das Ergebnis der Bundestagswahl: Mit Volldampf gegen den Eisberg","author":"Webredaktion","date":"1. M\u00e4rz 2025","format":false,"excerpt":"Beitrag von Dagmar Henn Letztendlich waren es nur 13.000 Stimmen, die eine Lage geschaffen haben, die das politische System Deutschlands vorerst vor tieferen Ersch\u00fctterungen bewahrt. Nur das politische System \u2012 f\u00fcr das Land bedeutet dieses Ergebnis das genaue Gegenteil. Dass das BSW den Einzug in den Bundestag nicht geschafft hat,\u2026","rel":"","context":"In &quot;Demokratie \u2013 Medien \u2013 Aufkl\u00e4rung&quot;","block_context":{"text":"Demokratie \u2013 Medien \u2013 Aufkl\u00e4rung","link":"https:\/\/www.freidenker.org\/?cat=12"},"img":{"alt_text":"","src":"https:\/\/i0.wp.com\/www.freidenker.org\/fw17\/wp-content\/uploads\/2025\/03\/glacier-1838363_800x450.jpg?fit=800%2C450&ssl=1&resize=350%2C200","width":350,"height":200,"srcset":"https:\/\/i0.wp.com\/www.freidenker.org\/fw17\/wp-content\/uploads\/2025\/03\/glacier-1838363_800x450.jpg?fit=800%2C450&ssl=1&resize=350%2C200 1x, https:\/\/i0.wp.com\/www.freidenker.org\/fw17\/wp-content\/uploads\/2025\/03\/glacier-1838363_800x450.jpg?fit=800%2C450&ssl=1&resize=525%2C300 1.5x, https:\/\/i0.wp.com\/www.freidenker.org\/fw17\/wp-content\/uploads\/2025\/03\/glacier-1838363_800x450.jpg?fit=800%2C450&ssl=1&resize=700%2C400 2x"},"classes":[]},{"id":20558,"url":"https:\/\/www.freidenker.org\/?p=20558","url_meta":{"origin":22428,"position":1},"title":"Deutschlands &#8222;kriegst\u00fcchtige Zukunft&#8220; dank des unerm\u00fcdlichen Herrn Pistorius","author":"Webredaktion","date":"24. Dezember 2024","format":false,"excerpt":"Beitrag von Rainer Rupp Boris Pistorius will uns alle an eine angeblich permanente Kriegsgefahr gew\u00f6hnen, nicht nur in Europa, sondern weltweit. In einer Episode des TV-Stra\u00dfenfegers \"Berlin direkt\" hat der \"Liebling\" der Deutschen unl\u00e4ngst sein Volk wissen lassen, dass er von ihm \"dringend\" mehr Kriegsgeilheit erwartet. Nat\u00fcrlich hat er\u00a0das vornehmer\u2026","rel":"","context":"In &quot;Demokratie \u2013 Medien \u2013 Aufkl\u00e4rung&quot;","block_context":{"text":"Demokratie \u2013 Medien \u2013 Aufkl\u00e4rung","link":"https:\/\/www.freidenker.org\/?cat=12"},"img":{"alt_text":"","src":"https:\/\/i0.wp.com\/www.freidenker.org\/fw17\/wp-content\/uploads\/2024\/12\/Pistorius_240509-D-XI929-1009_800x450.jpg?fit=800%2C450&ssl=1&resize=350%2C200","width":350,"height":200,"srcset":"https:\/\/i0.wp.com\/www.freidenker.org\/fw17\/wp-content\/uploads\/2024\/12\/Pistorius_240509-D-XI929-1009_800x450.jpg?fit=800%2C450&ssl=1&resize=350%2C200 1x, https:\/\/i0.wp.com\/www.freidenker.org\/fw17\/wp-content\/uploads\/2024\/12\/Pistorius_240509-D-XI929-1009_800x450.jpg?fit=800%2C450&ssl=1&resize=525%2C300 1.5x, https:\/\/i0.wp.com\/www.freidenker.org\/fw17\/wp-content\/uploads\/2024\/12\/Pistorius_240509-D-XI929-1009_800x450.jpg?fit=800%2C450&ssl=1&resize=700%2C400 2x"},"classes":[]},{"id":16828,"url":"https:\/\/www.freidenker.org\/?p=16828","url_meta":{"origin":22428,"position":2},"title":"Taurus, Kiew und deutsche Illusionen","author":"Webredaktion","date":"17. August 2023","format":false,"excerpt":"Beitrag von Dagmar Henn Die SPD wird gerade \u00f6ffentlich weich gekocht, was die Lieferung von deutschen Taurus-Marschflugk\u00f6rpern betrifft. Die Welt\u00a0berichtete im Jubelton: \"Front in SPD gegen Lieferung von Taurus-Marschflugk\u00f6rpern br\u00f6ckelt.\" Politiker aus CDU, FDP und den Gr\u00fcnen sind bereits daf\u00fcr. Aber nicht einmal Verteidigungsminister Boris Pistorius ist wirklich dagegen, er\u2026","rel":"","context":"In &quot;Demokratie \u2013 Medien \u2013 Aufkl\u00e4rung&quot;","block_context":{"text":"Demokratie \u2013 Medien \u2013 Aufkl\u00e4rung","link":"https:\/\/www.freidenker.org\/?cat=12"},"img":{"alt_text":"","src":"https:\/\/i0.wp.com\/www.freidenker.org\/fw17\/wp-content\/uploads\/2023\/08\/Taurus_KEPD_350_800x450.jpg?fit=800%2C450&ssl=1&resize=350%2C200","width":350,"height":200,"srcset":"https:\/\/i0.wp.com\/www.freidenker.org\/fw17\/wp-content\/uploads\/2023\/08\/Taurus_KEPD_350_800x450.jpg?fit=800%2C450&ssl=1&resize=350%2C200 1x, https:\/\/i0.wp.com\/www.freidenker.org\/fw17\/wp-content\/uploads\/2023\/08\/Taurus_KEPD_350_800x450.jpg?fit=800%2C450&ssl=1&resize=525%2C300 1.5x, https:\/\/i0.wp.com\/www.freidenker.org\/fw17\/wp-content\/uploads\/2023\/08\/Taurus_KEPD_350_800x450.jpg?fit=800%2C450&ssl=1&resize=700%2C400 2x"},"classes":[]},{"id":19584,"url":"https:\/\/www.freidenker.org\/?p=19584","url_meta":{"origin":22428,"position":3},"title":"Wie man nicht f\u00fcr den Frieden mobilisiert","author":"Webredaktion","date":"28. Juli 2024","format":false,"excerpt":"Beitrag von Dagmar Henn Am 3. Oktober soll es eine gro\u00dfe Friedensdemonstration in Berlin geben. Nach dem Beschluss zur Raketenstationierung, der sehr an den \"Nachr\u00fcstungsbeschluss\" von 1979 erinnert, ist das dringend geboten. Aber schon im Aufruf wird das Potential zerredet. Es gibt immer wieder Situationen, die wie Wiederholungen von Momenten\u2026","rel":"","context":"In &quot;Frieden - Antifaschismus - Solidarit\u00e4t&quot;","block_context":{"text":"Frieden - Antifaschismus - Solidarit\u00e4t","link":"https:\/\/www.freidenker.org\/?cat=13"},"img":{"alt_text":"","src":"https:\/\/i0.wp.com\/www.freidenker.org\/fw17\/wp-content\/uploads\/2024\/07\/Koeln_Rudolfplatz_2024-02-24-1-0621_800x450.jpg?fit=800%2C450&ssl=1&resize=350%2C200","width":350,"height":200,"srcset":"https:\/\/i0.wp.com\/www.freidenker.org\/fw17\/wp-content\/uploads\/2024\/07\/Koeln_Rudolfplatz_2024-02-24-1-0621_800x450.jpg?fit=800%2C450&ssl=1&resize=350%2C200 1x, https:\/\/i0.wp.com\/www.freidenker.org\/fw17\/wp-content\/uploads\/2024\/07\/Koeln_Rudolfplatz_2024-02-24-1-0621_800x450.jpg?fit=800%2C450&ssl=1&resize=525%2C300 1.5x, https:\/\/i0.wp.com\/www.freidenker.org\/fw17\/wp-content\/uploads\/2024\/07\/Koeln_Rudolfplatz_2024-02-24-1-0621_800x450.jpg?fit=800%2C450&ssl=1&resize=700%2C400 2x"},"classes":[]},{"id":11239,"url":"https:\/\/www.freidenker.org\/?p=11239","url_meta":{"origin":22428,"position":4},"title":"Gendersprache: Placebo oder Kollaboration?","author":"Webredaktion","date":"24. September 2021","format":false,"excerpt":"Beitrag von Dagmar Henn Ich war dabei, als die ganze Sache losging. Mitte der 1980er, also vor bald vierzig Jahren, war das ein Thema in Frauenzentren und unter Feministinnen, das Auftauchen oder Nichtauftauchen von Frauen in der Sprache. Damals gab es einige Sprachwissenschaftlerinnen, die zu dem Thema forschten, und reihenweise\u2026","rel":"","context":"In &quot;Arbeit &amp; Soziales&quot;","block_context":{"text":"Arbeit &amp; Soziales","link":"https:\/\/www.freidenker.org\/?cat=11"},"img":{"alt_text":"","src":"https:\/\/i0.wp.com\/www.freidenker.org\/fw17\/wp-content\/uploads\/2021\/09\/Radfahrer-innen_absteigen_800x450.jpg?fit=800%2C450&ssl=1&resize=350%2C200","width":350,"height":200,"srcset":"https:\/\/i0.wp.com\/www.freidenker.org\/fw17\/wp-content\/uploads\/2021\/09\/Radfahrer-innen_absteigen_800x450.jpg?fit=800%2C450&ssl=1&resize=350%2C200 1x, https:\/\/i0.wp.com\/www.freidenker.org\/fw17\/wp-content\/uploads\/2021\/09\/Radfahrer-innen_absteigen_800x450.jpg?fit=800%2C450&ssl=1&resize=525%2C300 1.5x, https:\/\/i0.wp.com\/www.freidenker.org\/fw17\/wp-content\/uploads\/2021\/09\/Radfahrer-innen_absteigen_800x450.jpg?fit=800%2C450&ssl=1&resize=700%2C400 2x"},"classes":[]},{"id":13916,"url":"https:\/\/www.freidenker.org\/?p=13916","url_meta":{"origin":22428,"position":5},"title":"Zwei Gr\u00fcne auf dem Kriegspfad \u2013 nach innen wie nach au\u00dfen","author":"Webredaktion","date":"5. August 2022","format":false,"excerpt":"Beitrag von Dagmar Henn Dass die Gr\u00fcnen heute die Einpeitscher sind, ist nicht \u00fcberraschend. Sie waren schon 2014 diejenigen, die sich am innigsten mit den ukrainischen Bandera-Anh\u00e4ngern verbr\u00fcderten. Ich erinnere mich noch an eine Videoaufnahme, 2014 war das, aber nach Odessa, als Rebecca Harms, damals Europaabgeordnete der Gr\u00fcnen, irgendwo in\u2026","rel":"","context":"In &quot;Demokratie \u2013 Medien \u2013 Aufkl\u00e4rung&quot;","block_context":{"text":"Demokratie \u2013 Medien \u2013 Aufkl\u00e4rung","link":"https:\/\/www.freidenker.org\/?cat=12"},"img":{"alt_text":"","src":"https:\/\/i0.wp.com\/www.freidenker.org\/fw17\/wp-content\/uploads\/2022\/08\/Baerbock_Habeck_800x450.jpg?fit=800%2C450&ssl=1&resize=350%2C200","width":350,"height":200,"srcset":"https:\/\/i0.wp.com\/www.freidenker.org\/fw17\/wp-content\/uploads\/2022\/08\/Baerbock_Habeck_800x450.jpg?fit=800%2C450&ssl=1&resize=350%2C200 1x, https:\/\/i0.wp.com\/www.freidenker.org\/fw17\/wp-content\/uploads\/2022\/08\/Baerbock_Habeck_800x450.jpg?fit=800%2C450&ssl=1&resize=525%2C300 1.5x, https:\/\/i0.wp.com\/www.freidenker.org\/fw17\/wp-content\/uploads\/2022\/08\/Baerbock_Habeck_800x450.jpg?fit=800%2C450&ssl=1&resize=700%2C400 2x"},"classes":[]}],"_links":{"self":[{"href":"https:\/\/www.freidenker.org\/index.php?rest_route=\/wp\/v2\/posts\/22428","targetHints":{"allow":["GET"]}}],"collection":[{"href":"https:\/\/www.freidenker.org\/index.php?rest_route=\/wp\/v2\/posts"}],"about":[{"href":"https:\/\/www.freidenker.org\/index.php?rest_route=\/wp\/v2\/types\/post"}],"author":[{"embeddable":true,"href":"https:\/\/www.freidenker.org\/index.php?rest_route=\/wp\/v2\/users\/3"}],"replies":[{"embeddable":true,"href":"https:\/\/www.freidenker.org\/index.php?rest_route=%2Fwp%2Fv2%2Fcomments&post=22428"}],"version-history":[{"count":3,"href":"https:\/\/www.freidenker.org\/index.php?rest_route=\/wp\/v2\/posts\/22428\/revisions"}],"predecessor-version":[{"id":22449,"href":"https:\/\/www.freidenker.org\/index.php?rest_route=\/wp\/v2\/posts\/22428\/revisions\/22449"}],"wp:featuredmedia":[{"embeddable":true,"href":"https:\/\/www.freidenker.org\/index.php?rest_route=\/wp\/v2\/media\/22439"}],"wp:attachment":[{"href":"https:\/\/www.freidenker.org\/index.php?rest_route=%2Fwp%2Fv2%2Fmedia&parent=22428"}],"wp:term":[{"taxonomy":"category","embeddable":true,"href":"https:\/\/www.freidenker.org\/index.php?rest_route=%2Fwp%2Fv2%2Fcategories&post=22428"},{"taxonomy":"post_tag","embeddable":true,"href":"https:\/\/www.freidenker.org\/index.php?rest_route=%2Fwp%2Fv2%2Ftags&post=22428"}],"curies":[{"name":"wp","href":"https:\/\/api.w.org\/{rel}","templated":true}]}}