{"id":22404,"date":"2025-07-17T01:25:57","date_gmt":"2025-07-16T23:25:57","guid":{"rendered":"https:\/\/www.freidenker.org\/?p=22404"},"modified":"2025-08-26T03:18:51","modified_gmt":"2025-08-26T01:18:51","slug":"vor-zwei-buechern-darf-nicht-gewarnt-werden-aber-eine-schwalbe-macht-noch-keinen-sommer","status":"publish","type":"post","link":"https:\/\/www.freidenker.org\/?p=22404","title":{"rendered":"Vor zwei B\u00fcchern darf nicht gewarnt werden \u2013 aber eine Schwalbe macht noch keinen Sommer"},"content":{"rendered":"<p><strong>Das Oberverwaltungsgericht M\u00fcnster hat es der dortigen Stadtb\u00fccherei untersagt, B\u00fccher mit einer Kennzeichnung als &#8222;umstritten&#8220; zu versehen. Zwischen all den absurden Zensururteilen eine erfreuliche Ausnahme, sollte man denken. Aber eine Schwalbe \u2026 <\/strong><\/p>\n<p><em>Von <strong>Dagmar Henn<\/strong><\/em><\/p>\n<p><span style=\"font-size: 10pt;\">Erstver\u00f6ffentlichung am 12.07.2025 auf <a href=\"https:\/\/freedert.online\/meinung\/250256-vor-zwei-buechern-darf-nicht\/\" target=\"_blank\" rel=\"noopener\">RT DE<\/a><\/span><\/p>\n<p>Na, wenigstens etwas \u2013 das Oberverwaltungsgericht M\u00fcnster hat entschieden, dass die M\u00fcnsteraner Stadtb\u00fccherei B\u00fccher nicht mehr mit Warnhinweisen versehen darf. Die Stadtb\u00fccherei, die sich selbst mit &#8222;wir sind eine der besten Bibliotheken in Deutschland&#8220; anpreist, hatte unter anderem ein Buch des ehemaligen Schweizer Nachrichtendienstlers Jacques Baud \u00fcber die Hintergr\u00fcnde des Ukraine-Kriegs mit einem Warnhinweis versehen:<\/p>\n<p style=\"padding-left: 40px;\"><em>&#8222;Dies ist ein Werk mit umstrittenem Inhalt. Dieses Exemplar wird aufgrund der Zensur-, Meinungs- und Informationsfreiheit zur Verf\u00fcgung gestellt.&#8220;<\/em><\/p>\n<p>Ein weiteres Buch, das auf diese Weise verziert wurde, war &#8222;2024\u00a0\u2013 Das andere Jahrbuch: verheimlicht, vertuscht, vergessen&#8220; von Gerhard Wisnewski. Eine Buchreihe, die seit 18 Jahren im Kopp-Verlag erscheint. Wisnewski hatte auf die Entfernung dieses Hinweises geklagt, war in der ersten Instanz unterlegen, bekam aber nun Recht vor dem Oberverwaltungsgericht.<\/p>\n<p>Man k\u00f6nnte versucht sein, zu sagen: Egal, wenn in einer Kleinstadt wie M\u00fcnster die Bibliothekare spinnen, es ist ja immerhin gut ausgegangen. Schlie\u00dflich hat das OVG eindeutig und endg\u00fcltig <a href=\"https:\/\/www.ovg.nrw.de\/behoerde\/presse\/pressemitteilungen\/31_250708\/index.php\" target=\"_blank\" rel=\"noopener noreferrer\">klargestellt<\/a>, dass diese Art der &#8222;Einordnung&#8220; nicht geht. So die Zusammenfassung der Begr\u00fcndung durch die Pressestelle des OVG M\u00fcnster:<\/p>\n<p style=\"padding-left: 40px;\"><em>&#8222;Der Einordnungshinweis verletzt den Autor in seinem Grundrecht auf Meinungsfreiheit sowie in seinem allgemeinen Pers\u00f6nlichkeitsrecht. Im Buch enthaltene Meinungen werden durch den Hinweis negativ konnotiert und ein potentieller Leser k\u00f6nnte von der Lekt\u00fcre abgehalten werden. Diese Grundrechtseingriffe sind nicht gerechtfertigt, weil sie nicht von der Aufgabenzuweisung im Kulturgesetzbuch NRW gedeckt sind. Zwar mag der Stadtb\u00fccherei das Absehen von der Anschaffung des Buches freigestanden haben. Aus den den \u00f6ffentlichen Bibliotheken vom Gesetzgeber zugewiesenen Kultur- und Bildungsaufgaben ergibt sich jedoch keine Befugnis zur negativen Bewertung von Medien im Bestand der Bibliothek in Form eines Einordnungshinweises. Vielmehr liegt der Fokus der gesetzlichen Regelungen darauf, den Nutzerinnen und Nutzern der Bibliothek als m\u00fcndigen Staatsb\u00fcrgern eine selbstbestimmte und ungehinderte Information zu erm\u00f6glichen und sich \u2013 ohne insoweit gelenkt zu werden \u2013 dadurch eine eigene Meinung zu bilden.&#8220;<\/em><\/p>\n<p>Das klingt doch \u00fcberaus erfreulich, oder? &#8222;Verletzt im Grundrecht auf Meinungsfreiheit&#8220; \u2013 ist das nicht das, was man sich erhofft, nachdem die Meldungen \u00fcber die besagte Markierung Erinnerungen an klassische Giftschr\u00e4nke und verbotene Literatur weckten?<\/p>\n<p>Aber wie in allen F\u00e4llen in dieser Richtung in j\u00fcngerer Zeit ist da ein &#8222;Ja, aber&#8220;. Denn da handelt es sich eher nicht um einen geistigen Aussetzer einer mittelgro\u00dfen Stadtb\u00fccherei. Der erste Hinweis in diese Richtung findet sich in den Angaben zur Leiterin der Stadtbibliothek, Cordula Gladrow. Die ist n\u00e4mlich nebenbei auch stellvertretende Vorsitzende der Gemeinsamen Managementkommission des Deutschen Bibliotheksverbands und des Vereins Deutscher Bibliothekarinnen und Bibliothekare. Was nahelegt, dass die Kennzeichnung nicht genehmer B\u00fccher in M\u00fcnster ein Versuchsballon war, dem bei Gelegenheit andere Einrichtungen folgen k\u00f6nnten. Die Tatsache, dass es nur zwei B\u00fccher waren, die eine derartige Behandlung erfuhren, ist ebenfalls ein Hinweis auf einen Test. Auch ist nicht bekannt, dass Gladrow wegen dieses Vorgehens in einem der beiden Verb\u00e4nde besondere Kritik erfahren h\u00e4tte.<\/p>\n<p>Der zweite Punkt ist etwas komplizierter. Bei den letzten B\u00fcrgermeisterwahlen in M\u00fcnster gab es eine Stichwahl zwischen dem Bewerber der CDU und jenem der Gr\u00fcnen. Die beiden Parteien stellen die gr\u00f6\u00dften Fraktionen im Stadtrat. Und sie bilden auch die Koalition, die das Bundesland Nordrhein-Westfalen regiert.<\/p>\n<p>Damit kommen wir zu den Hinweisen, die das Urteil des OVG M\u00fcnster liefert. Sie verbergen sich in diesen zwei S\u00e4tzen:<\/p>\n<p style=\"padding-left: 40px;\"><em>&#8222;Zwar mag der Stadtb\u00fccherei das Absehen von der Anschaffung des Buches freigestanden haben. Aus den den \u00f6ffentlichen Bibliotheken vom Gesetzgeber zugewiesenen Kultur- und Bildungsaufgaben ergibt sich jedoch keine Befugnis zur negativen Bewertung von Medien im Bestand der Bibliothek in Form eines Einordnungshinweises.&#8220;<\/em><\/p>\n<p>Der erste Teil ist klar. Die Bibliotheken k\u00f6nnen einfach die Anschaffung von Literatur verweigern, die nicht die gew\u00fcnschte Linientreue aufweist. Der zweite ist \u00fcbersetzbar. Er l\u00e4sst sich n\u00e4mlich durchaus auch so lesen:<\/p>\n<p style=\"padding-left: 40px;\"><em>&#8222;Wenn ihr solche Vermerke in die B\u00fccher h\u00e4ngen wollt, dann \u00e4ndert das Gesetz entsprechend.&#8220;<\/em><\/p>\n<p>Und, ist das unvorstellbar? Leider ist es das nicht. Vor allem nicht, weil die Koalition in NRW so aussieht, wie sie aussieht, und ein solches Vorpreschen der Bibliotheksleiterin in M\u00fcnster ohne politische R\u00fcckendeckung kaum vorstellbar ist.<\/p>\n<p>Nun ist ja vielleicht das Buch von Wisnewski eine Ansammlung verschiedenster Informationen unterschiedlichster Qualit\u00e4t, aber es soll Menschen geben, die zu ihrer Unterhaltung auch Theorien \u00fcber Atlantis oder Au\u00dferirdische konsumieren. Das Buch von Baud jedenfalls ist mitnichten &#8222;nicht mit den Grunds\u00e4tzen einer demokratischen Gesellschaft vereinbar&#8220;, wie das die Fachstelle \u00d6ffentliche Bibliotheken NRW zur Rechtfertigung der &#8222;Warnhinweise&#8220; im Januar <a href=\"https:\/\/fachstelle-oeffentliche-bibliotheken.nrw\/2025\/01\/stadtbibliothek-muenster-kritik-wegen-warnhinweisen-in-buechern\/\" target=\"_blank\" rel=\"noopener noreferrer\">schrieb<\/a>, sondern eine Zusammenfassung nachpr\u00fcfbarer Informationen, die von den Leitmedien lediglich ignoriert werden.<\/p>\n<p>H\u00fcbsch ist in diesem alten Text auch die Anmerkung, M\u00fcnster habe diesen Hinweis &#8222;nach Beschwerden aus der Leserschaft eingef\u00fchrt&#8220;. Man braucht sich in M\u00fcnster dar\u00fcber nicht zu wundern; das d\u00fcrfte die gleiche Klientel sein, die ein pers\u00f6nliches Erfolgserlebnis aus der Meldung von Internetpostings gewinnt. Aber eines ist absolut klar: Die Fachstelle stellte sich mitnichten gegen diese Ma\u00dfnahme.<\/p>\n<p>Eine andere Frage in diesem Zusammenhang hat bisher niemand gestellt. Nachdem die Abwicklung der Ausleihvorg\u00e4nge in Bibliotheken l\u00e4ngst digital erfolgt \u2013 ist sichergestellt, dass die Daten jener Leser, die die gebrandmarkten B\u00fccher ausleihen wollen, nicht weitergegeben werden? Darauf w\u00fcrde ich heutzutage auch keine Wette mehr abschlie\u00dfen wollen. Die entscheidende Frage d\u00fcrfte in diesem Zusammenhang sein, ob nicht der Landtag NRW das Urteil zum Anlass nimmt, um die gesetzliche Grundlage des Bibliothekswesens um B\u00fccherverbote und\/oder Brandmarkungen zu erg\u00e4nzen.<\/p>\n<p>Der Geschmack, den das Urteil hinterl\u00e4sst, erinnert ein wenig an das BVG-Urteil zum Magazin\u00a0<em>Compact<\/em>: Man sp\u00fcrt geradezu das Bedauern mindestens eines Teils der Richterschaft, hier zumindest im Einzelfall einschreiten zu m\u00fcssen. W\u00e4re da eine breite \u00dcberzeugung, dass derartige Schritte mit der Meinungsfreiheit an sich nicht zu vereinen sind, s\u00e4hen die Urteile anders aus.<\/p>\n<p>W\u00e4hrenddessen gedeiht der Apparat, der zur allseitigen Durchsetzung der Zensur geschaffen wurde, ungehindert weiter und gebiert stetig neue Versch\u00e4rfungen, wobei Fakten eine \u00e4u\u00dferst untergeordnete Rolle spielen. Dabei sind Einrichtungen wie die Stadtb\u00fccherei M\u00fcnster weit unten in der Rangordnung; der Takt wird nicht einmal mehr auf nationaler, er wird auf EU-Ebene vorgegeben. Und wie weit man dort zu gehen bereit ist, kann man mit einem Blick auf die Selbstrechtfertigungsrede von Kommissionspr\u00e4sidentin Ursula von der Leyen vor dem EU-Parlament Anfang der Woche erkennen. Obwohl die Tatsache, dass sie Verhandlungen um Milliardenvertr\u00e4ge per SMS gef\u00fchrt und die Daten der \u00d6ffentlichkeit entzogen hat, feststeht, obwohl die Annullierung der ersten Runde der Pr\u00e4sidentschaftswahlen in Rum\u00e4nien von der EU mit betrieben wurde, erkl\u00e4rte sie das alles einfach zur Desinformation, und selbst eine kritische Sicht auf die Corona-Politik insgesamt erkl\u00e4rte sie zu einem &#8222;Versuch, die Geschichte umzuschreiben&#8220;.<\/p>\n<p>Wie gesagt, der Takt wird von Br\u00fcssel vorgegeben, obwohl man nie vergessen sollte, dass von der Leyen eine deutsche Politikerin ist, deren Vorstellungen sich nur deshalb materialisieren, weil sie letztlich die R\u00fcckendeckung der Bundesregierungen genie\u00dft. Die auch gerne immer die Karte ziehen, das, was die Bev\u00f6lkerung w\u00fcnscht, leider nicht tun zu k\u00f6nnen, weil da eben Br\u00fcssel und die EU \u2013 aktuelles Spitzenbeispiel daf\u00fcr ist die Migrationspolitik.<\/p>\n<p>Bei letzterer kann man \u00fcbrigens sehen, wie die Zangenbewegung funktioniert, die die letzten Reste an souver\u00e4nen Entscheidungsm\u00f6glichkeiten blockiert. Die Gerichte sind da klar Teil des Spiels, insbesondere in der Migrationsfrage. Und die derzeit laufenden Besetzungen f\u00fcr das Bundesverfassungsgericht lassen \u00dcbles bef\u00fcrchten: Eine der Kandidatinnen, von der SPD aufgestellt (die wohl noch mehr Exemplare vom Typ Faeser ausgebr\u00fctet hat), Frauke Brosius-Gersdorf, hatte w\u00e4hrend Corona ein Gutachten <a href=\"https:\/\/www.uni-potsdam.de\/fileadmin\/projects\/lehrstuhl-brosius-gersdorf\/Dokumente\/Aktuelles\/Stellungnahme_zur_Einf%C3%BChrung_einer_allgemeinen_Impfpflicht.pdf\" target=\"_blank\" rel=\"noopener noreferrer\">erstellt<\/a>, das nicht nur erkl\u00e4rte, der Eingriff der Impfung sei gering im Verh\u00e4ltnis zu den Gefahren einer Corona-Erkrankung. Sie hatte auch, zusammen mit ihrem ebenfalls als Juraprofessor t\u00e4tigen Mann, gefolgert, man solle eine Impfpflicht einf\u00fchren und nicht nur Bu\u00dfgelder \u00fcber Impfunwillige verh\u00e4ngen, sondern ihnen auch noch die Lohnfortzahlung im Krankheitsfall streichen. Aussagen, f\u00fcr die sie sich heute, w\u00e4re sie bereit, die inzwischen vorliegenden Fakten zur Kenntnis zu nehmen, entschuldigen m\u00fcsste.<\/p>\n<p>Stattdessen palaverte sie munter in einer Talkshow, selbst bei einem AfD-Verbot sei &#8222;nicht die Anh\u00e4ngerschaft beseitigt&#8220;. Allein diese Ausdrucksweise m\u00fcsste sie, vor dem Hintergrund der deutschen Justizgeschichte, lebensl\u00e4nglich f\u00fcr den Zugang zu einem h\u00f6heren Richteramt disqualifizieren. Aber die CDU hat sich im Wahlausschuss mit der SPD geeinigt, diese Kandidatin durchzuwinken, und die Pseudolinke im Bundestag h\u00e4lt die Dame auch noch f\u00fcr &#8222;progressiv&#8220;.<\/p>\n<p>Was das mit der Stadtb\u00fccherei M\u00fcnster zu tun hat? Nun, sobald derartige Absichten, wie sie dort durchgespielt wurden, in Gesetzesform gegossen wurden, landet die Frage letztlich beim Verfassungsgericht. Das aber ist nicht nur, wie sp\u00e4testens bei Corona zu merken war, stramm auf Linie (was es fr\u00fcher immer wieder einmal nicht war). Es wird auch zunehmend, wie das Urteil zum &#8222;Klimaschutz&#8220; belegte, als Vehikel f\u00fcr nicht mehrheitsf\u00e4hige Politik genutzt. Die zweite SPD-Kandidatin, Ann-Kathrin Kaufhold (schon seltsam, wie man beiden die Herkunft aus dem reichsten Zehntel der Deutschen schon an den Vornamen ansieht), hat sogar explizit erkl\u00e4rt, ihrer Meinung nach eigneten sich Gerichte, die nicht auf Wiederwahlen achten m\u00fcssten, &#8222;zun\u00e4chst einmal besser, unpopul\u00e4re Ma\u00dfnahmen anzuordnen&#8220;.<\/p>\n<p>Was da als Vorteil angepriesen wird, kann man durchaus als Missachtung der Demokratie lesen. Kein Pipifax, wenn so jemand im Verfassungsgericht eigentlich die Freiheitsrechte der B\u00fcrger vor staatlichen Eingriffen sch\u00fctzen soll. Und im Kern \u00e4u\u00dferst erkl\u00e4rungsbed\u00fcrftig, weil besagte &#8222;unpopul\u00e4re Ma\u00dfnahmen&#8220; eben nicht vom Souver\u00e4n beschlossen werden, aber v\u00f6llig unklar ist, wer dann das Recht haben soll, dar\u00fcber zu entscheiden.<\/p>\n<p>Was w\u00e4re also zu erwarten, wenn Phase zwei der &#8222;Einordnung&#8220; von B\u00fcchern, eben die gesetzlich abgefasste, auf dieses Gericht st\u00f6\u00dft? Wie gro\u00df w\u00e4re der Spielraum, den die Klimaaktivistin Kaufhold der Kritik am Klimaglauben gew\u00e4hrt? Und welche weiteren Ma\u00dfnahmen muss man f\u00fcrchten, wenn Br\u00fcssel und Karlsruhe der gleichen Erz\u00e4hlung folgen und die Desinformations-Legende, die ja explizit fordert, die B\u00fcrger davor zu &#8222;sch\u00fctzen&#8220;, h\u00f6chstrichterliche F\u00f6rderung erf\u00e4hrt?<\/p>\n<p>Nicht dass man sich keine &#8222;Warnhinweise&#8220; vorstellen k\u00f6nnte. Eigentlich m\u00fcssten die bereits vor jeder Nachrichtensendung mit Aussagen aktueller deutscher Regierungsvertreter eingeblendet werden. Dekoriert mit Aufnahmen von zerst\u00f6rten St\u00e4dten oder Kriegsgr\u00e4berfeldern, und dem Satz &#8222;Der Konsum dieser Nachrichten kann zu Krieg und vorzeitigem Tod f\u00fchren&#8220; oder \u00c4hnlichem. Aber tats\u00e4chlich wird das Gegenteil passieren. Und das Urteil in M\u00fcnster k\u00f6nnte sich, ebenso wie das <em>Compact<\/em>-Urteil, nur als kleine Verschnaufpause erweisen, ehe die Garrotte um den Hals der Meinungsfreiheit in Deutschland, mit den vereinten Kr\u00e4ften von Br\u00fcssel und dem Verfassungsgericht, weiter zugezogen wird.<\/p>\n<p style=\"text-align: right;\"><em>Dagmar Henn ist Mitglied des Deutschen Freidenker-Verbandes<\/em><\/p>\n<hr \/>\n<p><span style=\"font-size: 10pt;\">Bild oben: Stadtb\u00fccherei M\u00fcnster<\/span><br \/>\n<span style=\"font-size: 10pt;\">Foto: Fachstelle f\u00fcr \u00d6ffentliche Bibliotheken NRW, <a href=\"https:\/\/creativecommons.org\/licenses\/by-nd\/2.0\/deed.de\" target=\"_blank\" rel=\"noopener\"><span class=\"alt-titles\"><span class=\"tool-identifier\">CC BY-ND 2.0<\/span><\/span><\/a><\/span><br \/>\n<span style=\"font-size: 10pt;\">Quelle: <a href=\"https:\/\/www.flickr.com\/photos\/fst_oeb_nrw\/43978654392\/in\/photostream\/\" target=\"_blank\" rel=\"noopener\">https:\/\/www.flickr.com\/photos\/fst_oeb_nrw\/43978654392\/in\/photostream\/<\/a><\/span><\/p>\n","protected":false},"excerpt":{"rendered":"<p><b>Beitrag von Dagmar Henn<\/b><br \/>\nNa, wenigstens etwas \u2013 das Oberverwaltungsgericht M\u00fcnster hat entschieden, dass die M\u00fcnsteraner Stadtb\u00fccherei B\u00fccher nicht mehr mit Warnhinweisen versehen darf. Die Stadtb\u00fccherei, die sich selbst mit &#8222;wir sind eine der besten Bibliotheken in Deutschland&#8220; anpreist, hatte unter anderem ein Buch des ehemaligen Schweizer Nachrichtendienstlers Jacques Baud \u00fcber die Hintergr\u00fcnde des Ukraine-Kriegs mit einem Warnhinweis versehen: <i>&#8222;Dies ist ein Werk mit umstrittenem Inhalt. Dieses Exemplar wird aufgrund der Zensur-, Meinungs- und Informationsfreiheit zur Verf\u00fcgung gestellt.&#8220;<\/i>. Ein weiteres Buch, das auf diese Weise verziert wurde, war &#8222;2024\u00a0\u2013 Das andere Jahrbuch: verheimlicht, vertuscht, vergessen&#8220; von Gerhard Wisnewski. <\/p>\n","protected":false},"author":3,"featured_media":22419,"comment_status":"closed","ping_status":"closed","sticky":false,"template":"","format":"standard","meta":{"colormag_page_container_layout":"default_layout","colormag_page_sidebar_layout":"default_layout","advanced_seo_description":"","jetpack_seo_html_title":"","jetpack_seo_noindex":false,"jetpack_post_was_ever_published":false,"footnotes":""},"categories":[12],"tags":[2688,1247,162,605,1412,844,1357,1436,395,2062,1623,569,527],"class_list":["post-22404","post","type-post","status-publish","format-standard","has-post-thumbnail","hentry","category-demokratie-medien-aufklaerung","tag-buecher","tag-bundesverfassungsgericht","tag-demokratie","tag-desinformation","tag-gerichtsurteil","tag-grundgesetz","tag-impfpflicht","tag-informationsfreiheit","tag-meinungsfreiheit","tag-muenster","tag-verfassung","tag-verfassungsrecht","tag-zensur"],"jetpack_featured_media_url":"https:\/\/i0.wp.com\/www.freidenker.org\/fw17\/wp-content\/uploads\/2025\/07\/stadtbuecherei_muenster_43978654392_800x450.jpg?fit=800%2C450&ssl=1","jetpack_shortlink":"https:\/\/wp.me\/p9stpK-5Pm","jetpack-related-posts":[{"id":11202,"url":"https:\/\/www.freidenker.org\/?p=11202","url_meta":{"origin":22404,"position":0},"title":"Kriegsparteien sind nicht w\u00e4hlbar, weil sie eine Gefahr f\u00fcr den Frieden sind!","author":"Webredaktion","date":"18. September 2021","format":false,"excerpt":"Standpunkt der Initiative Kein Milit\u00e4r mehr! - Westf\u00e4lische Friedensinitiative, Hannover - M\u00fcnster\/Westf. Wer eine Zukunft ohne Krieg und ohne Wettr\u00fcsten will, muss andere als die etablierten Parteien w\u00e4hlen. Denn diese sind immer mehr zum Selbstbedienungsobjekt von Macht- und Geldgierigen geworden, die zwar viel versprechen aber\u00a0 alle\u00a0\u00a0Lehren aus zwei Weltkriegen vergessen\u2026","rel":"","context":"In &quot;Frieden - Antifaschismus - Solidarit\u00e4t&quot;","block_context":{"text":"Frieden - Antifaschismus - Solidarit\u00e4t","link":"https:\/\/www.freidenker.org\/?cat=13"},"img":{"alt_text":"","src":"https:\/\/i0.wp.com\/www.freidenker.org\/fw17\/wp-content\/uploads\/2021\/09\/keine_kriegsparteien_800x450.jpg?fit=800%2C450&ssl=1&resize=350%2C200","width":350,"height":200,"srcset":"https:\/\/i0.wp.com\/www.freidenker.org\/fw17\/wp-content\/uploads\/2021\/09\/keine_kriegsparteien_800x450.jpg?fit=800%2C450&ssl=1&resize=350%2C200 1x, https:\/\/i0.wp.com\/www.freidenker.org\/fw17\/wp-content\/uploads\/2021\/09\/keine_kriegsparteien_800x450.jpg?fit=800%2C450&ssl=1&resize=525%2C300 1.5x, https:\/\/i0.wp.com\/www.freidenker.org\/fw17\/wp-content\/uploads\/2021\/09\/keine_kriegsparteien_800x450.jpg?fit=800%2C450&ssl=1&resize=700%2C400 2x"},"classes":[]},{"id":20873,"url":"https:\/\/www.freidenker.org\/?p=20873","url_meta":{"origin":22404,"position":1},"title":"&#8222;Lichtermeer gegen Rechts&#8220; \u2013 nah am braunen Original","author":"Webredaktion","date":"31. Januar 2025","format":false,"excerpt":"Beitrag von Dagmar Henn Schon der Januar des vergangenen Jahres wurde durch gro\u00dfe Gehorsamkeitsbekundungen gest\u00f6rt. Jetzt geht es wieder los damit. Aber egal, wie oft da das Etikett \"Gegen Rechts\" aufgeklebt wird, der eigentliche Inhalt ist nah dran am braunen Original. Und schon gibt es die n\u00e4chste Runde Regierungsaufm\u00e4rsche. Von\u2026","rel":"","context":"In &quot;Demokratie \u2013 Medien \u2013 Aufkl\u00e4rung&quot;","block_context":{"text":"Demokratie \u2013 Medien \u2013 Aufkl\u00e4rung","link":"https:\/\/www.freidenker.org\/?cat=12"},"img":{"alt_text":"","src":"https:\/\/i0.wp.com\/www.freidenker.org\/fw17\/wp-content\/uploads\/2025\/01\/Demo_gegen_Rechts_Berlin_25.01.2025_03_800x450.jpg?fit=800%2C450&ssl=1&resize=350%2C200","width":350,"height":200,"srcset":"https:\/\/i0.wp.com\/www.freidenker.org\/fw17\/wp-content\/uploads\/2025\/01\/Demo_gegen_Rechts_Berlin_25.01.2025_03_800x450.jpg?fit=800%2C450&ssl=1&resize=350%2C200 1x, https:\/\/i0.wp.com\/www.freidenker.org\/fw17\/wp-content\/uploads\/2025\/01\/Demo_gegen_Rechts_Berlin_25.01.2025_03_800x450.jpg?fit=800%2C450&ssl=1&resize=525%2C300 1.5x, https:\/\/i0.wp.com\/www.freidenker.org\/fw17\/wp-content\/uploads\/2025\/01\/Demo_gegen_Rechts_Berlin_25.01.2025_03_800x450.jpg?fit=800%2C450&ssl=1&resize=700%2C400 2x"},"classes":[]},{"id":19642,"url":"https:\/\/www.freidenker.org\/?p=19642","url_meta":{"origin":22404,"position":2},"title":"Moderne B\u00fccherverbrennung in Deutschland \u2013 Dutzende Schiitische B\u00fccher verboten!","author":"Webredaktion","date":"7. August 2024","format":false,"excerpt":"Beitrag von Yavuz \u00d6zoguz Niemals h\u00e4tte ich mir das vorstellen k\u00f6nnen, dass nach dem Zweiten Weltkrieg jemals wieder in Deutschland die B\u00fccher einen ganzen Religionsgemeinde verboten werden k\u00f6nnen. Doch genau das ist jetzt eingetreten. Die Dreistigkeit, mit der die Verbietenden \u00f6ffentlich auftreten und behaupten, die Religion selbst w\u00e4re aber nicht\u2026","rel":"","context":"In &quot;Demokratie \u2013 Medien \u2013 Aufkl\u00e4rung&quot;","block_context":{"text":"Demokratie \u2013 Medien \u2013 Aufkl\u00e4rung","link":"https:\/\/www.freidenker.org\/?cat=12"},"img":{"alt_text":"","src":"https:\/\/i0.wp.com\/www.freidenker.org\/fw17\/wp-content\/uploads\/2024\/08\/bucher_brennen_800x450.jpg?fit=800%2C450&ssl=1&resize=350%2C200","width":350,"height":200,"srcset":"https:\/\/i0.wp.com\/www.freidenker.org\/fw17\/wp-content\/uploads\/2024\/08\/bucher_brennen_800x450.jpg?fit=800%2C450&ssl=1&resize=350%2C200 1x, https:\/\/i0.wp.com\/www.freidenker.org\/fw17\/wp-content\/uploads\/2024\/08\/bucher_brennen_800x450.jpg?fit=800%2C450&ssl=1&resize=525%2C300 1.5x, https:\/\/i0.wp.com\/www.freidenker.org\/fw17\/wp-content\/uploads\/2024\/08\/bucher_brennen_800x450.jpg?fit=800%2C450&ssl=1&resize=700%2C400 2x"},"classes":[]},{"id":17759,"url":"https:\/\/www.freidenker.org\/?p=17759","url_meta":{"origin":22404,"position":3},"title":"Deutscher Wirtschaftsprofessor: Nicht 50, nein, 150 Milliarden f\u00fcr die Ukraine","author":"Webredaktion","date":"6. Januar 2024","format":false,"excerpt":"Beitrag von Dagmar Henn Irre, dass die Bundesregierung ihre \"Hilfe\" f\u00fcr die Ukraine auf acht Milliarden verdoppelt hat, w\u00e4hrend sonst massiv gek\u00fcrzt wird? Es geht noch schlimmer. Der Wirtschaftsprofessor Thomas Apolte fantasiert gleich von 150 Milliarden. Tats\u00e4chlich kann man sofort skeptisch werden, wenn in der \u00dcberschrift zu einem Interview von\u2026","rel":"","context":"In &quot;Demokratie \u2013 Medien \u2013 Aufkl\u00e4rung&quot;","block_context":{"text":"Demokratie \u2013 Medien \u2013 Aufkl\u00e4rung","link":"https:\/\/www.freidenker.org\/?cat=12"},"img":{"alt_text":"","src":"https:\/\/i0.wp.com\/www.freidenker.org\/fw17\/wp-content\/uploads\/2024\/01\/money-1508434_800x450.jpg?fit=800%2C450&ssl=1&resize=350%2C200","width":350,"height":200,"srcset":"https:\/\/i0.wp.com\/www.freidenker.org\/fw17\/wp-content\/uploads\/2024\/01\/money-1508434_800x450.jpg?fit=800%2C450&ssl=1&resize=350%2C200 1x, https:\/\/i0.wp.com\/www.freidenker.org\/fw17\/wp-content\/uploads\/2024\/01\/money-1508434_800x450.jpg?fit=800%2C450&ssl=1&resize=525%2C300 1.5x, https:\/\/i0.wp.com\/www.freidenker.org\/fw17\/wp-content\/uploads\/2024\/01\/money-1508434_800x450.jpg?fit=800%2C450&ssl=1&resize=700%2C400 2x"},"classes":[]},{"id":17283,"url":"https:\/\/www.freidenker.org\/?p=17283","url_meta":{"origin":22404,"position":4},"title":"Die seltsame Welt des Robert Habeck: Ich, Robert, Kaiser und Gott","author":"Webredaktion","date":"19. Oktober 2023","format":false,"excerpt":"Beitrag von Dagmar Henn Es gibt einen weiteren Blickwinkel, unter dem es sich lohnt, das Gespr\u00e4ch von Bundeswirtschaftsminister Robert Habeck bei Maischberger zu betrachten. Er verr\u00e4t n\u00e4mlich seine Sicht auf die Politik, und dabei spielt Demokratie keine oder bestenfalls eine untergeordnete Rolle. Das erste Anzeichen findet sich ziemlich zu Beginn,\u2026","rel":"","context":"In &quot;Demokratie \u2013 Medien \u2013 Aufkl\u00e4rung&quot;","block_context":{"text":"Demokratie \u2013 Medien \u2013 Aufkl\u00e4rung","link":"https:\/\/www.freidenker.org\/?cat=12"},"img":{"alt_text":"","src":"https:\/\/i0.wp.com\/www.freidenker.org\/fw17\/wp-content\/uploads\/2023\/10\/Habeck_2023-06-07_re-publica_1DX_5937_by_Stepro_800x450.jpg?fit=800%2C450&ssl=1&resize=350%2C200","width":350,"height":200,"srcset":"https:\/\/i0.wp.com\/www.freidenker.org\/fw17\/wp-content\/uploads\/2023\/10\/Habeck_2023-06-07_re-publica_1DX_5937_by_Stepro_800x450.jpg?fit=800%2C450&ssl=1&resize=350%2C200 1x, https:\/\/i0.wp.com\/www.freidenker.org\/fw17\/wp-content\/uploads\/2023\/10\/Habeck_2023-06-07_re-publica_1DX_5937_by_Stepro_800x450.jpg?fit=800%2C450&ssl=1&resize=525%2C300 1.5x, https:\/\/i0.wp.com\/www.freidenker.org\/fw17\/wp-content\/uploads\/2023\/10\/Habeck_2023-06-07_re-publica_1DX_5937_by_Stepro_800x450.jpg?fit=800%2C450&ssl=1&resize=700%2C400 2x"},"classes":[]},{"id":21806,"url":"https:\/\/www.freidenker.org\/?p=21806","url_meta":{"origin":22404,"position":5},"title":"Neues vom &#8222;Faktenchecker&#8220;: Verfassungsschutz gut, AfD b\u00f6se","author":"Webredaktion","date":"12. Mai 2025","format":false,"excerpt":"Beitrag von Dagmar Henn Nein, es muss nicht \u00fcberraschen, dass die ARD mal wieder ihre ber\u00fcchtigten Faktenchecker in die Spur schickt, um den Verfassungsschutz zu sch\u00fctzen. Auch wenn das irgendwie wieder als Zirkelschluss endet. Aber dazu sp\u00e4ter. Schon die \u00dcberschrift ist h\u00fcbsch: \"Wie die AfD den Verfassungsschutz diskreditiert\". Das ist\u2026","rel":"","context":"In &quot;Demokratie \u2013 Medien \u2013 Aufkl\u00e4rung&quot;","block_context":{"text":"Demokratie \u2013 Medien \u2013 Aufkl\u00e4rung","link":"https:\/\/www.freidenker.org\/?cat=12"},"img":{"alt_text":"","src":"https:\/\/i0.wp.com\/www.freidenker.org\/fw17\/wp-content\/uploads\/2025\/05\/Verfassungsschutz-2015-02-26_Didacta_2015_by_Olaf_Kosinsky-51_800x450.jpg?fit=800%2C450&ssl=1&resize=350%2C200","width":350,"height":200,"srcset":"https:\/\/i0.wp.com\/www.freidenker.org\/fw17\/wp-content\/uploads\/2025\/05\/Verfassungsschutz-2015-02-26_Didacta_2015_by_Olaf_Kosinsky-51_800x450.jpg?fit=800%2C450&ssl=1&resize=350%2C200 1x, https:\/\/i0.wp.com\/www.freidenker.org\/fw17\/wp-content\/uploads\/2025\/05\/Verfassungsschutz-2015-02-26_Didacta_2015_by_Olaf_Kosinsky-51_800x450.jpg?fit=800%2C450&ssl=1&resize=525%2C300 1.5x, https:\/\/i0.wp.com\/www.freidenker.org\/fw17\/wp-content\/uploads\/2025\/05\/Verfassungsschutz-2015-02-26_Didacta_2015_by_Olaf_Kosinsky-51_800x450.jpg?fit=800%2C450&ssl=1&resize=700%2C400 2x"},"classes":[]}],"_links":{"self":[{"href":"https:\/\/www.freidenker.org\/index.php?rest_route=\/wp\/v2\/posts\/22404","targetHints":{"allow":["GET"]}}],"collection":[{"href":"https:\/\/www.freidenker.org\/index.php?rest_route=\/wp\/v2\/posts"}],"about":[{"href":"https:\/\/www.freidenker.org\/index.php?rest_route=\/wp\/v2\/types\/post"}],"author":[{"embeddable":true,"href":"https:\/\/www.freidenker.org\/index.php?rest_route=\/wp\/v2\/users\/3"}],"replies":[{"embeddable":true,"href":"https:\/\/www.freidenker.org\/index.php?rest_route=%2Fwp%2Fv2%2Fcomments&post=22404"}],"version-history":[{"count":2,"href":"https:\/\/www.freidenker.org\/index.php?rest_route=\/wp\/v2\/posts\/22404\/revisions"}],"predecessor-version":[{"id":22411,"href":"https:\/\/www.freidenker.org\/index.php?rest_route=\/wp\/v2\/posts\/22404\/revisions\/22411"}],"wp:featuredmedia":[{"embeddable":true,"href":"https:\/\/www.freidenker.org\/index.php?rest_route=\/wp\/v2\/media\/22419"}],"wp:attachment":[{"href":"https:\/\/www.freidenker.org\/index.php?rest_route=%2Fwp%2Fv2%2Fmedia&parent=22404"}],"wp:term":[{"taxonomy":"category","embeddable":true,"href":"https:\/\/www.freidenker.org\/index.php?rest_route=%2Fwp%2Fv2%2Fcategories&post=22404"},{"taxonomy":"post_tag","embeddable":true,"href":"https:\/\/www.freidenker.org\/index.php?rest_route=%2Fwp%2Fv2%2Ftags&post=22404"}],"curies":[{"name":"wp","href":"https:\/\/api.w.org\/{rel}","templated":true}]}}