{"id":22372,"date":"2025-07-14T21:33:49","date_gmt":"2025-07-14T19:33:49","guid":{"rendered":"https:\/\/www.freidenker.org\/?p=22372"},"modified":"2025-08-02T13:47:59","modified_gmt":"2025-08-02T11:47:59","slug":"wie-koennen-wir-frieden-bekommen-sind-wir-selbst-die-hindernisse","status":"publish","type":"post","link":"https:\/\/www.freidenker.org\/?p=22372","title":{"rendered":"Wie k\u00f6nnen wir Frieden bekommen \u2013 Sind wir selbst die Hindernisse?"},"content":{"rendered":"<p>Am Montag, 7. Juli 2025, veranstaltete der NachDenkSeiten-Gespr\u00e4chskreis Darmstadt in Kooperation mit dem Deutschen Freidenker-Verband e.V. eine Vortrags- und Diskussionsveranstaltung mit <strong>Elizabeth Ann Murray <\/strong>und<strong> Raymond McGovern. <\/strong>Die Moderation lag bei Freidenker Peter Biebel, der den<strong>\u00a0<\/strong>NachDenkSeiten-Gespr\u00e4chskreis leitet.<\/p>\n<p>Elizabeth Ann Murray diente als stellvertretende Nationale Geheimdienstbeamtin, zust\u00e4ndig f\u00fcr die Region des Nahen Ostens, im Nationalen Sicherheitsrat der US-Regierung, bevor sie nach 27 Jahren in den Ruhestand ging. Sie spezialisierte sich auf Polik- und Medienanalysen des Mittleren Ostens, hat dort gelebt und die Region ausgiebig bereist.<\/p>\n<p>Raymond McGovern war 27 Jahre lang Mitarbeiter der CIA. Zu seinen Aufgaben geh\u00f6rten die Mitarbeit an Geheimdienstdossiers und der President\u2019s Daily Brief (Zusammenfassung der wichtigsten, tagesaktuellen Erkenntnisse der 16(!!) US-amerikanischen Geheimdienste). Gegen Ende seiner Karriere war er f\u00fcr die morgendliche Berichterstattung im Wei\u00dfen Haus zust\u00e4ndig. 1990 ging er in den Ruhestand.<\/p>\n<p>Im Anschluss fand eine Diskussion mit beiden Referenten statt. Der Kanal \u201eDruschba FM\u201c hat die Veranstaltung dokumentiert:<\/p>\n<div class=\"jetpack-video-wrapper\"><span class=\"embed-youtube\" style=\"text-align:center; display: block;\"><iframe loading=\"lazy\" class=\"youtube-player\" width=\"800\" height=\"450\" src=\"https:\/\/www.youtube.com\/embed\/l66gukE_daE?version=3&#038;rel=1&#038;showsearch=0&#038;showinfo=1&#038;iv_load_policy=1&#038;fs=1&#038;hl=de-DE&#038;autohide=2&#038;wmode=transparent\" allowfullscreen=\"true\" style=\"border:0;\" sandbox=\"allow-scripts allow-same-origin allow-popups allow-presentation allow-popups-to-escape-sandbox\"><\/iframe><\/span><\/div>\n<p><span style=\"font-size: 10pt;\">Direktlink zum Video von Druschba FM auf YouTube: <a href=\"https:\/\/www.youtube.com\/watch?v=l66gukE_daE\" target=\"_blank\" rel=\"noopener\">https:\/\/www.youtube.com\/watch?v=l66gukE_daE<\/a><\/span><\/p>\n<hr \/>\n<p><span style=\"font-size: 10pt;\">Bild oben: Elizabeth Ann Murray und Raymond McGovern. Screenshot aus dem <a href=\"https:\/\/www.youtube.com\/watch?v=l66gukE_daE\" target=\"_blank\" rel=\"noopener\">Video von Druschba FM<\/a><\/span><\/p>\n","protected":false},"excerpt":{"rendered":"<p>Am Montag, 7. Juli 2025, veranstaltete der NachDenkSeiten-Gespr\u00e4chskreis Darmstadt in Kooperation mit dem Deutschen Freidenker-Verband e.V. eine Vortrags- und Diskussionsveranstaltung mit Elizabeth Ann Murray und Raymond McGovern. Die Moderation lag bei Freidenker Peter Biebel, der den\u00a0NachDenkSeiten-Gespr\u00e4chskreis leitet. Elizabeth Ann Murray diente als stellvertretende Nationale Geheimdienstbeamtin, zust\u00e4ndig f\u00fcr die Region des Nahen Ostens, im Nationalen Sicherheitsrat der US-Regierung, bevor sie nach 27 Jahren in den Ruhestand ging. [&#8230;] Raymond McGovern war 27 Jahre lang Mitarbeiter der CIA. Zu seinen Aufgaben geh\u00f6rten die Mitarbeit an Geheimdienstdossiers und der President\u2019s Daily Brief (Zusammenfassung der wichtigsten, tagesaktuellen Erkenntnisse der 16(!!) US-amerikanischen Geheimdienste). [&#8230;] <\/p>\n","protected":false},"author":3,"featured_media":22373,"comment_status":"closed","ping_status":"closed","sticky":false,"template":"","format":"standard","meta":{"colormag_page_container_layout":"default_layout","colormag_page_sidebar_layout":"default_layout","advanced_seo_description":"","jetpack_seo_html_title":"","jetpack_seo_noindex":false,"jetpack_post_was_ever_published":false,"footnotes":""},"categories":[13,19],"tags":[1358,2679,27,335,759,2680,1553,676,185,1982],"class_list":["post-22372","post","type-post","status-publish","format-standard","has-post-thumbnail","hentry","category-frieden-antifaschismus-solidaritaet","category-veranstaltungen-in-den-dfv-landesverbaenden","tag-cia","tag-darmstadt","tag-deutscher-freidenker-verband","tag-frieden","tag-geheimdienste","tag-mittlerer-osten","tag-nachdenkseiten","tag-naher-osten","tag-usa","tag-weisses-haus"],"jetpack_featured_media_url":"https:\/\/i0.wp.com\/www.freidenker.org\/fw17\/wp-content\/uploads\/2025\/07\/murrey_mcgovern_800x450.jpg?fit=800%2C450&ssl=1","jetpack_shortlink":"https:\/\/wp.me\/p9stpK-5OQ","jetpack-related-posts":[{"id":20884,"url":"https:\/\/www.freidenker.org\/?p=20884","url_meta":{"origin":22372,"position":0},"title":"\u201eMehr Druck f\u00fcr Frieden mit Russland und f\u00fcr eine Zweistaatenl\u00f6sung im Nahen Osten\u201c","author":"Webredaktion","date":"1. Februar 2025","format":false,"excerpt":"Video-Interview: Diether Dehm im Gespr\u00e4ch mit Albrecht M\u00fcller Diether Dehm ist ein vielseitig begabter Zeitgenosse. Er hat gute Liedertexte geschrieben und auch sonst n\u00fctzliche Ideen. Er war Mitglied des Deutschen Bundestags. Mit ihm sprach der Herausgeber der NachDenkSeiten. Schwerpunkt: Frieden mit Russland; woher kommt der Hass auf die Russen? Es\u2026","rel":"","context":"In &quot;Frieden - Antifaschismus - Solidarit\u00e4t&quot;","block_context":{"text":"Frieden - Antifaschismus - Solidarit\u00e4t","link":"https:\/\/www.freidenker.org\/?cat=13"},"img":{"alt_text":"","src":"https:\/\/i0.wp.com\/www.freidenker.org\/fw17\/wp-content\/uploads\/2025\/01\/dehm-mueller-2025-01_800x450.jpg?fit=800%2C450&ssl=1&resize=350%2C200","width":350,"height":200,"srcset":"https:\/\/i0.wp.com\/www.freidenker.org\/fw17\/wp-content\/uploads\/2025\/01\/dehm-mueller-2025-01_800x450.jpg?fit=800%2C450&ssl=1&resize=350%2C200 1x, https:\/\/i0.wp.com\/www.freidenker.org\/fw17\/wp-content\/uploads\/2025\/01\/dehm-mueller-2025-01_800x450.jpg?fit=800%2C450&ssl=1&resize=525%2C300 1.5x, https:\/\/i0.wp.com\/www.freidenker.org\/fw17\/wp-content\/uploads\/2025\/01\/dehm-mueller-2025-01_800x450.jpg?fit=800%2C450&ssl=1&resize=700%2C400 2x"},"classes":[]},{"id":24770,"url":"https:\/\/www.freidenker.org\/?p=24770","url_meta":{"origin":22372,"position":1},"title":"Frieden durch \u201eKriegst\u00fcchtigkeit\u201c? Aufr\u00fcstung, Militarisierung und die neue Wehrpflicht","author":"Webredaktion","date":"31. M\u00e4rz 2026","format":false,"excerpt":"Pressemitteilung vom 30.03.2026 Veranstaltung mit Bundeswehrmajor a. D. Florian D. Pfaff am 28.03.2026 in Schweinfurt Auf Einladung von NachDenkSeiten-Gespr\u00e4chskreis Schweinfurt\/W\u00fcrzburg und Deutschem Freidenker-Ortsverband Schweinfurt\/W\u00fcrzburg kam am Samstag, dem 28. M\u00e4rz 2026 der Bundeswehrmajor a. D. Florian D. Pfaff von der Friedensinitiative Rosenheim nach Schweinfurt. Vor 35 interessierten Zuh\u00f6rern sprach der\u2026","rel":"","context":"In &quot;Frieden - Antifaschismus - Solidarit\u00e4t&quot;","block_context":{"text":"Frieden - Antifaschismus - Solidarit\u00e4t","link":"https:\/\/www.freidenker.org\/?cat=13"},"img":{"alt_text":"","src":"https:\/\/i0.wp.com\/www.freidenker.org\/fw17\/wp-content\/uploads\/2026\/03\/Pfaff_Schweinfurt_IMG_6677_800x450.jpg?fit=800%2C450&ssl=1&resize=350%2C200","width":350,"height":200,"srcset":"https:\/\/i0.wp.com\/www.freidenker.org\/fw17\/wp-content\/uploads\/2026\/03\/Pfaff_Schweinfurt_IMG_6677_800x450.jpg?fit=800%2C450&ssl=1&resize=350%2C200 1x, https:\/\/i0.wp.com\/www.freidenker.org\/fw17\/wp-content\/uploads\/2026\/03\/Pfaff_Schweinfurt_IMG_6677_800x450.jpg?fit=800%2C450&ssl=1&resize=525%2C300 1.5x, https:\/\/i0.wp.com\/www.freidenker.org\/fw17\/wp-content\/uploads\/2026\/03\/Pfaff_Schweinfurt_IMG_6677_800x450.jpg?fit=800%2C450&ssl=1&resize=700%2C400 2x"},"classes":[]},{"id":24675,"url":"https:\/\/www.freidenker.org\/?p=24675","url_meta":{"origin":22372,"position":2},"title":"Lisa Fitz \u2013 Dreckschleuder Milit\u00e4r \u2013 Rede f\u00fcr den Frieden","author":"Webredaktion","date":"20. M\u00e4rz 2026","format":false,"excerpt":"Video von Lisa Fitz Freunde, ich hab\u2019 eine gute Nachricht: Die gr\u00f6\u00dfte CO\u2082-Schleuder der Welt f\u00e4hrt nicht durch eure Stra\u00dfen. Sie hat keinen SUV. Sie hat Flugzeugtr\u00e4ger. Das Milit\u00e4r. Das Pentagon allein verbrennt schon mehr \u00d6l als Portugal \u2013 nur ohne Strandurlaub und Portwein. Wenn das Pentagon ein Land w\u00e4r,\u2026","rel":"","context":"In &quot;Kultur &amp; Kunst&quot;","block_context":{"text":"Kultur &amp; Kunst","link":"https:\/\/www.freidenker.org\/?cat=913"},"img":{"alt_text":"","src":"https:\/\/i0.wp.com\/www.freidenker.org\/fw17\/wp-content\/uploads\/2026\/03\/Lisa-Fitz-Dreckschleuder-Militaer-Titelbild-NDS-800x450-1.jpg?fit=800%2C450&ssl=1&resize=350%2C200","width":350,"height":200,"srcset":"https:\/\/i0.wp.com\/www.freidenker.org\/fw17\/wp-content\/uploads\/2026\/03\/Lisa-Fitz-Dreckschleuder-Militaer-Titelbild-NDS-800x450-1.jpg?fit=800%2C450&ssl=1&resize=350%2C200 1x, https:\/\/i0.wp.com\/www.freidenker.org\/fw17\/wp-content\/uploads\/2026\/03\/Lisa-Fitz-Dreckschleuder-Militaer-Titelbild-NDS-800x450-1.jpg?fit=800%2C450&ssl=1&resize=525%2C300 1.5x, https:\/\/i0.wp.com\/www.freidenker.org\/fw17\/wp-content\/uploads\/2026\/03\/Lisa-Fitz-Dreckschleuder-Militaer-Titelbild-NDS-800x450-1.jpg?fit=800%2C450&ssl=1&resize=700%2C400 2x"},"classes":[]},{"id":13380,"url":"https:\/\/www.freidenker.org\/?p=13380","url_meta":{"origin":22372,"position":3},"title":"Das Klima wird rauer und kritische Geister haben es immer schwerer","author":"Webredaktion","date":"13. Juni 2022","format":false,"excerpt":"Beitrag von Jens Berger Raumverbote sind kein neues Ph\u00e4nomen. In der Vergangenheit traf es vor allem Veranstaltungen, die sich kritisch mit der Politik des Staates Israel auseinandersetzten. ... Die Einschl\u00e4ge kommen \u201eso langsam\u201c jedoch n\u00e4her \u2013 auch Kritik an den Corona-Ma\u00dfnahmen und eine kritische Sicht auf den Ukraine-Krieg reichen heute\u2026","rel":"","context":"In &quot;Zeit der Verleumder - Freidenker f\u00fcr Klartext&quot;","block_context":{"text":"Zeit der Verleumder - Freidenker f\u00fcr Klartext","link":"https:\/\/www.freidenker.org\/?cat=937"},"img":{"alt_text":"","src":"https:\/\/i0.wp.com\/www.freidenker.org\/fw17\/wp-content\/uploads\/2022\/06\/klartext_pointing-4190930_800x450.jpg?fit=800%2C450&ssl=1&resize=350%2C200","width":350,"height":200,"srcset":"https:\/\/i0.wp.com\/www.freidenker.org\/fw17\/wp-content\/uploads\/2022\/06\/klartext_pointing-4190930_800x450.jpg?fit=800%2C450&ssl=1&resize=350%2C200 1x, https:\/\/i0.wp.com\/www.freidenker.org\/fw17\/wp-content\/uploads\/2022\/06\/klartext_pointing-4190930_800x450.jpg?fit=800%2C450&ssl=1&resize=525%2C300 1.5x, https:\/\/i0.wp.com\/www.freidenker.org\/fw17\/wp-content\/uploads\/2022\/06\/klartext_pointing-4190930_800x450.jpg?fit=800%2C450&ssl=1&resize=700%2C400 2x"},"classes":[]},{"id":2976,"url":"https:\/\/www.freidenker.org\/?p=2976","url_meta":{"origin":22372,"position":4},"title":"Terror bald in Deutschland? &#8211; Freidenker: Geopolitischen Spielereien ein Ende setzen","author":"Webredaktion","date":"31. M\u00e4rz 2016","format":false,"excerpt":"Interview von Klaus Hartmann, Bundesvorsitzender des Deutschen Freidenker-Verbandes, mit Sputnik Deutschland \u201eVom russischen Au\u00dfenminister Lawrow gab es wiederholt die Aufforderung, k\u00fcnftig die geopolitischen Spielereien in der Nahost-Region zu unterlassen, damit der Terror gemeinsam bek\u00e4mpft werden kann. Diese ist die Schl\u00fcsselfrage \u2013 wie wir auf der internationalen Ebene in der Frage\u2026","rel":"","context":"In &quot;Frieden - Antifaschismus - Solidarit\u00e4t&quot;","block_context":{"text":"Frieden - Antifaschismus - Solidarit\u00e4t","link":"https:\/\/www.freidenker.org\/?cat=13"},"img":{"alt_text":"","src":"https:\/\/i0.wp.com\/www.freidenker.org\/fw17\/wp-content\/uploads\/2016\/03\/commemorate-1919191_800x445.jpg?fit=800%2C445&ssl=1&resize=350%2C200","width":350,"height":200,"srcset":"https:\/\/i0.wp.com\/www.freidenker.org\/fw17\/wp-content\/uploads\/2016\/03\/commemorate-1919191_800x445.jpg?fit=800%2C445&ssl=1&resize=350%2C200 1x, https:\/\/i0.wp.com\/www.freidenker.org\/fw17\/wp-content\/uploads\/2016\/03\/commemorate-1919191_800x445.jpg?fit=800%2C445&ssl=1&resize=525%2C300 1.5x, https:\/\/i0.wp.com\/www.freidenker.org\/fw17\/wp-content\/uploads\/2016\/03\/commemorate-1919191_800x445.jpg?fit=800%2C445&ssl=1&resize=700%2C400 2x"},"classes":[]},{"id":3211,"url":"https:\/\/www.freidenker.org\/?p=3211","url_meta":{"origin":22372,"position":5},"title":"Truppen raus aus Afghanistan","author":"Webredaktion","date":"8. Februar 2010","format":false,"excerpt":"Erkl\u00e4rung des Deutschen Freidenker-Verbandes zur Demonstration am 20. Februar 2010 in Berlin Der Deutsche Freidenker-Verband unterst\u00fctzt die Proteste von Friedens- und Antikriegsintitativen f\u00fcr ein Ende des Krieges in Afghanistan. Die Freidenker unterst\u00fctzen den Appell an die Bundestagsabgeordneten: \u201eStimmen Sie mit Nein! Schicken Sie keine weiteren Truppen, sondern ziehen Sie diese\u2026","rel":"","context":"In &quot;Frieden - Antifaschismus - Solidarit\u00e4t&quot;","block_context":{"text":"Frieden - Antifaschismus - Solidarit\u00e4t","link":"https:\/\/www.freidenker.org\/?cat=13"},"img":{"alt_text":"","src":"https:\/\/i0.wp.com\/www.freidenker.org\/fw17\/wp-content\/uploads\/2010\/02\/2010-02-20-hi-8485_800x445.jpg?fit=800%2C445&ssl=1&resize=350%2C200","width":350,"height":200,"srcset":"https:\/\/i0.wp.com\/www.freidenker.org\/fw17\/wp-content\/uploads\/2010\/02\/2010-02-20-hi-8485_800x445.jpg?fit=800%2C445&ssl=1&resize=350%2C200 1x, https:\/\/i0.wp.com\/www.freidenker.org\/fw17\/wp-content\/uploads\/2010\/02\/2010-02-20-hi-8485_800x445.jpg?fit=800%2C445&ssl=1&resize=525%2C300 1.5x, https:\/\/i0.wp.com\/www.freidenker.org\/fw17\/wp-content\/uploads\/2010\/02\/2010-02-20-hi-8485_800x445.jpg?fit=800%2C445&ssl=1&resize=700%2C400 2x"},"classes":[]}],"_links":{"self":[{"href":"https:\/\/www.freidenker.org\/index.php?rest_route=\/wp\/v2\/posts\/22372","targetHints":{"allow":["GET"]}}],"collection":[{"href":"https:\/\/www.freidenker.org\/index.php?rest_route=\/wp\/v2\/posts"}],"about":[{"href":"https:\/\/www.freidenker.org\/index.php?rest_route=\/wp\/v2\/types\/post"}],"author":[{"embeddable":true,"href":"https:\/\/www.freidenker.org\/index.php?rest_route=\/wp\/v2\/users\/3"}],"replies":[{"embeddable":true,"href":"https:\/\/www.freidenker.org\/index.php?rest_route=%2Fwp%2Fv2%2Fcomments&post=22372"}],"version-history":[{"count":1,"href":"https:\/\/www.freidenker.org\/index.php?rest_route=\/wp\/v2\/posts\/22372\/revisions"}],"predecessor-version":[{"id":22374,"href":"https:\/\/www.freidenker.org\/index.php?rest_route=\/wp\/v2\/posts\/22372\/revisions\/22374"}],"wp:featuredmedia":[{"embeddable":true,"href":"https:\/\/www.freidenker.org\/index.php?rest_route=\/wp\/v2\/media\/22373"}],"wp:attachment":[{"href":"https:\/\/www.freidenker.org\/index.php?rest_route=%2Fwp%2Fv2%2Fmedia&parent=22372"}],"wp:term":[{"taxonomy":"category","embeddable":true,"href":"https:\/\/www.freidenker.org\/index.php?rest_route=%2Fwp%2Fv2%2Fcategories&post=22372"},{"taxonomy":"post_tag","embeddable":true,"href":"https:\/\/www.freidenker.org\/index.php?rest_route=%2Fwp%2Fv2%2Ftags&post=22372"}],"curies":[{"name":"wp","href":"https:\/\/api.w.org\/{rel}","templated":true}]}}