{"id":22355,"date":"2025-07-10T03:53:04","date_gmt":"2025-07-10T01:53:04","guid":{"rendered":"https:\/\/www.freidenker.org\/?p=22355"},"modified":"2025-08-02T13:47:19","modified_gmt":"2025-08-02T11:47:19","slug":"der-barbarische-russe-wenn-der-noch-fruchtbare-schoss-wieder-kreisst","status":"publish","type":"post","link":"https:\/\/www.freidenker.org\/?p=22355","title":{"rendered":"Der barbarische Russe: Wenn der noch fruchtbare Scho\u00df wieder krei\u00dft"},"content":{"rendered":"<p><strong>In Russland wird gerade \u00fcber die Abstammung deutscher Politiker von Nazi-Funktion\u00e4ren diskutiert. Die Diskussion geht am Thema vorbei. In Westdeutschland hat keine Entnazifizierung stattgefunden. Deutschland kann daher nicht anders, als seine Geschichte zu wiederholen. <\/strong><\/p>\n<p><em>Von <strong>Gert Ewen Ungar<\/strong><\/em><\/p>\n<p><span style=\"font-size: 10pt;\">Erstver\u00f6ffentlichung am 05.07.2025 auf <a href=\"https:\/\/freedert.online\/meinung\/249636-kontinuitaeten-wenn-noch-fruchtbare-schoss\/\" target=\"_blank\" rel=\"noopener\">RT DE<\/a><\/span><\/p>\n<div class=\"EmbedBlock-root EmbedBlock-all\">\n<div class=\"AllEmbed\"><iframe loading=\"lazy\" title=\"Der barbarische Russe: Wenn der noch fruchtbare Scho\u00df wieder krei\u00dft\" src=\"https:\/\/www.podbean.com\/player-v2\/?i=dwsd7-18fd476-pb&amp;from=pb6admin&amp;share=1&amp;download=1&amp;rtl=0&amp;fonts=Arial&amp;skin=f6f6f6&amp;font-color=auto&amp;logo_link=episode_page&amp;btn-skin=7\" width=\"100%\" height=\"150\" scrolling=\"no\" data-name=\"pb-iframe-player\" data-mce-fragment=\"1\"><\/iframe><\/div>\n<\/div>\n<p>Merz hat angek\u00fcndigt, Deutschland wieder zur gr\u00f6\u00dften Milit\u00e4rmacht in Europa machen zu wollen. Die Narrative in den gro\u00dfen deutschen Medien sind gleichgeschaltet, die Beitr\u00e4ge zu Russland und zum Ukraine-Krieg sind \u00fcber die Breite der deutschen Medienlandschaft bis in die Wortwahl identisch. Es wird durch eine breite Angebotspalette an Zeitungen, Magazinen und Sendeformaten eine Vielfalt der Meinungen und der journalistischen Pluralit\u00e4t vorget\u00e4uscht, die in Deutschland de facto nicht existiert. Verst\u00e4rkt wird diese Narrativ-Gleichschaltung durch Zensur und Repression gegen\u00fcber unabh\u00e4ngigen Journalisten. Der deutsche Informationsraum ist wieder hermetisch abgeriegelt.\u00a0Presse- und Meinungsfreiheit wird in Deutschland nur noch simuliert.<\/p>\n<p>Deutsche Politik sieht in Russland wieder den Erzfeind und wittert an jeder Ecke russische Bedrohungen. Der Feindbildaufbau in Politik und Medien l\u00e4uft auf Hochtouren. Dabei wird auf tief in der deutschen Gesellschaft verankerte Klischees und Vorurteile zur\u00fcckgegriffen, die sich leicht aktivieren lassen. Der barbarische Russe, der vergewaltigt, brandschatzt und nur die Sprache der Gewalt versteht, hat wieder seinen festen Platz in der Berichterstattung deutscher Medien und in den Schilderungen deutscher Politiker. Der slawische Untermensch ist als rassistische Figur wieder fester Bestandteil der deutschen Erz\u00e4hlung \u00fcber Russland.<\/p>\n<p>Deutschland r\u00fcstet sich f\u00fcr einen Krieg mit Russland, das gar keine Kriegsabsichten gegen\u00fcber Deutschland hegt. Gleichzeitig unterst\u00fctzt deutsche Politik mit der Ukraine und Israel gleich zwei rechte Regime.\u00a0Deutschland\u00a0liefert Waffen f\u00fcr Genozid und Kriegsverbrechen. Deutsche Politik unternimmt nichts, um Konflikte auf diplomatischem Weg zu l\u00f6sen, daf\u00fcr aber alles, um\u00a0seine imperialistischen Interessen kompromisslos durchzusetzen. Man ist sich entweder mit Deutschland einig, oder man ist nicht mit Deutschland, ist das kompromisslose Motto deutscher Au\u00dfenpolitik. Deutschland wiederholt nun zum dritten Mal, was bei Versuch eins und zwei zum Gl\u00fcck f\u00fcr die Welt gescheitert ist.<\/p>\n<p>Die Frage ist, wie es\u00a0trotz all der Nie-Wieder-Beteuerungen nach 1945 dazu\u00a0kommen konnte? Woher kommt die fehlende Resilienz? In Russland hat eine Diskussion an Fahrt aufgenommen, in der es um die Nazi-Vergangenheit der Vorfahren der aktuellen Politikerkaste geht. Namentlich genannt werden dabei regelm\u00e4\u00dfig Kanzler Merz (CDU), die ehemalige Au\u00dfenministerin Baerbock und der ehemalige Wirtschaftsminister Robert Habeck (beide B\u00fcndnis 90\/Die Gr\u00fcnen).<\/p>\n<p>Nun halte ich pers\u00f6nlich diesen pers\u00f6nlichen Ansatz f\u00fcr schwierig. Es gibt wohl kaum jemanden deutscher Herkunft, in dessen Ahnenreihe sich nicht Bewunderer und Unterst\u00fctzer des Nationalsozialismus finden lassen. Damit l\u00e4sst sich auch der Wiederholungszwang, dem die deutsche Gesellschaft unterliegt, nicht befriedigend erkl\u00e4ren.<\/p>\n<p>Die Erkl\u00e4rung, warum Deutschland seine historisch gemachten Fehler wie im Zwang wiederholt, wenn es nicht unter Aufsicht gestellt ist, liegt nicht an einzelnen Personen, sondern an den institutionellen und strukturellen Kontinuit\u00e4ten in Deutschland. In Westdeutschland hat eine Entnazifizierung, die diesen Namen verdient, nie stattgefunden.<\/p>\n<p>In Ostdeutschland ist die Situation anders, allerdings wurden nach der Wiedervereinigung Ostdeutsche von allen Posten der Macht ferngehalten. Es gibt im Osten der Republik eine h\u00f6here Sensibilit\u00e4t gegen\u00fcber Totalitarismus und Faschismus, die allerdings aufgrund des fehlenden Einflusses auf Gesamtdeutschland ins Leere l\u00e4uft. In Westdeutschland dagegen gab es flie\u00dfende \u00dcberg\u00e4nge. Hohe Nazifunktion\u00e4re schafften es wieder in hohe Positionen und gestalteten den Aufbau der Institutionen der Bundesrepublik aktiv mit.<\/p>\n<p>Die CDU nahm bedenkenlos ehemalige Mitglieder der NSDAP auf. So konnte 1966 mit Kurt Kiesinger ein ehemaliges NSDAP-Mitglied Bundeskanzler werden. Dass dies m\u00f6glich wurde, deutet auf ein gesellschaftliches Klima, in dem bewusst weggeschaut wurde. Aber es war eben mehr als nur betretenes Wegsehen. Die alten Nazikader f\u00fchrten kein verstecktes Dasein, sie hatten in der jungen BRD Gestaltungsmacht. Sie konnten ihre Saat s\u00e4en, und die Saat geht nun auf. Einige Beispiele.<\/p>\n<p>Der deutsche Auslandsgeheimdienst BND hat seine Wurzeln in der Organisation Gehlen. Ihr Gr\u00fcnder, Reinhard Gehlen, war w\u00e4hrend der NS-Zeit Leiter der Milit\u00e4raufkl\u00e4rung Fremde Heere Ost. Es waren die USA, die Gehlen beim Aufbau eines deutschen Geheimdienstes unterst\u00fctzten und zun\u00e4chst auch finanzierten. Vor diesem Hintergrund ist es wenig verwunderlich, dass der BND zwar \u00fcberall russische Aktivit\u00e4ten wittert, zum gro\u00dfen Abh\u00f6ren durch die USA aber schweigt.<\/p>\n<p>Nachdem Edward Snowden 2013 das Ausma\u00df der Spionaget\u00e4tigkeit der US-Geheimdienste aufgedeckt hatte, blieb es in Deutschland unangemessen still. Dar\u00fcber, dass die USA diese Praktik aufgegeben haben, den kompletten Datenverkehr weltweit zu \u00fcberwachen, ist nichts bekannt. W\u00e4hrend die gro\u00dfen US-Tech-Giganten wie Google, Microsoft und Facebook mit US-Geheimdiensten kooperieren und dabei nicht nur Daten zug\u00e4nglich machen, sondern auch Hintert\u00fcren zur \u00dcberwachung in Apps und Software einbauen, bleibt der Blick des BND streng nach Osten gerichtet. Da stand und steht f\u00fcr ihn und seine Vorg\u00e4ngerorganisationen der Feind.<\/p>\n<p>Ebenfalls Mitglied des Nachrichtendienstes Fremde Heere Ost und Gr\u00fcndungsmitglied der Organisation Gehlen war Klaus Ritter. Auf einer Reise in die USA im Jahr 1959 wurde Ritter mit der Arbeit von Think-Tanks vertraut gemacht. Ritter gr\u00fcndete daraufhin im Jahr 1962 die Stiftung Wissenschaft und Politik, die deutsche Politik und Medien zu au\u00dfenpolitischen Themen ber\u00e4t. Gern stellt die Stiftung auch Interview-Partner zur Verf\u00fcgung. Claudia Major, die aus den Sesseln deutscher Talkshows unerm\u00fcdlich f\u00fcr eine Eskalation gegen\u00fcber Russland die Werbetrommel r\u00fchrt, ist daf\u00fcr ein Beispiel. Damit erkl\u00e4rt sich auch, warum Claudia Majors Ausf\u00fchrung zu Russland so \u00e4hnlich wie der\u00a0Generalplan Ost der Nazis klingt. Sie stammen schlicht von dort. Das <a href=\"https:\/\/www.swp-berlin.org\/themen\/dossiers\/russlands-krieg-gegen-die-ukraine\" target=\"_blank\" rel=\"noopener noreferrer\">Dossier<\/a> zum Ukraine-Krieg auf der Seite der Stiftung l\u00e4sst wenig Zweifel an der Kontinuit\u00e4t von vor 1945 bis heute aufkommen. Unter anderem von dort beziehen die deutschen Medien ihr Wording und werden dar\u00fcber ideologisch gleichgeschaltet.<\/p>\n<p>Der Faschismus bleibt eng mit der deutschen Politik verwoben. Das gilt selbstverst\u00e4ndlich auch f\u00fcr die Gr\u00fcnen. Zu deren Gr\u00fcnderv\u00e4tern z\u00e4hlten gleich mehrere ehemalige Nazis. J\u00fcrgen Trittin <a href=\"https:\/\/www.focus.de\/digital\/multimedia\/schon-die-gruenen-hatten-ein-nazi-problem-debatte-bei-der-piratenpartei_id_2363620.html\" target=\"_blank\" rel=\"noopener noreferrer\">sprach<\/a> vor einigen Jahren bereits von &#8222;erheblichen Schnittmengen&#8220; und &#8222;zahlreichen Ber\u00fchrungspunkten&#8220; zwischen gr\u00fcner Umwelt- und Nazi-Ideologie. Der Eindruck, die Gr\u00fcnen streben nach einer faschistischen \u00d6ko-Diktatur, kommt nicht von ungef\u00e4hr. Es ist einfach so. Die totalit\u00e4re Ideologie ist in die Tiefen ihrer politischen DNA eingeschrieben.<\/p>\n<p>Was f\u00fcr Politik und hohe Bundes\u00e4mter gilt, gilt nat\u00fcrlich auch f\u00fcr die Medien. F\u00fcr nahezu alle gro\u00dfen Bl\u00e4tter,\u00a0f\u00fcr die\u00a0<em>Zeit<\/em>, den <em>Spiegel<\/em> und die <em>Welt<\/em> schrieb unter unterschiedlichen Pseudonymen Paul Schmidt, der w\u00e4hrend der NS-Herrschaft Pressechef von Au\u00dfenminister von Ribbentrop war. Hans Abich, in den Siebzigern Programmdirektor bei der <em>ARD,<\/em> lernte sein Handwerk im Reichsministerium f\u00fcr Volksaufkl\u00e4rung und Propaganda. Wer sich mit diesem Wissen heute die <em>Tagesschau<\/em> ansieht, den wundert nichts mehr. Der antirussische Spin der deutschen Journaille wurde fr\u00fch angesto\u00dfen.<\/p>\n<p>Das ist nat\u00fcrlich nur eine kleine Auswahl, allerdings lie\u00dfe sich die Liste der Kontinuit\u00e4ten zwischen Nazi-Deutschland und der sp\u00e4teren Bundesrepublik noch lange fortsetzen. Klar ist, dass es einen echten Bruch nie gegeben hat, und er von den Alliierten, allen voran den USA auch nie gew\u00fcnscht war. Deutschland sollte Bollwerk gegen die Sowjetunion und sp\u00e4ter gegen Russland bleiben. Daf\u00fcr war man bereit, den Pakt mit deutschen Faschisten einzugehen. Sie sahen darin eine Einladung, ihre Arbeit auch nach 1945 fortzusetzen.<\/p>\n<p>Der Scho\u00df ist fruchtbar noch, aus dem das kroch, warnte Bertolt Brecht und behielt r\u00fcckblickend recht. Heute krei\u00dft dieser Scho\u00df wieder. Gew\u00e4hrt man Deutschland Freiraum, werden die Strukturen aktiv, die der Bundesrepublik in ihren Anfangsjahren von alten Nazikadern eingepflanzt wurden. Deutschland kann gar nicht anders, als seine Geschichte zu wiederholen, denn die Weichen wurden nie anders gestellt. Es soll auch nicht anders. Deutschland soll als Antirussland wirken, auch wenn das bedeutet, dass dadurch Europa wieder in Schutt und Asche gelegt werden k\u00f6nnte. Die sich f\u00fcr die Zeit danach stellende Schuldfrage ist damit allerdings auch gekl\u00e4rt.<\/p>\n<p style=\"text-align: right;\"><em>Gert-Ewen Ungar studierte Philosophie und Germanistik und schreibt regelm\u00e4\u00dfig f\u00fcr die <a href=\"https:\/\/www.neulandrebellen.de\/\" target=\"_blank\" rel=\"noopener\">Neulandrebellen<\/a>\u00a0<\/em><\/p>\n<hr \/>\n<p><span style=\"font-size: 10pt;\">Bild oben: Friedrich Merz auf dem EPP Congress 2025 in Valencia<\/span><br \/>\n<span style=\"font-size: 10pt;\">Foto: European People&#8217;s Party &#8211; , CC BY 2.0<\/span><br \/>\n<span style=\"font-size: 10pt;\">Quelle: <a href=\"https:\/\/commons.wikimedia.org\/w\/index.php?curid=164573132\" target=\"_blank\" rel=\"noopener\">https:\/\/commons.wikimedia.org\/w\/index.php?curid=164573132<\/a><\/span><\/p>\n","protected":false},"excerpt":{"rendered":"<p><b>Beitrag von Gert Ewen Ungar<\/b><br \/>\nMerz hat angek\u00fcndigt, Deutschland wieder zur gr\u00f6\u00dften Milit\u00e4rmacht in Europa machen zu wollen. Die Narrative in den gro\u00dfen deutschen Medien sind gleichgeschaltet, die Beitr\u00e4ge zu Russland und zum Ukraine-Krieg sind \u00fcber die Breite der deutschen Medienlandschaft bis in die Wortwahl identisch. Es wird durch eine breite Angebotspalette an Zeitungen, Magazinen und Sendeformaten eine Vielfalt der Meinungen und der journalistischen Pluralit\u00e4t vorget\u00e4uscht, die in Deutschland de facto nicht existiert. Verst\u00e4rkt wird diese Narrativ-Gleichschaltung durch Zensur und Repression gegen\u00fcber unabh\u00e4ngigen Journalisten. Der deutsche Informationsraum ist wieder hermetisch abgeriegelt.\u00a0Presse- und Meinungsfreiheit wird in Deutschland nur noch simuliert.<\/p>\n","protected":false},"author":3,"featured_media":22356,"comment_status":"closed","ping_status":"closed","sticky":false,"template":"","format":"standard","meta":{"colormag_page_container_layout":"default_layout","colormag_page_sidebar_layout":"default_layout","advanced_seo_description":"","jetpack_seo_html_title":"","jetpack_seo_noindex":false,"jetpack_post_was_ever_published":false,"footnotes":""},"categories":[12],"tags":[760,1241,452,1543,451,121,704,2587,222,1168,1508,1902,1082,639],"class_list":["post-22355","post","type-post","status-publish","format-standard","has-post-thumbnail","hentry","category-demokratie-medien-aufklaerung","tag-bnd","tag-cdu","tag-deutschland","tag-entnazifizierung","tag-faschismus","tag-medien","tag-militarisierung","tag-nsdap","tag-russland","tag-russophobie","tag-spionage","tag-tageschau","tag-totalitarismus","tag-ukraine-konflikt"],"jetpack_featured_media_url":"https:\/\/i0.wp.com\/www.freidenker.org\/fw17\/wp-content\/uploads\/2025\/07\/EPP_Congress_2025_Valencia_Day_1_54485283819_800x450.jpg?fit=800%2C450&ssl=1","jetpack_shortlink":"https:\/\/wp.me\/p9stpK-5Oz","jetpack-related-posts":[{"id":22222,"url":"https:\/\/www.freidenker.org\/?p=22222","url_meta":{"origin":22355,"position":0},"title":"Merz-Rede: Der (Alb-)Traum von Deutschland als Milit\u00e4rmacht ist zur\u00fcck","author":"Webredaktion","date":"26. Juni 2025","format":false,"excerpt":"Beitrag von Gert Ewen Ungar Mit einem Video, das sich \u00e4sthetisch und inhaltlich in die Tradition des Nazi-Hetzblatts Der St\u00fcrmer stellt, macht das Ausw\u00e4rtige Amt unter F\u00fchrung von Johann Wadephul die Welt mit dem au\u00dfenpolitischen Teil der Regierungserkl\u00e4rung von\u00a0Friedrich Merz vertraut. Die \u00dcbernahme von Ton und \u00c4sthetik der nationalsozialistischen Propaganda\u2026","rel":"","context":"In &quot;Demokratie \u2013 Medien \u2013 Aufkl\u00e4rung&quot;","block_context":{"text":"Demokratie \u2013 Medien \u2013 Aufkl\u00e4rung","link":"https:\/\/www.freidenker.org\/?cat=12"},"img":{"alt_text":"","src":"https:\/\/i0.wp.com\/www.freidenker.org\/fw17\/wp-content\/uploads\/2025\/06\/2024-08-21_Wahlkampf_Friedrich_Merz.jpg?fit=800%2C450&ssl=1&resize=350%2C200","width":350,"height":200,"srcset":"https:\/\/i0.wp.com\/www.freidenker.org\/fw17\/wp-content\/uploads\/2025\/06\/2024-08-21_Wahlkampf_Friedrich_Merz.jpg?fit=800%2C450&ssl=1&resize=350%2C200 1x, https:\/\/i0.wp.com\/www.freidenker.org\/fw17\/wp-content\/uploads\/2025\/06\/2024-08-21_Wahlkampf_Friedrich_Merz.jpg?fit=800%2C450&ssl=1&resize=525%2C300 1.5x, https:\/\/i0.wp.com\/www.freidenker.org\/fw17\/wp-content\/uploads\/2025\/06\/2024-08-21_Wahlkampf_Friedrich_Merz.jpg?fit=800%2C450&ssl=1&resize=700%2C400 2x"},"classes":[]},{"id":23287,"url":"https:\/\/www.freidenker.org\/?p=23287","url_meta":{"origin":22355,"position":1},"title":"Nazi-Narrative: Merz verbreitet im Reichstag die Propaganda des BND","author":"Webredaktion","date":"22. Oktober 2025","format":false,"excerpt":"Beitrag von Gert Ewen Ungar \"Deutschland bedroht niemanden, die Europ\u00e4ische Union bedroht niemanden, und auch die NATO bedroht niemanden auf der Welt. Es ist in den letzten dreieinhalb Jahren ausschlie\u00dflich Putin, der die Sicherheit auf dem europ\u00e4ischen Kontinent bedroht, der uns gef\u00e4hrdet, der mit seinem brutalen Angriffskrieg gegen die Ukraine\u2026","rel":"","context":"In &quot;Demokratie \u2013 Medien \u2013 Aufkl\u00e4rung&quot;","block_context":{"text":"Demokratie \u2013 Medien \u2013 Aufkl\u00e4rung","link":"https:\/\/www.freidenker.org\/?cat=12"},"img":{"alt_text":"","src":"https:\/\/i0.wp.com\/www.freidenker.org\/fw17\/wp-content\/uploads\/2025\/10\/Friedrich_Merz_2025.06.26_09_800x450.jpg?fit=800%2C450&ssl=1&resize=350%2C200","width":350,"height":200,"srcset":"https:\/\/i0.wp.com\/www.freidenker.org\/fw17\/wp-content\/uploads\/2025\/10\/Friedrich_Merz_2025.06.26_09_800x450.jpg?fit=800%2C450&ssl=1&resize=350%2C200 1x, https:\/\/i0.wp.com\/www.freidenker.org\/fw17\/wp-content\/uploads\/2025\/10\/Friedrich_Merz_2025.06.26_09_800x450.jpg?fit=800%2C450&ssl=1&resize=525%2C300 1.5x, https:\/\/i0.wp.com\/www.freidenker.org\/fw17\/wp-content\/uploads\/2025\/10\/Friedrich_Merz_2025.06.26_09_800x450.jpg?fit=800%2C450&ssl=1&resize=700%2C400 2x"},"classes":[]},{"id":22623,"url":"https:\/\/www.freidenker.org\/?p=22623","url_meta":{"origin":22355,"position":2},"title":"100 Tage Merz \u2013 Kanzlerschaft ohne Gewissen und Empathie","author":"Webredaktion","date":"21. August 2025","format":false,"excerpt":"Beitrag von Gert Ewen Ungar Die Bundesregierung ist inzwischen 100 Tage im Amt. Mit Ruhm bekleckert hat sie sich bisher nicht. Den gro\u00dfen wirtschaftspolitischen Ank\u00fcndigungen folgten keine Taten. Es herrscht weiter Stillstand in Deutschland. Die wirtschaftlichen Indikatoren weisen steil nach unten: Das produzierende Gewerbe klagt \u00fcber hohe Energiepreise und f\u00e4hrt\u2026","rel":"","context":"In &quot;Arbeit &amp; Soziales&quot;","block_context":{"text":"Arbeit &amp; Soziales","link":"https:\/\/www.freidenker.org\/?cat=11"},"img":{"alt_text":"","src":"https:\/\/i0.wp.com\/www.freidenker.org\/fw17\/wp-content\/uploads\/2025\/08\/Merz_2025-05-05_Unterzeichnung_Koalitionsvertrag_800x450.jpg?fit=800%2C450&ssl=1&resize=350%2C200","width":350,"height":200,"srcset":"https:\/\/i0.wp.com\/www.freidenker.org\/fw17\/wp-content\/uploads\/2025\/08\/Merz_2025-05-05_Unterzeichnung_Koalitionsvertrag_800x450.jpg?fit=800%2C450&ssl=1&resize=350%2C200 1x, https:\/\/i0.wp.com\/www.freidenker.org\/fw17\/wp-content\/uploads\/2025\/08\/Merz_2025-05-05_Unterzeichnung_Koalitionsvertrag_800x450.jpg?fit=800%2C450&ssl=1&resize=525%2C300 1.5x, https:\/\/i0.wp.com\/www.freidenker.org\/fw17\/wp-content\/uploads\/2025\/08\/Merz_2025-05-05_Unterzeichnung_Koalitionsvertrag_800x450.jpg?fit=800%2C450&ssl=1&resize=700%2C400 2x"},"classes":[]},{"id":17980,"url":"https:\/\/www.freidenker.org\/?p=17980","url_meta":{"origin":22355,"position":3},"title":"Die Bauernproteste in russischen Medien","author":"Webredaktion","date":"23. Januar 2024","format":false,"excerpt":"Beitrag von Gert Ewen Ungar Es wird Lenin zugeschrieben, gesagt zu haben, wenn die Deutschen einen Bahnhof st\u00fcrmen wollen, kaufen sie vorher eine Bahnsteigkarte. Mit umso mehr Erstaunen nahm man in Russland die Bauernproteste und ihren enormen Umfang zur Kenntnis. Russische Medien haben breit \u00fcber die landesweiten Aktionen berichtet. Die\u2026","rel":"","context":"In &quot;Demokratie \u2013 Medien \u2013 Aufkl\u00e4rung&quot;","block_context":{"text":"Demokratie \u2013 Medien \u2013 Aufkl\u00e4rung","link":"https:\/\/www.freidenker.org\/?cat=12"},"img":{"alt_text":"","src":"https:\/\/i0.wp.com\/www.freidenker.org\/fw17\/wp-content\/uploads\/2024\/01\/Bauernproteste_Nordhausen-6890_800x450.jpg?fit=800%2C450&ssl=1&resize=350%2C200","width":350,"height":200,"srcset":"https:\/\/i0.wp.com\/www.freidenker.org\/fw17\/wp-content\/uploads\/2024\/01\/Bauernproteste_Nordhausen-6890_800x450.jpg?fit=800%2C450&ssl=1&resize=350%2C200 1x, https:\/\/i0.wp.com\/www.freidenker.org\/fw17\/wp-content\/uploads\/2024\/01\/Bauernproteste_Nordhausen-6890_800x450.jpg?fit=800%2C450&ssl=1&resize=525%2C300 1.5x, https:\/\/i0.wp.com\/www.freidenker.org\/fw17\/wp-content\/uploads\/2024\/01\/Bauernproteste_Nordhausen-6890_800x450.jpg?fit=800%2C450&ssl=1&resize=700%2C400 2x"},"classes":[]},{"id":16234,"url":"https:\/\/www.freidenker.org\/?p=16234","url_meta":{"origin":22355,"position":4},"title":"Die Russland-Sanktionen und der Geist des Versailler Vertrags","author":"Webredaktion","date":"3. Juni 2023","format":false,"excerpt":"Beitrag von Gert-Ewen Ungar Deutschland ist als gesellschaftliche Entit\u00e4t erneut aus der Zivilisation gefallen und wieder im Zustand der Barbarei angekommen. Das war schon vor dem 24. Februar 2022 der Fall, es blieb jedoch noch verdeckt. Mit dem Einmarsch Russlands in die Ukraine wurde es ganz offenbar. Deutschland ist ein\u2026","rel":"","context":"In &quot;Frieden - Antifaschismus - Solidarit\u00e4t&quot;","block_context":{"text":"Frieden - Antifaschismus - Solidarit\u00e4t","link":"https:\/\/www.freidenker.org\/?cat=13"},"img":{"alt_text":"","src":"https:\/\/i0.wp.com\/www.freidenker.org\/fw17\/wp-content\/uploads\/2023\/06\/Treaty_of_Versailles_Reparations_800x445.jpg?fit=800%2C445&ssl=1&resize=350%2C200","width":350,"height":200,"srcset":"https:\/\/i0.wp.com\/www.freidenker.org\/fw17\/wp-content\/uploads\/2023\/06\/Treaty_of_Versailles_Reparations_800x445.jpg?fit=800%2C445&ssl=1&resize=350%2C200 1x, https:\/\/i0.wp.com\/www.freidenker.org\/fw17\/wp-content\/uploads\/2023\/06\/Treaty_of_Versailles_Reparations_800x445.jpg?fit=800%2C445&ssl=1&resize=525%2C300 1.5x, https:\/\/i0.wp.com\/www.freidenker.org\/fw17\/wp-content\/uploads\/2023\/06\/Treaty_of_Versailles_Reparations_800x445.jpg?fit=800%2C445&ssl=1&resize=700%2C400 2x"},"classes":[]},{"id":21131,"url":"https:\/\/www.freidenker.org\/?p=21131","url_meta":{"origin":22355,"position":5},"title":"Schulden, um in den Krieg zu ziehen &#8211; Der W\u00e4hlerbetrug des Friedrich M.","author":"Webredaktion","date":"11. M\u00e4rz 2025","format":false,"excerpt":"Beitrag von Gert Ewen Ungar Die k\u00fcnftige Bundesregierung plant, mit Unterst\u00fctzung von Teilen der alten Bundesregierung das Grundgesetz zu \u00e4ndern, um Schulden in gro\u00dfem Umfang aufzunehmen.\u00a0Dazu ist ganz viel anzumerken, nur eines nicht: \"Generationengerechtigkeit\". Die Schuldenaufnahme geht nicht auf Kosten sp\u00e4terer Generationen. Dieses Argument, das auch Merz im Wahlkampf noch\u2026","rel":"","context":"In &quot;Demokratie \u2013 Medien \u2013 Aufkl\u00e4rung&quot;","block_context":{"text":"Demokratie \u2013 Medien \u2013 Aufkl\u00e4rung","link":"https:\/\/www.freidenker.org\/?cat=12"},"img":{"alt_text":"","src":"https:\/\/i0.wp.com\/www.freidenker.org\/fw17\/wp-content\/uploads\/2025\/03\/EPP_Summit_54368791313_800x450.jpg?fit=800%2C450&ssl=1&resize=350%2C200","width":350,"height":200,"srcset":"https:\/\/i0.wp.com\/www.freidenker.org\/fw17\/wp-content\/uploads\/2025\/03\/EPP_Summit_54368791313_800x450.jpg?fit=800%2C450&ssl=1&resize=350%2C200 1x, https:\/\/i0.wp.com\/www.freidenker.org\/fw17\/wp-content\/uploads\/2025\/03\/EPP_Summit_54368791313_800x450.jpg?fit=800%2C450&ssl=1&resize=525%2C300 1.5x, https:\/\/i0.wp.com\/www.freidenker.org\/fw17\/wp-content\/uploads\/2025\/03\/EPP_Summit_54368791313_800x450.jpg?fit=800%2C450&ssl=1&resize=700%2C400 2x"},"classes":[]}],"_links":{"self":[{"href":"https:\/\/www.freidenker.org\/index.php?rest_route=\/wp\/v2\/posts\/22355","targetHints":{"allow":["GET"]}}],"collection":[{"href":"https:\/\/www.freidenker.org\/index.php?rest_route=\/wp\/v2\/posts"}],"about":[{"href":"https:\/\/www.freidenker.org\/index.php?rest_route=\/wp\/v2\/types\/post"}],"author":[{"embeddable":true,"href":"https:\/\/www.freidenker.org\/index.php?rest_route=\/wp\/v2\/users\/3"}],"replies":[{"embeddable":true,"href":"https:\/\/www.freidenker.org\/index.php?rest_route=%2Fwp%2Fv2%2Fcomments&post=22355"}],"version-history":[{"count":1,"href":"https:\/\/www.freidenker.org\/index.php?rest_route=\/wp\/v2\/posts\/22355\/revisions"}],"predecessor-version":[{"id":22357,"href":"https:\/\/www.freidenker.org\/index.php?rest_route=\/wp\/v2\/posts\/22355\/revisions\/22357"}],"wp:featuredmedia":[{"embeddable":true,"href":"https:\/\/www.freidenker.org\/index.php?rest_route=\/wp\/v2\/media\/22356"}],"wp:attachment":[{"href":"https:\/\/www.freidenker.org\/index.php?rest_route=%2Fwp%2Fv2%2Fmedia&parent=22355"}],"wp:term":[{"taxonomy":"category","embeddable":true,"href":"https:\/\/www.freidenker.org\/index.php?rest_route=%2Fwp%2Fv2%2Fcategories&post=22355"},{"taxonomy":"post_tag","embeddable":true,"href":"https:\/\/www.freidenker.org\/index.php?rest_route=%2Fwp%2Fv2%2Ftags&post=22355"}],"curies":[{"name":"wp","href":"https:\/\/api.w.org\/{rel}","templated":true}]}}