{"id":22283,"date":"2025-07-03T17:28:05","date_gmt":"2025-07-03T15:28:05","guid":{"rendered":"https:\/\/www.freidenker.org\/?p=22283"},"modified":"2026-03-17T20:01:51","modified_gmt":"2026-03-17T19:01:51","slug":"freidenker-2-25-faschismus-formen-wesen-aktuelle-gefahren","status":"publish","type":"post","link":"https:\/\/www.freidenker.org\/?p=22283","title":{"rendered":"FREIDENKER 2-25 \u2013 Faschismus: Formen, Wesen, Aktuelle Gefahren"},"content":{"rendered":"<p>FREIDENKER Nr. 2-25, Juli 2025, 84. Jahrgang<\/p>\n<h4>Faschismus: Formen, Wesen, Aktuelle Gefahren<\/h4>\n<p><strong>Editorial<\/strong><\/p>\n<p>Liebe Leserin, lieber Leser,<\/p>\n<p>die Ampel war schon nicht die hellste, doch die aktuelle Untergangskoalition machts noch finsterer: Noch vor der Kanzlerwahl wird das zentrale Wahlversprechen gebrochen: Kriegs\u00adkosten sind fortan von der Schuldenbremse ausgenommen, nach Grundgesetz\u00e4nderung durch die abgew\u00e4hlte Bundestagsmehrheit! Da muss sich die \u201eLinke\u201c erkenntlich zeigen \u2013 als Steigb\u00fcgelhalterin bei der Kanzlerwahl.<\/p>\n<p>Sakrosankt bleibt die als \u201eStaatsr\u00e4son\u201c ver\u00adbr\u00e4mte Waffenbr\u00fcder- und Komplizenschaft mit dem faschistischen Regime der Zionisten, egal ob beim V\u00f6lkermord und der ethnischen S\u00e4uberung in Pal\u00e4stina oder Angriffskriegen gegen den Libanon, Syrien oder den Iran.<\/p>\n<p>Die in London erfundene \u201eKoalition der (Mord-)Willigen\u201c, verstieg sich zum vergebli\u00adchen \u201eUltimatum\u201c an Russland, eine verloge\u00adne \u201ebedingungslose Waffenruhe\u201c zu akzep\u00adtieren, unter deren Schutz sie NATO-Truppen und neue Waffen in die Ukraine bringen wollten. F\u00fcr den Kanzler mit dem bei allen Alliierten des 2. Weltkriegs verhassten Na\u00admen Fritz waren damit \u201ealle diplomatischen Mittel\u201c ausgesch\u00f6pft. Seine Kriegsbegeiste\u00adrung tat er schon mit \u201eFrieden gibt\u2019s auf jedem Friedhof\u201c kund. Doch den Traum vom \u201eSieg \u00fcber Russland\u201c hat er ins Wahnhafte ge\u00adsteigert, als er bei einer \u00f6ffentlich-rechtlichen Quasseltante offenbarte: <em>\u201eEs gibt keinerlei Reichweitenbeschr\u00e4nkungen mehr f\u00fcr Waf\u00adfen, die an die Ukraine geliefert worden sind\u201c<\/em>, weil: \u201eDie ukrainische Armee muss aus der Defensive herauskommen\u201c, sie k\u00f6nnte \u201edie wichtigste Landverbindung zwischen Russ\u00adland und der Krim zerst\u00f6ren\u201c. Die Ziel\u00adkoordinaten kommen aus dem US-Haupt\u00adquartier in Wiesbaden \u2013 perfektes Ziel eines Gegenschlages. Genosse Sergej Schoigu, Se\u00adkret\u00e4r des russischen Sicherheitsrats, dazu: \u201eAuch wir haben etwas aufzuheben\u201c. Ob er den 2+4-Vertrag meinte, und an die weiter\u00adgeltende UN-Feindstaaten-Klausel dachte?<\/p>\n<p>Dazu passt das bitterb\u00f6se Wort des Ka\u00adbarettisten Uwe Steimle: \u201eEs gab Zeiten, da wurde man wenigstens noch gefragt, ob man den totalen Krieg \u00fcberhaupt will.\u201c Es ist auch ein Kommentar zum Thema dieser Ausgabe.<\/p>\n<p><em>Herzlichst Klaus Hartmann<\/em><\/p>\n<p>Inhalt:<\/p>\n<p><strong>Thema<\/strong><\/p>\n<ul>\n<li>Tilo Graeser<br \/>\n<a href=\"https:\/\/www.freidenker.org\/?p=22336\">In Moskau zum 80. Jahrestag des Sieges \u00fcber den Faschismus<\/a><br \/>\n(<img data-recalc-dims=\"1\" loading=\"lazy\" decoding=\"async\" data-attachment-id=\"1072\" data-permalink=\"https:\/\/www.freidenker.org\/?attachment_id=1072\" data-orig-file=\"https:\/\/i0.wp.com\/www.freidenker.org\/fw17\/wp-content\/uploads\/2017\/10\/pdf_icon-e1509487447542.png?fit=16%2C16&amp;ssl=1\" data-orig-size=\"16,16\" data-comments-opened=\"0\" data-image-meta=\"{&quot;aperture&quot;:&quot;0&quot;,&quot;credit&quot;:&quot;&quot;,&quot;camera&quot;:&quot;&quot;,&quot;caption&quot;:&quot;&quot;,&quot;created_timestamp&quot;:&quot;0&quot;,&quot;copyright&quot;:&quot;&quot;,&quot;focal_length&quot;:&quot;0&quot;,&quot;iso&quot;:&quot;0&quot;,&quot;shutter_speed&quot;:&quot;0&quot;,&quot;title&quot;:&quot;&quot;,&quot;orientation&quot;:&quot;0&quot;}\" data-image-title=\"pdf_icon_16\" data-image-description=\"\" data-image-caption=\"\" data-large-file=\"https:\/\/i0.wp.com\/www.freidenker.org\/fw17\/wp-content\/uploads\/2017\/10\/pdf_icon-e1509487447542.png?fit=16%2C16&amp;ssl=1\" class=\"alignnone size-full wp-image-1072\" src=\"https:\/\/i0.wp.com\/www.freidenker.org\/fw17\/wp-content\/uploads\/2017\/10\/pdf_icon-e1509487447542.png?resize=16%2C16&#038;ssl=1\" alt=\"\" width=\"16\" height=\"16\" \/> <a href=\"https:\/\/www.freidenker.org\/fw17\/wp-content\/uploads\/2025\/07\/Freidenker_2025-02_Graeser_InMoskauZum80JahrestagDesSieges.pdf\" target=\"_blank\" rel=\"noopener\">PDF-Dokument<\/a>, ca. 674 KB)<\/li>\n<li>Helmut Selinger<br \/>\nIst die AfD als faschistisch zu charakterisieren?<\/li>\n<li>Patrik Baab<br \/>\n\u00dcber Corona und Ukraine-Krieg zum autorit\u00e4ren Staat<\/li>\n<li>Conny Renkl<br \/>\n\u00dcber Formen und Wesen des Faschismus<\/li>\n<li>Diether Dehm<br \/>\nZu Andreas Wehrs, Thalheimers und Trotzkis Faschismus-Deutungen<\/li>\n<li>Christel Buchinger<br \/>\n<a href=\"https:\/\/www.freidenker.org\/?p=22302\">Taubenfu\u00df-Faschismus<\/a><br \/>\n(<img data-recalc-dims=\"1\" loading=\"lazy\" decoding=\"async\" data-attachment-id=\"1072\" data-permalink=\"https:\/\/www.freidenker.org\/?attachment_id=1072\" data-orig-file=\"https:\/\/i0.wp.com\/www.freidenker.org\/fw17\/wp-content\/uploads\/2017\/10\/pdf_icon-e1509487447542.png?fit=16%2C16&amp;ssl=1\" data-orig-size=\"16,16\" data-comments-opened=\"0\" data-image-meta=\"{&quot;aperture&quot;:&quot;0&quot;,&quot;credit&quot;:&quot;&quot;,&quot;camera&quot;:&quot;&quot;,&quot;caption&quot;:&quot;&quot;,&quot;created_timestamp&quot;:&quot;0&quot;,&quot;copyright&quot;:&quot;&quot;,&quot;focal_length&quot;:&quot;0&quot;,&quot;iso&quot;:&quot;0&quot;,&quot;shutter_speed&quot;:&quot;0&quot;,&quot;title&quot;:&quot;&quot;,&quot;orientation&quot;:&quot;0&quot;}\" data-image-title=\"pdf_icon_16\" data-image-description=\"\" data-image-caption=\"\" data-large-file=\"https:\/\/i0.wp.com\/www.freidenker.org\/fw17\/wp-content\/uploads\/2017\/10\/pdf_icon-e1509487447542.png?fit=16%2C16&amp;ssl=1\" class=\"alignnone size-full wp-image-1072\" src=\"https:\/\/i0.wp.com\/www.freidenker.org\/fw17\/wp-content\/uploads\/2017\/10\/pdf_icon-e1509487447542.png?resize=16%2C16&#038;ssl=1\" alt=\"\" width=\"16\" height=\"16\" \/> <a href=\"https:\/\/www.freidenker.org\/fw17\/wp-content\/uploads\/2025\/07\/Freidenker_2025-02_Buchinger_TaubenfussFaschismus.pdf\" target=\"_blank\" rel=\"noopener\">PDF-Dokument<\/a>, ca. 490 KB)<\/li>\n<li><a href=\"https:\/\/www.freidenker.org\/?p=22305\">Gedanken- und Meinungsfreiheit verteidigen!<\/a><br \/>\nEntschlie\u00dfung des Verbandstages 31. Mai &#8211; 01. Juni 2025<br \/>\n(<img data-recalc-dims=\"1\" loading=\"lazy\" decoding=\"async\" data-attachment-id=\"1072\" data-permalink=\"https:\/\/www.freidenker.org\/?attachment_id=1072\" data-orig-file=\"https:\/\/i0.wp.com\/www.freidenker.org\/fw17\/wp-content\/uploads\/2017\/10\/pdf_icon-e1509487447542.png?fit=16%2C16&amp;ssl=1\" data-orig-size=\"16,16\" data-comments-opened=\"0\" data-image-meta=\"{&quot;aperture&quot;:&quot;0&quot;,&quot;credit&quot;:&quot;&quot;,&quot;camera&quot;:&quot;&quot;,&quot;caption&quot;:&quot;&quot;,&quot;created_timestamp&quot;:&quot;0&quot;,&quot;copyright&quot;:&quot;&quot;,&quot;focal_length&quot;:&quot;0&quot;,&quot;iso&quot;:&quot;0&quot;,&quot;shutter_speed&quot;:&quot;0&quot;,&quot;title&quot;:&quot;&quot;,&quot;orientation&quot;:&quot;0&quot;}\" data-image-title=\"pdf_icon_16\" data-image-description=\"\" data-image-caption=\"\" data-large-file=\"https:\/\/i0.wp.com\/www.freidenker.org\/fw17\/wp-content\/uploads\/2017\/10\/pdf_icon-e1509487447542.png?fit=16%2C16&amp;ssl=1\" class=\"alignnone size-full wp-image-1072\" src=\"https:\/\/i0.wp.com\/www.freidenker.org\/fw17\/wp-content\/uploads\/2017\/10\/pdf_icon-e1509487447542.png?resize=16%2C16&#038;ssl=1\" alt=\"\" width=\"16\" height=\"16\" \/> <a href=\"https:\/\/www.freidenker.org\/fw17\/wp-content\/uploads\/2025\/07\/Freidenker_2025-02_Gedanken-UndMeinungsfreiheitVerteidigen.pdf\" target=\"_blank\" rel=\"noopener\">PDF-Dokument<\/a>, ca. 252 KB)<\/li>\n<\/ul>\n<p><strong>Meldungen, Meinungen<\/strong><\/p>\n<ul>\n<li>Wolfgang Bittner<br \/>\nSozialdemokraten besinnen sich<\/li>\n<\/ul>\n<p><strong>Chronik<\/strong><\/p>\n<ul>\n<li>Verbandsvorstand<\/li>\n<li>80 Jahre Begegnung<\/li>\n<li>Unsterbliches Regiment<\/li>\n<li>Odessa &#8211; kein Vergessen<\/li>\n<li>8. und 9. Mai<\/li>\n<li><a href=\"https:\/\/www.freidenker.org\/?p=21994\">Freidenker-Verbandstag 2025<\/a><\/li>\n<li>Wir gratulieren herzlich<\/li>\n<li>Stefan Siegert<br \/>\n<a href=\"https:\/\/www.freidenker.org\/?p=21782\">Gegen die Torheit des Antikommunismus \u2013 Ein Nachruf auf Dieter S\u00fcverkr\u00fcp<\/a><\/li>\n<li>Wir trauern um Christopher Black<\/li>\n<\/ul>\n<p><strong>Veranstaltungshinweis<\/strong><\/p>\n<ul>\n<li>Tagung der Weltunion der Freidenker<\/li>\n<\/ul>\n<p><strong>B\u00fccher f\u00fcr Freidenker<\/strong><\/p>\n<ul>\n<li>Werner Raupp: Denis Diderot &#8211; Ein funkenspr\u00fchender Kopf<\/li>\n<\/ul>\n<p><strong>Lyrik<\/strong><\/p>\n<ul>\n<li>Bertolt Brecht<br \/>\nGebt keinen euresgleichen auf!<\/li>\n<\/ul>\n<p>&nbsp;<\/p>\n<p><img data-recalc-dims=\"1\" loading=\"lazy\" decoding=\"async\" data-attachment-id=\"22285\" data-permalink=\"https:\/\/www.freidenker.org\/?attachment_id=22285\" data-orig-file=\"https:\/\/i0.wp.com\/www.freidenker.org\/fw17\/wp-content\/uploads\/2025\/07\/fd_2025-02_640px.jpg?fit=455%2C642&amp;ssl=1\" data-orig-size=\"455,642\" data-comments-opened=\"0\" data-image-meta=\"{&quot;aperture&quot;:&quot;0&quot;,&quot;credit&quot;:&quot;&quot;,&quot;camera&quot;:&quot;&quot;,&quot;caption&quot;:&quot;&quot;,&quot;created_timestamp&quot;:&quot;0&quot;,&quot;copyright&quot;:&quot;&quot;,&quot;focal_length&quot;:&quot;0&quot;,&quot;iso&quot;:&quot;0&quot;,&quot;shutter_speed&quot;:&quot;0&quot;,&quot;title&quot;:&quot;&quot;,&quot;orientation&quot;:&quot;1&quot;}\" data-image-title=\"fd_2025-02_640px\" data-image-description=\"\" data-image-caption=\"\" data-large-file=\"https:\/\/i0.wp.com\/www.freidenker.org\/fw17\/wp-content\/uploads\/2025\/07\/fd_2025-02_640px.jpg?fit=455%2C642&amp;ssl=1\" class=\"alignnone wp-image-22285 size-full\" src=\"https:\/\/i0.wp.com\/www.freidenker.org\/fw17\/wp-content\/uploads\/2025\/07\/fd_2025-02_640px.jpg?resize=455%2C642&#038;ssl=1\" alt=\"\" width=\"455\" height=\"642\" srcset=\"https:\/\/i0.wp.com\/www.freidenker.org\/fw17\/wp-content\/uploads\/2025\/07\/fd_2025-02_640px.jpg?w=455&amp;ssl=1 455w, https:\/\/i0.wp.com\/www.freidenker.org\/fw17\/wp-content\/uploads\/2025\/07\/fd_2025-02_640px.jpg?resize=213%2C300&amp;ssl=1 213w\" sizes=\"auto, (max-width: 455px) 100vw, 455px\" \/><\/p>\n<hr \/>\n<h5>Online-Ausgabe:<\/h5>\n<p>Das Heft kann hier voraussichtlich ab dem 15.06.2026 komplett als PDF-Dokument angesehen und heruntergeladen werden.<\/p>\n<p>Zum\u00a0<a href=\"https:\/\/www.freidenker.org\/?page_id=1682\">\u00dcberblick \u00fcber alle Online-Ausgaben<\/a><\/p>\n","protected":false},"excerpt":{"rendered":"<p><b>Die Ausgabe 2-25 des Verbandsorgans FREIDENKER hat das Schwerpunkt-Thema \u201eFaschismus \u2013 Formen, Wesen, Aktuelle Gefahren\u201c und enth\u00e4lt u.a. folgende Beitr\u00e4ge:<\/b><br \/>\n&#8211; Tilo Graeser: In Moskau zum 80. Jahrestag des Sieges \u00fcber den Faschismus<br \/>\n&#8211; Helmut Selinger: Ist die AfD als faschistisch zu charakterisieren?<br \/>\n&#8211; Patrik Baab: \u00dcber Corona und Ukraine-Krieg zum autorit\u00e4ren Staat<br \/>\n&#8211; Conny Renkl: \u00dcber Formen und Wesen des Faschismus<br \/>\n&#8211; Diether Dehm: Zu Andreas Wehrs, Thalheimers und Trotzkis Faschismus-Deutungen<br \/>\n&#8211; Christel Buchinger: Taubenfu\u00df-Faschismus<br \/>\n&#8211; Gedanken- und Meinungsfreiheit verteidigen! Entschlie\u00dfung des Verbandstages 31. Mai &#8211; 01. Juni 2025<\/p>\n","protected":false},"author":3,"featured_media":22286,"comment_status":"closed","ping_status":"closed","sticky":false,"template":"","format":"standard","meta":{"colormag_page_container_layout":"default_layout","colormag_page_sidebar_layout":"default_layout","advanced_seo_description":"","jetpack_seo_html_title":"","jetpack_seo_noindex":false,"jetpack_post_was_ever_published":false,"footnotes":""},"categories":[8],"tags":[1031,2664,1256,451,491,2044,2440,395,222,687,639,1732],"class_list":["post-22283","post","type-post","status-publish","format-standard","has-post-thumbnail","hentry","category-verbandsorgan-freidenker","tag-afd","tag-autoritaerer-staat","tag-corona-virus","tag-faschismus","tag-geschichte","tag-kriegskosten","tag-kriegstuechtigkeit","tag-meinungsfreiheit","tag-russland","tag-tag-der-befreiung","tag-ukraine-konflikt","tag-waffenstillstand"],"jetpack_featured_media_url":"https:\/\/i0.wp.com\/www.freidenker.org\/fw17\/wp-content\/uploads\/2025\/07\/FD_2025-02_Titel_mR.jpg?fit=800%2C445&ssl=1","jetpack_shortlink":"https:\/\/wp.me\/p9stpK-5Np","jetpack-related-posts":[{"id":7964,"url":"https:\/\/www.freidenker.org\/?p=7964","url_meta":{"origin":22283,"position":0},"title":"Was Faschismus ist und Antifaschismus folglich sein muss","author":"Webredaktion","date":"21. April 2020","format":false,"excerpt":"Beitrag von Klaus Hartmann aus FREIDENKER 1-20 Die \u00f6ffentliche Debatte dar\u00fcber, was faschistisch oder antifaschistisch und demokratisch ist, scheint von politischer Verwirrung gekennzeichnet. Das Koordinatensystem, was politisch rechts oder links ist, ist durcheinandergewirbelt. ... Diese Verwirrung ist nicht die Folge von verlorengegangenem Wissen oder mangelndem Bildungsinteresse. Sie ist gezielt herbeigew\u00fcnschtes\u2026","rel":"","context":"In &quot;Frieden - Antifaschismus - Solidarit\u00e4t&quot;","block_context":{"text":"Frieden - Antifaschismus - Solidarit\u00e4t","link":"https:\/\/www.freidenker.org\/?cat=13"},"img":{"alt_text":"","src":"https:\/\/i0.wp.com\/www.freidenker.org\/fw17\/wp-content\/uploads\/2020\/04\/soldatinnen_montage_v02a_800x450.jpg?fit=800%2C450&ssl=1&resize=350%2C200","width":350,"height":200,"srcset":"https:\/\/i0.wp.com\/www.freidenker.org\/fw17\/wp-content\/uploads\/2020\/04\/soldatinnen_montage_v02a_800x450.jpg?fit=800%2C450&ssl=1&resize=350%2C200 1x, https:\/\/i0.wp.com\/www.freidenker.org\/fw17\/wp-content\/uploads\/2020\/04\/soldatinnen_montage_v02a_800x450.jpg?fit=800%2C450&ssl=1&resize=525%2C300 1.5x, https:\/\/i0.wp.com\/www.freidenker.org\/fw17\/wp-content\/uploads\/2020\/04\/soldatinnen_montage_v02a_800x450.jpg?fit=800%2C450&ssl=1&resize=700%2C400 2x"},"classes":[]},{"id":12804,"url":"https:\/\/www.freidenker.org\/?p=12804","url_meta":{"origin":22283,"position":1},"title":"Auf zum \u201eTag der Begegnung\u201c am 23. April 2022 nach Torgau!","author":"Webredaktion","date":"16. April 2022","format":false,"excerpt":"Am 23. April 2022 wird in Torgau anl\u00e4sslich des \u201eTages der Begegnung\u201c erneut eine Friedensdemonstration stattfinden. Der \u201eTag der Begegnung\u201c erinnert an das Zusammentreffen der Soldaten der Roten Armee und der US\u2013Armee am 25.April 1945 an der Elbe und Ihren historischen Handschlag, der zum Symbol der Befreiung vom Faschismus und\u2026","rel":"","context":"In &quot;Frieden - Antifaschismus - Solidarit\u00e4t&quot;","block_context":{"text":"Frieden - Antifaschismus - Solidarit\u00e4t","link":"https:\/\/www.freidenker.org\/?cat=13"},"img":{"alt_text":"","src":"https:\/\/i0.wp.com\/www.freidenker.org\/fw17\/wp-content\/uploads\/2022\/04\/DEMONSTRATION-AM-23.-APRIL-2022-800x450-1.jpg?fit=800%2C450&ssl=1&resize=350%2C200","width":350,"height":200,"srcset":"https:\/\/i0.wp.com\/www.freidenker.org\/fw17\/wp-content\/uploads\/2022\/04\/DEMONSTRATION-AM-23.-APRIL-2022-800x450-1.jpg?fit=800%2C450&ssl=1&resize=350%2C200 1x, https:\/\/i0.wp.com\/www.freidenker.org\/fw17\/wp-content\/uploads\/2022\/04\/DEMONSTRATION-AM-23.-APRIL-2022-800x450-1.jpg?fit=800%2C450&ssl=1&resize=525%2C300 1.5x, https:\/\/i0.wp.com\/www.freidenker.org\/fw17\/wp-content\/uploads\/2022\/04\/DEMONSTRATION-AM-23.-APRIL-2022-800x450-1.jpg?fit=800%2C450&ssl=1&resize=700%2C400 2x"},"classes":[]},{"id":15624,"url":"https:\/\/www.freidenker.org\/?p=15624","url_meta":{"origin":22283,"position":2},"title":"FREIDENKER Nr. 1-23 \u2013 Verfemte K\u00fcnstler","author":"Webredaktion","date":"28. M\u00e4rz 2023","format":false,"excerpt":"Die Ausgabe 1-23 des Verbandsorgans FREIDENKER hat das Schwerpunkt-Thema \u201eVerfemte K\u00fcnstler\u201c und enth\u00e4lt u.a. folgende Beitr\u00e4ge: - Diether Dehm: Degenhardt, S\u00fcverkr\u00fcp und die Innenarchitektur des Imperialismus - Franziska Schneider: Garantiert kein Fernsehkabarett - Dreimal Dietrich Kittner (Rotk\u00e4ppchen und Currywurst, Vater geht betteln, Skandal im Friedenslager) - Klaus von Raussendorff: \u201eDie\u2026","rel":"","context":"In &quot;Kultur &amp; Kunst&quot;","block_context":{"text":"Kultur &amp; Kunst","link":"https:\/\/www.freidenker.org\/?cat=913"},"img":{"alt_text":"","src":"https:\/\/i0.wp.com\/www.freidenker.org\/fw17\/wp-content\/uploads\/2023\/03\/FD_2023-01_Titel_mR.jpg?fit=800%2C445&ssl=1&resize=350%2C200","width":350,"height":200,"srcset":"https:\/\/i0.wp.com\/www.freidenker.org\/fw17\/wp-content\/uploads\/2023\/03\/FD_2023-01_Titel_mR.jpg?fit=800%2C445&ssl=1&resize=350%2C200 1x, https:\/\/i0.wp.com\/www.freidenker.org\/fw17\/wp-content\/uploads\/2023\/03\/FD_2023-01_Titel_mR.jpg?fit=800%2C445&ssl=1&resize=525%2C300 1.5x, https:\/\/i0.wp.com\/www.freidenker.org\/fw17\/wp-content\/uploads\/2023\/03\/FD_2023-01_Titel_mR.jpg?fit=800%2C445&ssl=1&resize=700%2C400 2x"},"classes":[]},{"id":12444,"url":"https:\/\/www.freidenker.org\/?p=12444","url_meta":{"origin":22283,"position":3},"title":"Die USA und die EU steuern auf die Rehabilitierung des Faschismus zu","author":"Webredaktion","date":"12. M\u00e4rz 2022","format":false,"excerpt":"Appell des Pr\u00e4sidiums des Zentralkomitees der Kommunistischen Partei der Russischen F\u00f6deration (KPRF) In diesen Tagen nehmen die Bandera-Faschisten Hunderttausende von Einwohnern ukrainischer St\u00e4dte als Geiseln, um eine vollst\u00e4ndige Niederlage zu vermeiden. Unter Androhung des Todes lassen die Nazis die Zivilbev\u00f6lkerung nicht aus dem Kampfgebiet heraus und verdammen sie zur Rolle\u2026","rel":"","context":"In &quot;Frieden - Antifaschismus - Solidarit\u00e4t&quot;","block_context":{"text":"Frieden - Antifaschismus - Solidarit\u00e4t","link":"https:\/\/www.freidenker.org\/?cat=13"},"img":{"alt_text":"","src":"https:\/\/i0.wp.com\/www.freidenker.org\/fw17\/wp-content\/uploads\/2022\/03\/Sjuganow_KPRF_800x450.jpg?fit=800%2C450&ssl=1&resize=350%2C200","width":350,"height":200,"srcset":"https:\/\/i0.wp.com\/www.freidenker.org\/fw17\/wp-content\/uploads\/2022\/03\/Sjuganow_KPRF_800x450.jpg?fit=800%2C450&ssl=1&resize=350%2C200 1x, https:\/\/i0.wp.com\/www.freidenker.org\/fw17\/wp-content\/uploads\/2022\/03\/Sjuganow_KPRF_800x450.jpg?fit=800%2C450&ssl=1&resize=525%2C300 1.5x, https:\/\/i0.wp.com\/www.freidenker.org\/fw17\/wp-content\/uploads\/2022\/03\/Sjuganow_KPRF_800x450.jpg?fit=800%2C450&ssl=1&resize=700%2C400 2x"},"classes":[]},{"id":768,"url":"https:\/\/www.freidenker.org\/?p=768","url_meta":{"origin":22283,"position":4},"title":"FREIDENKER 4-12 EXTRA &#8211; Aufgaben der Aufkl\u00e4rung: &#8222;Die Richtigstellung der Begriffe&#8220;","author":"Webmaster","date":"16. Dezember 2012","format":false,"excerpt":"Die Ausgabe 4-12 des Verbandsorgans FREIDENKER beinhaltet aktuelle grundlegende Dokumente des Deutschen Freidenker-Verbandes: - Aufgaben der Aufkl\u00e4rung: \u201eDie Richtigstellung der Begriffe\u201c (beschlossen 2012) - Gegen Volksverdummung und die Zerst\u00f6rung der Vernunft \u2013 F\u00fcr Aufkl\u00e4rung! (beschlossen 2009) - Berliner Erkl\u00e4rung: \u201eWer sind die Freidenker und was wollen sie?\u201c (beschlossen 1994) -\u2026","rel":"","context":"In &quot;Verbandsorgan FREIDENKER&quot;","block_context":{"text":"Verbandsorgan FREIDENKER","link":"https:\/\/www.freidenker.org\/?cat=8"},"img":{"alt_text":"","src":"https:\/\/i0.wp.com\/www.freidenker.org\/fw17\/wp-content\/uploads\/2017\/12\/FD_2012-04_Titel_mR.jpg?fit=800%2C445&ssl=1&resize=350%2C200","width":350,"height":200,"srcset":"https:\/\/i0.wp.com\/www.freidenker.org\/fw17\/wp-content\/uploads\/2017\/12\/FD_2012-04_Titel_mR.jpg?fit=800%2C445&ssl=1&resize=350%2C200 1x, https:\/\/i0.wp.com\/www.freidenker.org\/fw17\/wp-content\/uploads\/2017\/12\/FD_2012-04_Titel_mR.jpg?fit=800%2C445&ssl=1&resize=525%2C300 1.5x, https:\/\/i0.wp.com\/www.freidenker.org\/fw17\/wp-content\/uploads\/2017\/12\/FD_2012-04_Titel_mR.jpg?fit=800%2C445&ssl=1&resize=700%2C400 2x"},"classes":[]},{"id":8263,"url":"https:\/\/www.freidenker.org\/?p=8263","url_meta":{"origin":22283,"position":5},"title":"FREIDENKER 2-20 EXTRA \u2013 Ein \u201etiefer Staat\u201c?","author":"Webredaktion","date":"18. Juni 2020","format":false,"excerpt":"Die EXTRA-Ausgabe 2-20 des Verbandsorgans FREIDENKER hat das Schwerpunkt-Thema \u201eKrisen, Kriege & die Machthaber im \"Westen\" \u2013 Ein \"tiefer Staat\"?\u201c und enth\u00e4lt die Redebeitr\u00e4ge der Konferenz des Deutschen Freidenker-Verbandes vom 16. November 2019 in Stuttgart Darin: - Klaus Hartmann: Ein \u201etiefer Staat\u201c \u2013 gibt\u2019s das \u00fcberhaupt? - Ullrich Mies: Wer\u2026","rel":"","context":"In &quot;Demokratie \u2013 Medien \u2013 Aufkl\u00e4rung&quot;","block_context":{"text":"Demokratie \u2013 Medien \u2013 Aufkl\u00e4rung","link":"https:\/\/www.freidenker.org\/?cat=12"},"img":{"alt_text":"","src":"https:\/\/i0.wp.com\/www.freidenker.org\/fw17\/wp-content\/uploads\/2020\/06\/FD_2020-02_Titel_mR.jpg?fit=800%2C445&ssl=1&resize=350%2C200","width":350,"height":200,"srcset":"https:\/\/i0.wp.com\/www.freidenker.org\/fw17\/wp-content\/uploads\/2020\/06\/FD_2020-02_Titel_mR.jpg?fit=800%2C445&ssl=1&resize=350%2C200 1x, https:\/\/i0.wp.com\/www.freidenker.org\/fw17\/wp-content\/uploads\/2020\/06\/FD_2020-02_Titel_mR.jpg?fit=800%2C445&ssl=1&resize=525%2C300 1.5x, https:\/\/i0.wp.com\/www.freidenker.org\/fw17\/wp-content\/uploads\/2020\/06\/FD_2020-02_Titel_mR.jpg?fit=800%2C445&ssl=1&resize=700%2C400 2x"},"classes":[]}],"_links":{"self":[{"href":"https:\/\/www.freidenker.org\/index.php?rest_route=\/wp\/v2\/posts\/22283","targetHints":{"allow":["GET"]}}],"collection":[{"href":"https:\/\/www.freidenker.org\/index.php?rest_route=\/wp\/v2\/posts"}],"about":[{"href":"https:\/\/www.freidenker.org\/index.php?rest_route=\/wp\/v2\/types\/post"}],"author":[{"embeddable":true,"href":"https:\/\/www.freidenker.org\/index.php?rest_route=\/wp\/v2\/users\/3"}],"replies":[{"embeddable":true,"href":"https:\/\/www.freidenker.org\/index.php?rest_route=%2Fwp%2Fv2%2Fcomments&post=22283"}],"version-history":[{"count":7,"href":"https:\/\/www.freidenker.org\/index.php?rest_route=\/wp\/v2\/posts\/22283\/revisions"}],"predecessor-version":[{"id":24656,"href":"https:\/\/www.freidenker.org\/index.php?rest_route=\/wp\/v2\/posts\/22283\/revisions\/24656"}],"wp:featuredmedia":[{"embeddable":true,"href":"https:\/\/www.freidenker.org\/index.php?rest_route=\/wp\/v2\/media\/22286"}],"wp:attachment":[{"href":"https:\/\/www.freidenker.org\/index.php?rest_route=%2Fwp%2Fv2%2Fmedia&parent=22283"}],"wp:term":[{"taxonomy":"category","embeddable":true,"href":"https:\/\/www.freidenker.org\/index.php?rest_route=%2Fwp%2Fv2%2Fcategories&post=22283"},{"taxonomy":"post_tag","embeddable":true,"href":"https:\/\/www.freidenker.org\/index.php?rest_route=%2Fwp%2Fv2%2Ftags&post=22283"}],"curies":[{"name":"wp","href":"https:\/\/api.w.org\/{rel}","templated":true}]}}