{"id":22268,"date":"2025-07-03T17:27:30","date_gmt":"2025-07-03T15:27:30","guid":{"rendered":"https:\/\/www.freidenker.org\/?p=22268"},"modified":"2025-08-02T13:45:04","modified_gmt":"2025-08-02T11:45:04","slug":"razzia-gegen-hetze-dobrindt-und-der-schwachkopf-tag","status":"publish","type":"post","link":"https:\/\/www.freidenker.org\/?p=22268","title":{"rendered":"Razzia gegen &#8222;Hetze&#8220;: Dobrindt und der Schwachkopf-Tag"},"content":{"rendered":"<p><strong>Also sind sie wieder einmal aufgebrochen, hunderte von Polizisten, um in heldenhaftem Einsatz gef\u00e4hrliche Meinungsverbrecher heimzusuchen und Handys und Computer zu beschlagnahmen. In diesem Fall ist zwischen Lachen und Weinen eher auf Lachen zu pl\u00e4dieren.<\/strong><\/p>\n<p><em>Von <strong>Dagmar Henn<\/strong><\/em><\/p>\n<p><span style=\"font-size: 10pt;\">Erstver\u00f6ffentlichung am 26.06.2025 auf <a href=\"https:\/\/freedert.online\/meinung\/249099-dobrindt-und-schwachkopf-tag\/\" target=\"_blank\" rel=\"noopener\">RT DE<\/a><\/span><\/p>\n<div class=\"EmbedBlock-root EmbedBlock-all\">\n<div class=\"AllEmbed\"><iframe loading=\"lazy\" title=\"Razzia gegen &quot;Hetze&quot;: Dobrindt und der Schwachkopf-Tag\" src=\"https:\/\/www.podbean.com\/player-v2\/?i=5vqbg-18ecb01-pb&amp;from=pb6admin&amp;share=1&amp;download=1&amp;rtl=0&amp;fonts=Arial&amp;skin=f6f6f6&amp;font-color=auto&amp;logo_link=episode_page&amp;btn-skin=7\" width=\"100%\" height=\"150\" scrolling=\"no\" data-name=\"pb-iframe-player\" data-mce-fragment=\"1\"><\/iframe><\/div>\n<\/div>\n<p>Sollte man das jetzt den nationalen Zensurtag nennen, wenn die Polizei bundesweit ausschw\u00e4rmt, um gef\u00e4hrliche Internet-Meiner aus dem Schlaf zu rei\u00dfen und ihnen ihre digitalen Meinungswerkzeuge zu entrei\u00dfen? Nachdem der letzte solche Aktionstag erst vergangenen November war, w\u00e4re die Bezeichnung schwierig \u2013 schlie\u00dflich gibt es keine Garantie, dass es bei einem dieser Tage pro Jahr bleibt. Also doch lieber eine Bezeichnung w\u00e4hlen, die jedem sofort klarmacht, worum es geht. Nennen wir es den Schwachkopf-Tag.<\/p>\n<p>Das passt, weil der polizeiliche \u00dcberfall auf den Rentner Stefan Niehoff wegen des Teilens des beliebten Habeck-Memes &#8222;Schwachkopf&#8220; diese Art obrigkeitsstaatlichen Aktionsrausch bundesweit bekannt gemacht hat. Auch wenn das fr\u00e4nkische Gericht, vor dem Niehoff vor wenigen Tagen verurteilt wurde, sich um den Schwachkopf herumdr\u00fcckte, daf\u00fcr aber wieder einmal Kritik, die Vergleiche zwischen der Nazizeit und heute zieht, als &#8222;Verwendung verbotener Kennzeichen&#8220; verurteilte.<\/p>\n<p>Kennt man schon \u2013 nicht der ukrainische Nazi ist Objekt der deutschen Strafverfolgung, sondern der, der Bilder ver\u00f6ffentlicht, um\u00a0dessen Existenz zu belegen. Und nicht die Corona-Hysterie f\u00fchrt zur Strafverfolgung, sondern deren Darstellung durch den US-Schriftsteller C.J. Hopkins, der es wagte, sein Buch dar\u00fcber mit einem angedeuteten Hakenkreuz auf einer Maske zu verzieren. Eigentlich ein Wunder, dass Charlie Chaplins &#8222;Der gro\u00dfe Diktator&#8220; in Deutschland noch nicht auf dem Index steht. Heil Hynkel!<\/p>\n<p>Das US-Portal <em>Remix<\/em> hat \u00fcbrigens schon daf\u00fcr <a href=\"https:\/\/rmx.news\/article\/free-speech-travesty-german-pensioner-who-called-green-economic-minister-habeck-an-idiot-has-been-convicted\/\">gesorgt<\/a>, dass auch die Fortsetzung der Schwachkopf-Aff\u00e4re (die, man erinnere sich, den gro\u00dfen Teich \u00fcberwand und sogar Teil des Auftritts von US-Vizepr\u00e4sident J. D.Vance auf der M\u00fcnchner Sicherheitskonferenz wurde) weltweite Bekanntheit erlangen kann. Dort wird auch genauer dargestellt, welches Vergehen nun anstelle von Schwachkopf die Verurteilung des Rentners rechtfertigt: dass er unter anderem eine Fotomontage mit der bayrischen Gr\u00fcnen-Politikerin Katharina Schulze geteilt habe, auf der diese den Arm im Hitlergru\u00df hebt.<\/p>\n<figure id=\"attachment_22270\" aria-describedby=\"caption-attachment-22270\" style=\"width: 506px\" class=\"wp-caption alignnone\"><img data-recalc-dims=\"1\" loading=\"lazy\" decoding=\"async\" data-attachment-id=\"22270\" data-permalink=\"https:\/\/www.freidenker.org\/?attachment_id=22270\" data-orig-file=\"https:\/\/i0.wp.com\/www.freidenker.org\/fw17\/wp-content\/uploads\/2025\/07\/spiegel_das_gruene_reich.jpg?fit=506%2C680&amp;ssl=1\" data-orig-size=\"506,680\" data-comments-opened=\"0\" data-image-meta=\"{&quot;aperture&quot;:&quot;0&quot;,&quot;credit&quot;:&quot;&quot;,&quot;camera&quot;:&quot;&quot;,&quot;caption&quot;:&quot;&quot;,&quot;created_timestamp&quot;:&quot;0&quot;,&quot;copyright&quot;:&quot;&quot;,&quot;focal_length&quot;:&quot;0&quot;,&quot;iso&quot;:&quot;0&quot;,&quot;shutter_speed&quot;:&quot;0&quot;,&quot;title&quot;:&quot;&quot;,&quot;orientation&quot;:&quot;0&quot;}\" data-image-title=\"spiegel_das_gruene_reich\" data-image-description=\"\" data-image-caption=\"\" data-large-file=\"https:\/\/i0.wp.com\/www.freidenker.org\/fw17\/wp-content\/uploads\/2025\/07\/spiegel_das_gruene_reich.jpg?fit=506%2C680&amp;ssl=1\" class=\"wp-image-22270 size-full\" src=\"https:\/\/i0.wp.com\/www.freidenker.org\/fw17\/wp-content\/uploads\/2025\/07\/spiegel_das_gruene_reich.jpg?resize=506%2C680&#038;ssl=1\" alt=\"\" width=\"506\" height=\"680\" srcset=\"https:\/\/i0.wp.com\/www.freidenker.org\/fw17\/wp-content\/uploads\/2025\/07\/spiegel_das_gruene_reich.jpg?w=506&amp;ssl=1 506w, https:\/\/i0.wp.com\/www.freidenker.org\/fw17\/wp-content\/uploads\/2025\/07\/spiegel_das_gruene_reich.jpg?resize=223%2C300&amp;ssl=1 223w\" sizes=\"auto, (max-width: 506px) 100vw, 506px\" \/><figcaption id=\"caption-attachment-22270\" class=\"wp-caption-text\"><span style=\"font-size: 10pt;\">Die Montage, die zur Verurteilung des Rentners Stefan Niehoff f\u00fchrte<\/span><\/figcaption><\/figure>\n<p>Nach Ansicht des Richters sei nicht unmittelbar klar, ob das Bild nicht doch den Nazismus verherrliche. Eine interessante Idee, auch fiskalisch \u2013 55 Tagess\u00e4tze wurden berechnet; wie viel Geld k\u00f6nnte der Staat dann bei all jenen einnehmen, die Anfang des Jahres Elon Musk einen Nazigru\u00df unterstellten und das entsprechende Bild begeistert teilten? Vermutlich keins, weil sie sich ja dann selbst bei einem der ber\u00fcchtigten Denunziationsportale anzeigen m\u00fcssten\u00a0\u2026<\/p>\n<p>https:\/\/twitter.com\/bowclop\/status\/1881431540632268907<\/p>\n<div class=\"EmbedBlock-root EmbedBlock-twitter\">\n<div class=\"TwitterEmbed\">\n<div class=\"twitter-tweet twitter-tweet-rendered\">Was ja das n\u00e4chste h\u00fcbsche Detail aus dem Verfahren gegen Niehoff ist: dass er urspr\u00fcnglich \u00fcber ein Portal angezeigt wurde, das das Bundesland Hessen betreibt, &#8222;Hessen gegen Hetze&#8220;. Ein kleines Geschenk der hessischen CDU an die Menschheit. Und ein hervorragendes Arbeitsbeschaffungsprogramm f\u00fcr besch\u00e4ftigungslose Strafverfolgungsbeh\u00f6rden: von 659 Meldungen im Jahr 2020 stieg die Zahl bis 2024 auf 15.162. Was daran denken l\u00e4sst, dass die Polizei Berlin zum Schwachkopf-Tag sogar twitterte, stolz wie Bolle. Kein Wunder, dass die Reaktionen des Kommentariats entsprechend begeistert waren.<\/div>\n<\/div>\n<\/div>\n<div class=\"embed-twitter\">\n<blockquote class=\"twitter-tweet\" data-width=\"550\" data-dnt=\"true\">\n<p lang=\"de\" dir=\"ltr\">Berlin hat deutschlandweit die geringste Aufkl\u00e4rungsquote bei Straftaten. Bei Straftaten gegen die sexuelle Selbstbestimmung liegt die Quote bei mickrigen 69%. Straftaten gegen das Leben 66%.<br \/>Aber daf\u00fcr haben wir nat\u00fcrlich gro\u00dfes Verst\u00e4ndnis. Was sind schon Vergewaltigungen und\u2026<\/p>\n<p>&mdash; Maxima (@maxima_8) <a href=\"https:\/\/twitter.com\/maxima_8\/status\/1937929209625588126?ref_src=twsrc%5Etfw\">June 25, 2025<\/a><\/p><\/blockquote>\n<p><script async src=\"https:\/\/platform.twitter.com\/widgets.js\" charset=\"utf-8\"><\/script><\/div>\n<div class=\"EmbedBlock-root EmbedBlock-twitter\">\n<div class=\"TwitterEmbed\">\n<div class=\"twitter-tweet twitter-tweet-rendered\">Wobei in der Berichterstattung \u00fcber das fr\u00e4nkische Urteil (eigenartigerweise ist die Justiz in Franken auf diesem Sektor besonders eifrig, so z\u00f6gerlich sie ist, wenn es darum geht, gef\u00e4hrlich psychisch Kranke in die Psychiatrie einzuweisen) in der deutschen Presse aus dem oben gezeigten Schulze-Meme dann etwas wurde wie &#8222;Rentner wegen Hitlergru\u00df verurteilt.&#8220;<\/div>\n<\/div>\n<\/div>\n<p>Immerhin, mit dieser Hintergrundinformation im Kopf hat man eine etwas genauere Vorstellung, was unter vermeintlich rechtsextremen &#8222;Hass und Hetze&#8220; zu verstehen ist. Weiteres Material zu diesem Zirkus findet sich in unserer Berichterstattung, wie zu einem anderen Fall in Franken, in dem es um Bilder der oben bereits erw\u00e4hnten ukrainischen Nazis ging.<\/p>\n<p>Allerdings fragt man sich, welche Wirkung mit dieser Verschwendung von Steuergeldern erzielt werden soll. Klar, ein paar hundert Arbeitsstunden von Polizeibeamten liefern einen praktischen Anlass, um die aufgeblasenen Zahlen vermeintlicher Straftaten wieder einmal durch die Presse zu jagen und dazu dann Spr\u00fcche abzugeben wie der nordrhein-westf\u00e4lische Innenminister Herbert Reul:<\/p>\n<p><em>&#8222;Viele Menschen haben den Unterschied zwischen Hass und Meinung verlernt.&#8220;<\/em><\/p>\n<p>Was nicht zutrifft, weil man diesen Unterschied nicht lernen, sondern sich nur einbilden kann \u2013 auch Hass ist eine Meinung. Und sogar eigentlich eine, deren \u00c4u\u00dferung legal ist. Auch wenn man inzwischen nicht mehr wei\u00df, ob man auf fr\u00fchere Entscheidungen des Bundesverfassungsgerichts in diesem Zusammenhang noch etwas geben kann.<\/p>\n<p>Immerhin, bei diesem Durchlauf war der Protest etwas breiter. Der ehemalige FDP-Fraktionschef Wolfgang Kubicki kommentierte den Auftrieb auf X:<\/p>\n<div class=\"embed-twitter\">\n<blockquote class=\"twitter-tweet\" data-width=\"550\" data-dnt=\"true\">\n<p lang=\"de\" dir=\"ltr\">Strafverfolgung wegen \u00c4u\u00dferungsdelikten als \u201eAktionstag\u201c zu inszenieren, ist nicht dazu geeignet, das Vertrauen in die staatlichen Institutionen zu festigen \u2013 schon gar nicht im Zusammenhang mit Politikerbeleidigungen.<br \/>Wenn NRW-Innenminister Reul das \u00fcber die dpa unter anderem\u2026 <a href=\"https:\/\/t.co\/tqQc8LZZrX\">pic.twitter.com\/tqQc8LZZrX<\/a><\/p>\n<p>&mdash; Wolfgang Kubicki (@KubickiWo) <a href=\"https:\/\/twitter.com\/KubickiWo\/status\/1937754271317209276?ref_src=twsrc%5Etfw\">June 25, 2025<\/a><\/p><\/blockquote>\n<p><script async src=\"https:\/\/platform.twitter.com\/widgets.js\" charset=\"utf-8\"><\/script><\/div>\n<div class=\"EmbedBlock-root EmbedBlock-twitter\">\n<div class=\"TwitterEmbed\">\n<div class=\"twitter-tweet twitter-tweet-rendered\">Und auch die <em>Welt<\/em> g\u00f6nnte sich einen <a href=\"https:\/\/archive.ph\/HMtYV\">Kommentar<\/a>:\u00a0&#8222;Das unw\u00fcrdige Schauspiel der &#8218;Aktionstage gegen Hass&#8216;.&#8220; Das ist noch nicht viel, und Kubicki muss ohnehin wieder mal mit ein paar b\u00fcrgerrechtsorientierten Auftritten die FDP retten, aber es ist mehr als zum ersten Schwachkopf-Tag.<\/div>\n<\/div>\n<\/div>\n<p>Die Frage, die sich stellt, ist dann nur, ob und wie lange diese Einsch\u00fcchterungsnummer funktioniert. Es w\u00e4re interessant zu wissen, ob die Polizisten, die da heimsuchen mussten, abgestellt wurden oder ob das Freiwillige waren. Und ob und wie lange die Polizei eigentlich beabsichtigt, bei derart dummen Aktionen mitzuspielen.<\/p>\n<p>Denn bei Einsch\u00fcchterung gibt es ein Problem: Wenn sie immer st\u00e4rker ausgeweitet wird, dann l\u00e4sst die Wirkung nach oder die Einsch\u00fcchterung muss weiter versch\u00e4rft werden. Wie weit ist der bundesdeutsche Staat bereit, zu gehen, wegen Meinungs\u00e4u\u00dferungen von geringer Reichweite? Wenn Hausdurchsuchungen dieser Art zwar nervig sind (vor allem wegen der beschlagnahmten Ger\u00e4te), aber im Grunde schon beim ersten Durchlauf des Schwachkopf-Tages im vergangenen November eben unter dem Problem litten, dass jeder mit nur einer Gehirnh\u00e4lfte nachvollziehen kann, warum man das Schwachkopf-Meme postet? Also die verfolgenden Beh\u00f6rden qua Kontaktschuld von der Schwachk\u00f6pfigkeit infiziert werden?<\/p>\n<p>Bei aller Leidenschaft f\u00fcr die Zensur, die auch bei der neuen Bundesregierung vorzuherrschen scheint, vermutlich ist der wahre Grund, warum dieses Spektakel durchgef\u00fchrt wurde, noch ganz woanders zu sehen. Immerhin, Menschen, die Meinungen im Internet posten, haben noch keine mit Steuergeldern finanzierten NGOs zur Hand, die ihnen Gebrauchsanweisungen f\u00fcr Durchsuchungen und Festnahmen erteilen oder einen Anwalt stellen. Die Gefahr, dass sie sich gewaltsam zur Wehr setzen, ist ebenfalls begrenzt \u2013 die Meinungs\u00e4u\u00dferung ist in vielen F\u00e4llen eine Ersatzhandlung, die eine Wut ableitet, die andernfalls wom\u00f6glich tats\u00e4chlich physische Gestalt annehmen k\u00f6nnte. Kurz gesagt, es ist ein Spielfeld, auf dem mit vergleichsweise wenig Risiko ein Erfolg zumindest behauptet werden kann.<\/p>\n<p>Der auf so vielen anderen Feldern nicht zu erreichen ist. Bei der Abschiebung Ausreisepflichtiger zum Beispiel. Bei der Bek\u00e4mpfung allt\u00e4glicher Gewaltkriminalit\u00e4t, die leider nicht einfach per IP-Abfrage zu kl\u00e4ren ist. Es steht fast zu f\u00fcrchten, dass der Schwachkopf-Tag sich nur an zweiter Stelle um Zensur dreht, egal, was die beteiligten Innenminister erkl\u00e4ren. An erster Stelle geht es darum, eine Staatsgewalt, deren Funktionst\u00fcchtigkeit im Alltag von vielen Deutschen l\u00e4ngst infrage gestellt wird, in Szene zu setzen. Da k\u00f6nnten genauso gut Parks\u00fcnder durchsucht werden. Die Meinungsdelikte liefern nicht nur die gew\u00fcnschten &#8222;rechtsextremen&#8220; Straftaten, sie sorgen auch f\u00fcr eine bessere Biodeutschenquote in der Kriminalstatistik, und geben sch\u00f6ne Schlagzeilen im Sinne von Polizeipr\u00e4senz.<\/p>\n<p>Also, Badem\u00e4ntel beschaffen und bereitlegen. Der n\u00e4chste Schwachkopf-Tag kommt bestimmt!<\/p>\n<p style=\"text-align: right;\"><em>Dagmar Henn ist Mitglied des Deutschen Freidenker-Verbandes<\/em><\/p>\n<hr \/>\n<p><span style=\"font-size: 10pt;\">Bild oben: Symbolbild<\/span><br \/>\n<span style=\"font-size: 10pt;\">Quelle: <a href=\"https:\/\/pixabay.com\/de\/photos\/polizei-polizeieinsatz-sicherheit-2808324\/\" target=\"_blank\" rel=\"noopener\">pixabay.com<\/a> \/ <a class=\"userName--owby3\" href=\"https:\/\/pixabay.com\/de\/users\/techline-1486206\/\" target=\"_blank\" rel=\"noopener\">TechLine<\/a> \/ <a href=\"https:\/\/pixabay.com\/de\/service\/license-summary\/\" target=\"_blank\" rel=\"noopener\">Inhaltslizenz<\/a><\/span><\/p>\n","protected":false},"excerpt":{"rendered":"<p><b>Beitrag von Dagmar Henn<\/b><br \/>\nSollte man das jetzt den nationalen Zensurtag nennen, wenn die Polizei bundesweit ausschw\u00e4rmt, um gef\u00e4hrliche Internet-Meiner aus dem Schlaf zu rei\u00dfen und ihnen ihre digitalen Meinungswerkzeuge zu entrei\u00dfen? Nachdem der letzte solche Aktionstag erst vergangenen November war, w\u00e4re die Bezeichnung schwierig \u2013 schlie\u00dflich gibt es keine Garantie, dass es bei einem dieser Tage pro Jahr bleibt. Also doch lieber eine Bezeichnung w\u00e4hlen, die jedem sofort klarmacht, worum es geht. Nennen wir es den Schwachkopf-Tag. Das passt, weil der polizeiliche \u00dcberfall auf den Rentner Stefan Niehoff wegen des Teilens des beliebten Habeck-Memes &#8222;Schwachkopf&#8220; diese Art obrigkeitsstaatlichen Aktionsrausch bundesweit bekannt gemacht hat. <\/p>\n","protected":false},"author":3,"featured_media":22271,"comment_status":"closed","ping_status":"closed","sticky":false,"template":"","format":"standard","meta":{"colormag_page_container_layout":"default_layout","colormag_page_sidebar_layout":"default_layout","advanced_seo_description":"","jetpack_seo_html_title":"","jetpack_seo_noindex":false,"jetpack_post_was_ever_published":false,"footnotes":""},"categories":[12],"tags":[2079,409,1541,1643,1174,1951,2667,2014,395,2666,1227,1855,527],"class_list":["post-22268","post","type-post","status-publish","format-standard","has-post-thumbnail","hentry","category-demokratie-medien-aufklaerung","tag-abschiebung","tag-berlin","tag-denunziation","tag-hass","tag-hessen","tag-hetze","tag-hitlergruss","tag-kriminalitaet","tag-meinungsfreiheit","tag-razzia","tag-rechtsextremismus","tag-verbot","tag-zensur"],"jetpack_featured_media_url":"https:\/\/i0.wp.com\/www.freidenker.org\/fw17\/wp-content\/uploads\/2025\/07\/police-2808324_800x450.jpg?fit=800%2C450&ssl=1","jetpack_shortlink":"https:\/\/wp.me\/p9stpK-5Na","jetpack-related-posts":[{"id":22160,"url":"https:\/\/www.freidenker.org\/?p=22160","url_meta":{"origin":22268,"position":0},"title":"Verfassungsschutzbericht: Tut das weh oder ist das heilbar?","author":"Webredaktion","date":"24. Juni 2025","format":false,"excerpt":"Beitrag von Dagmar Henn Ja, man wei\u00df wieder einmal nicht, ob man lachen oder weinen soll, wenn man sich die aktuelle Ausgabe des j\u00e4hrlichen Hauptwerks des Bundesamts f\u00fcr Verfassungsschutz zu Gem\u00fcte f\u00fchrt. Und ob man diesen Text ernst nehmen oder nur als Steinbruch f\u00fcr Stilbl\u00fcten gebrauchen soll. Wie zum Beispiel\u2026","rel":"","context":"In &quot;Demokratie \u2013 Medien \u2013 Aufkl\u00e4rung&quot;","block_context":{"text":"Demokratie \u2013 Medien \u2013 Aufkl\u00e4rung","link":"https:\/\/www.freidenker.org\/?cat=12"},"img":{"alt_text":"","src":"https:\/\/i0.wp.com\/www.freidenker.org\/fw17\/wp-content\/uploads\/2025\/06\/2023-10-08_Wahlabend_Bayern_by_Sandro_Halank%E2%80%93019_800x450.jpg?fit=800%2C450&ssl=1&resize=350%2C200","width":350,"height":200,"srcset":"https:\/\/i0.wp.com\/www.freidenker.org\/fw17\/wp-content\/uploads\/2025\/06\/2023-10-08_Wahlabend_Bayern_by_Sandro_Halank%E2%80%93019_800x450.jpg?fit=800%2C450&ssl=1&resize=350%2C200 1x, https:\/\/i0.wp.com\/www.freidenker.org\/fw17\/wp-content\/uploads\/2025\/06\/2023-10-08_Wahlabend_Bayern_by_Sandro_Halank%E2%80%93019_800x450.jpg?fit=800%2C450&ssl=1&resize=525%2C300 1.5x, https:\/\/i0.wp.com\/www.freidenker.org\/fw17\/wp-content\/uploads\/2025\/06\/2023-10-08_Wahlabend_Bayern_by_Sandro_Halank%E2%80%93019_800x450.jpg?fit=800%2C450&ssl=1&resize=700%2C400 2x"},"classes":[]},{"id":11176,"url":"https:\/\/www.freidenker.org\/?p=11176","url_meta":{"origin":22268,"position":1},"title":"Annalena und die verdr\u00e4ngte Wahrheit \u00fcber Rot-Gr\u00fcn","author":"Webredaktion","date":"5. September 2021","format":false,"excerpt":"Beitrag von Dagmar Henn Sich \u00fcber die Kanzlerkandidatin der Gr\u00fcnen Annalena Baerbock lustig zu machen, erfordert nicht viel M\u00fche. Schlie\u00dflich reichen Aufnahmen ihrer zahlreichen Versprecher oder Lebensl\u00e4ufe. Manchmal allerdings sagt sie Dinge, die nicht schlicht mit einem \u00fcberforderten Verstand erkl\u00e4rt werden k\u00f6nnen. Wie jetzt wieder. Baerbock redet \u00fcber den Pflegenotstand\u2026","rel":"","context":"In &quot;Arbeit &amp; Soziales&quot;","block_context":{"text":"Arbeit &amp; Soziales","link":"https:\/\/www.freidenker.org\/?cat=11"},"img":{"alt_text":"","src":"https:\/\/i0.wp.com\/www.freidenker.org\/fw17\/wp-content\/uploads\/2021\/09\/baerbock_jeck_auf_gruen_92bd0b6b02_c_800x450.jpg?fit=799%2C450&ssl=1&resize=350%2C200","width":350,"height":200,"srcset":"https:\/\/i0.wp.com\/www.freidenker.org\/fw17\/wp-content\/uploads\/2021\/09\/baerbock_jeck_auf_gruen_92bd0b6b02_c_800x450.jpg?fit=799%2C450&ssl=1&resize=350%2C200 1x, https:\/\/i0.wp.com\/www.freidenker.org\/fw17\/wp-content\/uploads\/2021\/09\/baerbock_jeck_auf_gruen_92bd0b6b02_c_800x450.jpg?fit=799%2C450&ssl=1&resize=525%2C300 1.5x, https:\/\/i0.wp.com\/www.freidenker.org\/fw17\/wp-content\/uploads\/2021\/09\/baerbock_jeck_auf_gruen_92bd0b6b02_c_800x450.jpg?fit=799%2C450&ssl=1&resize=700%2C400 2x"},"classes":[]},{"id":17640,"url":"https:\/\/www.freidenker.org\/?p=17640","url_meta":{"origin":22268,"position":2},"title":"Gewerkschaft und &#8222;Klimasch\u00fctzer&#8220; \u2013 ein B\u00fcndnis zwischen Kalb und Metzger","author":"Webredaktion","date":"12. Dezember 2023","format":false,"excerpt":"Beitrag von Dagmar Henn Man h\u00e4tte es im Grunde ahnen k\u00f6nnen, als der Gr\u00fcne Frank Bsirske zum Vorsitzenden der zweitgr\u00f6\u00dften deutschen Gewerkschaft Verdi wurde. Aber damals war noch nicht ganz so klar, worauf diese gesamte gr\u00fcne Politik hinausl\u00e4uft. Inzwischen liegt das auf dem Tisch. Noch h\u00f6here Mieten, noch weniger Wohnungen,\u2026","rel":"","context":"In &quot;Arbeit &amp; Soziales&quot;","block_context":{"text":"Arbeit &amp; Soziales","link":"https:\/\/www.freidenker.org\/?cat=11"},"img":{"alt_text":"","src":"https:\/\/i0.wp.com\/www.freidenker.org\/fw17\/wp-content\/uploads\/2023\/12\/Gewerkschaft_Klima_800x450.jpg?fit=800%2C450&ssl=1&resize=350%2C200","width":350,"height":200,"srcset":"https:\/\/i0.wp.com\/www.freidenker.org\/fw17\/wp-content\/uploads\/2023\/12\/Gewerkschaft_Klima_800x450.jpg?fit=800%2C450&ssl=1&resize=350%2C200 1x, https:\/\/i0.wp.com\/www.freidenker.org\/fw17\/wp-content\/uploads\/2023\/12\/Gewerkschaft_Klima_800x450.jpg?fit=800%2C450&ssl=1&resize=525%2C300 1.5x, https:\/\/i0.wp.com\/www.freidenker.org\/fw17\/wp-content\/uploads\/2023\/12\/Gewerkschaft_Klima_800x450.jpg?fit=800%2C450&ssl=1&resize=700%2C400 2x"},"classes":[]},{"id":21088,"url":"https:\/\/www.freidenker.org\/?p=21088","url_meta":{"origin":22268,"position":3},"title":"In Rum\u00e4nien erklimmt die EU-&#8222;Demokratie&#8220; ganz neue H\u00f6hen","author":"Webredaktion","date":"3. M\u00e4rz 2025","format":false,"excerpt":"Beitrag von Dagmar Henn Wie soll man das nennen, was gerade in Rum\u00e4nien geschieht? Wenn erst eine Wahl f\u00fcr ung\u00fcltig erkl\u00e4rt wird, und nun der Kandidat, der den EU-Granden in Br\u00fcssel nicht gef\u00e4llt, festgenommen und anschlie\u00dfend vorsorglich f\u00fcr die Zeit des Wahlkampfs in Hausarrest gesteckt und sogar an der Kommunikation\u2026","rel":"","context":"In &quot;Demokratie \u2013 Medien \u2013 Aufkl\u00e4rung&quot;","block_context":{"text":"Demokratie \u2013 Medien \u2013 Aufkl\u00e4rung","link":"https:\/\/www.freidenker.org\/?cat=12"},"img":{"alt_text":"","src":"https:\/\/i0.wp.com\/www.freidenker.org\/fw17\/wp-content\/uploads\/2025\/03\/Calin_Georgescu_discurs_Biserica_Penticostala_Jebel_800x450.jpg?fit=800%2C450&ssl=1&resize=350%2C200","width":350,"height":200,"srcset":"https:\/\/i0.wp.com\/www.freidenker.org\/fw17\/wp-content\/uploads\/2025\/03\/Calin_Georgescu_discurs_Biserica_Penticostala_Jebel_800x450.jpg?fit=800%2C450&ssl=1&resize=350%2C200 1x, https:\/\/i0.wp.com\/www.freidenker.org\/fw17\/wp-content\/uploads\/2025\/03\/Calin_Georgescu_discurs_Biserica_Penticostala_Jebel_800x450.jpg?fit=800%2C450&ssl=1&resize=525%2C300 1.5x, https:\/\/i0.wp.com\/www.freidenker.org\/fw17\/wp-content\/uploads\/2025\/03\/Calin_Georgescu_discurs_Biserica_Penticostala_Jebel_800x450.jpg?fit=800%2C450&ssl=1&resize=700%2C400 2x"},"classes":[]},{"id":14673,"url":"https:\/\/www.freidenker.org\/?p=14673","url_meta":{"origin":22268,"position":4},"title":"Der Kanzler mit dem kurzen Ged\u00e4chtnis: Olaf Scholz in Vietnam","author":"Webredaktion","date":"15. November 2022","format":false,"excerpt":"Beitrag von Dagmar Henn Olaf Scholz h\u00e4tte es besser wissen m\u00fcssen. Aber vermutlich hatte er gehofft, wenn ihn die Chinesen schon nicht lieben, dann wenigstens die Vietnamesen, schon allein, weil deren Verh\u00e4ltnis untereinander nicht ganz frei von Komplikationen ist. Jedenfalls hat er, Pressemeldungen zufolge, in Vietnam erkl\u00e4rt, er w\u00fcnsche sich\u2026","rel":"","context":"In &quot;Demokratie \u2013 Medien \u2013 Aufkl\u00e4rung&quot;","block_context":{"text":"Demokratie \u2013 Medien \u2013 Aufkl\u00e4rung","link":"https:\/\/www.freidenker.org\/?cat=12"},"img":{"alt_text":"","src":"https:\/\/i0.wp.com\/www.freidenker.org\/fw17\/wp-content\/uploads\/2022\/11\/Ho_Chi_Minh_Mausoleum_7360943118_800x450.jpg?fit=800%2C450&ssl=1&resize=350%2C200","width":350,"height":200,"srcset":"https:\/\/i0.wp.com\/www.freidenker.org\/fw17\/wp-content\/uploads\/2022\/11\/Ho_Chi_Minh_Mausoleum_7360943118_800x450.jpg?fit=800%2C450&ssl=1&resize=350%2C200 1x, https:\/\/i0.wp.com\/www.freidenker.org\/fw17\/wp-content\/uploads\/2022\/11\/Ho_Chi_Minh_Mausoleum_7360943118_800x450.jpg?fit=800%2C450&ssl=1&resize=525%2C300 1.5x, https:\/\/i0.wp.com\/www.freidenker.org\/fw17\/wp-content\/uploads\/2022\/11\/Ho_Chi_Minh_Mausoleum_7360943118_800x450.jpg?fit=800%2C450&ssl=1&resize=700%2C400 2x"},"classes":[]},{"id":14715,"url":"https:\/\/www.freidenker.org\/?p=14715","url_meta":{"origin":22268,"position":5},"title":"Ukraine, Polen, ein Urteil und die Rakete: Wie der Zufall so spielt","author":"Webredaktion","date":"20. November 2022","format":false,"excerpt":"Beitrag von Dagmar Henn Die Geschichte der ukrainischen Rakete und des polnischen Traktors scheint noch nicht zu Ende geschrieben zu sein. Nachdem der Raketentyp einwandfrei identifiziert wurde und klar war, dass dieser Typ jederzeit h\u00e4tte ferngez\u00fcndet werden k\u00f6nnen, was ein Hinweis auf einen absichtlichen Abschuss sein kann, erachtete es die\u2026","rel":"","context":"In &quot;Frieden - Antifaschismus - Solidarit\u00e4t&quot;","block_context":{"text":"Frieden - Antifaschismus - Solidarit\u00e4t","link":"https:\/\/www.freidenker.org\/?cat=13"},"img":{"alt_text":"","src":"https:\/\/i0.wp.com\/www.freidenker.org\/fw17\/wp-content\/uploads\/2022\/11\/Rakete_Polen_800x450.jpg?fit=800%2C450&ssl=1&resize=350%2C200","width":350,"height":200,"srcset":"https:\/\/i0.wp.com\/www.freidenker.org\/fw17\/wp-content\/uploads\/2022\/11\/Rakete_Polen_800x450.jpg?fit=800%2C450&ssl=1&resize=350%2C200 1x, https:\/\/i0.wp.com\/www.freidenker.org\/fw17\/wp-content\/uploads\/2022\/11\/Rakete_Polen_800x450.jpg?fit=800%2C450&ssl=1&resize=525%2C300 1.5x, https:\/\/i0.wp.com\/www.freidenker.org\/fw17\/wp-content\/uploads\/2022\/11\/Rakete_Polen_800x450.jpg?fit=800%2C450&ssl=1&resize=700%2C400 2x"},"classes":[]}],"_links":{"self":[{"href":"https:\/\/www.freidenker.org\/index.php?rest_route=\/wp\/v2\/posts\/22268","targetHints":{"allow":["GET"]}}],"collection":[{"href":"https:\/\/www.freidenker.org\/index.php?rest_route=\/wp\/v2\/posts"}],"about":[{"href":"https:\/\/www.freidenker.org\/index.php?rest_route=\/wp\/v2\/types\/post"}],"author":[{"embeddable":true,"href":"https:\/\/www.freidenker.org\/index.php?rest_route=\/wp\/v2\/users\/3"}],"replies":[{"embeddable":true,"href":"https:\/\/www.freidenker.org\/index.php?rest_route=%2Fwp%2Fv2%2Fcomments&post=22268"}],"version-history":[{"count":2,"href":"https:\/\/www.freidenker.org\/index.php?rest_route=\/wp\/v2\/posts\/22268\/revisions"}],"predecessor-version":[{"id":22272,"href":"https:\/\/www.freidenker.org\/index.php?rest_route=\/wp\/v2\/posts\/22268\/revisions\/22272"}],"wp:featuredmedia":[{"embeddable":true,"href":"https:\/\/www.freidenker.org\/index.php?rest_route=\/wp\/v2\/media\/22271"}],"wp:attachment":[{"href":"https:\/\/www.freidenker.org\/index.php?rest_route=%2Fwp%2Fv2%2Fmedia&parent=22268"}],"wp:term":[{"taxonomy":"category","embeddable":true,"href":"https:\/\/www.freidenker.org\/index.php?rest_route=%2Fwp%2Fv2%2Fcategories&post=22268"},{"taxonomy":"post_tag","embeddable":true,"href":"https:\/\/www.freidenker.org\/index.php?rest_route=%2Fwp%2Fv2%2Ftags&post=22268"}],"curies":[{"name":"wp","href":"https:\/\/api.w.org\/{rel}","templated":true}]}}