{"id":22251,"date":"2025-06-30T12:11:26","date_gmt":"2025-06-30T10:11:26","guid":{"rendered":"https:\/\/www.freidenker.org\/?p=22251"},"modified":"2025-08-02T13:44:36","modified_gmt":"2025-08-02T11:44:36","slug":"gaza-massaker-aushungern-vertreibung-stoppen","status":"publish","type":"post","link":"https:\/\/www.freidenker.org\/?p=22251","title":{"rendered":"Gaza: Massaker, Aushungern, Vertreibung stoppen!"},"content":{"rendered":"<h4><span style=\"font-family: Arial;\"><b>\u00dcBERREGIONALE DEMONSTRATION IN HEIDELBERG<\/b><\/span><\/h4>\n<p><b><span style=\"color: #990000; font-family: Arial; font-size: x-large;\">Gaza: Massaker, Aushungern, Vertreibung stoppen!<\/span><\/b><br \/>\n<span style=\"font-family: Arial;\"><b>Kriege gegen Iran, Syrien und Libanon beenden!<br \/>\nSchluss mit Waffen und Beihilfe aus Deutschland!<br \/>\nF\u00fcr einen gerechten Frieden im Nahen Osten!<\/b><\/span><\/p>\n<p>u.a. mit <b>Tsafrir Cohen (medico inernational)<\/b> und <b>Prof. Helga Baumgarten<\/b> (Birzeit Universit\u00e4t)<\/p>\n<p><span style=\"font-size: 14pt;\"><strong>am 05.07.2025 in Heidelberg<\/strong><\/span><\/p>\n<p><b>Auftakt<\/b>:\u00a0\u00a0\u00a0\u00a0\u00a0\u00a0 14:00 Uhr | Park bei der Stadtbibliothek Heidelberg (unweit Stra\u00dfenbahnhaltestelle \u201eStadtb\u00fccherei\u201c)<br \/>\n<b>Abschluss<\/b>:\u00a0 ca. 15.30 Uhr | Karlslatz<\/p>\n<p><span style=\"color: #f00f31;\"><b>Alle roten Linien sind \u00fcberschritten, kommt in Rot, rotes T-Shirt, Rock, Hose oder Tuch\u00a0 nach Heidelberg!<\/b><\/span><\/p>\n<p><span style=\"font-size: medium;\"><b>RednerInnen<\/b><\/span><\/p>\n<ul>\n<li>Begr\u00fc\u00dfung, Einleitung: <i><b> Joachim Guilliard<\/b><\/i> (Friedensb\u00fcndnis HD) und <i><b>Heike H\u00e4nsel<\/b><\/i> (<span style=\"font-family: Helvetica, Arial, sans-serif; font-size: medium;\">Gesellschaft Kultur des Friedens<b>)<\/b><\/span><\/li>\n<li><span style=\"font-size: medium;\"><i><b>Prof. Helga Baumgarten<\/b><\/i> (Politikwissenschaftlerin lehrte und forschte bis zu ihrem Ruhestand im Jahr 2019 als Professorin an der Universit\u00e4t Birzeit n\u00f6rdlich von Ramallah im Westjordanland )<\/span><\/li>\n<li><span style=\"font-size: medium;\"><i><b>Tsafrir Cohen<\/b><\/i> (in Israel geboren, <\/span>Gesch\u00e4ftsf\u00fchrer der Hilfsorganisation medico international<span style=\"font-size: medium;\">, &#8211;&gt; <a href=\"https:\/\/www.medico.de\/blog\/tsafrir-cohen\"> Blog<\/a>)<\/span><\/li>\n<li><span style=\"font-size: medium;\"><i><b>Luisa Lorenzen<\/b><\/i> (Pal\u00e4stina-Solidarit\u00e4t Rhein-Main)<\/span><\/li>\n<li>NN (Studens f<span style=\"font-size: medium;\">or Palestine HD)<\/span><\/li>\n<\/ul>\n<p><span style=\"font-size: medium;\"><b>Musikalische Begleitung<\/b><\/span><\/p>\n<ul>\n<li><span style=\"font-size: medium;\"><b><i> <a href=\"https:\/\/tobaborke.de\/\">Toba Borke<\/a><\/i>\u00a0 <\/b>(Stuttgart) <\/span><\/li>\n<li><span style=\"font-size: medium;\"><i><b>Reinhard Frankl<\/b><\/i> (Liedermacher, GEW, attac Aschaffenburg)<\/span><\/li>\n<\/ul>\n<p><span style=\"font-size: medium;\"><b>Moderation<\/b><\/span><\/p>\n<ul>\n<li><span style=\"font-size: medium;\"><i><b>Wiltrud R\u00f6sch-Metzler<\/b><\/i> (Journalistin, <\/span>Vorsitzende <span style=\"font-size: medium;\">pax christi Rottenburg-Stuttgart)<\/span><\/li>\n<\/ul>\n<p><b> Es rufen im Rahmen der Friedensvernetzung-S\u00fcdwest u.a. auf:<\/b> Friedensb\u00fcndnis Heidelberg, pax christi Rottenburg-Stuttgart, Gesellschaft Kultur des Friedens<br \/>\n<b>Bisherige Unterst\u00fctzer: <\/b>AK Pal\u00e4stina T\u00fcbingen, Arbeitskreis Frieden verdi Bezirk Stuttgart, Attac Aschaffenburg, Die Linke Heidelberg \/ Badische Bergstra\u00dfe, DKP Baden-W\u00fcrttemberg, Forum Friedensethik Baden, Mahnwache Ellwangen, pax christi Heidelberg-Rhein-Neckar, Students for Palestine Heidelberg, Verein Fl\u00fcchtlingskinder im Libanon, <strong>Deutscher Freidenker-Verband<\/strong><\/p>\n<p><b>\u00bb\u00bb <a href=\"https:\/\/www.antikriegsforum-heidelberg.de\/palest\/gaza_krieg_2023_24\/gaza_demo_05-07-2025_fl.pdf\" target=\"_blank\" rel=\"noopener\">Aufruf-Flugblatt<\/a>\u00a0 \u00a0\u00bb\u00bb <a href=\"https:\/\/www.antikriegsforum-heidelberg.de\/palest\/gaza_krieg_2023_24\/gaza_demo_05-07-2025_plakat_rot.pdf\" target=\"_blank\" rel=\"noopener\">Plakat<\/a>\u00a0 \u00bb\u00bb <a href=\"https:\/\/www.antikriegsforum-heidelberg.de\/palest\/gaza_krieg_2023_24\/gaza_demo_05-07-2025_sharepic.jpg\" target=\"_blank\" rel=\"noopener\">SharePic<\/a><\/b><\/p>\n<p><b>\u00bb\u00bb <a href=\"https:\/\/www.antikriegsforum-heidelberg.de\/palest\/gaza_krieg_2023_24\/gaza_demo_05-07-2025.html\" target=\"_blank\" rel=\"noopener\">weitere Infos <\/a>&#8230;\u00a0\u00a0\u00a0 und auf\u00a0 \u00a0<a class=\"moz-txt-link-freetext\" href=\"https:\/\/friedensvernetzung-suedwest.de\/\" target=\"_blank\" rel=\"noopener\">https:\/\/friedensvernetzung-suedwest.de\/<\/a><\/b><span style=\"font-family: Helvetica, Arial, sans-serif;\"><b><br \/>\n<\/b><\/span><\/p>\n<hr \/>\n<p><img data-recalc-dims=\"1\" loading=\"lazy\" decoding=\"async\" data-attachment-id=\"22252\" data-permalink=\"https:\/\/www.freidenker.org\/?attachment_id=22252\" data-orig-file=\"https:\/\/i0.wp.com\/www.freidenker.org\/fw17\/wp-content\/uploads\/2025\/06\/gaza_demo_05-07-2025_sharepic.jpg?fit=1080%2C1080&amp;ssl=1\" data-orig-size=\"1080,1080\" data-comments-opened=\"0\" data-image-meta=\"{&quot;aperture&quot;:&quot;0&quot;,&quot;credit&quot;:&quot;&quot;,&quot;camera&quot;:&quot;&quot;,&quot;caption&quot;:&quot;&quot;,&quot;created_timestamp&quot;:&quot;0&quot;,&quot;copyright&quot;:&quot;&quot;,&quot;focal_length&quot;:&quot;0&quot;,&quot;iso&quot;:&quot;0&quot;,&quot;shutter_speed&quot;:&quot;0&quot;,&quot;title&quot;:&quot;&quot;,&quot;orientation&quot;:&quot;0&quot;}\" data-image-title=\"gaza_demo_05-07-2025_sharepic\" data-image-description=\"\" data-image-caption=\"\" data-large-file=\"https:\/\/i0.wp.com\/www.freidenker.org\/fw17\/wp-content\/uploads\/2025\/06\/gaza_demo_05-07-2025_sharepic.jpg?fit=800%2C800&amp;ssl=1\" class=\"alignnone wp-image-22252\" src=\"https:\/\/i0.wp.com\/www.freidenker.org\/fw17\/wp-content\/uploads\/2025\/06\/gaza_demo_05-07-2025_sharepic.jpg?resize=600%2C600&#038;ssl=1\" alt=\"\" width=\"600\" height=\"600\" srcset=\"https:\/\/i0.wp.com\/www.freidenker.org\/fw17\/wp-content\/uploads\/2025\/06\/gaza_demo_05-07-2025_sharepic.jpg?resize=1024%2C1024&amp;ssl=1 1024w, https:\/\/i0.wp.com\/www.freidenker.org\/fw17\/wp-content\/uploads\/2025\/06\/gaza_demo_05-07-2025_sharepic.jpg?resize=300%2C300&amp;ssl=1 300w, https:\/\/i0.wp.com\/www.freidenker.org\/fw17\/wp-content\/uploads\/2025\/06\/gaza_demo_05-07-2025_sharepic.jpg?resize=150%2C150&amp;ssl=1 150w, https:\/\/i0.wp.com\/www.freidenker.org\/fw17\/wp-content\/uploads\/2025\/06\/gaza_demo_05-07-2025_sharepic.jpg?resize=768%2C768&amp;ssl=1 768w, https:\/\/i0.wp.com\/www.freidenker.org\/fw17\/wp-content\/uploads\/2025\/06\/gaza_demo_05-07-2025_sharepic.jpg?w=1080&amp;ssl=1 1080w\" sizes=\"auto, (max-width: 600px) 100vw, 600px\" \/><\/p>\n<p><b><span style=\"font-size: x-large;\">Aufruf\u00a0<\/span><\/b><\/p>\n<p><b><span style=\"color: #990000; font-size: x-large;\">Gaza: Massaker, Aushungern, Vertreibung stoppen!<\/span><br \/>\nKriege gegen Iran, Syrien und Libanon beenden!<br \/>\nSchluss mit Waffen und Beihilfe aus Deutschland!<br \/>\nF\u00fcr einen gerechten Frieden im Nahen Osten!<span style=\"font-size: medium;\"><u><br \/>\n<\/u><\/span><\/b><\/p>\n<p><b><span style=\"font-size: medium;\">Der Gazastreifen wird dem Erdboden gleichgemacht, das pal\u00e4stinensische Volk ist in h\u00f6chster Not. Wie viele Kinder in Pal\u00e4stina sollen noch sterben?<br \/>\n<\/span><\/b><br \/>\nSeit mehr als eineinhalb Jahren nutzt die rechtsextreme israelische Regierung das Massaker der Hamas vom 7. Okt. 2023 als Rechtfertigung f\u00fcr ihren vernichtenden Krieg gegen die gesamte Bev\u00f6lkerung. Offen verk\u00fcndetes Ziel ist deren Vertreibung.<\/p>\n<p>Mehr als 60.000 Tote wurden durch israelische Angriffe get\u00f6tet \u2012 mehr als die H\u00e4lfte Frauen und Kinder. Weit mehr starben bereits an Unterern\u00e4hrung, Seuchen und fehlenden Behandlungsm\u00f6glichkeiten.<\/p>\n<p>Die meisten gesundheitlichen Einrichtungen wurden zerst\u00f6rt, medizinisches Personal, UN-Mitarbeitende und Journalisten werden zum Teil gezielt von israelischen Truppen get\u00f6tet.<\/p>\n<p>UN-Experten und Menschenrechtsorganisationen wie amnesty international werten das israelische Vorgehen im Gazastreifen als V\u00f6lkermord.<br \/>\nDer Internationale Gerichtshof (IGH) erkl\u00e4rte den Vorwurf im Januar 2024 f\u00fcr begr\u00fcndet und plausibel.<\/p>\n<p>Dennoch hat Israel die Kriegsf\u00fchrung noch versch\u00e4rft und Deutschland liefert nach den USA den zweitgr\u00f6\u00dften Anteil an Waffen, stellt sich gegen Strafbefehle und jegliche EU-Sanktion gegen Israel.<\/p>\n<p>Der Rest der Welt schaut fassungslos auf die deutsche Haltung. Namibia wirft Deutschland Unf\u00e4higkeit vor, \u201eLehren aus seiner grausamen Geschichte zu ziehen\u201c.<\/p>\n<p>Gleichzeitig weitet die israelische Regierung ihre koloniale Siedlungspolitik des Landraubs und der Vertreibung aus und hat im illegal besetzten Westjordanland bereits \u00fcber 40.000 Menschen vertrieben.<\/p>\n<p>Minister Katz droht sogar mit einem israelischen Staat im Westjordanland.<\/p>\n<p>Israel f\u00fchrt seine Angriffe im Libanon unter Bruch eines Waffenstillstands fort, bombardiert und besetzt Teile Syriens und droht mit seiner v\u00f6lkerrechtswidrigen Aggression gegen den Iran einen Fl\u00e4chenbrand auszul\u00f6sen. Auch hier macht sich die Bundesregierung durch ihr Schweigen mitschuldig.<\/p>\n<p><b><span style=\"font-size: medium;\">Es reicht! Keine Komplizenschaft mit V\u00f6lkerrechtsverbrechen!<\/span><\/b><\/p>\n<p><b>Wir fordern <\/b><\/p>\n<ul>\n<li>sofortige Aufhebung der Blockade des Gazastreifens und umfassende humanit\u00e4re Hilfe.<\/li>\n<li>Einen sofortigen und umfassenden Waffenstillstand.<\/li>\n<li>Freilassung der israelischen Geiseln und der Tausenden pal\u00e4stinensischen Gefangenen in Israel.<\/li>\n<li>Ende der Besatzung und des Siedlungsbaus.<\/li>\n<li>Einstellung der Angriffe auf Iran, Syrien und Libanon und Jemen<\/li>\n<li>Ende der Straflosigkeit f\u00fcr V\u00f6lkerrechtsbr\u00fcche, Kriegsverbrechen und V\u00f6lkermord.<\/li>\n<\/ul>\n<p>Wir verlangen insbesondere von der Bundesregierung und der EU<\/p>\n<ul>\n<li>Stopp der Waffenlieferungen und der milit\u00e4rischen Zusammenarbeit mit Israel.<\/li>\n<li>keine Zusammenarbeit mit Firmen, die von Krieg und Besatzung profitieren.<\/li>\n<li>Aussetzung des EU-Assoziierungsabkommens mit Israel.<\/li>\n<li>Anerkennung des Staates Pal\u00e4stina durch die Bundesregierung.<\/li>\n<li>keine Repression gegen die Pal\u00e4stina-Solidarit\u00e4t, sondern Meinungs- und Versammlungsfreiheit.<\/li>\n<li>aktive Unterst\u00fctzung von pal\u00e4stinensischen und israelischen Friedens- und Menschenrechtsorganisationen.<\/li>\n<\/ul>\n<hr \/>\n<p><img data-recalc-dims=\"1\" loading=\"lazy\" decoding=\"async\" data-attachment-id=\"18162\" data-permalink=\"https:\/\/www.freidenker.org\/?attachment_id=18162\" data-orig-file=\"https:\/\/i0.wp.com\/www.freidenker.org\/fw17\/wp-content\/uploads\/2024\/02\/Freidenker-Logo_2.jpg?fit=810%2C220&amp;ssl=1\" data-orig-size=\"810,220\" data-comments-opened=\"0\" data-image-meta=\"{&quot;aperture&quot;:&quot;0&quot;,&quot;credit&quot;:&quot;&quot;,&quot;camera&quot;:&quot;&quot;,&quot;caption&quot;:&quot;&quot;,&quot;created_timestamp&quot;:&quot;0&quot;,&quot;copyright&quot;:&quot;&quot;,&quot;focal_length&quot;:&quot;0&quot;,&quot;iso&quot;:&quot;0&quot;,&quot;shutter_speed&quot;:&quot;0&quot;,&quot;title&quot;:&quot;&quot;,&quot;orientation&quot;:&quot;1&quot;}\" data-image-title=\"Freidenker-Logo_2\" data-image-description=\"\" data-image-caption=\"\" data-large-file=\"https:\/\/i0.wp.com\/www.freidenker.org\/fw17\/wp-content\/uploads\/2024\/02\/Freidenker-Logo_2.jpg?fit=800%2C217&amp;ssl=1\" class=\"alignnone wp-image-18162 size-medium\" src=\"https:\/\/i0.wp.com\/www.freidenker.org\/fw17\/wp-content\/uploads\/2024\/02\/Freidenker-Logo_2.jpg?resize=300%2C81&#038;ssl=1\" alt=\"\" width=\"300\" height=\"81\" srcset=\"https:\/\/i0.wp.com\/www.freidenker.org\/fw17\/wp-content\/uploads\/2024\/02\/Freidenker-Logo_2.jpg?resize=300%2C81&amp;ssl=1 300w, https:\/\/i0.wp.com\/www.freidenker.org\/fw17\/wp-content\/uploads\/2024\/02\/Freidenker-Logo_2.jpg?resize=768%2C209&amp;ssl=1 768w, https:\/\/i0.wp.com\/www.freidenker.org\/fw17\/wp-content\/uploads\/2024\/02\/Freidenker-Logo_2.jpg?w=810&amp;ssl=1 810w\" sizes=\"auto, (max-width: 300px) 100vw, 300px\" \/><\/p>\n<p>Der Deutsche Freidenker-Verband unterst\u00fctzt den Aufruf und die Demonstration<\/p>\n<hr \/>\n<h5>Download<\/h5>\n<p><img data-recalc-dims=\"1\" loading=\"lazy\" decoding=\"async\" data-attachment-id=\"1076\" data-permalink=\"https:\/\/www.freidenker.org\/?attachment_id=1076\" data-orig-file=\"https:\/\/i0.wp.com\/www.freidenker.org\/fw17\/wp-content\/uploads\/2017\/10\/pdf_icon-2.png?fit=32%2C32&amp;ssl=1\" data-orig-size=\"32,32\" data-comments-opened=\"0\" data-image-meta=\"{&quot;aperture&quot;:&quot;0&quot;,&quot;credit&quot;:&quot;&quot;,&quot;camera&quot;:&quot;&quot;,&quot;caption&quot;:&quot;&quot;,&quot;created_timestamp&quot;:&quot;0&quot;,&quot;copyright&quot;:&quot;&quot;,&quot;focal_length&quot;:&quot;0&quot;,&quot;iso&quot;:&quot;0&quot;,&quot;shutter_speed&quot;:&quot;0&quot;,&quot;title&quot;:&quot;&quot;,&quot;orientation&quot;:&quot;0&quot;}\" data-image-title=\"pdf_icon\" data-image-description=\"\" data-image-caption=\"\" data-large-file=\"https:\/\/i0.wp.com\/www.freidenker.org\/fw17\/wp-content\/uploads\/2017\/10\/pdf_icon-2.png?fit=32%2C32&amp;ssl=1\" class=\"alignnone size-full wp-image-1076\" src=\"https:\/\/i0.wp.com\/www.freidenker.org\/fw17\/wp-content\/uploads\/2017\/10\/pdf_icon-2.png?resize=32%2C32&#038;ssl=1\" alt=\"\" width=\"32\" height=\"32\" \/> <a href=\"https:\/\/www.freidenker.org\/fw17\/wp-content\/uploads\/2025\/06\/Palaestina-Demo-05.07.2025-Aufruf-Flyer-2S.pdf\" target=\"_blank\" rel=\"noopener\">Flyer zur Veranstaltung<\/a> (ca. 843 KB)<\/p>\n<hr \/>\n<p><span style=\"font-size: 10pt;\">Bild oben: Ausschnitt aus dem Veranstaltungsplakat von <a href=\"https:\/\/www.antikriegsforum-heidelberg.de\/palest\/gaza_krieg_2023_24\/gaza_demo_05-07-2025_plakat_rot.pdf\" target=\"_blank\" rel=\"noopener\">antikriegsforum-heidelberg.de<\/a><br \/>\nunter Verwendung eines Fotos der OCHA \/ Themba Linden<\/span><\/p>\n","protected":false},"excerpt":{"rendered":"<p><b>Aufruf zu einer \u00fcberregionalen Demonstration in Heidelberg<\/b><br \/>\nGaza: Massaker, Aushungern, Vertreibung stoppen! Kriege gegen Iran, Syrien und Libanon beenden! Schluss mit Waffen und Beihilfe aus Deutschland! F\u00fcr einen gerechten Frieden im Nahen Osten!<br \/>\nu.a. mit Tsafrir Cohen (medico inernational) und Prof. Helga Baumgarten (Birzeit Universit\u00e4t)<br \/>\nam 05.07.2025 in Heidelberg, Auftakt: 14:00 Uhr | Park bei der Stadtbibliothek Heidelberg, Abschluss:\u00a0 ca. 15.30 Uhr | Karlslatz<br \/>\nDer Gazastreifen wird dem Erdboden gleichgemacht, das pal\u00e4stinensische Volk ist in h\u00f6chster Not. Wie viele Kinder in Pal\u00e4stina sollen noch sterben?<\/p>\n","protected":false},"author":3,"featured_media":22255,"comment_status":"closed","ping_status":"closed","sticky":false,"template":"","format":"standard","meta":{"colormag_page_container_layout":"default_layout","colormag_page_sidebar_layout":"default_layout","advanced_seo_description":"","jetpack_seo_html_title":"","jetpack_seo_noindex":false,"jetpack_post_was_ever_published":false,"footnotes":""},"categories":[13,19],"tags":[411,335,1172,728,660,1955,394,336,1931,1732],"class_list":["post-22251","post","type-post","status-publish","format-standard","has-post-thumbnail","hentry","category-frieden-antifaschismus-solidaritaet","category-veranstaltungen-in-den-dfv-landesverbaenden","tag-demonstration","tag-frieden","tag-gaza","tag-heidelberg","tag-iran","tag-nahostkonflikt","tag-palaestina","tag-syrien","tag-voelkermord","tag-waffenstillstand"],"jetpack_featured_media_url":"https:\/\/i0.wp.com\/www.freidenker.org\/fw17\/wp-content\/uploads\/2025\/06\/gaza_demo_heidelberg_plakat2_800x450.jpg?fit=800%2C450&ssl=1","jetpack_shortlink":"https:\/\/wp.me\/p9stpK-5MT","jetpack-related-posts":[{"id":10366,"url":"https:\/\/www.freidenker.org\/?p=10366","url_meta":{"origin":22251,"position":0},"title":"Stoppt den Krieg und die Vertreibung, bestraft Kriegsverbrecher!","author":"Webredaktion","date":"25. Mai 2021","format":false,"excerpt":"Das Aktionsb\u00fcndnis \"Pal\u00e4stina spricht\" hatte zum 15.05.2020 zu deutschlandweiten Demonstrationen unter dem Motto \"Ongoing Nakba Action Days\" aufgerufen, die in Berlin, K\u00f6ln, Stuttgart, Frankfurt a.M., Freiburg, Hamburg und Kassel stattfanden. Dem Aufruf waren Tausende Menschen gefolgt, darunter viele Freidenker. Wir dokumentieren hier die Rede von Annette Groth, ehem. MdB und\u2026","rel":"","context":"In &quot;Frieden - Antifaschismus - Solidarit\u00e4t&quot;","block_context":{"text":"Frieden - Antifaschismus - Solidarit\u00e4t","link":"https:\/\/www.freidenker.org\/?cat=13"},"img":{"alt_text":"","src":"https:\/\/i0.wp.com\/www.freidenker.org\/fw17\/wp-content\/uploads\/2021\/05\/nakba_2021-05-15_800x450.jpg?fit=800%2C450&ssl=1&resize=350%2C200","width":350,"height":200,"srcset":"https:\/\/i0.wp.com\/www.freidenker.org\/fw17\/wp-content\/uploads\/2021\/05\/nakba_2021-05-15_800x450.jpg?fit=800%2C450&ssl=1&resize=350%2C200 1x, https:\/\/i0.wp.com\/www.freidenker.org\/fw17\/wp-content\/uploads\/2021\/05\/nakba_2021-05-15_800x450.jpg?fit=800%2C450&ssl=1&resize=525%2C300 1.5x, https:\/\/i0.wp.com\/www.freidenker.org\/fw17\/wp-content\/uploads\/2021\/05\/nakba_2021-05-15_800x450.jpg?fit=800%2C450&ssl=1&resize=700%2C400 2x"},"classes":[]},{"id":16711,"url":"https:\/\/www.freidenker.org\/?p=16711","url_meta":{"origin":22251,"position":1},"title":"Vortrag: US-Kapital gegen den Rest der Welt","author":"Webredaktion","date":"29. Juli 2023","format":false,"excerpt":"Vortrag von und Diskussion mit Dr. Werner R\u00fcgemer Donnerstag, 17. August 2023, 18:00 Uhr, WeltHaus Heidelberg, Willy-Brandt-Platz 5, 69115 Heidelberg Der US-gef\u00fchrte Kapitalismus ist im Niedergang: wirtschaftlich, menschen- und arbeitsrechtlich, politisch, moralisch und im internationalen Ansehen. Dies betrifft insbesondere die Mehrheit der abh\u00e4ngig Besch\u00e4ftigten mit sinkenden Arbeitseinkommen und Renten: Auch\u2026","rel":"","context":"In &quot;Veranstaltungen in den DFV-Landesverb\u00e4nden&quot;","block_context":{"text":"Veranstaltungen in den DFV-Landesverb\u00e4nden","link":"https:\/\/www.freidenker.org\/?cat=19"},"img":{"alt_text":"","src":"https:\/\/i0.wp.com\/www.freidenker.org\/fw17\/wp-content\/uploads\/2023\/07\/Veranst_HD_Ruegemer_2023-08_800x450.jpg?fit=800%2C450&ssl=1&resize=350%2C200","width":350,"height":200,"srcset":"https:\/\/i0.wp.com\/www.freidenker.org\/fw17\/wp-content\/uploads\/2023\/07\/Veranst_HD_Ruegemer_2023-08_800x450.jpg?fit=800%2C450&ssl=1&resize=350%2C200 1x, https:\/\/i0.wp.com\/www.freidenker.org\/fw17\/wp-content\/uploads\/2023\/07\/Veranst_HD_Ruegemer_2023-08_800x450.jpg?fit=800%2C450&ssl=1&resize=525%2C300 1.5x, https:\/\/i0.wp.com\/www.freidenker.org\/fw17\/wp-content\/uploads\/2023\/07\/Veranst_HD_Ruegemer_2023-08_800x450.jpg?fit=800%2C450&ssl=1&resize=700%2C400 2x"},"classes":[]},{"id":3055,"url":"https:\/\/www.freidenker.org\/?p=3055","url_meta":{"origin":22251,"position":2},"title":"NATO, Golfmonarchien, Israel: H\u00e4nde weg von Syrien!","author":"Webredaktion","date":"9. August 2013","format":false,"excerpt":"Aufruf zur Demonstration zum Antikriegstag 2013 am 31.08.2013 in Frankfurt am Main Schluss mit Intervention und S\u00f6ldnerkrieg gegen Syrien! Die Hoffnungen und Erwartungen in den \"Arabischen Fr\u00fchling\", die viele Betrachter vor 2 Jahren hegten, wurden entt\u00e4uscht. Religi\u00f6se Minderheiten sind heute mehr bedroht, als zuvor. Statt eine s\u00e4kulare Bewegung um demokratische\u2026","rel":"","context":"In &quot;Frieden - Antifaschismus - Solidarit\u00e4t&quot;","block_context":{"text":"Frieden - Antifaschismus - Solidarit\u00e4t","link":"https:\/\/www.freidenker.org\/?cat=13"},"img":{"alt_text":"","src":"https:\/\/i0.wp.com\/www.freidenker.org\/fw17\/wp-content\/uploads\/2013\/08\/skfs-flyer2013_800x445.jpg?fit=800%2C445&ssl=1&resize=350%2C200","width":350,"height":200,"srcset":"https:\/\/i0.wp.com\/www.freidenker.org\/fw17\/wp-content\/uploads\/2013\/08\/skfs-flyer2013_800x445.jpg?fit=800%2C445&ssl=1&resize=350%2C200 1x, https:\/\/i0.wp.com\/www.freidenker.org\/fw17\/wp-content\/uploads\/2013\/08\/skfs-flyer2013_800x445.jpg?fit=800%2C445&ssl=1&resize=525%2C300 1.5x, https:\/\/i0.wp.com\/www.freidenker.org\/fw17\/wp-content\/uploads\/2013\/08\/skfs-flyer2013_800x445.jpg?fit=800%2C445&ssl=1&resize=700%2C400 2x"},"classes":[]},{"id":3039,"url":"https:\/\/www.freidenker.org\/?p=3039","url_meta":{"origin":22251,"position":3},"title":"Demo: Schlu\u00df mit dem Krieg gegen Syrien!","author":"Webredaktion","date":"10. September 2014","format":false,"excerpt":"Veranstaltungshinweis Drei Jahre Krieg gegen Syrien - Schlu\u00df mit der Intervention! Demo am 13. September 2014, 13 Uhr, Alte Oper, Frankfurt am Main Demonstration gegen S\u00f6ldnerkrieg und Sanktionen, islamistischen und zionistischen Terror, f\u00fcr Solidarit\u00e4t mit allen L\u00e4ndern, die dem US\/NATO-Imperialismus widerstehen!","rel":"","context":"In &quot;Veranstaltungen in den DFV-Landesverb\u00e4nden&quot;","block_context":{"text":"Veranstaltungen in den DFV-Landesverb\u00e4nden","link":"https:\/\/www.freidenker.org\/?cat=19"},"img":{"alt_text":"","src":"https:\/\/i0.wp.com\/www.freidenker.org\/fw17\/wp-content\/uploads\/2014\/09\/A-patriot-missile-battery-in-gaziantep_800x445.jpg?fit=800%2C445&ssl=1&resize=350%2C200","width":350,"height":200,"srcset":"https:\/\/i0.wp.com\/www.freidenker.org\/fw17\/wp-content\/uploads\/2014\/09\/A-patriot-missile-battery-in-gaziantep_800x445.jpg?fit=800%2C445&ssl=1&resize=350%2C200 1x, https:\/\/i0.wp.com\/www.freidenker.org\/fw17\/wp-content\/uploads\/2014\/09\/A-patriot-missile-battery-in-gaziantep_800x445.jpg?fit=800%2C445&ssl=1&resize=525%2C300 1.5x, https:\/\/i0.wp.com\/www.freidenker.org\/fw17\/wp-content\/uploads\/2014\/09\/A-patriot-missile-battery-in-gaziantep_800x445.jpg?fit=800%2C445&ssl=1&resize=700%2C400 2x"},"classes":[]},{"id":23511,"url":"https:\/\/www.freidenker.org\/?p=23511","url_meta":{"origin":22251,"position":4},"title":"Video: Seit mehr als 100 Jahren \u2013 Krieg um Pal\u00e4stina","author":"Webredaktion","date":"9. November 2025","format":false,"excerpt":"Friedensverhandlungen - aber die Pal\u00e4stinenser sind nicht dabei. Video eines Vortrages von Karin Leukefeld, gehalten am 04.11.2025 in Bremen Die renommierte Journalistin und Korrespondentin Karin Leukefeld, diesmal zu Gast in Bremen, analysiert das Interessengeflecht um einen Waffenstillstand \/ Frieden in Gaza. [...] Ihr Schwerpunkt ist es, \u00fcber \u201eDas Leben hinter\u2026","rel":"","context":"In &quot;Demokratie \u2013 Medien \u2013 Aufkl\u00e4rung&quot;","block_context":{"text":"Demokratie \u2013 Medien \u2013 Aufkl\u00e4rung","link":"https:\/\/www.freidenker.org\/?cat=12"},"img":{"alt_text":"","src":"https:\/\/i0.wp.com\/www.freidenker.org\/fw17\/wp-content\/uploads\/2025\/11\/Leukefeld_Vortrag_Bremen_2025_800x450.jpg?fit=800%2C450&ssl=1&resize=350%2C200","width":350,"height":200,"srcset":"https:\/\/i0.wp.com\/www.freidenker.org\/fw17\/wp-content\/uploads\/2025\/11\/Leukefeld_Vortrag_Bremen_2025_800x450.jpg?fit=800%2C450&ssl=1&resize=350%2C200 1x, https:\/\/i0.wp.com\/www.freidenker.org\/fw17\/wp-content\/uploads\/2025\/11\/Leukefeld_Vortrag_Bremen_2025_800x450.jpg?fit=800%2C450&ssl=1&resize=525%2C300 1.5x, https:\/\/i0.wp.com\/www.freidenker.org\/fw17\/wp-content\/uploads\/2025\/11\/Leukefeld_Vortrag_Bremen_2025_800x450.jpg?fit=800%2C450&ssl=1&resize=700%2C400 2x"},"classes":[]},{"id":22086,"url":"https:\/\/www.freidenker.org\/?p=22086","url_meta":{"origin":22251,"position":5},"title":"Pal\u00e4stina Tribunal &#038; Bundesweite Demo","author":"Webredaktion","date":"6. Juni 2025","format":false,"excerpt":"WIR KLAGEN AN!!! Wann und wo: 28.06.2025; 13:00 Uhr Pauluskirche Duisburg-Hochfeld (Demo); 16:00 Uhr K\u00f6nig-Heinrich-Platz Duisburg-Mitte (Tribunal) Israel begeht seit mehr als anderthalb Jahren einen V\u00f6lkermord im Gazastreifen. Deutschland unterst\u00fctzt dabei mit allen Mitteln: durch Waffenlieferungen und politisch. Daf\u00fcr steht Deutschland unter Anklage vor dem IGH. Aber die BRD geht\u2026","rel":"","context":"In &quot;Frieden - Antifaschismus - Solidarit\u00e4t&quot;","block_context":{"text":"Frieden - Antifaschismus - Solidarit\u00e4t","link":"https:\/\/www.freidenker.org\/?cat=13"},"img":{"alt_text":"","src":"https:\/\/i0.wp.com\/www.freidenker.org\/fw17\/wp-content\/uploads\/2025\/06\/Einladung-Freiheit-fuer-Palaestina-28.6.2025_800x450.jpg?fit=800%2C450&ssl=1&resize=350%2C200","width":350,"height":200,"srcset":"https:\/\/i0.wp.com\/www.freidenker.org\/fw17\/wp-content\/uploads\/2025\/06\/Einladung-Freiheit-fuer-Palaestina-28.6.2025_800x450.jpg?fit=800%2C450&ssl=1&resize=350%2C200 1x, https:\/\/i0.wp.com\/www.freidenker.org\/fw17\/wp-content\/uploads\/2025\/06\/Einladung-Freiheit-fuer-Palaestina-28.6.2025_800x450.jpg?fit=800%2C450&ssl=1&resize=525%2C300 1.5x, https:\/\/i0.wp.com\/www.freidenker.org\/fw17\/wp-content\/uploads\/2025\/06\/Einladung-Freiheit-fuer-Palaestina-28.6.2025_800x450.jpg?fit=800%2C450&ssl=1&resize=700%2C400 2x"},"classes":[]}],"_links":{"self":[{"href":"https:\/\/www.freidenker.org\/index.php?rest_route=\/wp\/v2\/posts\/22251","targetHints":{"allow":["GET"]}}],"collection":[{"href":"https:\/\/www.freidenker.org\/index.php?rest_route=\/wp\/v2\/posts"}],"about":[{"href":"https:\/\/www.freidenker.org\/index.php?rest_route=\/wp\/v2\/types\/post"}],"author":[{"embeddable":true,"href":"https:\/\/www.freidenker.org\/index.php?rest_route=\/wp\/v2\/users\/3"}],"replies":[{"embeddable":true,"href":"https:\/\/www.freidenker.org\/index.php?rest_route=%2Fwp%2Fv2%2Fcomments&post=22251"}],"version-history":[{"count":4,"href":"https:\/\/www.freidenker.org\/index.php?rest_route=\/wp\/v2\/posts\/22251\/revisions"}],"predecessor-version":[{"id":22267,"href":"https:\/\/www.freidenker.org\/index.php?rest_route=\/wp\/v2\/posts\/22251\/revisions\/22267"}],"wp:featuredmedia":[{"embeddable":true,"href":"https:\/\/www.freidenker.org\/index.php?rest_route=\/wp\/v2\/media\/22255"}],"wp:attachment":[{"href":"https:\/\/www.freidenker.org\/index.php?rest_route=%2Fwp%2Fv2%2Fmedia&parent=22251"}],"wp:term":[{"taxonomy":"category","embeddable":true,"href":"https:\/\/www.freidenker.org\/index.php?rest_route=%2Fwp%2Fv2%2Fcategories&post=22251"},{"taxonomy":"post_tag","embeddable":true,"href":"https:\/\/www.freidenker.org\/index.php?rest_route=%2Fwp%2Fv2%2Ftags&post=22251"}],"curies":[{"name":"wp","href":"https:\/\/api.w.org\/{rel}","templated":true}]}}