{"id":22232,"date":"2025-06-27T20:31:11","date_gmt":"2025-06-27T18:31:11","guid":{"rendered":"https:\/\/www.freidenker.org\/?p=22232"},"modified":"2025-08-02T13:44:22","modified_gmt":"2025-08-02T11:44:22","slug":"die-abschlusserklaerung-des-nato-gipfels-hat-nur-ein-thema","status":"publish","type":"post","link":"https:\/\/www.freidenker.org\/?p=22232","title":{"rendered":"Die Abschlusserkl\u00e4rung des NATO-Gipfels hat nur ein Thema"},"content":{"rendered":"<p><strong>Die Abschlusserkl\u00e4rung des NATO-Gipfels hat de facto nur ein Thema, das von US-Pr\u00e4sident Trump geforderte 5-Prozentziel. Die NATO zeigt damit, dass sie zu einem Lobbyinstrument der US-R\u00fcstungsindustrie geworden ist.<\/strong><\/p>\n<p><em>von <strong>Anti-Spiegel<\/strong> (d.i. <strong>Thomas R\u00f6per<\/strong>)<\/em><\/p>\n<p><span style=\"font-size: 10pt;\">Erstver\u00f6ffentlichung am 25.06.2025 auf <a href=\"https:\/\/anti-spiegel.ru\/2025\/die-abschlusserklaerung-des-nato-gipfels-hat-nur-ein-thema\/\" target=\"_blank\" rel=\"noopener\">anti-spiegel.ru<\/a><\/span><\/p>\n<p>Die <a href=\"https:\/\/www.nato.int\/cps\/en\/natohq\/official_texts_236705.htm\">Abschlusserkl\u00e4rung<\/a> des NATO-Gipfels in Den Haag ist die k\u00fcrzeste seit mindestens 30 Jahren. Der Umfang des Kommuniqu\u00e9s betrug nur 10 Prozent des Vorjahres. Es sind 427 gegen\u00fcber den 5.000 W\u00f6rtern der Erkl\u00e4rung nach dem Treffen in Washington 2024, hat die russische Nachrichtenagentur <a href=\"https:\/\/tass.ru\/mezhdunarodnaya-panorama\/24353213\">TASS nachgez\u00e4hlt<\/a>. Die vom B\u00fcndnis ver\u00f6ffentlichte Erkl\u00e4rung enth\u00e4lt nur f\u00fcnf Punkte, w\u00e4hrend es im vergangenen Jahr 38 Abschnitte mit zahlreichen Unterpunkten waren. 2023 in Vilnius waren es sogar 90 Punkte. In dem heutigen Text wird die Ukraine zweimal und Russland einmal erw\u00e4hnt, w\u00e4hrend China \u00fcberhaupt nicht erw\u00e4hnt wird.<\/p>\n<p>Im Grunde hat die Erkl\u00e4rung nur ein Thema, n\u00e4mlich das von US-Pr\u00e4sident Trump geforderte Ziel, dass jedes NATO-Land bald 5 Prozent des BIP f\u00fcr Verteidigung ausgeben soll. Dabei sind 3,5 Prozent f\u00fcr R\u00fcstung und 1,5 Prozent f\u00fcr angeblich kriegswichtige Infrastruktur vorgesehen, wobei auch deutsche Medien <a href=\"https:\/\/www.spiegel.de\/ausland\/nato-gipfel-in-den-haag-mit-diesen-bilanztricks-kommen-die-alliierten-ihrem-fuenfprozentziel-naeher-a-e259025e-7700-47d7-baca-31af4dce8bde\">wie der Spiegel<\/a> bereits schreiben, dass es um diese Gelder Streit geben wird, weil viele EU-L\u00e4nder unter diesem Vorwand \u00fcberf\u00e4llige Investitionen in die Infrastruktur t\u00e4tigen wollen, die sie dazu irgendwie als kriegswichtig zu deklarieren versuchen. Europ\u00e4ische Regierungen sehen darin offensichtlich einen Weg, die jahrelange Misswirtschaft im Infrastrukturbereich zu kaschieren.<\/p>\n<p>Auch Waffenlieferungen an Kiew sollen auf 3,5 Prozent angerechnet werden, womit die Europ\u00e4er offenbar verzweifelt versuchen wollen, die r\u00fcckl\u00e4ufigen Ukraine-Hilfen aufzustocken.<\/p>\n<h4 class=\"wp-block-heading\">Alles wegen Russland<\/h4>\n<p>All das wird, wie \u00fcblich, mit der angeblichen \u201erussischen Bedrohung\u201c gerechtfertigt. Dass daran bei der NATO selbst niemand glaubt, habe ich bereits vor drei Tagen in einem <a href=\"https:\/\/anti-spiegel.ru\/2025\/wurde-der-angeblich-bevorstehende-russische-angriff-auf-europa-verschoben\/\">Artikel<\/a> aufgezeigt. Dass viele Regierungen die 1,5 Prozent f\u00fcr \u201ekriegswichtige\u201c Infrastruktur offensichtlich nutzen wollen, um den Investitionsstau in dem Bereich zu reduzieren und die \u201eKriegswichtigkeit\u201c vieler Projekte regelrecht konstruieren m\u00fcssen, zeigt ein weiteres Mal, dass man in NATO und EU in Wahrheit keinen russischen Angriff bef\u00fcrchtet, sondern nur einen Vorwand sucht, um den Steuerzahlern die Milliarden aus der Tasche zu ziehen.<\/p>\n<p>Dass das so ist, zeigte auch eine Pressekonferenz von NATO-Generalsekret\u00e4r Mark Rutte vor dem Treffen. Auf die Frage, worauf sich seine Einsch\u00e4tzung eines m\u00f6glichen russischen Angriffs innerhalb der n\u00e4chsten f\u00fcnf Jahre st\u00fctze, konnte er nicht klar antworten. Ich \u00fcbersetze hier die Frage und Ruttes Antwort aus dem <a href=\"https:\/\/www.nato.int\/cps\/en\/natohq\/opinions_236418.htm?selectedLocale=en\">offiziellen Protokoll der NATO<\/a>:<\/p>\n<p style=\"padding-left: 40px;\"><em>\u201e<strong>Lauri Nurmi, Iltalehti:<\/strong> Lauri Nurmi, Sicherheitspolitischer Korrespondent von Iltalehti, Finnland. Sehr geehrter Herr Generalsekret\u00e4r, vor zwei Wochen sagten Sie in London, Russland k\u00f6nnte innerhalb von f\u00fcnf Jahren bereit sein, milit\u00e4rische Gewalt gegen die NATO anzuwenden, und wiederholten dies: in f\u00fcnf Jahren. K\u00f6nnten Sie uns bitte erkl\u00e4ren, worauf diese Einsch\u00e4tzung basiert? Und kann Russland Finnland, Estland, Litauen, Lettland oder einen anderen NATO-Staat an der Ostflanke der NATO angreifen? Vielen Dank.<\/em><\/p>\n<p style=\"padding-left: 40px;\"><em><strong>NATO-Generalsekret\u00e4r Mark Rutte<\/strong>: Innerhalb der NATO besteht weitgehend Einigkeit dar\u00fcber, dass unsere Reaktion verheerend sein wird, wenn Russland uns heute angreifen w\u00fcrde, und die Russen wissen das.<br \/>\nIn weiten Kreisen der NATO herrscht jedoch gro\u00dfe Besorgnis. Wir haben vor einigen Wochen den Generalinspekteur in Deutschland und viele andere hochrangige Milit\u00e4rs sowie hochrangige Geheimdienstler dar\u00fcber sprechen h\u00f6ren, dass Russland uns in drei, f\u00fcnf oder sieben Jahren erfolgreich angreifen k\u00f6nnte, wenn wir nicht heute mehr investieren.<br \/>\nDie Frage k\u00f6nnte sein: Warum setzen Sie dann diesen Zeitrahmen bis 2035? Nun, nat\u00fcrlich beginnen wir heute. Das bedeutet j\u00e4hrliche Erh\u00f6hungen. In den n\u00e4chsten drei bis f\u00fcnf Jahren wird es enorme zus\u00e4tzliche Verteidigungsausgaben geben. Wir m\u00fcssen auch sicherstellen, dass diese Verteidigungsausgaben durch die Einstellung weiterer Soldaten gedeckt werden k\u00f6nnen und dass die ben\u00f6tigte milit\u00e4rische Ausr\u00fcstung ohne Preiserh\u00f6hungen gekauft werden kann. Das bedeutet aber auch, dass wir in drei, f\u00fcnf, sieben Jahren schrittweise eine NATO aufbauen werden, die nicht nur heute, sondern auch in drei, f\u00fcnf, sieben und zehn Jahren so stark sein wird, dass niemand \u2013 nicht die Russen, aber bitte beobachten Sie, was China mit seinem rasanten Milit\u00e4raufbau tut. Die Marine verf\u00fcgt bereits \u00fcber die gleiche Anzahl an Schiffen wie die der USA, und bis 2030 wird sie auf 450 Schiffe anwachsen. Tausend Atomsprengk\u00f6pfe bis 2030, und wir m\u00fcssen sicherstellen, dass wir uns gegen sie verteidigen k\u00f6nnen.\u201c<\/em><\/p>\n<h4 class=\"wp-block-heading\">Die Abschlusserkl\u00e4rung<\/h4>\n<p>Nun \u00fcbersetze ich auch die von der NATO ver\u00f6ffentlichte <a href=\"https:\/\/www.nato.int\/cps\/en\/natohq\/official_texts_236705.htm\">Abschlusserkl\u00e4rung des NATO-Gipfels<\/a>:<\/p>\n<ol>\n<li><em>Wir, die Staats- und Regierungschefs des Nordatlantischen B\u00fcndnisses, sind in Den Haag zusammengekommen, um unser Bekenntnis zur NATO, dem st\u00e4rksten B\u00fcndnis der Geschichte, und zum transatlantischen Bund zu bekr\u00e4ftigen. Wir bekr\u00e4ftigen unser eisernes Bekenntnis zur kollektiven Verteidigung, wie es in Artikel 5 des Washingtoner Vertrags verankert ist \u2013 dass ein Angriff auf einen ein Angriff auf alle ist. Wir bleiben vereint und fest entschlossen, unsere eine Milliarde B\u00fcrgerinnen und B\u00fcrger zu sch\u00fctzen, das B\u00fcndnis zu verteidigen und unsere Freiheit und Demokratie zu wahren.<\/em><\/li>\n<li><em>Vereint angesichts tiefgreifender Sicherheitsbedrohungen und -herausforderungen, insbesondere der langfristigen Bedrohung der euro-atlantischen Sicherheit durch Russland und der anhaltenden Bedrohung durch den Terrorismus, verpflichten sich die B\u00fcndnispartner, bis 2035 j\u00e4hrlich 5 % ihres BIP in zentrale Verteidigungsbed\u00fcrfnisse sowie verteidigungs- und sicherheitsbezogene Ausgaben zu investieren, um unseren individuellen und kollektiven Verpflichtungen gem\u00e4\u00df Artikel 3 des Washingtoner Vertrags nachzukommen. Unsere Investitionen stellen sicher, dass wir \u00fcber die Streitkr\u00e4fte, F\u00e4higkeiten, Ressourcen, Infrastruktur, Kampfbereitschaft und Resilienz verf\u00fcgen, die wir zur Abschreckung und Verteidigung im Einklang mit unseren drei Kernaufgaben Abschreckung und Verteidigung, Krisenpr\u00e4vention und -bew\u00e4ltigung sowie kooperative Sicherheit ben\u00f6tigen.<\/em><\/li>\n<li><em>Die B\u00fcndnispartner sind sich einig, dass diese 5%-Zusage zwei wesentliche Kategorien von Verteidigungsinvestitionen umfassen wird. Die B\u00fcndnispartner werden j\u00e4hrlich mindestens 3,5% des BIP auf Grundlage der vereinbarten Definition der NATO-Verteidigungsausgaben bis 2035 f\u00fcr die Deckung des Kernverteidigungsbedarfs und die Erf\u00fcllung der NATO-F\u00e4higkeitsziele bereitstellen. Die B\u00fcndnispartner verpflichten sich, j\u00e4hrliche Pl\u00e4ne vorzulegen, die einen glaubw\u00fcrdigen, schrittweisen Weg zur Erreichung dieses Ziels aufzeigen. Dar\u00fcber hinaus werden die B\u00fcndnispartner j\u00e4hrlich bis zu 1,5% des BIP bereitstellen, um unter anderem unsere kritische Infrastruktur zu sch\u00fctzen, unsere Netzwerke zu verteidigen, unsere zivile Bereitschaft und Resilienz sicherzustellen, Innovationen voranzutreiben und unsere verteidigungsindustrielle Basis zu st\u00e4rken. Die Ausgabenentwicklung und -bilanz im Rahmen dieses Plans werden 2029 im Lichte des strategischen Umfelds und der aktualisierten F\u00e4higkeitsziele \u00fcberpr\u00fcft. Die Verb\u00fcndeten bekr\u00e4ftigen ihre dauerhafte souver\u00e4ne Verpflichtung, die Ukraine zu unterst\u00fctzen, deren Sicherheit zu unserer beitr\u00e4gt. Zu diesem Zweck werden sie direkte Beitr\u00e4ge zur Verteidigung und R\u00fcstungsindustrie der Ukraine bei der Berechnung ihrer Verteidigungsausgaben ber\u00fccksichtigen.<\/em><\/li>\n<li><em>Wir bekr\u00e4ftigen unsere gemeinsame Verpflichtung, die transatlantische verteidigungsindustrielle Zusammenarbeit rasch auszubauen und neue Technologien und Innovationsgeist zur F\u00f6rderung unserer gemeinsamen Sicherheit zu nutzen. Wir werden uns f\u00fcr den Abbau von Handelshemmnissen im Verteidigungsbereich zwischen den Verb\u00fcndeten einsetzen und unsere Partnerschaften nutzen, um die Zusammenarbeit der Verteidigungsindustrien zu f\u00f6rdern.<\/em><\/li>\n<li><em>Wir bedanken uns f\u00fcr die gro\u00dfz\u00fcgige Gastfreundschaft, die uns das K\u00f6nigreich der Niederlande entgegengebracht hat. Wir freuen uns auf unser n\u00e4chstes Treffen in der T\u00fcrkei im Jahr 2026, gefolgt von einem Treffen in Albanien.<\/em><\/li>\n<\/ol>\n<p>Da die \u201eInvestitionen\u201c in R\u00fcstung de facto fast ausschlie\u00dflich Waffenk\u00e4ufe bei US-R\u00fcstungsunternehmen bedeuten, ist dieser NATO-Gipfel vielleicht Trumps gr\u00f6\u00dfter Erfolg.<\/p>\n<p>Ob es f\u00fcr die 5-Prozentregel eine Ausnahme f\u00fcr Spanien gibt, wie spanische Medien in den letzten Tagen berichtet haben, ist bisher nicht ersichtlich.<\/p>\n<p style=\"text-align: right;\"><em>Thomas R\u00f6per, geboren 1971, lebt seit \u00fcber 15 Jahren in Russland. Die Schwerpunkte seiner medienkritischen Arbeit sind das (mediale) Russlandbild in Deutschland, Kritik an der Berichterstattung westlicher Medien im Allgemeinen und die Themen (Geo-)Politik und Wirtschaft.<\/em><\/p>\n<hr \/>\n<p><span style=\"font-size: 10pt;\">Bild oben: Gruppenbild vom NATO-Gipfel in Den Haag am 24.06.2025<\/span><br \/>\n<span style=\"font-size: 10pt;\">Foto: Bart Maat \/ Ministry of Foreign Affairs of the Netherlands \/ Wikimedia Commons, <a href=\"https:\/\/creativecommons.org\/licenses\/by-sa\/4.0\" target=\"_blank\" rel=\"noopener\">CC BY-SA 4.0<\/a>, <\/span><br \/>\n<span style=\"font-size: 10pt;\">Quelle: <a href=\"https:\/\/commons.wikimedia.org\/w\/index.php?curid=168455513\" target=\"_blank\" rel=\"noopener\">https:\/\/commons.wikimedia.org\/w\/index.php?curid=168455513<\/a><\/span><\/p>\n","protected":false},"excerpt":{"rendered":"<p><b>Beitrag von Anti-Spiegel (d.i. Thomas R\u00f6per)<\/b><br \/>\nDie Abschlusserkl\u00e4rung des NATO-Gipfels in Den Haag ist die k\u00fcrzeste seit mindestens 30 Jahren. Der Umfang des Kommuniqu\u00e9s betrug nur 10 Prozent des Vorjahres. Es sind 427 gegen\u00fcber den 5.000 W\u00f6rtern der Erkl\u00e4rung nach dem Treffen in Washington 2024, hat die russische Nachrichtenagentur TASS nachgez\u00e4hlt. Die vom B\u00fcndnis ver\u00f6ffentlichte Erkl\u00e4rung enth\u00e4lt nur f\u00fcnf Punkte, w\u00e4hrend es im vergangenen Jahr 38 Abschnitte mit zahlreichen Unterpunkten waren. 2023 in Vilnius waren es sogar 90 Punkte. In dem heutigen Text wird die Ukraine zweimal und Russland einmal erw\u00e4hnt, w\u00e4hrend China \u00fcberhaupt nicht erw\u00e4hnt wird. Im Grunde hat die Erkl\u00e4rung nur ein Thema, n\u00e4mlich das von US-Pr\u00e4sident Trump geforderte Ziel, dass jedes NATO-Land bald 5 Prozent des BIP f\u00fcr Verteidigung ausgeben soll.<\/p>\n","protected":false},"author":3,"featured_media":22244,"comment_status":"closed","ping_status":"closed","sticky":false,"template":"","format":"standard","meta":{"colormag_page_container_layout":"default_layout","colormag_page_sidebar_layout":"default_layout","advanced_seo_description":"","jetpack_seo_html_title":"","jetpack_seo_noindex":false,"jetpack_post_was_ever_published":false,"footnotes":""},"categories":[12],"tags":[1458,1889,413,46,1504,2318,56,1842,2266,222,2226,2001,2523,1525,1845],"class_list":["post-22232","post","type-post","status-publish","format-standard","has-post-thumbnail","hentry","category-demokratie-medien-aufklaerung","tag-bedrohung","tag-bip","tag-china","tag-den-haag","tag-erklaerung","tag-gipfeltreffen","tag-nato","tag-niederlande","tag-pressekonferenz","tag-russland","tag-ruestungsetat","tag-sicherheit","tag-verteidigungspolitik","tag-waffenlieferungen","tag-zusammenarbeit"],"jetpack_featured_media_url":"https:\/\/i0.wp.com\/www.freidenker.org\/fw17\/wp-content\/uploads\/2025\/06\/NATO_Summit_2025_54611755854_800x450.jpg?fit=800%2C450&ssl=1","jetpack_shortlink":"https:\/\/wp.me\/p9stpK-5MA","jetpack-related-posts":[{"id":21412,"url":"https:\/\/www.freidenker.org\/?p=21412","url_meta":{"origin":22232,"position":0},"title":"Konferenz &#8222;Frieden mit Russland&#8220;","author":"Webredaktion","date":"9. April 2025","format":false,"excerpt":"Am 24. M\u00e4rz 2025 fand in Neuenhagen bei Berlin eine Konferenz des Ostdeutschen Kuratoriums von Verb\u00e4nden e.V. statt. Sie stand unter dem Motto \"Frieden mit Russland\" und war mit 500 Besuchern schon einige Wochen vorher ausverkauft. Die Veranstaltung wurde von Dr. Matthias Werner, Pr\u00e4sident des OKV e.V. und Mitglied des\u2026","rel":"","context":"In &quot;Frieden - Antifaschismus - Solidarit\u00e4t&quot;","block_context":{"text":"Frieden - Antifaschismus - Solidarit\u00e4t","link":"https:\/\/www.freidenker.org\/?cat=13"},"img":{"alt_text":"","src":"https:\/\/i0.wp.com\/www.freidenker.org\/fw17\/wp-content\/uploads\/2025\/04\/2025-03-24-Erklaerung_Titel_800x450.jpg?fit=800%2C450&ssl=1&resize=350%2C200","width":350,"height":200,"srcset":"https:\/\/i0.wp.com\/www.freidenker.org\/fw17\/wp-content\/uploads\/2025\/04\/2025-03-24-Erklaerung_Titel_800x450.jpg?fit=800%2C450&ssl=1&resize=350%2C200 1x, https:\/\/i0.wp.com\/www.freidenker.org\/fw17\/wp-content\/uploads\/2025\/04\/2025-03-24-Erklaerung_Titel_800x450.jpg?fit=800%2C450&ssl=1&resize=525%2C300 1.5x, https:\/\/i0.wp.com\/www.freidenker.org\/fw17\/wp-content\/uploads\/2025\/04\/2025-03-24-Erklaerung_Titel_800x450.jpg?fit=800%2C450&ssl=1&resize=700%2C400 2x"},"classes":[]},{"id":20802,"url":"https:\/\/www.freidenker.org\/?p=20802","url_meta":{"origin":22232,"position":1},"title":"NATO in der Ostsee: Rechtsbruch mit Ansage","author":"Webredaktion","date":"20. Januar 2025","format":false,"excerpt":"Beitrag von Dagmar Henn Wenn man wissen will, was sich in der Ostsee demn\u00e4chst abspielen k\u00f6nnte, muss man einen Blick auf die Abschlusserkl\u00e4rung des Ostseegipfels der NATO-Alliierten werfen. Auf diese Erkl\u00e4rung haben sich die in Helsinki anwesenden Regierungschefs geeinigt, aus Finnland, D\u00e4nemark, Deutschland, Polen, Schweden und den drei baltischen Staaten.\u2026","rel":"","context":"In &quot;Demokratie \u2013 Medien \u2013 Aufkl\u00e4rung&quot;","block_context":{"text":"Demokratie \u2013 Medien \u2013 Aufkl\u00e4rung","link":"https:\/\/www.freidenker.org\/?cat=12"},"img":{"alt_text":"","src":"https:\/\/i0.wp.com\/www.freidenker.org\/fw17\/wp-content\/uploads\/2025\/01\/Kriegsschiffe_KI_800x450.jpg?fit=800%2C450&ssl=1&resize=350%2C200","width":350,"height":200,"srcset":"https:\/\/i0.wp.com\/www.freidenker.org\/fw17\/wp-content\/uploads\/2025\/01\/Kriegsschiffe_KI_800x450.jpg?fit=800%2C450&ssl=1&resize=350%2C200 1x, https:\/\/i0.wp.com\/www.freidenker.org\/fw17\/wp-content\/uploads\/2025\/01\/Kriegsschiffe_KI_800x450.jpg?fit=800%2C450&ssl=1&resize=525%2C300 1.5x, https:\/\/i0.wp.com\/www.freidenker.org\/fw17\/wp-content\/uploads\/2025\/01\/Kriegsschiffe_KI_800x450.jpg?fit=800%2C450&ssl=1&resize=700%2C400 2x"},"classes":[]},{"id":19568,"url":"https:\/\/www.freidenker.org\/?p=19568","url_meta":{"origin":22232,"position":2},"title":"Schlag auf Schlag: NATO-Gipfel &#8211; Kriegsausdehnung &#8211; Attentat auf Trump","author":"Webredaktion","date":"22. Juli 2024","format":false,"excerpt":"Kommentar von\u00a0Wolfgang Effenberger Mit Feierlichkeiten zum 75-Jahr-Jubil\u00e4um der NATO begann am 9. Juli 2024 in Washington der dreit\u00e4gige Gipfel der Staats- und Regierungschefs der 32 Mitgliedsstaaten des Verteidigungsb\u00fcndnisses. Neben dem ukrainische Pr\u00e4sident Wolodymyr Selenskyj waren auch Vertreter der Europ\u00e4ischen Union, Australiens, Japans, S\u00fcdkoreas und Neuseelands angereist. Das von den USA\u2026","rel":"","context":"In &quot;Demokratie \u2013 Medien \u2013 Aufkl\u00e4rung&quot;","block_context":{"text":"Demokratie \u2013 Medien \u2013 Aufkl\u00e4rung","link":"https:\/\/www.freidenker.org\/?cat=12"},"img":{"alt_text":"","src":"https:\/\/i0.wp.com\/www.freidenker.org\/fw17\/wp-content\/uploads\/2024\/07\/KI_Donald_Trump_NATO_800x450.jpg?fit=800%2C450&ssl=1&resize=350%2C200","width":350,"height":200,"srcset":"https:\/\/i0.wp.com\/www.freidenker.org\/fw17\/wp-content\/uploads\/2024\/07\/KI_Donald_Trump_NATO_800x450.jpg?fit=800%2C450&ssl=1&resize=350%2C200 1x, https:\/\/i0.wp.com\/www.freidenker.org\/fw17\/wp-content\/uploads\/2024\/07\/KI_Donald_Trump_NATO_800x450.jpg?fit=800%2C450&ssl=1&resize=525%2C300 1.5x, https:\/\/i0.wp.com\/www.freidenker.org\/fw17\/wp-content\/uploads\/2024\/07\/KI_Donald_Trump_NATO_800x450.jpg?fit=800%2C450&ssl=1&resize=700%2C400 2x"},"classes":[]},{"id":3150,"url":"https:\/\/www.freidenker.org\/?p=3150","url_meta":{"origin":22232,"position":3},"title":"Anti-Kriegstag 2011: Wie mit dem Libyen-Krieg umgehen?","author":"Webredaktion","date":"23. August 2011","format":false,"excerpt":"Nachrichtenanalyse und Kommentar der Redaktion des \u201eFreidenker\u201c Der Deutsche Freidenker-Verband rief bereits in den ersten Tagen des Angriffs auf Libyen in einer Erkl\u00e4rung dazu auf, zu dieser verbrecherischen Aggression nein zu sagen, der Propaganda der Aggressoren zu widerstehen und Solidarit\u00e4t mit dem libyschen Volk und seiner rechtm\u00e4\u00dfigen libyschen Regierung zu\u2026","rel":"","context":"In &quot;Frieden - Antifaschismus - Solidarit\u00e4t&quot;","block_context":{"text":"Frieden - Antifaschismus - Solidarit\u00e4t","link":"https:\/\/www.freidenker.org\/?cat=13"},"img":{"alt_text":"","src":"https:\/\/i0.wp.com\/www.freidenker.org\/fw17\/wp-content\/uploads\/2011\/08\/libyen_kontur_mH_800x445.jpg?fit=800%2C445&ssl=1&resize=350%2C200","width":350,"height":200,"srcset":"https:\/\/i0.wp.com\/www.freidenker.org\/fw17\/wp-content\/uploads\/2011\/08\/libyen_kontur_mH_800x445.jpg?fit=800%2C445&ssl=1&resize=350%2C200 1x, https:\/\/i0.wp.com\/www.freidenker.org\/fw17\/wp-content\/uploads\/2011\/08\/libyen_kontur_mH_800x445.jpg?fit=800%2C445&ssl=1&resize=525%2C300 1.5x, https:\/\/i0.wp.com\/www.freidenker.org\/fw17\/wp-content\/uploads\/2011\/08\/libyen_kontur_mH_800x445.jpg?fit=800%2C445&ssl=1&resize=700%2C400 2x"},"classes":[]},{"id":23566,"url":"https:\/\/www.freidenker.org\/?p=23566","url_meta":{"origin":22232,"position":4},"title":"Korruptionsskandal in der NATO","author":"Webredaktion","date":"15. November 2025","format":false,"excerpt":"Ein Kommentar von\u00a0Rainer Rupp W\u00e4hrend NATO-Generalsekret\u00e4r Rutte mit nuklear-politischen Drohungen gegen Russland jongliert, begannen vor einigen Monaten Strafverfolgungsbeh\u00f6rden und Staatsanw\u00e4lte immer wieder an die T\u00fcr seiner korruptesten Beh\u00f6rde zu klopfen. Dabei handelt es sich um die im Kleinstaat Luxemburg in Autobahnn\u00e4he gelegene NSPA-Agentur, die u.a. zust\u00e4ndig f\u00fcr die Beschaffung von\u2026","rel":"","context":"In &quot;Demokratie \u2013 Medien \u2013 Aufkl\u00e4rung&quot;","block_context":{"text":"Demokratie \u2013 Medien \u2013 Aufkl\u00e4rung","link":"https:\/\/www.freidenker.org\/?cat=12"},"img":{"alt_text":"","src":"https:\/\/i0.wp.com\/www.freidenker.org\/fw17\/wp-content\/uploads\/2025\/11\/NATO_Summit_2025_54611779836_800x450.jpg?fit=800%2C450&ssl=1&resize=350%2C200","width":350,"height":200,"srcset":"https:\/\/i0.wp.com\/www.freidenker.org\/fw17\/wp-content\/uploads\/2025\/11\/NATO_Summit_2025_54611779836_800x450.jpg?fit=800%2C450&ssl=1&resize=350%2C200 1x, https:\/\/i0.wp.com\/www.freidenker.org\/fw17\/wp-content\/uploads\/2025\/11\/NATO_Summit_2025_54611779836_800x450.jpg?fit=800%2C450&ssl=1&resize=525%2C300 1.5x, https:\/\/i0.wp.com\/www.freidenker.org\/fw17\/wp-content\/uploads\/2025\/11\/NATO_Summit_2025_54611779836_800x450.jpg?fit=800%2C450&ssl=1&resize=700%2C400 2x"},"classes":[]},{"id":265,"url":"https:\/\/www.freidenker.org\/?p=265","url_meta":{"origin":22232,"position":5},"title":"Protestaktion in Den Haag &#8211; Zehnter Todestag S. Milo\u0161evic","author":"Webmaster","date":"8. M\u00e4rz 2016","format":false,"excerpt":"Am Freitag, den 11. M\u00e4rz 2016, j\u00e4hrt sich der Todestag des fr\u00fcheren serbischen und jugoslawischen Pr\u00e4sidenten Slobodan Milo\u0161evic zum zehnten Mal. Im M\u00e4rz 2006 wurde Milo\u0161evic Opfer der NATO-Siegerjustiz in Gestalt des v\u00f6lkerrechtswidrigen Haager Tribunals f\u00fcr das ehemalige Jugoslawien! Slobodan Milo\u0161evic entlarvte vor dem Tribunal die L\u00fcgen der Anklage und\u2026","rel":"","context":"In &quot;Frieden - Antifaschismus - Solidarit\u00e4t&quot;","block_context":{"text":"Frieden - Antifaschismus - Solidarit\u00e4t","link":"https:\/\/www.freidenker.org\/?cat=13"},"img":{"alt_text":"","src":"https:\/\/i0.wp.com\/www.freidenker.org\/fw17\/wp-content\/uploads\/2016\/07\/Den_Haag.jpg?fit=800%2C445&ssl=1&resize=350%2C200","width":350,"height":200,"srcset":"https:\/\/i0.wp.com\/www.freidenker.org\/fw17\/wp-content\/uploads\/2016\/07\/Den_Haag.jpg?fit=800%2C445&ssl=1&resize=350%2C200 1x, https:\/\/i0.wp.com\/www.freidenker.org\/fw17\/wp-content\/uploads\/2016\/07\/Den_Haag.jpg?fit=800%2C445&ssl=1&resize=525%2C300 1.5x, https:\/\/i0.wp.com\/www.freidenker.org\/fw17\/wp-content\/uploads\/2016\/07\/Den_Haag.jpg?fit=800%2C445&ssl=1&resize=700%2C400 2x"},"classes":[]}],"_links":{"self":[{"href":"https:\/\/www.freidenker.org\/index.php?rest_route=\/wp\/v2\/posts\/22232","targetHints":{"allow":["GET"]}}],"collection":[{"href":"https:\/\/www.freidenker.org\/index.php?rest_route=\/wp\/v2\/posts"}],"about":[{"href":"https:\/\/www.freidenker.org\/index.php?rest_route=\/wp\/v2\/types\/post"}],"author":[{"embeddable":true,"href":"https:\/\/www.freidenker.org\/index.php?rest_route=\/wp\/v2\/users\/3"}],"replies":[{"embeddable":true,"href":"https:\/\/www.freidenker.org\/index.php?rest_route=%2Fwp%2Fv2%2Fcomments&post=22232"}],"version-history":[{"count":2,"href":"https:\/\/www.freidenker.org\/index.php?rest_route=\/wp\/v2\/posts\/22232\/revisions"}],"predecessor-version":[{"id":22245,"href":"https:\/\/www.freidenker.org\/index.php?rest_route=\/wp\/v2\/posts\/22232\/revisions\/22245"}],"wp:featuredmedia":[{"embeddable":true,"href":"https:\/\/www.freidenker.org\/index.php?rest_route=\/wp\/v2\/media\/22244"}],"wp:attachment":[{"href":"https:\/\/www.freidenker.org\/index.php?rest_route=%2Fwp%2Fv2%2Fmedia&parent=22232"}],"wp:term":[{"taxonomy":"category","embeddable":true,"href":"https:\/\/www.freidenker.org\/index.php?rest_route=%2Fwp%2Fv2%2Fcategories&post=22232"},{"taxonomy":"post_tag","embeddable":true,"href":"https:\/\/www.freidenker.org\/index.php?rest_route=%2Fwp%2Fv2%2Ftags&post=22232"}],"curies":[{"name":"wp","href":"https:\/\/api.w.org\/{rel}","templated":true}]}}