{"id":22198,"date":"2025-06-26T19:24:53","date_gmt":"2025-06-26T17:24:53","guid":{"rendered":"https:\/\/www.freidenker.org\/?p=22198"},"modified":"2025-08-02T13:44:03","modified_gmt":"2025-08-02T11:44:03","slug":"nachlese-zum-hambacher-fest-2025","status":"publish","type":"post","link":"https:\/\/www.freidenker.org\/?p=22198","title":{"rendered":"Nachlese zum Hambacher Fest 2025"},"content":{"rendered":"<p><strong><a id=\"top\"><\/a><span style=\"font-size: 10pt;\">Navigation<\/span><\/strong><\/p>\n<ul>\n<li><span style=\"font-size: 10pt;\"><a href=\"#samstag\">Samstag, der 7. Juni 2025 in Neustadt<\/a><\/span><\/li>\n<li><span style=\"font-size: 10pt;\"><a href=\"#sonntag\">Sonntag, der 8. Juni 2025 in Neustadt und auf dem Hambacher Schloss<\/a><\/span>\n<ul>\n<li><span style=\"font-size: 10pt;\"><a href=\"#video_hartmann\">Video Ansprache Klaus Hartmann<\/a><\/span><\/li>\n<li><span style=\"font-size: 10pt;\"><a href=\"#video_dehm\">Video Ansprache und Lied Diether Dehm<\/a><\/span><\/li>\n<\/ul>\n<\/li>\n<\/ul>\n<hr \/>\n<h3>Nachlese zum Hambacher Fest 2025<\/h3>\n<p><em><strong>von Sophia Eigner\u00a0<\/strong><\/em><\/p>\n<p><span style=\"font-size: 10pt;\">Erstver\u00f6ffentlichung am 21.06.2025 auf der Seite des <a href=\"https:\/\/www.rheinland-pfalz-saarland.freidenker.org\/cms\/?p=3861\" target=\"_blank\" rel=\"noopener\">Landesverbandes Rheinland-Pfalz \/ Saarland des Deutschen Freidenker-Verbandes<\/a><\/span><\/p>\n<p>Am 7. und 8. Juni 2025 organisierte die Initiative <a href=\"https:\/\/freieinig.de\/\" target=\"_blank\" rel=\"noopener\"><strong>FreiEinig \u2013 Hambacher Bund<\/strong><\/a> aus Neustadt zum wiederholten Mal das <strong>Hambacher Fest<\/strong> in der Tradition ihres historischen Beispiels von 1832. <a href=\"https:\/\/www.rheinland-pfalz-saarland.freidenker.org\/cms\/?p=3656\" target=\"_blank\" rel=\"noopener\">Dem Aufruf zur Teilnahme<\/a>\u00a0sind die <strong>Freidenker<\/strong> \u2013 wie im Jahr zuvor \u2013 mit einem Infostand beim Fest der Initiativen am Samstag in der Innenstadt von Neustadt an der Weinstra\u00dfe gefolgt. Erstmalig sind sie aber auch am Sonntag mit Reden und musikalischen Beitr\u00e4gen auf dem Hambacher Schloss aktiv beteiligt.<\/p>\n<p><img data-recalc-dims=\"1\" loading=\"lazy\" decoding=\"async\" class=\"alignnone wp-image-3868\" src=\"https:\/\/i0.wp.com\/www.rheinland-pfalz-saarland.freidenker.org\/cms\/wp-content\/uploads\/2025\/06\/photo_2025-06-15_12-10-01.jpg?resize=495%2C371&#038;ssl=1\" sizes=\"auto, (max-width: 495px) 100vw, 495px\" srcset=\"https:\/\/www.rheinland-pfalz-saarland.freidenker.org\/cms\/wp-content\/uploads\/2025\/06\/photo_2025-06-15_12-10-01.jpg 1280w, https:\/\/www.rheinland-pfalz-saarland.freidenker.org\/cms\/wp-content\/uploads\/2025\/06\/photo_2025-06-15_12-10-01-300x225.jpg 300w, https:\/\/www.rheinland-pfalz-saarland.freidenker.org\/cms\/wp-content\/uploads\/2025\/06\/photo_2025-06-15_12-10-01-1024x768.jpg 1024w, https:\/\/www.rheinland-pfalz-saarland.freidenker.org\/cms\/wp-content\/uploads\/2025\/06\/photo_2025-06-15_12-10-01-768x576.jpg 768w\" alt=\"\" width=\"495\" height=\"371\" data-attachment-id=\"3868\" data-permalink=\"https:\/\/www.rheinland-pfalz-saarland.freidenker.org\/cms\/?attachment_id=3868\" data-orig-file=\"https:\/\/www.rheinland-pfalz-saarland.freidenker.org\/cms\/wp-content\/uploads\/2025\/06\/photo_2025-06-15_12-10-01.jpg\" data-orig-size=\"1280,960\" data-comments-opened=\"0\" data-image-meta=\"{&quot;aperture&quot;:&quot;0&quot;,&quot;credit&quot;:&quot;&quot;,&quot;camera&quot;:&quot;&quot;,&quot;caption&quot;:&quot;&quot;,&quot;created_timestamp&quot;:&quot;0&quot;,&quot;copyright&quot;:&quot;&quot;,&quot;focal_length&quot;:&quot;0&quot;,&quot;iso&quot;:&quot;0&quot;,&quot;shutter_speed&quot;:&quot;0&quot;,&quot;title&quot;:&quot;&quot;,&quot;orientation&quot;:&quot;0&quot;}\" data-image-title=\"photo_2025-06-15_12-10-01\" data-image-description=\"\" data-image-caption=\"\" data-medium-file=\"https:\/\/www.rheinland-pfalz-saarland.freidenker.org\/cms\/wp-content\/uploads\/2025\/06\/photo_2025-06-15_12-10-01-300x225.jpg\" data-large-file=\"https:\/\/www.rheinland-pfalz-saarland.freidenker.org\/cms\/wp-content\/uploads\/2025\/06\/photo_2025-06-15_12-10-01-1024x768.jpg\" \/><\/p>\n<p>Hier eine Dokumentation der zwei Tage in Neustadt und Hambach aus Freidenker-Perspektive, erg\u00e4nzt durch <span style=\"color: #008080;\">Ausschnitte aus dem Pressebericht<\/span> von FreiEinig (<span style=\"color: #008080;\">farblich gekennzeichnet<\/span>) nebst Fotos und Videos aus deren Mediengalerie.<\/p>\n<h4>Zun\u00e4chst eine Selbstdarstellung der Initiative:<\/h4>\n<p style=\"padding-left: 40px;\"><span style=\"color: #008080;\">\u201eWir, die Initiative FreiEinig aus Neustadt an der Weinstra\u00dfe, sind ein Zusammenschluss von Menschen, die sich um den Zustand unserer Grundrechte, deren rechtsstaatliche Garantie und den Frieden in unserem Land sorgen. Wir setzen uns aktiv f\u00fcr eine lebendige, demokratische Kultur ein, in der jede Stimme geh\u00f6rt wird, die eine Idee f\u00fcr einen demokratischen Neuanfang hat. Dazu z\u00e4hlen auch Stimmen, die oft f\u00e4lschlicherweise als antidemokratisch dargestellt werden, meist aufgrund fehlender oder falscher Informationen oder aus Angst.\u201c<\/span><\/p>\n<p style=\"text-align: right;\"><a href=\"https:\/\/freieinig.de\/\" target=\"_blank\" rel=\"noopener\"><em>Mehr auf der Webseite von FreiEinig: Unsere Vision<\/em><\/a><\/p>\n<hr \/>\n<h3><a id=\"samstag\"><\/a>Samstag, der 7. Juni 2025 in Neustadt<\/h3>\n<p>Vertreten waren zahlreiche Initiativen aus ganz Deutschland, u. a. <strong><a href=\"https:\/\/www.stoppramstein.de\/\" target=\"_blank\" rel=\"noopener\">Stopp Airbase Ramstein<\/a><\/strong> (die auf die <a href=\"https:\/\/www.stoppramstein.de\/flyer-friedenswoche-2025\/\" target=\"_blank\" rel=\"noopener\">10. Friedenswoche vom 22. bis 29. Juni 2025<\/a> aufmerksam machten \u2013 mit Demo in Kaiserslautern am 28. Juni); die Initiative <a href=\"https:\/\/leuchtturmard.de\/\" target=\"_blank\" rel=\"noopener\"><strong>Leuchtturm ARD<\/strong><\/a>; die B\u00fcrgerzeitung <a href=\"https:\/\/www.klartext-rheinmain.de\/\" target=\"_blank\" rel=\"noopener\"><strong>KLARTEXT<\/strong><\/a> Rhein-Main(-Neckar); <a href=\"https:\/\/druschba-global.org\/\" target=\"_blank\" rel=\"noopener\"><strong>Druschba<\/strong><\/a> (Gruppe Heidelberg\/Mannheim), <strong><a href=\"https:\/\/www.helfa.org\/de\" target=\"_blank\" rel=\"noopener\">Helfa<\/a><\/strong>, die Gemeinschaftsinitiative f\u00fcr gegenseitige Hilfe (<strong>Kal<\/strong>, der Initiator von H.e.l.f.a. mischte sich auch wieder auf Botschafter -Tour im Supermann-Kost\u00fcm unter die Menge) und <a href=\"https:\/\/www.zusammen-fuer-frieden-jetzt.de\/\" target=\"_blank\" rel=\"noopener\"><strong>Zusammen f\u00fcr Frieden Jetzt!<\/strong><\/a>. Basisdemokratische Initiativen stellten sich auch vor, wie <a href=\"https:\/\/www.das-freie-parlament.de\/\" target=\"_blank\" rel=\"noopener\"><strong>Das<\/strong> <strong>Freie Parlament<\/strong><\/a>, <a href=\"https:\/\/unsere-verfassung.de\/index.htm\" target=\"_blank\" rel=\"noopener\"><strong>Unsere Verfassung e.V<\/strong><\/a>., <a href=\"https:\/\/1bis19.de\/\" target=\"_blank\" rel=\"noopener\"><strong>1bis19<\/strong><\/a>\u00a0und die <a href=\"https:\/\/www.freundederdemokratie.org\/\" target=\"_blank\" rel=\"noopener\"><strong>Freunde der Demokratie<\/strong><\/a>, (welche bereits eigenst\u00e4ndig Volksabstimmungen durchf\u00fchren), sowie die Parteien <a href=\"https:\/\/diebasis-partei.de\/\" target=\"_blank\" rel=\"noopener\"><strong>dieBasis<\/strong><\/a> und <strong><a href=\"https:\/\/neuemitte.org\/\" target=\"_blank\" rel=\"noopener\">Die Neue Mitte<\/a><\/strong>.<\/p>\n<p><img data-recalc-dims=\"1\" loading=\"lazy\" decoding=\"async\" class=\"alignnone wp-image-3897\" src=\"https:\/\/i0.wp.com\/www.rheinland-pfalz-saarland.freidenker.org\/cms\/wp-content\/uploads\/2025\/06\/photo_2025-06-09_22-19-04.jpg?resize=495%2C371&#038;ssl=1\" sizes=\"auto, (max-width: 495px) 100vw, 495px\" srcset=\"https:\/\/www.rheinland-pfalz-saarland.freidenker.org\/cms\/wp-content\/uploads\/2025\/06\/photo_2025-06-09_22-19-04.jpg 1280w, https:\/\/www.rheinland-pfalz-saarland.freidenker.org\/cms\/wp-content\/uploads\/2025\/06\/photo_2025-06-09_22-19-04-300x225.jpg 300w, https:\/\/www.rheinland-pfalz-saarland.freidenker.org\/cms\/wp-content\/uploads\/2025\/06\/photo_2025-06-09_22-19-04-1024x768.jpg 1024w, https:\/\/www.rheinland-pfalz-saarland.freidenker.org\/cms\/wp-content\/uploads\/2025\/06\/photo_2025-06-09_22-19-04-768x576.jpg 768w\" alt=\"\" width=\"495\" height=\"371\" data-attachment-id=\"3897\" data-permalink=\"https:\/\/www.rheinland-pfalz-saarland.freidenker.org\/cms\/?attachment_id=3897\" data-orig-file=\"https:\/\/www.rheinland-pfalz-saarland.freidenker.org\/cms\/wp-content\/uploads\/2025\/06\/photo_2025-06-09_22-19-04.jpg\" data-orig-size=\"1280,960\" data-comments-opened=\"0\" data-image-meta=\"{&quot;aperture&quot;:&quot;0&quot;,&quot;credit&quot;:&quot;&quot;,&quot;camera&quot;:&quot;&quot;,&quot;caption&quot;:&quot;&quot;,&quot;created_timestamp&quot;:&quot;0&quot;,&quot;copyright&quot;:&quot;&quot;,&quot;focal_length&quot;:&quot;0&quot;,&quot;iso&quot;:&quot;0&quot;,&quot;shutter_speed&quot;:&quot;0&quot;,&quot;title&quot;:&quot;&quot;,&quot;orientation&quot;:&quot;0&quot;}\" data-image-title=\"photo_2025-06-09_22-19-04\" data-image-description=\"\" data-image-caption=\"\" data-medium-file=\"https:\/\/www.rheinland-pfalz-saarland.freidenker.org\/cms\/wp-content\/uploads\/2025\/06\/photo_2025-06-09_22-19-04-300x225.jpg\" data-large-file=\"https:\/\/www.rheinland-pfalz-saarland.freidenker.org\/cms\/wp-content\/uploads\/2025\/06\/photo_2025-06-09_22-19-04-1024x768.jpg\" \/><\/p>\n<p>Gemeinsam mit den<strong> NachDenkSeiten-Gespr\u00e4chskreisen<\/strong> <strong>Speyer, Mannheim und Bensheim<\/strong> (mit denen wir unseren Stand teilten) und mit 25 weiteren Initiativen aus ganz Deutschland gaben wir <strong>Freidenker<\/strong> interessierten B\u00fcrgern Auskunft \u00fcber unsere Ziele \u2013 bedingungslos f\u00fcr Frieden, Freiheit und Aufkl\u00e4rung.<\/p>\n<p><img data-recalc-dims=\"1\" loading=\"lazy\" decoding=\"async\" class=\"alignnone wp-image-3867\" src=\"https:\/\/i0.wp.com\/www.rheinland-pfalz-saarland.freidenker.org\/cms\/wp-content\/uploads\/2025\/06\/photo_2025-06-15_12-17-34.jpg?resize=495%2C371&#038;ssl=1\" sizes=\"auto, (max-width: 495px) 100vw, 495px\" srcset=\"https:\/\/www.rheinland-pfalz-saarland.freidenker.org\/cms\/wp-content\/uploads\/2025\/06\/photo_2025-06-15_12-17-34.jpg 1280w, https:\/\/www.rheinland-pfalz-saarland.freidenker.org\/cms\/wp-content\/uploads\/2025\/06\/photo_2025-06-15_12-17-34-300x225.jpg 300w, https:\/\/www.rheinland-pfalz-saarland.freidenker.org\/cms\/wp-content\/uploads\/2025\/06\/photo_2025-06-15_12-17-34-1024x768.jpg 1024w, https:\/\/www.rheinland-pfalz-saarland.freidenker.org\/cms\/wp-content\/uploads\/2025\/06\/photo_2025-06-15_12-17-34-768x576.jpg 768w\" alt=\"Freidenkerstand beim Hanbacher Fest 2025 in Neustadt an der Weinstra\u00dfe\" width=\"495\" height=\"371\" data-attachment-id=\"3867\" data-permalink=\"https:\/\/www.rheinland-pfalz-saarland.freidenker.org\/cms\/?attachment_id=3867\" data-orig-file=\"https:\/\/www.rheinland-pfalz-saarland.freidenker.org\/cms\/wp-content\/uploads\/2025\/06\/photo_2025-06-15_12-17-34.jpg\" data-orig-size=\"1280,960\" data-comments-opened=\"0\" data-image-meta=\"{&quot;aperture&quot;:&quot;0&quot;,&quot;credit&quot;:&quot;&quot;,&quot;camera&quot;:&quot;&quot;,&quot;caption&quot;:&quot;&quot;,&quot;created_timestamp&quot;:&quot;0&quot;,&quot;copyright&quot;:&quot;&quot;,&quot;focal_length&quot;:&quot;0&quot;,&quot;iso&quot;:&quot;0&quot;,&quot;shutter_speed&quot;:&quot;0&quot;,&quot;title&quot;:&quot;&quot;,&quot;orientation&quot;:&quot;0&quot;}\" data-image-title=\"photo_2025-06-15_12-17-34\" data-image-description=\"\" data-image-caption=\"\" data-medium-file=\"https:\/\/www.rheinland-pfalz-saarland.freidenker.org\/cms\/wp-content\/uploads\/2025\/06\/photo_2025-06-15_12-17-34-300x225.jpg\" data-large-file=\"https:\/\/www.rheinland-pfalz-saarland.freidenker.org\/cms\/wp-content\/uploads\/2025\/06\/photo_2025-06-15_12-17-34-1024x768.jpg\" \/><\/p>\n<p>Im Angebot waren au\u00dfer den Infost\u00e4nden der verschiedenen Initiativen u.a. zwei B\u00fchnen, eine Speakers Corner, eine online \u00fcbertragene Wasserzeremonie \u201ein Frieden\u201c der internationalen Initiative <strong>ISOFIA, <\/strong>Aktionen vor dem Elwedritsche-Brunnen, die an Frieden gemahnen\u2026<\/p>\n<p><img data-recalc-dims=\"1\" loading=\"lazy\" decoding=\"async\" data-attachment-id=\"3902\" data-permalink=\"https:\/\/www.freidenker.org\/?attachment_id=3902\" data-orig-file=\"https:\/\/i0.wp.com\/www.freidenker.org\/fw17\/wp-content\/uploads\/2012\/04\/Demonstrators_on_Army_Truck_in_Tahrir_Square_Cairo_800x445.jpg?fit=800%2C445&amp;ssl=1\" data-orig-size=\"800,445\" data-comments-opened=\"0\" data-image-meta=\"{&quot;aperture&quot;:&quot;0&quot;,&quot;credit&quot;:&quot;&quot;,&quot;camera&quot;:&quot;&quot;,&quot;caption&quot;:&quot;&quot;,&quot;created_timestamp&quot;:&quot;0&quot;,&quot;copyright&quot;:&quot;&quot;,&quot;focal_length&quot;:&quot;0&quot;,&quot;iso&quot;:&quot;0&quot;,&quot;shutter_speed&quot;:&quot;0&quot;,&quot;title&quot;:&quot;&quot;,&quot;orientation&quot;:&quot;1&quot;}\" data-image-title=\"Demonstrators_on_Army_Truck_in_Tahrir_Square,_Cairo_800x445\" data-image-description=\"\" data-image-caption=\"\" data-large-file=\"https:\/\/i0.wp.com\/www.freidenker.org\/fw17\/wp-content\/uploads\/2012\/04\/Demonstrators_on_Army_Truck_in_Tahrir_Square_Cairo_800x445.jpg?fit=800%2C445&amp;ssl=1\" class=\"alignnone wp-image-3902\" src=\"https:\/\/i0.wp.com\/www.rheinland-pfalz-saarland.freidenker.org\/cms\/wp-content\/uploads\/2025\/06\/photo_2025-06-16_22-44-21.jpg?resize=495%2C371&#038;ssl=1\" sizes=\"auto, (max-width: 495px) 100vw, 495px\" srcset=\"https:\/\/www.rheinland-pfalz-saarland.freidenker.org\/cms\/wp-content\/uploads\/2025\/06\/photo_2025-06-16_22-44-21.jpg 1280w, https:\/\/www.rheinland-pfalz-saarland.freidenker.org\/cms\/wp-content\/uploads\/2025\/06\/photo_2025-06-16_22-44-21-300x225.jpg 300w, https:\/\/www.rheinland-pfalz-saarland.freidenker.org\/cms\/wp-content\/uploads\/2025\/06\/photo_2025-06-16_22-44-21-1024x768.jpg 1024w, https:\/\/www.rheinland-pfalz-saarland.freidenker.org\/cms\/wp-content\/uploads\/2025\/06\/photo_2025-06-16_22-44-21-768x576.jpg 768w\" alt=\"\" width=\"495\" height=\"371\" data-attachment-id=\"3902\" data-permalink=\"https:\/\/www.rheinland-pfalz-saarland.freidenker.org\/cms\/?attachment_id=3902\" data-orig-file=\"https:\/\/www.rheinland-pfalz-saarland.freidenker.org\/cms\/wp-content\/uploads\/2025\/06\/photo_2025-06-16_22-44-21.jpg\" data-orig-size=\"1280,960\" data-comments-opened=\"0\" data-image-meta=\"{&quot;aperture&quot;:&quot;0&quot;,&quot;credit&quot;:&quot;&quot;,&quot;camera&quot;:&quot;&quot;,&quot;caption&quot;:&quot;&quot;,&quot;created_timestamp&quot;:&quot;0&quot;,&quot;copyright&quot;:&quot;&quot;,&quot;focal_length&quot;:&quot;0&quot;,&quot;iso&quot;:&quot;0&quot;,&quot;shutter_speed&quot;:&quot;0&quot;,&quot;title&quot;:&quot;&quot;,&quot;orientation&quot;:&quot;0&quot;}\" data-image-title=\"photo_2025-06-16_22-44-21\" data-image-description=\"\" data-image-caption=\"\" data-medium-file=\"https:\/\/www.rheinland-pfalz-saarland.freidenker.org\/cms\/wp-content\/uploads\/2025\/06\/photo_2025-06-16_22-44-21-300x225.jpg\" data-large-file=\"https:\/\/www.rheinland-pfalz-saarland.freidenker.org\/cms\/wp-content\/uploads\/2025\/06\/photo_2025-06-16_22-44-21-1024x768.jpg\" \/><\/p>\n<p>\u2026 und Fotoausstellungen, die Impfgesch\u00e4digte und Kriegsschrecken dokumentieren:<\/p>\n<p><img data-recalc-dims=\"1\" loading=\"lazy\" decoding=\"async\" class=\"alignnone wp-image-3892\" src=\"https:\/\/i0.wp.com\/www.rheinland-pfalz-saarland.freidenker.org\/cms\/wp-content\/uploads\/2025\/06\/photo_2025-06-16_22-58-54.jpg?resize=495%2C660&#038;ssl=1\" sizes=\"auto, (max-width: 495px) 100vw, 495px\" srcset=\"https:\/\/www.rheinland-pfalz-saarland.freidenker.org\/cms\/wp-content\/uploads\/2025\/06\/photo_2025-06-16_22-58-54.jpg 960w, https:\/\/www.rheinland-pfalz-saarland.freidenker.org\/cms\/wp-content\/uploads\/2025\/06\/photo_2025-06-16_22-58-54-225x300.jpg 225w, https:\/\/www.rheinland-pfalz-saarland.freidenker.org\/cms\/wp-content\/uploads\/2025\/06\/photo_2025-06-16_22-58-54-768x1024.jpg 768w\" alt=\"\" width=\"495\" height=\"660\" data-attachment-id=\"3892\" data-permalink=\"https:\/\/www.rheinland-pfalz-saarland.freidenker.org\/cms\/?attachment_id=3892\" data-orig-file=\"https:\/\/www.rheinland-pfalz-saarland.freidenker.org\/cms\/wp-content\/uploads\/2025\/06\/photo_2025-06-16_22-58-54.jpg\" data-orig-size=\"960,1280\" data-comments-opened=\"0\" data-image-meta=\"{&quot;aperture&quot;:&quot;0&quot;,&quot;credit&quot;:&quot;&quot;,&quot;camera&quot;:&quot;&quot;,&quot;caption&quot;:&quot;&quot;,&quot;created_timestamp&quot;:&quot;0&quot;,&quot;copyright&quot;:&quot;&quot;,&quot;focal_length&quot;:&quot;0&quot;,&quot;iso&quot;:&quot;0&quot;,&quot;shutter_speed&quot;:&quot;0&quot;,&quot;title&quot;:&quot;&quot;,&quot;orientation&quot;:&quot;0&quot;}\" data-image-title=\"photo_2025-06-16_22-58-54\" data-image-description=\"\" data-image-caption=\"\" data-medium-file=\"https:\/\/www.rheinland-pfalz-saarland.freidenker.org\/cms\/wp-content\/uploads\/2025\/06\/photo_2025-06-16_22-58-54-225x300.jpg\" data-large-file=\"https:\/\/www.rheinland-pfalz-saarland.freidenker.org\/cms\/wp-content\/uploads\/2025\/06\/photo_2025-06-16_22-58-54-768x1024.jpg\" \/><\/p>\n<p><span style=\"color: #008080;\"><strong>Michaele Kundermann<\/strong> von Zusammen f\u00fcr <strong>Frieden! JETZT!<\/strong> thematisierte in ihrer Friedensrede die alarmierende Situation, dass durch eine herbeigeredete Bedrohung eines m\u00f6glichen Angriffs Russlands auf unser Land f\u00fcr den Krieg mobilisiert und aufger\u00fcstet wird, was immense Steuergelder verschwendet. Sie rief dazu auf, <strong>unabh\u00e4ngig von der politischen Zugeh\u00f6rigkeit<\/strong> gemeinsam f\u00fcr den Frieden einzutreten.<\/span><\/p>\n<p>Der Anteil der \u201eMedien\u201c an diesen Zust\u00e4nden kam auch nicht zu kurz. Die Initiative <strong><a href=\"https:\/\/leuchtturmard.de\/\" target=\"_blank\" rel=\"noopener\">Leuchtturm ARD<\/a><\/strong> hatte einen Infostand aufgebaut und\u00a0<span style=\"color: #008080;\"><strong>Chris Barth<\/strong> von der <span style=\"color: #0000ff;\"><a style=\"color: #0000ff;\" href=\"https:\/\/www.klartext-rheinmain.de\/\" target=\"_blank\" rel=\"noopener\"><strong>B\u00fcrgerzeitung KLARTEXT<\/strong> Rhein-Main(-Neckar)<\/a><\/span> thematisierte unter anderem die Problematik der Staats- und Konzernmedien, die ihrem Auftrag einer unabh\u00e4ngigen Berichterstattung nicht mehr erf\u00fcllen w\u00fcrden.<\/span><\/p>\n<p><img data-recalc-dims=\"1\" loading=\"lazy\" decoding=\"async\" class=\"alignnone wp-image-3898\" src=\"https:\/\/i0.wp.com\/www.rheinland-pfalz-saarland.freidenker.org\/cms\/wp-content\/uploads\/2025\/06\/photo_2025-06-10_10-58-25-2.jpg?resize=495%2C330&#038;ssl=1\" sizes=\"auto, (max-width: 495px) 100vw, 495px\" srcset=\"https:\/\/www.rheinland-pfalz-saarland.freidenker.org\/cms\/wp-content\/uploads\/2025\/06\/photo_2025-06-10_10-58-25-2.jpg 1280w, https:\/\/www.rheinland-pfalz-saarland.freidenker.org\/cms\/wp-content\/uploads\/2025\/06\/photo_2025-06-10_10-58-25-2-300x200.jpg 300w, https:\/\/www.rheinland-pfalz-saarland.freidenker.org\/cms\/wp-content\/uploads\/2025\/06\/photo_2025-06-10_10-58-25-2-1024x682.jpg 1024w, https:\/\/www.rheinland-pfalz-saarland.freidenker.org\/cms\/wp-content\/uploads\/2025\/06\/photo_2025-06-10_10-58-25-2-768x512.jpg 768w\" alt=\"\" width=\"495\" height=\"330\" data-attachment-id=\"3898\" data-permalink=\"https:\/\/www.rheinland-pfalz-saarland.freidenker.org\/cms\/?attachment_id=3898\" data-orig-file=\"https:\/\/www.rheinland-pfalz-saarland.freidenker.org\/cms\/wp-content\/uploads\/2025\/06\/photo_2025-06-10_10-58-25-2.jpg\" data-orig-size=\"1280,853\" data-comments-opened=\"0\" data-image-meta=\"{&quot;aperture&quot;:&quot;0&quot;,&quot;credit&quot;:&quot;&quot;,&quot;camera&quot;:&quot;&quot;,&quot;caption&quot;:&quot;&quot;,&quot;created_timestamp&quot;:&quot;0&quot;,&quot;copyright&quot;:&quot;&quot;,&quot;focal_length&quot;:&quot;0&quot;,&quot;iso&quot;:&quot;0&quot;,&quot;shutter_speed&quot;:&quot;0&quot;,&quot;title&quot;:&quot;&quot;,&quot;orientation&quot;:&quot;0&quot;}\" data-image-title=\"photo_2025-06-10_10-58-25-2\" data-image-description=\"\" data-image-caption=\"\" data-medium-file=\"https:\/\/www.rheinland-pfalz-saarland.freidenker.org\/cms\/wp-content\/uploads\/2025\/06\/photo_2025-06-10_10-58-25-2-300x200.jpg\" data-large-file=\"https:\/\/www.rheinland-pfalz-saarland.freidenker.org\/cms\/wp-content\/uploads\/2025\/06\/photo_2025-06-10_10-58-25-2-1024x682.jpg\" \/><\/p>\n<p>So warnte eine Woche vor dem Ereignis der Historiker <strong>Dr. Buchna<\/strong> in einer Ratssitzung auf dem Schloss vor der angeblichen \u201eUnterwanderung\u201c von FreiEinig durch \u201eReichsb\u00fcrger\u201c (aber wie von ihm ausgef\u00fchrt, der \u201eharmlosen Sorte\u201c). Die \u201eRheinpfalz\u201c griff das dankbar auf und heizte die Stimmung gegen die kommende Veranstaltung zum wiederholten Mal auf.<\/p>\n<p>Die schon gewohnte Stimmungsmache f\u00fchrte in diesem Jahr u. a. zur Stornierung vom Verein <a href=\"https:\/\/www.mehr-demokratie.de\/\" target=\"_blank\" rel=\"noopener\"><strong>Mehr Demokratie e.V.<\/strong><\/a> (der dem Vorwurf Glauben schenkte, FreiEinig sei antidemokratisch); einer Gegendemonstration rund um die Stiftskirche am Marktplatz und einer Sitzblockade durch die Antifa am Sonntag beim Marsch auf das Hambacher Schloss.<\/p>\n<p>Auch anwesend und teilnehmend geduldet konnte man tats\u00e4chlich das eine oder andere \u201everd\u00e4chtige Wesen\u201c entdecken, so etwa den mittlerweile \u201ewie ein bunter Hund\u201c bekannte <strong>Wolfgang aus Lorsch<\/strong>, der friedlich seine Vorstellung einer besseren Welt kundtat und hier die Farben seines Vorschlags f\u00fcr eine neue Deutschlandflagge erkl\u00e4rt (zum Vergr\u00f6\u00dfern das Bild anklicken):<\/p>\n<p><a href=\"https:\/\/i0.wp.com\/www.rheinland-pfalz-saarland.freidenker.org\/cms\/wp-content\/uploads\/2025\/06\/photo_2025-06-10_10-58-23-2.jpg?ssl=1\" target=\"_blank\" rel=\"noopener\"><img data-recalc-dims=\"1\" loading=\"lazy\" decoding=\"async\" class=\"alignnone wp-image-3905\" title=\"zum Vergr\u00f6\u00dfern anklicken...\" src=\"https:\/\/i0.wp.com\/www.rheinland-pfalz-saarland.freidenker.org\/cms\/wp-content\/uploads\/2025\/06\/photo_2025-06-10_10-58-23-2.jpg?resize=495%2C330&#038;ssl=1\" sizes=\"auto, (max-width: 495px) 100vw, 495px\" srcset=\"https:\/\/www.rheinland-pfalz-saarland.freidenker.org\/cms\/wp-content\/uploads\/2025\/06\/photo_2025-06-10_10-58-23-2.jpg 1280w, https:\/\/www.rheinland-pfalz-saarland.freidenker.org\/cms\/wp-content\/uploads\/2025\/06\/photo_2025-06-10_10-58-23-2-300x200.jpg 300w, https:\/\/www.rheinland-pfalz-saarland.freidenker.org\/cms\/wp-content\/uploads\/2025\/06\/photo_2025-06-10_10-58-23-2-1024x682.jpg 1024w, https:\/\/www.rheinland-pfalz-saarland.freidenker.org\/cms\/wp-content\/uploads\/2025\/06\/photo_2025-06-10_10-58-23-2-768x512.jpg 768w\" alt=\"\" width=\"495\" height=\"330\" data-attachment-id=\"3905\" data-permalink=\"https:\/\/www.rheinland-pfalz-saarland.freidenker.org\/cms\/?attachment_id=3905\" data-orig-file=\"https:\/\/www.rheinland-pfalz-saarland.freidenker.org\/cms\/wp-content\/uploads\/2025\/06\/photo_2025-06-10_10-58-23-2.jpg\" data-orig-size=\"1280,853\" data-comments-opened=\"0\" data-image-meta=\"{&quot;aperture&quot;:&quot;0&quot;,&quot;credit&quot;:&quot;&quot;,&quot;camera&quot;:&quot;&quot;,&quot;caption&quot;:&quot;&quot;,&quot;created_timestamp&quot;:&quot;0&quot;,&quot;copyright&quot;:&quot;&quot;,&quot;focal_length&quot;:&quot;0&quot;,&quot;iso&quot;:&quot;0&quot;,&quot;shutter_speed&quot;:&quot;0&quot;,&quot;title&quot;:&quot;&quot;,&quot;orientation&quot;:&quot;0&quot;}\" data-image-title=\"photo_2025-06-10_10-58-23-2\" data-image-description=\"\" data-image-caption=\"\" data-medium-file=\"https:\/\/www.rheinland-pfalz-saarland.freidenker.org\/cms\/wp-content\/uploads\/2025\/06\/photo_2025-06-10_10-58-23-2-300x200.jpg\" data-large-file=\"https:\/\/www.rheinland-pfalz-saarland.freidenker.org\/cms\/wp-content\/uploads\/2025\/06\/photo_2025-06-10_10-58-23-2-1024x682.jpg\" \/><\/a><\/p>\n<p>In einer Demokratie sollte es aber selbstverst\u00e4ndlich sein, auch Menschen auszuhalten, deren Ansichten man nicht teilt (vielleicht weil man sie nicht wirklich kennt), die sich aber nichts zu Schulden kommen lie\u00dfen. Vielmehr sollte man ihnen sogar zuzuh\u00f6ren, um sie zu verstehen. Denn erst dann ist eine qualifizierte Meinung m\u00f6glich, was auch die Ablehnung der Position beinhalten kann.<\/p>\n<div class=\"loJjTe\">\n<div class=\"iAIpCb PZPZlf\" role=\"heading\" data-attrid=\"subtitle\" aria-level=\"3\">Der franz\u00f6sische Philosoph und Schriftsteller<strong> Voltaire<\/strong> (1694 bis 1778) schrieb in \u201eQuestions sur les miracles\u201c:<\/div>\n<\/div>\n<p style=\"padding-left: 40px;\">\u201eDas Recht zu sagen und zu drucken, was wir denken, ist eines jeden freien Menschen Recht, welches man ihm nicht nehmen k\u00f6nnte, ohne die widerw\u00e4rtigste Tyrannei auszu\u00fcben. Dieses Vorrecht kommt uns von Grund auf zu; und es w\u00e4re abscheulich, dass jene, bei denen die Souver\u00e4nit\u00e4t liegt, ihre Meinung nicht schriftlich sagen d\u00fcrften.\u201c<\/p>\n<p>im Original:<\/p>\n<p style=\"padding-left: 40px;\"><em>\u201eLe droit de dire et d\u2019imprimer ce que nous pensons est le droit de tout homme libre, dont on ne saurait le priver sans exercer la tyrannie la plus odieuse. Ce privil\u00e8ge nous est \u2026 essentiel \u2026 ; et il serait d\u00e9plaisant que ceux en qui r\u00e9side la souverainet\u00e9 ne pussent pas dire leur avis par \u00e9crit.\u201c<\/em><\/p>\n<p>und <strong>George Orwell<\/strong>, der Autor des dystopischen Romans \u201e<strong>1984<\/strong>\u201c war der Ansicht:<\/p>\n<p style=\"padding-left: 40px;\"><span class=\"quote_text\"><span class=\"initial\">F<\/span>alls Freiheit \u00fcberhaupt etwas bedeutet, dannn bedeutet sie das Recht darauf, den Leuten das zu sagen, was sie nicht h\u00f6ren wollen.<\/span><\/p>\n<div class=\"author\" style=\"text-align: right;\"><em>George Orwell \u2013 Farm der Tiere<\/em><\/div>\n<h4><strong>Genau dies entspricht dem urspr\u00fcnglichen Geist des Hambacher Fests aus dem Jahr 1832, auch wenn viele Mitb\u00fcrger <\/strong><strong>dies <\/strong><strong>nicht wahrhaben wollen.<\/strong><\/h4>\n<p><img data-recalc-dims=\"1\" loading=\"lazy\" decoding=\"async\" data-attachment-id=\"3906\" data-permalink=\"https:\/\/www.freidenker.org\/?attachment_id=3906\" data-orig-file=\"https:\/\/i0.wp.com\/www.freidenker.org\/fw17\/wp-content\/uploads\/2012\/01\/nato_bombardiert_novi_sad_800x445.jpg?fit=800%2C445&amp;ssl=1\" data-orig-size=\"800,445\" data-comments-opened=\"0\" data-image-meta=\"{&quot;aperture&quot;:&quot;0&quot;,&quot;credit&quot;:&quot;&quot;,&quot;camera&quot;:&quot;&quot;,&quot;caption&quot;:&quot;&quot;,&quot;created_timestamp&quot;:&quot;0&quot;,&quot;copyright&quot;:&quot;&quot;,&quot;focal_length&quot;:&quot;0&quot;,&quot;iso&quot;:&quot;0&quot;,&quot;shutter_speed&quot;:&quot;0&quot;,&quot;title&quot;:&quot;&quot;,&quot;orientation&quot;:&quot;1&quot;}\" data-image-title=\"nato_bombardiert_novi_sad_800x445\" data-image-description=\"\" data-image-caption=\"\" data-large-file=\"https:\/\/i0.wp.com\/www.freidenker.org\/fw17\/wp-content\/uploads\/2012\/01\/nato_bombardiert_novi_sad_800x445.jpg?fit=800%2C445&amp;ssl=1\" class=\"wp-image-3906\" src=\"https:\/\/i0.wp.com\/www.rheinland-pfalz-saarland.freidenker.org\/cms\/wp-content\/uploads\/2025\/06\/photo_2025-06-16_21-25-30.jpg?resize=495%2C371&#038;ssl=1\" sizes=\"auto, (max-width: 495px) 100vw, 495px\" srcset=\"https:\/\/www.rheinland-pfalz-saarland.freidenker.org\/cms\/wp-content\/uploads\/2025\/06\/photo_2025-06-16_21-25-30.jpg 1280w, https:\/\/www.rheinland-pfalz-saarland.freidenker.org\/cms\/wp-content\/uploads\/2025\/06\/photo_2025-06-16_21-25-30-300x225.jpg 300w, https:\/\/www.rheinland-pfalz-saarland.freidenker.org\/cms\/wp-content\/uploads\/2025\/06\/photo_2025-06-16_21-25-30-1024x768.jpg 1024w, https:\/\/www.rheinland-pfalz-saarland.freidenker.org\/cms\/wp-content\/uploads\/2025\/06\/photo_2025-06-16_21-25-30-768x576.jpg 768w\" alt=\"\" width=\"495\" height=\"371\" aria-describedby=\"caption-attachment-3906\" data-attachment-id=\"3906\" data-permalink=\"https:\/\/www.rheinland-pfalz-saarland.freidenker.org\/cms\/?attachment_id=3906\" data-orig-file=\"https:\/\/www.rheinland-pfalz-saarland.freidenker.org\/cms\/wp-content\/uploads\/2025\/06\/photo_2025-06-16_21-25-30.jpg\" data-orig-size=\"1280,960\" data-comments-opened=\"0\" data-image-meta=\"{&quot;aperture&quot;:&quot;0&quot;,&quot;credit&quot;:&quot;&quot;,&quot;camera&quot;:&quot;&quot;,&quot;caption&quot;:&quot;&quot;,&quot;created_timestamp&quot;:&quot;0&quot;,&quot;copyright&quot;:&quot;&quot;,&quot;focal_length&quot;:&quot;0&quot;,&quot;iso&quot;:&quot;0&quot;,&quot;shutter_speed&quot;:&quot;0&quot;,&quot;title&quot;:&quot;&quot;,&quot;orientation&quot;:&quot;0&quot;}\" data-image-title=\"photo_2025-06-16_21-25-30\" data-image-description=\"\" data-image-caption=\"\" data-medium-file=\"https:\/\/www.rheinland-pfalz-saarland.freidenker.org\/cms\/wp-content\/uploads\/2025\/06\/photo_2025-06-16_21-25-30-300x225.jpg\" data-large-file=\"https:\/\/www.rheinland-pfalz-saarland.freidenker.org\/cms\/wp-content\/uploads\/2025\/06\/photo_2025-06-16_21-25-30-1024x768.jpg\" \/><\/p>\n<div>\n<div id=\"attachment_3906\" class=\"wp-caption alignnone\">\n<p id=\"caption-attachment-3906\" class=\"wp-caption-text\"><span style=\"font-size: 10pt;\">(Nein, die linke Flagge im Bild symbolisiert nicht die ukrainischen Nazi-Kollaborateure, die an der Seite der Nazis unter der schwarz-roten Flagge k\u00e4mpften (OUN), die auch die heutigen ukrainischen Neonazis schwenken. Sie ist das klassische Symbol anarchistischer Bewegungen, wobei Schwarz die traditionelle Farbe des Anarchismus und Rot die des Sozialismus ist.)<\/span><\/p>\n<\/div>\n<\/div>\n<div><span style=\"color: #008080;\">Beim Schweigemarsch f\u00fcr Frieden liefen 120 Menschen mit Friedensbotschaften, darunter ein gro\u00dfes Banner mit der Aufschrift \u201eNie wieder Faschismus, nie wieder Krieg\u201c, leise durch Neustadt.<\/span><\/div>\n<div>\n<p><img data-recalc-dims=\"1\" loading=\"lazy\" decoding=\"async\" data-attachment-id=\"3916\" data-permalink=\"https:\/\/www.freidenker.org\/?attachment_id=3916\" data-orig-file=\"https:\/\/i0.wp.com\/www.freidenker.org\/fw17\/wp-content\/uploads\/2011\/11\/o2_with_devil.jpg?fit=800%2C445&amp;ssl=1\" data-orig-size=\"800,445\" data-comments-opened=\"0\" data-image-meta=\"{&quot;aperture&quot;:&quot;0&quot;,&quot;credit&quot;:&quot;&quot;,&quot;camera&quot;:&quot;&quot;,&quot;caption&quot;:&quot;&quot;,&quot;created_timestamp&quot;:&quot;0&quot;,&quot;copyright&quot;:&quot;&quot;,&quot;focal_length&quot;:&quot;0&quot;,&quot;iso&quot;:&quot;0&quot;,&quot;shutter_speed&quot;:&quot;0&quot;,&quot;title&quot;:&quot;&quot;,&quot;orientation&quot;:&quot;1&quot;}\" data-image-title=\"o2_with_devil\" data-image-description=\"\" data-image-caption=\"\" data-large-file=\"https:\/\/i0.wp.com\/www.freidenker.org\/fw17\/wp-content\/uploads\/2011\/11\/o2_with_devil.jpg?fit=800%2C445&amp;ssl=1\" class=\"alignnone wp-image-3916\" src=\"https:\/\/i0.wp.com\/www.rheinland-pfalz-saarland.freidenker.org\/cms\/wp-content\/uploads\/2025\/06\/photo_2025-06-10_10-58-23.jpg?resize=495%2C330&#038;ssl=1\" sizes=\"auto, (max-width: 495px) 100vw, 495px\" srcset=\"https:\/\/www.rheinland-pfalz-saarland.freidenker.org\/cms\/wp-content\/uploads\/2025\/06\/photo_2025-06-10_10-58-23.jpg 1280w, https:\/\/www.rheinland-pfalz-saarland.freidenker.org\/cms\/wp-content\/uploads\/2025\/06\/photo_2025-06-10_10-58-23-300x200.jpg 300w, https:\/\/www.rheinland-pfalz-saarland.freidenker.org\/cms\/wp-content\/uploads\/2025\/06\/photo_2025-06-10_10-58-23-1024x682.jpg 1024w, https:\/\/www.rheinland-pfalz-saarland.freidenker.org\/cms\/wp-content\/uploads\/2025\/06\/photo_2025-06-10_10-58-23-768x512.jpg 768w\" alt=\"\" width=\"495\" height=\"330\" data-attachment-id=\"3916\" data-permalink=\"https:\/\/www.rheinland-pfalz-saarland.freidenker.org\/cms\/?attachment_id=3916\" data-orig-file=\"https:\/\/www.rheinland-pfalz-saarland.freidenker.org\/cms\/wp-content\/uploads\/2025\/06\/photo_2025-06-10_10-58-23.jpg\" data-orig-size=\"1280,853\" data-comments-opened=\"0\" data-image-meta=\"{&quot;aperture&quot;:&quot;0&quot;,&quot;credit&quot;:&quot;&quot;,&quot;camera&quot;:&quot;&quot;,&quot;caption&quot;:&quot;&quot;,&quot;created_timestamp&quot;:&quot;0&quot;,&quot;copyright&quot;:&quot;&quot;,&quot;focal_length&quot;:&quot;0&quot;,&quot;iso&quot;:&quot;0&quot;,&quot;shutter_speed&quot;:&quot;0&quot;,&quot;title&quot;:&quot;&quot;,&quot;orientation&quot;:&quot;0&quot;}\" data-image-title=\"photo_2025-06-10_10-58-23\" data-image-description=\"\" data-image-caption=\"\" data-medium-file=\"https:\/\/www.rheinland-pfalz-saarland.freidenker.org\/cms\/wp-content\/uploads\/2025\/06\/photo_2025-06-10_10-58-23-300x200.jpg\" data-large-file=\"https:\/\/www.rheinland-pfalz-saarland.freidenker.org\/cms\/wp-content\/uploads\/2025\/06\/photo_2025-06-10_10-58-23-1024x682.jpg\" \/><\/p>\n<p>Hierzu gab es lauten Protest von Gegendemonstranten, aber auch Irritationen bei einigen Gegendemonstranten, \u201eweil dort Friedenssymbole rumgetragen wurden, die sie doch selbst verwenden\u201c. Vielleicht findet da gerade ein kleiner Umdenkungs- und Erkenntnisprozess statt. Genauso, wie uns \u201eAufgekl\u00e4rteren\u201c immer noch manchmal der Geduldsfaden rei\u00dft, wenn Argumente nicht anzukommen scheinen, sollten wir der anderen Seite aber zugestehen, dass ein Erkenntnisprozess Zeit braucht (auch wenn die Zeit immer knapper wird).<\/p>\n<\/div>\n<div>\n<p>Wann also sind auch Mitglieder der \u201eAntifa\u201c und \u201e<strong>Omas gegen Rechts<\/strong>\u201c bereit, mit uns auf der Seite der Kriegsgegner und gegen Tyrannei zu stehen, anstatt uns zu bek\u00e4mpfen, wie hier am Samstag bei einer Demonstration in der Innenstadt gegen die Ausrichtung des Hambacher Fest 2025 durch FreiEinig?<\/p>\n<p><img data-recalc-dims=\"1\" loading=\"lazy\" decoding=\"async\" data-attachment-id=\"3978\" data-permalink=\"https:\/\/www.freidenker.org\/?attachment_id=3978\" data-orig-file=\"https:\/\/i0.wp.com\/www.freidenker.org\/fw17\/wp-content\/uploads\/2010\/03\/child-1154951_800x445.jpg?fit=800%2C445&amp;ssl=1\" data-orig-size=\"800,445\" data-comments-opened=\"0\" data-image-meta=\"{&quot;aperture&quot;:&quot;0&quot;,&quot;credit&quot;:&quot;&quot;,&quot;camera&quot;:&quot;&quot;,&quot;caption&quot;:&quot;&quot;,&quot;created_timestamp&quot;:&quot;0&quot;,&quot;copyright&quot;:&quot;&quot;,&quot;focal_length&quot;:&quot;0&quot;,&quot;iso&quot;:&quot;0&quot;,&quot;shutter_speed&quot;:&quot;0&quot;,&quot;title&quot;:&quot;&quot;,&quot;orientation&quot;:&quot;1&quot;}\" data-image-title=\"child-1154951_800x445\" data-image-description=\"\" data-image-caption=\"\" data-large-file=\"https:\/\/i0.wp.com\/www.freidenker.org\/fw17\/wp-content\/uploads\/2010\/03\/child-1154951_800x445.jpg?fit=800%2C445&amp;ssl=1\" class=\"alignnone wp-image-3978\" src=\"https:\/\/i0.wp.com\/www.rheinland-pfalz-saarland.freidenker.org\/cms\/wp-content\/uploads\/2025\/06\/photo_2025-06-10_10-58-47-5_verpixelt2.jpg?resize=495%2C330&#038;ssl=1\" sizes=\"auto, (max-width: 495px) 100vw, 495px\" srcset=\"https:\/\/www.rheinland-pfalz-saarland.freidenker.org\/cms\/wp-content\/uploads\/2025\/06\/photo_2025-06-10_10-58-47-5_verpixelt2.jpg 1280w, https:\/\/www.rheinland-pfalz-saarland.freidenker.org\/cms\/wp-content\/uploads\/2025\/06\/photo_2025-06-10_10-58-47-5_verpixelt2-300x200.jpg 300w, https:\/\/www.rheinland-pfalz-saarland.freidenker.org\/cms\/wp-content\/uploads\/2025\/06\/photo_2025-06-10_10-58-47-5_verpixelt2-1024x682.jpg 1024w, https:\/\/www.rheinland-pfalz-saarland.freidenker.org\/cms\/wp-content\/uploads\/2025\/06\/photo_2025-06-10_10-58-47-5_verpixelt2-768x512.jpg 768w\" alt=\"\" width=\"495\" height=\"330\" data-attachment-id=\"3978\" data-permalink=\"https:\/\/www.rheinland-pfalz-saarland.freidenker.org\/cms\/?attachment_id=3978\" data-orig-file=\"https:\/\/www.rheinland-pfalz-saarland.freidenker.org\/cms\/wp-content\/uploads\/2025\/06\/photo_2025-06-10_10-58-47-5_verpixelt2.jpg\" data-orig-size=\"1280,853\" data-comments-opened=\"0\" data-image-meta=\"{&quot;aperture&quot;:&quot;0&quot;,&quot;credit&quot;:&quot;&quot;,&quot;camera&quot;:&quot;&quot;,&quot;caption&quot;:&quot;&quot;,&quot;created_timestamp&quot;:&quot;0&quot;,&quot;copyright&quot;:&quot;&quot;,&quot;focal_length&quot;:&quot;0&quot;,&quot;iso&quot;:&quot;0&quot;,&quot;shutter_speed&quot;:&quot;0&quot;,&quot;title&quot;:&quot;&quot;,&quot;orientation&quot;:&quot;0&quot;}\" data-image-title=\"photo_2025-06-10_10-58-47-5_verpixelt2\" data-image-description=\"\" data-image-caption=\"\" data-medium-file=\"https:\/\/www.rheinland-pfalz-saarland.freidenker.org\/cms\/wp-content\/uploads\/2025\/06\/photo_2025-06-10_10-58-47-5_verpixelt2-300x200.jpg\" data-large-file=\"https:\/\/www.rheinland-pfalz-saarland.freidenker.org\/cms\/wp-content\/uploads\/2025\/06\/photo_2025-06-10_10-58-47-5_verpixelt2-1024x682.jpg\" \/><\/p>\n<p>Der Samstag klang schlie\u00dflich friedlich aus mit Verpflegung, Musik und weiter fortsetzender Vernetzung im FreiEinig-Basislager in Neustadt-Sch\u00f6ntal.<\/p>\n<\/div>\n<p><img data-recalc-dims=\"1\" loading=\"lazy\" decoding=\"async\" data-attachment-id=\"3918\" data-permalink=\"https:\/\/www.freidenker.org\/?attachment_id=3918\" data-orig-file=\"https:\/\/i0.wp.com\/www.freidenker.org\/fw17\/wp-content\/uploads\/2011\/10\/3632276462_058de78e81_o.jpg?fit=800%2C445&amp;ssl=1\" data-orig-size=\"800,445\" data-comments-opened=\"0\" data-image-meta=\"{&quot;aperture&quot;:&quot;4.5&quot;,&quot;credit&quot;:&quot;&quot;,&quot;camera&quot;:&quot;NIKON D200&quot;,&quot;caption&quot;:&quot;&quot;,&quot;created_timestamp&quot;:&quot;1245153336&quot;,&quot;copyright&quot;:&quot;&quot;,&quot;focal_length&quot;:&quot;38&quot;,&quot;iso&quot;:&quot;100&quot;,&quot;shutter_speed&quot;:&quot;0.0125&quot;,&quot;title&quot;:&quot;&quot;,&quot;orientation&quot;:&quot;1&quot;}\" data-image-title=\"3632276462_058de78e81_o\" data-image-description=\"\" data-image-caption=\"\" data-large-file=\"https:\/\/i0.wp.com\/www.freidenker.org\/fw17\/wp-content\/uploads\/2011\/10\/3632276462_058de78e81_o.jpg?fit=800%2C445&amp;ssl=1\" class=\"alignnone wp-image-3918\" src=\"https:\/\/i0.wp.com\/www.rheinland-pfalz-saarland.freidenker.org\/cms\/wp-content\/uploads\/2025\/06\/photo_2025-06-10_11-03-29.jpg?resize=495%2C330&#038;ssl=1\" sizes=\"auto, (max-width: 495px) 100vw, 495px\" srcset=\"https:\/\/www.rheinland-pfalz-saarland.freidenker.org\/cms\/wp-content\/uploads\/2025\/06\/photo_2025-06-10_11-03-29.jpg 1280w, https:\/\/www.rheinland-pfalz-saarland.freidenker.org\/cms\/wp-content\/uploads\/2025\/06\/photo_2025-06-10_11-03-29-300x200.jpg 300w, https:\/\/www.rheinland-pfalz-saarland.freidenker.org\/cms\/wp-content\/uploads\/2025\/06\/photo_2025-06-10_11-03-29-1024x682.jpg 1024w, https:\/\/www.rheinland-pfalz-saarland.freidenker.org\/cms\/wp-content\/uploads\/2025\/06\/photo_2025-06-10_11-03-29-768x512.jpg 768w\" alt=\"\" width=\"495\" height=\"330\" data-attachment-id=\"3918\" data-permalink=\"https:\/\/www.rheinland-pfalz-saarland.freidenker.org\/cms\/?attachment_id=3918\" data-orig-file=\"https:\/\/www.rheinland-pfalz-saarland.freidenker.org\/cms\/wp-content\/uploads\/2025\/06\/photo_2025-06-10_11-03-29.jpg\" data-orig-size=\"1280,853\" data-comments-opened=\"0\" data-image-meta=\"{&quot;aperture&quot;:&quot;0&quot;,&quot;credit&quot;:&quot;&quot;,&quot;camera&quot;:&quot;&quot;,&quot;caption&quot;:&quot;&quot;,&quot;created_timestamp&quot;:&quot;0&quot;,&quot;copyright&quot;:&quot;&quot;,&quot;focal_length&quot;:&quot;0&quot;,&quot;iso&quot;:&quot;0&quot;,&quot;shutter_speed&quot;:&quot;0&quot;,&quot;title&quot;:&quot;&quot;,&quot;orientation&quot;:&quot;0&quot;}\" data-image-title=\"photo_2025-06-10_11-03-29\" data-image-description=\"\" data-image-caption=\"\" data-medium-file=\"https:\/\/www.rheinland-pfalz-saarland.freidenker.org\/cms\/wp-content\/uploads\/2025\/06\/photo_2025-06-10_11-03-29-300x200.jpg\" data-large-file=\"https:\/\/www.rheinland-pfalz-saarland.freidenker.org\/cms\/wp-content\/uploads\/2025\/06\/photo_2025-06-10_11-03-29-1024x682.jpg\" \/><\/p>\n<p><span style=\"color: #008080;\"><strong>Perin Dinekli<\/strong>, \u00c4rztin f\u00fcr Aufkl\u00e4rung und Musikerin, pr\u00e4sentierte im traditionellen Zirkuszelt ihr schon legend\u00e4res Lied \u201e<strong>Freundlich ohne Waffen und ohne Gewalt<\/strong>\u201c.<\/span><\/p>\n<p><iframe loading=\"lazy\" id=\"_dytid_3063\" title=\"YouTube video player\" src=\"https:\/\/www.youtube.com\/embed\/d4hJYg3CDPM?si=N8pCU8KxiYH3yFXP\" width=\"495\" height=\"278\" frameborder=\"0\" allowfullscreen=\"allowfullscreen\" data-mce-fragment=\"1\">&lt;span<br \/>\nstyle=&#8220;display: inline-block; width: 0px; overflow: hidden;<br \/>\nline-height: 0;&#8220; data-mce-type=&#8220;bookmark&#8220;<br \/>\nclass=&#8220;mce_SELRES_start&#8220;&gt;\ufeff&lt;\/span&gt;<\/iframe><\/p>\n<p><span style=\"color: #008080;\">Ein mutma\u00dflicher Hitler-Sympathisant, der sich im Lager eingeschlichen hatte und zu sp\u00e4ter Stunde auf einmal Hakenkreuz-Aufkleber verteilte, wurde kurzerhand des Platzes verwiesen und es wurde auch kontrolliert, dass er am n\u00e4chsten Tag nicht beim Aufzug erschien.<\/span><\/p>\n<p><img data-recalc-dims=\"1\" loading=\"lazy\" decoding=\"async\" class=\"alignnone wp-image-3917\" src=\"https:\/\/i0.wp.com\/www.rheinland-pfalz-saarland.freidenker.org\/cms\/wp-content\/uploads\/2025\/06\/photo_2025-06-16_23-10-47.jpg?resize=495%2C330&#038;ssl=1\" sizes=\"auto, (max-width: 495px) 100vw, 495px\" srcset=\"https:\/\/www.rheinland-pfalz-saarland.freidenker.org\/cms\/wp-content\/uploads\/2025\/06\/photo_2025-06-16_23-10-47.jpg 1280w, https:\/\/www.rheinland-pfalz-saarland.freidenker.org\/cms\/wp-content\/uploads\/2025\/06\/photo_2025-06-16_23-10-47-300x200.jpg 300w, https:\/\/www.rheinland-pfalz-saarland.freidenker.org\/cms\/wp-content\/uploads\/2025\/06\/photo_2025-06-16_23-10-47-1024x682.jpg 1024w, https:\/\/www.rheinland-pfalz-saarland.freidenker.org\/cms\/wp-content\/uploads\/2025\/06\/photo_2025-06-16_23-10-47-768x512.jpg 768w\" alt=\"\" width=\"495\" height=\"330\" data-attachment-id=\"3917\" data-permalink=\"https:\/\/www.rheinland-pfalz-saarland.freidenker.org\/cms\/?attachment_id=3917\" data-orig-file=\"https:\/\/www.rheinland-pfalz-saarland.freidenker.org\/cms\/wp-content\/uploads\/2025\/06\/photo_2025-06-16_23-10-47.jpg\" data-orig-size=\"1280,853\" data-comments-opened=\"0\" data-image-meta=\"{&quot;aperture&quot;:&quot;0&quot;,&quot;credit&quot;:&quot;&quot;,&quot;camera&quot;:&quot;&quot;,&quot;caption&quot;:&quot;&quot;,&quot;created_timestamp&quot;:&quot;0&quot;,&quot;copyright&quot;:&quot;&quot;,&quot;focal_length&quot;:&quot;0&quot;,&quot;iso&quot;:&quot;0&quot;,&quot;shutter_speed&quot;:&quot;0&quot;,&quot;title&quot;:&quot;&quot;,&quot;orientation&quot;:&quot;0&quot;}\" data-image-title=\"photo_2025-06-16_23-10-47\" data-image-description=\"\" data-image-caption=\"\" data-medium-file=\"https:\/\/www.rheinland-pfalz-saarland.freidenker.org\/cms\/wp-content\/uploads\/2025\/06\/photo_2025-06-16_23-10-47-300x200.jpg\" data-large-file=\"https:\/\/www.rheinland-pfalz-saarland.freidenker.org\/cms\/wp-content\/uploads\/2025\/06\/photo_2025-06-16_23-10-47-1024x682.jpg\" \/><\/p>\n<div>Zur historischen Vielfalt an Flaggen-Darstellungen und zum Vorwurf der \u00f6fters gezeigten \u201eumgekehrten Deutschlandflagge\u201c mit dem Framing (nicht nur von Dr. Buchna) als \u201eVerachtung des Staates\u201c gibt es auch noch einiges zu sagen. Damals gab es mehrere Versionen der Flagge und zu der Zeit war noch nicht klar, welche Version sich durchsetzt. Interessant diesbez\u00fcglich auch der link auf den folgenden t-online-Artikel aus dem Jahr 2014: <a href=\"https:\/\/www.t-online.de\/nachrichten\/panorama\/wissen\/id_70092906\/schon-gewusst-die-deutschland-fahne-stand-einst-auf-dem-kopf.html\">https:\/\/www.t-online.de\/nachrichten\/panorama\/wissen\/id_70092906\/schon-gewusst-die-deutschland-fahne-stand-einst-auf-dem-kopf.html<\/a>. Heute wird die in historischen Abbildungen gezeigte umgedrehte Flagge oft als \u201eKolorierungsfehler\u201c gedeutet.<\/div>\n<div><\/div>\n<div><img data-recalc-dims=\"1\" loading=\"lazy\" decoding=\"async\" class=\"alignnone wp-image-3666\" src=\"https:\/\/i0.wp.com\/www.rheinland-pfalz-saarland.freidenker.org\/cms\/wp-content\/uploads\/2025\/05\/photo_2022-06-08_16-05-05.jpg?resize=495%2C371&#038;ssl=1\" sizes=\"auto, (max-width: 495px) 100vw, 495px\" srcset=\"https:\/\/www.rheinland-pfalz-saarland.freidenker.org\/cms\/wp-content\/uploads\/2025\/05\/photo_2022-06-08_16-05-05.jpg 576w, https:\/\/www.rheinland-pfalz-saarland.freidenker.org\/cms\/wp-content\/uploads\/2025\/05\/photo_2022-06-08_16-05-05-300x225.jpg 300w\" alt=\"\" width=\"495\" height=\"371\" data-attachment-id=\"3666\" data-permalink=\"https:\/\/www.rheinland-pfalz-saarland.freidenker.org\/cms\/?attachment_id=3666\" data-orig-file=\"https:\/\/www.rheinland-pfalz-saarland.freidenker.org\/cms\/wp-content\/uploads\/2025\/05\/photo_2022-06-08_16-05-05.jpg\" data-orig-size=\"576,432\" data-comments-opened=\"0\" data-image-meta=\"{&quot;aperture&quot;:&quot;0&quot;,&quot;credit&quot;:&quot;&quot;,&quot;camera&quot;:&quot;&quot;,&quot;caption&quot;:&quot;&quot;,&quot;created_timestamp&quot;:&quot;0&quot;,&quot;copyright&quot;:&quot;&quot;,&quot;focal_length&quot;:&quot;0&quot;,&quot;iso&quot;:&quot;0&quot;,&quot;shutter_speed&quot;:&quot;0&quot;,&quot;title&quot;:&quot;&quot;,&quot;orientation&quot;:&quot;0&quot;}\" data-image-title=\"photo_2022-06-08_16-05-05\" data-image-description=\"\" data-image-caption=\"\" data-medium-file=\"https:\/\/www.rheinland-pfalz-saarland.freidenker.org\/cms\/wp-content\/uploads\/2025\/05\/photo_2022-06-08_16-05-05-300x225.jpg\" data-large-file=\"https:\/\/www.rheinland-pfalz-saarland.freidenker.org\/cms\/wp-content\/uploads\/2025\/05\/photo_2022-06-08_16-05-05.jpg\" \/><\/div>\n<div>\n<p dir=\"ltr\">Es gibt aber einen anderen Hintergrund (unabh\u00e4ngig von irgendwelchen Reichsb\u00fcrgern), sich lieber f\u00fcr diese Version zu entscheiden, da es tats\u00e4chlich mehr Sinn machen w\u00fcrde, die Farben von unten nach oben zu lesen, wie es bei manchen Burschenschaften der Fall war: zuerst schwarz, dann rot und oben gold. So steht im Buch \u201e<strong>Deutschlands Wiedergeburt. Neustadter B\u00fcrger und das Hambacher Fest 1832<\/strong>\u201e, geschrieben von <strong>Lutz Frisch<\/strong>, Neustadter B\u00fcrger und ehemaliger Landtagsabgeordneter f\u00fcr die CDU, eine Bedeutung der Farben aus der Zeit, die eine Entwicklung eher von unten nach oben nahelegen:<\/p>\n<p dir=\"ltr\" style=\"padding-left: 40px;\">\u201eSchwarz als Zeichen der Nacht, die w\u00e4hrend der Knechtschaft \u00fcber allen Unterdr\u00fcckten in Deutschland lag und immer noch liegt \u2026 rot, das Herzblut, mit dem die Aurora der Freiheit erk\u00e4mpft wurde \u2026 Gold schlie\u00dflich als Zeichen dieser Aurora, ein Gold, das so hei\u00df wird, dass die F\u00fcrstenkronen in ihm zerschmelzen.\u201c<\/p>\n<p dir=\"ltr\">Kann es sein, dass auch Reichsb\u00fcrger sich f\u00fcr diese Version entschieden haben, und erst in Reaktion darauf das obige Framing entstand?<\/p>\n<p dir=\"ltr\"><a href=\"#top\"><span style=\"font-size: 10pt;\">\u2191 nach oben<\/span><\/a><\/p>\n<\/div>\n<hr \/>\n<h3><a id=\"sonntag\"><\/a>Sonntag, der 8. Juni 2025 in Neustadt und auf dem Hambacher Schloss<\/h3>\n<p><span style=\"color: #008080;\">Am n\u00e4chsten Tag versammelten sich beim gro\u00dfen Marsch zum Hambacher Schloss in der Spitze knapp 400 Teilnehmer.<\/span><\/p>\n<p><img data-recalc-dims=\"1\" loading=\"lazy\" decoding=\"async\" data-attachment-id=\"3878\" data-permalink=\"https:\/\/www.freidenker.org\/?attachment_id=3878\" data-orig-file=\"https:\/\/i0.wp.com\/www.freidenker.org\/fw17\/wp-content\/uploads\/2018\/01\/dr-seltsam_k-hartmann_2017_800x445.jpg?fit=800%2C445&amp;ssl=1\" data-orig-size=\"800,445\" data-comments-opened=\"0\" data-image-meta=\"{&quot;aperture&quot;:&quot;0&quot;,&quot;credit&quot;:&quot;&quot;,&quot;camera&quot;:&quot;&quot;,&quot;caption&quot;:&quot;&quot;,&quot;created_timestamp&quot;:&quot;0&quot;,&quot;copyright&quot;:&quot;&quot;,&quot;focal_length&quot;:&quot;0&quot;,&quot;iso&quot;:&quot;0&quot;,&quot;shutter_speed&quot;:&quot;0&quot;,&quot;title&quot;:&quot;&quot;,&quot;orientation&quot;:&quot;1&quot;}\" data-image-title=\"dr-seltsam_k-hartmann_2017_800x445\" data-image-description=\"\" data-image-caption=\"\" data-large-file=\"https:\/\/i0.wp.com\/www.freidenker.org\/fw17\/wp-content\/uploads\/2018\/01\/dr-seltsam_k-hartmann_2017_800x445.jpg?fit=800%2C445&amp;ssl=1\" class=\"alignnone wp-image-3878\" src=\"https:\/\/i0.wp.com\/www.rheinland-pfalz-saarland.freidenker.org\/cms\/wp-content\/uploads\/2025\/06\/photo_2025-06-16_21-14-39.jpg?resize=495%2C371&#038;ssl=1\" sizes=\"auto, (max-width: 495px) 100vw, 495px\" srcset=\"https:\/\/www.rheinland-pfalz-saarland.freidenker.org\/cms\/wp-content\/uploads\/2025\/06\/photo_2025-06-16_21-14-39.jpg 1280w, https:\/\/www.rheinland-pfalz-saarland.freidenker.org\/cms\/wp-content\/uploads\/2025\/06\/photo_2025-06-16_21-14-39-300x225.jpg 300w, https:\/\/www.rheinland-pfalz-saarland.freidenker.org\/cms\/wp-content\/uploads\/2025\/06\/photo_2025-06-16_21-14-39-1024x768.jpg 1024w, https:\/\/www.rheinland-pfalz-saarland.freidenker.org\/cms\/wp-content\/uploads\/2025\/06\/photo_2025-06-16_21-14-39-768x576.jpg 768w\" alt=\"\" width=\"495\" height=\"371\" data-attachment-id=\"3878\" data-permalink=\"https:\/\/www.rheinland-pfalz-saarland.freidenker.org\/cms\/?attachment_id=3878\" data-orig-file=\"https:\/\/www.rheinland-pfalz-saarland.freidenker.org\/cms\/wp-content\/uploads\/2025\/06\/photo_2025-06-16_21-14-39.jpg\" data-orig-size=\"1280,960\" data-comments-opened=\"0\" data-image-meta=\"{&quot;aperture&quot;:&quot;0&quot;,&quot;credit&quot;:&quot;&quot;,&quot;camera&quot;:&quot;&quot;,&quot;caption&quot;:&quot;&quot;,&quot;created_timestamp&quot;:&quot;0&quot;,&quot;copyright&quot;:&quot;&quot;,&quot;focal_length&quot;:&quot;0&quot;,&quot;iso&quot;:&quot;0&quot;,&quot;shutter_speed&quot;:&quot;0&quot;,&quot;title&quot;:&quot;&quot;,&quot;orientation&quot;:&quot;0&quot;}\" data-image-title=\"photo_2025-06-16_21-14-39\" data-image-description=\"\" data-image-caption=\"\" data-medium-file=\"https:\/\/www.rheinland-pfalz-saarland.freidenker.org\/cms\/wp-content\/uploads\/2025\/06\/photo_2025-06-16_21-14-39-300x225.jpg\" data-large-file=\"https:\/\/www.rheinland-pfalz-saarland.freidenker.org\/cms\/wp-content\/uploads\/2025\/06\/photo_2025-06-16_21-14-39-1024x768.jpg\" \/><\/p>\n<p><span style=\"color: #008080;\">Bei der Auftaktkundgebung wurden nach einer Musikeinlage von <strong>Egolysium<\/strong> von FreiEinig klare Worte zur Forderung nach einer demokratischen Erneuerung als au\u00dferparlamentarische Opposition ge\u00e4u\u00dfert, die die bestehende Ordnung friedlich kritisiert \u2013 zum Wohl aller Menschen in diesem Land.<\/span><\/p>\n<p><img data-recalc-dims=\"1\" loading=\"lazy\" decoding=\"async\" class=\"alignnone wp-image-3927\" src=\"https:\/\/i0.wp.com\/www.rheinland-pfalz-saarland.freidenker.org\/cms\/wp-content\/uploads\/2025\/06\/photo_2025-06-16_21-24-49.jpg?resize=495%2C330&#038;ssl=1\" sizes=\"auto, (max-width: 495px) 100vw, 495px\" srcset=\"https:\/\/www.rheinland-pfalz-saarland.freidenker.org\/cms\/wp-content\/uploads\/2025\/06\/photo_2025-06-16_21-24-49.jpg 1280w, https:\/\/www.rheinland-pfalz-saarland.freidenker.org\/cms\/wp-content\/uploads\/2025\/06\/photo_2025-06-16_21-24-49-300x200.jpg 300w, https:\/\/www.rheinland-pfalz-saarland.freidenker.org\/cms\/wp-content\/uploads\/2025\/06\/photo_2025-06-16_21-24-49-1024x682.jpg 1024w, https:\/\/www.rheinland-pfalz-saarland.freidenker.org\/cms\/wp-content\/uploads\/2025\/06\/photo_2025-06-16_21-24-49-768x512.jpg 768w\" alt=\"\" width=\"495\" height=\"330\" data-attachment-id=\"3927\" data-permalink=\"https:\/\/www.rheinland-pfalz-saarland.freidenker.org\/cms\/?attachment_id=3927\" data-orig-file=\"https:\/\/www.rheinland-pfalz-saarland.freidenker.org\/cms\/wp-content\/uploads\/2025\/06\/photo_2025-06-16_21-24-49.jpg\" data-orig-size=\"1280,853\" data-comments-opened=\"0\" data-image-meta=\"{&quot;aperture&quot;:&quot;0&quot;,&quot;credit&quot;:&quot;&quot;,&quot;camera&quot;:&quot;&quot;,&quot;caption&quot;:&quot;&quot;,&quot;created_timestamp&quot;:&quot;0&quot;,&quot;copyright&quot;:&quot;&quot;,&quot;focal_length&quot;:&quot;0&quot;,&quot;iso&quot;:&quot;0&quot;,&quot;shutter_speed&quot;:&quot;0&quot;,&quot;title&quot;:&quot;&quot;,&quot;orientation&quot;:&quot;0&quot;}\" data-image-title=\"photo_2025-06-16_21-24-49\" data-image-description=\"\" data-image-caption=\"\" data-medium-file=\"https:\/\/www.rheinland-pfalz-saarland.freidenker.org\/cms\/wp-content\/uploads\/2025\/06\/photo_2025-06-16_21-24-49-300x200.jpg\" data-large-file=\"https:\/\/www.rheinland-pfalz-saarland.freidenker.org\/cms\/wp-content\/uploads\/2025\/06\/photo_2025-06-16_21-24-49-1024x682.jpg\" \/><\/p>\n<p>In den musikalischen Beitr\u00e4gen ging es um Meinungfreiheit und die zunehmende \u00dcberwachung und Zensur. Hier der Deutschrock-Musiker <strong>Stefan Kr\u00e4he<\/strong> aus Ostdeutschland zum Thema \u201eAusgrenzung\u201c. <span style=\"color: #008080;\">Er bezeichnete die aktuelle Situation als D\u00e9j\u00e0-vu und betonte:<\/span><\/p>\n<p style=\"padding-left: 40px;\"><em>\u201eMan kann die Demokratie nicht retten, indem man Rechts bek\u00e4mpft. Ohne Rechts gibt es eine linke Diktatur. Ohne Links eine Rechte.\u201c<\/em><\/p>\n<p><span style=\"color: #008080;\">Kr\u00e4he definierte denjenigen als Faschisten, der die Opposition und die Meinungsfreiheit bek\u00e4mpft, und der Menschen mit Begriffen wie Nazi oder Reichsb\u00fcrger entmenschlicht, nur weil diese nicht seiner Ideologie folgen wollen.<\/span><\/p>\n<p>Und er stellte teils berechtigte Fragen ans Publikum, bevor er zum n\u00e4chsten Lied anstimmte:<\/p>\n<p><iframe loading=\"lazy\" id=\"_dytid_4866\" title=\"YouTube video player\" src=\"https:\/\/www.youtube.com\/embed\/NDNtMd7TDck?si=hxktshTlqItziffh\" width=\"495\" height=\"278\" frameborder=\"0\" allowfullscreen=\"allowfullscreen\" data-mce-fragment=\"1\">&lt;span<br \/>\nstyle=&#8220;display: inline-block; width: 0px; overflow: hidden;<br \/>\nline-height: 0;&#8220; data-mce-type=&#8220;bookmark&#8220;<br \/>\nclass=&#8220;mce_SELRES_start&#8220;&gt;\ufeff&lt;\/span&gt;<\/iframe><\/p>\n<p><span style=\"color: #008080;\">Kurz vor Beginn des Aufzugs sangen alle gemeinsam das Freieinig-Lied \u201e<strong>Vereinigt im Frieden \u2013 wird man uns nie besiegen<\/strong>\u201c, eine deutsche Version des chilenischen Widerstandslieds \u201e<strong>El Pueblo Unido<\/strong>\u201c<\/span><\/p>\n<div id=\"inhalt\">\n<div class=\"beitrag\">\n<div id=\"mep_0\" class=\"mejs-container mejs-container-keyboard-inactive wp-audio-shortcode mejs-audio\" tabindex=\"0\" role=\"application\" aria-label=\"Audio-Player\">\n<div class=\"mejs-inner\">\n<div class=\"mejs-controls\">\n<audio class=\"wp-audio-shortcode\" id=\"audio-22198-1\" preload=\"none\" style=\"width: 100%;\" controls=\"controls\"><source type=\"audio\/mpeg\" src=\"https:\/\/www.rheinland-pfalz-saarland.freidenker.org\/cms\/wp-content\/uploads\/2025\/06\/Hambach-2025-Trailer-red.mp3?_=1\" \/><a href=\"https:\/\/www.rheinland-pfalz-saarland.freidenker.org\/cms\/wp-content\/uploads\/2025\/06\/Hambach-2025-Trailer-red.mp3\">https:\/\/www.rheinland-pfalz-saarland.freidenker.org\/cms\/wp-content\/uploads\/2025\/06\/Hambach-2025-Trailer-red.mp3<\/a><\/audio>\n<div class=\"mejs-horizontal-volume-total\">\n<div class=\"mejs-horizontal-volume-current\"><span style=\"font-size: 10pt;\">(Das dazugeh\u00f6rige Video auf der FreiEinig-Webseite unter \u201e<a href=\"https:\/\/freieinig.de\/videos-2025\/\" target=\"_blank\" rel=\"noopener\">Videos<\/a>\u201e: FreiEinig-Lied als Singprojekt \u2013 mit R\u00fcckblick Ank\u00fcndigungsvideo 2025).<\/span><\/div>\n<\/div>\n<\/div>\n<\/div>\n<\/div>\n<p><span style=\"color: #008080;\">Anschlie\u00dfend setzte sich der Zug in Richtung Schloss in Bewegung, begleitet von wechselhaftem Wetter mit Regen, Sonne und Wind \u2026<\/span><\/p>\n<p><img data-recalc-dims=\"1\" loading=\"lazy\" decoding=\"async\" class=\"alignnone wp-image-3870\" src=\"https:\/\/i0.wp.com\/www.rheinland-pfalz-saarland.freidenker.org\/cms\/wp-content\/uploads\/2025\/06\/photo_2025-06-16_21-17-10.jpg?resize=495%2C660&#038;ssl=1\" sizes=\"auto, (max-width: 495px) 100vw, 495px\" srcset=\"https:\/\/www.rheinland-pfalz-saarland.freidenker.org\/cms\/wp-content\/uploads\/2025\/06\/photo_2025-06-16_21-17-10.jpg 960w, https:\/\/www.rheinland-pfalz-saarland.freidenker.org\/cms\/wp-content\/uploads\/2025\/06\/photo_2025-06-16_21-17-10-225x300.jpg 225w, https:\/\/www.rheinland-pfalz-saarland.freidenker.org\/cms\/wp-content\/uploads\/2025\/06\/photo_2025-06-16_21-17-10-768x1024.jpg 768w\" alt=\"\" width=\"495\" height=\"660\" data-attachment-id=\"3870\" data-permalink=\"https:\/\/www.rheinland-pfalz-saarland.freidenker.org\/cms\/?attachment_id=3870\" data-orig-file=\"https:\/\/www.rheinland-pfalz-saarland.freidenker.org\/cms\/wp-content\/uploads\/2025\/06\/photo_2025-06-16_21-17-10.jpg\" data-orig-size=\"960,1280\" data-comments-opened=\"0\" data-image-meta=\"{&quot;aperture&quot;:&quot;0&quot;,&quot;credit&quot;:&quot;&quot;,&quot;camera&quot;:&quot;&quot;,&quot;caption&quot;:&quot;&quot;,&quot;created_timestamp&quot;:&quot;0&quot;,&quot;copyright&quot;:&quot;&quot;,&quot;focal_length&quot;:&quot;0&quot;,&quot;iso&quot;:&quot;0&quot;,&quot;shutter_speed&quot;:&quot;0&quot;,&quot;title&quot;:&quot;&quot;,&quot;orientation&quot;:&quot;0&quot;}\" data-image-title=\"photo_2025-06-16_21-17-10\" data-image-description=\"\" data-image-caption=\"\" data-medium-file=\"https:\/\/www.rheinland-pfalz-saarland.freidenker.org\/cms\/wp-content\/uploads\/2025\/06\/photo_2025-06-16_21-17-10-225x300.jpg\" data-large-file=\"https:\/\/www.rheinland-pfalz-saarland.freidenker.org\/cms\/wp-content\/uploads\/2025\/06\/photo_2025-06-16_21-17-10-768x1024.jpg\" \/><\/p>\n<p>\u2026 und den Trommlern, deren Anzahl bereits im letzten Jahr von der Stadt Neustadt auf 15 reduziert wurde.<\/p>\n<p><img data-recalc-dims=\"1\" loading=\"lazy\" decoding=\"async\" class=\"alignnone wp-image-3930\" src=\"https:\/\/i0.wp.com\/www.rheinland-pfalz-saarland.freidenker.org\/cms\/wp-content\/uploads\/2025\/06\/Trommler.png?resize=495%2C562&#038;ssl=1\" sizes=\"auto, (max-width: 495px) 100vw, 495px\" srcset=\"https:\/\/www.rheinland-pfalz-saarland.freidenker.org\/cms\/wp-content\/uploads\/2025\/06\/Trommler.png 692w, https:\/\/www.rheinland-pfalz-saarland.freidenker.org\/cms\/wp-content\/uploads\/2025\/06\/Trommler-264x300.png 264w\" alt=\"\" width=\"495\" height=\"562\" data-attachment-id=\"3930\" data-permalink=\"https:\/\/www.rheinland-pfalz-saarland.freidenker.org\/cms\/?attachment_id=3930\" data-orig-file=\"https:\/\/www.rheinland-pfalz-saarland.freidenker.org\/cms\/wp-content\/uploads\/2025\/06\/Trommler.png\" data-orig-size=\"692,786\" data-comments-opened=\"0\" data-image-meta=\"{&quot;aperture&quot;:&quot;0&quot;,&quot;credit&quot;:&quot;&quot;,&quot;camera&quot;:&quot;&quot;,&quot;caption&quot;:&quot;&quot;,&quot;created_timestamp&quot;:&quot;0&quot;,&quot;copyright&quot;:&quot;&quot;,&quot;focal_length&quot;:&quot;0&quot;,&quot;iso&quot;:&quot;0&quot;,&quot;shutter_speed&quot;:&quot;0&quot;,&quot;title&quot;:&quot;&quot;,&quot;orientation&quot;:&quot;0&quot;}\" data-image-title=\"Trommler\" data-image-description=\"\" data-image-caption=\"\" data-medium-file=\"https:\/\/www.rheinland-pfalz-saarland.freidenker.org\/cms\/wp-content\/uploads\/2025\/06\/Trommler-264x300.png\" data-large-file=\"https:\/\/www.rheinland-pfalz-saarland.freidenker.org\/cms\/wp-content\/uploads\/2025\/06\/Trommler.png\" \/><\/p>\n<p><span style=\"color: #008080;\">Diese Einschr\u00e4nkung betrifft leider nicht nur Trommeln, sondern gilt f\u00fcr alle Instrumente.<\/span><\/p>\n<p><strong>Und trotzdem<\/strong>:<\/p>\n<p><span style=\"color: #008080;\">Neben den Trommlern waren auch Freiheitslieder der <strong>Streetband<\/strong> zu h\u00f6ren. Darunter waren Klassiker wie \u201e<strong>Die Gedanken sind frei<\/strong>\u201c, \u201e<strong>Was wollen wir trinken<\/strong>\u201c und\u201e<strong>Bella Ciao<\/strong>\u201c.<\/span><\/p>\n<p><img data-recalc-dims=\"1\" loading=\"lazy\" decoding=\"async\" class=\"alignnone wp-image-3950\" src=\"https:\/\/i0.wp.com\/www.rheinland-pfalz-saarland.freidenker.org\/cms\/wp-content\/uploads\/2025\/06\/photo_2025-06-15_15-04-23.jpg?resize=495%2C283&#038;ssl=1\" sizes=\"auto, (max-width: 495px) 100vw, 495px\" srcset=\"https:\/\/www.rheinland-pfalz-saarland.freidenker.org\/cms\/wp-content\/uploads\/2025\/06\/photo_2025-06-15_15-04-23.jpg 1280w, https:\/\/www.rheinland-pfalz-saarland.freidenker.org\/cms\/wp-content\/uploads\/2025\/06\/photo_2025-06-15_15-04-23-300x172.jpg 300w, https:\/\/www.rheinland-pfalz-saarland.freidenker.org\/cms\/wp-content\/uploads\/2025\/06\/photo_2025-06-15_15-04-23-1024x586.jpg 1024w, https:\/\/www.rheinland-pfalz-saarland.freidenker.org\/cms\/wp-content\/uploads\/2025\/06\/photo_2025-06-15_15-04-23-768x439.jpg 768w\" alt=\"\" width=\"495\" height=\"283\" data-attachment-id=\"3950\" data-permalink=\"https:\/\/www.rheinland-pfalz-saarland.freidenker.org\/cms\/?attachment_id=3950\" data-orig-file=\"https:\/\/www.rheinland-pfalz-saarland.freidenker.org\/cms\/wp-content\/uploads\/2025\/06\/photo_2025-06-15_15-04-23.jpg\" data-orig-size=\"1280,732\" data-comments-opened=\"0\" data-image-meta=\"{&quot;aperture&quot;:&quot;0&quot;,&quot;credit&quot;:&quot;&quot;,&quot;camera&quot;:&quot;&quot;,&quot;caption&quot;:&quot;&quot;,&quot;created_timestamp&quot;:&quot;0&quot;,&quot;copyright&quot;:&quot;&quot;,&quot;focal_length&quot;:&quot;0&quot;,&quot;iso&quot;:&quot;0&quot;,&quot;shutter_speed&quot;:&quot;0&quot;,&quot;title&quot;:&quot;&quot;,&quot;orientation&quot;:&quot;0&quot;}\" data-image-title=\"photo_2025-06-15_15-04-23\" data-image-description=\"\" data-image-caption=\"\" data-medium-file=\"https:\/\/www.rheinland-pfalz-saarland.freidenker.org\/cms\/wp-content\/uploads\/2025\/06\/photo_2025-06-15_15-04-23-300x172.jpg\" data-large-file=\"https:\/\/www.rheinland-pfalz-saarland.freidenker.org\/cms\/wp-content\/uploads\/2025\/06\/photo_2025-06-15_15-04-23-1024x586.jpg\" \/><\/p>\n<p>Eine Sitzblockade der Antifa hielt den Zug nur kurz auf.<\/p>\n<p><img data-recalc-dims=\"1\" loading=\"lazy\" decoding=\"async\" class=\"alignnone wp-image-3872\" src=\"https:\/\/i0.wp.com\/www.rheinland-pfalz-saarland.freidenker.org\/cms\/wp-content\/uploads\/2025\/06\/photo_2025-06-16_21-19-37.jpg?resize=495%2C330&#038;ssl=1\" sizes=\"auto, (max-width: 495px) 100vw, 495px\" srcset=\"https:\/\/www.rheinland-pfalz-saarland.freidenker.org\/cms\/wp-content\/uploads\/2025\/06\/photo_2025-06-16_21-19-37.jpg 1280w, https:\/\/www.rheinland-pfalz-saarland.freidenker.org\/cms\/wp-content\/uploads\/2025\/06\/photo_2025-06-16_21-19-37-300x200.jpg 300w, https:\/\/www.rheinland-pfalz-saarland.freidenker.org\/cms\/wp-content\/uploads\/2025\/06\/photo_2025-06-16_21-19-37-1024x682.jpg 1024w, https:\/\/www.rheinland-pfalz-saarland.freidenker.org\/cms\/wp-content\/uploads\/2025\/06\/photo_2025-06-16_21-19-37-768x512.jpg 768w\" alt=\"\" width=\"495\" height=\"330\" data-attachment-id=\"3872\" data-permalink=\"https:\/\/www.rheinland-pfalz-saarland.freidenker.org\/cms\/?attachment_id=3872\" data-orig-file=\"https:\/\/www.rheinland-pfalz-saarland.freidenker.org\/cms\/wp-content\/uploads\/2025\/06\/photo_2025-06-16_21-19-37.jpg\" data-orig-size=\"1280,853\" data-comments-opened=\"0\" data-image-meta=\"{&quot;aperture&quot;:&quot;0&quot;,&quot;credit&quot;:&quot;&quot;,&quot;camera&quot;:&quot;&quot;,&quot;caption&quot;:&quot;&quot;,&quot;created_timestamp&quot;:&quot;0&quot;,&quot;copyright&quot;:&quot;&quot;,&quot;focal_length&quot;:&quot;0&quot;,&quot;iso&quot;:&quot;0&quot;,&quot;shutter_speed&quot;:&quot;0&quot;,&quot;title&quot;:&quot;&quot;,&quot;orientation&quot;:&quot;0&quot;}\" data-image-title=\"photo_2025-06-16_21-19-37\" data-image-description=\"\" data-image-caption=\"\" data-medium-file=\"https:\/\/www.rheinland-pfalz-saarland.freidenker.org\/cms\/wp-content\/uploads\/2025\/06\/photo_2025-06-16_21-19-37-300x200.jpg\" data-large-file=\"https:\/\/www.rheinland-pfalz-saarland.freidenker.org\/cms\/wp-content\/uploads\/2025\/06\/photo_2025-06-16_21-19-37-1024x682.jpg\" \/><\/p>\n<p>Sie wurde auf einem alternativen Weg \u201eumgangen\u201c und die Teilnehmer der Sitzblockade wurden erkennungsdienstlich erfasst.<\/p>\n<p><img data-recalc-dims=\"1\" loading=\"lazy\" decoding=\"async\" class=\"alignnone wp-image-3951\" src=\"https:\/\/i0.wp.com\/www.rheinland-pfalz-saarland.freidenker.org\/cms\/wp-content\/uploads\/2025\/06\/photo_2025-06-16_21-15-55.jpg?resize=495%2C660&#038;ssl=1\" sizes=\"auto, (max-width: 495px) 100vw, 495px\" srcset=\"https:\/\/www.rheinland-pfalz-saarland.freidenker.org\/cms\/wp-content\/uploads\/2025\/06\/photo_2025-06-16_21-15-55.jpg 960w, https:\/\/www.rheinland-pfalz-saarland.freidenker.org\/cms\/wp-content\/uploads\/2025\/06\/photo_2025-06-16_21-15-55-225x300.jpg 225w, https:\/\/www.rheinland-pfalz-saarland.freidenker.org\/cms\/wp-content\/uploads\/2025\/06\/photo_2025-06-16_21-15-55-768x1024.jpg 768w\" alt=\"\" width=\"495\" height=\"660\" data-attachment-id=\"3951\" data-permalink=\"https:\/\/www.rheinland-pfalz-saarland.freidenker.org\/cms\/?attachment_id=3951\" data-orig-file=\"https:\/\/www.rheinland-pfalz-saarland.freidenker.org\/cms\/wp-content\/uploads\/2025\/06\/photo_2025-06-16_21-15-55.jpg\" data-orig-size=\"960,1280\" data-comments-opened=\"0\" data-image-meta=\"{&quot;aperture&quot;:&quot;0&quot;,&quot;credit&quot;:&quot;&quot;,&quot;camera&quot;:&quot;&quot;,&quot;caption&quot;:&quot;&quot;,&quot;created_timestamp&quot;:&quot;0&quot;,&quot;copyright&quot;:&quot;&quot;,&quot;focal_length&quot;:&quot;0&quot;,&quot;iso&quot;:&quot;0&quot;,&quot;shutter_speed&quot;:&quot;0&quot;,&quot;title&quot;:&quot;&quot;,&quot;orientation&quot;:&quot;0&quot;}\" data-image-title=\"photo_2025-06-16_21-15-55\" data-image-description=\"\" data-image-caption=\"\" data-medium-file=\"https:\/\/www.rheinland-pfalz-saarland.freidenker.org\/cms\/wp-content\/uploads\/2025\/06\/photo_2025-06-16_21-15-55-225x300.jpg\" data-large-file=\"https:\/\/www.rheinland-pfalz-saarland.freidenker.org\/cms\/wp-content\/uploads\/2025\/06\/photo_2025-06-16_21-15-55-768x1024.jpg\" \/><\/p>\n<p>Die Begegnung mit Gegnern auf dem Weg beschr\u00e4nkte sich auf einen \u201egesichtslosen\u201c Protest am Wegesrand \u2026<\/p>\n<p><img data-recalc-dims=\"1\" loading=\"lazy\" decoding=\"async\" class=\"alignnone wp-image-3960 size-full\" src=\"https:\/\/i0.wp.com\/www.rheinland-pfalz-saarland.freidenker.org\/cms\/wp-content\/uploads\/2025\/06\/Gesichtsloser-Protest-am-Wegesrand.jpg?resize=495%2C285&#038;ssl=1\" sizes=\"auto, (max-width: 495px) 100vw, 495px\" srcset=\"https:\/\/www.rheinland-pfalz-saarland.freidenker.org\/cms\/wp-content\/uploads\/2025\/06\/Gesichtsloser-Protest-am-Wegesrand.jpg 495w, https:\/\/www.rheinland-pfalz-saarland.freidenker.org\/cms\/wp-content\/uploads\/2025\/06\/Gesichtsloser-Protest-am-Wegesrand-300x173.jpg 300w\" alt=\"\" width=\"495\" height=\"285\" data-attachment-id=\"3960\" data-permalink=\"https:\/\/www.rheinland-pfalz-saarland.freidenker.org\/cms\/?attachment_id=3960\" data-orig-file=\"https:\/\/www.rheinland-pfalz-saarland.freidenker.org\/cms\/wp-content\/uploads\/2025\/06\/Gesichtsloser-Protest-am-Wegesrand.jpg\" data-orig-size=\"495,285\" data-comments-opened=\"0\" data-image-meta=\"{&quot;aperture&quot;:&quot;0&quot;,&quot;credit&quot;:&quot;&quot;,&quot;camera&quot;:&quot;&quot;,&quot;caption&quot;:&quot;&quot;,&quot;created_timestamp&quot;:&quot;0&quot;,&quot;copyright&quot;:&quot;&quot;,&quot;focal_length&quot;:&quot;0&quot;,&quot;iso&quot;:&quot;0&quot;,&quot;shutter_speed&quot;:&quot;0&quot;,&quot;title&quot;:&quot;&quot;,&quot;orientation&quot;:&quot;0&quot;}\" data-image-title=\"Gesichtsloser Protest am Wegesrand\" data-image-description=\"\" data-image-caption=\"\" data-medium-file=\"https:\/\/www.rheinland-pfalz-saarland.freidenker.org\/cms\/wp-content\/uploads\/2025\/06\/Gesichtsloser-Protest-am-Wegesrand-300x173.jpg\" data-large-file=\"https:\/\/www.rheinland-pfalz-saarland.freidenker.org\/cms\/wp-content\/uploads\/2025\/06\/Gesichtsloser-Protest-am-Wegesrand.jpg\" \/><\/p>\n<p>\u2026 und einen \u201efreundlichen Dialog mit der Antifa wegen verdrehter Flagge\u201c<\/p>\n<p><iframe loading=\"lazy\" id=\"_dytid_2152\" title=\"YouTube video player\" src=\"https:\/\/www.youtube.com\/embed\/uJITDwP44FU?si=GKyIfV3_OLEhpgsB\" width=\"495\" height=\"278\" frameborder=\"0\" allowfullscreen=\"allowfullscreen\" data-mce-fragment=\"1\">&lt;span<br \/>\nstyle=&#8220;display: inline-block; width: 0px; overflow: hidden;<br \/>\nline-height: 0;&#8220; data-mce-type=&#8220;bookmark&#8220;<br \/>\nclass=&#8220;mce_SELRES_start&#8220;&gt;\ufeff&lt;\/span&gt;<\/iframe><\/p>\n<p><span style=\"color: #008080;\">Oben auf dem Schloss angekommen, strahlten die Gesichter trotz Ersch\u00f6pfung vor Freude! Dass alle wieder gemeinsam oben am Schloss sein konnten, ist der unerm\u00fcdlichen Verhandlungsbereitschaft des Organisationsteams und des engagierten \u201eHarten Kerns\u201c von FreiEinig zu verdanken, die in den letzten beiden Jahren mit den 39 kleinen und dem ersten gro\u00dfen Hambacher Demokratiefest unter dem Motto FreiEinig in 2024 gezeigt haben, dass wir stets friedlich f\u00fcr unsere Anliegen eintreten.<\/span><\/p>\n<p><iframe loading=\"lazy\" id=\"_dytid_7427\" title=\"YouTube video player\" src=\"https:\/\/www.youtube.com\/embed\/szhPMKvYlq4?si=xaGqAfMo1dyjA21E\" width=\"495\" height=\"278\" frameborder=\"0\" allowfullscreen=\"allowfullscreen\" data-mce-fragment=\"1\">&lt;span<br \/>\nstyle=&#8220;display: inline-block; width: 0px; overflow: hidden;<br \/>\nline-height: 0;&#8220; data-mce-type=&#8220;bookmark&#8220;<br \/>\nclass=&#8220;mce_SELRES_start&#8220;&gt;\ufeff&lt;\/span&gt;<\/iframe><\/p>\n<p>Aufstieg geschafft: Jetzt erst mal relaxen unterhalb des Schlosses:<\/p>\n<p><img data-recalc-dims=\"1\" loading=\"lazy\" decoding=\"async\" class=\"alignnone wp-image-3935\" src=\"https:\/\/i0.wp.com\/www.rheinland-pfalz-saarland.freidenker.org\/cms\/wp-content\/uploads\/2025\/06\/photo_2025-06-10_11-02-26.jpg?resize=495%2C330&#038;ssl=1\" sizes=\"auto, (max-width: 495px) 100vw, 495px\" srcset=\"https:\/\/www.rheinland-pfalz-saarland.freidenker.org\/cms\/wp-content\/uploads\/2025\/06\/photo_2025-06-10_11-02-26.jpg 1280w, https:\/\/www.rheinland-pfalz-saarland.freidenker.org\/cms\/wp-content\/uploads\/2025\/06\/photo_2025-06-10_11-02-26-300x200.jpg 300w, https:\/\/www.rheinland-pfalz-saarland.freidenker.org\/cms\/wp-content\/uploads\/2025\/06\/photo_2025-06-10_11-02-26-1024x682.jpg 1024w, https:\/\/www.rheinland-pfalz-saarland.freidenker.org\/cms\/wp-content\/uploads\/2025\/06\/photo_2025-06-10_11-02-26-768x512.jpg 768w\" alt=\"\" width=\"495\" height=\"330\" data-attachment-id=\"3935\" data-permalink=\"https:\/\/www.rheinland-pfalz-saarland.freidenker.org\/cms\/?attachment_id=3935\" data-orig-file=\"https:\/\/www.rheinland-pfalz-saarland.freidenker.org\/cms\/wp-content\/uploads\/2025\/06\/photo_2025-06-10_11-02-26.jpg\" data-orig-size=\"1280,853\" data-comments-opened=\"0\" data-image-meta=\"{&quot;aperture&quot;:&quot;0&quot;,&quot;credit&quot;:&quot;&quot;,&quot;camera&quot;:&quot;&quot;,&quot;caption&quot;:&quot;&quot;,&quot;created_timestamp&quot;:&quot;0&quot;,&quot;copyright&quot;:&quot;&quot;,&quot;focal_length&quot;:&quot;0&quot;,&quot;iso&quot;:&quot;0&quot;,&quot;shutter_speed&quot;:&quot;0&quot;,&quot;title&quot;:&quot;&quot;,&quot;orientation&quot;:&quot;0&quot;}\" data-image-title=\"photo_2025-06-10_11-02-26\" data-image-description=\"\" data-image-caption=\"\" data-medium-file=\"https:\/\/www.rheinland-pfalz-saarland.freidenker.org\/cms\/wp-content\/uploads\/2025\/06\/photo_2025-06-10_11-02-26-300x200.jpg\" data-large-file=\"https:\/\/www.rheinland-pfalz-saarland.freidenker.org\/cms\/wp-content\/uploads\/2025\/06\/photo_2025-06-10_11-02-26-1024x682.jpg\" \/><\/p>\n<p>Ganz nach oben durften die Teilnehmer n\u00e4mlich nicht. Die Polizei stand Wache und lie\u00df niemanden durch:<\/p>\n<p><img data-recalc-dims=\"1\" loading=\"lazy\" decoding=\"async\" data-attachment-id=\"3934\" data-permalink=\"https:\/\/www.freidenker.org\/?attachment_id=3934\" data-orig-file=\"https:\/\/i0.wp.com\/www.freidenker.org\/fw17\/wp-content\/uploads\/2011\/06\/01-2011-06-26-1-0547_800x445.jpg?fit=800%2C445&amp;ssl=1\" data-orig-size=\"800,445\" data-comments-opened=\"0\" data-image-meta=\"{&quot;aperture&quot;:&quot;3.6&quot;,&quot;credit&quot;:&quot;&quot;,&quot;camera&quot;:&quot;DMC-FZ50&quot;,&quot;caption&quot;:&quot;&quot;,&quot;created_timestamp&quot;:&quot;1309096837&quot;,&quot;copyright&quot;:&quot;&quot;,&quot;focal_length&quot;:&quot;28.3&quot;,&quot;iso&quot;:&quot;100&quot;,&quot;shutter_speed&quot;:&quot;0.01&quot;,&quot;title&quot;:&quot;&quot;,&quot;orientation&quot;:&quot;1&quot;}\" data-image-title=\"01-2011-06-26-1-0547_800x445\" data-image-description=\"\" data-image-caption=\"\" data-large-file=\"https:\/\/i0.wp.com\/www.freidenker.org\/fw17\/wp-content\/uploads\/2011\/06\/01-2011-06-26-1-0547_800x445.jpg?fit=800%2C445&amp;ssl=1\" class=\"alignnone wp-image-3934\" src=\"https:\/\/i0.wp.com\/www.rheinland-pfalz-saarland.freidenker.org\/cms\/wp-content\/uploads\/2025\/06\/photo_2025-06-16_21-17-30.jpg?resize=495%2C371&#038;ssl=1\" sizes=\"auto, (max-width: 495px) 100vw, 495px\" srcset=\"https:\/\/www.rheinland-pfalz-saarland.freidenker.org\/cms\/wp-content\/uploads\/2025\/06\/photo_2025-06-16_21-17-30.jpg 1280w, https:\/\/www.rheinland-pfalz-saarland.freidenker.org\/cms\/wp-content\/uploads\/2025\/06\/photo_2025-06-16_21-17-30-300x225.jpg 300w, https:\/\/www.rheinland-pfalz-saarland.freidenker.org\/cms\/wp-content\/uploads\/2025\/06\/photo_2025-06-16_21-17-30-1024x768.jpg 1024w, https:\/\/www.rheinland-pfalz-saarland.freidenker.org\/cms\/wp-content\/uploads\/2025\/06\/photo_2025-06-16_21-17-30-768x576.jpg 768w\" alt=\"\" width=\"495\" height=\"371\" data-attachment-id=\"3934\" data-permalink=\"https:\/\/www.rheinland-pfalz-saarland.freidenker.org\/cms\/?attachment_id=3934\" data-orig-file=\"https:\/\/www.rheinland-pfalz-saarland.freidenker.org\/cms\/wp-content\/uploads\/2025\/06\/photo_2025-06-16_21-17-30.jpg\" data-orig-size=\"1280,960\" data-comments-opened=\"0\" data-image-meta=\"{&quot;aperture&quot;:&quot;0&quot;,&quot;credit&quot;:&quot;&quot;,&quot;camera&quot;:&quot;&quot;,&quot;caption&quot;:&quot;&quot;,&quot;created_timestamp&quot;:&quot;0&quot;,&quot;copyright&quot;:&quot;&quot;,&quot;focal_length&quot;:&quot;0&quot;,&quot;iso&quot;:&quot;0&quot;,&quot;shutter_speed&quot;:&quot;0&quot;,&quot;title&quot;:&quot;&quot;,&quot;orientation&quot;:&quot;0&quot;}\" data-image-title=\"photo_2025-06-16_21-17-30\" data-image-description=\"\" data-image-caption=\"\" data-medium-file=\"https:\/\/www.rheinland-pfalz-saarland.freidenker.org\/cms\/wp-content\/uploads\/2025\/06\/photo_2025-06-16_21-17-30-300x225.jpg\" data-large-file=\"https:\/\/www.rheinland-pfalz-saarland.freidenker.org\/cms\/wp-content\/uploads\/2025\/06\/photo_2025-06-16_21-17-30-1024x768.jpg\" \/><\/p>\n<p><span style=\"color: #008080;\">Nach einer herzlichen Begr\u00fc\u00dfung durch <strong>Tanja<\/strong> und <strong>Karl-Friedrich<\/strong>, die sich bei allen Teilnehmern bedankten, dass sie nicht aufgegeben haben im Kampf um die Wahrheit,<\/span> hielten dann der stellvertretende Vorsitzende des Freidenker-Verbands<strong> Klaus Hartmann<\/strong> und Freidenker <strong>Diether Dehm<\/strong> bei wiederbeginnendem Regen auf der unterhalb des Schlosses aufgebauten B\u00fchne jeweils eine auf den Punkt bringende Rede.<\/p>\n<p><img data-recalc-dims=\"1\" loading=\"lazy\" decoding=\"async\" data-attachment-id=\"3963\" data-permalink=\"https:\/\/www.freidenker.org\/?attachment_id=3963\" data-orig-file=\"https:\/\/i0.wp.com\/www.freidenker.org\/fw17\/wp-content\/uploads\/2010\/11\/barbed-wire-1876148_800x445.jpg?fit=800%2C445&amp;ssl=1\" data-orig-size=\"800,445\" data-comments-opened=\"0\" data-image-meta=\"{&quot;aperture&quot;:&quot;6.3&quot;,&quot;credit&quot;:&quot;&quot;,&quot;camera&quot;:&quot;DMC-GH4&quot;,&quot;caption&quot;:&quot;&quot;,&quot;created_timestamp&quot;:&quot;0&quot;,&quot;copyright&quot;:&quot;&quot;,&quot;focal_length&quot;:&quot;47&quot;,&quot;iso&quot;:&quot;100&quot;,&quot;shutter_speed&quot;:&quot;0.008&quot;,&quot;title&quot;:&quot;&quot;,&quot;orientation&quot;:&quot;1&quot;}\" data-image-title=\"barbed-wire-1876148_800x445\" data-image-description=\"\" data-image-caption=\"\" data-large-file=\"https:\/\/i0.wp.com\/www.freidenker.org\/fw17\/wp-content\/uploads\/2010\/11\/barbed-wire-1876148_800x445.jpg?fit=800%2C445&amp;ssl=1\" class=\"alignnone wp-image-3963\" src=\"https:\/\/i0.wp.com\/www.rheinland-pfalz-saarland.freidenker.org\/cms\/wp-content\/uploads\/2025\/06\/Buehne-vor-Schloss-Screenshot.jpg?resize=495%2C278&#038;ssl=1\" sizes=\"auto, (max-width: 495px) 100vw, 495px\" srcset=\"https:\/\/www.rheinland-pfalz-saarland.freidenker.org\/cms\/wp-content\/uploads\/2025\/06\/Buehne-vor-Schloss-Screenshot.jpg 1920w, https:\/\/www.rheinland-pfalz-saarland.freidenker.org\/cms\/wp-content\/uploads\/2025\/06\/Buehne-vor-Schloss-Screenshot-300x169.jpg 300w, https:\/\/www.rheinland-pfalz-saarland.freidenker.org\/cms\/wp-content\/uploads\/2025\/06\/Buehne-vor-Schloss-Screenshot-1024x576.jpg 1024w, https:\/\/www.rheinland-pfalz-saarland.freidenker.org\/cms\/wp-content\/uploads\/2025\/06\/Buehne-vor-Schloss-Screenshot-768x432.jpg 768w, https:\/\/www.rheinland-pfalz-saarland.freidenker.org\/cms\/wp-content\/uploads\/2025\/06\/Buehne-vor-Schloss-Screenshot-1536x864.jpg 1536w\" alt=\"Screenshot aus Video von &quot;DauerwelleDemoReport&quot;\" width=\"495\" height=\"278\" data-attachment-id=\"3963\" data-permalink=\"https:\/\/www.rheinland-pfalz-saarland.freidenker.org\/cms\/?attachment_id=3963\" data-orig-file=\"https:\/\/www.rheinland-pfalz-saarland.freidenker.org\/cms\/wp-content\/uploads\/2025\/06\/Buehne-vor-Schloss-Screenshot.jpg\" data-orig-size=\"1920,1080\" data-comments-opened=\"0\" data-image-meta=\"{&quot;aperture&quot;:&quot;0&quot;,&quot;credit&quot;:&quot;&quot;,&quot;camera&quot;:&quot;&quot;,&quot;caption&quot;:&quot;&quot;,&quot;created_timestamp&quot;:&quot;0&quot;,&quot;copyright&quot;:&quot;&quot;,&quot;focal_length&quot;:&quot;0&quot;,&quot;iso&quot;:&quot;0&quot;,&quot;shutter_speed&quot;:&quot;0&quot;,&quot;title&quot;:&quot;&quot;,&quot;orientation&quot;:&quot;0&quot;}\" data-image-title=\"B\u00fchne vor Schloss Screenshot\" data-image-description=\"\" data-image-caption=\"\" data-medium-file=\"https:\/\/www.rheinland-pfalz-saarland.freidenker.org\/cms\/wp-content\/uploads\/2025\/06\/Buehne-vor-Schloss-Screenshot-300x169.jpg\" data-large-file=\"https:\/\/www.rheinland-pfalz-saarland.freidenker.org\/cms\/wp-content\/uploads\/2025\/06\/Buehne-vor-Schloss-Screenshot-1024x576.jpg\" \/><\/p>\n<p>Auch bei den Freidenkern war \u201eKontaktschuld\u201c schon bei der <strong>Delegiertentagung<\/strong> eine Woche zuvor in Bad Frankenhausen (dem Ort der historischen Bauernaufst\u00e4nde vor 500 Jahren) Thema einer internen Diskussion \u2013 hier insbesondere zum diesbez\u00fcglichen Umgang mit der AfD. Die Freidenker setzen sich aber schon immer <strong>argumentativ<\/strong> mit Parteien, Gruppierungen und Organisationen auseinander, was eine \u201eBrandmauer\u201c obsolet macht. Ganz im Sinne der Schlussworte des Verbands-Vorsitzenden <strong>Sebastian Bahlo<\/strong> in seiner <a href=\"https:\/\/www.freidenker.org\/?p=21994#eroeffnung\" target=\"_blank\" rel=\"noopener\">Er\u00f6ffnungsrede des Verbandstags<\/a>:<\/p>\n<p style=\"padding-left: 40px;\">\u201eIch w\u00fcnsche mir f\u00fcr unseren Verband, dass wir einen Beitrag dazu leisten k\u00f6nnen, Spaltungen der Gesellschaft \u00fcber unwesentliche Fragen zu vermeiden und daf\u00fcr, <strong>dass die Menschen erkennen, wer ihre wirklichen Feinde sind<\/strong>.\u201c<\/p>\n<p>Unerm\u00fcdlich kl\u00e4ren die <strong>Freidenker<\/strong> <span class=\"yt-core-attributed-string yt-core-attributed-string--white-space-pre-wrap\" dir=\"auto\" role=\"text\"><span class=\"yt-core-attributed-string--link-inherit-color\" dir=\"auto\">\u00fcber die wahre Bedeutung der politischen Begriffe \u201elinks\u201c und \u201erechts\u201c auf (wie Klaus Hartmann mit einem Vortrag im Mai 2024 beim <a href=\"https:\/\/www.linkesforum-paderborn.de\/\" target=\"_blank\" rel=\"noopener\"><strong>Linken Forum Paderborn<\/strong><\/a>:\u00a0<\/span><\/span><a href=\"https:\/\/www.freidenker.org\/?p=19382\" target=\"_blank\" rel=\"noopener\"><strong>Was ist heute links, was rechts, was Faschismus?<\/strong>)<\/a><\/p>\n<p><a id=\"video_hartmann\"><\/a>So mahnte <strong>Klaus Hartmann<\/strong> auch in seiner Rede auf dem Hambacher Schloss an, sich darauf zu besinnen, was \u201eFaschismus in Deutschland\u201c, und was \u201eAntifaschismus\u201c bedeutet und was echte Demokratie auszeichnet: n\u00e4mlich \u201e<strong>Volksherrschaft<\/strong>\u201c im Wortsinn. Hartmann schlug vor, den Begriff \u201eDemokratie\u201c zu ersetzen, \u201eda dieser inzwischen so inhaltsleer erklingt\u201c. <span style=\"color: #008080;\">Er wies in seiner Ansprache darauf hin, dass die heutige Antifa alles andere als antifaschistisch sei.<\/span><\/p>\n<p><iframe loading=\"lazy\" id=\"_dytid_3679\" title=\"YouTube video player\" src=\"https:\/\/www.youtube.com\/embed\/ebK_YTQEa_4?si=138dp2Fgcn6LabGD\" width=\"495\" height=\"278\" frameborder=\"0\" allowfullscreen=\"allowfullscreen\" data-mce-fragment=\"1\">&lt;span<br \/>\nstyle=&#8220;display: inline-block; width: 0px; overflow: hidden;<br \/>\nline-height: 0;&#8220; data-mce-type=&#8220;bookmark&#8220;<br \/>\nclass=&#8220;mce_SELRES_start&#8220;&gt;\ufeff&lt;\/span&gt;<\/iframe><\/p>\n<p>Hartmann machte deutlich, dass der 1905 gegr\u00fcndete Freidenker-Verband die deutsche Faschismusgeschichte genau kenne. Er erinnerte daran, dass der Verband schon im M\u00e4rz 1933 verboten und verfolgt und sein damaliger Vorsitzender Max Sievers vertrieben und sp\u00e4ter ermordet wurde. (Am 17. M\u00e4rz 1933 st\u00fcrmte die SA das Berliner Freidenkerhaus, das Verm\u00f6gen wurde geraubt und die T\u00e4tigkeit des Verbandes verboten. Max Sievers, vom wurde vom \u201eVolksgerichtshof\u201c unter Vorsitz von Roland Freisler wegen \u201eVerrat am deutschen Volke\u201c zum Tode verurteilt und 1944 von den Faschisten im Zuchthaus Brandenburg-G\u00f6rden hingerichtet).<\/p>\n<p><span style=\"color: #008080;\">Um den schleichenden Abbau der Meinungsfreiheit gemeinsam aufzuhalten, sei es entscheidend, nicht nach politischer Ausrichtung \u2013 links oder rechts \u2013 zu urteilen, sondern danach, wer sich f\u00fcr Frieden, Volksherrschaft, Antiimperialismus, Patriotismus und Aufkl\u00e4rung einsetzt.<\/span><\/p>\n<p>Und er fragte:<\/p>\n<p style=\"padding-left: 40px;\">\u201eWenn ihr rechts und links unterscheiden wollt: Wer steht denn weiter rechts als diejenigen, die wieder deutsche Waffen liefern, die wieder auf Russland schie\u00dfen sollen, die vor der leidgepr\u00fcften Stadt und dem Oblast Leningrad in 500 \/ 600 km mit dem neuen Panzer- Batallion in Litauen direkt auf diese Stadt zielen, deren Bev\u00f6lkerung unter der Hungerblockade von \u00fcber einem Jahr \u00fcber eine Million Menschen verloren hat? In dieser Tradition der V\u00f6lkerm\u00f6rder und der Nazis stehen leider heute die Regierenden\u2026. mit diesem Personal muss abgerechnet werden.<\/p>\n<p><a id=\"video_dehm\"><\/a>Anschlie\u00dfend \u00fcbernahm <strong>Diether Dehm<\/strong>, Autor, Musiker, Songwriter und Politiker das Mikrofon.<\/p>\n<p><iframe loading=\"lazy\" id=\"_dytid_1905\" title=\"YouTube video player\" src=\"https:\/\/www.youtube.com\/embed\/tC66feBxWr8?si=UNokJ8cu1XQaug_o\" width=\"495\" height=\"278\" frameborder=\"0\" allowfullscreen=\"allowfullscreen\" data-mce-fragment=\"1\"><\/iframe><\/p>\n<p><span style=\"color: #008080;\">Er betonte in seiner Rede die Notwendigkeit, den Nationalstaat zu st\u00e4rken und zugleich den Sozialstaat zu bewahren. Unseren Rechtsstaat, als Fundament der Demokratie, sollten wir alle \u2013 unabh\u00e4ngig von politischer oder gesellschaftlicher Herkunft \u2013 gemeinsam verteidigen, insbesondere angesichts der gegenw\u00e4rtigen Angriffe der Regierung auf die Meinungsfreiheit.<\/span><\/p>\n<p>Dies wurde auch im anschlie\u00dfenden von Dehm umgeschriebenen Deutschlandlied deutlich:<\/p>\n<p style=\"padding-left: 40px;\">\u201efrei nach Fallersleben, Becher, Brecht, Haydn, und ein bisschen habe ich auch dran geschrieben\u2026<\/p>\n<p style=\"padding-left: 40px;\">und es beginnt mit den zwei Zeilen \u201eDeutschland Deutschland \u00fcber alles, \u00fcber alles in der Welt\u201c. Und das singe ich auch gleich. Hier brauchen die Kollegen von der Polizei nicht einzuschreiten, weil das Lied ist im Unterschied zu anderslautenden Ger\u00fcchten nicht verboten. Man darf es nur nicht im Zusammenhang von rechtsextremistischen Veranstaltungen singen. Und ich glaube, davon sind wir hier \u00fcberzeugt, das geschieht auch nicht\u201c.<\/p>\n<p style=\"padding-left: 40px;\"><span style=\"font-size: 10pt;\">(das Lied beginnt im Video ab Minute 7:36).<\/span><\/p>\n<p>Das musikalische Rahmenprogramm \u00fcbernahmen Freidenker <strong>Ernesto Schwarz<\/strong> und <strong>Laudola<\/strong>, die deutsche Freiheits- und Friedenslieder sowie Lieder des Protest-Musikers <a href=\"https:\/\/www.yannsongking.de\/\" target=\"_blank\" rel=\"noopener\"><strong>Yann Song King<\/strong><\/a> aus Dresden vortrugen (welcher u. a. <a href=\"https:\/\/www.rheinland-pfalz-saarland.freidenker.org\/cms\/?p=3690\" target=\"_blank\" rel=\"noopener\">am 15. September einen Auftritt beim NachDenkSeiten-Gespr\u00e4chskreis in Darmstadt hat<\/a>).<\/p>\n<p><a href=\"https:\/\/i0.wp.com\/www.rheinland-pfalz-saarland.freidenker.org\/cms\/wp-content\/uploads\/2025\/06\/photo_2025-06-16_21-21-13.jpg?ssl=1\" target=\"_blank\" rel=\"noopener\"><img data-recalc-dims=\"1\" loading=\"lazy\" decoding=\"async\" class=\"alignnone wp-image-3873\" src=\"https:\/\/i0.wp.com\/www.rheinland-pfalz-saarland.freidenker.org\/cms\/wp-content\/uploads\/2025\/06\/photo_2025-06-16_21-21-13.jpg?resize=495%2C330&#038;ssl=1\" sizes=\"auto, (max-width: 495px) 100vw, 495px\" srcset=\"https:\/\/www.rheinland-pfalz-saarland.freidenker.org\/cms\/wp-content\/uploads\/2025\/06\/photo_2025-06-16_21-21-13.jpg 1280w, https:\/\/www.rheinland-pfalz-saarland.freidenker.org\/cms\/wp-content\/uploads\/2025\/06\/photo_2025-06-16_21-21-13-300x200.jpg 300w, https:\/\/www.rheinland-pfalz-saarland.freidenker.org\/cms\/wp-content\/uploads\/2025\/06\/photo_2025-06-16_21-21-13-1024x682.jpg 1024w, https:\/\/www.rheinland-pfalz-saarland.freidenker.org\/cms\/wp-content\/uploads\/2025\/06\/photo_2025-06-16_21-21-13-768x512.jpg 768w\" alt=\"\" width=\"495\" height=\"330\" data-attachment-id=\"3873\" data-permalink=\"https:\/\/www.rheinland-pfalz-saarland.freidenker.org\/cms\/?attachment_id=3873\" data-orig-file=\"https:\/\/www.rheinland-pfalz-saarland.freidenker.org\/cms\/wp-content\/uploads\/2025\/06\/photo_2025-06-16_21-21-13.jpg\" data-orig-size=\"1280,853\" data-comments-opened=\"0\" data-image-meta=\"{&quot;aperture&quot;:&quot;0&quot;,&quot;credit&quot;:&quot;&quot;,&quot;camera&quot;:&quot;&quot;,&quot;caption&quot;:&quot;&quot;,&quot;created_timestamp&quot;:&quot;0&quot;,&quot;copyright&quot;:&quot;&quot;,&quot;focal_length&quot;:&quot;0&quot;,&quot;iso&quot;:&quot;0&quot;,&quot;shutter_speed&quot;:&quot;0&quot;,&quot;title&quot;:&quot;&quot;,&quot;orientation&quot;:&quot;0&quot;}\" data-image-title=\"photo_2025-06-16_21-21-13\" data-image-description=\"\" data-image-caption=\"\" data-medium-file=\"https:\/\/www.rheinland-pfalz-saarland.freidenker.org\/cms\/wp-content\/uploads\/2025\/06\/photo_2025-06-16_21-21-13-300x200.jpg\" data-large-file=\"https:\/\/www.rheinland-pfalz-saarland.freidenker.org\/cms\/wp-content\/uploads\/2025\/06\/photo_2025-06-16_21-21-13-1024x682.jpg\" \/><\/a><\/p>\n<p><span style=\"color: #008080;\">Mit dem <strong>Lied der Freiheit<\/strong>, der deutschen Version des Gefangenenchor von Nabucco, klang die Versammlung auf dem Hambacher Schloss f\u00fcr Frieden und Demokratie mit Ernesto an der Gitarre und dem Gesang von Laudola aus.<\/span><\/p>\n<p><a href=\"#top\"><span style=\"font-size: 10pt;\">\u2191 nach oben<\/span><\/a><\/p>\n<hr \/>\n<p><strong>Das Fazit von FreiEinig sowie der Freidenker zum Hambacher Fest 2025:<\/strong><\/p>\n<h4><strong>Ein friedliches Miteinander f\u00fcr eine neue Welt!<\/strong><\/h4>\n<p><img data-recalc-dims=\"1\" loading=\"lazy\" decoding=\"async\" class=\"alignnone wp-image-3894\" src=\"https:\/\/i0.wp.com\/www.rheinland-pfalz-saarland.freidenker.org\/cms\/wp-content\/uploads\/2025\/06\/photo_2025-06-16_21-17-17.jpg?resize=495%2C371&#038;ssl=1\" sizes=\"auto, (max-width: 495px) 100vw, 495px\" srcset=\"https:\/\/www.rheinland-pfalz-saarland.freidenker.org\/cms\/wp-content\/uploads\/2025\/06\/photo_2025-06-16_21-17-17.jpg 1280w, https:\/\/www.rheinland-pfalz-saarland.freidenker.org\/cms\/wp-content\/uploads\/2025\/06\/photo_2025-06-16_21-17-17-300x225.jpg 300w, https:\/\/www.rheinland-pfalz-saarland.freidenker.org\/cms\/wp-content\/uploads\/2025\/06\/photo_2025-06-16_21-17-17-1024x768.jpg 1024w, https:\/\/www.rheinland-pfalz-saarland.freidenker.org\/cms\/wp-content\/uploads\/2025\/06\/photo_2025-06-16_21-17-17-768x576.jpg 768w\" alt=\"\" width=\"495\" height=\"371\" data-attachment-id=\"3894\" data-permalink=\"https:\/\/www.rheinland-pfalz-saarland.freidenker.org\/cms\/?attachment_id=3894\" data-orig-file=\"https:\/\/www.rheinland-pfalz-saarland.freidenker.org\/cms\/wp-content\/uploads\/2025\/06\/photo_2025-06-16_21-17-17.jpg\" data-orig-size=\"1280,960\" data-comments-opened=\"0\" data-image-meta=\"{&quot;aperture&quot;:&quot;0&quot;,&quot;credit&quot;:&quot;&quot;,&quot;camera&quot;:&quot;&quot;,&quot;caption&quot;:&quot;&quot;,&quot;created_timestamp&quot;:&quot;0&quot;,&quot;copyright&quot;:&quot;&quot;,&quot;focal_length&quot;:&quot;0&quot;,&quot;iso&quot;:&quot;0&quot;,&quot;shutter_speed&quot;:&quot;0&quot;,&quot;title&quot;:&quot;&quot;,&quot;orientation&quot;:&quot;0&quot;}\" data-image-title=\"photo_2025-06-16_21-17-17\" data-image-description=\"\" data-image-caption=\"\" data-medium-file=\"https:\/\/www.rheinland-pfalz-saarland.freidenker.org\/cms\/wp-content\/uploads\/2025\/06\/photo_2025-06-16_21-17-17-300x225.jpg\" data-large-file=\"https:\/\/www.rheinland-pfalz-saarland.freidenker.org\/cms\/wp-content\/uploads\/2025\/06\/photo_2025-06-16_21-17-17-1024x768.jpg\" \/><\/p>\n<p><strong>Vielen Dank an die Initiatoren des Hambacher Fests!\u00a0<\/strong><\/p>\n<div id=\"attachment_3995\" class=\"wp-caption alignnone\">\n<p><a href=\"https:\/\/i0.wp.com\/www.rheinland-pfalz-saarland.freidenker.org\/cms\/wp-content\/uploads\/2025\/06\/Team-FreiEinig-2025.jpg?ssl=1\" target=\"_blank\" rel=\"noopener\"><img data-recalc-dims=\"1\" loading=\"lazy\" decoding=\"async\" class=\"wp-image-3995\" title=\"zum Vergr\u00f6\u00dfern anklicken...\" src=\"https:\/\/i0.wp.com\/www.rheinland-pfalz-saarland.freidenker.org\/cms\/wp-content\/uploads\/2025\/06\/Team-FreiEinig-2025.jpg?resize=495%2C278&#038;ssl=1\" sizes=\"auto, (max-width: 495px) 100vw, 495px\" srcset=\"https:\/\/www.rheinland-pfalz-saarland.freidenker.org\/cms\/wp-content\/uploads\/2025\/06\/Team-FreiEinig-2025.jpg 1280w, https:\/\/www.rheinland-pfalz-saarland.freidenker.org\/cms\/wp-content\/uploads\/2025\/06\/Team-FreiEinig-2025-300x169.jpg 300w, https:\/\/www.rheinland-pfalz-saarland.freidenker.org\/cms\/wp-content\/uploads\/2025\/06\/Team-FreiEinig-2025-1024x576.jpg 1024w, https:\/\/www.rheinland-pfalz-saarland.freidenker.org\/cms\/wp-content\/uploads\/2025\/06\/Team-FreiEinig-2025-768x432.jpg 768w\" alt=\"Team FreiEinig\" width=\"495\" height=\"278\" aria-describedby=\"caption-attachment-3995\" data-attachment-id=\"3995\" data-permalink=\"https:\/\/www.rheinland-pfalz-saarland.freidenker.org\/cms\/?attachment_id=3995\" data-orig-file=\"https:\/\/www.rheinland-pfalz-saarland.freidenker.org\/cms\/wp-content\/uploads\/2025\/06\/Team-FreiEinig-2025.jpg\" data-orig-size=\"1280,720\" data-comments-opened=\"0\" data-image-meta=\"{&quot;aperture&quot;:&quot;0&quot;,&quot;credit&quot;:&quot;&quot;,&quot;camera&quot;:&quot;&quot;,&quot;caption&quot;:&quot;&quot;,&quot;created_timestamp&quot;:&quot;0&quot;,&quot;copyright&quot;:&quot;&quot;,&quot;focal_length&quot;:&quot;0&quot;,&quot;iso&quot;:&quot;0&quot;,&quot;shutter_speed&quot;:&quot;0&quot;,&quot;title&quot;:&quot;&quot;,&quot;orientation&quot;:&quot;0&quot;}\" data-image-title=\"Team FreiEinig 2025\" data-image-description=\"\" data-image-caption=\"\" data-medium-file=\"https:\/\/www.rheinland-pfalz-saarland.freidenker.org\/cms\/wp-content\/uploads\/2025\/06\/Team-FreiEinig-2025-300x169.jpg\" data-large-file=\"https:\/\/www.rheinland-pfalz-saarland.freidenker.org\/cms\/wp-content\/uploads\/2025\/06\/Team-FreiEinig-2025-1024x576.jpg\" \/><\/a><\/p>\n<p id=\"caption-attachment-3995\" class=\"wp-caption-text\"><span style=\"font-size: 10pt;\">Das Team von FreiEinig 2025<\/span><\/p>\n<\/div>\n<p>Die<strong> komplette Dokumentation des Hambacher Fests<\/strong> inkl. <strong>Bilder-und Videogalerie<\/strong> und <a href=\"https:\/\/freieinig.de\/pressebericht-2025\/\" target=\"_blank\" rel=\"noopener\"><strong>ausf\u00fchrlichem Pressebericht<\/strong><\/a> auf der<strong><a href=\"https:\/\/freieinig.de\/hambacher-fest-2025\/\" target=\"_blank\" rel=\"noopener\"> Webseite von FreiEinig<\/a><\/strong>.<\/p>\n<p>Lohnenswert ist auch ein Blick auf das wachsende Netzwerk (<a href=\"https:\/\/freieinig.de\/netzwerk\/\" target=\"_blank\" rel=\"noopener\"><strong>Angeschlossene Initiativen<\/strong><\/a>) und den Telegram-<a href=\"https:\/\/t.me\/hambach2023offiziell\" target=\"_blank\" rel=\"noopener\"><strong>Kanal von FreiEinig<\/strong><\/a>.<\/p>\n<p style=\"text-align: right;\"><em>Sophia Eigner ist Mitglied des Deutschen Freidenker-Verbandes<\/em><\/p>\n<hr \/>\n<h5>Download<\/h5>\n<p><img data-recalc-dims=\"1\" loading=\"lazy\" decoding=\"async\" data-attachment-id=\"1076\" data-permalink=\"https:\/\/www.freidenker.org\/?attachment_id=1076\" data-orig-file=\"https:\/\/i0.wp.com\/www.freidenker.org\/fw17\/wp-content\/uploads\/2017\/10\/pdf_icon-2.png?fit=32%2C32&amp;ssl=1\" data-orig-size=\"32,32\" data-comments-opened=\"0\" data-image-meta=\"{&quot;aperture&quot;:&quot;0&quot;,&quot;credit&quot;:&quot;&quot;,&quot;camera&quot;:&quot;&quot;,&quot;caption&quot;:&quot;&quot;,&quot;created_timestamp&quot;:&quot;0&quot;,&quot;copyright&quot;:&quot;&quot;,&quot;focal_length&quot;:&quot;0&quot;,&quot;iso&quot;:&quot;0&quot;,&quot;shutter_speed&quot;:&quot;0&quot;,&quot;title&quot;:&quot;&quot;,&quot;orientation&quot;:&quot;0&quot;}\" data-image-title=\"pdf_icon\" data-image-description=\"\" data-image-caption=\"\" data-large-file=\"https:\/\/i0.wp.com\/www.freidenker.org\/fw17\/wp-content\/uploads\/2017\/10\/pdf_icon-2.png?fit=32%2C32&amp;ssl=1\" class=\"alignnone size-full wp-image-1076\" src=\"https:\/\/i0.wp.com\/www.freidenker.org\/fw17\/wp-content\/uploads\/2017\/10\/pdf_icon-2.png?resize=32%2C32&#038;ssl=1\" alt=\"\" width=\"32\" height=\"32\" \/> <a href=\"https:\/\/www.rheinland-pfalz-saarland.freidenker.org\/cms\/wp-content\/uploads\/2025\/06\/PM-FreiEinig-25_06_15_mit-Fotos-final.pdf\">Pressebericht als PDF-Dokument<\/a><\/p>\n<hr \/>\n<p><span style=\"font-size: 10pt;\">Bild ganz oben und Bild(er) im Text:\u00a0 <a href=\"https:\/\/freieinig.de\/bildergalerie25\/\" target=\"_blank\" rel=\"noopener\">FreiEinig<\/a>, sowie Screenshots aus Video: <a href=\"https:\/\/www.youtube.com\/watch?v=hK7qK_oy65U\" target=\"_blank\" rel=\"noopener\">Live \u2013 Hinauf zum Schlo\u00df \u2013 Hambach 08.06.2025<\/a> von DauerWelleDemoReport<\/span><\/p>\n<p>&nbsp;<\/p>\n<\/div>\n<div class=\"feedback\"><\/div>\n<\/div>\n<div id=\"kontainer\">\n<div id=\"fuss\">\n<p>&nbsp;<\/p>\n<\/div>\n<\/div>\n","protected":false},"excerpt":{"rendered":"<p><b>Beitrag von Sophia Eigner<\/b><br \/>\nAm 7. und 8. Juni 2025 organisierte die Initiative FreiEinig \u2013 Hambacher Bund aus Neustadt zum wiederholten Mal das Hambacher Fest in der Tradition ihres historischen Beispiels von 1832. Dem Aufruf zur Teilnahme\u00a0sind die Freidenker \u2013 wie im Jahr zuvor \u2013 mit einem Infostand beim Fest der Initiativen am Samstag in der Innenstadt von Neustadt an der Weinstra\u00dfe gefolgt. Erstmalig sind sie aber auch am Sonntag mit Reden und musikalischen Beitr\u00e4gen auf dem Hambacher Schloss aktiv beteiligt. Hier eine Dokumentation der zwei Tage in Neustadt und Hambach aus Freidenker-Perspektive, erg\u00e4nzt durch Ausschnitte aus dem Pressebericht von FreiEinig nebst Fotos und Videos aus deren Mediengalerie.<\/p>\n","protected":false},"author":3,"featured_media":22206,"comment_status":"closed","ping_status":"closed","sticky":false,"template":"","format":"standard","meta":{"colormag_page_container_layout":"default_layout","colormag_page_sidebar_layout":"default_layout","advanced_seo_description":"","jetpack_seo_html_title":"","jetpack_seo_noindex":false,"jetpack_post_was_ever_published":false,"footnotes":""},"categories":[13,19],"tags":[162,27,451,635,26,159,335,43,154,2653,2227,1091,1140,939,1553,1680,1852,1050,2654],"class_list":["post-22198","post","type-post","status-publish","format-standard","has-post-thumbnail","hentry","category-frieden-antifaschismus-solidaritaet","category-veranstaltungen-in-den-dfv-landesverbaenden","tag-demokratie","tag-deutscher-freidenker-verband","tag-faschismus","tag-feindbild","tag-freidenker","tag-freiheit","tag-frieden","tag-friedensbewegung","tag-grundrechte","tag-hambacher-fest","tag-kriegstreiber","tag-links-rechts","tag-lv-rheinland-pfalz-saarland","tag-musik","tag-nachdenkseiten","tag-reichsbuerger","tag-spaltung","tag-veranstaltung","tag-volksherrschaft"],"jetpack_featured_media_url":"https:\/\/i0.wp.com\/www.freidenker.org\/fw17\/wp-content\/uploads\/2025\/06\/hambach_photo_2_2025-06-16_21-18-37_800x450.jpg?fit=800%2C450&ssl=1","jetpack_shortlink":"https:\/\/wp.me\/p9stpK-5M2","jetpack-related-posts":[{"id":21967,"url":"https:\/\/www.freidenker.org\/?p=21967","url_meta":{"origin":22198,"position":0},"title":"Das Hambacher Fest 2025 \u2013 Neustadt an der Weinstra\u00dfe","author":"Webredaktion","date":"29. Mai 2025","format":false,"excerpt":"Wir laden euch herzlich zum diesj\u00e4hrigen Hambacher Fest am 7.\/8. Juni in Neustadt an der Weinstra\u00dfe ein! Die Initiative FreiEinig aus Neustadt an der Weinstra\u00dfe setzt sich seit Mai 2023 aktiv f\u00fcr Frieden, Freiheit, den Erhalt unserer Demokratie und der Grundrechte ein. Regelm\u00e4\u00dfig organisiert sie Kundgebungen auf dem Hambacher Schloss,\u2026","rel":"","context":"In &quot;Zentrale Veranstaltungen&quot;","block_context":{"text":"Zentrale Veranstaltungen","link":"https:\/\/www.freidenker.org\/?cat=20"},"img":{"alt_text":"","src":"https:\/\/i0.wp.com\/www.freidenker.org\/fw17\/wp-content\/uploads\/2025\/05\/Hambacher_Fest_1832_800x450.jpg?fit=800%2C450&ssl=1&resize=350%2C200","width":350,"height":200,"srcset":"https:\/\/i0.wp.com\/www.freidenker.org\/fw17\/wp-content\/uploads\/2025\/05\/Hambacher_Fest_1832_800x450.jpg?fit=800%2C450&ssl=1&resize=350%2C200 1x, https:\/\/i0.wp.com\/www.freidenker.org\/fw17\/wp-content\/uploads\/2025\/05\/Hambacher_Fest_1832_800x450.jpg?fit=800%2C450&ssl=1&resize=525%2C300 1.5x, https:\/\/i0.wp.com\/www.freidenker.org\/fw17\/wp-content\/uploads\/2025\/05\/Hambacher_Fest_1832_800x450.jpg?fit=800%2C450&ssl=1&resize=700%2C400 2x"},"classes":[]},{"id":23089,"url":"https:\/\/www.freidenker.org\/?p=23089","url_meta":{"origin":22198,"position":1},"title":"Wir trauern um Karin Gottlieb","author":"Webredaktion","date":"9. Oktober 2025","format":false,"excerpt":"Wir trauern um unsere Freundin und Genossin Karin Gottlieb Karin wuchs in einem kommunistischen Elternhaus auf, wurde mit 14 Jahren\u00a0Gewerkschaftsmitglied, als gelernte Goldschmiedin arbeitete sie in mehreren Betrieben und engagierte sich als Betriebsr\u00e4tin f\u00fcr die Interessen ihrer Kolleginnen und Kollegen. Mit 16 Jahren organisierte sie sich in der kommunistischen Bewegung,\u2026","rel":"","context":"In &quot;Weltliche Trauerkultur&quot;","block_context":{"text":"Weltliche Trauerkultur","link":"https:\/\/www.freidenker.org\/?cat=17"},"img":{"alt_text":"","src":"https:\/\/i0.wp.com\/www.freidenker.org\/fw17\/wp-content\/uploads\/2025\/10\/Karin_Gottlieb_800x445_v2.jpg?fit=800%2C445&ssl=1&resize=350%2C200","width":350,"height":200,"srcset":"https:\/\/i0.wp.com\/www.freidenker.org\/fw17\/wp-content\/uploads\/2025\/10\/Karin_Gottlieb_800x445_v2.jpg?fit=800%2C445&ssl=1&resize=350%2C200 1x, https:\/\/i0.wp.com\/www.freidenker.org\/fw17\/wp-content\/uploads\/2025\/10\/Karin_Gottlieb_800x445_v2.jpg?fit=800%2C445&ssl=1&resize=525%2C300 1.5x, https:\/\/i0.wp.com\/www.freidenker.org\/fw17\/wp-content\/uploads\/2025\/10\/Karin_Gottlieb_800x445_v2.jpg?fit=800%2C445&ssl=1&resize=700%2C400 2x"},"classes":[]},{"id":19313,"url":"https:\/\/www.freidenker.org\/?p=19313","url_meta":{"origin":22198,"position":2},"title":"Milit\u00e4r in der Nachbarschaft: US-Milit\u00e4r in Rheinland-Pfalz","author":"Webredaktion","date":"11. Juni 2024","format":false,"excerpt":"Video eines Vortrages von Karl-Heinz Peil gehalten auf einer Veranstaltung des Deutschen Freidenker-Verbandes, Landesverband Rheinland-Pfalz \/ Saarland am 07.06.2024 in Idar-Oberstein Rheinland-Pfalz ist reich an milit\u00e4rischen Einrichtungen. B\u00fcchel ist als Standort der Bundeswehr durch die Lagerung von Atomraketen, Ramstein als die gr\u00f6\u00dfte Milit\u00e4rdrehscheibe der USA durch die Aktion \u201eStopp Ramstein\u201c\u2026","rel":"","context":"In &quot;Frieden - Antifaschismus - Solidarit\u00e4t&quot;","block_context":{"text":"Frieden - Antifaschismus - Solidarit\u00e4t","link":"https:\/\/www.freidenker.org\/?cat=13"},"img":{"alt_text":"","src":"https:\/\/i0.wp.com\/www.freidenker.org\/fw17\/wp-content\/uploads\/2024\/06\/Peil_Idar-Oberstein_2024-06-07_800x450.jpg?fit=800%2C450&ssl=1&resize=350%2C200","width":350,"height":200,"srcset":"https:\/\/i0.wp.com\/www.freidenker.org\/fw17\/wp-content\/uploads\/2024\/06\/Peil_Idar-Oberstein_2024-06-07_800x450.jpg?fit=800%2C450&ssl=1&resize=350%2C200 1x, https:\/\/i0.wp.com\/www.freidenker.org\/fw17\/wp-content\/uploads\/2024\/06\/Peil_Idar-Oberstein_2024-06-07_800x450.jpg?fit=800%2C450&ssl=1&resize=525%2C300 1.5x, https:\/\/i0.wp.com\/www.freidenker.org\/fw17\/wp-content\/uploads\/2024\/06\/Peil_Idar-Oberstein_2024-06-07_800x450.jpg?fit=800%2C450&ssl=1&resize=700%2C400 2x"},"classes":[]},{"id":13169,"url":"https:\/\/www.freidenker.org\/?p=13169","url_meta":{"origin":22198,"position":3},"title":"Veranstaltungsvideo: Der Krieg in der Ukraine und wir","author":"Webredaktion","date":"19. Mai 2022","format":false,"excerpt":"In der Kulturwerkstatt Beckingen im Saarland fand am 15. Mai 2022 eine Sonntagsmatin\u00e9e statt, veranstaltet vom Freidenker-Landesverband Rheinland-Pfalz \/Saarland. Klaus Hartmann, stellv. Vorsitzender des Deutschen Freidenker-Verbandes ging auf die zahlreichen Fragen der \u00fcber 20 Teilnehmer ein, schwerpunktm\u00e4\u00dfig die v\u00f6lkerrechtlichen Aspekte des russischen Eingreifens in den Krieg, die westliche russophobe Propaganda\u2026","rel":"","context":"In &quot;Frieden - Antifaschismus - Solidarit\u00e4t&quot;","block_context":{"text":"Frieden - Antifaschismus - Solidarit\u00e4t","link":"https:\/\/www.freidenker.org\/?cat=13"},"img":{"alt_text":"","src":"https:\/\/i0.wp.com\/www.freidenker.org\/fw17\/wp-content\/uploads\/2022\/05\/KH_Ukraine_und_wir_3_800x450.jpg?fit=800%2C450&ssl=1&resize=350%2C200","width":350,"height":200,"srcset":"https:\/\/i0.wp.com\/www.freidenker.org\/fw17\/wp-content\/uploads\/2022\/05\/KH_Ukraine_und_wir_3_800x450.jpg?fit=800%2C450&ssl=1&resize=350%2C200 1x, https:\/\/i0.wp.com\/www.freidenker.org\/fw17\/wp-content\/uploads\/2022\/05\/KH_Ukraine_und_wir_3_800x450.jpg?fit=800%2C450&ssl=1&resize=525%2C300 1.5x, https:\/\/i0.wp.com\/www.freidenker.org\/fw17\/wp-content\/uploads\/2022\/05\/KH_Ukraine_und_wir_3_800x450.jpg?fit=800%2C450&ssl=1&resize=700%2C400 2x"},"classes":[]},{"id":6315,"url":"https:\/\/www.freidenker.org\/?p=6315","url_meta":{"origin":22198,"position":4},"title":"Lieder gegen Ausbeutung und Krieg","author":"Webredaktion","date":"8. Mai 2019","format":false,"excerpt":"Pressemitteilung zum 8. Kulturseminar und Linken Liedersommer 2019 Zu seinem 8. Kulturseminar l\u00e4dt der Deutsche Freidenker-Verband erstmals an einen anderen Ort als der traditionellen Burg Waldeck ein, n\u00e4mlich ins Naturfreundehaus Rahnenhof bei Hertlingshausen in der Pfalz, vom 21. bis 23. Juni 2019. ... Der \u201eLinke Liedersommer\u201c hat traditionell das Verh\u00e4ltnis\u2026","rel":"","context":"In &quot;Kultur &amp; Kunst&quot;","block_context":{"text":"Kultur &amp; Kunst","link":"https:\/\/www.freidenker.org\/?cat=913"},"img":{"alt_text":"","src":"https:\/\/i0.wp.com\/www.freidenker.org\/fw17\/wp-content\/uploads\/2019\/05\/liliso_2013_800x445_v2.jpg?fit=800%2C447&ssl=1&resize=350%2C200","width":350,"height":200,"srcset":"https:\/\/i0.wp.com\/www.freidenker.org\/fw17\/wp-content\/uploads\/2019\/05\/liliso_2013_800x445_v2.jpg?fit=800%2C447&ssl=1&resize=350%2C200 1x, https:\/\/i0.wp.com\/www.freidenker.org\/fw17\/wp-content\/uploads\/2019\/05\/liliso_2013_800x445_v2.jpg?fit=800%2C447&ssl=1&resize=525%2C300 1.5x, https:\/\/i0.wp.com\/www.freidenker.org\/fw17\/wp-content\/uploads\/2019\/05\/liliso_2013_800x445_v2.jpg?fit=800%2C447&ssl=1&resize=700%2C400 2x"},"classes":[]},{"id":17542,"url":"https:\/\/www.freidenker.org\/?p=17542","url_meta":{"origin":22198,"position":5},"title":"\u201eWas ist rechts, was ist links?\u201c","author":"Webredaktion","date":"20. November 2023","format":false,"excerpt":"Vortrag von Klaus Hartmann Mitgeschnitten auf der Mitgliederversammlung des LV Rheinland-Pfalz\/Saarland des Deutschen Freidenker-Verbandes am 12.11.2023 in Idar-Oberstein. Gilt das alte Links heute als das neue Rechts? Woher stammte die Einteilung in \"rechts\" und \"links\" urspr\u00fcnglich? Ist das heute noch g\u00fcltig oder \u00fcberholt? Wie steht es mit den Behauptungen, man\u2026","rel":"","context":"In &quot;Demokratie \u2013 Medien \u2013 Aufkl\u00e4rung&quot;","block_context":{"text":"Demokratie \u2013 Medien \u2013 Aufkl\u00e4rung","link":"https:\/\/www.freidenker.org\/?cat=12"},"img":{"alt_text":"","src":"https:\/\/i0.wp.com\/www.freidenker.org\/fw17\/wp-content\/uploads\/2023\/11\/Hartmann_rechts_links_2023_v3_800x450.jpg?fit=800%2C450&ssl=1&resize=350%2C200","width":350,"height":200,"srcset":"https:\/\/i0.wp.com\/www.freidenker.org\/fw17\/wp-content\/uploads\/2023\/11\/Hartmann_rechts_links_2023_v3_800x450.jpg?fit=800%2C450&ssl=1&resize=350%2C200 1x, https:\/\/i0.wp.com\/www.freidenker.org\/fw17\/wp-content\/uploads\/2023\/11\/Hartmann_rechts_links_2023_v3_800x450.jpg?fit=800%2C450&ssl=1&resize=525%2C300 1.5x, https:\/\/i0.wp.com\/www.freidenker.org\/fw17\/wp-content\/uploads\/2023\/11\/Hartmann_rechts_links_2023_v3_800x450.jpg?fit=800%2C450&ssl=1&resize=700%2C400 2x"},"classes":[]}],"_links":{"self":[{"href":"https:\/\/www.freidenker.org\/index.php?rest_route=\/wp\/v2\/posts\/22198","targetHints":{"allow":["GET"]}}],"collection":[{"href":"https:\/\/www.freidenker.org\/index.php?rest_route=\/wp\/v2\/posts"}],"about":[{"href":"https:\/\/www.freidenker.org\/index.php?rest_route=\/wp\/v2\/types\/post"}],"author":[{"embeddable":true,"href":"https:\/\/www.freidenker.org\/index.php?rest_route=\/wp\/v2\/users\/3"}],"replies":[{"embeddable":true,"href":"https:\/\/www.freidenker.org\/index.php?rest_route=%2Fwp%2Fv2%2Fcomments&post=22198"}],"version-history":[{"count":11,"href":"https:\/\/www.freidenker.org\/index.php?rest_route=\/wp\/v2\/posts\/22198\/revisions"}],"predecessor-version":[{"id":22212,"href":"https:\/\/www.freidenker.org\/index.php?rest_route=\/wp\/v2\/posts\/22198\/revisions\/22212"}],"wp:featuredmedia":[{"embeddable":true,"href":"https:\/\/www.freidenker.org\/index.php?rest_route=\/wp\/v2\/media\/22206"}],"wp:attachment":[{"href":"https:\/\/www.freidenker.org\/index.php?rest_route=%2Fwp%2Fv2%2Fmedia&parent=22198"}],"wp:term":[{"taxonomy":"category","embeddable":true,"href":"https:\/\/www.freidenker.org\/index.php?rest_route=%2Fwp%2Fv2%2Fcategories&post=22198"},{"taxonomy":"post_tag","embeddable":true,"href":"https:\/\/www.freidenker.org\/index.php?rest_route=%2Fwp%2Fv2%2Ftags&post=22198"}],"curies":[{"name":"wp","href":"https:\/\/api.w.org\/{rel}","templated":true}]}}