{"id":22181,"date":"2025-06-25T19:12:37","date_gmt":"2025-06-25T17:12:37","guid":{"rendered":"https:\/\/www.freidenker.org\/?p=22181"},"modified":"2025-08-02T13:43:18","modified_gmt":"2025-08-02T11:43:18","slug":"freidenker-verband-zu-merz-aussage-drecksarbeit-direkter-bezug-zur-nazi-sprache","status":"publish","type":"post","link":"https:\/\/www.freidenker.org\/?p=22181","title":{"rendered":"Freidenker-Verband zu Merz-Aussage &#8222;Drecksarbeit&#8220;: Direkter Bezug zur Nazi-Sprache"},"content":{"rendered":"<p><strong>Bundeskanzler Friedrich Merz hat die j\u00fcngsten Angriffe Israels auf iranische Atomanlagen sowie die US-Intervention ausdr\u00fccklich verteidigt. Es gebe \u201ekeinen Grund\u201c, das Vorgehen zu kritisieren, sagte Merz. Bereits zuvor hatte er erkl\u00e4rt, Israel mache \u201edie Drecksarbeit f\u00fcr uns alle\u201c \u2013 eine Formulierung, die f\u00fcr scharfe Kritik sorgte.<\/strong><\/p>\n<p><em>Kurzinterviews von RT DE mit <strong>Sebastian Bahlo<\/strong> und <strong>Marion Schneider<\/strong><\/em><\/p>\n<p><span style=\"font-size: 10pt;\">Ver\u00f6ffentlicht am 24.06.2025 auf <a href=\"https:\/\/freedert.online\/kurzclips\/video\/248826-freidenker-verband-zu-merz-aussage\/\" target=\"_blank\" rel=\"noopener\">RT DE<\/a><\/span><\/p>\n<p>&nbsp;<\/p>\n<p>Der Deutsche Freidenkerverband und weitere Stimmen warfen Merz vor, mit seinen \u00c4u\u00dferungen nicht nur diplomatische Grundprinzipien zu missachten, sondern auch menschenverachtende Sprache zu verwenden.<\/p>\n<p>Autorin Marion Schneider sprach von einem Versto\u00df gegen Artikel 1 des Grundgesetzes und bezeichnete Merz als &#8222;unw\u00fcrdig, Kanzler zu sein&#8220;. Auch der Einfluss externer Interessen auf die deutsche Au\u00dfenpolitik wurde thematisiert.<\/p>\n<p><iframe id=\"odysee-iframe\" style=\"width: 100%; aspect-ratio: 16 \/ 9;\" src=\"https:\/\/odysee.com\/%24\/embed\/%40RTDE%3Ae%2FFreidenker-Verband-zu-Merz-Aussage--Drecksarbeit---Direkter-Bezug-zur-Nazi-Sprache%3A1?r=2PGDu24SjvW4Ux52GH5owuF7d9JYrcBx\" allowfullscreen=\"allowfullscreen\"><\/iframe><span style=\"font-size: 10pt;\">Direktlink zum Video auf odyssee.com: <a href=\"https:\/\/odysee.com\/@RTDE:e\/Freidenker-Verband-zu-Merz-Aussage--Drecksarbeit---Direkter-Bezug-zur-Nazi-Sprache:1\" target=\"_blank\" rel=\"noopener\">https:\/\/odysee.com\/@RTDE:e\/Freidenker-Verband-zu-Merz-Aussage&#8211;Drecksarbeit&#8212;Direkter-Bezug-zur-Nazi-Sprache:1<\/a><\/span><br \/>\n<span style=\"font-size: 10pt;\">Direktlink zum Video auf rumble.com: <a href=\"https:\/\/rumble.com\/v6v8oqt-freidenker-verband-zu-merz-aussage-drecksarbeit-hat-direkten-bezug-zur-nazi.html\" target=\"_blank\" rel=\"noopener\">https:\/\/rumble.com\/v6v8oqt-freidenker-verband-zu-merz-aussage-drecksarbeit-hat-direkten-bezug-zur-nazi.html<\/a><\/span><\/p>\n<p style=\"text-align: right;\"><em>Sebastian Bahlo ist Vorsitzender des Deutschen Freidenker-Verbandes<\/em><\/p>\n<p style=\"text-align: right;\"><em>Marion Schneider ist Vorsitzende der Gesellschaft zur F\u00f6rderung guten Lebens e.V., Unternehmerin und Autorin aus Th\u00fcringen<\/em><\/p>\n<p><span style=\"font-size: 10pt;\">Siehe zum Thema auch: <a href=\"https:\/\/www.freidenker.org\/?p=22209\">Strafanzeige gegen Bundeskanzler Friedrich Merz<\/a><\/span><\/p>\n<hr \/>\n<p><span style=\"font-size: 10pt;\">Bild oben: Screenshot aus dem Video von <a href=\"https:\/\/freedert.online\/kurzclips\/video\/248826-freidenker-verband-zu-merz-aussage\/\" target=\"_blank\" rel=\"noopener\">RT DE<\/a><\/span><\/p>\n","protected":false},"excerpt":{"rendered":"<p><b>Video-Kurzinterviews von RT DE mit Sebastian Bahlo und Marion Schneider<\/b><br \/>\nBundeskanzler Friedrich Merz hat die j\u00fcngsten Angriffe Israels auf iranische Atomanlagen sowie die US-Intervention ausdr\u00fccklich verteidigt. Es gebe \u201ekeinen Grund\u201c, das Vorgehen zu kritisieren, sagte Merz. Bereits zuvor hatte er erkl\u00e4rt, Israel mache \u201edie Drecksarbeit f\u00fcr uns alle\u201c \u2013 eine Formulierung, die f\u00fcr scharfe Kritik sorgte.<br \/>\nDer Deutsche Freidenkerverband und weitere Stimmen warfen Merz vor, mit seinen \u00c4u\u00dferungen nicht nur diplomatische Grundprinzipien zu missachten, sondern auch menschenverachtende Sprache zu verwenden.<br \/>\nAutorin Marion Schneider sprach von einem Versto\u00df gegen Artikel 1 des Grundgesetzes und bezeichnete Merz als &#8222;unw\u00fcrdig, Kanzler zu sein&#8220;. Auch der Einfluss externer Interessen auf die deutsche Au\u00dfenpolitik wurde thematisiert.<\/p>\n","protected":false},"author":3,"featured_media":22184,"comment_status":"closed","ping_status":"closed","sticky":false,"template":"","format":"standard","meta":{"colormag_page_container_layout":"default_layout","colormag_page_sidebar_layout":"default_layout","advanced_seo_description":"","jetpack_seo_html_title":"","jetpack_seo_noindex":false,"jetpack_post_was_ever_published":false,"footnotes":""},"categories":[12],"tags":[699,1463,27,1406,2489,844,660,393,2652,1955,464,2651],"class_list":["post-22181","post","type-post","status-publish","format-standard","has-post-thumbnail","hentry","category-demokratie-medien-aufklaerung","tag-aussenpolitik","tag-bundeskanzler","tag-deutscher-freidenker-verband","tag-diplomatie","tag-friedrich-merz","tag-grundgesetz","tag-iran","tag-israel","tag-menschenverachtung","tag-nahostkonflikt","tag-sprache","tag-toeten"],"jetpack_featured_media_url":"https:\/\/i0.wp.com\/www.freidenker.org\/fw17\/wp-content\/uploads\/2025\/06\/Bahlo_Interview_Drecksarbei_800x450t.jpg?fit=800%2C450&ssl=1","jetpack_shortlink":"https:\/\/wp.me\/p9stpK-5LL","jetpack-related-posts":[{"id":22209,"url":"https:\/\/www.freidenker.org\/?p=22209","url_meta":{"origin":22181,"position":0},"title":"Strafanzeige gegen Bundeskanzler Friedrich Merz","author":"Webredaktion","date":"25. Juni 2025","format":false,"excerpt":"Wortlaut der Strafanzeige von Dieter Hallervorden und anderen gegen Bundeskanzler Friedrich Merz Hiermit erstatten wir Unterzeichnenden Strafanzeige gegen den deutschen Bundeskanzler Friedrich Merz. Dieser hat u.a. gegen das deutsche Grundgesetz versto\u00dfen \u2013 insbesondere gegen Art. 9, 25 und 26. Herr Merz, der vor seiner T\u00e4tigkeit als Bundeskanzler Aufsichtsratsvorsitzender des weltgr\u00f6\u00dften\u2026","rel":"","context":"In &quot;Demokratie \u2013 Medien \u2013 Aufkl\u00e4rung&quot;","block_context":{"text":"Demokratie \u2013 Medien \u2013 Aufkl\u00e4rung","link":"https:\/\/www.freidenker.org\/?cat=12"},"img":{"alt_text":"","src":"https:\/\/i0.wp.com\/www.freidenker.org\/fw17\/wp-content\/uploads\/2025\/06\/Merz_Strafanzeige_800x450.jpg?fit=800%2C450&ssl=1&resize=350%2C200","width":350,"height":200,"srcset":"https:\/\/i0.wp.com\/www.freidenker.org\/fw17\/wp-content\/uploads\/2025\/06\/Merz_Strafanzeige_800x450.jpg?fit=800%2C450&ssl=1&resize=350%2C200 1x, https:\/\/i0.wp.com\/www.freidenker.org\/fw17\/wp-content\/uploads\/2025\/06\/Merz_Strafanzeige_800x450.jpg?fit=800%2C450&ssl=1&resize=525%2C300 1.5x, https:\/\/i0.wp.com\/www.freidenker.org\/fw17\/wp-content\/uploads\/2025\/06\/Merz_Strafanzeige_800x450.jpg?fit=800%2C450&ssl=1&resize=700%2C400 2x"},"classes":[]},{"id":22623,"url":"https:\/\/www.freidenker.org\/?p=22623","url_meta":{"origin":22181,"position":1},"title":"100 Tage Merz \u2013 Kanzlerschaft ohne Gewissen und Empathie","author":"Webredaktion","date":"21. August 2025","format":false,"excerpt":"Beitrag von Gert Ewen Ungar Die Bundesregierung ist inzwischen 100 Tage im Amt. Mit Ruhm bekleckert hat sie sich bisher nicht. Den gro\u00dfen wirtschaftspolitischen Ank\u00fcndigungen folgten keine Taten. Es herrscht weiter Stillstand in Deutschland. Die wirtschaftlichen Indikatoren weisen steil nach unten: Das produzierende Gewerbe klagt \u00fcber hohe Energiepreise und f\u00e4hrt\u2026","rel":"","context":"In &quot;Arbeit &amp; Soziales&quot;","block_context":{"text":"Arbeit &amp; Soziales","link":"https:\/\/www.freidenker.org\/?cat=11"},"img":{"alt_text":"","src":"https:\/\/i0.wp.com\/www.freidenker.org\/fw17\/wp-content\/uploads\/2025\/08\/Merz_2025-05-05_Unterzeichnung_Koalitionsvertrag_800x450.jpg?fit=800%2C450&ssl=1&resize=350%2C200","width":350,"height":200,"srcset":"https:\/\/i0.wp.com\/www.freidenker.org\/fw17\/wp-content\/uploads\/2025\/08\/Merz_2025-05-05_Unterzeichnung_Koalitionsvertrag_800x450.jpg?fit=800%2C450&ssl=1&resize=350%2C200 1x, https:\/\/i0.wp.com\/www.freidenker.org\/fw17\/wp-content\/uploads\/2025\/08\/Merz_2025-05-05_Unterzeichnung_Koalitionsvertrag_800x450.jpg?fit=800%2C450&ssl=1&resize=525%2C300 1.5x, https:\/\/i0.wp.com\/www.freidenker.org\/fw17\/wp-content\/uploads\/2025\/08\/Merz_2025-05-05_Unterzeichnung_Koalitionsvertrag_800x450.jpg?fit=800%2C450&ssl=1&resize=700%2C400 2x"},"classes":[]},{"id":22764,"url":"https:\/\/www.freidenker.org\/?p=22764","url_meta":{"origin":22181,"position":2},"title":"Bundeskanzler Merz, Putin und die Geografie","author":"Webredaktion","date":"7. September 2025","format":false,"excerpt":"Beitrag von Dagmar Henn Wom\u00f6glich l\u00f6st Bundeskanzler Friedrich Merz mit einer Aussage in seinem Interview mit dem franz\u00f6sischen Sender TF1 ganz andere Empfindungen aus, als er beabsichtigt. Denn neben seiner Betonung, er wolle wieder eine Wehrpflicht\u00a0\u2012 auch f\u00fcr Frauen \u2012, lieferte er auch noch eine eigenartige Begr\u00fcndung. So zitiert das\u2026","rel":"","context":"In &quot;Demokratie \u2013 Medien \u2013 Aufkl\u00e4rung&quot;","block_context":{"text":"Demokratie \u2013 Medien \u2013 Aufkl\u00e4rung","link":"https:\/\/www.freidenker.org\/?cat=12"},"img":{"alt_text":"","src":"https:\/\/i0.wp.com\/www.freidenker.org\/fw17\/wp-content\/uploads\/2025\/09\/Merz_Grenzen1937.jpg?fit=800%2C450&ssl=1&resize=350%2C200","width":350,"height":200,"srcset":"https:\/\/i0.wp.com\/www.freidenker.org\/fw17\/wp-content\/uploads\/2025\/09\/Merz_Grenzen1937.jpg?fit=800%2C450&ssl=1&resize=350%2C200 1x, https:\/\/i0.wp.com\/www.freidenker.org\/fw17\/wp-content\/uploads\/2025\/09\/Merz_Grenzen1937.jpg?fit=800%2C450&ssl=1&resize=525%2C300 1.5x, https:\/\/i0.wp.com\/www.freidenker.org\/fw17\/wp-content\/uploads\/2025\/09\/Merz_Grenzen1937.jpg?fit=800%2C450&ssl=1&resize=700%2C400 2x"},"classes":[]},{"id":23022,"url":"https:\/\/www.freidenker.org\/?p=23022","url_meta":{"origin":22181,"position":3},"title":"Milliarden f\u00fcr Russland \u2013 Reparationen f\u00fcr Verm\u00f6gen und Verbrechen","author":"Webredaktion","date":"5. Oktober 2025","format":false,"excerpt":"Beitrag von Uli Gellermann Der Drecksarbeit-Kanzler k\u00f6nnte sehr viel Geld brauchen: Wenn er mit seiner Kriegstreiberei so weitermacht, k\u00f6nnten die Russen ihre Geduld und die Nerven verlieren, und in diesem Fall wird Merz den F\u00fchrerbunker (liegt immer noch unter dem Holocaust-Denkmal in Berlin) dringend brauchen. Das historische Relikt aus dem\u2026","rel":"","context":"In &quot;Demokratie \u2013 Medien \u2013 Aufkl\u00e4rung&quot;","block_context":{"text":"Demokratie \u2013 Medien \u2013 Aufkl\u00e4rung","link":"https:\/\/www.freidenker.org\/?cat=12"},"img":{"alt_text":"","src":"https:\/\/i0.wp.com\/www.freidenker.org\/fw17\/wp-content\/uploads\/2025\/10\/Bundesarchiv_N_1603_Bild-126_Russland_bei_Sewastopol_Zerstoerungen_800x450.jpg?fit=800%2C450&ssl=1&resize=350%2C200","width":350,"height":200,"srcset":"https:\/\/i0.wp.com\/www.freidenker.org\/fw17\/wp-content\/uploads\/2025\/10\/Bundesarchiv_N_1603_Bild-126_Russland_bei_Sewastopol_Zerstoerungen_800x450.jpg?fit=800%2C450&ssl=1&resize=350%2C200 1x, https:\/\/i0.wp.com\/www.freidenker.org\/fw17\/wp-content\/uploads\/2025\/10\/Bundesarchiv_N_1603_Bild-126_Russland_bei_Sewastopol_Zerstoerungen_800x450.jpg?fit=800%2C450&ssl=1&resize=525%2C300 1.5x, https:\/\/i0.wp.com\/www.freidenker.org\/fw17\/wp-content\/uploads\/2025\/10\/Bundesarchiv_N_1603_Bild-126_Russland_bei_Sewastopol_Zerstoerungen_800x450.jpg?fit=800%2C450&ssl=1&resize=700%2C400 2x"},"classes":[]},{"id":21971,"url":"https:\/\/www.freidenker.org\/?p=21971","url_meta":{"origin":22181,"position":4},"title":"Kanzler Merz macht Druck auf EU, Nord Stream 1 zu sanktionieren.","author":"Webredaktion","date":"29. Mai 2025","format":false,"excerpt":"Beitrag von Rainer Rupp Da Merz den zuk\u00fcnftigen deutschen Regierungen nicht traut, die bisherige Sanktionspolitik zum \"Ruinieren Russlands\" durch den Selbstmord der deutschen Industrie fortzusetzen, will er zuk\u00fcnftigen deutschen Richtungs\u00e4nderungen zu vernunftbasierter Politik mit Hilfe der EU ein f\u00fcr alle Mal einen Riegel vorschieben. Das ideologische Ziel der EU\/NATO-Eliten, Russland\u2026","rel":"","context":"In &quot;Demokratie \u2013 Medien \u2013 Aufkl\u00e4rung&quot;","block_context":{"text":"Demokratie \u2013 Medien \u2013 Aufkl\u00e4rung","link":"https:\/\/www.freidenker.org\/?cat=12"},"img":{"alt_text":"","src":"https:\/\/i0.wp.com\/www.freidenker.org\/fw17\/wp-content\/uploads\/2025\/05\/2025-05-05_Koalitionsvertrag_Friedrich_Merz_800x450.jpg?fit=800%2C450&ssl=1&resize=350%2C200","width":350,"height":200,"srcset":"https:\/\/i0.wp.com\/www.freidenker.org\/fw17\/wp-content\/uploads\/2025\/05\/2025-05-05_Koalitionsvertrag_Friedrich_Merz_800x450.jpg?fit=800%2C450&ssl=1&resize=350%2C200 1x, https:\/\/i0.wp.com\/www.freidenker.org\/fw17\/wp-content\/uploads\/2025\/05\/2025-05-05_Koalitionsvertrag_Friedrich_Merz_800x450.jpg?fit=800%2C450&ssl=1&resize=525%2C300 1.5x, https:\/\/i0.wp.com\/www.freidenker.org\/fw17\/wp-content\/uploads\/2025\/05\/2025-05-05_Koalitionsvertrag_Friedrich_Merz_800x450.jpg?fit=800%2C450&ssl=1&resize=700%2C400 2x"},"classes":[]},{"id":23931,"url":"https:\/\/www.freidenker.org\/?p=23931","url_meta":{"origin":22181,"position":5},"title":"EU-Gipfel: Der Kanzler ist nackt","author":"Webredaktion","date":"22. Dezember 2025","format":false,"excerpt":"Beitrag von Gert Ewen Ungar Die EU ist mit ihrem Vorhaben, das eingefrorene russische Verm\u00f6gen zu stehlen, am Widerstand einiger ihrer Mitgliedstaaten gescheitert. Auch der Plan B, eine gemeinschaftliche Schuldenaufnahme der EU-Staaten zugunsten der Ukraine, ist aufgrund der Verweigerung dreier L\u00e4nder gescheitert. Das Risiko teilen sich die verbliebenen 24 Staaten\u2026","rel":"","context":"In &quot;Demokratie \u2013 Medien \u2013 Aufkl\u00e4rung&quot;","block_context":{"text":"Demokratie \u2013 Medien \u2013 Aufkl\u00e4rung","link":"https:\/\/www.freidenker.org\/?cat=12"},"img":{"alt_text":"","src":"https:\/\/i0.wp.com\/www.freidenker.org\/fw17\/wp-content\/uploads\/2025\/12\/Friedrich_Merz_to_the_European_Commission_-_2025_800x450.jpg?fit=800%2C450&ssl=1&resize=350%2C200","width":350,"height":200,"srcset":"https:\/\/i0.wp.com\/www.freidenker.org\/fw17\/wp-content\/uploads\/2025\/12\/Friedrich_Merz_to_the_European_Commission_-_2025_800x450.jpg?fit=800%2C450&ssl=1&resize=350%2C200 1x, https:\/\/i0.wp.com\/www.freidenker.org\/fw17\/wp-content\/uploads\/2025\/12\/Friedrich_Merz_to_the_European_Commission_-_2025_800x450.jpg?fit=800%2C450&ssl=1&resize=525%2C300 1.5x, https:\/\/i0.wp.com\/www.freidenker.org\/fw17\/wp-content\/uploads\/2025\/12\/Friedrich_Merz_to_the_European_Commission_-_2025_800x450.jpg?fit=800%2C450&ssl=1&resize=700%2C400 2x"},"classes":[]}],"_links":{"self":[{"href":"https:\/\/www.freidenker.org\/index.php?rest_route=\/wp\/v2\/posts\/22181","targetHints":{"allow":["GET"]}}],"collection":[{"href":"https:\/\/www.freidenker.org\/index.php?rest_route=\/wp\/v2\/posts"}],"about":[{"href":"https:\/\/www.freidenker.org\/index.php?rest_route=\/wp\/v2\/types\/post"}],"author":[{"embeddable":true,"href":"https:\/\/www.freidenker.org\/index.php?rest_route=\/wp\/v2\/users\/3"}],"replies":[{"embeddable":true,"href":"https:\/\/www.freidenker.org\/index.php?rest_route=%2Fwp%2Fv2%2Fcomments&post=22181"}],"version-history":[{"count":5,"href":"https:\/\/www.freidenker.org\/index.php?rest_route=\/wp\/v2\/posts\/22181\/revisions"}],"predecessor-version":[{"id":22216,"href":"https:\/\/www.freidenker.org\/index.php?rest_route=\/wp\/v2\/posts\/22181\/revisions\/22216"}],"wp:featuredmedia":[{"embeddable":true,"href":"https:\/\/www.freidenker.org\/index.php?rest_route=\/wp\/v2\/media\/22184"}],"wp:attachment":[{"href":"https:\/\/www.freidenker.org\/index.php?rest_route=%2Fwp%2Fv2%2Fmedia&parent=22181"}],"wp:term":[{"taxonomy":"category","embeddable":true,"href":"https:\/\/www.freidenker.org\/index.php?rest_route=%2Fwp%2Fv2%2Fcategories&post=22181"},{"taxonomy":"post_tag","embeddable":true,"href":"https:\/\/www.freidenker.org\/index.php?rest_route=%2Fwp%2Fv2%2Ftags&post=22181"}],"curies":[{"name":"wp","href":"https:\/\/api.w.org\/{rel}","templated":true}]}}