{"id":22162,"date":"2025-06-25T19:11:52","date_gmt":"2025-06-25T17:11:52","guid":{"rendered":"https:\/\/www.freidenker.org\/?p=22162"},"modified":"2025-08-02T13:42:51","modified_gmt":"2025-08-02T11:42:51","slug":"dieter-hallervorden-zu-nahost-und-gaza-video","status":"publish","type":"post","link":"https:\/\/www.freidenker.org\/?p=22162","title":{"rendered":"Dieter Hallervorden zu &#8222;Nahost und Gaza Video&#8220;"},"content":{"rendered":"<div class=\"field field-name-field-description field-type-text-long field-label-hidden\">\n<div class=\"field-items\">\n<div class=\"field-item even\">\n<p><em>Vor \u00fcber einem Jahr, im April 2024, hatte Diether Dehm, Mitglied des Deutschen Freidenkerverbandes und seines Beirats, mit und f\u00fcr Dieter Hallervorden das Gedicht &#8222;GAZA GAZA&#8220; geschrieben und als Video ver\u00f6ffentlicht (siehe <a href=\"https:\/\/www.freidenker.org\/?p=18813\">https:\/\/www.freidenker.org\/?p=18813<\/a>). Darin hatte sich <span class=\"yt-core-attributed-string--link-inherit-color\">Dieter Hallervorden <\/span><span class=\"yt-core-attributed-string--link-inherit-color\">in feinsinniger Lyrik, aber deutlich auf die Seite der im <\/span><span class=\"yt-core-attributed-string--link-inherit-color\">Gazastreifen<\/span><span class=\"yt-core-attributed-string--link-inherit-color\"> bombardierten Menschen gestellt. Das Video zeigte harte Bilder mit einem sensiblen Lied, nicht nur f\u00fcr die pal\u00e4stinensischen Menschen, sondern auch f\u00fcr eine friedliche Zukunft Israels.<\/span><\/em><\/p>\n<p><em>Das neue Video enth\u00e4lt einen fiktiven Dialog von Dieter Hallervorden mit einem Avatar \u00fcber den Massenmord in Gaza damals und heute. Dabei ist der Vortrag des Gedichtes von 2024 noch einmal in voller L\u00e4nge enthalten. Hallervordens Res\u00fcmee: Seit dem Video von damals ist alles noch bestialischer geworden.<\/em><\/p>\n<p style=\"text-align: right;\"><em>Webredaktion<\/em><\/p>\n<hr \/>\n<p><em>Video von <strong>Dieter Hallervorden<\/strong><\/em><\/p>\n<p><span style=\"font-size: 10pt;\">ver\u00f6ffentlicht am 15.06.2025 von <a href=\"https:\/\/weltnetz.tv\/video\/3227-dieter-hallervorden-zu-nahost-und-gaza-video\" target=\"_blank\" rel=\"noopener\">weltnetz.tv<\/a><\/span><\/p>\n<p>Als ich nachfolgenden Dialog mit einem Avatar \u00fcber den #Massenmord in Gaza aufgezeichnet habe, hatte die Atommacht #Israel noch nicht Atomanlagen und Wohnh\u00e4user im #Iran zerbombt.<\/p>\n<\/div>\n<\/div>\n<\/div>\n<div class=\"field field-name-body field-type-text-with-summary field-label-hidden\">\n<div class=\"field-items\">\n<div class=\"field-item even\">\n<p>Nun sind viele Zivilisten verbrannt. Und die Nuklear-Anreicherung in Natanz ist atomar verseucht. Es soll bereits Strahlung aus den Lecks ausgetreten sein. Das kann bis nach Deutschland zur heimt\u00fcckischen Bedrohung werden. Nur: im Unterschied zu Tschernobyl werden im Iran Arbeiter von dringend notwendigen Reparatur-Arbeiten durch neue israelische Luftangriffe abgehalten.<\/p>\n<p>Aber schon s\u00e4useln Sch\u00f6n-Redner aus Medien und Politik, Israels Terrorismus \u201esei geboten\u201c. So Selenski-Freund und CDU-Scharfmacher Kiesewetter, der sogar fordert, \u201edie Bundeswehr an einer Schutzkoalition f\u00fcr Israel zu beteiligen\u201c. F\u00fcr mich ist das Propaganda f\u00fcr einen Angriffskrieg, also ein klarer Versto\u00df gegen Artikel 26 des Grundgesetzes. Herr Kiesewetter geh\u00f6rt hinter Gitter.<\/p>\n<p>Das Leid in Gaza sollte hingegen \u00fcber dem v\u00f6lkerrechtswidrigen Angriffskrieg Israels nicht in den Hintergrund treten; darum noch einmal das nachfolgende Video:<\/p>\n<div class=\"jetpack-video-wrapper\"><span class=\"embed-youtube\" style=\"text-align:center; display: block;\"><iframe loading=\"lazy\" class=\"youtube-player\" width=\"800\" height=\"450\" src=\"https:\/\/www.youtube.com\/embed\/UpfWeTblFas?version=3&#038;rel=1&#038;showsearch=0&#038;showinfo=1&#038;iv_load_policy=1&#038;fs=1&#038;hl=de-DE&#038;autohide=2&#038;wmode=transparent\" allowfullscreen=\"true\" style=\"border:0;\" sandbox=\"allow-scripts allow-same-origin allow-popups allow-presentation allow-popups-to-escape-sandbox\"><\/iframe><\/span><\/div>\n<p><span style=\"font-size: 10pt;\">Direktlink zum Video auf YouTube: <a href=\"https:\/\/www.youtube.com\/watch?v=UpfWeTblFas\" target=\"_blank\" rel=\"noopener\">https:\/\/www.youtube.com\/watch?v=UpfWeTblFas<\/a><\/span><\/p>\n<hr \/>\n<p><span style=\"font-size: 10pt;\">Bild oben: Ausschnitt aus dem Thumbnail des Videos von <a href=\"https:\/\/weltnetz.tv\/video\/3227-dieter-hallervorden-zu-nahost-und-gaza-video\" target=\"_blank\" rel=\"noopener\">weltnetz.tv<\/a><\/span><\/p>\n<\/div>\n<\/div>\n<\/div>\n","protected":false},"excerpt":{"rendered":"<p><b>Video von Dieter Hallervorden<\/b><br \/>\nVor \u00fcber einem Jahr, im April 2024, hatte Diether Dehm, Mitglied des Deutschen Freidenkerverbandes und seines Beirats, mit und f\u00fcr Dieter Hallervorden das Gedicht &#8222;GAZA GAZA&#8220; geschrieben und als Video ver\u00f6ffentlicht. Darin hatte sich Dieter Hallervorden in feinsinniger Lyrik, aber deutlich auf die Seite der im Gazastreifen bombardierten Menschen gestellt. Das Video zeigte harte Bilder mit einem sensiblen Lied, nicht nur f\u00fcr die pal\u00e4stinensischen Menschen, sondern auch f\u00fcr eine friedliche Zukunft Israels. Das neue Video enth\u00e4lt einen fiktiven Dialog von Dieter Hallervorden mit einem Avatar \u00fcber den Massenmord in Gaza damals und heute. Dabei ist der Vortrag des Gedichtes von 2024 noch einmal in voller L\u00e4nge enthalten. Hallervordens Res\u00fcmee: Seit dem Video von damals ist alles noch bestialischer geworden.<\/p>\n","protected":false},"author":3,"featured_media":22186,"comment_status":"closed","ping_status":"closed","sticky":false,"template":"","format":"standard","meta":{"colormag_page_container_layout":"default_layout","colormag_page_sidebar_layout":"default_layout","advanced_seo_description":"","jetpack_seo_html_title":"","jetpack_seo_noindex":false,"jetpack_post_was_ever_published":false,"footnotes":""},"categories":[13,913],"tags":[1172,393,188,407,1757,939,1955,394,1673,1931],"class_list":["post-22162","post","type-post","status-publish","format-standard","has-post-thumbnail","hentry","category-frieden-antifaschismus-solidaritaet","category-kultur-kunst","tag-gaza","tag-israel","tag-krieg","tag-kunst","tag-lyrik","tag-musik","tag-nahostkonflikt","tag-palaestina","tag-video","tag-voelkermord"],"jetpack_featured_media_url":"https:\/\/i0.wp.com\/www.freidenker.org\/fw17\/wp-content\/uploads\/2025\/06\/Hallervorden_Gaza-Video_ausschnitt_800x450.jpg?fit=800%2C450&ssl=1","jetpack_shortlink":"https:\/\/wp.me\/p9stpK-5Ls","jetpack-related-posts":[{"id":18813,"url":"https:\/\/www.freidenker.org\/?p=18813","url_meta":{"origin":22162,"position":0},"title":"Dieter Hallervorden: GAZA GAZA","author":"Webredaktion","date":"18. April 2024","format":false,"excerpt":"Dr. Diether Dehm, Mitglied des Deutschen Freidenkerverbandes und seines Beirats, hat mit und f\u00fcr Dieter Hallervorden ein Gedicht geschrieben: GAZA GAZA. Einleitend zu dem Video hei\u00dft es: Der wohl ber\u00fchmteste Darsteller und Theatermann Deutschlands, Dieter #Hallervorden , hat sich unerwartet deutlich, wenn auch in feinsinniger Lyrik, auf die Seite der\u2026","rel":"","context":"In &quot;Frieden - Antifaschismus - Solidarit\u00e4t&quot;","block_context":{"text":"Frieden - Antifaschismus - Solidarit\u00e4t","link":"https:\/\/www.freidenker.org\/?cat=13"},"img":{"alt_text":"","src":"https:\/\/i0.wp.com\/www.freidenker.org\/fw17\/wp-content\/uploads\/2024\/04\/Hallervorden_Gaza_Gaza_2_800x450.jpg?fit=800%2C450&ssl=1&resize=350%2C200","width":350,"height":200,"srcset":"https:\/\/i0.wp.com\/www.freidenker.org\/fw17\/wp-content\/uploads\/2024\/04\/Hallervorden_Gaza_Gaza_2_800x450.jpg?fit=800%2C450&ssl=1&resize=350%2C200 1x, https:\/\/i0.wp.com\/www.freidenker.org\/fw17\/wp-content\/uploads\/2024\/04\/Hallervorden_Gaza_Gaza_2_800x450.jpg?fit=800%2C450&ssl=1&resize=525%2C300 1.5x, https:\/\/i0.wp.com\/www.freidenker.org\/fw17\/wp-content\/uploads\/2024\/04\/Hallervorden_Gaza_Gaza_2_800x450.jpg?fit=800%2C450&ssl=1&resize=700%2C400 2x"},"classes":[]},{"id":18874,"url":"https:\/\/www.freidenker.org\/?p=18874","url_meta":{"origin":22162,"position":1},"title":"\u00bbDas mit dem Apartheid-Regime in Israel ist beileibe nicht Hallervordens Erfindung\u00ab","author":"Webredaktion","date":"29. April 2024","format":false,"excerpt":"Mit dem Gedicht \u00bbGaza Gaza\u00ab traf Dieter Hallervorden einen Nerv \u2013 viele loben ihn f\u00fcr diesen mutigen Auftritt. Andere verdammen ihn daf\u00fcr. Wie geht er damit um? Roberto De Lapuente hat mit Diether Dehm gesprochen, der das Gedicht f\u00fcr Hallervorden geschrieben hat. De Lapuente: Herr Dehm, Sie haben k\u00fcrzlich das\u2026","rel":"","context":"In &quot;Demokratie \u2013 Medien \u2013 Aufkl\u00e4rung&quot;","block_context":{"text":"Demokratie \u2013 Medien \u2013 Aufkl\u00e4rung","link":"https:\/\/www.freidenker.org\/?cat=12"},"img":{"alt_text":"","src":"https:\/\/i0.wp.com\/www.freidenker.org\/fw17\/wp-content\/uploads\/2024\/04\/AV0A6429_Dieter_Hallervorden_800x450.jpg?fit=800%2C450&ssl=1&resize=350%2C200","width":350,"height":200,"srcset":"https:\/\/i0.wp.com\/www.freidenker.org\/fw17\/wp-content\/uploads\/2024\/04\/AV0A6429_Dieter_Hallervorden_800x450.jpg?fit=800%2C450&ssl=1&resize=350%2C200 1x, https:\/\/i0.wp.com\/www.freidenker.org\/fw17\/wp-content\/uploads\/2024\/04\/AV0A6429_Dieter_Hallervorden_800x450.jpg?fit=800%2C450&ssl=1&resize=525%2C300 1.5x, https:\/\/i0.wp.com\/www.freidenker.org\/fw17\/wp-content\/uploads\/2024\/04\/AV0A6429_Dieter_Hallervorden_800x450.jpg?fit=800%2C450&ssl=1&resize=700%2C400 2x"},"classes":[]},{"id":8861,"url":"https:\/\/www.freidenker.org\/?p=8861","url_meta":{"origin":22162,"position":2},"title":"Dieter Hallervorden: Kultur-Lockdown? Das lassen wir uns nicht gefallen!","author":"Webredaktion","date":"29. Oktober 2020","format":false,"excerpt":"Kultur macht gesund - 5 Finger kann man leicht brechen, aber wir sind eine geballte Faust Der allseits bekannte Dieter Hallervorden arbeitet regelm\u00e4\u00dfig mit dem Freidenker-Beiratsmitglied Dr. Diether Dehm zusammen (Siehe sein Lied \"Corona Song\" https:\/\/www.freidenker.org\/?p=8735). Dieter sprach auf der Kundgebung der Demonstration am 28.10.2020 in Berlin \"Alarmstufe Rot\", veranstaltet\u2026","rel":"","context":"In &quot;Arbeit &amp; Soziales&quot;","block_context":{"text":"Arbeit &amp; Soziales","link":"https:\/\/www.freidenker.org\/?cat=11"},"img":{"alt_text":"","src":"https:\/\/i0.wp.com\/www.freidenker.org\/fw17\/wp-content\/uploads\/2020\/10\/Hallervorden_Alarmstufe_Rot_800x450.jpg?fit=800%2C450&ssl=1&resize=350%2C200","width":350,"height":200,"srcset":"https:\/\/i0.wp.com\/www.freidenker.org\/fw17\/wp-content\/uploads\/2020\/10\/Hallervorden_Alarmstufe_Rot_800x450.jpg?fit=800%2C450&ssl=1&resize=350%2C200 1x, https:\/\/i0.wp.com\/www.freidenker.org\/fw17\/wp-content\/uploads\/2020\/10\/Hallervorden_Alarmstufe_Rot_800x450.jpg?fit=800%2C450&ssl=1&resize=525%2C300 1.5x, https:\/\/i0.wp.com\/www.freidenker.org\/fw17\/wp-content\/uploads\/2020\/10\/Hallervorden_Alarmstufe_Rot_800x450.jpg?fit=800%2C450&ssl=1&resize=700%2C400 2x"},"classes":[]},{"id":8735,"url":"https:\/\/www.freidenker.org\/?p=8735","url_meta":{"origin":22162,"position":3},"title":"Corona Song von Dieter Hallervorden","author":"Webredaktion","date":"27. September 2020","format":false,"excerpt":"Dieter Hallervorden: Ich bin daf\u00fcr bekannt, Flagge zu zeigen: satirisch, augenzwinkernd, humoristisch aber dennoch ernsthaft. Zum Wochenende kommt hier als Bonbon mein brandneuer Corona-Song! Text: Diether Dehm \/ Dieter Hallervorden Musik: Diether Dehm \/ Michael Letz","rel":"","context":"In &quot;Arbeit &amp; Soziales&quot;","block_context":{"text":"Arbeit &amp; Soziales","link":"https:\/\/www.freidenker.org\/?cat=11"},"img":{"alt_text":"","src":"https:\/\/i0.wp.com\/www.freidenker.org\/fw17\/wp-content\/uploads\/2020\/09\/hallervorden_corona_800x450.jpg?fit=800%2C450&ssl=1&resize=350%2C200","width":350,"height":200,"srcset":"https:\/\/i0.wp.com\/www.freidenker.org\/fw17\/wp-content\/uploads\/2020\/09\/hallervorden_corona_800x450.jpg?fit=800%2C450&ssl=1&resize=350%2C200 1x, https:\/\/i0.wp.com\/www.freidenker.org\/fw17\/wp-content\/uploads\/2020\/09\/hallervorden_corona_800x450.jpg?fit=800%2C450&ssl=1&resize=525%2C300 1.5x, https:\/\/i0.wp.com\/www.freidenker.org\/fw17\/wp-content\/uploads\/2020\/09\/hallervorden_corona_800x450.jpg?fit=800%2C450&ssl=1&resize=700%2C400 2x"},"classes":[]},{"id":22209,"url":"https:\/\/www.freidenker.org\/?p=22209","url_meta":{"origin":22162,"position":4},"title":"Strafanzeige gegen Bundeskanzler Friedrich Merz","author":"Webredaktion","date":"25. Juni 2025","format":false,"excerpt":"Wortlaut der Strafanzeige von Dieter Hallervorden und anderen gegen Bundeskanzler Friedrich Merz Hiermit erstatten wir Unterzeichnenden Strafanzeige gegen den deutschen Bundeskanzler Friedrich Merz. Dieser hat u.a. gegen das deutsche Grundgesetz versto\u00dfen \u2013 insbesondere gegen Art. 9, 25 und 26. Herr Merz, der vor seiner T\u00e4tigkeit als Bundeskanzler Aufsichtsratsvorsitzender des weltgr\u00f6\u00dften\u2026","rel":"","context":"In &quot;Demokratie \u2013 Medien \u2013 Aufkl\u00e4rung&quot;","block_context":{"text":"Demokratie \u2013 Medien \u2013 Aufkl\u00e4rung","link":"https:\/\/www.freidenker.org\/?cat=12"},"img":{"alt_text":"","src":"https:\/\/i0.wp.com\/www.freidenker.org\/fw17\/wp-content\/uploads\/2025\/06\/Merz_Strafanzeige_800x450.jpg?fit=800%2C450&ssl=1&resize=350%2C200","width":350,"height":200,"srcset":"https:\/\/i0.wp.com\/www.freidenker.org\/fw17\/wp-content\/uploads\/2025\/06\/Merz_Strafanzeige_800x450.jpg?fit=800%2C450&ssl=1&resize=350%2C200 1x, https:\/\/i0.wp.com\/www.freidenker.org\/fw17\/wp-content\/uploads\/2025\/06\/Merz_Strafanzeige_800x450.jpg?fit=800%2C450&ssl=1&resize=525%2C300 1.5x, https:\/\/i0.wp.com\/www.freidenker.org\/fw17\/wp-content\/uploads\/2025\/06\/Merz_Strafanzeige_800x450.jpg?fit=800%2C450&ssl=1&resize=700%2C400 2x"},"classes":[]},{"id":11254,"url":"https:\/\/www.freidenker.org\/?p=11254","url_meta":{"origin":22162,"position":5},"title":"Hofschranze des EU-Imperialismus","author":"Webredaktion","date":"28. September 2021","format":false,"excerpt":"Beitrag von Diether Dehm In dieser Woche erreichte mich eine Anfrage der Redaktion von \"ZDF Magazin Royale\": Man sei im Zuge einer Recherche \"an Informationen dar\u00fcber gelangt\", dass meine Facebookseite bei der Bewerbung einiger Wahlkampf-Posts auch Nutzer mit den Interessen \"RT\u201d, \u201cKenFM\u201d oder \u201cWladimir Wladimirowitsch Putin\" adressiere. Dar\u00fcber verlangte ein\u2026","rel":"","context":"In &quot;Zeit der Verleumder - Freidenker f\u00fcr Klartext&quot;","block_context":{"text":"Zeit der Verleumder - Freidenker f\u00fcr Klartext","link":"https:\/\/www.freidenker.org\/?cat=937"},"img":{"alt_text":"","src":"https:\/\/i0.wp.com\/www.freidenker.org\/fw17\/wp-content\/uploads\/2021\/09\/klartext_boehmermann_faksimile_800x450.jpg?fit=800%2C450&ssl=1&resize=350%2C200","width":350,"height":200,"srcset":"https:\/\/i0.wp.com\/www.freidenker.org\/fw17\/wp-content\/uploads\/2021\/09\/klartext_boehmermann_faksimile_800x450.jpg?fit=800%2C450&ssl=1&resize=350%2C200 1x, https:\/\/i0.wp.com\/www.freidenker.org\/fw17\/wp-content\/uploads\/2021\/09\/klartext_boehmermann_faksimile_800x450.jpg?fit=800%2C450&ssl=1&resize=525%2C300 1.5x, https:\/\/i0.wp.com\/www.freidenker.org\/fw17\/wp-content\/uploads\/2021\/09\/klartext_boehmermann_faksimile_800x450.jpg?fit=800%2C450&ssl=1&resize=700%2C400 2x"},"classes":[]}],"_links":{"self":[{"href":"https:\/\/www.freidenker.org\/index.php?rest_route=\/wp\/v2\/posts\/22162","targetHints":{"allow":["GET"]}}],"collection":[{"href":"https:\/\/www.freidenker.org\/index.php?rest_route=\/wp\/v2\/posts"}],"about":[{"href":"https:\/\/www.freidenker.org\/index.php?rest_route=\/wp\/v2\/types\/post"}],"author":[{"embeddable":true,"href":"https:\/\/www.freidenker.org\/index.php?rest_route=\/wp\/v2\/users\/3"}],"replies":[{"embeddable":true,"href":"https:\/\/www.freidenker.org\/index.php?rest_route=%2Fwp%2Fv2%2Fcomments&post=22162"}],"version-history":[{"count":3,"href":"https:\/\/www.freidenker.org\/index.php?rest_route=\/wp\/v2\/posts\/22162\/revisions"}],"predecessor-version":[{"id":22197,"href":"https:\/\/www.freidenker.org\/index.php?rest_route=\/wp\/v2\/posts\/22162\/revisions\/22197"}],"wp:featuredmedia":[{"embeddable":true,"href":"https:\/\/www.freidenker.org\/index.php?rest_route=\/wp\/v2\/media\/22186"}],"wp:attachment":[{"href":"https:\/\/www.freidenker.org\/index.php?rest_route=%2Fwp%2Fv2%2Fmedia&parent=22162"}],"wp:term":[{"taxonomy":"category","embeddable":true,"href":"https:\/\/www.freidenker.org\/index.php?rest_route=%2Fwp%2Fv2%2Fcategories&post=22162"},{"taxonomy":"post_tag","embeddable":true,"href":"https:\/\/www.freidenker.org\/index.php?rest_route=%2Fwp%2Fv2%2Ftags&post=22162"}],"curies":[{"name":"wp","href":"https:\/\/api.w.org\/{rel}","templated":true}]}}