{"id":22155,"date":"2025-06-20T04:04:09","date_gmt":"2025-06-20T02:04:09","guid":{"rendered":"https:\/\/www.freidenker.org\/?p=22155"},"modified":"2025-08-02T13:41:36","modified_gmt":"2025-08-02T11:41:36","slug":"zehn-jahre-friedensbruecke-e-v-bundesrepublik-kriminalisiert-humanitaere-hilfe-als-terrorunterstuetzung","status":"publish","type":"post","link":"https:\/\/www.freidenker.org\/?p=22155","title":{"rendered":"Zehn Jahre Friedensbr\u00fccke e.V.: &#8222;Bundesrepublik kriminalisiert humanit\u00e4re Hilfe als Terrorunterst\u00fctzung&#8220;"},"content":{"rendered":"<p><strong>Der deutsche Verein \u201eFriedensbr\u00fccke \u2013 Kriegsopferhilfe\u201c feierte am 18. Juni 2025 sein zehnj\u00e4hriges Bestehen. Die Organisation unterst\u00fctzt Opfer bewaffneter Konflikte in verschiedenen L\u00e4ndern \u2013 darunter auch in den Volksrepubliken Donezk und Lugansk.<\/strong><\/p>\n<p><em>Video-Interview von <strong>Iwan Poljanskij <\/strong>mit <strong>Liane Kilinc<\/strong><\/em><\/p>\n<p><span style=\"font-size: 10pt;\">Ver\u00f6ffentlicht am 18.06.2025 auf <a href=\"https:\/\/freedert.online\/kurzclips\/video\/248275-zehn-jahre-friedensbruecke-ev-bundesrepublik\/\" target=\"_blank\" rel=\"noopener\">RT DE<\/a>\u00a0<\/span><\/p>\n<p>Die Vorsitzende des Vereins, Liane Kilinc, sprach im Interview mit <em>RT DE<\/em>-Korrespondent Iwan Poljanskij \u00fcber die Arbeit des Vereins und die schwierigen Herausforderungen, denen sich die &#8222;Friedensbr\u00fccke&#8220; dabei stellen muss.<\/p>\n<p>Vereinsvorsitzende Liane Kilinc berichtete im Interview von \u00fcber 800 Hilfsprojekten, etwa Kindererholungsma\u00dfnahmen, Grundversorgungseinrichtungen und Rehabilitationshilfen. Einige Aktionen fanden unter Beschuss statt \u2013 laut Kilinc auch unter OSZE-Beobachtung. Sie wirft deutschen Beh\u00f6rden vor, humanit\u00e4re Hilfe nun r\u00fcckwirkend zu kriminalisieren.<\/p>\n<p>Hintergrund ist ein Beschluss des Bundesgerichtshofs, wonach die Unterst\u00fctzung von Organisationen in den Volksrepubliken als Terrorunterst\u00fctzung nach \u00a7\u202f129b StGB verfolgt wird. Kilinc spricht von einem Versuch, friedenspolitische Stimmen in Deutschland zum Schweigen zu bringen.<\/p>\n<p><iframe id=\"odysee-iframe\" style=\"width: 100%; aspect-ratio: 16 \/ 9;\" src=\"https:\/\/odysee.com\/%24\/embed\/%40RTDE%3Ae%2FZehn-Jahre-Friedensbr%C3%BCcke-e.V.---Bundesrepublik-kriminalisiert-humanit%C3%A4re-Hilfe-als-Terrorunterst%C3%BCtzung-%3A6?r=2PGDu24SjvW4Ux52GH5owuF7d9JYrcBx\" allowfullscreen=\"allowfullscreen\"><\/iframe><span style=\"font-size: 10pt;\">Direktlink zum Video auf odyssee.com: <a href=\"https:\/\/odysee.com\/@RTDE:e\/Zehn-Jahre-Friedensbr%C3%BCcke-e.V.---Bundesrepublik-kriminalisiert-humanit%C3%A4re-Hilfe-als-Terrorunterst%C3%BCtzung-:6\" target=\"_blank\" rel=\"noopener\">https:\/\/odysee.com\/@RTDE:e\/Zehn-Jahre-Friedensbr%C3%BCcke-e.V.&#8212;Bundesrepublik-kriminalisiert-humanit%C3%A4re-Hilfe-als-Terrorunterst%C3%BCtzung-:6<\/a><br \/>\n<\/span><span style=\"font-size: 10pt;\">bzw. auf rumble.com: <a href=\"https:\/\/rumble.com\/v6uzfl9-zehn-jahre-friedensbrcke-e.v.-brd-kriminalisiert-humanitre-hilfe-als-terror.html\" target=\"_blank\" rel=\"noopener\">https:\/\/rumble.com\/v6uzfl9-zehn-jahre-friedensbrcke-e.v.-brd-kriminalisiert-humanitre-hilfe-als-terror.html<\/a><\/span><\/p>\n<p>&nbsp;<\/p>\n<p style=\"text-align: right;\"><em>Liane Kilinc ist Vorsitzende des Vereins \u201eFriedensbr\u00fccke-Kriegsopferhilfe e.V.\u201c und Mitglied des Deutschen Freidenker-Verbandes<\/em><\/p>\n<hr \/>\n<p><span style=\"font-size: 10pt;\">Bild oben: Screenshot aus dem Video von <a href=\"https:\/\/freedert.online\/kurzclips\/video\/248275-zehn-jahre-friedensbruecke-ev-bundesrepublik\/\" target=\"_blank\" rel=\"noopener\">RT DE<\/a><\/span><\/p>\n<p>&nbsp;<\/p>\n","protected":false},"excerpt":{"rendered":"<p><b>Video-Interview von Iwan Poljanskij mit Liane Kilinc<\/b><br \/>\nDer deutsche Verein \u201eFriedensbr\u00fccke \u2013 Kriegsopferhilfe\u201c feierte am 18. Juni 2025 sein zehnj\u00e4hriges Bestehen. Die Organisation unterst\u00fctzt Opfer bewaffneter Konflikte in verschiedenen L\u00e4ndern \u2013 darunter auch in den Volksrepubliken Donezk und Lugansk. Die Vorsitzende des Vereins, Liane Kilinc, sprach im Interview mit RT DE-Korrespondent Iwan Poljanskij \u00fcber die Arbeit des Vereins und die schwierigen Herausforderungen, denen sich die &#8222;Friedensbr\u00fccke&#8220; dabei stellen muss. Vereinsvorsitzende Liane Kilinc berichtete im Interview von \u00fcber 800 Hilfsprojekten, etwa Kindererholungsma\u00dfnahmen, Grundversorgungseinrichtungen und Rehabilitationshilfen. Einige Aktionen fanden unter Beschuss statt \u2013 laut Kilinc auch unter OSZE-Beobachtung. Sie wirft deutschen Beh\u00f6rden vor, humanit\u00e4re Hilfe nun r\u00fcckwirkend zu kriminalisieren.<\/p>\n","protected":false},"author":3,"featured_media":22156,"comment_status":"closed","ping_status":"closed","sticky":false,"template":"","format":"standard","meta":{"colormag_page_container_layout":"default_layout","colormag_page_sidebar_layout":"default_layout","advanced_seo_description":"","jetpack_seo_html_title":"","jetpack_seo_noindex":false,"jetpack_post_was_ever_published":false,"footnotes":""},"categories":[13],"tags":[1121,335,2641,1977,1202,2644,344,1338,2381,639,2640],"class_list":["post-22155","post","type-post","status-publish","format-standard","has-post-thumbnail","hentry","category-frieden-antifaschismus-solidaritaet","tag-donbass","tag-frieden","tag-friedensbruecke","tag-hilfslieferungen","tag-humanitaere-hilfe","tag-kriminalisierung","tag-solidaritaet","tag-strafrecht","tag-terroristische-vereinigung","tag-ukraine-konflikt","tag-zivilbevoelkerung"],"jetpack_featured_media_url":"https:\/\/i0.wp.com\/www.freidenker.org\/fw17\/wp-content\/uploads\/2025\/06\/Kilinc_Interview_800x450.jpg?fit=800%2C450&ssl=1","jetpack_shortlink":"https:\/\/wp.me\/p9stpK-5Ll","jetpack-related-posts":[{"id":16106,"url":"https:\/\/www.freidenker.org\/?p=16106","url_meta":{"origin":22155,"position":0},"title":"Gestrandet in Moskau: Liane Kilinc","author":"Webredaktion","date":"18. Mai 2023","format":false,"excerpt":"Videointerview von Ulrich Heyden mit Liane Kilinc Die Vorsitzende des Vereins \"Friedensbr\u00fccke-Kriegsopferhilfe e.V.\", Liane Kilinc, war in der zweiten April-H\u00e4lfte 16 Tage in der Volksrepublik Donezk, um die Verteilung Spenden-finanzierte humanit\u00e4rer Hilfe, die ihre Organisation mit organisiert zu begutachten und den Kontakt zu den \u00f6rtlichen Verwaltungen und freiwilligen Helfern zu\u2026","rel":"","context":"In &quot;Frieden - Antifaschismus - Solidarit\u00e4t&quot;","block_context":{"text":"Frieden - Antifaschismus - Solidarit\u00e4t","link":"https:\/\/www.freidenker.org\/?cat=13"},"img":{"alt_text":"","src":"https:\/\/i0.wp.com\/www.freidenker.org\/fw17\/wp-content\/uploads\/2023\/05\/kilinc_heyden_v2_800x450.jpg?fit=800%2C450&ssl=1&resize=350%2C200","width":350,"height":200,"srcset":"https:\/\/i0.wp.com\/www.freidenker.org\/fw17\/wp-content\/uploads\/2023\/05\/kilinc_heyden_v2_800x450.jpg?fit=800%2C450&ssl=1&resize=350%2C200 1x, https:\/\/i0.wp.com\/www.freidenker.org\/fw17\/wp-content\/uploads\/2023\/05\/kilinc_heyden_v2_800x450.jpg?fit=800%2C450&ssl=1&resize=525%2C300 1.5x, https:\/\/i0.wp.com\/www.freidenker.org\/fw17\/wp-content\/uploads\/2023\/05\/kilinc_heyden_v2_800x450.jpg?fit=800%2C450&ssl=1&resize=700%2C400 2x"},"classes":[]},{"id":17332,"url":"https:\/\/www.freidenker.org\/?p=17332","url_meta":{"origin":22155,"position":1},"title":"Ist die Wahrheit nicht gemeinn\u00fctzig?","author":"Webredaktion","date":"25. Oktober 2023","format":false,"excerpt":"Beitrag von Dagmar Henn Der Kampf des Finanzamts Eberswalde gegen den Hilfsverein \"Friedensbr\u00fccke-Kriegsopferhilfe e.V.\" geht weiter. Der Verein leistet seit Jahren humanit\u00e4re Hilfe, in den Donbass, aber auch in andere Kriegsgebiete. Nun wurde der Einspruch gegen die Aberkennung der Gemeinn\u00fctzigkeit zur\u00fcckgewiesen; der Bescheid liegt uns vor. Wer die Erwartung hatte,\u2026","rel":"","context":"In &quot;Frieden - Antifaschismus - Solidarit\u00e4t&quot;","block_context":{"text":"Frieden - Antifaschismus - Solidarit\u00e4t","link":"https:\/\/www.freidenker.org\/?cat=13"},"img":{"alt_text":"","src":"https:\/\/i0.wp.com\/www.freidenker.org\/fw17\/wp-content\/uploads\/2023\/10\/Fahrzeug_fbko_800x450.jpg?fit=800%2C450&ssl=1&resize=350%2C200","width":350,"height":200,"srcset":"https:\/\/i0.wp.com\/www.freidenker.org\/fw17\/wp-content\/uploads\/2023\/10\/Fahrzeug_fbko_800x450.jpg?fit=800%2C450&ssl=1&resize=350%2C200 1x, https:\/\/i0.wp.com\/www.freidenker.org\/fw17\/wp-content\/uploads\/2023\/10\/Fahrzeug_fbko_800x450.jpg?fit=800%2C450&ssl=1&resize=525%2C300 1.5x, https:\/\/i0.wp.com\/www.freidenker.org\/fw17\/wp-content\/uploads\/2023\/10\/Fahrzeug_fbko_800x450.jpg?fit=800%2C450&ssl=1&resize=700%2C400 2x"},"classes":[]},{"id":24303,"url":"https:\/\/www.freidenker.org\/?p=24303","url_meta":{"origin":22155,"position":2},"title":"Deutschland: Isolationshaft f\u00fcr Babynahrung?","author":"Webredaktion","date":"26. Januar 2026","format":false,"excerpt":"Beitrag von Dagmar Henn Am 21. Januar wurden in Deutschland zwei M\u00e4nner verhaftet; einer davon russischer Staatsb\u00fcrger. Der Vorwurf? \"Unterst\u00fctzung einer terroristischen Vereinigung\". Das ist der bisherige H\u00f6hepunkt einer Auseinandersetzung, die immer befremdlichere Z\u00fcge annimmt. Es geht um einen Verein, der seit 2015 humanit\u00e4re Hilfe in den Donbass geliefert hat:\u2026","rel":"","context":"In &quot;Frieden - Antifaschismus - Solidarit\u00e4t&quot;","block_context":{"text":"Frieden - Antifaschismus - Solidarit\u00e4t","link":"https:\/\/www.freidenker.org\/?cat=13"},"img":{"alt_text":"","src":"https:\/\/i0.wp.com\/www.freidenker.org\/fw17\/wp-content\/uploads\/2026\/01\/kinder_jelenovka_800x450.jpg?fit=800%2C450&ssl=1&resize=350%2C200","width":350,"height":200,"srcset":"https:\/\/i0.wp.com\/www.freidenker.org\/fw17\/wp-content\/uploads\/2026\/01\/kinder_jelenovka_800x450.jpg?fit=800%2C450&ssl=1&resize=350%2C200 1x, https:\/\/i0.wp.com\/www.freidenker.org\/fw17\/wp-content\/uploads\/2026\/01\/kinder_jelenovka_800x450.jpg?fit=800%2C450&ssl=1&resize=525%2C300 1.5x, https:\/\/i0.wp.com\/www.freidenker.org\/fw17\/wp-content\/uploads\/2026\/01\/kinder_jelenovka_800x450.jpg?fit=800%2C450&ssl=1&resize=700%2C400 2x"},"classes":[]},{"id":13671,"url":"https:\/\/www.freidenker.org\/?p=13671","url_meta":{"origin":22155,"position":3},"title":"60 Tonnen Hilfsg\u00fcter in Donezk eingetroffen, finanziert auch durch deutsche Spenden","author":"Webredaktion","date":"2. Juli 2022","format":false,"excerpt":"Ein Gespr\u00e4ch von Ulrich Heyden mit Liane Kilinc Liane Kilinc aus Wandlitz organisiert seit acht Jahren humanit\u00e4re Hilfe f\u00fcr die Menschen in der international nicht anerkannten \u201eVolksrepublik\u201c Donezk. In diesen Tagen ist die Aktivistin in Moskau, wo sie den 40. Hilfstransport \u2013 drei Lastwagen mit jeweils 20 Tonnen Hilfsg\u00fctern \u2013\u2026","rel":"","context":"In &quot;Frieden - Antifaschismus - Solidarit\u00e4t&quot;","block_context":{"text":"Frieden - Antifaschismus - Solidarit\u00e4t","link":"https:\/\/www.freidenker.org\/?cat=13"},"img":{"alt_text":"","src":"https:\/\/i0.wp.com\/www.freidenker.org\/fw17\/wp-content\/uploads\/2022\/07\/Liane-Kilinc_Foto-Ulrich-Heyden-800x450-1.jpg?fit=800%2C450&ssl=1&resize=350%2C200","width":350,"height":200,"srcset":"https:\/\/i0.wp.com\/www.freidenker.org\/fw17\/wp-content\/uploads\/2022\/07\/Liane-Kilinc_Foto-Ulrich-Heyden-800x450-1.jpg?fit=800%2C450&ssl=1&resize=350%2C200 1x, https:\/\/i0.wp.com\/www.freidenker.org\/fw17\/wp-content\/uploads\/2022\/07\/Liane-Kilinc_Foto-Ulrich-Heyden-800x450-1.jpg?fit=800%2C450&ssl=1&resize=525%2C300 1.5x, https:\/\/i0.wp.com\/www.freidenker.org\/fw17\/wp-content\/uploads\/2022\/07\/Liane-Kilinc_Foto-Ulrich-Heyden-800x450-1.jpg?fit=800%2C450&ssl=1&resize=700%2C400 2x"},"classes":[]},{"id":22860,"url":"https:\/\/www.freidenker.org\/?p=22860","url_meta":{"origin":22155,"position":4},"title":"Friedensbr\u00fccke, die n\u00e4chste \u2012 jetzt wird eine Spionagegeschichte gesponnen","author":"Webredaktion","date":"16. September 2025","format":false,"excerpt":"Beitrag von Dagmar Henn Als Roman oder als Kinofilm w\u00e4re das sicher unterhaltsamer, dann m\u00fcsste man auch nicht eine kleine Hilfsorganisation bel\u00e4stigen. Die tolle Recherche mehrerer Leitmedien ist jetzt beim Spionagevorwurf gelandet. Und landet selbst knietief im Nachrichtendienstsumpf. Immerhin, der WDR nahm zumindest Erwachsene f\u00fcr das Thema. Bei der S\u00fcddeutschen\u2026","rel":"","context":"In &quot;Demokratie \u2013 Medien \u2013 Aufkl\u00e4rung&quot;","block_context":{"text":"Demokratie \u2013 Medien \u2013 Aufkl\u00e4rung","link":"https:\/\/www.freidenker.org\/?cat=12"},"img":{"alt_text":"","src":"https:\/\/i0.wp.com\/www.freidenker.org\/fw17\/wp-content\/uploads\/2025\/09\/Hilfsgueter_gallery4_800x450.jpg?fit=800%2C450&ssl=1&resize=350%2C200","width":350,"height":200,"srcset":"https:\/\/i0.wp.com\/www.freidenker.org\/fw17\/wp-content\/uploads\/2025\/09\/Hilfsgueter_gallery4_800x450.jpg?fit=800%2C450&ssl=1&resize=350%2C200 1x, https:\/\/i0.wp.com\/www.freidenker.org\/fw17\/wp-content\/uploads\/2025\/09\/Hilfsgueter_gallery4_800x450.jpg?fit=800%2C450&ssl=1&resize=525%2C300 1.5x, https:\/\/i0.wp.com\/www.freidenker.org\/fw17\/wp-content\/uploads\/2025\/09\/Hilfsgueter_gallery4_800x450.jpg?fit=800%2C450&ssl=1&resize=700%2C400 2x"},"classes":[]},{"id":15123,"url":"https:\/\/www.freidenker.org\/?p=15123","url_meta":{"origin":22155,"position":5},"title":"78. Jahrestag der Befreiung des KZ Ausschwitz-Birkenau durch die Rote Arme","author":"Webredaktion","date":"2. Februar 2023","format":false,"excerpt":"Rede von Liane Kilinc Liebe Anwesende, liebe Zeitzeugen, ich freue mich, den heutigen Jahrestag der Befreiung des Vernichtungslagers Auschwitz in Russland zu verbringen, wo der Verdienst der Roten Armee angemessen gew\u00fcrdigt wird. In der Bundesrepublik Deutschland, die meine Heimat DDR annektiert hat, wird l\u00e4ngst so getan, als w\u00e4re es nicht\u2026","rel":"","context":"In &quot;Frieden - Antifaschismus - Solidarit\u00e4t&quot;","block_context":{"text":"Frieden - Antifaschismus - Solidarit\u00e4t","link":"https:\/\/www.freidenker.org\/?cat=13"},"img":{"alt_text":"","src":"https:\/\/i0.wp.com\/www.freidenker.org\/fw17\/wp-content\/uploads\/2023\/02\/2023-01-27-gedenken-auschwitz-01_800x450.jpg?fit=800%2C450&ssl=1&resize=350%2C200","width":350,"height":200,"srcset":"https:\/\/i0.wp.com\/www.freidenker.org\/fw17\/wp-content\/uploads\/2023\/02\/2023-01-27-gedenken-auschwitz-01_800x450.jpg?fit=800%2C450&ssl=1&resize=350%2C200 1x, https:\/\/i0.wp.com\/www.freidenker.org\/fw17\/wp-content\/uploads\/2023\/02\/2023-01-27-gedenken-auschwitz-01_800x450.jpg?fit=800%2C450&ssl=1&resize=525%2C300 1.5x, https:\/\/i0.wp.com\/www.freidenker.org\/fw17\/wp-content\/uploads\/2023\/02\/2023-01-27-gedenken-auschwitz-01_800x450.jpg?fit=800%2C450&ssl=1&resize=700%2C400 2x"},"classes":[]}],"_links":{"self":[{"href":"https:\/\/www.freidenker.org\/index.php?rest_route=\/wp\/v2\/posts\/22155","targetHints":{"allow":["GET"]}}],"collection":[{"href":"https:\/\/www.freidenker.org\/index.php?rest_route=\/wp\/v2\/posts"}],"about":[{"href":"https:\/\/www.freidenker.org\/index.php?rest_route=\/wp\/v2\/types\/post"}],"author":[{"embeddable":true,"href":"https:\/\/www.freidenker.org\/index.php?rest_route=\/wp\/v2\/users\/3"}],"replies":[{"embeddable":true,"href":"https:\/\/www.freidenker.org\/index.php?rest_route=%2Fwp%2Fv2%2Fcomments&post=22155"}],"version-history":[{"count":2,"href":"https:\/\/www.freidenker.org\/index.php?rest_route=\/wp\/v2\/posts\/22155\/revisions"}],"predecessor-version":[{"id":22158,"href":"https:\/\/www.freidenker.org\/index.php?rest_route=\/wp\/v2\/posts\/22155\/revisions\/22158"}],"wp:featuredmedia":[{"embeddable":true,"href":"https:\/\/www.freidenker.org\/index.php?rest_route=\/wp\/v2\/media\/22156"}],"wp:attachment":[{"href":"https:\/\/www.freidenker.org\/index.php?rest_route=%2Fwp%2Fv2%2Fmedia&parent=22155"}],"wp:term":[{"taxonomy":"category","embeddable":true,"href":"https:\/\/www.freidenker.org\/index.php?rest_route=%2Fwp%2Fv2%2Fcategories&post=22155"},{"taxonomy":"post_tag","embeddable":true,"href":"https:\/\/www.freidenker.org\/index.php?rest_route=%2Fwp%2Fv2%2Ftags&post=22155"}],"curies":[{"name":"wp","href":"https:\/\/api.w.org\/{rel}","templated":true}]}}