{"id":22128,"date":"2025-06-14T19:59:52","date_gmt":"2025-06-14T17:59:52","guid":{"rendered":"https:\/\/www.freidenker.org\/?p=22128"},"modified":"2025-07-10T13:42:04","modified_gmt":"2025-07-10T11:42:04","slug":"israel-bombt-eine-weltkrise-herbei","status":"publish","type":"post","link":"https:\/\/www.freidenker.org\/?p=22128","title":{"rendered":"Israel bombt eine Weltkrise herbei"},"content":{"rendered":"<h5>Der Angriff auf den Iran wird unabsehbare globale Folgen haben<\/h5>\n<p><em>von <strong>Arn Strohmeyer<\/strong><\/em><\/p>\n<p>Der V\u00f6lkermord im Gazastreifen ist noch nicht genug. Israel bombt weiter, wie es will \u2013 in Syrien, dem Libanon und im Jemen und nun nimmt es die Atomanlagen im Iran unter Bombardement. Der \u201ewerteorientierte\u201c Westen schaut zu oder spendet sogar Beifall: US-Pr\u00e4sident Trump fand den Angriff \u201eexzellent\u201c (er hatte sicher seine Zustimmung gegeben), Frankreichs Pr\u00e4sident Macron sicherte Israel Hilfe zu und Bundeskanzler Friedrich Merz betonte, wie es deutsche Politiker es immer tun, Israels Recht auf Selbstverteidigung. Wie das? Der Iran hatte Israel doch gar nicht angegriffen!<\/p>\n<p>Die Politik des zionistischen Staates ist v\u00f6llig aus dem Ruder gelaufen. Wie ein Berserker bombt und mordet er im Nahen und Mittleren Osten. Und seine Strategie ist klar: Jedes milit\u00e4rische Potenzial in seiner Umgebung muss zerst\u00f6rt werden, das ihm jetzt oder irgendwann gef\u00e4hrlich werden k\u00f6nnte. Israel will eine <em>Pax Israelica<\/em> nach seinen Vorstellungen schaffen und die absolute Vormacht in der Region sein. Nach der Logik: Wenn rundum Friedhofsruhe herrscht, k\u00f6nnen sich die israelischen Juden in ihrem Staat sicher f\u00fchlen. Eine m\u00f6rderische Logik! Ob diese Rechnung aufgehen wird, ist h\u00f6chst zweifelhaft.<\/p>\n<p>Von Selbstverteidigung \u2013 wie der Bundeskanzler meint \u2013 kann in diesem Fall keine Rede sein. Und ob er der Iran angesichts der milit\u00e4rischen St\u00e4rkeverh\u00e4ltnisse zugunsten Israels selbst einen Angriff geplant haben k\u00f6nnte, ist v\u00f6llig unwahrscheinlich und unbewiesen. Israel f\u00fchrt also einen pr\u00e4emptiven oder pr\u00e4ventiven Krieg gegen den Iran \u2013 genauso wie es das mit seinem Krieg 1967 gegen die Araber getan hat. Der zionistische Staat konstruiert sich dabei als Rechtfertigung sein eigenes Verteidigungsrecht und \u201eversch\u00e4rft es noch durch interpretatorische Kunstgriffe\u201c (Norman Paech). Mit V\u00f6lkerrecht hat das nichts zu tun. Die Attacke auf den Iran ist ein klarer Angriffskrieg auf einen Staat \u2013 und damit ein eindeutiger Bruch des V\u00f6lkerrechts.<\/p>\n<p>Kaum irgendwo in den deutschen medialen und politischen Reaktionen wird das herausgestellt. Man steht ganz offensichtlich hinter Israels Angriff. Die deutschen Berichte und Kommentare gehen auf so \u201ewichtige\u201c Fragen ein wie: \u201eWie weit war Irans Atomprogramm?\u201c, \u201eSo arbeitet Israels Luftabwehr\u201c, \u201eKann Israels Iron Dome die iranischen Drohnen abwehren?\u201c und \u201eJahrelange Vorbereitung des Angriffs!\u201c. Und Lob f\u00fcr das israelische Milit\u00e4r: \u201eEs hat wichtige iranische Gener\u00e4le ausgeschaltet\u201c sowie \u201eSorge an den B\u00f6rsen wegen Israels Krieg\u201c. Und die Frage nach dem V\u00f6lkerrecht: so gut wie Fehlanzeige!<\/p>\n<p>Nun war die iranische Atompolitik immer ein heikles internationales Problem. Aber der Mullah-Staat hatte sich vertraglich verpflichtet, seine Atomanlagen unter internationale Kontrolle zu stellen. Gek\u00fcndigt hat das Abkommen US-Pr\u00e4sident Trump in seiner ersten Amtszeit und so einen vertraglosen Zustand geschaffen. Verhandlungen \u00fcber einen neuen Vertrag laufen gerade, der Iran zeigte sich durchaus kompromissbereit. Es gab f\u00fcr Israel also keinerlei Grund zum Eingreifen. Es war nicht bedroht.<\/p>\n<p>Der zionistische Staat schwingt sich \u2013 wom\u00f6glich noch unter Berufung auf den Holocaust \u2013 zum Weltenrichter auf, der entscheiden darf, wer welche Atomanlagen und -waffen besitzen darf. Dass er mit dem Angriff auf die Atomanlagen durch das Austreten von nuklearer Strahlung das Leben von Millionen Menschen gef\u00e4hrdet, interessiert die Zionisten nicht.<\/p>\n<p>Dabei ist das Land selbst Atommacht, unterstellt aber seine nuklearen Anlagen nicht der internationalen Kontrolle. Der verstorbene israelische Publizist Uri Avnery hatte die Attacke auf den Iran schon lange kommen sehen und immer wieder davor gewarnt. Denn wenn Israel diesen Schritt gehe, w\u00fcrden der ganze Nahe und Mittlere Osten brennen und zum Inferno werden. Diese Situation ist nun da. Dabei hatte Avnery die atomare Bewaffnung des Iran nicht einmal als Bedrohung f\u00fcr Israel eingesch\u00e4tzt. Schlimmstenfalls herrsche dann wie im Kalten Krieg ein atomares Patt, was keineswegs einen hei\u00dfen Krieg bedeuten m\u00fcsse. Die Mullahs seien nicht so dumm, einen Krieg gegen einen weit \u00fcberlegenen Gegner anzuzetteln.<\/p>\n<p>Aber der ist nun da \u2013 mit unabsehbaren Folgen nicht nur f\u00fcr die Region, sondern f\u00fcr den ganzen Globus. Aber auch Israel wird f\u00fcr seine skrupel- und verantwortungslose Politik einen hohen Preis zahlen m\u00fcssen. Dem Westen werden seine Zustimmung und sein Beifall teuer zu stehen kommen. Der Iran braucht nur die Meerenge von Hormus f\u00fcr die \u00d6ltanker sperren und die Weltenergiekrise ist da. Israel sei Dank!<\/p>\n<p>PS. Es ist ja deutsche Staatsr\u00e4son, Israel in kritischen Situationen beizustehen. Der fr\u00fchere Bundeskanzler Helmut Schmidt sah die Staatsr\u00e4son, die die Kanzlerin Angela Merkel in die deutsche Politik eingef\u00fchrt hat, sehr kritisch. Er merkte dazu an, Kanzlerin Merkel neige \u201eaus dem Bewusstsein heraus, mit der Verantwortung belastet zu sein, dass sich so etwas wie der Holocaust an den Juden niemals wiederholen d\u00fcrfe, zu \u00dcbertreibungen. Zum Beispiel, die Sicherheit Israels als Staatsr\u00e4son anzusehen.\u201c F\u00fcr Israels Sicherheit mitverantwortlich zu sein, sei eine \u201egef\u00fchlsm\u00e4\u00dfig verst\u00e4ndliche, aber t\u00f6richte Auffassung, die sehr ernsthafte Konsequenzen haben k\u00f6nnte\u201c, so Schmidt weiter. Wenn es zum Beispiel zwischen Israel und Iran zum Krieg k\u00e4me, dann h\u00e4tten nach dieser Auffassung deutsche Soldaten mitzuk\u00e4mpfen. Also Germans an die Front, um dem bedrohten Israel beizustehen?<\/p>\n<p style=\"text-align: right;\"><em>Arn Strohmeyer lebt und arbeitet als Journalist und freier Schriftsteller in Bremen.\u00a0<span style=\"font-size: 12pt;\">Zuletzt schrieb er im\u00a0 <a href=\"https:\/\/www.freidenker.org\/?p=20594\">\u201eFREIDENKER\u201c Nr. 4-24<\/a> den Beitrag &#8222;<a href=\"https:\/\/www.freidenker.org\/?p=20604\" target=\"_blank\" rel=\"noopener\">Israel begeht V\u00f6lkermord im Gazastreifen und Deutschland ist Mitt\u00e4ter<\/a>&#8220;\u00a0<\/span><\/em><\/p>\n<hr \/>\n<p><span style=\"font-size: 10pt;\">Bild oben: Angriff der israelischen Armee in den Morgenstunden des 13. Juni 2025 auf Teheran. <\/span><br \/>\n<span style=\"font-size: 10pt;\">Foto: Mehr News Agency, <a href=\"https:\/\/creativecommons.org\/licenses\/by\/4.0\" target=\"_blank\" rel=\"noopener\">CC BY 4.0<\/a><\/span><br \/>\n<span style=\"font-size: 10pt;\">Quelle: <a href=\"https:\/\/commons.wikimedia.org\/w\/index.php?curid=167595554\" target=\"_blank\" rel=\"noopener\">https:\/\/commons.wikimedia.org\/w\/index.php?curid=167595554<\/a><\/span><\/p>\n<p>&nbsp;<\/p>\n","protected":false},"excerpt":{"rendered":"<p><b>Der Angriff auf den Iran wird unabsehbare globale Folgen haben<\/b><br \/>\n<b>Beitrag von Arn Strohmeyer<\/b><br \/>\nDer V\u00f6lkermord im Gazastreifen ist noch nicht genug. Israel bombt weiter, wie es will \u2013 in Syrien, dem Libanon und im Jemen und nun nimmt es die Atomanlagen im Iran unter Bombardement. Der \u201ewerteorientierte\u201c Westen schaut zu oder spendet sogar Beifall: US-Pr\u00e4sident Trump fand den Angriff \u201eexzellent\u201c (er hatte sicher seine Zustimmung gegeben), Frankreichs Pr\u00e4sident Macron sicherte Israel Hilfe zu und Bundeskanzler Friedrich Merz betonte, wie es deutsche Politiker es immer tun, Israels Recht auf Selbstverteidigung. Wie das? Der Iran hatte Israel doch gar nicht angegriffen! Die Politik des zionistischen Staates ist v\u00f6llig aus dem Ruder gelaufen. Wie ein Berserker bombt und mordet er im Nahen und Mittleren Osten. <\/p>\n","protected":false},"author":3,"featured_media":22130,"comment_status":"closed","ping_status":"closed","sticky":false,"template":"","format":"standard","meta":{"colormag_page_container_layout":"default_layout","colormag_page_sidebar_layout":"default_layout","advanced_seo_description":"","jetpack_seo_html_title":"","jetpack_seo_noindex":false,"jetpack_post_was_ever_published":false,"footnotes":""},"categories":[13],"tags":[2642,1061,1458,2005,1172,660,393,2093,676,1955,1931,579],"class_list":["post-22128","post","type-post","status-publish","format-standard","has-post-thumbnail","hentry","category-frieden-antifaschismus-solidaritaet","tag-atomabkommen","tag-atomwaffen","tag-bedrohung","tag-existenzrecht-israels","tag-gaza","tag-iran","tag-israel","tag-luftangriffe","tag-naher-osten","tag-nahostkonflikt","tag-voelkermord","tag-zionismus"],"jetpack_featured_media_url":"https:\/\/i0.wp.com\/www.freidenker.org\/fw17\/wp-content\/uploads\/2025\/06\/Pictures_of_the_Israeli_attack_on_Tehran_1_Mehr_2_800x450.jpg?fit=800%2C450&ssl=1","jetpack_shortlink":"https:\/\/wp.me\/p9stpK-5KU","jetpack-related-posts":[{"id":22132,"url":"https:\/\/www.freidenker.org\/?p=22132","url_meta":{"origin":22128,"position":0},"title":"Ein Schurkenstaat zeigt sein wahres Gesicht","author":"Webredaktion","date":"17. Juni 2025","format":false,"excerpt":"Beitrag von Rainer Rupp Mit seinem j\u00fcngsten Angriff auf den Iran hat Israel erneut bewiesen, dass es internationale Normen zur Erhaltung der regionalen Stabilit\u00e4t mit F\u00fc\u00dfen tritt. Aber je l\u00e4nger der von Israel begonnene Krieg gegen Iran dauert, desto offensichtlicher wird Israels strategische Unterlegenheit. Nicht nur iranische Nuklearanlagen und Milit\u00e4rbasen\u2026","rel":"","context":"In &quot;Demokratie \u2013 Medien \u2013 Aufkl\u00e4rung&quot;","block_context":{"text":"Demokratie \u2013 Medien \u2013 Aufkl\u00e4rung","link":"https:\/\/www.freidenker.org\/?cat=12"},"img":{"alt_text":"","src":"https:\/\/i0.wp.com\/www.freidenker.org\/fw17\/wp-content\/uploads\/2025\/06\/Batch_2_Avash_29_800x450.jpg?fit=800%2C450&ssl=1&resize=350%2C200","width":350,"height":200,"srcset":"https:\/\/i0.wp.com\/www.freidenker.org\/fw17\/wp-content\/uploads\/2025\/06\/Batch_2_Avash_29_800x450.jpg?fit=800%2C450&ssl=1&resize=350%2C200 1x, https:\/\/i0.wp.com\/www.freidenker.org\/fw17\/wp-content\/uploads\/2025\/06\/Batch_2_Avash_29_800x450.jpg?fit=800%2C450&ssl=1&resize=525%2C300 1.5x, https:\/\/i0.wp.com\/www.freidenker.org\/fw17\/wp-content\/uploads\/2025\/06\/Batch_2_Avash_29_800x450.jpg?fit=800%2C450&ssl=1&resize=700%2C400 2x"},"classes":[]},{"id":24688,"url":"https:\/\/www.freidenker.org\/?p=24688","url_meta":{"origin":22128,"position":1},"title":"Der Krieg der USA und Israels gegen den Iran ist eine Bedrohung f\u00fcr die ganze Welt","author":"Webredaktion","date":"23. M\u00e4rz 2026","format":false,"excerpt":"Die deutsche Staatsr\u00e4son gegen\u00fcber dem zionistischen Staat geh\u00f6rt angesichts dieser Zerst\u00f6rungsorgie auf den M\u00fcllhaufen der Geschichte Beitrag von Arn Strohmeyer Die Sicherheit Israels ist deutsche Staatsr\u00e4son, das ist seit der Rede von Kanzlerin Angela Merkel 2008 in der Knesset in Jerusalem ein unumst\u00f6\u00dfliches Dogma der deutschen Politik, das eng mit\u2026","rel":"","context":"In &quot;Frieden - Antifaschismus - Solidarit\u00e4t&quot;","block_context":{"text":"Frieden - Antifaschismus - Solidarit\u00e4t","link":"https:\/\/www.freidenker.org\/?cat=13"},"img":{"alt_text":"","src":"https:\/\/i0.wp.com\/www.freidenker.org\/fw17\/wp-content\/uploads\/2026\/03\/Shajareh_Tayyebeh_school_in_Minab_photos_from_Mehr_3_800x450.jpg?fit=800%2C450&ssl=1&resize=350%2C200","width":350,"height":200,"srcset":"https:\/\/i0.wp.com\/www.freidenker.org\/fw17\/wp-content\/uploads\/2026\/03\/Shajareh_Tayyebeh_school_in_Minab_photos_from_Mehr_3_800x450.jpg?fit=800%2C450&ssl=1&resize=350%2C200 1x, https:\/\/i0.wp.com\/www.freidenker.org\/fw17\/wp-content\/uploads\/2026\/03\/Shajareh_Tayyebeh_school_in_Minab_photos_from_Mehr_3_800x450.jpg?fit=800%2C450&ssl=1&resize=525%2C300 1.5x, https:\/\/i0.wp.com\/www.freidenker.org\/fw17\/wp-content\/uploads\/2026\/03\/Shajareh_Tayyebeh_school_in_Minab_photos_from_Mehr_3_800x450.jpg?fit=800%2C450&ssl=1&resize=700%2C400 2x"},"classes":[]},{"id":19706,"url":"https:\/\/www.freidenker.org\/?p=19706","url_meta":{"origin":22128,"position":2},"title":"Soll die Bundeswehr dieses Israel vor Iran sch\u00fctzen?","author":"Webredaktion","date":"13. August 2024","format":false,"excerpt":"Beitrag von Dagmar Henn Was hat man nur den deutschen Politikern in den Tee getan, dass sie derart hemmungslose Kriegswilligkeit zeigen? Dass der CDU-Politiker Roderich Kiesewetter fordert, die Bundeswehr m\u00fcsse \"Israel auch milit\u00e4rischen Beistand zur Abwehr\" eines iranischen Angriffs anbieten, \u00fcberrascht ja nicht; wenn es nach diesem Herrn ginge, w\u00fcrden\u2026","rel":"","context":"In &quot;Demokratie \u2013 Medien \u2013 Aufkl\u00e4rung&quot;","block_context":{"text":"Demokratie \u2013 Medien \u2013 Aufkl\u00e4rung","link":"https:\/\/www.freidenker.org\/?cat=12"},"img":{"alt_text":"","src":"https:\/\/i0.wp.com\/www.freidenker.org\/fw17\/wp-content\/uploads\/2024\/08\/German_Air_Force_Airbus_A400M_ILA_Berlin_2016_27_800x450.jpg?fit=800%2C450&ssl=1&resize=350%2C200","width":350,"height":200,"srcset":"https:\/\/i0.wp.com\/www.freidenker.org\/fw17\/wp-content\/uploads\/2024\/08\/German_Air_Force_Airbus_A400M_ILA_Berlin_2016_27_800x450.jpg?fit=800%2C450&ssl=1&resize=350%2C200 1x, https:\/\/i0.wp.com\/www.freidenker.org\/fw17\/wp-content\/uploads\/2024\/08\/German_Air_Force_Airbus_A400M_ILA_Berlin_2016_27_800x450.jpg?fit=800%2C450&ssl=1&resize=525%2C300 1.5x, https:\/\/i0.wp.com\/www.freidenker.org\/fw17\/wp-content\/uploads\/2024\/08\/German_Air_Force_Airbus_A400M_ILA_Berlin_2016_27_800x450.jpg?fit=800%2C450&ssl=1&resize=700%2C400 2x"},"classes":[]},{"id":24841,"url":"https:\/\/www.freidenker.org\/?p=24841","url_meta":{"origin":22128,"position":3},"title":"Widerspr\u00fcchliche Kriegsziele der Schurkenregimes in Jerusalem und Washington","author":"Webredaktion","date":"8. April 2026","format":false,"excerpt":"Beitrag von Rainer Rupp Kriege, die wie Netanjahus Krieg gegen Iran aus innenpolitischem Kalk\u00fcl gef\u00fchrt werden, enden selten gut. Statt politische und diplomatische St\u00e4rke zu demonstrieren, wirkt Washington unter Trump zunehmend als unberechenbarer Akteur, der alte Regeln bricht. Der brutale, unprovozierte, v\u00f6lkerrechtswidrige Angriffskrieg der niedergehenden Weltmacht USA im Verbund mit\u2026","rel":"","context":"In &quot;Aktuelles&quot;","block_context":{"text":"Aktuelles","link":"https:\/\/www.freidenker.org\/?cat=574"},"img":{"alt_text":"","src":"https:\/\/i0.wp.com\/www.freidenker.org\/fw17\/wp-content\/uploads\/2026\/04\/trump_netanjahu_firebase_800x450.jpg?fit=800%2C450&ssl=1&resize=350%2C200","width":350,"height":200,"srcset":"https:\/\/i0.wp.com\/www.freidenker.org\/fw17\/wp-content\/uploads\/2026\/04\/trump_netanjahu_firebase_800x450.jpg?fit=800%2C450&ssl=1&resize=350%2C200 1x, https:\/\/i0.wp.com\/www.freidenker.org\/fw17\/wp-content\/uploads\/2026\/04\/trump_netanjahu_firebase_800x450.jpg?fit=800%2C450&ssl=1&resize=525%2C300 1.5x, https:\/\/i0.wp.com\/www.freidenker.org\/fw17\/wp-content\/uploads\/2026\/04\/trump_netanjahu_firebase_800x450.jpg?fit=800%2C450&ssl=1&resize=700%2C400 2x"},"classes":[]},{"id":18838,"url":"https:\/\/www.freidenker.org\/?p=18838","url_meta":{"origin":22128,"position":4},"title":"Deutschland und Iran &#8211; Wie immer keine Ahnung vom V\u00f6lkerrecht","author":"Webredaktion","date":"20. April 2024","format":false,"excerpt":"Beitrag von Dagmar Henn Vielleicht w\u00e4re es hilfreich, einen Online-Kurs in V\u00f6lkerrecht f\u00fcr die deutschen politischen Eliten abzuhalten \u2013 am besten mit der M\u00f6glichkeit einer anonymen Teilnahme, damit sie nicht die Peinlichkeit einer Entdeckung f\u00fcrchten m\u00fcssen (wobei die Aussagen, die regelm\u00e4\u00dfig geliefert werden, schon genug sichtbarer Beleg f\u00fcr Ahnungslosigkeit sind).\u2026","rel":"","context":"In &quot;Demokratie \u2013 Medien \u2013 Aufkl\u00e4rung&quot;","block_context":{"text":"Demokratie \u2013 Medien \u2013 Aufkl\u00e4rung","link":"https:\/\/www.freidenker.org\/?cat=12"},"img":{"alt_text":"","src":"https:\/\/i0.wp.com\/www.freidenker.org\/fw17\/wp-content\/uploads\/2024\/04\/Iranian_consulate_airstrike_in_Damascus_2024_800x450.jpg?fit=800%2C450&ssl=1&resize=350%2C200","width":350,"height":200,"srcset":"https:\/\/i0.wp.com\/www.freidenker.org\/fw17\/wp-content\/uploads\/2024\/04\/Iranian_consulate_airstrike_in_Damascus_2024_800x450.jpg?fit=800%2C450&ssl=1&resize=350%2C200 1x, https:\/\/i0.wp.com\/www.freidenker.org\/fw17\/wp-content\/uploads\/2024\/04\/Iranian_consulate_airstrike_in_Damascus_2024_800x450.jpg?fit=800%2C450&ssl=1&resize=525%2C300 1.5x, https:\/\/i0.wp.com\/www.freidenker.org\/fw17\/wp-content\/uploads\/2024\/04\/Iranian_consulate_airstrike_in_Damascus_2024_800x450.jpg?fit=800%2C450&ssl=1&resize=700%2C400 2x"},"classes":[]},{"id":18834,"url":"https:\/\/www.freidenker.org\/?p=18834","url_meta":{"origin":22128,"position":5},"title":"Der Tag an dem die Meinungsfreiheit beerdigt wurde \u2013 Das Begr\u00e4bnis eines Kongresses","author":"Webredaktion","date":"20. April 2024","format":false,"excerpt":"Kommentar von\u00a0Evelyn Hecht-Galinski Schon im Vorfeld des Pal\u00e4stina-Kongresses wurde aus allen politischen, medialen und zionistischen \u201eHasbara-Rohren\u201c scharf geschossen, um den Pal\u00e4stina Kongress und die ausrichtenden Organisationen zur Aufgabe zu zwingen. Als Anfang April die Berliner Sparkasse das Konto des Vereins \u201eJ\u00fcdische Stimme f\u00fcr gerechten Frieden in Nahost\u201c ohne vorherige R\u00fccksprache\u2026","rel":"","context":"In &quot;Frieden - Antifaschismus - Solidarit\u00e4t&quot;","block_context":{"text":"Frieden - Antifaschismus - Solidarit\u00e4t","link":"https:\/\/www.freidenker.org\/?cat=13"},"img":{"alt_text":"","src":"https:\/\/i0.wp.com\/www.freidenker.org\/fw17\/wp-content\/uploads\/2024\/04\/450401_Staatsraeson_800x450.jpg?fit=800%2C450&ssl=1&resize=350%2C200","width":350,"height":200,"srcset":"https:\/\/i0.wp.com\/www.freidenker.org\/fw17\/wp-content\/uploads\/2024\/04\/450401_Staatsraeson_800x450.jpg?fit=800%2C450&ssl=1&resize=350%2C200 1x, https:\/\/i0.wp.com\/www.freidenker.org\/fw17\/wp-content\/uploads\/2024\/04\/450401_Staatsraeson_800x450.jpg?fit=800%2C450&ssl=1&resize=525%2C300 1.5x, https:\/\/i0.wp.com\/www.freidenker.org\/fw17\/wp-content\/uploads\/2024\/04\/450401_Staatsraeson_800x450.jpg?fit=800%2C450&ssl=1&resize=700%2C400 2x"},"classes":[]}],"_links":{"self":[{"href":"https:\/\/www.freidenker.org\/index.php?rest_route=\/wp\/v2\/posts\/22128","targetHints":{"allow":["GET"]}}],"collection":[{"href":"https:\/\/www.freidenker.org\/index.php?rest_route=\/wp\/v2\/posts"}],"about":[{"href":"https:\/\/www.freidenker.org\/index.php?rest_route=\/wp\/v2\/types\/post"}],"author":[{"embeddable":true,"href":"https:\/\/www.freidenker.org\/index.php?rest_route=\/wp\/v2\/users\/3"}],"replies":[{"embeddable":true,"href":"https:\/\/www.freidenker.org\/index.php?rest_route=%2Fwp%2Fv2%2Fcomments&post=22128"}],"version-history":[{"count":2,"href":"https:\/\/www.freidenker.org\/index.php?rest_route=\/wp\/v2\/posts\/22128\/revisions"}],"predecessor-version":[{"id":22131,"href":"https:\/\/www.freidenker.org\/index.php?rest_route=\/wp\/v2\/posts\/22128\/revisions\/22131"}],"wp:featuredmedia":[{"embeddable":true,"href":"https:\/\/www.freidenker.org\/index.php?rest_route=\/wp\/v2\/media\/22130"}],"wp:attachment":[{"href":"https:\/\/www.freidenker.org\/index.php?rest_route=%2Fwp%2Fv2%2Fmedia&parent=22128"}],"wp:term":[{"taxonomy":"category","embeddable":true,"href":"https:\/\/www.freidenker.org\/index.php?rest_route=%2Fwp%2Fv2%2Fcategories&post=22128"},{"taxonomy":"post_tag","embeddable":true,"href":"https:\/\/www.freidenker.org\/index.php?rest_route=%2Fwp%2Fv2%2Ftags&post=22128"}],"curies":[{"name":"wp","href":"https:\/\/api.w.org\/{rel}","templated":true}]}}