{"id":22123,"date":"2025-06-14T19:59:48","date_gmt":"2025-06-14T17:59:48","guid":{"rendered":"https:\/\/www.freidenker.org\/?p=22123"},"modified":"2025-07-10T13:41:56","modified_gmt":"2025-07-10T11:41:56","slug":"die-aussenpolitik-der-sowjetunion-unter-der-leitung-von-maxim-litwinow","status":"publish","type":"post","link":"https:\/\/www.freidenker.org\/?p=22123","title":{"rendered":"Die Au\u00dfenpolitik der Sowjetunion unter der Leitung von Maxim Litwinow"},"content":{"rendered":"<p><em>Ein historischer \u00dcberblick von <strong>Wofgang Sch\u00fcrer<\/strong><\/em><\/p>\n<h5>Bemerkungen zu Maxim Litwinow, geboren am 17. Juli 1876, gestorben am 31. Dezember 1951<\/h5>\n<p><strong>Er<\/strong> wurde in <strong>Bialystok<\/strong> geboren. Die Stadt geh\u00f6rte damals zum <strong>zaristischen Russland <\/strong>und geh\u00f6rt heute zu <strong>Polen<\/strong>. Er entstammte einer <strong>aschkenasischen j\u00fcdischen<\/strong> Familie. Nach der <strong>sozialistischen Revolution<\/strong> in <strong>Russland<\/strong> (07. November 1917, nach dem Gregorianischen Kalender, 25. Oktober 1917, nach dem Julianischen Kalender) trat er in den <strong>diplomatischen<\/strong> Dienst der <strong>Sowjetregierung<\/strong>. Er wurde 1921 <strong>Vizeau\u00dfenminister<\/strong> und war, vom 21. Juli 1930 bis zum 03. Mai 1939, <strong>Au\u00dfenminister<\/strong>. Sp\u00e4ter wurde er <strong>Botschafter<\/strong> der <strong>Sowjetunion<\/strong> in den <strong>Vereinigten Staaten<\/strong> (10. November 1941 bis 22. August 1943). Er starb in <strong>Moskau<\/strong>.<\/p>\n<h5>Bemerkungen zum V\u00f6lkerbund, gegr\u00fcndet am 10. Januar 1920, auf der Pariser Friedenskonferenz<\/h5>\n<p>1924 geh\u00f6rten bereits 55 Staaten zum <strong>V\u00f6lkerbund<\/strong>, darunter 26 aus <strong>Europa<\/strong>, 5 aus dem <strong>Empire<\/strong>, 4 aus <strong>Asien<\/strong>, 18 aus <strong>Lateinamerika<\/strong> und 2 aus <strong>Subsahara-Afrika<\/strong>.<\/p>\n<p>Die 26 <strong>europ\u00e4ischen<\/strong> Staaten waren:<\/p>\n<ul>\n<li>Westeuropa: <strong>Vereinigtes K\u00f6nigreich<\/strong>, <strong>Frankreich<\/strong>, Niederlande, Belgien, Irland, Luxemburg<\/li>\n<li>Mitteleuropa: Polen, Tschechoslowakei, Ungarn, \u00d6sterreich, Schweiz<\/li>\n<li>S\u00fcdosteuropa: Rum\u00e4nien, Jugoslawien, Bulgarien, Griechenland, Albanien<\/li>\n<li>Nordeuropa: Schweden, D\u00e4nemark, Finnland, Norwegen, Litauen, Lettland, Estland<\/li>\n<li>S\u00fcdeuropa: <strong>Italien<\/strong>, Spanien, Portugal<\/li>\n<\/ul>\n<p>Die 5 Empire-Staaten waren:<\/p>\n<ul>\n<li>Indien, S\u00fcdafrika, Kanada, Australien, Neuseeland<\/li>\n<\/ul>\n<p>Die 4 asiatischen Staaten waren:<\/p>\n<ul>\n<li><strong>Japan, <\/strong>China, Thailand, Iran<\/li>\n<\/ul>\n<p>Die 2 Staaten aus Subsahara-Afrika waren:<\/p>\n<ul>\n<li>\u00c4thiopien, Liberia<\/li>\n<\/ul>\n<p>2 der 20 Staaten aus Lateinamerika <strong>fehlten:<\/strong> Mexiko (Aufnahme 1931), Ecuador (Aufnahme 1934)<\/p>\n<p>1926 wurde <strong>Deutschland<\/strong> Mitglied, 1932 die T\u00fcrkei und der Irak, 1934 Afghanistan, 1937 \u00c4gypten.<\/p>\n<h5>Bemerkungen zur urspr\u00fcnglich antisowjetischen Politik des V\u00f6lkerbundes<\/h5>\n<p>18 der 55 Staaten, die 1924 zum <strong>V\u00f6lkerbund<\/strong> geh\u00f6rten, hatten sich 1918-1922 an der <strong>milit\u00e4rischen Intervention<\/strong> der <strong>Alliierten<\/strong> gegen <strong>Sowjetrussland<\/strong> beteiligt, darunter 4 <strong>Gro\u00dfm\u00e4chte<\/strong> (<strong>Japan<\/strong>, <strong>Vereinigtes K\u00f6nigreich<\/strong>, mit den 5 <strong>Empire-Staaten<\/strong>, <strong>Frankreich<\/strong>, <strong>Italien<\/strong>), Polen, die Tschechoslowakei, Jugoslawien, Rum\u00e4nien, Griechenland, Finnland, Litauen, Lettland, Estland)<\/p>\n<h5>Liste der 22 Staaten, die 1920-1926 diplomatische Beziehungen zur Sowjetunion aufnahmen<\/h5>\n<p>1920: Litauen, Lettland, Estland; 1923: <strong>Deutschland<\/strong>, Polen, Finnland, T\u00fcrkei, Iran, Afghanistan<\/p>\n<p>1924: <strong>Vereinigtes K\u00f6nigreich<\/strong>, <strong>Frankreich<\/strong>, <strong>Italien<\/strong>, Schweden, D\u00e4nemark, Norwegen, \u00d6sterreich, Griechenland, Albanien, China, Mexiko; 1925: <strong>Japan<\/strong>; 1926: Uruguay (1927 bis 1932 folgten keine weiteren Staaten.) Die <strong>Vereinigten Staaten<\/strong>, die <strong>niemals Mitglied <\/strong>des <strong>V\u00f6lkerbundes<\/strong> wurden, waren 1932 die <strong>einzige<\/strong> <strong>Gro\u00dfmacht<\/strong>, die <strong>keine diplomatischen Beziehungen<\/strong> zur <strong>Sowjetunion<\/strong> hatte.<\/p>\n<h5>Bemerkungen zum Kriegsverzichtsvertrag, unterschrieben in Paris, am 27. August 1928<\/h5>\n<p>Die <strong>Sowjetunion<\/strong> geh\u00f6rte <strong>nicht<\/strong>, im Unterschied zu den 6 anderen Gro\u00dfm\u00e4chten, zu den 15 <strong>Erstunterzeichnern<\/strong>, trat dem <strong>Kriegsverzichtsvertrag<\/strong> jedoch bereits am 08. September 1928 bei. <strong>Maxim Litwinow<\/strong> hatte sich besonders daf\u00fcr eingesetzt. Am 09. Februar 1929, in <strong>Moskau<\/strong>, schlossen die <strong>Sowjetunion<\/strong>, Polen, Rum\u00e4nien, Lettland und Estland einen <strong>parallelen Kriegsverzichtsvertrag<\/strong>, der auch \u201e<strong>Litwinow-Protokoll<\/strong>\u201c genannt wird. Die T\u00fcrkei und Litauen folgten sp\u00e4ter. (Finnland verweigerte die Unterschrift.) Der <strong>Kriegsverzichtsvertrag<\/strong> trat am 24. Juli 1929 in Kraft. Bis 1934 unterschrieben 62 Staaten. Von den 63 Staaten, die irgendwann dem <strong>V\u00f6lkerbund<\/strong> angeh\u00f6rten, fehlten Argentinien, Bolivien, Uruguay und El Salvador. Dagegen geh\u00f6rten die <strong>Vereinigten Staaten<\/strong>, Saudi-Arabien und Island zu den Unterzeichnern.<\/p>\n<h5>Der japanische Angriffskrieg gegen China und die Folgen f\u00fcr Sowjetisch-Fernost und Sibirien<\/h5>\n<p><strong>Japan<\/strong> begann den Angriff am 18. September 1931. Es okkupierte zun\u00e4chst die 3 <strong>mandschurischen<\/strong> Provinzen und verwandelte diese in den <strong>Satellitenstaat Mandschukuo<\/strong>. Am 21. Februar 1933 begann <strong>Japan<\/strong> mit der Besetzung einer <strong>innermongolischen<\/strong> Provinz, die am 04. M\u00e4rz 1933 <strong>Mandschukuo<\/strong> angegliedert wurde. Am 27. M\u00e4rz 1933 trat <strong>Japan<\/strong> aus dem <strong>V\u00f6lkerbund<\/strong> aus. Am 31. Mai 1933 schloss <strong>Japan<\/strong> einen <strong>Waffenstillstand<\/strong> mit <strong>China<\/strong>. Die <strong>Sowjetunion<\/strong> hatte nunmehr eine sehr lange <strong>Grenze<\/strong> mit dem <strong>Japanischen Imperium<\/strong>.<\/p>\n<h5>Die 61-Staaten-Abr\u00fcstungskonferenz in Genf, er\u00f6ffnet am 01. Februar 1932<\/h5>\n<p>Anf\u00e4nglich nahmen alle 7 <strong>Gro\u00dfm\u00e4chte<\/strong> teil. <strong>Maxim Litwinow<\/strong> verlangte die <strong>vollst\u00e4ndige Abr\u00fcstung<\/strong>, zu <strong>Lande<\/strong>, zu <strong>Wasse<\/strong>r und in der <strong>Luft<\/strong>. Am 30. Januar 1933 erfolgte in <strong>Deutschland<\/strong> die <strong>Macht\u00fcbertragung<\/strong> an die <strong>Nazipartei<\/strong>. <strong>Deutschland<\/strong> verlie\u00df die <strong>Abr\u00fcstungskonferenz<\/strong> am 14. Oktober 1933 und trat am 19. Oktober 1933 aus dem <strong>V\u00f6lkerbund<\/strong> aus. Im November 1934 endete die <strong>Abr\u00fcstungskonferenz<\/strong>.<\/p>\n<h5>Der Eklat auf der Londoner Weltwirtschaftskonferenz (12. Juni bis 27. Juli 1933)<\/h5>\n<p>Am 16. Juli 1933 ver\u00f6ffentliche der <strong>deutsche Delegierte<\/strong>, Alfred Hugenberg, ein <strong>Memorandum<\/strong>, in dem er f\u00fcr <strong>Deutschland<\/strong> neuen <strong>Siedlungsraum<\/strong> verlangte. Die <strong>Sowjetunion<\/strong>, die an der Konferenz teilgenommen hatte, <strong>protestierte<\/strong> in scharfer Form.<\/p>\n<h5>Die weitere Durchbrechung der au\u00dfenpolitischen Isolierung der Sowjetunion<\/h5>\n<p>Am 28. Juli 1933 nahm <strong>Spanien diplomatische Beziehungen<\/strong> zur <strong>Sowjetunion<\/strong> auf. Die <strong>Vereinigten Staaten<\/strong> folgten am 16. November 1933. Ungarn, die Tschechoslowakei, Rum\u00e4nien und Bulgarien 1934. Belgien, Luxemburg und Kolumbien 1935. Die <strong>Sowjetunion <\/strong>hatte nunmehr zu 23 europ\u00e4ischen und 8 nichteurop\u00e4ischen Staaten <strong>diplomatische Beziehungen<\/strong>. In <strong>Europa<\/strong> fehlten noch 5 Mitglieder des <strong>V\u00f6lkerbundes<\/strong>: Jugoslawien, die Niederlande, Portugal, die Schweiz und Irland normalisierten vor dem 01. September 1939 <strong>nicht<\/strong> ihre Beziehungen zur <strong>Sowjetunion.<\/strong><\/p>\n<h5>Die Aufnahme der Sowjetunion in den V\u00f6lkerbund und die Folgen f\u00fcr die Weltpolitik<\/h5>\n<p>Die <strong>Aufnahme<\/strong> erfolgte, auf <strong>franz\u00f6sische Initiative<\/strong>, am 18. September 1934. Die <strong>Sowjetunion<\/strong>, das <strong>Vereinigte K\u00f6nigreich<\/strong>, <strong>Frankreich<\/strong> und <strong>Italien<\/strong> waren nunmehr die 4 <strong>Gro\u00dfm\u00e4chte<\/strong>, die im <strong>V\u00f6lkerbundrat<\/strong> den <strong>Weltfrieden<\/strong> sichern sollten. Die <strong>Sowjetunion <\/strong>schloss am 02. Mai 1935 ein <strong>Defensivb\u00fcndnis<\/strong> mit <strong>Frankreich<\/strong> und am 16. Mai 1935 ein <strong>Defensivb\u00fcndnis<\/strong> mit der Tschechoslowakei. Dieses bestimmte jedoch, dass die <strong>sowjetische Beistandspflicht<\/strong> erst eintr\u00e4te, wenn vorher <strong>Frankreich<\/strong> seine <strong>Beistandspflicht<\/strong> erf\u00fcllt haben sollte.<\/p>\n<h5>Die Sowjetunion, der V\u00f6lkerbund, und der italienische Angriffskrieg gegen \u00c4thiopien<\/h5>\n<p><strong>Italien<\/strong> begann den Angriff am 03. Oktober 1935. Der <strong>V\u00f6lkerbund<\/strong> leistete \u00c4thiopien keine Hilfe. Das <strong>Vereinigte K\u00f6nigreich<\/strong> lehnte die <strong>sowjetische<\/strong> Forderung, den <strong>Suezkanal<\/strong> f\u00fcr <strong>Italien<\/strong> zu sperren. \u00a0Am 09. Mai 1936 wurde \u00c4thiopien von <strong>Italien<\/strong> annektiert.<\/p>\n<h5>Die Sowjetunion, der V\u00f6lkerbund und der Spanische B\u00fcrgerkrieg, seit dem 18. Juni 1936<\/h5>\n<p><strong>Italien<\/strong> und <strong>Deutschland<\/strong> intervenierten auf Seiten der <strong>Putschisten<\/strong>. Die <strong>Sowjetunion<\/strong> stand auf der Seite der <strong>Regierung<\/strong>. Das <strong>Vereinigte K\u00f6nigreich<\/strong> verlangte, am 08. August 1936, in <strong>ultimativer Form<\/strong>, dass <strong>Frankreich<\/strong> seine Unterst\u00fctzung f\u00fcr die Regierung einstellen sollte. Der <strong>V\u00f6lkerbund<\/strong> leistete der Regierung keine Hilfe. <strong>Italien<\/strong> trat am 07. November 1937 aus dem V\u00f6lkerbund aus. Der B\u00fcrgerkrieg endete, am 01. April 1939, mit dem <strong>Sieg <\/strong>der <strong>Putschisten<\/strong>.<\/p>\n<h5>Die Sowjetunion und die Eskalation des japanischen Angriffskrieges gegen China<\/h5>\n<p><strong>Japan<\/strong> brach den <strong>Waffenstillstand<\/strong> am 07. Juli 1937. Die <strong>Sowjetunion<\/strong> schloss, am 21. August 1937, ein <strong>Defensivb\u00fcndnis <\/strong>mit China. Der <strong>V\u00f6lkerbund<\/strong> leitete China keine Hilfe.<\/p>\n<h5>Die Sowjetunion und die Annexion \u00d6sterreichs durch Deutschland, am 13. April 1938<\/h5>\n<p>Die <strong>Sowjetunion<\/strong> war die <strong>einzige Gro\u00dfmacht<\/strong>, die gegen diese Annexion<strong> protestierte<\/strong>.<\/p>\n<h5>Der japanisch-sowjetische Grenzkrieg in Fernost, 29. Juli bis 11. August 1938<\/h5>\n<p>Er endete mit einem <strong>Waffenstillstand<\/strong>, nachdem die <strong>Rote Armee<\/strong> die in die <strong>Sowjetunion<\/strong> eingedrungenen <strong>japanischen Truppen<\/strong> zur\u00fcckgeworfen hatte.<\/p>\n<h5>Die Sowjetunion und die Beseitigung der Tschechoslowakei, 1938-1939<\/h5>\n<p>Am 29. September 1938, in <strong>M\u00fcnchen<\/strong>, beschlossen <strong>Deutschland<\/strong>, <strong>Italien<\/strong>, das <strong>Vereinigte K\u00f6nigreich<\/strong> und <strong>Frankreich<\/strong>, dass die Tschechoslowakei die <strong>sudetendeutschen Gebiete<\/strong> an <strong>Deutschland<\/strong> abtreten m\u00fcsste. Die <strong>Sowjetunion protestierte<\/strong> in scharfer Form. Im Oktober 1938 annektierte <strong>Deutschland<\/strong> die <strong>sudetendeutschen Gebiete<\/strong>, am 15. M\u00e4rz 1939 das restliche Tschechien. Ungarn<strong> annektierte<\/strong> den S\u00fcden der Slowakei und die <strong>Karpatenukraine<\/strong>. Die restliche Slowakei wurde in einen <strong>deutschen<\/strong> <strong>Satellitenstaat<\/strong> verwandelt. (Polen hatte 1938 das tschechische <strong>Olsagebiet<\/strong> annektiert.)<\/p>\n<h5>Die Sowjetunion und der seit dem 03. April 1939 geplante deutsche Angriff auf Polen<\/h5>\n<p>Die <strong>Sowjetunion<\/strong> bot, am 18. April 1939, dem <strong>Vereinigten K\u00f6nigreich<\/strong> und <strong>Frankreich<\/strong> ein <strong>Defensivb\u00fcndnis<\/strong> an, f\u00fcr den Fall eines <strong>deutschen Angriffs<\/strong> auf Polen, f\u00fcr den Fall eines <strong>deutschen Angriffs<\/strong> auf <strong>Frankreich<\/strong>, und f\u00fcr den Fall eines <strong>deutschen Angriffs<\/strong> auf die <strong>Sowjetunion<\/strong>, unter <strong>Umgehung<\/strong> Polens, \u00fcber Lettland, Estland und Finnland. (Litauen grenzte damals nicht an die <strong>Sowjetunion<\/strong>.) Polen sollte sich auch im zweiten und dritten Falle am Krieg gegen <strong>Deutschland<\/strong> beteiligen. Der geplante 4er-Block kam nicht zustande. Am 03. Mai 1939 kam es zu einem Wechsel im <strong>sowjetischen Au\u00dfenministerium<\/strong>, <strong>Wjatscheslaw Molotow<\/strong> l\u00f6ste <strong>Maxim Litwinow<\/strong> ab.<\/p>\n<p style=\"text-align: right;\"><em>Wolfgang Sch\u00fcrer ist Vorsitzender des Kreisverbandes Offenbach a. M. der Freidenker<\/em><\/p>\n<hr \/>\n<p><span style=\"font-size: 10pt;\">Bild oben: Maxim Litwinow (Bildmitte) <span class=\"mw-mmv-title\">besucht als sowjetischer Au\u00dfenminister die T\u00fcrkei, Oktober 1931<\/span><\/span><br \/>\n<span style=\"font-size: 10pt;\">Foto: unbekannt, <a href=\"https:\/\/commons.wikimedia.org\/wiki\/File:Litvinov%27s_visit_to_Turkey_1931.jpg?uselang=en#Licensing\" target=\"_blank\" rel=\"noopener\">Public Domain<\/a><\/span><br \/>\n<span style=\"font-size: 10pt;\">Quelle: <a href=\"https:\/\/commons.wikimedia.org\/w\/index.php?curid=17539962\" target=\"_blank\" rel=\"noopener\">https:\/\/commons.wikimedia.org\/w\/index.php?curid=17539962<\/a><\/span><\/p>\n<p>&nbsp;<\/p>\n","protected":false},"excerpt":{"rendered":"<p><b>Ein historischer \u00dcberblick von Wofgang Sch\u00fcrer<\/b><br \/>\nBemerkungen zu Maxim Litwinow, geboren am 17. Juli 1876, gestorben am 31. Dezember 1951: Er wurde in Bialystok geboren. Die Stadt geh\u00f6rte damals zum zaristischen Russland und geh\u00f6rt heute zu Polen. Er entstammte einer aschkenasischen j\u00fcdischen Familie. Nach der sozialistischen Revolution in Russland (07. November 1917, nach dem Gregorianischen Kalender, 25. Oktober 1917, nach dem Julianischen Kalender) trat er in den diplomatischen Dienst der Sowjetregierung. Er wurde 1921 Vizeau\u00dfenminister und war, vom 21. Juli 1930 bis zum 03. Mai 1939, Au\u00dfenminister. Sp\u00e4ter wurde er Botschafter der Sowjetunion in den Vereinigten Staaten (10. November 1941 bis 22. August 1943). Er starb in Moskau.<\/p>\n","protected":false},"author":3,"featured_media":22125,"comment_status":"closed","ping_status":"closed","sticky":false,"template":"","format":"standard","meta":{"colormag_page_container_layout":"default_layout","colormag_page_sidebar_layout":"default_layout","advanced_seo_description":"","jetpack_seo_html_title":"","jetpack_seo_noindex":false,"jetpack_post_was_ever_published":false,"footnotes":""},"categories":[1162],"tags":[648,961,699,413,452,1406,1151,1485,491,1038,2493,430,1985,185,1984],"class_list":["post-22123","post","type-post","status-publish","format-standard","has-post-thumbnail","hentry","category-geschichte","tag-2-weltkrieg","tag-abruestung","tag-aussenpolitik","tag-china","tag-deutschland","tag-diplomatie","tag-europa","tag-genf","tag-geschichte","tag-grossbritannien","tag-japan","tag-sowjetunion","tag-tschechoslowakei","tag-usa","tag-voelkerbund"],"jetpack_featured_media_url":"https:\/\/i0.wp.com\/www.freidenker.org\/fw17\/wp-content\/uploads\/2025\/06\/Litvinovs_visit_to_Turkey_1931_800x450.jpg?fit=800%2C450&ssl=1","jetpack_shortlink":"https:\/\/wp.me\/p9stpK-5KP","jetpack-related-posts":[{"id":15426,"url":"https:\/\/www.freidenker.org\/?p=15426","url_meta":{"origin":22123,"position":0},"title":"Zum Tod von Bruno Mahlow","author":"Webredaktion","date":"4. M\u00e4rz 2023","format":false,"excerpt":"Unser am 22.02.2023 in Berlin verstorbener Freund Bruno Mahlow war h\u00e4ufig Referent und Diskussionpartner bei Veranstaltungen und Konferenzen des Deutschen Freidenkerverbandes. Wir ver\u00f6ffentlichen hier einen Nachruf von Arnold Sch\u00f6lzel sowie Bruno Mahlows Gegenrede gegen seine Vorladung wegen \u201eBelohnung und Billigung von Straftaten\u201c Bruno Mahlow kam 1937 als Kind kommunistischer Emigranten\u2026","rel":"","context":"In &quot;Frieden - Antifaschismus - Solidarit\u00e4t&quot;","block_context":{"text":"Frieden - Antifaschismus - Solidarit\u00e4t","link":"https:\/\/www.freidenker.org\/?cat=13"},"img":{"alt_text":"","src":"https:\/\/i0.wp.com\/www.freidenker.org\/fw17\/wp-content\/uploads\/2023\/03\/Bruno_Mahlow_uz_800x450.jpg?fit=800%2C450&ssl=1&resize=350%2C200","width":350,"height":200,"srcset":"https:\/\/i0.wp.com\/www.freidenker.org\/fw17\/wp-content\/uploads\/2023\/03\/Bruno_Mahlow_uz_800x450.jpg?fit=800%2C450&ssl=1&resize=350%2C200 1x, https:\/\/i0.wp.com\/www.freidenker.org\/fw17\/wp-content\/uploads\/2023\/03\/Bruno_Mahlow_uz_800x450.jpg?fit=800%2C450&ssl=1&resize=525%2C300 1.5x, https:\/\/i0.wp.com\/www.freidenker.org\/fw17\/wp-content\/uploads\/2023\/03\/Bruno_Mahlow_uz_800x450.jpg?fit=800%2C450&ssl=1&resize=700%2C400 2x"},"classes":[]},{"id":18042,"url":"https:\/\/www.freidenker.org\/?p=18042","url_meta":{"origin":22123,"position":1},"title":"Dritter Anlauf","author":"Webredaktion","date":"28. Januar 2024","format":false,"excerpt":"Beitrag von Arnold Sch\u00f6lzel Am 21. Januar vor 100 Jahren starb Wladimir Iljitsch Lenin. Er stand an der Spitze der Gro\u00dfen Sozialistischen Oktoberrevolution von 1917, die ein ganzes Kapitel der Geschichte der Menschheit beendete und ein neues er\u00f6ffnete. Bereits ihre ersten Ma\u00dfnahmen \u2013 das Dekret \u00fcber den Frieden, mit dem\u2026","rel":"","context":"In &quot;Geschichte&quot;","block_context":{"text":"Geschichte","link":"https:\/\/www.freidenker.org\/?cat=1162"},"img":{"alt_text":"","src":"https:\/\/i0.wp.com\/www.freidenker.org\/fw17\/wp-content\/uploads\/2024\/01\/Vladimir_Lenin_giving_a_speech_800x450.jpg?fit=800%2C450&ssl=1&resize=350%2C200","width":350,"height":200,"srcset":"https:\/\/i0.wp.com\/www.freidenker.org\/fw17\/wp-content\/uploads\/2024\/01\/Vladimir_Lenin_giving_a_speech_800x450.jpg?fit=800%2C450&ssl=1&resize=350%2C200 1x, https:\/\/i0.wp.com\/www.freidenker.org\/fw17\/wp-content\/uploads\/2024\/01\/Vladimir_Lenin_giving_a_speech_800x450.jpg?fit=800%2C450&ssl=1&resize=525%2C300 1.5x, https:\/\/i0.wp.com\/www.freidenker.org\/fw17\/wp-content\/uploads\/2024\/01\/Vladimir_Lenin_giving_a_speech_800x450.jpg?fit=800%2C450&ssl=1&resize=700%2C400 2x"},"classes":[]},{"id":19329,"url":"https:\/\/www.freidenker.org\/?p=19329","url_meta":{"origin":22123,"position":2},"title":"Auch damals schon: Kampf um Profit, Macht und Herrschaft weltweit","author":"Webredaktion","date":"13. Juni 2024","format":false,"excerpt":"Zum \u00dcberfall der Faschisten auf die Sowjetunion Beitrag von\u00a0Prof. Dr. Anton Latzo Der w\u00e4hrend des zweiten Weltkrieges h\u00f6chstdekorierte General der USA, Douglas Mac Arthur, schrieb \u00fcber das Ergebnis der Wende bei Stalingrad und \u00fcber die nachfolgenden Ereignisse: \u201eAlle Hoffnungen der Zivilisation richten sich auf die ehrw\u00fcrdigen Banner der tapferen russischen\u2026","rel":"","context":"In &quot;Geschichte&quot;","block_context":{"text":"Geschichte","link":"https:\/\/www.freidenker.org\/?cat=1162"},"img":{"alt_text":"","src":"https:\/\/i0.wp.com\/www.freidenker.org\/fw17\/wp-content\/uploads\/2024\/06\/Bundesarchiv_Bild_146-2007-_0127_Russland_Gebirgs-Jaeger_beim_Vormarsch_800x450.jpg?fit=800%2C450&ssl=1&resize=350%2C200","width":350,"height":200,"srcset":"https:\/\/i0.wp.com\/www.freidenker.org\/fw17\/wp-content\/uploads\/2024\/06\/Bundesarchiv_Bild_146-2007-_0127_Russland_Gebirgs-Jaeger_beim_Vormarsch_800x450.jpg?fit=800%2C450&ssl=1&resize=350%2C200 1x, https:\/\/i0.wp.com\/www.freidenker.org\/fw17\/wp-content\/uploads\/2024\/06\/Bundesarchiv_Bild_146-2007-_0127_Russland_Gebirgs-Jaeger_beim_Vormarsch_800x450.jpg?fit=800%2C450&ssl=1&resize=525%2C300 1.5x, https:\/\/i0.wp.com\/www.freidenker.org\/fw17\/wp-content\/uploads\/2024\/06\/Bundesarchiv_Bild_146-2007-_0127_Russland_Gebirgs-Jaeger_beim_Vormarsch_800x450.jpg?fit=800%2C450&ssl=1&resize=700%2C400 2x"},"classes":[]},{"id":6708,"url":"https:\/\/www.freidenker.org\/?p=6708","url_meta":{"origin":22123,"position":3},"title":"Marshall\u2013Plan: Uneigenn\u00fctziges Hilfsprogramm oder US-Strategie zur Unterwerfung Westeuropas?","author":"Webredaktion","date":"16. Juli 2019","format":false,"excerpt":"Beitrag von Prof. Dr. Anton Latzo Zum wirtschaftlichen Wiederaufbau Westeuropas nach dem 2. Weltkrieg vergaben die USA im Rahmen des Marshall-Plans milliardenschwere Kredite. Dabei war der Marshall-Plan keinesfalls ein uneigenn\u00fctziges Hilfsprogramm der USA, als der er heute oft dargestellt wird. ... Der wahre Charakter dieser Vorschl\u00e4ge wird deutlich, wenn man\u2026","rel":"","context":"In &quot;Geschichte&quot;","block_context":{"text":"Geschichte","link":"https:\/\/www.freidenker.org\/?cat=1162"},"img":{"alt_text":"","src":"https:\/\/i0.wp.com\/www.freidenker.org\/fw17\/wp-content\/uploads\/2019\/07\/Marshallplan_Schild_2015_800x445.jpg?fit=800%2C445&ssl=1&resize=350%2C200","width":350,"height":200,"srcset":"https:\/\/i0.wp.com\/www.freidenker.org\/fw17\/wp-content\/uploads\/2019\/07\/Marshallplan_Schild_2015_800x445.jpg?fit=800%2C445&ssl=1&resize=350%2C200 1x, https:\/\/i0.wp.com\/www.freidenker.org\/fw17\/wp-content\/uploads\/2019\/07\/Marshallplan_Schild_2015_800x445.jpg?fit=800%2C445&ssl=1&resize=525%2C300 1.5x, https:\/\/i0.wp.com\/www.freidenker.org\/fw17\/wp-content\/uploads\/2019\/07\/Marshallplan_Schild_2015_800x445.jpg?fit=800%2C445&ssl=1&resize=700%2C400 2x"},"classes":[]},{"id":20881,"url":"https:\/\/www.freidenker.org\/?p=20881","url_meta":{"origin":22123,"position":4},"title":"Wer ist die radikal anti-russische Kaja Kallas?","author":"Webredaktion","date":"1. Februar 2025","format":false,"excerpt":"Kommentar von\u00a0Thomas R\u00f6per. Wenn Kaja Kallas in den letzten Jahren durch etwas aufgefallen ist, dann vor allem durch ihre radikal anti-russische Haltung und die Horrorgeschichten, die sie westlichen Medien gerne \u00fcber das Leid erz\u00e4hlt, das ihre Familie in der Zeit der Sowjetunion angeblich durchleben musste. Schon daran sieht man allerdings,\u2026","rel":"","context":"In &quot;Demokratie \u2013 Medien \u2013 Aufkl\u00e4rung&quot;","block_context":{"text":"Demokratie \u2013 Medien \u2013 Aufkl\u00e4rung","link":"https:\/\/www.freidenker.org\/?cat=12"},"img":{"alt_text":"","src":"https:\/\/i0.wp.com\/www.freidenker.org\/fw17\/wp-content\/uploads\/2025\/01\/Kaja_Kallas_21_December_2024_Finland_63_800x450.jpg?fit=800%2C450&ssl=1&resize=350%2C200","width":350,"height":200,"srcset":"https:\/\/i0.wp.com\/www.freidenker.org\/fw17\/wp-content\/uploads\/2025\/01\/Kaja_Kallas_21_December_2024_Finland_63_800x450.jpg?fit=800%2C450&ssl=1&resize=350%2C200 1x, https:\/\/i0.wp.com\/www.freidenker.org\/fw17\/wp-content\/uploads\/2025\/01\/Kaja_Kallas_21_December_2024_Finland_63_800x450.jpg?fit=800%2C450&ssl=1&resize=525%2C300 1.5x, https:\/\/i0.wp.com\/www.freidenker.org\/fw17\/wp-content\/uploads\/2025\/01\/Kaja_Kallas_21_December_2024_Finland_63_800x450.jpg?fit=800%2C450&ssl=1&resize=700%2C400 2x"},"classes":[]},{"id":12801,"url":"https:\/\/www.freidenker.org\/?p=12801","url_meta":{"origin":22123,"position":5},"title":"Symbolischer Jahrestag: 100 Jahre Rapallo","author":"Webredaktion","date":"16. April 2022","format":false,"excerpt":"Beitrag von Wolfgang Sch\u00fcrer W\u00e4hrend der Weltwirtschaftskonferenz von Genua (10. April bis 19. Mai 1922) schlossen und ver\u00f6ffentlichten Deutschland und Sowjetrussland am 16. April 1922 in Rapallo (der Ort liegt s\u00fcd\u00f6stlich von Genua;) einen Vertrag, der die Wiederaufnahme der diplomatischen Beziehungen bestimmte und alle gegenseitigen Anspr\u00fcche aus der Zeit des\u2026","rel":"","context":"In &quot;Geschichte&quot;","block_context":{"text":"Geschichte","link":"https:\/\/www.freidenker.org\/?cat=1162"},"img":{"alt_text":"","src":"https:\/\/i0.wp.com\/www.freidenker.org\/fw17\/wp-content\/uploads\/2022\/04\/Bundesarchiv_Bild_183-R14433_Vertrag_von_Rapallo_800x450.jpg?fit=800%2C450&ssl=1&resize=350%2C200","width":350,"height":200,"srcset":"https:\/\/i0.wp.com\/www.freidenker.org\/fw17\/wp-content\/uploads\/2022\/04\/Bundesarchiv_Bild_183-R14433_Vertrag_von_Rapallo_800x450.jpg?fit=800%2C450&ssl=1&resize=350%2C200 1x, https:\/\/i0.wp.com\/www.freidenker.org\/fw17\/wp-content\/uploads\/2022\/04\/Bundesarchiv_Bild_183-R14433_Vertrag_von_Rapallo_800x450.jpg?fit=800%2C450&ssl=1&resize=525%2C300 1.5x, https:\/\/i0.wp.com\/www.freidenker.org\/fw17\/wp-content\/uploads\/2022\/04\/Bundesarchiv_Bild_183-R14433_Vertrag_von_Rapallo_800x450.jpg?fit=800%2C450&ssl=1&resize=700%2C400 2x"},"classes":[]}],"_links":{"self":[{"href":"https:\/\/www.freidenker.org\/index.php?rest_route=\/wp\/v2\/posts\/22123","targetHints":{"allow":["GET"]}}],"collection":[{"href":"https:\/\/www.freidenker.org\/index.php?rest_route=\/wp\/v2\/posts"}],"about":[{"href":"https:\/\/www.freidenker.org\/index.php?rest_route=\/wp\/v2\/types\/post"}],"author":[{"embeddable":true,"href":"https:\/\/www.freidenker.org\/index.php?rest_route=\/wp\/v2\/users\/3"}],"replies":[{"embeddable":true,"href":"https:\/\/www.freidenker.org\/index.php?rest_route=%2Fwp%2Fv2%2Fcomments&post=22123"}],"version-history":[{"count":3,"href":"https:\/\/www.freidenker.org\/index.php?rest_route=\/wp\/v2\/posts\/22123\/revisions"}],"predecessor-version":[{"id":22127,"href":"https:\/\/www.freidenker.org\/index.php?rest_route=\/wp\/v2\/posts\/22123\/revisions\/22127"}],"wp:featuredmedia":[{"embeddable":true,"href":"https:\/\/www.freidenker.org\/index.php?rest_route=\/wp\/v2\/media\/22125"}],"wp:attachment":[{"href":"https:\/\/www.freidenker.org\/index.php?rest_route=%2Fwp%2Fv2%2Fmedia&parent=22123"}],"wp:term":[{"taxonomy":"category","embeddable":true,"href":"https:\/\/www.freidenker.org\/index.php?rest_route=%2Fwp%2Fv2%2Fcategories&post=22123"},{"taxonomy":"post_tag","embeddable":true,"href":"https:\/\/www.freidenker.org\/index.php?rest_route=%2Fwp%2Fv2%2Ftags&post=22123"}],"curies":[{"name":"wp","href":"https:\/\/api.w.org\/{rel}","templated":true}]}}