{"id":22108,"date":"2025-06-13T19:03:31","date_gmt":"2025-06-13T17:03:31","guid":{"rendered":"https:\/\/www.freidenker.org\/?p=22108"},"modified":"2025-07-10T13:40:59","modified_gmt":"2025-07-10T11:40:59","slug":"deutschlands-industrieller-niedergang-setzt-sich-fort","status":"publish","type":"post","link":"https:\/\/www.freidenker.org\/?p=22108","title":{"rendered":"Deutschlands industrieller Niedergang setzt sich fort"},"content":{"rendered":"<p><strong>Einst das industrielle Kraftzentrum Europas, rutscht Deutschland immer tiefer in eine beispiellose, selbstgemachte Wirtschaftskrise. Unser Land gilt jetzt als &#8222;kranker Mann Europas&#8220;. Schlimm genug \u2012 aber noch schlimmer ist: Beim derzeitigen politischen F\u00fchrungspersonal ist keine Besserung in Sicht.<\/strong><\/p>\n<p><em>Von <strong>Rainer Rupp<\/strong><\/em><\/p>\n<p><span style=\"font-size: 10pt;\">Erstver\u00f6ffentlichung am 07.06.2025 auf <a href=\"https:\/\/freedert.online\/meinung\/247062-deutschlands-industrieller-niedergang-setzt-sich\/\" target=\"_blank\" rel=\"noopener\">RT DE<\/a><\/span><\/p>\n<p>Ein Anstieg der Unternehmensinsolvenzen, r\u00fcckl\u00e4ufige Industrieproduktion und strukturelle Herausforderungen haben unser Land in eine wirtschaftliche Notlage gest\u00fcrzt, die schlimmer ist als die Finanzkrise von 2008. Laut einer aktuellen Analyse des Kreditversicherers Allianz Trade wird in Deutschland auch in den Jahren 2025 und 2026 die Welle von Insolvenzen anhalten, was weitere Arbeitspl\u00e4tze vernichten und Lieferketten unterbrechen wird. Nicht zuletzt droht die Ver\u00e4nderung der wirtschaftlichen Identit\u00e4t Deutschlands durch die weitgehende Vernichtung ganzer Industriebranchen aufgrund der exzessiv hohen Energiepreise.<\/p>\n<h5>Eine Rekordwelle von Insolvenzen<\/h5>\n<p>Die wirtschaftlichen Probleme Deutschlands zeigen sich deutlich im alarmierenden Anstieg der Unternehmensinsolvenzen. Allianz Trade prognostiziert f\u00fcr 2025 einen Anstieg der Insolvenzen um 11 Prozent auf etwa 24.400 F\u00e4lle, gefolgt von einem weiteren Anstieg um 3 Prozent auf 25.050 F\u00e4lle im Jahr 2026. Diese Zahlen folgen auf ein katastrophales Jahr 2024, in dem mit 87 Gro\u00dfinsolvenzen ein negativer Rekord verzeichnet wurde \u2013 ein Anstieg von 36 Prozent gegen\u00fcber dem Vorjahr. Die betroffenen Unternehmen erzielten einen Gesamtumsatz von 17,4 Milliarden Euro, ein Plus von 55 Prozent im Vergleich zu 2023. Diese Insolvenzen setzen sch\u00e4tzungsweise 210.000 direkt betroffene Arbeitspl\u00e4tze in ganz Deutschland aufs Spiel. \u00dcber nicht sofort sichtbare Sekund\u00e4reffekte wird die Vernichtung der Arbeitspl\u00e4tze ein Vielfaches von 210.000 betragen. Und das war im Jahr 2023. Von Jahr zu Jahr wurde und wird es schlimmer.<\/p>\n<p>Allein im ersten Quartal 2025 meldeten 16 gro\u00dfe Unternehmen mit einem Umsatz von jeweils mindestens 50 Millionen Euro Insolvenz an. Zwar\u00a0stellt dies einen leichten R\u00fcckgang gegen\u00fcber dem gleichen Zeitraum 2024 dar, doch ist es doppelt so viel wie im ersten Quartal 2023. Besonders betroffen sind der textile Einzelhandel, die Automobilzulieferindustrie, das Gesundheitswesen und die Chemiebranche. Drei Krankenh\u00e4user, drei Textilunternehmen, zwei Automobilzulieferer und zwei Chemieunternehmen meldeten Anfang 2025 Insolvenz an. &#8222;Es war viel los in der Finanzkrise 2008 und den folgenden Jahren. Aber jetzt ist es schlimmer. Immer mehr Branchen sind betroffen. Das habe ich noch nie gesehen&#8220;, sagt J\u00fcrgen Philippi, ein \u00f6ffentlich bestellter Konkurs-Versteigerer mit 30 Jahren Erfahrung, in einem Interview mit der <em>ARD-Tagesschau<\/em>. Philippi ist mit Insolvenzf\u00e4llen so \u00fcberlastet, dass er zahlreiche Kunden abweisen musste.<\/p>\n<h5>Strukturelle und externe Belastungen<\/h5>\n<p>Der industrielle Niedergang Deutschlands begann jedoch schon lange vor den j\u00fcngsten globalen St\u00f6rungen wie den Corona-Lockdowns, dem US-Handelskrieg gegen China und dem EU\/US-Sanktionskrieg gegen Russland, der haupts\u00e4chlich unser Land getroffen hat. Seit Ende 2017 ist die Industrieproduktion stetig zur\u00fcckgegangen, wie die <em>Financial Post<\/em> berichtet. Die Energiekrise\u00a0infolge Russlands\u00a0spezieller Milit\u00e4roperation\u00a0in der Ukraine 2022 versch\u00e4rfte die Lage, da die Kosten f\u00fcr energieintensive Branchen wie Stahl und Chemie in die H\u00f6he schossen.<\/p>\n<p>Die Hafenstadt Duisburg, das industrielle Herz Deutschlands, ist zum Symbol dieses Niedergangs geworden, mit stillgelegten Fabriken und leidenden lokalen Wirtschaften, wie der US-Wirtschaftskanal <em>Bloomberg<\/em>\u00a0berichtet. Externe Faktoren wie die Zollpolitik von US-Pr\u00e4sident Donald Trump versch\u00e4rfen die aktuelle Lage zus\u00e4tzlich.<\/p>\n<p>Milo Bogaerts, Vorstandsvorsitzender von Allianz Trade in Deutschland, \u00d6sterreich und der Schweiz, warnt: &#8222;Angesichts der d\u00fcsteren Wirtschaftsaussichten in Deutschland und im globalen Handel sowie der vielen Unsicherheiten durch den Zollsturm erwarten wir auch 2025 zahlreiche Gro\u00dfinsolvenzen und damit erhebliche Verluste.&#8220; Diese Z\u00f6lle, die auf die deutsche Automobil- und Stahlindustrie abzielen, bedrohen die ohnehin angeschlagene deutsche Wettbewerbsf\u00e4higkeit zus\u00e4tzlich.<\/p>\n<p>Intern st\u00f6\u00dft Deutschland auf strukturelle Herausforderungen. Hohe Steuern, \u00fcberm\u00e4\u00dfige B\u00fcrokratie und Arbeitskr\u00e4ftemangel untergraben das Vertrauen der Unternehmen. Auktionator Philippi stellt fest: &#8222;Ich beobachte zunehmend, dass Gesch\u00e4ftsf\u00fchrer ihre angeschlagenen Unternehmen nicht fortf\u00fchren wollen, obwohl es noch Marktchancen gibt. Ihre Begr\u00fcndung? Zu hohe Steuern, zu viel B\u00fcrokratie.&#8220; Er f\u00fcgt hinzu: &#8222;&#8218;Ich will das nicht mehr machen&#8216;, h\u00f6re ich immer \u00f6fter.&#8220; Die Zur\u00fcckhaltung von Unternehmensleitern unterstreicht ein tieferes Unbehagen im deutschen Wirtschaftssystem.<\/p>\n<p>Der Bundesverband der Deutschen Industrie (BDI) hat Alarm geschlagen. Anfang April 2025 ver\u00f6ffentlichten \u00fcber 100 Verb\u00e4nde eine Erkl\u00e4rung, in der sie die regierende CDU-SPD-Koalition direkt ansprachen:<\/p>\n<p style=\"padding-left: 40px;\">&#8222;In den letzten Wochen hat sich die wirtschaArbeitsftliche Lage dramatisch verschlechtert. Die Fakten sind unbestreitbar. Deutschland befindet sich in einer ernsten Wirtschaftskrise. Ein Vergleich mit anderen L\u00e4ndern zeigt, dass diese Krise hausgemacht ist.&#8220;<\/p>\n<p>Der BDI kritisiert die Koalition f\u00fcr eine unzureichende Steuerpolitik. &#8222;In der Steuerpolitik bleibt die Koalition hinter dem Notwendigen zur\u00fcck. K\u00fcnftig muss jeder Spielraum genutzt werden, um Unternehmen zu entlasten, damit die Steuerlast schnell international wettbewerbsf\u00e4hig wird&#8220;, sagt Tanja G\u00f6nner, Hauptgesch\u00e4ftsf\u00fchrerin des BDI. Die Modernisierungsagenda der Koalition sei ambitioniert, doch es fehle an entschlossener Umsetzung.<\/p>\n<h5>Der &#8222;kranke Mann Europas&#8220;<\/h5>\n<p>Der Begriff &#8222;kranker Mann Europas&#8220;, einst auf Italien gem\u00fcnzt, wurde nun von Fabio Panetta,\u00a0Pr\u00e4sident der italienischen Zentralbank und Mitglied des Vorstands der Europ\u00e4ischen Zentralbank, auf Deutschland \u00fcbertragen. In einer Rede an der Bocconi-Universit\u00e4t in Mailand wies Panetta auf Deutschlands wirtschaftliche Stagnation hin und betonte, dass die Gesamtwirtschaft in den letzten zwei Jahren geschrumpft sei. Dies markiere eine dramatische Kehrtwende f\u00fcr ein Land, das lange f\u00fcr sein exportgetriebenes Wachstum und seine industrielle St\u00e4rke gefeiert wurde. Das deutsche BIP-Wachstum hinke anderen L\u00e4ndern der Eurozone hinterher, mit nur 0,2 Prozent Wachstum im Jahr 2024, verglichen mit 1,5 Prozent im Euroraum, wie die OECD berichtet.<\/p>\n<p>Die Energiekosten bleiben ein zentrales Problem. Deutschlands Entscheidung, die Kernenergie abzuschalten und seine Abh\u00e4ngigkeit von preiswertem russischem Gas vor 2022 machten das Land anf\u00e4llig f\u00fcr Preisschocks. Der \u00dcbergang zu alternativen Energiequellen war kostspielig und langsam. Zugleich hat er das gesamtwirtschaftliche Niveau der Energiekosten f\u00fcr Verbraucher und Industrie erheblich angehoben, wodurch ganze Branchen, wie die Metallverarbeitung, Metallfertigung und Chemie, stark belastet wurden oder sogar ihre Wettbewerbsf\u00e4higkeit verloren haben.<\/p>\n<p>Die Automobilindustrie, ein Eckpfeiler der deutschen Wirtschaft, steht zus\u00e4tzlich unter Druck. Durch die \u00fcbereifrige und vollkommen misslungene, aber extrem teure Umstellung auf Elektrofahrzeuge, die nun Ladenh\u00fcter sind, wurden zig Milliarden Euro in den Sand gesetzt. Derweil floriert die viel weiter entwickelte und preisg\u00fcnstigere chinesische Konkurrenz. Volkswagen etwa k\u00fcndigte im Jahr 2024 Werksschlie\u00dfungen und Entlassungen an, da die Nachfrage sinkt und die Produktionskosten steigen.<\/p>\n<h5>Dominoeffekte und soziale Folgen<\/h5>\n<p>Die Welle von Insolvenzen l\u00f6st einen Dominoeffekt in den Lieferketten aus. Bogaerts warnt, dass Gro\u00dfinsolvenzen &#8222;besonders gro\u00dfe L\u00f6cher in den Kassen&#8220; von Zulieferunternehmen hinterlassen und die Produktion st\u00f6ren k\u00f6nnten. Kleine und mittelst\u00e4ndische Unternehmen, das R\u00fcckgrat des deutschen Mittelstands, sind besonders anf\u00e4llig. Der Verlust von allj\u00e4hrlich Hunderttausenden qualifizierter und gut bezahlter Arbeitspl\u00e4tze droht soziale Ungleichheiten zu vertiefen, insbesondere in Industrieregionen wie Nordrhein-Westfalen.<\/p>\n<p>Die \u00f6ffentliche Stimmung, wie sie in Posts auf X widergespiegelt wird, zeigt wachsende Frustration. Nutzer beschreiben Deutschland als &#8222;ehemaliges Industriezentrum&#8220;, das durch &#8222;selbstverschuldete Wunden&#8220; wie hohe Energiekosten und \u00dcberregulierung gel\u00e4hmt ist. Ein Nutzer beklagt: &#8222;Deutschlands Niedergang ist eine Warnung f\u00fcr Europa \u2013 die Industrie zu ignorieren, geschieht auf eigene Gefahr.&#8220; Diese Meinungen sind anekdotisch, stimmen aber mit der Einsch\u00e4tzung des BDI \u00fcberein, dass es sich um eine &#8222;hausgemachte&#8220; Krise handelt.<\/p>\n<h5>Ein Weg nach vorn?<\/h5>\n<p>Die Umkehrung der Deindustrialisierung unter dieser Regierung wird \u00fcber das vollmundige Versprechen, alles N\u00f6tige zu tun, nicht hinauskommen. Denn diese Regierung wird von denselben Parteien gestellt, die f\u00fcr die aktuelle Misere verantwortlich sind. Im Steuerhaus sitzen dieselben Leute, die in den letzten Jahrzehnten den Dampfer Deutschland inmitten von Klippen auf den Grund gefahren haben. Die aufeinanderfolgenden Kapit\u00e4ne hatten weder eine exakte Karte, noch wussten sie genau, wohin sie wollten. Das Einzige, was f\u00fcr sie wichtig war, war Kapit\u00e4n zu bleiben. Daran hat sich auch mit der letzten Wahl nichts ge\u00e4ndert.<\/p>\n<p>Um aus dieser Misere herauszukommen, bedarf es mehr als digitaler Modernisierung der B\u00fcrokratie oder Steuererleichterungen und weniger B\u00fcrokratie. Selbst der Chef des BDI denkt nur noch in kurzfristigen Dimensionen, wenn er als L\u00f6sung der Krise von der Bundesregierung fordert, den Staat effizienter und moderner zu gestalten und Investitionen in gr\u00fcne Energie, digitale Infrastruktur und Arbeitskr\u00e4fteausbildung zu &#8222;f\u00f6rdern&#8220;\u00a0beziehungsweise zu subventionieren. Das ist, als ob ein Arzt zur Behandlung eines offenen Beinbruchs ein Heftpflaster empfiehlt.<\/p>\n<p>Mit einem staatspolitischen Taschenspielertrick hat sich die Merz-Regierung die M\u00f6glichkeit verschafft, bis zu einer Billion Euro neue Schulden aufzunehmen. Das verleiht viel Spielraum\u00a0\u2012 aber eine klare Strategie, um den Dampfer wieder flott zu kriegen und die globale Wettbewerbsf\u00e4higkeit wiederherzustellen, fehlt. Immer mehr Waffen und Geld f\u00fcr die Ukraine werden die deutsche Wirtschaft nicht retten, im Gegenteil, das k\u00f6nnte die Klippe sein, an der unser Dampfer zerschellen wird.<\/p>\n<p style=\"text-align: right;\"><em>Rainer Rupp ist Mitglied des Beirats des Deutschen Freidenker-Verbandes<\/em><\/p>\n<hr \/>\n<p><span style=\"font-size: 10pt;\">Bild oben: <span class=\"Cover-caption\"><span class=\"Cover-captionItem\">Ehemaliger Hochofen im Landschaftspark Duisburg-Nord in Duisburg-Meiderich<\/span><\/span><\/span><br \/>\n<span style=\"font-size: 10pt;\">Foto: Dietmar Rabich, <a href=\"https:\/\/creativecommons.org\/licenses\/by-sa\/4.0\" target=\"_blank\" rel=\"noopener\">CC BY-SA 4.0<\/a><\/span><br \/>\n<span style=\"font-size: 10pt;\">Quelle: <a href=\"https:\/\/commons.wikimedia.org\/w\/index.php?curid=51050886\" target=\"_blank\" rel=\"noopener\">https:\/\/commons.wikimedia.org\/w\/index.php?curid=51050886<\/a><\/span><\/p>\n","protected":false},"excerpt":{"rendered":"<p><b>Beitrag von Rainer Rupp<\/b><br \/>\nEinst das industrielle Kraftzentrum Europas, rutscht Deutschland immer tiefer in eine beispiellose, selbstgemachte Wirtschaftskrise. Unser Land gilt jetzt als &#8222;kranker Mann Europas&#8220;. Schlimm genug \u2012 aber noch schlimmer ist: Beim derzeitigen politischen F\u00fchrungspersonal ist keine Besserung in Sicht. Ein Anstieg der Unternehmensinsolvenzen, r\u00fcckl\u00e4ufige Industrieproduktion und strukturelle Herausforderungen haben unser Land in eine wirtschaftliche Notlage gest\u00fcrzt, die schlimmer ist als die Finanzkrise von 2008. Laut einer aktuellen Analyse des Kreditversicherers Allianz Trade wird in Deutschland auch in den Jahren 2025 und 2026 die Welle von Insolvenzen anhalten, was weitere Arbeitspl\u00e4tze vernichten und Lieferketten unterbrechen wird. <\/p>\n","protected":false},"author":3,"featured_media":22110,"comment_status":"closed","ping_status":"closed","sticky":false,"template":"","format":"standard","meta":{"colormag_page_container_layout":"default_layout","colormag_page_sidebar_layout":"default_layout","advanced_seo_description":"","jetpack_seo_html_title":"","jetpack_seo_noindex":false,"jetpack_post_was_ever_published":false,"footnotes":""},"categories":[11],"tags":[1127,1032,1847,1256,1642,452,2636,1283,1151,263,1428,1887,1351,1505,1572,2234,1525,1806,2171,2232],"class_list":["post-22108","post","type-post","status-publish","format-standard","has-post-thumbnail","hentry","category-arbeit-soziales","tag-arbeitslosigkeit","tag-bundesregierung","tag-buerokratie","tag-corona-virus","tag-deindustrialisierung","tag-deutschland","tag-duisburg","tag-energie","tag-europa","tag-finanzkrise","tag-industrie","tag-insolvenz","tag-lockdown","tag-sozialabbau","tag-steuern","tag-strukturwandel","tag-waffenlieferungen","tag-wirtschaftskrise","tag-wirtschaftswachstum","tag-zoelle"],"jetpack_featured_media_url":"https:\/\/i0.wp.com\/www.freidenker.org\/fw17\/wp-content\/uploads\/2025\/06\/Duisburg_Landschaftspark_Duisburg-Nord_Hochofen_2_-_2016_-_1115_800x450.jpg?fit=800%2C450&ssl=1","jetpack_shortlink":"https:\/\/wp.me\/p9stpK-5KA","jetpack-related-posts":[{"id":17635,"url":"https:\/\/www.freidenker.org\/?p=17635","url_meta":{"origin":22108,"position":0},"title":"Ausgewandert: Unser Weg nach Ungarn","author":"Webredaktion","date":"12. Dezember 2023","format":false,"excerpt":"Beitrag von Tom J. Wellbrock Seit November 2023 leben wir nicht mehr in Deutschland. Meine Frau und ich haben den Schritt gewagt und das Land verlassen. Damit verbunden war und ist ein Feuerwerk der Gef\u00fchle. Die Entscheidung, nach Ungarn auszuwandern, fiel Anfang 2020, wir wussten es nur damals noch nicht.\u2026","rel":"","context":"In &quot;Arbeit &amp; Soziales&quot;","block_context":{"text":"Arbeit &amp; Soziales","link":"https:\/\/www.freidenker.org\/?cat=11"},"img":{"alt_text":"","src":"https:\/\/i0.wp.com\/www.freidenker.org\/fw17\/wp-content\/uploads\/2023\/12\/Fishermans_bastion_Budapest_IMG_1429_800x450.jpg?fit=800%2C450&ssl=1&resize=350%2C200","width":350,"height":200,"srcset":"https:\/\/i0.wp.com\/www.freidenker.org\/fw17\/wp-content\/uploads\/2023\/12\/Fishermans_bastion_Budapest_IMG_1429_800x450.jpg?fit=800%2C450&ssl=1&resize=350%2C200 1x, https:\/\/i0.wp.com\/www.freidenker.org\/fw17\/wp-content\/uploads\/2023\/12\/Fishermans_bastion_Budapest_IMG_1429_800x450.jpg?fit=800%2C450&ssl=1&resize=525%2C300 1.5x, https:\/\/i0.wp.com\/www.freidenker.org\/fw17\/wp-content\/uploads\/2023\/12\/Fishermans_bastion_Budapest_IMG_1429_800x450.jpg?fit=800%2C450&ssl=1&resize=700%2C400 2x"},"classes":[]},{"id":16242,"url":"https:\/\/www.freidenker.org\/?p=16242","url_meta":{"origin":22108,"position":1},"title":"Auch im &#8222;Frieden&#8220; soll Krieg herrschen","author":"Webredaktion","date":"7. Juni 2023","format":false,"excerpt":"Beitrag von Gert Ewen Ungar Die Geschichte Europas ist reich an Kriegen. Damit einher geht ein Reichtum an Friedensschl\u00fcssen in der Vergangenheit, denn irgendwann einmal ist jeder Krieg vorbei. Unter diesen Friedensschl\u00fcssen gab es gute und weniger gute. Ein Indikator f\u00fcr die Qualit\u00e4t des Friedensschlusses ist, wie lange der darauffolgende\u2026","rel":"","context":"In &quot;Frieden - Antifaschismus - Solidarit\u00e4t&quot;","block_context":{"text":"Frieden - Antifaschismus - Solidarit\u00e4t","link":"https:\/\/www.freidenker.org\/?cat=13"},"img":{"alt_text":"","src":"https:\/\/i0.wp.com\/www.freidenker.org\/fw17\/wp-content\/uploads\/2023\/06\/William_Orpen_-_The_Signing_of_Peace_in_the_Hall_of_Mirrors_800x450.jpg?fit=800%2C450&ssl=1&resize=350%2C200","width":350,"height":200,"srcset":"https:\/\/i0.wp.com\/www.freidenker.org\/fw17\/wp-content\/uploads\/2023\/06\/William_Orpen_-_The_Signing_of_Peace_in_the_Hall_of_Mirrors_800x450.jpg?fit=800%2C450&ssl=1&resize=350%2C200 1x, https:\/\/i0.wp.com\/www.freidenker.org\/fw17\/wp-content\/uploads\/2023\/06\/William_Orpen_-_The_Signing_of_Peace_in_the_Hall_of_Mirrors_800x450.jpg?fit=800%2C450&ssl=1&resize=525%2C300 1.5x, https:\/\/i0.wp.com\/www.freidenker.org\/fw17\/wp-content\/uploads\/2023\/06\/William_Orpen_-_The_Signing_of_Peace_in_the_Hall_of_Mirrors_800x450.jpg?fit=800%2C450&ssl=1&resize=700%2C400 2x"},"classes":[]},{"id":23018,"url":"https:\/\/www.freidenker.org\/?p=23018","url_meta":{"origin":22108,"position":2},"title":"Nach 35 Jahren Einheit: Gro\u00dfdeutschland auf Kriegskurs \u2013 Frieden kein Thema","author":"Webredaktion","date":"5. Oktober 2025","format":false,"excerpt":"Beitrag von Hans Bauer Am 3. Oktober 2025 gedenkt Deutschland der staatlichen Vereinigung. Eingel\u00e4utet mit einer Entschlie\u00dfung des Bundesrates auf seiner Sitzung am 26. September. Herausforderung seien \u201eNationale Kraftanstrengung, Modernisierung auf allen Ebenen, Auseinandersetzung mit der Geschichte\u201c. Von der deutschen Einheit zur Einheit Europas, hei\u00dft es. Gleiche Beschw\u00f6rungen zur Einheit\u2026","rel":"","context":"In &quot;Frieden - Antifaschismus - Solidarit\u00e4t&quot;","block_context":{"text":"Frieden - Antifaschismus - Solidarit\u00e4t","link":"https:\/\/www.freidenker.org\/?cat=13"},"img":{"alt_text":"","src":"https:\/\/i0.wp.com\/www.freidenker.org\/fw17\/wp-content\/uploads\/2025\/10\/Bundesarchiv_Bild_183-1990-1003-400_Berlin_deutsche_Vereinigung_vor_dem_Reichstag_800x450.jpg?fit=800%2C450&ssl=1&resize=350%2C200","width":350,"height":200,"srcset":"https:\/\/i0.wp.com\/www.freidenker.org\/fw17\/wp-content\/uploads\/2025\/10\/Bundesarchiv_Bild_183-1990-1003-400_Berlin_deutsche_Vereinigung_vor_dem_Reichstag_800x450.jpg?fit=800%2C450&ssl=1&resize=350%2C200 1x, https:\/\/i0.wp.com\/www.freidenker.org\/fw17\/wp-content\/uploads\/2025\/10\/Bundesarchiv_Bild_183-1990-1003-400_Berlin_deutsche_Vereinigung_vor_dem_Reichstag_800x450.jpg?fit=800%2C450&ssl=1&resize=525%2C300 1.5x, https:\/\/i0.wp.com\/www.freidenker.org\/fw17\/wp-content\/uploads\/2025\/10\/Bundesarchiv_Bild_183-1990-1003-400_Berlin_deutsche_Vereinigung_vor_dem_Reichstag_800x450.jpg?fit=800%2C450&ssl=1&resize=700%2C400 2x"},"classes":[]},{"id":17762,"url":"https:\/\/www.freidenker.org\/?p=17762","url_meta":{"origin":22108,"position":3},"title":"Der demokratische Antidemokrat \u2013 Zum Tod von Wolfgang Sch\u00e4uble","author":"Webredaktion","date":"6. Januar 2024","format":false,"excerpt":"Beitrag von Gert Ewen Ungar Wolfgang Sch\u00e4uble ist tot. Er starb im Alter von 81 Jahren im Kreise seiner Familie. Sch\u00e4uble konnte auf eine lange politische Karriere zur\u00fcckblicken, die nicht frei von Skandalen war. Sch\u00e4uble war durch und durch Machtpolitiker, wollte bestimmen, dominieren, dem politischen Gegner Niederlagen beibringen. Der Machtkampf\u2026","rel":"","context":"In &quot;Demokratie \u2013 Medien \u2013 Aufkl\u00e4rung&quot;","block_context":{"text":"Demokratie \u2013 Medien \u2013 Aufkl\u00e4rung","link":"https:\/\/www.freidenker.org\/?cat=12"},"img":{"alt_text":"","src":"https:\/\/i0.wp.com\/www.freidenker.org\/fw17\/wp-content\/uploads\/2024\/01\/Wolfgang_Schaeuble_by_OlafKosinsky_2772_800x450.jpg?fit=800%2C450&ssl=1&resize=350%2C200","width":350,"height":200,"srcset":"https:\/\/i0.wp.com\/www.freidenker.org\/fw17\/wp-content\/uploads\/2024\/01\/Wolfgang_Schaeuble_by_OlafKosinsky_2772_800x450.jpg?fit=800%2C450&ssl=1&resize=350%2C200 1x, https:\/\/i0.wp.com\/www.freidenker.org\/fw17\/wp-content\/uploads\/2024\/01\/Wolfgang_Schaeuble_by_OlafKosinsky_2772_800x450.jpg?fit=800%2C450&ssl=1&resize=525%2C300 1.5x, https:\/\/i0.wp.com\/www.freidenker.org\/fw17\/wp-content\/uploads\/2024\/01\/Wolfgang_Schaeuble_by_OlafKosinsky_2772_800x450.jpg?fit=800%2C450&ssl=1&resize=700%2C400 2x"},"classes":[]},{"id":19376,"url":"https:\/\/www.freidenker.org\/?p=19376","url_meta":{"origin":22108,"position":4},"title":"Sie wollen den Krieg","author":"Webredaktion","date":"27. Juni 2024","format":false,"excerpt":"Warnruf des Friedensb\u00fcndnisses NRW In Verantwortung f\u00fcr die Menschen dieses Landes und Europas halten wir als Friedensb\u00fcndnis NRW es f\u00fcr notwendig, das Undenkbare auszusprechen: Die Regierung der USA, die NATO-F\u00fchrung und zahlreiche NATO-Mitgliedstaaten sind bereit, einen Krieg gegen Russland auf europ\u00e4ischem Boden zu f\u00fchren, der unser aller Leben gef\u00e4hrdet. Sie\u2026","rel":"","context":"In &quot;Frieden - Antifaschismus - Solidarit\u00e4t&quot;","block_context":{"text":"Frieden - Antifaschismus - Solidarit\u00e4t","link":"https:\/\/www.freidenker.org\/?cat=13"},"img":{"alt_text":"","src":"https:\/\/i0.wp.com\/www.freidenker.org\/fw17\/wp-content\/uploads\/2024\/06\/friedensbuendnis-nrw-galerie-17_800x450.jpg?fit=800%2C450&ssl=1&resize=350%2C200","width":350,"height":200,"srcset":"https:\/\/i0.wp.com\/www.freidenker.org\/fw17\/wp-content\/uploads\/2024\/06\/friedensbuendnis-nrw-galerie-17_800x450.jpg?fit=800%2C450&ssl=1&resize=350%2C200 1x, https:\/\/i0.wp.com\/www.freidenker.org\/fw17\/wp-content\/uploads\/2024\/06\/friedensbuendnis-nrw-galerie-17_800x450.jpg?fit=800%2C450&ssl=1&resize=525%2C300 1.5x, https:\/\/i0.wp.com\/www.freidenker.org\/fw17\/wp-content\/uploads\/2024\/06\/friedensbuendnis-nrw-galerie-17_800x450.jpg?fit=800%2C450&ssl=1&resize=700%2C400 2x"},"classes":[]},{"id":16858,"url":"https:\/\/www.freidenker.org\/?p=16858","url_meta":{"origin":22108,"position":5},"title":"Deutschland steigt ab","author":"Webredaktion","date":"30. August 2023","format":false,"excerpt":"Beitrag von Thomas R\u00f6per Dass Russland Deutschland im Jahr 2022 wirtschaftlich \u00fcberholt und vom f\u00fcnften Platz der weltweiten Volkswirtschaften verdr\u00e4ngt hat, habe ich schon berichtet. Und auch die Gr\u00fcnde sind offensichtlich, denn der Grund f\u00fcr die Schw\u00e4che der deutschen Wirtschaft sind die explodierten Energiepreise, die wiederum eine direkte Folge der\u2026","rel":"","context":"In &quot;Arbeit &amp; Soziales&quot;","block_context":{"text":"Arbeit &amp; Soziales","link":"https:\/\/www.freidenker.org\/?cat=11"},"img":{"alt_text":"","src":"https:\/\/i0.wp.com\/www.freidenker.org\/fw17\/wp-content\/uploads\/2023\/08\/aquila-7695522_800x450.jpg?fit=800%2C450&ssl=1&resize=350%2C200","width":350,"height":200,"srcset":"https:\/\/i0.wp.com\/www.freidenker.org\/fw17\/wp-content\/uploads\/2023\/08\/aquila-7695522_800x450.jpg?fit=800%2C450&ssl=1&resize=350%2C200 1x, https:\/\/i0.wp.com\/www.freidenker.org\/fw17\/wp-content\/uploads\/2023\/08\/aquila-7695522_800x450.jpg?fit=800%2C450&ssl=1&resize=525%2C300 1.5x, https:\/\/i0.wp.com\/www.freidenker.org\/fw17\/wp-content\/uploads\/2023\/08\/aquila-7695522_800x450.jpg?fit=800%2C450&ssl=1&resize=700%2C400 2x"},"classes":[]}],"_links":{"self":[{"href":"https:\/\/www.freidenker.org\/index.php?rest_route=\/wp\/v2\/posts\/22108","targetHints":{"allow":["GET"]}}],"collection":[{"href":"https:\/\/www.freidenker.org\/index.php?rest_route=\/wp\/v2\/posts"}],"about":[{"href":"https:\/\/www.freidenker.org\/index.php?rest_route=\/wp\/v2\/types\/post"}],"author":[{"embeddable":true,"href":"https:\/\/www.freidenker.org\/index.php?rest_route=\/wp\/v2\/users\/3"}],"replies":[{"embeddable":true,"href":"https:\/\/www.freidenker.org\/index.php?rest_route=%2Fwp%2Fv2%2Fcomments&post=22108"}],"version-history":[{"count":1,"href":"https:\/\/www.freidenker.org\/index.php?rest_route=\/wp\/v2\/posts\/22108\/revisions"}],"predecessor-version":[{"id":22109,"href":"https:\/\/www.freidenker.org\/index.php?rest_route=\/wp\/v2\/posts\/22108\/revisions\/22109"}],"wp:featuredmedia":[{"embeddable":true,"href":"https:\/\/www.freidenker.org\/index.php?rest_route=\/wp\/v2\/media\/22110"}],"wp:attachment":[{"href":"https:\/\/www.freidenker.org\/index.php?rest_route=%2Fwp%2Fv2%2Fmedia&parent=22108"}],"wp:term":[{"taxonomy":"category","embeddable":true,"href":"https:\/\/www.freidenker.org\/index.php?rest_route=%2Fwp%2Fv2%2Fcategories&post=22108"},{"taxonomy":"post_tag","embeddable":true,"href":"https:\/\/www.freidenker.org\/index.php?rest_route=%2Fwp%2Fv2%2Ftags&post=22108"}],"curies":[{"name":"wp","href":"https:\/\/api.w.org\/{rel}","templated":true}]}}